{"id":3027,"date":"2020-08-06T13:08:27","date_gmt":"2020-08-06T13:08:27","guid":{"rendered":"http:\/\/kommentatorenblog.de\/?p=3027"},"modified":"2020-12-30T16:04:01","modified_gmt":"2020-12-30T16:04:01","slug":"1095-champions-league-und-commentaro","status":"publish","type":"post","link":"http:\/\/kommentatorenblog.de\/?p=3027","title":{"rendered":"1095 \u2013 Champions League und Commentaro"},"content":{"rendered":"\n<p>N\u2019Abend allerseits!<\/p>\n\n\n\n<p>&#8222;Die UEFA beauftragt Sky Deutschland mit Erstellung eines Stadionsound-Angebots f\u00fcr Finalturniere der UEFA Champions League und UEFA Europa League 2019\/20.&#8220; Dies spricht ja f\u00fcr die gute und professionelle Arbeit bei Sky in Bezug auf die Produktion von realistischem &#8222;Stadion-Sound&#8220;.  Spannend empfinde ich dies insbesondere, weil Sky ja bekanntlich keine Rechte f\u00fcr die Europa League h\u00e4lt. Ein paar Euro wird\u00b4s daf\u00fcr ja als Entsch\u00e4digung von der UEFA geben. Ich habe diese Tonoption noch nicht ausprobiert. Schreibt eure Meinung\/Erfahrungen zu der &#8222;Fake-Atmo&#8220; gerne mal in die Kommentare. <\/p>\n\n\n\n<p>In Zusammenarbeit mit sportdigital FUSSBALL wollen wir euch heute zudem <a href=\"https:\/\/www.commentaro.com\/index.php?service=z\/commentaro\/home\/snippet&amp;snippet=coaching\">commentaro<\/a> vorstellen. Die Plattform bietet jedem die M\u00f6glichkeit verschiedenste Sportclips aus aller Welt selber zu kommentieren \u2013 und das auf seine oder ihre ganz eigene Art und Weise. Daf\u00fcr werden auf commentaro regelm\u00e4\u00dfig Sportclips ohne Original-Kommentar aber mit Original-Atmo hochgeladen. \u00dcber die Desktop-Version oder \u00fcber die Apps f\u00fcr Android und iOS lassen sich die Videos dann kommentieren. Anschlie\u00dfend werden die Kommentarspur und das Video automatisch zusammengef\u00fcgt und bei commentaro hochgeladen. So k\u00f6nnen User Likes und Bewertungen sammeln, die Clips mit Freunden teilen und nicht zuletzt ihr Talent am Mirko unter Beweis stellen. <\/p>\n\n\n\n<p>Alle \u201ecommentaros\u201c, die ab sofort bis zum 31. August hochgeladen werden,  werden von der sportdigital FUSSBALL-Redaktion gesichtet und inhaltlich bewertet. Und jetzt zum Preis \ud83d\ude42 Ein User erh\u00e4lt nach der Auswertung ein professionelles Kommentatoren-Coaching. Klingt doch nach einer Win-win-Situation. Einige von euch kennen die Plattform sicherlich schon. Und wer Lust hat, darf das Ganze auch gerne mal ausprobieren. Hier nochmals der <a href=\"https:\/\/www.commentaro.com\/index.php?service=z\/commentaro\/home\/snippet&amp;snippet=coaching\">Link ins Gl\u00fcck<\/a>. Fragen d\u00fcrft ihr gerne in die Kommentare packen oder uns via SocialMedia oder E-Mail kontaktieren. <\/p>\n\n\n\n<p>Unten gibt\u00b4s wie immer die Ansetzungen. In der Analyse kl\u00e4ren wir auf, wer wegen Corona&amp;Co \u00fcberhaupt von vor Ort berichtet. <\/p>\n\n\n\n<p><strong><em>Die Ansetzungen vom 07. August 2020 bis zum 10. August 2020<\/em><\/strong><\/p>\n\n\n\n<p><strong>Champions League, Achtelfinale (R\u00fcckspiel)<\/strong><\/p>\n\n\n\n<p><span style=\"text-decoration: underline;\">Freitag, 07. August 2020, ab 19.30 Uhr (Sky)<\/span><\/p>\n\n\n\n<p><em><strong>Manchester City \u2013<\/strong><\/em>&nbsp;<em><strong>Real Madrid (21.00 Uhr)<\/strong><\/em><\/p>\n\n\n\n<p>Sky: Martin Gro\u00df (Einzelspiel), Frank Buschmann (Konferenz), Field-Reporter: Jesco von Eichmann <\/p>\n\n\n\n<p><span style=\"text-decoration: underline;\">ab 19.30 Uhr (Sky)\/ ab 20.45 Uhr (DAZN)<\/span><\/p>\n\n\n\n<p><em><strong>Juventus Turin \u2013 Olympique Lyon (21.00 Uhr)<\/strong><\/em><\/p>\n\n\n\n<p>DAZN: Uli Hebel, Experte: Jonas Hummels (Einzelspiel)  <\/p>\n\n\n\n<p>Moderation (DAZN): Tobi Wahnschaffe <\/p>\n\n\n\n<p>Sky: Kai Dittmann (Konferenz) <\/p>\n\n\n\n<p>Moderation (Sky): Michael Leopold, Experten: Didi Hamann, Erik Meijer und Benedikt H\u00f6wedes<\/p>\n\n\n\n<p><span style=\"text-decoration: underline;\">Samstag, 08. August 2020, ab 19.30 Uhr (Sky)<\/span><\/p>\n\n\n\n<p><em><strong>FC Bayern M\u00fcnchen \u2013<\/strong><\/em>&nbsp;<em><strong>FC Chelsea (21.00 Uhr)<\/strong><\/em><\/p>\n\n\n\n<p>Sky: Wolff Fuss (Einzelspiel), Kai Dittmann (Konferenz), Field-Reporter: Patrick Wasserziehr<\/p>\n\n\n\n<p><span style=\"text-decoration: underline;\">ab 19.30 Uhr (Sky)\/ ab 20.45 Uhr (DAZN)<\/span><\/p>\n\n\n\n<p><em><strong>FC Barcelona \u2013 SSC Neapel (21.00 Uhr)<\/strong><\/em><\/p>\n\n\n\n<p>DAZN: Marco Hagemann, Experte: Sebastian Knei\u00dfl (Einzelspiel)  <\/p>\n\n\n\n<p>Moderation (DAZN): Daniel Herzog<\/p>\n\n\n\n<p>Sky: Frank Buschmann (Konferenz) <\/p>\n\n\n\n<p>Moderation (Sky): Sebastian Hellmann, Experten: Lothar Matth\u00e4us, Erik Meijer und Tobias Schweinsteiger<\/p>\n\n\n\n<p><strong>Internationaler Fu\u00dfball<\/strong><\/p>\n\n\n\n<p><span style=\"text-decoration: underline;\">Freitag, 07. August 2020<\/span><\/p>\n\n\n\n<p>MLS Halbfinale:&nbsp;<strong><em>Orlando City<\/em><\/strong><em><strong> <\/strong><\/em><em><strong>\u2013<\/strong><\/em>&nbsp;<strong><em>Minnesota United (2.00 Uhr)<\/em><\/strong><\/p>\n\n\n\n<p>sportdigital FUSSBALL: Karsten Linke<\/p>\n\n\n\n<p><span style=\"text-decoration: underline;\">Samstag, 08. August 2020<\/span><\/p>\n\n\n\n<p>J.League, 09. Spieltag: <em><strong>Yokohama F-Marinos<\/strong><\/em>&nbsp;<em><strong>\u2013<\/strong><\/em>&nbsp;<em><strong>Kashiwa Reysol (12.00 Uhr)<\/strong><\/em> <\/p>\n\n\n\n<p>sportdigital FUSSBALL: Ulf Kahmke<\/p>\n\n\n\n<p><span style=\"text-decoration: underline;\">Sonntag, 09. August 2020<\/span><\/p>\n\n\n\n<p>Chinese Super League, 04. Spieltag:&nbsp;<strong><em>Guangzhou Evergrande<\/em><\/strong> <em><strong>\u2013<\/strong><\/em> <strong><em>Shandong Luneng<\/em><\/strong><em><strong> (12.00 Uhr)<\/strong><\/em><\/p>\n\n\n\n<p>sportdigital FUSSBALL: Karsten Linke<\/p>\n\n\n\n<p><strong>Die Analyse<\/strong><\/p>\n\n\n\n<p>Champions League am Freitag &#8211; Daran m\u00fcssen wir uns auch erstmal gew\u00f6hnen :). Das vermeintlich attraktivere Spiel gibt\u00b4s bei Sky zu sehen. Real Madrid ist zu Gast bei Manchester City. SSN-Reporter Jesco von Eichmann f\u00fchrt die Interviews im Etihad Stadium. Martin Gro\u00df wird die Partie nicht aus dem Stadion, sondern aus dem Sendezentrum in Unterf\u00f6hring kommentieren. Die Highlights zu dieser Partie bei DAZN \u00fcbernimmt Marco Hagemann. Das Parallespiel zwischen Juve und Lyon begleiten Hebel, Hummels und Wahnschaffe standesgem\u00e4\u00df aus der Box. Im Re-Live gibt\u00b4s diese Partie bei Sky mit Marcus Lindemann. Im Studio bei Sky freuen wir uns unter anderem auf Benedikt H\u00f6wedes, der sicherlich einiges zu erz\u00e4hlen hat&#8230;<\/p>\n\n\n\n<p>Samstag berichten Wolff Fuss und Patrick Wasserziehr aus der Allianz Arena. Beide hatten ja bereits das Hinspiel zwischen Chelsea und Bayern im Dienstplan stehen. Bei DAZN k\u00f6nnt ihr das wohl spannendere Duell zwischen Barcelona und Neapel verfolgen. Hagemann und Knei\u00dfl kommentieren, Herzog moderiert. Wegen Corona und weil hier das Ganze aus der Box kommt, suchen wir einen Einsatz von Mertesacker vergeblich. Schl\u00fcter und Platte fehlen etwas \u00fcberraschend. Sie waren ja f\u00fcr DAZN zuletzt f\u00fcr &#8222;Next Stop: Champions League&#8220; aktiv. Zum Finalturnier in Lissabon werden beide zu 100% wieder zum CL-Personal von DAZN geh\u00f6ren. Marcus Lindemann \u00fcbernimmt auch dieses &#8222;DAZN&#8220;-Spiel im Re-Live. Mit Tobias Schweinsteiger wird der neue Co-Trainer des FC N\u00fcrnberg zu Gast sein. <\/p>\n\n\n\n<p>Insgesamt l\u00e4dt das Wochenende quasi zum Konferenz-Schauen ein. Buschmann (Manchester-Madrid; Barcelona-Neapel) und Dittmann (Turin-Lyon, Bayern-Chelsea) sind hier unsere Ansprechpartner. <\/p>\n\n\n\n<p>Bei Champions Corner auf Sky Sport News sieht die Besetzung neben &#8222;Social-Media-Mann&#8220; Basile \u00fcbrigens wie folgt aus.<\/p>\n\n\n\n<p>Freitag: Martin Winkler, Margot Dumont, Andr\u00e9 Breitenreiter <\/p>\n\n\n\n<p>Samstag: Yannick Erkenbrecher, Antonia Knupfer, Manuel Baum <\/p>\n\n\n\n<p>Macht das Beste draus!<\/p>\n","protected":false},"excerpt":{"rendered":"<p>N\u2019Abend allerseits! &#8222;Die UEFA beauftragt Sky Deutschland mit Erstellung eines Stadionsound-Angebots f\u00fcr Finalturniere der UEFA Champions League und UEFA Europa League 2019\/20.&#8220; Dies spricht ja f\u00fcr die gute und professionelle Arbeit bei Sky in Bezug auf die Produktion von realistischem &#8222;Stadion-Sound&#8220;. Spannend empfinde ich dies insbesondere, weil Sky ja bekanntlich keine Rechte f\u00fcr die Europa [&hellip;]<\/p>\n","protected":false},"author":3,"featured_media":0,"comment_status":"open","ping_status":"open","sticky":false,"template":"","format":"standard","meta":{"footnotes":""},"categories":[425],"tags":[160,13,61,267,93,43,95,320,88,98,22,134,105,107,196],"class_list":["post-3027","post","type-post","status-publish","format-standard","hentry","category-champions-league-und-co","tag-champions-league","tag-dazn","tag-frank-buschmann","tag-jesco-von-eichmann","tag-kai-dittmann","tag-marco-hagemann","tag-martin-gross","tag-martin-winkler","tag-michael-leopold","tag-sebastian-hellmann","tag-sky","tag-sportdigital-fussball","tag-uli-hebel","tag-wolff-fuss","tag-yannick-erkenbrecher"],"_links":{"self":[{"href":"http:\/\/kommentatorenblog.de\/index.php?rest_route=\/wp\/v2\/posts\/3027","targetHints":{"allow":["GET"]}}],"collection":[{"href":"http:\/\/kommentatorenblog.de\/index.php?rest_route=\/wp\/v2\/posts"}],"about":[{"href":"http:\/\/kommentatorenblog.de\/index.php?rest_route=\/wp\/v2\/types\/post"}],"author":[{"embeddable":true,"href":"http:\/\/kommentatorenblog.de\/index.php?rest_route=\/wp\/v2\/users\/3"}],"replies":[{"embeddable":true,"href":"http:\/\/kommentatorenblog.de\/index.php?rest_route=%2Fwp%2Fv2%2Fcomments&post=3027"}],"version-history":[{"count":27,"href":"http:\/\/kommentatorenblog.de\/index.php?rest_route=\/wp\/v2\/posts\/3027\/revisions"}],"predecessor-version":[{"id":3054,"href":"http:\/\/kommentatorenblog.de\/index.php?rest_route=\/wp\/v2\/posts\/3027\/revisions\/3054"}],"wp:attachment":[{"href":"http:\/\/kommentatorenblog.de\/index.php?rest_route=%2Fwp%2Fv2%2Fmedia&parent=3027"}],"wp:term":[{"taxonomy":"category","embeddable":true,"href":"http:\/\/kommentatorenblog.de\/index.php?rest_route=%2Fwp%2Fv2%2Fcategories&post=3027"},{"taxonomy":"post_tag","embeddable":true,"href":"http:\/\/kommentatorenblog.de\/index.php?rest_route=%2Fwp%2Fv2%2Ftags&post=3027"}],"curies":[{"name":"wp","href":"https:\/\/api.w.org\/{rel}","templated":true}]}}