{"id":3058,"date":"2020-08-10T08:00:46","date_gmt":"2020-08-10T08:00:46","guid":{"rendered":"http:\/\/kommentatorenblog.de\/?p=3058"},"modified":"2020-12-30T16:03:55","modified_gmt":"2020-12-30T16:03:55","slug":"1096-der-treue-uli-hebel","status":"publish","type":"post","link":"http:\/\/kommentatorenblog.de\/?p=3058","title":{"rendered":"1096 \u2013 Der treue Uli Hebel"},"content":{"rendered":"\n<p>N&#8217;Abend Allerseits,<\/p>\n\n\n\n<p>Die erste Woche des Europapokalturnier ist pass\u00e9. Aus deutscher Sicht lief es in Ordnung. Bayern und Bayer haben sich souver\u00e4n durchgesetzt, w\u00e4hrend sich die Eintracht aus Frankfurt und leider auch &#8222;mein&#8220; VfL Wolfsburg mit sehr verhaltenen Auftritten verabschiedet haben. Es h\u00e4tte im Endeffekt besser aber zugegebenerma\u00dfen auch deutlich schlechter laufen k\u00f6nnen. Rund um die Berichterstattung der bisherigen Tage habe ich mir auch mal meine Gedanken gemacht.<\/p>\n\n\n\n<p>Erstmal hat sich aus meiner Sicht mal wieder best\u00e4tigt das Konferenzen deutlich besser als Goalzones sind, da blicke nicht gerade mit einem L\u00e4cheln in das Jahr 2021. Bei den Einzelspielen wiederum hat mir DAZN besser gefallen, insbesondere Uli Hebel hat aus meiner Sicht \u00fcberzeugt. Die Vorberichte von Sky waren aus meiner Sicht am besten (insbesondere am Freitag) bei DAZN h\u00e4tte es wie immer etwas l\u00e4nger sein k\u00f6nnen. RTL&#8217;s Auftritt war aus meiner Sicht unterdurchschnittlich. Dieses Strand Studio und allgemein die 45 Minuten Vorbericht haben aus meiner Sicht keinen Mehrwert gehabt, sondern an den aufgebl\u00e4hten Vorbericht bei Sky in Saison 17\/18. Der Sport sollte schon im Vordergrund stehen. Das Thomas Berthold als &#8222;Experte&#8220; aufgetreten ist, macht es dann auch nicht besser. In Anbetracht der neusten Erkenntnisse w\u00fcrde ich mir sowieso von s\u00e4mtlichen Sendern w\u00fcnschen, Berthold in keine Talk-Shows einzuladen (Stichwort Querdenkdemo). Aber bei all dem Negativen rund um die Vorberichte bei RTL und Thomas Berthold, trotzdem ein dickes Kompliment an Marco Hagemann und Steffen Freund, wie immer eine Top-Leistung. Wie euch die bisherigen \u00dcbertragungen von Sky, DAZN und RTL gefallen, k\u00f6nnt ihr gerne in den Kommentaren teilen.<\/p>\n\n\n\n<p>Jetzt aber erstmal Teil 1 der Viertelfinalwoche in NRW und Lissabon. Wer am Montag und Dienstag die Euro League zum Einsatz kommen wird, erfahrt ihr in den Ansetzungen.<\/p>\n\n\n\n<p><strong><em>Die Ansetzungen vom 10. August 2020 bis zum 11. August 2020<\/em><\/strong><\/p>\n\n\n\n<p><strong>Europa League, Viertelfinale <\/strong><\/p>\n\n\n\n<p><span style=\"text-decoration: underline;\">Montag, 10. August 2020, ab 20.15 Uhr (RTL) bzw. ab 20.45 Uhr (DAZN)<\/span><\/p>\n\n\n\n<p><strong><em>Goalzone<\/em><\/strong><\/p>\n\n\n\n<p>DAZN: Christoph Stadtler, Experte: Jonas Hummels<\/p>\n\n\n\n<p><em><strong>Inter Mailand&nbsp;\u2013 Bayer 04 Leverkusen <\/strong><\/em><em><strong>(21.00Uhr)<\/strong><\/em><\/p>\n\n\n\n<p>DAZN: Uli Hebel, Experte: Ralph Gunesch, Field-Reporter: Max Siebald <\/p>\n\n\n\n<p>RTL: Marco Hagemann, Experte: Steffen Freund<\/p>\n\n\n\n<p>Moderation (DAZN): Guido H\u00fcsgen<\/p>\n\n\n\n<p>Moderation (RTL): Laura Wontorra, Experte: Roman Weidenfeller<\/p>\n\n\n\n<p><strong><em>Manchester United \u2013 FC Kopenhagen<\/em><\/strong><em><strong> (21.00 Uhr)<\/strong><\/em><\/p>\n\n\n\n<p>DAZN: Flo Hauser, Experte: Benny Lauth <\/p>\n\n\n\n<p><span style=\"text-decoration: underline;\">Dienstag, 11. August 2020, ab 20.45 Uhr (DAZN)<\/span><\/p>\n\n\n\n<p><strong><em>Goalzone<\/em><\/strong><\/p>\n\n\n\n<p>DAZN: Jan L\u00fcdeke, Experte: Jonas Hummels<\/p>\n\n\n\n<p><strong><em>Schachtjor Donezk \u2013&nbsp;FC Basel (21.00 Uhr)<\/em><\/strong><\/p>\n\n\n\n<p>DAZN: Tom Kirsten<\/p>\n\n\n\n<p><strong><em>Wolverhampton Wanderers \u2013 FC Sevilla (21.00 Uhr)<\/em><\/strong><\/p>\n\n\n\n<p>DAZN: Uli Hebel, Experte: Sebastian Knei\u00dfl<\/p>\n\n\n\n<p><strong>Die Analyse<\/strong><\/p>\n\n\n\n<p><strong>Goalzones<\/strong><\/p>\n\n\n\n<p>Wenig \u00fcberraschend gibt es auch am Montag und Dienstag je eine Goalzone. Wie bereits am Mittwoch und Donnerstag f\u00fchren Christoph Stadtler und Jan L\u00fcdeke durch die Sendung. Als Experte ist Jonas Hummels diesmal gleich doppelt um Einsatz.<\/p>\n\n\n\n<p><strong>DAZN und RTL mit Werkself<\/strong><\/p>\n\n\n\n<p>Aus deutscher Sicht geht der Blick wenig \u00fcberraschend nach D\u00fcsseldorf. Dort findet am Montag der Kracher Inter gegen Leverkusen statt. Uli Hebel bleibt der Werkself treu, er ist beim siebten von nun insgesamt elf Spielen der Leverkusenern auf europ\u00e4ischer Ebende als Kommentator im Einsatz. Die Rolle Experte bzw. Moderator wechseln von Seb Knei\u00dfl und Tobi Wahnschaffe zu Ralle Gunesch und Guido H\u00fcsgen. Der Field-Reporter in D\u00fcsseldorf ist wird nachgetragen. Auch RTL ist wenig \u00fcberraschend mit von der Partie. Marco Hagemann kommentiert hier sein viertes Spiel in f\u00fcnf Tagen, volles Programm. An seiner Seite wie immer Steffen Freund, Laura Wontorra und Roman Weidenfeller melden vom Strand aus K\u00f6ln. <\/p>\n\n\n\n<p>Parallel geht Manchester United gegen die bisher richtig gut aufspielenden FC Kopenhagen als klarer Favorit in die Partie in K\u00f6ln. Flo Hauser und Benny Lauth f\u00fchren die Partie. Bei dem Spiel der Wolves gegen Sevilla kommentiert Max Gross nicht den FC Sevilla \u2013 Wunder gibt es immer wieder \u2013 England Experte Uli Hebel hat hier Einsatz Nummer zwei in dieser Woche, dann auch wieder mit Seb Knei\u00dfl. Fehlt nur das Spiel das Leider nicht Wolfsburg gegen Frankfurt, sondern Donezk gegen Basel hei\u00dft. Kommentator ist etwas \u00fcberraschend Tom Kirsten.<\/p>\n\n\n\n<p>Bis dahin einen guten Start in die Woche, am Dienstag oder sp\u00e4testens am Mittwoch gibts dann hier im Blog die Ansetzungen der Champions League.<\/p>\n","protected":false},"excerpt":{"rendered":"<p>N&#8217;Abend Allerseits, Die erste Woche des Europapokalturnier ist pass\u00e9. Aus deutscher Sicht lief es in Ordnung. Bayern und Bayer haben sich souver\u00e4n durchgesetzt, w\u00e4hrend sich die Eintracht aus Frankfurt und leider auch &#8222;mein&#8220; VfL Wolfsburg mit sehr verhaltenen Auftritten verabschiedet haben. Es h\u00e4tte im Endeffekt besser aber zugegebenerma\u00dfen auch deutlich schlechter laufen k\u00f6nnen. Rund um [&hellip;]<\/p>\n","protected":false},"author":5,"featured_media":0,"comment_status":"open","ping_status":"open","sticky":false,"template":"","format":"standard","meta":{"footnotes":""},"categories":[425],"tags":[166,171,13,42,132,194,155,123,169,44,43,108,269,138,222,22,151,200,105],"class_list":["post-3058","post","type-post","status-publish","format-standard","hentry","category-champions-league-und-co","tag-benny-lauth","tag-christoph-stadtler","tag-dazn","tag-europa-league","tag-flo-hauser","tag-goalzone","tag-guido-huesgen","tag-jan-luedeke","tag-jonas-hummels","tag-laura-wontorra","tag-marco-hagemann","tag-ralph-gunesch","tag-roman-weidenfeller","tag-rtl","tag-sebastian-kneissl","tag-sky","tag-steffen-freund","tag-tom-kirsten","tag-uli-hebel"],"_links":{"self":[{"href":"http:\/\/kommentatorenblog.de\/index.php?rest_route=\/wp\/v2\/posts\/3058","targetHints":{"allow":["GET"]}}],"collection":[{"href":"http:\/\/kommentatorenblog.de\/index.php?rest_route=\/wp\/v2\/posts"}],"about":[{"href":"http:\/\/kommentatorenblog.de\/index.php?rest_route=\/wp\/v2\/types\/post"}],"author":[{"embeddable":true,"href":"http:\/\/kommentatorenblog.de\/index.php?rest_route=\/wp\/v2\/users\/5"}],"replies":[{"embeddable":true,"href":"http:\/\/kommentatorenblog.de\/index.php?rest_route=%2Fwp%2Fv2%2Fcomments&post=3058"}],"version-history":[{"count":13,"href":"http:\/\/kommentatorenblog.de\/index.php?rest_route=\/wp\/v2\/posts\/3058\/revisions"}],"predecessor-version":[{"id":3072,"href":"http:\/\/kommentatorenblog.de\/index.php?rest_route=\/wp\/v2\/posts\/3058\/revisions\/3072"}],"wp:attachment":[{"href":"http:\/\/kommentatorenblog.de\/index.php?rest_route=%2Fwp%2Fv2%2Fmedia&parent=3058"}],"wp:term":[{"taxonomy":"category","embeddable":true,"href":"http:\/\/kommentatorenblog.de\/index.php?rest_route=%2Fwp%2Fv2%2Fcategories&post=3058"},{"taxonomy":"post_tag","embeddable":true,"href":"http:\/\/kommentatorenblog.de\/index.php?rest_route=%2Fwp%2Fv2%2Ftags&post=3058"}],"curies":[{"name":"wp","href":"https:\/\/api.w.org\/{rel}","templated":true}]}}