{"id":3074,"date":"2020-08-11T16:33:51","date_gmt":"2020-08-11T16:33:51","guid":{"rendered":"http:\/\/kommentatorenblog.de\/?p=3074"},"modified":"2020-12-30T16:03:49","modified_gmt":"2020-12-30T16:03:49","slug":"1097-drei-gruppenspiele-ein-finale","status":"publish","type":"post","link":"http:\/\/kommentatorenblog.de\/?p=3074","title":{"rendered":"1097 &#8211; Drei Gruppenspiele, ein Finale"},"content":{"rendered":"\n<p>N&#8217;Abend allerseits,<\/p>\n\n\n\n<p>vor ein paar Jahren war es noch undenkbar, dass den Viertelfinalisten der K\u00f6nigsklasse 90 Minuten reichen k\u00f6nnten, um ins Final Four einzuziehen. Seit ihrer ersten Spielzeit 1955\/56 &#8211; damals noch als Europapokal der Landesmeister &#8211; zeichnete sich die Champions League durch eine K.o.-Phase mit Hin-und R\u00fcckspiel aus. Ganz im Gegensatz zur Europa- und Weltmeisterschaft.<\/p>\n\n\n\n<p>Dass an diesem gestandenen Ger\u00fcst ger\u00fcttelt w\u00fcrde, w\u00e4re ohne Corona nicht denkbar. Schon gar nicht in Zeiten, in denen die Anzahl der stattfindenden Spiele durch zus\u00e4tzliche Wettbewerbe tendenziell nach oben korrigiert und an Spieltagen um die Vielzahl an verschiedenen Ansto\u00dfzeiten gebuhlt wird. <\/p>\n\n\n\n<p>Nun aber steht uns diese, vielleicht einmalige, Runde der letzten Acht bevor, die sicherlich nicht weniger spannend sein wird. Ab morgen Abend geht es dann ganz schnell. In weniger als zwei Wochen ist dann schon klar, wer sich denn Henkelpott ausleihen darf. Schreibt gerne in die Kommentare, was ihr glaubt, wer das Rennen machen wird.<\/p>\n\n\n\n<p><strong>Den Kracher zeigt Sky exklusiv<\/strong><\/p>\n\n\n\n<p>Der Titelverteidiger kann es bekanntlich nicht mehr machen, auch der f\u00fcnfmalige CL-Sieger Cristiano Ronaldo hat sich mit der Alten Dame erneut aus dem Wettbewerb verabschiedet. Und \u00fcberhaupt &#8211; es sind noch einige nominelle Au\u00dfenseiter vertreten, zu denen gewisserma\u00dfen auch RB Leipzig als Frischling jener B\u00fchne geh\u00f6rt. Das bedeutet, dass drei Partien an Gruppenspiele erinnern, w\u00e4hrend eine Begegnung problemlos als Finale durchgehen k\u00f6nnte. <\/p>\n\n\n\n<p>Die Rede ist nat\u00fcrlich von Barca gegen Bayern. Sky zeigt den Kracher wenig \u00fcberraschend exklusiv. An dieser Stelle ein kleiner Exkurs\/Reminder zur Rechtevergabe: Normalerweise h\u00e4tte DAZN den zweiten Pick und damit Leipzig exklusiv im Angebot gehabt. Coronabedingt wurde neu verhandelt, Sky geh\u00f6rt die Lizenzen, der Internet-Streamingdienst ist in diesem Fall nur Sublizenzteilnehmer. In der Folge zeigt DAZN Atalanta gegen Paris exklusiv, jeweils zwei Sender-Optionen haben die Zuschauer bei Leipzig gegen Atletico und Manchester City gegen Lyon. <\/p>\n\n\n\n<p><strong><em>Die Ansetzungen vom 12. August 2020 bis zum 15. August 2020<\/em><\/strong><\/p>\n\n\n\n<p><strong>Champions League, Viertelfinale<\/strong><\/p>\n\n\n\n<p><span style=\"text-decoration: underline;\">Mittwoch, 12. August 2020 ab 20.45 Uhr (DAZN)<\/span><\/p>\n\n\n\n<p><strong><em>Atalanta Bergamo<\/em><\/strong> <em><strong>\u2013<\/strong><\/em> <strong><em>Paris Saint-Germain (21.00 Uhr)<\/em><\/strong><\/p>\n\n\n\n<p>DAZN: Marco Hagemann, Experte: Ralph Gunesch<\/p>\n\n\n\n<p>Moderation (DAZN): Alex Schl\u00fcter<\/p>\n\n\n\n<p><span style=\"text-decoration: underline;\">Donnerstag, 13. August 2020 ab 19:30 Uhr (Sky) \/ ab 20.45 Uhr (DAZN)<\/span><\/p>\n\n\n\n<p><strong><em>RB Leipzig<\/em><\/strong> <em><strong>\u2013<\/strong><\/em> <strong><em>Atl\u00e9tico Madrid&nbsp;(21.00 Uhr)<\/em><\/strong><\/p>\n\n\n\n<p>Sky: Kai Dittmann<\/p>\n\n\n\n<p>Moderation (Sky): Michael Leopold, Experte: Didi Hamann, Erik Meijer und Mladen Petric, Field-Reporterin: Britta Hofmann <\/p>\n\n\n\n<p>DAZN: Uli Hebel, Experte: Ralph Gunesch<\/p>\n\n\n\n<p>Moderation (DAZN): Alex Schl\u00fcter, Field-Reporter: Daniel Herzog <\/p>\n\n\n\n<p><span style=\"text-decoration: underline;\">Freitag, 14. August 2020 ab 19.30 Uhr (Sky)<\/span><\/p>\n\n\n\n<p><strong><em>FC Barcelona<\/em><\/strong> <em><strong>\u2013<\/strong><\/em> <strong><em>FC Bayern M\u00fcnchen (21.00 Uhr)<\/em><\/strong><\/p>\n\n\n\n<p>Sky: Wolff Fuss <\/p>\n\n\n\n<p>Moderation (Sky): Sebastian Hellmann, Experte: Lothar Matth\u00e4us, Erik Meijer und Roy Makaay, Field-Reporter: Patrick Wasserziehr<\/p>\n\n\n\n<p><span style=\"text-decoration: underline;\">Samstag, 15. August 2020 ab 19:30 Uhr (Sky) \/ ab 20.45 Uhr (DAZN)<\/span><\/p>\n\n\n\n<p><strong><em>Manchester City<\/em><\/strong> <em><strong>\u2013<\/strong><\/em> <strong><em>Olympique Lyon (21.00 Uhr)<\/em><\/strong><\/p>\n\n\n\n<p>Sky: Kai Dittmann<\/p>\n\n\n\n<p>Moderation (Sky): Sebastian Hellmann, Experten: Lothar Matth\u00e4us, Erik Meijer und Ren\u00e9 Adler, Field-Reporterin: Britta Hofmann <\/p>\n\n\n\n<p>DAZN: Jan Platte, Experte: Sebastian Knei\u00dfl<\/p>\n\n\n\n<p>Moderation (DAZN): Lukas Sch\u00f6nm\u00fcller, Field-Reporter: Daniel Herzog  <\/p>\n\n\n\n<p><strong>Internationaler Fu\u00dfball<\/strong><\/p>\n\n\n\n<p>La Liga2, Halbfinal-Hinspiel (Aufstiegsrunde): <strong><em>Girona <\/em><\/strong><em><strong>\u2013<\/strong><\/em>&nbsp;<strong><em>Almeria<\/em><\/strong><em><strong>&nbsp;(19.30 Uhr)<\/strong><\/em><\/p>\n\n\n\n<p>DAZN: Uwe Morawe<\/p>\n\n\n\n<p>La Liga2, Halbfinal-Hinspiel (Aufstiegsrunde): <strong><em>Elche <\/em><\/strong><em><strong>\u2013<\/strong><\/em>&nbsp;<strong><em>Saragossa<\/em><\/strong><em><strong>&nbsp;(22.00 Uhr)<\/strong><\/em><\/p>\n\n\n\n<p>DAZN: Marcel Seufert <\/p>\n\n\n\n<p><strong>Die Analyse<\/strong><\/p>\n\n\n\n<p>Eingel\u00e4utet wird die CL-Woche mit dem nicht zu untersch\u00e4tzenden Underdog Atalanta, das sich gegen Paris Saint-Germain versuchen wird.  DAZN kann u. a. aufgrund der Lizenzlage keinen Kommentator ins Estadio do Sport Lisboa e Benfica schicken. Ob der Streamingdienst es anderenfalls getan h\u00e4tte, ist eine andere Frage. In jedem Fall melden sich Marco Hagemann und Ralph Gunesch aus der Box. Alex Schl\u00fcter moderiert. Der einzige Mann vor Ort ist Field-Reporter Daniel Herzog. Das gilt \u00fcbrigens auch f\u00fcr alle anderen CL-Spiele mit DAZN-Beteiligung. Alles wird aus der Box kommen.  <\/p>\n\n\n\n<p>Am Donnerstag trifft Leipzig auf Atletico Madrid. Nicht nur DAZN, das bis auf Uli Hebel statt Marco Hagemann die gleiche Truppe an Bord hat, zeigt den ersten Aufgalopp der Leipziger im Viertelfinale der K\u00f6nigsklasse. Auch Sky \u00fcbertr\u00e4gt. Kai Dittmann gr\u00fc\u00dft live aus dem Estadio Jose Alvalade. Britta Hoffmann geht im Anschluss auf Stimmenfang. Vor dem Spiel stimmt das Duo um Michael Leopold und Didi Hamann die Zuschauer ein. <\/p>\n\n\n\n<p><strong>Fuss bei den Bayern \/ DAZNs Chef wieder da<\/strong><\/p>\n\n\n\n<p>Den oben angepriesenen Kracher \u00fcbernimmt wenig \u00fcberraschend Wolff Fuss. Insbesondere bei diesem Spiel bin ich gespannt, ob der simulierte Stadion Sound die Atmosph\u00e4re unterst\u00fctzen kann. Die Kommentatorenstimme bringt zumindest das Potenzial mit, Stimmung zu erzeugen, und die Teams nicht minder. In der Heimspielst\u00e4tte von Benfica Lissabon k\u00fcmmert sich Patrick Wasserziehr nachher um die Interviews. Mit dabei sind Sebastian Hellmann und Lothar Matth\u00e4us.<\/p>\n\n\n\n<p>Die zwei sind auch am Samstag im Einsatz, das letzte Viertelfinalspiel steht dann auf dem Programm. Wenn die Skyblues ihr Bestes geben, nicht wie Juventus Turin \u00fcber Olympique Lyon zu stolpern, sind erneut Kai Dittmann und Britta Hoffmann mit von der Partie. F\u00fcr DAZN darf Jan Platte, der zuletzt pausierte, wieder ran. Neben dem Chefkommentator bringt Sebastian Knei\u00dfl seine Expertise zum Vorschein. Lukas Sch\u00f6nm\u00fcller ist Moderator. <\/p>\n\n\n\n<p>PS: Bayern gegen Chelsea l\u00e4uft auf DAZN versp\u00e4tet im Re-Live. So kommt Marco Hagemann zu seiner zweiten Aufgabe in dieser Woche.<\/p>\n\n\n\n<p>Die Ansetzungen der Spiele aus \u00dcbersee, die sportdigital FUSSBALL im Programm hat, versuchen wir nachzuliefern. <\/p>\n\n\n\n<p>In diesem Sinne, auf ein spannendes Viertelfinale!<\/p>\n","protected":false},"excerpt":{"rendered":"<p>N&#8217;Abend allerseits, vor ein paar Jahren war es noch undenkbar, dass den Viertelfinalisten der K\u00f6nigsklasse 90 Minuten reichen k\u00f6nnten, um ins Final Four einzuziehen. Seit ihrer ersten Spielzeit 1955\/56 &#8211; damals noch als Europapokal der Landesmeister &#8211; zeichnete sich die Champions League durch eine K.o.-Phase mit Hin-und R\u00fcckspiel aus. Ganz im Gegensatz zur Europa- und [&hellip;]<\/p>\n","protected":false},"author":2,"featured_media":0,"comment_status":"open","ping_status":"open","sticky":false,"template":"","format":"standard","meta":{"footnotes":""},"categories":[425],"tags":[49,73,160,212,13,30,48,93,122,31,205,43,88,94,108,98,222,22,105,107],"class_list":["post-3074","post","type-post","status-publish","format-standard","hentry","category-champions-league-und-co","tag-alex-schlueter","tag-britta-hofmann","tag-champions-league","tag-daniel-herzog","tag-dazn","tag-didi-hamann","tag-jan-platte","tag-kai-dittmann","tag-laliga","tag-lothar-matthaeus","tag-lukas-schoenmueller","tag-marco-hagemann","tag-michael-leopold","tag-patrick-wasserziehr","tag-ralph-gunesch","tag-sebastian-hellmann","tag-sebastian-kneissl","tag-sky","tag-uli-hebel","tag-wolff-fuss"],"_links":{"self":[{"href":"http:\/\/kommentatorenblog.de\/index.php?rest_route=\/wp\/v2\/posts\/3074","targetHints":{"allow":["GET"]}}],"collection":[{"href":"http:\/\/kommentatorenblog.de\/index.php?rest_route=\/wp\/v2\/posts"}],"about":[{"href":"http:\/\/kommentatorenblog.de\/index.php?rest_route=\/wp\/v2\/types\/post"}],"author":[{"embeddable":true,"href":"http:\/\/kommentatorenblog.de\/index.php?rest_route=\/wp\/v2\/users\/2"}],"replies":[{"embeddable":true,"href":"http:\/\/kommentatorenblog.de\/index.php?rest_route=%2Fwp%2Fv2%2Fcomments&post=3074"}],"version-history":[{"count":20,"href":"http:\/\/kommentatorenblog.de\/index.php?rest_route=\/wp\/v2\/posts\/3074\/revisions"}],"predecessor-version":[{"id":3097,"href":"http:\/\/kommentatorenblog.de\/index.php?rest_route=\/wp\/v2\/posts\/3074\/revisions\/3097"}],"wp:attachment":[{"href":"http:\/\/kommentatorenblog.de\/index.php?rest_route=%2Fwp%2Fv2%2Fmedia&parent=3074"}],"wp:term":[{"taxonomy":"category","embeddable":true,"href":"http:\/\/kommentatorenblog.de\/index.php?rest_route=%2Fwp%2Fv2%2Fcategories&post=3074"},{"taxonomy":"post_tag","embeddable":true,"href":"http:\/\/kommentatorenblog.de\/index.php?rest_route=%2Fwp%2Fv2%2Ftags&post=3074"}],"curies":[{"name":"wp","href":"https:\/\/api.w.org\/{rel}","templated":true}]}}