{"id":3098,"date":"2020-08-15T15:00:52","date_gmt":"2020-08-15T15:00:52","guid":{"rendered":"http:\/\/kommentatorenblog.de\/?p=3098"},"modified":"2020-12-30T16:03:44","modified_gmt":"2020-12-30T16:03:44","slug":"1098-twitter-mit-disskussionsbedarf","status":"publish","type":"post","link":"http:\/\/kommentatorenblog.de\/?p=3098","title":{"rendered":"1098 \u2013 Twitter mit Diskussionsbedarf"},"content":{"rendered":"\n<p>N\u2019Abend Allerseits,<\/p>\n\n\n\n<p>So, erstmal Gl\u00fcckwunsch an die sieben Clubs, die es bisher in die Halbfinals der europ\u00e4ischen Wettbewerbe geschafft haben. Herauseben w\u00fcrde ich da auch schonmal ein gewisses 8:2 der Bayern gegen Barca. Bekannterma\u00dfen lief diese Machtdemonstration ja exklusiv auf Sky, bedeutete auf Twitter nicht nur HSV Vergleiche und \u00e4hnliches sondern auch eine hitzige <em>\u2013 <\/em>aus meiner Sicht auch lustige <em><strong>\u2013<\/strong><\/em> Diskussion \u00fcber Wolff Fuss (den Link zum Ganzen gibt&#8217;s <a href=\"https:\/\/twitter.com\/philippkoester\/status\/1294375624707121156?s=20\">hier<\/a>). Von mir aber noch \u2013zeitlich bedingt nicht komplett ausgef\u00fchrt \u2013 ein anderes Thema mit Diskussionsstoff:<\/p>\n\n\n\n<p>Ich habe in den letzten Tagen h\u00e4ufiger Aussagen im Stile &#8222;Den Modus mit nur einem Spiel in der KO-Phase sollte man beibehalten&#8220; gelesen. Eine Meinung die selbstverst\u00e4ndlich v\u00f6llig legitim ist und die Belastung der Spieler immens erleichtern w\u00fcrde, mir pers\u00f6nlich gibt dieser Modus und dieses Final-8 allerdings gar nichts. Ehrlicherweise hat mich dieses Turnier sogar so nicht erreicht, dass ich nur das Bayern Spiel gesehen habe. Wie findet ihr den Modus so? Lasst es mich gerne in den Kommentaren wissen.<\/p>\n\n\n\n<p>Genug gemeckert und philosophiert! Jetzt alle Ansetzungen des Europa League Halbfinals mit anschlie\u00dfender Analyse!<\/p>\n\n\n\n<p><strong><em>Die Ansetzungen vom 16. August 2020 bis zum 17. August 2020<\/em><\/strong><\/p>\n\n\n\n<p><strong>Europa League, Halbfinale<\/strong><\/p>\n\n\n\n<p><span style=\"text-decoration: underline;\">Sonntag, 16. August 2020, ab 20.15 Uhr (RTL) bzw. ab 20.45 Uhr (DAZN)<\/span><\/p>\n\n\n\n<p><em><strong>FC Sevilla&nbsp;\u2013 Manchester United&nbsp;<\/strong><\/em><em><strong>(21.00Uhr)<\/strong><\/em><\/p>\n\n\n\n<p>DAZN: Max Gross, Experte: Sebastian Knei\u00dfl, Field-Reporter: Sebastian Benesch<\/p>\n\n\n\n<p>Nitro: Marco Hagemann, Experte: Steffen Freund<\/p>\n\n\n\n<p>Moderation (DAZN): Christoph Stadtler <\/p>\n\n\n\n<p>Moderation (Nitro): Laura Wontorra, Experte: Roman Weidenfeller<\/p>\n\n\n\n<p><span style=\"text-decoration: underline;\">Montag, 17. August 2020, ab 20.45 Uhr (DAZN)<\/span><\/p>\n\n\n\n<p><strong><em>Inter Mailand \u2013 Schachtjor Donezk (21.00 Uhr)<\/em><\/strong><\/p>\n\n\n\n<p>DAZN: Max Siebald, Experte: Ralph Gunesch, Field-Reporter: Sebastian Benesch <\/p>\n\n\n\n<p>Moderation (DAZN): Alex Schl\u00fcter<\/p>\n\n\n\n<p><strong>Testspiele<\/strong><\/p>\n\n\n\n<p><span style=\"text-decoration: underline;\">Sonntag, 16. August 2020<\/span><\/p>\n\n\n\n<p><strong><em>Borussia Dortmund \u2013 Austria Wien (15.55 Uhr)<\/em><\/strong><\/p>\n\n\n\n<p>Sport 1: Dirc Seemann<\/p>\n\n\n\n<p><strong>Die Analyse<\/strong><\/p>\n\n\n\n<p><strong>Max Max und Marco<\/strong><\/p>\n\n\n\n<p>Am Sonntag findet das erste Halbfinale der Euro League in K\u00f6ln statt. Die beiden Kontrahenten FC Sevilla und Manchester United. F\u00fcr DAZN ist nur Sebastian Benesch vor Ort, er f\u00fchrt die Interviews. Den Kommentar aus der Box \u00fcbernimmt \u2013 wie eigentlich immer bei Euro League Spielen von Sevilla \u2013 Max Gross. Au\u00dferdem mit dabei sind Sebastian Knei\u00dfl und Alex Schl\u00fcter in der Rolle des Experten bzw. des Moderatoren. Ins RTL Hauptprogramm schafft es dieses Spiel ohne deutsche Beteiligung allerdings nicht. Das Personal rund um Marco Hagemann auf Nitro ist aber selbstverst\u00e4ndlich das selbe. <\/p>\n\n\n\n<p>Teil zwei des Halbfinals gibts dann am Montag exklusiv auf DAZN. Inter und Donetsk treffen in D\u00fcsseldorf aufeinander. Vom Personal her wird fast komplett durch rotiert, nur Sebastian Benesch geht ein zweites Mal auf Stimmenfang. Den Kommentar \u00fcbernimmt auch wieder ein Max, der Nachname allerdings wechselt von Gro\u00df zu Siebald. Experte Ralph Gunesch feiert \u2013 im \u00fcbrigen wie Seb Knei\u00dfl am Vortag \u2013 Saisonabschluss, gutes Gelingen! Den Moderator bin ich euch noch schuldig, Alex Schl\u00fcter leitet eine sehr volle Arbeitswoche ein.<\/p>\n\n\n\n<p>Soviel also zu den n\u00e4chsten beiden Tagen. Am Montag geht&#8217;s dann weiter mit den Ansetzungen der Champions League.<\/p>\n","protected":false},"excerpt":{"rendered":"<p>N\u2019Abend Allerseits, So, erstmal Gl\u00fcckwunsch an die sieben Clubs, die es bisher in die Halbfinals der europ\u00e4ischen Wettbewerbe geschafft haben. Herauseben w\u00fcrde ich da auch schonmal ein gewisses 8:2 der Bayern gegen Barca. Bekannterma\u00dfen lief diese Machtdemonstration ja exklusiv auf Sky, bedeutete auf Twitter nicht nur HSV Vergleiche und \u00e4hnliches sondern auch eine hitzige \u2013 [&hellip;]<\/p>\n","protected":false},"author":5,"featured_media":0,"comment_status":"open","ping_status":"open","sticky":false,"template":"","format":"standard","meta":{"footnotes":""},"categories":[425],"tags":[49,171,13,42,44,43,283,279,41,108,269,189,222,151],"class_list":["post-3098","post","type-post","status-publish","format-standard","hentry","category-champions-league-und-co","tag-alex-schlueter","tag-christoph-stadtler","tag-dazn","tag-europa-league","tag-laura-wontorra","tag-marco-hagemann","tag-max-gross","tag-max-siebald","tag-nitro","tag-ralph-gunesch","tag-roman-weidenfeller","tag-sebastian-benesch","tag-sebastian-kneissl","tag-steffen-freund"],"_links":{"self":[{"href":"http:\/\/kommentatorenblog.de\/index.php?rest_route=\/wp\/v2\/posts\/3098","targetHints":{"allow":["GET"]}}],"collection":[{"href":"http:\/\/kommentatorenblog.de\/index.php?rest_route=\/wp\/v2\/posts"}],"about":[{"href":"http:\/\/kommentatorenblog.de\/index.php?rest_route=\/wp\/v2\/types\/post"}],"author":[{"embeddable":true,"href":"http:\/\/kommentatorenblog.de\/index.php?rest_route=\/wp\/v2\/users\/5"}],"replies":[{"embeddable":true,"href":"http:\/\/kommentatorenblog.de\/index.php?rest_route=%2Fwp%2Fv2%2Fcomments&post=3098"}],"version-history":[{"count":13,"href":"http:\/\/kommentatorenblog.de\/index.php?rest_route=\/wp\/v2\/posts\/3098\/revisions"}],"predecessor-version":[{"id":3112,"href":"http:\/\/kommentatorenblog.de\/index.php?rest_route=\/wp\/v2\/posts\/3098\/revisions\/3112"}],"wp:attachment":[{"href":"http:\/\/kommentatorenblog.de\/index.php?rest_route=%2Fwp%2Fv2%2Fmedia&parent=3098"}],"wp:term":[{"taxonomy":"category","embeddable":true,"href":"http:\/\/kommentatorenblog.de\/index.php?rest_route=%2Fwp%2Fv2%2Fcategories&post=3098"},{"taxonomy":"post_tag","embeddable":true,"href":"http:\/\/kommentatorenblog.de\/index.php?rest_route=%2Fwp%2Fv2%2Ftags&post=3098"}],"curies":[{"name":"wp","href":"https:\/\/api.w.org\/{rel}","templated":true}]}}