{"id":3512,"date":"2020-09-24T15:31:06","date_gmt":"2020-09-24T15:31:06","guid":{"rendered":"http:\/\/kommentatorenblog.de\/?p=3512"},"modified":"2020-12-30T15:29:26","modified_gmt":"2020-12-30T15:29:26","slug":"1110-politikum-in-budapest-und-alles-wie-gewohnt","status":"publish","type":"post","link":"http:\/\/kommentatorenblog.de\/?p=3512","title":{"rendered":"1110 &#8211; Politikum in Budapest und alles wie gewohnt"},"content":{"rendered":"\n<p>N&#8217;Abend allerseits,<\/p>\n\n\n\n<p>gleich startet bekanntlich der UEFA-Supercup zwischen dem FC Bayern und dem FC Sevilla. Die Kommentatoren-Ansetzungen findet ihr in unserem <a href=\"http:\/\/kommentatorenblog.de\/?p=3515\">letzten Beitrag<\/a>. In diesem Jahr ist das Spiel mehr als einfach nur ein Showdown zwischen dem Champions-League-Sieger gegen den Gewinner der Europa League. Die Partie in der ungarischen Landeshauptstadt Budapest soll mit knapp 20.000 Zuschauern stattfinden &#8211; das macht es zu einem Pilotprojekt inmitten der Corona-Pandemie.<\/p>\n\n\n\n<p>So rechtfertigt auch die UEFA ihre Zuschauer-Erlaubnis in der Puskas-Arena. \u201eUnsere n\u00e4chste Herausforderung ist, den wichtigsten Teil unseres Spiels, die Fans, in die Stadien zur\u00fcckzubringen\u201c, zitiert SportBuzzer den UEFA-Chef&nbsp;Aleksander Ceferin. Damit st\u00f6\u00dft der Pr\u00e4sident des gr\u00f6\u00dften europ\u00e4ischen Fu\u00dfballverbands auf Kritik. Etwa von Bayerns Ministerpr\u00e4sident Markus S\u00f6der, der im Umgang mit dem Virus bereits selbst durch vorschnelle Ma\u00dfnahmen &#8211; Stichwort Massentests &#8211; in die Schlagzeilen geriet. &#8222;Wir m\u00fcssen sehr, sehr aufpassen, dass wir da nicht eine Art Fu\u00dfball-Ischgl riskieren&#8220;, sagte er. Kein Wunder, in Bayern bzw. Deutschland d\u00fcrfte ein solches Spiel nicht stattfinden.<\/p>\n\n\n\n<p><strong>UEFA ignoriert Bedenken \/ Strenges, aber t\u00fcckisches  Sicherheitskonzept <\/strong><\/p>\n\n\n\n<p>Dar\u00fcber hat sich die UEFA hinweggesetzt. Und zwar nicht nur \u00fcber das Versammlungsverbot, sondern auch \u00fcber die aktuellen Fallzahlen in der ungarischen Hauptstadt. Die Inzidenz liegt laut S\u00f6der derzeit bei 100 F\u00e4llen pro 100.000 Einwohner auf sieben Tage und somit deutlich \u00fcber dem Grenzwert. Vergleichbar w\u00e4re es, wenn im westf\u00e4lischen Hamm, wo es aktuell deutschlandweit die meisten Infektionen gibt, ein sportliches Gro\u00dfereignis stattfindet. Nicht auszudenken, stattdessen herrschen dort Kontaktbeschr\u00e4nkungen (Treffen von Personen aus maximal f\u00fcnf Haushalten) und eine versch\u00e4rfte Maskenpflicht.<\/p>\n\n\n\n<p>Ist der Supercup in dieser Form also grob fahrl\u00e4ssig? Schwer zu sagen. Zumindest die UEFA w\u00fcrde sicherlich versuchen, ihren &#8222;Pilottest&#8220; anders zu beschreiben. Unterm Strich kommt dieser Schritt aber zu fr\u00fch &#8211; und vor allem am falschen Ort. Daran \u00e4ndert auch kein Hygienekonzept etwas. Die Zuschauer sollen eine  Gesichtsmaske tragen, ihre H\u00e4nde desinfizieren und Abstand halten, wo es nur geht. Schwer vorzustellen, dass ausgerechnet diejenigen, die vor einer Ansteckungsgefahr im Stadion nicht zur\u00fcckschrecken, diese Aspekte auch wirklich beachten.<\/p>\n\n\n\n<p>Es mag ja alles plausibel klingen: Bei jedem Stadionbesucher wird Fieber gemessen. F\u00fcr die Einreise nach Ungarn m\u00fcssen sich Ticketinhaber bei ihrer Ankunft einer obligatorischen medizinischen Untersuchung unterziehen. Und es wird die Vorlage eines negativen Corona-Tests in englischer und ungarischer Sprache verlangt, der nicht \u00e4lter als 72 Stunden ist. Zwei wesentliche Aspekte bleiben jedoch unber\u00fccksichtigt: Erstens reicht es nach dieser Auslegung aus, ein Testergebnis vorzulegen, dass mehr als zweieinhalb Tage alt und platt gesagt nicht mehr aktuell ist. Schlie\u00dflich liegt die <a href=\"https:\/\/www.rki.de\/DE\/Content\/InfAZ\/N\/Neuartiges_Coronavirus\/Steckbrief.html#doc13776792bodyText5\">Inkubationszeit des Virus<\/a> ohnehin bei f\u00fcnf bis sechs Tagen. Zweitens verhindern auch strenge Abstandsgebote in der Arena keine gr\u00f6\u00dferen Gruppierungen drau\u00dfen, etwa das gemeinschaftliche &#8222;Wegspazieren&#8220; vom Stadiongel\u00e4nde.<\/p>\n\n\n\n<p>Zugegeben: Es ist kein Problem, das nur in Budapest existiert. Auch in Deutschland muss sich das Konzept des Stadionbesuchs in diesen Zeiten erst einmal beweisen. Doch der Umgang ist hier ein anderer. Ist eine Stadt besonders stark betroffen, kommen die Fans nicht in das anliegende Stadion. Die 20-Prozent-Regel h\u00e4tte bedeutet, dass Dortmund gegen Gladbach schon wieder 16.000 Zuschauer h\u00e4tte zulassen k\u00f6nnen. Dem BVB reichten aber erstmal 10.000. Das sind immerhin schonmal die H\u00e4lfte derer, die auch in Budapest dabei sein sollen. Aber die Infektionszahlen sind dort andere. Und es ist nunmal mit vielen Stadionbesuchern aus der Region zu rechnen. Aus Bayern und Sevilla kommen zusammengenommen gerade einmal 1500 Fans.<\/p>\n\n\n\n<p><strong>Politischer Streitpunkt \/ Sky und DAZN mit Bedacht raus<\/strong><\/p>\n\n\n\n<p>Aufgrund der Sachlage hat sich der Supercup regelrecht zu einem politischen Streitpunkt man\u00f6vriert, die Welt schreibt von einem <a href=\"https:\/\/www.welt.de\/sport\/fussball\/article216349268\/Supercup-Budapests-Buergermeister-will-Bayern-gegen-Sevilla-ohne-Fans.html\">&#8222;Politikum&#8220;<\/a>, \u00fcber das sich die Gem\u00fcter uneinig sind. Besonders interessant an dieser Stelle: Die UEFA verweist auf ihre Berechtigung, die ihnen die lokalen Gesundheitsbeh\u00f6rden attestiert, Budapests B\u00fcrgermeister Gergely Kar\u00e1csony&nbsp;ist strikt dagegen: &#8222;H\u00e4tte ich die rechtlichen M\u00f6glichkeiten, das zu entscheiden, w\u00fcrde ich das Match hinter geschlossenen Toren stattfinden lassen.&#8220; Entscheidungsmacht in dieser Causa haben laut der Deutschen-Presse-Agentur insbesondere zwei M\u00e4nner: Ungarns Ministerpr\u00e4sident Viktor Orb\u00e1n und der reichste Mann des Landes sowie UEFA-Vizepr\u00e4sident Sandor Csanyi.<\/p>\n\n\n\n<p>Es mag ja durchaus sein, dass der &#8222;Pilottest&#8220; keine negativen Konsequenzen nach sich zieht&#8230; hoffentlich. Doch sollten selbst aus einem Erfolg nicht die falschen Schl\u00fcsse gezogen werden, wie ich finde. Anderenfalls ist es ein Spiel auf Zeit und auf Kosten der Gesundheit. Normalit\u00e4t w\u00fcnschen wir uns alle zur\u00fcck, da hat die UEFA ja Recht. Und deshalb bin ich mittlerweile auch froh, dass Fu\u00dfball wieder l\u00e4uft. Aber irgendwo muss man eine Grenze ziehen und nicht um jeden Preis seine Interessen umsetzen. Mich w\u00fcrde mal interessieren, wie ihr das seht. Unter dem letzten Beitrag klang ja schon die ein oder andere Meinung an. <\/p>\n\n\n\n<p>Der Grund, warum Sky &#8211; anders als urspr\u00fcnglich geplant &#8211; nicht vor Ort ist, ist eben auch genau der: Die Pandemie-Situation l\u00e4sst es nicht zu. &#8222;Im Hinblick auf die Sicherheit und Gesundheit unserer Mitarbeiter haben wir uns dazu entschieden, mit Wolff Fuss und Sebastian Hellmann komplett aus unserem Studio in Unterf\u00f6hring zu berichten.&#8220; Auch DAZN bedauert die Situation und w\u00e4re nach eigenen Angaben eigentlich vor Ort gewesen &#8211; zumindest den Reportern glauben wir an dieser Stelle mal, dass sie gerne mit dabei gewesen w\u00e4ren&#8230;<\/p>\n\n\n\n<p>Und nun zum Sport!<\/p>\n\n\n\n<p><strong><em>Die Ansetzungen vom 25. September bis zum 28. September 2020<\/em><\/strong><\/p>\n\n\n\n<p><strong>Bundesliga, 2. Spieltag<\/strong><\/p>\n\n\n\n<p><span style=\"text-decoration: underline;\">Freitag, 25. September 2020, ab 20.15 Uhr (DAZN)<\/span><\/p>\n\n\n\n<p><strong><em>Hertha BSC<\/em><\/strong> <strong><em>\u2013<\/em><\/strong> <strong><em>Eintracht Frankfurt (20.30 Uhr)<\/em><\/strong><\/p>\n\n\n\n<p>DAZN: Uli Hebel, Experte: Sebastian Knei\u00dfl, Field-Reporter: Max Siebald <\/p>\n\n\n\n<p>Moderation: Lukas Sch\u00f6nm\u00fcller<\/p>\n\n\n\n<p><span style=\"text-decoration: underline;\">Samstag, 26. September 2020, ab 14.00 Uhr (Sky)<\/span><\/p>\n\n\n\n<p><strong><em>1.FSV Mainz<\/em><\/strong> <strong><em>\u2013<\/em><\/strong> <strong><em>VfB Stuttgart (15.30)<\/em><\/strong><\/p>\n\n\n\n<p>Sky: Klaus Veltman (Einzelspiel), Markus G\u00f6tz (Konferenz)<\/p>\n\n\n\n<p>Field-Reporterin: Nele Schenker <\/p>\n\n\n\n<p><strong><em>Bayer Leverkusen<\/em><\/strong> <strong><em>\u2013<\/em><\/strong> <strong><em>RB Leipzig (15.30 Uhr)<\/em><\/strong><\/p>\n\n\n\n<p>Sky: Hansi K\u00fcpper (Einzelspiel), Michael Born (Konferenz)<\/p>\n\n\n\n<p>Field-Reporter: Martin Gro\u00df<\/p>\n\n\n\n<p><strong><em>Borussia M\u00f6nchengladbach<\/em><\/strong> <strong><em>\u2013<\/em><\/strong> <strong><em>1.FC Union Berlin (15.30 Uhr)<\/em><\/strong><\/p>\n\n\n\n<p>Sky: Marcus Lindemann (Einzelspiel), Tom Bayer (Konferenz)<\/p>\n\n\n\n<p>Field-Reporterin: Esther Sedlaczek <\/p>\n\n\n\n<p><strong><em>Arminia Bielefeld<\/em><\/strong> <strong><em>\u2013<\/em><\/strong> <strong><em>1.FC K\u00f6ln (15.30 Uhr)<\/em><\/strong><\/p>\n\n\n\n<p>Sky: Oliver Seidler (Einzelspiel), J\u00f6rg Dahlmann (Konferenz)<\/p>\n\n\n\n<p>Field-Reporter: Ecki Heuser <\/p>\n\n\n\n<p><strong><em>FC Augsburg<\/em><\/strong> <strong><em>\u2013<\/em><\/strong> <strong><em>Borussia Dortmund (15.30 Uhr)<\/em><\/strong><\/p>\n\n\n\n<p>Sky: Kai Dittmann (Einzelspiel), Jonas Friedrich (Konferenz)<\/p>\n\n\n\n<p>Field-Reporter: Patrick Wasserziehr <\/p>\n\n\n\n<p>Moderation: Michael Leopold, Experte: Didi Hamann<\/p>\n\n\n\n<p><span style=\"text-decoration: underline;\">ab 17.30 Uhr (Sky)<\/span><\/p>\n\n\n\n<p><strong><em>FC Schalke 04<\/em><\/strong> <strong><em>\u2013<\/em><\/strong> <strong><em>SV Werder Bremen (18.30 Uhr)<\/em><\/strong><\/p>\n\n\n\n<p>Sky: Frank Buschmann, Field-Reporter: Stefan Hempel<\/p>\n\n\n\n<p>Moderation: Sebastian Hellmann, Experte: Lothar Matth\u00e4us<\/p>\n\n\n\n<p><span style=\"text-decoration: underline;\">Sonntag, 27. September 2020, ab 14.30 Uhr (Sky)<\/span><\/p>\n\n\n\n<p><strong><em>TSG Hoffenheim<\/em><\/strong> <strong><em>\u2013<\/em><\/strong> <strong><em>FC Bayern M\u00fcnchen (15.30 Uhr)<\/em><\/strong><\/p>\n\n\n\n<p>Sky: Wolff Fuss<\/p>\n\n\n\n<p>Field-Reporter: Marcus Lindemann<\/p>\n\n\n\n<p><strong><em>SC Freiburg<\/em><\/strong> <strong><em>\u2013<\/em><\/strong> <strong><em>VfL Wolfsburg (18.00 Uhr)<\/em><\/strong><\/p>\n\n\n\n<p>Sky: Roland Evers<\/p>\n\n\n\n<p>Field-Reporter: Ulli Potofski<\/p>\n\n\n\n<p>Moderation: Britta Hofmann, Experte: Benedikt H\u00f6wedes<\/p>\n\n\n\n<p><strong>2. Bundesliga, 2. Spieltag<\/strong><\/p>\n\n\n\n<p><span style=\"text-decoration: underline;\">Freitag, 25. September 2020, ab 18.00 Uhr (Sky)<\/span><\/p>\n\n\n\n<p><strong><em>Erzgebirge Aue<\/em><\/strong> <strong><em>\u2013<\/em><\/strong> <strong><em>SpVgg Greuther F\u00fcrth (18.30 Uhr)<\/em><\/strong><\/p>\n\n\n\n<p>Sky: Holger Pfandt, Interviews: Schalte<\/p>\n\n\n\n<p><strong><em>VfL Osnabr\u00fcck<\/em><\/strong> <strong><em>\u2013<\/em><\/strong> <strong><em>Hannover 96 (18.30 Uhr)<\/em><\/strong><\/p>\n\n\n\n<p>Sky: Torsten Kunde, Field-Reporter: Sven T\u00f6llner <\/p>\n\n\n\n<p>Moderation: Hartmut von Kameke<\/p>\n\n\n\n<p><span style=\"text-decoration: underline;\">Samstag, 26. September 2020, ab 12.30 Uhr (Sky)<\/span><\/p>\n\n\n\n<p><strong><em>Eintracht Braunschweig<\/em><\/strong> <strong><em>\u2013<\/em><\/strong> <strong><em>Holstein Kiel (13.00 Uhr)<\/em><\/strong><\/p>\n\n\n\n<p>Sky: Sven Haist, Interviews: Schalte<\/p>\n\n\n\n<p><strong><em>Fortuna D\u00fcsseldorf<\/em><\/strong> <strong><em>\u2013<\/em><\/strong> <strong><em>W\u00fcrzburger Kickers (13.00 Uhr)<\/em><\/strong><\/p>\n\n\n\n<p>Sky: Holger Pfandt, Field-Reporter: Jesco von Eichmann <\/p>\n\n\n\n<p><strong><em>SV Darmstadt 98<\/em><\/strong> <strong><em>\u2013<\/em><\/strong> <strong><em>SSV Jahn Regensburg (13.00 Uhr)<\/em><\/strong><\/p>\n\n\n\n<p>Sky: J\u00fcrgen Schmitz<\/p>\n\n\n\n<p>Moderation: Peter Hardenacke<\/p>\n\n\n\n<p><span style=\"text-decoration: underline;\">Sonntag, 27. September 2020, ab 13.00 Uhr (Sky)<\/span><\/p>\n\n\n\n<p><strong><em>1.FC N\u00fcrnberg<\/em><\/strong> <strong><em>\u2013<\/em><\/strong> <strong><em>SV Sandhausen (13.30 Uhr)<\/em><\/strong><\/p>\n\n\n\n<p>Sky: J\u00f6rg Dahlmann, Field-Reporter: Florian Bauer <\/p>\n\n\n\n<p><strong><em>FC St. Pauli<\/em><\/strong> <strong><em>\u2013<\/em><\/strong> <strong><em>1.FC Heidenheim (13.30 Uhr)<\/em><\/strong><\/p>\n\n\n\n<p>Sky: Michael Born, Interviews: Schalte<\/p>\n\n\n\n<p><strong><em>Karlsruher SC<\/em><\/strong> <strong><em>\u2013<\/em><\/strong> <strong><em>VfL Bochum (13.30 Uhr)<\/em><\/strong><\/p>\n\n\n\n<p>Sky: Klaus Veltman<\/p>\n\n\n\n<p>Moderation: Yannick Erkenbrecher<\/p>\n\n\n\n<p><span style=\"text-decoration: underline;\">Montag, 28. September 2020, ab 20.00 Uhr (Sky)<\/span><\/p>\n\n\n\n<p><strong><em>SC Paderborn<\/em><\/strong> <strong><em>\u2013<\/em><\/strong> <strong><em>Hamburger SV (20.30 Uhr)<\/em><\/strong><\/p>\n\n\n\n<p>Sky: Stefan Hempel, Experte: Torsten Mattuschka, Field-Reporter: Dirk gro\u00dfe Schlarmann <\/p>\n\n\n\n<p><strong>3. Liga, 2 Spieltag<\/strong><\/p>\n\n\n\n<p><span style=\"text-decoration: underline;\">Freitag, 25. September 2020, ab 18.30 Uhr (Magenta Sport)<\/span><\/p>\n\n\n\n<p><strong><em>SpVgg Unterhaching<\/em><\/strong> <strong><em>\u2013<\/em><\/strong> <strong><em>VfB L\u00fcbeck (19.00 Uhr)<\/em><\/strong><\/p>\n\n\n\n<p>Magenta Sport: Franz B\u00fcchner<\/p>\n\n\n\n<p>Moderation: Sascha Bandermann, Experte: Martin Lanig<\/p>\n\n\n\n<p><span style=\"text-decoration: underline;\">Samstag, 26. September 2020, ab 13.45 Uhr (Magenta Sport) \/ ab 14.00 Uhr (Dritte)<\/span><\/p>\n\n\n\n<p><strong><em>Konferenz (14.00 Uhr)<\/em><\/strong><\/p>\n\n\n\n<p>Magenta Sport: Martin Piller und Sascha Bandermann<\/p>\n\n\n\n<p><strong><em>FC Viktoria K\u00f6ln<\/em><\/strong> <strong><em>\u2013<\/em><\/strong> <strong><em>SV Wehen Wiesbaden (14.00 Uhr)<\/em><\/strong><\/p>\n\n\n\n<p>Magenta Sport: S\u00f6nke Sievers<\/p>\n\n\n\n<p>Moderation: Tobi Sch\u00e4fer<\/p>\n\n\n\n<p><strong><em>Hallescher FC<\/em><\/strong> <strong><em>\u2013<\/em><\/strong> <strong><em>FC Ingolstadt 04 (14.00 Uhr)<\/em><\/strong><\/p>\n\n\n\n<p>Magenta Sport: Lenny Leonhardt<\/p>\n\n\n\n<p>Moderation: Stefanie Blochwitz<\/p>\n\n\n\n<p><strong><em>MSV Duisburg<\/em><\/strong> <strong><em>\u2013<\/em><\/strong> <strong><em>FSV Zwickau (14.00 Uhr)<\/em><\/strong><\/p>\n\n\n\n<p>Magenta Sport: Mike M\u00fcnkel<\/p>\n\n\n\n<p>Moderation: Thomas Wagner<\/p>\n\n\n\n<p><strong><em>1.FC Saarbr\u00fccken<\/em><\/strong> <strong><em>\u2013<\/em><\/strong> <strong><em>FC Hansa Rostock (14.00 Uhr)<\/em><\/strong><\/p>\n\n\n\n<p>Magenta Sport: Alex Kunz<\/p>\n\n\n\n<p>MDR: tba<\/p>\n\n\n\n<p>SR: ???<\/p>\n\n\n\n<p>Moderation (Magenta Sport): Konstantin Klostermann<\/p>\n\n\n\n<p>Moderation (MDR): tba<\/p>\n\n\n\n<p>Moderation (SR): ???<\/p>\n\n\n\n<p><strong><em>1860 M\u00fcnchen<\/em><\/strong> <strong><em>\u2013<\/em><\/strong> <strong><em>1.FC Magdeburg (14.00 Uhr)<\/em><\/strong><\/p>\n\n\n\n<p>Magenta Sport: Basti Schwele<\/p>\n\n\n\n<p>BR: Bernd Schmelzer<\/p>\n\n\n\n<p>Moderation (Magenta Sport): Alex Klich<\/p>\n\n\n\n<p>Moderation (BR): Dominik Vischer<\/p>\n\n\n\n<p><strong><em>SC Verl<\/em><\/strong> <strong><em>\u2013<\/em><\/strong> <strong><em>FC Bayern M\u00fcnchen II (14.00 Uhr)<\/em><\/strong><\/p>\n\n\n\n<p>Magenta Sport: Gari Paubandt<\/p>\n\n\n\n<p>Moderation: Kamila Benschop<\/p>\n\n\n\n<p><span style=\"text-decoration: underline;\">Sonntag, 27. September 2020, ab 12.45 Uhr (Magenta Sport)<\/span><\/p>\n\n\n\n<p><strong><em>Dynamo Dresden<\/em><\/strong> <strong><em>\u2013<\/em><\/strong> <strong><em>SV Waldhof Mannheim (13.00 Uhr)<\/em><\/strong><\/p>\n\n\n\n<p>Magenta Sport: Alex K\u00fcpper<\/p>\n\n\n\n<p>Moderation: Anett Sattler<\/p>\n\n\n\n<p><strong><em>T\u00fcrkg\u00fcc\u00fc M\u00fcnchen<\/em><\/strong> <strong><em>\u2013<\/em><\/strong> <strong><em>1.FC Kaiserslautern (14.00 Uhr)<\/em><\/strong><\/p>\n\n\n\n<p>Magenta Sport: Franz B\u00fcchner<\/p>\n\n\n\n<p>Moderation: Simon K\u00f6pfer<\/p>\n\n\n\n<p><span style=\"text-decoration: underline;\">Montag, 28. September 2020, ab 18.45 Uhr (Magenta Sport)<\/span><\/p>\n\n\n\n<p><strong><em>KFC Uerdingen 05<\/em><\/strong> <strong><em>\u2013<\/em><\/strong> <strong><em>SV Meppen (19.00 Uhr)<\/em><\/strong><\/p>\n\n\n\n<p>Magenta Sport: Christian Stra\u00dfburger<\/p>\n\n\n\n<p>Moderation: Cedric Pick<\/p>\n\n\n\n<p><strong>Premier League, 3. Spieltag<\/strong><\/p>\n\n\n\n<p><span style=\"text-decoration: underline;\">Samstag, 26. September 2020, ab 13.20 Uhr (Sky)<\/span><\/p>\n\n\n\n<p><strong><em>Brighton &amp; Hove Albion<\/em><\/strong> <strong><em>\u2013<\/em><\/strong> <strong><em>Manchester United (13.30 Uhr)<\/em><\/strong><\/p>\n\n\n\n<p>Sky: Joachim Hebel<\/p>\n\n\n\n<p><span style=\"text-decoration: underline;\">ab 15.50 Uhr (Sky)<\/span><\/p>\n\n\n\n<p><strong><em>Crystal Palace<\/em><\/strong> <strong><em>\u2013<\/em><\/strong> <strong><em>FC Everton (16.00 Uhr)<\/em><\/strong><\/p>\n\n\n\n<p>Sky: Roland Evers<\/p>\n\n\n\n<p><span style=\"text-decoration: underline;\">ab 18.20 Uhr (Sky)<\/span><\/p>\n\n\n\n<p><strong><em>West Bromwich Albion<\/em><\/strong> <strong><em>\u2013<\/em><\/strong> <strong><em>FC Chelsea (18.30 Uhr)<\/em><\/strong><\/p>\n\n\n\n<p>Sky: Joachim Hebel<\/p>\n\n\n\n<p><span style=\"text-decoration: underline;\">ab 20.50 Uhr (Sky)<\/span><\/p>\n\n\n\n<p><strong><em>FC Burnley<\/em><\/strong> <strong><em>\u2013<\/em><\/strong> <strong><em>FC Southampton (21.00 Uhr)<\/em><\/strong><\/p>\n\n\n\n<p>Sky: Sven Schr\u00f6ter<\/p>\n\n\n\n<p><span style=\"text-decoration: underline;\">Sonntag, 27. September 2020, ab 12.50 Uhr (Sky)<\/span><\/p>\n\n\n\n<p><strong><em>Sheffield United<\/em><\/strong> <strong><em>\u2013<\/em><\/strong> <strong><em>Leeds United (13.00 Uhr)<\/em><\/strong><\/p>\n\n\n\n<p>Sky: Holger Pfandt<\/p>\n\n\n\n<p><span style=\"text-decoration: underline;\">ab 14.55 Uhr (Sky)<\/span><\/p>\n\n\n\n<p><strong><em>Tottenham Hotspur<\/em><\/strong> <strong><em>\u2013<\/em><\/strong> <strong><em>Newcastle United (15.00 Uhr)<\/em><\/strong><\/p>\n\n\n\n<p>Sky: Joachim Hebel<\/p>\n\n\n\n<p><span style=\"text-decoration: underline;\">ab 17.20 Uhr (Sky)<\/span><\/p>\n\n\n\n<p><strong><em>Manchester City<\/em><\/strong> <strong><em>\u2013<\/em><\/strong> <strong><em>Leicester City (17.30 Uhr)<\/em><\/strong><\/p>\n\n\n\n<p>Sky: Toni Tomic<\/p>\n\n\n\n<p><span style=\"text-decoration: underline;\">ab 19.50 Uhr (Sky)<\/span><\/p>\n\n\n\n<p><strong><em>West Ham United<\/em><\/strong> <strong><em>\u2013<\/em><\/strong> <strong><em>Wolverhampton Wanderers (20.00 Uhr)<\/em><\/strong><\/p>\n\n\n\n<p>Sky: Hannes Herrmann<\/p>\n\n\n\n<p><span style=\"text-decoration: underline;\">Montag 28. September 2020, ab 18.50 Uhr (Sky)<\/span><\/p>\n\n\n\n<p><strong><em>FC Fulham<\/em><\/strong> <strong><em>\u2013<\/em><\/strong> <strong><em>Aston Villa (19.00 Uhr)<\/em><\/strong><\/p>\n\n\n\n<p>Sky: Markus Gaupp<\/p>\n\n\n\n<p><span style=\"text-decoration: underline;\">ab 20.45 Uhr (Sky)<\/span><\/p>\n\n\n\n<p><strong><em>FC Liverpool<\/em><\/strong> <strong><em>\u2013<\/em><\/strong> <strong><em>FC Arsenal (21.15 Uhr)<\/em><\/strong><\/p>\n\n\n\n<p>Sky: Florian Schmidt-Sommerfeld, Experte: Mladen Petric<\/p>\n\n\n\n<p><strong>Bundesliga Frauen, 3. Spieltag<\/strong><\/p>\n\n\n\n<p><span style=\"text-decoration: underline;\">Samstag, 26. September 2020, ab 17.45 Uhr (Eurosport) \/ ab 18.00 Uhr (Magenta Sport)<\/span><\/p>\n\n\n\n<p><strong><em>FC Bayern M\u00fcnchen<\/em><\/strong> <strong><em>\u2013<\/em><\/strong> <strong><em>SC Freiburg (18.00 Uhr)<\/em><\/strong><\/p>\n\n\n\n<p>Eurosport: Markus Theil <\/p>\n\n\n\n<p>Magenta Sport: Oskar Heirler<\/p>\n\n\n\n<p>Moderation (Eurosport): Anna Kraft <\/p>\n\n\n\n<p><span style=\"text-decoration: underline;\">Sonntag, 27. September 2020, ab 14.00 Uhr (Magenta Sport)<\/span><\/p>\n\n\n\n<p><strong><em>1.FFC Frankfurt<\/em><\/strong> <strong><em>\u2013<\/em><\/strong> <strong><em>TSG Hoffenheim (14.00 Uhr)<\/em><\/strong><\/p>\n\n\n\n<p>Magenta Sport: Christoph Fetzer<\/p>\n\n\n\n<p><strong>Fu\u00dfball International<\/strong><\/p>\n\n\n\n<p><span style=\"text-decoration: underline;\">Freitag, 25. September 2020<\/span><\/p>\n\n\n\n<p>Copa do Brasil, 04. Runde, R\u00fcckspiel: <em><strong>Atletico Goianiense<\/strong><\/em> <strong><em>\u2013<\/em><\/strong> <em><strong>Fluminense (01.00 Uhr)<\/strong><\/em><\/p>\n\n\n\n<p>sportdigital FUSSBALL: Arne Malsch<\/p>\n\n\n\n<p>Chinese Super League 13. Spieltag: <strong><em>Shanghai SIPG FC<\/em><\/strong> <strong><em>\u2013<\/em><\/strong> <strong><em>Beijing Guoan (14.00 Uhr)<\/em><\/strong><\/p>\n\n\n\n<p>sportdigital FUSSBALL: Ulf Kahmke<\/p>\n\n\n\n<p>Sky Bet Championship, 03. Spieltag: <strong><em>Huddersfield Town<\/em><\/strong> <strong><em>\u2013<\/em><\/strong> <strong><em>Nottingham Forest (20.45 Uhr)<\/em><\/strong><\/p>\n\n\n\n<p>sportdigital FUSSBALL: Florian Obst<\/p>\n\n\n\n<p><span style=\"text-decoration: underline;\">Samstag, 26. September 2020<\/span><\/p>\n\n\n\n<p>Sky Bet Championship, 3. Spieltag: <strong><em>Wycombe Wanderers<\/em><\/strong> <strong><em>\u2013<\/em><\/strong> <strong><em>Swansea City (13.30 Uhr)<\/em><\/strong><\/p>\n\n\n\n<p>sportdigital FUSSBALL: Florian Obst<\/p>\n\n\n\n<p>Serie A, 02. Spieltag: <strong><em>Cagliari Calcio<\/em><\/strong> <strong><em>\u2013<\/em><\/strong> <strong><em>Lazio Rom (15.00 Uhr)<\/em><\/strong><\/p>\n\n\n\n<p>DAZN: Claus M\u00fcller <\/p>\n\n\n\n<p>Serie A, 02. Spieltag: <strong><em>FC Turin<\/em><\/strong> <strong><em>\u2013<\/em><\/strong> <strong><em>Atalanta Bergamo (15.00 Uhr)<\/em><\/strong><\/p>\n\n\n\n<p>DAZN: Christoph Stadtler<\/p>\n\n\n\n<p>Sky Bet Championship, 3. Spieltag: <strong><em>Derby County<\/em><\/strong> <strong><em>\u2013<\/em><\/strong> <strong><em>Blackburn Rovers (16.00 Uhr)<\/em><\/strong><\/p>\n\n\n\n<p>sportdigital FUSSBALL: Arne Malsch<\/p>\n\n\n\n<p>Ligue 1, 05. Spieltag:&nbsp;<strong><em>AS Saint Etienne<\/em><\/strong> <strong><em>\u2013<\/em><\/strong> <strong><em>Stade Rennes (17.00 Uhr)<\/em><\/strong><\/p>\n\n\n\n<p>DAZN: Stefan Galler<\/p>\n\n\n\n<p>Liga NOS, 02. Spieltag: <em><strong>Benfica Lissabon<\/strong><\/em> <strong><em>\u2013<\/em><\/strong> <em><strong>Moreirense FC (19.30 Uhr)<\/strong><\/em><\/p>\n\n\n\n<p>sportdigital FUSSBALL: Christian Blunck<\/p>\n\n\n\n<p>Serie A, 02. Spieltag:&nbsp;<em><strong>Inter Mailand <\/strong><\/em><strong><em>\u2013<\/em><\/strong>&nbsp;<em><strong>AC Florenz (20.45 Uhr)<\/strong><\/em><\/p>\n\n\n\n<p>DAZN: Carsten Fu\u00df, Experte: Christian Bernhard<\/p>\n\n\n\n<p>Moderation: Lukas Sch\u00f6nm\u00fcller<\/p>\n\n\n\n<p>Eredivisie, 03. Spieltag: <strong><em>Ajax Amsterdam<\/em><\/strong> <strong><em>\u2013<\/em><\/strong> <strong><em>Vitesse Arnheim (21.00 Uhr)<\/em><\/strong><\/p>\n\n\n\n<p>sportdigital FUSSBALL: Karsten Linke<\/p>\n\n\n\n<p>La Liga, 03. Spieltag:&nbsp;<strong><em>Real Betis \u2013 Real Madrid (21.00 Uhr)<\/em><\/strong><\/p>\n\n\n\n<p>DAZN: Lukas Sch\u00f6nm\u00fcller, Experte: Sebastian Knei\u00dfl <\/p>\n\n\n\n<p>Moderation: Guido H\u00fcsgen <\/p>\n\n\n\n<p>Liga NOS, 02. Spieltag: <strong><em>Boavista Porto FC<\/em><\/strong> <strong><em>\u2013<\/em><\/strong> <strong><em>FC Porto (22.00 Uhr)<\/em><\/strong><\/p>\n\n\n\n<p>sportdigital FUSSBALL: Ulf Kahmke<\/p>\n\n\n\n<p><span style=\"text-decoration: underline;\">Sonntag, 27. September 2020<\/span><\/p>\n\n\n\n<p>Eredivisie, 03. Spieltag: <strong><em>Feyenoord Rotterdam<\/em><\/strong> <strong><em>\u2013<\/em><\/strong> <strong><em>ADO Den Haag (12.15 Uhr)<\/em><\/strong><\/p>\n\n\n\n<p>sportdigital FUSSBALL: Arne Malsch<\/p>\n\n\n\n<p>Ekstraklasa, 05. Spieltag: <strong><em>Lech Posen<\/em><\/strong> <strong><em>\u2013<\/em><\/strong> <strong><em>Pogon Szczecin (15.00 Uhr)<\/em><\/strong><\/p>\n\n\n\n<p>sportdigital FUSSBALL: Florian Obst<\/p>\n\n\n\n<p>Ligue 1, 05. Spieltag:&nbsp;<strong><em>AS Monaco \u2013 Racing Stra\u00dfbourg (15.00 Uhr)<\/em><\/strong><\/p>\n\n\n\n<p>DAZN: Martin Sedlacek <\/p>\n\n\n\n<p>Serie A, 02. Spieltag:&nbsp;<em><strong>SSC Neapel <\/strong><\/em><strong><em>\u2013<\/em><\/strong>&nbsp;<em><strong>CFC Genua (15.00 Uhr)<\/strong><\/em><\/p>\n\n\n\n<p>DAZN: Tom Kirsten <\/p>\n\n\n\n<p>La Liga, 03. Spieltag:&nbsp;<strong><em>Atl\u00e9tico Madrid \u2013 Granada (16.00 Uhr)<\/em><\/strong><\/p>\n\n\n\n<p>DAZN: Flo Hauser, Experte: Max Nicu<\/p>\n\n\n\n<p>Eredivisie, 03. Spieltag: <strong><em>SC Heracles Almelo<\/em><\/strong> <strong><em>\u2013<\/em><\/strong> <strong><em>PSV Eindhoven (16.45 Uhr)<\/em><\/strong><\/p>\n\n\n\n<p>sportdigital FUSSBALL: Karsten Linke<\/p>\n\n\n\n<p>Serie A, 02. Spieltag:&nbsp;<em><strong>Crotone <\/strong><\/em><strong><em>\u2013<\/em><\/strong>&nbsp;<em><strong>AC Mailand (18.00 Uhr)<\/strong><\/em><\/p>\n\n\n\n<p>DAZN: Hans von Brockhausen <\/p>\n\n\n\n<p>Liga NOS, 2. Spieltag: <strong><em>Pacos de Ferreira<\/em><\/strong> <strong><em>\u2013<\/em><\/strong> <strong><em>Sporting Lissabon (19.30 Uhr)<\/em><\/strong><\/p>\n\n\n\n<p>sportdigital FUSSBALL: Christian Blunck<\/p>\n\n\n\n<p>Serie A, 02. Spieltag:&nbsp;<em><strong>AS Rom <\/strong><\/em><strong><em>\u2013<\/em><\/strong>&nbsp;<em><strong>Juventus Turin (20.45 Uhr)<\/strong><\/em><\/p>\n\n\n\n<p>DAZN: Marco Hagemann, Experte: Helge Payer<\/p>\n\n\n\n<p>Moderation: Christoph Stadtler <\/p>\n\n\n\n<p>La Liga, 03. Spieltag:&nbsp;<strong><em>FC Barcelona \u2013 FC Villareal (21.00 Uhr)<\/em><\/strong><\/p>\n\n\n\n<p>DAZN: Jan Platte, Experte: Benny Lauth<\/p>\n\n\n\n<p>Moderation: Tobi Wahnschaffe <\/p>\n\n\n\n<p>Ligue 1, 05. Spieltag:&nbsp;<em><strong>Stade Reims \u2013 Paris St. Germain (21.00 Uhr)<\/strong><\/em><\/p>\n\n\n\n<p>DAZN: Stefan Galler, Experte: Alexis Menuge<\/p>\n\n\n\n<p><span style=\"text-decoration: underline;\">Montag, 28. September 2020<\/span><\/p>\n\n\n\n<p>La Liga, 03. Spieltag:&nbsp;<strong><em>Cadiz \u2013 FC Sevilla (21.00 Uhr)<\/em><\/strong><\/p>\n\n\n\n<p>DAZN: Nico Seepe <\/p>\n\n\n\n<p><strong>Die Analyse<\/strong><\/p>\n\n\n\n<p><strong>Ohne \u00dcberraschungen<\/strong><\/p>\n\n\n\n<p>\u00dcberraschungen blieben an diesem zweiten Bundesliga-Spieltag aus. Weder bei Sky noch bei DAZN. Der Streaming-Dienst l\u00e4utet Freitagabend ins Fu\u00dfball-Wochenende ein. Hertha empf\u00e4ngt Frankfurt. Uli Hebel kommentiert an der Seite von Experte Sebastian Knei\u00dfl. Lukas Sch\u00f6nm\u00fcller moderiert wie gewohnt ab 20.15 Uhr. Und nat\u00fcrlich kommt alles aus der Box. Nur Field-Reporter Max Siebald wird im Olympia-Stadion sein. <\/p>\n\n\n\n<p>Wolff Fuss hat in den kommenden Tagen nur einen Einsatz, er meldet sich am Sonntag aus Sinsheim. Hoffenheim trifft auf M\u00fcnchen. Auch die \u00fcbrigen Personalen waren erwartbar. Kai Dittmann bekommt das Einzelspiel zwischen Augsburg und Dortmund. Wasserzieht f\u00fchrt hier auf der Durchreise zu Sky90 die Interviews,. Das Topspiel Schalke gegen Bremen, das in diesem Fall eher eine Partie ist, bei der die Weichen f\u00fcr die erste Trainerentlassung gestellt werden, \u00fcbernimmt Frank Buschmann. Dies hatte &#8222;Buschi&#8220; via Social Media bereits vor einiger Zeit bekanntgegeben. Hellmann und Matth\u00e4us bleiben im Studio in Unterf\u00f6hring. Stefan Hemple, der neue Allrounder am Zweitligamontag, f\u00fchrt die Interviews in Gelsenkirchen. Nachmittags zieht\u00b4s Hansi K\u00fcpper nach Leverkusen. Bayer empf\u00e4ngt Leipzig. Konferenz-Kommentator ist Michael Born.  Gladbach- und Union-Fans bekommen Marcus Lindemann zu h\u00f6ren. Der gibt \u00fcbrigens Sonntag den Field-Reporter in Hoffenheim. Tom Bayer liefert Fohlen und Eisernen die Torschreie in der Konferenz. Oliver Seidler im  Einzelspiel und J\u00f6rg Dahlmann in der Konferenz sind die M\u00e4nner f\u00fcr  Bielefeld gegen K\u00f6ln. Klaus Veltman (Einzelspiel) und Markus G\u00f6tz  (Konferenz) teilen sich den Aufgalopp des VfB Stuttgart in Mainz. Ein Spiel bleibt. Sonntag gastiert Bremen in Freiburg, Roland Evers ist vor Ort. Hier freuen wir uns auf Interviews von Legende Ulli Potofski. <\/p>\n\n\n\n<p>Im Unterhaus bleibt das Topspiel in dieser Form erhalten. Stefan  Hempel, der damit in dieser Spielzeit wieder zum regelm\u00e4\u00dfigen  Kommentator avanciert, meldet sich gemeinsam mit seinem &#8211; scheinbar  kontroversen &#8211; Experten Torsten Mattuschka aus dem Studio. Das \u00fcbrige  Zweitligapersonal offenbart keine \u00dcberraschungen. Holger Pfandt ist  zweimal im Einsatz, bei Aue gegen F\u00fcrth und D\u00fcsseldorf gegen die  W\u00fcrzburger Kickers. Field-Reporter und Schaltm\u00f6glichkeiten f\u00fcr Interviews sind angegeben. <\/p>\n\n\n\n<p><strong>Hebel-Hattrick und Keine Neuen bei Magenta<\/strong><\/p>\n\n\n\n<p>Bereits ein verstohlener Blick auf die Premier-League-Ansetzungen zeigt, der Fu\u00dfball auf der Insel liegt in der Hand von Joachim Hebel, der mit Brighton gegen Manchester United, West Brom gegen Chelsea und Tottenham gegen Newcastle nicht nur drei Eins\u00e4tze verzeichnet, sondern zugleich drei gro\u00dfe Fische an der Angel hat. Das Spiel der Woche zwischen Liverpool und Arsenal ist nat\u00fcrlich eine Sache f\u00fcr Schmiso. Experte am Montag: Mladen Petric. Holger Pfandt, Roland Evers, Toni Tomic, Sven Schr\u00f6ter, Markus Gaupp und Hannes Hermann vervollst\u00e4ndigen den PL-Stab.<\/p>\n\n\n\n<p>In der 3.Liga stehen viele spannende Duelle auf dem Programm, allerdings keine bahnbrechenden Derbys, geschweige denn Duelle zweier klarer Aufstiegsfavoriten. Die gibt es in einer so engen Liga ja meistens eh erst am Saisonende. Zum Personal: Martin Piller leitet nicht  mit Alex Klich, sondern mal mit Sascha Bandermann durch die Konferenz. Klich dagegen meldet sich nicht unweit des Magenta-Sport-Studios als Moderator aus dem  Stadion an der Gr\u00fcnwalder Stra\u00dfe. 1860 M\u00fcnchen hat den 1.FC Magdeburg zu Gast. Auch der BR hat die Partie nat\u00fcrlich im Programm. Zudem steigt dieses Wochenende wohl nach Jahren mal wieder der Saarl\u00e4ndische Rundfunk ein. Saarbr\u00fccken feiert ja nach sechs Jahren Abstinenz seine R\u00fcckkehr in die 3. Liga. Das Personal ist uns unbekannt. <\/p>\n\n\n\n<p><strong>Liga-Alltag und versp\u00e4teter Saisonstart<\/strong><\/p>\n\n\n\n<p>Vor einer Woche hie\u00df es f\u00fcr die Frauen noch EM-Qualifikation. Weiterhin ist die Mannschaft von Martina Voss-Tecklenburg ohne jeden Kratzer. Zweimal hie\u00df es 3:0, einmal bravour\u00f6s gegen Irland, einmal schleppend gegen Montenegro. Unterm Strich steht f\u00fcr die DFB-Damen eine blendende Ausgangsposition, was die Teilnahme bei der EM 2022 betrifft &#8211; dank einer perfekten Punkteausbeute von 18 Z\u00e4hlern aus sechs Spielen. Am Wochenende ist wieder Liga-Alltag angesagt. Die Partie Bayern gegen Freiburg am Frankfurt begleitet sowohl Eurosport (mit dem Duo Markus Theil und Anna Kraft), als auch Magenta Sport mit Oskar Heirler am Mikro. Am Sonntag trifft der 1.FFC Frankfurt auf die TSG Hoffenheim. Christoph Fetzer berichtet f\u00fcr Magenta.<\/p>\n\n\n\n<p>Im Internationalen Fu\u00dfball f\u00e4ngt dieses Wochenende f\u00fcr fast alle Teams die Saison so richtig an. In Spanien gibt\u00b4s die ersten Saisonspiele von Barca, Atl\u00e9tico und Sevilla. DAZN zeigt alle Partien mit deutschen Kommentar. Bei Real moderiert Guido H\u00fcsgen, der sich ja eigentlich eher einen Namen als Kommentator gemacht hat. <\/p>\n\n\n\n<p>In Frankreich und Italien gibt\u00b4s beim Personal keine gro\u00dfen Auff\u00e4lligkeiten. Im Vergleich zu DAZN liefert sportdigital FUSSBALL auch am morgigen Freitag auf deutsch-kommentierten Live-Fu\u00dfball. <\/p>\n\n\n\n<p>Sch\u00f6nes Fu\u00dfball-Wochenende!<\/p>\n\n\n\n<p><span style=\"text-decoration: underline;\"><br><\/span><\/p>\n","protected":false},"excerpt":{"rendered":"<p>N&#8217;Abend allerseits, gleich startet bekanntlich der UEFA-Supercup zwischen dem FC Bayern und dem FC Sevilla. Die Kommentatoren-Ansetzungen findet ihr in unserem letzten Beitrag. In diesem Jahr ist das Spiel mehr als einfach nur ein Showdown zwischen dem Champions-League-Sieger gegen den Gewinner der Europa League. Die Partie in der ungarischen Landeshauptstadt Budapest soll mit knapp 20.000 [&hellip;]<\/p>\n","protected":false},"author":2,"featured_media":0,"comment_status":"open","ping_status":"open","sticky":false,"template":"","format":"standard","meta":{"footnotes":""},"categories":[424],"tags":[20,10,34,178,115,56,302,171,13,251,55,155,347,93,122,79,158,9,112,130,279,17,15,293,94,23,127,22,81,134,344,28,346,106,107],"class_list":["post-3512","post","type-post","status-publish","format-standard","hentry","category-bundesliga-und-co","tag-2-bundesliga","tag-3-liga","tag-alex-klich","tag-br","tag-1-bundesliga","tag-chinese-super-league","tag-christoph-fetzer","tag-christoph-stadtler","tag-dazn","tag-ekstraklasa","tag-eredivisie","tag-guido-huesgen","tag-joachim-hebel","tag-kai-dittmann","tag-laliga","tag-liga-nos","tag-ligue-1","tag-magenta-sport","tag-marcus-lindemann","tag-martin-piller","tag-max-siebald","tag-mdr","tag-ndr","tag-oskar-heirler","tag-patrick-wasserziehr","tag-premier-league","tag-serie-a","tag-sky","tag-sky-bet-championship","tag-sportdigital-fussball","tag-sr","tag-stefan-hempel","tag-torsten-mattuschka","tag-uefa-supercup","tag-wolff-fuss"],"_links":{"self":[{"href":"http:\/\/kommentatorenblog.de\/index.php?rest_route=\/wp\/v2\/posts\/3512","targetHints":{"allow":["GET"]}}],"collection":[{"href":"http:\/\/kommentatorenblog.de\/index.php?rest_route=\/wp\/v2\/posts"}],"about":[{"href":"http:\/\/kommentatorenblog.de\/index.php?rest_route=\/wp\/v2\/types\/post"}],"author":[{"embeddable":true,"href":"http:\/\/kommentatorenblog.de\/index.php?rest_route=\/wp\/v2\/users\/2"}],"replies":[{"embeddable":true,"href":"http:\/\/kommentatorenblog.de\/index.php?rest_route=%2Fwp%2Fv2%2Fcomments&post=3512"}],"version-history":[{"count":58,"href":"http:\/\/kommentatorenblog.de\/index.php?rest_route=\/wp\/v2\/posts\/3512\/revisions"}],"predecessor-version":[{"id":3585,"href":"http:\/\/kommentatorenblog.de\/index.php?rest_route=\/wp\/v2\/posts\/3512\/revisions\/3585"}],"wp:attachment":[{"href":"http:\/\/kommentatorenblog.de\/index.php?rest_route=%2Fwp%2Fv2%2Fmedia&parent=3512"}],"wp:term":[{"taxonomy":"category","embeddable":true,"href":"http:\/\/kommentatorenblog.de\/index.php?rest_route=%2Fwp%2Fv2%2Fcategories&post=3512"},{"taxonomy":"post_tag","embeddable":true,"href":"http:\/\/kommentatorenblog.de\/index.php?rest_route=%2Fwp%2Fv2%2Ftags&post=3512"}],"curies":[{"name":"wp","href":"https:\/\/api.w.org\/{rel}","templated":true}]}}