{"id":3590,"date":"2020-09-28T15:24:43","date_gmt":"2020-09-28T15:24:43","guid":{"rendered":"http:\/\/kommentatorenblog.de\/?p=3590"},"modified":"2020-12-30T15:23:33","modified_gmt":"2020-12-30T15:23:33","slug":"1111-wagner-debuet-aus-der-arena","status":"publish","type":"post","link":"http:\/\/kommentatorenblog.de\/?p=3590","title":{"rendered":"1111 \u2013 Wagner-Deb\u00fct aus der Arena"},"content":{"rendered":"\n<p>N\u2018Abend allerseits,&nbsp;<\/p>\n\n\n\n<p>heute gibt\u00b4s die Ansetzungen der Woche im Schnelldurchlauf. Und wenn Nico, der den Eintrag am Donnerstag \u00fcbernehmen wird, mir sein &#8222;Okay&#8220; gibt \ud83d\ude09 , hauen wir dann den Link zum Film \u00fcber die Produktionen von MagentaSport raus!<\/p>\n\n\n\n<p>Bis dahin gibt\u2019s die \u00fcbliche Dosis Ansetzungen!<\/p>\n\n\n\n<p><strong><em>Die Ansetzungen vom 29. September 2020 bis zum 01. Oktober 2020<\/em><\/strong><\/p>\n\n\n\n<p><strong>DFL-Super Cup<\/strong><\/p>\n\n\n\n<p><span style=\"text-decoration: underline;\">Mittwoch, 30. September 2020, ab 20.15 Uhr (ZDF)\/ ab 20.00 Uhr (DAZN)<\/span><\/p>\n\n\n\n<p><strong><em>FC Bayern M\u00fcnchen \u2013 Borussia Dortmund (20.30 Uhr)<\/em><\/strong><\/p>\n\n\n\n<p>ZDF: Oliver Schmidt, Field-Reporter: Thomas Skulski<br>DAZN: Jan Platte, Experte: Sandro Wagner; Field-Reporter: Alex Schl\u00fcter  <\/p>\n\n\n\n<p>Moderation (ZDF): Kathrin M\u00fcller-Hohenstein, Experte: Hanno Balitsch <br>Moderation (DAZN): Alex Schl\u00fcter<\/p>\n\n\n\n<p><strong>Champions League &#8211; Playoffs, R\u00fcckspiele<\/strong><\/p>\n\n\n\n<p><span style=\"text-decoration: underline;\">Dienstag, 29. September 2020, ab 20.50 Uhr (Sky)\/ ab 21.00 Uhr (DAZN)<\/span><\/p>\n\n\n\n<p><strong><em>Dynamo Kiew \u2013 <\/em><\/strong> <strong><em>KAA Gent<\/em><\/strong><strong><em> (21.00 Uhr)<\/em><\/strong><\/p>\n\n\n\n<p>Sky: Hannes Herrmann (Einzelspiel), Jonas Friedrich (Konferenz)<\/p>\n\n\n\n<p><strong><em>Ferencvaros<\/em><\/strong> <strong><em>Budapest \u2013 <\/em><\/strong> <strong><em>Molde FK<\/em><\/strong><strong><em> (21.00 Uhr)<\/em><\/strong><\/p>\n\n\n\n<p>DAZN: Andreas Renner (Einzelspiel)<br>Sky: Sven Schr\u00f6ter (Konferenz)<\/p>\n\n\n\n<p><strong><em>Omonia Nikosia \u2013 <\/em><\/strong><strong><em>Olympiakos Pir\u00e4us<\/em><\/strong> &nbsp;<strong><em>(21.00 Uhr)<\/em><\/strong><\/p>\n\n\n\n<p>DAZN: Matthias Naebers (Einzelspiel)<br>Sky: Markus Gaupp (Konferenz) <\/p>\n\n\n\n<p><span style=\"text-decoration: underline;\">Mittwoch, 30. September 2020, ab 20.30 Uhr (Sky)<\/span> <\/p>\n\n\n\n<p><strong><em>FC Salzburg \u2013 <\/em><\/strong> <strong><em>Maccabi Tel Aviv<\/em><\/strong>&nbsp;<strong><em>(21.00 Uhr)<\/em><\/strong><\/p>\n\n\n\n<p>Sky: Martin Konrad (Einzelspiel), Philipp Paternina (Konferenz) <\/p>\n\n\n\n<p><span style=\"text-decoration: underline;\">ab 20.50 Uhr (Sky)\/ ab 21.00 Uhr (DAZN)<\/span> <\/p>\n\n\n\n<p><strong><em>FC Midtjylland<\/em><\/strong> <strong><em>\u2013 Slavia Prag (21.00 Uhr)<\/em><\/strong><\/p>\n\n\n\n<p>DAZN: Nico Seepe (Einzelspiel)<br>Sky: Joachim Hebel (Konferenz)<\/p>\n\n\n\n<p><strong><em>PAOK Saloniki \u2013 FK Kuban Krasnodar (21.00 Uhr)<\/em><\/strong><\/p>\n\n\n\n<p>DAZN: Stefan Galler (Einzelspiel)<br>Sky: Roland Evers (Konferenz)<\/p>\n\n\n\n<p><strong>Champions League &#8211; Auslosung Gruppenphase <\/strong><\/p>\n\n\n\n<p>Sky Sport News: Martin Winkler und Kai Dittmann, Experte: Erik Meijer <\/p>\n\n\n\n<p>DAZN: Christoph Stadtler, Experte: Ralph Gunesch<\/p>\n\n\n\n<p><strong>Europa League &#8211; Qualifikation<\/strong>, <strong>Finale<\/strong><\/p>\n\n\n\n<p><strong><em>AEK Athen \u2013 VfL Wolfsburg (20.45 Uhr)<\/em><\/strong><\/p>\n\n\n\n<p>Sport 1: Thomas Herrmann<\/p>\n\n\n\n<p><strong><em>Internationaler Fu\u00dfball<\/em><\/strong><\/p>\n\n\n\n<p><span style=\"text-decoration: underline;\">Dienstag, 29. September 2020<\/span><\/p>\n\n\n\n<p>La Liga, 04. Spieltag:&nbsp;<strong><em>Real Sociedad \u2013 FC Valencia (21.00 Uhr)<\/em><\/strong><\/p>\n\n\n\n<p>DAZN: Flo Hauser, Experte: Max Nicu<\/p>\n\n\n\n<p>Carabao Cup, Achtelfinale:&nbsp;<strong><em>Tottenham Hotspur \u2013 FC Chelsea (20.45 Uhr)<\/em><\/strong><\/p>\n\n\n\n<p>DAZN: Uli Hebel, Experte: Ralph Gunesch<\/p>\n\n\n\n<p>Moderation: Lukas Sch\u00f6nm\u00fcller<\/p>\n\n\n\n<p><span style=\"text-decoration: underline;\">Mittwoch, 30. September 2020<\/span><\/p>\n\n\n\n<p>Copa Libertadores, Gruppenphase, 5. Spieltag:&nbsp;<strong><em>Boca Juniors (ARG) \u2013 Libertad (PAR)<\/em><\/strong>&nbsp;<strong><em>(02.30 Uhr)<\/em><\/strong><\/p>\n\n\n\n<p>sportdigital FUSSBALL: Christian Blunck<\/p>\n\n\n\n<p>J-League, 29. Spieltag:&nbsp;<strong><em>Urawa Red Diamonds \u2013 FC<\/em><\/strong> <strong><em>Tokyo<\/em><\/strong><strong><em> (12.30 Uhr)<\/em><\/strong><\/p>\n\n\n\n<p>sportdigital FUSSBALL: Ulf Kahmke <\/p>\n\n\n\n<p>Serie A, 01. Spieltag<strong><em>: Benevento Calcio \u2013 Inter Mailand (18.00 Uhr)<\/em><\/strong> <strong><em> <\/em><\/strong><\/p>\n\n\n\n<p>DAZN: Carsten Fu\u00df<\/p>\n\n\n\n<p>Carabao Cup, Achtelfinale:&nbsp;<strong><em>Newport County \u2013 Newcastle United (18.30 Uhr)<\/em><\/strong><\/p>\n\n\n\n<p>DAZN: Andreas Renner <\/p>\n\n\n\n<p>La Liga, 04. Spieltag:&nbsp;<strong><em>SD Huesca \u2013 Atl\u00e9tico Madrid (19.00 Uhr)<\/em><\/strong><\/p>\n\n\n\n<p>DAZN: Tobi Fischbeck <\/p>\n\n\n\n<p>Carabao Cup , Achtelfinale:&nbsp;<strong><em>FC Burnley \u2013 Manchester City (20.00 Uhr)<\/em><\/strong><\/p>\n\n\n\n<p>DAZN: Uwe Morawe, Experte: Michi Hofmann <\/p>\n\n\n<p>Carabao Cup, Achtelfinale: <strong><em>Brighton &amp; Hove Albion \u2013 Manchester United (20.45 Uhr)<\/em><\/strong><\/p>\n<p><!-- \/wp:paragraph --> <!-- wp:paragraph --><\/p>\n<p>DAZN: Max Gross, Experte: Ralph Gunesch\u00a0<\/p>\n<p>Carabao Cup, Achtelfinale: <strong><em>FC Everton \u2013 West Ham United (20.45 Uhr)<\/em><\/strong><\/p>\n<p><!-- \/wp:paragraph --> <!-- wp:paragraph --><\/p>\n<p>DAZN: Tom Kirsten\u00a0<\/p>\n<p><!-- wp:paragraph --><\/p>\n<p>Serie A, 01. Spieltag<strong><em>: Lazio Rom \u2013 Atalanta Bergamo (20.45 Uhr)<\/em><\/strong><\/p>\n<p><!-- \/wp:paragraph --> <!-- wp:paragraph --><\/p>\n<p>DAZN: Marcel Seufert, Experte: Necat Ayg\u00fcn\u00a0<\/p>\n<p><!-- wp:paragraph --><\/p>\n<p>La Liga, 04. Spieltag:\u00a0<strong><em>Real Madrid \u2013 Real Valladolid (21.30 Uhr)<\/em><\/strong><\/p>\n<p><!-- \/wp:paragraph --> <!-- wp:paragraph --><\/p>\n<p>DAZN: Guido H\u00fcsgen. Experte: Sascha Bigalke\u00a0<\/p>\n<p><span style=\"text-decoration: underline;\">Donnerstag, 01. Oktober 2020<\/span><\/p>\n<p><!-- wp:paragraph --><\/p>\n<p>Copa Libertadores, Gruppenphase, 5. Spieltag:\u00a0<strong><em>River Plate (ARG) \u2013 Sao Paulo (BRA)<\/em><\/strong>\u00a0<strong><em>(02.30 Uhr)<\/em><\/strong><\/p>\n<p><!-- \/wp:paragraph --> <!-- wp:paragraph --><\/p>\n<p>sportdigital FUSSBALL: Arne Malsch\u00a0<\/p>\n<p>Carabao Cup, Achtelfinale: <strong><em>Brentford \u2013 Fulham (18.30 Uhr)<\/em><\/strong><\/p>\n<p><!-- \/wp:paragraph --> <!-- wp:paragraph --><\/p>\n<p>DAZN: Guido H\u00fcsgen<\/p>\n<p><!-- wp:paragraph --><\/p>\n<p>La Liga, 04. Spieltag:\u00a0<strong><em>FC Sevilla \u2013 UD Levante (19.00 Uhr)<\/em><\/strong><\/p>\n<p><!-- \/wp:paragraph --> <!-- wp:paragraph --><\/p>\n<p>DAZN: Oliver Forster<\/p>\n<p>Carabao Cup, Achtelfinale: <strong><em>Aston Villa \u2013 Stoke City (20.00 Uhr)<\/em><\/strong><\/p>\n<p><!-- \/wp:paragraph --> <!-- wp:paragraph --><\/p>\n<p>DAZN: Nico Seepe<\/p>\n<p>Carabao Cup, Achtelfinale: <strong><em>FC Liverpool \u2013 FC Arsenal (20.45 Uhr)<\/em><\/strong><\/p>\n<p><!-- \/wp:paragraph --> <!-- wp:paragraph --><\/p>\n<p>DAZN: Marco Hagemann, Experte: Ralph Gunesch\u00a0<\/p>\n<p>Moderation: Tobi Wahnschaffe\u00a0<\/p>\n<p><!-- wp:paragraph --><\/p>\n<p>La Liga, 04. Spieltag:\u00a0<strong><em>Celta Vigo \u2013 FC Barcelona (21.30 Uhr)<\/em><\/strong><\/p>\n<p><!-- \/wp:paragraph --> <!-- wp:paragraph --><\/p>\n<p>DAZN: Uli Hebel, Experte: Benny Lauth<\/p>\n<p>Moderation: Lukas Sch\u00f6nm\u00fcller\u00a0<\/p>\n<p><!-- \/wp:paragraph --><\/p>\n<p><!-- \/wp:paragraph --><\/p>\n<p><!-- \/wp:paragraph --><\/p>\n<p><!-- \/wp:paragraph --><\/p>\n<p><!-- \/wp:paragraph --><\/p>\n<p><!-- wp:paragraph --><\/p>\n<p><strong>Die Analyse<\/strong><\/p>\n<p><!-- \/wp:paragraph --><\/p>\n<p><!-- wp:paragraph --><\/p>\n<p><strong>Kreis schlie\u00dft sich mit Wagner-Deb\u00fct<\/strong><\/p>\n<p><!-- \/wp:paragraph --><\/p>\n<p><!-- wp:paragraph --><\/p>\n<p>Mittwoch feiert Sandro Wagner sein Experten-Deb\u00fct bei DAZN. MMn schlie\u00dft sich an dieser Stelle ein kleiner Kreis: Wagner durfte beim CL-Finale im ZDF an. Das ZDF sicherte sich danach die Dienste von Mertesacker, der bekanntlich die letzten Jahre bei DAZN als Experte fungierte. Und Wagner ersetzt diesen nun beim Streamingdienst. Und wir erinnern uns: Wagner sagte, wohl nach dem ZDF-Angebot, bei Sky als Experte f\u00fcr das CL-Finale ab. Man k\u00f6nnte die These aufstellen, dass sich Wagner dadurch bei Sky nicht f\u00fcr zuk\u00fcnftige Aufgaben empfehlen konnte. Und jetzt bleibt er quasi f\u00fcr DAZN \u00fcbrig. Eine Kombination die passen wird. Und im Zweifel werden wir Wagner \u00f6fters als Mertesacker am Mikro h\u00f6ren. Gr\u00fcnde: Wagner\u00b4s Wohnort und im Endeffekt werden seine Dienste auch &#8222;g\u00fcnstiger&#8220; als die von Rio-Weltmeister Mertesacker sein. F\u00fcr DAZN kommentiert Chefreporter Jan Platte. Alex Schl\u00fcter teilt sich quasi auf \ud83d\ude42 und ist als Moderator und Field-Reporter aktiv. Die DAZN-Crew wird das erste Mal seit dem Re-Start wieder mit dem kompletten On-Air-Personal vor Ort sein. Bayern-Paderborn Ende Februar m\u00fcsste die letzte Partie sein, bei der DAZN mit Kommentator, Moderator und Experte vor Ort waren. Wir freuen uns!<\/p>\n<p><!-- \/wp:paragraph --><\/p>\n<p><!-- wp:paragraph --><\/p>\n<p>F\u00fcr das ZDF erh\u00e4lt Schmidt den Vorzug vor Rethy. KMH moderiert zusammen mit Experte Hanno Balitsch, der auch mal wieder ran darf. Im Vergleich zu Schmidt und Interviewer Skulski, berichten beide aus dem Studio in Mainz.\u00a0<\/p>\n<p><!-- \/wp:paragraph --><\/p>\n<p><!-- wp:paragraph --><\/p>\n<p><strong>Sinnvolle Kontinuit\u00e4t<\/strong><\/p>\n<p><!-- \/wp:paragraph --><\/p>\n<p><!-- wp:paragraph --><\/p>\n<p>Bei Sky entdecken wir bei den Ansetzungen der CL-Playoffs ein kleines Ph\u00e4nomen. Bei jedem Spiel, egal ob Konferenz oder Einzelspiel, ist quasi der gleiche Kommentator im Einsatz. Toni Tomic macht Pause, weil das Spiel zwischen Saloniki und Krasnodar zu DAZN wandert. Daf\u00fcr zeigt Sky die entscheidende Partie von Salzburg im Einzelspiel. Hier \u00fcbernimmt der \u00f6sterreichische Kollege Martin Konrad.<\/p>\n<p>Die CL-Auslosung \u00fcbernimmt bei Sky Sport News wohl nicht Thomas Fleischmann, sondern Martin Winkler zusammen mit Kai Dittmann. Im Anschluss an die Auslosung wird unter anderem Erik Meijer, der als Analyse-Experte in der UEFA Champions League f\u00fcr Sky wieder im Einsatz ist, seine Einsch\u00e4tzung der Gruppen und der deutschen Gegner abgeben. Zudem werden von vor Ort Stimmen der Klubvertreter gesammelt. Am Freitag gibt Sky die Einzelspiele bekannt, die w\u00e4hrend der Gruppenphase im deutschen Fernsehen live und exklusiv bei Sky \u00fcbertragen werden<\/p>\n<p><!-- \/wp:paragraph --><\/p>\n<p><!-- wp:paragraph --><\/p>\n<p>Bei DAZN hingegen wird im Vergleich zur Vorwoche durchrotiert.<\/p>\n<p><!-- \/wp:paragraph --><\/p>\n<p><!-- wp:paragraph --><\/p>\n<p><strong>Fokus auf der Insel<\/strong><\/p>\n<p><!-- \/wp:paragraph --><\/p>\n<p><!-- wp:paragraph --><\/p>\n<p>Im Internationalen Fu\u00dfball liegt der Fokus auf der Insel. Wieso? DAZN zeigt wieder jede Partie des Ligapokals mit deutschem Kommentar. Ralph Gunesch ist bei den &#8222;interessantesten&#8220; Partien jeweils als Experte im Einsatz. Dienstag gibt\u00b4s zusammen mit Uli Hebel und Lukas Sch\u00f6nm\u00fcller ein Derby zwischen Chelsea und Tottenham. Mittwoch das erneute Aufeinandertreffen von Brighton und ManU. Donnerstag steht mit Marco Hagemann und Tobi Wahnschaffe Liverpool gegen Arsenal auf dem Dienstplan. Die zweite Begegnung der beiden Teams binnen 72 Stunden.<\/p>\n<p><!-- \/wp:paragraph --><\/p>\n<p><!-- wp:paragraph --><\/p>\n<p>In LaLiga m\u00fcssen Real und Barca ran. Bei Real \u00fcbernimmt Guido H\u00fcsgen zusammen mit Sascha Bigalke. Die Partie des FC Barcelona bei Celta Vigo kommentieren Uli Hebel und Benny Lauth. Das macht alles Sinn. In der Serie A \u00fcbernimmt Marcel Seufert das Spitzenduell zwischen Lazio und Atalanta. Unterst\u00fctzung gibt\u00b4s von Necat Ayg\u00fcn.\u00a0<\/p>\n<p><!-- \/wp:list --><\/p>\n<p><!-- wp:paragraph --><\/p>\n<p>Macht das Beste draus!<\/p>\n<p><!-- \/wp:paragraph --><\/p>","protected":false},"excerpt":{"rendered":"<p>N\u2018Abend allerseits,&nbsp; heute gibt\u00b4s die Ansetzungen der Woche im Schnelldurchlauf. Und wenn Nico, der den Eintrag am Donnerstag \u00fcbernehmen wird, mir sein &#8222;Okay&#8220; gibt \ud83d\ude09 , hauen wir dann den Link zum Film \u00fcber die Produktionen von MagentaSport raus! Bis dahin gibt\u2019s die \u00fcbliche Dosis Ansetzungen! Die Ansetzungen vom 29. September 2020 bis zum 01. [&hellip;]<\/p>\n","protected":false},"author":3,"featured_media":0,"comment_status":"open","ping_status":"open","sticky":false,"template":"","format":"standard","meta":{"footnotes":""},"categories":[429],"tags":[49,62,124,181,13,348,155,349,48,93,50,159,276,43,191,109,108,350,127,134,351,105,37],"class_list":["post-3590","post","type-post","status-publish","format-standard","hentry","category-diverses","tag-alex-schlueter","tag-carabao-cup","tag-champions-league-qualifikation","tag-copa-libertadores","tag-dazn","tag-dfl-supercup","tag-guido-huesgen","tag-j-league","tag-jan-platte","tag-kai-dittmann","tag-katrin-mueller-hohenstein","tag-la-liga","tag-marcel-seufert","tag-marco-hagemann","tag-nico-seepe","tag-oliver-schmidt","tag-ralph-gunesch","tag-sandro-wagner","tag-serie-a","tag-sportdigital-fussball","tag-thomas-skulski","tag-uli-hebel","tag-zdf"],"_links":{"self":[{"href":"http:\/\/kommentatorenblog.de\/index.php?rest_route=\/wp\/v2\/posts\/3590","targetHints":{"allow":["GET"]}}],"collection":[{"href":"http:\/\/kommentatorenblog.de\/index.php?rest_route=\/wp\/v2\/posts"}],"about":[{"href":"http:\/\/kommentatorenblog.de\/index.php?rest_route=\/wp\/v2\/types\/post"}],"author":[{"embeddable":true,"href":"http:\/\/kommentatorenblog.de\/index.php?rest_route=\/wp\/v2\/users\/3"}],"replies":[{"embeddable":true,"href":"http:\/\/kommentatorenblog.de\/index.php?rest_route=%2Fwp%2Fv2%2Fcomments&post=3590"}],"version-history":[{"count":49,"href":"http:\/\/kommentatorenblog.de\/index.php?rest_route=\/wp\/v2\/posts\/3590\/revisions"}],"predecessor-version":[{"id":3654,"href":"http:\/\/kommentatorenblog.de\/index.php?rest_route=\/wp\/v2\/posts\/3590\/revisions\/3654"}],"wp:attachment":[{"href":"http:\/\/kommentatorenblog.de\/index.php?rest_route=%2Fwp%2Fv2%2Fmedia&parent=3590"}],"wp:term":[{"taxonomy":"category","embeddable":true,"href":"http:\/\/kommentatorenblog.de\/index.php?rest_route=%2Fwp%2Fv2%2Fcategories&post=3590"},{"taxonomy":"post_tag","embeddable":true,"href":"http:\/\/kommentatorenblog.de\/index.php?rest_route=%2Fwp%2Fv2%2Ftags&post=3590"}],"curies":[{"name":"wp","href":"https:\/\/api.w.org\/{rel}","templated":true}]}}