{"id":372,"date":"2019-10-10T15:06:10","date_gmt":"2019-10-10T15:06:10","guid":{"rendered":"http:\/\/kommentatorenblog.de\/?p=372"},"modified":"2020-12-30T16:06:59","modified_gmt":"2020-12-30T16:06:59","slug":"1023-bunte-mischung-stachi-ueberrascht","status":"publish","type":"post","link":"http:\/\/kommentatorenblog.de\/?p=372","title":{"rendered":"1023 \u2013 Bunte Mischung &#8211; \u201eStachi\u201c \u00fcberrascht"},"content":{"rendered":"\n<p>N\u2019Abend allerseits!<\/p>\n\n\n\n<p>Im September 2014 startete f\u00fcr RTL ein neues, mutiges, aber auch teures TV-Abenteuer &#8211; \u00dcbertragung der Qualifikationsspiele der DFB-Elf. Mehr als f\u00fcnf Jahre sp\u00e4ter meldete sich Kommentator Marco Hagemann gestern live aus Dortmund, wo damals auch der Startschuss fiel. Hagemann begleitete damals die Partie Deutschland gegen Schottland. Inzwischen agiert er zusammen mit Steffen Freund als bestes und eingespieltes Kommentatoren-Duo im deutschen Fernsehen. Gl\u00fcckwunsch auch hier nochmal im regul\u00e4ren Eintrag, nachdem wir schon auf Twitter gratuliert haben. <\/p>\n\n\n\n<p>Seit 2003 stand Oli Schwesinger f\u00fcr verschiedene Formate bei DSF\/Sport1 vor der Kamera. Bereits zu Beginn des Jahres wurde \u00fcber ein Abschied Schwesingers von Sport1 berichtet &#8211; nun ist es offiziell. Ende des Jahres endet das Kapital f\u00fcr den Sportjournalist aus Hamburg. Nach der Verpflichtung von Laura Papendick, die zur neuen Saison auch Schwesingers Moderationsspot bei Fantalk &#8222;geklaut&#8220; hat, fehlen Schwesinger quasi die Sendungen. Schwesinger blickt aber optimistisch in die Zukunft. Mehr dazu gibt\u00b4s bei den Kollegen von <a href=\"http:\/\/www.quotenmeter.de\/n\/112743\/zeichen-auf-trennung-oliver-schwesinger-vor-abschied-von-sport1\">Quotenmeter<\/a>.<\/p>\n\n\n\n<p>\u00dcberraschung hingegen beim Qualifikationsspiel der U21 in Bosnien &#8211; Tennisexperte Matthias Stach, der diese Woche in Linz weilt, um dort f\u00fcr Eurosport die Spiele des WTA-Turniers zu kommentieren, geht wohl n\u00e4chste Woche fremd. Stach kommentiert ein Fu\u00dfballspiel f\u00fcr RAN. Ich glaube es erst, wenn ich in Dienstag am Mikro h\u00f6re. <\/p>\n\n\n\n<p><strong><em>Die Ansetzungen vom 11. Oktober 2019 bis zum 15. Oktober 2019<\/em><\/strong><\/p>\n\n\n\n<p><strong><em>European Qualifiers, 7. Spieltag<\/em><\/strong><\/p>\n\n\n\n<p><span style=\"text-decoration: underline;\">Freitag, 11. Oktober 2019, ab 20.45 Uhr (DAZN)<\/span><\/p>\n\n\n\n<p><strong><em>Tschechien \u2013 England (20.45 Uhr)<\/em><\/strong><\/p>\n\n\n\n<p>DAZN: Uli Hebel, Experte: Ralph Gunesch<\/p>\n\n\n\n<p><strong><em>Island \u2013 Frankreich (20.45 Uhr)<\/em><\/strong><\/p>\n\n\n\n<p>DAZN: Stefan Galler, Experte: Alexis Menuge <\/p>\n\n\n\n<p><strong><em>Portugal \u2013 Luxemburg (20.45 Uhr)<\/em><\/strong><\/p>\n\n\n\n<p>DAZN: Andreas Renner<\/p>\n\n\n\n<p><strong><em>T\u00fcrkei \u2013 Albanien (20.45 Uhr)<\/em><\/strong><\/p>\n\n\n\n<p>DAZN: Flo Hauser <\/p>\n\n\n\n<p><span style=\"text-decoration: underline;\">Samstag, 12. Oktober 2019, ab 18.00 Uhr (DAZN)<\/span><\/p>\n\n\n\n<p><strong><em>D\u00e4nemark \u2013 Schweiz (18.00 Uhr)<\/em><\/strong><\/p>\n\n\n\n<p>DAZN: David Ploch<\/p>\n\n\n\n<p><strong><em>Norwegen \u2013 Spanien (20.45 Uhr<\/em><\/strong>) <\/p>\n\n\n\n<p>DAZN: Matthias Naebers, Experte: Jonas Hummels<\/p>\n\n\n\n<p><strong><em>Italien \u2013 Griechenland (20.45 Uhr<\/em><\/strong>) <\/p>\n\n\n\n<p>DAZN: Carsten Fu\u00df, Experte: Christian Bernhard<\/p>\n\n\n\n<p><span style=\"text-decoration: underline;\">Sonntag, 13. Oktober 2019, ab 18.00 Uhr (DAZN)<\/span><\/p>\n\n\n\n<p><strong><em>Wei\u00dfrussland \u2013 Niederlande (18.00 Uhr)<\/em><\/strong><\/p>\n\n\n\n<p>DAZN: Nico Seepe <\/p>\n\n\n\n<p><strong><em>Slowenien \u2013 \u00d6sterreich (20.45 Uhr<\/em><\/strong>) <\/p>\n\n\n\n<p>DAZN: Ruben Zimmermann, Experte: Sebastian Knei\u00dfl<\/p>\n\n\n\n<p><span style=\"text-decoration: underline;\">ab 20.15 Uhr (RTL)<\/span><\/p>\n\n\n\n<p><strong><em>Estland \u2013 Deutschland (20.45 Uhr)<\/em><\/strong><\/p>\n\n\n\n<p>RTL: Marco Hagemann, Experte; Steffen Freund<\/p>\n\n\n\n<p>Moderation (RTL): Laura Wontorra, Experte: J\u00fcrgen Klinsmann <\/p>\n\n\n\n<p><span style=\"text-decoration: underline;\">Montag, 14. Oktober 2019, ab 20.45 Uhr (DAZN)<\/span><\/p>\n\n\n\n<p><strong><em>Bulgarien \u2013 England (20.45 Uhr)<\/em><\/strong><\/p>\n\n\n\n<p>DAZN: Uli Hebel, Experte: Sebastian Knei\u00dfl<\/p>\n\n\n\n<p><strong><em>Frankreich<\/em><\/strong> <strong><em>\u2013 T\u00fcrkei (20.45 Uhr)<\/em><\/strong> <\/p>\n\n\n\n<p>DAZN: Stefan Galler, Alexis Menuge<\/p>\n\n\n\n<p><strong><em>Ukraine<\/em><\/strong> <strong><em>\u2013 Portugal (20.45 Uhr)<\/em><\/strong> <\/p>\n\n\n\n<p>DAZN: Flo Hauser <\/p>\n\n\n\n<p><strong><em>U21-EM-Qualifikation<\/em><\/strong><\/p>\n\n\n\n<p><span style=\"text-decoration: underline;\">Dienstag, 15. Oktober 2019, ab 17.45 Uhr (ProSieben Maxx)<\/span><\/p>\n\n\n\n<p><strong><em>Bosnien &#8211; Herzegowina \u2013 Deutschland (18.00 Uhr)<\/em><\/strong><\/p>\n\n\n\n<p>ProSieben Maxx: Matthias Stach<\/p>\n\n\n\n<p>Moderation (ProSieben Maxx): Christian D\u00fcren, Experte: Ren\u00e9 Adler <\/p>\n\n\n\n<p><strong>Toto-Pokal, Viertelfinale<\/strong><\/p>\n\n\n\n<p><strong><em>TSV 1860 M\u00fcnchen &#8211; SpVgg Unterhaching (19.30 Uhr)<\/em><\/strong><br><br>Sport1: Thomas Herrmann<\/p>\n\n\n\n<p>Moderation (Sport1): Ruth Hofmann <\/p>\n\n\n\n<p><strong><em>Frauen-Bundesliga<\/em>, <em>6. Spieltag<\/em><\/strong><\/p>\n\n\n\n<p><span style=\"text-decoration: underline;\">Freitag, 11. Oktober 2019, ab 19.00 Uhr (Eurosport1)\/ ab 19.15 Uhr (Magenta Sport)<\/span><\/p>\n\n\n\n<p><strong><em>1.FC K\u00f6ln <\/em><\/strong><strong><em>\u2013<\/em><\/strong><strong><em> VfL Wolfsburg (19.15 Uhr)<\/em><\/strong><\/p>\n\n\n\n<p>Eurosport 1: Markus Theil<\/p>\n\n\n\n<p>Magenta Sport: Alex Kunz<\/p>\n\n\n\n<p>Moderation (Eurosport 1): Anna Kraft <\/p>\n\n\n\n<p><span style=\"text-decoration: underline;\">Samstag, 12. Oktober 2019, ab 13.00 Uhr (Magenta Sport)<\/span><\/p>\n\n\n\n<p><strong><em>TSG 1899 Hoffenheim <\/em><\/strong><strong><em>\u2013<\/em><\/strong><strong><em> FC Bayern M\u00fcnchen (13.00 Uhr)<\/em><\/strong><\/p>\n\n\n\n<p>Magenta Sport: Martin Piller<\/p>\n\n\n\n<p><span style=\"text-decoration: underline;\">Sonntag, 13. Oktober 2019, ab 14.00 Uhr (Magenta Sport)<\/span><\/p>\n\n\n\n<p><strong><em>Turbine Potsdam <\/em><\/strong><strong><em>\u2013<\/em><\/strong><strong><em> SC Freiburg (14.00 Uhr)<\/em><\/strong><\/p>\n\n\n\n<p>Magenta Sport: Martin Piller <\/p>\n\n\n\n<p><strong><em>Die Analyse<\/em><\/strong><\/p>\n\n\n\n<p>Matthias Stach\u00b4s Einsatz f\u00fcr ProSieben Maxx bleibt die einzige \u00dcberraschung in diesem Eintrag. Die European Qualifiers \u00fcbernehmen die bekannten Stimmen auf DAZN. Nachwuchsmann Nico Seepe begleitet den Auftritt der Niederlande gegen Wei\u00dfrussland. <\/p>\n\n\n\n<p>Nach der L\u00e4nderspielpause  geht\u00b4s zudem weiter in der Frauen Bundesliga. Personal beim Freitagsspiel ist noch unklar. Bei Magenta Sport kommen die \u00fcblichen Verd\u00e4chtigen zum Einsatz und liefern den Kommentar aus der Box. <\/p>\n\n\n\n<p>Sch\u00f6nes Fu\u00dfballwochenende!<\/p>\n","protected":false},"excerpt":{"rendered":"<p>N\u2019Abend allerseits! Im September 2014 startete f\u00fcr RTL ein neues, mutiges, aber auch teures TV-Abenteuer &#8211; \u00dcbertragung der Qualifikationsspiele der DFB-Elf. Mehr als f\u00fcnf Jahre sp\u00e4ter meldete sich Kommentator Marco Hagemann gestern live aus Dortmund, wo damals auch der Startschuss fiel. Hagemann begleitete damals die Partie Deutschland gegen Schottland. Inzwischen agiert er zusammen mit Steffen [&hellip;]<\/p>\n","protected":false},"author":3,"featured_media":0,"comment_status":"open","ping_status":"open","sticky":false,"template":"","format":"standard","meta":{"footnotes":""},"categories":[426],"tags":[177,13,147,44,43,176,175,137,138,151,174],"class_list":["post-372","post","type-post","status-publish","format-standard","hentry","category-laenderspiele","tag-christian-dueren","tag-dazn","tag-european-qualifiers","tag-laura-wontorra","tag-marco-hagemann","tag-matthias-stach","tag-oliver-schwesinger","tag-prosieben-maxx","tag-rtl","tag-steffen-freund","tag-u21-em-quali"],"_links":{"self":[{"href":"http:\/\/kommentatorenblog.de\/index.php?rest_route=\/wp\/v2\/posts\/372","targetHints":{"allow":["GET"]}}],"collection":[{"href":"http:\/\/kommentatorenblog.de\/index.php?rest_route=\/wp\/v2\/posts"}],"about":[{"href":"http:\/\/kommentatorenblog.de\/index.php?rest_route=\/wp\/v2\/types\/post"}],"author":[{"embeddable":true,"href":"http:\/\/kommentatorenblog.de\/index.php?rest_route=\/wp\/v2\/users\/3"}],"replies":[{"embeddable":true,"href":"http:\/\/kommentatorenblog.de\/index.php?rest_route=%2Fwp%2Fv2%2Fcomments&post=372"}],"version-history":[{"count":14,"href":"http:\/\/kommentatorenblog.de\/index.php?rest_route=\/wp\/v2\/posts\/372\/revisions"}],"predecessor-version":[{"id":387,"href":"http:\/\/kommentatorenblog.de\/index.php?rest_route=\/wp\/v2\/posts\/372\/revisions\/387"}],"wp:attachment":[{"href":"http:\/\/kommentatorenblog.de\/index.php?rest_route=%2Fwp%2Fv2%2Fmedia&parent=372"}],"wp:term":[{"taxonomy":"category","embeddable":true,"href":"http:\/\/kommentatorenblog.de\/index.php?rest_route=%2Fwp%2Fv2%2Fcategories&post=372"},{"taxonomy":"post_tag","embeddable":true,"href":"http:\/\/kommentatorenblog.de\/index.php?rest_route=%2Fwp%2Fv2%2Ftags&post=372"}],"curies":[{"name":"wp","href":"https:\/\/api.w.org\/{rel}","templated":true}]}}