{"id":3766,"date":"2020-10-05T17:09:21","date_gmt":"2020-10-05T17:09:21","guid":{"rendered":"http:\/\/kommentatorenblog.de\/?p=3766"},"modified":"2020-12-30T16:00:32","modified_gmt":"2020-12-30T16:00:32","slug":"1113-bundesliga-trotz-laenderspielpause","status":"publish","type":"post","link":"http:\/\/kommentatorenblog.de\/?p=3766","title":{"rendered":"1113 &#8211; Bundesliga trotz L\u00e4nderspielpause"},"content":{"rendered":"\n<p>N&#8217;Abend allerseits,<\/p>\n\n\n\n<p>die neue Formatierung mit dem Mikrofon-Symbol hin oder her &#8211; heute bleibt es \u00fcbersichtlich. Das liegt schlicht daran, dass die Fu\u00dfballspiele mit Beteiligung deutscher Kommentatoren an zwei H\u00e4nden abzuz\u00e4hlen sind. Denn die UEFA Nations League l\u00e4sst noch bis Samstag auf sich warten. Daf\u00fcr hat DAZN am Mittwoch zwei &#8222;waschechte&#8220; Freundschaftsspiele im Programm. Zeitgleich testet die deutsche Nationalmannschaft gegen die T\u00fcrkei. F\u00fcr RTL kommentiert wie gewohnt das Duo Marco Hagemann &#8211; Steffen Freund. Als Gast wird Lukas Podolski neben Florian K\u00f6nig das Spiel aus dem RheinEnergieSTADION analysieren.<\/p>\n\n\n\n<figure class=\"wp-block-embed-instagram wp-block-embed is-type-rich is-provider-instagram\"><div class=\"wp-block-embed__wrapper\">\nhttps:\/\/www.instagram.com\/p\/CF8_IYuAqLn\/\n<\/div><\/figure>\n\n\n\n<p>Ganz so schlimm, wie &#8222;das Oenningsche Fu\u00dfballprinzip&#8220; die anstehende L\u00e4nderspielpause \u00fcberzeichnet, ist es wohl nicht. Schmunzeln musste ich trotzdem. Bestimmt finden sich einige darin wieder. <\/p>\n\n\n\n<p>Nicht unbedeutend sind sicherlich die Spiele in der EM-Qualifikation, die DAZN allerdings nicht mit deutschen Kommentatoren ausgestattet hat. In einem viergleisigen Playoff-System spielen die verbleibenden 16 Teams die \u00fcbrigen vier Tickets f\u00fcr die paneurop\u00e4ische EM 2021 aus. Aus den vier Gruppen (Bulgarien, Ungarn, Island Rum\u00e4nien &#8211; &#8211; &#8211;  Bosnien-Herzogowina, Nordirland, Slowakei, Irland &#8211; &#8211; &#8211; Norwegen, Serbien, Schottland, Israel &#8211; &#8211; &#8211; Georgien, Belarus, Nordmazedonien, Kosovo) schafft es noch jeweils eine Nation in die Endrunde. Am Donnerstag finden ab 18 Uhr die Halbfinals in den Gruppen statt. Gut m\u00f6glich, dass DAZN zumindest von den Finals selbst berichtet, die dann am 12. November ausgetragen werden.<\/p>\n\n\n\n<p>Nun zu den ausged\u00fcnnten Ansetzungen&#8230;<\/p>\n\n\n\n<p><strong><em>Die Ansetzungen vom 6. Oktober bis zum 8. Oktober 2020<\/em><\/strong><\/p>\n\n\n\n<p><strong>Internationale Freundschaftsspiele<\/strong><\/p>\n\n\n\n<p><span style=\"text-decoration: underline;\">Mittwoch, 7. Oktober 2020, ab 20.15 Uhr (RTL)<\/span><\/p>\n\n\n\n<p><strong><em>Deutschland &#8211; T\u00fcrkei (20.45 Uhr)<\/em><\/strong><\/p>\n\n\n\n<p>RTL: Marco Hagemann, Experte: Steffen Freund<\/p>\n\n\n\n<p>Moderation: Florian K\u00f6nig, Experte: Lukas Podolski<\/p>\n\n\n\n<p><span style=\"text-decoration: underline;\">Mittwoch, 7. Oktober 2020, ab 20.30 Uhr (DAZN)<\/span><\/p>\n\n\n\n<p><strong><em>\u00d6sterreich &#8211; Griechenland (20.30 Uhr)<\/em><\/strong><\/p>\n\n\n\n<p><img loading=\"lazy\" decoding=\"async\" width=\"10\" height=\"21\" class=\"wp-image-3656\" style=\"width: 10px;\" src=\"http:\/\/kommentatorenblog.de\/wp-content\/uploads\/2020\/09\/shure-55sh-ii-e1601485394796.jpg\" alt=\"\" srcset=\"http:\/\/kommentatorenblog.de\/wp-content\/uploads\/2020\/09\/shure-55sh-ii-e1601485394796.jpg 415w, http:\/\/kommentatorenblog.de\/wp-content\/uploads\/2020\/09\/shure-55sh-ii-e1601485394796-142x300.jpg 142w\" sizes=\"auto, (max-width: 10px) 100vw, 10px\" \/> : Fabian Pavlakovic<\/p>\n\n\n\n<p><strong><em>Niederlande &#8211; Mexiko (20.45 Uhr)<\/em><\/strong><\/p>\n\n\n\n<p><img loading=\"lazy\" decoding=\"async\" width=\"10\" height=\"21\" class=\"wp-image-3656\" style=\"width: 10px;\" src=\"http:\/\/kommentatorenblog.de\/wp-content\/uploads\/2020\/09\/shure-55sh-ii-e1601485394796.jpg\" alt=\"\" srcset=\"http:\/\/kommentatorenblog.de\/wp-content\/uploads\/2020\/09\/shure-55sh-ii-e1601485394796.jpg 415w, http:\/\/kommentatorenblog.de\/wp-content\/uploads\/2020\/09\/shure-55sh-ii-e1601485394796-142x300.jpg 142w\" sizes=\"auto, (max-width: 10px) 100vw, 10px\" \/> : Matthias Naebers<\/p>\n\n\n\n<p><strong><em>Schweiz &#8211; Kroatien (20.45 Uhr)<\/em><\/strong><\/p>\n\n\n\n<p><img loading=\"lazy\" decoding=\"async\" width=\"10\" height=\"21\" class=\"wp-image-3656\" style=\"width: 10px;\" src=\"http:\/\/kommentatorenblog.de\/wp-content\/uploads\/2020\/09\/shure-55sh-ii-e1601485394796.jpg\" alt=\"\" srcset=\"http:\/\/kommentatorenblog.de\/wp-content\/uploads\/2020\/09\/shure-55sh-ii-e1601485394796.jpg 415w, http:\/\/kommentatorenblog.de\/wp-content\/uploads\/2020\/09\/shure-55sh-ii-e1601485394796-142x300.jpg 142w\" sizes=\"auto, (max-width: 10px) 100vw, 10px\" \/> : Tom Kirsten<\/p>\n\n\n\n<p><strong><em>Italien &#8211; Moldawien (20.45 Uhr)<\/em><\/strong><\/p>\n\n\n\n<p><img loading=\"lazy\" decoding=\"async\" width=\"10\" height=\"21\" class=\"wp-image-3656\" style=\"width: 10px;\" src=\"http:\/\/kommentatorenblog.de\/wp-content\/uploads\/2020\/09\/shure-55sh-ii-e1601485394796.jpg\" alt=\"\" srcset=\"http:\/\/kommentatorenblog.de\/wp-content\/uploads\/2020\/09\/shure-55sh-ii-e1601485394796.jpg 415w, http:\/\/kommentatorenblog.de\/wp-content\/uploads\/2020\/09\/shure-55sh-ii-e1601485394796-142x300.jpg 142w\" sizes=\"auto, (max-width: 10px) 100vw, 10px\" \/> : Mario Rieker<\/p>\n\n\n\n<p><span style=\"text-decoration: underline;\">Donnerstag, 8. Oktober, ab 20.45 Uhr (DAZN)<\/span><\/p>\n\n\n\n<p><strong><em>Norwegen &#8211; Serbien (20.45 Uhr)<\/em><\/strong><\/p>\n\n\n\n<p><img loading=\"lazy\" decoding=\"async\" width=\"10\" height=\"21\" class=\"wp-image-3656\" style=\"width: 10px;\" src=\"http:\/\/kommentatorenblog.de\/wp-content\/uploads\/2020\/09\/shure-55sh-ii-e1601485394796.jpg\" alt=\"\" srcset=\"http:\/\/kommentatorenblog.de\/wp-content\/uploads\/2020\/09\/shure-55sh-ii-e1601485394796.jpg 415w, http:\/\/kommentatorenblog.de\/wp-content\/uploads\/2020\/09\/shure-55sh-ii-e1601485394796-142x300.jpg 142w\" sizes=\"auto, (max-width: 10px) 100vw, 10px\" \/> : Felix Keil<\/p>\n\n\n\n<p><span style=\"text-decoration: underline;\">ab 21 Uhr<\/span><\/p>\n\n\n\n<p><strong><em>England &#8211; Wales (21.00 Uhr)<\/em><\/strong><\/p>\n\n\n\n<p><img loading=\"lazy\" decoding=\"async\" width=\"10\" height=\"21\" class=\"wp-image-3656\" style=\"width: 10px;\" src=\"http:\/\/kommentatorenblog.de\/wp-content\/uploads\/2020\/09\/shure-55sh-ii-e1601485394796.jpg\" alt=\"\" srcset=\"http:\/\/kommentatorenblog.de\/wp-content\/uploads\/2020\/09\/shure-55sh-ii-e1601485394796.jpg 415w, http:\/\/kommentatorenblog.de\/wp-content\/uploads\/2020\/09\/shure-55sh-ii-e1601485394796-142x300.jpg 142w\" sizes=\"auto, (max-width: 10px) 100vw, 10px\" \/> : Uli Hebel, Experte: Ralph Gunesch<\/p>\n\n\n\n<p><strong>Bundesliga Frauen, 5. Spieltag<\/strong><\/p>\n\n\n\n<p><span style=\"text-decoration: underline;\">Mittwoch, 7. Oktober 2020, ab 18 Uhr (Magenta Sport)<\/span><\/p>\n\n\n\n<p><strong><em>FC Bayern M\u00fcnchen &#8211; MSV Duisburg (18.00 Uhr)<\/em><\/strong><\/p>\n\n\n\n<p><img loading=\"lazy\" decoding=\"async\" width=\"10\" height=\"21\" class=\"wp-image-3656\" style=\"width: 10px;\" src=\"http:\/\/kommentatorenblog.de\/wp-content\/uploads\/2020\/09\/shure-55sh-ii-e1601485394796.jpg\" alt=\"\" srcset=\"http:\/\/kommentatorenblog.de\/wp-content\/uploads\/2020\/09\/shure-55sh-ii-e1601485394796.jpg 415w, http:\/\/kommentatorenblog.de\/wp-content\/uploads\/2020\/09\/shure-55sh-ii-e1601485394796-142x300.jpg 142w\" sizes=\"auto, (max-width: 10px) 100vw, 10px\" \/> : Martin Piller<\/p>\n\n\n\n<p><strong>Die Analyse<\/strong><\/p>\n\n\n\n<p>Auch im unteren Abschnitt dieses Beitrags gibt es keinen Anlass, gro\u00df auszuholen. Nennenswert bleibt jedoch, dass die Frauen-Bundesliga in ihre erste englische Woche geht. Magenta Sport, das wir dank Leon ein wenig <a href=\"https:\/\/www.dailymotion.com\/video\/x7wgx4h\">hinter den Kulissen<\/a> verfolgen durften, \u00fcbertr\u00e4gt die Partie zwischen Bayern und Duisburg. Martin Piller wird kommentieren. Auch Eurosport h\u00e4tte das Spiel im Normalfall im Programm gehabt. F\u00fcr Markus Theil hei\u00dft es jedoch Tennis statt Fu\u00dfball &#8211; sofern er denn von seinem Sender ber\u00fccksichtigt wird. Am Dienstag und Mittwoch warten die Viertelfinals der French Open. Die Priorisierung der Discovery-Tochter ist eindeutig. <\/p>\n\n\n\n<p>Wie bereits oben kurz angerissen, zeigt DAZN uns in der Mitte der Woche einige Freundschaftsspiele. \u00d6sterreich gegen Griechenland bekommt DAZN-Nachwuchs Fabian Pavlakovic, der in der R\u00fcckrunde zuletzt vor allem in der Liga NOS zum Einsatz kam. Die Niederlande messen sich mit Mexiko. Matthias Naebers ist mit von der Partie. Zeitgleich testet Kroatien gegen die Schweiz, eine Sache f\u00fcr Tom Kirsten. Ebenfalls um 20.45 Uhr versucht Moldawien, die Italiener zu \u00fcberraschen, Mario Rieker wird berichten. Wenn Norwegen und Serbien aufeinandertreffen, meldet sich Felix Keil vom Mikro. Den Insel-Ausklang zwischen England und Wales \u00fcbernehmen die Herren Uli Hebel und Ralph Gunesch.<\/p>\n\n\n\n<p>Euch eine sch\u00f6ne, wenn auch fu\u00dfballarme Woche!<\/p>\n","protected":false},"excerpt":{"rendered":"<p>N&#8217;Abend allerseits, die neue Formatierung mit dem Mikrofon-Symbol hin oder her &#8211; heute bleibt es \u00fcbersichtlich. Das liegt schlicht daran, dass die Fu\u00dfballspiele mit Beteiligung deutscher Kommentatoren an zwei H\u00e4nden abzuz\u00e4hlen sind. Denn die UEFA Nations League l\u00e4sst noch bis Samstag auf sich warten. Daf\u00fcr hat DAZN am Mittwoch zwei &#8222;waschechte&#8220; Freundschaftsspiele im Programm. Zeitgleich [&hellip;]<\/p>\n","protected":false},"author":2,"featured_media":0,"comment_status":"open","ping_status":"open","sticky":false,"template":"","format":"standard","meta":{"footnotes":""},"categories":[426],"tags":[13,14,356,201,148,182,172,357,9,43,243,239,130,223,108,138,151,200,105],"class_list":["post-3766","post","type-post","status-publish","format-standard","hentry","category-laenderspiele","tag-dazn","tag-eurosport","tag-fabian-pavlakovic","tag-felix-keil","tag-florian-koenig","tag-frauen-bundesliga","tag-internationale-freundschaftsspiele","tag-lukas-podolski","tag-magenta-sport","tag-marco-hagemann","tag-mario-rieker","tag-markus-theil","tag-martin-piller","tag-matthias-naebers","tag-ralph-gunesch","tag-rtl","tag-steffen-freund","tag-tom-kirsten","tag-uli-hebel"],"_links":{"self":[{"href":"http:\/\/kommentatorenblog.de\/index.php?rest_route=\/wp\/v2\/posts\/3766","targetHints":{"allow":["GET"]}}],"collection":[{"href":"http:\/\/kommentatorenblog.de\/index.php?rest_route=\/wp\/v2\/posts"}],"about":[{"href":"http:\/\/kommentatorenblog.de\/index.php?rest_route=\/wp\/v2\/types\/post"}],"author":[{"embeddable":true,"href":"http:\/\/kommentatorenblog.de\/index.php?rest_route=\/wp\/v2\/users\/2"}],"replies":[{"embeddable":true,"href":"http:\/\/kommentatorenblog.de\/index.php?rest_route=%2Fwp%2Fv2%2Fcomments&post=3766"}],"version-history":[{"count":11,"href":"http:\/\/kommentatorenblog.de\/index.php?rest_route=\/wp\/v2\/posts\/3766\/revisions"}],"predecessor-version":[{"id":3782,"href":"http:\/\/kommentatorenblog.de\/index.php?rest_route=\/wp\/v2\/posts\/3766\/revisions\/3782"}],"wp:attachment":[{"href":"http:\/\/kommentatorenblog.de\/index.php?rest_route=%2Fwp%2Fv2%2Fmedia&parent=3766"}],"wp:term":[{"taxonomy":"category","embeddable":true,"href":"http:\/\/kommentatorenblog.de\/index.php?rest_route=%2Fwp%2Fv2%2Fcategories&post=3766"},{"taxonomy":"post_tag","embeddable":true,"href":"http:\/\/kommentatorenblog.de\/index.php?rest_route=%2Fwp%2Fv2%2Ftags&post=3766"}],"curies":[{"name":"wp","href":"https:\/\/api.w.org\/{rel}","templated":true}]}}