{"id":3814,"date":"2020-10-12T17:22:37","date_gmt":"2020-10-12T16:22:37","guid":{"rendered":"http:\/\/kommentatorenblog.de\/?p=3814"},"modified":"2021-02-28T22:10:23","modified_gmt":"2021-02-28T21:10:23","slug":"1115-vamos-rafa","status":"publish","type":"post","link":"http:\/\/kommentatorenblog.de\/?p=3814","title":{"rendered":"1115 \u2013 \u00a1Vamos Rafa!"},"content":{"rendered":"\n<p>N&#8217;Abend allerseits,<\/p>\n\n\n\n<p>gef\u00fchlt starte ich seit zwei Monaten meine Beitr\u00e4ge nur mit Worten zum Tennis, so auch heute wieder.<\/p>\n\n\n\n<p>Die letzten zwei Wochen waren bei mir sehr vom Tennis gepr\u00e4gt. Ob vor dem I-Pad oder selber auf dem Platz, die gelbe Filzkugel war ein treuer Begleiter. Wenig \u00fcberraschend habe ich also auch gestern das \u00fcberragende Roland Garros Finale der Herren gesehen. Das Match zwischen Nadal und Djokovic war eines der besten, welches ich je gesehen habe. Und der Kommentar von Matthias Stach und Boris Becker war \u2013 wie eigentlich immer \u2013 \u00fcberragend gut. <\/p>\n\n\n\n<p>Zum Fussball wiederum kann ich nichts sagen. Nicht eine Minute von meinem eigentlichen Lieblingssport habe ich in dieser Woche gesehen. L\u00e4nderspiele sind f\u00fcr mich einfach \u00fcberhaupt nicht reizvoll &#8211; weder Nations League, noch Freundschaftsspiele.<\/p>\n\n\n\n<p>Nichtsdestotrotz f\u00fcr diejenigen, die die L\u00e4nderspiele beobachten, die Ansetzungen der Woche. <\/p>\n\n\n\n<p><strong>DFB-Pokal, 1.Runde<\/strong><\/p>\n\n\n\n<p><span style=\"text-decoration: underline;\">Donnerstag, 15. Oktober 2020, ab 19.00 Uhr (Sport 1) bzw. ab 20.15 Uhr (Sky)<\/span><\/p>\n\n\n\n<p><strong><em>1. FC D\u00fcren \u2013 FC Bayern M\u00fcnchen (20.45 Uhr)<\/em><\/strong><\/p>\n\n\n\n<p>Sport 1: <img loading=\"lazy\" decoding=\"async\" width=\"10\" height=\"21\" class=\"wp-image-3656\" style=\"width: 10px;\" src=\"http:\/\/kommentatorenblog.de\/wp-content\/uploads\/2020\/09\/shure-55sh-ii-e1601485394796.jpg\" alt=\"\" srcset=\"http:\/\/kommentatorenblog.de\/wp-content\/uploads\/2020\/09\/shure-55sh-ii-e1601485394796.jpg 415w, http:\/\/kommentatorenblog.de\/wp-content\/uploads\/2020\/09\/shure-55sh-ii-e1601485394796-142x300.jpg 142w\" sizes=\"auto, (max-width: 10px) 100vw, 10px\" \/> Markus H\u00f6hner, Field-Reporter: Jochen Stutzky<\/p>\n\n\n\n<p>Sky: <img loading=\"lazy\" decoding=\"async\" width=\"10\" height=\"21\" class=\"wp-image-3656\" style=\"width: 10px;\" src=\"http:\/\/kommentatorenblog.de\/wp-content\/uploads\/2020\/09\/shure-55sh-ii-e1601485394796.jpg\" alt=\"\" srcset=\"http:\/\/kommentatorenblog.de\/wp-content\/uploads\/2020\/09\/shure-55sh-ii-e1601485394796.jpg 415w, http:\/\/kommentatorenblog.de\/wp-content\/uploads\/2020\/09\/shure-55sh-ii-e1601485394796-142x300.jpg 142w\" sizes=\"auto, (max-width: 10px) 100vw, 10px\" \/> Kai Dittmann, Field-Reporter: Michael Leopold<\/p>\n\n\n\n<p>Moderation (Sport 1): Laura Papendick, Experten: Stefan Effenberg und Toni Schumacher <\/p>\n\n\n\n<p>Moderation (Sky): Esther Sedlaczek <\/p>\n\n\n\n<p> <strong>UEFA Nations League, 04.Spieltag<\/strong> <\/p>\n\n\n\n<p><span style=\"text-decoration: underline;\">Dienstag, 13. Oktober 2020, ab 20.15 Uhr (ARD)<\/span><\/p>\n\n\n\n<p>Gruppe A4: <strong><em>Deutschland \u2013 Schweiz (20.45 Uhr)<\/em><\/strong><\/p>\n\n\n\n<p><img loading=\"lazy\" decoding=\"async\" width=\"10\" height=\"21\" class=\"wp-image-3656\" style=\"width: 10px;\" src=\"http:\/\/kommentatorenblog.de\/wp-content\/uploads\/2020\/09\/shure-55sh-ii-e1601485394796.jpg\" alt=\"\" srcset=\"http:\/\/kommentatorenblog.de\/wp-content\/uploads\/2020\/09\/shure-55sh-ii-e1601485394796.jpg 415w, http:\/\/kommentatorenblog.de\/wp-content\/uploads\/2020\/09\/shure-55sh-ii-e1601485394796-142x300.jpg 142w\" sizes=\"auto, (max-width: 10px) 100vw, 10px\" \/> Gerd Gottlob<\/p>\n\n\n\n<p>Field-Reporter: J\u00fcrgen Bergener<\/p>\n\n\n\n<p>Moderation: Jessy Wellmer, Experte: Bastian Schweinsteiger<\/p>\n\n\n\n<p><span style=\"text-decoration: underline;\">ab 20.45 Uhr (DAZN) <\/span><\/p>\n\n\n\n<p>Gruppe A4: <strong><em>Ukraine \u2013 Spanien (20.45 Uhr)<\/em><\/strong><\/p>\n\n\n\n<p><img loading=\"lazy\" decoding=\"async\" width=\"10\" height=\"21\" class=\"wp-image-3656\" style=\"width: 10px;\" src=\"http:\/\/kommentatorenblog.de\/wp-content\/uploads\/2020\/09\/shure-55sh-ii-e1601485394796.jpg\" alt=\"\" srcset=\"http:\/\/kommentatorenblog.de\/wp-content\/uploads\/2020\/09\/shure-55sh-ii-e1601485394796.jpg 415w, http:\/\/kommentatorenblog.de\/wp-content\/uploads\/2020\/09\/shure-55sh-ii-e1601485394796-142x300.jpg 142w\" sizes=\"auto, (max-width: 10px) 100vw, 10px\" \/> Jan Platte, Experte: Benny Lauth<\/p>\n\n\n\n<p><span style=\"text-decoration: underline;\">Mittwoch, 14. Oktober 2020, ab 20.45 Uhr (DAZN)<\/span><\/p>\n\n\n\n<p><strong><em>Goalzone<\/em><\/strong><\/p>\n\n\n\n<p><img loading=\"lazy\" decoding=\"async\" width=\"10\" height=\"21\" class=\"wp-image-3656\" style=\"width: 10px;\" src=\"http:\/\/kommentatorenblog.de\/wp-content\/uploads\/2020\/09\/shure-55sh-ii-e1601485394796.jpg\" alt=\"\" srcset=\"http:\/\/kommentatorenblog.de\/wp-content\/uploads\/2020\/09\/shure-55sh-ii-e1601485394796.jpg 415w, http:\/\/kommentatorenblog.de\/wp-content\/uploads\/2020\/09\/shure-55sh-ii-e1601485394796-142x300.jpg 142w\" sizes=\"auto, (max-width: 10px) 100vw, 10px\" \/> Lukas Sch\u00f6nm\u00fcller, Experte: Ralph Gunesch<\/p>\n\n\n\n<p>Gruppe A1: <strong><em>Italien \u2013 Niederlande (20.45 Uhr) <\/em><\/strong><\/p>\n\n\n\n<p><img loading=\"lazy\" decoding=\"async\" width=\"10\" height=\"21\" class=\"wp-image-3656\" style=\"width: 10px;\" src=\"http:\/\/kommentatorenblog.de\/wp-content\/uploads\/2020\/09\/shure-55sh-ii-e1601485394796.jpg\" alt=\"\" srcset=\"http:\/\/kommentatorenblog.de\/wp-content\/uploads\/2020\/09\/shure-55sh-ii-e1601485394796.jpg 415w, http:\/\/kommentatorenblog.de\/wp-content\/uploads\/2020\/09\/shure-55sh-ii-e1601485394796-142x300.jpg 142w\" sizes=\"auto, (max-width: 10px) 100vw, 10px\" \/> Carsten Fu\u00df<\/p>\n\n\n\n<p>Gruppe A1: <strong><em>Polen \u2013 Bosnien &amp; Herzegowina (20.45 Uhr) <\/em><\/strong><\/p>\n\n\n\n<p><img loading=\"lazy\" decoding=\"async\" width=\"10\" height=\"21\" class=\"wp-image-3656\" style=\"width: 10px;\" src=\"http:\/\/kommentatorenblog.de\/wp-content\/uploads\/2020\/09\/shure-55sh-ii-e1601485394796.jpg\" alt=\"\" srcset=\"http:\/\/kommentatorenblog.de\/wp-content\/uploads\/2020\/09\/shure-55sh-ii-e1601485394796.jpg 415w, http:\/\/kommentatorenblog.de\/wp-content\/uploads\/2020\/09\/shure-55sh-ii-e1601485394796-142x300.jpg 142w\" sizes=\"auto, (max-width: 10px) 100vw, 10px\" \/> Matthias Naebers<\/p>\n\n\n\n<p>Gruppe A2: <strong><em>England \u2013 D\u00e4nemark (20.45 Uhr) <\/em><\/strong><\/p>\n\n\n\n<p><img loading=\"lazy\" decoding=\"async\" width=\"10\" height=\"21\" class=\"wp-image-3656\" style=\"width: 10px;\" src=\"http:\/\/kommentatorenblog.de\/wp-content\/uploads\/2020\/09\/shure-55sh-ii-e1601485394796.jpg\" alt=\"\" srcset=\"http:\/\/kommentatorenblog.de\/wp-content\/uploads\/2020\/09\/shure-55sh-ii-e1601485394796.jpg 415w, http:\/\/kommentatorenblog.de\/wp-content\/uploads\/2020\/09\/shure-55sh-ii-e1601485394796-142x300.jpg 142w\" sizes=\"auto, (max-width: 10px) 100vw, 10px\" \/> Uli Hebel<\/p>\n\n\n\n<p>Gruppe A2: <strong><em>Island \u2013 Belgien (20.45 Uhr) <\/em><\/strong><\/p>\n\n\n\n<p><img loading=\"lazy\" decoding=\"async\" width=\"10\" height=\"21\" class=\"wp-image-3656\" style=\"width: 10px;\" src=\"http:\/\/kommentatorenblog.de\/wp-content\/uploads\/2020\/09\/shure-55sh-ii-e1601485394796.jpg\" alt=\"\" srcset=\"http:\/\/kommentatorenblog.de\/wp-content\/uploads\/2020\/09\/shure-55sh-ii-e1601485394796.jpg 415w, http:\/\/kommentatorenblog.de\/wp-content\/uploads\/2020\/09\/shure-55sh-ii-e1601485394796-142x300.jpg 142w\" sizes=\"auto, (max-width: 10px) 100vw, 10px\" \/> Oliver Forster<\/p>\n\n\n\n<p> Gruppe A3: <strong><em>Kroatien \u2013 Frankreich (20.45 Uhr)<\/em><\/strong><\/p>\n\n\n\n<p><img loading=\"lazy\" decoding=\"async\" width=\"10\" height=\"21\" class=\"wp-image-3656\" style=\"width: 10px;\" src=\"http:\/\/kommentatorenblog.de\/wp-content\/uploads\/2020\/09\/shure-55sh-ii-e1601485394796.jpg\" alt=\"\" srcset=\"http:\/\/kommentatorenblog.de\/wp-content\/uploads\/2020\/09\/shure-55sh-ii-e1601485394796.jpg 415w, http:\/\/kommentatorenblog.de\/wp-content\/uploads\/2020\/09\/shure-55sh-ii-e1601485394796-142x300.jpg 142w\" sizes=\"auto, (max-width: 10px) 100vw, 10px\" \/> Stefan Galler<\/p>\n\n\n\n<p>Gruppe A3:<strong><em> Portugal \u2013 Schweden (20.45 Uhr) <\/em><\/strong><\/p>\n\n\n\n<p><img loading=\"lazy\" decoding=\"async\" width=\"10\" height=\"21\" class=\"wp-image-3656\" style=\"width: 10px;\" src=\"http:\/\/kommentatorenblog.de\/wp-content\/uploads\/2020\/09\/shure-55sh-ii-e1601485394796.jpg\" alt=\"\" srcset=\"http:\/\/kommentatorenblog.de\/wp-content\/uploads\/2020\/09\/shure-55sh-ii-e1601485394796.jpg 415w, http:\/\/kommentatorenblog.de\/wp-content\/uploads\/2020\/09\/shure-55sh-ii-e1601485394796-142x300.jpg 142w\" sizes=\"auto, (max-width: 10px) 100vw, 10px\" \/> Mario Rieker<\/p>\n\n\n\n<p>Gruppe B1: <strong><em>Rum\u00e4nien \u2013 \u00d6sterreich (20.45 Uhr) <\/em><\/strong><\/p>\n\n\n\n<p><img loading=\"lazy\" decoding=\"async\" width=\"10\" height=\"21\" class=\"wp-image-3656\" style=\"width: 10px;\" src=\"http:\/\/kommentatorenblog.de\/wp-content\/uploads\/2020\/09\/shure-55sh-ii-e1601485394796.jpg\" alt=\"\" srcset=\"http:\/\/kommentatorenblog.de\/wp-content\/uploads\/2020\/09\/shure-55sh-ii-e1601485394796.jpg 415w, http:\/\/kommentatorenblog.de\/wp-content\/uploads\/2020\/09\/shure-55sh-ii-e1601485394796-142x300.jpg 142w\" sizes=\"auto, (max-width: 10px) 100vw, 10px\" \/> Max Gross<\/p>\n\n\n\n<p>Gruppe B3: <strong><em>T\u00fcrkei \u2013 Serbien (20.45 Uhr) <\/em><\/strong><\/p>\n\n\n\n<p><img loading=\"lazy\" decoding=\"async\" width=\"10\" height=\"21\" class=\"wp-image-3656\" style=\"width: 10px;\" src=\"http:\/\/kommentatorenblog.de\/wp-content\/uploads\/2020\/09\/shure-55sh-ii-e1601485394796.jpg\" alt=\"\" srcset=\"http:\/\/kommentatorenblog.de\/wp-content\/uploads\/2020\/09\/shure-55sh-ii-e1601485394796.jpg 415w, http:\/\/kommentatorenblog.de\/wp-content\/uploads\/2020\/09\/shure-55sh-ii-e1601485394796-142x300.jpg 142w\" sizes=\"auto, (max-width: 10px) 100vw, 10px\" \/> Freddie Schulz<\/p>\n\n\n\n<p><strong>U21, EM-Qualifikation<\/strong><\/p>\n\n\n\n<p><span style=\"text-decoration: underline;\">Dienstag, 13. Oktober 2020, ab 17.45 Uhr (ProSieben Maxx)<\/span><\/p>\n\n\n\n<p><strong><em>Deutschland \u2013 Bosnien und Herzegowina (18.15 Uhr)<\/em><\/strong><\/p>\n\n\n\n<p><img loading=\"lazy\" decoding=\"async\" width=\"10\" height=\"21\" class=\"wp-image-3656\" style=\"width: 10px;\" src=\"http:\/\/kommentatorenblog.de\/wp-content\/uploads\/2020\/09\/shure-55sh-ii-e1601485394796.jpg\" alt=\"\" srcset=\"http:\/\/kommentatorenblog.de\/wp-content\/uploads\/2020\/09\/shure-55sh-ii-e1601485394796.jpg 415w, http:\/\/kommentatorenblog.de\/wp-content\/uploads\/2020\/09\/shure-55sh-ii-e1601485394796-142x300.jpg 142w\" sizes=\"auto, (max-width: 10px) 100vw, 10px\" \/> Matthias Stach, &#8222;Experten&#8220;: Joko Winterscheidt und Klaas Heufer-Umlauf <\/p>\n\n\n\n<p>Field-Reporter: Maximilian Zielke<\/p>\n\n\n\n<p>Moderation: Christian D\u00fcren, Experte: Ren\u00e9 Adler<\/p>\n\n\n\n<p><strong>Die Analyse<\/strong><\/p>\n\n\n\n<p><strong>Wilde Pokal-Ansetzung<\/strong> <\/p>\n\n\n\n<p>Neben all den L\u00e4nderspielen gibts tats\u00e4chlich auch eine DFB-Pokal Partie. Titelverteidiger Bayern M\u00fcnchen empf\u00e4ngt D\u00fcren zum Nachholspiel. Mit dabei sind Sky und Sport1. Bei Sky haben wir bisher noch nicht allzuviele Informationen zum Personal, einzig der Kommentator Kai Dittmann steht. Rest liefern wir nach. Bei Sport 1 wiederum steht schon alles fest, es handelt sich um das selbe Personal wie in der Vorsaison. Wer alles vor Ort ist, liefern wir im Laufe der Woche nach.<\/p>\n\n\n\n<p><strong>DAZN mit einer Goalzone<\/strong><\/p>\n\n\n\n<p>Bei den L\u00e4nderspielen bleibt alles wie gehabt. Die ARD \u00fcbertr\u00e4gt Deutschland und DAZN den Rest. DAZN zeigt am Mittwoch eine Goalzone, durch die Lukas Sch\u00f6nm\u00fcller (Der mitunter beste Moderator f\u00fcr ein solches Format) und Ralle Gunesch f\u00fchren. Einzig Experten gibt\u2019s unter der Woche bei DAZN, Stand jetzt, noch keinen. <\/p>\n\n\n\n<p><strong>Alles zu Joko &amp; Klaas<\/strong><\/p>\n\n\n\n<p>Ihr habt es sicherlich mitbekommen&#8230; Anl\u00e4sslich der Niederlage von Joko &amp; Klaas, bei deren Duell gegen Pro Sieben, m\u00fcssen die beiden als Strafe an der Seite von Matthias Stach das U21 Spiel der Nationalmannschaft gegen Bosnien kommentieren. Die drei Herren berichten allerdings aus einem Berliner-Studio. Die Herren D\u00fcren, Adler und  Interviewer Zielke berichten aus F\u00fcrth.<\/p>\n\n\n\n<p>Soviel also f\u00fcr heute. Donnerstag gibts dann wieder deutlich mehr, dann gibts von mir eine XXL-Vorschau aufs Fussballwochenende.<\/p>\n","protected":false},"excerpt":{"rendered":"<p>N&#8217;Abend allerseits, gef\u00fchlt starte ich seit zwei Monaten meine Beitr\u00e4ge nur mit Worten zum Tennis, so auch heute wieder. Die letzten zwei Wochen waren bei mir sehr vom Tennis gepr\u00e4gt. Ob vor dem I-Pad oder selber auf dem Platz, die gelbe Filzkugel war ein treuer Begleiter. Wenig \u00fcberraschend habe ich also auch gestern das \u00fcberragende [&hellip;]<\/p>\n","protected":false},"author":5,"featured_media":0,"comment_status":"open","ping_status":"open","sticky":false,"template":"","format":"standard","meta":{"footnotes":""},"categories":[504,426],"tags":[19,177,13,65,74,360,93,75,205,67,176,137,84,22,66,68],"class_list":["post-3814","post","type-post","status-publish","format-standard","hentry","category-dfb-pokal-co","category-laenderspiele","tag-ard","tag-christian-dueren","tag-dazn","tag-dfb-pokal","tag-jochen-stutzky","tag-joko-klaas","tag-kai-dittmann","tag-laura-papendick","tag-lukas-schoenmueller","tag-markus-hoehner","tag-matthias-stach","tag-prosieben-maxx","tag-rene-adler","tag-sky","tag-sport1","tag-stefan-effenberg"],"_links":{"self":[{"href":"http:\/\/kommentatorenblog.de\/index.php?rest_route=\/wp\/v2\/posts\/3814","targetHints":{"allow":["GET"]}}],"collection":[{"href":"http:\/\/kommentatorenblog.de\/index.php?rest_route=\/wp\/v2\/posts"}],"about":[{"href":"http:\/\/kommentatorenblog.de\/index.php?rest_route=\/wp\/v2\/types\/post"}],"author":[{"embeddable":true,"href":"http:\/\/kommentatorenblog.de\/index.php?rest_route=\/wp\/v2\/users\/5"}],"replies":[{"embeddable":true,"href":"http:\/\/kommentatorenblog.de\/index.php?rest_route=%2Fwp%2Fv2%2Fcomments&post=3814"}],"version-history":[{"count":18,"href":"http:\/\/kommentatorenblog.de\/index.php?rest_route=\/wp\/v2\/posts\/3814\/revisions"}],"predecessor-version":[{"id":4270,"href":"http:\/\/kommentatorenblog.de\/index.php?rest_route=\/wp\/v2\/posts\/3814\/revisions\/4270"}],"wp:attachment":[{"href":"http:\/\/kommentatorenblog.de\/index.php?rest_route=%2Fwp%2Fv2%2Fmedia&parent=3814"}],"wp:term":[{"taxonomy":"category","embeddable":true,"href":"http:\/\/kommentatorenblog.de\/index.php?rest_route=%2Fwp%2Fv2%2Fcategories&post=3814"},{"taxonomy":"post_tag","embeddable":true,"href":"http:\/\/kommentatorenblog.de\/index.php?rest_route=%2Fwp%2Fv2%2Ftags&post=3814"}],"curies":[{"name":"wp","href":"https:\/\/api.w.org\/{rel}","templated":true}]}}