{"id":388,"date":"2019-10-17T15:33:10","date_gmt":"2019-10-17T15:33:10","guid":{"rendered":"http:\/\/kommentatorenblog.de\/?p=388"},"modified":"2020-12-30T16:05:35","modified_gmt":"2020-12-30T16:05:35","slug":"1025-uni-barcelona-und-30-love","status":"publish","type":"post","link":"http:\/\/kommentatorenblog.de\/?p=388","title":{"rendered":"1025 &#8211; Uni, Barcelona und 30-Love"},"content":{"rendered":"\n<p>N\u2018Abend allerseits!<\/p>\n\n\n\n<p>Gestern morgen trudelte ich souver\u00e4n um acht Uhr zum Vorlesungsbeginn in den H\u00f6rsaal &#8211; klassischer Mittwoch in diesem Semester. Leicht verschlafen k\u00fcmmerte ich mich aber um die wichtigen Dinge im Leben. Ich arbeitete an den n\u00e4chsten beiden Eintr\u00e4gen dieses Blogs und buchte zwischendurch noch Fl\u00fcge nach Barcelona, um die Ausw\u00e4rtsfahrt zur Champions League &#8211; Partie zwischen dem FC Barcelona und Borussia Dortmund endg\u00fcltig zu fixieren. Tickets haben wir uns bereits gesichert &#8211; ehrlicher Weise nicht im G\u00e4steblock, weil man dort wohl noch schlechter sieht, als bei einem Eishockeyspiel im Fu\u00dfballstadion. Was letzteres angeht spreche ich hier aus eigener Erfahrung: WM 2010, <a href=\"https:\/\/www.youtube.com\/watch?v=yrW7SvGiX_4\">Er\u00f6ffnungsspiel<\/a>, Felix Sch\u00fctz. Das Spiel in der Arena auf Schalke, die ich eigentlich als bekennender Borusse nie betreten wollte, war trotzdem ein gro\u00dfartiges Erlebnis. Marc Hindelang, mittlerweile in der Presseabteilung bei Eintracht Frankfurt angestellt, und der ewige Rick Goldmann, wissen wovon ich rede. Naja, w\u00e4hrend meiner Zeit bei Sky habe ich die Prinzipien mal au\u00dfer Kraft gesetzt und das Derby aller Derbys besucht. Gemeinsam mit Michael Leopold am Spielfeldrand so etwas mitzuerleben, vergisst man nicht so schnell.<\/p>\n\n\n\n<p>Die Vorlesung \u00fcber Public Relations, mit der ich als angehender Journalist nat\u00fcrlich niemals etwas zu tun haben m\u00f6chte (leichter Husten), war noch nicht zu Ende. \u00dcber Umwegen landete ich dann auf unserem Twitterprofil. Ich arbeitete mich m\u00fchsam durch die Neuigkeiten. Rakuten schuldet Wolff Fuss noch Geld, die Einschaltquote bei Bachelor in Paradise ist ausbauf\u00e4hig und von den Hebel-Br\u00fcdern hatte auch wieder einer etwas getwittert &#8211; alles wie immer. Als dann der erste Tweet \u00fcber das Engagement von Tennisspielerin Andrea Petkovic beim ZDF auftauchte, schaute ich erst nach, ob heute nicht der erste April ist. Durch eine gezielte Suche bei Google bin ich dann auf die Pressemitteilung des ZDFs gesto\u00dfen: &#8222;Andrea Petkovic neue Moderatorin der &#8222;ZDF SPORTreportage&#8220;. Im ersten Moment habe ich mit dem Kopf gesch\u00fcttelt. Vor allem bedingt durch die Tatsache, dass &#8222;Petko&#8220; ja weiter professionell Tennis spielen wird. Mit ein bisschen Abstand erkennt man eine mutige Entscheidung des ZDFs, dass im Team der Sportreportage weibliche Verst\u00e4rkung fast schon dringend ben\u00f6tigt. Nach dem durchaus \u00fcberraschenden Abgang von Anna Kraft, die damals dem Ruf von Eurosport gefolgt ist, fehlt grunds\u00e4tzlich eine Frau im Moderatorenteam der ZDF-Sportreportage. Sportler, die nach ihrer Karriere im Sportjournalismus arbeiten, sind nicht ungew\u00f6hnlich. Petkovic kann ja mal bei ihrem Kollegen Rudi Cerne nachfragen. Christoph Kramer, Sascha Bigalke &amp; Co verdienen sich als Fu\u00dfballexperten mittlerweile auch noch etwas dazu. Aber die Tatsache, dass eine aktive Sportlerin in Zukunft eine Institution als Sendung, die seit \u00fcber 50 Jahren existiert, moderieren wird, erwarte ich mit Spannung. Nat\u00fcrlich gibt es gr\u00f6\u00dfere journalistische Herausforderungen als die Moderation der ZDF-Sportreportage. Trotzdem bleibt es f\u00fcr die Darmst\u00e4dterin eine Challenge und zwar nicht nur wegen fehlender Moderationserfahrung und der Sache mit der Neutralit\u00e4t. Einzig durch ihre wirklich lesenswerte Kolumne<a href=\"https:\/\/sz-magazin.sueddeutsche.de\/tag\/30-love-unterwegs-mit-andrea-petkovic\"> &#8222;30-Love &#8211; Unterwegs mit Andrea Petkovic&#8220;<\/a> konnte sie journalistische Vorerfahrungen sammeln. &#8222;Petko&#8220; hat also eine eigene Kolumne beim SZ-Magazin gehabt und ist laut ZDF-Sportchef Thomas Fuhrmann eine &#8222;gro\u00dfartige Pers\u00f6nlichkeit mit viel Charme und klarer Meinung&#8220;: Reicht euch das? Meinungen zu dem Thema gerne in die Kommentare!<\/p>\n\n\n\n<p><span style=\"text-decoration: underline;\">Die Ansetzungen vom 18. Oktober 2019 bis zum 21. Oktober 2019<\/span><\/p>\n\n\n\n<p><strong><em>1.Bundesliga, 8. Spieltag<\/em><\/strong><\/p>\n\n\n\n<p><span style=\"text-decoration: underline;\">Freitag, 18.10.2019, ab 20.15 Uhr (DAZN)<\/span><\/p>\n\n\n\n<p><strong><em>Eintracht Frankfurt \u2013 Bayer 04 Leverkusen (20.30 Uhr)<\/em><\/strong><\/p>\n\n\n\n<p>DAZN: Uli Hebel (Kommentar), Sebastian Knei\u00dfl (Experte), Field-Reporter: Sebastian Benesch<\/p>\n\n\n\n<p>Moderation (DAZN): Alex Schl\u00fcter<\/p>\n\n\n\n<p><span style=\"text-decoration: underline;\">Samstag, 19.10.2019, ab 14.00 Uhr (Sky)<\/span><\/p>\n\n\n\n<p><strong><em>1.FC Union Berlin \u2013<\/em><\/strong>&nbsp;<strong><em>SC Freiburg (15.30 Uhr)<\/em><\/strong><\/p>\n\n\n\n<p>Sky: Hansi K\u00fcpper (Einzelspiel), Toni Tomic (Konferenz), Field-Reporter: Martin Gro\u00df <\/p>\n\n\n\n<p><strong><em>FC Augsburg \u2013 FC Bayern M\u00fcnchen (15.30 Uhr)<\/em><\/strong><\/p>\n\n\n\n<p>Sky: Kai Dittmann (Einzelspiel), Frank Buschmann (Konferenz), Field-Reporter: Jessica Libbertz<\/p>\n\n\n\n<p><strong><em>SV Werder Bremen \u2013 Hertha BSC Berlin (15.30 Uhr)<\/em><\/strong><\/p>\n\n\n\n<p>Sky: Roland Evers (Einzelspiel), Tom Bayer (Konferenz), Field-Reporter: Patrick Wasserziehr<\/p>\n\n\n\n<p><strong><em>RB Leipzig \u2013 <\/em><\/strong> <strong><em>VfL Wolfsburg<\/em><\/strong> <strong><em>(15.30 Uhr)<\/em><\/strong><\/p>\n\n\n\n<p>Sky: Jonas Friedrich (Einzelspiel), Michael Born (Konferenz), Field-Reporter: Ulli Potofski <\/p>\n\n\n\n<p><strong><em>Fortuna D\u00fcsseldorf \u2013 FSV Mainz 05 (15.30 Uhr)<\/em><\/strong><\/p>\n\n\n\n<p>Sky: Marcel Meinert (Einzelspiel), Markus G\u00f6tz (Konferenz), Field-Reporter: Jens Westen<\/p>\n\n\n\n<p>Moderation (Sky): Michael Leopold, Experte: Didi Hamann<\/p>\n\n\n\n<p><span style=\"text-decoration: underline;\">ab 17.30 Uhr (Sky)<\/span><\/p>\n\n\n\n<p><strong><em>Borussia Dortmund <\/em><\/strong><strong><em>\u2013 Borussia M\u00b4Gladbach (18.30 Uhr)<\/em><\/strong><\/p>\n\n\n\n<p>Sky: Wolff Fuss (Kommentar), Field-Reporter: Stefan Hempel<\/p>\n\n\n\n<p>Moderation (Sky): Sebastian Hellmann, Experte: Lothar Matth\u00e4us<\/p>\n\n\n\n<p><span style=\"text-decoration: underline;\">Sonntag, 20.10.2019, ab 14.30 Uhr (Sky)<\/span><\/p>\n\n\n\n<p><strong><em>1.FC K\u00f6ln \u2013 SC Paderborn 07 (15.30 Uhr)<\/em><\/strong><\/p>\n\n\n\n<p>Sky: Martin Gro\u00df (Kommentar), Field-Reporter: Esther Sedlaczek<\/p>\n\n\n\n<p><span style=\"text-decoration: underline;\">ab 17.30 Uhr (Sky)<\/span><\/p>\n\n\n\n<p><strong><em>TSG 1899 Hoffenheim \u2013 FC Schalke 04 (18.00 Uhr)<\/em><\/strong><\/p>\n\n\n\n<p>Sky: Holger Pfandt, Field-Reporter: Ecki Heuser <\/p>\n\n\n\n<p>Moderation (Sky): Britta Hofmann, Experte: Mladen Petric<\/p>\n\n\n\n<p><strong>2. Bundesliga, 10. Spieltag<\/strong><\/p>\n\n\n\n<p><span style=\"text-decoration: underline;\">Freitag, 18.10.2019, ab 18.00 Uhr (Sky)<\/span><\/p>\n\n\n\n<p><strong><em>SpVgg Greuther F\u00fcrth&nbsp;\u2013&nbsp;Dynamo Dresden (18.30 Uhr)<\/em><\/strong><\/p>\n\n\n\n<p>Sky: Torsten Kunde<\/p>\n\n\n\n<p><strong><em>Erzgebirge Aue&nbsp;\u2013&nbsp;1. FC N\u00fcrnberg (18.30 Uhr)<\/em><\/strong><\/p>\n\n\n\n<p>Sky: Klaus Veltmann, Field-Reporter: Martin Winkler<\/p>\n\n\n\n<p>Moderation (Sky): Stefan Hempel&nbsp;<\/p>\n\n\n\n<p><span style=\"text-decoration: underline;\">Samstag, 19.10.2019, ab 12.30 Uhr (Sky)<\/span><\/p>\n\n\n\n<p><strong><em>FC St. Pauli \u2013&nbsp;SV Darmstadt 98 (13.00 Uhr)<\/em><\/strong><\/p>\n\n\n\n<p>Sky: Sven Haist, Field-Reporter: Sven T\u00f6llner <\/p>\n\n\n\n<p><strong><em>SV Sandhausen&nbsp;\u2013&nbsp;Jahn Regensburg  (13.00 Uhr)<\/em><\/strong><\/p>\n\n\n\n<p>Sky: Karsten Petrzika <\/p>\n\n\n\n<p><strong><em>SV&nbsp;Wehen Wiesbaden&nbsp;\u2013&nbsp;1. FC Heidenheim (13.00 Uhr)<\/em><\/strong><\/p>\n\n\n\n<p>Sky: Klaus Veltmann<\/p>\n\n\n\n<p>Moderation (Sky): Peter Hardenacke<\/p>\n\n\n\n<p><span style=\"text-decoration: underline;\">Sonntag, 20.10.2019, ab 13.00 Uhr (Sky)<\/span><\/p>\n\n\n\n<p><strong><em>VfB Stuttgart \u2013&nbsp;Holstein Kiel <\/em><\/strong><strong><em>(13.30 Uhr)<\/em><\/strong><\/p>\n\n\n\n<p>Sky: J\u00fcrgen Schmitz<\/p>\n\n\n\n<p><strong><em>VfL Bochum&nbsp;\u2013&nbsp;Karlsruher SC  (13.30 Uhr)<\/em><\/strong><\/p>\n\n\n\n<p>Sky: J\u00f6rg Dahlmann<\/p>\n\n\n\n<p><strong><em>Hannover 96&nbsp;\u2013&nbsp;VfL Osnabr\u00fcck (13.30 Uhr)<\/em><\/strong><\/p>\n\n\n\n<p>Sky: Hansi K\u00fcpper, Field-Reporter: Jurek Rohrberg<\/p>\n\n\n\n<p>Moderation (Sky): Hartmut von Kameke<\/p>\n\n\n\n<p><span style=\"text-decoration: underline;\">Montag, 21.10.2019, ab 20.00 Uhr (Sky)<\/span><\/p>\n\n\n\n<p> <strong><em>Arminia Bielefeld&nbsp;\u2013&nbsp;Hamburger SV (20.30 Uhr)<\/em><\/strong><\/p>\n\n\n\n<p>Sky: Oliver Seidler, Field-Reporter: Sven T\u00f6llner <\/p>\n\n\n\n<p>Moderation (Sky): Yannick Erkenbrecher&nbsp;<\/p>\n\n\n\n<p><strong>3. Liga, 12. Spieltag<\/strong><\/p>\n\n\n\n<p><span style=\"text-decoration: underline;\">Freitag, 18.10.2019, ab 18.30 Uhr (Magenta Sport)<\/span><\/p>\n\n\n\n<p><strong><em>MSV Duisburg \u2013 1.FC Kaiserslautern (19.00 Uhr)<\/em><\/strong><\/p>\n\n\n\n<p>Magenta Sport: Markus H\u00f6hner (Kommentar), Thomas Wagner (Moderation)<\/p>\n\n\n\n<p><span style=\"text-decoration: underline;\">Samstag, 19.10.2019, ab 13.45 Uhr (Magenta Sport)<\/span><\/p>\n\n\n\n<p><strong><em>Konferenz<\/em><\/strong><\/p>\n\n\n\n<p>Magenta Sport: Alexander Kunz<\/p>\n\n\n\n<p><strong><em>Eintracht Braunschweig \u2013 SpVgg Unterhaching (14.00 Uhr)<\/em><\/strong><\/p>\n\n\n\n<p>Magenta Sport: Andreas Mann (Kommentar), Stefanie Blochwitz (Moderation)<\/p>\n\n\n\n<p><strong><em>Preu\u00dfen M\u00fcnster \u2013 SG Sonnenhof Gro\u00dfaspach (14.00 Uhr)<\/em><\/strong><\/p>\n\n\n\n<p>Magenta Sport: Gari Paubandt (Kommentar), Tobi Sch\u00e4fer (Moderation) <\/p>\n\n\n\n<p><strong><em>FC Ingolstadt<\/em><\/strong><strong><em> \u2013 Chemnitzer FC (14.00 Uhr)<\/em><\/strong><\/p>\n\n\n\n<p>Magenta Sport: Martin Piller (Kommentar), Kevin Gerwin (Moderation)<\/p>\n\n\n\n<p><strong><em>Waldhof Mannheim \u2013 Hallescher FC (14.00 Uhr)<\/em><\/strong><\/p>\n\n\n\n<p>Magenta Sport: Franz B\u00fcchner (Kommentar), Cedric Pick (Moderation)<\/p>\n\n\n\n<p><strong><em>TSV 1860 M\u00fcnchen \u2013 KFC Uerdingen (14.00 Uhr)<\/em><\/strong><\/p>\n\n\n\n<p>Magenta Sport: Alex Klich (Kommentar), Simon K\u00f6pfer (Moderation)<\/p>\n\n\n\n<p>BR: Bernd Schmelzer (Kommentar), Flo Eckl (Moderation)<\/p>\n\n\n\n<p>WDR: ???<\/p>\n\n\n\n<p><strong><em>1.FC Magdeburg \u2013 <\/em><\/strong> <strong><em>Hansa Rostock<\/em><\/strong> <strong><em>(14.00 Uhr)<\/em><\/strong><\/p>\n\n\n\n<p>Magenta Sport: Alexander K\u00fcpper (Kommentar), Anett Sattler (Moderation)<\/p>\n\n\n\n<p>NDR: ??? (Kommentar), Ina Knast (Moderation)<\/p>\n\n\n\n<p>MDR: Torsten P\u00fcschel (Kommentar), ??? (Moderation) <\/p>\n\n\n\n<p><span style=\"text-decoration: underline;\">Sonntag, 20.10.2019, ab 12.45 Uhr (Magenta Sport)<\/span><\/p>\n\n\n\n<p><strong><em>FSV Zwickau \u2013&nbsp;FC Bayern M\u00fcnchen II <\/em><\/strong><strong><em>(13.00 Uhr)<\/em><\/strong><\/p>\n\n\n\n<p>Magenta Sport:  Oskar Heirler (Kommentar), Alexander K\u00fcpper (Moderation) <\/p>\n\n\n\n<p><span style=\"text-decoration: underline;\">ab 13.45 Uhr (Magenta Sport)<\/span><\/p>\n\n\n\n<p><strong><em>Carl Zeiss Jena \u2013 W\u00fcrzburger Kickers (14.00 Uhr)<\/em><\/strong><\/p>\n\n\n\n<p>Magenta Sport: Markus Herwig (Kommentar), Stefanie Blochwitz (Moderation)<\/p>\n\n\n\n<p><span style=\"text-decoration: underline;\">Montag, 21.10.2019, ab 18.45 Uhr (Magenta Sport)<\/span><\/p>\n\n\n\n<p><strong><em>SV Meppen \u2013 FC Viktoria K\u00f6ln (19.00 Uhr)<\/em><\/strong><\/p>\n\n\n\n<p>Magenta Sport: Gari Paubandt (Kommentar), Cedric Pick (Moderation)<\/p>\n\n\n\n<p><strong>Premier League, 9. Spieltag<\/strong><\/p>\n\n\n\n<p><span style=\"text-decoration: underline;\">Samstag, 19.10.2019, ab 13.20 Uhr (Sky)<\/span><\/p>\n\n\n\n<p><strong><em>FC Everton \u2013 West Ham United (13.30 Uhr)<\/em><\/strong><\/p>\n\n\n\n<p>Sky: Jogi Hebel<\/p>\n\n\n\n<p><span style=\"text-decoration: underline;\">ab 15.50 Uhr (Sky)<\/span><\/p>\n\n\n\n<p><strong><em>FC Chelsea \u2013 Newcastle United (16.00 Uhr)<\/em><\/strong><\/p>\n\n\n\n<p>Sky: Markus Gaupp<\/p>\n\n\n\n<p><span style=\"text-decoration: underline;\">ab 18.20 Uhr (Sky)<\/span><\/p>\n\n\n\n<p><strong><em>Crystal Palace \u2013&nbsp;Manchester City <\/em><\/strong><strong><em>(18.30 Uhr)<\/em><\/strong><\/p>\n\n\n\n<p>Sky: Hannes Herrmann<\/p>\n\n\n\n<p><span style=\"text-decoration: underline;\">Sonntag, 20.10.2019, ab 17.00 Uhr (Sky)<\/span><\/p>\n\n\n\n<p><strong><em>Manchester United \u2013&nbsp;FC Liverpool <\/em><\/strong><strong><em>(17.30 Uhr)<\/em><\/strong><\/p>\n\n\n\n<p>Sky: Florian Schmidt-Sommerfeld, Experte: Erik Meijer <\/p>\n\n\n\n<p><span style=\"text-decoration: underline;\">Montag, 21.10.2019, ab 20.50 Uhr (Sky)<\/span><\/p>\n\n\n\n<p><strong><em>Sheffield United \u2013 FC Arsenal (21.00 Uhr)<\/em><\/strong><\/p>\n\n\n\n<p>Sky: Roland Evers<\/p>\n\n\n\n<p><strong>Fu\u00dfball International<\/strong><\/p>\n\n\n\n<p><span style=\"text-decoration: underline;\">Freitag, 18.10.2019<\/span><\/p>\n\n\n\n<p>Hyundai A-League (2. Spieltag): <strong><em>Melbourne Victory \u2013 Western Sydney Wanderers (10.30 Uhr) <\/em><\/strong> <\/p>\n\n\n\n<p>sportdigital FUSSBALL: Hannes Herrmann<\/p>\n\n\n\n<p>Ekstraklasa (12. Spieltag): <strong><em>Zaglebie Lubin \u2013 Pogon Szczecin (18.00 Uhr) <\/em><\/strong> <\/p>\n\n\n\n<p>sportdigital FUSSBALL: Marc Rohde<\/p>\n\n\n\n<p>Sky Bet Championship (12. Spieltag):&nbsp;<strong><em>Cardiff City \u2013 Sheffield Wednesday (20.45 Uhr)<\/em><\/strong><\/p>\n\n\n\n<p>sportdigital FUSSBALL: Hannes Herrmann<\/p>\n\n\n\n<p>DAZN: Tobi Fischbeck<\/p>\n\n\n\n<p>Ligue 1 (2. Spieltag):&nbsp;<strong><em>OGC <\/em><\/strong><em><strong>Nizza \u2013 Paris Saint-Germain (20.45 Uhr)<\/strong><\/em><\/p>\n\n\n\n<p>DAZN: Stefan Galler (Kommentar), Alexis Menuge (Experte)<\/p>\n\n\n\n<p><span style=\"text-decoration: underline;\">Samstag, 19.10.2019<\/span><\/p>\n\n\n\n<p>La Liga (9. Spieltag):&nbsp;<em><strong>SD Eibar \u2013 FC Barcelona (13.00 Uhr)<\/strong><\/em><\/p>\n\n\n\n<p>DAZN: Jan Platte (Kommentar), Jonas Hummels (Experte)<\/p>\n\n\n\n<p>Chinese Super League (26. Spieltag): <strong><em>Beijing Guoan \u2013 Shanghai SIPG FC (13.00 Uhr)<\/em><\/strong><\/p>\n\n\n\n<p>sportdigital FUSSBALL: Christian Blunck <\/p>\n\n\n\n<p>Serie A (8. Spieltag): <strong><em>Lazio Rom \u2013 Atalanta Bergamo (15.00 Uhr)<\/em><\/strong><\/p>\n\n\n\n<p>DAZN: Andreas Renner (Kommentar), Sascha Bigalke (Experte)<\/p>\n\n\n\n<p>La Liga (9. Spieltag): <strong><em>Atletico Madrid \u2013 FC Valencia (16.00 Uhr)<\/em><\/strong><\/p>\n\n\n\n<p>DAZN: Uwe Morawe (Kommentar), Michi Hofmann (Experte)<\/p>\n\n\n\n<p>Sky Bet Championship (12. Spieltag):<strong><em>&nbsp;FC Barnsley \u2013 Swansea City (16.00 Uhr)<\/em><\/strong><\/p>\n\n\n\n<p>sportdigital FUSSBALL: Marcus Radefeld<\/p>\n\n\n\n<p>Serie A (8. Spieltag): <strong><em>SSC Neapel \u2013 Hellas Verona (18.00 Uhr)<\/em><\/strong><\/p>\n\n\n\n<p>DAZN: Claus M\u00fcller<\/p>\n\n\n\n<p>Eredivisie (10. Spieltag): <strong><em>RKC Waalwijk \u2013 Ajax Amsterdam (18.15 Uhr)<\/em><\/strong><\/p>\n\n\n\n<p>sportdigital FUSSBALL: Karsten Linke<\/p>\n\n\n\n<p>Serie A (8. Spieltag): <strong><em>Juventus Turin \u2013 FC Bologna (20.45 Uhr)<\/em><\/strong><\/p>\n\n\n\n<p>DAZN: Carsten Fu\u00df (Kommentar), Christian Bernhard (Experte) <\/p>\n\n\n\n<p>Eredivisie (10. Spieltag): <strong><em>FC Utrecht \u2013 PSV Eindhoven (20.45 Uhr)<\/em><\/strong> <\/p>\n\n\n\n<p>sportdigital FUSSBALL: J\u00f6rg Steiger<\/p>\n\n\n\n<p>La Liga (9. Spieltag): <strong><em>Real Mallorca \u2013 Real Madrid (21.00 Uhr)<\/em><\/strong><\/p>\n\n\n\n<p>DAZN: Lukas Sch\u00f6nm\u00fcller (Kommentar), Ralph Gunesch (Experte)<\/p>\n\n\n\n<p><span style=\"text-decoration: underline;\">Sonntag, 20.10.2019<\/span><\/p>\n\n\n\n<p>Hyundai A-League (2. Spieltag): <strong><em>Sydney FC \u2013 Wellington Phoenix (09.00 Uhr)<\/em><\/strong><\/p>\n\n\n\n<p>sportdigital FUSSBALL: Karsten Linke<\/p>\n\n\n\n<p>Serie A (8. Spieltag): <strong><em>Sassuolo Calcio \u2013 Inter Mailand (12.30 Uhr)<\/em><\/strong><\/p>\n\n\n\n<p>DAZN: Daniel G\u00fcnther<\/p>\n\n\n\n<p>Serie A (8. Spieltag): <strong><em>Sampdoria Genua \u2013 AS Rom (15.00 Uhr)<\/em><\/strong><\/p>\n\n\n\n<p>DAZN: Tino Polster <\/p>\n\n\n\n<p>Sky Bet Championship (12. Spieltag): <strong><em>Wigan Athletic \u2013 Nottingham Forest (15.00 Uhr)<\/em><\/strong><\/p>\n\n\n\n<p>sportdigital FUSSBALL: Florian Obst<\/p>\n\n\n\n<p>Eredivisie (10. Spieltag): <strong><em>Feyenoord Rotterdam \u2013 Heracles Almelo (16.45 Uhr)<\/em><\/strong><\/p>\n\n\n\n<p>sportdigital FUSSBALL: J\u00f6rg Steiger<\/p>\n\n\n\n<p>La Liga (9. Spieltag): <strong><em>FC Sevilla \u2013 UD Levante (21.00 Uhr)<\/em><\/strong><\/p>\n\n\n\n<p>DAZN: Robby Hunke<\/p>\n\n\n\n<p>MLS Playoffs (1. Runde): <strong><em>Philadelphia Union \u2013 New York Red Bulls (21.15 Uhr)<\/em><\/strong><\/p>\n\n\n\n<p>sportdigital FUSSBALL: Christian Blunck<\/p>\n\n\n\n<p><span style=\"text-decoration: underline;\">Montag, 21.10.2019<\/span><\/p>\n\n\n\n<p>MLS Playoffs (1. Runde): <strong><em>Minnesota United \u2013 Los Angeles Galaxy (02.45 Uhr)<\/em><\/strong><\/p>\n\n\n\n<p>sportdigital FUSSBALL: Ulf Kahmke<\/p>\n\n\n\n<p>Serie A (8. Spieltag): <strong><em>Brescia Calcio &#8211; AC Florenz (20.45 Uhr)<\/em><\/strong><\/p>\n\n\n\n<p>DAZN: Mario Rieker<\/p>\n\n\n\n<p><strong><em>Frauen-Bundesliga<\/em>,&nbsp;<em>6. Spieltag<\/em><\/strong><\/p>\n\n\n\n<p><span style=\"text-decoration: underline;\">Freitag, 18. Oktober 2019, ab 19.00 Uhr (Eurosport1)\/ ab 19.15 Uhr (Magenta Sport)<\/span><\/p>\n\n\n\n<p><strong><em>Bayer 04 Leverkusen&nbsp;<\/em><\/strong><strong><em>\u2013<\/em><\/strong><strong><em>&nbsp;TSG 1899 Hoffenheim (19.15 Uhr)<\/em><\/strong><\/p>\n\n\n\n<p>Eurosport 1: ???<\/p>\n\n\n\n<p>Magenta Sport: Oskar Heirler <\/p>\n\n\n\n<p>Moderation (Eurosport 1): ???<\/p>\n\n\n\n<p><span style=\"text-decoration: underline;\">Sonntag, 20. Oktober 2019, ab 14.00 Uhr (Magenta Sport)<\/span><\/p>\n\n\n\n<p><strong><em>FC Bayern M\u00fcnchen \u2013 Turbine Potsdam (14.00 Uhr)<\/em><\/strong><\/p>\n\n\n\n<p>Magenta Sport: Martin Piller <\/p>\n\n\n\n<p><strong>Die Analyse<\/strong><\/p>\n\n\n\n<p><strong>DAZN wieder aus dem Stadion<\/strong><\/p>\n\n\n\n<p>DAZN startet nach der\nL\u00e4ndespielpause mit einem Freitagabendspiel der besseren Sorte:\nEintracht Frankfurt gegen Bayer Leverkusen. Ansetzung der DFL ist auf\njeden sinvoll, schlie\u00dflich stehen sich morgen Abend zwei\nEuropapoklateilnehmer gegen\u00fcber. Die gesamte Crew berichtet ive aus\ndem Stadion. Uli Hebel und Sebastian Knei\u00dfl \u00fcbernehmen den\nKommentar. Ein Duo, dass zuletzt \u00f6fters das Vergn\u00fcgen hatte\nzusammen zu kommentieren. Kurzer Blick voraus: N\u00e4chste Woche\nkommentieren die beiden auch das CL-Gastspiel des FC Liverpool in\nBelgien sowie den EL-Auftritt der Frankfurter Eintracht. Moderator\nder DAZN-\u00dcbertragung ist der frisch aus dem Surf-Urlaub\nzur\u00fcckgekehrte Alex Schl\u00fcter. Auf Stimmenfang geht Sebastian\nBenesch.<\/p>\n\n\n\n<p><strong>Reiselust<\/strong><\/p>\n\n\n\n<p>Die Bundesligakonferenz am Samstag liest sich gut: Bayer, Buschmann, Born, G\u00f6tz und Tomic. Letzterer bleibt dieses Wochenende ausnahmsweise ohne Premier League \u2013 Einsatz. G\u00f6tz fehlt heute krankheitsbedingt beim Handball. Es bleibt abzuwarten, ob er am Samstag wieder fit ist. Die Mehrzahl der Einzelspielkommentatoren am Samstag geht auf Reisen. K\u00fcpper, Friedrich und Evers zieht es aus dem S\u00fcden der Republik nach Norden\/Osten. Dittmann und Lindemann haben am Samstag eine kurze Anreise. Das Spitzenspiel \u00fcbernimmt Wolff Fuss. Das feste Team um Moderator Sebastian Hellmann und Experte erg\u00e4nzt Field-Reporter Stefan Hempel. Beim Duell der Aufsteiger am Sonntag zwischen K\u00f6ln und Paderborn sitzt Martin Gro\u00df am Mikro. Und wenn ich mich nicht verlesen habe, dann ist Gro\u00df tags zuvor als Field-Reporter in Berlin im Einsatz. Holger Pfandt leiht \u00fcbrigens dem zweiten Sonntagsspiel seine Stimme.<\/p>\n\n\n\n<p><strong>J\u00fcrgen Schmitz und Stuttgart \u2013 eine Liebesgeschichte?!<\/strong><\/p>\n\n\n\n<p>Wenige \u00dcberraschungen in Liga 2: Kunde, Dahlmann, Potofski, K\u00fcpper, Haist, Veltmann und Schmitz kommentieren am Wochenende aus der Box. F\u00fcr J\u00fcrgen Schmitz ist es bei weitem nicht das erste Spiel mit Stuttgarter Beteiligung dieses Jahr. \u00dcberraschend, weil es keine geografischen Gr\u00fcnde daf\u00fcr gibt. Der Kommentar kommt ja schlie\u00dflich aus der Box. Das Topspiel am Montag ist eine Sache f\u00fcr Oliver Seidler und Sven T\u00f6llner. Martin Winkler findet derweil Gefallen am Field-Reporter-Dasein und reist als Interviewer ins Erzgebirge. Jurek Rohrberg zieht es nach Hannover. Schalten kann Sky dieses Wochenende nach F\u00fcrth, Regensburg und Stuttgart.  <\/p>\n\n\n\n<p><strong>Bunte Mischung<\/strong><\/p>\n\n\n\n<p>Das Personal in der 3. Liga\nist bunt gemischt. Der Spieltag startet mit dem Traditionsduell\nzwischen Duisburg und Kaiserslautern. Passender Weise \u00fcbernehmen mit\nThomas Wagner und Markus H\u00f6hner zwei erfahrene Journalisten. Bei\nMagenta Sport kommen an diesem Spieltag nur Stefanie Blochwitz, Gari\nPaubandt und Cedric Pick doppelt zum Einsatz. Reporter-Legende Bernd\nSchmelzer sitzt beim Aufrtitt des TSV 1860 M\u00fcnchen am Mikro. Flo\nEckl, sonst auch oft f\u00fcr den BR als Kommentator t\u00e4tig, moderiert. \n<\/p>\n\n\n\n<p><strong>Rest der Welt<\/strong><\/p>\n\n\n\n<p>In der Premier League\nbekommen die Neuzug\u00e4nge Hebel und Herrmann ihr Live-Einzelspiel.\nTags zuvor ist Hannes Herrmann noch bei sportdigital FUSSBALL\nzugange. Wie bereits vor der Saison angek\u00fcndigt, wird Herrmann auch\nweiter f\u00fcr den Hamburger Sender zum Einsatz kommen. Dar\u00fcber hinaus\nist er ab und zu f\u00fcr Sky auch in Deutschland\u00b4s Handballhallen\nunterwegs. Sonst finde ich wenige \u00dcberraschungen. PSG-Spiel wird von\nGaller\/Menuge begleitet, Barcelona ist bei DAZN fast immer f\u00fcr\nPlatte\/Hummels reserviert. Nach beidem k\u00f6nnen wir quasi die Uhr\nstellen. \n<\/p>\n\n\n\n<p>Sch\u00f6nes Fu\u00dfballwochende!<\/p>\n\n\n\n<p><\/p>\n","protected":false},"excerpt":{"rendered":"<p>N\u2018Abend allerseits! Gestern morgen trudelte ich souver\u00e4n um acht Uhr zum Vorlesungsbeginn in den H\u00f6rsaal &#8211; klassischer Mittwoch in diesem Semester. Leicht verschlafen k\u00fcmmerte ich mich aber um die wichtigen Dinge im Leben. Ich arbeitete an den n\u00e4chsten beiden Eintr\u00e4gen dieses Blogs und buchte zwischendurch noch Fl\u00fcge nach Barcelona, um die Ausw\u00e4rtsfahrt zur Champions League [&hellip;]<\/p>\n","protected":false},"author":3,"featured_media":0,"comment_status":"open","ping_status":"open","sticky":false,"template":"","format":"standard","meta":{"footnotes":""},"categories":[424],"tags":[20,10,184,178,115,13,55,61,182,173,179,86,93,53,159,80,9,17,150,15,23,127,22,81,134,186,18,107,37,185],"class_list":["post-388","post","type-post","status-publish","format-standard","hentry","category-bundesliga-und-co","tag-2-bundesliga","tag-3-liga","tag-andrea-petkovic","tag-br","tag-1-bundesliga","tag-dazn","tag-eredivisie","tag-frank-buschmann","tag-frauen-bundesliga","tag-frauenfussball","tag-hyundai-a-league","tag-juergen-schmitz","tag-kai-dittmann","tag-klaus-veltmann","tag-la-liga","tag-ligue1","tag-magenta-sport","tag-mdr","tag-mls","tag-ndr","tag-premier-league","tag-serie-a","tag-sky","tag-sky-bet-championship","tag-sportdigital-fussball","tag-thomas-fuhrmann","tag-wdr","tag-wolff-fuss","tag-zdf","tag-zdf-sportreportage"],"_links":{"self":[{"href":"http:\/\/kommentatorenblog.de\/index.php?rest_route=\/wp\/v2\/posts\/388","targetHints":{"allow":["GET"]}}],"collection":[{"href":"http:\/\/kommentatorenblog.de\/index.php?rest_route=\/wp\/v2\/posts"}],"about":[{"href":"http:\/\/kommentatorenblog.de\/index.php?rest_route=\/wp\/v2\/types\/post"}],"author":[{"embeddable":true,"href":"http:\/\/kommentatorenblog.de\/index.php?rest_route=\/wp\/v2\/users\/3"}],"replies":[{"embeddable":true,"href":"http:\/\/kommentatorenblog.de\/index.php?rest_route=%2Fwp%2Fv2%2Fcomments&post=388"}],"version-history":[{"count":34,"href":"http:\/\/kommentatorenblog.de\/index.php?rest_route=\/wp\/v2\/posts\/388\/revisions"}],"predecessor-version":[{"id":448,"href":"http:\/\/kommentatorenblog.de\/index.php?rest_route=\/wp\/v2\/posts\/388\/revisions\/448"}],"wp:attachment":[{"href":"http:\/\/kommentatorenblog.de\/index.php?rest_route=%2Fwp%2Fv2%2Fmedia&parent=388"}],"wp:term":[{"taxonomy":"category","embeddable":true,"href":"http:\/\/kommentatorenblog.de\/index.php?rest_route=%2Fwp%2Fv2%2Fcategories&post=388"},{"taxonomy":"post_tag","embeddable":true,"href":"http:\/\/kommentatorenblog.de\/index.php?rest_route=%2Fwp%2Fv2%2Ftags&post=388"}],"curies":[{"name":"wp","href":"https:\/\/api.w.org\/{rel}","templated":true}]}}