{"id":4051,"date":"2020-10-29T16:50:56","date_gmt":"2020-10-29T16:50:56","guid":{"rendered":"http:\/\/kommentatorenblog.de\/?p=4051"},"modified":"2020-12-30T15:16:22","modified_gmt":"2020-12-30T15:16:22","slug":"1120-ich-moderiere-am-liebsten-aus-dem-stadion","status":"publish","type":"post","link":"http:\/\/kommentatorenblog.de\/?p=4051","title":{"rendered":"1120 &#8211; &#8222;Ich moderiere am liebsten aus dem Stadion&#8220;"},"content":{"rendered":"\n<p><strong><em>Moderator und Kommentator Alex Schl\u00fcter ist das Gesicht des Streamingdienstes DAZN in Deutschland. In Teil 1 des exklusiven kommentatorenblog-Interviews sprechen wir \u00fcber seinen offiziellen Titel und den Weg in den Sportjournalismus. Zudem \u00e4u\u00dfert sich Schl\u00fcter zum Sendekonzept von DAZN<\/em><\/strong>. <\/p>\n\n\n\n<p><strong>kommentatorenblog: <\/strong>Alex, bei der Recherche bin ich auf deine offizielle Berufsbezeichnung gesto\u00dfen. Seit mehr als zwei Jahren bist du jetzt \u201eLead In Vision DAZN\u201c \u2013 Moderator\/Kommentator! Dieser Titel macht dich ja zum Gesicht von DAZN in Deutschland. Wie denkst du dar\u00fcber? <\/p>\n\n\n\n<p><strong>Alex Schl\u00fcter:<\/strong> Ja, mittlerweile bin ich damit vertraut. Nat\u00fcrlich ist dies erst einmal gew\u00f6hnungsbed\u00fcrftig gewesen, weil es sonst immer Chefmoderator\/-Kommentator hei\u00dft. Aber wir sind ein internationales Unternehmen und deswegen ist der Titel logisch. Ab und zu muss ich die Bezeichnung erkl\u00e4ren, aber im Endeffekt steht sie eigentlich nur auf meiner Visitenkarte und bedeutet, dass ich ab und zu vor der Kamera stehen darf (schmunzelt). <\/p>\n\n\n\n<p><strong>Dem Weg vor die Kamera sind viele andere Stationen in deiner beruflichen Laufbahn vorausgegangen. Starten wir mal mit dem Studium. Du hast in G\u00f6ttingen einen Abschluss in Sportjournalismus gemacht.<\/strong>..<\/p>\n\n\n\n<p>Ja genau, im Verh\u00e4ltnis zu vielen anderen Kollegen habe ich einen relativ geraden Weg in den Bereich des Sportjournalismus eingeschlagen. Ich habe in G\u00f6ttingen, damals noch ein Magister-Studium, zun\u00e4chst Sportwissenschaften studiert. Das teilte sich in Grund- und Hauptstudium auf, so wie heutzutage Bachelor und Master. Das Grundstudium behandelte das Thema Sportwissenschaften. Im folgenden Hauptstudium habe ich dann die Fachrichtung Sportjournalismus gew\u00e4hlt. F\u00fcr mich war das perfekt, weil ich mir zu Beginn meines Studiums nicht sicher war, welche Richtung ich beruflich einschlagen will. Damals habe ich auch viel Fu\u00dfball-Manager gespielt und h\u00e4tte mir auch diese Karriere vorstellen k\u00f6nnen (lacht).  Schlie\u00dflich habe ich aber gemerkt, dass mir die Bereiche Sportwissenschaften und Sportmanagement weniger liegen als Sportjournalismus. <\/p>\n\n\n\n<p><strong>Bereits w\u00e4hrend deines Studiums hast du redaktionelle Erfahrungen gesammelt. Nach deinem Abschluss folgte die Arbeit beim <a href=\"https:\/\/de.wikipedia.org\/wiki\/90elf\">Fu\u00dfballradio 90elf<\/a> &#8211; vielleicht das wichtigste Kapitel in deiner beruflichen Entwicklung? <\/strong><\/p>\n\n\n\n<p>Die Zeit bei 90elf in Leipzig war der erste konkrete Schritt in den Sportjournalismus. Nat\u00fcrlich hat man zu Studienzeiten, beispielsweise im Radio, schon vieles ausprobieren d\u00fcrfen. Aber Fu\u00dfball kommentiert\/moderiert habe ich zum ersten Mal bei 90elf. Ich habe da in einer tollen und enorm talentierten Redaktion viele Leute kennengelernt. Nicht alle sitzen heute noch am Mikro, aber einige sind nach wie vor in der Sportberichterstattung f\u00fcr DAZN, Sky oder auch Amazon Music t\u00e4tig. Leider gibt es den Sender heute nicht mehr. Unterm Strich war das Kapitel 90elf der ideale Start f\u00fcr mich. <\/p>\n\n\n\n<figure class=\"wp-block-image size-large\"><img loading=\"lazy\" decoding=\"async\" width=\"1024\" height=\"576\" src=\"http:\/\/kommentatorenblog.de\/wp-content\/uploads\/2020\/10\/AA67F921-1416-41B7-88B7-859CF9781CCC-1024x576.jpeg\" alt=\"\" class=\"wp-image-4254\" srcset=\"http:\/\/kommentatorenblog.de\/wp-content\/uploads\/2020\/10\/AA67F921-1416-41B7-88B7-859CF9781CCC-1024x576.jpeg 1024w, http:\/\/kommentatorenblog.de\/wp-content\/uploads\/2020\/10\/AA67F921-1416-41B7-88B7-859CF9781CCC-300x169.jpeg 300w, http:\/\/kommentatorenblog.de\/wp-content\/uploads\/2020\/10\/AA67F921-1416-41B7-88B7-859CF9781CCC-768x432.jpeg 768w, http:\/\/kommentatorenblog.de\/wp-content\/uploads\/2020\/10\/AA67F921-1416-41B7-88B7-859CF9781CCC-2048x1152.jpeg 2048w\" sizes=\"auto, (max-width: 1024px) 100vw, 1024px\" \/><figcaption>Alex Schl\u00fcter (35) ist das Gesicht von DAZN in Deutschland. \u00a9 DAZN<\/figcaption><\/figure>\n\n\n\n<p><strong>Wir sprechen \u00fcber das Jahr 2013. Das Fu\u00dfball-Radio 90elf verlor die Lizenz f\u00fcr die Audio-Berichterstattung zur Bundesliga, 2. Bundesliga, Supercup und Relegation. Der Betrieb wurde eingestellt. Gleichzeitig \u00f6ffnete sich f\u00fcr dich eine T\u00fcr, weil SPORT1.fm sich die besagten \u00dcbertragungsrechte sicherte. Im Schnelldurchlauf: Wie ging dein Weg weiter?<\/strong><\/p>\n\n\n\n<p>Durch die Radioarbeit bei 90elf wurde mir klar, dass ich unbedingt in dieser Branche arbeiten will. Deshalb bin ich dann nach M\u00fcnchen (Anm. d. Red.: Sitz von SPORT1) gezogen, um freiberuflich als Moderator und Live-Reporter, zun\u00e4chst bei SPORT1.fm, zu arbeiten. <\/p>\n\n\n\n<p><strong>Ein Blick auf deinen Lebenslauf verr\u00e4t auch, dass du in dieser Zeit auch bei <a href=\"https:\/\/www.optasports.com\/de\/%C3%BCber-opta\/\">Opta <\/a>(Anm. d. Red.: Opta ist der weltweit f\u00fchrende Dienstleister f\u00fcr Sport-Daten) gearbeitet hast. Nur, um dir ein bisschen zus\u00e4tzliches Geld zu verdienen? <\/strong><\/p>\n\n\n\n<p>Der Anfang als Freiberufler ist nat\u00fcrlich nicht einfach und das Leben in M\u00fcnchen teuer &#8211; ein Grund, warum ich bei Opta angefangen habe. Die Arbeit hatte einen sch\u00f6nen Nebeneffekt, weil ich teilweise die Vorschaumappen mit Statistiken zu den Spielen erstellt habe, die ich f\u00fcr SPORT1.fm kommentiert habe. In der Zeit bei Opta habe ich also wertvolle Erfahrungen gesammelt. Mir war jedoch schnell klar, dass in dieser Arbeit nicht mein Haupttalent gelegen hat. Und wenn Wolff Fuss dem Zuschauer irgendwelche Statistiken vermittelt hat, die hinten und vorne nicht gestimmt haben, dann stammten diese wahrscheinlich aus meiner Vorschaumappe (lacht).<\/p>\n\n\n\n<p><strong>Und irgendwann hast du erste Spiele f\u00fcr das Sportportal SPOX kommentiert. Bist du \u00fcber den Job bei Opta dazu gekommen? Schlie\u00dflich geh\u00f6rte Opta damals zur Perform Group, der auch SPOX und DAZN bis 2019 angeh\u00f6rten&#8230;<\/strong><\/p>\n\n\n\n<p>Tats\u00e4chlich war die Anstellung bei SPOX ein reiner Gl\u00fccksfall. In dieser Zeit hatte ich schon Kontakt zu Leuten, die im Hintergrund an der Entwicklung des Projektes DAZN arbeiteten. So hatten mich die Verantwortlichen, insbesondere Haruka Gruber (Anm. d. Red.: jetziger Vice President Publishing DACH von DAZN und ehemaliger Chefredakteur von SPOX), als den Typen auf dem Schirm, der Vorschaumappen f\u00fcr die Kommentatoren schreibt, aber eigentlich selber kommentieren will. So wurde ich bei den angesprochenen \u00dcbertragungen via SPOX, beispielsweise von Spielen aus LaLiga oder der NBA, bereits als Kommentator eingesetzt. Ich habe mich wohl ganz gut geschlagen (schmunzelt). Anschlie\u00dfend habe ich dann das Angebot von DAZN erhalten &#8211; und bin seit Tag eins fester Bestandteil des Teams. Im Nachhinein erwies sich das als gro\u00dfer Vorteil, weil ich von Anfang an alles mitplanen und gestalten konnte.<\/p>\n\n\n\n<figure class=\"wp-block-image size-large\"><img loading=\"lazy\" decoding=\"async\" width=\"1024\" height=\"683\" src=\"http:\/\/kommentatorenblog.de\/wp-content\/uploads\/2020\/10\/36ACE818-7A11-43F4-8017-F57CFA4B1A4D-1024x683.jpeg\" alt=\"\" class=\"wp-image-4257\" srcset=\"http:\/\/kommentatorenblog.de\/wp-content\/uploads\/2020\/10\/36ACE818-7A11-43F4-8017-F57CFA4B1A4D-1024x683.jpeg 1024w, http:\/\/kommentatorenblog.de\/wp-content\/uploads\/2020\/10\/36ACE818-7A11-43F4-8017-F57CFA4B1A4D-300x200.jpeg 300w, http:\/\/kommentatorenblog.de\/wp-content\/uploads\/2020\/10\/36ACE818-7A11-43F4-8017-F57CFA4B1A4D-768x512.jpeg 768w, http:\/\/kommentatorenblog.de\/wp-content\/uploads\/2020\/10\/36ACE818-7A11-43F4-8017-F57CFA4B1A4D-2048x1365.jpeg 2048w\" sizes=\"auto, (max-width: 1024px) 100vw, 1024px\" \/><figcaption>Moderator Alex Schl\u00fcter (links) und der ehemalige DAZN-Experte und Rio-Weltmeister Per Mertesacker (rechts) bei der Arbeit.  \u00a9 DAZN<\/figcaption><\/figure>\n\n\n\n<p><strong>Wir halten fest: In Bezug auf die letzten Jahre kannst du auf eine rasante und erfolgreiche Entwicklung zur\u00fcckblicken! Gleiches gilt f\u00fcr deinen Arbeitgeber DAZN, der als Streaming-Dienst die Strukturen der Sportberichterstattung hierzulande ver\u00e4ndert hat. Mittlerweile wurden zudem bei der Medienanstalt Berlin-Brandenburg zwei <a href=\"https:\/\/www.derwesten.de\/sport\/1-bundesliga\/dazn-tv-lineares-fernsehen-dazn-1-2-sender-kanaele-empfang-streamingdienst-champions-league-id230711252.html\">TV-Sender beantragt<\/a>. Stand jetzt sind das eure Vorteile: Vergleichsweise geringe Abo-Kosten, breites Angebot an verschiedenen Sportarten und kein Receiver beziehungsweise TV-Anschluss notwendig. Nachteile sind die zeitversetzte \u00dcbertragungen und der h\u00f6here Kostendruck, der zwangsl\u00e4ufig zu weniger Vor-Ort-Berichterstattung f\u00fchrt. Insbesondere die Tatsache, dass ihr mit eurem Personal (Moderator, Kommentator, Experte, etc.) bei der Mehrzahl eurer Bundesliga- und Champions League-Spiele nicht im Stadion seid, entt\u00e4uscht viele Leser unseres Blogs. Nat\u00fcrlich l\u00e4sst sich bei einem Abopreis von 11,99 \u20ac im Monat nicht jedes Spiel aus dem Stadion begleiten. Wie ist deine Meinung zu dieser Thematik? <\/strong><\/p>\n\n\n\n<p>Ich pers\u00f6nlich moderiere nat\u00fcrlich am liebsten aus dem Stadion.&nbsp;Hier sehe ich auch in den Sendungen die gr\u00f6\u00dfte Qualit\u00e4t.&nbsp;Bei der Moderation am Spielfeldrand zu stehen, nah an den Leuten zu sein und die Atmosph\u00e4re und Energie auf die Bildschirme \u00fcbertragen zu d\u00fcrfen, ist der absolute Idealfall.&nbsp;Es gibt aber auch gute Gr\u00fcnde&nbsp;daf\u00fcr, Spiele aus der&nbsp;Box zu kommentieren und moderieren.&nbsp;Ich&nbsp;bin der festen \u00dcberzeugung, dass wir auch&nbsp;bei Spielen, bei denen wir nicht vor Ort sind,&nbsp;sch\u00f6ne und gelungene \u00dcbertragungen realisieren&nbsp;k\u00f6nnen. Das aktuellste Beispiel ist vielleicht das Champions League Finalturnier in Lissabon.&nbsp;(Anm. d. Red.: F\u00fcr DAZN berichtete nur Field-Reporter Daniel Herzog aus Lissabon). Ja,&nbsp;einerseits schade, dass wir beim Triumph der Bayern nicht im Stadion waren. Andererseits bin ich der Meinung, dass wir bei diesem Finalturnier inhaltlich&nbsp;gute Sendungen abgeliefert haben. <\/p>\n\n\n\n<p>In Zusammenhang mit der Corona-Pandemie&nbsp;sprechen wir zudem auch von Verantwortung. Nachdem wir&nbsp;k\u00fcrzlich beschlossen haben, dass wir&nbsp;beim Spiel der Bayern in Moskau nicht vor Ort sein werden, hat es auch intern keine negative Stimmung gegeben. In der aktuellen Situation w\u00e4re diese Reise auch das v\u00f6llig falsche Signal&nbsp;an&nbsp;die Gesellschaft!<\/p>\n\n\n\n<p><strong>Dieses Gespr\u00e4ch f\u00fchrte Leon Geis. <\/strong><\/p>\n\n\n\n<p><strong><em>N\u00e4chste Woche verr\u00e4t uns Alex Schl\u00fcter seinen beruflichen Zukunftstraum. Au\u00dferdem sprechen wir \u00fcber pers\u00f6nliche &#8222;DAZN-Highlights&#8220;, die NBA als Leidenschaft und die Ausrichtung seines Arbeitgebers &#8211; inklusive Ausblick auf die n\u00e4chste Rechteperiode.<\/em><\/strong><\/p>\n\n\n\n<hr class=\"wp-block-separator\"\/>\n\n\n\n<p><strong><em>Die Ansetzungen vom 30. Oktober bis zum 02. November 2020<\/em><\/strong><\/p>\n\n\n\n<p><strong>Bundesliga, 06. Spieltag<\/strong><\/p>\n\n\n\n<p><span style=\"text-decoration: underline;\">Freitag, 30. Oktober 2020, ab 20.15 Uhr (DAZN)<\/span><\/p>\n\n\n\n<p><strong><em>FC Schalke 04<\/em><\/strong> <strong><em>\u2013<\/em><\/strong> <strong><em>VfB Stuttgart (20.30 Uhr)<\/em><\/strong><\/p>\n\n\n\n<p class=\"has-normal-font-size\"><img loading=\"lazy\" decoding=\"async\" width=\"10\" height=\"21\" class=\"wp-image-3656\" style=\"width: 10px;\" src=\"http:\/\/kommentatorenblog.de\/wp-content\/uploads\/2020\/09\/shure-55sh-ii-e1601485394796.jpg\" alt=\"\" srcset=\"http:\/\/kommentatorenblog.de\/wp-content\/uploads\/2020\/09\/shure-55sh-ii-e1601485394796.jpg 415w, http:\/\/kommentatorenblog.de\/wp-content\/uploads\/2020\/09\/shure-55sh-ii-e1601485394796-142x300.jpg 142w\" sizes=\"auto, (max-width: 10px) 100vw, 10px\" \/> Lukas Sch\u00f6nm\u00fcller, Experte: Ralph Gunesch <\/p>\n\n\n\n<p>Field-Reporter: Sebastian Benesch <\/p>\n\n\n\n<p>Moderation: Alex Schl\u00fcter<\/p>\n\n\n\n<p><span style=\"text-decoration: underline;\">Samstag, 31. Oktober 2020, ab 14.00 Uhr (Sky)<\/span><\/p>\n\n\n\n<p><strong><em>1.FC K\u00f6ln<\/em><\/strong> <strong><em>\u2013<\/em><\/strong> <strong><em>FC Bayern M\u00fcnchen (15.30 Uhr)<\/em><\/strong><\/p>\n\n\n\n<p class=\"has-normal-font-size\"><img loading=\"lazy\" decoding=\"async\" width=\"10\" height=\"21\" class=\"wp-image-3656\" style=\"width: 10px;\" src=\"http:\/\/kommentatorenblog.de\/wp-content\/uploads\/2020\/09\/shure-55sh-ii-e1601485394796.jpg\" alt=\"\" srcset=\"http:\/\/kommentatorenblog.de\/wp-content\/uploads\/2020\/09\/shure-55sh-ii-e1601485394796.jpg 415w, http:\/\/kommentatorenblog.de\/wp-content\/uploads\/2020\/09\/shure-55sh-ii-e1601485394796-142x300.jpg 142w\" sizes=\"auto, (max-width: 10px) 100vw, 10px\" \/> Martin Gro\u00df (Einzelspiel), Kai Dittmann (Konferenz)<\/p>\n\n\n\n<p>Field-Reporter: Marcus Lindemann<\/p>\n\n\n\n<p><strong><em>Arminia Bielefeld<\/em><\/strong> <strong><em>\u2013<\/em><\/strong> <strong><em>Borussia Dortmund (15.30 Uhr)<\/em><\/strong><\/p>\n\n\n\n<p class=\"has-normal-font-size\"><img loading=\"lazy\" decoding=\"async\" width=\"10\" height=\"21\" class=\"wp-image-3656\" style=\"width: 10px;\" src=\"http:\/\/kommentatorenblog.de\/wp-content\/uploads\/2020\/09\/shure-55sh-ii-e1601485394796.jpg\" alt=\"\" srcset=\"http:\/\/kommentatorenblog.de\/wp-content\/uploads\/2020\/09\/shure-55sh-ii-e1601485394796.jpg 415w, http:\/\/kommentatorenblog.de\/wp-content\/uploads\/2020\/09\/shure-55sh-ii-e1601485394796-142x300.jpg 142w\" sizes=\"auto, (max-width: 10px) 100vw, 10px\" \/> Jonas Friedrich (Einzelspiel), Wolff Fuss (Konferenz)<\/p>\n\n\n\n<p>Field-Reporter: Ulli Potofski <\/p>\n\n\n\n<p><strong><em>Eintracht Frankfurt<\/em><\/strong> <strong><em>\u2013<\/em><\/strong> <strong><em>Werder Bremen (15.30 Uhr)<\/em><\/strong><\/p>\n\n\n\n<p class=\"has-normal-font-size\"><img loading=\"lazy\" decoding=\"async\" width=\"10\" height=\"21\" class=\"wp-image-3656\" style=\"width: 10px;\" src=\"http:\/\/kommentatorenblog.de\/wp-content\/uploads\/2020\/09\/shure-55sh-ii-e1601485394796.jpg\" alt=\"\" srcset=\"http:\/\/kommentatorenblog.de\/wp-content\/uploads\/2020\/09\/shure-55sh-ii-e1601485394796.jpg 415w, http:\/\/kommentatorenblog.de\/wp-content\/uploads\/2020\/09\/shure-55sh-ii-e1601485394796-142x300.jpg 142w\" sizes=\"auto, (max-width: 10px) 100vw, 10px\" \/> Tom Bayer (Einzelspiel), Hansi K\u00fcpper (Konferenz)<\/p>\n\n\n\n<p>Field-Reporter: Jens Westen <\/p>\n\n\n\n<p><strong><em>FC Augsburg<\/em><\/strong> <strong><em>\u2013<\/em><\/strong> <strong><em>1.FSV Mainz 05 (15.30 Uhr)<\/em><\/strong><\/p>\n\n\n\n<p class=\"has-normal-font-size\"><img loading=\"lazy\" decoding=\"async\" width=\"10\" height=\"21\" class=\"wp-image-3656\" style=\"width: 10px;\" src=\"http:\/\/kommentatorenblog.de\/wp-content\/uploads\/2020\/09\/shure-55sh-ii-e1601485394796.jpg\" alt=\"\" srcset=\"http:\/\/kommentatorenblog.de\/wp-content\/uploads\/2020\/09\/shure-55sh-ii-e1601485394796.jpg 415w, http:\/\/kommentatorenblog.de\/wp-content\/uploads\/2020\/09\/shure-55sh-ii-e1601485394796-142x300.jpg 142w\" sizes=\"auto, (max-width: 10px) 100vw, 10px\" \/> Michael Born (Einzelspiel), Markus G\u00f6tz (Konferenz)<\/p>\n\n\n\n<p>Field-Reporterin: Esther Sedlaczek <\/p>\n\n\n\n<p>Moderation: Michael Leopold, Experte: Didi Hamann <\/p>\n\n\n\n<p><span style=\"text-decoration: underline;\">ab 17.30 Uhr (Sky)<\/span><\/p>\n\n\n\n<p><strong><em>Borussia M\u00f6nchengladbach<\/em><\/strong> <strong><em>\u2013<\/em><\/strong> <strong><em>RB Leipzig (18.30 Uhr)<\/em><\/strong><\/p>\n\n\n\n<p class=\"has-normal-font-size\"><img loading=\"lazy\" decoding=\"async\" width=\"10\" height=\"21\" class=\"wp-image-3656\" style=\"width: 10px;\" src=\"http:\/\/kommentatorenblog.de\/wp-content\/uploads\/2020\/09\/shure-55sh-ii-e1601485394796.jpg\" alt=\"\" srcset=\"http:\/\/kommentatorenblog.de\/wp-content\/uploads\/2020\/09\/shure-55sh-ii-e1601485394796.jpg 415w, http:\/\/kommentatorenblog.de\/wp-content\/uploads\/2020\/09\/shure-55sh-ii-e1601485394796-142x300.jpg 142w\" sizes=\"auto, (max-width: 10px) 100vw, 10px\" \/> Frank Buschmann<\/p>\n\n\n\n<p>Field-Reporter: Ecki Heuser <\/p>\n\n\n\n<p>Moderation: Sebastian Hellmann, Experte: Lothar Matth\u00e4us <\/p>\n\n\n\n<p><span style=\"text-decoration: underline;\">Sonntag, 01. November 2020, ab 14.30 Uhr (Sky)<\/span><\/p>\n\n\n\n<p><strong><em>SC Freiburg<\/em><\/strong> <strong><em>\u2013<\/em><\/strong> <strong><em>Bayer 04 Leverkusen (15.30 Uhr)<\/em><\/strong><\/p>\n\n\n\n<p class=\"has-normal-font-size\"><img loading=\"lazy\" decoding=\"async\" width=\"10\" height=\"21\" class=\"wp-image-3656\" style=\"width: 10px;\" src=\"http:\/\/kommentatorenblog.de\/wp-content\/uploads\/2020\/09\/shure-55sh-ii-e1601485394796.jpg\" alt=\"\" srcset=\"http:\/\/kommentatorenblog.de\/wp-content\/uploads\/2020\/09\/shure-55sh-ii-e1601485394796.jpg 415w, http:\/\/kommentatorenblog.de\/wp-content\/uploads\/2020\/09\/shure-55sh-ii-e1601485394796-142x300.jpg 142w\" sizes=\"auto, (max-width: 10px) 100vw, 10px\" \/> Marcus Lindemann  <\/p>\n\n\n\n<p>Field-Reporter: Martin Gro\u00df <\/p>\n\n\n\n<p><strong><em>Hertha BSC<\/em><\/strong> <strong><em>\u2013<\/em><\/strong> <strong><em>VfL Wolfsburg (18.00 Uhr)<\/em><\/strong><\/p>\n\n\n\n<p class=\"has-normal-font-size\"><img loading=\"lazy\" decoding=\"async\" width=\"10\" height=\"21\" class=\"wp-image-3656\" style=\"width: 10px;\" src=\"http:\/\/kommentatorenblog.de\/wp-content\/uploads\/2020\/09\/shure-55sh-ii-e1601485394796.jpg\" alt=\"\" srcset=\"http:\/\/kommentatorenblog.de\/wp-content\/uploads\/2020\/09\/shure-55sh-ii-e1601485394796.jpg 415w, http:\/\/kommentatorenblog.de\/wp-content\/uploads\/2020\/09\/shure-55sh-ii-e1601485394796-142x300.jpg 142w\" sizes=\"auto, (max-width: 10px) 100vw, 10px\" \/> Oliver Seidler <\/p>\n\n\n\n<p>Field-Reporter: Marc Behrenbeck <\/p>\n\n\n\n<p>Moderation: Britta Hofmann, Erik Meijer <\/p>\n\n\n\n<p><span style=\"text-decoration: underline;\">Montag, 02. November 2020, ab 20.15 Uhr (DAZN)<\/span><\/p>\n\n\n\n<p><strong><em>TSG Hoffenheim<\/em><\/strong> <strong><em>\u2013<\/em><\/strong> <strong><em>1.FC Union Berlin (20.30 Uhr)<\/em><\/strong><\/p>\n\n\n\n<p class=\"has-normal-font-size\"><img loading=\"lazy\" decoding=\"async\" width=\"10\" height=\"21\" class=\"wp-image-3656\" style=\"width: 10px;\" src=\"http:\/\/kommentatorenblog.de\/wp-content\/uploads\/2020\/09\/shure-55sh-ii-e1601485394796.jpg\" alt=\"\" srcset=\"http:\/\/kommentatorenblog.de\/wp-content\/uploads\/2020\/09\/shure-55sh-ii-e1601485394796.jpg 415w, http:\/\/kommentatorenblog.de\/wp-content\/uploads\/2020\/09\/shure-55sh-ii-e1601485394796-142x300.jpg 142w\" sizes=\"auto, (max-width: 10px) 100vw, 10px\" \/> Uli Hebel, Experte: Sebastian Knei\u00dfl <\/p>\n\n\n\n<p>Field-Reporter: Sebastian Benesch <\/p>\n\n\n\n<p>Moderation: Tobi Wahnschaffe<\/p>\n\n\n\n<hr class=\"wp-block-separator\"\/>\n\n\n\n<p><strong>2<\/strong>. <strong>Bundesliga, 06. Spieltag<\/strong><\/p>\n\n\n\n<p><span style=\"text-decoration: underline;\">Freitag, 30. Oktober 2020, ab 18.00 Uhr (Sky)<\/span><\/p>\n\n\n\n<p><strong><em>Hamburger SV<\/em><\/strong> <strong><em>\u2013<\/em><\/strong> <strong><em>FC St. Pauli (18.30 Uhr)<\/em><\/strong><\/p>\n\n\n\n<p><img loading=\"lazy\" decoding=\"async\" width=\"10\" height=\"21\" class=\"wp-image-3656\" style=\"width: 10px;\" src=\"http:\/\/kommentatorenblog.de\/wp-content\/uploads\/2020\/09\/shure-55sh-ii-e1601485394796.jpg\" alt=\"\" srcset=\"http:\/\/kommentatorenblog.de\/wp-content\/uploads\/2020\/09\/shure-55sh-ii-e1601485394796.jpg 415w, http:\/\/kommentatorenblog.de\/wp-content\/uploads\/2020\/09\/shure-55sh-ii-e1601485394796-142x300.jpg 142w\" sizes=\"auto, (max-width: 10px) 100vw, 10px\" \/> Toni Tomic (Einzelspiel) Hansi K\u00fcpper (Konferenz <\/p>\n\n\n\n<p>Field-Reporter: Jurek Rohrberg <\/p>\n\n\n\n<p><strong><em>Fortuna D\u00fcsseldorf<\/em><\/strong> <strong><em>\u2013<\/em><\/strong> <strong><em>1.FC Heidenheim <\/em><\/strong><strong><em>(18.30 Uhr)<\/em><\/strong><\/p>\n\n\n\n<p><img loading=\"lazy\" decoding=\"async\" width=\"10\" height=\"21\" class=\"wp-image-3656\" style=\"width: 10px;\" src=\"http:\/\/kommentatorenblog.de\/wp-content\/uploads\/2020\/09\/shure-55sh-ii-e1601485394796.jpg\" alt=\"\" srcset=\"http:\/\/kommentatorenblog.de\/wp-content\/uploads\/2020\/09\/shure-55sh-ii-e1601485394796.jpg 415w, http:\/\/kommentatorenblog.de\/wp-content\/uploads\/2020\/09\/shure-55sh-ii-e1601485394796-142x300.jpg 142w\" sizes=\"auto, (max-width: 10px) 100vw, 10px\" \/> Michael Born, Field-Reporter: Marco Wiefel <\/p>\n\n\n\n<p>Moderation: Hartmut von Kameke, Experte: Torsten Mattuschka <br><br><span style=\"text-decoration: underline;\">Samstag, 31. Oktober 2020, ab 12.30 Uhr (Sky)<\/span><\/p>\n\n\n\n<p><strong><em>VfL Osnabr\u00fcck<\/em><\/strong> <strong><em>\u2013<\/em><\/strong> <strong><em>SV Sandhausen (13.00 Uhr)<\/em><\/strong><\/p>\n\n\n\n<p><img loading=\"lazy\" decoding=\"async\" width=\"10\" height=\"21\" class=\"wp-image-3656\" style=\"width: 10px;\" src=\"http:\/\/kommentatorenblog.de\/wp-content\/uploads\/2020\/09\/shure-55sh-ii-e1601485394796.jpg\" alt=\"\" srcset=\"http:\/\/kommentatorenblog.de\/wp-content\/uploads\/2020\/09\/shure-55sh-ii-e1601485394796.jpg 415w, http:\/\/kommentatorenblog.de\/wp-content\/uploads\/2020\/09\/shure-55sh-ii-e1601485394796-142x300.jpg 142w\" sizes=\"auto, (max-width: 10px) 100vw, 10px\" \/> Torsten Kunde <\/p>\n\n\n\n<p><strong><em>Erzgebirge Aue<\/em><\/strong> <strong><em>\u2013<\/em><\/strong> <strong><em>Holstein Kiel (13.00 Uhr)<\/em><\/strong><\/p>\n\n\n\n<p><img loading=\"lazy\" decoding=\"async\" width=\"10\" height=\"21\" class=\"wp-image-3656\" style=\"width: 10px;\" src=\"http:\/\/kommentatorenblog.de\/wp-content\/uploads\/2020\/09\/shure-55sh-ii-e1601485394796.jpg\" alt=\"\" srcset=\"http:\/\/kommentatorenblog.de\/wp-content\/uploads\/2020\/09\/shure-55sh-ii-e1601485394796.jpg 415w, http:\/\/kommentatorenblog.de\/wp-content\/uploads\/2020\/09\/shure-55sh-ii-e1601485394796-142x300.jpg 142w\" sizes=\"auto, (max-width: 10px) 100vw, 10px\" \/> Sven Haist <\/p>\n\n\n\n<p><strong><em>SC Paderborn<\/em><\/strong> <strong><em>\u2013<\/em><\/strong> <strong><em>Jahn Regensburg (13.00 Uhr)<\/em><\/strong><\/p>\n\n\n\n<p><img loading=\"lazy\" decoding=\"async\" width=\"10\" height=\"21\" class=\"wp-image-3656\" style=\"width: 10px;\" src=\"http:\/\/kommentatorenblog.de\/wp-content\/uploads\/2020\/09\/shure-55sh-ii-e1601485394796.jpg\" alt=\"\" srcset=\"http:\/\/kommentatorenblog.de\/wp-content\/uploads\/2020\/09\/shure-55sh-ii-e1601485394796.jpg 415w, http:\/\/kommentatorenblog.de\/wp-content\/uploads\/2020\/09\/shure-55sh-ii-e1601485394796-142x300.jpg 142w\" sizes=\"auto, (max-width: 10px) 100vw, 10px\" \/> J\u00f6rg Dahlmann, Interviews: Schalte <\/p>\n\n\n\n<p><strong><em>Eintracht Braunschweig<\/em><\/strong> <strong><em>\u2013<\/em><\/strong> <strong><em>1.FC N\u00fcrnberg (13.00 Uhr)<\/em><\/strong><\/p>\n\n\n\n<p><img loading=\"lazy\" decoding=\"async\" width=\"10\" height=\"21\" class=\"wp-image-3656\" style=\"width: 10px;\" src=\"http:\/\/kommentatorenblog.de\/wp-content\/uploads\/2020\/09\/shure-55sh-ii-e1601485394796.jpg\" alt=\"\" srcset=\"http:\/\/kommentatorenblog.de\/wp-content\/uploads\/2020\/09\/shure-55sh-ii-e1601485394796.jpg 415w, http:\/\/kommentatorenblog.de\/wp-content\/uploads\/2020\/09\/shure-55sh-ii-e1601485394796-142x300.jpg 142w\" sizes=\"auto, (max-width: 10px) 100vw, 10px\" \/> J\u00fcrgen Schmitz, Field-Reporter: Marcus J\u00fcrgensen  <\/p>\n\n\n\n<p>Moderation: Stefan Hempel  <\/p>\n\n\n\n<p><span style=\"text-decoration: underline;\">Sonntag, 01. November 2020, ab 13.00 Uhr (Sky)<\/span><\/p>\n\n\n\n<p><strong><em>W\u00fcrzburger Kickers<\/em><\/strong> <strong><em>\u2013<\/em><\/strong> <strong><em>VfL Bochum (13.30 Uhr)<\/em><\/strong><\/p>\n\n\n\n<p><img loading=\"lazy\" decoding=\"async\" width=\"10\" height=\"21\" class=\"wp-image-3656\" style=\"width: 10px;\" src=\"http:\/\/kommentatorenblog.de\/wp-content\/uploads\/2020\/09\/shure-55sh-ii-e1601485394796.jpg\" alt=\"\" srcset=\"http:\/\/kommentatorenblog.de\/wp-content\/uploads\/2020\/09\/shure-55sh-ii-e1601485394796.jpg 415w, http:\/\/kommentatorenblog.de\/wp-content\/uploads\/2020\/09\/shure-55sh-ii-e1601485394796-142x300.jpg 142w\" sizes=\"auto, (max-width: 10px) 100vw, 10px\" \/> J\u00f6rg Dahlmann, Interviews: Schalte <\/p>\n\n\n\n<p><strong><em>Karlsruher SC<\/em><\/strong> <strong><em>\u2013<\/em><\/strong> <strong><em>SV Darmstadt 98 (13.30 Uhr)<\/em><\/strong><\/p>\n\n\n\n<p><img loading=\"lazy\" decoding=\"async\" width=\"10\" height=\"21\" class=\"wp-image-3656\" style=\"width: 10px;\" src=\"http:\/\/kommentatorenblog.de\/wp-content\/uploads\/2020\/09\/shure-55sh-ii-e1601485394796.jpg\" alt=\"\" srcset=\"http:\/\/kommentatorenblog.de\/wp-content\/uploads\/2020\/09\/shure-55sh-ii-e1601485394796.jpg 415w, http:\/\/kommentatorenblog.de\/wp-content\/uploads\/2020\/09\/shure-55sh-ii-e1601485394796-142x300.jpg 142w\" sizes=\"auto, (max-width: 10px) 100vw, 10px\" \/> Klaus Veltmann <\/p>\n\n\n\n<p><strong><em>SpVgg Greuther F\u00fcrth<\/em><\/strong> <strong><em>\u2013<\/em><\/strong> <strong><em>Hannover 96 (13.30 Uhr)<\/em><\/strong><\/p>\n\n\n\n<p><img loading=\"lazy\" decoding=\"async\" width=\"10\" height=\"21\" class=\"wp-image-3656\" style=\"width: 10px;\" src=\"http:\/\/kommentatorenblog.de\/wp-content\/uploads\/2020\/09\/shure-55sh-ii-e1601485394796.jpg\" alt=\"\" srcset=\"http:\/\/kommentatorenblog.de\/wp-content\/uploads\/2020\/09\/shure-55sh-ii-e1601485394796.jpg 415w, http:\/\/kommentatorenblog.de\/wp-content\/uploads\/2020\/09\/shure-55sh-ii-e1601485394796-142x300.jpg 142w\" sizes=\"auto, (max-width: 10px) 100vw, 10px\" \/> Holger Pfandt, Field-Reporter: Christian Akber-Sade <\/p>\n\n\n\n<p>Moderation: Yannick Erkenbrecher, Experte: Jan Rosenthal  <\/p>\n\n\n\n<hr class=\"wp-block-separator\"\/>\n\n\n\n<p><strong>3. Liga, 08. Spieltag<\/strong><\/p>\n\n\n\n<p><span style=\"text-decoration: underline;\">Freitag, 30. Oktober 2020, ab 18.30 Uhr (Magenta Sport)<\/span><\/p>\n\n\n\n<p><strong><em>FC Viktoria K\u00f6ln <\/em><\/strong><strong><em>\u2013<\/em><\/strong><strong><em> VfB L\u00fcbeck (19.00 Uhr)<\/em><\/strong><\/p>\n\n\n\n<p><img loading=\"lazy\" decoding=\"async\" width=\"10\" height=\"21\" class=\"wp-image-3656\" style=\"width: 10px;\" src=\"http:\/\/kommentatorenblog.de\/wp-content\/uploads\/2020\/09\/shure-55sh-ii-e1601485394796.jpg\" alt=\"\" srcset=\"http:\/\/kommentatorenblog.de\/wp-content\/uploads\/2020\/09\/shure-55sh-ii-e1601485394796.jpg 415w, http:\/\/kommentatorenblog.de\/wp-content\/uploads\/2020\/09\/shure-55sh-ii-e1601485394796-142x300.jpg 142w\" sizes=\"auto, (max-width: 10px) 100vw, 10px\" \/> Christian Stra\u00dfburger <\/p>\n\n\n\n<p>Moderation: Thomas Wagner, Experte: Rudi Bommer  <\/p>\n\n\n\n<p><span style=\"text-decoration: underline;\">Samstag, 31. Oktober 2020, ab 13.45 Uhr (Magenta Sport)&nbsp;<\/span><\/p>\n\n\n\n<p><strong><em>Konferenz (14.00 Uhr)<\/em><\/strong><\/p>\n\n\n\n<p><img loading=\"lazy\" decoding=\"async\" width=\"10\" height=\"21\" class=\"wp-image-3656\" style=\"width: 10px;\" src=\"http:\/\/kommentatorenblog.de\/wp-content\/uploads\/2020\/09\/shure-55sh-ii-e1601485394796.jpg\" alt=\"\" srcset=\"http:\/\/kommentatorenblog.de\/wp-content\/uploads\/2020\/09\/shure-55sh-ii-e1601485394796.jpg 415w, http:\/\/kommentatorenblog.de\/wp-content\/uploads\/2020\/09\/shure-55sh-ii-e1601485394796-142x300.jpg 142w\" sizes=\"auto, (max-width: 10px) 100vw, 10px\" \/> Martin Piller und Alex Kunz  <\/p>\n\n\n\n<p><strong><em>SC Verl<\/em><\/strong> <strong><em>\u2013<\/em><\/strong> <strong><em>FSV Zwickau (14.00 Uhr)<\/em><\/strong><\/p>\n\n\n\n<p><img loading=\"lazy\" decoding=\"async\" width=\"10\" height=\"21\" class=\"wp-image-3656\" style=\"width: 10px;\" src=\"http:\/\/kommentatorenblog.de\/wp-content\/uploads\/2020\/09\/shure-55sh-ii-e1601485394796.jpg\" alt=\"\" srcset=\"http:\/\/kommentatorenblog.de\/wp-content\/uploads\/2020\/09\/shure-55sh-ii-e1601485394796.jpg 415w, http:\/\/kommentatorenblog.de\/wp-content\/uploads\/2020\/09\/shure-55sh-ii-e1601485394796-142x300.jpg 142w\" sizes=\"auto, (max-width: 10px) 100vw, 10px\" \/> Edgar Mielke <\/p>\n\n\n\n<p>Moderation: Gari Paubandt <\/p>\n\n\n\n<p><strong><em>Hallescher FC<\/em><\/strong> <strong><em>\u2013<\/em><\/strong> <strong><em>SpVgg Unterhaching (14.00 Uhr)<\/em><\/strong><\/p>\n\n\n\n<p><img loading=\"lazy\" decoding=\"async\" width=\"10\" height=\"21\" class=\"wp-image-3656\" style=\"width: 10px;\" src=\"http:\/\/kommentatorenblog.de\/wp-content\/uploads\/2020\/09\/shure-55sh-ii-e1601485394796.jpg\" alt=\"\" srcset=\"http:\/\/kommentatorenblog.de\/wp-content\/uploads\/2020\/09\/shure-55sh-ii-e1601485394796.jpg 415w, http:\/\/kommentatorenblog.de\/wp-content\/uploads\/2020\/09\/shure-55sh-ii-e1601485394796-142x300.jpg 142w\" sizes=\"auto, (max-width: 10px) 100vw, 10px\" \/> Andreas Mann  <\/p>\n\n\n\n<p>Moderation: Stefanie Blochwitz <\/p>\n\n\n\n<p><strong><em>KFC Uerdingen 05<\/em><\/strong> <strong><em>\u2013<\/em><\/strong> <strong><em>1.FC Saarbr\u00fccken (14.00 Uhr)<\/em><\/strong><\/p>\n\n\n\n<p><img loading=\"lazy\" decoding=\"async\" width=\"10\" height=\"21\" class=\"wp-image-3656\" style=\"width: 10px;\" src=\"http:\/\/kommentatorenblog.de\/wp-content\/uploads\/2020\/09\/shure-55sh-ii-e1601485394796.jpg\" alt=\"\" srcset=\"http:\/\/kommentatorenblog.de\/wp-content\/uploads\/2020\/09\/shure-55sh-ii-e1601485394796.jpg 415w, http:\/\/kommentatorenblog.de\/wp-content\/uploads\/2020\/09\/shure-55sh-ii-e1601485394796-142x300.jpg 142w\" sizes=\"auto, (max-width: 10px) 100vw, 10px\" \/> S\u00f6nke Sievers <\/p>\n\n\n\n<p>Moderation: Cedric Pick <\/p>\n\n\n\n<p><strong><em>Dynamo Dresden<\/em><\/strong> <strong><em>\u2013<\/em><\/strong> <strong><em>SV Meppen 1912 (14.00 Uhr)<\/em><\/strong><\/p>\n\n\n\n<p><img loading=\"lazy\" decoding=\"async\" width=\"10\" height=\"21\" class=\"wp-image-3656\" style=\"width: 10px;\" src=\"http:\/\/kommentatorenblog.de\/wp-content\/uploads\/2020\/09\/shure-55sh-ii-e1601485394796.jpg\" alt=\"\" srcset=\"http:\/\/kommentatorenblog.de\/wp-content\/uploads\/2020\/09\/shure-55sh-ii-e1601485394796.jpg 415w, http:\/\/kommentatorenblog.de\/wp-content\/uploads\/2020\/09\/shure-55sh-ii-e1601485394796-142x300.jpg 142w\" sizes=\"auto, (max-width: 10px) 100vw, 10px\" \/> Markus Herwig <\/p>\n\n\n\n<p>Moderation: Anett Sattler <\/p>\n\n\n\n<p><span style=\"text-decoration: underline;\">ab 13.45 Uhr (Magenta Sport) \/ ab 14.00 Uhr (SWR, MDR, BR)<\/span> <\/p>\n\n\n\n<p><strong><em>SV Waldhof Mannheim 07<\/em><\/strong> <strong><em>\u2013<\/em><\/strong> <strong><em>1.FC Magdeburg (14.00 Uhr)<\/em><\/strong><\/p>\n\n\n\n<p><img loading=\"lazy\" decoding=\"async\" width=\"10\" height=\"21\" class=\"wp-image-3656\" style=\"width: 10px;\" src=\"http:\/\/kommentatorenblog.de\/wp-content\/uploads\/2020\/09\/shure-55sh-ii-e1601485394796.jpg\" alt=\"\" srcset=\"http:\/\/kommentatorenblog.de\/wp-content\/uploads\/2020\/09\/shure-55sh-ii-e1601485394796.jpg 415w, http:\/\/kommentatorenblog.de\/wp-content\/uploads\/2020\/09\/shure-55sh-ii-e1601485394796-142x300.jpg 142w\" sizes=\"auto, (max-width: 10px) 100vw, 10px\" \/> Magenta Sport: Stefan Fuckert<\/p>\n\n\n\n<p><img loading=\"lazy\" decoding=\"async\" width=\"10\" height=\"21\" class=\"wp-image-3656\" style=\"width: 10px;\" src=\"http:\/\/kommentatorenblog.de\/wp-content\/uploads\/2020\/09\/shure-55sh-ii-e1601485394796.jpg\" alt=\"\" srcset=\"http:\/\/kommentatorenblog.de\/wp-content\/uploads\/2020\/09\/shure-55sh-ii-e1601485394796.jpg 415w, http:\/\/kommentatorenblog.de\/wp-content\/uploads\/2020\/09\/shure-55sh-ii-e1601485394796-142x300.jpg 142w\" sizes=\"auto, (max-width: 10px) 100vw, 10px\" \/> SWR: Phillip Sohmer <\/p>\n\n\n\n<p><img loading=\"lazy\" decoding=\"async\" width=\"10\" height=\"21\" class=\"wp-image-3656\" style=\"width: 10px;\" src=\"http:\/\/kommentatorenblog.de\/wp-content\/uploads\/2020\/09\/shure-55sh-ii-e1601485394796.jpg\" alt=\"\" srcset=\"http:\/\/kommentatorenblog.de\/wp-content\/uploads\/2020\/09\/shure-55sh-ii-e1601485394796.jpg 415w, http:\/\/kommentatorenblog.de\/wp-content\/uploads\/2020\/09\/shure-55sh-ii-e1601485394796-142x300.jpg 142w\" sizes=\"auto, (max-width: 10px) 100vw, 10px\" \/> MDR: Stephan Weidling <\/p>\n\n\n\n<p>Moderation (Magenta Sport): Konstantin Klostermann <\/p>\n\n\n\n<p>Moderation (SWR): Christian D\u00f6ring, Gast: Raffael Korte <\/p>\n\n\n\n<p>Moderation (MDR): Stephanie M\u00fcller-Spirra, Experte: Lutz Lindemann <\/p>\n\n\n\n<p><strong><em>1860 M\u00fcnchen<\/em><\/strong> <strong><em>\u2013<\/em><\/strong> <strong><em>MSV Duisburg (14.00 Uhr)<\/em><\/strong><\/p>\n\n\n\n<p><img loading=\"lazy\" decoding=\"async\" width=\"10\" height=\"21\" class=\"wp-image-3656\" style=\"width: 10px;\" src=\"http:\/\/kommentatorenblog.de\/wp-content\/uploads\/2020\/09\/shure-55sh-ii-e1601485394796.jpg\" alt=\"\" srcset=\"http:\/\/kommentatorenblog.de\/wp-content\/uploads\/2020\/09\/shure-55sh-ii-e1601485394796.jpg 415w, http:\/\/kommentatorenblog.de\/wp-content\/uploads\/2020\/09\/shure-55sh-ii-e1601485394796-142x300.jpg 142w\" sizes=\"auto, (max-width: 10px) 100vw, 10px\" \/> Magenta Sport: Franz B\u00fcchner<\/p>\n\n\n\n<p><img loading=\"lazy\" decoding=\"async\" width=\"10\" height=\"21\" class=\"wp-image-3656\" style=\"width: 10px;\" src=\"http:\/\/kommentatorenblog.de\/wp-content\/uploads\/2020\/09\/shure-55sh-ii-e1601485394796.jpg\" alt=\"\" srcset=\"http:\/\/kommentatorenblog.de\/wp-content\/uploads\/2020\/09\/shure-55sh-ii-e1601485394796.jpg 415w, http:\/\/kommentatorenblog.de\/wp-content\/uploads\/2020\/09\/shure-55sh-ii-e1601485394796-142x300.jpg 142w\" sizes=\"auto, (max-width: 10px) 100vw, 10px\" \/> BR: Flo Eckl<\/p>\n\n\n\n<p>Moderation (Magenta Sport): Sascha Bandermann <\/p>\n\n\n\n<p>Moderation (BR): Julia B\u00fcchler  <\/p>\n\n\n\n<p><span style=\"text-decoration: underline;\">Sonntag, 01. November, 12.45 Uhr (Magenta Sport)<\/span><\/p>\n\n\n\n<p><strong><em>SV Wehen Wiesbaden<\/em><\/strong> <strong><em>\u2013<\/em><\/strong> <strong><em>FC Bayern M\u00fcnchen II (13.00 Uhr)<\/em><\/strong><\/p>\n\n\n\n<p><img loading=\"lazy\" decoding=\"async\" width=\"10\" height=\"21\" class=\"wp-image-3656\" style=\"width: 10px;\" src=\"http:\/\/kommentatorenblog.de\/wp-content\/uploads\/2020\/09\/shure-55sh-ii-e1601485394796.jpg\" alt=\"\" srcset=\"http:\/\/kommentatorenblog.de\/wp-content\/uploads\/2020\/09\/shure-55sh-ii-e1601485394796.jpg 415w, http:\/\/kommentatorenblog.de\/wp-content\/uploads\/2020\/09\/shure-55sh-ii-e1601485394796-142x300.jpg 142w\" sizes=\"auto, (max-width: 10px) 100vw, 10px\" \/> S\u00f6nke Sievers<\/p>\n\n\n\n<p>Moderation: Thomas Wagner <\/p>\n\n\n\n<p><strong><em>T\u00fcrkg\u00fcc\u00fc M\u00fcnchen<\/em><\/strong> <strong><em>\u2013<\/em><\/strong> <strong><em>FC Ingolstadt 04 (14.00 Uhr)<\/em><\/strong><\/p>\n\n\n\n<p><img loading=\"lazy\" decoding=\"async\" width=\"10\" height=\"21\" class=\"wp-image-3656\" style=\"width: 10px;\" src=\"http:\/\/kommentatorenblog.de\/wp-content\/uploads\/2020\/09\/shure-55sh-ii-e1601485394796.jpg\" alt=\"\" srcset=\"http:\/\/kommentatorenblog.de\/wp-content\/uploads\/2020\/09\/shure-55sh-ii-e1601485394796.jpg 415w, http:\/\/kommentatorenblog.de\/wp-content\/uploads\/2020\/09\/shure-55sh-ii-e1601485394796-142x300.jpg 142w\" sizes=\"auto, (max-width: 10px) 100vw, 10px\" \/> Martin Piller<\/p>\n\n\n\n<p>Moderation: Simon K\u00f6pfer <\/p>\n\n\n\n<p><span style=\"text-decoration: underline;\">Montag, 02. November, 18.45 Uhr (Magenta Sport)<\/span><\/p>\n\n\n\n<p><strong><em>1.FC Kaiserslautern<\/em><\/strong> <strong><em>\u2013<\/em><\/strong> <strong><em>Hansa Rostock (19.00 Uhr)<\/em><\/strong><\/p>\n\n\n\n<p><img loading=\"lazy\" decoding=\"async\" width=\"10\" height=\"21\" class=\"wp-image-3656\" style=\"width: 10px;\" src=\"http:\/\/kommentatorenblog.de\/wp-content\/uploads\/2020\/09\/shure-55sh-ii-e1601485394796.jpg\" alt=\"\" srcset=\"http:\/\/kommentatorenblog.de\/wp-content\/uploads\/2020\/09\/shure-55sh-ii-e1601485394796.jpg 415w, http:\/\/kommentatorenblog.de\/wp-content\/uploads\/2020\/09\/shure-55sh-ii-e1601485394796-142x300.jpg 142w\" sizes=\"auto, (max-width: 10px) 100vw, 10px\" \/> Markus H\u00f6hner  <\/p>\n\n\n\n<p>Moderation: Kamilla Benschop <\/p>\n\n\n\n<hr class=\"wp-block-separator\"\/>\n\n\n\n<p><strong>Premier League, 07. Spieltag<\/strong><\/p>\n\n\n\n<p><span style=\"text-decoration: underline;\">Freitag, 30. Oktober 2020, ab 20.50 Uhr (Sky)<\/span><\/p>\n\n\n\n<p><strong><em>Wolverhampton<\/em><\/strong> <strong><em>Wanderers<\/em><\/strong> <strong><em>\u2013<\/em><\/strong> <strong><em>Crystal Palace (21.00 Uhr)<\/em><\/strong><\/p>\n\n\n\n<p><img loading=\"lazy\" decoding=\"async\" width=\"10\" height=\"21\" class=\"wp-image-3656\" style=\"width: 10px;\" src=\"http:\/\/kommentatorenblog.de\/wp-content\/uploads\/2020\/09\/shure-55sh-ii-e1601485394796.jpg\" alt=\"\" srcset=\"http:\/\/kommentatorenblog.de\/wp-content\/uploads\/2020\/09\/shure-55sh-ii-e1601485394796.jpg 415w, http:\/\/kommentatorenblog.de\/wp-content\/uploads\/2020\/09\/shure-55sh-ii-e1601485394796-142x300.jpg 142w\" sizes=\"auto, (max-width: 10px) 100vw, 10px\" \/> Marcel Meinert <\/p>\n\n\n\n<p><span style=\"text-decoration: underline;\">Samstag, 31. Oktober 2020, ab 13.20 Uhr (Sky)<\/span><\/p>\n\n\n\n<p><strong><em>Sheffield United<\/em><\/strong> <strong><em>\u2013<\/em><\/strong> <strong><em>Manchester City (13.30 Uhr)<\/em><\/strong><\/p>\n\n\n\n<p><img loading=\"lazy\" decoding=\"async\" width=\"10\" height=\"21\" class=\"wp-image-3656\" style=\"width: 10px;\" src=\"http:\/\/kommentatorenblog.de\/wp-content\/uploads\/2020\/09\/shure-55sh-ii-e1601485394796.jpg\" alt=\"\" srcset=\"http:\/\/kommentatorenblog.de\/wp-content\/uploads\/2020\/09\/shure-55sh-ii-e1601485394796.jpg 415w, http:\/\/kommentatorenblog.de\/wp-content\/uploads\/2020\/09\/shure-55sh-ii-e1601485394796-142x300.jpg 142w\" sizes=\"auto, (max-width: 10px) 100vw, 10px\" \/> Hannes Herrmann <\/p>\n\n\n\n<p><span style=\"text-decoration: underline;\">ab 15.50 Uhr (Sky)<\/span><\/p>\n\n\n\n<p><strong><em>FC Burnley<\/em><\/strong> <strong><em>\u2013<\/em><\/strong>  <strong><em>FC Chelsea (16.00 Uhr)<\/em><\/strong><\/p>\n\n\n\n<p><img loading=\"lazy\" decoding=\"async\" width=\"10\" height=\"21\" class=\"wp-image-3656\" style=\"width: 10px;\" src=\"http:\/\/kommentatorenblog.de\/wp-content\/uploads\/2020\/09\/shure-55sh-ii-e1601485394796.jpg\" alt=\"\" srcset=\"http:\/\/kommentatorenblog.de\/wp-content\/uploads\/2020\/09\/shure-55sh-ii-e1601485394796.jpg 415w, http:\/\/kommentatorenblog.de\/wp-content\/uploads\/2020\/09\/shure-55sh-ii-e1601485394796-142x300.jpg 142w\" sizes=\"auto, (max-width: 10px) 100vw, 10px\" \/> Holger Pfandt<\/p>\n\n\n\n<p><span style=\"text-decoration: underline;\">ab 18.15 Uhr (Sky)<\/span><\/p>\n\n\n\n<p><strong><em>FC Liverpool<\/em><\/strong> <strong><em>\u2013<\/em><\/strong>  <strong><em>West Ham United (18.30 Uhr)<\/em><\/strong><\/p>\n\n\n\n<p><img loading=\"lazy\" decoding=\"async\" width=\"10\" height=\"21\" class=\"wp-image-3656\" style=\"width: 10px;\" src=\"http:\/\/kommentatorenblog.de\/wp-content\/uploads\/2020\/09\/shure-55sh-ii-e1601485394796.jpg\" alt=\"\" srcset=\"http:\/\/kommentatorenblog.de\/wp-content\/uploads\/2020\/09\/shure-55sh-ii-e1601485394796.jpg 415w, http:\/\/kommentatorenblog.de\/wp-content\/uploads\/2020\/09\/shure-55sh-ii-e1601485394796-142x300.jpg 142w\" sizes=\"auto, (max-width: 10px) 100vw, 10px\" \/> Joachim Hebel <\/p>\n\n\n\n<p><span style=\"text-decoration: underline;\">Sonntag, 01. November 2020, ab 12.50 Uhr (Sky)<\/span><\/p>\n\n\n\n<p><strong><em>Aston Villa<\/em><\/strong> <strong><em>\u2013<\/em><\/strong> <strong><em>FC Southampton (13.00 Uhr)<\/em><\/strong><\/p>\n\n\n\n<p><img loading=\"lazy\" decoding=\"async\" width=\"10\" height=\"21\" class=\"wp-image-3656\" style=\"width: 10px;\" src=\"http:\/\/kommentatorenblog.de\/wp-content\/uploads\/2020\/09\/shure-55sh-ii-e1601485394796.jpg\" alt=\"\" srcset=\"http:\/\/kommentatorenblog.de\/wp-content\/uploads\/2020\/09\/shure-55sh-ii-e1601485394796.jpg 415w, http:\/\/kommentatorenblog.de\/wp-content\/uploads\/2020\/09\/shure-55sh-ii-e1601485394796-142x300.jpg 142w\" sizes=\"auto, (max-width: 10px) 100vw, 10px\" \/> Roland Evers <\/p>\n\n\n\n<p><span style=\"text-decoration: underline;\">ab 14.50 Uhr (Sky)<\/span><\/p>\n\n\n\n<p><strong><em>Newcastle United<\/em><\/strong> <strong><em>\u2013<\/em><\/strong>  <strong><em>FC Everton (15.00 Uhr)<\/em><\/strong><\/p>\n\n\n\n<p><img loading=\"lazy\" decoding=\"async\" width=\"10\" height=\"21\" class=\"wp-image-3656\" style=\"width: 10px;\" src=\"http:\/\/kommentatorenblog.de\/wp-content\/uploads\/2020\/09\/shure-55sh-ii-e1601485394796.jpg\" alt=\"\" srcset=\"http:\/\/kommentatorenblog.de\/wp-content\/uploads\/2020\/09\/shure-55sh-ii-e1601485394796.jpg 415w, http:\/\/kommentatorenblog.de\/wp-content\/uploads\/2020\/09\/shure-55sh-ii-e1601485394796-142x300.jpg 142w\" sizes=\"auto, (max-width: 10px) 100vw, 10px\" \/> Joachim Hebel <\/p>\n\n\n\n<p><span style=\"text-decoration: underline;\">ab 17.20 Uhr (Sky)<\/span><\/p>\n\n\n\n<p><strong><em>Manchester United<\/em><\/strong> <strong><em>\u2013<\/em><\/strong>  <strong><em>FC Arsenal (17.30 Uhr)<\/em><\/strong><\/p>\n\n\n\n<p><img loading=\"lazy\" decoding=\"async\" width=\"10\" height=\"21\" class=\"wp-image-3656\" style=\"width: 10px;\" src=\"http:\/\/kommentatorenblog.de\/wp-content\/uploads\/2020\/09\/shure-55sh-ii-e1601485394796.jpg\" alt=\"\" srcset=\"http:\/\/kommentatorenblog.de\/wp-content\/uploads\/2020\/09\/shure-55sh-ii-e1601485394796.jpg 415w, http:\/\/kommentatorenblog.de\/wp-content\/uploads\/2020\/09\/shure-55sh-ii-e1601485394796-142x300.jpg 142w\" sizes=\"auto, (max-width: 10px) 100vw, 10px\" \/> Florian Schmidt-Sommerfeld, Experte: Mladen Petric und Raphael Honigstein <br><br><span style=\"text-decoration: underline;\">ab 19.45 Uhr (Sky)<\/span><\/p>\n\n\n\n<p><strong><em>Tottenham Hotspur<\/em><\/strong> <strong><em>\u2013<\/em><\/strong> <strong><em>Brighton &amp; Hove Albion (20.15 Uhr)<\/em><\/strong><\/p>\n\n\n\n<p><img loading=\"lazy\" decoding=\"async\" width=\"10\" height=\"21\" class=\"wp-image-3656\" style=\"width: 10px;\" src=\"http:\/\/kommentatorenblog.de\/wp-content\/uploads\/2020\/09\/shure-55sh-ii-e1601485394796.jpg\" alt=\"\" srcset=\"http:\/\/kommentatorenblog.de\/wp-content\/uploads\/2020\/09\/shure-55sh-ii-e1601485394796.jpg 415w, http:\/\/kommentatorenblog.de\/wp-content\/uploads\/2020\/09\/shure-55sh-ii-e1601485394796-142x300.jpg 142w\" sizes=\"auto, (max-width: 10px) 100vw, 10px\" \/> Sven Schr\u00f6ter <\/p>\n\n\n\n<p><span style=\"text-decoration: underline;\">Montag, 02. November 2020, ab 18.20 Uhr (Sky)<\/span><\/p>\n\n\n\n<p><strong><em>FC Fulham<\/em><\/strong> <strong><em>\u2013<\/em><\/strong> <strong><em>West Bromwich Albion (18.30 Uhr)<\/em><\/strong><\/p>\n\n\n\n<p><img loading=\"lazy\" decoding=\"async\" width=\"10\" height=\"21\" class=\"wp-image-3656\" style=\"width: 10px;\" src=\"http:\/\/kommentatorenblog.de\/wp-content\/uploads\/2020\/09\/shure-55sh-ii-e1601485394796.jpg\" alt=\"\" srcset=\"http:\/\/kommentatorenblog.de\/wp-content\/uploads\/2020\/09\/shure-55sh-ii-e1601485394796.jpg 415w, http:\/\/kommentatorenblog.de\/wp-content\/uploads\/2020\/09\/shure-55sh-ii-e1601485394796-142x300.jpg 142w\" sizes=\"auto, (max-width: 10px) 100vw, 10px\" \/> Hannes Herrmann<\/p>\n\n\n\n<p><span style=\"text-decoration: underline;\">ab 20.50 Uhr (Sky)<\/span><\/p>\n\n\n\n<p><strong><em>Leeds United<\/em><\/strong> <strong><em>\u2013<\/em><\/strong> <strong><em>Leicester City (21.00 Uhr)<\/em><\/strong><\/p>\n\n\n\n<p><img loading=\"lazy\" decoding=\"async\" width=\"10\" height=\"21\" class=\"wp-image-3656\" style=\"width: 10px;\" src=\"http:\/\/kommentatorenblog.de\/wp-content\/uploads\/2020\/09\/shure-55sh-ii-e1601485394796.jpg\" alt=\"\" srcset=\"http:\/\/kommentatorenblog.de\/wp-content\/uploads\/2020\/09\/shure-55sh-ii-e1601485394796.jpg 415w, http:\/\/kommentatorenblog.de\/wp-content\/uploads\/2020\/09\/shure-55sh-ii-e1601485394796-142x300.jpg 142w\" sizes=\"auto, (max-width: 10px) 100vw, 10px\" \/> Toni Tomic <\/p>\n\n\n\n<hr class=\"wp-block-separator\"\/>\n\n\n\n<p><strong>La Liga, 08. Spieltag (DAZN)<\/strong><\/p>\n\n\n\n<p><span style=\"text-decoration: underline;\">Samstag, 31. Oktober 2020<\/span><\/p>\n\n\n\n<p><em><strong>Real Madrid \u2013 SD Huesca (14.00 Uhr)<\/strong><\/em><\/p>\n\n\n\n<p><img loading=\"lazy\" decoding=\"async\" width=\"10\" height=\"21\" class=\"wp-image-3656\" style=\"width: 10px;\" src=\"http:\/\/kommentatorenblog.de\/wp-content\/uploads\/2020\/09\/shure-55sh-ii-e1601485394796.jpg\" alt=\"\" srcset=\"http:\/\/kommentatorenblog.de\/wp-content\/uploads\/2020\/09\/shure-55sh-ii-e1601485394796.jpg 415w, http:\/\/kommentatorenblog.de\/wp-content\/uploads\/2020\/09\/shure-55sh-ii-e1601485394796-142x300.jpg 142w\" sizes=\"auto, (max-width: 10px) 100vw, 10px\" \/> Jan Platte, Experte: Benny Lauth <\/p>\n\n\n\n<p><strong><em>Athletic Bilbao \u2013 FC Sevilla (16.00 Uhr)<\/em><\/strong><\/p>\n\n\n\n<p><img loading=\"lazy\" decoding=\"async\" width=\"10\" height=\"21\" class=\"wp-image-3656\" style=\"width: 10px;\" src=\"http:\/\/kommentatorenblog.de\/wp-content\/uploads\/2020\/09\/shure-55sh-ii-e1601485394796.jpg\" alt=\"\" srcset=\"http:\/\/kommentatorenblog.de\/wp-content\/uploads\/2020\/09\/shure-55sh-ii-e1601485394796.jpg 415w, http:\/\/kommentatorenblog.de\/wp-content\/uploads\/2020\/09\/shure-55sh-ii-e1601485394796-142x300.jpg 142w\" sizes=\"auto, (max-width: 10px) 100vw, 10px\" \/> Christoph Stadler <\/p>\n\n\n\n<p><strong><em>CA Osasuna \u2013 Atl\u00e9tico Madrid (18.30 Uhr)<\/em><\/strong><\/p>\n\n\n\n<p><img loading=\"lazy\" decoding=\"async\" width=\"10\" height=\"21\" class=\"wp-image-3656\" style=\"width: 10px;\" src=\"http:\/\/kommentatorenblog.de\/wp-content\/uploads\/2020\/09\/shure-55sh-ii-e1601485394796.jpg\" alt=\"\" srcset=\"http:\/\/kommentatorenblog.de\/wp-content\/uploads\/2020\/09\/shure-55sh-ii-e1601485394796.jpg 415w, http:\/\/kommentatorenblog.de\/wp-content\/uploads\/2020\/09\/shure-55sh-ii-e1601485394796-142x300.jpg 142w\" sizes=\"auto, (max-width: 10px) 100vw, 10px\" \/> Nico Seepe <\/p>\n\n\n\n<p><em><strong>Deportivo Alaves \u2013 FC Barcelona (21.00 Uhr)<\/strong><\/em><\/p>\n\n\n\n<p><img loading=\"lazy\" decoding=\"async\" width=\"10\" height=\"21\" class=\"wp-image-3656\" style=\"width: 10px;\" src=\"http:\/\/kommentatorenblog.de\/wp-content\/uploads\/2020\/09\/shure-55sh-ii-e1601485394796.jpg\" alt=\"\" srcset=\"http:\/\/kommentatorenblog.de\/wp-content\/uploads\/2020\/09\/shure-55sh-ii-e1601485394796.jpg 415w, http:\/\/kommentatorenblog.de\/wp-content\/uploads\/2020\/09\/shure-55sh-ii-e1601485394796-142x300.jpg 142w\" sizes=\"auto, (max-width: 10px) 100vw, 10px\" \/> Lukas Sch\u00f6nm\u00fcller, Experte: Sascha Bigalke <\/p>\n\n\n\n<p><span style=\"text-decoration: underline;\">Sonntag, 01. November 2020<\/span><\/p>\n\n\n\n<p><strong><em>Celta Vigo \u2013 Real Sociedad (16.00 Uhr)<\/em><\/strong><\/p>\n\n\n\n<p><img loading=\"lazy\" decoding=\"async\" width=\"10\" height=\"21\" class=\"wp-image-3656\" style=\"width: 10px;\" src=\"http:\/\/kommentatorenblog.de\/wp-content\/uploads\/2020\/09\/shure-55sh-ii-e1601485394796.jpg\" alt=\"\" srcset=\"http:\/\/kommentatorenblog.de\/wp-content\/uploads\/2020\/09\/shure-55sh-ii-e1601485394796.jpg 415w, http:\/\/kommentatorenblog.de\/wp-content\/uploads\/2020\/09\/shure-55sh-ii-e1601485394796-142x300.jpg 142w\" sizes=\"auto, (max-width: 10px) 100vw, 10px\" \/> Oliver Forster<\/p>\n\n\n\n<p><strong><em>FC Valencia \u2013 FC Getafe (21.00 Uhr)<\/em><\/strong><\/p>\n\n\n\n<p><img loading=\"lazy\" decoding=\"async\" width=\"10\" height=\"21\" class=\"wp-image-3656\" style=\"width: 10px;\" src=\"http:\/\/kommentatorenblog.de\/wp-content\/uploads\/2020\/09\/shure-55sh-ii-e1601485394796.jpg\" alt=\"\" srcset=\"http:\/\/kommentatorenblog.de\/wp-content\/uploads\/2020\/09\/shure-55sh-ii-e1601485394796.jpg 415w, http:\/\/kommentatorenblog.de\/wp-content\/uploads\/2020\/09\/shure-55sh-ii-e1601485394796-142x300.jpg 142w\" sizes=\"auto, (max-width: 10px) 100vw, 10px\" \/> Guido H\u00fcsgen, Experte: Ralph Gunesch <\/p>\n\n\n\n<hr class=\"wp-block-separator\"\/>\n\n\n\n<p><strong>Serie A, 06. Spieltag (DAZN)<\/strong><\/p>\n\n\n\n<p><span style=\"text-decoration: underline;\">Samstag, 31. Oktober 2020<\/span><\/p>\n\n\n\n<p><strong><em>FC Crotone \u2013 <\/em><\/strong><strong><em>Atalanta Bergamo<\/em><\/strong> <strong><em>(15.00 Uhr)<\/em><\/strong><\/p>\n\n\n\n<p><img loading=\"lazy\" decoding=\"async\" width=\"10\" height=\"21\" class=\"wp-image-3656\" style=\"width: 10px;\" src=\"http:\/\/kommentatorenblog.de\/wp-content\/uploads\/2020\/09\/shure-55sh-ii-e1601485394796.jpg\" alt=\"\" srcset=\"http:\/\/kommentatorenblog.de\/wp-content\/uploads\/2020\/09\/shure-55sh-ii-e1601485394796.jpg 415w, http:\/\/kommentatorenblog.de\/wp-content\/uploads\/2020\/09\/shure-55sh-ii-e1601485394796-142x300.jpg 142w\" sizes=\"auto, (max-width: 10px) 100vw, 10px\" \/> Claus M\u00fcller <\/p>\n\n\n\n<p><strong><em>Inter Mailand<\/em><\/strong><strong><em> \u2013 Parma Calcio (18.00 Uhr)<\/em><\/strong><\/p>\n\n\n\n<p><img loading=\"lazy\" decoding=\"async\" width=\"10\" height=\"21\" class=\"wp-image-3656\" style=\"width: 10px;\" src=\"http:\/\/kommentatorenblog.de\/wp-content\/uploads\/2020\/09\/shure-55sh-ii-e1601485394796.jpg\" alt=\"\" srcset=\"http:\/\/kommentatorenblog.de\/wp-content\/uploads\/2020\/09\/shure-55sh-ii-e1601485394796.jpg 415w, http:\/\/kommentatorenblog.de\/wp-content\/uploads\/2020\/09\/shure-55sh-ii-e1601485394796-142x300.jpg 142w\" sizes=\"auto, (max-width: 10px) 100vw, 10px\" \/> Marco Hagemann, Experte: Ralph Gunesch<\/p>\n\n\n\n<p><span style=\"text-decoration: underline;\">Sonntag, 02. November 2020 <\/span><\/p>\n\n\n\n<p><strong><em>Udinese Calcio \u2013 AC Mailand (12.30 Uhr)<\/em><\/strong><\/p>\n\n\n\n<p><img loading=\"lazy\" decoding=\"async\" width=\"10\" height=\"21\" class=\"wp-image-3656\" style=\"width: 10px;\" src=\"http:\/\/kommentatorenblog.de\/wp-content\/uploads\/2020\/09\/shure-55sh-ii-e1601485394796.jpg\" alt=\"\" srcset=\"http:\/\/kommentatorenblog.de\/wp-content\/uploads\/2020\/09\/shure-55sh-ii-e1601485394796.jpg 415w, http:\/\/kommentatorenblog.de\/wp-content\/uploads\/2020\/09\/shure-55sh-ii-e1601485394796-142x300.jpg 142w\" sizes=\"auto, (max-width: 10px) 100vw, 10px\" \/> Tino Polster  <\/p>\n\n\n\n<p><strong><em>Spezia Calcio \u2013 Juventus Turin (15.00 Uhr)<\/em><\/strong><\/p>\n\n\n\n<p><img loading=\"lazy\" decoding=\"async\" width=\"10\" height=\"21\" class=\"wp-image-3656\" style=\"width: 10px;\" src=\"http:\/\/kommentatorenblog.de\/wp-content\/uploads\/2020\/09\/shure-55sh-ii-e1601485394796.jpg\" alt=\"\" srcset=\"http:\/\/kommentatorenblog.de\/wp-content\/uploads\/2020\/09\/shure-55sh-ii-e1601485394796.jpg 415w, http:\/\/kommentatorenblog.de\/wp-content\/uploads\/2020\/09\/shure-55sh-ii-e1601485394796-142x300.jpg 142w\" sizes=\"auto, (max-width: 10px) 100vw, 10px\" \/> Uli Hebel, Experte: Sebastian Knei\u00dfl <\/p>\n\n\n\n<p><strong><em>SSC Neapel \u2013 Sassuolo Calcio (18.00 Uhr)<\/em><\/strong><\/p>\n\n\n\n<p><img loading=\"lazy\" decoding=\"async\" width=\"10\" height=\"21\" class=\"wp-image-3656\" style=\"width: 10px;\" src=\"http:\/\/kommentatorenblog.de\/wp-content\/uploads\/2020\/09\/shure-55sh-ii-e1601485394796.jpg\" alt=\"\" srcset=\"http:\/\/kommentatorenblog.de\/wp-content\/uploads\/2020\/09\/shure-55sh-ii-e1601485394796.jpg 415w, http:\/\/kommentatorenblog.de\/wp-content\/uploads\/2020\/09\/shure-55sh-ii-e1601485394796-142x300.jpg 142w\" sizes=\"auto, (max-width: 10px) 100vw, 10px\" \/> Mario Rieker, Experte: Christian Bernhard<\/p>\n\n\n\n<p><strong><em>Sampdoria Genua \u2013 CFC Genua (20.45 Uhr)<\/em><\/strong><\/p>\n\n\n\n<p><img loading=\"lazy\" decoding=\"async\" width=\"10\" height=\"21\" class=\"wp-image-3656\" style=\"width: 10px;\" src=\"http:\/\/kommentatorenblog.de\/wp-content\/uploads\/2020\/09\/shure-55sh-ii-e1601485394796.jpg\" alt=\"\" srcset=\"http:\/\/kommentatorenblog.de\/wp-content\/uploads\/2020\/09\/shure-55sh-ii-e1601485394796.jpg 415w, http:\/\/kommentatorenblog.de\/wp-content\/uploads\/2020\/09\/shure-55sh-ii-e1601485394796-142x300.jpg 142w\" sizes=\"auto, (max-width: 10px) 100vw, 10px\" \/> Carsten Fu\u00df<\/p>\n\n\n\n<hr class=\"wp-block-separator\"\/>\n\n\n\n<p><strong>Ligue 1, 09. Spieltag (DAZN)<\/strong><\/p>\n\n\n\n<p><span style=\"text-decoration: underline;\">Samstag, 31. Oktober 2020<\/span><\/p>\n\n\n\n<p><strong><em>FC Nantes \u2013 Paris Saint-Germain (21.00 Uhr)<\/em><\/strong><\/p>\n\n\n\n<p><img loading=\"lazy\" decoding=\"async\" width=\"10\" height=\"21\" class=\"wp-image-3656\" style=\"width: 10px;\" src=\"http:\/\/kommentatorenblog.de\/wp-content\/uploads\/2020\/09\/shure-55sh-ii-e1601485394796.jpg\" alt=\"\" srcset=\"http:\/\/kommentatorenblog.de\/wp-content\/uploads\/2020\/09\/shure-55sh-ii-e1601485394796.jpg 415w, http:\/\/kommentatorenblog.de\/wp-content\/uploads\/2020\/09\/shure-55sh-ii-e1601485394796-142x300.jpg 142w\" sizes=\"auto, (max-width: 10px) 100vw, 10px\" \/> Stefan Galler, Experte: Alexis Menuge  <\/p>\n\n\n\n<p><span style=\"text-decoration: underline;\">Sonntag, 25. Oktober 2020<\/span><\/p>\n\n\n\n<p><strong><em>AS Monaco \u2013 Girondins Bordeaux (17.00 Uhr)<\/em><\/strong><\/p>\n\n\n\n<p><img loading=\"lazy\" decoding=\"async\" width=\"10\" height=\"21\" class=\"wp-image-3656\" style=\"width: 10px;\" src=\"http:\/\/kommentatorenblog.de\/wp-content\/uploads\/2020\/09\/shure-55sh-ii-e1601485394796.jpg\" alt=\"\" srcset=\"http:\/\/kommentatorenblog.de\/wp-content\/uploads\/2020\/09\/shure-55sh-ii-e1601485394796.jpg 415w, http:\/\/kommentatorenblog.de\/wp-content\/uploads\/2020\/09\/shure-55sh-ii-e1601485394796-142x300.jpg 142w\" sizes=\"auto, (max-width: 10px) 100vw, 10px\" \/> Martin Sedlacek <\/p>\n\n\n\n<p><strong><em>OSC Lille \u2013 Olympique Lyon (21.00 Uhr)<\/em><\/strong><\/p>\n\n\n\n<p><img loading=\"lazy\" decoding=\"async\" width=\"10\" height=\"21\" class=\"wp-image-3656\" style=\"width: 10px;\" src=\"http:\/\/kommentatorenblog.de\/wp-content\/uploads\/2020\/09\/shure-55sh-ii-e1601485394796.jpg\" alt=\"\" srcset=\"http:\/\/kommentatorenblog.de\/wp-content\/uploads\/2020\/09\/shure-55sh-ii-e1601485394796.jpg 415w, http:\/\/kommentatorenblog.de\/wp-content\/uploads\/2020\/09\/shure-55sh-ii-e1601485394796-142x300.jpg 142w\" sizes=\"auto, (max-width: 10px) 100vw, 10px\" \/> Matthias Naebers<\/p>\n\n\n\n<hr class=\"wp-block-separator\"\/>\n\n\n\n<p><strong>Internationaler Fussball<\/strong> <strong>(Sportdigital FUSSBALL)<\/strong><\/p>\n\n\n\n<p><span style=\"text-decoration: underline;\">Freitag, 30. Oktober 2020<\/span> <\/p>\n\n\n\n<p>Liga NOS, 06. Spieltag: <strong><em>Pacos de Ferreirra \u2013 FC Porto (21.30 Uhr)<\/em><\/strong><\/p>\n\n\n\n<p><img loading=\"lazy\" decoding=\"async\" width=\"10\" height=\"21\" class=\"wp-image-3656\" style=\"width: 10px;\" src=\"http:\/\/kommentatorenblog.de\/wp-content\/uploads\/2020\/09\/shure-55sh-ii-e1601485394796.jpg\" alt=\"\" srcset=\"http:\/\/kommentatorenblog.de\/wp-content\/uploads\/2020\/09\/shure-55sh-ii-e1601485394796.jpg 415w, http:\/\/kommentatorenblog.de\/wp-content\/uploads\/2020\/09\/shure-55sh-ii-e1601485394796-142x300.jpg 142w\" sizes=\"auto, (max-width: 10px) 100vw, 10px\" \/> Karsten Linke <\/p>\n\n\n\n<p><span style=\"text-decoration: underline;\">Samstag, 31. Oktober 2020<\/span> <\/p>\n\n\n\n<p>J. League, 25. Spieltag:<strong><em> Kashima Antlers \u2013 Nagoya Grampus Eight (09.00 Uhr)<\/em><\/strong><\/p>\n\n\n\n<p><img loading=\"lazy\" decoding=\"async\" width=\"10\" height=\"21\" class=\"wp-image-3656\" style=\"width: 10px;\" src=\"http:\/\/kommentatorenblog.de\/wp-content\/uploads\/2020\/09\/shure-55sh-ii-e1601485394796.jpg\" alt=\"\" srcset=\"http:\/\/kommentatorenblog.de\/wp-content\/uploads\/2020\/09\/shure-55sh-ii-e1601485394796.jpg 415w, http:\/\/kommentatorenblog.de\/wp-content\/uploads\/2020\/09\/shure-55sh-ii-e1601485394796-142x300.jpg 142w\" sizes=\"auto, (max-width: 10px) 100vw, 10px\" \/> Christian Blunck<\/p>\n\n\n\n<p>Sky Bet Championship, 09. Spieltag : <strong><em>Bristol City \u2013 Norwich City (13.30 Uhr)<\/em><\/strong><\/p>\n\n\n\n<p><img loading=\"lazy\" decoding=\"async\" width=\"10\" height=\"21\" class=\"wp-image-3656\" style=\"width: 10px;\" src=\"http:\/\/kommentatorenblog.de\/wp-content\/uploads\/2020\/09\/shure-55sh-ii-e1601485394796.jpg\" alt=\"\" srcset=\"http:\/\/kommentatorenblog.de\/wp-content\/uploads\/2020\/09\/shure-55sh-ii-e1601485394796.jpg 415w, http:\/\/kommentatorenblog.de\/wp-content\/uploads\/2020\/09\/shure-55sh-ii-e1601485394796-142x300.jpg 142w\" sizes=\"auto, (max-width: 10px) 100vw, 10px\" \/> Florian Obst <\/p>\n\n\n\n<p>Sky Bet Championship, 09. Spieltag: <strong><em>Luton Town \u2013<\/em><\/strong> <strong><em>Brentford FC (16.00 Uhr)<\/em><\/strong><\/p>\n\n\n\n<p><img loading=\"lazy\" decoding=\"async\" width=\"10\" height=\"21\" class=\"wp-image-3656\" style=\"width: 10px;\" src=\"http:\/\/kommentatorenblog.de\/wp-content\/uploads\/2020\/09\/shure-55sh-ii-e1601485394796.jpg\" alt=\"\" srcset=\"http:\/\/kommentatorenblog.de\/wp-content\/uploads\/2020\/09\/shure-55sh-ii-e1601485394796.jpg 415w, http:\/\/kommentatorenblog.de\/wp-content\/uploads\/2020\/09\/shure-55sh-ii-e1601485394796-142x300.jpg 142w\" sizes=\"auto, (max-width: 10px) 100vw, 10px\" \/> Karsten Linke  <\/p>\n\n\n\n<p>Eredivisie, 07. Spieltag: <strong><em>Ajax Amsterdam \u2013 Fortuna Sittard (20.00 Uhr)<\/em><\/strong><\/p>\n\n\n\n<p><img loading=\"lazy\" decoding=\"async\" width=\"10\" height=\"21\" class=\"wp-image-3656\" style=\"width: 10px;\" src=\"http:\/\/kommentatorenblog.de\/wp-content\/uploads\/2020\/09\/shure-55sh-ii-e1601485394796.jpg\" alt=\"\" srcset=\"http:\/\/kommentatorenblog.de\/wp-content\/uploads\/2020\/09\/shure-55sh-ii-e1601485394796.jpg 415w, http:\/\/kommentatorenblog.de\/wp-content\/uploads\/2020\/09\/shure-55sh-ii-e1601485394796-142x300.jpg 142w\" sizes=\"auto, (max-width: 10px) 100vw, 10px\" \/> Ulf Kahmke <\/p>\n\n\n\n<p><span style=\"text-decoration: underline;\">Sonntag, 01. November <\/span><\/p>\n\n\n\n<p>K League, 27. Spieltag: <strong><em>Jeonbuk Hyundai Motors<\/em><\/strong><strong><em> \u2013<\/em><\/strong> <strong><em>Daegu FC <\/em><\/strong><strong><em>(07.00 Uhr)<\/em><\/strong><\/p>\n\n\n\n<p><img loading=\"lazy\" decoding=\"async\" width=\"10\" height=\"21\" class=\"wp-image-3656\" style=\"width: 10px;\" src=\"http:\/\/kommentatorenblog.de\/wp-content\/uploads\/2020\/09\/shure-55sh-ii-e1601485394796.jpg\" alt=\"\" srcset=\"http:\/\/kommentatorenblog.de\/wp-content\/uploads\/2020\/09\/shure-55sh-ii-e1601485394796.jpg 415w, http:\/\/kommentatorenblog.de\/wp-content\/uploads\/2020\/09\/shure-55sh-ii-e1601485394796-142x300.jpg 142w\" sizes=\"auto, (max-width: 10px) 100vw, 10px\" \/> Florian Obst <\/p>\n\n\n\n<p>Eredivisie, 07. Spieltag: <strong><em>FC Emmen \u2013<\/em><\/strong> <strong><em>Feyenoord Rotterdam (14.30 Uhr)<\/em><\/strong><\/p>\n\n\n\n<p><img loading=\"lazy\" decoding=\"async\" width=\"10\" height=\"21\" class=\"wp-image-3656\" style=\"width: 10px;\" src=\"http:\/\/kommentatorenblog.de\/wp-content\/uploads\/2020\/09\/shure-55sh-ii-e1601485394796.jpg\" alt=\"\" srcset=\"http:\/\/kommentatorenblog.de\/wp-content\/uploads\/2020\/09\/shure-55sh-ii-e1601485394796.jpg 415w, http:\/\/kommentatorenblog.de\/wp-content\/uploads\/2020\/09\/shure-55sh-ii-e1601485394796-142x300.jpg 142w\" sizes=\"auto, (max-width: 10px) 100vw, 10px\" \/> Arne Malsch <\/p>\n\n\n\n<p>Eredivisie, 07. Spieltag: <strong><em>PSV Eindhoven \u2013<\/em><\/strong> <strong><em>ADO Den Haag (16.45 Uhr) <\/em><\/strong><\/p>\n\n\n\n<p><img loading=\"lazy\" decoding=\"async\" width=\"10\" height=\"21\" class=\"wp-image-3656\" style=\"width: 10px;\" src=\"http:\/\/kommentatorenblog.de\/wp-content\/uploads\/2020\/09\/shure-55sh-ii-e1601485394796.jpg\" alt=\"\" srcset=\"http:\/\/kommentatorenblog.de\/wp-content\/uploads\/2020\/09\/shure-55sh-ii-e1601485394796.jpg 415w, http:\/\/kommentatorenblog.de\/wp-content\/uploads\/2020\/09\/shure-55sh-ii-e1601485394796-142x300.jpg 142w\" sizes=\"auto, (max-width: 10px) 100vw, 10px\" \/> Karsten Linke  <\/p>\n\n\n\n<p>Liga NOS, 06. Spieltag: <strong><em>Sporting Lissabon \u2013<\/em><\/strong> <strong><em>CD Tondela (21.00 Uhr)<\/em><\/strong><\/p>\n\n\n\n<p><img loading=\"lazy\" decoding=\"async\" width=\"10\" height=\"21\" class=\"wp-image-3656\" style=\"width: 10px;\" src=\"http:\/\/kommentatorenblog.de\/wp-content\/uploads\/2020\/09\/shure-55sh-ii-e1601485394796.jpg\" alt=\"\" srcset=\"http:\/\/kommentatorenblog.de\/wp-content\/uploads\/2020\/09\/shure-55sh-ii-e1601485394796.jpg 415w, http:\/\/kommentatorenblog.de\/wp-content\/uploads\/2020\/09\/shure-55sh-ii-e1601485394796-142x300.jpg 142w\" sizes=\"auto, (max-width: 10px) 100vw, 10px\" \/> Christian Blunck  <\/p>\n\n\n\n<p><span style=\"text-decoration: underline;\">Montag, 02. November<\/span><\/p>\n\n\n\n<p>Liga Profesional, 22. Spieltag: <em><strong>Riverplate \u2013 <\/strong><\/em> <em><strong>CA Banfield (01.15 Uhr)<\/strong><\/em><\/p>\n\n\n\n<p><img loading=\"lazy\" decoding=\"async\" width=\"10\" height=\"21\" class=\"wp-image-3656\" style=\"width: 10px;\" src=\"http:\/\/kommentatorenblog.de\/wp-content\/uploads\/2020\/09\/shure-55sh-ii-e1601485394796.jpg\" alt=\"\" srcset=\"http:\/\/kommentatorenblog.de\/wp-content\/uploads\/2020\/09\/shure-55sh-ii-e1601485394796.jpg 415w, http:\/\/kommentatorenblog.de\/wp-content\/uploads\/2020\/09\/shure-55sh-ii-e1601485394796-142x300.jpg 142w\" sizes=\"auto, (max-width: 10px) 100vw, 10px\" \/> Ulf Kahmke   <\/p>\n\n\n\n<p>Chinese Super League, Halbfinale, R\u00fcckspiel: <em><strong>Guangzhou Evergrande<\/strong> <strong> \u2013 <\/strong><\/em> <em><strong>Beijing Guoan<\/strong> <strong>(08.30 Uhr)<\/strong><\/em><\/p>\n\n\n\n<p><img loading=\"lazy\" decoding=\"async\" width=\"10\" height=\"21\" class=\"wp-image-3656\" style=\"width: 10px;\" src=\"http:\/\/kommentatorenblog.de\/wp-content\/uploads\/2020\/09\/shure-55sh-ii-e1601485394796.jpg\" alt=\"\" srcset=\"http:\/\/kommentatorenblog.de\/wp-content\/uploads\/2020\/09\/shure-55sh-ii-e1601485394796.jpg 415w, http:\/\/kommentatorenblog.de\/wp-content\/uploads\/2020\/09\/shure-55sh-ii-e1601485394796-142x300.jpg 142w\" sizes=\"auto, (max-width: 10px) 100vw, 10px\" \/> Christian Blunck  <\/p>\n\n\n\n<p>Chinese Super League, Halbfinale, R\u00fcckspiel:  <em><strong>Shanghai SIPG FC Evergrande \u2013 <\/strong><\/em> <em><strong>Jiangsu Suning <\/strong><\/em> <em><strong>(13.35 Uhr)<\/strong><\/em><\/p>\n\n\n\n<p><img loading=\"lazy\" decoding=\"async\" width=\"10\" height=\"21\" class=\"wp-image-3656\" style=\"width: 10px;\" src=\"http:\/\/kommentatorenblog.de\/wp-content\/uploads\/2020\/09\/shure-55sh-ii-e1601485394796.jpg\" alt=\"\" srcset=\"http:\/\/kommentatorenblog.de\/wp-content\/uploads\/2020\/09\/shure-55sh-ii-e1601485394796.jpg 415w, http:\/\/kommentatorenblog.de\/wp-content\/uploads\/2020\/09\/shure-55sh-ii-e1601485394796-142x300.jpg 142w\" sizes=\"auto, (max-width: 10px) 100vw, 10px\" \/> Karsten Linke  <\/p>\n\n\n\n<p>Liga NOS, 06. Spieltag: <strong><em>Boavista Porto \u2013 Benfica Lissabon (21.15 Uhr)<\/em><\/strong><\/p>\n\n\n\n<p><img loading=\"lazy\" decoding=\"async\" width=\"10\" height=\"21\" class=\"wp-image-3656\" style=\"width: 10px;\" src=\"http:\/\/kommentatorenblog.de\/wp-content\/uploads\/2020\/09\/shure-55sh-ii-e1601485394796.jpg\" alt=\"\" srcset=\"http:\/\/kommentatorenblog.de\/wp-content\/uploads\/2020\/09\/shure-55sh-ii-e1601485394796.jpg 415w, http:\/\/kommentatorenblog.de\/wp-content\/uploads\/2020\/09\/shure-55sh-ii-e1601485394796-142x300.jpg 142w\" sizes=\"auto, (max-width: 10px) 100vw, 10px\" \/> Christian Blunck <\/p>\n\n\n\n<hr class=\"wp-block-separator\"\/>\n\n\n\n<p><strong>Die Analyse<\/strong><\/p>\n\n\n\n<p><strong>Benesch-Comeback<\/strong><\/p>\n\n\n\n<p><strong>DAZN<\/strong> zeigt auch diese Woche wieder zwei Partien. <strong>Sebastian Benesch<\/strong> ist jeweils als Interviewer am Start &#8211; und schnuppert nach \u00fcber zwei Monaten mal wieder Stadionluft?! Die letzten Field-Reporter-Eins\u00e4tze von Benesch gab\u00b4s rund um das Euro League &#8211; Finalturnier Ende August. <\/p>\n\n\n\n<p>Beim Spiel am Freitag, dass zumindest wohl in Bezug auf Einschaltquoten interessanter werden wird, kommt unter anderem unser Interviewgast Alex Schl\u00fcter zum Einsatz. Montag bei Hoffenheim gegen Union erwartet euch das Trio Wahnschaffe\/Hagemann\/Knei\u00dfl.   <\/p>\n\n\n\n<p><strong>Fokus auf der Konferenz<\/strong><\/p>\n\n\n\n<p>Bei Sky freut sich am Samstag auf <strong>Bayern und Dortmund<\/strong> in der <strong>Konferenz<\/strong>. Die Verantwortlichen setzten hier auf die beiden Top-Kommentatoren. <strong>Fuss<\/strong> macht Dortmund in der Konferenz. Das Spiel der Bayern kommentiert hier Kai <strong>Dittmann<\/strong>. Beide ohne einen Einzelspieleinsatz an einem Bundesliga-Wochenende?! &#8211; diese absolute Seltenheit finden wir zuletzt am 33. Spieltag der vergangenen Saison. Und an diesem finden ja bekanntlich alle Spiele zeitgleich statt. <strong>Hansi K\u00fcpper<\/strong> und Handballexperte<strong> Markus G\u00f6tz<\/strong> komplettieren das Quartett. <\/p>\n\n\n\n<p>In der Einzelspiel-Option kommentiert <strong>Martin Gro\u00df<\/strong> das Ausw\u00e4rtsspiel der Bayern in K\u00f6ln. Interviews in der Domstadt f\u00fchrt <strong>Marcus Lindemann<\/strong>. Patrick Wasserziehr kann sich auf Sky90 konzentrieren. Auf den Weg nach Bielefeld machen sich <strong>Jonas Friedrich<\/strong> und <strong>Ulli Potofski.<\/strong> Mit der Ansetzung war nicht unbedingt zu rechnen. Nichtdestotrotz freue mich auf den Kommentar von Jonas Friedrich, der einer meiner pers\u00f6nlichen Favoriten ist &#8211; wie immer alles subjektiv :D. <strong>Tom Bayer <\/strong>macht mal wieder in Frankfurt halt. <strong>Michael Born<\/strong>, der am Freitag das Zweitliga-Spiel zwischen Fortuna D\u00fcsseldorf und dem 1.FC Heidenheim aus der Box in Unterf\u00f6hring kommentiert, macht vor der R\u00fcckreise nach Hamburg noch Halt in Augsburg. <\/p>\n\n\n\n<p>Fuss, Dittmann und Gro\u00df sind bereits versorgt. Der ge\u00fcbte Leser wird wissen, dass nur noch <strong>Frank Buschmann<\/strong> f\u00fcr das <strong>Topspiel<\/strong> zwischen M\u00b4Gladbach und Leipzig \u00fcbrig bleibt. 4\/5 hei\u00dft es derweil bei <strong>Ecki Heuser,<\/strong> der an den ersten Spieltagen fast ausschlie\u00dflich beim Topspiel eingesetzt wurde\/wird. <\/p>\n\n\n\n<p><strong>Meijer macht\u00b4s am Sonntag<\/strong><\/p>\n\n\n\n<p>Moderatorin <strong>Britta Hofmann<\/strong>, die letzte Woche f\u00fcr die erkrankte Jessica Libbertz einsprang, freut sich am Sonntag im Studio auf 100 % <strong>Meijer<\/strong>. Aogo k\u00e4mpft wohl noch mit Corona, Schmidt hat letzte Woche bereits seine Expertise abgegeben, Petric h\u00f6ren wir bei der Premier League und von Adler fehlt jede Spur. Und so freuen wir uns auf den engagierten Holl\u00e4nder,  der sich wegen Corona wahrscheinlich in M\u00fcnchen einquartiert hat.<\/p>\n\n\n\n<ul class=\"wp-block-list\"><li>vergangenen Dienstag\/Mittwoch: Analyse bei der Champions League <\/li><li>Freitag: Experte bei der Bundesligavorschau &#8222;Dein Verein&#8220;<\/li><li>Sonntag: Bundesliga-Experte<\/li><li>Dienstag\/Mittwoch: wieder Analyse bei der Champions League  <\/li><\/ul>\n\n\n\n<p>Zur\u00fcck zu den Spielen: Die l\u00e4ngere Reise nach Freiburg tritt das Duo <strong>Gro\u00df\/Lindemann<\/strong> an. <strong>Seidler<\/strong> kommentiert wieder das sp\u00e4te Sonntagspiel und tauscht Bremen gegen Berlin. Kleine \u00dcberraschung: SSN-Chefreporter <strong>Marc Behrenbeck <\/strong>reist f\u00fcr die Interviews in die Hauptstadt.<\/p>\n\n\n\n<p><strong>Vorfreunde aufs Stadtderby und Moderations-Deb\u00fct<\/strong> <strong>f\u00e4llt aus?! <\/strong><\/p>\n\n\n\n<p>Freitag freuen wir uns auf das Hamburger Stadtderby. Grund: Erstmals in dieser Spielzeit wird der <strong>Kommentar<\/strong>, in diesem Fall von <strong>Toni Tomic<\/strong>, <strong>live aus dem Stadion<\/strong> kommen. Letztes Jahr wurden ja (wenigstens noch) fast alle <strong>Montagsspiele<\/strong> aus dem Stadion kommentiert. Jene Topspiele \u00fcbernehmen mittlerweile <strong>Hempel und Mattuschka<\/strong> aus dem Studio in M\u00fcnchen. <\/p>\n\n\n\n<p>Bedingt durch den erneuten Wegfall des Montagsspiels in Liga zwei, gibt es auch diesen Samstag wieder vier Partien. Die ehemalige SPORT1 und Magenta Sport &#8211; Moderatorin <strong>Nele Schenker<\/strong> sollte erstmals eine Zweitligasendung f\u00fcr Sky moderieren. Jetzt macht\u2019s doch Stefan Hempel. Bei den Kommentatoren-Ansetzungen finden wir bei der 2. Bundesliga keine wirklichen Besonderheiten.<\/p>\n\n\n\n<p><strong>Traditionsduell, Motorsport und Doppeleins\u00e4tze<\/strong><\/p>\n\n\n\n<p>In der 3.Liga zieht die Aufeinandertreffen, die auch die Sender der ARD zeigen, die meiste Aufmerksamkeit auf sich. 1860 gegen Duisburg l\u00e4uft mit bekanntem Gesichtern im <strong>BR<\/strong>. Bei Magenta Sport kommentiert <strong>Franz B\u00fcchner<\/strong>, der quasi mit einem Bayern-Dauerabo ausgestattet ist. Waldhof Mannheim gegen Magdeburg zeigen drei Sender. Im <strong>MDR<\/strong> kommentieren nicht die \u00fcblichen Verd\u00e4chtigen um P\u00fcschel, Galley, Herwig, Mann &amp; Co. <strong>Stephan Weidling<\/strong> wird stattdessen der Kommentator sein. <\/p>\n\n\n\n<p>Einen selteneren Fu\u00dfball-Einsatz gibt\u00b4s bei Magenta Sport f\u00fcr <strong>Eddie Mielke<\/strong>.  Mielke hat die Zeit, weil keine DTM- oder MotoGP-Rennen am Wochenende stattfinden werden. Dar\u00fcber hinaus gibt\u00b4s bei Magenta Sport f\u00fcr <strong>Wagner, Sievers und Piller <\/strong>zwei Eins\u00e4tze.  <\/p>\n\n\n\n<p><strong>Experten-Irrsinn? und knackige Wochenenden!<\/strong><\/p>\n\n\n\n<p>Hebel, Herrmann oder Tonic kommen auch diese Woche alle zum Einsatz &#8211; in der Premier League gibt\u00b4s zumeist keine \u00dcberraschungen. Beim Spiel des FC Chelsea sitzt am Samstag mal Routinier <strong>Holger Pfandt<\/strong> am Mikro. Sven Schr\u00f6ter bekommt am Montag mal wieder ein Live-Spiel. Sonntag scheint es eine Art <strong>&#8222;Experten-Irrsinn&#8220;<\/strong> zu geben, weil <strong>Petric und Honigstein<\/strong> wohl beide im Studio bei Schmiso zu Gast sein. Wir sprechen uns nach der Sendung wieder :D. <\/p>\n\n\n\n<p><strong>Karsten Linke<\/strong> (sportdigital FUSSBALL) erwartet zum Beispiel ein knackiges Wochenende mit drei Spielen. <strong>Christoph Stadler<\/strong> kommt in LaLiga zu einem seiner selteneren Eins\u00e4tze als Fu\u00dfball-Kommentator. Zudem wird beim Genua-Derby <strong>Carsten Fu\u00df<\/strong> genug zu berichten haben. Sonst fehlen dieses Wochenende die &#8222;gro\u00dfen&#8220; Spiele. Barca, Real, Juve &amp; Co treten gegen vermeintlich schw\u00e4chere Gegner an. Die Ansetzungen sind frei von \u00dcberraschungen. <\/p>\n\n\n\n<p>Macht das Beste draus!  <\/p>\n","protected":false},"excerpt":{"rendered":"<p>Moderator und Kommentator Alex Schl\u00fcter ist das Gesicht des Streamingdienstes DAZN in Deutschland. In Teil 1 des exklusiven kommentatorenblog-Interviews sprechen wir \u00fcber seinen offiziellen Titel und den Weg in den Sportjournalismus. Zudem \u00e4u\u00dfert sich Schl\u00fcter zum Sendekonzept von DAZN. kommentatorenblog: Alex, bei der Recherche bin ich auf deine offizielle Berufsbezeichnung gesto\u00dfen. Seit mehr als zwei [&hellip;]<\/p>\n","protected":false},"author":3,"featured_media":0,"comment_status":"open","ping_status":"open","sticky":false,"template":"","format":"standard","meta":{"footnotes":""},"categories":[424],"tags":[20,10,49,178,60,131,56,171,13,30,287,119,55,89,61,104,211,90,373,349,347,69,244,285,93,59,122,79,158,31,9,368,43,112,95,17,114,88,83,369,113,23,108,340,189,22,81,371,134,27,16,33,24,346,289,107,196],"class_list":["post-4051","post","type-post","status-publish","format-standard","hentry","category-bundesliga-und-co","tag-2-bundesliga","tag-3-liga","tag-alex-schlueter","tag-br","tag-bundesliga","tag-carsten-fuss","tag-chinese-super-league","tag-christoph-stadtler","tag-dazn","tag-didi-hamann","tag-ecki-heuser","tag-edgar-mielke","tag-eredivisie","tag-florian-schmidt-sommerfeld","tag-frank-buschmann","tag-hannes-herrmann","tag-hartmut-von-kameke","tag-holger-pfandt","tag-huesgen","tag-j-league","tag-joachim-hebel","tag-jonas-friedrich","tag-jurek-rohrberg","tag-k-league","tag-kai-dittmann","tag-karsten-linke","tag-laliga","tag-liga-nos","tag-ligue-1","tag-lothar-matthaeus","tag-magenta-sport","tag-marc-behrenbeck","tag-marco-hagemann","tag-marcus-lindemann","tag-martin-gross","tag-mdr","tag-michael-born","tag-michael-leopold","tag-mladen-petric","tag-nele-schenker","tag-oliver-seidler","tag-premier-league","tag-ralph-gunesch","tag-raphael-honigstein","tag-sebastian-benesch","tag-sky","tag-sky-bet-championship","tag-soenke-sievers","tag-sportdigital-fussball","tag-sven-schroeter","tag-swr","tag-thomas-wagner","tag-toni-tomic","tag-torsten-mattuschka","tag-ulli-potofski","tag-wolff-fuss","tag-yannick-erkenbrecher"],"_links":{"self":[{"href":"http:\/\/kommentatorenblog.de\/index.php?rest_route=\/wp\/v2\/posts\/4051","targetHints":{"allow":["GET"]}}],"collection":[{"href":"http:\/\/kommentatorenblog.de\/index.php?rest_route=\/wp\/v2\/posts"}],"about":[{"href":"http:\/\/kommentatorenblog.de\/index.php?rest_route=\/wp\/v2\/types\/post"}],"author":[{"embeddable":true,"href":"http:\/\/kommentatorenblog.de\/index.php?rest_route=\/wp\/v2\/users\/3"}],"replies":[{"embeddable":true,"href":"http:\/\/kommentatorenblog.de\/index.php?rest_route=%2Fwp%2Fv2%2Fcomments&post=4051"}],"version-history":[{"count":151,"href":"http:\/\/kommentatorenblog.de\/index.php?rest_route=\/wp\/v2\/posts\/4051\/revisions"}],"predecessor-version":[{"id":4284,"href":"http:\/\/kommentatorenblog.de\/index.php?rest_route=\/wp\/v2\/posts\/4051\/revisions\/4284"}],"wp:attachment":[{"href":"http:\/\/kommentatorenblog.de\/index.php?rest_route=%2Fwp%2Fv2%2Fmedia&parent=4051"}],"wp:term":[{"taxonomy":"category","embeddable":true,"href":"http:\/\/kommentatorenblog.de\/index.php?rest_route=%2Fwp%2Fv2%2Fcategories&post=4051"},{"taxonomy":"post_tag","embeddable":true,"href":"http:\/\/kommentatorenblog.de\/index.php?rest_route=%2Fwp%2Fv2%2Ftags&post=4051"}],"curies":[{"name":"wp","href":"https:\/\/api.w.org\/{rel}","templated":true}]}}