{"id":4058,"date":"2020-10-26T19:00:27","date_gmt":"2020-10-26T19:00:27","guid":{"rendered":"http:\/\/kommentatorenblog.de\/?p=4058"},"modified":"2020-12-30T15:20:54","modified_gmt":"2020-12-30T15:20:54","slug":"1119-risikogebiete-beeinflussen-die-berichterstattung","status":"publish","type":"post","link":"http:\/\/kommentatorenblog.de\/?p=4058","title":{"rendered":"1119 \u2013 Risikogebiete beeinflussen die Berichterstattung"},"content":{"rendered":"\n<p>N\u2018Abend allerseits,<\/p>\n\n\n\n<p>die Umst\u00e4nde bez\u00fcglich der \u00dcberschrift werden in der XXL-Analyse erl\u00e4utert! Und am Donnerstag k\u00f6nnt ihr hier den ersten Teil des Interviews mit einem DAZN-Moderator\/Kommentator lesen &#8211; er ist auch diese Woche wieder bei der \u00dcbertragung eines CL-Spiels mit deutscher Beteiligung am Start \ud83d\ude09 <\/p>\n\n\n\n<p class=\"has-normal-font-size\"><strong><em>Die Ansetzungen vom 27. Oktober bis zum 29. Oktober 2020<\/em><\/strong><\/p>\n\n\n\n<p class=\"has-normal-font-size\"><strong>Champions League Gruppenphase, 02. Spieltag<\/strong><\/p>\n\n\n\n<p><span style=\"text-decoration: underline;\">Dienstag, 27. Oktober 2020, ab 18.30 Uhr (Sky)\/ab 18.25 Uhr (DAZN)<\/span><\/p>\n\n\n\n<p><strong><em>Lokomotive Moskau<\/em><\/strong>&nbsp;<strong><em>\u2013<\/em><\/strong>&nbsp;<strong><em>FC Bayern M\u00fcnchen (18.55 Uhr)<\/em><\/strong><\/p>\n\n\n\n<p class=\"has-normal-font-size\">DAZN: <img loading=\"lazy\" decoding=\"async\" width=\"10\" height=\"21\" class=\"wp-image-3656\" style=\"width: 10px;\" src=\"http:\/\/kommentatorenblog.de\/wp-content\/uploads\/2020\/09\/shure-55sh-ii-e1601485394796.jpg\" alt=\"\" srcset=\"http:\/\/kommentatorenblog.de\/wp-content\/uploads\/2020\/09\/shure-55sh-ii-e1601485394796.jpg 415w, http:\/\/kommentatorenblog.de\/wp-content\/uploads\/2020\/09\/shure-55sh-ii-e1601485394796-142x300.jpg 142w\" sizes=\"auto, (max-width: 10px) 100vw, 10px\" \/> Marco Hagemann, Experte: Sandro Wagner (Einzelspiel)<br>Sky: <img loading=\"lazy\" decoding=\"async\" width=\"10\" height=\"21\" class=\"wp-image-3656\" style=\"width: 10px;\" src=\"http:\/\/kommentatorenblog.de\/wp-content\/uploads\/2020\/09\/shure-55sh-ii-e1601485394796.jpg\" alt=\"\" srcset=\"http:\/\/kommentatorenblog.de\/wp-content\/uploads\/2020\/09\/shure-55sh-ii-e1601485394796.jpg 415w, http:\/\/kommentatorenblog.de\/wp-content\/uploads\/2020\/09\/shure-55sh-ii-e1601485394796-142x300.jpg 142w\" sizes=\"auto, (max-width: 10px) 100vw, 10px\" \/> Frank Buschmann (Konferenz)<\/p>\n\n\n\n<p>Moderation (DAZN): Alex Schl\u00fcter<\/p>\n\n\n\n<p><span style=\"text-decoration: underline;\">ab 18.30 Uhr (Sky)\/ab 18.50 Uhr (DAZN)<\/span><\/p>\n\n\n\n<p><strong><em>Schachtjor Donezk<\/em><\/strong>&nbsp;<strong><em>\u2013<\/em><\/strong>&nbsp;<strong><em>Inter Mailand (18.55 Uhr)<\/em><\/strong><\/p>\n\n\n\n<p class=\"has-normal-font-size\">DAZN: <img loading=\"lazy\" decoding=\"async\" width=\"10\" height=\"21\" class=\"wp-image-3656\" style=\"width: 10px;\" src=\"http:\/\/kommentatorenblog.de\/wp-content\/uploads\/2020\/09\/shure-55sh-ii-e1601485394796.jpg\" alt=\"\" srcset=\"http:\/\/kommentatorenblog.de\/wp-content\/uploads\/2020\/09\/shure-55sh-ii-e1601485394796.jpg 415w, http:\/\/kommentatorenblog.de\/wp-content\/uploads\/2020\/09\/shure-55sh-ii-e1601485394796-142x300.jpg 142w\" sizes=\"auto, (max-width: 10px) 100vw, 10px\" \/> Mario Rieker (Einzelspiel)<br>Sky: <img loading=\"lazy\" decoding=\"async\" width=\"10\" height=\"21\" class=\"wp-image-3656\" style=\"width: 10px;\" src=\"http:\/\/kommentatorenblog.de\/wp-content\/uploads\/2020\/09\/shure-55sh-ii-e1601485394796.jpg\" alt=\"\" srcset=\"http:\/\/kommentatorenblog.de\/wp-content\/uploads\/2020\/09\/shure-55sh-ii-e1601485394796.jpg 415w, http:\/\/kommentatorenblog.de\/wp-content\/uploads\/2020\/09\/shure-55sh-ii-e1601485394796-142x300.jpg 142w\" sizes=\"auto, (max-width: 10px) 100vw, 10px\" \/> Roland Evers (Konferenz)<\/p>\n\n\n\n<p class=\"has-normal-font-size\"><span style=\"text-decoration: underline;\">ab 19.30 Uhr <strong>(Sky &#8211; exklusives Einzelspiel)<\/strong><\/span><\/p>\n\n\n\n<p><strong><em>Borussia M\u00b4Gladbach<\/em><\/strong>&nbsp;<strong><em>\u2013<\/em><\/strong>&nbsp;<strong><em>Real Madrid (21.00 Uhr)<\/em><\/strong><\/p>\n\n\n\n<p class=\"has-normal-font-size\"><img loading=\"lazy\" decoding=\"async\" width=\"10\" height=\"21\" class=\"wp-image-3656\" style=\"width: 10px;\" src=\"http:\/\/kommentatorenblog.de\/wp-content\/uploads\/2020\/09\/shure-55sh-ii-e1601485394796.jpg\" alt=\"\" srcset=\"http:\/\/kommentatorenblog.de\/wp-content\/uploads\/2020\/09\/shure-55sh-ii-e1601485394796.jpg 415w, http:\/\/kommentatorenblog.de\/wp-content\/uploads\/2020\/09\/shure-55sh-ii-e1601485394796-142x300.jpg 142w\" sizes=\"auto, (max-width: 10px) 100vw, 10px\" \/> Wolff Fuss (Einzelspiel), Kai Dittmann (Konferenz)<\/p>\n\n\n\n<p>Field-Reporterin: Esther Sedlaczek <\/p>\n\n\n\n<p><span style=\"text-decoration: underline;\">ab 19.30 Uhr (Sky)\/ab 20.45 Uhr (DAZN)<\/span><\/p>\n\n\n\n<p><strong><em>Atl\u00e9tico Madrid<\/em><\/strong>&nbsp;<strong><em>\u2013<\/em><\/strong>&nbsp;<strong><em>RB Salzburg (21.00 Uhr)<\/em><\/strong><\/p>\n\n\n\n<p class=\"has-normal-font-size\">DAZN: <img loading=\"lazy\" decoding=\"async\" width=\"10\" height=\"21\" class=\"wp-image-3656\" style=\"width: 10px;\" src=\"http:\/\/kommentatorenblog.de\/wp-content\/uploads\/2020\/09\/shure-55sh-ii-e1601485394796.jpg\" alt=\"\" srcset=\"http:\/\/kommentatorenblog.de\/wp-content\/uploads\/2020\/09\/shure-55sh-ii-e1601485394796.jpg 415w, http:\/\/kommentatorenblog.de\/wp-content\/uploads\/2020\/09\/shure-55sh-ii-e1601485394796-142x300.jpg 142w\" sizes=\"auto, (max-width: 10px) 100vw, 10px\" \/> Jan Platte, Experte: Ralph Gunesch (Einzelspiel)<br>Sky: <img loading=\"lazy\" decoding=\"async\" width=\"10\" height=\"21\" class=\"wp-image-3656\" style=\"width: 10px;\" src=\"http:\/\/kommentatorenblog.de\/wp-content\/uploads\/2020\/09\/shure-55sh-ii-e1601485394796.jpg\" alt=\"\" srcset=\"http:\/\/kommentatorenblog.de\/wp-content\/uploads\/2020\/09\/shure-55sh-ii-e1601485394796.jpg 415w, http:\/\/kommentatorenblog.de\/wp-content\/uploads\/2020\/09\/shure-55sh-ii-e1601485394796-142x300.jpg 142w\" sizes=\"auto, (max-width: 10px) 100vw, 10px\" \/> Philipp Paternina (Konferenz) <\/p>\n\n\n\n<p>Moderation (DAZN): Tobi Wahnschaffe <\/p>\n\n\n\n<p><span style=\"text-decoration: underline;\">ab 19.30 Uhr (Sky)\/ab 20.55 Uhr (DAZN)<\/span> <\/p>\n\n\n\n<p><strong><em>FC Liverpool<\/em><\/strong>&nbsp;<strong><em>\u2013<\/em><\/strong>&nbsp;<strong><em>FC Midtjylland (21.00 Uhr)<\/em><\/strong><\/p>\n\n\n\n<p class=\"has-normal-font-size\">DAZN: <img loading=\"lazy\" decoding=\"async\" width=\"10\" height=\"21\" class=\"wp-image-3656\" style=\"width: 10px;\" src=\"http:\/\/kommentatorenblog.de\/wp-content\/uploads\/2020\/09\/shure-55sh-ii-e1601485394796.jpg\" alt=\"\" srcset=\"http:\/\/kommentatorenblog.de\/wp-content\/uploads\/2020\/09\/shure-55sh-ii-e1601485394796.jpg 415w, http:\/\/kommentatorenblog.de\/wp-content\/uploads\/2020\/09\/shure-55sh-ii-e1601485394796-142x300.jpg 142w\" sizes=\"auto, (max-width: 10px) 100vw, 10px\" \/> Flo Hauser, Experte: Sascha Bigalke  (Einzelspiel)<br>Sky: <img loading=\"lazy\" decoding=\"async\" width=\"10\" height=\"21\" class=\"wp-image-3656\" style=\"width: 10px;\" src=\"http:\/\/kommentatorenblog.de\/wp-content\/uploads\/2020\/09\/shure-55sh-ii-e1601485394796.jpg\" alt=\"\" srcset=\"http:\/\/kommentatorenblog.de\/wp-content\/uploads\/2020\/09\/shure-55sh-ii-e1601485394796.jpg 415w, http:\/\/kommentatorenblog.de\/wp-content\/uploads\/2020\/09\/shure-55sh-ii-e1601485394796-142x300.jpg 142w\" sizes=\"auto, (max-width: 10px) 100vw, 10px\" \/> Klaus Veltmann (Konferenz)<\/p>\n\n\n\n<p><strong><em>Olympique Marseille<\/em><\/strong>&nbsp;<strong><em>\u2013<\/em><\/strong>&nbsp;<strong><em>Manchester City (21.00 Uhr)<\/em><\/strong><\/p>\n\n\n\n<p class=\"has-normal-font-size\">DAZN: <img loading=\"lazy\" decoding=\"async\" width=\"10\" height=\"21\" class=\"wp-image-3656\" style=\"width: 10px;\" src=\"http:\/\/kommentatorenblog.de\/wp-content\/uploads\/2020\/09\/shure-55sh-ii-e1601485394796.jpg\" alt=\"\" srcset=\"http:\/\/kommentatorenblog.de\/wp-content\/uploads\/2020\/09\/shure-55sh-ii-e1601485394796.jpg 415w, http:\/\/kommentatorenblog.de\/wp-content\/uploads\/2020\/09\/shure-55sh-ii-e1601485394796-142x300.jpg 142w\" sizes=\"auto, (max-width: 10px) 100vw, 10px\" \/> Uwe Morawe, Experte: Benny Lauth (Einzelspiel)<br>Sky: <img loading=\"lazy\" decoding=\"async\" width=\"10\" height=\"21\" class=\"wp-image-3656\" style=\"width: 10px;\" src=\"http:\/\/kommentatorenblog.de\/wp-content\/uploads\/2020\/09\/shure-55sh-ii-e1601485394796.jpg\" alt=\"\" srcset=\"http:\/\/kommentatorenblog.de\/wp-content\/uploads\/2020\/09\/shure-55sh-ii-e1601485394796.jpg 415w, http:\/\/kommentatorenblog.de\/wp-content\/uploads\/2020\/09\/shure-55sh-ii-e1601485394796-142x300.jpg 142w\" sizes=\"auto, (max-width: 10px) 100vw, 10px\" \/> Toni Tomic (Konferenz) <\/p>\n\n\n\n<p><strong><em>FC Porto<\/em><\/strong>&nbsp;<strong><em>\u2013<\/em><\/strong>&nbsp;<strong><em>Olympiakos Pir\u00e4us (21.00 Uhr)<\/em><\/strong><\/p>\n\n\n\n<p class=\"has-normal-font-size\">DAZN: <img loading=\"lazy\" decoding=\"async\" width=\"10\" height=\"21\" class=\"wp-image-3656\" style=\"width: 10px;\" src=\"http:\/\/kommentatorenblog.de\/wp-content\/uploads\/2020\/09\/shure-55sh-ii-e1601485394796.jpg\" alt=\"\" srcset=\"http:\/\/kommentatorenblog.de\/wp-content\/uploads\/2020\/09\/shure-55sh-ii-e1601485394796.jpg 415w, http:\/\/kommentatorenblog.de\/wp-content\/uploads\/2020\/09\/shure-55sh-ii-e1601485394796-142x300.jpg 142w\" sizes=\"auto, (max-width: 10px) 100vw, 10px\" \/> Tino Polster (Einzelspiel)<br>Sky: <img loading=\"lazy\" decoding=\"async\" width=\"10\" height=\"21\" class=\"wp-image-3656\" style=\"width: 10px;\" src=\"http:\/\/kommentatorenblog.de\/wp-content\/uploads\/2020\/09\/shure-55sh-ii-e1601485394796.jpg\" alt=\"\" srcset=\"http:\/\/kommentatorenblog.de\/wp-content\/uploads\/2020\/09\/shure-55sh-ii-e1601485394796.jpg 415w, http:\/\/kommentatorenblog.de\/wp-content\/uploads\/2020\/09\/shure-55sh-ii-e1601485394796-142x300.jpg 142w\" sizes=\"auto, (max-width: 10px) 100vw, 10px\" \/> Holger Pfandt (Konferenz) <\/p>\n\n\n\n<p><strong><em>Atalanta Bergamo<\/em><\/strong>&nbsp;<strong><em>\u2013<\/em><\/strong>&nbsp;<strong><em>Ajax Amsterdam (21.00 Uhr)<\/em><\/strong><\/p>\n\n\n\n<p class=\"has-normal-font-size\">DAZN: <img loading=\"lazy\" decoding=\"async\" width=\"10\" height=\"21\" class=\"wp-image-3656\" style=\"width: 10px;\" src=\"http:\/\/kommentatorenblog.de\/wp-content\/uploads\/2020\/09\/shure-55sh-ii-e1601485394796.jpg\" alt=\"\" srcset=\"http:\/\/kommentatorenblog.de\/wp-content\/uploads\/2020\/09\/shure-55sh-ii-e1601485394796.jpg 415w, http:\/\/kommentatorenblog.de\/wp-content\/uploads\/2020\/09\/shure-55sh-ii-e1601485394796-142x300.jpg 142w\" sizes=\"auto, (max-width: 10px) 100vw, 10px\" \/> Carsten Fu\u00df (Einzelspiel)<br>Sky: <img loading=\"lazy\" decoding=\"async\" width=\"10\" height=\"21\" class=\"wp-image-3656\" style=\"width: 10px;\" src=\"http:\/\/kommentatorenblog.de\/wp-content\/uploads\/2020\/09\/shure-55sh-ii-e1601485394796.jpg\" alt=\"\" srcset=\"http:\/\/kommentatorenblog.de\/wp-content\/uploads\/2020\/09\/shure-55sh-ii-e1601485394796.jpg 415w, http:\/\/kommentatorenblog.de\/wp-content\/uploads\/2020\/09\/shure-55sh-ii-e1601485394796-142x300.jpg 142w\" sizes=\"auto, (max-width: 10px) 100vw, 10px\" \/> J\u00f6rg Dahlmann (Konferenz) <\/p>\n\n\n\n<p>Studio-Moderation (Sky): Sebastian Hellmann, Experten: Lothar Matth\u00e4us,  Benedikt H\u00f6wedes und Erik Meijer<\/p>\n\n\n\n<p><span style=\"text-decoration: underline;\">Mittwoch, 28. Oktober 2020, ab 18.30 Uhr (Sky)\/ab 18.50 Uhr (DAZN)<\/span><\/p>\n\n\n\n<p><strong><em>FK Krasnodar<\/em><\/strong>&nbsp;<strong><em>\u2013<\/em><\/strong>&nbsp;<strong><em>FC Chelsea (18.55 Uhr)<\/em><\/strong><\/p>\n\n\n\n<p class=\"has-normal-font-size\">DAZN: <img loading=\"lazy\" decoding=\"async\" width=\"10\" height=\"21\" class=\"wp-image-3656\" style=\"width: 10px;\" src=\"http:\/\/kommentatorenblog.de\/wp-content\/uploads\/2020\/09\/shure-55sh-ii-e1601485394796.jpg\" alt=\"\" srcset=\"http:\/\/kommentatorenblog.de\/wp-content\/uploads\/2020\/09\/shure-55sh-ii-e1601485394796.jpg 415w, http:\/\/kommentatorenblog.de\/wp-content\/uploads\/2020\/09\/shure-55sh-ii-e1601485394796-142x300.jpg 142w\" sizes=\"auto, (max-width: 10px) 100vw, 10px\" \/> Oliver Forster (Einzelspiel)<br>Sky: <img loading=\"lazy\" decoding=\"async\" width=\"10\" height=\"21\" class=\"wp-image-3656\" style=\"width: 10px;\" src=\"http:\/\/kommentatorenblog.de\/wp-content\/uploads\/2020\/09\/shure-55sh-ii-e1601485394796.jpg\" alt=\"\" srcset=\"http:\/\/kommentatorenblog.de\/wp-content\/uploads\/2020\/09\/shure-55sh-ii-e1601485394796.jpg 415w, http:\/\/kommentatorenblog.de\/wp-content\/uploads\/2020\/09\/shure-55sh-ii-e1601485394796-142x300.jpg 142w\" sizes=\"auto, (max-width: 10px) 100vw, 10px\" \/> Toni Tomic (Konferenz)<\/p>\n\n\n\n<p><strong><em>Istanbul Basaksehir<\/em><\/strong>&nbsp;<strong><em>\u2013<\/em><\/strong>&nbsp;<strong><em>Paris Saint-Germain (18.55 Uhr)<\/em><\/strong><\/p>\n\n\n\n<p class=\"has-normal-font-size\">DAZN: <img loading=\"lazy\" decoding=\"async\" width=\"10\" height=\"21\" class=\"wp-image-3656\" style=\"width: 10px;\" src=\"http:\/\/kommentatorenblog.de\/wp-content\/uploads\/2020\/09\/shure-55sh-ii-e1601485394796.jpg\" alt=\"\" srcset=\"http:\/\/kommentatorenblog.de\/wp-content\/uploads\/2020\/09\/shure-55sh-ii-e1601485394796.jpg 415w, http:\/\/kommentatorenblog.de\/wp-content\/uploads\/2020\/09\/shure-55sh-ii-e1601485394796-142x300.jpg 142w\" sizes=\"auto, (max-width: 10px) 100vw, 10px\" \/> Stefan Galler, Experte: Alexis Menuge (Einzelspiel)<br>Sky: <img loading=\"lazy\" decoding=\"async\" width=\"10\" height=\"21\" class=\"wp-image-3656\" style=\"width: 10px;\" src=\"http:\/\/kommentatorenblog.de\/wp-content\/uploads\/2020\/09\/shure-55sh-ii-e1601485394796.jpg\" alt=\"\" srcset=\"http:\/\/kommentatorenblog.de\/wp-content\/uploads\/2020\/09\/shure-55sh-ii-e1601485394796.jpg 415w, http:\/\/kommentatorenblog.de\/wp-content\/uploads\/2020\/09\/shure-55sh-ii-e1601485394796-142x300.jpg 142w\" sizes=\"auto, (max-width: 10px) 100vw, 10px\" \/> Jonas Friedrich (Konferenz)<\/p>\n\n\n\n<p class=\"has-normal-font-size\"><span style=\"text-decoration: underline;\">ab 19.30 Uhr <strong>(Sky &#8211; exklusives Einzelspiel)<\/strong><\/span><\/p>\n\n\n\n<p><strong><em>Borussia Dortmund<\/em><\/strong>&nbsp;<strong><em>\u2013<\/em><\/strong>&nbsp;<strong><em>Zenit St. Petersburg (21.00 Uhr)<\/em><\/strong><\/p>\n\n\n\n<p class=\"has-normal-font-size\"><img loading=\"lazy\" decoding=\"async\" width=\"10\" height=\"21\" class=\"wp-image-3656\" style=\"width: 10px;\" src=\"http:\/\/kommentatorenblog.de\/wp-content\/uploads\/2020\/09\/shure-55sh-ii-e1601485394796.jpg\" alt=\"\" srcset=\"http:\/\/kommentatorenblog.de\/wp-content\/uploads\/2020\/09\/shure-55sh-ii-e1601485394796.jpg 415w, http:\/\/kommentatorenblog.de\/wp-content\/uploads\/2020\/09\/shure-55sh-ii-e1601485394796-142x300.jpg 142w\" sizes=\"auto, (max-width: 10px) 100vw, 10px\" \/> Martin Gro\u00df (Einzelspiel), Frank Buschmann (Konferenz)<\/p>\n\n\n\n<p>Field-Reporter: Patrick Wasserziehr <\/p>\n\n\n\n<p><span style=\"text-decoration: underline;\">ab 19.30 Uhr (Sky)\/ab 20.45 Uhr (DAZN)<\/span><\/p>\n\n\n\n<p><strong><em>Manchester United<\/em><\/strong>&nbsp;<strong><em>\u2013<\/em><\/strong>&nbsp;<strong><em>RB Leipzig (21.00 Uhr)<\/em><\/strong><\/p>\n\n\n\n<p class=\"has-normal-font-size\">DAZN: <img loading=\"lazy\" decoding=\"async\" width=\"10\" height=\"21\" class=\"wp-image-3656\" style=\"width: 10px;\" src=\"http:\/\/kommentatorenblog.de\/wp-content\/uploads\/2020\/09\/shure-55sh-ii-e1601485394796.jpg\" alt=\"\" srcset=\"http:\/\/kommentatorenblog.de\/wp-content\/uploads\/2020\/09\/shure-55sh-ii-e1601485394796.jpg 415w, http:\/\/kommentatorenblog.de\/wp-content\/uploads\/2020\/09\/shure-55sh-ii-e1601485394796-142x300.jpg 142w\" sizes=\"auto, (max-width: 10px) 100vw, 10px\" \/> Uli Hebel, Experte: Sebastian Knei\u00dfl (Einzelspiel)<br>Sky: <img loading=\"lazy\" decoding=\"async\" width=\"10\" height=\"21\" class=\"wp-image-3656\" style=\"width: 10px;\" src=\"http:\/\/kommentatorenblog.de\/wp-content\/uploads\/2020\/09\/shure-55sh-ii-e1601485394796.jpg\" alt=\"\" srcset=\"http:\/\/kommentatorenblog.de\/wp-content\/uploads\/2020\/09\/shure-55sh-ii-e1601485394796.jpg 415w, http:\/\/kommentatorenblog.de\/wp-content\/uploads\/2020\/09\/shure-55sh-ii-e1601485394796-142x300.jpg 142w\" sizes=\"auto, (max-width: 10px) 100vw, 10px\" \/> Kai Dittmann (Konferenz)<\/p>\n\n\n\n<p>Moderation (DAZN): Daniel Herzog <\/p>\n\n\n\n<p><strong><em>Juventus Turin<\/em><\/strong>&nbsp;<strong><em>\u2013<\/em><\/strong>&nbsp;<strong><em>FC Barcelona (21.00 Uhr)<\/em><\/strong><\/p>\n\n\n\n<p class=\"has-normal-font-size\">DAZN: <img loading=\"lazy\" decoding=\"async\" width=\"10\" height=\"21\" class=\"wp-image-3656\" style=\"width: 10px;\" src=\"http:\/\/kommentatorenblog.de\/wp-content\/uploads\/2020\/09\/shure-55sh-ii-e1601485394796.jpg\" alt=\"\" srcset=\"http:\/\/kommentatorenblog.de\/wp-content\/uploads\/2020\/09\/shure-55sh-ii-e1601485394796.jpg 415w, http:\/\/kommentatorenblog.de\/wp-content\/uploads\/2020\/09\/shure-55sh-ii-e1601485394796-142x300.jpg 142w\" sizes=\"auto, (max-width: 10px) 100vw, 10px\" \/> Jan Platte, Experte: Ralph Gunesch (Einzelspiel)<br>Sky: <img loading=\"lazy\" decoding=\"async\" width=\"10\" height=\"21\" class=\"wp-image-3656\" style=\"width: 10px;\" src=\"http:\/\/kommentatorenblog.de\/wp-content\/uploads\/2020\/09\/shure-55sh-ii-e1601485394796.jpg\" alt=\"\" srcset=\"http:\/\/kommentatorenblog.de\/wp-content\/uploads\/2020\/09\/shure-55sh-ii-e1601485394796.jpg 415w, http:\/\/kommentatorenblog.de\/wp-content\/uploads\/2020\/09\/shure-55sh-ii-e1601485394796-142x300.jpg 142w\" sizes=\"auto, (max-width: 10px) 100vw, 10px\" \/> Michael Born (Konferenz)<\/p>\n\n\n\n<p>Moderation (DAZN): Lukas Sch\u00f6nm\u00fcller<\/p>\n\n\n\n<p><span style=\"text-decoration: underline;\">ab 19.30 Uhr (Sky)\/ab 20.55 Uhr (DAZN)<\/span>  <\/p>\n\n\n\n<p><strong><em>FC Sevilla<\/em><\/strong>&nbsp;<strong><em>\u2013<\/em><\/strong>&nbsp;<strong><em>Stade Rennes (21.00 Uhr)<\/em><\/strong><\/p>\n\n\n\n<p class=\"has-normal-font-size\">DAZN: <img loading=\"lazy\" decoding=\"async\" width=\"10\" height=\"21\" class=\"wp-image-3656\" style=\"width: 10px;\" src=\"http:\/\/kommentatorenblog.de\/wp-content\/uploads\/2020\/09\/shure-55sh-ii-e1601485394796.jpg\" alt=\"\" srcset=\"http:\/\/kommentatorenblog.de\/wp-content\/uploads\/2020\/09\/shure-55sh-ii-e1601485394796.jpg 415w, http:\/\/kommentatorenblog.de\/wp-content\/uploads\/2020\/09\/shure-55sh-ii-e1601485394796-142x300.jpg 142w\" sizes=\"auto, (max-width: 10px) 100vw, 10px\" \/> Flo Hauser (Einzelspiel)<br>Sky: <img loading=\"lazy\" decoding=\"async\" width=\"10\" height=\"21\" class=\"wp-image-3656\" style=\"width: 10px;\" src=\"http:\/\/kommentatorenblog.de\/wp-content\/uploads\/2020\/09\/shure-55sh-ii-e1601485394796.jpg\" alt=\"\" srcset=\"http:\/\/kommentatorenblog.de\/wp-content\/uploads\/2020\/09\/shure-55sh-ii-e1601485394796.jpg 415w, http:\/\/kommentatorenblog.de\/wp-content\/uploads\/2020\/09\/shure-55sh-ii-e1601485394796-142x300.jpg 142w\" sizes=\"auto, (max-width: 10px) 100vw, 10px\" \/> J\u00f6rg Dahlmann (Konferenz) <\/p>\n\n\n\n<p><strong><em>Club Br\u00fcgge<\/em><\/strong>&nbsp;<strong><em>\u2013<\/em><\/strong>&nbsp;<strong><em>Lazio Rom (21.00 Uhr)<\/em><\/strong><\/p>\n\n\n\n<p class=\"has-normal-font-size\">DAZN: <img loading=\"lazy\" decoding=\"async\" width=\"10\" height=\"21\" class=\"wp-image-3656\" style=\"width: 10px;\" src=\"http:\/\/kommentatorenblog.de\/wp-content\/uploads\/2020\/09\/shure-55sh-ii-e1601485394796.jpg\" alt=\"\" srcset=\"http:\/\/kommentatorenblog.de\/wp-content\/uploads\/2020\/09\/shure-55sh-ii-e1601485394796.jpg 415w, http:\/\/kommentatorenblog.de\/wp-content\/uploads\/2020\/09\/shure-55sh-ii-e1601485394796-142x300.jpg 142w\" sizes=\"auto, (max-width: 10px) 100vw, 10px\" \/> Andreas Renner (Einzelspiel)<br>Sky: <img loading=\"lazy\" decoding=\"async\" width=\"10\" height=\"21\" class=\"wp-image-3656\" style=\"width: 10px;\" src=\"http:\/\/kommentatorenblog.de\/wp-content\/uploads\/2020\/09\/shure-55sh-ii-e1601485394796.jpg\" alt=\"\" srcset=\"http:\/\/kommentatorenblog.de\/wp-content\/uploads\/2020\/09\/shure-55sh-ii-e1601485394796.jpg 415w, http:\/\/kommentatorenblog.de\/wp-content\/uploads\/2020\/09\/shure-55sh-ii-e1601485394796-142x300.jpg 142w\" sizes=\"auto, (max-width: 10px) 100vw, 10px\" \/> Holger Pfandt (Konferenz) <\/p>\n\n\n\n<p><strong><em>Ferencvaros Budapest<\/em><\/strong>&nbsp;<strong><em>\u2013<\/em><\/strong>&nbsp;<strong><em>Dynamo Kiew (21.00 Uhr)<\/em><\/strong><\/p>\n\n\n\n<p class=\"has-normal-font-size\">DAZN: <img loading=\"lazy\" decoding=\"async\" width=\"10\" height=\"21\" class=\"wp-image-3656\" style=\"width: 10px;\" src=\"http:\/\/kommentatorenblog.de\/wp-content\/uploads\/2020\/09\/shure-55sh-ii-e1601485394796.jpg\" alt=\"\" srcset=\"http:\/\/kommentatorenblog.de\/wp-content\/uploads\/2020\/09\/shure-55sh-ii-e1601485394796.jpg 415w, http:\/\/kommentatorenblog.de\/wp-content\/uploads\/2020\/09\/shure-55sh-ii-e1601485394796-142x300.jpg 142w\" sizes=\"auto, (max-width: 10px) 100vw, 10px\" \/> Tino Polster (Einzelspiel)<br>Sky: <img loading=\"lazy\" decoding=\"async\" width=\"10\" height=\"21\" class=\"wp-image-3656\" style=\"width: 10px;\" src=\"http:\/\/kommentatorenblog.de\/wp-content\/uploads\/2020\/09\/shure-55sh-ii-e1601485394796.jpg\" alt=\"\" srcset=\"http:\/\/kommentatorenblog.de\/wp-content\/uploads\/2020\/09\/shure-55sh-ii-e1601485394796.jpg 415w, http:\/\/kommentatorenblog.de\/wp-content\/uploads\/2020\/09\/shure-55sh-ii-e1601485394796-142x300.jpg 142w\" sizes=\"auto, (max-width: 10px) 100vw, 10px\" \/> Klaus Veltmann (Konferenz) <\/p>\n\n\n\n<p>Studio-Moderation (Sky): Sebastian Hellmann, Experten: Didi Hamann, Steffen Freund und Erik Meijer<\/p>\n\n\n\n<hr class=\"wp-block-separator\"\/>\n\n\n\n<p><strong>Europa League Gruppenphase, 02. Spieltag<\/strong><\/p>\n\n\n\n<p><span style=\"text-decoration: underline;\">Donnerstag, 29. Oktober 2020, ab 18.40 Uhr (DAZN)<\/span><\/p>\n\n\n\n<p><strong><em>GoalZone<\/em><\/strong> <img loading=\"lazy\" decoding=\"async\" width=\"10\" height=\"21\" class=\"wp-image-3656\" style=\"width: 10px;\" src=\"http:\/\/kommentatorenblog.de\/wp-content\/uploads\/2020\/09\/shure-55sh-ii-e1601485394796.jpg\" alt=\"\" srcset=\"http:\/\/kommentatorenblog.de\/wp-content\/uploads\/2020\/09\/shure-55sh-ii-e1601485394796.jpg 415w, http:\/\/kommentatorenblog.de\/wp-content\/uploads\/2020\/09\/shure-55sh-ii-e1601485394796-142x300.jpg 142w\" sizes=\"auto, (max-width: 10px) 100vw, 10px\" \/> Christoph Stadtler und Jan L\u00fcdeke <\/p>\n\n\n\n<p><span style=\"text-decoration: underline;\">ab 18.50 Uhr (DAZN)<\/span><\/p>\n\n\n\n<p><strong><em>KAA Gent<\/em><\/strong>&nbsp;<strong><em>\u2013<\/em><\/strong>&nbsp;<strong><em>TSG Hoffenheim (18.55 Uhr)<\/em><\/strong><\/p>\n\n\n\n<p class=\"has-normal-font-size\"><img loading=\"lazy\" decoding=\"async\" width=\"10\" height=\"21\" class=\"wp-image-3656\" style=\"width: 10px;\" src=\"http:\/\/kommentatorenblog.de\/wp-content\/uploads\/2020\/09\/shure-55sh-ii-e1601485394796.jpg\" alt=\"\" srcset=\"http:\/\/kommentatorenblog.de\/wp-content\/uploads\/2020\/09\/shure-55sh-ii-e1601485394796.jpg 415w, http:\/\/kommentatorenblog.de\/wp-content\/uploads\/2020\/09\/shure-55sh-ii-e1601485394796-142x300.jpg 142w\" sizes=\"auto, (max-width: 10px) 100vw, 10px\" \/> Lukas Sch\u00f6nm\u00fcller, Experte: Sebastian Knei\u00dfl <\/p>\n\n\n\n<p><strong><em>LASK<\/em><\/strong>&nbsp;<strong><em>\u2013<\/em><\/strong>&nbsp;<strong><em>Ludogorets Razgrad (18.55 Uhr)<\/em><\/strong> <\/p>\n\n\n\n<p><img loading=\"lazy\" decoding=\"async\" width=\"10\" height=\"21\" class=\"wp-image-3656\" style=\"width: 10px;\" src=\"http:\/\/kommentatorenblog.de\/wp-content\/uploads\/2020\/09\/shure-55sh-ii-e1601485394796.jpg\" alt=\"\" srcset=\"http:\/\/kommentatorenblog.de\/wp-content\/uploads\/2020\/09\/shure-55sh-ii-e1601485394796.jpg 415w, http:\/\/kommentatorenblog.de\/wp-content\/uploads\/2020\/09\/shure-55sh-ii-e1601485394796-142x300.jpg 142w\" sizes=\"auto, (max-width: 10px) 100vw, 10px\" \/> Uwe Morawe<\/p>\n\n\n\n<p><strong><em>Royal Antwerpen<\/em><\/strong>&nbsp;<strong><em>\u2013<\/em><\/strong>&nbsp;<strong><em>Tottenham Hotspur (18.55 Uhr)<\/em><\/strong><\/p>\n\n\n\n<p class=\"has-normal-font-size\"><img loading=\"lazy\" decoding=\"async\" width=\"10\" height=\"21\" class=\"wp-image-3656\" style=\"width: 10px;\" src=\"http:\/\/kommentatorenblog.de\/wp-content\/uploads\/2020\/09\/shure-55sh-ii-e1601485394796.jpg\" alt=\"\" srcset=\"http:\/\/kommentatorenblog.de\/wp-content\/uploads\/2020\/09\/shure-55sh-ii-e1601485394796.jpg 415w, http:\/\/kommentatorenblog.de\/wp-content\/uploads\/2020\/09\/shure-55sh-ii-e1601485394796-142x300.jpg 142w\" sizes=\"auto, (max-width: 10px) 100vw, 10px\" \/> Andreas Renner<\/p>\n\n\n\n<p><strong><em>Feyenoord Rotterdam<\/em><\/strong>&nbsp;<strong><em>\u2013<\/em><\/strong>&nbsp;<strong><em>Wolfsberger AC (18.55 Uhr)<\/em><\/strong><\/p>\n\n\n\n<p class=\"has-normal-font-size\"><img loading=\"lazy\" decoding=\"async\" width=\"10\" height=\"21\" class=\"wp-image-3656\" style=\"width: 10px;\" src=\"http:\/\/kommentatorenblog.de\/wp-content\/uploads\/2020\/09\/shure-55sh-ii-e1601485394796.jpg\" alt=\"\" srcset=\"http:\/\/kommentatorenblog.de\/wp-content\/uploads\/2020\/09\/shure-55sh-ii-e1601485394796.jpg 415w, http:\/\/kommentatorenblog.de\/wp-content\/uploads\/2020\/09\/shure-55sh-ii-e1601485394796-142x300.jpg 142w\" sizes=\"auto, (max-width: 10px) 100vw, 10px\" \/> Tino Polster  <\/p>\n\n\n\n<p><strong><em>AC Mailand<\/em><\/strong>&nbsp;<strong><em>\u2013<\/em><\/strong>&nbsp;<strong><em>Sparta Prag (18.55 Uhr)<\/em><\/strong><\/p>\n\n\n\n<p class=\"has-normal-font-size\"><img loading=\"lazy\" decoding=\"async\" width=\"10\" height=\"21\" class=\"wp-image-3656\" style=\"width: 10px;\" src=\"http:\/\/kommentatorenblog.de\/wp-content\/uploads\/2020\/09\/shure-55sh-ii-e1601485394796.jpg\" alt=\"\" srcset=\"http:\/\/kommentatorenblog.de\/wp-content\/uploads\/2020\/09\/shure-55sh-ii-e1601485394796.jpg 415w, http:\/\/kommentatorenblog.de\/wp-content\/uploads\/2020\/09\/shure-55sh-ii-e1601485394796-142x300.jpg 142w\" sizes=\"auto, (max-width: 10px) 100vw, 10px\" \/> Carsten Fu\u00df, Experte: Christian Bernhard<\/p>\n\n\n\n<p><span style=\"text-decoration: underline;\">ab 20.15 Uhr (Nitro)\/ab 20.55 Uhr (DAZN)<\/span><\/p>\n\n\n\n<p><strong><em>Slavia Prag<\/em><\/strong>&nbsp;<strong><em>\u2013<\/em><\/strong>&nbsp;<strong><em>Bayer 04 Leverkusen (21.00 Uhr)<\/em><\/strong><\/p>\n\n\n\n<p class=\"has-normal-font-size\">Nitro: <img loading=\"lazy\" decoding=\"async\" width=\"10\" height=\"21\" class=\"wp-image-3656\" style=\"width: 10px;\" src=\"http:\/\/kommentatorenblog.de\/wp-content\/uploads\/2020\/09\/shure-55sh-ii-e1601485394796.jpg\" alt=\"\" srcset=\"http:\/\/kommentatorenblog.de\/wp-content\/uploads\/2020\/09\/shure-55sh-ii-e1601485394796.jpg 415w, http:\/\/kommentatorenblog.de\/wp-content\/uploads\/2020\/09\/shure-55sh-ii-e1601485394796-142x300.jpg 142w\" sizes=\"auto, (max-width: 10px) 100vw, 10px\" \/> Marco Hagemann, Experte: Steffen Freund<br>DAZN: <img loading=\"lazy\" decoding=\"async\" width=\"10\" height=\"21\" class=\"wp-image-3656\" style=\"width: 10px;\" src=\"http:\/\/kommentatorenblog.de\/wp-content\/uploads\/2020\/09\/shure-55sh-ii-e1601485394796.jpg\" alt=\"\" srcset=\"http:\/\/kommentatorenblog.de\/wp-content\/uploads\/2020\/09\/shure-55sh-ii-e1601485394796.jpg 415w, http:\/\/kommentatorenblog.de\/wp-content\/uploads\/2020\/09\/shure-55sh-ii-e1601485394796-142x300.jpg 142w\" sizes=\"auto, (max-width: 10px) 100vw, 10px\" \/> Uli Hebel, Experte: Ralph Gunesch <\/p>\n\n\n\n<p>Moderation (RTL): Laura Wontorra, Experte: Roman Weidenfeller<\/p>\n\n\n<p><span style=\"text-decoration: underline;\">ab 20.55 Uhr (DAZN)<\/span><br><!--StartFragment--><\/p>\n\n\n<p><strong><em>Real Sociedad<\/em><\/strong>&nbsp;<strong><em>\u2013<\/em><\/strong>&nbsp;<strong><em>SSC Neapel (21.00 Uhr)<\/em><\/strong><\/p>\n\n\n\n<p class=\"has-normal-font-size\"><img loading=\"lazy\" decoding=\"async\" width=\"10\" height=\"21\" class=\"wp-image-3656\" style=\"width: 10px;\" src=\"http:\/\/kommentatorenblog.de\/wp-content\/uploads\/2020\/09\/shure-55sh-ii-e1601485394796.jpg\" alt=\"\" srcset=\"http:\/\/kommentatorenblog.de\/wp-content\/uploads\/2020\/09\/shure-55sh-ii-e1601485394796.jpg 415w, http:\/\/kommentatorenblog.de\/wp-content\/uploads\/2020\/09\/shure-55sh-ii-e1601485394796-142x300.jpg 142w\" sizes=\"auto, (max-width: 10px) 100vw, 10px\" \/> Mario Rieker, Experte: Benny Lauth  <\/p>\n\n\n\n<p><strong><em>FC Arsenal<\/em><\/strong>&nbsp;<strong><em>\u2013<\/em><\/strong>&nbsp;<strong><em>Dundalk FC (21.00 Uhr)<\/em><\/strong><\/p>\n\n\n\n<p class=\"has-normal-font-size\"><img loading=\"lazy\" decoding=\"async\" width=\"10\" height=\"21\" class=\"wp-image-3656\" style=\"width: 10px;\" src=\"http:\/\/kommentatorenblog.de\/wp-content\/uploads\/2020\/09\/shure-55sh-ii-e1601485394796.jpg\" alt=\"\" srcset=\"http:\/\/kommentatorenblog.de\/wp-content\/uploads\/2020\/09\/shure-55sh-ii-e1601485394796.jpg 415w, http:\/\/kommentatorenblog.de\/wp-content\/uploads\/2020\/09\/shure-55sh-ii-e1601485394796-142x300.jpg 142w\" sizes=\"auto, (max-width: 10px) 100vw, 10px\" \/> Max Gross <\/p>\n\n\n\n<p><strong><em>Molde FK<\/em><\/strong>&nbsp;<strong><em>\u2013<\/em><\/strong>&nbsp;<strong><em>Rapid Wien (21.00 Uhr)<\/em><\/strong><\/p>\n\n\n\n<p class=\"has-normal-font-size\"><img loading=\"lazy\" decoding=\"async\" width=\"10\" height=\"21\" class=\"wp-image-3656\" style=\"width: 10px;\" src=\"http:\/\/kommentatorenblog.de\/wp-content\/uploads\/2020\/09\/shure-55sh-ii-e1601485394796.jpg\" alt=\"\" srcset=\"http:\/\/kommentatorenblog.de\/wp-content\/uploads\/2020\/09\/shure-55sh-ii-e1601485394796.jpg 415w, http:\/\/kommentatorenblog.de\/wp-content\/uploads\/2020\/09\/shure-55sh-ii-e1601485394796-142x300.jpg 142w\" sizes=\"auto, (max-width: 10px) 100vw, 10px\" \/> Ruben Zimmermann, Experte: Max Nicu  <\/p>\n\n\n\n<p><strong><em>AS Rom \u2013<\/em><\/strong>&nbsp;<strong><em>ZSKA Sofia (21.00 Uhr)<\/em><\/strong><\/p>\n\n\n\n<p class=\"has-normal-font-size\"><img loading=\"lazy\" decoding=\"async\" width=\"10\" height=\"21\" class=\"wp-image-3656\" style=\"width: 10px;\" src=\"http:\/\/kommentatorenblog.de\/wp-content\/uploads\/2020\/09\/shure-55sh-ii-e1601485394796.jpg\" alt=\"\" srcset=\"http:\/\/kommentatorenblog.de\/wp-content\/uploads\/2020\/09\/shure-55sh-ii-e1601485394796.jpg 415w, http:\/\/kommentatorenblog.de\/wp-content\/uploads\/2020\/09\/shure-55sh-ii-e1601485394796-142x300.jpg 142w\" sizes=\"auto, (max-width: 10px) 100vw, 10px\" \/> Tobi Fischbeck <\/p>\n\n\n\n<hr class=\"wp-block-separator\"\/>\n\n\n\n<p><strong>2. Bundesliga, Nachholspiel 04. Spieltag <\/strong><\/p>\n\n\n\n<p><span style=\"text-decoration: underline;\">Mittwoch, 21. Oktober 2020, ab 18.15 Uhr (Sky)<\/span><\/p>\n\n\n\n<p><strong><em>VfL Osnabr\u00fcck \u2013 SV Darmstadt 98 (18.30 Uhr)<\/em><\/strong><\/p>\n\n\n\n<p class=\"has-normal-font-size\"><img loading=\"lazy\" decoding=\"async\" width=\"10\" height=\"21\" class=\"wp-image-3656\" style=\"width: 10px;\" src=\"http:\/\/kommentatorenblog.de\/wp-content\/uploads\/2020\/09\/shure-55sh-ii-e1601485394796.jpg\" alt=\"\" srcset=\"http:\/\/kommentatorenblog.de\/wp-content\/uploads\/2020\/09\/shure-55sh-ii-e1601485394796.jpg 415w, http:\/\/kommentatorenblog.de\/wp-content\/uploads\/2020\/09\/shure-55sh-ii-e1601485394796-142x300.jpg 142w\" sizes=\"auto, (max-width: 10px) 100vw, 10px\" \/> Karsten Petrzika <\/p>\n\n\n\n<hr class=\"wp-block-separator\"\/>\n\n\n\n<p><strong>Internationaler Fussball<\/strong> <strong>(Sportdigital FUSSBALL)<\/strong><\/p>\n\n\n\n<p><span style=\"text-decoration: underline;\">Mittwoch, 28. Oktober 2020<\/span> <\/p>\n\n\n\n<p>Chinese Super League, Halbfinale, Hinspiel: <em><strong>Beijing Guoan \u2013 Guangzhou Evergrande<\/strong> <strong>(13.35 Uhr)<\/strong><\/em><\/p>\n\n\n\n<p><img loading=\"lazy\" decoding=\"async\" width=\"10\" height=\"21\" class=\"wp-image-3656\" style=\"width: 10px;\" src=\"http:\/\/kommentatorenblog.de\/wp-content\/uploads\/2020\/09\/shure-55sh-ii-e1601485394796.jpg\" alt=\"\" srcset=\"http:\/\/kommentatorenblog.de\/wp-content\/uploads\/2020\/09\/shure-55sh-ii-e1601485394796.jpg 415w, http:\/\/kommentatorenblog.de\/wp-content\/uploads\/2020\/09\/shure-55sh-ii-e1601485394796-142x300.jpg 142w\" sizes=\"auto, (max-width: 10px) 100vw, 10px\" \/> Karsten Linke   <\/p>\n\n\n\n<p>Liga NOS, 01. Spieltag: <em style=\"font-weight: bold;\">Sporting Lissabon <\/em><strong><em>\u2013 FC Gil Vincente <\/em><\/strong><strong><em>(22.45 Uhr)<\/em><\/strong><\/p>\n\n\n\n<p><img loading=\"lazy\" decoding=\"async\" width=\"10\" height=\"21\" class=\"wp-image-3656\" style=\"width: 10px;\" src=\"http:\/\/kommentatorenblog.de\/wp-content\/uploads\/2020\/09\/shure-55sh-ii-e1601485394796.jpg\" alt=\"\" srcset=\"http:\/\/kommentatorenblog.de\/wp-content\/uploads\/2020\/09\/shure-55sh-ii-e1601485394796.jpg 415w, http:\/\/kommentatorenblog.de\/wp-content\/uploads\/2020\/09\/shure-55sh-ii-e1601485394796-142x300.jpg 142w\" sizes=\"auto, (max-width: 10px) 100vw, 10px\" \/> Hannes Herrmann<\/p>\n\n\n\n<p><span style=\"text-decoration: underline;\">Donnerstag, 29. Oktober 2020 <\/span><\/p>\n\n\n\n<p>Copa do Brasil, Achtelfinale, Hinspiel: <strong><em>Atletico Paranaense \u2013<\/em><\/strong><strong><em> Flamengo Rio de Jainero (01.30 Uhr)<\/em><\/strong><\/p>\n\n\n\n<p><img loading=\"lazy\" decoding=\"async\" width=\"10\" height=\"21\" class=\"wp-image-3656\" style=\"width: 10px;\" src=\"http:\/\/kommentatorenblog.de\/wp-content\/uploads\/2020\/09\/shure-55sh-ii-e1601485394796.jpg\" alt=\"\" srcset=\"http:\/\/kommentatorenblog.de\/wp-content\/uploads\/2020\/09\/shure-55sh-ii-e1601485394796.jpg 415w, http:\/\/kommentatorenblog.de\/wp-content\/uploads\/2020\/09\/shure-55sh-ii-e1601485394796-142x300.jpg 142w\" sizes=\"auto, (max-width: 10px) 100vw, 10px\" \/> Arne Malsch  <\/p>\n\n\n\n<p>Chinese Super League, Halbfinale, Hinspiel: <em><strong>Jiangsu Suning \u2013 Shanghai SIPG FC Evergrande<\/strong> <strong>(12.35 Uhr)<\/strong><\/em><\/p>\n\n\n\n<p><img loading=\"lazy\" decoding=\"async\" width=\"10\" height=\"21\" class=\"wp-image-3656\" style=\"width: 10px;\" src=\"http:\/\/kommentatorenblog.de\/wp-content\/uploads\/2020\/09\/shure-55sh-ii-e1601485394796.jpg\" alt=\"\" srcset=\"http:\/\/kommentatorenblog.de\/wp-content\/uploads\/2020\/09\/shure-55sh-ii-e1601485394796.jpg 415w, http:\/\/kommentatorenblog.de\/wp-content\/uploads\/2020\/09\/shure-55sh-ii-e1601485394796-142x300.jpg 142w\" sizes=\"auto, (max-width: 10px) 100vw, 10px\" \/> Christian Blunck   <\/p>\n\n\n\n<hr class=\"wp-block-separator\"\/>\n\n\n<p><strong>Die Analyse<\/strong><\/p>\n<p>Neue Woche, neues Gl\u00fcck. Der Spielplan bietet f\u00fcr Teams und Reporter keine Zeit zum Verschnaufen.&nbsp;<\/p>\n<p><strong>DAZN \u00fcbertr\u00e4gt das Bayern-Spiel<\/strong>&nbsp;<\/p>\n<p>Der Auftritt des FC Bayern M\u00fcnchen in Moskau l\u00e4uft morgen Abend mit Hagemann, Wagner und Schl\u00fcter auf DAZN. Ansto\u00df ist bereits um 18.55 Uhr Die DAZN-Crew meldet sich wohl schon ab 18.25 Uhr live aus der Box. Dies ist nat\u00fcrlich angesichts des aktuellen Infektions-Geschehen die richtige Entscheidung! DAZN und Sky verzichten auch auf Field-Reporter in Russland. Wir werden beobachten, inwiefern eine Schaltm\u00f6glichkeit f\u00fcr Interviews existieren wird. Bei Sky, die (Nachspielzeit ausgenommen) in der fr\u00fchen Zweier-Konferenz am Dienstag bis zu 50 Minuten des Bayern-Spiels zeigen d\u00fcrfen, \u00fcbernimmt Frank Buschmann. Im Re-Live gibt\u00b4s das Einzelspiel bei Sky sp\u00e4ter mit Michael Born.&nbsp;<\/p>\n<p>Zudem zeigt der Streamingdienst am Mittwoch die Partie von RB Leipzig im Old Trafford exklusiv in der Einzelspieloption. Die Ansetzung mit Hebel, Knei\u00dfl und Herzog ist frei von \u00dcberraschungen. In der Sky-Konferenz h\u00f6ren wir Kai Dittmann. Im Re-Live sitzt Roland Evers in der Kommenatoren-Box. Nach unseren Informationen werden auch bei dieser Partie keine Interviewer eingesetzt.&nbsp;<\/p>\n<p><strong>Sky\u00b4s Exklusivspiele auf deutschem Boden<\/strong><\/p>\n<p>Dortmund und M\u00b4Gladbach treten am kommenden UCL-Spieltag zuhause an. Sky \u00fcbertr\u00e4gt exklusiv und schickt sein Kommentatoren und Interviewer nat\u00fcrlich ins Stadion.&nbsp;<\/p>\n<p>Dienstag begr\u00fc\u00dfen die Gladbacher Real Madrid im Borussia Park &#8211; f\u00fcr die Verantwortlichen von Sky wohl als das Topspiel mit deutscher Beteiligung deklariert. Schlie\u00dflich kommentiert Wolff Fuss die Begegnung. In der Konferenz feiert Kai Dittmann seinen zweiten Einsatz in dieser Woche. Matthias Naebers macht\u00b4s f\u00fcr DAZN im Re-Live.&nbsp;<\/p>\n<p>Stichwort Konferenz: Frank Buschmann begleitet hier am Mittwoch die Partie zwischen Borussia Dortmund und Zenit St. Petersburg. Martin Gro\u00df, der vergangene Woche &#8222;nur&#8220; doppelt in der Konferenz ans Mikro durfte, freut sich auf den Einzelspieleinsatz. Marcel Seufert h\u00f6rt ihr im Re-Live bei DAZN.&nbsp;<\/p>\n<p><strong>Doppelschicht, Comeback und Deb\u00fct&nbsp;<\/strong><\/p>\n<p>Nachdem Michael Leopold vergangene Woche beide Studio-Sendungen auf Sky moderiert hat, kommt nun Kollege Hellmann zweifach zum Zug. Die Studiog\u00e4ste sind oben aufgelistet. Erik Meijer feiert zudem in der Analyse sein Comeback, nachdem er letzte Woche aufgrund eines positiven Corona-Tests nicht von den Niederlanden nach M\u00fcnchen reiste. Das Deb\u00fct der Woche feiert Moderatorin Katharina Kleinfeld jeweils Dienstag und Mittwoch bei Champions Corner. Die Runde komplettieren Riccardo Basille, Patrick Owomoyela und Andre Breitenreiter. Im Vergleich zu letzter Woche gibt\u00b4s hier also ein bisschen mehr Frauen-Power.&nbsp;<\/p>\n<p><strong>Der Blick auf die anderen Champions League &#8211; Partien<\/strong><\/p>\n<p>Im Vergleich zur Vorwoche fehlen bei Sky Seidler und K\u00fcpper. Dienstag rutschen zum Beispiel Roland Evers und Klaus Veltmann in die Aufstellung. Mittwoch gibt\u00b4s zudem den ersten CL-Saisoneinsatz f\u00fcr Jonas Friedrich. Tomic (Sky) bei den englischen Vertretern, Fu\u00df (DAZN) bei Bergamo oder&nbsp; Paternina wieder bei Salzburg -klingt alles logisch. Die Partie zwischen Juventus Turin und dem FC Barcelona l\u00e4sst sich im Einzelspiel DAZN-Chefkommentator Jan Platte nicht nehmen. Michael Born erh\u00e4lt das Vertrauen in der Konferenz.&nbsp;<\/p>\n<p><strong>Konstanz in der Europa League<\/strong><\/p>\n<p>In Sachen Europa League d\u00fcrfen wir weiterhin keine \u00dcberraschungen erwarten. Die Jungs bei der GoalZone sind erfahren und kriegen ihren Job auch ohne &#8222;eigenen&#8220; Experten auf die Reihe. Wegen der Reisewarnung. RTL wird wohl aus K\u00f6ln berichten, weil das ausw\u00e4rtige Art derzeit vor Reisen nach Tschechien warnt. Bei DAZN f\u00e4llt mir kein Name wirklich ins Auge &#8211; nat\u00fcrlich d\u00fcrfen hier aber auch mal andere Reporter ran.&nbsp;<\/p>\n<p><strong>Nachholspiel und Internationales<\/strong><\/p>\n<p>Auch diese Woche gibt\u00b4s wieder ein Nachholspiel in Liga zwei &#8211; Osnabr\u00fcck empf\u00e4ngt Darmstadt. Die Info, ob Sky einen Field-Reporter an die Bremer Br\u00fccke schickt, reichen wir morgen nach.&nbsp;<\/p>\n<p>Dar\u00fcber hinaus gibt\u00b4s nat\u00fcrlich auch bei sportdigital FUSSBALL wieder einige Partien. Folglich bietet sich f\u00fcr Hannes Herrmann mal wieder Zeit in Hamburg vorbeizuschauen.&nbsp;<\/p>\n<p><!--EndFragment--><\/p>\n<p><!--EndFragment--><\/p>\n<p><!--EndFragment--><\/p>\n<p><!--EndFragment--><\/p>\n<p><!--StartFragment--><\/p>\n<p><!--EndFragment--><\/p>\n<p><!--EndFragment--><\/p>\n<p><!--EndFragment--><\/p>\n\n\n<p>Macht das Beste draus!<\/p>\n\n\n<p><!--EndFragment--><\/p>","protected":false},"excerpt":{"rendered":"<p>N\u2018Abend allerseits, die Umst\u00e4nde bez\u00fcglich der \u00dcberschrift werden in der XXL-Analyse erl\u00e4utert! Und am Donnerstag k\u00f6nnt ihr hier den ersten Teil des Interviews mit einem DAZN-Moderator\/Kommentator lesen &#8211; er ist auch diese Woche wieder bei der \u00dcbertragung eines CL-Spiels mit deutscher Beteiligung am Start \ud83d\ude09 Die Ansetzungen vom 27. Oktober bis zum 29. Oktober 2020 [&hellip;]<\/p>\n","protected":false},"author":3,"featured_media":0,"comment_status":"open","ping_status":"open","sticky":false,"template":"","format":"standard","meta":{"footnotes":""},"categories":[425],"tags":[20,49,153,337,131,160,56,319,64,212,13,82,42,61,155,228,90,48,69,26,93,53,44,79,31,205,43,95,279,41,94,199,108,45,269,350,98,222,22,134,154,151,252,24,105,149,107],"class_list":["post-4058","post","type-post","status-publish","format-standard","hentry","category-champions-league-und-co","tag-2-bundesliga","tag-alex-schlueter","tag-alexis-menuge","tag-benedikt-hoewedes","tag-carsten-fuss","tag-champions-league","tag-chinese-super-league","tag-christian-brugger","tag-copa-do-brasil","tag-daniel-herzog","tag-dazn","tag-erik-meijer","tag-europa-league","tag-frank-buschmann","tag-guido-huesgen","tag-helge-payer","tag-holger-pfandt","tag-jan-platte","tag-jonas-friedrich","tag-joerg-dahlmann","tag-kai-dittmann","tag-klaus-veltmann","tag-laura-wontorra","tag-liga-nos","tag-lothar-matthaeus","tag-lukas-schoenmueller","tag-marco-hagemann","tag-martin-gross","tag-max-siebald","tag-nitro","tag-patrick-wasserziehr","tag-philipp-paternina","tag-ralph-gunesch","tag-roland-evers","tag-roman-weidenfeller","tag-sandro-wagner","tag-sebastian-hellmann","tag-sebastian-kneissl","tag-sky","tag-sportdigital-fussball","tag-stefan-galler","tag-steffen-freund","tag-tobi-wahnschaffe","tag-toni-tomic","tag-uli-hebel","tag-uwe-morawe","tag-wolff-fuss"],"_links":{"self":[{"href":"http:\/\/kommentatorenblog.de\/index.php?rest_route=\/wp\/v2\/posts\/4058","targetHints":{"allow":["GET"]}}],"collection":[{"href":"http:\/\/kommentatorenblog.de\/index.php?rest_route=\/wp\/v2\/posts"}],"about":[{"href":"http:\/\/kommentatorenblog.de\/index.php?rest_route=\/wp\/v2\/types\/post"}],"author":[{"embeddable":true,"href":"http:\/\/kommentatorenblog.de\/index.php?rest_route=\/wp\/v2\/users\/3"}],"replies":[{"embeddable":true,"href":"http:\/\/kommentatorenblog.de\/index.php?rest_route=%2Fwp%2Fv2%2Fcomments&post=4058"}],"version-history":[{"count":63,"href":"http:\/\/kommentatorenblog.de\/index.php?rest_route=\/wp\/v2\/posts\/4058\/revisions"}],"predecessor-version":[{"id":4295,"href":"http:\/\/kommentatorenblog.de\/index.php?rest_route=\/wp\/v2\/posts\/4058\/revisions\/4295"}],"wp:attachment":[{"href":"http:\/\/kommentatorenblog.de\/index.php?rest_route=%2Fwp%2Fv2%2Fmedia&parent=4058"}],"wp:term":[{"taxonomy":"category","embeddable":true,"href":"http:\/\/kommentatorenblog.de\/index.php?rest_route=%2Fwp%2Fv2%2Fcategories&post=4058"},{"taxonomy":"post_tag","embeddable":true,"href":"http:\/\/kommentatorenblog.de\/index.php?rest_route=%2Fwp%2Fv2%2Ftags&post=4058"}],"curies":[{"name":"wp","href":"https:\/\/api.w.org\/{rel}","templated":true}]}}