{"id":4304,"date":"2020-11-05T17:15:36","date_gmt":"2020-11-05T17:15:36","guid":{"rendered":"http:\/\/kommentatorenblog.de\/?p=4304"},"modified":"2020-12-30T15:15:54","modified_gmt":"2020-12-30T15:15:54","slug":"1122-wir-haben-nie-etwas-extra-anders-gemacht","status":"publish","type":"post","link":"http:\/\/kommentatorenblog.de\/?p=4304","title":{"rendered":"1122 \u2013 &#8222;Wir haben nie etwas extra anders gemacht&#8220;"},"content":{"rendered":"\n<p><strong><em>Moderator und Kommentator Alex Schl\u00fcter ist das Gesicht des Streamingdienstes DAZN in Deutschland. In Teil 2 des exklusiven kommentatorenblog-Interviews sprechen wir \u00fcber seine pers\u00f6nlichen \u201eDAZN-Highlights\u201c, die NBA als Leidenschaft und die Ausrichtung seines Arbeitgebers \u2013 inklusive Ausblick auf die n\u00e4chste Rechteperiode. Au\u00dferdem verr\u00e4t uns Schl\u00fcter seinen beruflichen Zukunftstraum.  <\/em><\/strong><\/p>\n\n\n\n<p>* <strong>Teil 1<\/strong> des Interviews gibt\u00b4s <a href=\"http:\/\/kommentatorenblog.de\/?p=4051\">hier <\/a><\/p>\n\n\n\n<p><strong>kommentatorenblog: <\/strong>Wir blicken auf die letzten Jahre bei DAZN. Was waren deine pers\u00f6nlichen Highlights? Ich werfe mal die Stichw\u00f6rter Anfield, Nowitzki und Madrid in den Raum! <\/p>\n\n\n\n<p><strong>Alex Schl\u00fcter:<\/strong> Deine Vorauswahl trifft&nbsp;voll&nbsp;ins Schwarze. Ich bin gl\u00fccklich, weil ich bei DAZN mit Fu\u00dfball und Basketball Sportarten moderieren\/kommentieren darf, die ich&nbsp;in meiner Freizeit selbst&nbsp;leidenschaftlich&nbsp;gespielt habe. Die Drehs mit Dirk Nowitzki,&nbsp;und&nbsp;besonders&nbsp;die \u00dcbertragung seines letzten Heimspiels f\u00fcr die Dallas Mavericks live aus&nbsp;dem American Airlines Center,&nbsp;werden f\u00fcr immer einmalig bleiben. Vor lauter Emotionen sind mir zum ersten&nbsp;Mal w\u00e4hrend der Live-Sendung \u2013 auch wenn ich in diesem Moment nicht im Bild war &#8211;&nbsp;die Tr\u00e4nen gekommen.<\/p>\n\n\n\n<p>Die Zeit beim Champions-League-Finale 2019 in Madrid war&nbsp;ebenfalls gro\u00dfartig. In der Retrospektive war&nbsp;jedoch das Halbfinal-R\u00fcckspiel zwischen&nbsp;dem FC&nbsp;Liverpool und&nbsp;dem FC&nbsp;Barcelona das gr\u00f6\u00dfere Highlight.&nbsp;Die Fans rissen das Stadion ab und&nbsp;die&nbsp;Ordner hatten teilweise Tr\u00e4nen in den Augen. Mit einem Ordner, er m\u00fcsste so um die 70-80&nbsp;Jahre alt gewesen sein, stand ich in den letzten Minuten des Spiels unten&nbsp;direkt am&nbsp;Spielfeldrand, bevor ich nach Abpfiff zu meiner Moderationsposition durfte. Er war v\u00f6llig nerv\u00f6s und aufgel\u00f6st, weil er&nbsp;nat\u00fcrlich&nbsp;selbst&nbsp;Liverpool-Fan war. Typisch f\u00fcr Engl\u00e4nder hatte er mir, wie ein Opa seinem&nbsp;Enkel, ein Karamellbonbon in&nbsp;die Hand gedr\u00fcckt.&nbsp;Nach dem Schlusspfiff&nbsp;ist er mir&nbsp;in die Arme gefallen. In diesen Situationen wird dir klar, dass dieser Job&nbsp;ein absolutes Privileg ist.&nbsp;In 20 Jahren werde ich noch mit Fans&nbsp;\u00fcber dieses Spiel&nbsp;sprechen und kann&nbsp;erz\u00e4hlen, wie&nbsp;es&nbsp;sich&nbsp;vor Ort angef\u00fchlt hat.<\/p>\n\n\n\n<figure class=\"wp-block-image size-large\"><img loading=\"lazy\" decoding=\"async\" width=\"1024\" height=\"683\" src=\"http:\/\/kommentatorenblog.de\/wp-content\/uploads\/2020\/11\/969F6C37-98D6-478F-821B-1DE28FFF4106-1024x683.jpeg\" alt=\"\" class=\"wp-image-4409\" srcset=\"http:\/\/kommentatorenblog.de\/wp-content\/uploads\/2020\/11\/969F6C37-98D6-478F-821B-1DE28FFF4106-1024x683.jpeg 1024w, http:\/\/kommentatorenblog.de\/wp-content\/uploads\/2020\/11\/969F6C37-98D6-478F-821B-1DE28FFF4106-300x200.jpeg 300w, http:\/\/kommentatorenblog.de\/wp-content\/uploads\/2020\/11\/969F6C37-98D6-478F-821B-1DE28FFF4106-768x512.jpeg 768w\" sizes=\"auto, (max-width: 1024px) 100vw, 1024px\" \/><figcaption>Zusammen mit Experte Jonas Hummels (r.) f\u00fchrte Alex Schl\u00fcter (l.) durch die Sendung beim Halbfinal-R\u00fcckspiel zwischen Liverpool und Barcelona. \u00a9 Lukas Mengeler\/DAZN <\/figcaption><\/figure>\n\n\n\n<p><strong>Deine Hauptaufgabe bei DAZN ist die Moderation von Bundesliga- oder Champions-League-Spielen. Zus\u00e4tzlich kommentierst du eine Vielzahl an NBA-Spielen. Ich&nbsp;w\u00fcrde behaupten,&nbsp;dass du&nbsp;dir, zumindest beruflich, nicht mehr die N\u00e4chte mit Basketball um die Ohren schlagen m\u00fcsstest. Kommentierst du weiterhin die NBA, weil du einfach Lust dazu hast?<\/strong><\/p>\n\n\n\n<p>Mit deiner These liegst du nicht ganz falsch. Der Basketball, insbesondere die NBA,&nbsp;ist eine&nbsp;Leidenschaft von mir. Bei unseren \u00dcbertragungen verbindet uns&nbsp;ein besonderes Gef\u00fchl mit&nbsp;unserer&nbsp;Community. Und mit den Experten um Dre Voigt, Alex Vogel &amp; Co. die Spiele&nbsp;zu kommentieren, ist&nbsp;auch gar&nbsp;nicht so schlimm (lacht). Der&nbsp;Schlafrhythmus leidet zwar darunter&nbsp;und in einer Champions-League-Woche gibt es dadurch wenig Freizeit, aber dar\u00fcber beschwere ich mich nicht.&nbsp;Ich habe&nbsp;Gl\u00fcck, dass ich bei beiden Sportarten am Mikro sitzen darf.&nbsp;Bei anderen Sendern ist dies in der Form&nbsp;nicht m\u00f6glich, weil die NBA in Deutschland nur DAZN \u00fcbertr\u00e4gt. Zudem zeigen wir ab n\u00e4chster Saison&nbsp;fast die komplette&nbsp;Champions&nbsp;League&nbsp;und einen&nbsp;gro\u00dfen Teil der Bundesliga.&nbsp;Die aktuelle&nbsp;Situation ist&nbsp;schlichtweg ein Gl\u00fccksfall&nbsp;f\u00fcr mich.<\/p>\n\n\n\n<p><strong>Du hast die neuen Rechte bereits thematisiert. Ab der Saison 2<\/strong><strong>021\/2022 wird DAZN f\u00fcr drei Jahre 121 von 13<\/strong><strong>7&nbsp;<\/strong><strong>C<\/strong><strong>h<\/strong><strong>ampions<\/strong><strong>&#8211;<\/strong><strong>League<\/strong><strong>&#8211;<\/strong><strong>Spielen,&nbsp;<\/strong><strong>von den Play-offs bis zum Finale, exklusiv \u00fcbertragen (Anm. d. Red.<\/strong><strong>:<\/strong><strong>&nbsp;sechszehn Topspiele am Dienstag wird Ama<\/strong><strong>zon zeigen). Zudem hat sich DAZN ab der n\u00e4chsten Bundesliga-Saison die Re<\/strong><strong>chte an dem sogenannten Paket D gesichert.<\/strong><strong>I<\/strong><strong>n<\/strong><strong>s<\/strong><strong>gesamt 106 Freitags- und Sonntagsspielen werdet ihr zwischen 2021 und 2025 zeigen.&nbsp;<\/strong><strong>Wie geht die<\/strong><strong>&nbsp;<\/strong><strong>Reise f\u00fcr DAZN in den n\u00e4chsten Jahren wei<\/strong><strong>ter?<\/strong><\/p>\n\n\n\n<p>Sp\u00e4testens ab dem kommenden Sommer&nbsp;wird es keinen&nbsp;anderen&nbsp;Sender&nbsp;mit einem&nbsp;so&nbsp;attraktiven&nbsp;und umfangreichen&nbsp;Live-Sport-Angebot wie DAZN&nbsp;geben.&nbsp;Der gro\u00dfe Luxus aus redaktioneller&nbsp;Sicht besteht&nbsp;darin,&nbsp;dass wir&nbsp;bei DAZN&nbsp;von Tag eins&nbsp;an&nbsp;nur&nbsp;auf uns schauen durften.&nbsp;Wir&nbsp;werden&nbsp;in Zukunft&nbsp;zwar&nbsp;mehr in den Fokus geraten,&nbsp;intern besch\u00e4ftigt uns&nbsp;das&nbsp;aber nicht. Wir haben&nbsp;nie&nbsp;etwas&nbsp;extra anders gemacht, um&nbsp;zum Beispiel&nbsp;jung oder modern zu sein.&nbsp;Wir haben&nbsp;die Freiheit, unsere Sendungen so zu gestalten, dass wir&nbsp;als Redakteure&nbsp;davon \u00fcberzeugt&nbsp;sind.&nbsp;Nat\u00fcrlich verfolgt man auch die Arbeit anderer Moderatoren\/Kommentatoren und die \u00dcbertragungen anderer Sender.&nbsp;Einige&nbsp;Dinge&nbsp;schaut&nbsp;man&nbsp;sich&nbsp;ab,&nbsp;andere&nbsp;empfindet man&nbsp;nicht wirklich gelungen.&nbsp;Wenn es jedoch um unsere Ausrichtung geht,&nbsp;k\u00f6nnen&nbsp;wir immer&nbsp;auf das ber\u00fchmte \u201ewei\u00dfe&nbsp;Blatt Papier\u201c&nbsp;schreiben&nbsp;und selbst&nbsp;bestimmen,&nbsp;was wir im Rahmen unserer \u00dcbertragungen spannend finden.&nbsp;Wir haben die Erfahrung gesammelt, dass dies bei&nbsp;den&nbsp;Sportfans gut ankommt. Das&nbsp;ist&nbsp;ausschlaggebend daf\u00fcr, dass das Arbeiten&nbsp;bei&nbsp;DAZN&nbsp;einfach Spa\u00df macht. Wir planen&nbsp;f\u00fcr&nbsp;die kommende Saison&nbsp;in unterschiedliche Richtungen und ich kann heute&nbsp;bereits&nbsp;versprechen, dass&nbsp;die&nbsp;Sportfans sich auf einige neue Sachen freuen&nbsp;k\u00f6nnen.<\/p>\n\n\n\n<p><strong>Mit&nbsp;<\/strong><strong>d<\/strong><strong>iesen Ideen habt ihr die Sportberichterstatt<\/strong><strong>ung in Deutschland in den letzten J<\/strong><strong>a<\/strong><strong>hren ver\u00e4ndert. DAZN hat beispielsweise den Experten als Co-Kommentator e<\/strong><strong>tabliert. Dar\u00fcber hinaus&nbsp;<\/strong><strong>duzt ihr e<\/strong><strong>ure&nbsp;<\/strong><strong>Zu<\/strong><strong>sc<\/strong><strong>h<\/strong><strong>auer. Ans\u00e4tze, die ihr ja nicht gezwungenerma\u00dfen umsetz<\/strong><strong>e<\/strong><strong>n&nbsp;<\/strong><strong>m\u00fcsst, oder?<\/strong><\/p>\n\n\n\n<p>Nein.&nbsp;Ich habe in den Anfangsmonaten mit unseren Chefs zusammengesessen und war&nbsp;Teil der&nbsp;Task Force, die&nbsp;DAZN im&nbsp;deutschsprachigen Raum&nbsp;aufbauen&nbsp;wollte.&nbsp;Deshalb&nbsp;hatte ich&nbsp;die Festanstellung&nbsp;\u00fcberhaupt erst&nbsp;angenommen. Denn bei aller Lockerheit muss&nbsp;ein Plan entwickelt werden. Dass wir&nbsp;zum Beispiel&nbsp;unsere Zuschauer duzen,&nbsp;ist nicht daraus entstanden, weil ARD, ZDF&nbsp;und&nbsp;Sky ihre Zuschauer siezen. Wir sind&nbsp;lediglich&nbsp;der Auffassung,&nbsp;dass das&nbsp;\u201eDu\u201c&nbsp;im Sport gang&nbsp;und&nbsp;g\u00e4be&nbsp;ist.&nbsp;\u00dcberall,&nbsp;sei es auf dem Fu\u00dfball-&nbsp;oder Tennisplatz, duzen sich Sportler. Deshalb passt&nbsp;es&nbsp;sehr gut&nbsp;zur Sportberichterstattung.&nbsp;Wir haben&nbsp;nicht \u00fcber die Vorgehensweise der anderen&nbsp;Sender&nbsp;gesprochen, sondern unsere&nbsp;eigenen&nbsp;Ideen&nbsp;umgesetzt.&nbsp;Schlie\u00dflich sind wir selbst&nbsp;alle Sportler und Fans.&nbsp;Dazu geh\u00f6rt auch&nbsp;ein lockerer Kleidungstil, der&nbsp;am besten zu uns jungen Moderatoren und&nbsp;Kommentatoren passt. Zudem gibt es auch wirklich Menschen, die&nbsp;im&nbsp;Anzug besser aussehen als ich (schmunzelt). <\/p>\n\n\n\n<figure class=\"wp-block-image size-large\"><img loading=\"lazy\" decoding=\"async\" width=\"683\" height=\"1024\" src=\"http:\/\/kommentatorenblog.de\/wp-content\/uploads\/2020\/11\/DC973ED4-7DFA-4B6A-AB33-65AFA655AFAE-683x1024.jpeg\" alt=\"\" class=\"wp-image-4413\" srcset=\"http:\/\/kommentatorenblog.de\/wp-content\/uploads\/2020\/11\/DC973ED4-7DFA-4B6A-AB33-65AFA655AFAE-683x1024.jpeg 683w, http:\/\/kommentatorenblog.de\/wp-content\/uploads\/2020\/11\/DC973ED4-7DFA-4B6A-AB33-65AFA655AFAE-200x300.jpeg 200w, http:\/\/kommentatorenblog.de\/wp-content\/uploads\/2020\/11\/DC973ED4-7DFA-4B6A-AB33-65AFA655AFAE-scaled.jpeg 1707w\" sizes=\"auto, (max-width: 683px) 100vw, 683px\" \/><figcaption>Lockere Kleidung und zielsicheres Auftreten: Moderator Alex Schl\u00fcter (l.) und Experte Per Mertesacker (r.) beim Champions-League-Endspiel 2019.  \u00a9 Lukas Mengeler\/DAZN  <\/figcaption><\/figure>\n\n\n\n<p>Das&nbsp;prominenteste Beispiel, das&nbsp;DAZN&nbsp;innerhalb der Berichterstattung&nbsp;zugeordnet wird,&nbsp;hast du ja angesprochen. Seit Tag eins, egal in welcher&nbsp;Sportart,&nbsp;gibt es&nbsp;bei uns&nbsp;den&nbsp;Experten.&nbsp;Als&nbsp;internationales Unternehmen haben wir uns&nbsp;unter anderem aus England&nbsp;die Inspiration&nbsp;dazu&nbsp;geholt. Als Zuschauer sehe&nbsp;ich&nbsp;immer&nbsp;einen Mehrwert, wenn jemand noch eine zus\u00e4tzliche Expertise&nbsp;einbringt. Ich finde es gelungen, wenn On-Air auch mal diskutiert wird. Schlussendlich hat es sich&nbsp;durchgesetzt&nbsp;und sogar Nachahmer gefunden. H\u00e4tten&nbsp;wir diese Dinge&nbsp;nur getan,&nbsp;um&nbsp;\u201ezwingend anders\u201c sein&nbsp;zu wollen, dann&nbsp;h\u00e4tten&nbsp;die&nbsp;Zuschauer&nbsp;dies&nbsp;gemerkt.&nbsp;Gleichzeitig&nbsp;gibt es&nbsp;Sachen, die&nbsp;wir&nbsp;ausprobiert&nbsp;haben&nbsp;und jetzt&nbsp;nicht mehr tun.&nbsp;F\u00fcr uns&nbsp;ist&nbsp;die&nbsp;Denkweise,&nbsp;mit der wir bei DAZN an die&nbsp;Dinge herangehen,&nbsp;das Wichtigste.&nbsp;Alle&nbsp;Sender haben unterschiedliche Auffassungen&nbsp;vom Inhalt ihrer&nbsp;Berichterstattung&nbsp;\u2013&nbsp;und&nbsp;daf\u00fcr gibt es&nbsp;gute&nbsp;Gr\u00fcnde.<\/p>\n\n\n\n<p><strong>Zum Abschluss frage ich gerne nach pers\u00f6nlichen Zielen. Ich gehe&nbsp;mal davon aus, dass wir dich in 15 Jahren noch vor der Kamera sehen werden. Und nat\u00fcrlich bist du gl\u00fccklich bei DAZN. Aber gibt es Ereignisse, wie Olympia oder eine Fu\u00dfball-WM,&nbsp;die man eventuell&nbsp;gerne mal begleiten w\u00fcrde. Vielleicht hat sich bei dir im Kopf ja&nbsp;etwas festgesetzt? Oder gibt es etwas anderes, was dich irgendwann mal wirklich reizen w\u00fcrde?<\/strong><\/p>\n\n\n\n<p>Klar hoffe ich, dass f\u00fcr mich die Reise mit denkw\u00fcrdigen Spielen und&nbsp;Eins\u00e4tzen&nbsp;bei DAZN&nbsp;weitergeht.&nbsp;In meinem Beruf bin ich sehr motiviert und will&nbsp;etwas erreichen.&nbsp;Ich bin mir sicher, dass&nbsp;meine Chefs&nbsp;auch deshalb&nbsp;mindestens einmal die Woche&nbsp;genervt&nbsp;von mir sind&nbsp;(schmunzelt).&nbsp;Jeder,&nbsp;der mal bei den Olympischen Spielen&nbsp;gearbeitet hat,&nbsp;schw\u00e4rmt von&nbsp;dieser Erfahrung. Gleiches&nbsp;gilt&nbsp;f\u00fcr die Arbeit bei einer Fu\u00dfball-WM. Wenn es soweit kommen sollte, w\u00fcrde ich mich nat\u00fcrlich darauf freuen.&nbsp;Ebenso&nbsp;wei\u00df&nbsp;ich, dass ich nicht ungl\u00fccklich sterben&nbsp;werde, wenn ich sowas nicht gemacht haben<strong>&nbsp;s<\/strong>ollte.<\/p>\n\n\n\n<p>Im&nbsp;Hinterkopf habe ich&nbsp;ein&nbsp;konkretes Ziel. Ich will irgendwann mal eine Abendsendung moderieren, die Unterhaltung und Sport verbindet. Eine&nbsp;Sache,&nbsp;an der&nbsp;das deutsche Fernsehen&nbsp;in den letzten 20 Jahren&nbsp;meiner Meinung nach&nbsp;gescheitert&nbsp;ist. Die Umsetzung ist, zumindest hierzulande, die absolute K\u00f6nigsdisziplin. Ich glaube weiterhin daran, dass es f\u00fcr so ein Format auf dem deutschen&nbsp;Markt Platz gibt &#8211; eine Art&nbsp;\u201eCircus&nbsp;Halligali\u201c f\u00fcr Sport, bei der auf unterhaltsame Art und Weise mit&nbsp;spannenden&nbsp;G\u00e4sten&nbsp;der&nbsp;Fu\u00dfball und andere Sportarten pr\u00e4sentiert&nbsp;werden.&nbsp;Ich wei\u00df, dass&nbsp;sehr viele talentierte Kollegen an dieser Idee gescheitert sind.&nbsp;Das muss auch nicht in den n\u00e4chsten zwei, drei Monaten passieren, aber die Hoffnung werde ich vorerst nicht aufgeben.&nbsp;Und auch hier gilt: Wenn es nicht&nbsp;funktionieren sollte, werde&nbsp;ich&nbsp;nicht ungl\u00fccklich. Die erfolgreiche Umsetzung ist&nbsp;n\u00e4mlich&nbsp;ein verdammt dickes St\u00fcck Holz, durch das&nbsp;man&nbsp;s\u00e4gen muss.<\/p>\n\n\n\n<p><strong><em>Dieses Gespr\u00e4ch f\u00fchrte Leon Geis<\/em><\/strong>. <\/p>\n\n\n\n<hr class=\"wp-block-separator\"\/>\n\n\n\n<p><strong><em>Die Ansetzungen vom 06. November bis zum 09. November 2020<\/em><\/strong><\/p>\n\n\n\n<p><strong>Bundesliga, 07. Spieltag<\/strong><\/p>\n\n\n\n<p><span style=\"text-decoration: underline;\">Freitag, 06. November 2020, ab 20.15 Uhr (DAZN)<\/span><\/p>\n\n\n\n<p><strong><em>SV Werder Bremen<\/em><\/strong> <strong><em>\u2013<\/em><\/strong> <strong><em>1.FC K\u00f6ln (20.30 Uhr)<\/em><\/strong><\/p>\n\n\n\n<p class=\"has-normal-font-size\"><img loading=\"lazy\" decoding=\"async\" width=\"10\" height=\"21\" class=\"wp-image-3656\" style=\"width: 10px;\" src=\"http:\/\/kommentatorenblog.de\/wp-content\/uploads\/2020\/09\/shure-55sh-ii-e1601485394796.jpg\" alt=\"\" srcset=\"http:\/\/kommentatorenblog.de\/wp-content\/uploads\/2020\/09\/shure-55sh-ii-e1601485394796.jpg 415w, http:\/\/kommentatorenblog.de\/wp-content\/uploads\/2020\/09\/shure-55sh-ii-e1601485394796-142x300.jpg 142w\" sizes=\"auto, (max-width: 10px) 100vw, 10px\" \/> Marco Hagemann, Experte: Ralph Gunesch <\/p>\n\n\n\n<p>Field-Reporter: Mario Rieker  <\/p>\n\n\n\n<p>Moderation: Daniel Herzog<\/p>\n\n\n\n<p><span style=\"text-decoration: underline;\">Samstag, 07. November 2020, ab 14.00 Uhr (Sky)<\/span><\/p>\n\n\n\n<p><strong><em>RB Leipzig<\/em><\/strong> <strong><em>\u2013<\/em><\/strong> <strong><em>SC Freiburg (15.30 Uhr)<\/em><\/strong><\/p>\n\n\n\n<p class=\"has-normal-font-size\"><img loading=\"lazy\" decoding=\"async\" width=\"10\" height=\"21\" class=\"wp-image-3656\" style=\"width: 10px;\" src=\"http:\/\/kommentatorenblog.de\/wp-content\/uploads\/2020\/09\/shure-55sh-ii-e1601485394796.jpg\" alt=\"\" srcset=\"http:\/\/kommentatorenblog.de\/wp-content\/uploads\/2020\/09\/shure-55sh-ii-e1601485394796.jpg 415w, http:\/\/kommentatorenblog.de\/wp-content\/uploads\/2020\/09\/shure-55sh-ii-e1601485394796-142x300.jpg 142w\" sizes=\"auto, (max-width: 10px) 100vw, 10px\" \/> Oliver Seidler (Einzelspiel), Frank Buschmann (Konferenz)<\/p>\n\n\n\n<p>Field-Reporter: Marc Behrenbeck <\/p>\n\n\n\n<p><strong><em>VfB Stuttgart \u2013<\/em><\/strong> <strong><em>Eintracht Frankfurt (15.30 Uhr)<\/em><\/strong><\/p>\n\n\n\n<p class=\"has-normal-font-size\"><img loading=\"lazy\" decoding=\"async\" width=\"10\" height=\"21\" class=\"wp-image-3656\" style=\"width: 10px;\" src=\"http:\/\/kommentatorenblog.de\/wp-content\/uploads\/2020\/09\/shure-55sh-ii-e1601485394796.jpg\" alt=\"\" srcset=\"http:\/\/kommentatorenblog.de\/wp-content\/uploads\/2020\/09\/shure-55sh-ii-e1601485394796.jpg 415w, http:\/\/kommentatorenblog.de\/wp-content\/uploads\/2020\/09\/shure-55sh-ii-e1601485394796-142x300.jpg 142w\" sizes=\"auto, (max-width: 10px) 100vw, 10px\" \/> Martin Gro\u00df (Einzelspiel), Kai Dittmann (Konferenz)<\/p>\n\n\n\n<p>Field-Reporter: Ulli Potofski <\/p>\n\n\n\n<p><strong><em>FSV Mainz 05<\/em><\/strong> <strong><em>\u2013<\/em><\/strong> <strong><em>Schalke 04 (15.30 Uhr)<\/em><\/strong><\/p>\n\n\n\n<p class=\"has-normal-font-size\"><img loading=\"lazy\" decoding=\"async\" width=\"10\" height=\"21\" class=\"wp-image-3656\" style=\"width: 10px;\" src=\"http:\/\/kommentatorenblog.de\/wp-content\/uploads\/2020\/09\/shure-55sh-ii-e1601485394796.jpg\" alt=\"\" srcset=\"http:\/\/kommentatorenblog.de\/wp-content\/uploads\/2020\/09\/shure-55sh-ii-e1601485394796.jpg 415w, http:\/\/kommentatorenblog.de\/wp-content\/uploads\/2020\/09\/shure-55sh-ii-e1601485394796-142x300.jpg 142w\" sizes=\"auto, (max-width: 10px) 100vw, 10px\" \/> Tom Bayer (Einzelspiel), Hansi K\u00fcpper (Konferenz)<\/p>\n\n\n\n<p>Field-Reporter: Marcus Lindemann <\/p>\n\n\n\n<p><strong><em>1.FC Union Berlin<\/em><\/strong> <strong><em>\u2013<\/em><\/strong> <strong><em>Arminia Bielefeld (15.30 Uhr)<\/em><\/strong><\/p>\n\n\n\n<p class=\"has-normal-font-size\"><img loading=\"lazy\" decoding=\"async\" width=\"10\" height=\"21\" class=\"wp-image-3656\" style=\"width: 10px;\" src=\"http:\/\/kommentatorenblog.de\/wp-content\/uploads\/2020\/09\/shure-55sh-ii-e1601485394796.jpg\" alt=\"\" srcset=\"http:\/\/kommentatorenblog.de\/wp-content\/uploads\/2020\/09\/shure-55sh-ii-e1601485394796.jpg 415w, http:\/\/kommentatorenblog.de\/wp-content\/uploads\/2020\/09\/shure-55sh-ii-e1601485394796-142x300.jpg 142w\" sizes=\"auto, (max-width: 10px) 100vw, 10px\" \/> Michael Born (Einzelspiel), Holger Pfandt (Konferenz)<\/p>\n\n\n\n<p>Field-Reporter: Jens Westen <\/p>\n\n\n\n<p><strong><em>FC Augsburg<\/em><\/strong> <strong><em>\u2013<\/em><\/strong> <strong><em>Hertha BSC (15.30 Uhr)<\/em><\/strong><\/p>\n\n\n\n<p class=\"has-normal-font-size\"><img loading=\"lazy\" decoding=\"async\" width=\"10\" height=\"21\" class=\"wp-image-3656\" style=\"width: 10px;\" src=\"http:\/\/kommentatorenblog.de\/wp-content\/uploads\/2020\/09\/shure-55sh-ii-e1601485394796.jpg\" alt=\"\" srcset=\"http:\/\/kommentatorenblog.de\/wp-content\/uploads\/2020\/09\/shure-55sh-ii-e1601485394796.jpg 415w, http:\/\/kommentatorenblog.de\/wp-content\/uploads\/2020\/09\/shure-55sh-ii-e1601485394796-142x300.jpg 142w\" sizes=\"auto, (max-width: 10px) 100vw, 10px\" \/> Jonas Friedrich (Einzelspiel), J\u00f6rg Dahlmann (Konferenz)<\/p>\n\n\n\n<p>Field-Reporter: Yannick Erkenbrecher <\/p>\n\n\n\n<p>Moderation: Michael Leopold, Experte: Didi Hamann <\/p>\n\n\n\n<p><span style=\"text-decoration: underline;\">ab 17.30 Uhr (Sky)<\/span><\/p>\n\n\n\n<p><strong><em>Borussia Dortmund<\/em><\/strong> <strong><em>\u2013<\/em><\/strong> <strong><em>FC Bayern M\u00fcnchen (18.30 Uhr)<\/em><\/strong><\/p>\n\n\n\n<p class=\"has-normal-font-size\"><img loading=\"lazy\" decoding=\"async\" width=\"10\" height=\"21\" class=\"wp-image-3656\" style=\"width: 10px;\" src=\"http:\/\/kommentatorenblog.de\/wp-content\/uploads\/2020\/09\/shure-55sh-ii-e1601485394796.jpg\" alt=\"\" srcset=\"http:\/\/kommentatorenblog.de\/wp-content\/uploads\/2020\/09\/shure-55sh-ii-e1601485394796.jpg 415w, http:\/\/kommentatorenblog.de\/wp-content\/uploads\/2020\/09\/shure-55sh-ii-e1601485394796-142x300.jpg 142w\" sizes=\"auto, (max-width: 10px) 100vw, 10px\" \/> Wolff Fuss<\/p>\n\n\n\n<p>Field-Reporterin: Esther Sedlaczek <\/p>\n\n\n\n<p>Moderation: Sebastian Hellmann, Experte: Lothar Matth\u00e4us <\/p>\n\n\n\n<p><span style=\"text-decoration: underline;\">Sonntag, 08. November 2020, ab 14.30 Uhr (Sky)<\/span><\/p>\n\n\n\n<p><strong><em>VfL Wolfsburg<\/em><\/strong> <strong><em>\u2013<\/em><\/strong> <strong><em>TSG Hoffenheim (15.30 Uhr)<\/em><\/strong><\/p>\n\n\n\n<p class=\"has-normal-font-size\"><img loading=\"lazy\" decoding=\"async\" width=\"10\" height=\"21\" class=\"wp-image-3656\" style=\"width: 10px;\" src=\"http:\/\/kommentatorenblog.de\/wp-content\/uploads\/2020\/09\/shure-55sh-ii-e1601485394796.jpg\" alt=\"\" srcset=\"http:\/\/kommentatorenblog.de\/wp-content\/uploads\/2020\/09\/shure-55sh-ii-e1601485394796.jpg 415w, http:\/\/kommentatorenblog.de\/wp-content\/uploads\/2020\/09\/shure-55sh-ii-e1601485394796-142x300.jpg 142w\" sizes=\"auto, (max-width: 10px) 100vw, 10px\" \/> Hansi K\u00fcpper   <\/p>\n\n\n\n<p>Field-Reporter: Ecki Heuser  <\/p>\n\n\n\n<p><strong><em>Bayer 04 Leverkusen<\/em><\/strong> <strong><em>\u2013<\/em><\/strong> <strong><em>Borussia M\u00b4gladbach (18.00 Uhr)<\/em><\/strong><\/p>\n\n\n\n<p><img loading=\"lazy\" decoding=\"async\" width=\"10\" height=\"21\" class=\"wp-image-3656\" style=\"width: 10px;\" src=\"http:\/\/kommentatorenblog.de\/wp-content\/uploads\/2020\/09\/shure-55sh-ii-e1601485394796.jpg\" alt=\"\" srcset=\"http:\/\/kommentatorenblog.de\/wp-content\/uploads\/2020\/09\/shure-55sh-ii-e1601485394796.jpg 415w, http:\/\/kommentatorenblog.de\/wp-content\/uploads\/2020\/09\/shure-55sh-ii-e1601485394796-142x300.jpg 142w\" sizes=\"auto, (max-width: 10px) 100vw, 10px\" \/> Marcus Lindemann  <\/p>\n\n\n\n<p>Field-Reporter: Martin Gro\u00df <\/p>\n\n\n\n<p>Moderation: Britta Hofmann, Experte: Dennis Aogo  <\/p>\n\n\n\n<hr class=\"wp-block-separator\"\/>\n\n\n\n<p><strong>2<\/strong>. <strong>Bundesliga, 07. Spieltag<\/strong><\/p>\n\n\n\n<p><span style=\"text-decoration: underline;\">Freitag, 06. November 2020, ab 18.00 Uhr (Sky)<\/span><\/p>\n\n\n\n<p><strong><em>SV Sandhausen<\/em><\/strong> <strong><em>\u2013<\/em><\/strong> <strong><em>Eintracht Braunschweig (18.30 Uhr)<\/em><\/strong><\/p>\n\n\n\n<p><img loading=\"lazy\" decoding=\"async\" width=\"10\" height=\"21\" class=\"wp-image-3656\" style=\"width: 10px;\" src=\"http:\/\/kommentatorenblog.de\/wp-content\/uploads\/2020\/09\/shure-55sh-ii-e1601485394796.jpg\" alt=\"\" srcset=\"http:\/\/kommentatorenblog.de\/wp-content\/uploads\/2020\/09\/shure-55sh-ii-e1601485394796.jpg 415w, http:\/\/kommentatorenblog.de\/wp-content\/uploads\/2020\/09\/shure-55sh-ii-e1601485394796-142x300.jpg 142w\" sizes=\"auto, (max-width: 10px) 100vw, 10px\" \/> J\u00f6rg Dahlmann, Interviews: Schalte <\/p>\n\n\n\n<p><strong><em>1.FC Heidenheim<\/em><\/strong> <strong><em>\u2013<\/em><\/strong> <strong><em>W\u00fcrzburger Kickers (18.30 Uhr)<\/em><\/strong><\/p>\n\n\n\n<p><img loading=\"lazy\" decoding=\"async\" width=\"10\" height=\"21\" class=\"wp-image-3656\" style=\"width: 10px;\" src=\"http:\/\/kommentatorenblog.de\/wp-content\/uploads\/2020\/09\/shure-55sh-ii-e1601485394796.jpg\" alt=\"\" srcset=\"http:\/\/kommentatorenblog.de\/wp-content\/uploads\/2020\/09\/shure-55sh-ii-e1601485394796.jpg 415w, http:\/\/kommentatorenblog.de\/wp-content\/uploads\/2020\/09\/shure-55sh-ii-e1601485394796-142x300.jpg 142w\" sizes=\"auto, (max-width: 10px) 100vw, 10px\" \/> Sven Haist, Field-Reporter: Christian Akber-Sade <\/p>\n\n\n\n<p>Moderation: Hartmut von Kameke<br><br><span style=\"text-decoration: underline;\">Samstag, 07. November 2020, ab 12.30 Uhr (Sky)<\/span><\/p>\n\n\n\n<p><strong><em>1.FC N\u00fcrnberg<\/em><\/strong> <strong><em>\u2013<\/em><\/strong> <strong><em>Fortuna D\u00fcsseldorf (13.00 Uhr)<\/em><\/strong><\/p>\n\n\n\n<p><img loading=\"lazy\" decoding=\"async\" width=\"10\" height=\"21\" class=\"wp-image-3656\" style=\"width: 10px;\" src=\"http:\/\/kommentatorenblog.de\/wp-content\/uploads\/2020\/09\/shure-55sh-ii-e1601485394796.jpg\" alt=\"\" srcset=\"http:\/\/kommentatorenblog.de\/wp-content\/uploads\/2020\/09\/shure-55sh-ii-e1601485394796.jpg 415w, http:\/\/kommentatorenblog.de\/wp-content\/uploads\/2020\/09\/shure-55sh-ii-e1601485394796-142x300.jpg 142w\" sizes=\"auto, (max-width: 10px) 100vw, 10px\" \/> J\u00fcrgen Schmitz, Field-Reporter: Christian Akber-Sade <\/p>\n\n\n\n<p><strong><em>Hannover 96<\/em><\/strong> <strong><em>\u2013<\/em><\/strong> <strong><em>Erzgebirge Aue<\/em><\/strong> <strong><em>(13.00 Uhr)<\/em><\/strong><\/p>\n\n\n\n<p><img loading=\"lazy\" decoding=\"async\" width=\"10\" height=\"21\" class=\"wp-image-3656\" style=\"width: 10px;\" src=\"http:\/\/kommentatorenblog.de\/wp-content\/uploads\/2020\/09\/shure-55sh-ii-e1601485394796.jpg\" alt=\"\" srcset=\"http:\/\/kommentatorenblog.de\/wp-content\/uploads\/2020\/09\/shure-55sh-ii-e1601485394796.jpg 415w, http:\/\/kommentatorenblog.de\/wp-content\/uploads\/2020\/09\/shure-55sh-ii-e1601485394796-142x300.jpg 142w\" sizes=\"auto, (max-width: 10px) 100vw, 10px\" \/> Torsten Kunde, Interviews: Schalte <\/p>\n\n\n\n<p><strong><em>VfL Bochum<\/em><\/strong> <strong><em>\u2013<\/em><\/strong> <strong><em>SpVgg Greuther F\u00fcrth (13.00 Uhr)<\/em><\/strong><\/p>\n\n\n\n<p><img loading=\"lazy\" decoding=\"async\" width=\"10\" height=\"21\" class=\"wp-image-3656\" style=\"width: 10px;\" src=\"http:\/\/kommentatorenblog.de\/wp-content\/uploads\/2020\/09\/shure-55sh-ii-e1601485394796.jpg\" alt=\"\" srcset=\"http:\/\/kommentatorenblog.de\/wp-content\/uploads\/2020\/09\/shure-55sh-ii-e1601485394796.jpg 415w, http:\/\/kommentatorenblog.de\/wp-content\/uploads\/2020\/09\/shure-55sh-ii-e1601485394796-142x300.jpg 142w\" sizes=\"auto, (max-width: 10px) 100vw, 10px\" \/> Klaus Veltmann, Interviews: Schalte <\/p>\n\n\n\n<p>Moderation: Peter Hardenacke   <\/p>\n\n\n\n<p><span style=\"text-decoration: underline;\">Sonntag, 08. November 2020, ab 13.00 Uhr (Sky)<\/span><\/p>\n\n\n\n<p><strong><em>FC St. Pauli \u2013<\/em><\/strong> <strong><em>Karlsruher SC (13.30 Uhr)<\/em><\/strong><\/p>\n\n\n\n<p><img loading=\"lazy\" decoding=\"async\" width=\"10\" height=\"21\" class=\"wp-image-3656\" style=\"width: 10px;\" src=\"http:\/\/kommentatorenblog.de\/wp-content\/uploads\/2020\/09\/shure-55sh-ii-e1601485394796.jpg\" alt=\"\" srcset=\"http:\/\/kommentatorenblog.de\/wp-content\/uploads\/2020\/09\/shure-55sh-ii-e1601485394796.jpg 415w, http:\/\/kommentatorenblog.de\/wp-content\/uploads\/2020\/09\/shure-55sh-ii-e1601485394796-142x300.jpg 142w\" sizes=\"auto, (max-width: 10px) 100vw, 10px\" \/> Klaus Veltmann, Field-Reporter: Jurek Rohrberg  <\/p>\n\n\n\n<p><strong><em>Jahn Regensburg<\/em><\/strong> <strong><em>\u2013<\/em><\/strong> <strong><em>VfL Osnabr\u00fcck (13.30 Uhr)<\/em><\/strong><\/p>\n\n\n\n<p><img loading=\"lazy\" decoding=\"async\" width=\"10\" height=\"21\" class=\"wp-image-3656\" style=\"width: 10px;\" src=\"http:\/\/kommentatorenblog.de\/wp-content\/uploads\/2020\/09\/shure-55sh-ii-e1601485394796.jpg\" alt=\"\" srcset=\"http:\/\/kommentatorenblog.de\/wp-content\/uploads\/2020\/09\/shure-55sh-ii-e1601485394796.jpg 415w, http:\/\/kommentatorenblog.de\/wp-content\/uploads\/2020\/09\/shure-55sh-ii-e1601485394796-142x300.jpg 142w\" sizes=\"auto, (max-width: 10px) 100vw, 10px\" \/> Ulli Potofski <\/p>\n\n\n\n<p><strong><em>SV Darmstadt 98 \u2013<\/em><\/strong> <strong><em>SC Paderborn 07 (13.30 Uhr)<\/em><\/strong><\/p>\n\n\n\n<p><img loading=\"lazy\" decoding=\"async\" width=\"10\" height=\"21\" class=\"wp-image-3656\" style=\"width: 10px;\" src=\"http:\/\/kommentatorenblog.de\/wp-content\/uploads\/2020\/09\/shure-55sh-ii-e1601485394796.jpg\" alt=\"\" srcset=\"http:\/\/kommentatorenblog.de\/wp-content\/uploads\/2020\/09\/shure-55sh-ii-e1601485394796.jpg 415w, http:\/\/kommentatorenblog.de\/wp-content\/uploads\/2020\/09\/shure-55sh-ii-e1601485394796-142x300.jpg 142w\" sizes=\"auto, (max-width: 10px) 100vw, 10px\" \/> Holger Pfandt, Interviews: Schalte <\/p>\n\n\n\n<p>Moderation: Yannick Erkenbrecher <\/p>\n\n\n\n<p><span style=\"text-decoration: underline;\">Montag, 09. November 2020, ab 20.00 Uhr (Sky)<\/span><\/p>\n\n\n\n<p><strong><em>Holstein Kiel \u2013<\/em><\/strong> <strong><em>Hamburger SV (20.30 Uhr)<\/em><\/strong><\/p>\n\n\n\n<p><img loading=\"lazy\" decoding=\"async\" width=\"10\" height=\"21\" class=\"wp-image-3656\" style=\"width: 10px;\" src=\"http:\/\/kommentatorenblog.de\/wp-content\/uploads\/2020\/09\/shure-55sh-ii-e1601485394796.jpg\" alt=\"\" srcset=\"http:\/\/kommentatorenblog.de\/wp-content\/uploads\/2020\/09\/shure-55sh-ii-e1601485394796.jpg 415w, http:\/\/kommentatorenblog.de\/wp-content\/uploads\/2020\/09\/shure-55sh-ii-e1601485394796-142x300.jpg 142w\" sizes=\"auto, (max-width: 10px) 100vw, 10px\" \/> Stefan Hempel und Torsten Mattuschka<\/p>\n\n\n\n<p>Field-Reporter: Sven T\u00f6llner  <\/p>\n\n\n\n<hr class=\"wp-block-separator\"\/>\n\n\n\n<p><strong>3. Liga, 08. Spieltag<\/strong><\/p>\n\n\n\n<p><span style=\"text-decoration: underline;\">Freitag, 06. November 2020, ab 18.30 Uhr (Magenta Sport)<\/span><\/p>\n\n\n\n<p><strong><em>FC Ingolstadt <\/em><\/strong><strong><em>\u2013<\/em><\/strong><strong><em> SV Wehen Wiesbaden (19.00 Uhr)<\/em><\/strong><\/p>\n\n\n\n<p><img loading=\"lazy\" decoding=\"async\" width=\"10\" height=\"21\" class=\"wp-image-3656\" style=\"width: 10px;\" src=\"http:\/\/kommentatorenblog.de\/wp-content\/uploads\/2020\/09\/shure-55sh-ii-e1601485394796.jpg\" alt=\"\" srcset=\"http:\/\/kommentatorenblog.de\/wp-content\/uploads\/2020\/09\/shure-55sh-ii-e1601485394796.jpg 415w, http:\/\/kommentatorenblog.de\/wp-content\/uploads\/2020\/09\/shure-55sh-ii-e1601485394796-142x300.jpg 142w\" sizes=\"auto, (max-width: 10px) 100vw, 10px\" \/> Franz B\u00fcchner  <\/p>\n\n\n\n<p>Moderation: Sascha Bandermann, Experte: Martin Lanig   <\/p>\n\n\n\n<p><span style=\"text-decoration: underline;\">Samstag, 07. November 2020, ab 13.45 Uhr (Magenta Sport)&nbsp;<\/span><\/p>\n\n\n\n<p><strong><em>Konferenz (14.00 Uhr)<\/em><\/strong><\/p>\n\n\n\n<p><img loading=\"lazy\" decoding=\"async\" width=\"10\" height=\"21\" class=\"wp-image-3656\" style=\"width: 10px;\" src=\"http:\/\/kommentatorenblog.de\/wp-content\/uploads\/2020\/09\/shure-55sh-ii-e1601485394796.jpg\" alt=\"\" srcset=\"http:\/\/kommentatorenblog.de\/wp-content\/uploads\/2020\/09\/shure-55sh-ii-e1601485394796.jpg 415w, http:\/\/kommentatorenblog.de\/wp-content\/uploads\/2020\/09\/shure-55sh-ii-e1601485394796-142x300.jpg 142w\" sizes=\"auto, (max-width: 10px) 100vw, 10px\" \/> Martin Piller und Sascha Bandermann  <\/p>\n\n\n\n<p><strong><em>1.FC Magdeburg<\/em><\/strong> <strong><em>\u2013<\/em><\/strong> <strong><em>FC Bayern M\u00fcnchen II (14.00 Uhr)<\/em><\/strong><\/p>\n\n\n\n<p><img loading=\"lazy\" decoding=\"async\" width=\"10\" height=\"21\" class=\"wp-image-3656\" style=\"width: 10px;\" src=\"http:\/\/kommentatorenblog.de\/wp-content\/uploads\/2020\/09\/shure-55sh-ii-e1601485394796.jpg\" alt=\"\" srcset=\"http:\/\/kommentatorenblog.de\/wp-content\/uploads\/2020\/09\/shure-55sh-ii-e1601485394796.jpg 415w, http:\/\/kommentatorenblog.de\/wp-content\/uploads\/2020\/09\/shure-55sh-ii-e1601485394796-142x300.jpg 142w\" sizes=\"auto, (max-width: 10px) 100vw, 10px\" \/> Lenny Leonhardt <\/p>\n\n\n\n<p>Moderation: Anett Sattler  <\/p>\n\n\n\n<p><strong><em>FSV Zwickau<\/em><\/strong> <strong><em>\u2013<\/em><\/strong> <strong><em>1.FC Kaiserslautern (14.00 Uhr)<\/em><\/strong><\/p>\n\n\n\n<p><img loading=\"lazy\" decoding=\"async\" width=\"10\" height=\"21\" class=\"wp-image-3656\" style=\"width: 10px;\" src=\"http:\/\/kommentatorenblog.de\/wp-content\/uploads\/2020\/09\/shure-55sh-ii-e1601485394796.jpg\" alt=\"\" srcset=\"http:\/\/kommentatorenblog.de\/wp-content\/uploads\/2020\/09\/shure-55sh-ii-e1601485394796.jpg 415w, http:\/\/kommentatorenblog.de\/wp-content\/uploads\/2020\/09\/shure-55sh-ii-e1601485394796-142x300.jpg 142w\" sizes=\"auto, (max-width: 10px) 100vw, 10px\" \/> Andreas Mann  <\/p>\n\n\n\n<p>Moderation: Stefanie Blochwitz <\/p>\n\n\n\n<p><strong><em>SV Meppen<\/em><\/strong> <strong><em>\u2013<\/em><\/strong> <strong><em>SV Waldhof Mannheim (14.00 Uhr)<\/em><\/strong><\/p>\n\n\n\n<p><img loading=\"lazy\" decoding=\"async\" width=\"10\" height=\"21\" class=\"wp-image-3656\" style=\"width: 10px;\" src=\"http:\/\/kommentatorenblog.de\/wp-content\/uploads\/2020\/09\/shure-55sh-ii-e1601485394796.jpg\" alt=\"\" srcset=\"http:\/\/kommentatorenblog.de\/wp-content\/uploads\/2020\/09\/shure-55sh-ii-e1601485394796.jpg 415w, http:\/\/kommentatorenblog.de\/wp-content\/uploads\/2020\/09\/shure-55sh-ii-e1601485394796-142x300.jpg 142w\" sizes=\"auto, (max-width: 10px) 100vw, 10px\" \/> Gari Paubandt  <\/p>\n\n\n\n<p>Moderation: Cedric Pick <\/p>\n\n\n\n<p><strong><em>TSV 1860 M\u00fcnchen<\/em><\/strong> <strong><em>\u2013<\/em><\/strong> <strong><em>Hallescher FC (14.00 Uhr)<\/em><\/strong><\/p>\n\n\n\n<p><img loading=\"lazy\" decoding=\"async\" width=\"10\" height=\"21\" class=\"wp-image-3656\" style=\"width: 10px;\" src=\"http:\/\/kommentatorenblog.de\/wp-content\/uploads\/2020\/09\/shure-55sh-ii-e1601485394796.jpg\" alt=\"\" srcset=\"http:\/\/kommentatorenblog.de\/wp-content\/uploads\/2020\/09\/shure-55sh-ii-e1601485394796.jpg 415w, http:\/\/kommentatorenblog.de\/wp-content\/uploads\/2020\/09\/shure-55sh-ii-e1601485394796-142x300.jpg 142w\" sizes=\"auto, (max-width: 10px) 100vw, 10px\" \/> Alex Kunz <\/p>\n\n\n\n<p>Moderation: Thomas Wagner  <\/p>\n\n\n\n<p><span style=\"text-decoration: underline;\">ab 13.45 Uhr (Magenta Sport) \/ ab 14.00 Uhr (MDR, BR, SR)<\/span> <\/p>\n\n\n\n<p><strong><em>Hansa Rostock<\/em><\/strong> <strong><em>\u2013<\/em><\/strong> <strong><em>T\u00fcrkg\u00fcc\u00fc M\u00fcnchen (14.00 Uhr)<\/em><\/strong><\/p>\n\n\n\n<p><img loading=\"lazy\" decoding=\"async\" width=\"10\" height=\"21\" class=\"wp-image-3656\" style=\"width: 10px;\" src=\"http:\/\/kommentatorenblog.de\/wp-content\/uploads\/2020\/09\/shure-55sh-ii-e1601485394796.jpg\" alt=\"\" srcset=\"http:\/\/kommentatorenblog.de\/wp-content\/uploads\/2020\/09\/shure-55sh-ii-e1601485394796.jpg 415w, http:\/\/kommentatorenblog.de\/wp-content\/uploads\/2020\/09\/shure-55sh-ii-e1601485394796-142x300.jpg 142w\" sizes=\"auto, (max-width: 10px) 100vw, 10px\" \/> Magenta Sport: Alex K\u00fcpper<\/p>\n\n\n\n<p><img loading=\"lazy\" decoding=\"async\" width=\"10\" height=\"21\" class=\"wp-image-3656\" style=\"width: 10px;\" src=\"http:\/\/kommentatorenblog.de\/wp-content\/uploads\/2020\/09\/shure-55sh-ii-e1601485394796.jpg\" alt=\"\" srcset=\"http:\/\/kommentatorenblog.de\/wp-content\/uploads\/2020\/09\/shure-55sh-ii-e1601485394796.jpg 415w, http:\/\/kommentatorenblog.de\/wp-content\/uploads\/2020\/09\/shure-55sh-ii-e1601485394796-142x300.jpg 142w\" sizes=\"auto, (max-width: 10px) 100vw, 10px\" \/> NDR: tba <\/p>\n\n\n\n<p><img loading=\"lazy\" decoding=\"async\" width=\"10\" height=\"21\" class=\"wp-image-3656\" style=\"width: 10px;\" src=\"http:\/\/kommentatorenblog.de\/wp-content\/uploads\/2020\/09\/shure-55sh-ii-e1601485394796.jpg\" alt=\"\" srcset=\"http:\/\/kommentatorenblog.de\/wp-content\/uploads\/2020\/09\/shure-55sh-ii-e1601485394796.jpg 415w, http:\/\/kommentatorenblog.de\/wp-content\/uploads\/2020\/09\/shure-55sh-ii-e1601485394796-142x300.jpg 142w\" sizes=\"auto, (max-width: 10px) 100vw, 10px\" \/> BR: Flo Eckl <\/p>\n\n\n\n<p>Moderation (Magenta Sport): Michael Augustin  <\/p>\n\n\n\n<p>Moderation (NDR): tba  <\/p>\n\n\n\n<p>Moderation (BR): Dominik Vischer <\/p>\n\n\n\n<p><strong><em>1.FC Saarbr\u00fccken<\/em><\/strong> <strong><em>\u2013<\/em><\/strong> <strong><em>SG Dynamo Dresden (14.00 Uhr)<\/em><\/strong><\/p>\n\n\n\n<p><img loading=\"lazy\" decoding=\"async\" width=\"10\" height=\"21\" class=\"wp-image-3656\" style=\"width: 10px;\" src=\"http:\/\/kommentatorenblog.de\/wp-content\/uploads\/2020\/09\/shure-55sh-ii-e1601485394796.jpg\" alt=\"\" srcset=\"http:\/\/kommentatorenblog.de\/wp-content\/uploads\/2020\/09\/shure-55sh-ii-e1601485394796.jpg 415w, http:\/\/kommentatorenblog.de\/wp-content\/uploads\/2020\/09\/shure-55sh-ii-e1601485394796-142x300.jpg 142w\" sizes=\"auto, (max-width: 10px) 100vw, 10px\" \/> Magenta Sport: Christian Stra\u00dfburger<\/p>\n\n\n\n<p><img loading=\"lazy\" decoding=\"async\" width=\"10\" height=\"21\" class=\"wp-image-3656\" style=\"width: 10px;\" src=\"http:\/\/kommentatorenblog.de\/wp-content\/uploads\/2020\/09\/shure-55sh-ii-e1601485394796.jpg\" alt=\"\" srcset=\"http:\/\/kommentatorenblog.de\/wp-content\/uploads\/2020\/09\/shure-55sh-ii-e1601485394796.jpg 415w, http:\/\/kommentatorenblog.de\/wp-content\/uploads\/2020\/09\/shure-55sh-ii-e1601485394796-142x300.jpg 142w\" sizes=\"auto, (max-width: 10px) 100vw, 10px\" \/> SR: Frank Grundhever<\/p>\n\n\n\n<p>Moderation (Magenta Sport): Tobi Sch\u00e4fer <\/p>\n\n\n\n<p>Moderation (SR): Thomas Braml <\/p>\n\n\n\n<p><span style=\"text-decoration: underline;\">Sonntag, 08. November, 12.45 Uhr (Magenta Sport)<\/span><\/p>\n\n\n\n<p><strong><em>SpVgg Unterhaching<\/em><\/strong> <strong><em>\u2013<\/em><\/strong> <strong><em>SC Verl (13.00 Uhr)<\/em><\/strong><\/p>\n\n\n\n<p><img loading=\"lazy\" decoding=\"async\" width=\"10\" height=\"21\" class=\"wp-image-3656\" style=\"width: 10px;\" src=\"http:\/\/kommentatorenblog.de\/wp-content\/uploads\/2020\/09\/shure-55sh-ii-e1601485394796.jpg\" alt=\"\" srcset=\"http:\/\/kommentatorenblog.de\/wp-content\/uploads\/2020\/09\/shure-55sh-ii-e1601485394796.jpg 415w, http:\/\/kommentatorenblog.de\/wp-content\/uploads\/2020\/09\/shure-55sh-ii-e1601485394796-142x300.jpg 142w\" sizes=\"auto, (max-width: 10px) 100vw, 10px\" \/> Alex Klich<\/p>\n\n\n\n<p>Moderation: Simon K\u00f6pfer <\/p>\n\n\n\n<p><strong><em>VfB L\u00fcbeck<\/em><\/strong> <strong><em>\u2013<\/em><\/strong> <strong><em>KFC Uerdingen (14.00 Uhr)<\/em><\/strong><\/p>\n\n\n\n<p><img loading=\"lazy\" decoding=\"async\" width=\"10\" height=\"21\" class=\"wp-image-3656\" style=\"width: 10px;\" src=\"http:\/\/kommentatorenblog.de\/wp-content\/uploads\/2020\/09\/shure-55sh-ii-e1601485394796.jpg\" alt=\"\" srcset=\"http:\/\/kommentatorenblog.de\/wp-content\/uploads\/2020\/09\/shure-55sh-ii-e1601485394796.jpg 415w, http:\/\/kommentatorenblog.de\/wp-content\/uploads\/2020\/09\/shure-55sh-ii-e1601485394796-142x300.jpg 142w\" sizes=\"auto, (max-width: 10px) 100vw, 10px\" \/> Gari Paubandt <\/p>\n\n\n\n<p>Moderation: Kamilla Benschop  <\/p>\n\n\n\n<p><span style=\"text-decoration: underline;\">Montag, 09. November, 18.45 Uhr (Magenta Sport)<\/span><\/p>\n\n\n\n<p><strong><em>MSV Duisburg \u2013<\/em><\/strong> <strong><em>FC Viktoria K\u00f6ln (19.00 Uhr)<\/em><\/strong><\/p>\n\n\n\n<p><img loading=\"lazy\" decoding=\"async\" width=\"10\" height=\"21\" class=\"wp-image-3656\" style=\"width: 10px;\" src=\"http:\/\/kommentatorenblog.de\/wp-content\/uploads\/2020\/09\/shure-55sh-ii-e1601485394796.jpg\" alt=\"\" srcset=\"http:\/\/kommentatorenblog.de\/wp-content\/uploads\/2020\/09\/shure-55sh-ii-e1601485394796.jpg 415w, http:\/\/kommentatorenblog.de\/wp-content\/uploads\/2020\/09\/shure-55sh-ii-e1601485394796-142x300.jpg 142w\" sizes=\"auto, (max-width: 10px) 100vw, 10px\" \/> Christian Stra\u00dfburger<\/p>\n\n\n\n<p>Moderation: Cedric Pick  <\/p>\n\n\n\n<hr class=\"wp-block-separator\"\/>\n\n\n\n<p><strong>Bundesliga Frauen, 04. Spieltag<\/strong><\/p>\n\n\n\n<p><span style=\"text-decoration: underline;\">Freitag, 06. November 2020, ab 19.15 Uhr (Eurosport)\/ (Magenta Sport)<\/span><\/p>\n\n\n\n<p><strong><em>1.FFC Turbine Potsdam<\/em><\/strong>&nbsp;<strong><em>\u2013<\/em><\/strong>&nbsp;<strong><em>VfL Wolfsburg (19.15 Uhr)<\/em><\/strong><\/p>\n\n\n\n<p>Eurosport: <img loading=\"lazy\" decoding=\"async\" width=\"10\" height=\"21\" class=\"wp-image-3656\" style=\"width: 10px;\" src=\"http:\/\/kommentatorenblog.de\/wp-content\/uploads\/2020\/09\/shure-55sh-ii-e1601485394796.jpg\" alt=\"\" srcset=\"http:\/\/kommentatorenblog.de\/wp-content\/uploads\/2020\/09\/shure-55sh-ii-e1601485394796.jpg 415w, http:\/\/kommentatorenblog.de\/wp-content\/uploads\/2020\/09\/shure-55sh-ii-e1601485394796-142x300.jpg 142w\" sizes=\"auto, (max-width: 10px) 100vw, 10px\" \/> Matthias Stach<\/p>\n\n\n\n<p>Magenta Sport: Christoph Fetzer<\/p>\n\n\n\n<p><span style=\"text-decoration: underline;\">Sonntag, 04. Oktober 2020, ab 14.00 Uhr (Magenta Sport<\/span>)<\/p>\n\n\n\n<p><strong><em>SV Meppen<\/em><\/strong> <strong><em>\u2013<\/em><\/strong>&nbsp;<strong><em>FC Bayern M\u00fcnchen (14.00 Uhr)<\/em><\/strong><\/p>\n\n\n\n<p><img loading=\"lazy\" decoding=\"async\" width=\"10\" height=\"21\" class=\"wp-image-3656\" style=\"width: 10px;\" src=\"http:\/\/kommentatorenblog.de\/wp-content\/uploads\/2020\/09\/shure-55sh-ii-e1601485394796.jpg\" alt=\"\" srcset=\"http:\/\/kommentatorenblog.de\/wp-content\/uploads\/2020\/09\/shure-55sh-ii-e1601485394796.jpg 415w, http:\/\/kommentatorenblog.de\/wp-content\/uploads\/2020\/09\/shure-55sh-ii-e1601485394796-142x300.jpg 142w\" sizes=\"auto, (max-width: 10px) 100vw, 10px\" \/>  Oskar Heirler   <\/p>\n\n\n\n<hr class=\"wp-block-separator\"\/>\n\n\n\n<p><strong>Premier League, 08. Spieltag<\/strong><\/p>\n\n\n\n<p><span style=\"text-decoration: underline;\">Freitag, 06. November 2020, ab 18.20 Uhr (Sky)<\/span><\/p>\n\n\n\n<p><strong><em>Brighton &amp; Hove Albion<\/em><\/strong> <strong><em>\u2013<\/em><\/strong> <strong><em>FC Burnley (18.30 Uhr)<\/em><\/strong><\/p>\n\n\n\n<p><img loading=\"lazy\" decoding=\"async\" width=\"10\" height=\"21\" class=\"wp-image-3656\" style=\"width: 10px;\" src=\"http:\/\/kommentatorenblog.de\/wp-content\/uploads\/2020\/09\/shure-55sh-ii-e1601485394796.jpg\" alt=\"\" srcset=\"http:\/\/kommentatorenblog.de\/wp-content\/uploads\/2020\/09\/shure-55sh-ii-e1601485394796.jpg 415w, http:\/\/kommentatorenblog.de\/wp-content\/uploads\/2020\/09\/shure-55sh-ii-e1601485394796-142x300.jpg 142w\" sizes=\"auto, (max-width: 10px) 100vw, 10px\" \/> Hannes Herrmann<\/p>\n\n\n\n<p><span style=\"text-decoration: underline;\">ab 20.50 Uhr (Sky)<\/span> <\/p>\n\n\n\n<p><strong><em>FC Southampton<\/em><\/strong> <strong><em>\u2013<\/em><\/strong> <strong><em>Newcastle United (21.00 Uhr)<\/em><\/strong><\/p>\n\n\n\n<p><img loading=\"lazy\" decoding=\"async\" width=\"10\" height=\"21\" class=\"wp-image-3656\" style=\"width: 10px;\" src=\"http:\/\/kommentatorenblog.de\/wp-content\/uploads\/2020\/09\/shure-55sh-ii-e1601485394796.jpg\" alt=\"\" srcset=\"http:\/\/kommentatorenblog.de\/wp-content\/uploads\/2020\/09\/shure-55sh-ii-e1601485394796.jpg 415w, http:\/\/kommentatorenblog.de\/wp-content\/uploads\/2020\/09\/shure-55sh-ii-e1601485394796-142x300.jpg 142w\" sizes=\"auto, (max-width: 10px) 100vw, 10px\" \/> Joachim Hebel<\/p>\n\n\n\n<p><span style=\"text-decoration: underline;\">Samstag, 07. November 2020, ab 13.20 Uhr (Sky)<\/span><\/p>\n\n\n\n<p><strong><em>FC Everton<\/em><\/strong> <strong><em>\u2013<\/em><\/strong> <strong><em>Manchester United (13.30 Uhr)<\/em><\/strong><\/p>\n\n\n\n<p><img loading=\"lazy\" decoding=\"async\" width=\"10\" height=\"21\" class=\"wp-image-3656\" style=\"width: 10px;\" src=\"http:\/\/kommentatorenblog.de\/wp-content\/uploads\/2020\/09\/shure-55sh-ii-e1601485394796.jpg\" alt=\"\" srcset=\"http:\/\/kommentatorenblog.de\/wp-content\/uploads\/2020\/09\/shure-55sh-ii-e1601485394796.jpg 415w, http:\/\/kommentatorenblog.de\/wp-content\/uploads\/2020\/09\/shure-55sh-ii-e1601485394796-142x300.jpg 142w\" sizes=\"auto, (max-width: 10px) 100vw, 10px\" \/> Roland Evers <\/p>\n\n\n\n<p><span style=\"text-decoration: underline;\">ab 15.50 Uhr (Sky)<\/span><\/p>\n\n\n\n<p><strong><em>Crystal Palace<\/em><\/strong> <strong><em>\u2013<\/em><\/strong> <strong><em>Leeds United (16.00 Uhr)<\/em><\/strong><\/p>\n\n\n\n<p><img loading=\"lazy\" decoding=\"async\" width=\"10\" height=\"21\" class=\"wp-image-3656\" style=\"width: 10px;\" src=\"http:\/\/kommentatorenblog.de\/wp-content\/uploads\/2020\/09\/shure-55sh-ii-e1601485394796.jpg\" alt=\"\" srcset=\"http:\/\/kommentatorenblog.de\/wp-content\/uploads\/2020\/09\/shure-55sh-ii-e1601485394796.jpg 415w, http:\/\/kommentatorenblog.de\/wp-content\/uploads\/2020\/09\/shure-55sh-ii-e1601485394796-142x300.jpg 142w\" sizes=\"auto, (max-width: 10px) 100vw, 10px\" \/> Hannes Herrmann<\/p>\n\n\n\n<p><span style=\"text-decoration: underline;\">ab 18.20 Uhr (Sky)<\/span><\/p>\n\n\n\n<p><strong><em>FC Chelsea <\/em><\/strong><strong><em>\u2013<\/em><\/strong> <strong><em>Sheffield United (18.30 Uhr)<\/em><\/strong><\/p>\n\n\n\n<p><img loading=\"lazy\" decoding=\"async\" width=\"10\" height=\"21\" class=\"wp-image-3656\" style=\"width: 10px;\" src=\"http:\/\/kommentatorenblog.de\/wp-content\/uploads\/2020\/09\/shure-55sh-ii-e1601485394796.jpg\" alt=\"\" srcset=\"http:\/\/kommentatorenblog.de\/wp-content\/uploads\/2020\/09\/shure-55sh-ii-e1601485394796.jpg 415w, http:\/\/kommentatorenblog.de\/wp-content\/uploads\/2020\/09\/shure-55sh-ii-e1601485394796-142x300.jpg 142w\" sizes=\"auto, (max-width: 10px) 100vw, 10px\" \/> Sven Schr\u00f6ter<\/p>\n\n\n\n<p><span style=\"text-decoration: underline;\">ab 20.50 Uhr (Sky)<\/span><\/p>\n\n\n\n<p><strong><em>West Ham United \u2013<\/em><\/strong> <strong><em>FC Fulham (21.00 Uhr)<\/em><\/strong><\/p>\n\n\n\n<p><img loading=\"lazy\" decoding=\"async\" width=\"10\" height=\"21\" class=\"wp-image-3656\" style=\"width: 10px;\" src=\"http:\/\/kommentatorenblog.de\/wp-content\/uploads\/2020\/09\/shure-55sh-ii-e1601485394796.jpg\" alt=\"\" srcset=\"http:\/\/kommentatorenblog.de\/wp-content\/uploads\/2020\/09\/shure-55sh-ii-e1601485394796.jpg 415w, http:\/\/kommentatorenblog.de\/wp-content\/uploads\/2020\/09\/shure-55sh-ii-e1601485394796-142x300.jpg 142w\" sizes=\"auto, (max-width: 10px) 100vw, 10px\" \/> Markus Gaupp <\/p>\n\n\n\n<p><span style=\"text-decoration: underline;\">Sonntag, 08. November 2020, ab 12.50 Uhr (Sky)<\/span><\/p>\n\n\n\n<p><strong><em>West Bromwich Albion<\/em><\/strong> <strong><em>\u2013<\/em><\/strong> <strong><em>Tottenham Hotspur (13.00 Uhr)<\/em><\/strong><\/p>\n\n\n\n<p><img loading=\"lazy\" decoding=\"async\" width=\"10\" height=\"21\" class=\"wp-image-3656\" style=\"width: 10px;\" src=\"http:\/\/kommentatorenblog.de\/wp-content\/uploads\/2020\/09\/shure-55sh-ii-e1601485394796.jpg\" alt=\"\" srcset=\"http:\/\/kommentatorenblog.de\/wp-content\/uploads\/2020\/09\/shure-55sh-ii-e1601485394796.jpg 415w, http:\/\/kommentatorenblog.de\/wp-content\/uploads\/2020\/09\/shure-55sh-ii-e1601485394796-142x300.jpg 142w\" sizes=\"auto, (max-width: 10px) 100vw, 10px\" \/> Hannes Herrmann <\/p>\n\n\n\n<p><span style=\"text-decoration: underline;\">ab 14.55 Uhr (Sky)<\/span><\/p>\n\n\n\n<p><strong><em>Leicester City \u2013<\/em><\/strong> <strong><em>Wolverhampton Wanderers (15.00 Uhr)<\/em><\/strong><\/p>\n\n\n\n<p><img loading=\"lazy\" decoding=\"async\" width=\"10\" height=\"21\" class=\"wp-image-3656\" style=\"width: 10px;\" src=\"http:\/\/kommentatorenblog.de\/wp-content\/uploads\/2020\/09\/shure-55sh-ii-e1601485394796.jpg\" alt=\"\" srcset=\"http:\/\/kommentatorenblog.de\/wp-content\/uploads\/2020\/09\/shure-55sh-ii-e1601485394796.jpg 415w, http:\/\/kommentatorenblog.de\/wp-content\/uploads\/2020\/09\/shure-55sh-ii-e1601485394796-142x300.jpg 142w\" sizes=\"auto, (max-width: 10px) 100vw, 10px\" \/> Markus G\u00f6tz <\/p>\n\n\n\n<p><span style=\"text-decoration: underline;\">ab 17.00 Uhr (Sky)<\/span><\/p>\n\n\n\n<p><strong><em>Manchester City <\/em><\/strong><strong><em>\u2013<\/em><\/strong> <strong><em>FC Liverpool (17.30 Uhr)<\/em><\/strong><\/p>\n\n\n\n<p><img loading=\"lazy\" decoding=\"async\" width=\"10\" height=\"21\" class=\"wp-image-3656\" style=\"width: 10px;\" src=\"http:\/\/kommentatorenblog.de\/wp-content\/uploads\/2020\/09\/shure-55sh-ii-e1601485394796.jpg\" alt=\"\" srcset=\"http:\/\/kommentatorenblog.de\/wp-content\/uploads\/2020\/09\/shure-55sh-ii-e1601485394796.jpg 415w, http:\/\/kommentatorenblog.de\/wp-content\/uploads\/2020\/09\/shure-55sh-ii-e1601485394796-142x300.jpg 142w\" sizes=\"auto, (max-width: 10px) 100vw, 10px\" \/> Florian Schmidt-Sommerfeld, Experte: Ren\u00e9 Adler <br><br><span style=\"text-decoration: underline;\">ab 20.05 Uhr (Sky)<\/span><\/p>\n\n\n\n<p><strong><em>FC Arsenal \u2013<\/em><\/strong> <strong><em>Aston Villa (20.15 Uhr)<\/em><\/strong><\/p>\n\n\n\n<p><img loading=\"lazy\" decoding=\"async\" width=\"10\" height=\"21\" class=\"wp-image-3656\" style=\"width: 10px;\" src=\"http:\/\/kommentatorenblog.de\/wp-content\/uploads\/2020\/09\/shure-55sh-ii-e1601485394796.jpg\" alt=\"\" srcset=\"http:\/\/kommentatorenblog.de\/wp-content\/uploads\/2020\/09\/shure-55sh-ii-e1601485394796.jpg 415w, http:\/\/kommentatorenblog.de\/wp-content\/uploads\/2020\/09\/shure-55sh-ii-e1601485394796-142x300.jpg 142w\" sizes=\"auto, (max-width: 10px) 100vw, 10px\" \/> Joachim Hebel <\/p>\n\n\n\n<hr class=\"wp-block-separator\"\/>\n\n\n\n<p><strong>La Liga, 09. Spieltag (DAZN)<\/strong><\/p>\n\n\n\n<p><span style=\"text-decoration: underline;\">Samstag, 07. November 2020<\/span><\/p>\n\n\n\n<p><span style=\"text-decoration: underline;\">ab 16.00 Uhr<\/span><\/p>\n\n\n\n<p><strong><em>FC Barcelona \u2013 Real Betis (16.15 Uhr)<\/em><\/strong><\/p>\n\n\n\n<p><img loading=\"lazy\" decoding=\"async\" width=\"10\" height=\"21\" class=\"wp-image-3656\" style=\"width: 10px;\" src=\"http:\/\/kommentatorenblog.de\/wp-content\/uploads\/2020\/09\/shure-55sh-ii-e1601485394796.jpg\" alt=\"\" srcset=\"http:\/\/kommentatorenblog.de\/wp-content\/uploads\/2020\/09\/shure-55sh-ii-e1601485394796.jpg 415w, http:\/\/kommentatorenblog.de\/wp-content\/uploads\/2020\/09\/shure-55sh-ii-e1601485394796-142x300.jpg 142w\" sizes=\"auto, (max-width: 10px) 100vw, 10px\" \/> Jan Platte, Experte: Ralph Gunesch  <\/p>\n\n\n\n<p>Moderator: Daniel Herzog<\/p>\n\n\n\n<p><strong><em>FC Sevilla \u2013 <\/em><\/strong><strong><em>CA Osasuna<\/em><\/strong> <strong><em>(18.30 Uhr)<\/em><\/strong><\/p>\n\n\n\n<p><img loading=\"lazy\" decoding=\"async\" width=\"10\" height=\"21\" class=\"wp-image-3656\" style=\"width: 10px;\" src=\"http:\/\/kommentatorenblog.de\/wp-content\/uploads\/2020\/09\/shure-55sh-ii-e1601485394796.jpg\" alt=\"\" srcset=\"http:\/\/kommentatorenblog.de\/wp-content\/uploads\/2020\/09\/shure-55sh-ii-e1601485394796.jpg 415w, http:\/\/kommentatorenblog.de\/wp-content\/uploads\/2020\/09\/shure-55sh-ii-e1601485394796-142x300.jpg 142w\" sizes=\"auto, (max-width: 10px) 100vw, 10px\" \/> Claus M\u00fcller <\/p>\n\n\n\n<p><em><strong>Atl\u00e9tico Madrid \u2013 FC Cadiz (21.00 Uhr)<\/strong><\/em><\/p>\n\n\n\n<p><img loading=\"lazy\" decoding=\"async\" width=\"10\" height=\"21\" class=\"wp-image-3656\" style=\"width: 10px;\" src=\"http:\/\/kommentatorenblog.de\/wp-content\/uploads\/2020\/09\/shure-55sh-ii-e1601485394796.jpg\" alt=\"\" srcset=\"http:\/\/kommentatorenblog.de\/wp-content\/uploads\/2020\/09\/shure-55sh-ii-e1601485394796.jpg 415w, http:\/\/kommentatorenblog.de\/wp-content\/uploads\/2020\/09\/shure-55sh-ii-e1601485394796-142x300.jpg 142w\" sizes=\"auto, (max-width: 10px) 100vw, 10px\" \/> Flo Hauser <\/p>\n\n\n\n<p><span style=\"text-decoration: underline;\">Sonntag, 08. November 2020<\/span><\/p>\n\n\n\n<p><strong><em>FC Getafe \u2013 FC Villareal (14.00 Uhr)<\/em><\/strong><\/p>\n\n\n\n<p><img loading=\"lazy\" decoding=\"async\" width=\"10\" height=\"21\" class=\"wp-image-3656\" style=\"width: 10px;\" src=\"http:\/\/kommentatorenblog.de\/wp-content\/uploads\/2020\/09\/shure-55sh-ii-e1601485394796.jpg\" alt=\"\" srcset=\"http:\/\/kommentatorenblog.de\/wp-content\/uploads\/2020\/09\/shure-55sh-ii-e1601485394796.jpg 415w, http:\/\/kommentatorenblog.de\/wp-content\/uploads\/2020\/09\/shure-55sh-ii-e1601485394796-142x300.jpg 142w\" sizes=\"auto, (max-width: 10px) 100vw, 10px\" \/> Lukas Sch\u00f6nm\u00fcller, Experte: Benny Lauth <\/p>\n\n\n\n<p><strong><em>Real Sociedad \u2013 FC Granada (16.15 Uhr)<\/em><\/strong><\/p>\n\n\n\n<p><img loading=\"lazy\" decoding=\"async\" width=\"10\" height=\"21\" class=\"wp-image-3656\" style=\"width: 10px;\" src=\"http:\/\/kommentatorenblog.de\/wp-content\/uploads\/2020\/09\/shure-55sh-ii-e1601485394796.jpg\" alt=\"\" srcset=\"http:\/\/kommentatorenblog.de\/wp-content\/uploads\/2020\/09\/shure-55sh-ii-e1601485394796.jpg 415w, http:\/\/kommentatorenblog.de\/wp-content\/uploads\/2020\/09\/shure-55sh-ii-e1601485394796-142x300.jpg 142w\" sizes=\"auto, (max-width: 10px) 100vw, 10px\" \/> Ruben Zimmermann <\/p>\n\n\n\n<p><span style=\"text-decoration: underline;\">ab 20.45 Uhr<\/span><\/p>\n\n\n\n<p><strong><em>FC Valencia \u2013 Real Madrid (21.00 Uhr)<\/em><\/strong><\/p>\n\n\n\n<p><img loading=\"lazy\" decoding=\"async\" width=\"10\" height=\"21\" class=\"wp-image-3656\" style=\"width: 10px;\" src=\"http:\/\/kommentatorenblog.de\/wp-content\/uploads\/2020\/09\/shure-55sh-ii-e1601485394796.jpg\" alt=\"\" srcset=\"http:\/\/kommentatorenblog.de\/wp-content\/uploads\/2020\/09\/shure-55sh-ii-e1601485394796.jpg 415w, http:\/\/kommentatorenblog.de\/wp-content\/uploads\/2020\/09\/shure-55sh-ii-e1601485394796-142x300.jpg 142w\" sizes=\"auto, (max-width: 10px) 100vw, 10px\" \/> Marco Hagemann, Experte: Sebastian Knei\u00dfl<\/p>\n\n\n\n<p>Moderator: Guido H\u00fcsgen <\/p>\n\n\n\n<hr class=\"wp-block-separator\"\/>\n\n\n\n<p><strong>Serie A, 07. Spieltag (DAZN)<\/strong><\/p>\n\n\n\n<p><span style=\"text-decoration: underline;\">Freitag, 06. November 2020<\/span><\/p>\n\n\n\n<p><strong><em>Sassuolo Calcio \u2013 Udinese Calcio (20.45 Uhr)<\/em><\/strong><\/p>\n\n\n\n<p><img loading=\"lazy\" decoding=\"async\" width=\"10\" height=\"21\" class=\"wp-image-3656\" style=\"width: 10px;\" src=\"http:\/\/kommentatorenblog.de\/wp-content\/uploads\/2020\/09\/shure-55sh-ii-e1601485394796.jpg\" alt=\"\" srcset=\"http:\/\/kommentatorenblog.de\/wp-content\/uploads\/2020\/09\/shure-55sh-ii-e1601485394796.jpg 415w, http:\/\/kommentatorenblog.de\/wp-content\/uploads\/2020\/09\/shure-55sh-ii-e1601485394796-142x300.jpg 142w\" sizes=\"auto, (max-width: 10px) 100vw, 10px\" \/> Tobi Fischbeck  <\/p>\n\n\n\n<p><span style=\"text-decoration: underline;\">Samstag, 07. November 2020<\/span><\/p>\n\n\n\n<p><strong><em>Parma Calcio \u2013 AC Florenz (20.45 Uhr)<\/em><\/strong><\/p>\n\n\n\n<p><img loading=\"lazy\" decoding=\"async\" width=\"10\" height=\"21\" class=\"wp-image-3656\" style=\"width: 10px;\" src=\"http:\/\/kommentatorenblog.de\/wp-content\/uploads\/2020\/09\/shure-55sh-ii-e1601485394796.jpg\" alt=\"\" srcset=\"http:\/\/kommentatorenblog.de\/wp-content\/uploads\/2020\/09\/shure-55sh-ii-e1601485394796.jpg 415w, http:\/\/kommentatorenblog.de\/wp-content\/uploads\/2020\/09\/shure-55sh-ii-e1601485394796-142x300.jpg 142w\" sizes=\"auto, (max-width: 10px) 100vw, 10px\" \/> Fabian Pavlakovic<\/p>\n\n\n\n<p><span style=\"text-decoration: underline;\">Sonntag, 09. November 2020 <\/span><\/p>\n\n\n\n<p><span style=\"text-decoration: underline;\">ab 12.15 Uhr<\/span><\/p>\n\n\n\n<p><strong><em>Lazio Rom \u2013 Juventus Turin (12.30 Uhr)<\/em><\/strong><\/p>\n\n\n\n<p><img loading=\"lazy\" decoding=\"async\" width=\"10\" height=\"21\" class=\"wp-image-3656\" style=\"width: 10px;\" src=\"http:\/\/kommentatorenblog.de\/wp-content\/uploads\/2020\/09\/shure-55sh-ii-e1601485394796.jpg\" alt=\"\" srcset=\"http:\/\/kommentatorenblog.de\/wp-content\/uploads\/2020\/09\/shure-55sh-ii-e1601485394796.jpg 415w, http:\/\/kommentatorenblog.de\/wp-content\/uploads\/2020\/09\/shure-55sh-ii-e1601485394796-142x300.jpg 142w\" sizes=\"auto, (max-width: 10px) 100vw, 10px\" \/> Carsten Fu\u00df, Experte: Christian Bernhard<\/p>\n\n\n\n<p>Moderator: Sebastian Benesch<\/p>\n\n\n\n<p><strong><em>Atalanta Bergamo \u2013 Inter Mailand (15.00 Uhr)<\/em><\/strong><\/p>\n\n\n\n<p><img loading=\"lazy\" decoding=\"async\" width=\"10\" height=\"21\" class=\"wp-image-3656\" style=\"width: 10px;\" src=\"http:\/\/kommentatorenblog.de\/wp-content\/uploads\/2020\/09\/shure-55sh-ii-e1601485394796.jpg\" alt=\"\" srcset=\"http:\/\/kommentatorenblog.de\/wp-content\/uploads\/2020\/09\/shure-55sh-ii-e1601485394796.jpg 415w, http:\/\/kommentatorenblog.de\/wp-content\/uploads\/2020\/09\/shure-55sh-ii-e1601485394796-142x300.jpg 142w\" sizes=\"auto, (max-width: 10px) 100vw, 10px\" \/> Christoph Stadtler, Experte: Michi Hofmann <\/p>\n\n\n\n<p><strong><em>CFC Genua \u2013 AS Rom (15.00 Uhr)<\/em><\/strong><\/p>\n\n\n\n<p><img loading=\"lazy\" decoding=\"async\" width=\"10\" height=\"21\" class=\"wp-image-3656\" style=\"width: 10px;\" src=\"http:\/\/kommentatorenblog.de\/wp-content\/uploads\/2020\/09\/shure-55sh-ii-e1601485394796.jpg\" alt=\"\" srcset=\"http:\/\/kommentatorenblog.de\/wp-content\/uploads\/2020\/09\/shure-55sh-ii-e1601485394796.jpg 415w, http:\/\/kommentatorenblog.de\/wp-content\/uploads\/2020\/09\/shure-55sh-ii-e1601485394796-142x300.jpg 142w\" sizes=\"auto, (max-width: 10px) 100vw, 10px\" \/> Christian Rupp  <\/p>\n\n\n\n<p><strong><em>FC Bologna \u2013 <\/em><\/strong> <strong><em>SSC Neapel<\/em><\/strong> <strong><em>(18.00 Uhr)<\/em><\/strong><\/p>\n\n\n\n<p><img loading=\"lazy\" decoding=\"async\" width=\"10\" height=\"21\" class=\"wp-image-3656\" style=\"width: 10px;\" src=\"http:\/\/kommentatorenblog.de\/wp-content\/uploads\/2020\/09\/shure-55sh-ii-e1601485394796.jpg\" alt=\"\" srcset=\"http:\/\/kommentatorenblog.de\/wp-content\/uploads\/2020\/09\/shure-55sh-ii-e1601485394796.jpg 415w, http:\/\/kommentatorenblog.de\/wp-content\/uploads\/2020\/09\/shure-55sh-ii-e1601485394796-142x300.jpg 142w\" sizes=\"auto, (max-width: 10px) 100vw, 10px\" \/> Daniel G\u00fcnther <\/p>\n\n\n\n<p><strong><em>AC Mailand \u2013 Hellas Verona (20.45 Uhr)<\/em><\/strong><\/p>\n\n\n\n<p><img loading=\"lazy\" decoding=\"async\" width=\"10\" height=\"21\" class=\"wp-image-3656\" style=\"width: 10px;\" src=\"http:\/\/kommentatorenblog.de\/wp-content\/uploads\/2020\/09\/shure-55sh-ii-e1601485394796.jpg\" alt=\"\" srcset=\"http:\/\/kommentatorenblog.de\/wp-content\/uploads\/2020\/09\/shure-55sh-ii-e1601485394796.jpg 415w, http:\/\/kommentatorenblog.de\/wp-content\/uploads\/2020\/09\/shure-55sh-ii-e1601485394796-142x300.jpg 142w\" sizes=\"auto, (max-width: 10px) 100vw, 10px\" \/> Tobi Fischbeck <\/p>\n\n\n\n<hr class=\"wp-block-separator\"\/>\n\n\n\n<p><strong>Ligue 1, 10. Spieltag (DAZN)<\/strong><\/p>\n\n\n\n<p><span style=\"text-decoration: underline;\">Samstag, 07. November 2020<\/span><\/p>\n\n\n\n<p><strong><em>Paris Saint-Germain \u2013 Stade Rennes (21.00 Uhr)<\/em><\/strong><\/p>\n\n\n\n<p><img loading=\"lazy\" decoding=\"async\" width=\"10\" height=\"21\" class=\"wp-image-3656\" style=\"width: 10px;\" src=\"http:\/\/kommentatorenblog.de\/wp-content\/uploads\/2020\/09\/shure-55sh-ii-e1601485394796.jpg\" alt=\"\" srcset=\"http:\/\/kommentatorenblog.de\/wp-content\/uploads\/2020\/09\/shure-55sh-ii-e1601485394796.jpg 415w, http:\/\/kommentatorenblog.de\/wp-content\/uploads\/2020\/09\/shure-55sh-ii-e1601485394796-142x300.jpg 142w\" sizes=\"auto, (max-width: 10px) 100vw, 10px\" \/> Stefan Galler, Experte: Alexis Menuge  <\/p>\n\n\n\n<p><span style=\"text-decoration: underline;\">Sonntag, 08. November 2020<\/span><\/p>\n\n\n\n<p><strong><em>OGC Nizza \u2013 AS Monaco (17.00 Uhr)<\/em><\/strong><\/p>\n\n\n\n<p><img loading=\"lazy\" decoding=\"async\" width=\"10\" height=\"21\" class=\"wp-image-3656\" style=\"width: 10px;\" src=\"http:\/\/kommentatorenblog.de\/wp-content\/uploads\/2020\/09\/shure-55sh-ii-e1601485394796.jpg\" alt=\"\" srcset=\"http:\/\/kommentatorenblog.de\/wp-content\/uploads\/2020\/09\/shure-55sh-ii-e1601485394796.jpg 415w, http:\/\/kommentatorenblog.de\/wp-content\/uploads\/2020\/09\/shure-55sh-ii-e1601485394796-142x300.jpg 142w\" sizes=\"auto, (max-width: 10px) 100vw, 10px\" \/> Matthias Naebers  <\/p>\n\n\n\n<p> <strong><em>Olympique Lyon<\/em><\/strong><strong><em> \u2013 AS Saint-Etienne (21.00 Uhr)<\/em><\/strong><\/p>\n\n\n\n<p><img loading=\"lazy\" decoding=\"async\" width=\"10\" height=\"21\" class=\"wp-image-3656\" style=\"width: 10px;\" src=\"http:\/\/kommentatorenblog.de\/wp-content\/uploads\/2020\/09\/shure-55sh-ii-e1601485394796.jpg\" alt=\"\" srcset=\"http:\/\/kommentatorenblog.de\/wp-content\/uploads\/2020\/09\/shure-55sh-ii-e1601485394796.jpg 415w, http:\/\/kommentatorenblog.de\/wp-content\/uploads\/2020\/09\/shure-55sh-ii-e1601485394796-142x300.jpg 142w\" sizes=\"auto, (max-width: 10px) 100vw, 10px\" \/> Martin Sedlacek <\/p>\n\n\n\n<hr class=\"wp-block-separator\"\/>\n\n\n\n<p><strong>Internationaler Fussball<\/strong> <strong>(Sportdigital FUSSBALL)<\/strong><\/p>\n\n\n\n<p><span style=\"text-decoration: underline;\">Freitag, 06. November 2020<\/span> <\/p>\n\n\n\n<p>Championship, 11. Spieltag: <strong><em>Cardiff City \u2013 Bristol City (19.00 Uhr)<\/em><\/strong><\/p>\n\n\n\n<p><img loading=\"lazy\" decoding=\"async\" width=\"10\" height=\"21\" class=\"wp-image-3656\" style=\"width: 10px;\" src=\"http:\/\/kommentatorenblog.de\/wp-content\/uploads\/2020\/09\/shure-55sh-ii-e1601485394796.jpg\" alt=\"\" srcset=\"http:\/\/kommentatorenblog.de\/wp-content\/uploads\/2020\/09\/shure-55sh-ii-e1601485394796.jpg 415w, http:\/\/kommentatorenblog.de\/wp-content\/uploads\/2020\/09\/shure-55sh-ii-e1601485394796-142x300.jpg 142w\" sizes=\"auto, (max-width: 10px) 100vw, 10px\" \/> Florian Obst  <\/p>\n\n\n\n<p><span style=\"text-decoration: underline;\">Samstag, 07. November 2020<\/span> <\/p>\n\n\n\n<p>Championship, 11. Spieltag:<strong><em> FC Reading \u2013 Stoke City (13.30 Uhr)<\/em><\/strong><\/p>\n\n\n\n<p><img loading=\"lazy\" decoding=\"async\" width=\"10\" height=\"21\" class=\"wp-image-3656\" style=\"width: 10px;\" src=\"http:\/\/kommentatorenblog.de\/wp-content\/uploads\/2020\/09\/shure-55sh-ii-e1601485394796.jpg\" alt=\"\" srcset=\"http:\/\/kommentatorenblog.de\/wp-content\/uploads\/2020\/09\/shure-55sh-ii-e1601485394796.jpg 415w, http:\/\/kommentatorenblog.de\/wp-content\/uploads\/2020\/09\/shure-55sh-ii-e1601485394796-142x300.jpg 142w\" sizes=\"auto, (max-width: 10px) 100vw, 10px\" \/> Arne Malsch<\/p>\n\n\n\n<p>Championship, 11. Spieltag: <strong><em>Nottingham Forest \u2013 Wycombe Wanderers (16.00 Uhr)<\/em><\/strong><\/p>\n\n\n\n<p><img loading=\"lazy\" decoding=\"async\" width=\"10\" height=\"21\" class=\"wp-image-3656\" style=\"width: 10px;\" src=\"http:\/\/kommentatorenblog.de\/wp-content\/uploads\/2020\/09\/shure-55sh-ii-e1601485394796.jpg\" alt=\"\" srcset=\"http:\/\/kommentatorenblog.de\/wp-content\/uploads\/2020\/09\/shure-55sh-ii-e1601485394796.jpg 415w, http:\/\/kommentatorenblog.de\/wp-content\/uploads\/2020\/09\/shure-55sh-ii-e1601485394796-142x300.jpg 142w\" sizes=\"auto, (max-width: 10px) 100vw, 10px\" \/> Florian Obst <\/p>\n\n\n\n<p>Ekstraklasa, 09. Spieltag: <strong><em>Lechia Gdansk \u2013<\/em><\/strong> <strong><em>Slask Wroclaw (20.00 Uhr)<\/em><\/strong><\/p>\n\n\n\n<p><img loading=\"lazy\" decoding=\"async\" width=\"10\" height=\"21\" class=\"wp-image-3656\" style=\"width: 10px;\" src=\"http:\/\/kommentatorenblog.de\/wp-content\/uploads\/2020\/09\/shure-55sh-ii-e1601485394796.jpg\" alt=\"\" srcset=\"http:\/\/kommentatorenblog.de\/wp-content\/uploads\/2020\/09\/shure-55sh-ii-e1601485394796.jpg 415w, http:\/\/kommentatorenblog.de\/wp-content\/uploads\/2020\/09\/shure-55sh-ii-e1601485394796-142x300.jpg 142w\" sizes=\"auto, (max-width: 10px) 100vw, 10px\" \/> Christian Blunck   <\/p>\n\n\n\n<p>Liga NOS, 07. Spieltag: <strong><em>Vitoria Guimaraes \u2013 Sporting Lissabon (21.30 Uhr)<\/em><\/strong><\/p>\n\n\n\n<p><img loading=\"lazy\" decoding=\"async\" width=\"10\" height=\"21\" class=\"wp-image-3656\" style=\"width: 10px;\" src=\"http:\/\/kommentatorenblog.de\/wp-content\/uploads\/2020\/09\/shure-55sh-ii-e1601485394796.jpg\" alt=\"\" srcset=\"http:\/\/kommentatorenblog.de\/wp-content\/uploads\/2020\/09\/shure-55sh-ii-e1601485394796.jpg 415w, http:\/\/kommentatorenblog.de\/wp-content\/uploads\/2020\/09\/shure-55sh-ii-e1601485394796-142x300.jpg 142w\" sizes=\"auto, (max-width: 10px) 100vw, 10px\" \/> Karsten Linke  <\/p>\n\n\n\n<p><span style=\"text-decoration: underline;\">Sonntag, 08. November <\/span><\/p>\n\n\n\n<p>Eredivisie, 08. Spieltag: <strong><em>FC Utrecht \u2013<\/em><\/strong> <strong><em>Ajax Amsterdam (12.15 Uhr)<\/em><\/strong><\/p>\n\n\n\n<p><img loading=\"lazy\" decoding=\"async\" width=\"10\" height=\"21\" class=\"wp-image-3656\" style=\"width: 10px;\" src=\"http:\/\/kommentatorenblog.de\/wp-content\/uploads\/2020\/09\/shure-55sh-ii-e1601485394796.jpg\" alt=\"\" srcset=\"http:\/\/kommentatorenblog.de\/wp-content\/uploads\/2020\/09\/shure-55sh-ii-e1601485394796.jpg 415w, http:\/\/kommentatorenblog.de\/wp-content\/uploads\/2020\/09\/shure-55sh-ii-e1601485394796-142x300.jpg 142w\" sizes=\"auto, (max-width: 10px) 100vw, 10px\" \/> Karsten Linke <\/p>\n\n\n\n<p>Chinese Super League, Finale, Hinspiel: <strong><em>Jiangsu Suning \u2013<\/em><\/strong> <strong><em>Guangzhou Evergrande (12.30 Uhr)<\/em><\/strong><\/p>\n\n\n\n<p><img loading=\"lazy\" decoding=\"async\" width=\"10\" height=\"21\" class=\"wp-image-3656\" style=\"width: 10px;\" src=\"http:\/\/kommentatorenblog.de\/wp-content\/uploads\/2020\/09\/shure-55sh-ii-e1601485394796.jpg\" alt=\"\" srcset=\"http:\/\/kommentatorenblog.de\/wp-content\/uploads\/2020\/09\/shure-55sh-ii-e1601485394796.jpg 415w, http:\/\/kommentatorenblog.de\/wp-content\/uploads\/2020\/09\/shure-55sh-ii-e1601485394796-142x300.jpg 142w\" sizes=\"auto, (max-width: 10px) 100vw, 10px\" \/> Christian Blunck <\/p>\n\n\n\n<p>Eredivisie, 08. Spieltag: <strong><em>Feyenoord Rotterdam \u2013<\/em><\/strong> <strong><em>FC Groningen (14.30 Uhr) <\/em><\/strong><\/p>\n\n\n\n<p><img loading=\"lazy\" decoding=\"async\" width=\"10\" height=\"21\" class=\"wp-image-3656\" style=\"width: 10px;\" src=\"http:\/\/kommentatorenblog.de\/wp-content\/uploads\/2020\/09\/shure-55sh-ii-e1601485394796.jpg\" alt=\"\" srcset=\"http:\/\/kommentatorenblog.de\/wp-content\/uploads\/2020\/09\/shure-55sh-ii-e1601485394796.jpg 415w, http:\/\/kommentatorenblog.de\/wp-content\/uploads\/2020\/09\/shure-55sh-ii-e1601485394796-142x300.jpg 142w\" sizes=\"auto, (max-width: 10px) 100vw, 10px\" \/> Ulf Kahmke   <\/p>\n\n\n\n<p><span style=\"text-decoration: underline;\">ab 18.25 Uhr <em><strong>Interligenkonferenz (Eredivisie + Liga NOS)<\/strong><\/em><\/span><\/p>\n\n\n\n<p>Liga NOS, 07. Spieltag: <strong><em>FC Porto \u2013<\/em><\/strong> <strong><em>Portimonense SC (18.30 Uhr)<\/em><\/strong><\/p>\n\n\n\n<p><img loading=\"lazy\" decoding=\"async\" width=\"10\" height=\"21\" class=\"wp-image-3656\" style=\"width: 10px;\" src=\"http:\/\/kommentatorenblog.de\/wp-content\/uploads\/2020\/09\/shure-55sh-ii-e1601485394796.jpg\" alt=\"\" srcset=\"http:\/\/kommentatorenblog.de\/wp-content\/uploads\/2020\/09\/shure-55sh-ii-e1601485394796.jpg 415w, http:\/\/kommentatorenblog.de\/wp-content\/uploads\/2020\/09\/shure-55sh-ii-e1601485394796-142x300.jpg 142w\" sizes=\"auto, (max-width: 10px) 100vw, 10px\" \/> Karsten Linke  <\/p>\n\n\n\n<p>Eredivisie, 08. Spieltag: <em><strong>PSV Eindhoven \u2013 Willem II Tilburg <\/strong><\/em><em><strong>(20.00 Uhr)<\/strong><\/em><\/p>\n\n\n\n<p><img loading=\"lazy\" decoding=\"async\" width=\"10\" height=\"21\" class=\"wp-image-3656\" style=\"width: 10px;\" src=\"http:\/\/kommentatorenblog.de\/wp-content\/uploads\/2020\/09\/shure-55sh-ii-e1601485394796.jpg\" alt=\"\" srcset=\"http:\/\/kommentatorenblog.de\/wp-content\/uploads\/2020\/09\/shure-55sh-ii-e1601485394796.jpg 415w, http:\/\/kommentatorenblog.de\/wp-content\/uploads\/2020\/09\/shure-55sh-ii-e1601485394796-142x300.jpg 142w\" sizes=\"auto, (max-width: 10px) 100vw, 10px\" \/> Christian Blunck   <\/p>\n\n\n\n<p>Liga NOS, 07. Spieltag: <strong><em>Benfica Lissabon \u2013 Sporting Braga (21.00 Uhr)<\/em><\/strong><\/p>\n\n\n\n<p><img loading=\"lazy\" decoding=\"async\" width=\"10\" height=\"21\" class=\"wp-image-3656\" style=\"width: 10px;\" src=\"http:\/\/kommentatorenblog.de\/wp-content\/uploads\/2020\/09\/shure-55sh-ii-e1601485394796.jpg\" alt=\"\" srcset=\"http:\/\/kommentatorenblog.de\/wp-content\/uploads\/2020\/09\/shure-55sh-ii-e1601485394796.jpg 415w, http:\/\/kommentatorenblog.de\/wp-content\/uploads\/2020\/09\/shure-55sh-ii-e1601485394796-142x300.jpg 142w\" sizes=\"auto, (max-width: 10px) 100vw, 10px\" \/> Arne Malsch <\/p>\n\n\n\n<hr class=\"wp-block-separator\"\/>\n\n\n\n<p><strong>Die Analyse<\/strong><\/p>\n\n\n\n<p><strong>Bundesliga ohne Gespr\u00e4chsgast<\/strong><\/p>\n\n\n\n<p>Den Auftakt des siebten Spieltags der Fu\u00dfball-Bundesliga bestreiten der SV Werder Bremen und der 1.FC K\u00f6ln \u2013 morgen Abend live auf <strong>DAZN<\/strong>. Das beliebte Duo Hagemann\/Gunesch \u00fcbernimmt. Kommentator<strong> Hagemann<\/strong>, der ja letzte Woche Sonntag (Getafe-Valencia) und Montag (Zusammenfassung bei Nitro statt Hoffenheim-Union) bei zwei Live-Spiel-Eins\u00e4tzen auf DAZN herausgetragen wurde, spult trotzdem ein ordentliches Pensum ab. Dienstag kommentierte er ja M\u00b4gladbach in der Champions League und heute Hoffenheim in der Europa League. Ohne unseren Gespr\u00e4chsgast Alex Schl\u00fcter kommt das On-Air-Team auch diese Woche aus. Stattdessen moderiert <strong>Daniel Herzog<\/strong> die Sendung. \u201eBremen-Sympathisant\u201c <strong>Mario Rieker<\/strong> macht sich f\u00fcr die Interviews auf den Weg  ins Bremer Weser-Stadion.<\/p>\n\n\n\n<p><strong>Die Ruhe vor dem Sturm<\/strong><\/p>\n\n\n\n<p>Der Samstagnachmittag kommt bei Sky ohne die gro\u00dfen Spiele daher. Aber: Es gibt mal wieder eine <strong>F\u00fcnfer-Konferenz<\/strong>. Quantit\u00e4t statt Qualit\u00e4t also :D. Die Konferenz-Kommentatoren um <strong>Dahlmann, Pfandt &amp; Co<\/strong>. stehen f\u00fcr Erfahrung pur. Mit Leipzig ist nur ein CL-Teilnehmer am Werk. Die Ansetzungen von <strong>Buschmann<\/strong> (Konferenz) von <strong>Seidler<\/strong> (Einzelspiel) ist logisch. SSN-Chefreporter <strong>Marc Behrenbeck<\/strong>, der vergangene Woche bereits als Field-Reporter in Berlin im Einsatz war, reist diese Woche nach Leipzig. Derweil richtet sich der Fokus der Fans wohl auf das Duell der Tabellenletzten. <strong>Tom Bayer<\/strong> f\u00e4hrt nach Mainz, um sich das Duell der Gastgeber gegen den FC Schalke 04 anzuschauen. <strong>Martin Gro\u00df<\/strong>, der letzte Woche ohne CL-Einsatz blieb, zieht\u00b4s zum VfB nach Stuttgart. Und nachdem <strong>Ulli Potofski<\/strong> beim Sieg der Dortmunder in Bielefeld mMn etwas komische Fragen gestellt hat, kann sich die Legende am Samstag in Stuttgart probieren \u2013 zwei Top-Eins\u00e4tze f\u00fcr Potofski. Keine Seltenheit besitzen Ansetzungen von <strong>Friedrich\/Erkenbrecher<\/strong> in Augsburg und <strong>Born\/Westen<\/strong> in Berlin.  <\/p>\n\n\n\n<p><strong>Kleine \u00dcberraschung beim deutschen\nKlassiker<\/strong><\/p>\n\n\n\n<p>Nat\u00fcrlich kommentiert <strong>Wolff Fuss<\/strong> #BVBFCB. Und nat\u00fcrlich sind<strong> Sebastian Hellmann <\/strong>und<strong> Lothar Matth\u00e4us<\/strong> im Studio zu Gange. Die kleine \u00dcberraschung finden wir auf der Position des Field-Reporters. <strong>Esther Sedlaczek <\/strong>und nicht <strong>Patrick Wasserziehr<\/strong>, der eigentlich mit einem Dauer-Abo bei Spielen dieser Art ausgestattet ist, f\u00fchrt die Interviews. Grund: Die neue Sendezeit von Sky90. Wasserziehr muss am n\u00e4chsten Morgen, ca. 14 Stunden nach \u00dcbertragungsende von Dortmund gegen Bayern, eben jene Talkshow moderieren. Das w\u00e4re unn\u00f6tig kompliziert geworden.  <\/p>\n\n\n\n<p><strong>West-Duell mit West-Duo<\/strong><\/p>\n\n\n\n<p>Mittlerweile w\u00fcrden wir es ja eher als \u00dcberraschung deklarieren, wenn <strong>Martin Gro\u00df<\/strong> und <strong>Marcus Lindemann<\/strong> an einem Bundesliga-Wochenende nicht einen Einsatz zusammen h\u00e4tten! Sonntag setzen sie beim West-Schlager zwischen Leverkusen und M\u00b4gladbach den Deckel auf den Spieltag. Zuvor kommentiert <strong>Hansi K\u00fcpper<\/strong>, wie bereits an Spieltag vier, ein Spiel am Sonntag. Wieder <strong>Britta Hofmann<\/strong> und Corona-R\u00fcckkehrer <strong>Dennis Aogo<\/strong> begr\u00fc\u00dfen uns ab 14.30 Uhr aus dem Studio in Unterf\u00f6hring.  <\/p>\n\n\n\n<p><strong>Doppelter Akber-Sade und\nMini-Comeback<\/strong><\/p>\n\n\n\n<p>Bei den Sky-Ansetzungen in der 2. Bundesliga f\u00e4llt vor allem der Doppeleinsatz von SSN-Reporter <strong>Christian Akber-Sade<\/strong> ins Auge \u2013 Freitag in Heidenheim und Samstag in N\u00fcrnberg. Zudem ist <strong>Klaus Veltmann<\/strong> der einzige Kommentator, der zwei Zweitligaeins\u00e4tze am Wochenende zu verzeichnen hat. <strong>Peter Hardenacke<\/strong> kann Samstag wieder moderieren, weil kein Formel1-Rennen ansteht. Ein Mini-Comeback feiert am Sonntag <strong>Ulli Potofski<\/strong> als Kommentator bei Regensburg gegen Osnabr\u00fcck. Potofski, der in den letzten Wochen haupts\u00e4chlich als Field-Reporter in der h\u00f6chsten deutschen Spielklasse gebraucht wurde, hat zuletzt am 29. Spieltag ein Einzelspiel kommentiert \u2013 ebenfalls mit der Beteiligung von Jahn Regensburg.<\/p>\n\n\n\n<p><strong>Moderationen bei Magenta Sport und SR im Fokus<\/strong><\/p>\n\n\n\n<p>In der 3. Liga findet sich bei den Kommentatoren-Ansetzungen nichts au\u00dfergew\u00f6hnliches. <strong>Paubandt<\/strong> und <strong>Stra\u00dfburger<\/strong> kommen doppelt zum Zug.  Mit Blick auf die Moderatoren l\u00e4sst sich festhalten, dass &#8222;Neuverpflichtung&#8220; <strong>Michael Augustin<\/strong> mMn zu seinem ersten Moderations-Einsatz f\u00fcr den Streamingdienst der Telekom kommt. Der Weg f\u00fchrt am Samstag nach Rostock. Hansa trifft auf T\u00fcrkg\u00fcc\u00fc &#8211; auch<strong> NDR<\/strong> und <strong>BR <\/strong>\u00fcbertragen. Dar\u00fcber hinaus moderiert der K\u00f6lner <strong>Thomas Wagner<\/strong> mal wieder in M\u00fcnchen. Und <strong>Cedric Pick<\/strong> moderiert Samstag und Montag f\u00fcr Magenta Sport. Dadurch, dass Saarbr\u00fccken gegen Dresden spielt, greift der <strong>SR<\/strong> mal wieder in Drittligaspiel ab. <\/p>\n\n\n\n<p><strong>Goodison Park und Gigantentreffen<\/strong><\/p>\n\n\n\n<p>In der Premier League bei Sky gibt\u00b4s Samstagnachmittag auf das Duell zwischen Everton und ManU &#8211; mit<strong> Roland Evers<\/strong> und der Kameraperspektive im Goodison Park wird\u00b4s eine perfekte Einstimmung auf den Bundesliga-Samstag. Wenn diese fr\u00fche Ansto\u00dfzeit ein &#8222;wohlklingendes&#8220; Spiel abwirft, schaue ich eigentlich immer rein. Wie bereits im letzten oder vorletzten Jahr?!, findet das <strong>Gigantentreffen <\/strong>zwischen Manchester City und dem FC Liverpool am gleichen Wochende wie der deutsche Klassiker statt. <strong>Schmiso<\/strong> begr\u00fc\u00dft am Sonntag mal wieder Ex-Nationaltorwart <strong>Ren\u00e9 Adler<\/strong> im Studio &#8211; wir freuen uns!<\/p>\n\n\n\n<p><strong>Topspiele in Italien und Interligenkonferenz<\/strong><\/p>\n\n\n\n<p>In LaLiga gibt\u00b4s keine &#8222;besonderen&#8220; Spiele oder \u00fcberraschende Ansetzungen. In Italien gibt\u00b4s zwei Topspiele. <strong>Fu\u00df <\/strong>und <strong>Bernhard<\/strong> machen Lazio-Juve. Hier kommt Sebastian Benesch mal wieder als Moderator zum Einsatz. <strong>Stadtler<\/strong> und <strong>Hofmann<\/strong> kommentieren Bergamo-Inter. Tobi Fischbeck sieht auf seinem Dienstplan zudem zwei SerieA-Spiele. <strong>Christian Rupp <\/strong>und <strong>Fabian Pavlakovic<\/strong> kommen hier auch mal wieder zu einem ihrer selteneren Eins\u00e4tze. <strong>Galler<\/strong> und <strong>Menuge<\/strong> machen das Spitzenspiel zwischen PSG und Rennes. Die weiteren Ansetzungen in der Ligue 1 lesen sich ganz normal. <\/p>\n\n\n\n<p>Bei <strong>sportdigital FUSSBALL<\/strong> ist am Wochenende ebenfalls wieder viel los! Dreimal sitzen <strong>Linke<\/strong> und <strong>Blunck<\/strong> am Mikro. Zudem bieten die Jungs aus Hamburg am Sonntag eine <strong>Interligenkonferenz<\/strong> an. <\/p>\n\n\n\n<p>Macht das Beste draus!  <\/p>\n","protected":false},"excerpt":{"rendered":"<p>Moderator und Kommentator Alex Schl\u00fcter ist das Gesicht des Streamingdienstes DAZN in Deutschland. In Teil 2 des exklusiven kommentatorenblog-Interviews sprechen wir \u00fcber seine pers\u00f6nlichen \u201eDAZN-Highlights\u201c, die NBA als Leidenschaft und die Ausrichtung seines Arbeitgebers \u2013 inklusive Ausblick auf die n\u00e4chste Rechteperiode. Au\u00dferdem verr\u00e4t uns Schl\u00fcter seinen beruflichen Zukunftstraum. * Teil 1 des Interviews gibt\u00b4s hier [&hellip;]<\/p>\n","protected":false},"author":3,"featured_media":0,"comment_status":"open","ping_status":"open","sticky":false,"template":"","format":"standard","meta":{"footnotes":""},"categories":[424],"tags":[20,10,49,178,73,60,131,256,56,382,164,57,384,35,171,212,13,338,30,251,55,97,14,356,89,61,182,32,380,104,25,48,213,347,69,26,93,59,53,159,79,158,31,9,368,43,112,243,95,176,17,385,383,114,88,113,29,23,84,45,189,98,222,127,22,81,134,344,154,33,152,85,289,107,196],"class_list":["post-4304","post","type-post","status-publish","format-standard","hentry","category-bundesliga-und-co","tag-2-bundesliga","tag-3-liga","tag-alex-schlueter","tag-br","tag-britta-hofmann","tag-bundesliga","tag-carsten-fuss","tag-cedric-pick","tag-chinese-super-league","tag-christian-akber-sade","tag-christian-bernhard","tag-christian-blunck","tag-christian-rupp","tag-christian-strassburger","tag-christoph-stadtler","tag-daniel-herzog","tag-dazn","tag-dennis-aogo","tag-didi-hamann","tag-ekstraklasa","tag-eredivisie","tag-esther-sedlaczek","tag-eurosport","tag-fabian-pavlakovic","tag-florian-schmidt-sommerfeld","tag-frank-buschmann","tag-frauen-bundesliga","tag-gari-paubandt","tag-gunesch","tag-hannes-herrmann","tag-hansi-kuepper","tag-jan-platte","tag-jens-westen","tag-joachim-hebel","tag-jonas-friedrich","tag-joerg-dahlmann","tag-kai-dittmann","tag-karsten-linke","tag-klaus-veltmann","tag-la-liga","tag-liga-nos","tag-ligue-1","tag-lothar-matthaeus","tag-magenta-sport","tag-marc-behrenbeck","tag-marco-hagemann","tag-marcus-lindemann","tag-mario-rieker","tag-martin-gross","tag-matthias-stach","tag-mdr","tag-menuge","tag-michael-augustin","tag-michael-born","tag-michael-leopold","tag-oliver-seidler","tag-peter-hardenacke","tag-premier-league","tag-rene-adler","tag-roland-evers","tag-sebastian-benesch","tag-sebastian-hellmann","tag-sebastian-kneissl","tag-serie-a","tag-sky","tag-sky-bet-championship","tag-sportdigital-fussball","tag-sr","tag-stefan-galler","tag-thomas-wagner","tag-tobi-fischbeck","tag-tom-bayer","tag-ulli-potofski","tag-wolff-fuss","tag-yannick-erkenbrecher"],"_links":{"self":[{"href":"http:\/\/kommentatorenblog.de\/index.php?rest_route=\/wp\/v2\/posts\/4304","targetHints":{"allow":["GET"]}}],"collection":[{"href":"http:\/\/kommentatorenblog.de\/index.php?rest_route=\/wp\/v2\/posts"}],"about":[{"href":"http:\/\/kommentatorenblog.de\/index.php?rest_route=\/wp\/v2\/types\/post"}],"author":[{"embeddable":true,"href":"http:\/\/kommentatorenblog.de\/index.php?rest_route=\/wp\/v2\/users\/3"}],"replies":[{"embeddable":true,"href":"http:\/\/kommentatorenblog.de\/index.php?rest_route=%2Fwp%2Fv2%2Fcomments&post=4304"}],"version-history":[{"count":89,"href":"http:\/\/kommentatorenblog.de\/index.php?rest_route=\/wp\/v2\/posts\/4304\/revisions"}],"predecessor-version":[{"id":4435,"href":"http:\/\/kommentatorenblog.de\/index.php?rest_route=\/wp\/v2\/posts\/4304\/revisions\/4435"}],"wp:attachment":[{"href":"http:\/\/kommentatorenblog.de\/index.php?rest_route=%2Fwp%2Fv2%2Fmedia&parent=4304"}],"wp:term":[{"taxonomy":"category","embeddable":true,"href":"http:\/\/kommentatorenblog.de\/index.php?rest_route=%2Fwp%2Fv2%2Fcategories&post=4304"},{"taxonomy":"post_tag","embeddable":true,"href":"http:\/\/kommentatorenblog.de\/index.php?rest_route=%2Fwp%2Fv2%2Ftags&post=4304"}],"curies":[{"name":"wp","href":"https:\/\/api.w.org\/{rel}","templated":true}]}}