{"id":4442,"date":"2020-11-12T18:46:30","date_gmt":"2020-11-12T18:46:30","guid":{"rendered":"http:\/\/kommentatorenblog.de\/?p=4442"},"modified":"2020-12-30T16:00:15","modified_gmt":"2020-12-30T16:00:15","slug":"1124-magenta-sport-cup-ruft-eishockey-auf-den-plan","status":"publish","type":"post","link":"http:\/\/kommentatorenblog.de\/?p=4442","title":{"rendered":"1124 &#8211; Magenta Sport Cup ruft Eishockey auf den Plan"},"content":{"rendered":"\n<p>N&#8217;Abend allerseits,<\/p>\n\n\n\n<p>man k\u00f6nnte meinen, seit meinem letzten Eintrag ist sportlich nicht viel passiert. Die deutschen Fu\u00dfball-Profi-Ligen sind im vollen Fluss, in der Champions League und Europa League brillieren die Superstars auch ohne Zuschauerscharen und im internationalen Fu\u00dfball nimmt die Saison ihren Lauf. Zwar hat es wieder einen Lockdown gegeben, allerdings ist die Wahrnehmung diesmal eine andere als noch im M\u00e4rz. Nicht nur, dass das Virus seine neuartige Schockwirkung etwas verloren hat, auch der Umgang damit ist anders geworden.<\/p>\n\n\n\n<p>Das \u00dcbergangskonzept der DFL etwa ist etabliert und aus dem Kreuzfeuer der medialen Diskussion. Fu\u00dfball mit Fans im Stadion macht mehr Spa\u00df &#8211; keine Frage &#8211; aber ist das aktuell nicht m\u00f6glich und dar\u00fcber murrt keiner mehr. Wieso auch? Die Einschr\u00e4nkungen machen Sinn und es werden nach wie vor spannende Auseinandersetzungen auf dem Platz geboten. Es herrscht also &#8211; so weit mein Eindruck &#8211; zurecht ein Konsens, den es vor einem halben Jahr noch nicht gegeben hat.<\/p>\n\n\n\n<p>Der Eindruck, dass sich in den vergangenen vier Wochen sportlich nicht viel ver\u00e4ndert hat, t\u00e4uscht dann ein wenig, wenn man schaut, wer von diesem zweiten, unscheinbareren Lockdown tats\u00e4chlich mehr betroffen ist. Und auch hier spreche ich sicherlich keine Geheimnisse an. Der Amateursport liegt brach. Und selbst Profi-Vereine in anderen Sportarten k\u00e4mpfen aufgrund finanzieller Schwierigkeiten um ihre Existenz.<\/p>\n\n\n\n<p><strong>Zuschauer-Magnet strauchelt<\/strong><\/p>\n\n\n\n<p>Eine Sportart, die mir dabei schon seit Wochen ins Auge sticht, ist Eishockey. Und dar\u00fcber soll es sich in den n\u00e4chsten Zeilen ein wenig drehen. Was viele nicht auf dem Schirm haben: Eishockey ist die Mannschaftssportart in Deutschland, die nach Fu\u00dfball j\u00e4hrlich die meisten Zuschauer in die Stadien bringt. Insbesondere Marken-Schlager wie die K\u00f6lner Haie ziehen im Schnitt auch gerne mal 13.000 Fans in ihren Bann. Das w\u00fcrde &#8211; Corona nat\u00fcrlich ausgeklammert &#8211; ziemlich genau einem durchschnittlichen Fu\u00dfball-Zweitligisten entsprechen. Und genau diese K\u00f6lner Haier schlagen sich jetzt mit Gehaltsverzichten ihrer Profis herum. <\/p>\n\n\n\n<p>Das liegt vor allem an der gro\u00dfen Bedeutung der Zuschauereinnahmen im Eishockey, die gerade schonungslos wegbrechen. Der Anteil der Einnahmen durch Hallenbesucher im Verh\u00e4ltnis zu den TV-Geldern \u00fcberwiegt ganz im Gegensatz zum Profi-Fu\u00dfball um ein Vielfaches. Neben den Ticket-Preisen selbst f\u00e4llt auch das Catering sowie ein gro\u00dfer Teil des Merchandising weg. Den Klubs nun vorzuwerfen, trotz der Gewissheit um Corona und einen potenziellen zweiten Lockdown alles auf eine Karte (Zuschauereinnahmen) gesetzt zu haben, finde ich schwierig. Das Vermarktungspotenzial \u00fcber andere Wege ist ja dann doch eher \u00fcberschaubar. Und wenn, dann sollte die Kritik eher die DEL treffen, ihr Gesch\u00e4ftsmodell eingleisig und instabil aufgestellt zu haben.<\/p>\n\n\n\n<p><strong>DEL-Spitze ist sich dem Ausma\u00df bewusst<\/strong><\/p>\n\n\n\n<p>Die wirtschaftlichen Probleme f\u00fcr das Eishockey brachte DEL-Gesch\u00e4ftsf\u00fchrer Gernot Tripcke bereits beim ersten Lockdown auf den Punkt: \u201e<em>Das Verbot ist f\u00fcr uns schmerzhaft und wirtschaftlich eine Katastrophe<\/em>\u201c, sagte Tripcke, nachdem die DEL-Saison 2019\/20 vor dem Start der Playoffs coronabedingt\u2026 (\u201aauf Eis gelegt wurde\u2018 w\u00e4re jetzt wohl der falsche Audruck). Die Spielzeit fand keinen Meister, die finanziellen Sorgen der Vereine wuchs. Doch das Veto hielt sich damals in Grenzen. Die Adler Mannheim begr\u00fc\u00dften die Entscheidung beispielsweise. Weil das Verst\u00e4ndnis ein ganz anderes war. Das Virus war neu, der Umgang unerprobt, die Hoffnung auf Verg\u00e4nglichkeit gro\u00df. Inzwischen ist der Konsens &#8211; anders als im Fu\u00dfball &#8211; kleiner geworden. Die Profi-Klubs etwa sto\u00dfen sich seit dem zweiten Lockdown daran, dass die von ihnen ausgearbeiteten Hygiene-Konzepte nun nicht mehr akzeptiert werden.<\/p>\n\n\n\n<p>Zum aktuellen Stand im Profi-Eishockey: Ein Blick in die Sporthallen zeigt, wie sehr sich der Spielbetrieb von jenem im Profi-Fu\u00dfball gerade unterscheidet. Im Fu\u00dfball wird die erste bis dritte Liga derzeit fortgesetzt, die darunterliegenden Ligen pausieren. Im Eishockey hat die DEL (noch) gar nicht angefangen. Die DEL2 hingegen ist angelaufen. Was zun\u00e4chst seltsam klingt, ist eigentlich ganz logisch. In der zweiten Liga gibt es weniger Zuschauer. Das bedeutet auch, dass die Einnahmenausf\u00e4lle nicht so hoch sind wie in der ersten Liga. Gleiches gilt f\u00fcr die Spielergeh\u00e4lter, weshalb aktuell sogar alle 14 Teams im Unterhaus ran d\u00fcrfen. Auch die Oberliga ist \u00fcbrigens in den Spielbetrieb gestartet &#8211; allerdings nur deshalb, weil ihr in diesem Herbst eine wichtige formale H\u00fcrde genommen wurde. Die Oberligen gelten jetzt n\u00e4mlich als Profiligen, alle Ligen drunter k\u00f6nnen nicht in die Saison starten.<\/p>\n\n\n\n<p><strong>Spieler wollen aufs Eis &#8211; DEL z\u00f6gert<\/strong><\/p>\n\n\n\n<p>In die Saison starten, w\u00fcrde die DEL auch gerne. Doch ohne Zuschauer ist das finanziell kaum realisierbar, da die Spieler ja dann wieder aus der Kurzarbeit rausgeholt werden m\u00fcssten. Nicht alle Vereine k\u00f6nnen das ohne Zuschauereinnahmen stemmen. Deswegen wurde der Saisonstart jetzt schon mehrfach verschoben. Stand jetzt: auf Mitte Dezember. Zwar besteht bei den Liga-Verantwortlichen logischerweise nicht die naive Hoffnung, dass bis dahin wieder alle Fans in die Hallen zugelassen werden, allerdings sieht sich die DEL-Spitze gezwungen, ihre Haltung zu \u00fcberdenken und sich Geisterspielen doch irgendwie anzun\u00e4hern. Auch wenn nicht alle Vereine da einfach so mitziehen k\u00f6nnen und deshalb auf staatliche Finanzhilfe pl\u00e4dieren, die bisher ausgeblieben ist und sich aktuell auch nicht wirklich abzeichnet.<\/p>\n\n\n\n<p>Die Spieler wollen wieder aufs Eis &#8211; Die DEL z\u00f6gert und schielt derzeit auf Probe-Projekte, bei denen die deutschen Eishockey-Spieler zumindest mal wieder ran d\u00fcrfen. Vor wenigen Tagen ging der Deutschland-Cup des DEB zu Ende. Zugegeben: durchaus anders als sonst, n\u00e4mlich mit einer Reihe von Absagen, wodurch zwei deutsche Mannschaften antraten &#8211; aber auch mit funktionierenden Test-Verfahren, wohlgemerkt durchweg negativen Tests und euphorischen deutschen Spielern, die den DEL-Start aus ihrer Sicht quasi symbolisch ebneten.<\/p>\n\n\n\n<p><strong>Magenta Sport Cup &#8211; Gro\u00dfer Eishockey-Stellenwert beim Sender<\/strong><\/p>\n\n\n\n<p>Wenn am 19. November dann die Entscheidung f\u00e4llt, ob die Saison startet oder nicht, l\u00e4uft gerade noch ein weiterer Cup, dessen Erw\u00e4hnung auch ob des Kerns dieses Blogs nicht zu kurz kommen sollte: Der Magenta Sport Cup. Wie viele hier wahrscheinlich wissen, \u00fcbertr\u00e4gt die Telekom-Tochter den Eishockeysport schon seit vielen Jahren mit Begeisterung. Die DEL ist zu einem Aush\u00e4ngeschild f\u00fcr den Pay-TV-Sender geworden. Den Stellenwert des Profi-Eishockeys f\u00fcr den Sender aus Holzkirchen kann man sp\u00e4testens jetzt am Magenta Sport Cup ablesen. Wie der Name n\u00e4mlich offenbart, ist es Magenta Sport selbst, das inmitten der Corona-Krise mit dieser Spielidee um die Ecke kam und den Cup nun ausrichtet. Denn nat\u00fcrlich fehlen auch dem Medienunternehmen die Einnahmen der DEL-\u00dcbertragung, das darf man nicht vergessen. Der Cup ist daher kein netter Bonus, sondern f\u00fcr alle Beteiligten eine gro\u00dfe Sache.<\/p>\n\n\n\n<p>Kurz zum Modus: Im Grunde handelt es sich um ein klassisches Turniersystem. Anfangs treten jeweils vier DEL-Teams in zwei Gruppen an und messen sich dort je zweimal mit allen anderen Gruppen-Konkurrenten. Dann landen die besten zwei im Halbfinale und spielen ohne R\u00fcckspiel die beiden Finalisten aus, welche dann wiederum unter sich den Sieger des ersten und vielleicht einzigen Magenta Sport Cups ausmachen.<\/p>\n\n\n\n<p>Die acht teilnehmenden Mannschaften in Gruppe A und Gruppe B:&nbsp;<\/p>\n\n\n\n<p>Gruppe A:<\/p>\n\n\n\n<ul class=\"wp-block-list\"><li> Krefeld Pinguine<\/li><li> D\u00fcsseldorfer EG<\/li><li> Grizzlys Wolfsburg<\/li><li> Fischtown Pinguins Bremerhaven<\/li><\/ul>\n\n\n\n<p>Gruppe B:<\/p>\n\n\n\n<ul class=\"wp-block-list\"><li> EHC Red Bull M\u00fcnchen<\/li><li> Schwenningen Wilds Wings<\/li><li> Adler Mannheim<\/li><li> Eisb\u00e4ren Berlin<\/li><\/ul>\n\n\n\n<p>Ich bin sehr gespannt auf den Verlauf des Cups, der im \u00dcbrigen gestern begonnen hat. Auch ohne Zuschauer helfen die Reporter von Magenta Sport dabei, eine spannende Atmosph\u00e4re zu erzeugen und Hintergr\u00fcnde zu liefern. So war es auch schon gestern zum Auftakt und wird es gleich ab 19.30 Uhr beim zweiten Matchday sein. Allerdings schickt Magenta Sport fortan &#8211; zumindest bei den n\u00e4chsten Gruppenspielen &#8211; dann nicht mehr noch extra einen Moderator und Experten mit ins Rennen. Das Privileg wird uns nur noch heute zu Teil.<\/p>\n\n\n\n<p><strong>Magenta Sport kann Signalwirkung entfachen<\/strong><\/p>\n\n\n\n<p>Auf seiner Webseite schreibt Magenta Sport: \u201eDie Fans der DEL-Clubs k\u00f6nnen sich freuen! Auch wenn der Saisonstart 2020\/2021 auf Mitte Dezember verschoben wurde, bekommst du bei&nbsp;Magenta Sport die Chance, endlich wieder deinen Club anzufeuern.\u201c Das stimmt allerdings nicht ganz. Denn tats\u00e4chlich treten nur acht der aktuell 14 DEL-Vertreter bei diesem Cup an. Gr\u00fcnde daf\u00fcr sind eben genau die oben genannten.<\/p>\n\n\n\n<p>Und die anderen sechs Vereine? Die k\u00f6nnen eine Teilnahme nicht realisieren und sitzen den Cup aus. In der stillen Hoffnung, dass die DEL vielleicht doch fr\u00fcher als erwartet wieder mit Zuschauern an den Start geht. Tut sie das nicht, kann das eine Bankrotterkl\u00e4rung f\u00fcr viele Klubs sein.&nbsp;<\/p>\n\n\n\n<p>Ich glaube, dass der Magenta Sport Cup an dieser Stelle eine gute Sache ist, um dem Eishockey wieder eine B\u00fchne zu geben. Jetzt m\u00f6gen manche sagen, dass das denen, die nicht teilnehmen k\u00f6nnen, auch nicht weiterhilft. Und dass der Cup h\u00f6chstens Probelauf einer DEL-Saison mit wenigen Mannschaften ohne Zuschauer ist. Das mag auf den ersten Blick auch so sein. Doch da kann Magenta ja nichts f\u00fcr. Die Verantwortung liegt vielmehr bei den Vereinen, der Liga und nicht zuletzt bei denjenigen, die Subventionen gew\u00e4hren k\u00f6nnen.<\/p>\n\n\n\n<p>Zudem geht es beim Magenta Sport Cup auch um eine Signalwirkung beim Versuch, den Sport wieder auf den Plan zu rufen. Die Alternative w\u00e4re es, solche Cups nicht auszurichten und wom\u00f6glich auch die DEL-Saison komplett abzusagen. Das wiederum w\u00e4re ein Fiasko f\u00fcr den gesamten Eishockey-Sport in Deutschland. Und dieses Szenario ist zumindest nicht ganz unwahrscheinlich &#8211; w\u00e4hrend im Profi-Fu\u00dfball alles momentan etwas glatter zu laufen scheint.<\/p>\n\n\n\n<p>Monolog beendet. Nun zum Tagesgesch\u00e4ft.<\/p>\n\n\n\n<p><strong><em>Die Ansetzungen vom 13. November bis zum 16. November 2020<\/em><\/strong><\/p>\n\n\n\n<p><strong>UEFA Nations League, 05. Spieltag<\/strong><\/p>\n\n\n\n<p><span style=\"text-decoration: underline;\">Samstag, 14. November 2020, ab 20.15 Uhr (ZDF)<\/span><\/p>\n\n\n\n<p>Gruppe A4: <strong><em>Deutschland \u2013 Ukraine (20.45 Uhr)<\/em><\/strong><\/p>\n\n\n\n<p><img loading=\"lazy\" decoding=\"async\" width=\"10\" height=\"21\" class=\"wp-image-3656\" style=\"width: 10px;\" src=\"http:\/\/kommentatorenblog.de\/wp-content\/uploads\/2020\/09\/shure-55sh-ii-e1601485394796.jpg\" alt=\"\" srcset=\"http:\/\/kommentatorenblog.de\/wp-content\/uploads\/2020\/09\/shure-55sh-ii-e1601485394796.jpg 415w, http:\/\/kommentatorenblog.de\/wp-content\/uploads\/2020\/09\/shure-55sh-ii-e1601485394796-142x300.jpg 142w\" sizes=\"auto, (max-width: 10px) 100vw, 10px\" \/> B\u00e9la R\u00e9thy, Interviews: Boris B\u00fcchler und Nils Kaben <\/p>\n\n\n\n<p>Moderation: Katrin M\u00fcller-Hohenstein, Experte: Per Mertesacker<\/p>\n\n\n\n<p><span style=\"text-decoration: underline;\">ab 20.45 Uhr (DAZN)<\/span><\/p>\n\n\n\n<p>Gruppe A3: <strong><em>Portugal \u2013 Frankreich (20.45 Uhr)<\/em><\/strong><\/p>\n\n\n\n<p><img loading=\"lazy\" decoding=\"async\" width=\"10\" height=\"21\" class=\"wp-image-3656\" style=\"width: 10px;\" src=\"http:\/\/kommentatorenblog.de\/wp-content\/uploads\/2020\/09\/shure-55sh-ii-e1601485394796.jpg\" alt=\"\" srcset=\"http:\/\/kommentatorenblog.de\/wp-content\/uploads\/2020\/09\/shure-55sh-ii-e1601485394796.jpg 415w, http:\/\/kommentatorenblog.de\/wp-content\/uploads\/2020\/09\/shure-55sh-ii-e1601485394796-142x300.jpg 142w\" sizes=\"auto, (max-width: 10px) 100vw, 10px\" \/> Lukas Sch\u00f6nm\u00fcller, Experte: Alexis Menuge<\/p>\n\n\n\n<p>Gruppe A3: <strong><em>Schweden \u2013 Kroatien (20.45 Uhr)<\/em><\/strong><\/p>\n\n\n\n<p><img loading=\"lazy\" decoding=\"async\" width=\"10\" height=\"21\" class=\"wp-image-3656\" style=\"width: 10px;\" src=\"http:\/\/kommentatorenblog.de\/wp-content\/uploads\/2020\/09\/shure-55sh-ii-e1601485394796.jpg\" alt=\"\" srcset=\"http:\/\/kommentatorenblog.de\/wp-content\/uploads\/2020\/09\/shure-55sh-ii-e1601485394796.jpg 415w, http:\/\/kommentatorenblog.de\/wp-content\/uploads\/2020\/09\/shure-55sh-ii-e1601485394796-142x300.jpg 142w\" sizes=\"auto, (max-width: 10px) 100vw, 10px\" \/> tba<\/p>\n\n\n\n<p>Gruppe A4: <strong><em>Schweiz \u2013 Spanien (20.45 Uhr)<\/em><\/strong><\/p>\n\n\n\n<p><img loading=\"lazy\" decoding=\"async\" width=\"10\" height=\"21\" class=\"wp-image-3656\" style=\"width: 10px;\" src=\"http:\/\/kommentatorenblog.de\/wp-content\/uploads\/2020\/09\/shure-55sh-ii-e1601485394796.jpg\" alt=\"\" srcset=\"http:\/\/kommentatorenblog.de\/wp-content\/uploads\/2020\/09\/shure-55sh-ii-e1601485394796.jpg 415w, http:\/\/kommentatorenblog.de\/wp-content\/uploads\/2020\/09\/shure-55sh-ii-e1601485394796-142x300.jpg 142w\" sizes=\"auto, (max-width: 10px) 100vw, 10px\" \/> Jan Platte, Experte: Ralph Gunesch<\/p>\n\n\n\n<p><span style=\"text-decoration: underline;\">Sonntag, 15. November 2020, ab 18.00 Uhr (DAZN)<\/span><\/p>\n\n\n\n<p>Gruppe A1: <strong><em>Niederlande<\/em><\/strong> <strong><em>\u2013<\/em><\/strong> <strong><em>Bosnien Herzegowina (18.00 Uhr)<\/em><\/strong><\/p>\n\n\n\n<p><img loading=\"lazy\" decoding=\"async\" width=\"10\" height=\"21\" class=\"wp-image-3656\" style=\"width: 10px;\" src=\"http:\/\/kommentatorenblog.de\/wp-content\/uploads\/2020\/09\/shure-55sh-ii-e1601485394796.jpg\" alt=\"\" srcset=\"http:\/\/kommentatorenblog.de\/wp-content\/uploads\/2020\/09\/shure-55sh-ii-e1601485394796.jpg 415w, http:\/\/kommentatorenblog.de\/wp-content\/uploads\/2020\/09\/shure-55sh-ii-e1601485394796-142x300.jpg 142w\" sizes=\"auto, (max-width: 10px) 100vw, 10px\" \/>  David Ploch<\/p>\n\n\n\n<p>Gruppe B3: <strong><em>T\u00fcrkei \u2013 Russland (18.00 Uhr)<\/em><\/strong><\/p>\n\n\n\n<p><img loading=\"lazy\" decoding=\"async\" width=\"10\" height=\"21\" class=\"wp-image-3656\" style=\"width: 10px;\" src=\"http:\/\/kommentatorenblog.de\/wp-content\/uploads\/2020\/09\/shure-55sh-ii-e1601485394796.jpg\" alt=\"\" srcset=\"http:\/\/kommentatorenblog.de\/wp-content\/uploads\/2020\/09\/shure-55sh-ii-e1601485394796.jpg 415w, http:\/\/kommentatorenblog.de\/wp-content\/uploads\/2020\/09\/shure-55sh-ii-e1601485394796-142x300.jpg 142w\" sizes=\"auto, (max-width: 10px) 100vw, 10px\" \/> Freddie Schulz<\/p>\n\n\n\n<p>Gruppe B4: <strong><em>Wales \u2013 Irland (18.00 Uhr)<\/em><\/strong><\/p>\n\n\n\n<p><img loading=\"lazy\" decoding=\"async\" width=\"10\" height=\"21\" class=\"wp-image-3656\" style=\"width: 10px;\" src=\"http:\/\/kommentatorenblog.de\/wp-content\/uploads\/2020\/09\/shure-55sh-ii-e1601485394796.jpg\" alt=\"\" srcset=\"http:\/\/kommentatorenblog.de\/wp-content\/uploads\/2020\/09\/shure-55sh-ii-e1601485394796.jpg 415w, http:\/\/kommentatorenblog.de\/wp-content\/uploads\/2020\/09\/shure-55sh-ii-e1601485394796-142x300.jpg 142w\" sizes=\"auto, (max-width: 10px) 100vw, 10px\" \/>  Mario Rieker<\/p>\n\n\n\n<p><span style=\"text-decoration: underline;\">ab 20.30 Uhr (DAZN)<\/span><\/p>\n\n\n\n<p><strong><em>GoalZone<\/em><\/strong> <img loading=\"lazy\" decoding=\"async\" width=\"10\" height=\"21\" class=\"wp-image-3656\" style=\"width: 10px;\" src=\"http:\/\/kommentatorenblog.de\/wp-content\/uploads\/2020\/09\/shure-55sh-ii-e1601485394796.jpg\" alt=\"\" srcset=\"http:\/\/kommentatorenblog.de\/wp-content\/uploads\/2020\/09\/shure-55sh-ii-e1601485394796.jpg 415w, http:\/\/kommentatorenblog.de\/wp-content\/uploads\/2020\/09\/shure-55sh-ii-e1601485394796-142x300.jpg 142w\" sizes=\"auto, (max-width: 10px) 100vw, 10px\" \/> Lukas Sch\u00f6nm\u00fcller, Experte: Sebastian Knei\u00dfl <\/p>\n\n\n\n<p>Gruppe A2: <strong><em>Belgien \u2013 England (20.45 Uhr)<\/em><\/strong><\/p>\n\n\n\n<p><img loading=\"lazy\" decoding=\"async\" width=\"10\" height=\"21\" class=\"wp-image-3656\" style=\"width: 10px;\" src=\"http:\/\/kommentatorenblog.de\/wp-content\/uploads\/2020\/09\/shure-55sh-ii-e1601485394796.jpg\" alt=\"\" srcset=\"http:\/\/kommentatorenblog.de\/wp-content\/uploads\/2020\/09\/shure-55sh-ii-e1601485394796.jpg 415w, http:\/\/kommentatorenblog.de\/wp-content\/uploads\/2020\/09\/shure-55sh-ii-e1601485394796-142x300.jpg 142w\" sizes=\"auto, (max-width: 10px) 100vw, 10px\" \/> Uli Hebel<\/p>\n\n\n\n<p>Gruppe A1: <strong><em>Italien \u2013 Polen (20.45 Uhr)<\/em><\/strong><\/p>\n\n\n\n<p><img loading=\"lazy\" decoding=\"async\" width=\"10\" height=\"21\" class=\"wp-image-3656\" style=\"width: 10px;\" src=\"http:\/\/kommentatorenblog.de\/wp-content\/uploads\/2020\/09\/shure-55sh-ii-e1601485394796.jpg\" alt=\"\" srcset=\"http:\/\/kommentatorenblog.de\/wp-content\/uploads\/2020\/09\/shure-55sh-ii-e1601485394796.jpg 415w, http:\/\/kommentatorenblog.de\/wp-content\/uploads\/2020\/09\/shure-55sh-ii-e1601485394796-142x300.jpg 142w\" sizes=\"auto, (max-width: 10px) 100vw, 10px\" \/> Carsten Fu\u00df<\/p>\n\n\n\n<p>Gruppe B1: <strong><em>\u00d6sterreich \u2013 Nordirland (20.45 Uhr)<\/em><\/strong><\/p>\n\n\n\n<p><img loading=\"lazy\" decoding=\"async\" width=\"10\" height=\"21\" class=\"wp-image-3656\" style=\"width: 10px;\" src=\"http:\/\/kommentatorenblog.de\/wp-content\/uploads\/2020\/09\/shure-55sh-ii-e1601485394796.jpg\" alt=\"\" srcset=\"http:\/\/kommentatorenblog.de\/wp-content\/uploads\/2020\/09\/shure-55sh-ii-e1601485394796.jpg 415w, http:\/\/kommentatorenblog.de\/wp-content\/uploads\/2020\/09\/shure-55sh-ii-e1601485394796-142x300.jpg 142w\" sizes=\"auto, (max-width: 10px) 100vw, 10px\" \/> Max Gross<\/p>\n\n\n\n<hr class=\"wp-block-separator\"\/>\n\n\n\n<p><strong>3. Liga, 10. Spieltag<\/strong><\/p>\n\n\n\n<p><span style=\"text-decoration: underline;\">Freitag, 13. November 2020, ab 18.30 Uhr (Magenta Sport)<\/span><\/p>\n\n\n\n<p><strong><em>Viktoria K\u00f6ln<\/em><\/strong> <strong><em>\u2013<\/em><\/strong> <strong><em>1.FC Saarbr\u00fccken (19.00 Uhr)<\/em><\/strong><\/p>\n\n\n\n<p><img loading=\"lazy\" decoding=\"async\" width=\"10\" height=\"21\" class=\"wp-image-3656\" style=\"width: 10px;\" src=\"http:\/\/kommentatorenblog.de\/wp-content\/uploads\/2020\/09\/shure-55sh-ii-e1601485394796.jpg\" alt=\"\" srcset=\"http:\/\/kommentatorenblog.de\/wp-content\/uploads\/2020\/09\/shure-55sh-ii-e1601485394796.jpg 415w, http:\/\/kommentatorenblog.de\/wp-content\/uploads\/2020\/09\/shure-55sh-ii-e1601485394796-142x300.jpg 142w\" sizes=\"auto, (max-width: 10px) 100vw, 10px\" \/> Markus H\u00f6hner, Experte: Martin Lanig<\/p>\n\n\n\n<p>Moderation: Konstantin Klostermann<\/p>\n\n\n\n<p><span style=\"text-decoration: underline;\">Samstag, 14. November 2020, ab 13.45 Uhr (Magenta Sport)<\/span><\/p>\n\n\n\n<p><strong><em>Konferenz (14.00 Uhr)<\/em><\/strong><\/p>\n\n\n\n<p><img loading=\"lazy\" decoding=\"async\" width=\"10\" height=\"21\" class=\"wp-image-3656\" style=\"width: 10px;\" src=\"http:\/\/kommentatorenblog.de\/wp-content\/uploads\/2020\/09\/shure-55sh-ii-e1601485394796.jpg\" alt=\"\" srcset=\"http:\/\/kommentatorenblog.de\/wp-content\/uploads\/2020\/09\/shure-55sh-ii-e1601485394796.jpg 415w, http:\/\/kommentatorenblog.de\/wp-content\/uploads\/2020\/09\/shure-55sh-ii-e1601485394796-142x300.jpg 142w\" sizes=\"auto, (max-width: 10px) 100vw, 10px\" \/> Alex Kunz und Sascha Bandermann <\/p>\n\n\n\n<p><strong><em>SV Wehen Wiesbaden<\/em><\/strong> <strong><em>\u2013<\/em><\/strong> <strong><em>FSV Zwickau (14.00 Uhr)<\/em><\/strong><\/p>\n\n\n\n<p><img loading=\"lazy\" decoding=\"async\" width=\"10\" height=\"21\" class=\"wp-image-3656\" style=\"width: 10px;\" src=\"http:\/\/kommentatorenblog.de\/wp-content\/uploads\/2020\/09\/shure-55sh-ii-e1601485394796.jpg\" alt=\"\" srcset=\"http:\/\/kommentatorenblog.de\/wp-content\/uploads\/2020\/09\/shure-55sh-ii-e1601485394796.jpg 415w, http:\/\/kommentatorenblog.de\/wp-content\/uploads\/2020\/09\/shure-55sh-ii-e1601485394796-142x300.jpg 142w\" sizes=\"auto, (max-width: 10px) 100vw, 10px\" \/> S\u00f6nke Sievers <\/p>\n\n\n\n<p>Moderation: Tobi Sch\u00e4fer<\/p>\n\n\n\n<p><strong><em>T\u00fcrkg\u00fcc\u00fc M\u00fcnchen<\/em><\/strong> <strong><em>\u2013<\/em><\/strong> <strong><em>MSV Duisburg (14.00 Uhr)<\/em><\/strong><\/p>\n\n\n\n<p><img loading=\"lazy\" decoding=\"async\" width=\"10\" height=\"21\" class=\"wp-image-3656\" style=\"width: 10px;\" src=\"http:\/\/kommentatorenblog.de\/wp-content\/uploads\/2020\/09\/shure-55sh-ii-e1601485394796.jpg\" alt=\"\" srcset=\"http:\/\/kommentatorenblog.de\/wp-content\/uploads\/2020\/09\/shure-55sh-ii-e1601485394796.jpg 415w, http:\/\/kommentatorenblog.de\/wp-content\/uploads\/2020\/09\/shure-55sh-ii-e1601485394796-142x300.jpg 142w\" sizes=\"auto, (max-width: 10px) 100vw, 10px\" \/> Alex Klich <\/p>\n\n\n\n<p>Moderation: Basti Schwele<\/p>\n\n\n\n<p><strong><em>Waldhof Mannheim<\/em><\/strong> <strong><em>\u2013<\/em><\/strong> <strong><em>FC Ingolstadt (14.00 Uhr)<\/em><\/strong><\/p>\n\n\n\n<p><img loading=\"lazy\" decoding=\"async\" width=\"10\" height=\"21\" class=\"wp-image-3656\" style=\"width: 10px;\" src=\"http:\/\/kommentatorenblog.de\/wp-content\/uploads\/2020\/09\/shure-55sh-ii-e1601485394796.jpg\" alt=\"\" srcset=\"http:\/\/kommentatorenblog.de\/wp-content\/uploads\/2020\/09\/shure-55sh-ii-e1601485394796.jpg 415w, http:\/\/kommentatorenblog.de\/wp-content\/uploads\/2020\/09\/shure-55sh-ii-e1601485394796-142x300.jpg 142w\" sizes=\"auto, (max-width: 10px) 100vw, 10px\" \/> Mario Bast <\/p>\n\n\n\n<p>Moderation: Cedric Pick<\/p>\n\n\n\n<p><span style=\"text-decoration: underline;\">ab 13.45 Uhr (Magenta Sport)\/ ab 14.00 Uhr (SWR, MDR, BR)<\/span><\/p>\n\n\n\n<p><strong><em>1.FC Kaiserslautern<\/em><\/strong> <strong><em>\u2013<\/em><\/strong> <strong><em>1.FC Magdeburg (14.00 Uhr)<\/em><\/strong><\/p>\n\n\n\n<p><img loading=\"lazy\" decoding=\"async\" width=\"10\" height=\"21\" class=\"wp-image-3656\" style=\"width: 10px;\" src=\"http:\/\/kommentatorenblog.de\/wp-content\/uploads\/2020\/09\/shure-55sh-ii-e1601485394796.jpg\" alt=\"\" srcset=\"http:\/\/kommentatorenblog.de\/wp-content\/uploads\/2020\/09\/shure-55sh-ii-e1601485394796.jpg 415w, http:\/\/kommentatorenblog.de\/wp-content\/uploads\/2020\/09\/shure-55sh-ii-e1601485394796-142x300.jpg 142w\" sizes=\"auto, (max-width: 10px) 100vw, 10px\" \/> Magenta Sport: Christian Stra\u00dfburger <\/p>\n\n\n\n<p><img loading=\"lazy\" decoding=\"async\" width=\"10\" height=\"21\" class=\"wp-image-3656\" style=\"width: 10px;\" src=\"http:\/\/kommentatorenblog.de\/wp-content\/uploads\/2020\/09\/shure-55sh-ii-e1601485394796.jpg\" alt=\"\" srcset=\"http:\/\/kommentatorenblog.de\/wp-content\/uploads\/2020\/09\/shure-55sh-ii-e1601485394796.jpg 415w, http:\/\/kommentatorenblog.de\/wp-content\/uploads\/2020\/09\/shure-55sh-ii-e1601485394796-142x300.jpg 142w\" sizes=\"auto, (max-width: 10px) 100vw, 10px\" \/> SWR: Florian Winkler<\/p>\n\n\n\n<p>Moderation (Magenta Sport): Thomas Wagner<\/p>\n\n\n\n<p>Moderation (SWR): Christian D\u00f6ring<\/p>\n\n\n\n<p><strong><em>Hallescher FC<\/em><\/strong> <strong><em>\u2013<\/em><\/strong> <strong><em>Hansa Rostock (14.00 Uhr)<\/em><\/strong><\/p>\n\n\n\n<p><img loading=\"lazy\" decoding=\"async\" width=\"10\" height=\"21\" class=\"wp-image-3656\" style=\"width: 10px;\" src=\"http:\/\/kommentatorenblog.de\/wp-content\/uploads\/2020\/09\/shure-55sh-ii-e1601485394796.jpg\" alt=\"\" srcset=\"http:\/\/kommentatorenblog.de\/wp-content\/uploads\/2020\/09\/shure-55sh-ii-e1601485394796.jpg 415w, http:\/\/kommentatorenblog.de\/wp-content\/uploads\/2020\/09\/shure-55sh-ii-e1601485394796-142x300.jpg 142w\" sizes=\"auto, (max-width: 10px) 100vw, 10px\" \/>  Magenta Sport: Markus Herwig<\/p>\n\n\n\n<p><img loading=\"lazy\" decoding=\"async\" width=\"10\" height=\"21\" class=\"wp-image-3656\" style=\"width: 10px;\" src=\"http:\/\/kommentatorenblog.de\/wp-content\/uploads\/2020\/09\/shure-55sh-ii-e1601485394796.jpg\" alt=\"\" srcset=\"http:\/\/kommentatorenblog.de\/wp-content\/uploads\/2020\/09\/shure-55sh-ii-e1601485394796.jpg 415w, http:\/\/kommentatorenblog.de\/wp-content\/uploads\/2020\/09\/shure-55sh-ii-e1601485394796-142x300.jpg 142w\" sizes=\"auto, (max-width: 10px) 100vw, 10px\" \/> MDR: Eik Galley<\/p>\n\n\n\n<p>Moderation (Magenta Sport): Thomas Wagner<\/p>\n\n\n\n<p>Moderation (MDR): Ren\u00e9 Kindermann, Experte: Lutz Lindemann <\/p>\n\n\n\n<p><strong><em>KFC Uerdingen<\/em><\/strong> <strong><em>\u2013<\/em><\/strong> <strong><em>SpVgg Unterhaching (14.00 Uhr)<\/em><\/strong><\/p>\n\n\n\n<p><img loading=\"lazy\" decoding=\"async\" width=\"10\" height=\"21\" class=\"wp-image-3656\" style=\"width: 10px;\" src=\"http:\/\/kommentatorenblog.de\/wp-content\/uploads\/2020\/09\/shure-55sh-ii-e1601485394796.jpg\" alt=\"\" srcset=\"http:\/\/kommentatorenblog.de\/wp-content\/uploads\/2020\/09\/shure-55sh-ii-e1601485394796.jpg 415w, http:\/\/kommentatorenblog.de\/wp-content\/uploads\/2020\/09\/shure-55sh-ii-e1601485394796-142x300.jpg 142w\" sizes=\"auto, (max-width: 10px) 100vw, 10px\" \/> Magenta Sport: Stefan Fuckert <\/p>\n\n\n\n<p><img loading=\"lazy\" decoding=\"async\" width=\"10\" height=\"21\" class=\"wp-image-3656\" style=\"width: 10px;\" src=\"http:\/\/kommentatorenblog.de\/wp-content\/uploads\/2020\/09\/shure-55sh-ii-e1601485394796.jpg\" alt=\"\" srcset=\"http:\/\/kommentatorenblog.de\/wp-content\/uploads\/2020\/09\/shure-55sh-ii-e1601485394796.jpg 415w, http:\/\/kommentatorenblog.de\/wp-content\/uploads\/2020\/09\/shure-55sh-ii-e1601485394796-142x300.jpg 142w\" sizes=\"auto, (max-width: 10px) 100vw, 10px\" \/> BR: Philipp Eger<\/p>\n\n\n\n<p>Moderation (Magenta Sport): Thomas Wagner<\/p>\n\n\n\n<p>Moderation (BR): Markus Othmer<\/p>\n\n\n\n<p><span style=\"text-decoration: underline;\">Sonntag, 15. November 2020, ab 12.45 Uhr (Magenta Sport)<\/span><\/p>\n\n\n\n<p><strong><em>FC Bayern M\u00fcnchen II<\/em><\/strong> <strong><em>\u2013<\/em><\/strong> <strong><em>SV Meppen (13.00 Uhr)<\/em><\/strong><\/p>\n\n\n\n<p><img loading=\"lazy\" decoding=\"async\" width=\"10\" height=\"21\" class=\"wp-image-3656\" style=\"width: 10px;\" src=\"http:\/\/kommentatorenblog.de\/wp-content\/uploads\/2020\/09\/shure-55sh-ii-e1601485394796.jpg\" alt=\"\" srcset=\"http:\/\/kommentatorenblog.de\/wp-content\/uploads\/2020\/09\/shure-55sh-ii-e1601485394796.jpg 415w, http:\/\/kommentatorenblog.de\/wp-content\/uploads\/2020\/09\/shure-55sh-ii-e1601485394796-142x300.jpg 142w\" sizes=\"auto, (max-width: 10px) 100vw, 10px\" \/> Franz B\u00fcchner<\/p>\n\n\n\n<p>Moderation: Kevin Gerwin<\/p>\n\n\n\n<p><span style=\"text-decoration: underline;\">ab 13.45 Uhr (Magenta Sport)<\/span><\/p>\n\n\n\n<p><strong><em>Dynamo Dresden<\/em><\/strong> <strong><em>\u2013<\/em><\/strong> <strong><em>1860 M\u00fcnchen (14.00 Uhr)<\/em><\/strong><\/p>\n\n\n\n<p><img loading=\"lazy\" decoding=\"async\" width=\"10\" height=\"21\" class=\"wp-image-3656\" style=\"width: 10px;\" src=\"http:\/\/kommentatorenblog.de\/wp-content\/uploads\/2020\/09\/shure-55sh-ii-e1601485394796.jpg\" alt=\"\" srcset=\"http:\/\/kommentatorenblog.de\/wp-content\/uploads\/2020\/09\/shure-55sh-ii-e1601485394796.jpg 415w, http:\/\/kommentatorenblog.de\/wp-content\/uploads\/2020\/09\/shure-55sh-ii-e1601485394796-142x300.jpg 142w\" sizes=\"auto, (max-width: 10px) 100vw, 10px\" \/> Andreas Mann <\/p>\n\n\n\n<p>Moderation: Anett Sattler<\/p>\n\n\n\n<p><span style=\"text-decoration: underline;\">Montag, 16. November 2020, ab 18.45 Uhr (Magenta Sport)<\/span><\/p>\n\n\n\n<p><strong><em>SC Verl<\/em><\/strong> <strong><em>\u2013<\/em><\/strong> <strong><em>VfB L\u00fcbeck (19.00 Uhr)<\/em><\/strong><\/p>\n\n\n\n<p><img loading=\"lazy\" decoding=\"async\" width=\"10\" height=\"21\" class=\"wp-image-3656\" style=\"width: 10px;\" src=\"http:\/\/kommentatorenblog.de\/wp-content\/uploads\/2020\/09\/shure-55sh-ii-e1601485394796.jpg\" alt=\"\" srcset=\"http:\/\/kommentatorenblog.de\/wp-content\/uploads\/2020\/09\/shure-55sh-ii-e1601485394796.jpg 415w, http:\/\/kommentatorenblog.de\/wp-content\/uploads\/2020\/09\/shure-55sh-ii-e1601485394796-142x300.jpg 142w\" sizes=\"auto, (max-width: 10px) 100vw, 10px\" \/> Christian Stra\u00dfburger<\/p>\n\n\n\n<p>Moderation: Gari Paubandt<\/p>\n\n\n\n<hr class=\"wp-block-separator\"\/>\n\n\n\n<p><strong>Bundesliga, Frauen, 09. Spieltag<\/strong><\/p>\n\n\n\n<p><span style=\"text-decoration: underline;\">Freitag, 13. November 2020, ab 19 Uhr (Eurosport) \/ ab 19.15 Uhr (Magenta Sport)<\/span><\/p>\n\n\n\n<p><strong><em>1.FFC Frankfurt<\/em><\/strong> <strong><em>\u2013<\/em><\/strong> <strong><em>1.FFC Turbine Potsdam (19.15 Uhr)<\/em><\/strong><\/p>\n\n\n\n<p><img loading=\"lazy\" decoding=\"async\" width=\"10\" height=\"21\" class=\"wp-image-3656\" style=\"width: 10px;\" src=\"http:\/\/kommentatorenblog.de\/wp-content\/uploads\/2020\/09\/shure-55sh-ii-e1601485394796.jpg\" alt=\"\" srcset=\"http:\/\/kommentatorenblog.de\/wp-content\/uploads\/2020\/09\/shure-55sh-ii-e1601485394796.jpg 415w, http:\/\/kommentatorenblog.de\/wp-content\/uploads\/2020\/09\/shure-55sh-ii-e1601485394796-142x300.jpg 142w\" sizes=\"auto, (max-width: 10px) 100vw, 10px\" \/> Eurosport: Matthias Stach <\/p>\n\n\n\n<p><img loading=\"lazy\" decoding=\"async\" width=\"10\" height=\"21\" class=\"wp-image-3656\" style=\"width: 10px;\" src=\"http:\/\/kommentatorenblog.de\/wp-content\/uploads\/2020\/09\/shure-55sh-ii-e1601485394796.jpg\" alt=\"\" srcset=\"http:\/\/kommentatorenblog.de\/wp-content\/uploads\/2020\/09\/shure-55sh-ii-e1601485394796.jpg 415w, http:\/\/kommentatorenblog.de\/wp-content\/uploads\/2020\/09\/shure-55sh-ii-e1601485394796-142x300.jpg 142w\" sizes=\"auto, (max-width: 10px) 100vw, 10px\" \/> Magenta Sport: Oskar Heirler <\/p>\n\n\n\n<p><span style=\"text-decoration: underline;\">Samstag, 14. November 2020, ab 14 Uhr (Magenta Sport\/NDR\/BR)<\/span><\/p>\n\n\n\n<p><strong><em>FC Bayern M\u00fcnchen<\/em><\/strong> <strong><em>\u2013<\/em><\/strong> <strong><em>VfL Wolfsburg (14.00 Uhr)<\/em><\/strong><\/p>\n\n\n\n<p><img loading=\"lazy\" decoding=\"async\" width=\"10\" height=\"21\" class=\"wp-image-3656\" style=\"width: 10px;\" src=\"http:\/\/kommentatorenblog.de\/wp-content\/uploads\/2020\/09\/shure-55sh-ii-e1601485394796.jpg\" alt=\"\" srcset=\"http:\/\/kommentatorenblog.de\/wp-content\/uploads\/2020\/09\/shure-55sh-ii-e1601485394796.jpg 415w, http:\/\/kommentatorenblog.de\/wp-content\/uploads\/2020\/09\/shure-55sh-ii-e1601485394796-142x300.jpg 142w\" sizes=\"auto, (max-width: 10px) 100vw, 10px\" \/> Magenta Sport: Alex Kunz<\/p>\n\n\n\n<p><img loading=\"lazy\" decoding=\"async\" width=\"10\" height=\"21\" class=\"wp-image-3656\" style=\"width: 10px;\" src=\"http:\/\/kommentatorenblog.de\/wp-content\/uploads\/2020\/09\/shure-55sh-ii-e1601485394796.jpg\" alt=\"\" srcset=\"http:\/\/kommentatorenblog.de\/wp-content\/uploads\/2020\/09\/shure-55sh-ii-e1601485394796.jpg 415w, http:\/\/kommentatorenblog.de\/wp-content\/uploads\/2020\/09\/shure-55sh-ii-e1601485394796-142x300.jpg 142w\" sizes=\"auto, (max-width: 10px) 100vw, 10px\" \/> BR\/NDR:Bernd Schmelzer<\/p>\n\n\n\n<p>Moderation (BR): Julia B\u00fcchler, Gast: Verena Schweers  <\/p>\n\n\n\n<p>Moderation (NDR): Ina Kast, Gast: Almuth Schult  <\/p>\n\n\n\n<p><span style=\"text-decoration: underline;\">ab 16.00 Uhr (Magenta Sport)<\/span><\/p>\n\n\n\n<p><strong><em>SGS Essen-Sch\u00f6nebeck 19\/68<\/em><\/strong> <strong><em>\u2013<\/em><\/strong> <strong><em>SC Freiburg (16.00 Uhr)<\/em><\/strong><\/p>\n\n\n\n<p><img loading=\"lazy\" decoding=\"async\" width=\"10\" height=\"21\" class=\"wp-image-3656\" style=\"width: 10px;\" src=\"http:\/\/kommentatorenblog.de\/wp-content\/uploads\/2020\/09\/shure-55sh-ii-e1601485394796.jpg\" alt=\"\" srcset=\"http:\/\/kommentatorenblog.de\/wp-content\/uploads\/2020\/09\/shure-55sh-ii-e1601485394796.jpg 415w, http:\/\/kommentatorenblog.de\/wp-content\/uploads\/2020\/09\/shure-55sh-ii-e1601485394796-142x300.jpg 142w\" sizes=\"auto, (max-width: 10px) 100vw, 10px\" \/> Martin Piller<\/p>\n\n\n\n<hr class=\"wp-block-separator\"\/>\n\n\n\n<p><strong>Testspiele (Sky Sport News)<\/strong><\/p>\n\n\n\n<p><span style=\"text-decoration: underline;\">Freitag, 13. November 2020<\/span><\/p>\n\n\n\n<p><span style=\"text-decoration: underline;\">ab 13.45 Uhr<\/span><\/p>\n\n\n\n<p><strong><em>SV Werder Bremen<\/em><\/strong> <strong><em>\u2013<\/em><\/strong> <strong><em>FC St. Pauli (14.00 Uhr)<\/em><\/strong><\/p>\n\n\n\n<p><img loading=\"lazy\" decoding=\"async\" width=\"10\" height=\"21\" class=\"wp-image-3656\" style=\"width: 10px;\" src=\"http:\/\/kommentatorenblog.de\/wp-content\/uploads\/2020\/09\/shure-55sh-ii-e1601485394796.jpg\" alt=\"\" srcset=\"http:\/\/kommentatorenblog.de\/wp-content\/uploads\/2020\/09\/shure-55sh-ii-e1601485394796.jpg 415w, http:\/\/kommentatorenblog.de\/wp-content\/uploads\/2020\/09\/shure-55sh-ii-e1601485394796-142x300.jpg 142w\" sizes=\"auto, (max-width: 10px) 100vw, 10px\" \/> Jaron Steiner, Field-Reporter: Jurek Rohrberg <\/p>\n\n\n\n<p><span style=\"text-decoration: underline;\">Samstag, 14. November 2020<\/span><\/p>\n\n\n\n<p><span style=\"text-decoration: underline;\">ab 11.45 Uhr<\/span><\/p>\n\n\n\n<p><strong><em>Hannover 96<\/em><\/strong> <em style=\"font-weight: bold;\">\u2013<\/em> <strong><em>VfL Wolfsburg (14.00 Uhr)<\/em><\/strong><\/p>\n\n\n\n<p><img loading=\"lazy\" decoding=\"async\" width=\"10\" height=\"21\" class=\"wp-image-3656\" style=\"width: 10px;\" src=\"http:\/\/kommentatorenblog.de\/wp-content\/uploads\/2020\/09\/shure-55sh-ii-e1601485394796.jpg\" alt=\"\" srcset=\"http:\/\/kommentatorenblog.de\/wp-content\/uploads\/2020\/09\/shure-55sh-ii-e1601485394796.jpg 415w, http:\/\/kommentatorenblog.de\/wp-content\/uploads\/2020\/09\/shure-55sh-ii-e1601485394796-142x300.jpg 142w\" sizes=\"auto, (max-width: 10px) 100vw, 10px\" \/> Martin Weinberger, Field-Reporter: Sven T\u00f6llner  <\/p>\n\n\n\n<hr class=\"wp-block-separator\"\/>\n\n\n\n<p><strong>Internationaler Fussball<\/strong>&nbsp;<strong>(Sportdigital FUSSBALL)<\/strong><\/p>\n\n\n\n<p><span style=\"text-decoration: underline;\">Samstag, 14. November 2020<\/span><\/p>\n\n\n\n<p>J. League, 27. Spieltag:<strong><em> Kashima Antlers<\/em><\/strong> <strong><em>\u2013<\/em><\/strong> <strong><em>Kawasaki Frontale (09.00 Uhr)<\/em><\/strong><\/p>\n\n\n\n<p><img loading=\"lazy\" decoding=\"async\" width=\"10\" height=\"21\" class=\"wp-image-3656\" style=\"width: 10px;\" src=\"http:\/\/kommentatorenblog.de\/wp-content\/uploads\/2020\/09\/shure-55sh-ii-e1601485394796.jpg\" alt=\"\" srcset=\"http:\/\/kommentatorenblog.de\/wp-content\/uploads\/2020\/09\/shure-55sh-ii-e1601485394796.jpg 415w, http:\/\/kommentatorenblog.de\/wp-content\/uploads\/2020\/09\/shure-55sh-ii-e1601485394796-142x300.jpg 142w\" sizes=\"auto, (max-width: 10px) 100vw, 10px\" \/> Christian Blunck <\/p>\n\n\n\n<p>Liga Profesional, 03. Spieltag:<strong><em> Racing Club<\/em><\/strong> <strong><em>\u2013<\/em><\/strong> <strong><em>Arsenal de Sarandi (22.45 Uhr)<\/em><\/strong><\/p>\n\n\n\n<p><img loading=\"lazy\" decoding=\"async\" width=\"10\" height=\"21\" class=\"wp-image-3656\" style=\"width: 10px;\" src=\"http:\/\/kommentatorenblog.de\/wp-content\/uploads\/2020\/09\/shure-55sh-ii-e1601485394796.jpg\" alt=\"\" srcset=\"http:\/\/kommentatorenblog.de\/wp-content\/uploads\/2020\/09\/shure-55sh-ii-e1601485394796.jpg 415w, http:\/\/kommentatorenblog.de\/wp-content\/uploads\/2020\/09\/shure-55sh-ii-e1601485394796-142x300.jpg 142w\" sizes=\"auto, (max-width: 10px) 100vw, 10px\" \/> Christian Blunck <\/p>\n\n\n\n<hr class=\"wp-block-separator\"\/>\n\n\n\n<p><strong>MagentaSport Cup (Magenta Sport)<\/strong>, <strong>EISHOCKEY<\/strong><\/p>\n\n\n\n<p><span style=\"text-decoration: underline;\">Donnerstag, 12. November 2020<\/span><\/p>\n\n\n\n<p><strong><em>Adler Mannheim &#8211; EHC Red Bull M\u00fcnchen (19.15 Uhr)<\/em><\/strong><\/p>\n\n\n\n<p><img loading=\"lazy\" decoding=\"async\" width=\"10\" height=\"21\" class=\"wp-image-3656\" style=\"width: 10px;\" src=\"http:\/\/kommentatorenblog.de\/wp-content\/uploads\/2020\/09\/shure-55sh-ii-e1601485394796.jpg\" alt=\"\" srcset=\"http:\/\/kommentatorenblog.de\/wp-content\/uploads\/2020\/09\/shure-55sh-ii-e1601485394796.jpg 415w, http:\/\/kommentatorenblog.de\/wp-content\/uploads\/2020\/09\/shure-55sh-ii-e1601485394796-142x300.jpg 142w\" sizes=\"auto, (max-width: 10px) 100vw, 10px\" \/> Christoph Stadtler, Experte: Christoph Ullmann<\/p>\n\n\n\n<p>Moderation: Hans Finger<\/p>\n\n\n\n<p><span style=\"text-decoration: underline;\">Freitag, 13. November 2020<\/span><\/p>\n\n\n\n<p><strong><em>Eisb\u00e4ren Berlin &#8211; Schwenninger Wild Wings (19.15 Uhr)<\/em><\/strong><\/p>\n\n\n\n<p><img loading=\"lazy\" decoding=\"async\" width=\"10\" height=\"21\" class=\"wp-image-3656\" style=\"width: 10px;\" src=\"http:\/\/kommentatorenblog.de\/wp-content\/uploads\/2020\/09\/shure-55sh-ii-e1601485394796.jpg\" alt=\"\" srcset=\"http:\/\/kommentatorenblog.de\/wp-content\/uploads\/2020\/09\/shure-55sh-ii-e1601485394796.jpg 415w, http:\/\/kommentatorenblog.de\/wp-content\/uploads\/2020\/09\/shure-55sh-ii-e1601485394796-142x300.jpg 142w\" sizes=\"auto, (max-width: 10px) 100vw, 10px\" \/> Michael Maske<\/p>\n\n\n\n<p><span style=\"text-decoration: underline;\">Samstag, 14. November 2020<\/span><\/p>\n\n\n\n<p><strong><em>Grizzlys Wolfsburg &#8211; D\u00fcsseldorfer EG (16.45 Uhr)<\/em><\/strong><\/p>\n\n\n\n<p><img loading=\"lazy\" decoding=\"async\" width=\"10\" height=\"21\" class=\"wp-image-3656\" style=\"width: 10px;\" src=\"http:\/\/kommentatorenblog.de\/wp-content\/uploads\/2020\/09\/shure-55sh-ii-e1601485394796.jpg\" alt=\"\" srcset=\"http:\/\/kommentatorenblog.de\/wp-content\/uploads\/2020\/09\/shure-55sh-ii-e1601485394796.jpg 415w, http:\/\/kommentatorenblog.de\/wp-content\/uploads\/2020\/09\/shure-55sh-ii-e1601485394796-142x300.jpg 142w\" sizes=\"auto, (max-width: 10px) 100vw, 10px\" \/> Mirko Heintz<\/p>\n\n\n\n<p><span style=\"text-decoration: underline;\">Sonntag, 15. November 2020<\/span><\/p>\n\n\n\n<p><strong><em>EHC Red Bull M\u00fcnchen &#8211; Schwenninger Wild Wings (13.45 Uhr)<\/em><\/strong><\/p>\n\n\n\n<p><img loading=\"lazy\" decoding=\"async\" width=\"10\" height=\"21\" class=\"wp-image-3656\" style=\"width: 10px;\" src=\"http:\/\/kommentatorenblog.de\/wp-content\/uploads\/2020\/09\/shure-55sh-ii-e1601485394796.jpg\" alt=\"\" srcset=\"http:\/\/kommentatorenblog.de\/wp-content\/uploads\/2020\/09\/shure-55sh-ii-e1601485394796.jpg 415w, http:\/\/kommentatorenblog.de\/wp-content\/uploads\/2020\/09\/shure-55sh-ii-e1601485394796-142x300.jpg 142w\" sizes=\"auto, (max-width: 10px) 100vw, 10px\" \/> Jan L\u00fcdeke<\/p>\n\n\n\n<p><strong>DEL 2, 04. Spieltag (Magenta Sport)<\/strong><\/p>\n\n\n\n<p><span style=\"text-decoration: underline;\">Sonntag, 15. November 2020<\/span><\/p>\n\n\n\n<p><strong><em>Dresdner Eisl\u00f6wen &#8211; L\u00f6wen Frankfurt (16.45 Uhr)<\/em><\/strong><\/p>\n\n\n\n<p><img loading=\"lazy\" decoding=\"async\" width=\"10\" height=\"21\" class=\"wp-image-3656\" style=\"width: 10px;\" src=\"http:\/\/kommentatorenblog.de\/wp-content\/uploads\/2020\/09\/shure-55sh-ii-e1601485394796.jpg\" alt=\"\" srcset=\"http:\/\/kommentatorenblog.de\/wp-content\/uploads\/2020\/09\/shure-55sh-ii-e1601485394796.jpg 415w, http:\/\/kommentatorenblog.de\/wp-content\/uploads\/2020\/09\/shure-55sh-ii-e1601485394796-142x300.jpg 142w\" sizes=\"auto, (max-width: 10px) 100vw, 10px\" \/> Christoph Stadtler<\/p>\n\n\n\n<p><strong>Die Analyse <\/strong><\/p>\n\n\n\n<p><strong>ZDF &#8222;nur&#8220; teilweise aus dem Stadion<\/strong><\/p>\n\n\n\n<p>In der Nations League ist wieder mal das ZDF dran. Die \u00d6ffentlich- Rechtlichen wechseln sich ja hier bekanntlich ab. Wenig \u00fcberraschend meldet sich B\u00e9la R\u00e9thy mit der Partie der deutschen Nationalmannschaft gegen die Ukraine. Im Vergleich zu Hagemann\/Freund am Dienstag wird R\u00e9thy in Leipzig vor Ort sein. Per Mertesacker hat sich seinen Stammplatz erobert. Na gut, so ganz stimmt das nicht &#8211; neben ihm ist ja auch noch Ex-Hannoveraner Hanno Balitsch f\u00fcr das Zweite Deutsche Fernsehen im Einsatz. Aber immerhin in der Nations League hat der Mann aus der Eistonne seinen bislang unangefochtenen Platz gefunden. Moderieren wird Katrin M\u00fcller-Hohenstein. Beide melden sich aus dem Studio in Mainz. Zuletzt in Stuttgart war das ZDF mit der Crew ja wieder im Stadion &#8211; jetzt nur ein Teil. <\/p>\n\n\n\n<p>Die \u00fcbrigen Partien der Nations League werden von DAZN \u00fcbertragen. Es fehlen bis dato noch die Ansetzungen bei D\u00e4nemark gegen Island und Schweden gegen Kroatien. Im letzten Fall ist tats\u00e4chlich noch eine Besetzung zu erwarten, die gab es am 3. Spieltag der NL auch. Bei D\u00e4nemark gegen Island gab es zuletzt auch keinen deutschen Kommentar, obwohl es sich bei Teams um Mannschaften aus der Liga A handelt.<\/p>\n\n\n\n<p><strong>Platte bleibt Spanien treu &#8211; Portugal trifft auf Frankreich <\/strong><\/p>\n\n\n\n<p>Genug \u00fcber das, was nicht da ist und weiter zum Wesentlichen: DAZNs Chef-Kommentator l\u00e4sst es sich nicht nehmen wieder das Kr\u00e4ftemessen der Schweiz mit Spanien zu kommentieren. Grunds\u00e4tzlich hat es sicher seine Vorteile, wenn ein Kommentator beide Spiele \u00fcbernimmt, da er dann umso besser im Bilde sein sollte. Ich pers\u00f6nlich mag es lieber &#8211; aber das ist mir im Grunde auch nur bei den wirklich wichtigen Begegnungen wichtig &#8211; wenn die Sender in Hin- und R\u00fcckspiel auf variierendes Personal setzen. In diesem Fall ist es nat\u00fcrlich zu verschmerzen. Experte an seiner Seite ist Ralph Gunesch.<\/p>\n\n\n\n<p>Zeitgleich kommt es zum Showdown zwischen Portugal und Frankreich. Der Experte war mit Alexis Menuge bereits vorprogrammiert. Ebenfalls das Headset auf hat hier Lukas Sch\u00f6nm\u00fcller. Wenn die Niederlande am Sonntag auf Bosnien-Herzegowina trifft, ist das eine Sache f\u00fcr David Ploch. Freddie Schulz \u00fcbernimmt bei T\u00fcrkei &#8211; Russland und Mario Rieker kommentiert das Insel-Duell zwischen Wales und Irland. Wer wurde aus dem DAZN-Lager jetzt noch nicht genannt? Richtig, Uli Hebel. Der begleitet Belgien gegen England. Zur gleichen Zeit widmet sich Carsten Fu\u00df der Partie Italien gegen Polen. Bei \u00d6sterreich gegen Nordirland gibt Max Gross den Kommentator.<\/p>\n\n\n\n<p><strong>Keine \u00dcberraschungen in Liga drei &#8211; auch nicht im Aufsteiger-Duell<\/strong><\/p>\n\n\n\n<p>In der dritten Liga gibt es keine \u00dcberraschungen. Konstantin Klostermann, der ja auch beim Eishockey im Einsatz ist, moderiert zum Spieltagsauftakt bei Viktoria K\u00f6ln gegen Saarbr\u00fccken. Andere Vertreter, die sonst auch im Fu\u00dfball mit dabei sind, verbleiben in den n\u00e4chsten Tagen komplett beim Eishockey. Das trifft auf Christoph Stadtler und Jan L\u00fcdeke zu. Umgekehrt bleibt Basti Schwele ohne Eishockey-Einsatz, moderiert daf\u00fcr aber die Begegnung zwischen T\u00fcrkg\u00fcc\u00fc M\u00fcnchen und dem MSV Duisburg. Und wo wir schon wieder beim Thema sind: Die Ansetzungen im Magenta Sport Cup habe ich \u00fcbrigens auch noch eben unten mit angef\u00fchrt. Lohnenswert ist in der 3.Liga \u00fcbrigens das Montagabendspiel, dort messen sich n\u00e4mlich die beiden Aufsteiger SC Verl und VfB L\u00fcbeck. Christian Stra\u00dfburger ist mit von der Partie.<\/p>\n\n\n\n<p>In diesem Sinne, Euch ein sch\u00f6nes Wochenende!<\/p>\n","protected":false},"excerpt":{"rendered":"<p>N&#8217;Abend allerseits, man k\u00f6nnte meinen, seit meinem letzten Eintrag ist sportlich nicht viel passiert. Die deutschen Fu\u00dfball-Profi-Ligen sind im vollen Fluss, in der Champions League und Europa League brillieren die Superstars auch ohne Zuschauerscharen und im internationalen Fu\u00dfball nimmt die Saison ihren Lauf. Zwar hat es wieder einen Lockdown gegeben, allerdings ist die Wahrnehmung diesmal [&hellip;]<\/p>\n","protected":false},"author":2,"featured_media":0,"comment_status":"open","ping_status":"open","sticky":false,"template":"","format":"standard","meta":{"footnotes":""},"categories":[426],"tags":[10,292,153,47,131,35,387,171,386,165,13,331,123,48,50,378,205,9,388,243,130,283,328,293,161,108,105,37],"class_list":["post-4442","post","type-post","status-publish","format-standard","hentry","category-laenderspiele","tag-3-liga","tag-alex-kunz","tag-alexis-menuge","tag-bela-rethy","tag-carsten-fuss","tag-christian-strassburger","tag-christoph-schubert","tag-christoph-stadtler","tag-christoph-ullmann","tag-david-ploch","tag-dazn","tag-freddie-schulz","tag-jan-luedeke","tag-jan-platte","tag-katrin-mueller-hohenstein","tag-konstantin-klostermann","tag-lukas-schoenmueller","tag-magenta-sport","tag-magenta-sport-cup","tag-mario-rieker","tag-martin-piller","tag-max-gross","tag-nations-league","tag-oskar-heirler","tag-per-mertesacker","tag-ralph-gunesch","tag-uli-hebel","tag-zdf"],"_links":{"self":[{"href":"http:\/\/kommentatorenblog.de\/index.php?rest_route=\/wp\/v2\/posts\/4442","targetHints":{"allow":["GET"]}}],"collection":[{"href":"http:\/\/kommentatorenblog.de\/index.php?rest_route=\/wp\/v2\/posts"}],"about":[{"href":"http:\/\/kommentatorenblog.de\/index.php?rest_route=\/wp\/v2\/types\/post"}],"author":[{"embeddable":true,"href":"http:\/\/kommentatorenblog.de\/index.php?rest_route=\/wp\/v2\/users\/2"}],"replies":[{"embeddable":true,"href":"http:\/\/kommentatorenblog.de\/index.php?rest_route=%2Fwp%2Fv2%2Fcomments&post=4442"}],"version-history":[{"count":35,"href":"http:\/\/kommentatorenblog.de\/index.php?rest_route=\/wp\/v2\/posts\/4442\/revisions"}],"predecessor-version":[{"id":4529,"href":"http:\/\/kommentatorenblog.de\/index.php?rest_route=\/wp\/v2\/posts\/4442\/revisions\/4529"}],"wp:attachment":[{"href":"http:\/\/kommentatorenblog.de\/index.php?rest_route=%2Fwp%2Fv2%2Fmedia&parent=4442"}],"wp:term":[{"taxonomy":"category","embeddable":true,"href":"http:\/\/kommentatorenblog.de\/index.php?rest_route=%2Fwp%2Fv2%2Fcategories&post=4442"},{"taxonomy":"post_tag","embeddable":true,"href":"http:\/\/kommentatorenblog.de\/index.php?rest_route=%2Fwp%2Fv2%2Ftags&post=4442"}],"curies":[{"name":"wp","href":"https:\/\/api.w.org\/{rel}","templated":true}]}}