{"id":4548,"date":"2020-11-19T16:22:44","date_gmt":"2020-11-19T16:22:44","guid":{"rendered":"http:\/\/kommentatorenblog.de\/?p=4548"},"modified":"2020-12-30T15:09:00","modified_gmt":"2020-12-30T15:09:00","slug":"1126-wintersport-und-partnerschaften","status":"publish","type":"post","link":"http:\/\/kommentatorenblog.de\/?p=4548","title":{"rendered":"1126 \u2013 Wintersport und Partnerschaften"},"content":{"rendered":"\n<p>N\u00b4 Abend allerseits, <\/p>\n\n\n\n<p>diese Woche beginnt die neue <strong>Wintersport-Saison<\/strong> quasi &#8222;offiziell&#8220;. Nachdem der Ski Alpin-Weltcup im Oktober bereits standesgem\u00e4\u00df in S\u00f6lden Halt gemacht, folgen dieses Wochenende weitere Wintersportarten &#8211; Skispringen (Wisla\/Polen), Bob\/Skeleton (Sigulda\/Lettland) und Ski Freestyle (Stubaital\/\u00d6sterreich). Zudem trifft sich die weibliche Elite der Skifahrer f\u00fcr zwei Slalom-Rennen im finnischen Levi. Jeder passionierte Wintersport-Zuschauer wird die Weltcup-Orte kennen! Aber: Beim <strong>\u00dcbertragungskonzept <\/strong>gibt\u00b4s einige \u00c4nderungen &#8211; Stichwort: Corona-Pandemie. ZDF-Sportchef Thomas Fuhrmann spricht im Interview mit der dpa von <strong>&#8222;massiven Ver\u00e4nderungen&#8220;<\/strong>. Wir schauen mal gemeinsam drauf!  <\/p>\n\n\n\n<p><strong><em>Planungsproblem: <\/em><\/strong>ARD\/ZDF teilen sich die Wintersport-Wochenenden in &#8222;normalen Jahren&#8220; mehrere Monate vorher untereinander auf. Diese Planungssicherheit entf\u00e4llt, weil niemand die weitere Entwicklung (Fallzahlen, Reisebeschr\u00e4nkungen, finanzielle Lage der Veranstalter, etc.), und ihre Einfl\u00fcsse auf die verschiedenen Weltcup-Stationen, absch\u00e4tzen kann. <\/p>\n\n\n\n<p><strong><em>Studio statt Schnee:<\/em> <\/strong>Schade, aber unausweichlich: Die Moderatoren und Experten werden zumeist nicht vor Ort sein! Die beiden \u00f6ffentlich-rechtlichen Sender setzen nat\u00fcrlich vermehrt auf <strong>Studio-Sendungen<\/strong>! Die ARD hat in K\u00f6ln daf\u00fcr extra ein neues Studio eingerichtet. Zudem werden&nbsp;einzelne \u00dcbertragungen aus den Studios der zust\u00e4ndigen Sender produziert, beispielsweise Biathlon beim&nbsp;<abbr title=\"Rundfunk Berlin-Brandenburg\">RBB<\/abbr>.&nbsp;Die Reiset\u00e4tigkeiten werden heruntergefahren!<\/p>\n\n\n\n<p><em><strong>Berichterstattung:<\/strong> <\/em>Unter Corona wird die Qualit\u00e4t und die Vor-Ort-Berichterstattung definitiv leiden. Das ZDF will aber, soweit es die Situation zul\u00e4sst, immer einen Reporter und einen Kameramann zu den verschiedenen Weltcups schicken, um u.a. wichtige Interviews liefern zu k\u00f6nnen. Das ist der <strong>Mindest-Standard<\/strong>. Eine \u00e4hnliche Vorgehensweise beobachten wir ja in den letzten Wochen und Monaten bereits bei den Fu\u00dfball-\u00dcbertragungen aus Risikogebieten. Field-Reporter reisten zum Teil in die Risikogebiete. Andernfalls bestand f\u00fcr die Moderatoren im Studio immer die M\u00f6glichkeit der Schalte. <\/p>\n\n\n\n<p><strong><em>Umfang:<\/em><\/strong> Trotz aller Umst\u00e4nde und m\u00f6glichen Absagen wollen ARD\/ZDF auch dieses Jahr wieder rund <strong>500 Stunden Live-Berichterstattung<\/strong> liefern. <\/p>\n\n\n\n<p>Die \u00c4nderungen sind unausweichlich. Ich bin gespannt, inwiefern so ein Sendetag bei ARD\/ZDF aussehen wird. Ob\u00b4s die ein oder andere Ver\u00e4nderung beim On-Air-Personal geben wird, bleibt abzuwarten. Diese Wintersport-Saison werde ich hier als Thema bestimmt nochmal aufgreifen!<\/p>\n\n\n\n<p><strong>Die Katze ist aus dem Sack<\/strong><\/p>\n\n\n\n<p>Die offizielle Verk\u00fcndigung war ja nur noch eine Frage der Zeit!<strong> DAZN<\/strong> bietet erstmals <strong>zwei lineare TV-Sender<\/strong> an &#8211; allerdings vorerst nur f\u00fcr Vodafone-Kunden. Diese k\u00f6nnen zu ihrem TV-Angebot bei<strong> Vodafone <\/strong>ein DAZN-Abo f\u00fcr den Monatspreis von 9,99 \u20ac hinzubuchen &#8211; zweifelsfrei ein guter Deal. &#8222;Wir kommen allen entgegen, die noch nicht streamen&#8220;, erkl\u00e4rt DAZN-Chef de Buhr im <a href=\"https:\/\/www.dwdl.de\/interviews\/80289\/wir_kommen_allen_entgegen_die_noch_nicht_streamen\/\">Interview mit dem Medienmagazin DWDL<\/a>. Das Zitat trifft auf mich noch nicht zu, weil DAZN mir a) zwar entgegen kommt, ich aber b) nicht streamen will, solange die hier schon viel beschriebenen Nachteile existieren \ud83d\ude09 Tats\u00e4chlich bin ich Vodafon-Kunde und freue mich \u00fcber diese Partnerschaft. DAZN wird im n\u00e4chsten Rechtezeitraum wieder mehr <strong>&#8222;wichtige&#8220; Spiele<\/strong> (Finals, Bundesliga-Spiele und sowieso alles mit BVB-Beteiligung) \u00fcbertragen! Hier leide ich wirklich oft! Ich versp\u00fcre dieses Live-Gef\u00fchl nicht, dass &#8222;wichtige&#8220; Sport\u00fcbertragungen ja eigentlich ausmacht. <\/p>\n\n\n\n<p>Unabh\u00e4ngig von den offensichtlichen Nachteilen des Streamings von Live-Sport (Bildqualit\u00e4t und Minimum 40 Sek. zeitverz\u00f6gert), l\u00e4sst mich mein Internet (kleiner Reminder: &#8222;Ich bin Vodafone-Kunde&#8220;) bei &#8222;wichtigen&#8220; Spielen zudem meist im Stich. Deshalb werde ich mich mit diesen TV-Sendern auseinandersetzen &#8211; Update folgt demn\u00e4chst! <\/p>\n\n\n\n<p><strong>Partnerschaften gibt\u00b4s auch woanders<\/strong><\/p>\n\n\n\n<p>Wir befinden uns in der Medienbranche ja sowieso im <strong>Zeitalter der Partnerschaften<\/strong>. Und f\u00fcr die Kunden (siehe oben) ist dies ja meist nicht von Nachteil. So gibt\u00b4s <strong>TV Now Premium<\/strong>, die Streaming-Plattform von RTL, ab sofort kostenlos bei <strong>Magenta TV.<\/strong> Klingt f\u00fcr diesen Blog in erster Linie uninteressant. Allerdings hat RTL ab der kommenden Saison die Rechte f\u00fcr die komplette <strong>Europa League<\/strong>. Und wer\u00b4s vergessen hat: Die Deutsche&nbsp;Telekom&nbsp;hat sich die exklusiven \u00dcbertragungsrechte f\u00fcr die <strong>Fu\u00dfball-Europameisterschaft<\/strong> 2024 in Deutschland gesichert. Jetzt m\u00fcsste jeder ein und eins zusammenz\u00e4hlen k\u00f6nnen. Den Rest zu diesem Thema gibt\u00b4s wieder bei den Kollegen von <a href=\"https:\/\/www.dwdl.de\/magazin\/80285\/local_heroes_unter_sich_was_hinter_dem_telekomrtldeal_steckt\/\">DWDL<\/a>. <\/p>\n\n\n\n<p>Packt eure Meinungen zu diesen Themen gerne in die Kommentare!<\/p>\n\n\n\n<p>Und jetzt zu den Ansetzungen!<\/p>\n\n\n\n<hr class=\"wp-block-separator\"\/>\n\n\n\n<p><strong><em>Die Ansetzungen vom 20. November bis zum 23. November 2020<\/em><\/strong><\/p>\n\n\n\n<p><strong>Bundesliga, 08. Spieltag<\/strong><\/p>\n\n\n\n<p><span style=\"text-decoration: underline;\">Samstag, 21. November 2020, ab 14.00 Uhr (Sky)<\/span><\/p>\n\n\n\n<p><strong><em>FC<\/em><\/strong><em style=\"font-weight: bold;\"> Bayern M\u00fcnchen<\/em> <strong><em>\u2013<\/em><\/strong> <strong><em>SV Werder Bremen (15.30 Uhr)<\/em><\/strong><\/p>\n\n\n\n<p class=\"has-normal-font-size\"><img loading=\"lazy\" decoding=\"async\" width=\"10\" height=\"21\" class=\"wp-image-3656\" style=\"width: 10px;\" src=\"http:\/\/kommentatorenblog.de\/wp-content\/uploads\/2020\/09\/shure-55sh-ii-e1601485394796.jpg\" alt=\"\" srcset=\"http:\/\/kommentatorenblog.de\/wp-content\/uploads\/2020\/09\/shure-55sh-ii-e1601485394796.jpg 415w, http:\/\/kommentatorenblog.de\/wp-content\/uploads\/2020\/09\/shure-55sh-ii-e1601485394796-142x300.jpg 142w\" sizes=\"auto, (max-width: 10px) 100vw, 10px\" \/> Kai Dittmann (Einzelspiel), Frank Buschmann (Konferenz)<\/p>\n\n\n\n<p>Field-Reporter: Patrick Wasserziehr <\/p>\n\n\n\n<p><strong><em>Arminia Bielefeld \u2013<\/em><\/strong> <strong><em>Bayer Leverkusen (15.30 Uhr)<\/em><\/strong><\/p>\n\n\n\n<p class=\"has-normal-font-size\"><img loading=\"lazy\" decoding=\"async\" width=\"10\" height=\"21\" class=\"wp-image-3656\" style=\"width: 10px;\" src=\"http:\/\/kommentatorenblog.de\/wp-content\/uploads\/2020\/09\/shure-55sh-ii-e1601485394796.jpg\" alt=\"\" srcset=\"http:\/\/kommentatorenblog.de\/wp-content\/uploads\/2020\/09\/shure-55sh-ii-e1601485394796.jpg 415w, http:\/\/kommentatorenblog.de\/wp-content\/uploads\/2020\/09\/shure-55sh-ii-e1601485394796-142x300.jpg 142w\" sizes=\"auto, (max-width: 10px) 100vw, 10px\" \/> Michael Born (Einzelspiel), Hansi K\u00fcpper (Konferenz)<\/p>\n\n\n\n<p>Field-Reporter: Jens Westen<\/p>\n\n\n\n<p><strong><em>Borussia M\u00b4gladbach<\/em><\/strong> <strong><em>\u2013<\/em><\/strong> <strong><em>FC Augsburg (15.30 Uhr)<\/em><\/strong><\/p>\n\n\n\n<p class=\"has-normal-font-size\"><img loading=\"lazy\" decoding=\"async\" width=\"10\" height=\"21\" class=\"wp-image-3656\" style=\"width: 10px;\" src=\"http:\/\/kommentatorenblog.de\/wp-content\/uploads\/2020\/09\/shure-55sh-ii-e1601485394796.jpg\" alt=\"\" srcset=\"http:\/\/kommentatorenblog.de\/wp-content\/uploads\/2020\/09\/shure-55sh-ii-e1601485394796.jpg 415w, http:\/\/kommentatorenblog.de\/wp-content\/uploads\/2020\/09\/shure-55sh-ii-e1601485394796-142x300.jpg 142w\" sizes=\"auto, (max-width: 10px) 100vw, 10px\" \/> Marcus Lindemann (Einzelspiel), Toni Tomic (Konferenz)<\/p>\n\n\n\n<p>Field-Reporter: Michael Leopold  <\/p>\n\n\n\n<p><strong><em>FC Schalke 04<\/em><\/strong> <strong><em>\u2013<\/em><\/strong> <strong><em>VfL Wolfsburg (15.30 Uhr)<\/em><\/strong><\/p>\n\n\n\n<p class=\"has-normal-font-size\"><img loading=\"lazy\" decoding=\"async\" width=\"10\" height=\"21\" class=\"wp-image-3656\" style=\"width: 10px;\" src=\"http:\/\/kommentatorenblog.de\/wp-content\/uploads\/2020\/09\/shure-55sh-ii-e1601485394796.jpg\" alt=\"\" srcset=\"http:\/\/kommentatorenblog.de\/wp-content\/uploads\/2020\/09\/shure-55sh-ii-e1601485394796.jpg 415w, http:\/\/kommentatorenblog.de\/wp-content\/uploads\/2020\/09\/shure-55sh-ii-e1601485394796-142x300.jpg 142w\" sizes=\"auto, (max-width: 10px) 100vw, 10px\" \/> Tom Bayer (Einzelspiel), Jonas Friedrich (Konferenz)<\/p>\n\n\n\n<p>Field-Reporter: Dirk gro\u00dfe Schlarmann  <\/p>\n\n\n\n<p><strong><em>TSG 1899 Hoffenheim <\/em><\/strong><strong><em>\u2013<\/em><\/strong> <strong><em>VfB Stuttgart (15.30 Uhr)<\/em><\/strong><\/p>\n\n\n\n<p class=\"has-normal-font-size\"><img loading=\"lazy\" decoding=\"async\" width=\"10\" height=\"21\" class=\"wp-image-3656\" style=\"width: 10px;\" src=\"http:\/\/kommentatorenblog.de\/wp-content\/uploads\/2020\/09\/shure-55sh-ii-e1601485394796.jpg\" alt=\"\" srcset=\"http:\/\/kommentatorenblog.de\/wp-content\/uploads\/2020\/09\/shure-55sh-ii-e1601485394796.jpg 415w, http:\/\/kommentatorenblog.de\/wp-content\/uploads\/2020\/09\/shure-55sh-ii-e1601485394796-142x300.jpg 142w\" sizes=\"auto, (max-width: 10px) 100vw, 10px\" \/> Klaus Veltmann (Einzelspiel), Florian Schmidt-Sommerfeld (Konferenz)<\/p>\n\n\n\n<p>Field-Reporter: Ulli Potofski <\/p>\n\n\n\n<p>Moderation: Esther Sedlaczek, Experte: Didi Hamann <\/p>\n\n\n\n<p><span style=\"text-decoration: underline;\">ab 17.30 Uhr (Sky)<\/span><\/p>\n\n\n\n<p><strong><em>Eintracht Frankfurt<\/em><\/strong> <strong><em>\u2013<\/em><\/strong> <strong><em>RB Leipzig (18.30 Uhr)<\/em><\/strong><\/p>\n\n\n\n<p class=\"has-normal-font-size\"><img loading=\"lazy\" decoding=\"async\" width=\"10\" height=\"21\" class=\"wp-image-3656\" style=\"width: 10px;\" src=\"http:\/\/kommentatorenblog.de\/wp-content\/uploads\/2020\/09\/shure-55sh-ii-e1601485394796.jpg\" alt=\"\" srcset=\"http:\/\/kommentatorenblog.de\/wp-content\/uploads\/2020\/09\/shure-55sh-ii-e1601485394796.jpg 415w, http:\/\/kommentatorenblog.de\/wp-content\/uploads\/2020\/09\/shure-55sh-ii-e1601485394796-142x300.jpg 142w\" sizes=\"auto, (max-width: 10px) 100vw, 10px\" \/> Martin Gro\u00df  <\/p>\n\n\n\n<p>Field-Reporter: Ecki Heuser <\/p>\n\n\n\n<p>Moderation: Sebastian Hellmann, Experte: Lothar Matth\u00e4us <\/p>\n\n\n\n<p><span style=\"text-decoration: underline;\">ab 20.15 Uhr (DAZN)<\/span><\/p>\n\n\n\n<p><strong><em>Hertha BSC<\/em><\/strong> <strong><em>\u2013<\/em><\/strong> <strong><em>Borussia Dortmund (20.30 Uhr)<\/em><\/strong><\/p>\n\n\n\n<p class=\"has-normal-font-size\"><img loading=\"lazy\" decoding=\"async\" width=\"10\" height=\"21\" class=\"wp-image-3656\" style=\"width: 10px;\" src=\"http:\/\/kommentatorenblog.de\/wp-content\/uploads\/2020\/09\/shure-55sh-ii-e1601485394796.jpg\" alt=\"\" srcset=\"http:\/\/kommentatorenblog.de\/wp-content\/uploads\/2020\/09\/shure-55sh-ii-e1601485394796.jpg 415w, http:\/\/kommentatorenblog.de\/wp-content\/uploads\/2020\/09\/shure-55sh-ii-e1601485394796-142x300.jpg 142w\" sizes=\"auto, (max-width: 10px) 100vw, 10px\" \/> Jan Platte, Experte: Sandro Wagner <\/p>\n\n\n\n<p>Field-Reporter: Daniel Herzog<\/p>\n\n\n\n<p>Moderation: Alex Schl\u00fcter   <\/p>\n\n\n\n<p><span style=\"text-decoration: underline;\">Sonntag, 22. November 2020, ab 14.30 Uhr (Sky)<\/span><\/p>\n\n\n\n<p><strong><em>SC Freiburg<\/em><\/strong> <strong><em>\u2013<\/em><\/strong> <strong><em>1.FSV Mainz 05 (15.30 Uhr)<\/em><\/strong><\/p>\n\n\n\n<p class=\"has-normal-font-size\"><img loading=\"lazy\" decoding=\"async\" width=\"10\" height=\"21\" class=\"wp-image-3656\" style=\"width: 10px;\" src=\"http:\/\/kommentatorenblog.de\/wp-content\/uploads\/2020\/09\/shure-55sh-ii-e1601485394796.jpg\" alt=\"\" srcset=\"http:\/\/kommentatorenblog.de\/wp-content\/uploads\/2020\/09\/shure-55sh-ii-e1601485394796.jpg 415w, http:\/\/kommentatorenblog.de\/wp-content\/uploads\/2020\/09\/shure-55sh-ii-e1601485394796-142x300.jpg 142w\" sizes=\"auto, (max-width: 10px) 100vw, 10px\" \/> Roland Evers   <\/p>\n\n\n\n<p>Field-Reporter: Peter Hardenacke <\/p>\n\n\n\n<p><strong><em>1.FC K\u00f6ln<\/em><\/strong> <strong><em>\u2013<\/em><\/strong> <strong><em>1.FC Union Berlin (18.00 Uhr)<\/em><\/strong><\/p>\n\n\n\n<p><img loading=\"lazy\" decoding=\"async\" width=\"10\" height=\"21\" class=\"wp-image-3656\" style=\"width: 10px;\" src=\"http:\/\/kommentatorenblog.de\/wp-content\/uploads\/2020\/09\/shure-55sh-ii-e1601485394796.jpg\" alt=\"\" srcset=\"http:\/\/kommentatorenblog.de\/wp-content\/uploads\/2020\/09\/shure-55sh-ii-e1601485394796.jpg 415w, http:\/\/kommentatorenblog.de\/wp-content\/uploads\/2020\/09\/shure-55sh-ii-e1601485394796-142x300.jpg 142w\" sizes=\"auto, (max-width: 10px) 100vw, 10px\" \/> Hansi K\u00fcpper   <\/p>\n\n\n\n<p>Field-Reporter: Martin Gro\u00df <\/p>\n\n\n\n<p>Moderation: Jessica Libbertz, Experte: Benedikt H\u00f6wedes  <\/p>\n\n\n\n<hr class=\"wp-block-separator\"\/>\n\n\n\n<p><strong>2<\/strong>. <strong>Bundesliga, 08. Spieltag<\/strong><br><br><span style=\"text-decoration: underline;\">Samstag, 07. November 2020, ab 12.30 Uhr (Sky)<\/span><\/p>\n\n\n\n<p><strong><em>Holstein Kiel<\/em><\/strong> <strong><em>\u2013<\/em><\/strong> <strong><em>1.FC Heidenheim (13.00 Uhr)<\/em><\/strong><\/p>\n\n\n\n<p><img loading=\"lazy\" decoding=\"async\" width=\"10\" height=\"21\" class=\"wp-image-3656\" style=\"width: 10px;\" src=\"http:\/\/kommentatorenblog.de\/wp-content\/uploads\/2020\/09\/shure-55sh-ii-e1601485394796.jpg\" alt=\"\" srcset=\"http:\/\/kommentatorenblog.de\/wp-content\/uploads\/2020\/09\/shure-55sh-ii-e1601485394796.jpg 415w, http:\/\/kommentatorenblog.de\/wp-content\/uploads\/2020\/09\/shure-55sh-ii-e1601485394796-142x300.jpg 142w\" sizes=\"auto, (max-width: 10px) 100vw, 10px\" \/> Torsten Kunde   <\/p>\n\n\n\n<p><strong><em>Fortuna D\u00fcsseldorf \u2013<\/em><\/strong> <strong><em>SV Sandhausen (13.00 Uhr)<\/em><\/strong><\/p>\n\n\n\n<p><img loading=\"lazy\" decoding=\"async\" width=\"10\" height=\"21\" class=\"wp-image-3656\" style=\"width: 10px;\" src=\"http:\/\/kommentatorenblog.de\/wp-content\/uploads\/2020\/09\/shure-55sh-ii-e1601485394796.jpg\" alt=\"\" srcset=\"http:\/\/kommentatorenblog.de\/wp-content\/uploads\/2020\/09\/shure-55sh-ii-e1601485394796.jpg 415w, http:\/\/kommentatorenblog.de\/wp-content\/uploads\/2020\/09\/shure-55sh-ii-e1601485394796-142x300.jpg 142w\" sizes=\"auto, (max-width: 10px) 100vw, 10px\" \/> Karsten Petrzika, Field-Reporter: Christopher Lymberopoulus  <\/p>\n\n\n\n<p><strong><em>SC Paderborn 07 \u2013<\/em><\/strong> <strong><em>FC St. Pauli (13.00 Uhr)<\/em><\/strong><\/p>\n\n\n\n<p><img loading=\"lazy\" decoding=\"async\" width=\"10\" height=\"21\" class=\"wp-image-3656\" style=\"width: 10px;\" src=\"http:\/\/kommentatorenblog.de\/wp-content\/uploads\/2020\/09\/shure-55sh-ii-e1601485394796.jpg\" alt=\"\" srcset=\"http:\/\/kommentatorenblog.de\/wp-content\/uploads\/2020\/09\/shure-55sh-ii-e1601485394796.jpg 415w, http:\/\/kommentatorenblog.de\/wp-content\/uploads\/2020\/09\/shure-55sh-ii-e1601485394796-142x300.jpg 142w\" sizes=\"auto, (max-width: 10px) 100vw, 10px\" \/> J\u00fcrgen Schmitz, Interviews: Schalte <\/p>\n\n\n\n<p><strong><em>Eintracht Braunschweig \u2013<\/em><\/strong> <strong><em>Karlsruher SC (13.00 Uhr)<\/em><\/strong><\/p>\n\n\n\n<p><img loading=\"lazy\" decoding=\"async\" width=\"10\" height=\"21\" class=\"wp-image-3656\" style=\"width: 10px;\" src=\"http:\/\/kommentatorenblog.de\/wp-content\/uploads\/2020\/09\/shure-55sh-ii-e1601485394796.jpg\" alt=\"\" srcset=\"http:\/\/kommentatorenblog.de\/wp-content\/uploads\/2020\/09\/shure-55sh-ii-e1601485394796.jpg 415w, http:\/\/kommentatorenblog.de\/wp-content\/uploads\/2020\/09\/shure-55sh-ii-e1601485394796-142x300.jpg 142w\" sizes=\"auto, (max-width: 10px) 100vw, 10px\" \/> Heiko Mallwitz   <\/p>\n\n\n\n<p>Moderation: Nele Schenker    <\/p>\n\n\n\n<p><span style=\"text-decoration: underline;\">Sonntag, 22. November 2020, ab 13.00 Uhr (Sky)<\/span><\/p>\n\n\n\n<p><strong><em>Hamburger SV \u2013<\/em><\/strong> <strong><em>VfL Bochum (13.30 Uhr)<\/em><\/strong><\/p>\n\n\n\n<p><img loading=\"lazy\" decoding=\"async\" width=\"10\" height=\"21\" class=\"wp-image-3656\" style=\"width: 10px;\" src=\"http:\/\/kommentatorenblog.de\/wp-content\/uploads\/2020\/09\/shure-55sh-ii-e1601485394796.jpg\" alt=\"\" srcset=\"http:\/\/kommentatorenblog.de\/wp-content\/uploads\/2020\/09\/shure-55sh-ii-e1601485394796.jpg 415w, http:\/\/kommentatorenblog.de\/wp-content\/uploads\/2020\/09\/shure-55sh-ii-e1601485394796-142x300.jpg 142w\" sizes=\"auto, (max-width: 10px) 100vw, 10px\" \/> Holger Pfandt, Field-Reporter: Jurek Rohrberg    <\/p>\n\n\n\n<p><strong><em>W\u00fcrzburger Kickers<\/em><\/strong> <strong><em>\u2013<\/em><\/strong> <strong><em>Hannover 96 (13.30 Uhr)<\/em><\/strong><\/p>\n\n\n\n<p><img loading=\"lazy\" decoding=\"async\" width=\"10\" height=\"21\" class=\"wp-image-3656\" style=\"width: 10px;\" src=\"http:\/\/kommentatorenblog.de\/wp-content\/uploads\/2020\/09\/shure-55sh-ii-e1601485394796.jpg\" alt=\"\" srcset=\"http:\/\/kommentatorenblog.de\/wp-content\/uploads\/2020\/09\/shure-55sh-ii-e1601485394796.jpg 415w, http:\/\/kommentatorenblog.de\/wp-content\/uploads\/2020\/09\/shure-55sh-ii-e1601485394796-142x300.jpg 142w\" sizes=\"auto, (max-width: 10px) 100vw, 10px\" \/> J\u00f6rg Dahlmann, Field-Reporterin: Nele Schenker   <\/p>\n\n\n\n<p><strong><em>Erzgebirge Aue \u2013<\/em><\/strong> <strong><em>SV Darmstadt 98 (13.30 Uhr)<\/em><\/strong><\/p>\n\n\n\n<p><img loading=\"lazy\" decoding=\"async\" width=\"10\" height=\"21\" class=\"wp-image-3656\" style=\"width: 10px;\" src=\"http:\/\/kommentatorenblog.de\/wp-content\/uploads\/2020\/09\/shure-55sh-ii-e1601485394796.jpg\" alt=\"\" srcset=\"http:\/\/kommentatorenblog.de\/wp-content\/uploads\/2020\/09\/shure-55sh-ii-e1601485394796.jpg 415w, http:\/\/kommentatorenblog.de\/wp-content\/uploads\/2020\/09\/shure-55sh-ii-e1601485394796-142x300.jpg 142w\" sizes=\"auto, (max-width: 10px) 100vw, 10px\" \/> Jaron Steiner, Interviews: Schalte <\/p>\n\n\n\n<p><strong><em>SpVgg Greuther F\u00fcrth \u2013<\/em><\/strong> <strong><em>Jahn Regensburg (13.00 Uhr)<\/em><\/strong><\/p>\n\n\n\n<p><img loading=\"lazy\" decoding=\"async\" width=\"10\" height=\"21\" class=\"wp-image-3656\" style=\"width: 10px;\" src=\"http:\/\/kommentatorenblog.de\/wp-content\/uploads\/2020\/09\/shure-55sh-ii-e1601485394796.jpg\" alt=\"\" srcset=\"http:\/\/kommentatorenblog.de\/wp-content\/uploads\/2020\/09\/shure-55sh-ii-e1601485394796.jpg 415w, http:\/\/kommentatorenblog.de\/wp-content\/uploads\/2020\/09\/shure-55sh-ii-e1601485394796-142x300.jpg 142w\" sizes=\"auto, (max-width: 10px) 100vw, 10px\" \/> Sven Haist, Interviews: Schalte <\/p>\n\n\n\n<p>Moderation: Yannick Erkenbrecher, Experte: Torsten Mattuschka <\/p>\n\n\n\n<p><span style=\"text-decoration: underline;\">Montag, 23. November 2020, ab 20.00 Uhr (Sky)<\/span><\/p>\n\n\n\n<p><strong><em>VfL Osnabr\u00fcck \u2013<\/em><\/strong> <strong><em>1.FC N\u00fcrnberg (20.30 Uhr)<\/em><\/strong><\/p>\n\n\n\n<p><img loading=\"lazy\" decoding=\"async\" width=\"10\" height=\"21\" class=\"wp-image-3656\" style=\"width: 10px;\" src=\"http:\/\/kommentatorenblog.de\/wp-content\/uploads\/2020\/09\/shure-55sh-ii-e1601485394796.jpg\" alt=\"\" srcset=\"http:\/\/kommentatorenblog.de\/wp-content\/uploads\/2020\/09\/shure-55sh-ii-e1601485394796.jpg 415w, http:\/\/kommentatorenblog.de\/wp-content\/uploads\/2020\/09\/shure-55sh-ii-e1601485394796-142x300.jpg 142w\" sizes=\"auto, (max-width: 10px) 100vw, 10px\" \/> Stefan Hempel, Experte: Torsten Mattuschka<\/p>\n\n\n\n<p>Field-Reporter: Marco Wiefel <\/p>\n\n\n\n<hr class=\"wp-block-separator\"\/>\n\n\n\n<p><strong>3. Liga, 11. Spieltag<\/strong><\/p>\n\n\n\n<p><span style=\"text-decoration: underline;\">Freitag, 06. November 2020, ab 18.30 Uhr (Magenta Sport)<\/span><\/p>\n\n\n\n<p><strong><em>MSV Duisburg <\/em><\/strong><strong><em>\u2013<\/em><\/strong><strong><em> SC Verl (19.00 Uhr)<\/em><\/strong><\/p>\n\n\n\n<p><img loading=\"lazy\" decoding=\"async\" width=\"10\" height=\"21\" class=\"wp-image-3656\" style=\"width: 10px;\" src=\"http:\/\/kommentatorenblog.de\/wp-content\/uploads\/2020\/09\/shure-55sh-ii-e1601485394796.jpg\" alt=\"\" srcset=\"http:\/\/kommentatorenblog.de\/wp-content\/uploads\/2020\/09\/shure-55sh-ii-e1601485394796.jpg 415w, http:\/\/kommentatorenblog.de\/wp-content\/uploads\/2020\/09\/shure-55sh-ii-e1601485394796-142x300.jpg 142w\" sizes=\"auto, (max-width: 10px) 100vw, 10px\" \/> Stefan Fuckert   <\/p>\n\n\n\n<p>Moderation: Tobi Sch\u00e4fer, Experte: Rudi Bommer    <\/p>\n\n\n\n<p><span style=\"text-decoration: underline;\">Samstag, 07. November 2020, ab 13.45 Uhr (Magenta Sport)&nbsp;<\/span><\/p>\n\n\n\n<p><strong><em>Konferenz (14.00 Uhr)<\/em><\/strong><\/p>\n\n\n\n<p><img loading=\"lazy\" decoding=\"async\" width=\"10\" height=\"21\" class=\"wp-image-3656\" style=\"width: 10px;\" src=\"http:\/\/kommentatorenblog.de\/wp-content\/uploads\/2020\/09\/shure-55sh-ii-e1601485394796.jpg\" alt=\"\" srcset=\"http:\/\/kommentatorenblog.de\/wp-content\/uploads\/2020\/09\/shure-55sh-ii-e1601485394796.jpg 415w, http:\/\/kommentatorenblog.de\/wp-content\/uploads\/2020\/09\/shure-55sh-ii-e1601485394796-142x300.jpg 142w\" sizes=\"auto, (max-width: 10px) 100vw, 10px\" \/> Alex Kunz und Sascha Bandermann  <\/p>\n\n\n\n<p><strong><em>FSV Zwickau<\/em><\/strong> <strong><em>\u2013<\/em><\/strong> <strong><em>SV Waldhof Mannheim (14.00 Uhr)<\/em><\/strong><\/p>\n\n\n\n<p><img loading=\"lazy\" decoding=\"async\" width=\"10\" height=\"21\" class=\"wp-image-3656\" style=\"width: 10px;\" src=\"http:\/\/kommentatorenblog.de\/wp-content\/uploads\/2020\/09\/shure-55sh-ii-e1601485394796.jpg\" alt=\"\" srcset=\"http:\/\/kommentatorenblog.de\/wp-content\/uploads\/2020\/09\/shure-55sh-ii-e1601485394796.jpg 415w, http:\/\/kommentatorenblog.de\/wp-content\/uploads\/2020\/09\/shure-55sh-ii-e1601485394796-142x300.jpg 142w\" sizes=\"auto, (max-width: 10px) 100vw, 10px\" \/> Markus Herwig  <\/p>\n\n\n\n<p>Moderation: Stefanie Blochwitz <\/p>\n\n\n\n<p><strong><em>Hallescher FC<\/em><\/strong> <strong><em>\u2013<\/em><\/strong> <strong><em>1.FC Kaiserslautern (14.00 Uhr)<\/em><\/strong><\/p>\n\n\n\n<p><img loading=\"lazy\" decoding=\"async\" width=\"10\" height=\"21\" class=\"wp-image-3656\" style=\"width: 10px;\" src=\"http:\/\/kommentatorenblog.de\/wp-content\/uploads\/2020\/09\/shure-55sh-ii-e1601485394796.jpg\" alt=\"\" srcset=\"http:\/\/kommentatorenblog.de\/wp-content\/uploads\/2020\/09\/shure-55sh-ii-e1601485394796.jpg 415w, http:\/\/kommentatorenblog.de\/wp-content\/uploads\/2020\/09\/shure-55sh-ii-e1601485394796-142x300.jpg 142w\" sizes=\"auto, (max-width: 10px) 100vw, 10px\" \/> Lenny Leonhardt   <\/p>\n\n\n\n<p>Moderation: Anett Sattler <\/p>\n\n\n\n<p><s><strong><em>SV Meppen<\/em><\/strong> <strong><em>\u2013<\/em><\/strong> <strong><em>T\u00fcrkg\u00fcc\u00fc M\u00fcnchen (14.00 Uhr)<\/em><\/strong> <\/s><strong><em>   -abgesagt-<\/em><\/strong><\/p>\n\n\n\n<p><img loading=\"lazy\" decoding=\"async\" width=\"10\" height=\"21\" class=\"wp-image-3656\" style=\"width: 10px;\" src=\"http:\/\/kommentatorenblog.de\/wp-content\/uploads\/2020\/09\/shure-55sh-ii-e1601485394796.jpg\" alt=\"\" srcset=\"http:\/\/kommentatorenblog.de\/wp-content\/uploads\/2020\/09\/shure-55sh-ii-e1601485394796.jpg 415w, http:\/\/kommentatorenblog.de\/wp-content\/uploads\/2020\/09\/shure-55sh-ii-e1601485394796-142x300.jpg 142w\" sizes=\"auto, (max-width: 10px) 100vw, 10px\" \/> Mike M\u00fcnkel <\/p>\n\n\n\n<p>Moderation: Thomas Wagner  <\/p>\n\n\n\n<p><span style=\"text-decoration: underline;\">ab 13.45 Uhr (Magenta Sport) \/ ab 14.00 Uhr (SR, MDR, NDR, BR)<\/span> <\/p>\n\n\n\n<p><strong><em>1.FC Saarbr\u00fccken<\/em><\/strong> <strong><em>\u2013<\/em><\/strong> <strong><em>SV Wehen Wiesbaden (14.00 Uhr)<\/em><\/strong><\/p>\n\n\n\n<p><img loading=\"lazy\" decoding=\"async\" width=\"10\" height=\"21\" class=\"wp-image-3656\" style=\"width: 10px;\" src=\"http:\/\/kommentatorenblog.de\/wp-content\/uploads\/2020\/09\/shure-55sh-ii-e1601485394796.jpg\" alt=\"\" srcset=\"http:\/\/kommentatorenblog.de\/wp-content\/uploads\/2020\/09\/shure-55sh-ii-e1601485394796.jpg 415w, http:\/\/kommentatorenblog.de\/wp-content\/uploads\/2020\/09\/shure-55sh-ii-e1601485394796-142x300.jpg 142w\" sizes=\"auto, (max-width: 10px) 100vw, 10px\" \/> Magenta Sport: Markus H\u00f6hner <\/p>\n\n\n\n<p><img loading=\"lazy\" decoding=\"async\" width=\"10\" height=\"21\" class=\"wp-image-3656\" style=\"width: 10px;\" src=\"http:\/\/kommentatorenblog.de\/wp-content\/uploads\/2020\/09\/shure-55sh-ii-e1601485394796.jpg\" alt=\"\" srcset=\"http:\/\/kommentatorenblog.de\/wp-content\/uploads\/2020\/09\/shure-55sh-ii-e1601485394796.jpg 415w, http:\/\/kommentatorenblog.de\/wp-content\/uploads\/2020\/09\/shure-55sh-ii-e1601485394796-142x300.jpg 142w\" sizes=\"auto, (max-width: 10px) 100vw, 10px\" \/> SR: Frank Grundhever  <\/p>\n\n\n\n<p>Moderation (Magenta Sport): Thomas Wagner    <\/p>\n\n\n\n<p>Moderation (SR): Thomas Braml, Experte: Philipp Wollscheid <\/p>\n\n\n\n<p><strong><em>FC Hansa Rostock<\/em><\/strong> <strong><em>\u2013<\/em><\/strong> <strong><em>SG Dynamo Dresden (14.00 Uhr)<\/em><\/strong><\/p>\n\n\n\n<p><img loading=\"lazy\" decoding=\"async\" width=\"10\" height=\"21\" class=\"wp-image-3656\" style=\"width: 10px;\" src=\"http:\/\/kommentatorenblog.de\/wp-content\/uploads\/2020\/09\/shure-55sh-ii-e1601485394796.jpg\" alt=\"\" srcset=\"http:\/\/kommentatorenblog.de\/wp-content\/uploads\/2020\/09\/shure-55sh-ii-e1601485394796.jpg 415w, http:\/\/kommentatorenblog.de\/wp-content\/uploads\/2020\/09\/shure-55sh-ii-e1601485394796-142x300.jpg 142w\" sizes=\"auto, (max-width: 10px) 100vw, 10px\" \/> Magenta Sport: Andreas Mann<\/p>\n\n\n\n<p><img loading=\"lazy\" decoding=\"async\" width=\"10\" height=\"21\" class=\"wp-image-3656\" style=\"width: 10px;\" src=\"http:\/\/kommentatorenblog.de\/wp-content\/uploads\/2020\/09\/shure-55sh-ii-e1601485394796.jpg\" alt=\"\" srcset=\"http:\/\/kommentatorenblog.de\/wp-content\/uploads\/2020\/09\/shure-55sh-ii-e1601485394796.jpg 415w, http:\/\/kommentatorenblog.de\/wp-content\/uploads\/2020\/09\/shure-55sh-ii-e1601485394796-142x300.jpg 142w\" sizes=\"auto, (max-width: 10px) 100vw, 10px\" \/> NDR: Hendrik&nbsp;Deichmann <\/p>\n\n\n\n<p><img loading=\"lazy\" decoding=\"async\" width=\"10\" height=\"21\" class=\"wp-image-3656\" style=\"width: 10px;\" src=\"http:\/\/kommentatorenblog.de\/wp-content\/uploads\/2020\/09\/shure-55sh-ii-e1601485394796.jpg\" alt=\"\" srcset=\"http:\/\/kommentatorenblog.de\/wp-content\/uploads\/2020\/09\/shure-55sh-ii-e1601485394796.jpg 415w, http:\/\/kommentatorenblog.de\/wp-content\/uploads\/2020\/09\/shure-55sh-ii-e1601485394796-142x300.jpg 142w\" sizes=\"auto, (max-width: 10px) 100vw, 10px\" \/> MDR: Torsten P\u00fcschel, Experte: Benjamin Kirsten <\/p>\n\n\n\n<p>Moderation (Magenta Sport): Gari Paubandt  <\/p>\n\n\n\n<p>Moderation (NDR): Ben Wozny<\/p>\n\n\n\n<p>Moderation (MDR): Stephanie M\u00fcller-Spirra, Experte: Lutz Lindemann <\/p>\n\n\n\n<p><strong><em>TSV 1860 M\u00fcnchen<\/em><\/strong> <strong><em>\u2013<\/em><\/strong> <strong><em>KFC Uerdingen (14.00 Uhr)<\/em><\/strong><\/p>\n\n\n\n<p><img loading=\"lazy\" decoding=\"async\" width=\"10\" height=\"21\" class=\"wp-image-3656\" style=\"width: 10px;\" src=\"http:\/\/kommentatorenblog.de\/wp-content\/uploads\/2020\/09\/shure-55sh-ii-e1601485394796.jpg\" alt=\"\" srcset=\"http:\/\/kommentatorenblog.de\/wp-content\/uploads\/2020\/09\/shure-55sh-ii-e1601485394796.jpg 415w, http:\/\/kommentatorenblog.de\/wp-content\/uploads\/2020\/09\/shure-55sh-ii-e1601485394796-142x300.jpg 142w\" sizes=\"auto, (max-width: 10px) 100vw, 10px\" \/> Magenta Sport: Martin Piller<\/p>\n\n\n\n<p><img loading=\"lazy\" decoding=\"async\" width=\"10\" height=\"21\" class=\"wp-image-3656\" style=\"width: 10px;\" src=\"http:\/\/kommentatorenblog.de\/wp-content\/uploads\/2020\/09\/shure-55sh-ii-e1601485394796.jpg\" alt=\"\" srcset=\"http:\/\/kommentatorenblog.de\/wp-content\/uploads\/2020\/09\/shure-55sh-ii-e1601485394796.jpg 415w, http:\/\/kommentatorenblog.de\/wp-content\/uploads\/2020\/09\/shure-55sh-ii-e1601485394796-142x300.jpg 142w\" sizes=\"auto, (max-width: 10px) 100vw, 10px\" \/> BR: Flo Eckl <\/p>\n\n\n\n<p>Moderation (Magenta Sport): Simon K\u00f6pfer      <\/p>\n\n\n\n<p>Moderation (BR): Julia B\u00fcchler  <\/p>\n\n\n\n<p><span style=\"text-decoration: underline;\">Sonntag, 22. November, 12.45 Uhr (Magenta Sport)<\/span><\/p>\n\n\n\n<p><strong><em>VfB L\u00fcbeck \u2013<\/em><\/strong> <strong><em>FC Bayern M\u00fcnchen II (13.00 Uhr)<\/em><\/strong><\/p>\n\n\n\n<p><img loading=\"lazy\" decoding=\"async\" width=\"10\" height=\"21\" class=\"wp-image-3656\" style=\"width: 10px;\" src=\"http:\/\/kommentatorenblog.de\/wp-content\/uploads\/2020\/09\/shure-55sh-ii-e1601485394796.jpg\" alt=\"\" srcset=\"http:\/\/kommentatorenblog.de\/wp-content\/uploads\/2020\/09\/shure-55sh-ii-e1601485394796.jpg 415w, http:\/\/kommentatorenblog.de\/wp-content\/uploads\/2020\/09\/shure-55sh-ii-e1601485394796-142x300.jpg 142w\" sizes=\"auto, (max-width: 10px) 100vw, 10px\" \/> Michael Augustin<\/p>\n\n\n\n<p>Moderation: Cedric Pick <\/p>\n\n\n\n<p><strong><em>SpVgg Unterhaching<\/em><\/strong> <strong><em>\u2013<\/em><\/strong> <strong><em>FC Viktoria K\u00f6ln (14.00 Uhr)<\/em><\/strong><\/p>\n\n\n\n<p><img loading=\"lazy\" decoding=\"async\" width=\"10\" height=\"21\" class=\"wp-image-3656\" style=\"width: 10px;\" src=\"http:\/\/kommentatorenblog.de\/wp-content\/uploads\/2020\/09\/shure-55sh-ii-e1601485394796.jpg\" alt=\"\" srcset=\"http:\/\/kommentatorenblog.de\/wp-content\/uploads\/2020\/09\/shure-55sh-ii-e1601485394796.jpg 415w, http:\/\/kommentatorenblog.de\/wp-content\/uploads\/2020\/09\/shure-55sh-ii-e1601485394796-142x300.jpg 142w\" sizes=\"auto, (max-width: 10px) 100vw, 10px\" \/> Oskar Heirler <\/p>\n\n\n\n<p>Moderation: Simon K\u00f6pfer   <\/p>\n\n\n\n<p><span style=\"text-decoration: underline;\">Montag, 23. November, 18.45 Uhr (Magenta Sport)<\/span><\/p>\n\n\n\n<p><strong><em>FC Ingolstadt \u2013<\/em><\/strong> <strong><em>1.FC Magdeburg (19.00 Uhr)<\/em><\/strong><\/p>\n\n\n\n<p><img loading=\"lazy\" decoding=\"async\" width=\"10\" height=\"21\" class=\"wp-image-3656\" style=\"width: 10px;\" src=\"http:\/\/kommentatorenblog.de\/wp-content\/uploads\/2020\/09\/shure-55sh-ii-e1601485394796.jpg\" alt=\"\" srcset=\"http:\/\/kommentatorenblog.de\/wp-content\/uploads\/2020\/09\/shure-55sh-ii-e1601485394796.jpg 415w, http:\/\/kommentatorenblog.de\/wp-content\/uploads\/2020\/09\/shure-55sh-ii-e1601485394796-142x300.jpg 142w\" sizes=\"auto, (max-width: 10px) 100vw, 10px\" \/> Franz B\u00fcchner<\/p>\n\n\n\n<p>Moderation: Alex Klich   <\/p>\n\n\n\n<hr class=\"wp-block-separator\"\/>\n\n\n\n<p><strong>Bundesliga Frauen, 10. Spieltag<\/strong><\/p>\n\n\n\n<p><span style=\"text-decoration: underline;\">Freitag, 20. November 2020, ab 19.15 Uhr (Eurosport)\/ (Magenta Sport)<\/span><\/p>\n\n\n\n<p><strong><em>VfL Wolfsburg<\/em><\/strong>&nbsp;<strong><em>\u2013<\/em><\/strong>&nbsp;<strong><em>Eintracht Frankfurt (19.15 Uhr)<\/em><\/strong><\/p>\n\n\n\n<p>Eurosport: <img loading=\"lazy\" decoding=\"async\" width=\"10\" height=\"21\" class=\"wp-image-3656\" style=\"width: 10px;\" src=\"http:\/\/kommentatorenblog.de\/wp-content\/uploads\/2020\/09\/shure-55sh-ii-e1601485394796.jpg\" alt=\"\" srcset=\"http:\/\/kommentatorenblog.de\/wp-content\/uploads\/2020\/09\/shure-55sh-ii-e1601485394796.jpg 415w, http:\/\/kommentatorenblog.de\/wp-content\/uploads\/2020\/09\/shure-55sh-ii-e1601485394796-142x300.jpg 142w\" sizes=\"auto, (max-width: 10px) 100vw, 10px\" \/> Matthias Stach <\/p>\n\n\n\n<p>Magenta Sport: Christoph Stadtler <\/p>\n\n\n\n<p><span style=\"text-decoration: underline;\">Sonntag, 22. November 2020, ab 14.00 Uhr (Magenta Sport<\/span>)<\/p>\n\n\n\n<p><strong><em>FC Bayern M\u00fcnchen <\/em><\/strong><strong><em>\u2013<\/em><\/strong>&nbsp;<strong><em>Bayer Leverkusen (14.00 Uhr)<\/em><\/strong><\/p>\n\n\n\n<p><img loading=\"lazy\" decoding=\"async\" width=\"10\" height=\"21\" class=\"wp-image-3656\" style=\"width: 10px;\" src=\"http:\/\/kommentatorenblog.de\/wp-content\/uploads\/2020\/09\/shure-55sh-ii-e1601485394796.jpg\" alt=\"\" srcset=\"http:\/\/kommentatorenblog.de\/wp-content\/uploads\/2020\/09\/shure-55sh-ii-e1601485394796.jpg 415w, http:\/\/kommentatorenblog.de\/wp-content\/uploads\/2020\/09\/shure-55sh-ii-e1601485394796-142x300.jpg 142w\" sizes=\"auto, (max-width: 10px) 100vw, 10px\" \/>  Christoph Fetzer    <\/p>\n\n\n\n<hr class=\"wp-block-separator\"\/>\n\n\n\n<p><strong>Premier League, 08. Spieltag<\/strong><\/p>\n\n\n\n<p><span style=\"text-decoration: underline;\">Samstag, 21. November 2020, ab 13.20 Uhr (Sky)<\/span><\/p>\n\n\n\n<p><strong><em>Newcastle United<\/em><\/strong> <strong><em>\u2013<\/em><\/strong> <strong><em>FC Chelsea (13.30 Uhr)<\/em><\/strong><\/p>\n\n\n\n<p><img loading=\"lazy\" decoding=\"async\" width=\"10\" height=\"21\" class=\"wp-image-3656\" style=\"width: 10px;\" src=\"http:\/\/kommentatorenblog.de\/wp-content\/uploads\/2020\/09\/shure-55sh-ii-e1601485394796.jpg\" alt=\"\" srcset=\"http:\/\/kommentatorenblog.de\/wp-content\/uploads\/2020\/09\/shure-55sh-ii-e1601485394796.jpg 415w, http:\/\/kommentatorenblog.de\/wp-content\/uploads\/2020\/09\/shure-55sh-ii-e1601485394796-142x300.jpg 142w\" sizes=\"auto, (max-width: 10px) 100vw, 10px\" \/> Roland Evers   <\/p>\n\n\n\n<p><span style=\"text-decoration: underline;\">ab 15.50 Uhr (Sky)<\/span><\/p>\n\n\n\n<p><strong><em>Aston Villa<\/em><\/strong> <strong><em>\u2013<\/em><\/strong> <strong><em>Brighton &amp; Hove Albion (16.00 Uhr)<\/em><\/strong><\/p>\n\n\n\n<p><img loading=\"lazy\" decoding=\"async\" width=\"10\" height=\"21\" class=\"wp-image-3656\" style=\"width: 10px;\" src=\"http:\/\/kommentatorenblog.de\/wp-content\/uploads\/2020\/09\/shure-55sh-ii-e1601485394796.jpg\" alt=\"\" srcset=\"http:\/\/kommentatorenblog.de\/wp-content\/uploads\/2020\/09\/shure-55sh-ii-e1601485394796.jpg 415w, http:\/\/kommentatorenblog.de\/wp-content\/uploads\/2020\/09\/shure-55sh-ii-e1601485394796-142x300.jpg 142w\" sizes=\"auto, (max-width: 10px) 100vw, 10px\" \/> Sven Schr\u00f6ter  <\/p>\n\n\n\n<p><span style=\"text-decoration: underline;\">ab 18.15 Uhr (Sky)<\/span><\/p>\n\n\n\n<p><strong><em>Tottenham Hotspur <\/em><\/strong><strong><em>\u2013<\/em><\/strong> <strong><em>Manchester City (18.30 Uhr)<\/em><\/strong><\/p>\n\n\n\n<p><img loading=\"lazy\" decoding=\"async\" width=\"10\" height=\"21\" class=\"wp-image-3656\" style=\"width: 10px;\" src=\"http:\/\/kommentatorenblog.de\/wp-content\/uploads\/2020\/09\/shure-55sh-ii-e1601485394796.jpg\" alt=\"\" srcset=\"http:\/\/kommentatorenblog.de\/wp-content\/uploads\/2020\/09\/shure-55sh-ii-e1601485394796.jpg 415w, http:\/\/kommentatorenblog.de\/wp-content\/uploads\/2020\/09\/shure-55sh-ii-e1601485394796-142x300.jpg 142w\" sizes=\"auto, (max-width: 10px) 100vw, 10px\" \/> Hannes Herrmann  <\/p>\n\n\n\n<p><span style=\"text-decoration: underline;\">ab 20.50 Uhr (Sky)<\/span><\/p>\n\n\n\n<p><strong><em>Manchester United \u2013<\/em><\/strong> <strong><em>West Bromwich Albion (21.00 Uhr)<\/em><\/strong><\/p>\n\n\n\n<p><img loading=\"lazy\" decoding=\"async\" width=\"10\" height=\"21\" class=\"wp-image-3656\" style=\"width: 10px;\" src=\"http:\/\/kommentatorenblog.de\/wp-content\/uploads\/2020\/09\/shure-55sh-ii-e1601485394796.jpg\" alt=\"\" srcset=\"http:\/\/kommentatorenblog.de\/wp-content\/uploads\/2020\/09\/shure-55sh-ii-e1601485394796.jpg 415w, http:\/\/kommentatorenblog.de\/wp-content\/uploads\/2020\/09\/shure-55sh-ii-e1601485394796-142x300.jpg 142w\" sizes=\"auto, (max-width: 10px) 100vw, 10px\" \/> Joachim Hebel  <\/p>\n\n\n\n<p><span style=\"text-decoration: underline;\">Sonntag, 22. November 2020, ab 12.50 Uhr (Sky)<\/span><\/p>\n\n\n\n<p><strong><em>FC Fulham<\/em><\/strong> <strong><em>\u2013<\/em><\/strong> <strong><em>FC Everton (13.00 Uhr)<\/em><\/strong><\/p>\n\n\n\n<p><img loading=\"lazy\" decoding=\"async\" width=\"10\" height=\"21\" class=\"wp-image-3656\" style=\"width: 10px;\" src=\"http:\/\/kommentatorenblog.de\/wp-content\/uploads\/2020\/09\/shure-55sh-ii-e1601485394796.jpg\" alt=\"\" srcset=\"http:\/\/kommentatorenblog.de\/wp-content\/uploads\/2020\/09\/shure-55sh-ii-e1601485394796.jpg 415w, http:\/\/kommentatorenblog.de\/wp-content\/uploads\/2020\/09\/shure-55sh-ii-e1601485394796-142x300.jpg 142w\" sizes=\"auto, (max-width: 10px) 100vw, 10px\" \/> Hannes Herrmann <\/p>\n\n\n\n<p><span style=\"text-decoration: underline;\">ab 14.55 Uhr (Sky)<\/span><\/p>\n\n\n\n<p><strong><em>Sheffield United \u2013<\/em><\/strong> <strong><em>West Ham United (15.00 Uhr)<\/em><\/strong><\/p>\n\n\n\n<p><img loading=\"lazy\" decoding=\"async\" width=\"10\" height=\"21\" class=\"wp-image-3656\" style=\"width: 10px;\" src=\"http:\/\/kommentatorenblog.de\/wp-content\/uploads\/2020\/09\/shure-55sh-ii-e1601485394796.jpg\" alt=\"\" srcset=\"http:\/\/kommentatorenblog.de\/wp-content\/uploads\/2020\/09\/shure-55sh-ii-e1601485394796.jpg 415w, http:\/\/kommentatorenblog.de\/wp-content\/uploads\/2020\/09\/shure-55sh-ii-e1601485394796-142x300.jpg 142w\" sizes=\"auto, (max-width: 10px) 100vw, 10px\" \/> Joachim Hebel <\/p>\n\n\n\n<p><span style=\"text-decoration: underline;\">ab 17.20 Uhr (Sky)<\/span><\/p>\n\n\n\n<p><strong><em>Leeds United \u2013<\/em><\/strong> <strong><em>FC Arsenal (17.30 Uhr)<\/em><\/strong><\/p>\n\n\n\n<p><img loading=\"lazy\" decoding=\"async\" width=\"10\" height=\"21\" class=\"wp-image-3656\" style=\"width: 10px;\" src=\"http:\/\/kommentatorenblog.de\/wp-content\/uploads\/2020\/09\/shure-55sh-ii-e1601485394796.jpg\" alt=\"\" srcset=\"http:\/\/kommentatorenblog.de\/wp-content\/uploads\/2020\/09\/shure-55sh-ii-e1601485394796.jpg 415w, http:\/\/kommentatorenblog.de\/wp-content\/uploads\/2020\/09\/shure-55sh-ii-e1601485394796-142x300.jpg 142w\" sizes=\"auto, (max-width: 10px) 100vw, 10px\" \/> Toni Tomic <br><br><span style=\"text-decoration: underline;\">ab 19.30 Uhr (Sky)<\/span><\/p>\n\n\n\n<p><strong><em>FC Liverpool \u2013<\/em><\/strong> <strong><em>Leicester City (20.15 Uhr)<\/em><\/strong><\/p>\n\n\n\n<p><img loading=\"lazy\" decoding=\"async\" width=\"10\" height=\"21\" class=\"wp-image-3656\" style=\"width: 10px;\" src=\"http:\/\/kommentatorenblog.de\/wp-content\/uploads\/2020\/09\/shure-55sh-ii-e1601485394796.jpg\" alt=\"\" srcset=\"http:\/\/kommentatorenblog.de\/wp-content\/uploads\/2020\/09\/shure-55sh-ii-e1601485394796.jpg 415w, http:\/\/kommentatorenblog.de\/wp-content\/uploads\/2020\/09\/shure-55sh-ii-e1601485394796-142x300.jpg 142w\" sizes=\"auto, (max-width: 10px) 100vw, 10px\" \/> Florian Schmidt-Sommerfeld, Experte: Mladen Petric <\/p>\n\n\n\n<p><span style=\"text-decoration: underline;\">Montag, 23. November 2020, ab 18.20 Uhr (Sky)<\/span><\/p>\n\n\n\n<p><strong><em>FC Burnley<\/em><\/strong> <strong><em>\u2013<\/em><\/strong> <strong><em>Crystal Palace (18.30 Uhr)<\/em><\/strong><\/p>\n\n\n\n<p><img loading=\"lazy\" decoding=\"async\" width=\"10\" height=\"21\" class=\"wp-image-3656\" style=\"width: 10px;\" src=\"http:\/\/kommentatorenblog.de\/wp-content\/uploads\/2020\/09\/shure-55sh-ii-e1601485394796.jpg\" alt=\"\" srcset=\"http:\/\/kommentatorenblog.de\/wp-content\/uploads\/2020\/09\/shure-55sh-ii-e1601485394796.jpg 415w, http:\/\/kommentatorenblog.de\/wp-content\/uploads\/2020\/09\/shure-55sh-ii-e1601485394796-142x300.jpg 142w\" sizes=\"auto, (max-width: 10px) 100vw, 10px\" \/> Hannes Herrmann <\/p>\n\n\n\n<p><span style=\"text-decoration: underline;\">ab 20.50 Uhr (Sky)<\/span><\/p>\n\n\n\n<p><strong><em>Wolverhampton Wanderers \u2013<\/em><\/strong> <strong><em>FC Southampton (21.00 Uhr)<\/em><\/strong><\/p>\n\n\n\n<p><img loading=\"lazy\" decoding=\"async\" width=\"10\" height=\"21\" class=\"wp-image-3656\" style=\"width: 10px;\" src=\"http:\/\/kommentatorenblog.de\/wp-content\/uploads\/2020\/09\/shure-55sh-ii-e1601485394796.jpg\" alt=\"\" srcset=\"http:\/\/kommentatorenblog.de\/wp-content\/uploads\/2020\/09\/shure-55sh-ii-e1601485394796.jpg 415w, http:\/\/kommentatorenblog.de\/wp-content\/uploads\/2020\/09\/shure-55sh-ii-e1601485394796-142x300.jpg 142w\" sizes=\"auto, (max-width: 10px) 100vw, 10px\" \/> Joachim Hebel <\/p>\n\n\n\n<hr class=\"wp-block-separator\"\/>\n\n\n\n<p><strong>La Liga, 10. Spieltag (DAZN)<\/strong><\/p>\n\n\n\n<p><span style=\"text-decoration: underline;\">Samstag, 21. November 2020<\/span><\/p>\n\n\n\n<p><span style=\"text-decoration: underline;\">ab 16.00 Uhr<\/span><\/p>\n\n\n\n<p><strong><em>FC Villareal \u2013 Real Madrid (16.15 Uhr)<\/em><\/strong><\/p>\n\n\n\n<p><img loading=\"lazy\" decoding=\"async\" width=\"10\" height=\"21\" class=\"wp-image-3656\" style=\"width: 10px;\" src=\"http:\/\/kommentatorenblog.de\/wp-content\/uploads\/2020\/09\/shure-55sh-ii-e1601485394796.jpg\" alt=\"\" srcset=\"http:\/\/kommentatorenblog.de\/wp-content\/uploads\/2020\/09\/shure-55sh-ii-e1601485394796.jpg 415w, http:\/\/kommentatorenblog.de\/wp-content\/uploads\/2020\/09\/shure-55sh-ii-e1601485394796-142x300.jpg 142w\" sizes=\"auto, (max-width: 10px) 100vw, 10px\" \/> Marco Hagemann, Experte: Ralph Gunesch<\/p>\n\n\n\n<p>Moderation: Tobi Wahnschaffe    <\/p>\n\n\n\n<p><strong><em>FC Sevilla \u2013 Celta Vigo <\/em><\/strong><strong><em>(18.30 Uhr)<\/em><\/strong><\/p>\n\n\n\n<p><img loading=\"lazy\" decoding=\"async\" width=\"10\" height=\"21\" class=\"wp-image-3656\" style=\"width: 10px;\" src=\"http:\/\/kommentatorenblog.de\/wp-content\/uploads\/2020\/09\/shure-55sh-ii-e1601485394796.jpg\" alt=\"\" srcset=\"http:\/\/kommentatorenblog.de\/wp-content\/uploads\/2020\/09\/shure-55sh-ii-e1601485394796.jpg 415w, http:\/\/kommentatorenblog.de\/wp-content\/uploads\/2020\/09\/shure-55sh-ii-e1601485394796-142x300.jpg 142w\" sizes=\"auto, (max-width: 10px) 100vw, 10px\" \/> Uwe Morawe <\/p>\n\n\n\n<p><span style=\"text-decoration: underline;\">ab 20.45 Uhr<\/span><\/p>\n\n\n\n<p><em><strong>Atl\u00e9tico Madrid \u2013 FC Barcelona (21.00 Uhr)<\/strong><\/em><\/p>\n\n\n\n<p><img loading=\"lazy\" decoding=\"async\" width=\"10\" height=\"21\" class=\"wp-image-3656\" style=\"width: 10px;\" src=\"http:\/\/kommentatorenblog.de\/wp-content\/uploads\/2020\/09\/shure-55sh-ii-e1601485394796.jpg\" alt=\"\" srcset=\"http:\/\/kommentatorenblog.de\/wp-content\/uploads\/2020\/09\/shure-55sh-ii-e1601485394796.jpg 415w, http:\/\/kommentatorenblog.de\/wp-content\/uploads\/2020\/09\/shure-55sh-ii-e1601485394796-142x300.jpg 142w\" sizes=\"auto, (max-width: 10px) 100vw, 10px\" \/> Lukas Sch\u00f6nm\u00fcller, Experte: Sebastian Knei\u00dfl <\/p>\n\n\n\n<p>Moderation: Christoph Stadtler <\/p>\n\n\n\n<p><span style=\"text-decoration: underline;\">Sonntag, 22. November 2020<\/span><\/p>\n\n\n\n<p><strong><em>Cadiz \u2013<\/em><\/strong> <strong><em>Real Sociedad (16.15 Uhr)<\/em><\/strong><\/p>\n\n\n\n<p><img loading=\"lazy\" decoding=\"async\" width=\"10\" height=\"21\" class=\"wp-image-3656\" style=\"width: 10px;\" src=\"http:\/\/kommentatorenblog.de\/wp-content\/uploads\/2020\/09\/shure-55sh-ii-e1601485394796.jpg\" alt=\"\" srcset=\"http:\/\/kommentatorenblog.de\/wp-content\/uploads\/2020\/09\/shure-55sh-ii-e1601485394796.jpg 415w, http:\/\/kommentatorenblog.de\/wp-content\/uploads\/2020\/09\/shure-55sh-ii-e1601485394796-142x300.jpg 142w\" sizes=\"auto, (max-width: 10px) 100vw, 10px\" \/> Nico Seepe  <\/p>\n\n\n\n<p><strong><em>Deportivo Alaves \u2013 FC Valencia (21.00 Uhr)<\/em><\/strong><\/p>\n\n\n\n<p><img loading=\"lazy\" decoding=\"async\" width=\"10\" height=\"21\" class=\"wp-image-3656\" style=\"width: 10px;\" src=\"http:\/\/kommentatorenblog.de\/wp-content\/uploads\/2020\/09\/shure-55sh-ii-e1601485394796.jpg\" alt=\"\" srcset=\"http:\/\/kommentatorenblog.de\/wp-content\/uploads\/2020\/09\/shure-55sh-ii-e1601485394796.jpg 415w, http:\/\/kommentatorenblog.de\/wp-content\/uploads\/2020\/09\/shure-55sh-ii-e1601485394796-142x300.jpg 142w\" sizes=\"auto, (max-width: 10px) 100vw, 10px\" \/> Benni Zander <\/p>\n\n\n\n<p><span style=\"text-decoration: underline;\">Montag, 23. November 2020<\/span><\/p>\n\n\n\n<p><strong><em>Athletic Bilbao \u2013 Real Betis (21.00 Uhr)<\/em><\/strong><\/p>\n\n\n\n<p><img loading=\"lazy\" decoding=\"async\" width=\"10\" height=\"21\" class=\"wp-image-3656\" style=\"width: 10px;\" src=\"http:\/\/kommentatorenblog.de\/wp-content\/uploads\/2020\/09\/shure-55sh-ii-e1601485394796.jpg\" alt=\"\" srcset=\"http:\/\/kommentatorenblog.de\/wp-content\/uploads\/2020\/09\/shure-55sh-ii-e1601485394796.jpg 415w, http:\/\/kommentatorenblog.de\/wp-content\/uploads\/2020\/09\/shure-55sh-ii-e1601485394796-142x300.jpg 142w\" sizes=\"auto, (max-width: 10px) 100vw, 10px\" \/> Tino Polster   <\/p>\n\n\n\n<hr class=\"wp-block-separator\"\/>\n\n\n\n<p><strong>Serie A, 08. Spieltag (DAZN)<\/strong><\/p>\n\n\n\n<p><span style=\"text-decoration: underline;\">Samstag, 21. November 2020<\/span><\/p>\n\n\n\n<p><strong><em>FC Crotone \u2013 Lazio Rom (15.00 Uhr)<\/em><\/strong><\/p>\n\n\n\n<p><img loading=\"lazy\" decoding=\"async\" width=\"10\" height=\"21\" class=\"wp-image-3656\" style=\"width: 10px;\" src=\"http:\/\/kommentatorenblog.de\/wp-content\/uploads\/2020\/09\/shure-55sh-ii-e1601485394796.jpg\" alt=\"\" srcset=\"http:\/\/kommentatorenblog.de\/wp-content\/uploads\/2020\/09\/shure-55sh-ii-e1601485394796.jpg 415w, http:\/\/kommentatorenblog.de\/wp-content\/uploads\/2020\/09\/shure-55sh-ii-e1601485394796-142x300.jpg 142w\" sizes=\"auto, (max-width: 10px) 100vw, 10px\" \/> Julian Engelhard<\/p>\n\n\n\n<p><strong><em>Spezia Calcio \u2013 Atalanta Bergamo (18.00 Uhr)<\/em><\/strong><\/p>\n\n\n\n<p><img loading=\"lazy\" decoding=\"async\" width=\"10\" height=\"21\" class=\"wp-image-3656\" style=\"width: 10px;\" src=\"http:\/\/kommentatorenblog.de\/wp-content\/uploads\/2020\/09\/shure-55sh-ii-e1601485394796.jpg\" alt=\"\" srcset=\"http:\/\/kommentatorenblog.de\/wp-content\/uploads\/2020\/09\/shure-55sh-ii-e1601485394796.jpg 415w, http:\/\/kommentatorenblog.de\/wp-content\/uploads\/2020\/09\/shure-55sh-ii-e1601485394796-142x300.jpg 142w\" sizes=\"auto, (max-width: 10px) 100vw, 10px\" \/> Tobi Fischbeck <\/p>\n\n\n\n<p><strong><em>Juventus Turin \u2013 Cagliari Calcio (20.45 Uhr)<\/em><\/strong><\/p>\n\n\n\n<p><img loading=\"lazy\" decoding=\"async\" width=\"10\" height=\"21\" class=\"wp-image-3656\" style=\"width: 10px;\" src=\"http:\/\/kommentatorenblog.de\/wp-content\/uploads\/2020\/09\/shure-55sh-ii-e1601485394796.jpg\" alt=\"\" srcset=\"http:\/\/kommentatorenblog.de\/wp-content\/uploads\/2020\/09\/shure-55sh-ii-e1601485394796.jpg 415w, http:\/\/kommentatorenblog.de\/wp-content\/uploads\/2020\/09\/shure-55sh-ii-e1601485394796-142x300.jpg 142w\" sizes=\"auto, (max-width: 10px) 100vw, 10px\" \/> Flo Hauser, Experte: Benny Lauth <\/p>\n\n\n\n<p><span style=\"text-decoration: underline;\">Sonntag, 22. November 2020 <\/span><\/p>\n\n\n\n<p><strong><em>Inter Mailand \u2013 FC Turin (15.00 Uhr)<\/em><\/strong><\/p>\n\n\n\n<p><img loading=\"lazy\" decoding=\"async\" width=\"10\" height=\"21\" class=\"wp-image-3656\" style=\"width: 10px;\" src=\"http:\/\/kommentatorenblog.de\/wp-content\/uploads\/2020\/09\/shure-55sh-ii-e1601485394796.jpg\" alt=\"\" srcset=\"http:\/\/kommentatorenblog.de\/wp-content\/uploads\/2020\/09\/shure-55sh-ii-e1601485394796.jpg 415w, http:\/\/kommentatorenblog.de\/wp-content\/uploads\/2020\/09\/shure-55sh-ii-e1601485394796-142x300.jpg 142w\" sizes=\"auto, (max-width: 10px) 100vw, 10px\" \/> Mario Rieker, Experte: Sascha Bigalke <\/p>\n\n\n\n<p><strong><em>AS Rom \u2013 Parma Calcio (15.00 Uhr)<\/em><\/strong><\/p>\n\n\n\n<p><img loading=\"lazy\" decoding=\"async\" width=\"10\" height=\"21\" class=\"wp-image-3656\" style=\"width: 10px;\" src=\"http:\/\/kommentatorenblog.de\/wp-content\/uploads\/2020\/09\/shure-55sh-ii-e1601485394796.jpg\" alt=\"\" srcset=\"http:\/\/kommentatorenblog.de\/wp-content\/uploads\/2020\/09\/shure-55sh-ii-e1601485394796.jpg 415w, http:\/\/kommentatorenblog.de\/wp-content\/uploads\/2020\/09\/shure-55sh-ii-e1601485394796-142x300.jpg 142w\" sizes=\"auto, (max-width: 10px) 100vw, 10px\" \/> Julian Engelhard  <\/p>\n\n\n\n<p><strong><em>SSC Neapel \u2013 AC Mailand (20.45 Uhr)<\/em><\/strong><\/p>\n\n\n\n<p><img loading=\"lazy\" decoding=\"async\" width=\"10\" height=\"21\" class=\"wp-image-3656\" style=\"width: 10px;\" src=\"http:\/\/kommentatorenblog.de\/wp-content\/uploads\/2020\/09\/shure-55sh-ii-e1601485394796.jpg\" alt=\"\" srcset=\"http:\/\/kommentatorenblog.de\/wp-content\/uploads\/2020\/09\/shure-55sh-ii-e1601485394796.jpg 415w, http:\/\/kommentatorenblog.de\/wp-content\/uploads\/2020\/09\/shure-55sh-ii-e1601485394796-142x300.jpg 142w\" sizes=\"auto, (max-width: 10px) 100vw, 10px\" \/> Carsten Fu\u00df, Experte: Christian Bernhard  <\/p>\n\n\n\n<hr class=\"wp-block-separator\"\/>\n\n\n\n<p><strong>Ligue 1, 11. Spieltag (DAZN)<\/strong><\/p>\n\n\n\n<p><span style=\"text-decoration: underline;\">Freitag, 20. November 2020<\/span><\/p>\n\n\n\n<p><span style=\"text-decoration: underline;\">ab 20.45 Uhr<\/span><\/p>\n\n\n\n<p><strong><em>AS Monaco \u2013 Paris Saint-Germain<\/em><\/strong> <strong><em>(21.00 Uhr)<\/em><\/strong><\/p>\n\n\n\n<p><img loading=\"lazy\" decoding=\"async\" width=\"10\" height=\"21\" class=\"wp-image-3656\" style=\"width: 10px;\" src=\"http:\/\/kommentatorenblog.de\/wp-content\/uploads\/2020\/09\/shure-55sh-ii-e1601485394796.jpg\" alt=\"\" srcset=\"http:\/\/kommentatorenblog.de\/wp-content\/uploads\/2020\/09\/shure-55sh-ii-e1601485394796.jpg 415w, http:\/\/kommentatorenblog.de\/wp-content\/uploads\/2020\/09\/shure-55sh-ii-e1601485394796-142x300.jpg 142w\" sizes=\"auto, (max-width: 10px) 100vw, 10px\" \/> Stefan Galler, Experte: Alexis Menuge<\/p>\n\n\n\n<p>Moderation: Guido H\u00fcsgen   <\/p>\n\n\n\n<p><span style=\"text-decoration: underline;\">Samstag, 21. November 2020<\/span><\/p>\n\n\n\n<p><strong><em>Olympique Marseille \u2013 OGC Nizza (21.00 Uhr)<\/em><\/strong><\/p>\n\n\n\n<p><img loading=\"lazy\" decoding=\"async\" width=\"10\" height=\"21\" class=\"wp-image-3656\" style=\"width: 10px;\" src=\"http:\/\/kommentatorenblog.de\/wp-content\/uploads\/2020\/09\/shure-55sh-ii-e1601485394796.jpg\" alt=\"\" srcset=\"http:\/\/kommentatorenblog.de\/wp-content\/uploads\/2020\/09\/shure-55sh-ii-e1601485394796.jpg 415w, http:\/\/kommentatorenblog.de\/wp-content\/uploads\/2020\/09\/shure-55sh-ii-e1601485394796-142x300.jpg 142w\" sizes=\"auto, (max-width: 10px) 100vw, 10px\" \/> Martin Sedlaczek <\/p>\n\n\n\n<hr class=\"wp-block-separator\"\/>\n\n\n\n<p><strong>Internationaler Fussball<\/strong> <strong>(Sportdigital FUSSBALL)<\/strong><\/p>\n\n\n\n<p><span style=\"text-decoration: underline;\">Freitag, 20. November 2020<\/span> <\/p>\n\n\n\n<p>Championship, 12. Spieltag: <strong><em>Coventry City \u2013 Birmingham City (20.45 Uhr)<\/em><\/strong><\/p>\n\n\n\n<p><img loading=\"lazy\" decoding=\"async\" width=\"10\" height=\"21\" class=\"wp-image-3656\" style=\"width: 10px;\" src=\"http:\/\/kommentatorenblog.de\/wp-content\/uploads\/2020\/09\/shure-55sh-ii-e1601485394796.jpg\" alt=\"\" srcset=\"http:\/\/kommentatorenblog.de\/wp-content\/uploads\/2020\/09\/shure-55sh-ii-e1601485394796.jpg 415w, http:\/\/kommentatorenblog.de\/wp-content\/uploads\/2020\/09\/shure-55sh-ii-e1601485394796-142x300.jpg 142w\" sizes=\"auto, (max-width: 10px) 100vw, 10px\" \/> Florian Obst  <\/p>\n\n\n\n<p><span style=\"text-decoration: underline;\">Samstag, 21. November 2020<\/span> <\/p>\n\n\n\n<p>Copa Liga Profesional, 04. Spieltag:<strong><em> CA Banfield \u2013 CA River Plate (01.30 Uhr)<\/em><\/strong><\/p>\n\n\n\n<p><img loading=\"lazy\" decoding=\"async\" width=\"10\" height=\"21\" class=\"wp-image-3656\" style=\"width: 10px;\" src=\"http:\/\/kommentatorenblog.de\/wp-content\/uploads\/2020\/09\/shure-55sh-ii-e1601485394796.jpg\" alt=\"\" srcset=\"http:\/\/kommentatorenblog.de\/wp-content\/uploads\/2020\/09\/shure-55sh-ii-e1601485394796.jpg 415w, http:\/\/kommentatorenblog.de\/wp-content\/uploads\/2020\/09\/shure-55sh-ii-e1601485394796-142x300.jpg 142w\" sizes=\"auto, (max-width: 10px) 100vw, 10px\" \/> Ulf Kahmke <\/p>\n\n\n\n<p>J. League, 28. Spieltag:<strong><em> Oita Trinita \u2013 Kawasaki Frontale (06.00 Uhr)<\/em><\/strong><\/p>\n\n\n\n<p><img loading=\"lazy\" decoding=\"async\" width=\"10\" height=\"21\" class=\"wp-image-3656\" style=\"width: 10px;\" src=\"http:\/\/kommentatorenblog.de\/wp-content\/uploads\/2020\/09\/shure-55sh-ii-e1601485394796.jpg\" alt=\"\" srcset=\"http:\/\/kommentatorenblog.de\/wp-content\/uploads\/2020\/09\/shure-55sh-ii-e1601485394796.jpg 415w, http:\/\/kommentatorenblog.de\/wp-content\/uploads\/2020\/09\/shure-55sh-ii-e1601485394796-142x300.jpg 142w\" sizes=\"auto, (max-width: 10px) 100vw, 10px\" \/>  Karsten Linke<\/p>\n\n\n\n<p>Championship, 12. Spieltag:<strong><em> AFC Bournemouth \u2013 FC Reading (13.30 Uhr)<\/em><\/strong><\/p>\n\n\n\n<p><img loading=\"lazy\" decoding=\"async\" width=\"10\" height=\"21\" class=\"wp-image-3656\" style=\"width: 10px;\" src=\"http:\/\/kommentatorenblog.de\/wp-content\/uploads\/2020\/09\/shure-55sh-ii-e1601485394796.jpg\" alt=\"\" srcset=\"http:\/\/kommentatorenblog.de\/wp-content\/uploads\/2020\/09\/shure-55sh-ii-e1601485394796.jpg 415w, http:\/\/kommentatorenblog.de\/wp-content\/uploads\/2020\/09\/shure-55sh-ii-e1601485394796-142x300.jpg 142w\" sizes=\"auto, (max-width: 10px) 100vw, 10px\" \/> Florian Obst <\/p>\n\n\n\n<p>Championship, 12. Spieltag: <strong><em>FC Millwall \u2013 Cardiff City (16.00 Uhr)<\/em><\/strong><\/p>\n\n\n\n<p><img loading=\"lazy\" decoding=\"async\" width=\"10\" height=\"21\" class=\"wp-image-3656\" style=\"width: 10px;\" src=\"http:\/\/kommentatorenblog.de\/wp-content\/uploads\/2020\/09\/shure-55sh-ii-e1601485394796.jpg\" alt=\"\" srcset=\"http:\/\/kommentatorenblog.de\/wp-content\/uploads\/2020\/09\/shure-55sh-ii-e1601485394796.jpg 415w, http:\/\/kommentatorenblog.de\/wp-content\/uploads\/2020\/09\/shure-55sh-ii-e1601485394796-142x300.jpg 142w\" sizes=\"auto, (max-width: 10px) 100vw, 10px\" \/> Marcus Radefeld  <\/p>\n\n\n\n<p>MLS Playoffs, 1. Runde: <strong><em>Orlando City \u2013<\/em><\/strong> <strong><em>New York City FC (18.08 Uhr)<\/em><\/strong><\/p>\n\n\n\n<p><img loading=\"lazy\" decoding=\"async\" width=\"10\" height=\"21\" class=\"wp-image-3656\" style=\"width: 10px;\" src=\"http:\/\/kommentatorenblog.de\/wp-content\/uploads\/2020\/09\/shure-55sh-ii-e1601485394796.jpg\" alt=\"\" srcset=\"http:\/\/kommentatorenblog.de\/wp-content\/uploads\/2020\/09\/shure-55sh-ii-e1601485394796.jpg 415w, http:\/\/kommentatorenblog.de\/wp-content\/uploads\/2020\/09\/shure-55sh-ii-e1601485394796-142x300.jpg 142w\" sizes=\"auto, (max-width: 10px) 100vw, 10px\" \/> Christian Blunck   <\/p>\n\n\n\n<p>MLS Playoffs, 1. Runde: <strong><em>Columbus Crew \u2013 New York Red Bulls (21.08 Uhr)<\/em><\/strong><\/p>\n\n\n\n<p><img loading=\"lazy\" decoding=\"async\" width=\"10\" height=\"21\" class=\"wp-image-3656\" style=\"width: 10px;\" src=\"http:\/\/kommentatorenblog.de\/wp-content\/uploads\/2020\/09\/shure-55sh-ii-e1601485394796.jpg\" alt=\"\" srcset=\"http:\/\/kommentatorenblog.de\/wp-content\/uploads\/2020\/09\/shure-55sh-ii-e1601485394796.jpg 415w, http:\/\/kommentatorenblog.de\/wp-content\/uploads\/2020\/09\/shure-55sh-ii-e1601485394796-142x300.jpg 142w\" sizes=\"auto, (max-width: 10px) 100vw, 10px\" \/> Karsten Linke  <\/p>\n\n\n\n<p><span style=\"text-decoration: underline;\">Sonntag, 22. November <\/span><\/p>\n\n\n\n<p>Eredivisie, 09. Spieltag: <strong><em>Ajax Amsterdam \u2013<\/em><\/strong> <strong><em>SC Heracles Almelo (12.15 Uhr)<\/em><\/strong><\/p>\n\n\n\n<p><img loading=\"lazy\" decoding=\"async\" width=\"10\" height=\"21\" class=\"wp-image-3656\" style=\"width: 10px;\" src=\"http:\/\/kommentatorenblog.de\/wp-content\/uploads\/2020\/09\/shure-55sh-ii-e1601485394796.jpg\" alt=\"\" srcset=\"http:\/\/kommentatorenblog.de\/wp-content\/uploads\/2020\/09\/shure-55sh-ii-e1601485394796.jpg 415w, http:\/\/kommentatorenblog.de\/wp-content\/uploads\/2020\/09\/shure-55sh-ii-e1601485394796-142x300.jpg 142w\" sizes=\"auto, (max-width: 10px) 100vw, 10px\" \/> Karsten Linke <\/p>\n\n\n\n<p>Eredivisie, 09. Spieltag: <strong><em>Fortuna Sittard \u2013 <\/em><\/strong><strong><em>Feyenoord Rotterdam <\/em><\/strong> <strong><em>(14.30 Uhr) <\/em><\/strong><\/p>\n\n\n\n<p><img loading=\"lazy\" decoding=\"async\" width=\"10\" height=\"21\" class=\"wp-image-3656\" style=\"width: 10px;\" src=\"http:\/\/kommentatorenblog.de\/wp-content\/uploads\/2020\/09\/shure-55sh-ii-e1601485394796.jpg\" alt=\"\" srcset=\"http:\/\/kommentatorenblog.de\/wp-content\/uploads\/2020\/09\/shure-55sh-ii-e1601485394796.jpg 415w, http:\/\/kommentatorenblog.de\/wp-content\/uploads\/2020\/09\/shure-55sh-ii-e1601485394796-142x300.jpg 142w\" sizes=\"auto, (max-width: 10px) 100vw, 10px\" \/> Ulf Kahmke   <\/p>\n\n\n\n<p>Eredivisie, 09. Spieltag: <strong><em>FC Twente Enschede \u2013<\/em><\/strong> <strong><em>PSV Eindhoven (16.45 Uhr)<\/em><\/strong><\/p>\n\n\n\n<p><img loading=\"lazy\" decoding=\"async\" width=\"10\" height=\"21\" class=\"wp-image-3656\" style=\"width: 10px;\" src=\"http:\/\/kommentatorenblog.de\/wp-content\/uploads\/2020\/09\/shure-55sh-ii-e1601485394796.jpg\" alt=\"\" srcset=\"http:\/\/kommentatorenblog.de\/wp-content\/uploads\/2020\/09\/shure-55sh-ii-e1601485394796.jpg 415w, http:\/\/kommentatorenblog.de\/wp-content\/uploads\/2020\/09\/shure-55sh-ii-e1601485394796-142x300.jpg 142w\" sizes=\"auto, (max-width: 10px) 100vw, 10px\" \/> Christian Blunck   <\/p>\n\n\n\n<p>Fortuna Liga, 08. Spieltag: <strong><em>Sparta Prag \u2013 Dynamo Budweis (18.30 Uhr)<\/em><\/strong><\/p>\n\n\n\n<p><img loading=\"lazy\" decoding=\"async\" width=\"10\" height=\"21\" class=\"wp-image-3656\" style=\"width: 10px;\" src=\"http:\/\/kommentatorenblog.de\/wp-content\/uploads\/2020\/09\/shure-55sh-ii-e1601485394796.jpg\" alt=\"\" srcset=\"http:\/\/kommentatorenblog.de\/wp-content\/uploads\/2020\/09\/shure-55sh-ii-e1601485394796.jpg 415w, http:\/\/kommentatorenblog.de\/wp-content\/uploads\/2020\/09\/shure-55sh-ii-e1601485394796-142x300.jpg 142w\" sizes=\"auto, (max-width: 10px) 100vw, 10px\" \/> Arne Malsch <\/p>\n\n\n\n<p><span style=\"text-decoration: underline;\">Montag, 23. November <\/span><\/p>\n\n\n\n<p>Ekstraklasa, 10. Spieltag: <strong><em>Piast Gliwice \u2013<\/em><\/strong> <strong><em>Lechia Gdansk (18.00 Uhr)<\/em><\/strong><\/p>\n\n\n\n<p><img loading=\"lazy\" decoding=\"async\" width=\"10\" height=\"21\" class=\"wp-image-3656\" style=\"width: 10px;\" src=\"http:\/\/kommentatorenblog.de\/wp-content\/uploads\/2020\/09\/shure-55sh-ii-e1601485394796.jpg\" alt=\"\" srcset=\"http:\/\/kommentatorenblog.de\/wp-content\/uploads\/2020\/09\/shure-55sh-ii-e1601485394796.jpg 415w, http:\/\/kommentatorenblog.de\/wp-content\/uploads\/2020\/09\/shure-55sh-ii-e1601485394796-142x300.jpg 142w\" sizes=\"auto, (max-width: 10px) 100vw, 10px\" \/>  Karsten Linke <\/p>\n\n\n\n<hr class=\"wp-block-separator\"\/>\n\n\n\n<p><strong>Die Analyse<\/strong><\/p>\n\n\n\n<p><strong>Lauschangriff<\/strong> <strong>in der Konferenz<\/strong><\/p>\n\n\n\n<p>Viele werden es wissen &#8211; <strong>Frank Buschmann<\/strong> und <strong>Florian Schmidt-Sommerfeld<\/strong> sind seit M\u00e4rz unter den Podcastern. Selbst \u00fcber <strong>unseren Blog<\/strong> w\u00fcrde hier schon gelabert \ud83d\ude00 &#8211; in die letzten f\u00fcnf  Minuten von Folge 37 &#8211; maximales Unverst\u00e4ndnis d\u00fcrft ihr gerne mal reinh\u00f6ren. Und Samstag gibt\u00b4s beide zusammen mal wieder in der Konferenz. F\u00fcr <strong>Schmiso<\/strong> ist es die <strong>erste Bundesliga-Konferenz<\/strong> in dieser Saison?! Dazu gibt\u00b4s <strong>Fuss, Friedrich, K\u00fcpper<\/strong> und wirklich interessante Spiele. Wir freuen uns drauf! <\/p>\n\n\n\n<p><strong>Reiseaufwand<\/strong> <strong>minimieren?!<\/strong><\/p>\n\n\n\n<p>Mit Blick auf die f\u00fcnf Einzelspiele am Samstagnachmittag l\u00e4sst sich festhalten, dass der <strong>Reiseaufwand<\/strong> <strong>gering<\/strong> ist. <strong>Dittmann<\/strong> bleibt in M\u00fcnchen, <strong>Bayer <\/strong>und<strong> Lindemann<\/strong> in NRW, <strong>Born<\/strong> zieht\u00b4s von Hamburg nach Bielefeld und <strong>Veltmann<\/strong>\u00b4s Ansetzung in Hoffenheim ist auch keine Seltenheit. Field-Reporter beim Derby gegen Stuttgart (Oh, jetzt habe ich es ausgesprochen: DERBY), ist fast schon standesgem\u00e4\u00df<strong> Ulli Potofski<\/strong>. Schalke-Reporter <strong>gro\u00dfe Schlarmann<\/strong> bleibt bei seinen Leisten. <strong>Wasserziehr<\/strong> muss f\u00fcr Sky 90 sowieso nach M\u00fcnchen. <strong>Michael Leopold<\/strong> hingegen nimmt die Reise nach M\u00b4gladbach auf sich. <\/p>\n\n\n\n<p><strong>Topspiel und Libbertz-R\u00fcckkehr<\/strong><\/p>\n\n\n\n<p>Beim Topspiel am Samstag auf Sky gibt\u00b4s keine \u00dcberraschungen. Sonntag freuen wir uns auf das <strong>Comeback<\/strong> der genesenen <strong>Jessica Libbertz<\/strong>, die im Studio Rio-Weltmeister <strong>Benedikt H\u00f6wedes<\/strong> begr\u00fc\u00dft. Von M\u00fcnchen nach Mainz reisen <strong>Roland Evers<\/strong> und <strong>Peter Hardenacke<\/strong>. Letzter \u00fcbt sich zurzeit im Spagat zwischen Formel1-Reisen in Zeiten von Corona und dem Bundesliga und SSN-Alltag &#8211; straffes Programm. Und das FC-Spiel am Sonntag kommt tats\u00e4chlich ohne <strong>Marcus Lindemann<\/strong> aus. <strong>Hansi K\u00fcpper<\/strong> kommentiert. Martin Gro\u00df f\u00fchrt die Interviews. Follich gibt\u00b4s mal wieder einen freien Sonntag f\u00fcr Marcus Lindemann. <\/p>\n\n\n\n<p><strong>Box-Entt\u00e4uschung beim Bundesliga-Deb\u00fct<\/strong><\/p>\n\n\n\n<p>Durch die LaLiga-Ansetzung von Ralph Gunesch, die uns schon am Anfang der Woche erreichte, war fast schon klar, dass f\u00fcr das Duell zwischen Hertha und dem BVB <strong>Sandro Wagner<\/strong> reinrotiert. Es ist der erste Buli-Einsatz f\u00fcr den ehemaligen Nationalst\u00fcrmer. Er bleibt wie Schl\u00fcter und Platte M\u00fcnchen. <\/p>\n\n\n\n<p>Absolut <strong>entt\u00e4uschend<\/strong> ist vor allem die Tatsache, dass Kommentator Jan Platte <strong>nicht im Berliner Olympiastadion<\/strong> zu Gange sein werden. \u201eStadion-Studio\u201c ist in der Bundesliga laut DAZN nicht erlaubt &#8211; ist logisch. Kommentar aus dem Stadion ist aber m\u00f6glich! Das nimmt mir als BVB-Fan und Autor dieser Seite nat\u00fcrlich die Vorfreude auf dieses Spiel. Sonst hatten BVB- und Bayern-Fans ja immer das Gl\u00fcck, dass DAZN diese Spiele aus dem Stadion hat kommentieren lassen. Diese Entscheidung beispielsweise mit <strong>Corona<\/strong> zu begr\u00fcnden, w\u00fcrde ich als <strong>Ausrede<\/strong> empfinden-zumindest in Bezug auf den Kommentator! Schlie\u00dflich schickt man zus\u00e4tzlich zur Field-Reporter-Crew auch einen Fotografen nach Berlin, um f\u00fcr Social Media ein paar Bilder zu machen&#8230; So wird <strong>Claudia Neumann<\/strong>, die das Spiel f\u00fcr das <strong>ZDF-Sportstudio<\/strong> aufbereiten wird, die einzige KommentatorIn sein, die vor Ort ist. <\/p>\n\n\n\n<p><strong>Jetzt aber, Schenker!<\/strong><\/p>\n\n\n\n<p>Letztens ist das <strong>Moderations-Deb\u00fct<\/strong> von <strong>Nele Schenker<\/strong> noch krankheitsbedingt ausgefallen. Samstag wird die ehemalige Sport1- und MagentaSport &#8211; Moderatorin aber erstmals die Zweitligasendung auf Sky moderieren. Der Freitag entf\u00e4llt wegen der L\u00e4nderspielpause, sodass Schenker direkt vier Spiele &#8222;zu betreuen&#8220; hat. Die Ansetzung von <strong>Mallwitz <\/strong>und <strong>Petrzika<\/strong> \u00fcberrascht, weil beide ja mittlerweile zumeist in der HBL anzutreffen sind &#8211; jetzt gibt\u00b4s beide am Samstag in Liga 2 auf die Ohren. <strong>Christopher Lymberopoulus<\/strong> als Field-Reporter in der 2. Bundesliga besitzt auch eher einen seltenen Charakter!<\/p>\n\n\n\n<p>Sonntag macht Nele Schenker als Field-Reporterin weiter in W\u00fcrzburg. Wie \u00fcblich moderiert Kollege <strong>Erkenbrecher<\/strong>. Auf der Kommentatoren-Position kommt News-Redakteur <strong>Jaron Steiner<\/strong> mal wieder zum Zug. <strong>Pfandt<\/strong> und <strong>Rohrberg<\/strong> k\u00fcmmern sich um den HSV. Insgesamt l\u00e4sst sich sagen, dass der Fokus klar auf dem Sonntag liegt, weil Sky hier die M\u00f6glichkeit besitzt in alle Stadien zu schalten. <\/p>\n\n\n\n<p><strong>&#8222;Neue&#8220; Topspielbesetzung und der Blick nach Rostock<\/strong><\/p>\n\n\n\n<p>In der 3. Liga ist die Topspielansetzung am Freitag insofern zu beachten, als dass die <strong>WDR-Kombination Fuckert\/Sch\u00e4fer<\/strong> hier eher seltener f\u00fcr MagentaSport zum Einsatz kommt.  <\/p>\n\n\n\n<p>Samstag richtet sich der Blick auf das Traditions-Duell zwischen Hansa Rostock und Dynamo Dresden. Kein Wunder, dass <strong>NDR<\/strong> und <strong>MDR<\/strong> mit am Start sind. Der MDR setzt ja hier mittlerweile sogar auf ein On-Air-Quartett. Der<strong> BR<\/strong> zeigt 1860 ohne das Alpine-Duo Othmer\/Schmelzer und das Heimspiel von Saarbr\u00fccken l\u00e4uft mit bekannter Besetzung wieder im <strong>SR<\/strong>. Zudem hat sich Philipp Wollscheid im Studio angek\u00fcndigt. Bei Magenta Sport h\u00e4tte Holger Speckhahn eigentlich in Saarbr\u00fccken moderieren sollen. &#8222;Specki&#8220; h\u00e4ngt aber noch beim Golf in Dubai fest, sodass Wagner, dessen Spiel in Meppen ja abgesagt wurde, einspringt. <\/p>\n\n\n\n<p><strong>Keine Freizeit f\u00fcr Herrmann und Hebel<\/strong><\/p>\n\n\n\n<p><strong>Hannes Herrmann<\/strong> und <strong>Jogi Hebel <\/strong>werden am kommenden Wochenende jeweils <strong>drei Spiele<\/strong> kommentieren. Ja, daf\u00fcr wurden sie eingekauft. Nichtdestostrotz sind drei Live-Spiele an drei Tagen am St\u00fcck eine ganze Menge. Herrmann wird sich wohl am meisten auf Samstagabend freuen: Die Tottenham Hotspur empfangen Manchester City. Der <strong>Topspiel-Slot <\/strong>rutscht am Sonntag nach hinten, weil Sky sich konsequenter Weise f\u00fcr Liverpool-Leicester entscheidet. <strong>Schmiso<\/strong> freut sich mal wieder auf <strong>Mladen Petric. <\/strong><\/p>\n\n\n\n<p><strong>Moderatoren am Start<\/strong><\/p>\n\n\n\n<p>In La Liga gibt\u00b4s f\u00fcr <strong>Real Madrid <\/strong>und<strong> Barcelona<\/strong> mal wieder namhaftere Gegner. Deshalb werden beide Spiele auch mit <strong>Moderatoren<\/strong> ausgestattet. <strong>Wahnschaffe\/Hagemann\/Gunesch<\/strong> \u00fcbernehmen den Auftritt der K\u00f6niglichen bei Villareal. Beim Topspiel zwischen Barcelona und Atl\u00e9tico Madrid, bei dem Anfang der Woche noch Gunesch als Experte in der Programmvorschau bei DAZN stand, kommt <strong>Sebastian Knei\u00dfl <\/strong>zum Zug. Und <strong>Lukas Sch\u00f6nm\u00fcller<\/strong> kommentiert in dieser Saison bei weitem nicht zum ersten Mal ein Spiel mit Knei\u00dfl. Stichwort Programmvorschau: Hier stand auch drin, dass <strong>Benni Zander<\/strong> sein Fu\u00dfball-Comeback auf DAZN beim Valencia-Spiel gibt. Mittlerweile fehlt hier der Name &#8211; einfach abwarten!<\/p>\n\n\n\n<p><strong>Keine \u00dcberraschungen in Italien und Frankreich &#8211; Topspiele inkusive<\/strong> <\/p>\n\n\n\n<p>Bei den Ansetzungen in der <strong>Serie A <\/strong>und in der<strong> Ligue 1<\/strong> findet sich nicht au\u00dfergew\u00f6hnliches. <strong>Engelhard<\/strong> kriegt dieses Wochenende zwei Spiele. <strong>Rieker<\/strong> gibt man <strong>Bigalke<\/strong> an die Hand. Und das Topspiel am Sonntagabend kommentiert Legende <strong>Carsten Fu\u00df<\/strong> zusammen mit <strong>Christian Bernhard<\/strong>. In der Ligue f\u00e4llt nat\u00fcrlich das Duell zwischen PSG und Monaco am Freitag ins Auge &#8211; die \u00fcbliche Verd\u00e4chtigen sind mit dabei. <\/p>\n\n\n\n<p><strong>Viel los in Hamburg!<\/strong><\/p>\n\n\n\n<p>Bei <strong>sportdigital FUSSBALL <\/strong>ist ne Menge los am Wochenende. Alleine am Samstag und Sonntag zeigt der Hamburger Sender insgesamt <strong>10 Spiele<\/strong>. Bei den Kommentatoren finden sich die bekannten Namen wieder.  Am Sonntag gibt es mit dem Eredivisie-Dreierpack und dem abschlie\u00dfenden Spiel aus Tschechien auch wieder eine begleitende Studio-Show mit Moderator <strong>Uli Pingel<\/strong>. <\/p>\n\n\n\n<p>Macht das Beste draus! <\/p>\n","protected":false},"excerpt":{"rendered":"<p>N\u00b4 Abend allerseits, diese Woche beginnt die neue Wintersport-Saison quasi &#8222;offiziell&#8220;. Nachdem der Ski Alpin-Weltcup im Oktober bereits standesgem\u00e4\u00df in S\u00f6lden Halt gemacht, folgen dieses Wochenende weitere Wintersportarten &#8211; Skispringen (Wisla\/Polen), Bob\/Skeleton (Sigulda\/Lettland) und Ski Freestyle (Stubaital\/\u00d6sterreich). Zudem trifft sich die weibliche Elite der Skifahrer f\u00fcr zwei Slalom-Rennen im finnischen Levi. Jeder passionierte Wintersport-Zuschauer wird [&hellip;]<\/p>\n","protected":false},"author":3,"featured_media":0,"comment_status":"open","ping_status":"open","sticky":false,"template":"","format":"standard","meta":{"footnotes":""},"categories":[424],"tags":[20,10,49,153,19,337,21,178,60,131,54,393,212,13,392,55,14,89,277,61,182,104,25,92,90,349,48,72,188,347,69,315,244,93,91,53,122,158,205,9,43,112,243,95,128,176,17,114,88,83,150,15,369,94,29,23,108,45,350,127,22,336,134,344,394,154,390,395,252,85,346,391,307,284,289,389,107,196,37],"class_list":["post-4548","post","type-post","status-publish","format-standard","hentry","category-bundesliga-und-co","tag-2-bundesliga","tag-3-liga","tag-alex-schlueter","tag-alexis-menuge","tag-ard","tag-benedikt-hoewedes","tag-benni-zander","tag-br","tag-bundesliga","tag-carsten-fuss","tag-championship","tag-christopher-lymberopoulus","tag-daniel-herzog","tag-dazn","tag-dirk-grosse-schlarmann","tag-eredivisie","tag-eurosport","tag-florian-schmidt-sommerfeld","tag-fortuna-liga","tag-frank-buschmann","tag-frauen-bundesliga","tag-hannes-herrmann","tag-hansi-kuepper","tag-heiko-mallwitz","tag-holger-pfandt","tag-j-league","tag-jan-platte","tag-jaron-steiner","tag-jessica-libbertz","tag-joachim-hebel","tag-jonas-friedrich","tag-julian-engelhard","tag-jurek-rohrberg","tag-kai-dittmann","tag-karsten-petrzika","tag-klaus-veltmann","tag-laliga","tag-ligue-1","tag-lukas-schoenmueller","tag-magenta-sport","tag-marco-hagemann","tag-marcus-lindemann","tag-mario-rieker","tag-martin-gross","tag-match-of-the-week","tag-matthias-stach","tag-mdr","tag-michael-born","tag-michael-leopold","tag-mladen-petric","tag-mls","tag-ndr","tag-nele-schenker","tag-patrick-wasserziehr","tag-peter-hardenacke","tag-premier-league","tag-ralph-gunesch","tag-roland-evers","tag-sandro-wagner","tag-serie-a","tag-sky","tag-sky-sport-news","tag-sportdigital-fussball","tag-sr","tag-stefan-fuckert","tag-stefan-galler","tag-telekom","tag-tobi-schaefer","tag-tobi-wahnschaffe","tag-tom-bayer","tag-torsten-mattuschka","tag-tv-now","tag-tv-rechte","tag-uli-pingel","tag-ulli-potofski","tag-wintersport","tag-wolff-fuss","tag-yannick-erkenbrecher","tag-zdf"],"_links":{"self":[{"href":"http:\/\/kommentatorenblog.de\/index.php?rest_route=\/wp\/v2\/posts\/4548","targetHints":{"allow":["GET"]}}],"collection":[{"href":"http:\/\/kommentatorenblog.de\/index.php?rest_route=\/wp\/v2\/posts"}],"about":[{"href":"http:\/\/kommentatorenblog.de\/index.php?rest_route=\/wp\/v2\/types\/post"}],"author":[{"embeddable":true,"href":"http:\/\/kommentatorenblog.de\/index.php?rest_route=\/wp\/v2\/users\/3"}],"replies":[{"embeddable":true,"href":"http:\/\/kommentatorenblog.de\/index.php?rest_route=%2Fwp%2Fv2%2Fcomments&post=4548"}],"version-history":[{"count":178,"href":"http:\/\/kommentatorenblog.de\/index.php?rest_route=\/wp\/v2\/posts\/4548\/revisions"}],"predecessor-version":[{"id":4751,"href":"http:\/\/kommentatorenblog.de\/index.php?rest_route=\/wp\/v2\/posts\/4548\/revisions\/4751"}],"wp:attachment":[{"href":"http:\/\/kommentatorenblog.de\/index.php?rest_route=%2Fwp%2Fv2%2Fmedia&parent=4548"}],"wp:term":[{"taxonomy":"category","embeddable":true,"href":"http:\/\/kommentatorenblog.de\/index.php?rest_route=%2Fwp%2Fv2%2Fcategories&post=4548"},{"taxonomy":"post_tag","embeddable":true,"href":"http:\/\/kommentatorenblog.de\/index.php?rest_route=%2Fwp%2Fv2%2Ftags&post=4548"}],"curies":[{"name":"wp","href":"https:\/\/api.w.org\/{rel}","templated":true}]}}