{"id":4974,"date":"2020-12-07T18:01:01","date_gmt":"2020-12-07T18:01:01","guid":{"rendered":"http:\/\/kommentatorenblog.de\/?p=4974"},"modified":"2020-12-30T15:11:49","modified_gmt":"2020-12-30T15:11:49","slug":"1031-5g-und-xxl","status":"publish","type":"post","link":"http:\/\/kommentatorenblog.de\/?p=4974","title":{"rendered":"1131 \u2013 5G und XXL"},"content":{"rendered":"\n<p>N\u2018 Abend allerseits,<\/p>\n\n\n\n<p><strong>Sky<\/strong> hat gestern beim Spiel der <strong>Handball-Bundesliga<\/strong> zwischen Flensburg und G\u00f6ppingen f\u00fcr eine europ\u00e4ische Premiere gesorgt: die erste 5G-\u00dcbertragung eines Live-Sport-Events, bei der auf Aufnahmen von bis zu zw\u00f6lf <strong>5G<\/strong>-Smartphones von <strong>O2 <\/strong>\u00fcber das 5G-Netz zur\u00fcckgegriffen wird. W\u00e4hrend auf Sky Sport 7 die &#8222;normale&#8220; \u00dcbertragung mit den Top-Leuten Westen, Petrzika und Kretzschmar \u00fcber die B\u00fchne ging, durfte die &#8222;zweite Reihe&#8220; mit Kleinfeldt, Herrmann und Hens das &#8222;5G-Experiment&#8220; wagen.  <\/p>\n\n\n\n<p>Im Vorfeld des Spiels hat O2 die Flens-Arena in sieben Tagen mit der neuen 5G Mobilfunktechnik ausger\u00fcstet. Einerseits nat\u00fcrlich eine innovative Sportproduktion, andererseits auch eine simple Werbeveranstaltung f\u00fcr O2. Immerhin schickte Sky aber daf\u00fcr &#8222;gef\u00fchlt&#8220; seine halbe Handball-Redaktion nach Flensburg. Dies und die generelle Art und Weise der Produktion (Stichwort: <strong>Vorort-Berichterstattung<\/strong>) der HBL bei Sky l\u00e4sst sich an dieser Stelle auch mal loben. <\/p>\n\n\n\n<p>Leider konnte ich den Live-Stream aus zeitlichen Gr\u00fcnden nicht verfolgen &#8211; jedoch habe ich mir im Re-Live einige Sequenzen. Die Bilder, bei denen die Handys beispielsweise auf sogenannten Gimbals befestigt werden, sind schon sehr professionell. Ich spreche das aus eigener Dreh-Erfahrung. Die Arbeit mit diesen Gimbals macht schlichtweg Bock &#8211; und eigentlich kann es auch jeder irgendwie. Zusammenfassend reicht dies aber noch lange nicht f\u00fcr eine TV-Produktion aus. Die Vor- und Nachberichterstattung l\u00e4sst sich durchaus nur mit Handys spielen. W\u00e4hrend des Spiels f\u00fchlte ich mich vor dem Bildschirm, insbesondere bei den Abschnitten von der \u201eF\u00fchrungskamera\u201c wie ein Stadionzuschauer, der seine Brille vergessen hat. Es war einfach ein wenig zu weit weg und teilweise auch unscharf. Grunds\u00e4tzlich kann ich mir dies bei TV-\u00dcbertragungen als Add-On vorstellen. Es sollte und m\u00fcsste aber noch einige Jahrzehnte dauern bis das Ganze f\u00fcr eine komplette Produktion wettbewerbsf\u00e4hig ist. <\/p>\n\n\n\n<p>Wie sch\u00e4tzt ihr dieses Experiment ein? Ist das Projekt unter dem Radar gelaufen oder hat vielleicht jemand mal in den Live-Stream reingeschaut! Hier ist der <a href=\"https:\/\/sport.sky.de\/handball\/artikel\/video-flensburg-gegen-goeppingen-in-5g-in-voller-laenge\/12153898\/34236\">Link f\u00fcr die Wiederholung<\/a>! Ich bin gespannt, wie sich diese Thematik weiterentwickelt und w\u00fcrde ich \u00fcber ein paar Meinungen zu diesem Thema freuen. Ach, und Hannes Herrmann ist echt ein klasse Kommentator mit einer tollen Stimme!  <\/p>\n\n\n\n<p>Jetzt aber erstmal die Ansetzungen &#8211; unten folgt die XXL-Analyse!<\/p>\n\n\n\n<hr class=\"wp-block-separator\"\/>\n\n\n\n<p class=\"has-normal-font-size\"><strong><em>Die Ansetzungen vom 08. Dezember bis zum 10. Dezember 2020<\/em><\/strong><\/p>\n\n\n\n<p class=\"has-normal-font-size\"><strong>Champions League Gruppenphase, 06. Spieltag<\/strong><\/p>\n\n\n\n<p><span style=\"text-decoration: underline;\">Dienstag, 08. Dezember 2020, ab 18.30 Uhr (Sky)\/ab 18.40 Uhr (DAZN)<\/span><\/p>\n\n\n\n<p><em><strong>Zenit St. Petersburg \u2013 Borussia Dortmund (18.55 Uhr)<\/strong><\/em><\/p>\n\n\n\n<p class=\"has-normal-font-size\">DAZN: <img loading=\"lazy\" decoding=\"async\" width=\"10\" height=\"21\" class=\"wp-image-3656\" style=\"width: 10px;\" src=\"http:\/\/kommentatorenblog.de\/wp-content\/uploads\/2020\/09\/shure-55sh-ii-e1601485394796.jpg\" alt=\"\" srcset=\"http:\/\/kommentatorenblog.de\/wp-content\/uploads\/2020\/09\/shure-55sh-ii-e1601485394796.jpg 415w, http:\/\/kommentatorenblog.de\/wp-content\/uploads\/2020\/09\/shure-55sh-ii-e1601485394796-142x300.jpg 142w\" sizes=\"auto, (max-width: 10px) 100vw, 10px\" \/>Marco Hagemann, Experte: Ralph Gunesch (Einzelspiel)<br>Sky: <img loading=\"lazy\" decoding=\"async\" width=\"10\" height=\"21\" class=\"wp-image-3656\" style=\"width: 10px;\" src=\"http:\/\/kommentatorenblog.de\/wp-content\/uploads\/2020\/09\/shure-55sh-ii-e1601485394796.jpg\" alt=\"\" srcset=\"http:\/\/kommentatorenblog.de\/wp-content\/uploads\/2020\/09\/shure-55sh-ii-e1601485394796.jpg 415w, http:\/\/kommentatorenblog.de\/wp-content\/uploads\/2020\/09\/shure-55sh-ii-e1601485394796-142x300.jpg 142w\" sizes=\"auto, (max-width: 10px) 100vw, 10px\" \/> Frank Buschmann (Konferenz)<\/p>\n\n\n\n<p>Moderation (DAZN): Alex Schl\u00fcter<\/p>\n\n\n\n<p><strong><em>Lazio Rom \u2013 FC Br\u00fcgge (18.55 Uhr)<\/em><\/strong><\/p>\n\n\n\n<p class=\"has-normal-font-size\">DAZN: <img loading=\"lazy\" decoding=\"async\" width=\"10\" height=\"21\" class=\"wp-image-3656\" style=\"width: 10px;\" src=\"http:\/\/kommentatorenblog.de\/wp-content\/uploads\/2020\/09\/shure-55sh-ii-e1601485394796.jpg\" alt=\"\" srcset=\"http:\/\/kommentatorenblog.de\/wp-content\/uploads\/2020\/09\/shure-55sh-ii-e1601485394796.jpg 415w, http:\/\/kommentatorenblog.de\/wp-content\/uploads\/2020\/09\/shure-55sh-ii-e1601485394796-142x300.jpg 142w\" sizes=\"auto, (max-width: 10px) 100vw, 10px\" \/> Carsten Fu\u00df (Einzelspiel)<br>Sky: <img loading=\"lazy\" decoding=\"async\" width=\"10\" height=\"21\" class=\"wp-image-3656\" style=\"width: 10px;\" src=\"http:\/\/kommentatorenblog.de\/wp-content\/uploads\/2020\/09\/shure-55sh-ii-e1601485394796.jpg\" alt=\"\" srcset=\"http:\/\/kommentatorenblog.de\/wp-content\/uploads\/2020\/09\/shure-55sh-ii-e1601485394796.jpg 415w, http:\/\/kommentatorenblog.de\/wp-content\/uploads\/2020\/09\/shure-55sh-ii-e1601485394796-142x300.jpg 142w\" sizes=\"auto, (max-width: 10px) 100vw, 10px\" \/> Holger Pfandt (Konferenz)<\/p>\n\n\n\n<p class=\"has-normal-font-size\"><span style=\"text-decoration: underline;\">ab 19.30 Uhr <strong>(Sky &#8211; exklusives Einzelspiel)<\/strong><\/span><\/p>\n\n\n\n<p><strong><em>RB Leipzig \u2013 Manchester United (21.00 Uhr)<\/em><\/strong><\/p>\n\n\n\n<p class=\"has-normal-font-size\"><img loading=\"lazy\" decoding=\"async\" width=\"10\" height=\"21\" class=\"wp-image-3656\" style=\"width: 10px;\" src=\"http:\/\/kommentatorenblog.de\/wp-content\/uploads\/2020\/09\/shure-55sh-ii-e1601485394796.jpg\" alt=\"\" srcset=\"http:\/\/kommentatorenblog.de\/wp-content\/uploads\/2020\/09\/shure-55sh-ii-e1601485394796.jpg 415w, http:\/\/kommentatorenblog.de\/wp-content\/uploads\/2020\/09\/shure-55sh-ii-e1601485394796-142x300.jpg 142w\" sizes=\"auto, (max-width: 10px) 100vw, 10px\" \/> Wolff Fuss (Einzelspiel), Martin Gro\u00df (Konferenz)<\/p>\n\n\n\n<p class=\"has-normal-font-size\">Field-Reporter (Sky): Patrick Wasserziehr <\/p>\n\n\n\n<p>Field-Reporter (DAZN): Max Siebald<\/p>\n\n\n\n<p><span style=\"text-decoration: underline;\">ab 19.30 Uhr (Sky)\/ab 20.45 Uhr (DAZN)<\/span><\/p>\n\n\n\n<p><strong><em>Paris Saint-Germain \u2013 Istanbul Bassksehir (21.00 Uhr)<\/em><\/strong><\/p>\n\n\n\n<p class=\"has-normal-font-size\">DAZN: <img loading=\"lazy\" decoding=\"async\" width=\"10\" height=\"21\" class=\"wp-image-3656\" style=\"width: 10px;\" src=\"http:\/\/kommentatorenblog.de\/wp-content\/uploads\/2020\/09\/shure-55sh-ii-e1601485394796.jpg\" alt=\"\" srcset=\"http:\/\/kommentatorenblog.de\/wp-content\/uploads\/2020\/09\/shure-55sh-ii-e1601485394796.jpg 415w, http:\/\/kommentatorenblog.de\/wp-content\/uploads\/2020\/09\/shure-55sh-ii-e1601485394796-142x300.jpg 142w\" sizes=\"auto, (max-width: 10px) 100vw, 10px\" \/> Lukas Sch\u00f6nm\u00fcller, Experte Alexis Menuge (Einzelspiel)<br>Sky: <img loading=\"lazy\" decoding=\"async\" width=\"10\" height=\"21\" class=\"wp-image-3656\" style=\"width: 10px;\" src=\"http:\/\/kommentatorenblog.de\/wp-content\/uploads\/2020\/09\/shure-55sh-ii-e1601485394796.jpg\" alt=\"\" srcset=\"http:\/\/kommentatorenblog.de\/wp-content\/uploads\/2020\/09\/shure-55sh-ii-e1601485394796.jpg 415w, http:\/\/kommentatorenblog.de\/wp-content\/uploads\/2020\/09\/shure-55sh-ii-e1601485394796-142x300.jpg 142w\" sizes=\"auto, (max-width: 10px) 100vw, 10px\" \/> Markus Gaupp (Konferenz), Field-Reporterin: Margot Dumont <\/p>\n\n\n\n<p>Moderation (DAZN): Tobi Wahnschaffe <\/p>\n\n\n\n<p><span style=\"text-decoration: underline;\">ab 19.30 Uhr (Sky)\/ab 20.55 Uhr (DAZN)<\/span> <\/p>\n\n\n\n<p><strong><em>Dynamo Kiew \u2013 <\/em><\/strong><strong><em>Ferencvaros Budapest<\/em><\/strong><strong><em> (21.00 Uhr)<\/em><\/strong><\/p>\n\n\n\n<p class=\"has-normal-font-size\">DAZN: <img loading=\"lazy\" decoding=\"async\" width=\"10\" height=\"21\" class=\"wp-image-3656\" style=\"width: 10px;\" src=\"http:\/\/kommentatorenblog.de\/wp-content\/uploads\/2020\/09\/shure-55sh-ii-e1601485394796.jpg\" alt=\"\" srcset=\"http:\/\/kommentatorenblog.de\/wp-content\/uploads\/2020\/09\/shure-55sh-ii-e1601485394796.jpg 415w, http:\/\/kommentatorenblog.de\/wp-content\/uploads\/2020\/09\/shure-55sh-ii-e1601485394796-142x300.jpg 142w\" sizes=\"auto, (max-width: 10px) 100vw, 10px\" \/> Franz B\u00fcchner (Einzelspiel)<br>Sky: <img loading=\"lazy\" decoding=\"async\" width=\"10\" height=\"21\" class=\"wp-image-3656\" style=\"width: 10px;\" src=\"http:\/\/kommentatorenblog.de\/wp-content\/uploads\/2020\/09\/shure-55sh-ii-e1601485394796.jpg\" alt=\"\" srcset=\"http:\/\/kommentatorenblog.de\/wp-content\/uploads\/2020\/09\/shure-55sh-ii-e1601485394796.jpg 415w, http:\/\/kommentatorenblog.de\/wp-content\/uploads\/2020\/09\/shure-55sh-ii-e1601485394796-142x300.jpg 142w\" sizes=\"auto, (max-width: 10px) 100vw, 10px\" \/>  J\u00f6rg Dahlmann (Konferenz)<\/p>\n\n\n\n<p><strong><em>FC Chelsea \u2013 FK Krasnodar (21.00 Uhr)<\/em><\/strong><\/p>\n\n\n\n<p class=\"has-normal-font-size\">DAZN: <img loading=\"lazy\" decoding=\"async\" width=\"10\" height=\"21\" class=\"wp-image-3656\" style=\"width: 10px;\" src=\"http:\/\/kommentatorenblog.de\/wp-content\/uploads\/2020\/09\/shure-55sh-ii-e1601485394796.jpg\" alt=\"\" srcset=\"http:\/\/kommentatorenblog.de\/wp-content\/uploads\/2020\/09\/shure-55sh-ii-e1601485394796.jpg 415w, http:\/\/kommentatorenblog.de\/wp-content\/uploads\/2020\/09\/shure-55sh-ii-e1601485394796-142x300.jpg 142w\" sizes=\"auto, (max-width: 10px) 100vw, 10px\" \/> Nico Seepe (Einzelspiel)<br>Sky: <img loading=\"lazy\" decoding=\"async\" width=\"10\" height=\"21\" class=\"wp-image-3656\" style=\"width: 10px;\" src=\"http:\/\/kommentatorenblog.de\/wp-content\/uploads\/2020\/09\/shure-55sh-ii-e1601485394796.jpg\" alt=\"\" srcset=\"http:\/\/kommentatorenblog.de\/wp-content\/uploads\/2020\/09\/shure-55sh-ii-e1601485394796.jpg 415w, http:\/\/kommentatorenblog.de\/wp-content\/uploads\/2020\/09\/shure-55sh-ii-e1601485394796-142x300.jpg 142w\" sizes=\"auto, (max-width: 10px) 100vw, 10px\" \/> Oliver Seidler (Konferenz) <\/p>\n\n\n\n<p><strong><em>Stade Rennes \u2013 FC Sevilla (21.00 Uhr)<\/em><\/strong><\/p>\n\n\n\n<p class=\"has-normal-font-size\">DAZN: <img loading=\"lazy\" decoding=\"async\" width=\"10\" height=\"21\" class=\"wp-image-3656\" style=\"width: 10px;\" src=\"http:\/\/kommentatorenblog.de\/wp-content\/uploads\/2020\/09\/shure-55sh-ii-e1601485394796.jpg\" alt=\"\" srcset=\"http:\/\/kommentatorenblog.de\/wp-content\/uploads\/2020\/09\/shure-55sh-ii-e1601485394796.jpg 415w, http:\/\/kommentatorenblog.de\/wp-content\/uploads\/2020\/09\/shure-55sh-ii-e1601485394796-142x300.jpg 142w\" sizes=\"auto, (max-width: 10px) 100vw, 10px\" \/> Stefan Galler (Einzelspiel)<br>Sky: <img loading=\"lazy\" decoding=\"async\" width=\"10\" height=\"21\" class=\"wp-image-3656\" style=\"width: 10px;\" src=\"http:\/\/kommentatorenblog.de\/wp-content\/uploads\/2020\/09\/shure-55sh-ii-e1601485394796.jpg\" alt=\"\" srcset=\"http:\/\/kommentatorenblog.de\/wp-content\/uploads\/2020\/09\/shure-55sh-ii-e1601485394796.jpg 415w, http:\/\/kommentatorenblog.de\/wp-content\/uploads\/2020\/09\/shure-55sh-ii-e1601485394796-142x300.jpg 142w\" sizes=\"auto, (max-width: 10px) 100vw, 10px\" \/> Klaus Veltmann (Konferenz) <\/p>\n\n\n\n<p><strong><em>FC Barcelona \u2013 Juventus Turin (21.00 Uhr)<\/em><\/strong><\/p>\n\n\n\n<p class=\"has-normal-font-size\">DAZN: <img loading=\"lazy\" decoding=\"async\" width=\"10\" height=\"21\" class=\"wp-image-3656\" style=\"width: 10px;\" src=\"http:\/\/kommentatorenblog.de\/wp-content\/uploads\/2020\/09\/shure-55sh-ii-e1601485394796.jpg\" alt=\"\" srcset=\"http:\/\/kommentatorenblog.de\/wp-content\/uploads\/2020\/09\/shure-55sh-ii-e1601485394796.jpg 415w, http:\/\/kommentatorenblog.de\/wp-content\/uploads\/2020\/09\/shure-55sh-ii-e1601485394796-142x300.jpg 142w\" sizes=\"auto, (max-width: 10px) 100vw, 10px\" \/> Uli Hebel, Experte: Sebastian Knei\u00dfl (Einzelspiel)<br>Sky: <img loading=\"lazy\" decoding=\"async\" width=\"10\" height=\"21\" class=\"wp-image-3656\" style=\"width: 10px;\" src=\"http:\/\/kommentatorenblog.de\/wp-content\/uploads\/2020\/09\/shure-55sh-ii-e1601485394796.jpg\" alt=\"\" srcset=\"http:\/\/kommentatorenblog.de\/wp-content\/uploads\/2020\/09\/shure-55sh-ii-e1601485394796.jpg 415w, http:\/\/kommentatorenblog.de\/wp-content\/uploads\/2020\/09\/shure-55sh-ii-e1601485394796-142x300.jpg 142w\" sizes=\"auto, (max-width: 10px) 100vw, 10px\" \/> Hansi K\u00fcpper (Konferenz) <\/p>\n\n\n\n<p>Studio-Moderation (Sky): Michael Leopold, Experten: Dietmar Hamann, Martin Schmidt und Erik Meijer  <\/p>\n\n\n\n<p><span style=\"text-decoration: underline;\">Mittwoch, 09. Dezember 2020, ab 18.30 Uhr (Sky)\/ab 18.50 Uhr (DAZN)<\/span><\/p>\n\n\n\n<p><em><strong>Ajax Amsterdam \u2013 Atalanta Bergamo (18.55 Uhr)<\/strong><\/em><\/p>\n\n\n\n<p class=\"has-normal-font-size\">DAZN: <img loading=\"lazy\" decoding=\"async\" width=\"10\" height=\"21\" class=\"wp-image-3656\" style=\"width: 10px;\" src=\"http:\/\/kommentatorenblog.de\/wp-content\/uploads\/2020\/09\/shure-55sh-ii-e1601485394796.jpg\" alt=\"\" srcset=\"http:\/\/kommentatorenblog.de\/wp-content\/uploads\/2020\/09\/shure-55sh-ii-e1601485394796.jpg 415w, http:\/\/kommentatorenblog.de\/wp-content\/uploads\/2020\/09\/shure-55sh-ii-e1601485394796-142x300.jpg 142w\" sizes=\"auto, (max-width: 10px) 100vw, 10px\" \/> Flo Hauser (Einzelspiel)<br>Sky: <img loading=\"lazy\" decoding=\"async\" width=\"10\" height=\"21\" class=\"wp-image-3656\" style=\"width: 10px;\" src=\"http:\/\/kommentatorenblog.de\/wp-content\/uploads\/2020\/09\/shure-55sh-ii-e1601485394796.jpg\" alt=\"\" srcset=\"http:\/\/kommentatorenblog.de\/wp-content\/uploads\/2020\/09\/shure-55sh-ii-e1601485394796.jpg 415w, http:\/\/kommentatorenblog.de\/wp-content\/uploads\/2020\/09\/shure-55sh-ii-e1601485394796-142x300.jpg 142w\" sizes=\"auto, (max-width: 10px) 100vw, 10px\" \/> J\u00f6rg Dahlmann (Konferenz)<\/p>\n\n\n\n<p><em><strong>FC Midtjylland \u2013 FC Liverpool (18.55 Uhr)<\/strong><\/em><\/p>\n\n\n\n<p class=\"has-normal-font-size\">DAZN: <img loading=\"lazy\" decoding=\"async\" width=\"10\" height=\"21\" class=\"wp-image-3656\" style=\"width: 10px;\" src=\"http:\/\/kommentatorenblog.de\/wp-content\/uploads\/2020\/09\/shure-55sh-ii-e1601485394796.jpg\" alt=\"\" srcset=\"http:\/\/kommentatorenblog.de\/wp-content\/uploads\/2020\/09\/shure-55sh-ii-e1601485394796.jpg 415w, http:\/\/kommentatorenblog.de\/wp-content\/uploads\/2020\/09\/shure-55sh-ii-e1601485394796-142x300.jpg 142w\" sizes=\"auto, (max-width: 10px) 100vw, 10px\" \/> Freddy Harder, Experte: Tim Hoogland (Einzelspiel)<br>Sky: <img loading=\"lazy\" decoding=\"async\" width=\"10\" height=\"21\" class=\"wp-image-3656\" style=\"width: 10px;\" src=\"http:\/\/kommentatorenblog.de\/wp-content\/uploads\/2020\/09\/shure-55sh-ii-e1601485394796.jpg\" alt=\"\" srcset=\"http:\/\/kommentatorenblog.de\/wp-content\/uploads\/2020\/09\/shure-55sh-ii-e1601485394796.jpg 415w, http:\/\/kommentatorenblog.de\/wp-content\/uploads\/2020\/09\/shure-55sh-ii-e1601485394796-142x300.jpg 142w\" sizes=\"auto, (max-width: 10px) 100vw, 10px\" \/> Michael Born (Konferenz)<\/p>\n\n\n\n<p class=\"has-normal-font-size\"><span style=\"text-decoration: underline;\">ab 19.30 Uhr <strong>(Sky &#8211; exklusives Einzelspiel)<\/strong><\/span><\/p>\n\n\n\n<p><em><strong>FC Bayern M\u00fcnchen \u2013 Lokomotive Moskau (21.00 Uhr)<\/strong><\/em><\/p>\n\n\n\n<p class=\"has-normal-font-size\"><img loading=\"lazy\" decoding=\"async\" width=\"10\" height=\"21\" class=\"wp-image-3656\" style=\"width: 10px;\" src=\"http:\/\/kommentatorenblog.de\/wp-content\/uploads\/2020\/09\/shure-55sh-ii-e1601485394796.jpg\" alt=\"\" srcset=\"http:\/\/kommentatorenblog.de\/wp-content\/uploads\/2020\/09\/shure-55sh-ii-e1601485394796.jpg 415w, http:\/\/kommentatorenblog.de\/wp-content\/uploads\/2020\/09\/shure-55sh-ii-e1601485394796-142x300.jpg 142w\" sizes=\"auto, (max-width: 10px) 100vw, 10px\" \/> Kai Dittmann (Einzelspiel), Frank Buschmann (Konferenz) <\/p>\n\n\n\n<p>Field-Reporterin: Esther Sedlaczek<\/p>\n\n\n\n<p><span style=\"text-decoration: underline;\">ab 19.30 Uhr (Sky)\/ab 20.30 Uhr (DAZN)<\/span><\/p>\n\n\n\n<p><em><strong>Real Madrid \u2013 Borussia M\u00f6nchengladbach (21.00 Uhr)<\/strong><\/em><\/p>\n\n\n\n<p class=\"has-normal-font-size\">DAZN: <img loading=\"lazy\" decoding=\"async\" width=\"10\" height=\"21\" class=\"wp-image-3656\" style=\"width: 10px;\" src=\"http:\/\/kommentatorenblog.de\/wp-content\/uploads\/2020\/09\/shure-55sh-ii-e1601485394796.jpg\" alt=\"\" srcset=\"http:\/\/kommentatorenblog.de\/wp-content\/uploads\/2020\/09\/shure-55sh-ii-e1601485394796.jpg 415w, http:\/\/kommentatorenblog.de\/wp-content\/uploads\/2020\/09\/shure-55sh-ii-e1601485394796-142x300.jpg 142w\" sizes=\"auto, (max-width: 10px) 100vw, 10px\" \/> Jan Platte, Experte: Sandro Wagner (Einzelspiel)<br>Sky: <img loading=\"lazy\" decoding=\"async\" width=\"10\" height=\"21\" class=\"wp-image-3656\" style=\"width: 10px;\" src=\"http:\/\/kommentatorenblog.de\/wp-content\/uploads\/2020\/09\/shure-55sh-ii-e1601485394796.jpg\" alt=\"\" srcset=\"http:\/\/kommentatorenblog.de\/wp-content\/uploads\/2020\/09\/shure-55sh-ii-e1601485394796.jpg 415w, http:\/\/kommentatorenblog.de\/wp-content\/uploads\/2020\/09\/shure-55sh-ii-e1601485394796-142x300.jpg 142w\" sizes=\"auto, (max-width: 10px) 100vw, 10px\" \/> Wolff Fuss (Konferenz)<\/p>\n\n\n\n<p>Moderation (DAZN): Alex Schl\u00fcter <\/p>\n\n\n\n<p><span style=\"text-decoration: underline;\">ab 19.30 Uhr (Sky)\/ab 20.55 Uhr (DAZN)<\/span>   <\/p>\n\n\n\n<p><em><strong>FC Salzburg \u2013 Atl\u00e9tico Madrid (21.00 Uhr)<\/strong><\/em><\/p>\n\n\n\n<p class=\"has-normal-font-size\">DAZN: <img loading=\"lazy\" decoding=\"async\" width=\"10\" height=\"21\" class=\"wp-image-3656\" style=\"width: 10px;\" src=\"http:\/\/kommentatorenblog.de\/wp-content\/uploads\/2020\/09\/shure-55sh-ii-e1601485394796.jpg\" alt=\"\" srcset=\"http:\/\/kommentatorenblog.de\/wp-content\/uploads\/2020\/09\/shure-55sh-ii-e1601485394796.jpg 415w, http:\/\/kommentatorenblog.de\/wp-content\/uploads\/2020\/09\/shure-55sh-ii-e1601485394796-142x300.jpg 142w\" sizes=\"auto, (max-width: 10px) 100vw, 10px\" \/> Max Gross, Experte: Benny Lauth (Einzelspiel)<br>Sky: <img loading=\"lazy\" decoding=\"async\" width=\"10\" height=\"21\" class=\"wp-image-3656\" style=\"width: 10px;\" src=\"http:\/\/kommentatorenblog.de\/wp-content\/uploads\/2020\/09\/shure-55sh-ii-e1601485394796.jpg\" alt=\"\" srcset=\"http:\/\/kommentatorenblog.de\/wp-content\/uploads\/2020\/09\/shure-55sh-ii-e1601485394796.jpg 415w, http:\/\/kommentatorenblog.de\/wp-content\/uploads\/2020\/09\/shure-55sh-ii-e1601485394796-142x300.jpg 142w\" sizes=\"auto, (max-width: 10px) 100vw, 10px\" \/> Philipp Paternina (Konferenz)<\/p>\n\n\n\n<p><em><strong>Inter Mailand \u2013 Schachtar Donezk (21.00 Uhr)<\/strong><\/em><\/p>\n\n\n\n<p class=\"has-normal-font-size\">DAZN: <img loading=\"lazy\" decoding=\"async\" width=\"10\" height=\"21\" class=\"wp-image-3656\" style=\"width: 10px;\" src=\"http:\/\/kommentatorenblog.de\/wp-content\/uploads\/2020\/09\/shure-55sh-ii-e1601485394796.jpg\" alt=\"\" srcset=\"http:\/\/kommentatorenblog.de\/wp-content\/uploads\/2020\/09\/shure-55sh-ii-e1601485394796.jpg 415w, http:\/\/kommentatorenblog.de\/wp-content\/uploads\/2020\/09\/shure-55sh-ii-e1601485394796-142x300.jpg 142w\" sizes=\"auto, (max-width: 10px) 100vw, 10px\" \/> Max Siebald, Experte: Sebastian Knei\u00dfl (Einzelspiel)<br>Sky: <img loading=\"lazy\" decoding=\"async\" width=\"10\" height=\"21\" class=\"wp-image-3656\" style=\"width: 10px;\" src=\"http:\/\/kommentatorenblog.de\/wp-content\/uploads\/2020\/09\/shure-55sh-ii-e1601485394796.jpg\" alt=\"\" srcset=\"http:\/\/kommentatorenblog.de\/wp-content\/uploads\/2020\/09\/shure-55sh-ii-e1601485394796.jpg 415w, http:\/\/kommentatorenblog.de\/wp-content\/uploads\/2020\/09\/shure-55sh-ii-e1601485394796-142x300.jpg 142w\" sizes=\"auto, (max-width: 10px) 100vw, 10px\" \/> Holger Pfandt (Konferenz) <\/p>\n\n\n\n<p><strong><em>Manchester City \u2013 Olympique Marseille (21.00 Uhr)<\/em><\/strong><\/p>\n\n\n\n<p class=\"has-normal-font-size\">DAZN: <img loading=\"lazy\" decoding=\"async\" width=\"10\" height=\"21\" class=\"wp-image-3656\" style=\"width: 10px;\" src=\"http:\/\/kommentatorenblog.de\/wp-content\/uploads\/2020\/09\/shure-55sh-ii-e1601485394796.jpg\" alt=\"\" srcset=\"http:\/\/kommentatorenblog.de\/wp-content\/uploads\/2020\/09\/shure-55sh-ii-e1601485394796.jpg 415w, http:\/\/kommentatorenblog.de\/wp-content\/uploads\/2020\/09\/shure-55sh-ii-e1601485394796-142x300.jpg 142w\" sizes=\"auto, (max-width: 10px) 100vw, 10px\" \/> Andreas Renner (Einzelspiel)<br>Sky: <img loading=\"lazy\" decoding=\"async\" width=\"10\" height=\"21\" class=\"wp-image-3656\" style=\"width: 10px;\" src=\"http:\/\/kommentatorenblog.de\/wp-content\/uploads\/2020\/09\/shure-55sh-ii-e1601485394796.jpg\" alt=\"\" srcset=\"http:\/\/kommentatorenblog.de\/wp-content\/uploads\/2020\/09\/shure-55sh-ii-e1601485394796.jpg 415w, http:\/\/kommentatorenblog.de\/wp-content\/uploads\/2020\/09\/shure-55sh-ii-e1601485394796-142x300.jpg 142w\" sizes=\"auto, (max-width: 10px) 100vw, 10px\" \/> Oliver Seidler (Konferenz) <\/p>\n\n\n\n<p><strong><em>Olympiakos Pir\u00e4us \u2013 FC Porto (21.00 Uhr)<\/em><\/strong><\/p>\n\n\n\n<p class=\"has-normal-font-size\">DAZN: <img loading=\"lazy\" decoding=\"async\" width=\"10\" height=\"21\" class=\"wp-image-3656\" style=\"width: 10px;\" src=\"http:\/\/kommentatorenblog.de\/wp-content\/uploads\/2020\/09\/shure-55sh-ii-e1601485394796.jpg\" alt=\"\" srcset=\"http:\/\/kommentatorenblog.de\/wp-content\/uploads\/2020\/09\/shure-55sh-ii-e1601485394796.jpg 415w, http:\/\/kommentatorenblog.de\/wp-content\/uploads\/2020\/09\/shure-55sh-ii-e1601485394796-142x300.jpg 142w\" sizes=\"auto, (max-width: 10px) 100vw, 10px\" \/> Uwe Morawe (Einzelspiel)<br>Sky: <img loading=\"lazy\" decoding=\"async\" width=\"10\" height=\"21\" class=\"wp-image-3656\" style=\"width: 10px;\" src=\"http:\/\/kommentatorenblog.de\/wp-content\/uploads\/2020\/09\/shure-55sh-ii-e1601485394796.jpg\" alt=\"\" srcset=\"http:\/\/kommentatorenblog.de\/wp-content\/uploads\/2020\/09\/shure-55sh-ii-e1601485394796.jpg 415w, http:\/\/kommentatorenblog.de\/wp-content\/uploads\/2020\/09\/shure-55sh-ii-e1601485394796-142x300.jpg 142w\" sizes=\"auto, (max-width: 10px) 100vw, 10px\" \/> Klaus Veltmann (Konferenz) <\/p>\n\n\n\n<p>Studio-Moderation (Sky): Sebastian Hellmann, Experten: Lothar Matth\u00e4us, Benedikt H\u00f6wedes und Erik Meijer <\/p>\n\n\n\n<hr class=\"wp-block-separator\"\/>\n\n\n\n<p><strong>Europa League Gruppenphase, 06. Spieltag<\/strong><\/p>\n\n\n\n<p><span style=\"text-decoration: underline;\">Donnerstag, 10. Dezember 2020, ab 18.40 Uhr (DAZN)<\/span><\/p>\n\n\n\n<p><strong><em>GoalZone<\/em><\/strong> <img loading=\"lazy\" decoding=\"async\" width=\"10\" height=\"21\" class=\"wp-image-3656\" style=\"width: 10px;\" src=\"http:\/\/kommentatorenblog.de\/wp-content\/uploads\/2020\/09\/shure-55sh-ii-e1601485394796.jpg\" alt=\"\" srcset=\"http:\/\/kommentatorenblog.de\/wp-content\/uploads\/2020\/09\/shure-55sh-ii-e1601485394796.jpg 415w, http:\/\/kommentatorenblog.de\/wp-content\/uploads\/2020\/09\/shure-55sh-ii-e1601485394796-142x300.jpg 142w\" sizes=\"auto, (max-width: 10px) 100vw, 10px\" \/> Jan L\u00fcdeke und Lukas Sch\u00f6nm\u00fcller<\/p>\n\n\n\n<p><span style=\"text-decoration: underline;\">ab 18.50 Uhr (DAZN)<\/span><\/p>\n\n\n\n<p><strong><em>Bayer 04 Leverkusen<\/em><\/strong>&nbsp;<strong><em>\u2013<\/em><\/strong>&nbsp;<strong><em>Slavia Prag (18.55 Uhr)<\/em><\/strong><\/p>\n\n\n\n<p class=\"has-normal-font-size\"><img loading=\"lazy\" decoding=\"async\" width=\"10\" height=\"21\" class=\"wp-image-3656\" style=\"width: 10px;\" src=\"http:\/\/kommentatorenblog.de\/wp-content\/uploads\/2020\/09\/shure-55sh-ii-e1601485394796.jpg\" alt=\"\" srcset=\"http:\/\/kommentatorenblog.de\/wp-content\/uploads\/2020\/09\/shure-55sh-ii-e1601485394796.jpg 415w, http:\/\/kommentatorenblog.de\/wp-content\/uploads\/2020\/09\/shure-55sh-ii-e1601485394796-142x300.jpg 142w\" sizes=\"auto, (max-width: 10px) 100vw, 10px\" \/> Uli Hebel, Experte: Ralph Gunesch <\/p>\n\n\n\n<p><strong><em>Rapid Wien \u2013 Molde FK (18.55 Uhr) <\/em><\/strong><\/p>\n\n\n\n<p><img loading=\"lazy\" decoding=\"async\" width=\"10\" height=\"21\" class=\"wp-image-3656\" style=\"width: 10px;\" src=\"http:\/\/kommentatorenblog.de\/wp-content\/uploads\/2020\/09\/shure-55sh-ii-e1601485394796.jpg\" alt=\"\" srcset=\"http:\/\/kommentatorenblog.de\/wp-content\/uploads\/2020\/09\/shure-55sh-ii-e1601485394796.jpg 415w, http:\/\/kommentatorenblog.de\/wp-content\/uploads\/2020\/09\/shure-55sh-ii-e1601485394796-142x300.jpg 142w\" sizes=\"auto, (max-width: 10px) 100vw, 10px\" \/> Uwe Morawe, Experte: Benny Lauth <\/p>\n\n\n\n<p><strong><em>SSC Neapel<span style=\"\"> <\/span>\u2013&nbsp;Real Sociedad (18.55 Uhr)<\/em><\/strong><\/p>\n\n\n\n<p class=\"has-normal-font-size\"><img loading=\"lazy\" decoding=\"async\" width=\"10\" height=\"21\" class=\"wp-image-3656\" style=\"width: 10px;\" src=\"http:\/\/kommentatorenblog.de\/wp-content\/uploads\/2020\/09\/shure-55sh-ii-e1601485394796.jpg\" alt=\"\" srcset=\"http:\/\/kommentatorenblog.de\/wp-content\/uploads\/2020\/09\/shure-55sh-ii-e1601485394796.jpg 415w, http:\/\/kommentatorenblog.de\/wp-content\/uploads\/2020\/09\/shure-55sh-ii-e1601485394796-142x300.jpg 142w\" sizes=\"auto, (max-width: 10px) 100vw, 10px\" \/> Mario Rieker <\/p>\n\n\n\n<p><strong><em>Young Boys Bern \u2013&nbsp;CFR Cluj <\/em><\/strong><strong><em>(18.55 Uhr)<\/em><\/strong><\/p>\n\n\n\n<p class=\"has-normal-font-size\"><img loading=\"lazy\" decoding=\"async\" width=\"10\" height=\"21\" class=\"wp-image-3656\" style=\"width: 10px;\" src=\"http:\/\/kommentatorenblog.de\/wp-content\/uploads\/2020\/09\/shure-55sh-ii-e1601485394796.jpg\" alt=\"\" srcset=\"http:\/\/kommentatorenblog.de\/wp-content\/uploads\/2020\/09\/shure-55sh-ii-e1601485394796.jpg 415w, http:\/\/kommentatorenblog.de\/wp-content\/uploads\/2020\/09\/shure-55sh-ii-e1601485394796-142x300.jpg 142w\" sizes=\"auto, (max-width: 10px) 100vw, 10px\" \/> Andreas Renner<\/p>\n\n\n\n<p><strong><em>PSV Eindhoven \u2013&nbsp;Omonia Nikosia <\/em><\/strong><strong><em>(18.55 Uhr)<\/em><\/strong><\/p>\n\n\n\n<p class=\"has-normal-font-size\"><img loading=\"lazy\" decoding=\"async\" width=\"10\" height=\"21\" class=\"wp-image-3656\" style=\"width: 10px;\" src=\"http:\/\/kommentatorenblog.de\/wp-content\/uploads\/2020\/09\/shure-55sh-ii-e1601485394796.jpg\" alt=\"\" srcset=\"http:\/\/kommentatorenblog.de\/wp-content\/uploads\/2020\/09\/shure-55sh-ii-e1601485394796.jpg 415w, http:\/\/kommentatorenblog.de\/wp-content\/uploads\/2020\/09\/shure-55sh-ii-e1601485394796-142x300.jpg 142w\" sizes=\"auto, (max-width: 10px) 100vw, 10px\" \/> Tino Polster <\/p>\n\n\n\n<p><span style=\"text-decoration: underline;\">ab 20.15 Uhr (Nitro)\/ab 20.55 Uhr (DAZN)<\/span><\/p>\n\n\n\n<p><strong><em>TSG Hoffenheim<span style=\"\"> <\/span>\u2013&nbsp;KAA Gent (21.00 Uhr)<\/em><\/strong><\/p>\n\n\n\n<p class=\"has-normal-font-size\">Nitro: <img loading=\"lazy\" decoding=\"async\" width=\"10\" height=\"21\" class=\"wp-image-3656\" style=\"width: 10px;\" src=\"http:\/\/kommentatorenblog.de\/wp-content\/uploads\/2020\/09\/shure-55sh-ii-e1601485394796.jpg\" alt=\"\" srcset=\"http:\/\/kommentatorenblog.de\/wp-content\/uploads\/2020\/09\/shure-55sh-ii-e1601485394796.jpg 415w, http:\/\/kommentatorenblog.de\/wp-content\/uploads\/2020\/09\/shure-55sh-ii-e1601485394796-142x300.jpg 142w\" sizes=\"auto, (max-width: 10px) 100vw, 10px\" \/> Marco Hagemann, Experte: Steffen Freund<br>DAZN: <img loading=\"lazy\" decoding=\"async\" width=\"10\" height=\"21\" class=\"wp-image-3656\" style=\"width: 10px;\" src=\"http:\/\/kommentatorenblog.de\/wp-content\/uploads\/2020\/09\/shure-55sh-ii-e1601485394796.jpg\" alt=\"\" srcset=\"http:\/\/kommentatorenblog.de\/wp-content\/uploads\/2020\/09\/shure-55sh-ii-e1601485394796.jpg 415w, http:\/\/kommentatorenblog.de\/wp-content\/uploads\/2020\/09\/shure-55sh-ii-e1601485394796-142x300.jpg 142w\" sizes=\"auto, (max-width: 10px) 100vw, 10px\" \/> Jan Platte, Experte: Sebastian Knei\u00dfl <\/p>\n\n\n\n<p>Moderation (RTL): Laura Wontorra, Experte: Roman Weidenfeller<\/p>\n\n\n<p><span style=\"text-decoration: underline;\">ab 20.55 Uhr (DAZN)<\/span><br><!--StartFragment--><\/p>\n\n\n<p><strong><em>Tottenham Hotspur \u2013<\/em><\/strong>&nbsp;<strong><em>Royal Antwerpen (21.00 Uhr)<\/em><\/strong><\/p>\n\n\n\n<p class=\"has-normal-font-size\"><img loading=\"lazy\" decoding=\"async\" width=\"10\" height=\"21\" class=\"wp-image-3656\" style=\"width: 10px;\" src=\"http:\/\/kommentatorenblog.de\/wp-content\/uploads\/2020\/09\/shure-55sh-ii-e1601485394796.jpg\" alt=\"\" srcset=\"http:\/\/kommentatorenblog.de\/wp-content\/uploads\/2020\/09\/shure-55sh-ii-e1601485394796.jpg 415w, http:\/\/kommentatorenblog.de\/wp-content\/uploads\/2020\/09\/shure-55sh-ii-e1601485394796-142x300.jpg 142w\" sizes=\"auto, (max-width: 10px) 100vw, 10px\" \/> Oliver Forster<\/p>\n\n\n\n<p><strong><em>Ludogorez Rasgrad<\/em><\/strong> <strong><em>\u2013<\/em><\/strong>&nbsp;<strong><em>LASK (21.00 Uhr)<\/em><\/strong><\/p>\n\n\n\n<p class=\"has-normal-font-size\"><img loading=\"lazy\" decoding=\"async\" width=\"10\" height=\"21\" class=\"wp-image-3656\" style=\"width: 10px;\" src=\"http:\/\/kommentatorenblog.de\/wp-content\/uploads\/2020\/09\/shure-55sh-ii-e1601485394796.jpg\" alt=\"\" srcset=\"http:\/\/kommentatorenblog.de\/wp-content\/uploads\/2020\/09\/shure-55sh-ii-e1601485394796.jpg 415w, http:\/\/kommentatorenblog.de\/wp-content\/uploads\/2020\/09\/shure-55sh-ii-e1601485394796-142x300.jpg 142w\" sizes=\"auto, (max-width: 10px) 100vw, 10px\" \/> Franz B\u00fcchner<\/p>\n\n\n\n<p><strong><em>Sparta Prag \u2013&nbsp;AC Mailand (21.00 Uhr)<\/em><\/strong><\/p>\n\n\n\n<p class=\"has-normal-font-size\"><img loading=\"lazy\" decoding=\"async\" width=\"10\" height=\"21\" class=\"wp-image-3656\" style=\"width: 10px;\" src=\"http:\/\/kommentatorenblog.de\/wp-content\/uploads\/2020\/09\/shure-55sh-ii-e1601485394796.jpg\" alt=\"\" srcset=\"http:\/\/kommentatorenblog.de\/wp-content\/uploads\/2020\/09\/shure-55sh-ii-e1601485394796.jpg 415w, http:\/\/kommentatorenblog.de\/wp-content\/uploads\/2020\/09\/shure-55sh-ii-e1601485394796-142x300.jpg 142w\" sizes=\"auto, (max-width: 10px) 100vw, 10px\" \/> Carsten Fu\u00df<\/p>\n\n\n\n<p><strong><em>Wolfsberger AC \u2013&nbsp;Feyenoord Rotterdam (21.00 Uhr)<\/em><\/strong><\/p>\n\n\n\n<p class=\"has-normal-font-size\"><img loading=\"lazy\" decoding=\"async\" width=\"10\" height=\"21\" class=\"wp-image-3656\" style=\"width: 10px;\" src=\"http:\/\/kommentatorenblog.de\/wp-content\/uploads\/2020\/09\/shure-55sh-ii-e1601485394796.jpg\" alt=\"\" srcset=\"http:\/\/kommentatorenblog.de\/wp-content\/uploads\/2020\/09\/shure-55sh-ii-e1601485394796.jpg 415w, http:\/\/kommentatorenblog.de\/wp-content\/uploads\/2020\/09\/shure-55sh-ii-e1601485394796-142x300.jpg 142w\" sizes=\"auto, (max-width: 10px) 100vw, 10px\" \/> Matthias Naebers<\/p>\n\n\n\n<p><span style=\"text-decoration: underline;\">Dienstag, 10. Dezember 2020, ab 17.55 Uhr (Sport1)<\/span><\/p>\n\n\n\n<p><em><strong>FC Bayern M\u00fcnchen \u2013 Ajax Amsterdam (18.00 Uhr)<\/strong><\/em><\/p>\n\n\n\n<p class=\"has-normal-font-size\">Sport1: <img loading=\"lazy\" decoding=\"async\" width=\"10\" height=\"21\" class=\"wp-image-3656\" style=\"width: 10px;\" src=\"http:\/\/kommentatorenblog.de\/wp-content\/uploads\/2020\/09\/shure-55sh-ii-e1601485394796.jpg\" alt=\"\" srcset=\"http:\/\/kommentatorenblog.de\/wp-content\/uploads\/2020\/09\/shure-55sh-ii-e1601485394796.jpg 415w, http:\/\/kommentatorenblog.de\/wp-content\/uploads\/2020\/09\/shure-55sh-ii-e1601485394796-142x300.jpg 142w\" sizes=\"auto, (max-width: 10px) 100vw, 10px\" \/> Peter Kohl <\/p>\n\n\n\n<hr class=\"wp-block-separator\"\/>\n\n\n\n<p><strong>3. Liga, Nachholspiel 09. Spieltag<\/strong><\/p>\n\n\n\n<p><span style=\"text-decoration: underline;\">Dienstag, 08. Dezember 2020, ab 18.45 Uhr (Magenta Sport)<\/span><\/p>\n\n\n\n<p><strong><em>SV Meppen \u2013 Waldhof Mannheim (19.00 Uhr)<\/em><\/strong><\/p>\n\n\n\n<p><img loading=\"lazy\" decoding=\"async\" width=\"10\" height=\"21\" class=\"wp-image-3656\" style=\"width: 10px;\" src=\"http:\/\/kommentatorenblog.de\/wp-content\/uploads\/2020\/09\/shure-55sh-ii-e1601485394796.jpg\" alt=\"\" srcset=\"http:\/\/kommentatorenblog.de\/wp-content\/uploads\/2020\/09\/shure-55sh-ii-e1601485394796.jpg 415w, http:\/\/kommentatorenblog.de\/wp-content\/uploads\/2020\/09\/shure-55sh-ii-e1601485394796-142x300.jpg 142w\" sizes=\"auto, (max-width: 10px) 100vw, 10px\" \/> Mike M\u00fcnkel  <\/p>\n\n\n\n<p>Moderation: Stefan Fuckert  <\/p>\n\n\n\n<hr class=\"wp-block-separator\"\/>\n\n\n<p><strong>Internationaler Fussball<\/strong>&nbsp;<strong>(Sportdigital FUSSBALL)<\/strong><\/p>\n\n\n<p><span style=\"text-decoration: underline;\">Dienstag, 01. Dezember 2020<\/span> <\/p>\n\n\n\n<p>MLS, Playoffs, Halbfinale:<strong><em> Seattle Sounders FC \u2013 Minnesota United <\/em><\/strong><strong><em>(03.50 Uhr)<\/em><\/strong><\/p>\n\n\n\n<p><img loading=\"lazy\" decoding=\"async\" width=\"10\" height=\"21\" class=\"wp-image-3656\" style=\"width: 10px;\" src=\"http:\/\/kommentatorenblog.de\/wp-content\/uploads\/2020\/09\/shure-55sh-ii-e1601485394796.jpg\" alt=\"\" srcset=\"http:\/\/kommentatorenblog.de\/wp-content\/uploads\/2020\/09\/shure-55sh-ii-e1601485394796.jpg 415w, http:\/\/kommentatorenblog.de\/wp-content\/uploads\/2020\/09\/shure-55sh-ii-e1601485394796-142x300.jpg 142w\" sizes=\"auto, (max-width: 10px) 100vw, 10px\" \/> Christian Blunck      <\/p>\n\n\n\n<p><span style=\"text-decoration: underline;\">Mittwoch, 02. Dezember 2020 <\/span><\/p>\n\n\n\n<p>Copa Libertadores, Viertelfinale, Hinspiel:<strong><em> Gremio \u2013 Santos <\/em><\/strong><strong><em>(23.15 Uhr)<\/em><\/strong><\/p>\n\n\n\n<p><img loading=\"lazy\" decoding=\"async\" width=\"10\" height=\"21\" class=\"wp-image-3656\" style=\"width: 10px;\" src=\"http:\/\/kommentatorenblog.de\/wp-content\/uploads\/2020\/09\/shure-55sh-ii-e1601485394796.jpg\" alt=\"\" srcset=\"http:\/\/kommentatorenblog.de\/wp-content\/uploads\/2020\/09\/shure-55sh-ii-e1601485394796.jpg 415w, http:\/\/kommentatorenblog.de\/wp-content\/uploads\/2020\/09\/shure-55sh-ii-e1601485394796-142x300.jpg 142w\" sizes=\"auto, (max-width: 10px) 100vw, 10px\" \/> Arne Malsch <\/p>\n\n\n\n<p><span style=\"text-decoration: underline;\">Donnerstag, 03. Dezember 2020 <\/span><\/p>\n\n\n\n<p>Copa Libertadores, Achtelfinale, R\u00fcckspiel:<strong><em> Boca Juniors \u2013 Internacional <\/em><\/strong><strong><em>(01.30 Uhr)<\/em><\/strong><\/p>\n\n\n\n<p><img loading=\"lazy\" decoding=\"async\" width=\"10\" height=\"21\" class=\"wp-image-3656\" style=\"width: 10px;\" src=\"http:\/\/kommentatorenblog.de\/wp-content\/uploads\/2020\/09\/shure-55sh-ii-e1601485394796.jpg\" alt=\"\" srcset=\"http:\/\/kommentatorenblog.de\/wp-content\/uploads\/2020\/09\/shure-55sh-ii-e1601485394796.jpg 415w, http:\/\/kommentatorenblog.de\/wp-content\/uploads\/2020\/09\/shure-55sh-ii-e1601485394796-142x300.jpg 142w\" sizes=\"auto, (max-width: 10px) 100vw, 10px\" \/> Hannes Herrmann  <\/p>\n\n\n\n<hr class=\"wp-block-separator\"\/>\n\n\n\n<p><strong>Die Analyse<\/strong><\/p>\n\n\n\n<p><strong>Wieder Russland f\u00fcr DAZN<\/strong><\/p>\n\n\n\n<p>In der fr\u00fchen Konferenz am Dienstag gibt\u00b4s mal wieder eine Partie mit deutscher Beteiligung. Borussia Dortmund, bereits f\u00fcr das Achtelfinale der Champions League qualifiziert, k\u00e4mpft in St. Petersburg um den Spitzenplatz in Gruppe F. Bei einem Sieg in Russland wird der BVB Gruppenerster bleiben &#8211; andernfalls ist im Parallel-Spiel Sch\u00fctzenhilfe von Br\u00fcgge gefragt. DAZN zeigt das Spiel. wie bereits den Auftritt der Bayern in Moskau, exklusiv in der Einzelspiel-Option. Nat\u00fcrlich wird das On-Air-Personal die Partie nicht live aus der viertgr\u00f6\u00dften Stadt Europas, sondern aus dem warmen und beschaulichen Baulichkeiten in M\u00fcnchen-Ismaning begleiten. Die Ansetzung mit Schl\u00fcter, Hagemann und Gunesch klingt logisch, weil Wagner und Platte am Mittwoch zum Einsatz kommt. Zudem gibt es auch nur 15 Minuten Vorberichte. Bei Gladbach (siehe unten) wird es l\u00e4nger werden &#8211; ebenfalls ein Beleg f\u00fcr die Gewichtung der Spiele!<\/p>\n\n\n\n<p>In der Sky-Konferenz sitzt bei Borussia Dortmund wieder Frank Buschmann am Mikro &#8211; somit wird &#8222;Buschi&#8220; 5 von 6 BVB-Spielen in der CL-Gruppenphase kommentieren. Lediglich am dritten Spieltag h\u00f6rten wir in der Konferenz Wolff Fuss bei den Dortmundern. Die &#8222;Wiederholung&#8220; auf Sky kommentiert Michael Born, sodass die Anreise f\u00fcr die Mittwochs-Konferenz auch Sinn macht. Nicht zu vergessen: Beide Sender besitzen wohl f\u00fcr Interviews die M\u00f6glichkeit ins Stadion nach St. Petersburg zu schalten. <\/p>\n\n\n\n<p><strong>Sky im Bullen-Gl\u00fcck<\/strong><\/p>\n\n\n\n<p>Sky hat &#8222;Gl\u00fcck&#8220; und erwischt mit dem Spiel zwischen Leipzig und Manchester United das &#8222;sportlich interessantere&#8220;?! Weil die Partie auf deutschem Boden\/ nicht in einem ausl\u00e4ndischen Risikogebiet stattfindet, freuen wir uns auf Vorort-Berichterstattung.  Die Interviews in Leipzig f\u00fchrt Patrick Wasserziehr. Wolff Fuss wird das &#8222;Finale&#8220; kommentieren, weil das Bayern-Spiel am Mittwoch nahezu gleichg\u00fcltig erscheint (mehr dazu unten :D). Martin Gro\u00df macht das Ganze in der Konferenz. Die Highlights und das Re-Live gibt\u00b4s auf DAZN mit Marcel Seufert &#8211; keine \u00dcberraschung.<\/p>\n\n\n\n<p><strong>Gaupp-Deb\u00fct und wieder Dumont <\/strong><\/p>\n\n\n\n<p>In den restlichen Ansetzungen der Sky-Konferenz am Dienstag finden sich mehrheitlich die \u00fcblichen Verd\u00e4chtigen wieder. Einzig das CL-Konferenz-Saisondeb\u00fct von Markus Gaupp f\u00e4llt ins Auge. Der Master der Zusammenfassungen und Re-Live-Spiele darf mal wieder live ran. Sein Spiel, Paris gegen Istanbul, k\u00f6nnte zudem durchaus von Bedeutung werden.  Im Studio gibt\u00b4s beim BVB-Spiel die klassische &#8222;Leopold-Besetzung&#8220; mit Sky-Experte Martin Schmidt als zus\u00e4tzlichem Gast. Und in Paris setzt Sky wieder auf beinsports-Frau Margot Dumont.<\/p>\n\n\n\n<p><strong>Fokus auf PSG-Spiel<\/strong><\/p>\n\n\n\n<p>Bei den anderen Einzelspiel-\u00dcbertragungen setzt DAZN am Dienstag den Fokus auf das PSG-Spiel &#8211; nur hier gibt\u00b4s Moderator\/Kommentator\/Experte. Ich h\u00e4tte diese Konstellation eventuell auch bei FC Barcelona gegen Juventus Turin erwartet. Hier &#8222;muss&#8220; Uli Hebel aber alleine mit Sebastian Knei\u00dfl Herr der Dinge werden. Beide Teams sind ja auch schon qualifiziert.<\/p>\n\n\n\n<p><strong>DAZN zieht den &#8222;Jackpot&#8220;<\/strong><\/p>\n\n\n\n<p>Mit Blick auf die deutschen Partien zieht DAZN am letzten Spieltag dieser CL-Gruppenphase das gro\u00dfe Los. Gr\u00fcnde: Zun\u00e4chst k\u00f6nnen in Gladbach\u00b4s Gruppe B noch alle Teams das Achtelfinale erreichen. Au\u00dferdem l\u00e4sst sich wohl die These aufstellen, dass ein Spiel von M\u00b4Gladbach bei Real Madrid grunds\u00e4tzlich mehr Zuschauer als Leipzig-ManU anziehen sollte. Bei DAZN \u00fcbernimmt das Trio Platte, Schl\u00fcter und Wagner! Das zeigt klar den h\u00f6heren Stellenwert des Spiels im Vergleich zur BVB-Partie. <\/p>\n\n\n\n<p>Wolff Fuss macht sich Mittwoch fix auf den Heimweg nach M\u00fcnchen, um bei diesem Spiel in der Konferenz mitzuwirken. Ja, die Ausgangslage ist entscheidend. Aber eine CL-Woche mit zwei Eins\u00e4tzen von Wolff Fuss bei Partien ohne Beteilung von Bayern oder Dortmund, obwohl diese zeitgleich spielen, halte ich f\u00fcr ein absolutes Novum. F\u00fcr Sky sitzt Hansi K\u00fcpper f\u00fcr die Wiederholung in der Kommentatoren-Box. Aber wir lernen ja nie aus. In Madrid werden beide Sender wohl auch wieder eine Schalt-M\u00f6glichkeit f\u00fcr Stimmen haben. <\/p>\n\n\n\n<p><strong>Dittmann erh\u00e4lt bedeutungsloses Bayern-Spiel<\/strong><\/p>\n\n\n\n<p>Nachdem die Bayern letzte Woche sich in Wettbewerbsverzerrung \u00fcbten, sodass sogar Frank Buschmann in der Konferenz kaum zum Zug kam, wird das Heimspiel gegen Moskau &#8222;noch egaler&#8220; werden. Denn trotz einer C-Elf der M\u00fcnchener wird Lokomotive die Euro League wohl eher nicht mehr erreichen. Dittmann aus der Allianz-Arena (Einzelspiel) und Buschmann aus Unterf\u00f6hring (Konferenz) hatten wohl schon spannendere Eins\u00e4tze. Gleiches gilt f\u00fcr Interviewerim Esther Sedlaczek, die ihre Rolle als InterviewerIn Nummer 2 im Hause Sky festigt. Die DAZN-Highlights kommentiert zum wiederholten Male Motorsport-Mann Ruben Zimmermann. Im Studio begr\u00fc\u00dft Sebastian Hellmann wieder Rio-Weltmeister Benedikt H\u00f6wedes als Extra-Gast. <\/p>\n\n\n\n<p><strong>Born wieder dabei<\/strong><\/p>\n\n\n\n<p>Mittwoch h\u00f6ren wir in der fr\u00fchen Konferenz mal wieder Michael Born. Sein letzter CL-Konferenz-Einsatz finden wir Anfang November\/dritten Spieltag.  Paternina macht wieder Salzburg und Seidler, Pfandt, Veltmann und Dahlmann kriegen alle ihren zweiten Einsatz in dieser Woche. Tomic legt eine Pause ein. Roland Evers fehlt erneut.<\/p>\n\n\n\n<p><strong>Hauser, Harder und Hoogland<\/strong><\/p>\n\n\n\n<p>Flo Hauser \u00fcbernimmt Mittwochabend wieder ein Spiel aus seiner Gruppe. Parallel kann sich Freddy Harder auf Ex-Buli-Profi Tim Hoogland freuen &#8211; interessante Nummer, nachdem letzte Woche Martin Harnik am Start war. Zudem steigen Mittwoch auch Renner und Morawe ein, die wir nat\u00fcrlich auch am Donnerstag wieder in der Europa League h\u00f6ren k\u00f6nnen. <\/p>\n\n\n\n<p><strong>Sch\u00f6nm\u00fcller ersetzt Stadtler<\/strong><\/p>\n\n\n\n<p>Die \u00dcberschrift ist fast schon selbsterkl\u00e4rend. Sch\u00f6nm\u00fcller gibt\u00b4s diese Woche nicht bei Leverkusen oder Hoffenheim in der Einzelspiel-Option zu h\u00f6ren, da er in der GoalZone ran muss. Deshalb ist klar, dass Platte, Hebel, Knei\u00dfl und Gunesch f\u00fcr die deutschen Spiele auf DAZN \u00fcbrig bleiben.  Beispielsweise Rieker, Fu\u00df und Forster kommentieren wieder ihre \u00fcblichen Partien. Nitro\u00b4s Ansetzungen bleiben ebenfalls gleich.  <\/p>\n\n\n\n<p><strong>3. Liga, CL und der Rest der Welt<\/strong><\/p>\n\n\n\n<p>Und wer vom Fu\u00dfball nicht genug bekommt, hat bei den oben genannten Optionen freie Auswahl. Hannes Herrmann schaut wieder unter der Woche in Hamburg vorbei. Stefan Fuckert nimmt die Dienstagabend die Reise von K\u00f6ln nach Meppen auf sich. Motorsport-Allzweckwaffe Kohl macht die CL der Frauen auf Sport1.<\/p>\n\n\n\n<p>Macht das Beste draus!<\/p>\n\n\n<p><!--EndFragment--><\/p>\n\n\n<p><\/p>\n","protected":false},"excerpt":{"rendered":"<p>N\u2018 Abend allerseits, Sky hat gestern beim Spiel der Handball-Bundesliga zwischen Flensburg und G\u00f6ppingen f\u00fcr eine europ\u00e4ische Premiere gesorgt: die erste 5G-\u00dcbertragung eines Live-Sport-Events, bei der auf Aufnahmen von bis zu zw\u00f6lf 5G-Smartphones von O2 \u00fcber das 5G-Netz zur\u00fcckgegriffen wird. W\u00e4hrend auf Sky Sport 7 die &#8222;normale&#8220; \u00dcbertragung mit den Top-Leuten Westen, Petrzika und Kretzschmar [&hellip;]<\/p>\n","protected":false},"author":3,"featured_media":0,"comment_status":"open","ping_status":"open","sticky":false,"template":"","format":"standard","meta":{"footnotes":""},"categories":[425],"tags":[160,57,181,13,30,82,42,61,194,25,90,123,26,93,53,198,44,31,9,43,121,95,114,88,409,150,41,199,269,98,406,22,134,407,394,151,107],"class_list":["post-4974","post","type-post","status-publish","format-standard","hentry","category-champions-league-und-co","tag-champions-league","tag-christian-blunck","tag-copa-libertadores","tag-dazn","tag-didi-hamann","tag-erik-meijer","tag-europa-league","tag-frank-buschmann","tag-goalzone","tag-hansi-kuepper","tag-holger-pfandt","tag-jan-luedeke","tag-joerg-dahlmann","tag-kai-dittmann","tag-klaus-veltmann","tag-konferenz","tag-laura-wontorra","tag-lothar-matthaeus","tag-magenta-sport","tag-marco-hagemann","tag-markus-gaupp","tag-martin-gross","tag-michael-born","tag-michael-leopold","tag-mike-muenkel","tag-mls","tag-nitro","tag-philipp-paternina","tag-roman-weidenfeller","tag-sebastian-hellmann","tag-seidler","tag-sky","tag-sportdigital-fussball","tag-stadtler","tag-stefan-fuckert","tag-steffen-freund","tag-wolff-fuss"],"_links":{"self":[{"href":"http:\/\/kommentatorenblog.de\/index.php?rest_route=\/wp\/v2\/posts\/4974","targetHints":{"allow":["GET"]}}],"collection":[{"href":"http:\/\/kommentatorenblog.de\/index.php?rest_route=\/wp\/v2\/posts"}],"about":[{"href":"http:\/\/kommentatorenblog.de\/index.php?rest_route=\/wp\/v2\/types\/post"}],"author":[{"embeddable":true,"href":"http:\/\/kommentatorenblog.de\/index.php?rest_route=\/wp\/v2\/users\/3"}],"replies":[{"embeddable":true,"href":"http:\/\/kommentatorenblog.de\/index.php?rest_route=%2Fwp%2Fv2%2Fcomments&post=4974"}],"version-history":[{"count":107,"href":"http:\/\/kommentatorenblog.de\/index.php?rest_route=\/wp\/v2\/posts\/4974\/revisions"}],"predecessor-version":[{"id":10650,"href":"http:\/\/kommentatorenblog.de\/index.php?rest_route=\/wp\/v2\/posts\/4974\/revisions\/10650"}],"wp:attachment":[{"href":"http:\/\/kommentatorenblog.de\/index.php?rest_route=%2Fwp%2Fv2%2Fmedia&parent=4974"}],"wp:term":[{"taxonomy":"category","embeddable":true,"href":"http:\/\/kommentatorenblog.de\/index.php?rest_route=%2Fwp%2Fv2%2Fcategories&post=4974"},{"taxonomy":"post_tag","embeddable":true,"href":"http:\/\/kommentatorenblog.de\/index.php?rest_route=%2Fwp%2Fv2%2Ftags&post=4974"}],"curies":[{"name":"wp","href":"https:\/\/api.w.org\/{rel}","templated":true}]}}