{"id":517,"date":"2019-11-04T14:04:40","date_gmt":"2019-11-04T14:04:40","guid":{"rendered":"http:\/\/kommentatorenblog.de\/?p=517"},"modified":"2020-12-30T16:07:54","modified_gmt":"2020-12-30T16:07:54","slug":"1030-mertesacker-wieder-dabei","status":"publish","type":"post","link":"http:\/\/kommentatorenblog.de\/?p=517","title":{"rendered":"1030 \u2013 Mertesacker wieder dabei"},"content":{"rendered":"\n<p>N\u00b4Abend allerseits,<\/p>\n\n\n\n<p>nicht vergessen: in <a href=\"http:\/\/kommentatorenblog.de\/?p=484\">Eintrag 1029<\/a> gibt\u00b4s den ersten Teil des Interviews mit Sky-Kommentator Jogi Hebel. Teil zwei folgt im Eintrag zum Bundesliga-Wochenende am Donnerstag. Wir sprechen \u00fcber den &#8222;Kommentar aus der Box&#8220;, Social Media, seine Spielvorbereitung, uvm.!<\/p>\n\n\n\n<p>Hier die Ansetzungen f\u00fcr die kommende Woche &#8211; mit ausf\u00fchrlicher Analyse.  <\/p>\n\n\n\n<p><strong><em><span style=\"text-decoration: underline;\">Die Ansetzungen vom 05. November 2019 bis zum 07. November 2019<\/span><\/em><\/strong><\/p>\n\n\n\n<p><strong>Champions League Gruppenphase, 04. Spieltag<\/strong><\/p>\n\n\n\n<p><span style=\"text-decoration: underline;\">Dienstag, 05. November 2019, ab 18.00 Uhr (Sky)<\/span><\/p>\n\n\n\n<p><strong><em>Zenit St. Petersburg \u2013 RB Leipzig (18.55 Uhr)<\/em><\/strong><\/p>\n\n\n\n<p>Sky: Kai Dittmann (Einzelspiel), Michael Born (Konferenz), Field-Reporterin: Jessica Libbertz<\/p>\n\n\n\n<p><span style=\"text-decoration: underline;\">ab 18.50 Uhr (Sky)\/(DAZN) <\/span><\/p>\n\n\n\n<p><em><strong>FC Barcelona \u2013 Slavia Prag <\/strong><\/em><strong><em>(18.55 Uhr)<\/em><\/strong><\/p>\n\n\n\n<p>DAZN: Robby Hunke, Experte: Benny Lauth (Einzelspiel)<\/p>\n\n\n\n<p>Sky: Oliver Seidler (Konferenz)<\/p>\n\n\n\n<p><span style=\"text-decoration: underline;\">ab 20.40 Uhr (DAZN)\/ ab 20.55 Uhr (Sky)<\/span><\/p>\n\n\n\n<p><strong><em>Borussia Dortmund \u2013 Inter Mailand (21.00 Uhr)<\/em><\/strong><\/p>\n\n\n\n<p>DAZN: Jan Platte (Kommentar), Alex Schl\u00fcter (Moderation), Daniel Herzog (Field-Reporter), Experte: Per Mertesacker (Einzelspiel)<\/p>\n\n\n\n<p>Sky: Wolff Fuss (Konferenz), Field-Reporter: Marcus Lindemann<\/p>\n\n\n\n<p><span style=\"text-decoration: underline;\">ab 20.55 Uhr (DAZN\/Sky)<\/span><\/p>\n\n\n\n<p><em><strong>FC Chelsea<\/strong><\/em>&nbsp;<strong><em>\u2013 Ajax Amsterdam <\/em><\/strong><strong><em>(21.00 Uhr)<\/em><\/strong><\/p>\n\n\n\n<p>DAZN: Guido H\u00fcsgen (Einzelspiel)<\/p>\n\n\n\n<p>Sky: Hansi K\u00fcpper (Konferenz)<\/p>\n\n\n\n<p><em><strong>FC Liverpool&nbsp;<\/strong><\/em><strong><em>\u2013 KRC Genk <\/em><\/strong><strong><em>(21.00 Uhr)<\/em><\/strong><\/p>\n\n\n\n<p>DAZN: Marco Hagemann, Experte: Sebastian Knei\u00dfl (Einzelspiel)<\/p>\n\n\n\n<p>Sky: Florian Schmidt-Sommerfeld (Konferenz)<\/p>\n\n\n\n<p><em><strong>SSC Neapel&nbsp;<\/strong><\/em><strong><em>\u2013 FC Salzburg <\/em><\/strong><strong><em>(21.00 Uhr)<\/em><\/strong><\/p>\n\n\n\n<p>DAZN: Christian Brugger, Experte: Helge Payer (Einzelspiel)<\/p>\n\n\n\n<p>Sky: Philipp Paternina (Konferenz)<\/p>\n\n\n\n<p><em><strong>Olympique Lyon&nbsp;<\/strong><\/em><strong><em>\u2013 Benfica Lissabon <\/em><\/strong><strong><em>(21.00 Uhr)<\/em><\/strong><\/p>\n\n\n\n<p>DAZN: Tino Polster (Einzelspiel)<\/p>\n\n\n\n<p>Sky: J\u00f6rg Dahlmann (Konferenz)<\/p>\n\n\n\n<p><strong><em>FC Valencia \u2013&nbsp;OSC Lille <\/em><\/strong><strong><em>(21.00 Uhr)<\/em><\/strong><\/p>\n\n\n\n<p>DAZN: Daniel G\u00fcnther (Einzelspiel)<\/p>\n\n\n\n<p>Sky: Toni Tomic (Konferenz)<\/p>\n\n\n\n<p>Moderation (Sky): Michael Leopold, Experten: Didi Hamann, Hannes Wolf<\/p>\n\n\n\n<p><span style=\"text-decoration: underline;\">Mittwoch, 06. November 2019, ab 18.00 Uhr (Sky)<\/span><\/p>\n\n\n\n<p><strong><em>FC Bayern M\u00fcnchen \u2013 Olympiakos Pir\u00e4us (18.55 Uhr)<\/em><\/strong><\/p>\n\n\n\n<p>Sky: Martin Gro\u00df (Einzelspiel), Wolff Fuss (Konferenz), Field-Reporter: Patrick Wasserziehr <\/p>\n\n\n\n<p><span style=\"text-decoration: underline;\">ab 18.50 Uhr (Sky\/DAZN)<\/span><\/p>\n\n\n\n<p><strong><em>Lokomotive Moskau \u2013 Juventus Turin (21.00 Uhr)<\/em><\/strong><\/p>\n\n\n\n<p>DAZN: Carsten Fu\u00df (Einzelspiel)<\/p>\n\n\n\n<p>Sky: Hansi K\u00fcpper (Konferenz)<\/p>\n\n\n\n<p><span style=\"text-decoration: underline;\">ab 20.55 Uhr (DAZN\/Sky)<\/span><\/p>\n\n\n\n<p><strong><em>Bayer 04 Leverkusen \u2013 Atletic\u00f3 Madrid (21.00 Uhr)<\/em><\/strong><\/p>\n\n\n\n<p>DAZN: Uli Hebel (Kommentar), Daniel Herzog (Moderation), Ann-Sophie Kimmel (Field-Reporterin), Experte: Ralph Gunesch (Einzelspiel)<\/p>\n\n\n\n<p>Sky: Oliver Seidler (Konferenz), Field-Reporter: Christopher Lymberopoulos <\/p>\n\n\n\n<p><strong><em>Atalanta Bergamo \u2013Manchester City (21.00 Uhr)<\/em><\/strong><\/p>\n\n\n\n<p>DAZN: Uwe Morawe (Einzelspiel)<\/p>\n\n\n\n<p>Sky: Holger Pfandt (Konferenz)<\/p>\n\n\n\n<p><strong><em>Real Madrid \u2013 Galatasaray Istanbul (21.00 Uhr)<\/em><\/strong><\/p>\n\n\n\n<p>DAZN: Robby Hunke, Experte: Necat Ayg\u00fcn (Einzelspiel)<\/p>\n\n\n\n<p>Sky: Michael Born (Konferenz)<\/p>\n\n\n\n<p><strong><em>Roter Stern Belgrad \u2013 Tottenham Hotspurs (21.00 Uhr)<\/em><\/strong><\/p>\n\n\n\n<p>DAZN: Matthias Naebers (Einzelspiel)<\/p>\n\n\n\n<p>Sky: Toni Tomic (Konferenz)<\/p>\n\n\n\n<p><strong><em>Dinamo Zagreb \u2013 Schachtjor Donezk (21.00 Uhr)<\/em><\/strong><\/p>\n\n\n\n<p>DAZN: Tino Polster (Einzelspiel)<\/p>\n\n\n\n<p>Sky: Marcel Meinert (Konferenz)<\/p>\n\n\n\n<p><strong><em>Paris Saint-Germain \u2013 FC Br\u00fcgge (21.00 Uhr)<\/em><\/strong><\/p>\n\n\n\n<p>DAZN: Stefan Galler, Experte: Alexis Menuge (Einzelspiel)<\/p>\n\n\n\n<p>Sky: J\u00f6rg Dahlmann (Konferenz)<\/p>\n\n\n\n<p>Moderation (Sky): Sebastian Hellmann, Experten: Lothar Matth\u00e4us, Kevin Trapp<\/p>\n\n\n\n<p><strong>Europa League Gruppenphase, 04.Spieltag<\/strong><\/p>\n\n\n\n<p><span style=\"text-decoration: underline;\">Mittwoch, 06. November, ab 16.50 Uhr (DAZN)<\/span><\/p>\n\n\n\n<p><strong><em>Vit\u00f3ria Guimaraes&nbsp;<\/em><\/strong><strong><em>\u2013<\/em><\/strong><strong><em>&nbsp;FC Arsenal (19.00 Uhr)<\/em><\/strong><\/p>\n\n\n\n<p>DAZN: Daniel G\u00fcnther <\/p>\n\n\n\n<p><span style=\"text-decoration: underline;\">Donnerstag, 07. November, ab 18.40 Uhr (DAZN)<\/span><\/p>\n\n\n\n<p><strong><em>GoalZone \u2013 04.Spieltag<\/em><\/strong><\/p>\n\n\n\n<p>DAZN: Christoph Stadtler und Jan L\u00fcdeke, Experte: Ralph Gunesch<\/p>\n\n\n\n<p><span style=\"text-decoration: underline;\">ab 18.55 Uhr (DAZN)<\/span><\/p>\n\n\n\n<p><strong><em>Standard L\u00fcttich \u2013 Eintracht Frankfurt (19.00 Uhr)<\/em><\/strong><\/p>\n\n\n\n<p>DAZN: Uli Hebel (Kommentar), Alex Schl\u00fcter (Moderation), Elmar Paulke (Field-Reporter), Experte: Jonas Hummels<\/p>\n\n\n\n<p><strong><em>Linzer ASK&nbsp;<\/em><\/strong><strong><em>\u2013<\/em><\/strong><strong><em>&nbsp;PSV Eindhoven (19.00 Uhr)<\/em><\/strong><\/p>\n\n\n\n<p>DAZN: Philipp Krummholz, Experte: Andreas Ivanschitz<\/p>\n\n\n\n<p><strong><em>Kuban Krasnodar \u2013 Trabzonspor (19.00 Uhr)<\/em><\/strong><\/p>\n\n\n\n<p>DAZN: Franz B\u00fcchner <\/p>\n\n\n\n<p><strong><em>D\u00fcdelingen \u2013 FC Sevilla (19.00 Uhr)<\/em><\/strong><\/p>\n\n\n\n<p>DAZN: Max Gross<\/p>\n\n\n\n<p><strong><em>Lazio Rom \u2013<\/em><\/strong><strong><em>&nbsp;Celtic Glasgow (19.00 Uhr)<\/em><\/strong><\/p>\n\n\n\n<p>DAZN: Max Siebald <\/p>\n\n\n\n<p><strong><em>FC Basel \u2013 FC Getafe (19.00 Uhr)<\/em><\/strong><\/p>\n\n\n\n<p>DAZN: ??? <\/p>\n\n\n\n<p><span style=\"text-decoration: underline;\">ab 20.15 Uhr (RTL)\/ ab 20.55 Uhr (DAZN)<\/span><\/p>\n\n\n\n<p><strong><em>Borussia M\u00b4Gladbach \u2013 AS Rom (21.00 Uhr)<\/em><\/strong><\/p>\n\n\n\n<p>Nitro: Marco Hagemann, Experte: Steffen Freund<\/p>\n\n\n\n<p>Moderation (Nitro): Laura Wontorra, Experte: Roman Weidenfeller<\/p>\n\n\n\n<p>DAZN: Lukas Sch\u00f6nm\u00fcller (Kommentar), Tobi Wahnschaffe (Moderation), Sebastian Benesch (Field-Reporter), Experte: Sebastian Knei\u00dfl<\/p>\n\n\n\n<p><span style=\"text-decoration: underline;\">ab 20.55 Uhr (DAZN)<\/span><\/p>\n\n\n\n<p><strong><em>VfL Wolfsburg \u2013 KAA Gent (21.00 Uhr)<\/em><\/strong><\/p>\n\n\n\n<p>DAZN: Uwe Morawe, Experte: Peter Hyballa<\/p>\n\n\n\n<p><strong><em>Sporting Braga \u2013 Besiktas Istanbul (21.00 Uhr)<\/em><\/strong><\/p>\n\n\n\n<p>DAZN: Guido H\u00fcsgen<\/p>\n\n\n\n<p><strong><em>Manchester United \u2013 Partizan Belgrad (21.00 Uhr)<\/em><\/strong> <\/p>\n\n\n\n<p>DAZN: Freddy Harder<\/p>\n\n\n\n<p><strong><em>Basaksehir Istanbul  \u2013 Wolfsberger AC (21.00 Uhr)<\/em><\/strong><\/p>\n\n\n\n<p>DAZN: Christian Brugger, Experte: Helge Payer<\/p>\n\n\n\n<p><strong><em>Glasgow Rangers \u2013 FC Porto (21.00 Uhr)<\/em><\/strong><\/p>\n\n\n\n<p>DAZN: ???<\/p>\n\n\n\n<p><strong>Die Analyse<\/strong><\/p>\n\n\n\n<p>F\u00fcr Sky nehmen Kai Dittmann und Jessica Libbertz den Weg nach St. Petersburg auf sich. Anfang November, bei Temperaturen um die 0 Grad, l\u00e4sst es sich in dieser Region Russlands aber noch aushalten. Das fr\u00fche Parallelspiel zwischen Barcelona und Prag \u00fcbernehmen f\u00fcr DAZN, wie schon vor zwei Wochen, Robby Hunke und Benny Lauth. Live aus dem Stadion scheint DAZN diese Woche nur aus Dortmund zu berichten. Neben Chefkommentator Jan Platte und Hauptmoderator Alex Schl\u00fcter, feiert Per Mertesacker seinen zweiten Einsatz f\u00fcr den Streamingdienst. Ehrlicher Weise hatte ich damit bereits beim Spiel der Bayern in Tottenham gerechnet &#8211; aber besser sp\u00e4t als nie mit &#8222;Merte&#8220;. An Spieltag 1 war er schon bei der Partie PSG &#8211; Real Madrid Experte. In der Konferenz schickt Sky Wolff Fuss ins Rennen. Paternina macht hier zum vierten Mal Salzburg. Buschmann fehlt diese Woche komplett. <\/p>\n\n\n\n<p>Mittwoch richten sich alle Augen auf das Spiel der Bayern gegen Pir\u00e4us. Martin Gro\u00df, der &#8222;Aushilfs-Field-Reporter&#8220; vom Wochenende, darf wieder kommentieren. Auf Stimmenfang in M\u00fcnchen geht nat\u00fcrlich wieder Patrick Wasserziehr. Seinen zweiten Konferenzeinsatz hat in der Partie \u00fcbrigens Wolff Fuss. Quasi eine &#8222;Stadionpause&#8220; f\u00fcr die Nummer1 von Sky, bevor er wohl wenig \u00fcberraschend am Samstag das Topspiel zwischen Bayern und Dortmund kommentieren wird. Um 21.00 Uhr greift mit Leverkusen das vierte deutsche Team ins Geschehen ein. Hebel im Einzelspiel (DAZN) und Seidler in der Konferenz (Sky) kommentieren die Partie. Neben Seidler, der am Vortag Barcelona in der Konferenz macht, kommen auch Born, K\u00fcpper, Tomic, Dahlmann und eben Fuss zu zwei Konferenzeins\u00e4tzen. Relive gibt es die deutschen Spiele bei Sky mit Holger Pfandt (Dortmund) und Roland Evers (Leverkusen). Bei DAZN kommentieren Flo Eckl (Bayern) und Tobi Fischbeck (Leipzig). Doppeleins\u00e4tze bei den Einzelspielen auf DAZN gibt\u00b4s f\u00fcr Hunke und Polster. Mittlerweile wird ein St\u00fcck weit bei der Champions League auf DAZN mehr auf die erfahrenen Kommentatoren gesetzt. <\/p>\n\n\n\n<p>In der Europa League hingegen kommen auch die &#8222;unerfahrenen&#8220; zum Zug., beispielsweise Gross, Siebald und Basketballfachmann Harder. Rugby-Kommentator Jan L\u00fcdeke kehrt wieder als Moderator der GoalZone zur\u00fcck, nachdem vor zwei Wochen Lukas Sch\u00f6nm\u00fcller seinen Platz eingenommen hatte. Sch\u00f6nm\u00fcller kommentiert hingegen die Partie zwischen Gladbach und Rom f\u00fcr DAZN. Bei Nitro gibt\u00b4s die \u00fcbliche Crew. Einziger Unterschied: Das Spiel l\u00e4uft nur noch auf RTL. Beim letzten Spieltag spielte man noch auf zwei Hochzeiten. Elmar Paulke schnuppert schon wieder Stadionluft und reist aus dem S\u00fcden der Republik nach L\u00fcttich. Die Partie des VfL Wolfsburg ist wieder f\u00fcr Morawe und Hyballa reserviert. Porto gegen die Rangers gibt\u00b4s wohl ohne deutschen Kommentar.  <\/p>\n\n\n\n<p>Der Internationale Fu\u00dfball bei sportdigitalFUSSBALL und DAZN macht diese Woche Pause. <\/p>\n\n\n\n<p>Sch\u00f6ne Fu\u00dfballwoche!<\/p>\n","protected":false},"excerpt":{"rendered":"<p>N\u00b4Abend allerseits, nicht vergessen: in Eintrag 1029 gibt\u00b4s den ersten Teil des Interviews mit Sky-Kommentator Jogi Hebel. Teil zwei folgt im Eintrag zum Bundesliga-Wochenende am Donnerstag. Wir sprechen \u00fcber den &#8222;Kommentar aus der Box&#8220;, Social Media, seine Spielvorbereitung, uvm.! Hier die Ansetzungen f\u00fcr die kommende Woche &#8211; mit ausf\u00fchrlicher Analyse. Die Ansetzungen vom 05. November [&hellip;]<\/p>\n","protected":false},"author":3,"featured_media":0,"comment_status":"open","ping_status":"open","sticky":false,"template":"","format":"standard","meta":{"footnotes":""},"categories":[425],"tags":[49,160,13,42,61,194,123,48,93,198,95,94,161,199,162,138,22,149,107],"class_list":["post-517","post","type-post","status-publish","format-standard","hentry","category-champions-league-und-co","tag-alex-schlueter","tag-champions-league","tag-dazn","tag-europa-league","tag-frank-buschmann","tag-goalzone","tag-jan-luedeke","tag-jan-platte","tag-kai-dittmann","tag-konferenz","tag-martin-gross","tag-patrick-wasserziehr","tag-per-mertesacker","tag-philipp-paternina","tag-robby-hunke","tag-rtl","tag-sky","tag-uwe-morawe","tag-wolff-fuss"],"_links":{"self":[{"href":"http:\/\/kommentatorenblog.de\/index.php?rest_route=\/wp\/v2\/posts\/517","targetHints":{"allow":["GET"]}}],"collection":[{"href":"http:\/\/kommentatorenblog.de\/index.php?rest_route=\/wp\/v2\/posts"}],"about":[{"href":"http:\/\/kommentatorenblog.de\/index.php?rest_route=\/wp\/v2\/types\/post"}],"author":[{"embeddable":true,"href":"http:\/\/kommentatorenblog.de\/index.php?rest_route=\/wp\/v2\/users\/3"}],"replies":[{"embeddable":true,"href":"http:\/\/kommentatorenblog.de\/index.php?rest_route=%2Fwp%2Fv2%2Fcomments&post=517"}],"version-history":[{"count":13,"href":"http:\/\/kommentatorenblog.de\/index.php?rest_route=\/wp\/v2\/posts\/517\/revisions"}],"predecessor-version":[{"id":540,"href":"http:\/\/kommentatorenblog.de\/index.php?rest_route=\/wp\/v2\/posts\/517\/revisions\/540"}],"wp:attachment":[{"href":"http:\/\/kommentatorenblog.de\/index.php?rest_route=%2Fwp%2Fv2%2Fmedia&parent=517"}],"wp:term":[{"taxonomy":"category","embeddable":true,"href":"http:\/\/kommentatorenblog.de\/index.php?rest_route=%2Fwp%2Fv2%2Fcategories&post=517"},{"taxonomy":"post_tag","embeddable":true,"href":"http:\/\/kommentatorenblog.de\/index.php?rest_route=%2Fwp%2Fv2%2Ftags&post=517"}],"curies":[{"name":"wp","href":"https:\/\/api.w.org\/{rel}","templated":true}]}}