{"id":5735,"date":"2021-01-07T17:06:00","date_gmt":"2021-01-07T16:06:00","guid":{"rendered":"http:\/\/kommentatorenblog.de\/?p=5735"},"modified":"2021-01-13T11:09:24","modified_gmt":"2021-01-13T10:09:24","slug":"1138-topspiel-wochenende-und-playoff-start","status":"publish","type":"post","link":"http:\/\/kommentatorenblog.de\/?p=5735","title":{"rendered":"1138 \u2013 Topspiel-Wochenende und Playoff-Start"},"content":{"rendered":"\n<p>N\u2019Abend allerseits,<\/p>\n\n\n\n<p>am einem siebten Januar und bei unserem ersten Beitrag im neuen Jahr l\u00e4sst es ja ruhig noch nachholen &#8211; ein frohes neues Jahr w\u00fcnsche ich euch. Das neue &#8222;Setting&#8220; hat euch Kollege Leon ja bereits erkl\u00e4rt, weshalb ich rein organisatorisch eigentlich kaum was zu sagen habe. Somit gibt\u00b4s einen R\u00fcckblick auf die letzten Woche und auch einen Ausblick auf die Ansetzungen der NFL-Playoffs. <\/p>\n\n\n\n<p>Fangen wir mit etwas an, was ich selber verfolgt habe. Die <strong>Darts-WM<\/strong> hat am Sonntag ihr Ende gefunden. Das Finale zwischen Gary Anderson und Gewinner&nbsp;Gerwyn Price lief ja wie die komplette Darts WM auf <strong>SPORT1<\/strong> und bei <strong>DAZN<\/strong>. Die Reichweite beim TV-Sender war durchaus zufriedenstellend, das Endspiel verfolgten nach <a href=\"https:\/\/www.sport1.de\/darts-sport\/2021\/01\/darts-wm-2021-historische-quoten-fuer-sport1\">Senderaussage<\/a> 1,55 Millionen Zuschauer ab drei Jahren im Schnitt und 2,09 Millionen Zuschauer in der Spitze &#8211; die drittbeste Darts-\u00dcbertragung in der Geschichte von SPORT1. Im Einsatz f\u00fcr SPORT1 waren bei dieser WM ja die Moderatoren <strong>Hartwig Th\u00f6ne<\/strong> und <strong>Jana Wosnitza<\/strong>, Kommentator <strong>Basti Schwele<\/strong> und die Experten <strong>Robert Marijanovic, Martin Schindler, Max Hopp <\/strong>und<strong> Werner von Moltke<\/strong>. Ich pers\u00f6nlich habe die WM eher auf DAZN verfolgt. Hier war mit <strong>Elmar Paulke<\/strong> ja fast immer die deutsche Stimme des Darts im Einsatz. Lediglich bei wenigen Sessions \u00fcbernahm <strong>Tom Kirsten<\/strong>, weil Paulke bei RTL in K\u00f6ln besch\u00e4ftigt war. Kirsten wurde in den letzten Tagen der WM aber als Moderator eingesetzt. Als Experten waren nat\u00fcrlich der aus meiner Sicht geniale <strong>Thomas &#8222;Shorty&#8220; Seyler <\/strong>und <strong>R\u00e9n\u00e9 Eidams<\/strong> wie immer h\u00e4ufig mit von der Partie, aber auch <strong>Dragutin Horvat<\/strong>. Zu den Sendezahlen von DAZN k\u00f6nnen wir bekannterma\u00dfen nichts sagen, aber zumindest #DAZNdarts schaffte es auf Twitter in die Top-Trends Deutschlands. <\/p>\n\n\n\n<p>Weiter im Galopp mit <strong>Skispringen<\/strong>, drei der vier Durchg\u00e4nge der Vierschanzentournee fanden ja in der vergangen Woche statt. F\u00fcr die <strong>ARD <\/strong>bedeutete das wie gewohnt starke Zahlen; <a href=\"https:\/\/www.dwdl.de\/zahlenzentrale\/80922\/ueber_sieben_millionen_zuschauer_vierschanzentournee_im_aufwind\/\">7,34 Millionen Zuschauer am Neujahrstag<\/a> sprechen B\u00e4nde. Rein vom Personal her war ja beim Skispringen ne Menge los in diesem Winter. Nachdem das Traum-Duo <strong>Matze Bielek<\/strong> und <strong>Sven Hannawald<\/strong> Eurosport verlassen hatten, musste Ersatz her, u.a <strong>Gerhard Leinauer<\/strong>, <strong>Werner Schuster<\/strong> und <strong>Martin Schmitt<\/strong> waren im Eurosport-Studio mit dabei. Apropos: Sven Hannawald war in dieser Woche im Lauschangriff bei Bsuchi und Schmiso zu Gast und hat unter anderem \u00fcber seinen Wechsel zu der ARD geredet &#8211; wie eigentlich immer dringende H\u00f6rempfehlung meinerseits.<\/p>\n\n\n\n<p>Endstation auf der heutigen Tour mache ich in der <strong>NFL<\/strong>. Zugegebenerma\u00dfen ist mein Wissen hier nahezu bei Null. Doch wie ich von meinem Kollegen Leon habe sagen lassen, stehen <strong>Playoffs<\/strong> an, ich habe mal die Ansetzungen rausgesucht und notiert wer f\u00fcr <strong>Prosieben\/ran<\/strong> und <strong>DAZN<\/strong> kommentiert. Insbesondere die Personalie Uwe Morawe \u00fcberrascht, weil er dieses Jahr nicht sehr h\u00e4ufig zu Live-Eins\u00e4tzen gekommen ist. Mehr zur Legende in der Analyse!<\/p>\n\n\n\n<p><span style=\"text-decoration: underline;\">Samstag, 09. Januar 2021<\/span><\/p>\n\n\n\n<p><strong><em>Indianapolis Colts vs. Buffalo Bills<\/em><\/strong>&nbsp;<strong><em>(19.05 Uhr)<\/em><\/strong><\/p>\n\n\n\n<p class=\"has-normal-font-size\"><img loading=\"lazy\" decoding=\"async\" width=\"10\" height=\"21\" class=\"wp-image-3656\" style=\"width: 10px;\" src=\"http:\/\/kommentatorenblog.de\/wp-content\/uploads\/2020\/09\/shure-55sh-ii-e1601485394796.jpg\" alt=\"\" srcset=\"http:\/\/kommentatorenblog.de\/wp-content\/uploads\/2020\/09\/shure-55sh-ii-e1601485394796.jpg 415w, http:\/\/kommentatorenblog.de\/wp-content\/uploads\/2020\/09\/shure-55sh-ii-e1601485394796-142x300.jpg 142w\" sizes=\"auto, (max-width: 10px) 100vw, 10px\" \/> ProSieben: Patrick Esume, Experte: Bj\u00f6rn Werner<\/p>\n\n\n\n<p class=\"has-normal-font-size\"><img loading=\"lazy\" decoding=\"async\" width=\"10\" height=\"21\" class=\"wp-image-3656\" style=\"width: 10px;\" src=\"http:\/\/kommentatorenblog.de\/wp-content\/uploads\/2020\/09\/shure-55sh-ii-e1601485394796.jpg\" alt=\"\" srcset=\"http:\/\/kommentatorenblog.de\/wp-content\/uploads\/2020\/09\/shure-55sh-ii-e1601485394796.jpg 415w, http:\/\/kommentatorenblog.de\/wp-content\/uploads\/2020\/09\/shure-55sh-ii-e1601485394796-142x300.jpg 142w\" sizes=\"auto, (max-width: 10px) 100vw, 10px\" \/> DAZN: Andreas Renner, Experte: Jo Ullrich<\/p>\n\n\n\n<p><strong><em>Los Angeles Rams vs. Seattle Seahawks<\/em> <em>(22.40 Uhr)<\/em><\/strong><\/p>\n\n\n\n<p class=\"has-normal-font-size\"><img loading=\"lazy\" decoding=\"async\" width=\"10\" height=\"21\" class=\"wp-image-3656\" style=\"width: 10px;\" src=\"http:\/\/kommentatorenblog.de\/wp-content\/uploads\/2020\/09\/shure-55sh-ii-e1601485394796.jpg\" alt=\"\" srcset=\"http:\/\/kommentatorenblog.de\/wp-content\/uploads\/2020\/09\/shure-55sh-ii-e1601485394796.jpg 415w, http:\/\/kommentatorenblog.de\/wp-content\/uploads\/2020\/09\/shure-55sh-ii-e1601485394796-142x300.jpg 142w\" sizes=\"auto, (max-width: 10px) 100vw, 10px\" \/> ProSieben: Carsten Spengemann, Experte: Roman Motzkus<\/p>\n\n\n\n<p class=\"has-normal-font-size\"><img loading=\"lazy\" decoding=\"async\" width=\"10\" height=\"21\" class=\"wp-image-3656\" style=\"width: 10px;\" src=\"http:\/\/kommentatorenblog.de\/wp-content\/uploads\/2020\/09\/shure-55sh-ii-e1601485394796.jpg\" alt=\"\" srcset=\"http:\/\/kommentatorenblog.de\/wp-content\/uploads\/2020\/09\/shure-55sh-ii-e1601485394796.jpg 415w, http:\/\/kommentatorenblog.de\/wp-content\/uploads\/2020\/09\/shure-55sh-ii-e1601485394796-142x300.jpg 142w\" sizes=\"auto, (max-width: 10px) 100vw, 10px\" \/> DAZN: G\u00fcnter Zapf, Experte: Ingo Seibert<\/p>\n\n\n\n<p><span style=\"text-decoration: underline;\">Sonntag, 10. Januar 2021<\/span><\/p>\n\n\n\n<p><strong><em>Tampa Bay Buccaneers vs. Washington Football Team<\/em> <em>(02.15 Uhr)<\/em><\/strong><\/p>\n\n\n\n<p class=\"has-normal-font-size\"><img loading=\"lazy\" decoding=\"async\" width=\"10\" height=\"21\" class=\"wp-image-3656\" style=\"width: 10px;\" src=\"http:\/\/kommentatorenblog.de\/wp-content\/uploads\/2020\/09\/shure-55sh-ii-e1601485394796.jpg\" alt=\"\" srcset=\"http:\/\/kommentatorenblog.de\/wp-content\/uploads\/2020\/09\/shure-55sh-ii-e1601485394796.jpg 415w, http:\/\/kommentatorenblog.de\/wp-content\/uploads\/2020\/09\/shure-55sh-ii-e1601485394796-142x300.jpg 142w\" sizes=\"auto, (max-width: 10px) 100vw, 10px\" \/> ProSieben: Uwe Morawe, Experte: Volker Schenk<\/p>\n\n\n\n<p class=\"has-normal-font-size\"><img loading=\"lazy\" decoding=\"async\" width=\"10\" height=\"21\" class=\"wp-image-3656\" style=\"width: 10px;\" src=\"http:\/\/kommentatorenblog.de\/wp-content\/uploads\/2020\/09\/shure-55sh-ii-e1601485394796.jpg\" alt=\"\" srcset=\"http:\/\/kommentatorenblog.de\/wp-content\/uploads\/2020\/09\/shure-55sh-ii-e1601485394796.jpg 415w, http:\/\/kommentatorenblog.de\/wp-content\/uploads\/2020\/09\/shure-55sh-ii-e1601485394796-142x300.jpg 142w\" sizes=\"auto, (max-width: 10px) 100vw, 10px\" \/> DAZN: Martin Pfanner, Experte: Adrian Franke<\/p>\n\n\n\n<p><strong><em>Baltimore Ravens vs. Tennessee Titans<\/em><\/strong> <strong><em>(19.05 Uhr)<\/em><\/strong><\/p>\n\n\n\n<p class=\"has-normal-font-size\"><img loading=\"lazy\" decoding=\"async\" width=\"10\" height=\"21\" class=\"wp-image-3656\" style=\"width: 10px;\" src=\"http:\/\/kommentatorenblog.de\/wp-content\/uploads\/2020\/09\/shure-55sh-ii-e1601485394796.jpg\" alt=\"\" srcset=\"http:\/\/kommentatorenblog.de\/wp-content\/uploads\/2020\/09\/shure-55sh-ii-e1601485394796.jpg 415w, http:\/\/kommentatorenblog.de\/wp-content\/uploads\/2020\/09\/shure-55sh-ii-e1601485394796-142x300.jpg 142w\" sizes=\"auto, (max-width: 10px) 100vw, 10px\" \/> ProSieben: Jan Stecker, Experte: Patrick Esume<\/p>\n\n\n\n<p class=\"has-normal-font-size\"><img loading=\"lazy\" decoding=\"async\" width=\"10\" height=\"21\" class=\"wp-image-3656\" style=\"width: 10px;\" src=\"http:\/\/kommentatorenblog.de\/wp-content\/uploads\/2020\/09\/shure-55sh-ii-e1601485394796.jpg\" alt=\"\" srcset=\"http:\/\/kommentatorenblog.de\/wp-content\/uploads\/2020\/09\/shure-55sh-ii-e1601485394796.jpg 415w, http:\/\/kommentatorenblog.de\/wp-content\/uploads\/2020\/09\/shure-55sh-ii-e1601485394796-142x300.jpg 142w\" sizes=\"auto, (max-width: 10px) 100vw, 10px\" \/> DAZN: G\u00fcnter Zapf, Experte: Ingo Seibert<\/p>\n\n\n\n<p><strong><em>Chicago Bears vs. New Orleans Saints<\/em><\/strong> <strong><em>(22.40 Uhr)<\/em><\/strong><\/p>\n\n\n\n<p class=\"has-normal-font-size\"><img loading=\"lazy\" decoding=\"async\" width=\"10\" height=\"21\" class=\"wp-image-3656\" style=\"width: 10px;\" src=\"http:\/\/kommentatorenblog.de\/wp-content\/uploads\/2020\/09\/shure-55sh-ii-e1601485394796.jpg\" alt=\"\" srcset=\"http:\/\/kommentatorenblog.de\/wp-content\/uploads\/2020\/09\/shure-55sh-ii-e1601485394796.jpg 415w, http:\/\/kommentatorenblog.de\/wp-content\/uploads\/2020\/09\/shure-55sh-ii-e1601485394796-142x300.jpg 142w\" sizes=\"auto, (max-width: 10px) 100vw, 10px\" \/> ProSieben: Carsten Spengemann, Experte: Bj\u00f6rn Werner<\/p>\n\n\n\n<p class=\"has-normal-font-size\"><img loading=\"lazy\" decoding=\"async\" width=\"10\" height=\"21\" class=\"wp-image-3656\" style=\"width: 10px;\" src=\"http:\/\/kommentatorenblog.de\/wp-content\/uploads\/2020\/09\/shure-55sh-ii-e1601485394796.jpg\" alt=\"\" srcset=\"http:\/\/kommentatorenblog.de\/wp-content\/uploads\/2020\/09\/shure-55sh-ii-e1601485394796.jpg 415w, http:\/\/kommentatorenblog.de\/wp-content\/uploads\/2020\/09\/shure-55sh-ii-e1601485394796-142x300.jpg 142w\" sizes=\"auto, (max-width: 10px) 100vw, 10px\" \/> DAZN: Andreas Renner, Experte: Adrian Franke<\/p>\n\n\n\n<p><span style=\"text-decoration: underline;\">Montag, 11. Januar 2021<\/span><\/p>\n\n\n\n<p><strong><em>Cleveland Browns vs. <\/em>Pittsburgh Steelers<\/strong> <strong><em>(02.15 Uhr)<\/em><\/strong><\/p>\n\n\n\n<p class=\"has-normal-font-size\"><img loading=\"lazy\" decoding=\"async\" width=\"10\" height=\"21\" class=\"wp-image-3656\" style=\"width: 10px;\" src=\"http:\/\/kommentatorenblog.de\/wp-content\/uploads\/2020\/09\/shure-55sh-ii-e1601485394796.jpg\" alt=\"\" srcset=\"http:\/\/kommentatorenblog.de\/wp-content\/uploads\/2020\/09\/shure-55sh-ii-e1601485394796.jpg 415w, http:\/\/kommentatorenblog.de\/wp-content\/uploads\/2020\/09\/shure-55sh-ii-e1601485394796-142x300.jpg 142w\" sizes=\"auto, (max-width: 10px) 100vw, 10px\" \/> ProSieben: Uwe Morawe, Experte: Roman Motzkus<\/p>\n\n\n\n<p class=\"has-normal-font-size\"><img loading=\"lazy\" decoding=\"async\" width=\"10\" height=\"21\" class=\"wp-image-3656\" style=\"width: 10px;\" src=\"http:\/\/kommentatorenblog.de\/wp-content\/uploads\/2020\/09\/shure-55sh-ii-e1601485394796.jpg\" alt=\"\" srcset=\"http:\/\/kommentatorenblog.de\/wp-content\/uploads\/2020\/09\/shure-55sh-ii-e1601485394796.jpg 415w, http:\/\/kommentatorenblog.de\/wp-content\/uploads\/2020\/09\/shure-55sh-ii-e1601485394796-142x300.jpg 142w\" sizes=\"auto, (max-width: 10px) 100vw, 10px\" \/> DAZN: Franz B\u00fcchner, Experte: Flo Berrenberg<\/p>\n\n\n\n<p>Jetzt aber erstmal die &#8222;richtigen&#8220; Ansetzungen der Woche &#8211; unten folgt eine mit Zahlen und Statistiken best\u00fcckte Analyse!<\/p>\n\n\n\n<hr class=\"wp-block-separator\"\/>\n\n\n\n<p><strong><em>Die Ansetzungen vom 08. Januar bis zum 11. Januar 2020<\/em><\/strong><\/p>\n\n\n\n<p><strong>Bundesliga, 15. Spieltag<\/strong><\/p>\n\n\n\n<p><span style=\"text-decoration: underline;\">Freitag, 08. Januar 2021, ab 19.15 Uhr Pre-Match Show bzw. ab 20.00 Uhr (DAZN)<\/span><\/p>\n\n\n\n<p><strong><em>Borussia M\u00f6nchengladbach \u2013 FC Bayern M\u00fcnchen (20.30 Uhr)<\/em><\/strong><\/p>\n\n\n\n<p class=\"has-normal-font-size\"><img loading=\"lazy\" decoding=\"async\" width=\"10\" height=\"21\" class=\"wp-image-3656\" style=\"width: 10px;\" src=\"http:\/\/kommentatorenblog.de\/wp-content\/uploads\/2020\/09\/shure-55sh-ii-e1601485394796.jpg\" alt=\"\" srcset=\"http:\/\/kommentatorenblog.de\/wp-content\/uploads\/2020\/09\/shure-55sh-ii-e1601485394796.jpg 415w, http:\/\/kommentatorenblog.de\/wp-content\/uploads\/2020\/09\/shure-55sh-ii-e1601485394796-142x300.jpg 142w\" sizes=\"auto, (max-width: 10px) 100vw, 10px\" \/> Jan Platte, Experte: Sandro Wagner<\/p>\n\n\n\n<p>Moderation: Alex Schl\u00fcter<\/p>\n\n\n\n<p>Moderation (Pre-Match Show): Antonia Wisgickl &amp; Sebastian Benesch<\/p>\n\n\n\n<p><span style=\"text-decoration: underline;\">Samstag, 09. Januar 2021, ab 14.00 Uhr (Sky)<\/span><\/p>\n\n\n\n<p><strong><em>Bayer Leverkusen \u2013 SV Werder Bremen (15.30 Uhr)<\/em><\/strong><\/p>\n\n\n\n<p class=\"has-normal-font-size\"><img loading=\"lazy\" decoding=\"async\" width=\"10\" height=\"21\" class=\"wp-image-3656\" style=\"width: 10px;\" src=\"http:\/\/kommentatorenblog.de\/wp-content\/uploads\/2020\/09\/shure-55sh-ii-e1601485394796.jpg\" alt=\"\" srcset=\"http:\/\/kommentatorenblog.de\/wp-content\/uploads\/2020\/09\/shure-55sh-ii-e1601485394796.jpg 415w, http:\/\/kommentatorenblog.de\/wp-content\/uploads\/2020\/09\/shure-55sh-ii-e1601485394796-142x300.jpg 142w\" sizes=\"auto, (max-width: 10px) 100vw, 10px\" \/> Tom Bayer (Einzelspiel), Markus G\u00f6tz (Konferenz)<\/p>\n\n\n\n<p>Field-Reporterin: Esther Sedlaczek <\/p>\n\n\n\n<p><strong><em>FC Schalke 04 \u2013 TSG Hoffenheim  (15.30 Uhr)<\/em><\/strong><\/p>\n\n\n\n<p class=\"has-normal-font-size\"><img loading=\"lazy\" decoding=\"async\" width=\"10\" height=\"21\" class=\"wp-image-3656\" style=\"width: 10px;\" src=\"http:\/\/kommentatorenblog.de\/wp-content\/uploads\/2020\/09\/shure-55sh-ii-e1601485394796.jpg\" alt=\"\" srcset=\"http:\/\/kommentatorenblog.de\/wp-content\/uploads\/2020\/09\/shure-55sh-ii-e1601485394796.jpg 415w, http:\/\/kommentatorenblog.de\/wp-content\/uploads\/2020\/09\/shure-55sh-ii-e1601485394796-142x300.jpg 142w\" sizes=\"auto, (max-width: 10px) 100vw, 10px\" \/> Marcus Lindemann (Einzelspiel), Holger Pfandt (Konferenz)<\/p>\n\n\n\n<p>Field-Reporter: Ulli Potofski<\/p>\n\n\n\n<p><strong><em>1. FSV Mainz 05 \u2013 Eintracht Frankfurt (15.30 Uhr)<\/em><\/strong><\/p>\n\n\n\n<p class=\"has-normal-font-size\"><img loading=\"lazy\" decoding=\"async\" width=\"10\" height=\"21\" class=\"wp-image-3656\" style=\"width: 10px;\" src=\"http:\/\/kommentatorenblog.de\/wp-content\/uploads\/2020\/09\/shure-55sh-ii-e1601485394796.jpg\" alt=\"\" srcset=\"http:\/\/kommentatorenblog.de\/wp-content\/uploads\/2020\/09\/shure-55sh-ii-e1601485394796.jpg 415w, http:\/\/kommentatorenblog.de\/wp-content\/uploads\/2020\/09\/shure-55sh-ii-e1601485394796-142x300.jpg 142w\" sizes=\"auto, (max-width: 10px) 100vw, 10px\" \/> Hansi K\u00fcpper (Einzelspiel), Frank Buschmann (Konferenz)<\/p>\n\n\n\n<p>Field-Reporter: Patrick Wasserziehr <\/p>\n\n\n\n<p><strong><em>1. FC Union Berlin \u2013 VfL Wolfsburg (15.30 Uhr)<\/em><\/strong><\/p>\n\n\n\n<p class=\"has-normal-font-size\"><img loading=\"lazy\" decoding=\"async\" width=\"10\" height=\"21\" class=\"wp-image-3656\" style=\"width: 10px;\" src=\"http:\/\/kommentatorenblog.de\/wp-content\/uploads\/2020\/09\/shure-55sh-ii-e1601485394796.jpg\" alt=\"\" srcset=\"http:\/\/kommentatorenblog.de\/wp-content\/uploads\/2020\/09\/shure-55sh-ii-e1601485394796.jpg 415w, http:\/\/kommentatorenblog.de\/wp-content\/uploads\/2020\/09\/shure-55sh-ii-e1601485394796-142x300.jpg 142w\" sizes=\"auto, (max-width: 10px) 100vw, 10px\" \/> Michael Born (Einzelspiel), J\u00f6rg Dahlmann (Konferenz)<\/p>\n\n\n\n<p>Field-Reporter: Jens Westen <\/p>\n\n\n\n<p><strong><em>SC Freiburg \u2013 1. FC K\u00f6ln (15.30 Uhr)<\/em><\/strong><\/p>\n\n\n\n<p class=\"has-normal-font-size\"><img loading=\"lazy\" decoding=\"async\" width=\"10\" height=\"21\" class=\"wp-image-3656\" style=\"width: 10px;\" src=\"http:\/\/kommentatorenblog.de\/wp-content\/uploads\/2020\/09\/shure-55sh-ii-e1601485394796.jpg\" alt=\"\" srcset=\"http:\/\/kommentatorenblog.de\/wp-content\/uploads\/2020\/09\/shure-55sh-ii-e1601485394796.jpg 415w, http:\/\/kommentatorenblog.de\/wp-content\/uploads\/2020\/09\/shure-55sh-ii-e1601485394796-142x300.jpg 142w\" sizes=\"auto, (max-width: 10px) 100vw, 10px\" \/> Klaus Veltmann (Einzelspiel), Florian Schmidt-Sommerfeld (Konferenz)<\/p>\n\n\n\n<p>Field-Reporter: Alexander Bonengel <\/p>\n\n\n\n<p>Moderation: Michael Leopold, Experte: Dietmar Hamann<\/p>\n\n\n\n<p><span style=\"text-decoration: underline;\">ab 17.30 Uhr (Sky)<\/span><\/p>\n\n\n\n<p><strong><em>RB Leipzig \u2013 Borussia Dortmund (18.30 Uhr)<\/em><\/strong><\/p>\n\n\n\n<p class=\"has-normal-font-size\"><img loading=\"lazy\" decoding=\"async\" width=\"10\" height=\"21\" class=\"wp-image-3656\" style=\"width: 10px;\" src=\"http:\/\/kommentatorenblog.de\/wp-content\/uploads\/2020\/09\/shure-55sh-ii-e1601485394796.jpg\" alt=\"\" srcset=\"http:\/\/kommentatorenblog.de\/wp-content\/uploads\/2020\/09\/shure-55sh-ii-e1601485394796.jpg 415w, http:\/\/kommentatorenblog.de\/wp-content\/uploads\/2020\/09\/shure-55sh-ii-e1601485394796-142x300.jpg 142w\" sizes=\"auto, (max-width: 10px) 100vw, 10px\" \/> Wolff Fuss<\/p>\n\n\n\n<p>Field-Reporter: Stefan Hempel<\/p>\n\n\n\n<p>Moderation: Sebastian Hellmann, Experte: Lothar Matth\u00e4us<\/p>\n\n\n\n<p><span style=\"text-decoration: underline;\">Sonntag, 10. Januar 2021, ab 14.30 Uhr (Sky)<\/span><\/p>\n\n\n\n<p><strong><em>FC Augsburg \u2013 VfB Stuttgart (15.30 Uhr)<\/em><\/strong><\/p>\n\n\n\n<p class=\"has-normal-font-size\"><img loading=\"lazy\" decoding=\"async\" width=\"10\" height=\"21\" class=\"wp-image-3656\" style=\"width: 10px;\" src=\"http:\/\/kommentatorenblog.de\/wp-content\/uploads\/2020\/09\/shure-55sh-ii-e1601485394796.jpg\" alt=\"\" srcset=\"http:\/\/kommentatorenblog.de\/wp-content\/uploads\/2020\/09\/shure-55sh-ii-e1601485394796.jpg 415w, http:\/\/kommentatorenblog.de\/wp-content\/uploads\/2020\/09\/shure-55sh-ii-e1601485394796-142x300.jpg 142w\" sizes=\"auto, (max-width: 10px) 100vw, 10px\" \/> Kai Dittmann<\/p>\n\n\n\n<p>Field-Reporter: Marc Behrenbeck  <\/p>\n\n\n\n<p><span style=\"text-decoration: underline;\">ab 17.30 Uhr (Sky)<\/span><\/p>\n\n\n\n<p><strong><em>Arminia Bielefeld \u2013 Hertha BSC (18.00 Uhr)<\/em><\/strong><\/p>\n\n\n\n<p class=\"has-normal-font-size\"><img loading=\"lazy\" decoding=\"async\" width=\"10\" height=\"21\" class=\"wp-image-3656\" style=\"width: 10px;\" src=\"http:\/\/kommentatorenblog.de\/wp-content\/uploads\/2020\/09\/shure-55sh-ii-e1601485394796.jpg\" alt=\"\" srcset=\"http:\/\/kommentatorenblog.de\/wp-content\/uploads\/2020\/09\/shure-55sh-ii-e1601485394796.jpg 415w, http:\/\/kommentatorenblog.de\/wp-content\/uploads\/2020\/09\/shure-55sh-ii-e1601485394796-142x300.jpg 142w\" sizes=\"auto, (max-width: 10px) 100vw, 10px\" \/> Martin Gro\u00df<\/p>\n\n\n\n<p>Field-Reporter: Marcus Lindemann <\/p>\n\n\n\n<p>Moderation: Britta Hofmann, Experte: Dennis Aogo<\/p>\n\n\n\n<hr class=\"wp-block-separator\"\/>\n\n\n\n<p><strong>2<\/strong>. <strong>Bundesliga, 15. Spieltag<\/strong> <strong>(Sky)<\/strong><\/p>\n\n\n\n<p><span style=\"text-decoration: underline;\">Freitag, 08. Januar 2021, ab 18.00 Uhr<\/span><\/p>\n\n\n\n<p><strong><em>Karlsruher SC \u2013 SpVgg Greuther F\u00fcrth (18.30 Uhr)<\/em><\/strong><\/p>\n\n\n\n<p><img loading=\"lazy\" decoding=\"async\" width=\"10\" height=\"21\" class=\"wp-image-3656\" style=\"width: 10px;\" src=\"http:\/\/kommentatorenblog.de\/wp-content\/uploads\/2020\/09\/shure-55sh-ii-e1601485394796.jpg\" alt=\"\" srcset=\"http:\/\/kommentatorenblog.de\/wp-content\/uploads\/2020\/09\/shure-55sh-ii-e1601485394796.jpg 415w, http:\/\/kommentatorenblog.de\/wp-content\/uploads\/2020\/09\/shure-55sh-ii-e1601485394796-142x300.jpg 142w\" sizes=\"auto, (max-width: 10px) 100vw, 10px\" \/> Hansi K\u00fcpper, Field-Reporter: Florian Bauer <\/p>\n\n\n\n<p><strong><em>SV Sandhausen \u2013 1. FC Heidenheim (18.30 Uhr)<\/em><\/strong><\/p>\n\n\n\n<p><img loading=\"lazy\" decoding=\"async\" width=\"10\" height=\"21\" class=\"wp-image-3656\" style=\"width: 10px;\" src=\"http:\/\/kommentatorenblog.de\/wp-content\/uploads\/2020\/09\/shure-55sh-ii-e1601485394796.jpg\" alt=\"\" srcset=\"http:\/\/kommentatorenblog.de\/wp-content\/uploads\/2020\/09\/shure-55sh-ii-e1601485394796.jpg 415w, http:\/\/kommentatorenblog.de\/wp-content\/uploads\/2020\/09\/shure-55sh-ii-e1601485394796-142x300.jpg 142w\" sizes=\"auto, (max-width: 10px) 100vw, 10px\" \/> J\u00f6rg Dahlmann, Interviews: Schalte <\/p>\n\n\n\n<p>Moderation: Hartmut von Kameke<\/p>\n\n\n\n<p><span style=\"text-decoration: underline;\">Samstag, 09. Januar 2021, ab 12.30 Uhr<\/span><\/p>\n\n\n\n<p><strong><em>1. FC N\u00fcrnberg \u2013 Hamburger SV (13.00 Uhr)<\/em><\/strong><\/p>\n\n\n\n<p><img loading=\"lazy\" decoding=\"async\" width=\"10\" height=\"21\" class=\"wp-image-3656\" style=\"width: 10px;\" src=\"http:\/\/kommentatorenblog.de\/wp-content\/uploads\/2020\/09\/shure-55sh-ii-e1601485394796.jpg\" alt=\"\" srcset=\"http:\/\/kommentatorenblog.de\/wp-content\/uploads\/2020\/09\/shure-55sh-ii-e1601485394796.jpg 415w, http:\/\/kommentatorenblog.de\/wp-content\/uploads\/2020\/09\/shure-55sh-ii-e1601485394796-142x300.jpg 142w\" sizes=\"auto, (max-width: 10px) 100vw, 10px\" \/> J\u00fcrgen Schmitz, Field-Reporter: Torben Hoffmann <\/p>\n\n\n\n<p><strong><em>FC St. Pauli \u2013 Holstein Kiel<\/em><\/strong> <strong><em>(13.00 Uhr)<\/em><\/strong><\/p>\n\n\n\n<p><img loading=\"lazy\" decoding=\"async\" width=\"10\" height=\"21\" class=\"wp-image-3656\" style=\"width: 10px;\" src=\"http:\/\/kommentatorenblog.de\/wp-content\/uploads\/2020\/09\/shure-55sh-ii-e1601485394796.jpg\" alt=\"\" srcset=\"http:\/\/kommentatorenblog.de\/wp-content\/uploads\/2020\/09\/shure-55sh-ii-e1601485394796.jpg 415w, http:\/\/kommentatorenblog.de\/wp-content\/uploads\/2020\/09\/shure-55sh-ii-e1601485394796-142x300.jpg 142w\" sizes=\"auto, (max-width: 10px) 100vw, 10px\" \/> Torsten Kunde, Interview: Schalte <\/p>\n\n\n\n<p><strong><em>VfL Osnabr\u00fcck \u2013 W\u00fcrzburger Kickers (13.00 Uhr)<\/em><\/strong><\/p>\n\n\n\n<p><img loading=\"lazy\" decoding=\"async\" width=\"10\" height=\"21\" class=\"wp-image-3656\" style=\"width: 10px;\" src=\"http:\/\/kommentatorenblog.de\/wp-content\/uploads\/2020\/09\/shure-55sh-ii-e1601485394796.jpg\" alt=\"\" srcset=\"http:\/\/kommentatorenblog.de\/wp-content\/uploads\/2020\/09\/shure-55sh-ii-e1601485394796.jpg 415w, http:\/\/kommentatorenblog.de\/wp-content\/uploads\/2020\/09\/shure-55sh-ii-e1601485394796-142x300.jpg 142w\" sizes=\"auto, (max-width: 10px) 100vw, 10px\" \/> Sven Haist<\/p>\n\n\n\n<p>Moderation: Nele Schenker<\/p>\n\n\n\n<p><span style=\"text-decoration: underline;\">Sonntag, 10. Januar 2021, ab 13.00 Uhr<\/span><\/p>\n\n\n\n<p><strong><em>SV Darmstadt 98 \u2013 Hannover 96 (13.30 Uhr)<\/em><\/strong><\/p>\n\n\n\n<p><img loading=\"lazy\" decoding=\"async\" width=\"10\" height=\"21\" class=\"wp-image-3656\" style=\"width: 10px;\" src=\"http:\/\/kommentatorenblog.de\/wp-content\/uploads\/2020\/09\/shure-55sh-ii-e1601485394796.jpg\" alt=\"\" srcset=\"http:\/\/kommentatorenblog.de\/wp-content\/uploads\/2020\/09\/shure-55sh-ii-e1601485394796.jpg 415w, http:\/\/kommentatorenblog.de\/wp-content\/uploads\/2020\/09\/shure-55sh-ii-e1601485394796-142x300.jpg 142w\" sizes=\"auto, (max-width: 10px) 100vw, 10px\" \/> Klaus Veltmann, Field-Reporter: Alexander Bonengel<\/p>\n\n\n\n<p><strong><em>Jahn Regensburg \u2013 VfL Bochum (13.30 Uhr)<\/em><\/strong><\/p>\n\n\n\n<p><img loading=\"lazy\" decoding=\"async\" width=\"10\" height=\"21\" class=\"wp-image-3656\" style=\"width: 10px;\" src=\"http:\/\/kommentatorenblog.de\/wp-content\/uploads\/2020\/09\/shure-55sh-ii-e1601485394796.jpg\" alt=\"\" srcset=\"http:\/\/kommentatorenblog.de\/wp-content\/uploads\/2020\/09\/shure-55sh-ii-e1601485394796.jpg 415w, http:\/\/kommentatorenblog.de\/wp-content\/uploads\/2020\/09\/shure-55sh-ii-e1601485394796-142x300.jpg 142w\" sizes=\"auto, (max-width: 10px) 100vw, 10px\" \/> Michael Born<\/p>\n\n\n\n<p><strong><em>SC Paderborn 07 \u2013 Erzgebirge Aue<\/em><\/strong> <strong><em>(13.30 Uhr)<\/em><\/strong><\/p>\n\n\n\n<p><img loading=\"lazy\" decoding=\"async\" width=\"10\" height=\"21\" class=\"wp-image-3656\" style=\"width: 10px;\" src=\"http:\/\/kommentatorenblog.de\/wp-content\/uploads\/2020\/09\/shure-55sh-ii-e1601485394796.jpg\" alt=\"\" srcset=\"http:\/\/kommentatorenblog.de\/wp-content\/uploads\/2020\/09\/shure-55sh-ii-e1601485394796.jpg 415w, http:\/\/kommentatorenblog.de\/wp-content\/uploads\/2020\/09\/shure-55sh-ii-e1601485394796-142x300.jpg 142w\" sizes=\"auto, (max-width: 10px) 100vw, 10px\" \/> Holger Pfandt, Interviews: Schalte<\/p>\n\n\n\n<p>Moderation: Yannick Erkenbrecher<\/p>\n\n\n\n<p><span style=\"text-decoration: underline;\">Montag, 11. Januar 2021, ab 20.00 Uhr<\/span><\/p>\n\n\n\n<p><strong><em>Eintracht Braunschweig \u2013 Fortuna D\u00fcsseldorf (20.30 Uhr)<\/em><\/strong><\/p>\n\n\n\n<p>Stefan Hempel, Experte: Torsten Mattuschka <\/p>\n\n\n\n<p>Field-Reporter: Jurek Rohrberg <\/p>\n\n\n\n<hr class=\"wp-block-separator\"\/>\n\n\n\n<p><strong>3. Liga, 14. Spieltag<\/strong><\/p>\n\n\n\n<p><span style=\"text-decoration: underline;\">Freitag, 08. Januar 2021, ab 18.30 Uhr (Magenta Sport)<\/span><\/p>\n\n\n\n<p><strong><em>SV Waldhof Mannheim \u2013 SC Verl (19.00 Uhr)<\/em><\/strong><\/p>\n\n\n\n<p><img loading=\"lazy\" decoding=\"async\" width=\"10\" height=\"21\" class=\"wp-image-3656\" style=\"width: 10px;\" src=\"http:\/\/kommentatorenblog.de\/wp-content\/uploads\/2020\/09\/shure-55sh-ii-e1601485394796.jpg\" alt=\"\" srcset=\"http:\/\/kommentatorenblog.de\/wp-content\/uploads\/2020\/09\/shure-55sh-ii-e1601485394796.jpg 415w, http:\/\/kommentatorenblog.de\/wp-content\/uploads\/2020\/09\/shure-55sh-ii-e1601485394796-142x300.jpg 142w\" sizes=\"auto, (max-width: 10px) 100vw, 10px\" \/> Mario Bast <\/p>\n\n\n\n<p>Moderation: Holger Speckhahn, Experte: Martin Lanig <\/p>\n\n\n\n<p><span style=\"text-decoration: underline;\">Samstag, 09. Januar 2021, ab 13.45 Uhr (Magenta Sport)<\/span><\/p>\n\n\n\n<p><strong><em>Konferenz (14.00 Uhr)<\/em><\/strong><\/p>\n\n\n\n<p><img loading=\"lazy\" decoding=\"async\" width=\"10\" height=\"21\" class=\"wp-image-3656\" style=\"width: 10px;\" src=\"http:\/\/kommentatorenblog.de\/wp-content\/uploads\/2020\/09\/shure-55sh-ii-e1601485394796.jpg\" alt=\"\" srcset=\"http:\/\/kommentatorenblog.de\/wp-content\/uploads\/2020\/09\/shure-55sh-ii-e1601485394796.jpg 415w, http:\/\/kommentatorenblog.de\/wp-content\/uploads\/2020\/09\/shure-55sh-ii-e1601485394796-142x300.jpg 142w\" sizes=\"auto, (max-width: 10px) 100vw, 10px\" \/> Martin Piller und Alex Kunz<\/p>\n\n\n\n<p><strong><em>1.FC Kaiserslautern \u2013 FC Viktoria K\u00f6ln (14.00 Uhr)<\/em><\/strong><\/p>\n\n\n\n<p><img loading=\"lazy\" decoding=\"async\" width=\"10\" height=\"21\" class=\"wp-image-3656\" style=\"width: 10px;\" src=\"http:\/\/kommentatorenblog.de\/wp-content\/uploads\/2020\/09\/shure-55sh-ii-e1601485394796.jpg\" alt=\"\" srcset=\"http:\/\/kommentatorenblog.de\/wp-content\/uploads\/2020\/09\/shure-55sh-ii-e1601485394796.jpg 415w, http:\/\/kommentatorenblog.de\/wp-content\/uploads\/2020\/09\/shure-55sh-ii-e1601485394796-142x300.jpg 142w\" sizes=\"auto, (max-width: 10px) 100vw, 10px\" \/> Christian Stra\u00dfburger <\/p>\n\n\n\n<p>Moderation: Thomas Wagner <\/p>\n\n\n\n<p><strong><em>1. FC Magdeburg \u2013 KFC Uerdingen (14.00 Uhr)<\/em><\/strong><\/p>\n\n\n\n<p><img loading=\"lazy\" decoding=\"async\" width=\"10\" height=\"21\" class=\"wp-image-3656\" style=\"width: 10px;\" src=\"http:\/\/kommentatorenblog.de\/wp-content\/uploads\/2020\/09\/shure-55sh-ii-e1601485394796.jpg\" alt=\"\" srcset=\"http:\/\/kommentatorenblog.de\/wp-content\/uploads\/2020\/09\/shure-55sh-ii-e1601485394796.jpg 415w, http:\/\/kommentatorenblog.de\/wp-content\/uploads\/2020\/09\/shure-55sh-ii-e1601485394796-142x300.jpg 142w\" sizes=\"auto, (max-width: 10px) 100vw, 10px\" \/> Mike M\u00fcnkel<\/p>\n\n\n\n<p>Moderation: Annet Sattler<\/p>\n\n\n\n<p><strong><em>FC Hansa Rostock \u2013 SpVgg Unterhaching (14.00 Uhr)<\/em><\/strong><\/p>\n\n\n\n<p><img loading=\"lazy\" decoding=\"async\" width=\"10\" height=\"21\" class=\"wp-image-3656\" style=\"width: 10px;\" src=\"http:\/\/kommentatorenblog.de\/wp-content\/uploads\/2020\/09\/shure-55sh-ii-e1601485394796.jpg\" alt=\"\" srcset=\"http:\/\/kommentatorenblog.de\/wp-content\/uploads\/2020\/09\/shure-55sh-ii-e1601485394796.jpg 415w, http:\/\/kommentatorenblog.de\/wp-content\/uploads\/2020\/09\/shure-55sh-ii-e1601485394796-142x300.jpg 142w\" sizes=\"auto, (max-width: 10px) 100vw, 10px\" \/> Andreas Mann<\/p>\n\n\n\n<p>Moderation: Gari Paubandt <\/p>\n\n\n\n<p><span style=\"text-decoration: underline;\">ab 13.45 Uhr (Magenta Sport) \/ ab 14.00 Uhr (NDR, BR, SWR)<\/span><\/p>\n\n\n\n<p><strong><em>FC Bayern M\u00fcnchen II \u2013 TSV 1860 M\u00fcnchen (14.00 Uhr)<\/em><\/strong><\/p>\n\n\n\n<p><img loading=\"lazy\" decoding=\"async\" width=\"10\" height=\"21\" class=\"wp-image-3656\" style=\"width: 10px;\" src=\"http:\/\/kommentatorenblog.de\/wp-content\/uploads\/2020\/09\/shure-55sh-ii-e1601485394796.jpg\" alt=\"\" srcset=\"http:\/\/kommentatorenblog.de\/wp-content\/uploads\/2020\/09\/shure-55sh-ii-e1601485394796.jpg 415w, http:\/\/kommentatorenblog.de\/wp-content\/uploads\/2020\/09\/shure-55sh-ii-e1601485394796-142x300.jpg 142w\" sizes=\"auto, (max-width: 10px) 100vw, 10px\" \/> Magenta Sport: Alex Klich<\/p>\n\n\n\n<p><img loading=\"lazy\" decoding=\"async\" width=\"10\" height=\"21\" class=\"wp-image-3656\" style=\"width: 10px;\" src=\"http:\/\/kommentatorenblog.de\/wp-content\/uploads\/2020\/09\/shure-55sh-ii-e1601485394796.jpg\" alt=\"\" srcset=\"http:\/\/kommentatorenblog.de\/wp-content\/uploads\/2020\/09\/shure-55sh-ii-e1601485394796.jpg 415w, http:\/\/kommentatorenblog.de\/wp-content\/uploads\/2020\/09\/shure-55sh-ii-e1601485394796-142x300.jpg 142w\" sizes=\"auto, (max-width: 10px) 100vw, 10px\" \/> BR: Flo Eckl <\/p>\n\n\n\n<p>Moderation (Magenta Sport): Sascha Bandermann <\/p>\n\n\n\n<p>Moderation (BR): Markus Othmer <\/p>\n\n\n\n<p><strong><em>SV Meppen \u2013 1. FC Saarbr\u00fccken (14.00 Uhr)<\/em><\/strong><\/p>\n\n\n\n<p><img loading=\"lazy\" decoding=\"async\" width=\"10\" height=\"21\" class=\"wp-image-3656\" style=\"width: 10px;\" src=\"http:\/\/kommentatorenblog.de\/wp-content\/uploads\/2020\/09\/shure-55sh-ii-e1601485394796.jpg\" alt=\"\" srcset=\"http:\/\/kommentatorenblog.de\/wp-content\/uploads\/2020\/09\/shure-55sh-ii-e1601485394796.jpg 415w, http:\/\/kommentatorenblog.de\/wp-content\/uploads\/2020\/09\/shure-55sh-ii-e1601485394796-142x300.jpg 142w\" sizes=\"auto, (max-width: 10px) 100vw, 10px\" \/> Magenta Sport: Markus H\u00f6hner <\/p>\n\n\n\n<p><img loading=\"lazy\" decoding=\"async\" width=\"10\" height=\"21\" class=\"wp-image-3656\" style=\"width: 10px;\" src=\"http:\/\/kommentatorenblog.de\/wp-content\/uploads\/2020\/09\/shure-55sh-ii-e1601485394796.jpg\" alt=\"\" srcset=\"http:\/\/kommentatorenblog.de\/wp-content\/uploads\/2020\/09\/shure-55sh-ii-e1601485394796.jpg 415w, http:\/\/kommentatorenblog.de\/wp-content\/uploads\/2020\/09\/shure-55sh-ii-e1601485394796-142x300.jpg 142w\" sizes=\"auto, (max-width: 10px) 100vw, 10px\" \/> SR: Frank Grundhever <\/p>\n\n\n\n<p><img loading=\"lazy\" decoding=\"async\" width=\"10\" height=\"21\" class=\"wp-image-3656\" style=\"width: 10px;\" src=\"http:\/\/kommentatorenblog.de\/wp-content\/uploads\/2020\/09\/shure-55sh-ii-e1601485394796.jpg\" alt=\"\" srcset=\"http:\/\/kommentatorenblog.de\/wp-content\/uploads\/2020\/09\/shure-55sh-ii-e1601485394796.jpg 415w, http:\/\/kommentatorenblog.de\/wp-content\/uploads\/2020\/09\/shure-55sh-ii-e1601485394796-142x300.jpg 142w\" sizes=\"auto, (max-width: 10px) 100vw, 10px\" \/> NDR: Hendrik Deichmann <\/p>\n\n\n\n<p>Moderation (Magenta Sport): Tobi Sch\u00e4fer <\/p>\n\n\n\n<p>Moderation (SR): Thomas Braml&nbsp;<\/p>\n\n\n\n<p>Moderation (NDR): Andreas K\u00e4ckell <\/p>\n\n\n\n<p><strong><em>SV Wehen Wiesbaden \u2013 Hallescher FC (14.00 Uhr)<\/em><\/strong><\/p>\n\n\n\n<p><img loading=\"lazy\" decoding=\"async\" width=\"10\" height=\"21\" class=\"wp-image-3656\" style=\"width: 10px;\" src=\"http:\/\/kommentatorenblog.de\/wp-content\/uploads\/2020\/09\/shure-55sh-ii-e1601485394796.jpg\" alt=\"\" srcset=\"http:\/\/kommentatorenblog.de\/wp-content\/uploads\/2020\/09\/shure-55sh-ii-e1601485394796.jpg 415w, http:\/\/kommentatorenblog.de\/wp-content\/uploads\/2020\/09\/shure-55sh-ii-e1601485394796-142x300.jpg 142w\" sizes=\"auto, (max-width: 10px) 100vw, 10px\" \/> Magenta Sport: S\u00f6nke Sievers<\/p>\n\n\n\n<p><img loading=\"lazy\" decoding=\"async\" width=\"10\" height=\"21\" class=\"wp-image-3656\" style=\"width: 10px;\" src=\"http:\/\/kommentatorenblog.de\/wp-content\/uploads\/2020\/09\/shure-55sh-ii-e1601485394796.jpg\" alt=\"\" srcset=\"http:\/\/kommentatorenblog.de\/wp-content\/uploads\/2020\/09\/shure-55sh-ii-e1601485394796.jpg 415w, http:\/\/kommentatorenblog.de\/wp-content\/uploads\/2020\/09\/shure-55sh-ii-e1601485394796-142x300.jpg 142w\" sizes=\"auto, (max-width: 10px) 100vw, 10px\" \/> MDR: Eik Galley<\/p>\n\n\n\n<p>Moderation (Magenta Sport): Kamilla Benschop<\/p>\n\n\n\n<p>Moderation (MDR): Stephanie M\u00fcller-Spirra, Experte: Lutz Lindemann <\/p>\n\n\n\n<p><span style=\"text-decoration: underline;\">Sonntag, 10. Januar, 12.45 Uhr (Magenta Sport)<\/span><\/p>\n\n\n\n<p><strong><em>FC Ingolstadt \u2013 MSV Duisburg (13.00 Uhr)<\/em><\/strong><\/p>\n\n\n\n<p><img loading=\"lazy\" decoding=\"async\" width=\"10\" height=\"21\" class=\"wp-image-3656\" style=\"width: 10px;\" src=\"http:\/\/kommentatorenblog.de\/wp-content\/uploads\/2020\/09\/shure-55sh-ii-e1601485394796.jpg\" alt=\"\" srcset=\"http:\/\/kommentatorenblog.de\/wp-content\/uploads\/2020\/09\/shure-55sh-ii-e1601485394796.jpg 415w, http:\/\/kommentatorenblog.de\/wp-content\/uploads\/2020\/09\/shure-55sh-ii-e1601485394796-142x300.jpg 142w\" sizes=\"auto, (max-width: 10px) 100vw, 10px\" \/> Oscar Heirler <\/p>\n\n\n\n<p>Moderation: Simon K\u00f6pfer<\/p>\n\n\n\n<p><span style=\"text-decoration: underline;\">ab 13.45 Uhr (Magenta Sport) <\/span><\/p>\n\n\n\n<p><strong><em>FSV Zwickau \u2013 VfB L\u00fcbeck (14.00 Uhr)<\/em><\/strong><\/p>\n\n\n\n<p><img loading=\"lazy\" decoding=\"async\" width=\"10\" height=\"21\" class=\"wp-image-3656\" style=\"width: 10px;\" src=\"http:\/\/kommentatorenblog.de\/wp-content\/uploads\/2020\/09\/shure-55sh-ii-e1601485394796.jpg\" alt=\"\" srcset=\"http:\/\/kommentatorenblog.de\/wp-content\/uploads\/2020\/09\/shure-55sh-ii-e1601485394796.jpg 415w, http:\/\/kommentatorenblog.de\/wp-content\/uploads\/2020\/09\/shure-55sh-ii-e1601485394796-142x300.jpg 142w\" sizes=\"auto, (max-width: 10px) 100vw, 10px\" \/> Lenny Leonhardt <\/p>\n\n\n\n<p>Moderation: Stefanie Blochwitz <\/p>\n\n\n\n<p><span style=\"text-decoration: underline;\">Montag, 11. Januar 2021, 18.45 Uhr (Magenta Sport)<\/span><\/p>\n\n\n\n<p><strong><em>T\u00fcrkg\u00fcc\u00fc M\u00fcnchen \u2013 SG Dynamo Dresden (19.00 Uhr)<\/em><\/strong><\/p>\n\n\n\n<p><img loading=\"lazy\" decoding=\"async\" width=\"10\" height=\"21\" class=\"wp-image-3656\" style=\"width: 10px;\" src=\"http:\/\/kommentatorenblog.de\/wp-content\/uploads\/2020\/09\/shure-55sh-ii-e1601485394796.jpg\" alt=\"\" srcset=\"http:\/\/kommentatorenblog.de\/wp-content\/uploads\/2020\/09\/shure-55sh-ii-e1601485394796.jpg 415w, http:\/\/kommentatorenblog.de\/wp-content\/uploads\/2020\/09\/shure-55sh-ii-e1601485394796-142x300.jpg 142w\" sizes=\"auto, (max-width: 10px) 100vw, 10px\" \/> Franz B\u00fcchner<\/p>\n\n\n\n<p>Moderation: Sascha Bandermann <\/p>\n\n\n\n<hr class=\"wp-block-separator\"\/>\n\n\n\n<p><strong>FA Cup, 03. Runde (DAZN)<\/strong><\/p>\n\n\n\n<p><span style=\"text-decoration: underline;\">Freitag, 08. Januar 2021<\/span><\/p>\n\n\n\n<p><strong><em>Aston Villa \u2013&nbsp;FC Liverpool (20.45 Uhr)<\/em><\/strong><\/p>\n\n\n\n<p><img loading=\"lazy\" decoding=\"async\" width=\"10\" height=\"21\" class=\"wp-image-3656\" style=\"width: 10px;\" src=\"http:\/\/kommentatorenblog.de\/wp-content\/uploads\/2020\/09\/shure-55sh-ii-e1601485394796.jpg\" alt=\"\" srcset=\"http:\/\/kommentatorenblog.de\/wp-content\/uploads\/2020\/09\/shure-55sh-ii-e1601485394796.jpg 415w, http:\/\/kommentatorenblog.de\/wp-content\/uploads\/2020\/09\/shure-55sh-ii-e1601485394796-142x300.jpg 142w\" sizes=\"auto, (max-width: 10px) 100vw, 10px\" \/> Marco Hagemann, Experte: Ralph Gunesch<\/p>\n\n\n\n<p><span style=\"text-decoration: underline;\">Samstag, 09. Januar 2021<\/span><\/p>\n\n\n\n<p><strong><em>FC Everton \u2013 Rotherham (13.00 Uhr)<\/em><\/strong><\/p>\n\n\n\n<p><img loading=\"lazy\" decoding=\"async\" width=\"10\" height=\"21\" class=\"wp-image-3656\" style=\"width: 10px;\" src=\"http:\/\/kommentatorenblog.de\/wp-content\/uploads\/2020\/09\/shure-55sh-ii-e1601485394796.jpg\" alt=\"\" srcset=\"http:\/\/kommentatorenblog.de\/wp-content\/uploads\/2020\/09\/shure-55sh-ii-e1601485394796.jpg 415w, http:\/\/kommentatorenblog.de\/wp-content\/uploads\/2020\/09\/shure-55sh-ii-e1601485394796-142x300.jpg 142w\" sizes=\"auto, (max-width: 10px) 100vw, 10px\" \/> Max Gross<\/p>\n\n\n\n<p><strong><em>Queens Park Rangers \u2013 FC Fulham (16.00 Uhr)<\/em><\/strong><\/p>\n\n\n\n<p><img loading=\"lazy\" decoding=\"async\" width=\"10\" height=\"21\" class=\"wp-image-3656\" style=\"width: 10px;\" src=\"http:\/\/kommentatorenblog.de\/wp-content\/uploads\/2020\/09\/shure-55sh-ii-e1601485394796.jpg\" alt=\"\" srcset=\"http:\/\/kommentatorenblog.de\/wp-content\/uploads\/2020\/09\/shure-55sh-ii-e1601485394796.jpg 415w, http:\/\/kommentatorenblog.de\/wp-content\/uploads\/2020\/09\/shure-55sh-ii-e1601485394796-142x300.jpg 142w\" sizes=\"auto, (max-width: 10px) 100vw, 10px\" \/> Claus M\u00fcller<\/p>\n\n\n\n<p><em><strong>Stoke City \u2013 Leicester City (16.00 Uhr)<\/strong><\/em><\/p>\n\n\n\n<p><img loading=\"lazy\" decoding=\"async\" width=\"10\" height=\"21\" class=\"wp-image-3656\" style=\"width: 10px;\" src=\"http:\/\/kommentatorenblog.de\/wp-content\/uploads\/2020\/09\/shure-55sh-ii-e1601485394796.jpg\" alt=\"\" srcset=\"http:\/\/kommentatorenblog.de\/wp-content\/uploads\/2020\/09\/shure-55sh-ii-e1601485394796.jpg 415w, http:\/\/kommentatorenblog.de\/wp-content\/uploads\/2020\/09\/shure-55sh-ii-e1601485394796-142x300.jpg 142w\" sizes=\"auto, (max-width: 10px) 100vw, 10px\" \/> David Ploch<\/p>\n\n\n\n<p><strong><em>FC Arsenal \u2013 Newcastle United (18.30 Uhr)<\/em><\/strong><\/p>\n\n\n\n<p><img loading=\"lazy\" decoding=\"async\" width=\"10\" height=\"21\" class=\"wp-image-3656\" style=\"width: 10px;\" src=\"http:\/\/kommentatorenblog.de\/wp-content\/uploads\/2020\/09\/shure-55sh-ii-e1601485394796.jpg\" alt=\"\" srcset=\"http:\/\/kommentatorenblog.de\/wp-content\/uploads\/2020\/09\/shure-55sh-ii-e1601485394796.jpg 415w, http:\/\/kommentatorenblog.de\/wp-content\/uploads\/2020\/09\/shure-55sh-ii-e1601485394796-142x300.jpg 142w\" sizes=\"auto, (max-width: 10px) 100vw, 10px\" \/> Max Siebald<\/p>\n\n\n\n<p><strong><em>Manchester United \u2013&nbsp;FC Watford (21.00 Uhr)<\/em><\/strong><\/p>\n\n\n\n<p><img loading=\"lazy\" decoding=\"async\" width=\"10\" height=\"21\" class=\"wp-image-3656\" style=\"width: 10px;\" src=\"http:\/\/kommentatorenblog.de\/wp-content\/uploads\/2020\/09\/shure-55sh-ii-e1601485394796.jpg\" alt=\"\" srcset=\"http:\/\/kommentatorenblog.de\/wp-content\/uploads\/2020\/09\/shure-55sh-ii-e1601485394796.jpg 415w, http:\/\/kommentatorenblog.de\/wp-content\/uploads\/2020\/09\/shure-55sh-ii-e1601485394796-142x300.jpg 142w\" sizes=\"auto, (max-width: 10px) 100vw, 10px\" \/> Uli Hebel, Experte: Sebastian Knei\u00dfl <\/p>\n\n\n\n<p><em><strong>FC Southampton \u2013 Shrewsbury Town (21.00 Uhr)<\/strong><\/em><\/p>\n\n\n\n<p><img loading=\"lazy\" decoding=\"async\" width=\"10\" height=\"21\" class=\"wp-image-3656\" style=\"width: 10px;\" src=\"http:\/\/kommentatorenblog.de\/wp-content\/uploads\/2020\/09\/shure-55sh-ii-e1601485394796.jpg\" alt=\"\" srcset=\"http:\/\/kommentatorenblog.de\/wp-content\/uploads\/2020\/09\/shure-55sh-ii-e1601485394796.jpg 415w, http:\/\/kommentatorenblog.de\/wp-content\/uploads\/2020\/09\/shure-55sh-ii-e1601485394796-142x300.jpg 142w\" sizes=\"auto, (max-width: 10px) 100vw, 10px\" \/> Martin Sedlacek <\/p>\n\n\n\n<p><span style=\"text-decoration: underline;\">Sonntag, 10. Januar 2021<\/span><\/p>\n\n\n\n<p><strong><em>Manchester City&nbsp;\u2013&nbsp;Birmingham City (14.30 Uhr)<\/em><\/strong><\/p>\n\n\n\n<p><img loading=\"lazy\" decoding=\"async\" width=\"10\" height=\"21\" class=\"wp-image-3656\" style=\"width: 10px;\" src=\"http:\/\/kommentatorenblog.de\/wp-content\/uploads\/2020\/09\/shure-55sh-ii-e1601485394796.jpg\" alt=\"\" srcset=\"http:\/\/kommentatorenblog.de\/wp-content\/uploads\/2020\/09\/shure-55sh-ii-e1601485394796.jpg 415w, http:\/\/kommentatorenblog.de\/wp-content\/uploads\/2020\/09\/shure-55sh-ii-e1601485394796-142x300.jpg 142w\" sizes=\"auto, (max-width: 10px) 100vw, 10px\" \/> Uli Hebel, Experte: Jan Kirchhoff<\/p>\n\n\n\n<p><strong><em>FC Chelsea&nbsp;\u2013&nbsp;Morecambe FC (14.30 Uhr)<\/em><\/strong><\/p>\n\n\n\n<p><img loading=\"lazy\" decoding=\"async\" width=\"10\" height=\"21\" class=\"wp-image-3656\" style=\"width: 10px;\" src=\"http:\/\/kommentatorenblog.de\/wp-content\/uploads\/2020\/09\/shure-55sh-ii-e1601485394796.jpg\" alt=\"\" srcset=\"http:\/\/kommentatorenblog.de\/wp-content\/uploads\/2020\/09\/shure-55sh-ii-e1601485394796.jpg 415w, http:\/\/kommentatorenblog.de\/wp-content\/uploads\/2020\/09\/shure-55sh-ii-e1601485394796-142x300.jpg 142w\" sizes=\"auto, (max-width: 10px) 100vw, 10px\" \/> Franz B\u00fcchner <\/p>\n\n\n\n<p><strong><em>Crawley&nbsp;\u2013&nbsp;Leeds United (14.30 Uhr)<\/em><\/strong><\/p>\n\n\n\n<p><img loading=\"lazy\" decoding=\"async\" width=\"10\" height=\"21\" class=\"wp-image-3656\" style=\"width: 10px;\" src=\"http:\/\/kommentatorenblog.de\/wp-content\/uploads\/2020\/09\/shure-55sh-ii-e1601485394796.jpg\" alt=\"\" srcset=\"http:\/\/kommentatorenblog.de\/wp-content\/uploads\/2020\/09\/shure-55sh-ii-e1601485394796.jpg 415w, http:\/\/kommentatorenblog.de\/wp-content\/uploads\/2020\/09\/shure-55sh-ii-e1601485394796-142x300.jpg 142w\" sizes=\"auto, (max-width: 10px) 100vw, 10px\" \/> Freddie Schulz <\/p>\n\n\n\n<p><strong><em>Marine&nbsp;\u2013&nbsp;Tottenham Hotspur (18.00 Uhr)<\/em><\/strong><\/p>\n\n\n\n<p><img loading=\"lazy\" decoding=\"async\" width=\"10\" height=\"21\" class=\"wp-image-3656\" style=\"width: 10px;\" src=\"http:\/\/kommentatorenblog.de\/wp-content\/uploads\/2020\/09\/shure-55sh-ii-e1601485394796.jpg\" alt=\"\" srcset=\"http:\/\/kommentatorenblog.de\/wp-content\/uploads\/2020\/09\/shure-55sh-ii-e1601485394796.jpg 415w, http:\/\/kommentatorenblog.de\/wp-content\/uploads\/2020\/09\/shure-55sh-ii-e1601485394796-142x300.jpg 142w\" sizes=\"auto, (max-width: 10px) 100vw, 10px\" \/> Tom Kirsten <\/p>\n\n\n\n<p><strong><em>Newport&nbsp;\u2013&nbsp;Brighton &amp; Hove Albion (20.45 Uhr)<\/em><\/strong><\/p>\n\n\n\n<p><img loading=\"lazy\" decoding=\"async\" width=\"10\" height=\"21\" class=\"wp-image-3656\" style=\"width: 10px;\" src=\"http:\/\/kommentatorenblog.de\/wp-content\/uploads\/2020\/09\/shure-55sh-ii-e1601485394796.jpg\" alt=\"\" srcset=\"http:\/\/kommentatorenblog.de\/wp-content\/uploads\/2020\/09\/shure-55sh-ii-e1601485394796.jpg 415w, http:\/\/kommentatorenblog.de\/wp-content\/uploads\/2020\/09\/shure-55sh-ii-e1601485394796-142x300.jpg 142w\" sizes=\"auto, (max-width: 10px) 100vw, 10px\" \/> Tobi Fischbeck <\/p>\n\n\n\n<p><span style=\"text-decoration: underline;\">Montag, 11. Januar 2021<\/span><\/p>\n\n\n\n<p><strong><em>Stockport County \u2013&nbsp;West Ham United (21.00 Uhr)<\/em><\/strong><\/p>\n\n\n\n<p><img loading=\"lazy\" decoding=\"async\" width=\"10\" height=\"21\" class=\"wp-image-3656\" style=\"width: 10px;\" src=\"http:\/\/kommentatorenblog.de\/wp-content\/uploads\/2020\/09\/shure-55sh-ii-e1601485394796.jpg\" alt=\"\" srcset=\"http:\/\/kommentatorenblog.de\/wp-content\/uploads\/2020\/09\/shure-55sh-ii-e1601485394796.jpg 415w, http:\/\/kommentatorenblog.de\/wp-content\/uploads\/2020\/09\/shure-55sh-ii-e1601485394796-142x300.jpg 142w\" sizes=\"auto, (max-width: 10px) 100vw, 10px\" \/> Uli Hebel <\/p>\n\n\n\n<hr class=\"wp-block-separator\"\/>\n\n\n\n<p><strong>La Liga, 18. Spieltag (DAZN)<\/strong><\/p>\n\n\n\n<p><span style=\"text-decoration: underline;\">Freitag, 08. Januar 2021<\/span><\/p>\n\n\n\n<p><strong><em>Celta Vigo \u2013 FC Villareal (21.00 Uhr)<\/em><\/strong><\/p>\n\n\n\n<p><img loading=\"lazy\" decoding=\"async\" width=\"10\" height=\"21\" class=\"wp-image-3656\" style=\"width: 10px;\" src=\"http:\/\/kommentatorenblog.de\/wp-content\/uploads\/2020\/09\/shure-55sh-ii-e1601485394796.jpg\" alt=\"\" srcset=\"http:\/\/kommentatorenblog.de\/wp-content\/uploads\/2020\/09\/shure-55sh-ii-e1601485394796.jpg 415w, http:\/\/kommentatorenblog.de\/wp-content\/uploads\/2020\/09\/shure-55sh-ii-e1601485394796-142x300.jpg 142w\" sizes=\"auto, (max-width: 10px) 100vw, 10px\" \/> Marcel Seufert<\/p>\n\n\n\n<p><span style=\"text-decoration: underline;\">Samstag, 09. Januar 2021<\/span><\/p>\n\n\n\n<p><em><strong>FC Sevilla \u2013 Real Sociedad<\/strong><\/em><em><strong> (16.15 Uhr)<\/strong><\/em><\/p>\n\n\n\n<p><img loading=\"lazy\" decoding=\"async\" width=\"10\" height=\"21\" class=\"wp-image-3656\" style=\"width: 10px;\" src=\"http:\/\/kommentatorenblog.de\/wp-content\/uploads\/2020\/09\/shure-55sh-ii-e1601485394796.jpg\" alt=\"\" srcset=\"http:\/\/kommentatorenblog.de\/wp-content\/uploads\/2020\/09\/shure-55sh-ii-e1601485394796.jpg 415w, http:\/\/kommentatorenblog.de\/wp-content\/uploads\/2020\/09\/shure-55sh-ii-e1601485394796-142x300.jpg 142w\" sizes=\"auto, (max-width: 10px) 100vw, 10px\" \/> Tino Polster<\/p>\n\n\n\n<p><em><strong>Atletico Madrid \u2013 Athletic Bilbao<\/strong><\/em><em><strong> (16.15 Uhr)<\/strong><\/em><\/p>\n\n\n\n<p><img loading=\"lazy\" decoding=\"async\" width=\"10\" height=\"21\" class=\"wp-image-3656\" style=\"width: 10px;\" src=\"http:\/\/kommentatorenblog.de\/wp-content\/uploads\/2020\/09\/shure-55sh-ii-e1601485394796.jpg\" alt=\"\" srcset=\"http:\/\/kommentatorenblog.de\/wp-content\/uploads\/2020\/09\/shure-55sh-ii-e1601485394796.jpg 415w, http:\/\/kommentatorenblog.de\/wp-content\/uploads\/2020\/09\/shure-55sh-ii-e1601485394796-142x300.jpg 142w\" sizes=\"auto, (max-width: 10px) 100vw, 10px\" \/> Matthias Naebers<\/p>\n\n\n\n<p><strong><em>FC Granada \u2013<\/em><\/strong> <strong><em>FC Barcelona (18.30 Uhr)<\/em><\/strong><\/p>\n\n\n\n<p><img loading=\"lazy\" decoding=\"async\" width=\"10\" height=\"21\" class=\"wp-image-3656\" style=\"width: 10px;\" src=\"http:\/\/kommentatorenblog.de\/wp-content\/uploads\/2020\/09\/shure-55sh-ii-e1601485394796.jpg\" alt=\"\" srcset=\"http:\/\/kommentatorenblog.de\/wp-content\/uploads\/2020\/09\/shure-55sh-ii-e1601485394796.jpg 415w, http:\/\/kommentatorenblog.de\/wp-content\/uploads\/2020\/09\/shure-55sh-ii-e1601485394796-142x300.jpg 142w\" sizes=\"auto, (max-width: 10px) 100vw, 10px\" \/> Lukas Sch\u00f6nm\u00fcller<\/p>\n\n\n\n<p><strong><em>Osasuna \u2013 Real Madrid (21.00 Uhr)<\/em><\/strong><\/p>\n\n\n\n<p><img loading=\"lazy\" decoding=\"async\" width=\"10\" height=\"21\" class=\"wp-image-3656\" style=\"width: 10px;\" src=\"http:\/\/kommentatorenblog.de\/wp-content\/uploads\/2020\/09\/shure-55sh-ii-e1601485394796.jpg\" alt=\"\" srcset=\"http:\/\/kommentatorenblog.de\/wp-content\/uploads\/2020\/09\/shure-55sh-ii-e1601485394796.jpg 415w, http:\/\/kommentatorenblog.de\/wp-content\/uploads\/2020\/09\/shure-55sh-ii-e1601485394796-142x300.jpg 142w\" sizes=\"auto, (max-width: 10px) 100vw, 10px\" \/> Benni Zander, Experte: Benny Lauth<\/p>\n\n\n\n<hr class=\"wp-block-separator\"\/>\n\n\n\n<p><strong>Serie A, 17. Spieltag (DAZN)<\/strong><\/p>\n\n\n\n<p><span style=\"text-decoration: underline;\">Samstag, 09. Dezember 2021<\/span><\/p>\n\n\n\n<p><strong><em>AC Mailand \u2013 FC Turin (20.45 Uhr)<\/em><\/strong><\/p>\n\n\n\n<p><img loading=\"lazy\" decoding=\"async\" width=\"10\" height=\"21\" class=\"wp-image-3656\" style=\"width: 10px;\" src=\"http:\/\/kommentatorenblog.de\/wp-content\/uploads\/2020\/09\/shure-55sh-ii-e1601485394796.jpg\" alt=\"\" srcset=\"http:\/\/kommentatorenblog.de\/wp-content\/uploads\/2020\/09\/shure-55sh-ii-e1601485394796.jpg 415w, http:\/\/kommentatorenblog.de\/wp-content\/uploads\/2020\/09\/shure-55sh-ii-e1601485394796-142x300.jpg 142w\" sizes=\"auto, (max-width: 10px) 100vw, 10px\" \/> Marcel Seufert<\/p>\n\n\n\n<p><span style=\"text-decoration: underline;\">Sonntag, 10. Januar 2021<\/span><\/p>\n\n\n\n<p><strong><em>AS Rom \u2013 Inter Mailand (12.30 Uhr)<\/em><\/strong><\/p>\n\n\n\n<p>Jan Platte, Experte: Max Nicu<\/p>\n\n\n\n<p><strong><em>Juventus Turin \u2013 US Sassuolo (20.45 Uhr)<\/em><\/strong><\/p>\n\n\n\n<p><img loading=\"lazy\" decoding=\"async\" width=\"10\" height=\"21\" class=\"wp-image-3656\" style=\"width: 10px;\" src=\"http:\/\/kommentatorenblog.de\/wp-content\/uploads\/2020\/09\/shure-55sh-ii-e1601485394796.jpg\" alt=\"\" srcset=\"http:\/\/kommentatorenblog.de\/wp-content\/uploads\/2020\/09\/shure-55sh-ii-e1601485394796.jpg 415w, http:\/\/kommentatorenblog.de\/wp-content\/uploads\/2020\/09\/shure-55sh-ii-e1601485394796-142x300.jpg 142w\" sizes=\"auto, (max-width: 10px) 100vw, 10px\" \/> Carsten Fu\u00df, Experte: Christian Bernhard <\/p>\n\n\n\n<hr class=\"wp-block-separator\"\/>\n\n\n\n<p><strong>Ligue 1, 13. Spieltag (DAZN)<\/strong><\/p>\n\n\n\n<p><span style=\"text-decoration: underline;\">Samstag, 09. Januar 2021<\/span><\/p>\n\n\n\n<p><strong><em>Paris Saint-Germain \u2013 Brest (21.00 Uhr)<\/em><\/strong><\/p>\n\n\n\n<p><img loading=\"lazy\" decoding=\"async\" width=\"10\" height=\"21\" class=\"wp-image-3656\" style=\"width: 10px;\" src=\"http:\/\/kommentatorenblog.de\/wp-content\/uploads\/2020\/09\/shure-55sh-ii-e1601485394796.jpg\" alt=\"\" srcset=\"http:\/\/kommentatorenblog.de\/wp-content\/uploads\/2020\/09\/shure-55sh-ii-e1601485394796.jpg 415w, http:\/\/kommentatorenblog.de\/wp-content\/uploads\/2020\/09\/shure-55sh-ii-e1601485394796-142x300.jpg 142w\" sizes=\"auto, (max-width: 10px) 100vw, 10px\" \/> Stefan Galler, Experte: Alexis Menuge<\/p>\n\n\n\n<p><strong><em>Stade Rennes \u2013<\/em><\/strong> <strong><em>Olympique Lyon (21.00 Uhr)<\/em><\/strong><\/p>\n\n\n\n<p><img loading=\"lazy\" decoding=\"async\" width=\"10\" height=\"21\" class=\"wp-image-3656\" style=\"width: 10px;\" src=\"http:\/\/kommentatorenblog.de\/wp-content\/uploads\/2020\/09\/shure-55sh-ii-e1601485394796.jpg\" alt=\"\" srcset=\"http:\/\/kommentatorenblog.de\/wp-content\/uploads\/2020\/09\/shure-55sh-ii-e1601485394796.jpg 415w, http:\/\/kommentatorenblog.de\/wp-content\/uploads\/2020\/09\/shure-55sh-ii-e1601485394796-142x300.jpg 142w\" sizes=\"auto, (max-width: 10px) 100vw, 10px\" \/> Guido H\u00fcsgen<\/p>\n\n\n\n<hr class=\"wp-block-separator\"\/>\n\n\n\n<p><strong>Internationaler Fussball<\/strong> <strong>(Sportdigital FUSSBALL)<\/strong><\/p>\n\n\n\n<p><span style=\"text-decoration: underline;\">Freitag, 08. Januar 2021<\/span><\/p>\n\n\n\n<p>Hyundai A-League, 04. Spieltag: <strong><em>Newcastle United Jets \u2013 Western Sydney Wanderers (09.05 Uhr)<\/em><\/strong><\/p>\n\n\n\n<p><img loading=\"lazy\" decoding=\"async\" width=\"10\" height=\"21\" class=\"wp-image-3656\" style=\"width: 10px;\" src=\"http:\/\/kommentatorenblog.de\/wp-content\/uploads\/2020\/09\/shure-55sh-ii-e1601485394796.jpg\" alt=\"\" srcset=\"http:\/\/kommentatorenblog.de\/wp-content\/uploads\/2020\/09\/shure-55sh-ii-e1601485394796.jpg 415w, http:\/\/kommentatorenblog.de\/wp-content\/uploads\/2020\/09\/shure-55sh-ii-e1601485394796-142x300.jpg 142w\" sizes=\"auto, (max-width: 10px) 100vw, 10px\" \/> Karsten Linke<\/p>\n\n\n\n<p>Liga NOS, 13. Spieltag: <strong><em>Benfica Lissabon \u2013 CD Tondela (20.00 Uhr)<\/em><\/strong><\/p>\n\n\n\n<p><img loading=\"lazy\" decoding=\"async\" width=\"10\" height=\"21\" class=\"wp-image-3656\" style=\"width: 10px;\" src=\"http:\/\/kommentatorenblog.de\/wp-content\/uploads\/2020\/09\/shure-55sh-ii-e1601485394796.jpg\" alt=\"\" srcset=\"http:\/\/kommentatorenblog.de\/wp-content\/uploads\/2020\/09\/shure-55sh-ii-e1601485394796.jpg 415w, http:\/\/kommentatorenblog.de\/wp-content\/uploads\/2020\/09\/shure-55sh-ii-e1601485394796-142x300.jpg 142w\" sizes=\"auto, (max-width: 10px) 100vw, 10px\" \/> Ulf Kahmke<\/p>\n\n\n\n<p>Liga NOS, 13. Spieltag: <strong><em>FC Famalicao \u2013 FC Porto (22.00 Uhr)<\/em><\/strong><\/p>\n\n\n\n<p><img loading=\"lazy\" decoding=\"async\" width=\"10\" height=\"21\" class=\"wp-image-3656\" style=\"width: 10px;\" src=\"http:\/\/kommentatorenblog.de\/wp-content\/uploads\/2020\/09\/shure-55sh-ii-e1601485394796.jpg\" alt=\"\" srcset=\"http:\/\/kommentatorenblog.de\/wp-content\/uploads\/2020\/09\/shure-55sh-ii-e1601485394796.jpg 415w, http:\/\/kommentatorenblog.de\/wp-content\/uploads\/2020\/09\/shure-55sh-ii-e1601485394796-142x300.jpg 142w\" sizes=\"auto, (max-width: 10px) 100vw, 10px\" \/> Christian Blunck<\/p>\n\n\n\n<p><span style=\"text-decoration: underline;\">Samstag, 09. Januar 2021<\/span><\/p>\n\n\n\n<p>Eredivisie, 15. Spieltag: <strong><em>SC Heracles Almelo<\/em><\/strong> <strong><em>\u2013<\/em><\/strong> <strong><em>Vitesse Arnheim (20.00 Uhr)<\/em><\/strong><\/p>\n\n\n\n<p><img loading=\"lazy\" decoding=\"async\" width=\"10\" height=\"21\" class=\"wp-image-3656\" style=\"width: 10px;\" src=\"http:\/\/kommentatorenblog.de\/wp-content\/uploads\/2020\/09\/shure-55sh-ii-e1601485394796.jpg\" alt=\"\" srcset=\"http:\/\/kommentatorenblog.de\/wp-content\/uploads\/2020\/09\/shure-55sh-ii-e1601485394796.jpg 415w, http:\/\/kommentatorenblog.de\/wp-content\/uploads\/2020\/09\/shure-55sh-ii-e1601485394796-142x300.jpg 142w\" sizes=\"auto, (max-width: 10px) 100vw, 10px\" \/> Marcus Radefeld<\/p>\n\n\n\n<p><span style=\"text-decoration: underline;\">Sonntag, 10. Januar 2021<\/span><\/p>\n\n\n\n<p>Eredivisie, 15. Spieltag: <em><strong>Sparta Rotterdam \u2013 Feyenoord Rotterdam (12.15 Uhr)<\/strong><\/em><\/p>\n\n\n\n<p><img loading=\"lazy\" decoding=\"async\" width=\"10\" height=\"21\" class=\"wp-image-3656\" style=\"width: 10px;\" src=\"http:\/\/kommentatorenblog.de\/wp-content\/uploads\/2020\/09\/shure-55sh-ii-e1601485394796.jpg\" alt=\"\" srcset=\"http:\/\/kommentatorenblog.de\/wp-content\/uploads\/2020\/09\/shure-55sh-ii-e1601485394796.jpg 415w, http:\/\/kommentatorenblog.de\/wp-content\/uploads\/2020\/09\/shure-55sh-ii-e1601485394796-142x300.jpg 142w\" sizes=\"auto, (max-width: 10px) 100vw, 10px\" \/> Florian Obst<\/p>\n\n\n\n<p>Eredivisie, 15. Spieltag: <strong><em>Ajax Amsterdam<\/em><\/strong> <strong><em>\u2013<\/em><\/strong> <strong><em>PSV Eindhoven (16.45 Uhr)<\/em><\/strong><\/p>\n\n\n\n<p><img loading=\"lazy\" decoding=\"async\" width=\"10\" height=\"21\" class=\"wp-image-3656\" style=\"width: 10px;\" src=\"http:\/\/kommentatorenblog.de\/wp-content\/uploads\/2020\/09\/shure-55sh-ii-e1601485394796.jpg\" alt=\"\" srcset=\"http:\/\/kommentatorenblog.de\/wp-content\/uploads\/2020\/09\/shure-55sh-ii-e1601485394796.jpg 415w, http:\/\/kommentatorenblog.de\/wp-content\/uploads\/2020\/09\/shure-55sh-ii-e1601485394796-142x300.jpg 142w\" sizes=\"auto, (max-width: 10px) 100vw, 10px\" \/> Karsten Linke<\/p>\n\n\n\n<hr class=\"wp-block-separator\"\/>\n\n\n\n<p><strong>Die Analyse<\/strong><\/p>\n\n\n\n<p><strong>DAZN aus dem Stadion<\/strong><\/p>\n\n\n\n<p>Zum Start in den Spieltag gibt&#8217;s ein absolutes Topspiel. Borussia M\u00f6nchengladbach empf\u00e4ngt den Rekordmeister Bayern M\u00fcnchen. F\u00fcr DAZN ein Anlass einen absoluten Traum-Freitag zu liefern. Bereits ab 19.15 Uhr melden sich Antonia Wisgickl und Sebastian Benesch aus dem Studio zur Pre-Match Show um den 15. Spieltag einzul\u00e4uten. Speziell f\u00fcr das Spiel meldet sich der Streamingdienst dann bereits schon ab 20.00 Uhr zum ersten Mal seit Februar letzten Jahres aus dem Stadion &#8211; damals Allianz-Arena nun der Borussia-Park. Nat\u00fcrlich ist das Personal mit Chef-Kommentator Jan Platte, Top-Experte Sandro Wagner und Lead In Vision Alex Schl\u00fcter exakt dasselbe wie bereits bei den beiden bisherigen Vor-Ort Berichterstattungen des Streamingdienstes (DFL-Supercup und Champions League Spiel zwischen Leipzig und Basaksehir). Ihr merkt schon an den ganzen Superlativen, ich hab richtig Bock auf die \u00dcbertragung und das Spiel. Schlie\u00dflich bleibt meine Meinung: Die DAZN Berichterstattungen vor Ort sind f\u00fcr mich mitunter das beste an Fu\u00dfball Berichterstattung in Deutschland. <\/p>\n\n\n\n<p><strong>Copy &amp; Paste in der Konferenz <\/strong><\/p>\n\n\n\n<p>In der Konferenz gibt&#8217;s eine erstaunliche Gegebenheit. Vier der f\u00fcnf Kommentatoren des vergangenen Spieltags sind auch dieses Wochenende wieder in dieser im Einsatz, einzig Hansi K\u00fcpper wird durch Holger Pfandt ersetzt, der sich um Tasmania \u00e4h Schalke 04 k\u00fcmmert ;). Markus G\u00f6tz und Schmiso bleiben Leverkusen bzw. K\u00f6ln treu, Buschi freut sich auf das Rhein-Hessen Duell und auch J\u00f6rg Dahlmann hat ja bereits mit Union im Pokal Ber\u00fchrungspunkte gehabt. Einge werden sich daran erinnern :D.  Einstimmen auf die Spiele werden im \u00fcbrigen Michael Leopold und Didi Hamann<\/p>\n\n\n\n<p><strong>Wasserziehr auf ungewohntem Terrain <\/strong><\/p>\n\n\n\n<p>Bei den Einzelspielen bleiben Tom Bayer und Marcus Lindemann in der Nordrhein-westf\u00e4lischen Heimat. Tom Bayer meldet sich \u00fcbrigens erstmals in dieser Saison aus der Bay-Arena. Interviews auf Schalke und in Leverkusen f\u00fchren im \u00fcbrigen Ulli Potofski bzw. Esther Sedlaczek. Michael Born ist zum dritten Mal in dieser Spielzeit mit dem &#8222;kleinen&#8220; Topspiel Union gegen Wolfsburg in der alten F\u00f6rsterei, im Schlepptau hat er mit Jens Westen einen Mann des Nordens! Aus meiner Perspektive ein passendes Duo f\u00fcr das Nordduell. Ansonsten gibt&#8217;s die logischen Eins\u00e4tze von Veltmann und K\u00fcpper in Freiburg und Mainz. Einzig der Field-Reporter bei den 05ern \u00fcberrascht, Patrick Wasserziehr geht mal nach l\u00e4ngerem wieder an einem Samstag auf Reisen und macht auf dem Weg nach M\u00fcnchen in Mainz Halt. <\/p>\n\n\n\n<p><strong>Fuss bei Topspiel II<\/strong><\/p>\n\n\n\n<p>Beim zweiten Topspiel zwischen den bisher sehr starken Leipzigern und den in der letzten Zeit fu\u00dfballerisch weniger \u00fcberzeugenden Dortmundern ist selbstverst\u00e4ndlich Wolff Fuss mit dabei. Damit hat nach dem Spiel \u00fcbrigens kein anderer Schwarz-Gelb in dieser Bundesliga Saison mehr kommentiert. Die Interviews f\u00fchrt Stefan Hempel. Sebastian Hellmann und Lothar Matth\u00e4us bleiben im Studio.<\/p>\n\n\n\n<p><strong>Sonntag mit Topspielkommentatoren<\/strong><\/p>\n\n\n\n<p>Die Zwischen\u00fcberschrift sagt ja schon quasi alles aus. Zur Fr\u00fchschicht aus Augsburg meldet sich Kai Dittmann. Kurzer Dienstweg nachdem es f\u00fcr ihn ja am vergangenen Samstag nach Berlin ging. Mit ihm in der WWK-Arena ist neben dem VfB Stuttgart auch SSN-Reporter Marc Behrenbeck. Beim sp\u00e4ten Spiel gibt es &#8211; die Zwischen\u00fcberschrift l\u00e4sst es erahnen &#8211; wieder einen Topspielkommentator. Martin Gro\u00df treibt es zum zweiten Mal in dieser Saison an die Bielefelder Alm, wo selbstverst\u00e4ndlich Marcus Lindemann die Interviews f\u00fchrt. Die Aufgaben in Unterf\u00f6hring \u00fcbernehmen Britta Hofmann und Dennis Aogo (der aus meiner Sicht \u00fcbrigens einen Top-Job macht). <\/p>\n\n\n\n<p><strong>SPORT1-Duo am Freitag<\/strong><\/p>\n\n\n\n<p>In Liga zwei kehren nat\u00fcrlich wie im Oberhaus die Freitagsspiele zur\u00fcck, mit Hansi K\u00fcpper und J\u00f6rg Dahlmann \u00fcbernehmen zwei Ex-SPORT1 M\u00e4nner. Interviewm\u00f6glichkeiten gibt es durch Florian Bauer und Schalten. Am Samstag gibt&#8217;s mit Schmitz, Kunde und Haist drei \u00fcbliche Verd\u00e4chtige, w\u00e4hrend am Sonntag nur Kommentatoren im Einsatz sind die Samstags f\u00fcrs Oberhaus zust\u00e4ndig sind. Montagsspiele bleiben Aufgabe f\u00fcr Stefan Hempel und Torsten Mattuschka. Finde ich pers\u00f6nlich \u00fcbrigens schade, da die \u00dcbertragungen mit Yannick Erkenbrecher und wechselnden G\u00e4sten in M\u00fcnchen bzw. dem Kommentator im Stadion echt Spa\u00df gemacht haben.<\/p>\n\n\n\n<p><strong>Jahresauftakt in Liga drei<\/strong><\/p>\n\n\n\n<p>In Liga drei gibt&#8217;s den Jahresauftakt, keine gro\u00dfen \u00dcberraschungen. Flo Eckl und Alex Klich k\u00fcmmern sich um das traditionelle M\u00fcnchner Derby. Wenn wir es richtig \u00fcberblickt haben, gibt es keine Doppeleins\u00e4tze bei MagentaSport. <\/p>\n\n\n\n<p><strong>Kirchhoff mit Experten-Deb\u00fct<\/strong><\/p>\n\n\n\n<p>Die Premier League macht am Wochenende Platz f\u00fcr den FA-Cup, somit mal ein freies Wochenende f\u00fcr Hannes Herrmann und Neu-Twitch Steamer Jogi Hebel. Den Auftakt am Freitagabend machen Marco Hagemann und Ralph Gunesch mit der Partie Aston Villa gegen Liverpool. Ich vermute mal, dass es kein 7:2 wird ;). Samstag und Sonntag gibt&#8217;s dann die &#8222;volle Dr\u00f6hnung&#8220;, viele Kommentatoren werden gebraucht. Experten gibt&#8217;s im \u00fcbrigen nur an der Seite von Uli Hebel, Sebastian Kei\u00dfl und Jan Kirchhoff sind gemeint. Der Ex-Spieler von Mainzer und Sunderland fehlt ja momentan verletzt f\u00fcr seinen KFC Uerdingen, somit gibt&#8217;s am Sonntag sein Experten-Deb\u00fct. Uli Hebel \u00fcbrigens mit einem Wahnsinns-Pensum &#8211; vier Spiele in sechs Tagen. We call it Freelancer-Life :D. <\/p>\n\n\n\n<p><strong>Expertenarmut und wenig Live-Spiele mit deutschem Kommentar<\/strong><\/p>\n\n\n\n<p>Ich habe es ja bereits angesprochen. F\u00fcr den FA-Cup werden an diesem Wochenende viele Kommentatoren gebraucht. Deshalb gibt&#8217;s an diesem Spieltag weniger Spiele aus den anderen Top-5 Ligen mit deutschen Kommentar. Am wenigsten Auswirkungen hat es noch auf La Liga, hier gibt&#8217;s immerhin noch am Samstag Normalprogramm. Um Meister Real Madrid k\u00fcmmert sich an diesem Wochenende \u00fcberraschend Benni Zander, an seiner Seite ist Benny Lauth. Bei Barca wiederum gibt&#8217;s ne \u00dcberraschung. Kein Experte bei Katalanen gibt&#8217;s sonst nur mal an den letzten beiden Spieltagen oder in englischen Wochen. In Italien werden Stand jetzt nur drei Spiele \u00fcbertragen. Seufert k\u00fcmmert sich um Milan, Carsten Fu\u00df gemeinsam mit Christian Bernhard um Juve und Jan Platte mit Max Nicu um das Spiel zwischen der Roma und Inter. Urspr\u00fcnglich war hier Uwe Morawe eingeplant, der wird aber &#8211; ich hab&#8217;s im Vorwort angesprochen &#8211;  f\u00fcr die NFL gebraucht. Daf\u00fcr ersetzte Morawe Platte am vergangegen Mittwoch bei Bilbao-Barca. Klingt nach einem klassischen Tausch. Zu den Ansetzungen in der Ligue 1 muss man nichts sagen &#8211; alles wie immer.<\/p>\n\n\n\n<p><strong>Topspiel bei Sportdigital<\/strong><\/p>\n\n\n\n<p>Bei Sportdigital Fussball sticht nat\u00fcrlich die Begegnung zwischen Ajax und der PSV heraus. Wir w\u00fcnschen Karsten Linke gutes Gelingen! Insgesamt l\u00e4sst sich festhalten, dass es bei den Jungs in Hamburg ein etwas ruhigeres Wochenende wird. Beispielsweise am Samstag gibt\u00b4s nur ein Live-Spiel. <\/p>\n\n\n\n<p>Bis dahin, macht euch ein sch\u00f6nes Wochenende und bleibt gesund!<\/p>\n","protected":false},"excerpt":{"rendered":"<p>N\u2019Abend allerseits, am einem siebten Januar und bei unserem ersten Beitrag im neuen Jahr l\u00e4sst es ja ruhig noch nachholen &#8211; ein frohes neues Jahr w\u00fcnsche ich euch. Das neue &#8222;Setting&#8220; hat euch Kollege Leon ja bereits erkl\u00e4rt, weshalb ich rein organisatorisch eigentlich kaum was zu sagen habe. Somit gibt\u00b4s einen R\u00fcckblick auf die letzten [&hellip;]<\/p>\n","protected":false},"author":5,"featured_media":0,"comment_status":"open","ping_status":"open","sticky":false,"template":"","format":"standard","meta":{"footnotes":""},"categories":[424],"tags":[20,10,34,49,436,21,166,73,60,13,338,30,287,97,318,437,89,61,25,90,48,213,26,86,93,59,53,31,9,368,43,112,126,95,438,114,88,94,108,350,189,98,22,134,28,96,85,87,346,105,289,149,107,196],"class_list":["post-5735","post","type-post","status-publish","format-standard","hentry","category-bundesliga-und-co","tag-2-bundesliga","tag-3-liga","tag-alex-klich","tag-alex-schlueter","tag-antonia-wisgickl","tag-benni-zander","tag-benny-lauth","tag-britta-hofmann","tag-bundesliga","tag-dazn","tag-dennis-aogo","tag-didi-hamann","tag-ecki-heuser","tag-esther-sedlaczek","tag-flo-eckl","tag-florian-bauer","tag-florian-schmidt-sommerfeld","tag-frank-buschmann","tag-hansi-kuepper","tag-holger-pfandt","tag-jan-platte","tag-jens-westen","tag-joerg-dahlmann","tag-juergen-schmitz","tag-kai-dittmann","tag-karsten-linke","tag-klaus-veltmann","tag-lothar-matthaeus","tag-magenta-sport","tag-marc-behrenbeck","tag-marco-hagemann","tag-marcus-lindemann","tag-markus-goetz","tag-martin-gross","tag-max-nicu","tag-michael-born","tag-michael-leopold","tag-patrick-wasserziehr","tag-ralph-gunesch","tag-sandro-wagner","tag-sebastian-benesch","tag-sebastian-hellmann","tag-sky","tag-sportdigital-fussball","tag-stefan-hempel","tag-sven-haist","tag-tom-bayer","tag-torsten-kunde","tag-torsten-mattuschka","tag-uli-hebel","tag-ulli-potofski","tag-uwe-morawe","tag-wolff-fuss","tag-yannick-erkenbrecher"],"_links":{"self":[{"href":"http:\/\/kommentatorenblog.de\/index.php?rest_route=\/wp\/v2\/posts\/5735","targetHints":{"allow":["GET"]}}],"collection":[{"href":"http:\/\/kommentatorenblog.de\/index.php?rest_route=\/wp\/v2\/posts"}],"about":[{"href":"http:\/\/kommentatorenblog.de\/index.php?rest_route=\/wp\/v2\/types\/post"}],"author":[{"embeddable":true,"href":"http:\/\/kommentatorenblog.de\/index.php?rest_route=\/wp\/v2\/users\/5"}],"replies":[{"embeddable":true,"href":"http:\/\/kommentatorenblog.de\/index.php?rest_route=%2Fwp%2Fv2%2Fcomments&post=5735"}],"version-history":[{"count":87,"href":"http:\/\/kommentatorenblog.de\/index.php?rest_route=\/wp\/v2\/posts\/5735\/revisions"}],"predecessor-version":[{"id":5866,"href":"http:\/\/kommentatorenblog.de\/index.php?rest_route=\/wp\/v2\/posts\/5735\/revisions\/5866"}],"wp:attachment":[{"href":"http:\/\/kommentatorenblog.de\/index.php?rest_route=%2Fwp%2Fv2%2Fmedia&parent=5735"}],"wp:term":[{"taxonomy":"category","embeddable":true,"href":"http:\/\/kommentatorenblog.de\/index.php?rest_route=%2Fwp%2Fv2%2Fcategories&post=5735"},{"taxonomy":"post_tag","embeddable":true,"href":"http:\/\/kommentatorenblog.de\/index.php?rest_route=%2Fwp%2Fv2%2Ftags&post=5735"}],"curies":[{"name":"wp","href":"https:\/\/api.w.org\/{rel}","templated":true}]}}