{"id":583,"date":"2019-11-11T17:15:58","date_gmt":"2019-11-11T17:15:58","guid":{"rendered":"http:\/\/kommentatorenblog.de\/?p=583"},"modified":"2020-12-30T16:07:08","modified_gmt":"2020-12-30T16:07:08","slug":"1032-wildes-fussballwochenende","status":"publish","type":"post","link":"http:\/\/kommentatorenblog.de\/?p=583","title":{"rendered":"1032 \u2013 Wildes Fu\u00dfballwochenende"},"content":{"rendered":"\n<p>N\u00b4Abend allerseits!<\/p>\n\n\n\n<p>Gef\u00fchlt steckte lange nicht mehr so viel in einem <strong>Bundesligawochenende<\/strong>! P\u00fcnktlich vor dem 11.11 startete das Spektakel nat\u00fcrlich in meiner k\u00f6lschen Heimat mit der Last-Minute-Niederlage des FC gegen Hoffenheim. Ja, der <strong>FC K\u00f6ln<\/strong> ist in dieser Saison in Sachen Video Assistant Referee nicht vom Gl\u00fcck verfolgt &#8211; nicht nur zuletzt durch verwehrte Elfmeter gegen D\u00fcsseldorf und Mainz. Insbesondere das nicht geahnte Handspiel des Mainzer Verteidigers Moussa Niakhat\u00e9 l\u00f6ste allgemeines Entsetzen in der Domstadt aus. Wer allerdings der Meinung ist, dass das Foul von Drexler an Adamyan letzten Freitag nicht zu einem Elfmeter h\u00e4tte f\u00fchren d\u00fcrfen, weil keine &#8222;klare&#8220; Fehlentscheidung&#8220; vorliegt, dem kann ich auch nicht mehr helfen. Die Folgen des Freitags \u00fcbrigens: Veh und Beierlorzer weg! &#8222;Wir brauchen jetzt nicht den dritten Zweitligatrainer&#8220;, sagte mir ein Freund angesprochen auf die Trainerfrage. Nach Anfang und Beierlorzer folgt jetzt auch wohl ein erfahrener Trainer. Labbadia hat leider abgesagt. Leider, weil Beierlorzer Nachbarn meiner Eltern war. Die Vorstellungen, dass der sch\u00f6ne Bruno vielleicht hier hergezogen w\u00e4re &#8211; unbezahlbar. <\/p>\n\n\n\n<p>Der <strong>Samstag <\/strong>l\u00e4sst sich chronologisch aufarbeiten. Paderborn regt sich \u00fcber Augsburger Spieler in der Mauer auf. Irgendwie wei\u00df nur niemand ob zu Recht oder zu Unrecht. Hamann meinte, dass in der Mauer alles korrekt war. Ich meine: Wer hat diese Regel erfunden? Wer wei\u00df um ihre korrekte Anwendung? In Berlin f\u00fchrte ein Nasenbeinbruch inklusive Handspiels im Strafraum nicht zum Elfmeterpfiff. Beim Topspiel erbrachten sowohl die Sky-Server, als auch die Dortmunder nicht die notwendige Leistung &#8211; ebenso wie die <a href=\"https:\/\/twitter.com\/cordsauer\/status\/1193267337165717504\">Social-Media-Abteilung des FC Bayern<\/a> &#8211; so die zumindest meine und die g\u00e4ngige Meinung von vielen klugen K\u00f6pfen aus der Branche. <\/p>\n\n\n\n<p>Leistung hat Marco Fenske, Chefredakteur &amp; Gesch\u00e4ftsf\u00fchrer RedaktionsNetzwerk Deutschland und Gesch\u00e4ftsf\u00fchrer Sportbuzzer, im <strong>Doppelpass<\/strong> am Sonntag im Erdgeschoss des Hiltons am M\u00fcnchener Flughafen auch nicht gebracht &#8211; wenn es nach <strong>Uli Hoene\u00df<\/strong> geht. Sport1-Reporter Stefan Kumberger gab Uli Hoene\u00df um das Champions League-Spiel in Athen die &#8222;goldene Nummer&#8220;, von welcher der &#8222;Noch-Pr\u00e4sident&#8220; des FC Bayern am Sonntag Gebrauch machte. Wer es wirklich noch nicht gesehen hat, f\u00fcr den gibt es auch hier nochmal einen <a href=\"https:\/\/www.youtube.com\/watch?v=1KIIwTkvgd8\">Link<\/a> &#8211; auch wenn es wohl schon jeder gesehen hat. <a href=\"https:\/\/www.youtube.com\/watch?v=Kd6qeGoWHmU\">19 Jahre, nachdem er sich letzt- und erstmals via Telefon in die Talk-Sendung schalten lie\u00df<\/a>, um seine Meinung rund folgenden Dreiklang loszuwerden: Bundestrainer, Daum, Drogen. Ich empfehle an dieser Stelle die gelungene <a href=\"https:\/\/www.stern.de\/kultur\/micky-beisenherz\/micky-beisenherz-ueber-uli-hoeness-und-seinen-anruf-im-sport1-doppelpass-8995776.html\">Kolumne von Micky Beisenherz<\/a>. Trotz all dessen gab es den H\u00f6henpunkt des Spieltags in Freiburg zu sehen. Abraham rempelte Streich um &#8211; Grifo griff Abraham ins Gesicht. K\u00f6nnte ein paar Spiele mehr Sperre geben. Das Wichtigste an diesem Spieltag war jedoch die<strong> #gedENKEminute<\/strong>. Im Rahmen dieser Aktion wurde bei den Fu\u00dfballspielen am Wochenende nicht nur an den Menschen und Sportler Robert Enke erinnert, sondern vor allem auf die Volkskrankheit Depression und die vorhandenen Hilfsangebote aufmerksam gemacht. <\/p>\n\n\n\n<p>Und eine Sache noch: Der <strong>SV Wehen Wiesbaden<\/strong> hat <a href=\"https:\/\/svww.de\/news\/artikel\/svww-legt-einspruch-gegen-die-wertung-des-spiels-in-dresden-ein\">Einspruch<\/a> gegen die Wertung des Spiels am Freitag in Dresden eingelegt. Der Grund sollte bekannt sein &#8211; andernfalls gibt es <a href=\"https:\/\/www.hessenschau.de\/sport\/fussball\/wehen-wiesbaden\/unglueckliche-pleite-fuer-sv-wehen-wiesbaden-in-dresden,svww-dresden-spielbericht-100.html\">hier<\/a> die Aufkl\u00e4rung. SVWWs Trainer <a href=\"https:\/\/twitter.com\/vunallemebbes\/status\/1192931159753277440\">R\u00fcdiger Rehm war &#8222;not amused&#8220; <\/a>\u00fcber das ganze Spektakel. J\u00f6rg Dahlmann empfand es im Livekommentar \u00e4hnlich. <\/p>\n\n\n\n<p>Zum Abschluss noch zwei Sachen: Vielen Dank f\u00fcr das positive Feedback bez\u00fcglich des <strong>Interviews mit Jogi Hebel<\/strong>. Wir hatten eine Menge Spa\u00df und in Zukunft wird es weiteren Inhalt dieser Art geben. <\/p>\n\n\n\n<p>&#8220; <strong>Yannick Erkenbrecher<\/strong> f\u00e4llt aktuell und auch in den n\u00e4chsten Wochen krankheitsbedingt aus.&#8220; Dies ist das Statement von Sky &#8211; mehr wird und will man nicht kommunizieren. Ich denke, dass das auch vollkommen in Ordnung ist und ich hoffe, dass dies die interessierten Leser akzeptieren k\u00f6nnen. <\/p>\n\n\n\n<p><\/p>\n\n\n\n<p><strong><em><span style=\"text-decoration: underline;\">Die Ansetzungen vom 12. November 2019 bis zum 18. November 2019<\/span><\/em><\/strong><\/p>\n\n\n\n<p><strong>European Qualifiers, Spieltage 9 und 10<\/strong><\/p>\n\n\n\n<p><span style=\"text-decoration: underline;\">Donnerstag, 14. November 2019, ab 18.00 Uhr (DAZN)<\/span><\/p>\n\n\n\n<p><strong><em>T\u00fcrkei \u2013 Island (18.00 Uhr)<\/em><\/strong><\/p>\n\n\n\n<p>DAZN: Nico Seepe, Experte: Ilhan Mansiz<\/p>\n\n\n\n<p><strong><em>England \u2013 Montenegro (20.45 Uhr)<\/em><\/strong><\/p>\n\n\n\n<p>DAZN: Flo Hauser <\/p>\n\n\n\n<p><strong><em>Frankreich \u2013 Moldawien (20.45 Uhr)<\/em><\/strong><\/p>\n\n\n\n<p>DAZN: Guido H\u00fcsgen<\/p>\n\n\n\n<p><strong><em>Portugal \u2013 Litauen (20.45 Uhr)<\/em><\/strong><\/p>\n\n\n\n<p>DAZN: Tom Kirsten<\/p>\n\n\n\n<p><span style=\"text-decoration: underline;\">Freitag, 15. November 2019, ab 20.45 Uhr (DAZN)<\/span><\/p>\n\n\n\n<p><strong><em>Bosnien-Herzegowina \u2013 Italien (20.45 Uhr<\/em><\/strong>)<\/p>\n\n\n\n<p>DAZN: Carsten Fu\u00df<\/p>\n\n\n\n<p><strong><em>Schweiz \u2013 Georgien (20.45 Uhr<\/em><\/strong>)<\/p>\n\n\n\n<p>DAZN: Ruben Zimmermann<\/p>\n\n\n\n<p><strong><em>Spanien \u2013 Malta (20.45 Uhr<\/em><\/strong>)<\/p>\n\n\n\n<p>DAZN: Matthias Naebers<\/p>\n\n\n\n<p><strong><em>Rum\u00e4nien \u2013 Schweden (20.45 Uhr<\/em><\/strong>)<\/p>\n\n\n\n<p>DAZN: Tobi Fischbeck<\/p>\n\n\n\n<p><span style=\"text-decoration: underline;\">Samstag, 16. November 2019, ab 18.00 Uhr (DAZN)<\/span><\/p>\n\n\n\n<p><strong><em>Russland \u2013 Belgien (18.00 Uhr)<\/em><\/strong><\/p>\n\n\n\n<p>DAZN: tba<\/p>\n\n\n\n<p><span style=\"text-decoration: underline;\">ab 20.15 Uhr (RTL)<\/span><\/p>\n\n\n\n<p><strong><em>Deutschland \u2013 Wei\u00dfrussland (20.45 Uhr)<\/em><\/strong><\/p>\n\n\n\n<p>RTL: Marco Hagemann, Experte; Steffen Freund<\/p>\n\n\n\n<p>Moderation (RTL): Laura Wontorra, Experte: J\u00fcrgen Klinsmann<\/p>\n\n\n\n<p><span style=\"text-decoration: underline;\">ab 20.45 Uhr (DAZN)<\/span><\/p>\n\n\n\n<p><strong><em>Nordirland \u2013 Niederlande (20.45 Uhr<\/em><\/strong>)<\/p>\n\n\n\n<p>DAZN: Lukas Sch\u00f6nm\u00fcller, Experte: Ralph Gunesch<\/p>\n\n\n\n<p><strong><em>\u00d6sterreich \u2013 Nordmazedonien (20.45 Uhr<\/em><\/strong>)<\/p>\n\n\n\n<p>DAZN: Philipp Krummholz<\/p>\n\n\n\n<p><strong><em>Kroatien \u2013 Slowakei (20.45 Uhr<\/em><\/strong>)<\/p>\n\n\n\n<p>DAZN: Mario Rieker<\/p>\n\n\n\n<p><strong><em>Israel \u2013 Polen (20.45 Uhr<\/em><\/strong>)<\/p>\n\n\n\n<p>DAZN: David Ploch <\/p>\n\n\n\n<p><span style=\"text-decoration: underline;\">Sonntag, 17. November 2019, ab 15.00 Uhr (DAZN)<\/span><\/p>\n\n\n\n<p><strong><em>Luxemburg \u2013 Portugal (15.00 Uhr)<\/em><\/strong><\/p>\n\n\n\n<p>DAZN: David Ploch<\/p>\n\n\n\n<p><strong><em>Kosovo \u2013 England (18.00 Uhr)<\/em><\/strong><\/p>\n\n\n\n<p>DAZN: Uli Hebel, Experte: Benny Lauth <\/p>\n\n\n\n<p><strong><em>Albanien<\/em><\/strong>&nbsp;<strong><em>\u2013 Frankreich (20.45 Uhr)<\/em><\/strong><\/p>\n\n\n\n<p>DAZN: Stefan Galler <\/p>\n\n\n\n<p><strong><em>Andorra \u2013 T\u00fcrkei (20.45 Uhr) <\/em><\/strong><\/p>\n\n\n\n<p>DAZN: Oliver Forster <\/p>\n\n\n\n<p><span style=\"text-decoration: underline;\">Montag, 18. November 2019, ab 20.45 Uhr (DAZN<\/span>)<\/p>\n\n\n\n<p><strong><em>Irland \u2013 D\u00e4nemark (20.45 Uhr<\/em><\/strong>)<\/p>\n\n\n\n<p>DAZN: Marcel Seufert<\/p>\n\n\n\n<p><strong><em>Spanien \u2013 Rum\u00e4nien (20.45 Uhr<\/em><\/strong>)<\/p>\n\n\n\n<p>DAZN: Jan Platte<\/p>\n\n\n\n<p><strong><em>Italien \u2013 Armenien (20.45 Uhr<\/em><\/strong>)<\/p>\n\n\n\n<p>DAZN: Carsten Fu\u00df<\/p>\n\n\n\n<p><strong><em>Gibraltar \u2013 Schweiz (20.45 Uhr<\/em><\/strong>)<\/p>\n\n\n\n<p>DAZN: Felix Keil <\/p>\n\n\n\n<p><strong>U21-EM-Qualifikation<\/strong><\/p>\n\n\n\n<p><span style=\"text-decoration: underline;\">Sonntag, 17. November 2019, ab 15.40 Uhr (ProSieben)<\/span><\/p>\n\n\n\n<p><strong><em>Deutschland \u2013 Belgien (16.00 Uhr)<\/em><\/strong><\/p>\n\n\n\n<p>ProSieben: Matthias Stach, Field-Reporterin: Lisa Hofmann<\/p>\n\n\n\n<p>Moderation (ProSieben): Christian D\u00fcren, Experte: Ren\u00e9 Adler <\/p>\n\n\n\n<p><strong>Internationaler Fu\u00dfball<\/strong><\/p>\n\n\n\n<p><span style=\"text-decoration: underline;\">Samstag, 16. November 2019<\/span><\/p>\n\n\n\n<p>Hyundai A-League, 6. Spieltag:&nbsp;<strong><em>Western United FC<\/em><\/strong>&nbsp;<strong><em>\u2013<\/em><\/strong>&nbsp;<strong><em>Newcastle United Jets<\/em><\/strong>&nbsp;<strong><em>(09.30 Uhr)<\/em><\/strong><\/p>\n\n\n\n<p>sportdigital FUSSBALL: J\u00f6rg Steiger <\/p>\n\n\n\n<p><span style=\"text-decoration: underline;\">Sonntag, 17. November 2019<\/span><\/p>\n\n\n\n<p>Hyundai A-League, 6. Spieltag:&nbsp;<strong><em>Sydney FC \u2013 Melbourne Victory <\/em><\/strong><strong><em>(08.30 Uhr)<\/em><\/strong><\/p>\n\n\n\n<p>sportdigital FUSSBALL: Christian Blunck <\/p>\n\n\n\n<p><strong>DFB-Pokal der Frauen<\/strong><\/p>\n\n\n\n<p><span style=\"text-decoration: underline;\">Samstag, 16. November 2019, ab 14.00 Uhr (BR\/NDR)<\/span><\/p>\n\n\n\n<p><strong><em>FC Bayern M\u00fcnchen \u2013 VfL Wolfsburg (14.00 Uhr)<\/em><\/strong> <\/p>\n\n\n\n<p>BR: Bernd Schmelzer                                                                                                                                                                                       NDR: Bernd Schmelzer <\/p>\n\n\n\n<p>Moderation (BR): Markus Othmer                                                                                Moderation (NDR): Ben Wozny, Interviews: Inka Blumensaat<\/p>\n\n\n\n<p><strong>U-20 &#8211; Freundschaftsspiel<\/strong> <\/p>\n\n\n\n<p>Montag, 19 November 2019, ab 19.15 Uhr (ProSiebenMaxx)<\/p>\n\n\n\n<p><strong><em>Portugal &#8211; Deutschland (19.30 Uhr)<\/em><\/strong><\/p>\n\n\n\n<p>ProSiebenMaxx: Uwe Morawe <\/p>\n\n\n\n<p>Moderation (ProSiebenMaxx): Max Zielke<\/p>\n\n\n\n<p><strong>Die Analyse<\/strong> <\/p>\n\n\n\n<p>Bei DAZN wird in dieser L\u00e4nderspielzeit weniger mit Experten &#8211; zumindest verr\u00e4t dies die Programmvorschau. Eventuell gibt es aber noch Erg\u00e4nzungen. Mit Tom Kirsten, David Ploch und auch Felix Keil kommen Kommentatoren zu ihren Eins\u00e4tzen, die beispielsweise beim Afrika Cup aktiv waren und oftmals auch die Zusammenfassungen der Bundesliga bei DAZN kommentieren. Routinier Carsten Fu\u00df \u00fcbernimmt beide Quali-Partien der Italiener. Chef-Kommentator Jan Platte ist bei einer Partie von Spanien am Zug. Bei RTL moderiert wohl wieder Laura Wontorra, weil Florian K\u00f6nig wieder die Formel1-\u00dcbertragungen aus Brasilien moderiert &#8211; sonst das &#8222;\u00dcbliche&#8220;. <\/p>\n\n\n\n<p>Die Performance von Matthias Stach beim U21-Spiel in Bosnien scheint den ran-Bossen gefallen zu haben. Er meldet sich am Sonntag aus dem ausverkauften Stadion in Freiburg. D\u00fcren und Adler erg\u00e4nzen das Team. Uwe Morawe fehlt, kommentiert daf\u00fcr die Partie von Deutschlands A-Nationalmannschaft im Re-Live f\u00fcr DAZN.  <\/p>\n\n\n\n<p>Die fehlenden Ansetzungen werden im Laufe der Woche erg\u00e4nzt. <\/p>\n\n\n\n<p><\/p>\n","protected":false},"excerpt":{"rendered":"<p>N\u00b4Abend allerseits! Gef\u00fchlt steckte lange nicht mehr so viel in einem Bundesligawochenende! P\u00fcnktlich vor dem 11.11 startete das Spektakel nat\u00fcrlich in meiner k\u00f6lschen Heimat mit der Last-Minute-Niederlage des FC gegen Hoffenheim. Ja, der FC K\u00f6ln ist in dieser Saison in Sachen Video Assistant Referee nicht vom Gl\u00fcck verfolgt &#8211; nicht nur zuletzt durch verwehrte Elfmeter [&hellip;]<\/p>\n","protected":false},"author":3,"featured_media":0,"comment_status":"open","ping_status":"open","sticky":false,"template":"","format":"standard","meta":{"footnotes":""},"categories":[426],"tags":[178,131,177,165,13,65,147,201,179,48,44,43,176,15,191,202,84,138,134,151,200,203,174,196],"class_list":["post-583","post","type-post","status-publish","format-standard","hentry","category-laenderspiele","tag-br","tag-carsten-fuss","tag-christian-dueren","tag-david-ploch","tag-dazn","tag-dfb-pokal","tag-european-qualifiers","tag-felix-keil","tag-hyundai-a-league","tag-jan-platte","tag-laura-wontorra","tag-marco-hagemann","tag-matthias-stach","tag-ndr","tag-nico-seepe","tag-prosieben","tag-rene-adler","tag-rtl","tag-sportdigital-fussball","tag-steffen-freund","tag-tom-kirsten","tag-u-21","tag-u21-em-quali","tag-yannick-erkenbrecher"],"_links":{"self":[{"href":"http:\/\/kommentatorenblog.de\/index.php?rest_route=\/wp\/v2\/posts\/583","targetHints":{"allow":["GET"]}}],"collection":[{"href":"http:\/\/kommentatorenblog.de\/index.php?rest_route=\/wp\/v2\/posts"}],"about":[{"href":"http:\/\/kommentatorenblog.de\/index.php?rest_route=\/wp\/v2\/types\/post"}],"author":[{"embeddable":true,"href":"http:\/\/kommentatorenblog.de\/index.php?rest_route=\/wp\/v2\/users\/3"}],"replies":[{"embeddable":true,"href":"http:\/\/kommentatorenblog.de\/index.php?rest_route=%2Fwp%2Fv2%2Fcomments&post=583"}],"version-history":[{"count":17,"href":"http:\/\/kommentatorenblog.de\/index.php?rest_route=\/wp\/v2\/posts\/583\/revisions"}],"predecessor-version":[{"id":602,"href":"http:\/\/kommentatorenblog.de\/index.php?rest_route=\/wp\/v2\/posts\/583\/revisions\/602"}],"wp:attachment":[{"href":"http:\/\/kommentatorenblog.de\/index.php?rest_route=%2Fwp%2Fv2%2Fmedia&parent=583"}],"wp:term":[{"taxonomy":"category","embeddable":true,"href":"http:\/\/kommentatorenblog.de\/index.php?rest_route=%2Fwp%2Fv2%2Fcategories&post=583"},{"taxonomy":"post_tag","embeddable":true,"href":"http:\/\/kommentatorenblog.de\/index.php?rest_route=%2Fwp%2Fv2%2Ftags&post=583"}],"curies":[{"name":"wp","href":"https:\/\/api.w.org\/{rel}","templated":true}]}}