{"id":5864,"date":"2021-01-11T20:25:43","date_gmt":"2021-01-11T19:25:43","guid":{"rendered":"http:\/\/kommentatorenblog.de\/?p=5864"},"modified":"2021-02-28T22:09:31","modified_gmt":"2021-02-28T21:09:31","slug":"1139-startschuss-fuer-die-wm-nachholbedarf-im-fussball","status":"publish","type":"post","link":"http:\/\/kommentatorenblog.de\/?p=5864","title":{"rendered":"1139 \u2013 Startschuss f\u00fcr die WM &#8211; Nachholbedarf im Fu\u00dfball"},"content":{"rendered":"\n<p>N\u2019Abend allerseits,<\/p>\n\n\n\n<p>wahrscheinlich ist es l\u00e4ngst zu sp\u00e4t, euch noch ein Frohes Neues zu w\u00fcnschen. Ich tue es hiermit trotzdem. Erstens weil das Jahr, das nun ein Ende gefunden hat, ein denkw\u00fcrdiges war. Und zweitens, weil die angelaufene Corona-Massenimpfung Hoffnung sch\u00fcrt. Soll nicht pathetisch klingen, aber nach Normalit\u00e4t sehnen sich in Zeiten des Lockdowns vermutlich die meisten.<\/p>\n\n\n\n<p>Und apropos Hoffnung: Die gibt es seit Samstagnachmittag f\u00fcr mich aus Fan-Sicht auch wieder. Wer Schalke die Daumen dr\u00fcckt, f\u00fcr den waren die Wochenenden 2020 nicht unbedingt stimmungsaufhellend. Das hatte schon eher was mit Verdr\u00e4ngung zu tun, man musste es halt mit Humor nehmen. Sicher sind durch einen Sieg jetzt nicht alle Probleme wegradiert, zumal Bielefeld ja auch gewonnen hat. Aber ich bin vorerst einfach froh, dass es nach fast einem Jahr endlich mal wieder drei Punkte zu bejubeln gab. Damit hat sich nun auch J\u00f6rg Dahlmann wieder eine Gesichtsrasur verpasst. Sieht auch besser aus. Und Gl\u00fcckwunsch nat\u00fcrlich an die Anh\u00e4nger von Tasmania Berlin, der alleinige Rekord sei euch geg\u00f6nnt. <\/p>\n\n\n\n<p>Sportlich stehen &#8211; vielleicht nicht dank, aber aufgrund von Corona &#8211; in den kommenden Wochen und Monaten weiterhin spannende Begegnungen unter der Woche an. Es ist eigentlich immer etwas los. Zwar l\u00e4sst das Achtelfinale der Champions League noch bis Mitte Februar auf sich warten, jedoch findet zum Beispiel der 17. Spieltag in der Bundesliga in einer englischen Woche statt (19. und 20. Januar). Zwei Wochen sp\u00e4ter wartet dann die 3. Runde im DFB-Pokal. Und auch das Programm der kommenden Tage ist nicht zu verachten. Stichwort DFB-Pokal: Zwei Partien der 2. Runde stehen ja noch aus. Au\u00dferdem wird in der 3. Liga gespielt und auf der Insel gibt es einen \u201ehalben\u201c 18. Spieltag. Wer will, springt schonmal unten in die Ansetzungen und Analyse.<\/p>\n\n\n\n<p><strong>Handball-WM: ARD ohne Journalisten \/ ZDF mit kleinem Team <\/strong><\/p>\n\n\n\n<p>Aus pers\u00f6nlichem Interesse m\u00f6chte ich allerdings noch ein paar Worte zur Handball-WM in \u00c4gypten verlieren, die uns unmittelbar bevorsteht. Am Mittwoch geht es los, die deutsche Mannschaft hat ihr erstes Spiel am Freitagabend (18 Uhr) gegen Uruguay. Die ARD \u00fcbertr\u00e4gt die Partie ab 17.50 Uhr aus dem Studio. Am Sonntag betr\u00e4gt der Vorbericht f\u00fcr das Spiel gegen die Kap Verdischen Inseln (ebenfalls 18 Uhr) sogar nur f\u00fcnf Minuten. Der Grund f\u00fcr die verh\u00e4ltnism\u00e4\u00dfig kurzen Vorberichte liegt auf der Hand. Nach Informationen \u00fcbereinstimmender Medienberichte wird die ARD keine Journalisten nach \u00c4gypten schicken. Grund sei die angespannte Corona-Situation. Wie schon bei der EM im vergangenen Jahr teilen sich ARD und ZDF die Spiele mit deutscher Beteiligung untereinander auf. Wenn Deutschland n\u00e4chsten Dienstag auf Ungarn (20.30 Uhr) trifft und es wom\u00f6glich um den Sieg in Gruppe A geht, ist das ZDF ab 20.15 Uhr im Einsatz. Nur zwei Interviewer werden dabei sein.<\/p>\n\n\n\n<p>Was das Personal betrifft, gibt es keine \u00dcberraschungen. Ich pers\u00f6nlich freue mich auf den Kommentar von Florian Na\u00df, der f\u00fcr die ARD am Mikro ist. Aus dem Studio melden sich nat\u00fcrlich Alexander Bommes und Dominik Klein als Experte. Auch mit Blick aufs ZDF h\u00e4tte es schon fast die Copy &amp; Paste-Taste getan. Christoph Hamm wird \u00fcber die Spiele mit deutscher Beteiligung an der Seite von Co-Kommentator Markus Baur berichten. Im Studio moderieren Yorck Polus und Experte&nbsp;S\u00f6ren Christophersen. Nat\u00fcrlich Lars Ruthemann und Lena Kesting werden die Interviewer sein. Sie werden wie alle Journalisten in einer Bubble im Hotel und den Spielorten leben. Kesting wird zudem in Live-Schalten im \u201eZDF-Morgen- und Mittagsmagazin\u201c aus \u00c4gypten berichten. Beitr\u00e4ge \u00fcber Land und Leute liefert das ZDF-Auslandsstudio Kairo.<\/p>\n\n\n\n<p>Ausgew\u00e4hlte Spiele der Weltmeisterschaft zeigt auch Eurosport. Die haben in Sachen Handball zuletzt m\u00e4chtig die WM-Werbetrommel ger\u00fchrt mit einem ja aus deutscher Sicht sehr erfolgreichen Final Four in der Champions League.  Das Er\u00f6ffnungsspiel zwischen Chile und \u00c4gypten (Mittwoch, 18 Uhr) wird allerdings auch dort nicht zu sehen sein. Daf\u00fcr k\u00f6nnen sich Handball-Fans am Donnerstag auf die WM einstimmen. Eurosport \u00fcbertr\u00e4gt ab 20.20 Uhr Norwegen gegen Frankreich. Es ist eines von bis zu 15 Spielen, das die Discovery-Tochter dank einer Vereinbarung mit der DOSB New Media GmbH im Free-TV \u00fcbertragen wird. <\/p>\n\n\n\n<p><strong>Eurosport h\u00e4lt an sympathischem Experten fest<\/strong><\/p>\n\n\n\n<p>Im vergangenen Jahr kommentierte Uwe Semrau noch an der Seite von Jan Gorr. Letzterer ist diesmal nicht dabei. Stattdessen gibt es prominente Unterst\u00fctzung von Pascal Hens als Experten. &#8222;Pommes&#8220; konnten wir ja auch schon in der Champions League h\u00f6ren. Der Unterschied: Hens half damals nur aus und ist diesmal fest an Eurosport gebunden. Auch bis \u00fcber die WM hinaus im \u00dcbrigen. &#8222;Die Eurosport-Premiere beim EHF Final Four hat richtig Spa\u00df gemacht und ich freue mich sehr, auch die beiden gro\u00dfen internationalen Highlights unseres Sports 2021 f\u00fcr den Sender intensiv begleiten und analysieren zu d\u00fcrfen&#8220;, betonte der einstige Weltmeister aus der goldenen deutschen Handball-Generation. Das zweite internationale Highlight, auf das er anspielt, sind die verschobenen Olympischen Spiele, f\u00fcr die er dann eben auch im Einsatz sein wird. Als weiteres Team begleiten zudem Sascha Staat und Maik Thiele ausgew\u00e4hlte Spiele f\u00fcr Eurosport. Sofern Deutschland sich nicht qualifiziert, liegt ja auch das Finale in der Hand der Discovery-Tochter.<\/p>\n\n\n\n<p>Auch <a href=\"http:\/\/Sportdeutschland.tv\">Sportdeutschland.tv<\/a> ist bei der WM wieder mit im Boot. Dort gibt es alle Spiele der Weltmeisterschaft im Internet-Stream &#8211; die Partien mit deutscher Beteiligung sind diesmal sogar mit einbegriffen. Meines Wissens ist es zum ersten Mal so, dass der Streamingdienst sein Angebot nicht kostenlos zur Verf\u00fcgung stellt. F\u00fcr ein Turnier-Ticket werden zehn Euro f\u00e4llig, Einzelspiele kosten 3,50 Euro. &nbsp;<\/p>\n\n\n\n<p><strong>Nach z\u00e4hen &#8222;Verhandlungen&#8220;: Keine Zuschauer in \u00c4gypten<\/strong><\/p>\n\n\n\n<p>Die abgespeckten Berichterstattungen von ARD und ZDF deuten an, wie die Corona-Lage die gewohnten Abl\u00e4ufe eines solchen Handball-Gro\u00dfevents beeintr\u00e4chtigen. Es ist aus meiner Sicht auch absolut nachvollziehbar, etwa keine Journalisten vor Ort einzusetzen. Viel spannender war jedoch die Frage, wie viele Zuschauer f\u00fcr die Hallen zugelassen werden. In geschlossenen R\u00e4umen, zu denen sicherlich auch gro\u00dfe Hallen z\u00e4hlen, ist die Infektionsgefahr ohnehin nochmal gr\u00f6\u00dfer als an der frischen Luft. Trotzdem sollten die Arenen nach anf\u00e4nglichen Pl\u00e4nen zu 30 Prozent ausgelastet sein. Dann hat sich die IHF mit 20 Prozent zufriedengeben. Das w\u00e4re, gemessen an den heftigen Beschr\u00e4nkungen hier in Deutschland, noch immer ein enormer Prozentsatz, finde ich. Klar: Andere L\u00e4nder, andere Regeln. Doch waren auch viele Spieler von der ganzen Idee nicht sonderlich \u00fcberzeugt.<\/p>\n\n\n\n<p>Da sind beispielsweise die vier deutschen Nationalspieler Hendrik Pekeler, Patrick Wiencek, Steffen Weinhold und Finn Lemke, die ohnehin freiwillig nicht mitreisen und allesamt auf einen verantwortungsvollen Umgang mit der Pandemie-Situation deuten. Zudem haben die Kapit\u00e4ne von 14 der in diesem Jahr erstmals 32 teilnehmenden Teams j\u00fcngst Kritik an der Zuschauerfrage der IHF ge\u00e4u\u00dfert. Demnach sollte der Verband seine Pl\u00e4ne noch einmal \u00fcberdenken. Die Forderung der Spieler lautete, \u00fcberhaupt keine Fans zuzulassen. Anderenfalls forderten sie mehr Transparenz im Hinblick auf ein Hygienekonzept. Ich war zun\u00e4chst skeptisch, inwiefern sich die IHF auf weitere Mindereinnahmen einlassen w\u00fcrde. Vielleicht war der Druck einfach zu gro\u00df. Letztlich k\u00fcndigte der Verband am gestrigen Sonntag an, dass die WM ohne Zuschauer vor Ort stattfinden wird. Meiner Meinung nach ein logischer Schritt.<\/p>\n\n\n\n<p>Die sportliche Situation wird f\u00fcr den DHB durch die Ausf\u00e4lle von Wienczek, Pekeler, Weinhold und Lemke sicherlich nicht einfacher. Damit fehlt ein bedeutender Teil der Stamm-Abwehr der vergangenen Jahre. Hinzu kommen einige verletzte Spieler, die sicherlich enorm wichtig h\u00e4tten werden k\u00f6nnen. Ein Fabian Wiede muss passen. Franz Semper f\u00e4llt aus. Und auch Jannik Kohlbacher ist am Kreis keine Option. Dort bleiben Johannes Golla und Moritz Preuss &#8211; geballte Erfahrung sieht anders aus. F\u00fcr Alfre\u00f0 G\u00edslason wird es eine schwierige Aufgabe bei seinem ersten gro\u00dfen Turnier als deutscher Nationaltrainer. F\u00fcr die Hauptrunde sollte es aber in jedem Fall reichen. Mit Kap Verde und Uruguay hat man zwei absolute Underdogs in der Gruppe. Und theoretisch reicht ja sogar der dritte Platz, um in die Zwischenrunde einzuziehen. Aber wer wei\u00df, im Handball ist alles m\u00f6glich. Mit D\u00e4nemark ist der amtierende Weltmeister ja bei der EM 2020 sogar schon in der Vorrunde rausgeflogen. Trotzdem gehen die D\u00e4nen auch diesmal wieder als Favorit ins Rennen. Aber auch Norwegen hat gef\u00fchlt bessere Karten als je zuvor.&nbsp;Vielleicht klappt es ja nach zuletzt zwei erfolglosen WM-Finalteilnahmen diesmal.<\/p>\n\n\n\n<p><strong>Starkes Programm f\u00fcr die Football-Nachteulen<\/strong><\/p>\n\n\n\n<p>W\u00e4hrend die Handball-WM in den Startl\u00f6chern steht, neigt sich die Saison im College-Football ihrem Ende entgegen. Wer schonmal f\u00fcr den Super Bowl das lange Wachbleiben \u00fcben will, der kann das noch in dieser Nacht von Dienstag auf Mittwoch tun. Alabama Crimson Tide und die Ohio State Buckeyes treffen aufeinander. Der vermeintliche Nummer-Eins-Pick Trevor Lawrence fehlt bekanntlich, da f\u00fcr seine Clemson Tigers im Halbfinale Schluss war. Er h\u00e4tte dem Finale sicher noch ein bisschen mehr W\u00fcrze verpasst. Doch, ich glaube, jeder, der wach bleibt, wird gute Gr\u00fcnde haben. Auf&nbsp;ProSiebenMaxx&nbsp;wird das Finale ausgestrahlt. In gewohnter Manier sind Patrick Esume und Bj\u00f6rn Werner jetzt wieder im Einsatz. Den Netman macht &#8211; ebenfalls nach kurzer Pause &#8211; Max Zielke &#8211; die dritte Nacht in Folgr ist er im Einsatz. <\/p>\n\n\n\n<hr class=\"wp-block-separator\"\/>\n\n\n\n<p><strong>College Football, Finale (ProSiebenMaxx)<\/strong><\/p>\n\n\n\n<p><span style=\"text-decoration: underline;\">Dienstag, 12. Januar 2020, ab 01.30 Uhr<\/span><\/p>\n\n\n\n<p><em><strong>Alabama Crimson Tide \u2013 Ohio State Buckeyes (02.00 Uhr)<\/strong><\/em><\/p>\n\n\n\n<p class=\"has-normal-font-size\"><img loading=\"lazy\" decoding=\"async\" width=\"10\" height=\"21\" class=\"wp-image-3656\" style=\"width: 10px;\" src=\"http:\/\/kommentatorenblog.de\/wp-content\/uploads\/2020\/09\/shure-55sh-ii-e1601485394796.jpg\" alt=\"\" srcset=\"http:\/\/kommentatorenblog.de\/wp-content\/uploads\/2020\/09\/shure-55sh-ii-e1601485394796.jpg 415w, http:\/\/kommentatorenblog.de\/wp-content\/uploads\/2020\/09\/shure-55sh-ii-e1601485394796-142x300.jpg 142w\" sizes=\"auto, (max-width: 10px) 100vw, 10px\" \/> Patrick Esume, Experte: Bj\u00f6rn Werner<\/p>\n\n\n\n<p>Netman: Max Zielke<\/p>\n\n\n\n<p>Und nun zum Tagesgesch\u00e4ft. Nichts Wildes, aber ein paar nette Begegnungen sind mit an Bord.&nbsp;<\/p>\n\n\n\n<hr class=\"wp-block-separator\"\/>\n\n\n\n<p><strong><em>Die Ansetzungen vom 12. Januar bis zum 14. Januar 2020<\/em><\/strong><\/p>\n\n\n\n<p><strong>DFB-Pokal, 02. Runde, Nachholspiele<\/strong><\/p>\n\n\n\n<p><span style=\"text-decoration: underline;\">Dienstag, 12. Januar 2020, ab 20.30 Uhr (Sky)<\/span><\/p>\n\n\n\n<p><strong><em>Bayer 04 Leverkusen \u2013 Eintracht Frankfurt (20.45 Uhr)<\/em><\/strong><\/p>\n\n\n\n<p class=\"has-normal-font-size\"><img loading=\"lazy\" decoding=\"async\" width=\"10\" height=\"21\" class=\"wp-image-3656\" style=\"width: 10px;\" src=\"http:\/\/kommentatorenblog.de\/wp-content\/uploads\/2020\/09\/shure-55sh-ii-e1601485394796.jpg\" alt=\"\" srcset=\"http:\/\/kommentatorenblog.de\/wp-content\/uploads\/2020\/09\/shure-55sh-ii-e1601485394796.jpg 415w, http:\/\/kommentatorenblog.de\/wp-content\/uploads\/2020\/09\/shure-55sh-ii-e1601485394796-142x300.jpg 142w\" sizes=\"auto, (max-width: 10px) 100vw, 10px\" \/> Marcus Lindemann<\/p>\n\n\n\n<p>Field-Reporter: Martin Gro\u00df<\/p>\n\n\n\n<p><span style=\"text-decoration: underline;\">Mittwoch, 13. Januar 2020, ab 20.15 Uhr (ARD)\/ab 20.30 Uhr (Sky)<\/span><\/p>\n\n\n\n<p><strong><em>Holstein Kiel \u2013 FC Bayern M\u00fcnchen (20.45 Uhr)<\/em><\/strong><\/p>\n\n\n\n<p class=\"has-normal-font-size\">ARD: <img loading=\"lazy\" decoding=\"async\" width=\"10\" height=\"21\" class=\"wp-image-3656\" style=\"width: 10px;\" src=\"http:\/\/kommentatorenblog.de\/wp-content\/uploads\/2020\/09\/shure-55sh-ii-e1601485394796.jpg\" alt=\"\" srcset=\"http:\/\/kommentatorenblog.de\/wp-content\/uploads\/2020\/09\/shure-55sh-ii-e1601485394796.jpg 415w, http:\/\/kommentatorenblog.de\/wp-content\/uploads\/2020\/09\/shure-55sh-ii-e1601485394796-142x300.jpg 142w\" sizes=\"auto, (max-width: 10px) 100vw, 10px\" \/> Gerd Gottlob, Field-Reporterin: Valeska Homburg  <\/p>\n\n\n\n<p>Moderation: Alex Bommes, Experte: Bastian Schweinsteiger  <\/p>\n\n\n\n<p class=\"has-normal-font-size\">Sky: <img loading=\"lazy\" decoding=\"async\" width=\"10\" height=\"21\" class=\"wp-image-3656\" style=\"width: 10px;\" src=\"http:\/\/kommentatorenblog.de\/wp-content\/uploads\/2020\/09\/shure-55sh-ii-e1601485394796.jpg\" alt=\"\" srcset=\"http:\/\/kommentatorenblog.de\/wp-content\/uploads\/2020\/09\/shure-55sh-ii-e1601485394796.jpg 415w, http:\/\/kommentatorenblog.de\/wp-content\/uploads\/2020\/09\/shure-55sh-ii-e1601485394796-142x300.jpg 142w\" sizes=\"auto, (max-width: 10px) 100vw, 10px\" \/> Wolff Fuss, Field-Reporter: Patrick Wasserziehr <\/p>\n\n\n\n<hr class=\"wp-block-separator\"\/>\n\n\n\n<p><strong>3. Liga, Nachholspiele <\/strong><\/p>\n\n\n\n<p><span style=\"text-decoration: underline;\">Dienstag, 12. Januar 2020, ab 18.45 Uhr (Magenta Sport)<\/span><\/p>\n\n\n\n<p>09. Spieltag: <strong><em>SpVgg Unterhaching \u2013 SC Verl (19.00 Uhr)<\/em><\/strong><\/p>\n\n\n\n<p class=\"has-normal-font-size\"><img loading=\"lazy\" decoding=\"async\" width=\"10\" height=\"21\" class=\"wp-image-3656\" style=\"width: 10px;\" src=\"http:\/\/kommentatorenblog.de\/wp-content\/uploads\/2020\/09\/shure-55sh-ii-e1601485394796.jpg\" alt=\"\" srcset=\"http:\/\/kommentatorenblog.de\/wp-content\/uploads\/2020\/09\/shure-55sh-ii-e1601485394796.jpg 415w, http:\/\/kommentatorenblog.de\/wp-content\/uploads\/2020\/09\/shure-55sh-ii-e1601485394796-142x300.jpg 142w\" sizes=\"auto, (max-width: 10px) 100vw, 10px\" \/> Franz B\u00fcchner<\/p>\n\n\n\n<p>Moderation: Simon K\u00f6pfer<\/p>\n\n\n\n<p>10. Spieltag: <strong><em>FC Bayern M\u00fcnchen II \u2013 SV Meppen (19.00 Uhr)<\/em><\/strong><\/p>\n\n\n\n<p class=\"has-normal-font-size\"><img loading=\"lazy\" decoding=\"async\" width=\"10\" height=\"21\" class=\"wp-image-3656\" style=\"width: 10px;\" src=\"http:\/\/kommentatorenblog.de\/wp-content\/uploads\/2020\/09\/shure-55sh-ii-e1601485394796.jpg\" alt=\"\" srcset=\"http:\/\/kommentatorenblog.de\/wp-content\/uploads\/2020\/09\/shure-55sh-ii-e1601485394796.jpg 415w, http:\/\/kommentatorenblog.de\/wp-content\/uploads\/2020\/09\/shure-55sh-ii-e1601485394796-142x300.jpg 142w\" sizes=\"auto, (max-width: 10px) 100vw, 10px\" \/> Martin Piller<\/p>\n\n\n\n<p>Moderation: Alex Klich<\/p>\n\n\n\n<p>16. Spieltag: <strong><em>1.FC Magdeburg \u2013 1.FC Saarbr\u00fccken (19.00 Uhr)<\/em><\/strong><\/p>\n\n\n\n<p class=\"has-normal-font-size\"><img loading=\"lazy\" decoding=\"async\" width=\"10\" height=\"21\" class=\"wp-image-3656\" style=\"width: 10px;\" src=\"http:\/\/kommentatorenblog.de\/wp-content\/uploads\/2020\/09\/shure-55sh-ii-e1601485394796.jpg\" alt=\"\" srcset=\"http:\/\/kommentatorenblog.de\/wp-content\/uploads\/2020\/09\/shure-55sh-ii-e1601485394796.jpg 415w, http:\/\/kommentatorenblog.de\/wp-content\/uploads\/2020\/09\/shure-55sh-ii-e1601485394796-142x300.jpg 142w\" sizes=\"auto, (max-width: 10px) 100vw, 10px\" \/> Lenny Leonhardt<\/p>\n\n\n\n<p>Moderation: Gari Paubandt<\/p>\n\n\n\n<p><span style=\"text-decoration: underline;\">Mittwoch, 13. Januar 2020, ab 18.45 Uhr (Magenta Sport)<\/span><\/p>\n\n\n\n<p>13. Spieltag: <strong><em>VfB L\u00fcbeck \u2013 SV Waldhof Mannheim (19.00 Uhr)<\/em><\/strong><\/p>\n\n\n\n<p class=\"has-normal-font-size\"><img loading=\"lazy\" decoding=\"async\" width=\"10\" height=\"21\" class=\"wp-image-3656\" style=\"width: 10px;\" src=\"http:\/\/kommentatorenblog.de\/wp-content\/uploads\/2020\/09\/shure-55sh-ii-e1601485394796.jpg\" alt=\"\" srcset=\"http:\/\/kommentatorenblog.de\/wp-content\/uploads\/2020\/09\/shure-55sh-ii-e1601485394796.jpg 415w, http:\/\/kommentatorenblog.de\/wp-content\/uploads\/2020\/09\/shure-55sh-ii-e1601485394796-142x300.jpg 142w\" sizes=\"auto, (max-width: 10px) 100vw, 10px\" \/> Edgar Mielke<\/p>\n\n\n\n<p>Moderation: Michael Augustin<\/p>\n\n\n\n<p>15. Spieltag: <strong><em>FSV Zwickau \u2013 FC Ingolstadt 04 (19.00 Uhr)<\/em><\/strong><\/p>\n\n\n\n<p class=\"has-normal-font-size\"><img loading=\"lazy\" decoding=\"async\" width=\"10\" height=\"21\" class=\"wp-image-3656\" style=\"width: 10px;\" src=\"http:\/\/kommentatorenblog.de\/wp-content\/uploads\/2020\/09\/shure-55sh-ii-e1601485394796.jpg\" alt=\"\" srcset=\"http:\/\/kommentatorenblog.de\/wp-content\/uploads\/2020\/09\/shure-55sh-ii-e1601485394796.jpg 415w, http:\/\/kommentatorenblog.de\/wp-content\/uploads\/2020\/09\/shure-55sh-ii-e1601485394796-142x300.jpg 142w\" sizes=\"auto, (max-width: 10px) 100vw, 10px\" \/> Andreas Mann<\/p>\n\n\n\n<p>Moderation: Stefanie Blochwitz<\/p>\n\n\n\n<hr class=\"wp-block-separator\"\/>\n\n\n\n<p><strong>Premier League, Nachholspiel (Sky)<\/strong><\/p>\n\n\n\n<p><span style=\"text-decoration: underline;\">Dienstag, 12. Januar 2020, ab 21.05 Uhr<\/span><\/p>\n\n\n\n<p>12. Spieltag: <strong><em>FC Burnley \u2013 Manchester United (21.15 Uhr)<\/em><\/strong><\/p>\n\n\n\n<p class=\"has-normal-font-size\"><img loading=\"lazy\" decoding=\"async\" width=\"10\" height=\"21\" class=\"wp-image-3656\" style=\"width: 10px;\" src=\"http:\/\/kommentatorenblog.de\/wp-content\/uploads\/2020\/09\/shure-55sh-ii-e1601485394796.jpg\" alt=\"\" srcset=\"http:\/\/kommentatorenblog.de\/wp-content\/uploads\/2020\/09\/shure-55sh-ii-e1601485394796.jpg 415w, http:\/\/kommentatorenblog.de\/wp-content\/uploads\/2020\/09\/shure-55sh-ii-e1601485394796-142x300.jpg 142w\" sizes=\"auto, (max-width: 10px) 100vw, 10px\" \/> Joachim Hebel<\/p>\n\n\n\n<hr class=\"wp-block-separator\"\/>\n\n\n\n<p><strong>Premier League, 18. Spieltag (Sky)<\/strong><\/p>\n\n\n\n<p><span style=\"text-decoration: underline;\">Dienstag, 12. Januar 2020, ab 18.50 Uhr<\/span><\/p>\n\n\n\n<p><strong><em>Sheffield United \u2013 Newcastle United (19.00 Uhr)<\/em><\/strong><\/p>\n\n\n\n<p class=\"has-normal-font-size\"><img loading=\"lazy\" decoding=\"async\" width=\"10\" height=\"21\" class=\"wp-image-3656\" style=\"width: 10px;\" src=\"http:\/\/kommentatorenblog.de\/wp-content\/uploads\/2020\/09\/shure-55sh-ii-e1601485394796.jpg\" alt=\"\" srcset=\"http:\/\/kommentatorenblog.de\/wp-content\/uploads\/2020\/09\/shure-55sh-ii-e1601485394796.jpg 415w, http:\/\/kommentatorenblog.de\/wp-content\/uploads\/2020\/09\/shure-55sh-ii-e1601485394796-142x300.jpg 142w\" sizes=\"auto, (max-width: 10px) 100vw, 10px\" \/> Hannes Herrmann<\/p>\n\n\n\n<p><span style=\"text-decoration: underline;\">ab 21.05 Uhr<\/span><\/p>\n\n\n\n<p><strong><em>Wolverhampton Wanderers \u2013 FC Everton (19.00 Uhr)<\/em><\/strong><\/p>\n\n\n\n<p class=\"has-normal-font-size\"><img loading=\"lazy\" decoding=\"async\" width=\"10\" height=\"21\" class=\"wp-image-3656\" style=\"width: 10px;\" src=\"http:\/\/kommentatorenblog.de\/wp-content\/uploads\/2020\/09\/shure-55sh-ii-e1601485394796.jpg\" alt=\"\" srcset=\"http:\/\/kommentatorenblog.de\/wp-content\/uploads\/2020\/09\/shure-55sh-ii-e1601485394796.jpg 415w, http:\/\/kommentatorenblog.de\/wp-content\/uploads\/2020\/09\/shure-55sh-ii-e1601485394796-142x300.jpg 142w\" sizes=\"auto, (max-width: 10px) 100vw, 10px\" \/> Markus Gaupp<\/p>\n\n\n\n<p><span style=\"text-decoration: underline;\">Mittwoch, 13. Januar 2020, ab 18.50 Uhr<\/span><\/p>\n\n\n\n<p><strong><em>Manchester City \u2013 Brighton &amp; Hove Albion (19.00 Uhr)<\/em><\/strong><\/p>\n\n\n\n<p class=\"has-normal-font-size\"><img loading=\"lazy\" decoding=\"async\" width=\"10\" height=\"21\" class=\"wp-image-3656\" style=\"width: 10px;\" src=\"http:\/\/kommentatorenblog.de\/wp-content\/uploads\/2020\/09\/shure-55sh-ii-e1601485394796.jpg\" alt=\"\" srcset=\"http:\/\/kommentatorenblog.de\/wp-content\/uploads\/2020\/09\/shure-55sh-ii-e1601485394796.jpg 415w, http:\/\/kommentatorenblog.de\/wp-content\/uploads\/2020\/09\/shure-55sh-ii-e1601485394796-142x300.jpg 142w\" sizes=\"auto, (max-width: 10px) 100vw, 10px\" \/> Florian Schmidt-Sommerfeld<\/p>\n\n\n\n<p><span style=\"text-decoration: underline;\">ab 21.05 Uhr<\/span><\/p>\n\n\n\n<p><strong><em>Aston Villa \u2013 Tottenham Hotspur (19.00 Uhr)<\/em><\/strong><\/p>\n\n\n\n<p class=\"has-normal-font-size\"><img loading=\"lazy\" decoding=\"async\" width=\"10\" height=\"21\" class=\"wp-image-3656\" style=\"width: 10px;\" src=\"http:\/\/kommentatorenblog.de\/wp-content\/uploads\/2020\/09\/shure-55sh-ii-e1601485394796.jpg\" alt=\"\" srcset=\"http:\/\/kommentatorenblog.de\/wp-content\/uploads\/2020\/09\/shure-55sh-ii-e1601485394796.jpg 415w, http:\/\/kommentatorenblog.de\/wp-content\/uploads\/2020\/09\/shure-55sh-ii-e1601485394796-142x300.jpg 142w\" sizes=\"auto, (max-width: 10px) 100vw, 10px\" \/> Toni Tomic<\/p>\n\n\n\n<p><span style=\"text-decoration: underline;\">Donnerstag, 14. Januar 2020, ab 20.50 Uhr<\/span><\/p>\n\n\n\n<p><strong><em>FC Arsenal \u2013 Crystal Palace (19.00 Uhr)<\/em><\/strong><\/p>\n\n\n\n<p class=\"has-normal-font-size\"><img loading=\"lazy\" decoding=\"async\" width=\"10\" height=\"21\" class=\"wp-image-3656\" style=\"width: 10px;\" src=\"http:\/\/kommentatorenblog.de\/wp-content\/uploads\/2020\/09\/shure-55sh-ii-e1601485394796.jpg\" alt=\"\" srcset=\"http:\/\/kommentatorenblog.de\/wp-content\/uploads\/2020\/09\/shure-55sh-ii-e1601485394796.jpg 415w, http:\/\/kommentatorenblog.de\/wp-content\/uploads\/2020\/09\/shure-55sh-ii-e1601485394796-142x300.jpg 142w\" sizes=\"auto, (max-width: 10px) 100vw, 10px\" \/> Jonas Friedrich<\/p>\n\n\n\n<hr class=\"wp-block-separator\"\/>\n\n\n\n<p><strong>LaLiga, Nachholspiel, 01. Spieltag (DAZN)<\/strong><\/p>\n\n\n\n<p><span style=\"text-decoration: underline;\">Dienstag, 12. Januar 2020<\/span><\/p>\n\n\n\n<p><strong><em>Atletico Madrid \u2013 FC Sevilla (21.30 Uhr)<\/em><\/strong><\/p>\n\n\n\n<p class=\"has-normal-font-size\"><img loading=\"lazy\" decoding=\"async\" width=\"10\" height=\"21\" class=\"wp-image-3656\" style=\"width: 10px;\" src=\"http:\/\/kommentatorenblog.de\/wp-content\/uploads\/2020\/09\/shure-55sh-ii-e1601485394796.jpg\" alt=\"\" srcset=\"http:\/\/kommentatorenblog.de\/wp-content\/uploads\/2020\/09\/shure-55sh-ii-e1601485394796.jpg 415w, http:\/\/kommentatorenblog.de\/wp-content\/uploads\/2020\/09\/shure-55sh-ii-e1601485394796-142x300.jpg 142w\" sizes=\"auto, (max-width: 10px) 100vw, 10px\" \/> Jan Platte, Experte: Sascha Bigalke<\/p>\n\n\n\n<hr class=\"wp-block-separator\"\/>\n\n\n\n<p><strong>Coppa Italia, Achtelfinale<\/strong> <strong>(DAZN)<\/strong><\/p>\n\n\n\n<p><span style=\"text-decoration: underline;\">Dienstag, 12. Januar 2020<\/span><\/p>\n\n\n\n<p><strong><em>AC Mailand \u2013 FC Turin (20.45 Uhr)<\/em><\/strong><\/p>\n\n\n\n<p class=\"has-normal-font-size\"><img loading=\"lazy\" decoding=\"async\" width=\"10\" height=\"21\" class=\"wp-image-3656\" style=\"width: 10px;\" src=\"http:\/\/kommentatorenblog.de\/wp-content\/uploads\/2020\/09\/shure-55sh-ii-e1601485394796.jpg\" alt=\"\" srcset=\"http:\/\/kommentatorenblog.de\/wp-content\/uploads\/2020\/09\/shure-55sh-ii-e1601485394796.jpg 415w, http:\/\/kommentatorenblog.de\/wp-content\/uploads\/2020\/09\/shure-55sh-ii-e1601485394796-142x300.jpg 142w\" sizes=\"auto, (max-width: 10px) 100vw, 10px\" \/> Tom Kirsten<\/p>\n\n\n\n<p><span style=\"text-decoration: underline;\">Mittwoch, 13. Januar 2020<\/span><\/p>\n\n\n\n<p><strong><em>AC Florenz \u2013 Inter Mailand (15.00 Uhr)<\/em><\/strong><\/p>\n\n\n\n<p class=\"has-normal-font-size\"><img loading=\"lazy\" decoding=\"async\" width=\"10\" height=\"21\" class=\"wp-image-3656\" style=\"width: 10px;\" src=\"http:\/\/kommentatorenblog.de\/wp-content\/uploads\/2020\/09\/shure-55sh-ii-e1601485394796.jpg\" alt=\"\" srcset=\"http:\/\/kommentatorenblog.de\/wp-content\/uploads\/2020\/09\/shure-55sh-ii-e1601485394796.jpg 415w, http:\/\/kommentatorenblog.de\/wp-content\/uploads\/2020\/09\/shure-55sh-ii-e1601485394796-142x300.jpg 142w\" sizes=\"auto, (max-width: 10px) 100vw, 10px\" \/> Carsten Fu\u00df<\/p>\n\n\n\n<p><strong><em>Juventus Turin \u2013 CFC Genua (20.45 Uhr)<\/em><\/strong><\/p>\n\n\n\n<p class=\"has-normal-font-size\"><img loading=\"lazy\" decoding=\"async\" width=\"10\" height=\"21\" class=\"wp-image-3656\" style=\"width: 10px;\" src=\"http:\/\/kommentatorenblog.de\/wp-content\/uploads\/2020\/09\/shure-55sh-ii-e1601485394796.jpg\" alt=\"\" srcset=\"http:\/\/kommentatorenblog.de\/wp-content\/uploads\/2020\/09\/shure-55sh-ii-e1601485394796.jpg 415w, http:\/\/kommentatorenblog.de\/wp-content\/uploads\/2020\/09\/shure-55sh-ii-e1601485394796-142x300.jpg 142w\" sizes=\"auto, (max-width: 10px) 100vw, 10px\" \/> Mario Rieker<\/p>\n\n\n\n<hr class=\"wp-block-separator\"\/>\n\n\n\n<p><strong>Trophee des Champions (DAZN)<\/strong><\/p>\n\n\n\n<p><span style=\"text-decoration: underline;\">Mittwoch, 13. Januar<\/span><\/p>\n\n\n\n<p><strong><em>PSG \u2013 Olympique Marseille (21.00 Uhr)<\/em><\/strong><\/p>\n\n\n\n<p class=\"has-normal-font-size\"><img loading=\"lazy\" decoding=\"async\" width=\"10\" height=\"21\" class=\"wp-image-3656\" style=\"width: 10px;\" src=\"http:\/\/kommentatorenblog.de\/wp-content\/uploads\/2020\/09\/shure-55sh-ii-e1601485394796.jpg\" alt=\"\" srcset=\"http:\/\/kommentatorenblog.de\/wp-content\/uploads\/2020\/09\/shure-55sh-ii-e1601485394796.jpg 415w, http:\/\/kommentatorenblog.de\/wp-content\/uploads\/2020\/09\/shure-55sh-ii-e1601485394796-142x300.jpg 142w\" sizes=\"auto, (max-width: 10px) 100vw, 10px\" \/> David Ploch, Experte: Alexis Menuge<\/p>\n\n\n\n<hr class=\"wp-block-separator\"\/>\n\n\n\n<p><strong>Internationaler Fu\u00dfball (Sportdigital FUSSBALL)<\/strong><\/p>\n\n\n\n<p><span style=\"text-decoration: underline;\">Dienstag, 12. Januar 2020<\/span><\/p>\n\n\n\n<p>T\u00fcrkiye Kupasi, Achtelfinale: <strong><em>Yeni Malatyaspor \u2013 Galatasaray (18.45 Uhr)<\/em><\/strong><\/p>\n\n\n\n<p class=\"has-normal-font-size\"><img loading=\"lazy\" decoding=\"async\" width=\"10\" height=\"21\" class=\"wp-image-3656\" style=\"width: 10px;\" src=\"http:\/\/kommentatorenblog.de\/wp-content\/uploads\/2020\/09\/shure-55sh-ii-e1601485394796.jpg\" alt=\"\" srcset=\"http:\/\/kommentatorenblog.de\/wp-content\/uploads\/2020\/09\/shure-55sh-ii-e1601485394796.jpg 415w, http:\/\/kommentatorenblog.de\/wp-content\/uploads\/2020\/09\/shure-55sh-ii-e1601485394796-142x300.jpg 142w\" sizes=\"auto, (max-width: 10px) 100vw, 10px\" \/> Christian Blunck<\/p>\n\n\n\n<p><span style=\"text-decoration: underline;\">Mittwoch, 13. Januar 2020<\/span><\/p>\n\n\n\n<p>Copa Libertadores, Halbfinal-R\u00fcckspiel: <strong><em>Palmeiras \u2013 River Plate (01.30 Uhr)<\/em><\/strong><\/p>\n\n\n\n<p class=\"has-normal-font-size\"><img loading=\"lazy\" decoding=\"async\" width=\"10\" height=\"21\" class=\"wp-image-3656\" style=\"width: 10px;\" src=\"http:\/\/kommentatorenblog.de\/wp-content\/uploads\/2020\/09\/shure-55sh-ii-e1601485394796.jpg\" alt=\"\" srcset=\"http:\/\/kommentatorenblog.de\/wp-content\/uploads\/2020\/09\/shure-55sh-ii-e1601485394796.jpg 415w, http:\/\/kommentatorenblog.de\/wp-content\/uploads\/2020\/09\/shure-55sh-ii-e1601485394796-142x300.jpg 142w\" sizes=\"auto, (max-width: 10px) 100vw, 10px\" \/> Karsten Linke<\/p>\n\n\n\n<p>Eredivisie, 16. Spieltag: <strong><em>PSV Eindhoven \u2013 AZ Alkmaar (18.45 Uhr)<\/em><\/strong><\/p>\n\n\n\n<p class=\"has-normal-font-size\"><img loading=\"lazy\" decoding=\"async\" width=\"10\" height=\"21\" class=\"wp-image-3656\" style=\"width: 10px;\" src=\"http:\/\/kommentatorenblog.de\/wp-content\/uploads\/2020\/09\/shure-55sh-ii-e1601485394796.jpg\" alt=\"\" srcset=\"http:\/\/kommentatorenblog.de\/wp-content\/uploads\/2020\/09\/shure-55sh-ii-e1601485394796.jpg 415w, http:\/\/kommentatorenblog.de\/wp-content\/uploads\/2020\/09\/shure-55sh-ii-e1601485394796-142x300.jpg 142w\" sizes=\"auto, (max-width: 10px) 100vw, 10px\" \/> Karsten Linke<\/p>\n\n\n\n<p>Eredivisie, 16. Spieltag: <strong><em>Feyenoord Rotterdam \u2013 PEC Zwolle (21.00 Uhr)<\/em><\/strong><\/p>\n\n\n\n<p class=\"has-normal-font-size\"><img loading=\"lazy\" decoding=\"async\" width=\"10\" height=\"21\" class=\"wp-image-3656\" style=\"width: 10px;\" src=\"http:\/\/kommentatorenblog.de\/wp-content\/uploads\/2020\/09\/shure-55sh-ii-e1601485394796.jpg\" alt=\"\" srcset=\"http:\/\/kommentatorenblog.de\/wp-content\/uploads\/2020\/09\/shure-55sh-ii-e1601485394796.jpg 415w, http:\/\/kommentatorenblog.de\/wp-content\/uploads\/2020\/09\/shure-55sh-ii-e1601485394796-142x300.jpg 142w\" sizes=\"auto, (max-width: 10px) 100vw, 10px\" \/> Hannes Herrmann<\/p>\n\n\n\n<p>Copa Libertadores, Halbfinal-R\u00fcckspiel: <strong><em>Santos \u2013 Boca Juniors (23.15 Uhr)<\/em><\/strong><\/p>\n\n\n\n<p class=\"has-normal-font-size\"><img loading=\"lazy\" decoding=\"async\" width=\"10\" height=\"21\" class=\"wp-image-3656\" style=\"width: 10px;\" src=\"http:\/\/kommentatorenblog.de\/wp-content\/uploads\/2020\/09\/shure-55sh-ii-e1601485394796.jpg\" alt=\"\" srcset=\"http:\/\/kommentatorenblog.de\/wp-content\/uploads\/2020\/09\/shure-55sh-ii-e1601485394796.jpg 415w, http:\/\/kommentatorenblog.de\/wp-content\/uploads\/2020\/09\/shure-55sh-ii-e1601485394796-142x300.jpg 142w\" sizes=\"auto, (max-width: 10px) 100vw, 10px\" \/> Christian Blunck<\/p>\n\n\n\n<p><span style=\"text-decoration: underline;\">Donnerstag, 14. Januar 2020<\/span><\/p>\n\n\n\n<p>Eredivisie, 16. Spieltag: <strong><em>FC Twente Enschede \u2013 Ajax Amsterdam (20.00 Uhr)<\/em><\/strong><\/p>\n\n\n\n<p class=\"has-normal-font-size\"><img loading=\"lazy\" decoding=\"async\" width=\"10\" height=\"21\" class=\"wp-image-3656\" style=\"width: 10px;\" src=\"http:\/\/kommentatorenblog.de\/wp-content\/uploads\/2020\/09\/shure-55sh-ii-e1601485394796.jpg\" alt=\"\" srcset=\"http:\/\/kommentatorenblog.de\/wp-content\/uploads\/2020\/09\/shure-55sh-ii-e1601485394796.jpg 415w, http:\/\/kommentatorenblog.de\/wp-content\/uploads\/2020\/09\/shure-55sh-ii-e1601485394796-142x300.jpg 142w\" sizes=\"auto, (max-width: 10px) 100vw, 10px\" \/> Hannes Herrmann<\/p>\n\n\n\n<hr class=\"wp-block-separator\"\/>\n\n\n\n<p><strong>Die Analyse<\/strong><\/p>\n\n\n\n<p>Die Fu\u00dfball-Woche startet nat\u00fcrlich mit den beiden noch ausstehenden DFB-Pokal-Spielen. Wer es nicht mitbekommen hat: Der Grund daf\u00fcr, dass Bayern M\u00fcnchen und Bayer Leverkusen ihre Zweitrundenpartien erst jetzt austragen, lag in der hohen Belastung der Spieler. Die Partien in den unterschiedlichen Wettbewerben sind durch Corona in dieser Saison ja nochmal etwas enger getaktet als sonst. Der DFB kam dem Wunsch der Klubs nach. Und so spielt am Dienstagabend Bayer Leverkusen gegen Eintracht Frankfurt. Sky \u00fcbertr\u00e4gt exklusiv und schickt f\u00fcr die Begegnung Marcus Lindemann an den Start. Field-Reporter ist in der Bay-Arena Martin Gro\u00df. Beide verbringen zurzeit einfach eine Menge Arbeitstage miteinander. Am Mittwoch spielen die Bayern, da bekommt Sky dann logischerweise Konkurrenz aus der \u00d6ffentlich-Rechtlichen Riege. F\u00fcr die ARD kommentiert Gerd Gottlob. Auf Stimmenfang geht NDR-Frau Valeska Homburg. Aus dem Studio in K\u00f6ln meldet sich Alexander Bommes mit keinem Geringeren als Bastian Schweinsteiger. F\u00fcr Sky ist wenig \u00fcberraschend Wolff Fuss im Einsatz. Eine kurze Anreise hat Field-Reporter Patrick Wasserziehr<\/p>\n\n\n\n<p>In der 3. Liga wird auch gespielt. Es stehen n\u00e4mlich auch hier zahlreiche Nachholspiele an. Unterhaching und Verl holen ihr Spiel vom 9. Spieltag nach. Franz B\u00fcchner kommentiert f\u00fcr Magenta Sport. Bayern II muss noch gegen Meppen ran. Das aus der Magenta-Sport-Konferenz bekannte Duo Martin Piller (Kommentar) und Alex Klich (Moderation) ist im Einsatz. Lenny Leonhardt widmet sich Magdeburg gegen Saarbr\u00fccken. Der DTM- und Moto-GP-Experte Edgar Mielke gr\u00fc\u00dft ja schon des \u00d6fteren aus Liga drei. Er bekommt es mit L\u00fcbeck gegen Mannheim zu tun. Zwickau gegen Ingolstadt ist wiederum eine Sache f\u00fcr Andreas Mann.<\/p>\n\n\n\n<p>In der Premier League gibt es ebenfalls ein Nachholspiel, das sich Jogi Hebel unter den Nagel rei\u00dft. Burnley empf\u00e4ngt Manchester United, das mit einem Sieg an die Spitze der Premier League vordringen kann. Au\u00dferdem l\u00e4uft auf der Insel ein halber 18. Spieltag. F\u00fcnf Spiele gibt es in den kommenden Tagen. Sheffield wagt einen Anlauf gegen Newcastle. Hannes Herrmann, der, wenn ich mich nicht verrechnet habe, die meisten Eins\u00e4tze in den obigen Ansetzungen verzeichnet, wird das Spiel kommentieren. Bei Wolverhampton gegen Everton setzt Sky auf Markus Gaupp. Schmiso bekommt die Partie zwischen ManCity und Brighton. Aston Villa trifft auf Tottenham, am Mikro ist in diesem Fall Toni Tomic. Im London-Derby am Donnerstag zwischen Arsenal und Crystal Palace meldet sich Jonas Friedrich zu Wort, der ja zuletzt in den Bundesliga-Ansetzungen fehlte. Die \u00fcbrigen f\u00fcnf Spiele des Spieltags gibt es dann in der kommenden Woche von Dienstag bis Donnerstag auf Sky zu sehen.<\/p>\n\n\n\n<p><strong>Atletico kann seinen Vorsprung ausbauen \/ Supercup in Frankreich<\/strong><\/p>\n\n\n\n<p>Als w\u00e4ren es nicht schon genug Nachholspiele, reiht sich LaLiga ein. Tats\u00e4chlich holen Atletico und Sevilla eine Partie vom 1. Spieltag nach. Jan Platte begr\u00fc\u00dft Sascha Bigalke an seiner Seite. Wenn die Colchoneros auch ihre Nachholspiele gewinnen &#8211; aktuell steht das Simeone-Team trotz drei absolvierten Spielen weniger auf Platz eins &#8211; ist die Ausgangsposition echt gut, um vielleicht mal wieder um den Titel mitzuspielen. Die letzte Meisterschaft ist ja jetzt auch schon wieder fast sieben Jahre her. Ich w\u00fcrde mich freuen, wenn sich Atletico gegen die bis dato immer wieder schw\u00e4chelnden Barca und Real in diesem Jahr durchsetzt.<\/p>\n\n\n\n<p>Zus\u00e4tzlich stehen im internationalen Fu\u00dfball noch zwei nationale Pokalwettbwerbe an. Klingt widerspr\u00fcchlich, aber ihr wisst ja, wie es gemeint ist. Zum Einen stehen beim Coppa Italia die Achtelfinals an. Der AC Mailand empf\u00e4ngt den FC Turin, da k\u00fcmmert sich Tom Kirsten drum. Am Mittwochnachmittag messen sich dann Florenz und Inter, Italien-Experte Carsten Fu\u00df darf nicht fehlen. Und am Abend bekommt es die Alte Dame mit Genua zu tun. DAZN schickt Mario Rieker ins Rennen. Quasi zeitgleich findet in Frankreich der Supercup statt, der sich dort Trophee des Champions schimpft. David Ploch avanciert neben Stefan Galler langsam aber sicher zum regelrechten Frankreich-Fachmann. Neben ihm h\u00f6ren wir auch den Experten Alexis Menuge.<\/p>\n\n\n\n<p>Damit fehlen noch die Ansetzungen von sportdigital FUSSBALL. Die sind dann n\u00e4mlich auch der Grund, warum Hannes Herrmann die meisten Eins\u00e4tze verzeichnet. Der ist n\u00e4mlich noch zweimal in der Eredivisie am Start. Einmal bei Twente gegen Ajax und einmal am Vortag bei Feyenoord Rotterdam gegen PEC Zwolle. Das dritte Spiel aus den Niederlanden, das sportdigital FUSSBALL mit einem deutschen Kommentar ausstattet, ist PSV gegen Alkmaar, f\u00fcr das Karsten Linke einberufen wurde. Linke kommentiert \u00fcbrigens auch das R\u00fcckspiel im Halbfinale des Copa Libertadores zwischen Palmeiras und River Plate. Das zweite Halbfinal-R\u00fcckspiel zwischen Santos und den Boca Juniors ist eine Sache f\u00fcr Christian Blunck, der wiederum das Achtelfinale des t\u00fcrkischen Pokals \u00fcbernehmen wird. Yeni Malatyaspor fordert Galatasaray Istanbul heraus.<\/p>\n\n\n\n<p>Das war&#8217;s von meiner Seite. Euch eine sch\u00f6ne Woche und bis die Tage!<\/p>\n","protected":false},"excerpt":{"rendered":"<p>N\u2019Abend allerseits, wahrscheinlich ist es l\u00e4ngst zu sp\u00e4t, euch noch ein Frohes Neues zu w\u00fcnschen. Ich tue es hiermit trotzdem. Erstens weil das Jahr, das nun ein Ende gefunden hat, ein denkw\u00fcrdiges war. Und zweitens, weil die angelaufene Corona-Massenimpfung Hoffnung sch\u00fcrt. Soll nicht pathetisch klingen, aber nach Normalit\u00e4t sehnen sich in Zeiten des Lockdowns vermutlich [&hellip;]<\/p>\n","protected":false},"author":2,"featured_media":0,"comment_status":"open","ping_status":"open","sticky":false,"template":"","format":"standard","meta":{"footnotes":""},"categories":[504],"tags":[10,232,246,153,216,19,355,448,131,57,442,447,235,165,13,65,441,119,14,99,89,120,272,440,104,48,347,69,59,122,294,9,446,112,243,443,121,95,130,449,445,142,94,23,137,361,432,22,444,231,134,200,24,451,431,450,107,37],"class_list":["post-5864","post","type-post","status-publish","format-standard","hentry","category-dfb-pokal-co","tag-3-liga","tag-alexander-klich","tag-alexander-bommes","tag-alexis-menuge","tag-andreas-mann","tag-ard","tag-bastian-schweinsteiger","tag-bjoern-werner","tag-carsten-fuss","tag-christian-blunck","tag-christoph-hamm","tag-college-football","tag-coppa-italia","tag-david-ploch","tag-dazn","tag-dfb-pokal","tag-dominik-klein","tag-edgar-mielke","tag-eurosport","tag-florian-nass","tag-florian-schmidt-sommerfeld","tag-franz-buechner","tag-gerd-gottlob","tag-handball-wm-2021","tag-hannes-herrmann","tag-jan-platte","tag-joachim-hebel","tag-jonas-friedrich","tag-karsten-linke","tag-laliga","tag-lenny-leonhardt","tag-magenta-sport","tag-maik-thiele","tag-marcus-lindemann","tag-mario-rieker","tag-markus-baur","tag-markus-gaupp","tag-martin-gross","tag-martin-piller","tag-max-zielke","tag-pascal-hens","tag-patrick-esume","tag-patrick-wasserziehr","tag-premier-league","tag-prosieben-maxx","tag-sascha-bigalke","tag-sascha-staat","tag-sky","tag-soeren-christophersen","tag-sportdeutschland-tv","tag-sportdigital-fussball","tag-tom-kirsten","tag-toni-tomic","tag-trophee-des-champions","tag-uwe-semrau","tag-valeska-homburg","tag-wolff-fuss","tag-zdf"],"_links":{"self":[{"href":"http:\/\/kommentatorenblog.de\/index.php?rest_route=\/wp\/v2\/posts\/5864","targetHints":{"allow":["GET"]}}],"collection":[{"href":"http:\/\/kommentatorenblog.de\/index.php?rest_route=\/wp\/v2\/posts"}],"about":[{"href":"http:\/\/kommentatorenblog.de\/index.php?rest_route=\/wp\/v2\/types\/post"}],"author":[{"embeddable":true,"href":"http:\/\/kommentatorenblog.de\/index.php?rest_route=\/wp\/v2\/users\/2"}],"replies":[{"embeddable":true,"href":"http:\/\/kommentatorenblog.de\/index.php?rest_route=%2Fwp%2Fv2%2Fcomments&post=5864"}],"version-history":[{"count":31,"href":"http:\/\/kommentatorenblog.de\/index.php?rest_route=\/wp\/v2\/posts\/5864\/revisions"}],"predecessor-version":[{"id":6187,"href":"http:\/\/kommentatorenblog.de\/index.php?rest_route=\/wp\/v2\/posts\/5864\/revisions\/6187"}],"wp:attachment":[{"href":"http:\/\/kommentatorenblog.de\/index.php?rest_route=%2Fwp%2Fv2%2Fmedia&parent=5864"}],"wp:term":[{"taxonomy":"category","embeddable":true,"href":"http:\/\/kommentatorenblog.de\/index.php?rest_route=%2Fwp%2Fv2%2Fcategories&post=5864"},{"taxonomy":"post_tag","embeddable":true,"href":"http:\/\/kommentatorenblog.de\/index.php?rest_route=%2Fwp%2Fv2%2Ftags&post=5864"}],"curies":[{"name":"wp","href":"https:\/\/api.w.org\/{rel}","templated":true}]}}