{"id":5872,"date":"2021-01-14T20:05:10","date_gmt":"2021-01-14T19:05:10","guid":{"rendered":"http:\/\/kommentatorenblog.de\/?p=5872"},"modified":"2021-01-16T18:47:16","modified_gmt":"2021-01-16T17:47:16","slug":"1140-causa-dahmann-und-sporthighlights","status":"publish","type":"post","link":"http:\/\/kommentatorenblog.de\/?p=5872","title":{"rendered":"1140 \u2013 Causa Dahlmann und Sporthighlights"},"content":{"rendered":"\n<p>N\u2019Abend allerseits,<\/p>\n\n\n\n<p>zun\u00e4chst freuen wir uns \u00fcber einen Neuzugang. Justin ist ab sofort am Start und hat mich (Leon) diese Woche bereits bei den Ansetzungen unterst\u00fctzt. Herzlich Willkommen!<\/p>\n\n\n\n<p>So, und jetzt noch ein paar Worte zur <strong>Causa Dahlmann<\/strong>. Im Endeffekt l\u00e4uft J\u00f6rgs Vertrag nach dem Saisonende aus. Derartige Vertr\u00e4ge laufen immer \u00fcber eine Rechteperiode und in diesem Fall haben sich die Sky-Verantwortlichen dazu entschieden, dass sie die Zusammenarbeit nicht fortf\u00fchren wollen. Keiner von uns wei\u00df, wann diese Entscheidung kommuniziert wurde. Vielleicht hat die &#8222;Thomalla-Sache&#8220; ein gewisses Fass auch zum \u00dcberlaufen gebracht, vielleicht stand es auch schon vorher fest. Hier kann sich ja jeder seine Meinung zu bilden. J\u00f6rgs Post bei Instgram lie\u00df ja zun\u00e4chst vermuten, dass noch im Januar Schluss ist. Dem ist aber bekanntlich nicht so. Lange Rede, kurzer Sinn: Dahlmann wird nicht der einzige Reporter bleiben, der in der n\u00e4chsten Saison keine Fu\u00dfballspiele mehr f\u00fcr Sky kommentieren wird. Der Hauptgrund liegt ja auf der Hand. Wir werden \u00fcber weitere Entwicklungen berichten. <\/p>\n\n\n\n<p>Und bevor wir jetzt einen klassischen Blick auf die durchaus interessanten Fu\u00dfball-Ansetzungen werfen, nehmen wir uns mal wieder anderen Sportarten, Ligen und Reportern an. Diese Woche im Fokus: Der Saisonstart der <strong>NHL<\/strong>, die Spiele der deutschen Mannschaft bei der<strong> Handball-WM<\/strong> und die n\u00e4chste Runde in den <strong>NFL-Playoffs<\/strong>!<\/p>\n\n\n\n<p>Los geht\u00b4s mit dem Saisonstart der <strong>NHL<\/strong>. Die verk\u00fcrzte Regular Season soll zwischen dem 13. Januar und dem 08. Mai \u00fcber die B\u00fchne gehen. Im Anschluss warten die Playoffs um den ber\u00fchmten Stanley Cup. Sp\u00e4testens am 09. Juli soll die Spielzeit vorbei sein. In &#8222;Zeiten von Corona&#8220; wird der Spielmodus auch ein komplett anderer sein. &nbsp;Insgesamt werden nur 56 Hauptrunden-Spiele ausgetragen. Zudem werden die 31 Mannschaften in vier neue Divisions abh\u00e4ngig von ihrer geographischen Lage aufgeteilt. Dabei bilden die sieben Teams aus Kanada eine eigene Divison. Die 24 US-Teams werden in weitere drei Divisions eingeteilt. Der Grund liegt auf der Hand: Der Reiseaufwand soll minimiert werden. Deshalb treten die jeweiligen Teams in der Regular Season nur gegen Teams aus ihrer eigenen Division an. Die vier besten Klubs jeder Division qualifizieren sich f\u00fcr die Stanley Cup Playoffs, wobei diese in den ersten beiden Runden ebenfalls innerhalb der Division ausgetragen werden. Danach werden die &#8222;Corona-Ideen&#8220; quasi auf den Kopf gestellt und die restlichen vier Teams spielen um den Titel.<\/p>\n\n\n\n<p>Die \u00fcbertragenden Sender bleiben <strong>SPORT1\/SPORT1 +<\/strong> und <strong>DAZN<\/strong>. Gewissheit, ob die kommende NHL-Saison von einem nationalen Anbieter gezeigt wird, hatten die Eishockey-Fans mMn leider wieder zu sp\u00e4t. DAZN kommunizierte seine Einigung vor zwei Tagen &#8222;unspektakul\u00e4r&#8220; via Social Media. Der <strong>Streamingdienst<\/strong> zeigte gestern den Auftakt zwischen den Philadelphia Flyers und den Pittsburgh Penguins &#8211; mit deutschen Kommentator und Experten. Bei <strong>SPORT1<\/strong> gab\u00b4s Dienstag eine ausf\u00fchrliche Pressemitteilung.<strong> <\/strong>&#8222;SPORT1+ zeigt in der neuen NHL-Saison ausgew\u00e4hlte Livespiele der Regular Season sowie der Stanley Cup Playoffs und alle Partien der Stanley Cup Finals&#8220;. Hier wird\u00b4s auf den englischen Originalkommentar hinauslaufen. Au\u00dferdem wird es diese Saison wieder ausgew\u00e4hlte Spiele im <strong>Free-TV <\/strong>auf SPORT1 geben. <\/p>\n\n\n\n<hr class=\"wp-block-separator\"\/>\n\n\n\n<p>Wir bleiben in Nordamerika und liefern wie letzte Woche die Ansetzungen der <strong>NFL Playoffs<\/strong> auf <strong>ProSieben<\/strong> und <strong>DAZN<\/strong>. Nach seinem etwas \u00fcberraschenden Doppelpack ist <strong>Uwe Morawe <\/strong>jetzt raus f\u00fcr die Live-Spiele bei ran. Zwei Eins\u00e4tze verzeichnen <strong>Patrick Esume <\/strong>und <strong>Carsten Spengemann<\/strong>, bei DAZN wird fair geteilt.<\/p>\n\n\n\n<p><span style=\"text-decoration: underline;\">Samstag, 16. Januar 2021<\/span><\/p>\n\n\n\n<p><strong><em>Green Bay Packers <strong><em>\u2013<\/em> <\/strong>Los Angeles Rams <\/em><\/strong><strong><em>(22.35 Uhr)<\/em><\/strong><\/p>\n\n\n\n<p class=\"has-normal-font-size\"><img loading=\"lazy\" decoding=\"async\" width=\"10\" height=\"21\" class=\"wp-image-3656\" style=\"width: 10px;\" src=\"http:\/\/kommentatorenblog.de\/wp-content\/uploads\/2020\/09\/shure-55sh-ii-e1601485394796.jpg\" alt=\"\" srcset=\"http:\/\/kommentatorenblog.de\/wp-content\/uploads\/2020\/09\/shure-55sh-ii-e1601485394796.jpg 415w, http:\/\/kommentatorenblog.de\/wp-content\/uploads\/2020\/09\/shure-55sh-ii-e1601485394796-142x300.jpg 142w\" sizes=\"auto, (max-width: 10px) 100vw, 10px\" \/> ProSieben: Patrick Esume, Experte: Bj\u00f6rn Werner<\/p>\n\n\n\n<p class=\"has-normal-font-size\"><img loading=\"lazy\" decoding=\"async\" width=\"10\" height=\"21\" class=\"wp-image-3656\" style=\"width: 10px;\" src=\"http:\/\/kommentatorenblog.de\/wp-content\/uploads\/2020\/09\/shure-55sh-ii-e1601485394796.jpg\" alt=\"\" srcset=\"http:\/\/kommentatorenblog.de\/wp-content\/uploads\/2020\/09\/shure-55sh-ii-e1601485394796.jpg 415w, http:\/\/kommentatorenblog.de\/wp-content\/uploads\/2020\/09\/shure-55sh-ii-e1601485394796-142x300.jpg 142w\" sizes=\"auto, (max-width: 10px) 100vw, 10px\" \/> DAZN: G\u00fcnter Zapf, Experte: Ingo Seibert, Moderation: Christoph Stadtler <\/p>\n\n\n\n<p><span style=\"text-decoration: underline;\">Sonntag, 17. Januar 2021<\/span><\/p>\n\n\n\n<p><strong><em>Buffalo Bills <strong><em>\u2013<\/em><\/strong> Baltimore Ravens (02.15 Uhr)<\/em><\/strong><\/p>\n\n\n\n<p class=\"has-normal-font-size\"><img loading=\"lazy\" decoding=\"async\" width=\"10\" height=\"21\" class=\"wp-image-3656\" style=\"width: 10px;\" src=\"http:\/\/kommentatorenblog.de\/wp-content\/uploads\/2020\/09\/shure-55sh-ii-e1601485394796.jpg\" alt=\"\" srcset=\"http:\/\/kommentatorenblog.de\/wp-content\/uploads\/2020\/09\/shure-55sh-ii-e1601485394796.jpg 415w, http:\/\/kommentatorenblog.de\/wp-content\/uploads\/2020\/09\/shure-55sh-ii-e1601485394796-142x300.jpg 142w\" sizes=\"auto, (max-width: 10px) 100vw, 10px\" \/> ProSieben: Carsten Spengemann, Experte: Volker Schenk<\/p>\n\n\n\n<p class=\"has-normal-font-size\"><img loading=\"lazy\" decoding=\"async\" width=\"10\" height=\"21\" class=\"wp-image-3656\" style=\"width: 10px;\" src=\"http:\/\/kommentatorenblog.de\/wp-content\/uploads\/2020\/09\/shure-55sh-ii-e1601485394796.jpg\" alt=\"\" srcset=\"http:\/\/kommentatorenblog.de\/wp-content\/uploads\/2020\/09\/shure-55sh-ii-e1601485394796.jpg 415w, http:\/\/kommentatorenblog.de\/wp-content\/uploads\/2020\/09\/shure-55sh-ii-e1601485394796-142x300.jpg 142w\" sizes=\"auto, (max-width: 10px) 100vw, 10px\" \/> DAZN: Martin Pfanner, Experte: Jo Ullrich <\/p>\n\n\n\n<p><strong><em>Kansas City Chiefs <strong><em><strong><em>\u2013<\/em><\/strong><\/em><\/strong><\/em><\/strong> <strong><em>Cleveland Browns (21.05 Uhr)<\/em><\/strong><\/p>\n\n\n\n<p class=\"has-normal-font-size\"><img loading=\"lazy\" decoding=\"async\" width=\"10\" height=\"21\" class=\"wp-image-3656\" style=\"width: 10px;\" src=\"http:\/\/kommentatorenblog.de\/wp-content\/uploads\/2020\/09\/shure-55sh-ii-e1601485394796.jpg\" alt=\"\" srcset=\"http:\/\/kommentatorenblog.de\/wp-content\/uploads\/2020\/09\/shure-55sh-ii-e1601485394796.jpg 415w, http:\/\/kommentatorenblog.de\/wp-content\/uploads\/2020\/09\/shure-55sh-ii-e1601485394796-142x300.jpg 142w\" sizes=\"auto, (max-width: 10px) 100vw, 10px\" \/> ProSieben: Jan Stecker, Experte: Patrick Esume <\/p>\n\n\n\n<p class=\"has-normal-font-size\"><img loading=\"lazy\" decoding=\"async\" width=\"10\" height=\"21\" class=\"wp-image-3656\" style=\"width: 10px;\" src=\"http:\/\/kommentatorenblog.de\/wp-content\/uploads\/2020\/09\/shure-55sh-ii-e1601485394796.jpg\" alt=\"\" srcset=\"http:\/\/kommentatorenblog.de\/wp-content\/uploads\/2020\/09\/shure-55sh-ii-e1601485394796.jpg 415w, http:\/\/kommentatorenblog.de\/wp-content\/uploads\/2020\/09\/shure-55sh-ii-e1601485394796-142x300.jpg 142w\" sizes=\"auto, (max-width: 10px) 100vw, 10px\" \/> DAZN: Franz B\u00fcchner, Experte: Adrian Franke, Moderation: Flo Hauser <\/p>\n\n\n\n<p><span style=\"text-decoration: underline;\">Montag, 18. Januar 2021<\/span><\/p>\n\n\n\n<p><strong><i>New Orleans Saints<\/i><strong style=\"\"><strong style=\"\"><em style=\"font-style: italic;\"> \u2013<\/em><i> <\/i><\/strong><\/strong>Tampa Bay Buccaneers <em>(00.40 Uhr)<\/em><\/strong><\/p>\n\n\n\n<p class=\"has-normal-font-size\"><img loading=\"lazy\" decoding=\"async\" width=\"10\" height=\"21\" class=\"wp-image-3656\" style=\"width: 10px;\" src=\"http:\/\/kommentatorenblog.de\/wp-content\/uploads\/2020\/09\/shure-55sh-ii-e1601485394796.jpg\" alt=\"\" srcset=\"http:\/\/kommentatorenblog.de\/wp-content\/uploads\/2020\/09\/shure-55sh-ii-e1601485394796.jpg 415w, http:\/\/kommentatorenblog.de\/wp-content\/uploads\/2020\/09\/shure-55sh-ii-e1601485394796-142x300.jpg 142w\" sizes=\"auto, (max-width: 10px) 100vw, 10px\" \/> ProSieben: Carsten Spengemann, Experte: Roman Motzkus<\/p>\n\n\n\n<p class=\"has-normal-font-size\"><img loading=\"lazy\" decoding=\"async\" width=\"10\" height=\"21\" class=\"wp-image-3656\" style=\"width: 10px;\" src=\"http:\/\/kommentatorenblog.de\/wp-content\/uploads\/2020\/09\/shure-55sh-ii-e1601485394796.jpg\" alt=\"\" srcset=\"http:\/\/kommentatorenblog.de\/wp-content\/uploads\/2020\/09\/shure-55sh-ii-e1601485394796.jpg 415w, http:\/\/kommentatorenblog.de\/wp-content\/uploads\/2020\/09\/shure-55sh-ii-e1601485394796-142x300.jpg 142w\" sizes=\"auto, (max-width: 10px) 100vw, 10px\" \/> DAZN: Andreas Renner, Experte: Flo Berrenberg <\/p>\n\n\n\n<hr class=\"wp-block-separator\"\/>\n\n\n\n<p>Last but not least &#8211; morgen startet die deutsche Mannschaft bei der <strong>Handball-WM<\/strong>. Kollege Erik hatte sich im <a href=\"http:\/\/kommentatorenblog.de\/?p=5864\">letzten Eintrag<\/a> schon ausf\u00fchrlich mit dem Turnier auseinandergesetzt. Falls ihr euch \u00fcber das TV-Personal hinaus \u00fcber die Handball-WM informieren wollt :D, empfehle ich euch <a href=\"http:\/\/kreisab.blogspot.com\/\">Kreis Ab<\/a>. Kommentator Sascha Staat, der bei dieser WM auch f\u00fcr Eurosport im Einsatz sein wird, bietet fast jeden Tag eine Live-Show &#8211;  zus\u00e4tzlich zum t\u00e4glichen Podcast. Das Ganze gibt\u00b4s bei Facebook, Twitter, YouTube und Twitch. Es waren schon und werden auch regelm\u00e4\u00dfig bekannte Handballer zu Gast sein. Vielleicht finden sich ein paar Handballinteressierte unter euch! Und hier das Personal zu den ersten beiden Deutschland-Spielen. Die ARD ist zwar nicht vor Ort. Lennert Brinkhoff hat mir aber versichert, dass er einige Interviews per Schalte aus K\u00f6ln f\u00fchren wird. Wir sind gespannt!<\/p>\n\n\n\n<p><span style=\"text-decoration: underline;\">Freitag, 15. Januar 2021, ab 17.50 Uhr (ARD) <\/span><\/p>\n\n\n\n<p><em><strong>Deutschland \u2013 Uruguay (18.00 Uhr)<\/strong> <\/em><\/p>\n\n\n\n<p class=\"has-normal-font-size\"><img loading=\"lazy\" decoding=\"async\" width=\"10\" height=\"21\" class=\"wp-image-3656\" style=\"width: 10px;\" src=\"http:\/\/kommentatorenblog.de\/wp-content\/uploads\/2020\/09\/shure-55sh-ii-e1601485394796.jpg\" alt=\"\" srcset=\"http:\/\/kommentatorenblog.de\/wp-content\/uploads\/2020\/09\/shure-55sh-ii-e1601485394796.jpg 415w, http:\/\/kommentatorenblog.de\/wp-content\/uploads\/2020\/09\/shure-55sh-ii-e1601485394796-142x300.jpg 142w\" sizes=\"auto, (max-width: 10px) 100vw, 10px\" \/> Florian Na\u00df, Interviews: Lennert Brinkhoff <\/p>\n\n\n\n<p>Moderation: Alex Bommes, Experte: Dominik Klein<\/p>\n\n\n\n<p><span style=\"text-decoration: underline;\">Sonntag, 17. Januar 2021, ab 17.55 Uhr (ARD) <\/span><\/p>\n\n\n\n<p><em><strong>Deutschland \u2013 Kap Verde (18.00 Uhr)<\/strong> <\/em><\/p>\n\n\n\n<p class=\"has-normal-font-size\"><img loading=\"lazy\" decoding=\"async\" width=\"10\" height=\"21\" class=\"wp-image-3656\" style=\"width: 10px;\" src=\"http:\/\/kommentatorenblog.de\/wp-content\/uploads\/2020\/09\/shure-55sh-ii-e1601485394796.jpg\" alt=\"\" srcset=\"http:\/\/kommentatorenblog.de\/wp-content\/uploads\/2020\/09\/shure-55sh-ii-e1601485394796.jpg 415w, http:\/\/kommentatorenblog.de\/wp-content\/uploads\/2020\/09\/shure-55sh-ii-e1601485394796-142x300.jpg 142w\" sizes=\"auto, (max-width: 10px) 100vw, 10px\" \/> Florian Na\u00df, Interviews: Lennert Brinkhoff <\/p>\n\n\n\n<p>Moderation: Alex Bommes, Experte: Dominik Klein<\/p>\n\n\n\n<hr class=\"wp-block-separator\"\/>\n\n\n\n<p><strong><em>Die Ansetzungen vom 15. Januar bis zum 18. Januar 202<\/em><\/strong>1<\/p>\n\n\n\n<p><strong>Bundesliga, 16. Spieltag<\/strong><\/p>\n\n\n\n<p><span style=\"text-decoration: underline;\">Freitag, 15. Januar 2021, ab 20.15 Uhr (DAZN) <\/span><\/p>\n\n\n\n<p><em><strong>Union Berlin \u2013 Bayer 04 Leverkusen (20.30 Uhr)<\/strong> <\/em><\/p>\n\n\n\n<p class=\"has-normal-font-size\"><img loading=\"lazy\" decoding=\"async\" width=\"10\" height=\"21\" class=\"wp-image-3656\" style=\"width: 10px;\" src=\"http:\/\/kommentatorenblog.de\/wp-content\/uploads\/2020\/09\/shure-55sh-ii-e1601485394796.jpg\" alt=\"\" srcset=\"http:\/\/kommentatorenblog.de\/wp-content\/uploads\/2020\/09\/shure-55sh-ii-e1601485394796.jpg 415w, http:\/\/kommentatorenblog.de\/wp-content\/uploads\/2020\/09\/shure-55sh-ii-e1601485394796-142x300.jpg 142w\" sizes=\"auto, (max-width: 10px) 100vw, 10px\" \/> Uli Hebel, Experte: Ralph Gunesch, Field-Reporter: Daniel Herzog <\/p>\n\n\n\n<p>Moderation: Alex Schl\u00fcter<\/p>\n\n\n\n<p><span style=\"text-decoration: underline;\">Samstag, 16. Januar 2021, ab 14.00 Uhr (Sky)<\/span><\/p>\n\n\n\n<p><strong><em>SV Werder Bremen \u2013 FC Augsburg (15.30 Uhr)<\/em><\/strong><\/p>\n\n\n\n<p class=\"has-normal-font-size\"><img loading=\"lazy\" decoding=\"async\" width=\"10\" height=\"21\" class=\"wp-image-3656\" style=\"width: 10px;\" src=\"http:\/\/kommentatorenblog.de\/wp-content\/uploads\/2020\/09\/shure-55sh-ii-e1601485394796.jpg\" alt=\"\" srcset=\"http:\/\/kommentatorenblog.de\/wp-content\/uploads\/2020\/09\/shure-55sh-ii-e1601485394796.jpg 415w, http:\/\/kommentatorenblog.de\/wp-content\/uploads\/2020\/09\/shure-55sh-ii-e1601485394796-142x300.jpg 142w\" sizes=\"auto, (max-width: 10px) 100vw, 10px\" \/> Oliver Seidler (Einzelspiel), Klaus Veltmann (Konferenz)<\/p>\n\n\n\n<p>Field-Reporter: Jens Westen <\/p>\n\n\n\n<p><strong><em>1. FC K\u00f6ln \u2013 Hertha BSC Berlin  (15.30 Uhr)<\/em><\/strong><\/p>\n\n\n\n<p class=\"has-normal-font-size\"><img loading=\"lazy\" decoding=\"async\" width=\"10\" height=\"21\" class=\"wp-image-3656\" style=\"width: 10px;\" src=\"http:\/\/kommentatorenblog.de\/wp-content\/uploads\/2020\/09\/shure-55sh-ii-e1601485394796.jpg\" alt=\"\" srcset=\"http:\/\/kommentatorenblog.de\/wp-content\/uploads\/2020\/09\/shure-55sh-ii-e1601485394796.jpg 415w, http:\/\/kommentatorenblog.de\/wp-content\/uploads\/2020\/09\/shure-55sh-ii-e1601485394796-142x300.jpg 142w\" sizes=\"auto, (max-width: 10px) 100vw, 10px\" \/> Tom Bayer (Einzelspiel), J\u00f6rg Dahlmann (Konferenz)<\/p>\n\n\n\n<p>Field-Reporter: Ulli Potofski <\/p>\n\n\n\n<p><strong><em>Borussia Dortmund<strong><em> \u2013<\/em><\/strong><\/em> <em>1. FSV Mainz 05  (15.30 Uhr)<\/em><\/strong><\/p>\n\n\n\n<p class=\"has-normal-font-size\"><img loading=\"lazy\" decoding=\"async\" width=\"10\" height=\"21\" class=\"wp-image-3656\" style=\"width: 10px;\" src=\"http:\/\/kommentatorenblog.de\/wp-content\/uploads\/2020\/09\/shure-55sh-ii-e1601485394796.jpg\" alt=\"\" srcset=\"http:\/\/kommentatorenblog.de\/wp-content\/uploads\/2020\/09\/shure-55sh-ii-e1601485394796.jpg 415w, http:\/\/kommentatorenblog.de\/wp-content\/uploads\/2020\/09\/shure-55sh-ii-e1601485394796-142x300.jpg 142w\" sizes=\"auto, (max-width: 10px) 100vw, 10px\" \/> Kai Dittmann (Einzelspiel), Florian Schmidt-Sommerfeld (Konferenz)<\/p>\n\n\n\n<p>Field-Reporter: Marcus Lindemann <\/p>\n\n\n\n<p><strong><em>VfL Wolfsburg \u2013 RB Leipzig (15.30 Uhr)<\/em><\/strong><\/p>\n\n\n\n<p class=\"has-normal-font-size\"><img loading=\"lazy\" decoding=\"async\" width=\"10\" height=\"21\" class=\"wp-image-3656\" style=\"width: 10px;\" src=\"http:\/\/kommentatorenblog.de\/wp-content\/uploads\/2020\/09\/shure-55sh-ii-e1601485394796.jpg\" alt=\"\" srcset=\"http:\/\/kommentatorenblog.de\/wp-content\/uploads\/2020\/09\/shure-55sh-ii-e1601485394796.jpg 415w, http:\/\/kommentatorenblog.de\/wp-content\/uploads\/2020\/09\/shure-55sh-ii-e1601485394796-142x300.jpg 142w\" sizes=\"auto, (max-width: 10px) 100vw, 10px\" \/> Michael Born (Einzelspiel), Jonas Friedrich (Konferenz)<\/p>\n\n\n\n<p>Field-Reporter: Dirk gro\u00dfe Schlarmann <\/p>\n\n\n\n<p><strong><em>TSG 1899 Hoffenheim \u2013 Arminia Bielefeld (15.30 Uhr)<\/em><\/strong><\/p>\n\n\n\n<p class=\"has-normal-font-size\"><img loading=\"lazy\" decoding=\"async\" width=\"10\" height=\"21\" class=\"wp-image-3656\" style=\"width: 10px;\" src=\"http:\/\/kommentatorenblog.de\/wp-content\/uploads\/2020\/09\/shure-55sh-ii-e1601485394796.jpg\" alt=\"\" srcset=\"http:\/\/kommentatorenblog.de\/wp-content\/uploads\/2020\/09\/shure-55sh-ii-e1601485394796.jpg 415w, http:\/\/kommentatorenblog.de\/wp-content\/uploads\/2020\/09\/shure-55sh-ii-e1601485394796-142x300.jpg 142w\" sizes=\"auto, (max-width: 10px) 100vw, 10px\" \/> Hansi K\u00fcpper (Einzelspiel), Roland Evers (Konferenz)<\/p>\n\n\n\n<p>Field-Reporter: Ecki Heuser <\/p>\n\n\n\n<p>Moderation: Esther Sedlazcek, Experte: Dietmar Hamann<\/p>\n\n\n\n<p><span style=\"text-decoration: underline;\">ab 17.30 Uhr (Sky)<\/span><\/p>\n\n\n\n<p><strong><em>VfB Stuttgart \u2013 Borussia M\u00f6nchengladbach (18.30 Uhr)<\/em><\/strong><\/p>\n\n\n\n<p class=\"has-normal-font-size\"><img loading=\"lazy\" decoding=\"async\" width=\"10\" height=\"21\" class=\"wp-image-3656\" style=\"width: 10px;\" src=\"http:\/\/kommentatorenblog.de\/wp-content\/uploads\/2020\/09\/shure-55sh-ii-e1601485394796.jpg\" alt=\"\" srcset=\"http:\/\/kommentatorenblog.de\/wp-content\/uploads\/2020\/09\/shure-55sh-ii-e1601485394796.jpg 415w, http:\/\/kommentatorenblog.de\/wp-content\/uploads\/2020\/09\/shure-55sh-ii-e1601485394796-142x300.jpg 142w\" sizes=\"auto, (max-width: 10px) 100vw, 10px\" \/> Martin Gro\u00df, Field-Reporter: Patrick Wasserziehr <\/p>\n\n\n\n<p>Moderation: Sebastian Hellmann, Experte: Lothar Matth\u00e4us<\/p>\n\n\n\n<p><span style=\"text-decoration: underline;\">Sonntag, 17. Januar 2021, ab 14.30 Uhr (Sky)<\/span><\/p>\n\n\n\n<p><strong><em>FC Bayern M\u00fcnchen \u2013 SC Freiburg (15.30 Uhr)<\/em><\/strong><\/p>\n\n\n\n<p class=\"has-normal-font-size\"><img loading=\"lazy\" decoding=\"async\" width=\"10\" height=\"21\" class=\"wp-image-3656\" style=\"width: 10px;\" src=\"http:\/\/kommentatorenblog.de\/wp-content\/uploads\/2020\/09\/shure-55sh-ii-e1601485394796.jpg\" alt=\"\" srcset=\"http:\/\/kommentatorenblog.de\/wp-content\/uploads\/2020\/09\/shure-55sh-ii-e1601485394796.jpg 415w, http:\/\/kommentatorenblog.de\/wp-content\/uploads\/2020\/09\/shure-55sh-ii-e1601485394796-142x300.jpg 142w\" sizes=\"auto, (max-width: 10px) 100vw, 10px\" \/> Wolff Fuss<\/p>\n\n\n\n<p>Field-Reporter: Michael Leopold <\/p>\n\n\n\n<p><span style=\"text-decoration: underline;\">ab 17.30 Uhr (Sky)<\/span><\/p>\n\n\n\n<p><strong><em>Eintracht Frankfurt \u2013 FC Schalke 04 (18.00 Uhr)<\/em><\/strong><\/p>\n\n\n\n<p class=\"has-normal-font-size\"><img loading=\"lazy\" decoding=\"async\" width=\"10\" height=\"21\" class=\"wp-image-3656\" style=\"width: 10px;\" src=\"http:\/\/kommentatorenblog.de\/wp-content\/uploads\/2020\/09\/shure-55sh-ii-e1601485394796.jpg\" alt=\"\" srcset=\"http:\/\/kommentatorenblog.de\/wp-content\/uploads\/2020\/09\/shure-55sh-ii-e1601485394796.jpg 415w, http:\/\/kommentatorenblog.de\/wp-content\/uploads\/2020\/09\/shure-55sh-ii-e1601485394796-142x300.jpg 142w\" sizes=\"auto, (max-width: 10px) 100vw, 10px\" \/> Marcus Lindemann<\/p>\n\n\n\n<p>Field-Reporter: Martin Gro\u00df <\/p>\n\n\n\n<p>Moderation: Jessica Libbertz, Experte:&nbsp;Erik Meijer<\/p>\n\n\n\n<hr class=\"wp-block-separator\"\/>\n\n\n\n<p><strong>2<\/strong>. <strong>Bundesliga, 16. Spieltag<\/strong> <strong>(Sky)<\/strong><\/p>\n\n\n\n<p><span style=\"text-decoration: underline;\">Freitag, 15. Januar 2021, ab 18.00 Uhr<\/span><\/p>\n\n\n\n<p><strong><em>SpVgg Greuther F\u00fcrth \u2013 SC Paderborn (18.30 Uhr)<\/em><\/strong><\/p>\n\n\n\n<p><img loading=\"lazy\" decoding=\"async\" width=\"10\" height=\"21\" class=\"wp-image-3656\" style=\"width: 10px;\" src=\"http:\/\/kommentatorenblog.de\/wp-content\/uploads\/2020\/09\/shure-55sh-ii-e1601485394796.jpg\" alt=\"\" srcset=\"http:\/\/kommentatorenblog.de\/wp-content\/uploads\/2020\/09\/shure-55sh-ii-e1601485394796.jpg 415w, http:\/\/kommentatorenblog.de\/wp-content\/uploads\/2020\/09\/shure-55sh-ii-e1601485394796-142x300.jpg 142w\" sizes=\"auto, (max-width: 10px) 100vw, 10px\" \/> Klaus Veltmann, Interviews: Schalte <\/p>\n\n\n\n<p><strong><em>W\u00fcrzburger Kickers \u2013 Eintracht Braunschweig (18.30 Uhr)<\/em><\/strong><\/p>\n\n\n\n<p><img loading=\"lazy\" decoding=\"async\" width=\"10\" height=\"21\" class=\"wp-image-3656\" style=\"width: 10px;\" src=\"http:\/\/kommentatorenblog.de\/wp-content\/uploads\/2020\/09\/shure-55sh-ii-e1601485394796.jpg\" alt=\"\" srcset=\"http:\/\/kommentatorenblog.de\/wp-content\/uploads\/2020\/09\/shure-55sh-ii-e1601485394796.jpg 415w, http:\/\/kommentatorenblog.de\/wp-content\/uploads\/2020\/09\/shure-55sh-ii-e1601485394796-142x300.jpg 142w\" sizes=\"auto, (max-width: 10px) 100vw, 10px\" \/> J\u00fcrgen Schmitz, Field-Reporter: Alexander Bonengel <\/p>\n\n\n\n<p>Moderation: Hartmut von Kameke<\/p>\n\n\n\n<p><span style=\"text-decoration: underline;\">Samstag, 16. Januar 2021, ab 12.30 Uhr<\/span> <\/p>\n\n\n\n<p><strong><em>VfL Bochum<strong><em> \u2013<\/em><\/strong><\/em> <em>1. FC N\u00fcrnberg (13.00 Uhr)<\/em><\/strong><\/p>\n\n\n\n<p><img loading=\"lazy\" decoding=\"async\" width=\"10\" height=\"21\" class=\"wp-image-3656\" style=\"width: 10px;\" src=\"http:\/\/kommentatorenblog.de\/wp-content\/uploads\/2020\/09\/shure-55sh-ii-e1601485394796.jpg\" alt=\"\" srcset=\"http:\/\/kommentatorenblog.de\/wp-content\/uploads\/2020\/09\/shure-55sh-ii-e1601485394796.jpg 415w, http:\/\/kommentatorenblog.de\/wp-content\/uploads\/2020\/09\/shure-55sh-ii-e1601485394796-142x300.jpg 142w\" sizes=\"auto, (max-width: 10px) 100vw, 10px\" \/> Holger Pfandt, Interviews: Schalte<\/p>\n\n\n\n<p><strong><em>Hannover 96 \u2013 FC St. Pauli (13.00 Uhr)<\/em><\/strong><\/p>\n\n\n\n<p><img loading=\"lazy\" decoding=\"async\" width=\"10\" height=\"21\" class=\"wp-image-3656\" style=\"width: 10px;\" src=\"http:\/\/kommentatorenblog.de\/wp-content\/uploads\/2020\/09\/shure-55sh-ii-e1601485394796.jpg\" alt=\"\" srcset=\"http:\/\/kommentatorenblog.de\/wp-content\/uploads\/2020\/09\/shure-55sh-ii-e1601485394796.jpg 415w, http:\/\/kommentatorenblog.de\/wp-content\/uploads\/2020\/09\/shure-55sh-ii-e1601485394796-142x300.jpg 142w\" sizes=\"auto, (max-width: 10px) 100vw, 10px\" \/> Torsten Kunde, Field-Reporter: Sven T\u00f6llner <\/p>\n\n\n\n<p><strong><em>Erzgebirge Aue \u2013 Fortuna D\u00fcsseldorf (13.00 Uhr)<\/em><\/strong><\/p>\n\n\n\n<p><img loading=\"lazy\" decoding=\"async\" width=\"10\" height=\"21\" class=\"wp-image-3656\" style=\"width: 10px;\" src=\"http:\/\/kommentatorenblog.de\/wp-content\/uploads\/2020\/09\/shure-55sh-ii-e1601485394796.jpg\" alt=\"\" srcset=\"http:\/\/kommentatorenblog.de\/wp-content\/uploads\/2020\/09\/shure-55sh-ii-e1601485394796.jpg 415w, http:\/\/kommentatorenblog.de\/wp-content\/uploads\/2020\/09\/shure-55sh-ii-e1601485394796-142x300.jpg 142w\" sizes=\"auto, (max-width: 10px) 100vw, 10px\" \/> Sven Haist<\/p>\n\n\n\n<p>Moderation: Nele Schenker<\/p>\n\n\n\n<p><span style=\"text-decoration: underline;\">Sonntag, 17. Januar 2021, ab 13.00 Uhr<\/span><\/p>\n\n\n\n<p><strong><em>Holstein Kiel \u2013 Karlsruher SC (13.30 Uhr)<\/em><\/strong><\/p>\n\n\n\n<p><img loading=\"lazy\" decoding=\"async\" width=\"10\" height=\"21\" class=\"wp-image-3656\" style=\"width: 10px;\" src=\"http:\/\/kommentatorenblog.de\/wp-content\/uploads\/2020\/09\/shure-55sh-ii-e1601485394796.jpg\" alt=\"\" srcset=\"http:\/\/kommentatorenblog.de\/wp-content\/uploads\/2020\/09\/shure-55sh-ii-e1601485394796.jpg 415w, http:\/\/kommentatorenblog.de\/wp-content\/uploads\/2020\/09\/shure-55sh-ii-e1601485394796-142x300.jpg 142w\" sizes=\"auto, (max-width: 10px) 100vw, 10px\" \/> Hansi K\u00fcpper, Field-Reporter: Marcus J\u00fcrgensen <\/p>\n\n\n\n<p><strong><em>Jahn Regensburg \u2013 SV Sandhausen (13.30 Uhr)<\/em><\/strong><\/p>\n\n\n\n<p><img loading=\"lazy\" decoding=\"async\" width=\"10\" height=\"21\" class=\"wp-image-3656\" style=\"width: 10px;\" src=\"http:\/\/kommentatorenblog.de\/wp-content\/uploads\/2020\/09\/shure-55sh-ii-e1601485394796.jpg\" alt=\"\" srcset=\"http:\/\/kommentatorenblog.de\/wp-content\/uploads\/2020\/09\/shure-55sh-ii-e1601485394796.jpg 415w, http:\/\/kommentatorenblog.de\/wp-content\/uploads\/2020\/09\/shure-55sh-ii-e1601485394796-142x300.jpg 142w\" sizes=\"auto, (max-width: 10px) 100vw, 10px\" \/> J\u00f6rg Dahlmann<\/p>\n\n\n\n<p><strong><em>1.FC Heidenheim \u2013 SV Darmstadt 98 (13.30 Uhr)<\/em><\/strong><\/p>\n\n\n\n<p><img loading=\"lazy\" decoding=\"async\" width=\"10\" height=\"21\" class=\"wp-image-3656\" style=\"width: 10px;\" src=\"http:\/\/kommentatorenblog.de\/wp-content\/uploads\/2020\/09\/shure-55sh-ii-e1601485394796.jpg\" alt=\"\" srcset=\"http:\/\/kommentatorenblog.de\/wp-content\/uploads\/2020\/09\/shure-55sh-ii-e1601485394796.jpg 415w, http:\/\/kommentatorenblog.de\/wp-content\/uploads\/2020\/09\/shure-55sh-ii-e1601485394796-142x300.jpg 142w\" sizes=\"auto, (max-width: 10px) 100vw, 10px\" \/> Holger Pfandt, Interviews: Schalte<\/p>\n\n\n\n<p>Moderation: Yannick Erkenbrecher<\/p>\n\n\n\n<p><span style=\"text-decoration: underline;\">Montag, 18. Januar 2021, ab 20.00 Uhr<\/span><\/p>\n\n\n\n<p><strong><em>Hamburger SV \u2013 VfL Osnabr\u00fcck (20.30 Uhr)<\/em><\/strong><\/p>\n\n\n\n<p><img loading=\"lazy\" decoding=\"async\" width=\"10\" height=\"21\" class=\"wp-image-3656\" style=\"width: 10px;\" src=\"http:\/\/kommentatorenblog.de\/wp-content\/uploads\/2020\/09\/shure-55sh-ii-e1601485394796.jpg\" alt=\"\" srcset=\"http:\/\/kommentatorenblog.de\/wp-content\/uploads\/2020\/09\/shure-55sh-ii-e1601485394796.jpg 415w, http:\/\/kommentatorenblog.de\/wp-content\/uploads\/2020\/09\/shure-55sh-ii-e1601485394796-142x300.jpg 142w\" sizes=\"auto, (max-width: 10px) 100vw, 10px\" \/> Stefan Hempel, Experte: Torsten Mattuschka <\/p>\n\n\n\n<p>Field-Reporter: Jurek Rohrberg <\/p>\n\n\n\n<hr class=\"wp-block-separator\"\/>\n\n\n\n<p><strong>3. Liga, 19. Spieltag<\/strong><\/p>\n\n\n\n<p><span style=\"text-decoration: underline;\">Freitag, 15. Januar 2021, ab 18.30 Uhr (Magenta Sport)<\/span><\/p>\n\n\n\n<p><strong><em>FC Viktoria K\u00f6ln \u2013 T\u00fcrkg\u00fcc\u00fc M\u00fcnchen(19.00 Uhr)<\/em><\/strong><\/p>\n\n\n\n<p><img loading=\"lazy\" decoding=\"async\" width=\"10\" height=\"21\" class=\"wp-image-3656\" style=\"width: 10px;\" src=\"http:\/\/kommentatorenblog.de\/wp-content\/uploads\/2020\/09\/shure-55sh-ii-e1601485394796.jpg\" alt=\"\" srcset=\"http:\/\/kommentatorenblog.de\/wp-content\/uploads\/2020\/09\/shure-55sh-ii-e1601485394796.jpg 415w, http:\/\/kommentatorenblog.de\/wp-content\/uploads\/2020\/09\/shure-55sh-ii-e1601485394796-142x300.jpg 142w\" sizes=\"auto, (max-width: 10px) 100vw, 10px\" \/> Markus H\u00f6hner<\/p>\n\n\n\n<p>Moderation: Thomas Wagner,<span style=\"font-size: inherit;\"> Experte:<\/span> Rudi Bommer <\/p>\n\n\n\n<p><span style=\"text-decoration: underline;\">Samstag, 16. Januar 2021, ab 13.45 Uhr (Magenta Sport)<\/span><\/p>\n\n\n\n<p><strong><em>Konferenz (14.00 Uhr)<\/em><\/strong><\/p>\n\n\n\n<p><img loading=\"lazy\" decoding=\"async\" width=\"10\" height=\"21\" class=\"wp-image-3656\" style=\"width: 10px;\" src=\"http:\/\/kommentatorenblog.de\/wp-content\/uploads\/2020\/09\/shure-55sh-ii-e1601485394796.jpg\" alt=\"\" srcset=\"http:\/\/kommentatorenblog.de\/wp-content\/uploads\/2020\/09\/shure-55sh-ii-e1601485394796.jpg 415w, http:\/\/kommentatorenblog.de\/wp-content\/uploads\/2020\/09\/shure-55sh-ii-e1601485394796-142x300.jpg 142w\" sizes=\"auto, (max-width: 10px) 100vw, 10px\" \/> Martin Piller und Sascha Bandermann<\/p>\n\n\n\n<p><strong><em>Hallescher FC \u2013 FC Bayern M\u00fcnchen II (14.00 Uhr)<\/em><\/strong><\/p>\n\n\n\n<p><img loading=\"lazy\" decoding=\"async\" width=\"10\" height=\"21\" class=\"wp-image-3656\" style=\"width: 10px;\" src=\"http:\/\/kommentatorenblog.de\/wp-content\/uploads\/2020\/09\/shure-55sh-ii-e1601485394796.jpg\" alt=\"\" srcset=\"http:\/\/kommentatorenblog.de\/wp-content\/uploads\/2020\/09\/shure-55sh-ii-e1601485394796.jpg 415w, http:\/\/kommentatorenblog.de\/wp-content\/uploads\/2020\/09\/shure-55sh-ii-e1601485394796-142x300.jpg 142w\" sizes=\"auto, (max-width: 10px) 100vw, 10px\" \/> Markus Herwig <\/p>\n\n\n\n<p>Moderation: Stefanie Blochwitz<\/p>\n\n\n\n<p><strong><em>SC Verl \u2013 1.FC Kaiserslautern (14.00 Uhr)<\/em><\/strong><\/p>\n\n\n\n<p><img loading=\"lazy\" decoding=\"async\" width=\"10\" height=\"21\" class=\"wp-image-3656\" style=\"width: 10px;\" src=\"http:\/\/kommentatorenblog.de\/wp-content\/uploads\/2020\/09\/shure-55sh-ii-e1601485394796.jpg\" alt=\"\" srcset=\"http:\/\/kommentatorenblog.de\/wp-content\/uploads\/2020\/09\/shure-55sh-ii-e1601485394796.jpg 415w, http:\/\/kommentatorenblog.de\/wp-content\/uploads\/2020\/09\/shure-55sh-ii-e1601485394796-142x300.jpg 142w\" sizes=\"auto, (max-width: 10px) 100vw, 10px\" \/> Stefan Fuckert <\/p>\n\n\n\n<p>Moderation: Konstantin Klostermann <\/p>\n\n\n\n<p><span style=\"text-decoration: underline;\">ab 13.45 Uhr (Magenta Sport) \/ ab 14.00 Uhr (NDR, BR, SWR)<\/span><\/p>\n\n\n\n<p><strong><em>VfB L\u00fcbeck \u2013 Hansa Rostock (14.00 Uhr)<\/em><\/strong><\/p>\n\n\n\n<p><img loading=\"lazy\" decoding=\"async\" width=\"10\" height=\"21\" class=\"wp-image-3656\" style=\"width: 10px;\" src=\"http:\/\/kommentatorenblog.de\/wp-content\/uploads\/2020\/09\/shure-55sh-ii-e1601485394796.jpg\" alt=\"\" srcset=\"http:\/\/kommentatorenblog.de\/wp-content\/uploads\/2020\/09\/shure-55sh-ii-e1601485394796.jpg 415w, http:\/\/kommentatorenblog.de\/wp-content\/uploads\/2020\/09\/shure-55sh-ii-e1601485394796-142x300.jpg 142w\" sizes=\"auto, (max-width: 10px) 100vw, 10px\" \/> Magenta Sport: Mike M\u00fcnkel <\/p>\n\n\n\n<p><img loading=\"lazy\" decoding=\"async\" width=\"10\" height=\"21\" class=\"wp-image-3656\" style=\"width: 10px;\" src=\"http:\/\/kommentatorenblog.de\/wp-content\/uploads\/2020\/09\/shure-55sh-ii-e1601485394796.jpg\" alt=\"\" srcset=\"http:\/\/kommentatorenblog.de\/wp-content\/uploads\/2020\/09\/shure-55sh-ii-e1601485394796.jpg 415w, http:\/\/kommentatorenblog.de\/wp-content\/uploads\/2020\/09\/shure-55sh-ii-e1601485394796-142x300.jpg 142w\" sizes=\"auto, (max-width: 10px) 100vw, 10px\" \/> NDR: Patrick&nbsp;Halatsch<\/p>\n\n\n\n<p>Moderation (Magenta Sport): Michael Augustin <\/p>\n\n\n\n<p>Moderation (NDR): Ina Kast <\/p>\n\n\n\n<p><strong><em><strong><em>SpVgg Unterhaching \u2013 1. FC Magdeburg (14.00 Uhr)<\/em><\/strong> <\/em><\/strong><\/p>\n\n\n\n<p><img loading=\"lazy\" decoding=\"async\" width=\"10\" height=\"21\" class=\"wp-image-3656\" style=\"width: 10px;\" src=\"http:\/\/kommentatorenblog.de\/wp-content\/uploads\/2020\/09\/shure-55sh-ii-e1601485394796.jpg\" alt=\"\" srcset=\"http:\/\/kommentatorenblog.de\/wp-content\/uploads\/2020\/09\/shure-55sh-ii-e1601485394796.jpg 415w, http:\/\/kommentatorenblog.de\/wp-content\/uploads\/2020\/09\/shure-55sh-ii-e1601485394796-142x300.jpg 142w\" sizes=\"auto, (max-width: 10px) 100vw, 10px\" \/> Magenta Sport: Basti Schwele<\/p>\n\n\n\n<p><img loading=\"lazy\" decoding=\"async\" width=\"10\" height=\"21\" class=\"wp-image-3656\" style=\"width: 10px;\" src=\"http:\/\/kommentatorenblog.de\/wp-content\/uploads\/2020\/09\/shure-55sh-ii-e1601485394796.jpg\" alt=\"\" srcset=\"http:\/\/kommentatorenblog.de\/wp-content\/uploads\/2020\/09\/shure-55sh-ii-e1601485394796.jpg 415w, http:\/\/kommentatorenblog.de\/wp-content\/uploads\/2020\/09\/shure-55sh-ii-e1601485394796-142x300.jpg 142w\" sizes=\"auto, (max-width: 10px) 100vw, 10px\" \/> MDR: Stephan Weidling, Experte: Benjamin Kirsten <\/p>\n\n\n\n<p>Moderation (Magenta Sport): Simon K\u00f6pfer<\/p>\n\n\n\n<p><span style=\"text-decoration: underline;\">Sonntag, 17. Januar, 12.45 Uhr (Magenta Sport)<\/span><\/p>\n\n\n\n<p><strong><em>KFC Uerdingen 05 \u2013 Waldhof Mannheim (13.00 Uhr)<\/em><\/strong><\/p>\n\n\n\n<p><img loading=\"lazy\" decoding=\"async\" width=\"10\" height=\"21\" class=\"wp-image-3656\" style=\"width: 10px;\" src=\"http:\/\/kommentatorenblog.de\/wp-content\/uploads\/2020\/09\/shure-55sh-ii-e1601485394796.jpg\" alt=\"\" srcset=\"http:\/\/kommentatorenblog.de\/wp-content\/uploads\/2020\/09\/shure-55sh-ii-e1601485394796.jpg 415w, http:\/\/kommentatorenblog.de\/wp-content\/uploads\/2020\/09\/shure-55sh-ii-e1601485394796-142x300.jpg 142w\" sizes=\"auto, (max-width: 10px) 100vw, 10px\" \/> Markus H\u00f6hner <\/p>\n\n\n\n<p>Moderation: Kamilla Benschop <\/p>\n\n\n\n<p><span style=\"text-decoration: underline;\">ab 13.45 Uhr (Magenta Sport) <\/span><\/p>\n\n\n\n<p><strong><em>MSV Duisburg \u2013 SV Meppen (14.00 Uhr)<\/em><\/strong><\/p>\n\n\n\n<p><img loading=\"lazy\" decoding=\"async\" width=\"10\" height=\"21\" class=\"wp-image-3656\" style=\"width: 10px;\" src=\"http:\/\/kommentatorenblog.de\/wp-content\/uploads\/2020\/09\/shure-55sh-ii-e1601485394796.jpg\" alt=\"\" srcset=\"http:\/\/kommentatorenblog.de\/wp-content\/uploads\/2020\/09\/shure-55sh-ii-e1601485394796.jpg 415w, http:\/\/kommentatorenblog.de\/wp-content\/uploads\/2020\/09\/shure-55sh-ii-e1601485394796-142x300.jpg 142w\" sizes=\"auto, (max-width: 10px) 100vw, 10px\" \/> Christian Stra\u00dfburger<\/p>\n\n\n\n<p>Moderation: Cedric Pick <\/p>\n\n\n\n<p><span style=\"text-decoration: underline;\">Montag, 18. Januar 2021, 18.45 Uhr (Magenta Sport)<\/span><\/p>\n\n\n\n<p><strong><em>1860 M\u00fcnchen \u2013 FC Ingolstadt 04 (19.00 Uhr)<\/em><\/strong><\/p>\n\n\n\n<p><img loading=\"lazy\" decoding=\"async\" width=\"10\" height=\"21\" class=\"wp-image-3656\" style=\"width: 10px;\" src=\"http:\/\/kommentatorenblog.de\/wp-content\/uploads\/2020\/09\/shure-55sh-ii-e1601485394796.jpg\" alt=\"\" srcset=\"http:\/\/kommentatorenblog.de\/wp-content\/uploads\/2020\/09\/shure-55sh-ii-e1601485394796.jpg 415w, http:\/\/kommentatorenblog.de\/wp-content\/uploads\/2020\/09\/shure-55sh-ii-e1601485394796-142x300.jpg 142w\" sizes=\"auto, (max-width: 10px) 100vw, 10px\" \/> Franz B\u00fcchner<\/p>\n\n\n\n<p>Moderation: Sascha Bandermann <\/p>\n\n\n\n<hr class=\"wp-block-separator\"\/>\n\n\n\n<p><strong>Premier League, 19. Spieltag (Sky)<\/strong> <\/p>\n\n\n\n<p><span style=\"text-decoration: underline;\">Samstag, 16. Januar 2021<\/span><\/p>\n\n\n\n<p><span style=\"text-decoration: underline;\">ab 13.20 Uhr<\/span><\/p>\n\n\n\n<p><strong><em>Wolverhampton Wanderers \u2013 West Bromwich Albion (13.30 Uhr)<\/em><\/strong><\/p>\n\n\n\n<p><img loading=\"lazy\" decoding=\"async\" width=\"10\" height=\"21\" class=\"wp-image-3656\" style=\"width: 10px;\" src=\"http:\/\/kommentatorenblog.de\/wp-content\/uploads\/2020\/09\/shure-55sh-ii-e1601485394796.jpg\" alt=\"\" srcset=\"http:\/\/kommentatorenblog.de\/wp-content\/uploads\/2020\/09\/shure-55sh-ii-e1601485394796.jpg 415w, http:\/\/kommentatorenblog.de\/wp-content\/uploads\/2020\/09\/shure-55sh-ii-e1601485394796-142x300.jpg 142w\" sizes=\"auto, (max-width: 10px) 100vw, 10px\" \/> Sven Schr\u00f6ter<\/p>\n\n\n\n<p><span style=\"text-decoration: underline;\">ab 15.50 Uhr<\/span><\/p>\n\n\n\n<p><strong><em>Leeds United \u2013 Brighton &amp; Hove Albion (16.00 Uhr)<\/em><\/strong><\/p>\n\n\n\n<p><img loading=\"lazy\" decoding=\"async\" width=\"10\" height=\"21\" class=\"wp-image-3656\" style=\"width: 10px;\" src=\"http:\/\/kommentatorenblog.de\/wp-content\/uploads\/2020\/09\/shure-55sh-ii-e1601485394796.jpg\" alt=\"\" srcset=\"http:\/\/kommentatorenblog.de\/wp-content\/uploads\/2020\/09\/shure-55sh-ii-e1601485394796.jpg 415w, http:\/\/kommentatorenblog.de\/wp-content\/uploads\/2020\/09\/shure-55sh-ii-e1601485394796-142x300.jpg 142w\" sizes=\"auto, (max-width: 10px) 100vw, 10px\" \/> Marcel Meinert<\/p>\n\n\n\n<p><em><strong>West Ham United \u2013 FC Burnley (16.00 Uhr)<\/strong><\/em><\/p>\n\n\n\n<p><img loading=\"lazy\" decoding=\"async\" width=\"10\" height=\"21\" class=\"wp-image-3656\" style=\"width: 10px;\" src=\"http:\/\/kommentatorenblog.de\/wp-content\/uploads\/2020\/09\/shure-55sh-ii-e1601485394796.jpg\" alt=\"\" srcset=\"http:\/\/kommentatorenblog.de\/wp-content\/uploads\/2020\/09\/shure-55sh-ii-e1601485394796.jpg 415w, http:\/\/kommentatorenblog.de\/wp-content\/uploads\/2020\/09\/shure-55sh-ii-e1601485394796-142x300.jpg 142w\" sizes=\"auto, (max-width: 10px) 100vw, 10px\" \/> Markus G\u00f6tz<\/p>\n\n\n\n<p><span style=\"text-decoration: underline;\">ab 18.20 Uhr<\/span><\/p>\n\n\n\n<p><strong><em>FC Fulham \u2013 FC Chelsea (18.30 Uhr)<\/em><\/strong><\/p>\n\n\n\n<p><img loading=\"lazy\" decoding=\"async\" width=\"10\" height=\"21\" class=\"wp-image-3656\" style=\"width: 10px;\" src=\"http:\/\/kommentatorenblog.de\/wp-content\/uploads\/2020\/09\/shure-55sh-ii-e1601485394796.jpg\" alt=\"\" srcset=\"http:\/\/kommentatorenblog.de\/wp-content\/uploads\/2020\/09\/shure-55sh-ii-e1601485394796.jpg 415w, http:\/\/kommentatorenblog.de\/wp-content\/uploads\/2020\/09\/shure-55sh-ii-e1601485394796-142x300.jpg 142w\" sizes=\"auto, (max-width: 10px) 100vw, 10px\" \/> Joachim Hebel<\/p>\n\n\n\n<p><span style=\"text-decoration: underline;\">ab 20.50 Uhr<\/span><\/p>\n\n\n\n<p><strong><em>Leicester City \u2013&nbsp;FC Southampton (21.00 Uhr)<\/em><\/strong><\/p>\n\n\n\n<p><img loading=\"lazy\" decoding=\"async\" width=\"10\" height=\"21\" class=\"wp-image-3656\" style=\"width: 10px;\" src=\"http:\/\/kommentatorenblog.de\/wp-content\/uploads\/2020\/09\/shure-55sh-ii-e1601485394796.jpg\" alt=\"\" srcset=\"http:\/\/kommentatorenblog.de\/wp-content\/uploads\/2020\/09\/shure-55sh-ii-e1601485394796.jpg 415w, http:\/\/kommentatorenblog.de\/wp-content\/uploads\/2020\/09\/shure-55sh-ii-e1601485394796-142x300.jpg 142w\" sizes=\"auto, (max-width: 10px) 100vw, 10px\" \/> Hannes Herrmann<\/p>\n\n\n\n<p><span style=\"text-decoration: underline;\">Sonntag, 17. Januar 2021<\/span><\/p>\n\n\n\n<p><span style=\"text-decoration: underline;\">ab 12.50 Uhr<\/span><\/p>\n\n\n\n<p><strong><em>Aston Villa&nbsp;\u2013&nbsp;FC Everton (13.00 Uhr)<\/em><\/strong><\/p>\n\n\n\n<p><img loading=\"lazy\" decoding=\"async\" width=\"10\" height=\"21\" class=\"wp-image-3656\" style=\"width: 10px;\" src=\"http:\/\/kommentatorenblog.de\/wp-content\/uploads\/2020\/09\/shure-55sh-ii-e1601485394796.jpg\" alt=\"\" srcset=\"http:\/\/kommentatorenblog.de\/wp-content\/uploads\/2020\/09\/shure-55sh-ii-e1601485394796.jpg 415w, http:\/\/kommentatorenblog.de\/wp-content\/uploads\/2020\/09\/shure-55sh-ii-e1601485394796-142x300.jpg 142w\" sizes=\"auto, (max-width: 10px) 100vw, 10px\" \/> Joachim Hebel<\/p>\n\n\n\n<p><span style=\"text-decoration: underline;\">ab 14.50 Uhr<\/span><\/p>\n\n\n\n<p><strong><em>Sheffield United&nbsp;\u2013&nbsp;Tottenham Hotspur FC (15.00 Uhr)<\/em><\/strong><\/p>\n\n\n\n<p><img loading=\"lazy\" decoding=\"async\" width=\"10\" height=\"21\" class=\"wp-image-3656\" style=\"width: 10px;\" src=\"http:\/\/kommentatorenblog.de\/wp-content\/uploads\/2020\/09\/shure-55sh-ii-e1601485394796.jpg\" alt=\"\" srcset=\"http:\/\/kommentatorenblog.de\/wp-content\/uploads\/2020\/09\/shure-55sh-ii-e1601485394796.jpg 415w, http:\/\/kommentatorenblog.de\/wp-content\/uploads\/2020\/09\/shure-55sh-ii-e1601485394796-142x300.jpg 142w\" sizes=\"auto, (max-width: 10px) 100vw, 10px\" \/> Hannes Herrmann<\/p>\n\n\n\n<p><span style=\"text-decoration: underline;\">ab 17.00 Uhr<\/span><\/p>\n\n\n\n<p><strong><em>FC Liverpool&nbsp;\u2013&nbsp;Manchester United United (17.30 Uhr)<\/em><\/strong><\/p>\n\n\n\n<p><img loading=\"lazy\" decoding=\"async\" width=\"10\" height=\"21\" class=\"wp-image-3656\" style=\"width: 10px;\" src=\"http:\/\/kommentatorenblog.de\/wp-content\/uploads\/2020\/09\/shure-55sh-ii-e1601485394796.jpg\" alt=\"\" srcset=\"http:\/\/kommentatorenblog.de\/wp-content\/uploads\/2020\/09\/shure-55sh-ii-e1601485394796.jpg 415w, http:\/\/kommentatorenblog.de\/wp-content\/uploads\/2020\/09\/shure-55sh-ii-e1601485394796-142x300.jpg 142w\" sizes=\"auto, (max-width: 10px) 100vw, 10px\" \/> Florian Schmidt-Sommerfeld, Experte: Mirko Slomka <\/p>\n\n\n\n<p>Field-Reporter: Raphael Honigstein<\/p>\n\n\n\n<p><span style=\"text-decoration: underline;\">ab 20.05 Uhr<\/span><\/p>\n\n\n\n<p><strong><em>Manchester City&nbsp;\u2013&nbsp;Crystal Palace (20.15 Uhr)<\/em><\/strong><\/p>\n\n\n\n<p><img loading=\"lazy\" decoding=\"async\" width=\"10\" height=\"21\" class=\"wp-image-3656\" style=\"width: 10px;\" src=\"http:\/\/kommentatorenblog.de\/wp-content\/uploads\/2020\/09\/shure-55sh-ii-e1601485394796.jpg\" alt=\"\" srcset=\"http:\/\/kommentatorenblog.de\/wp-content\/uploads\/2020\/09\/shure-55sh-ii-e1601485394796.jpg 415w, http:\/\/kommentatorenblog.de\/wp-content\/uploads\/2020\/09\/shure-55sh-ii-e1601485394796-142x300.jpg 142w\" sizes=\"auto, (max-width: 10px) 100vw, 10px\" \/> Toni Tomic<\/p>\n\n\n\n<p><span style=\"text-decoration: underline;\">Montag, 18. Januar 2021<\/span><\/p>\n\n\n\n<p><span style=\"text-decoration: underline;\">ab 20.50 Uhr<\/span><\/p>\n\n\n\n<p><strong><em>FC Arsenal \u2013&nbsp;Newcastle United (21.00 Uhr)<\/em><\/strong><\/p>\n\n\n\n<p><img loading=\"lazy\" decoding=\"async\" width=\"10\" height=\"21\" class=\"wp-image-3656\" style=\"width: 10px;\" src=\"http:\/\/kommentatorenblog.de\/wp-content\/uploads\/2020\/09\/shure-55sh-ii-e1601485394796.jpg\" alt=\"\" srcset=\"http:\/\/kommentatorenblog.de\/wp-content\/uploads\/2020\/09\/shure-55sh-ii-e1601485394796.jpg 415w, http:\/\/kommentatorenblog.de\/wp-content\/uploads\/2020\/09\/shure-55sh-ii-e1601485394796-142x300.jpg 142w\" sizes=\"auto, (max-width: 10px) 100vw, 10px\" \/> Markus Gaupp<\/p>\n\n\n\n<hr class=\"wp-block-separator\"\/>\n\n\n\n<p><strong>Serie A, 18. Spieltag (DAZN)<\/strong><\/p>\n\n\n\n<p><span style=\"text-decoration: underline;\">Freitag, 15. Januar 2021<\/span><\/p>\n\n\n\n<p><strong><em>Lazio Rom \u2013 AS Rom (20.45 Uhr)<\/em><\/strong><\/p>\n\n\n\n<p><img loading=\"lazy\" decoding=\"async\" width=\"10\" height=\"21\" class=\"wp-image-3656\" style=\"width: 10px;\" src=\"http:\/\/kommentatorenblog.de\/wp-content\/uploads\/2020\/09\/shure-55sh-ii-e1601485394796.jpg\" alt=\"\" srcset=\"http:\/\/kommentatorenblog.de\/wp-content\/uploads\/2020\/09\/shure-55sh-ii-e1601485394796.jpg 415w, http:\/\/kommentatorenblog.de\/wp-content\/uploads\/2020\/09\/shure-55sh-ii-e1601485394796-142x300.jpg 142w\" sizes=\"auto, (max-width: 10px) 100vw, 10px\" \/> Carsten Fu\u00df, Experte: Sebastian Knei\u00dfl<\/p>\n\n\n\n<p><span style=\"text-decoration: underline;\">Sonntag, 17. Januar 2021<\/span><\/p>\n\n\n\n<p><strong><em>SSC Neapel \u2013 AC Florenz (12.30 Uhr)<\/em><\/strong><\/p>\n\n\n\n<p class=\"has-normal-font-size\"><img loading=\"lazy\" decoding=\"async\" width=\"10\" height=\"21\" class=\"wp-image-3656\" style=\"width: 10px;\" src=\"http:\/\/kommentatorenblog.de\/wp-content\/uploads\/2020\/09\/shure-55sh-ii-e1601485394796.jpg\" alt=\"\" srcset=\"http:\/\/kommentatorenblog.de\/wp-content\/uploads\/2020\/09\/shure-55sh-ii-e1601485394796.jpg 415w, http:\/\/kommentatorenblog.de\/wp-content\/uploads\/2020\/09\/shure-55sh-ii-e1601485394796-142x300.jpg 142w\" sizes=\"auto, (max-width: 10px) 100vw, 10px\" \/> Matthias Naebers<\/p>\n\n\n\n<p><span style=\"text-decoration: underline;\">ab 20.30 Uhr <\/span><\/p>\n\n\n\n<p><strong><em>Inter Mailand \u2013 Juventus Turin (20.45 Uhr)<\/em><\/strong><\/p>\n\n\n\n<p><img loading=\"lazy\" decoding=\"async\" width=\"10\" height=\"21\" class=\"wp-image-3656\" style=\"width: 10px;\" src=\"http:\/\/kommentatorenblog.de\/wp-content\/uploads\/2020\/09\/shure-55sh-ii-e1601485394796.jpg\" alt=\"\" srcset=\"http:\/\/kommentatorenblog.de\/wp-content\/uploads\/2020\/09\/shure-55sh-ii-e1601485394796.jpg 415w, http:\/\/kommentatorenblog.de\/wp-content\/uploads\/2020\/09\/shure-55sh-ii-e1601485394796-142x300.jpg 142w\" sizes=\"auto, (max-width: 10px) 100vw, 10px\" \/> Marco Hagemann, Experte: Christian Bernhard <\/p>\n\n\n\n<p>Moderation: Tobi Wahnschaffe<\/p>\n\n\n\n<p><span style=\"text-decoration: underline;\">Montag, 18. Januar 2021<\/span><\/p>\n\n\n\n<p><strong><em>Cagliari Calcio <strong><em>\u2013<\/em><\/strong> AC <\/em><\/strong><em><strong>Mailand (20:45 Uhr)<\/strong><\/em><\/p>\n\n\n\n<p class=\"has-normal-font-size\"><img loading=\"lazy\" decoding=\"async\" width=\"10\" height=\"21\" class=\"wp-image-3656\" style=\"width: 10px;\" src=\"http:\/\/kommentatorenblog.de\/wp-content\/uploads\/2020\/09\/shure-55sh-ii-e1601485394796.jpg\" alt=\"\" srcset=\"http:\/\/kommentatorenblog.de\/wp-content\/uploads\/2020\/09\/shure-55sh-ii-e1601485394796.jpg 415w, http:\/\/kommentatorenblog.de\/wp-content\/uploads\/2020\/09\/shure-55sh-ii-e1601485394796-142x300.jpg 142w\" sizes=\"auto, (max-width: 10px) 100vw, 10px\" \/> Andreas Renner<\/p>\n\n\n\n<hr class=\"wp-block-separator\"\/>\n\n\n\n<p><strong>Ligue 1, 20. Spieltag (DAZN)<\/strong><\/p>\n\n\n\n<p><span style=\"text-decoration: underline;\">Freitag, 15. Januar 2021<\/span><\/p>\n\n\n\n<p><strong><em>Montpellier HSC \u2013 AS Monaco (21.00 Uhr)<\/em><\/strong><\/p>\n\n\n\n<p><img loading=\"lazy\" decoding=\"async\" width=\"10\" height=\"21\" class=\"wp-image-3656\" style=\"width: 10px;\" src=\"http:\/\/kommentatorenblog.de\/wp-content\/uploads\/2020\/09\/shure-55sh-ii-e1601485394796.jpg\" alt=\"\" srcset=\"http:\/\/kommentatorenblog.de\/wp-content\/uploads\/2020\/09\/shure-55sh-ii-e1601485394796.jpg 415w, http:\/\/kommentatorenblog.de\/wp-content\/uploads\/2020\/09\/shure-55sh-ii-e1601485394796-142x300.jpg 142w\" sizes=\"auto, (max-width: 10px) 100vw, 10px\" \/> Martin Sedlacek<\/p>\n\n\n\n<p><span style=\"text-decoration: underline;\">Samstag, 16. Januar 2021<\/span><\/p>\n\n\n\n<p><strong><em>Angers \u2013 Paris Saint-Germain (21.00 Uhr)<\/em><\/strong><\/p>\n\n\n\n<p><img loading=\"lazy\" decoding=\"async\" width=\"10\" height=\"21\" class=\"wp-image-3656\" style=\"width: 10px;\" src=\"http:\/\/kommentatorenblog.de\/wp-content\/uploads\/2020\/09\/shure-55sh-ii-e1601485394796.jpg\" alt=\"\" srcset=\"http:\/\/kommentatorenblog.de\/wp-content\/uploads\/2020\/09\/shure-55sh-ii-e1601485394796.jpg 415w, http:\/\/kommentatorenblog.de\/wp-content\/uploads\/2020\/09\/shure-55sh-ii-e1601485394796-142x300.jpg 142w\" sizes=\"auto, (max-width: 10px) 100vw, 10px\" \/> Stefan Galler, Experte: Alexis Menuge <\/p>\n\n\n\n<hr class=\"wp-block-separator\"\/>\n\n\n\n<p><strong>Internationaler Fussball<\/strong> <strong>(Sportdigital FUSSBALL)<\/strong><\/p>\n\n\n\n<p><span style=\"text-decoration: underline;\">Freitag, 15. Januar 2021<\/span><\/p>\n\n\n\n<p>Liga NOS, 14. Spieltag: <strong><em>Sporting Lissabon \u2013 FC Rio Ave (19.30 Uhr)<\/em><\/strong><\/p>\n\n\n\n<p><img loading=\"lazy\" decoding=\"async\" width=\"10\" height=\"21\" class=\"wp-image-3656\" style=\"width: 10px;\" src=\"http:\/\/kommentatorenblog.de\/wp-content\/uploads\/2020\/09\/shure-55sh-ii-e1601485394796.jpg\" alt=\"\" srcset=\"http:\/\/kommentatorenblog.de\/wp-content\/uploads\/2020\/09\/shure-55sh-ii-e1601485394796.jpg 415w, http:\/\/kommentatorenblog.de\/wp-content\/uploads\/2020\/09\/shure-55sh-ii-e1601485394796-142x300.jpg 142w\" sizes=\"auto, (max-width: 10px) 100vw, 10px\" \/> Karsten Linke<\/p>\n\n\n\n<p>Liga NOS, 14. Spieltag: <strong><em>FC Porto \u2013 Benfica Lissabon (22.00 Uhr)<\/em><\/strong><\/p>\n\n\n\n<p><img loading=\"lazy\" decoding=\"async\" width=\"10\" height=\"21\" class=\"wp-image-3656\" style=\"width: 10px;\" src=\"http:\/\/kommentatorenblog.de\/wp-content\/uploads\/2020\/09\/shure-55sh-ii-e1601485394796.jpg\" alt=\"\" srcset=\"http:\/\/kommentatorenblog.de\/wp-content\/uploads\/2020\/09\/shure-55sh-ii-e1601485394796.jpg 415w, http:\/\/kommentatorenblog.de\/wp-content\/uploads\/2020\/09\/shure-55sh-ii-e1601485394796-142x300.jpg 142w\" sizes=\"auto, (max-width: 10px) 100vw, 10px\" \/> Christian Blunck<\/p>\n\n\n\n<p><span style=\"text-decoration: underline;\">Samstag, 16. Januar 2021<\/span><\/p>\n\n\n\n<p>Hyundai A-League, 04. Woche: <strong><em>Sydney FC\u2013<\/em><\/strong> <strong><em>Western Sydney (07.05 Uhr)<\/em><\/strong><\/p>\n\n\n\n<p><img loading=\"lazy\" decoding=\"async\" width=\"10\" height=\"21\" class=\"wp-image-3656\" style=\"width: 10px;\" src=\"http:\/\/kommentatorenblog.de\/wp-content\/uploads\/2020\/09\/shure-55sh-ii-e1601485394796.jpg\" alt=\"\" srcset=\"http:\/\/kommentatorenblog.de\/wp-content\/uploads\/2020\/09\/shure-55sh-ii-e1601485394796.jpg 415w, http:\/\/kommentatorenblog.de\/wp-content\/uploads\/2020\/09\/shure-55sh-ii-e1601485394796-142x300.jpg 142w\" sizes=\"auto, (max-width: 10px) 100vw, 10px\" \/> Jakob Vogel<\/p>\n\n\n\n<p>Sky Bet Championship, 24. Spieltag: <strong><em>FC Middlesbrough &#8211; Birmingham City (13.30 Uhr) <\/em><\/strong><\/p>\n\n\n\n<p class=\"has-normal-font-size\"><img loading=\"lazy\" decoding=\"async\" width=\"10\" height=\"21\" class=\"wp-image-3656\" style=\"width: 10px;\" src=\"http:\/\/kommentatorenblog.de\/wp-content\/uploads\/2020\/09\/shure-55sh-ii-e1601485394796.jpg\" alt=\"\" srcset=\"http:\/\/kommentatorenblog.de\/wp-content\/uploads\/2020\/09\/shure-55sh-ii-e1601485394796.jpg 415w, http:\/\/kommentatorenblog.de\/wp-content\/uploads\/2020\/09\/shure-55sh-ii-e1601485394796-142x300.jpg 142w\" sizes=\"auto, (max-width: 10px) 100vw, 10px\" \/> Florian Obst<\/p>\n\n\n\n<p>Sky Bet Championship, 24. Spieltag: <strong><em>FC Watford &#8211; Huddersfield Town (16.00 Uhr) <\/em><\/strong><\/p>\n\n\n\n<p class=\"has-normal-font-size\"><img loading=\"lazy\" decoding=\"async\" width=\"10\" height=\"21\" class=\"wp-image-3656\" style=\"width: 10px;\" src=\"http:\/\/kommentatorenblog.de\/wp-content\/uploads\/2020\/09\/shure-55sh-ii-e1601485394796.jpg\" alt=\"\" srcset=\"http:\/\/kommentatorenblog.de\/wp-content\/uploads\/2020\/09\/shure-55sh-ii-e1601485394796.jpg 415w, http:\/\/kommentatorenblog.de\/wp-content\/uploads\/2020\/09\/shure-55sh-ii-e1601485394796-142x300.jpg 142w\" sizes=\"auto, (max-width: 10px) 100vw, 10px\" \/> Arne Malsch<\/p>\n\n\n\n<p>Eredivisie, 17. Spieltag: <strong><em>Sparta Rotterdam \u2013 PSV Eindhoven (18.45 Uhr)<\/em><\/strong><\/p>\n\n\n\n<p class=\"has-normal-font-size\"><img loading=\"lazy\" decoding=\"async\" width=\"10\" height=\"21\" class=\"wp-image-3656\" style=\"width: 10px;\" src=\"http:\/\/kommentatorenblog.de\/wp-content\/uploads\/2020\/09\/shure-55sh-ii-e1601485394796.jpg\" alt=\"\" srcset=\"http:\/\/kommentatorenblog.de\/wp-content\/uploads\/2020\/09\/shure-55sh-ii-e1601485394796.jpg 415w, http:\/\/kommentatorenblog.de\/wp-content\/uploads\/2020\/09\/shure-55sh-ii-e1601485394796-142x300.jpg 142w\" sizes=\"auto, (max-width: 10px) 100vw, 10px\" \/> Ulf Kahmke<\/p>\n\n\n\n<p>Sky Bet Championship, 24. Spieltag: <strong><em>FC Barnsley &#8211; Swansea City (20.45 Uhr) <\/em><\/strong><\/p>\n\n\n\n<p class=\"has-normal-font-size\"><img loading=\"lazy\" decoding=\"async\" width=\"10\" height=\"21\" class=\"wp-image-3656\" style=\"width: 10px;\" src=\"http:\/\/kommentatorenblog.de\/wp-content\/uploads\/2020\/09\/shure-55sh-ii-e1601485394796.jpg\" alt=\"\" srcset=\"http:\/\/kommentatorenblog.de\/wp-content\/uploads\/2020\/09\/shure-55sh-ii-e1601485394796.jpg 415w, http:\/\/kommentatorenblog.de\/wp-content\/uploads\/2020\/09\/shure-55sh-ii-e1601485394796-142x300.jpg 142w\" sizes=\"auto, (max-width: 10px) 100vw, 10px\" \/> Karsten Linke<\/p>\n\n\n\n<p><span style=\"text-decoration: underline;\">Sonntag, 17. Januar 2021<\/span><\/p>\n\n\n\n<p>Eredivisie, 17. Spieltag: <strong><em>Ajax Amsterdam<\/em><\/strong> <strong><em>\u2013<\/em><\/strong> <strong><em>Feyenoord Rotterdam (16.45 Uhr)<\/em><\/strong><\/p>\n\n\n\n<p><img loading=\"lazy\" decoding=\"async\" width=\"10\" height=\"21\" class=\"wp-image-3656\" style=\"width: 10px;\" src=\"http:\/\/kommentatorenblog.de\/wp-content\/uploads\/2020\/09\/shure-55sh-ii-e1601485394796.jpg\" alt=\"\" srcset=\"http:\/\/kommentatorenblog.de\/wp-content\/uploads\/2020\/09\/shure-55sh-ii-e1601485394796.jpg 415w, http:\/\/kommentatorenblog.de\/wp-content\/uploads\/2020\/09\/shure-55sh-ii-e1601485394796-142x300.jpg 142w\" sizes=\"auto, (max-width: 10px) 100vw, 10px\" \/> Karsten Linke<\/p>\n\n\n\n<p><span style=\"text-decoration: underline;\">Montag, 17. Januar 2021<\/span><\/p>\n\n\n\n<p>Copa Diego Armando Maradona, Finale: <strong><em>Boca Juniors \u2013<\/em><\/strong> <strong><em>CA Banfield (02.05 Uhr)<\/em><\/strong><\/p>\n\n\n\n<p><img loading=\"lazy\" decoding=\"async\" width=\"10\" height=\"21\" class=\"wp-image-3656\" style=\"width: 10px;\" src=\"http:\/\/kommentatorenblog.de\/wp-content\/uploads\/2020\/09\/shure-55sh-ii-e1601485394796.jpg\" alt=\"\" srcset=\"http:\/\/kommentatorenblog.de\/wp-content\/uploads\/2020\/09\/shure-55sh-ii-e1601485394796.jpg 415w, http:\/\/kommentatorenblog.de\/wp-content\/uploads\/2020\/09\/shure-55sh-ii-e1601485394796-142x300.jpg 142w\" sizes=\"auto, (max-width: 10px) 100vw, 10px\" \/> Christian Blunck<\/p>\n\n\n\n<hr class=\"wp-block-separator\" id=\"block-0d37e7c0-fca8-4950-a74b-bd632741d4c2\"\/>\n\n\n\n<p id=\"block-0ce62b3c-016c-466b-be78-7cd1ab0ea2b4\"><strong>Die Analyse<\/strong><\/p>\n\n\n\n<p><strong>DAZN mit tabellarischen Topspiel<\/strong><\/p>\n\n\n\n<p>Der 16. Spieltag startet mit einem tabellarischen Topspiel, Union Berlin auf Platz 5 empf\u00e4ngt Bayer Leverkusen auf Platz 3. In der letzten Saison h\u00e4tte man sich gedacht: &#8222;Union Berlin gegen Bayer Leverkusen, ach klarer Sieg f\u00fcr Bayer 04.&#8220; Nach der \u00fcberragenden Hinrunde der Unioner ist vieles m\u00f6glich. By the way: dieses Duell gibt es am Freitag zum 6. Mal. Alle Spiele gewann Leverkusen. Ob sich das Freitag \u00e4ndert? Uli Hebel wird es f\u00fcr euch mit Ralph Gunesch an seiner Seite kommentieren. Alex Schl\u00fcter begr\u00fc\u00dft euch ab 20.15 Uhr und Daniel &#8222;Herzi&#8220; Herzog wird nach Berlin geschickt. Anders wie letzen Freitag (M&#8217;gladbach 3-2 Bayern M\u00fcnchen) ist nur Herzog im Stadion &#8211; schlichtweg schade. <\/p>\n\n\n\n<p><strong>&#8222;Evers-Comeback&#8220; und Schmiso ersetzt Buschi<\/strong><\/p>\n\n\n\n<p>Der Bundesliga Samstag bei Sky ist absolut klassisch. 5er Konferenz und das Topspiel am Abend. Zun\u00e4chst zum Samstagnachmittag: wechseln sich Esther Sedlazcek und Michael Leopold wechseln sich ja an der Seite von Didi Hamann immer ab, diese Woche ist mal wieder Esther Sedlazcek an der Reihe. Welche Partien stehen an? Nicht unbedingt die gro\u00dfen Kracher.  Kai Dittmann kommentiert BVB-Mainz &#8211; das erste BVB-BULI-Heimspiel f\u00fcr ihn diese Saison. Buschi ist in den n\u00e4chsten Wochen mit anderen TV-Aufzeichnungen besch\u00e4ftigt, sodass &#8222;Ziehsohn&#8220; Schmiso am Wochenende in seine Fu\u00dfstapfen treten wird. Er macht Dortmund mal in der Konferenz &#8211; ein bisschen Abwechslung! Insgesamt sein vierten Konferenz-Einsatz in Folge. Marcus Lindemann stellt hier mal wieder die Fragen. Bleiben wir in NRW &#8211; beim Krisenduell zwischen K\u00f6ln und Hertha BSC ist logischer Weise Tom Bayer als Kommentator dabei. Field-Reporter Ulli Potofski war ja beim letzten FC-Heimspiel schon am Start. Wir gehen weiter in den Norden. Michael Born reist aus Hamburg nach Wolfsburg, dort ist RB Leipzig zu Gast (auch aus tabellarischer Sicht interessant). S04-Reporter gro\u00dfe Schlarmann wird ebenfalls den Weg in die Autostadt finden. In Bremen ist Oliver Seidler nach seinen freien Tagen bei Sky wieder dabei. Er sitzt hier beim Heimspiel gegen Augsburg am Mikro. Jens Westen ist der Interviewer &#8211; klassische regionale Einteilungen. Zum Abschluss der 15.30 Uhr &#8211; Spiele landen wir in Sinsheim, Arminia Bielefeld ist zu Gast. Hansi K\u00fcpper, der wegen seines Zweitligaeinsatzes am Sonntag eh nach M\u00fcnchen muss, macht hier auf der Hinreise noch Halt. <\/p>\n\n\n\n<p>Die Kommentatoren f\u00fcr die Konferenz hab ich ja fast noch nicht angesprochen &#8211; holen wir jetzt aber nach. Roland Evers ist nach l\u00e4ngerer Zeit mal wieder in einer Bundesliga-Konferenz dabei. Sein letztes Bundesliga Einzelspiel hatte auch Hoffenheimer Beteiligung. Ebenfalls mit von der Partie ist Jonas Friedrich. Er hatte ja letztes Wochenende eine Bundesliga-Pause. Jetzt steht Leipzig gegen Wolfsburg im Dienstplan. J\u00f6rg Dahlmann (im Vorwort ordnen wir die Geschehnisse nochmal ein) kommentiert das erstes Spiel seiner Abschiedstournee (K\u00f6ln gegen Hertha BSC) und Klaus Veltmann ist in der Konferenz zust\u00e4ndig f\u00fcr das Spiel in Bremen. Beim Topspiel gibt\u00b4s wenig \u00dcberraschungen. Wasserziehr in Stuttgart macht Sinn, weil am Sonntagmorgen ja wieder Sky90 in Unterf\u00f6hring auf dem Plan steht.<\/p>\n\n\n\n<p><strong>Sonntag mit Libbertz und dem klassischen Duo<\/strong><\/p>\n\n\n\n<p>Am Sonntag begr\u00fc\u00dft euch aus dem Studio in Unterf\u00f6hring Jessica Libbertz mit Erik Meijer. Zuerst besch\u00e4ftigen sich die beiden mit dem Heimspiel der Bayern gegen den Club der Stunde aus dem Breisgau. Dieses Spiel k\u00f6nnte durchaus interessant werden. Die Bayern sind seit zwei Spielen ohne Sieg und nach dem Pokal-Aus in Kiel unter Druck. Freiburg hingegen ist der Club der Stunde. Vor Ort sind Wolff-Christoph Fuss und Michael Leopold. Danach empf\u00e4ngt Frankfurt Schalke 04. Zu diesem Spiel stellt man sich einige Fragen: Gewinnt Schalke zum zweiten Mal in Folge? Wird Luka Jovic schon sein Deb\u00fct geben? Liefern Hoppe und Harit wieder ab? Wer ist der perfekte Kommentator f\u00fcr dieses Spiel? Richtig! Marcus Lindemann, er hat Schalke beim erl\u00f6senden 4-0 Heimsieg gegen\u00fcber Hoffenheim begleitet und die Eintracht zuletzt bei ihrer Pokalniederlage unter der Woche in Leverkusen. Hei\u00dft: er hat sich auf  die Beste Art und Weise vorbereitet, da er sich zuletzt mit beiden Mannschaften besch\u00e4ftigt hat. Am Tag zuvor ist Lindemann ja noch Field-Reporter, andersrum ist dies der Fall bei Martin Gro\u00df. Die Hauptsache ist doch, dass das klassiche Duo wieder zusammen am Start ist. Und sie haben das Privileg, dass sie den Abraham-Abschied miterleben d\u00fcrfen.  <\/p>\n\n\n\n<p><strong>Alltag in Liga zwei und nur ein Doppeleinsatz<\/strong><\/p>\n\n\n\n<p>Die Gliederung der Spiele des 16. Spieltags der 2. Bundesliga ist \u00fcblich. 2x Freitag, je 3x am Samstag und Sonntag und 1x der Montag. Am Freitag begr\u00fc\u00dft euch Hartmut von Kameke aus dem Studio mit zwei tollen Spielen. F\u00fcrth empf\u00e4ngt Paderborn und ein Abstiegskracher findet in Bayern zwischen W\u00fcrzburg und der Eintracht aus Braunschweig statt. Kommentieren werden Klaus Veltmann und J\u00fcrgen Schmitz. Den Samstag \u00fcbernimmt wieder Nele Schenker gemeinsam mit den Kommentatoren Holger Pfandt, Torsten Kunde und Sven Haist. Ersterer \u00fcbernimmt den Club aus dem Frankenland im Pott beim VfL Bochum. Torsten Kunde ist bei Hannover gg. St. Pauli dabei und Sven Haist im Erzgebirge mit Aue und der Fortuna aus D\u00fcsseldorf. Der Sonntag hat nur Platz f\u00fcr einen Topclub der 2. Liga, Holstein Kiel und seine Pokalhelden empfangen den Karlsruher SC. Weitere Partien gibt es auch noch: Regensburg gg. Sandhausen und Darmstadt in Heidenheim. Am Mikro sitzen Hansi K\u00fcpper, J\u00f6rg Dahlmann und Holger Pfandt. Alle drei kommen zu ihrem zweiten Einsatz des Wochenendes. Holger Pandt ist der einzige, der zwei Zweitltigaeins\u00e4tze auf dem Konto haben wird. Am Montag gibt&#8217;s gewohnt noch Stefan Hempel mit Torsten &#8222;Tusche&#8220; Mattuschka bei Hamburg gegen Osnabr\u00fcck. Field-Reporter und Schaltm\u00f6glichkeiten haben wir angegeben. <\/p>\n\n\n\n<p><strong>Personal-Rochade wegen Dresden-Absage<\/strong><\/p>\n\n\n\n<p>Die Absage des Dresden-Spiels hat in Liga 3 einiges auf den Kopf gestellt. Bei Magenta Sport h\u00e4tten Markus Herwig und Simon K\u00f6pfer aus Dresden berichten sollen. Diese Eins\u00e4tze fallen zwar weg &#8211; allerdings kommen beide woanders unter. Herwig &#8222;ersetzt&#8220; Lenny Leonhardt in Halle. K\u00f6pfer moderiert bei Unterhaching. Schwele h\u00e4tte dies hier eigentlich machen sollen. Die SPORT1-Allzweckwaffe wird dieses Spiel nun kommentieren. Alex Klich bekommt daf\u00fcr frei. Ansonsten f\u00e4llt beim Dienst der Telekom noch auf, dass &#8222;nur&#8220; Bandermann und H\u00f6hner doppelt ran m\u00fcssen.<\/p>\n\n\n\n<p>Bei den \u00f6ffentlich-rechtlichen h\u00e4tten der MDR und der HR die Partie \u00fcbertragen. Letzterer verzichtet wohl komplett auf Drittligafu\u00dfball am Wochenende?! und f\u00fcr den MDR gab\u00b4s zun\u00e4chst die Alternative mit Saarbr\u00fccken-Zwickau. Diese Partie ist nun auch abgesagt, sodass mit neuem Personal Unterhaching-Magdeburg gezeigt wird. Der NDR hingegen muss seine Planungen nicht umwerfen. Die Namen sind bekannt.  <\/p>\n\n\n\n<p><strong>Vorfreude auf internationale Topspiele und Derby<\/strong><\/p>\n\n\n\n<p>ManU-Liverpool am Sonntag mit gewohntem Personal bei Sky &#8211; inklusive Interviewer. Derby della Capitale und Derby d\u2019Italia bei DAZN mit Fu\u00df und Hagemann. Zudem zeigt Sportdigital FUSSBALL am Freitag Porto gegen Sporting. Insbesondere im internationalen Fu\u00dfball sollte f\u00fcr jeden diese Woche etwas dabei sein.<\/p>\n\n\n\n<p>Macht das Beste draus!<\/p>\n","protected":false},"excerpt":{"rendered":"<p>N\u2019Abend allerseits, zun\u00e4chst freuen wir uns \u00fcber einen Neuzugang. Justin ist ab sofort am Start und hat mich (Leon) diese Woche bereits bei den Ansetzungen unterst\u00fctzt. Herzlich Willkommen! So, und jetzt noch ein paar Worte zur Causa Dahlmann. Im Endeffekt l\u00e4uft J\u00f6rgs Vertrag nach dem Saisonende aus. Derartige Vertr\u00e4ge laufen immer \u00fcber eine Rechteperiode und [&hellip;]<\/p>\n","protected":false},"author":8,"featured_media":0,"comment_status":"open","ping_status":"open","sticky":false,"template":"","format":"standard","meta":{"footnotes":""},"categories":[424],"tags":[20,10,49,246,19,143,57,13,265,30,392,55,82,97,89,440,104,25,90,455,188,347,69,26,93,59,53,79,158,9,112,95,17,114,88,456,15,452,453,142,23,202,137,108,140,340,45,12,432,98,127,81,66,434,134,28,346,105,289,149,107],"class_list":["post-5872","post","type-post","status-publish","format-standard","hentry","category-bundesliga-und-co","tag-2-bundesliga","tag-3-liga","tag-alex-schlueter","tag-alexander-bommes","tag-ard","tag-carsten-spengemann","tag-christian-blunck","tag-dazn","tag-derby","tag-didi-hamann","tag-dirk-grosse-schlarmann","tag-eredivisie","tag-erik-meijer","tag-esther-sedlaczek","tag-florian-schmidt-sommerfeld","tag-handball-wm-2021","tag-hannes-herrmann","tag-hansi-kuepper","tag-holger-pfandt","tag-hr","tag-jessica-libbertz","tag-joachim-hebel","tag-jonas-friedrich","tag-joerg-dahlmann","tag-kai-dittmann","tag-karsten-linke","tag-klaus-veltmann","tag-liga-nos","tag-ligue-1","tag-magenta-sport","tag-marcus-lindemann","tag-martin-gross","tag-mdr","tag-michael-born","tag-michael-leopold","tag-mirko-skomka","tag-ndr","tag-nfl","tag-nhl","tag-patrick-esume","tag-premier-league","tag-prosieben","tag-prosieben-maxx","tag-ralph-gunesch","tag-ran","tag-raphael-honigstein","tag-roland-evers","tag-sascha-bandermann","tag-sascha-staat","tag-sebastian-hellmann","tag-serie-a","tag-sky-bet-championship","tag-sport1","tag-sport1-2","tag-sportdigital-fussball","tag-stefan-hempel","tag-torsten-mattuschka","tag-uli-hebel","tag-ulli-potofski","tag-uwe-morawe","tag-wolff-fuss"],"_links":{"self":[{"href":"http:\/\/kommentatorenblog.de\/index.php?rest_route=\/wp\/v2\/posts\/5872","targetHints":{"allow":["GET"]}}],"collection":[{"href":"http:\/\/kommentatorenblog.de\/index.php?rest_route=\/wp\/v2\/posts"}],"about":[{"href":"http:\/\/kommentatorenblog.de\/index.php?rest_route=\/wp\/v2\/types\/post"}],"author":[{"embeddable":true,"href":"http:\/\/kommentatorenblog.de\/index.php?rest_route=\/wp\/v2\/users\/8"}],"replies":[{"embeddable":true,"href":"http:\/\/kommentatorenblog.de\/index.php?rest_route=%2Fwp%2Fv2%2Fcomments&post=5872"}],"version-history":[{"count":161,"href":"http:\/\/kommentatorenblog.de\/index.php?rest_route=\/wp\/v2\/posts\/5872\/revisions"}],"predecessor-version":[{"id":6143,"href":"http:\/\/kommentatorenblog.de\/index.php?rest_route=\/wp\/v2\/posts\/5872\/revisions\/6143"}],"wp:attachment":[{"href":"http:\/\/kommentatorenblog.de\/index.php?rest_route=%2Fwp%2Fv2%2Fmedia&parent=5872"}],"wp:term":[{"taxonomy":"category","embeddable":true,"href":"http:\/\/kommentatorenblog.de\/index.php?rest_route=%2Fwp%2Fv2%2Fcategories&post=5872"},{"taxonomy":"post_tag","embeddable":true,"href":"http:\/\/kommentatorenblog.de\/index.php?rest_route=%2Fwp%2Fv2%2Ftags&post=5872"}],"curies":[{"name":"wp","href":"https:\/\/api.w.org\/{rel}","templated":true}]}}