{"id":604,"date":"2019-11-18T20:00:29","date_gmt":"2019-11-18T20:00:29","guid":{"rendered":"http:\/\/kommentatorenblog.de\/?p=604"},"modified":"2020-12-30T16:07:12","modified_gmt":"2020-12-30T16:07:12","slug":"1033-rangaistuspotku","status":"publish","type":"post","link":"http:\/\/kommentatorenblog.de\/?p=604","title":{"rendered":"1033 &#8211;  Rangaistuspotku"},"content":{"rendered":"\n<p>N&#8217;Abend allerseits,<\/p>\n\n\n\n<p>vielerorts sind die W\u00fcrfel bereits gefallen, die EM-Tickets gel\u00f6st. Die deutsche Nationalmannschaft kann nach holprigem Quali-Start sogar noch Gruppensieger werden, schlie\u00dflich belegt das DFB-Team vor seiner letzten Aufgabe gegen Nordirland mit 18 Z\u00e4hlern den ersten Platz in Gruppe C.<\/p>\n\n\n\n<p>Genauso viele Punkte hat Finnland in Gruppe J auf dem Konto, wohlgemerkt mit zwei absolvierten Spielen mehr. Das kann den Skandinaviern aber reichlich egal sein. Denn der Sieg \u00fcber Liechtenstein versetzte das Land am Freitagabend in einen Ausnahmezustand.<\/p>\n\n\n\n<p>Ich hatte das Gl\u00fcck, \u00fcber das Wochenende einen finnischen Freund zu Besuch zu haben. Deshalb kam auch ich in den Genuss, mir das Spektakel anzuschauen. Seit Wochen schreibt die finnische Presse \u00fcber nichts anderes, erkl\u00e4rte mir mein Kollege, der sichtbar angespannt vor dem Bildschirm hockte.<\/p>\n\n\n\n<p>In der zweiten Halbzeit wurde es dann lauter &#8211; und ich lernte gleichzeitig interessante Vokabeln: &#8222;Rangaistuspotku&#8220; rief mein Kollege unmittelbar nach einem Foulspiel an Finnland im Strafraum. Er forderte einen Elfmeter und den sollte es geben. Teemu Pukki machte in der Folge reinen Tisch f\u00fcr den Favoriten.<\/p>\n\n\n\n<p>Damit schafften er und seine Mannschaft Historisches, erstmals wird Finnland bei einer EM mit dabei sein. Selbst unter Jari Litmanen war es den Finnen damals verwehrt geblieben, sich f\u00fcr Welt- oder Europameisterschaft zu qualifizieren. <\/p>\n\n\n\n<p>Aber nicht nur Finnland hat seit dem vergangenen Wochenende die EM-Teilnahme sicher. Auch Titelverteidiger Portugal, die Niederlande, Kroatien, Schweden und \u00d6sterreich d\u00fcrfen sich j\u00fcngst dar\u00fcber freuen, ab dem 12. Juni 2020 um den EM-Titel mizuspielen.<\/p>\n\n\n\n<p>Ungarn, Wales und die Slowakei streiten sich noch um den zweiten Platz in Gruppe E. Und rein theoretisch ist auch die Schweiz noch nicht durch&#8230; Wir schauen auf die doch recht d\u00fcnnen Ansetzungen der n\u00e4chsten Tage:<\/p>\n\n\n\n<p><strong><em><span style=\"text-decoration: underline;\">Die Ansetzungen vom 19. November 2019 bis zum 21. November 2019<\/span><\/em><\/strong><\/p>\n\n\n\n<p><strong>European Qualifiers, 10. Spieltag<\/strong><\/p>\n\n\n\n<p><span style=\"text-decoration: underline;\">Dienstag, 19. November, ab 20.15 Uhr (RTL)<\/span><\/p>\n\n\n\n<p><strong><em>Deutschland \u2013 Nordirland (20.45 Uhr)<\/em><\/strong><\/p>\n\n\n\n<p>RTL: Marco Hagemann, Experte: Steffen Freund<\/p>\n\n\n\n<p>Moderation (RTL): Florian K\u00f6nig, Experte: J\u00fcrgen Klinsmann<\/p>\n\n\n\n<p><span style=\"text-decoration: underline;\">ab 20.45 Uhr (DAZN)<\/span><\/p>\n\n\n\n<p><strong>Lettland &#8211; \u00d6sterreich (20.45 Uhr)<\/strong><\/p>\n\n\n\n<p>DAZN: Lukas Sch\u00f6nm\u00fcller<\/p>\n\n\n\n<p><strong>Belgien &#8211; Zypern (20.45 Uhr)<\/strong><\/p>\n\n\n\n<p>DAZN: Uwe Morawe<\/p>\n\n\n\n<p><strong>Davis Cup Finals<\/strong><\/p>\n\n\n\n<p><span style=\"text-decoration: underline;\">Dienstag, 19. November, ab 18.00 Uhr (DAZN)<\/span><\/p>\n\n\n\n<p><strong>Spanien &#8211; Russland (18.00 Uhr)<\/strong><\/p>\n\n\n\n<p>DAZN: Elmar Paulke<\/p>\n\n\n\n<p><span style=\"text-decoration: underline;\">Mittwoch, 20. November, ab 11.00 Uhr (DAZN)<\/span><\/p>\n\n\n\n<p><strong>Deutschland &#8211; Argentinien (11.00 Uhr)<\/strong><\/p>\n\n\n\n<p>DAZN: Elmar Paulke<\/p>\n\n\n\n<p><strong>Kroatien &#8211; Spanien (18.00 Uhr)<\/strong><\/p>\n\n\n\n<p>DAZN: Herbert Gogel<\/p>\n\n\n\n<p><span style=\"text-decoration: underline;\">Donnerstag, 21. November, ab 11.00 Uhr (DAZN)<\/span><\/p>\n\n\n\n<p><strong>Deutschland &#8211; Chile (11.00 Uhr)<\/strong><\/p>\n\n\n\n<p>DAZN: Elmar Paulke<\/p>\n\n\n\n<p><strong>Die Analyse<\/strong><\/p>\n\n\n\n<p>F\u00fcr die Qualispiele, in denen noch Entscheidungen anstehen, ist kein deutscher Kommentar angesetzt. Das trift zum Teil auf auch Gruppe C zu. Hier geht es schlie\u00dflich um die Frage nach dem Gruppensieger bzw. darum, in welchen Lost\u00f6pfen Deutschland und die Niederlande letztlich landen. <\/p>\n\n\n\n<p>Statt beim Spiel zwischen den Niederlanden und Estland einen Kommentar anzusetzen, schickt DAZN Lukas Sch\u00f6nm\u00fcller und Uwe Morawe f\u00fcr die Partien zwischen \u00d6sterreich und Lettland sowie Belgien und Zypern ans Mikro. <\/p>\n\n\n\n<p>Zur gleichen Zeit kommentiert das altbew\u00e4hrte Duo aus Marco Hagemann und Steffen Freund auf RTL das letzte Spiel der deutschen Nationalmannschaft. Als zus\u00e4tzlicher Experte ist wieder J\u00fcrgen Klinsmann vor Ort. <\/p>\n\n\n\n<p>Wer den Fu\u00dfball ausklammert, der erkennt, dass es f\u00fcr Elmar Paulke eine eng gestrickte Woche wird. Im Davis-Cup darf er gleich dreimal ran. Sollte aber kein Problem sein, denn abgesehen von Darts hat Paulke ja bekanntlich auch ein Faible f\u00fcr Tennis.<\/p>\n\n\n\n<p>In diesem Sinne euch eine sch\u00f6ne Woche!<\/p>\n","protected":false},"excerpt":{"rendered":"<p>N&#8217;Abend allerseits, vielerorts sind die W\u00fcrfel bereits gefallen, die EM-Tickets gel\u00f6st. Die deutsche Nationalmannschaft kann nach holprigem Quali-Start sogar noch Gruppensieger werden, schlie\u00dflich belegt das DFB-Team vor seiner letzten Aufgabe gegen Nordirland mit 18 Z\u00e4hlern den ersten Platz in Gruppe C. Genauso viele Punkte hat Finnland in Gruppe J auf dem Konto, wohlgemerkt mit zwei [&hellip;]<\/p>\n","protected":false},"author":2,"featured_media":0,"comment_status":"open","ping_status":"open","sticky":false,"template":"","format":"standard","meta":{"footnotes":""},"categories":[426],"tags":[206,13,204,147,207,205,43,138,151,149],"class_list":["post-604","post","type-post","status-publish","format-standard","hentry","category-laenderspiele","tag-davis-cup","tag-dazn","tag-elmar-paulke","tag-european-qualifiers","tag-juergen-klinsmann","tag-lukas-schoenmueller","tag-marco-hagemann","tag-rtl","tag-steffen-freund","tag-uwe-morawe"],"_links":{"self":[{"href":"http:\/\/kommentatorenblog.de\/index.php?rest_route=\/wp\/v2\/posts\/604","targetHints":{"allow":["GET"]}}],"collection":[{"href":"http:\/\/kommentatorenblog.de\/index.php?rest_route=\/wp\/v2\/posts"}],"about":[{"href":"http:\/\/kommentatorenblog.de\/index.php?rest_route=\/wp\/v2\/types\/post"}],"author":[{"embeddable":true,"href":"http:\/\/kommentatorenblog.de\/index.php?rest_route=\/wp\/v2\/users\/2"}],"replies":[{"embeddable":true,"href":"http:\/\/kommentatorenblog.de\/index.php?rest_route=%2Fwp%2Fv2%2Fcomments&post=604"}],"version-history":[{"count":3,"href":"http:\/\/kommentatorenblog.de\/index.php?rest_route=\/wp\/v2\/posts\/604\/revisions"}],"predecessor-version":[{"id":607,"href":"http:\/\/kommentatorenblog.de\/index.php?rest_route=\/wp\/v2\/posts\/604\/revisions\/607"}],"wp:attachment":[{"href":"http:\/\/kommentatorenblog.de\/index.php?rest_route=%2Fwp%2Fv2%2Fmedia&parent=604"}],"wp:term":[{"taxonomy":"category","embeddable":true,"href":"http:\/\/kommentatorenblog.de\/index.php?rest_route=%2Fwp%2Fv2%2Fcategories&post=604"},{"taxonomy":"post_tag","embeddable":true,"href":"http:\/\/kommentatorenblog.de\/index.php?rest_route=%2Fwp%2Fv2%2Ftags&post=604"}],"curies":[{"name":"wp","href":"https:\/\/api.w.org\/{rel}","templated":true}]}}