{"id":6121,"date":"2021-01-18T19:55:54","date_gmt":"2021-01-18T18:55:54","guid":{"rendered":"http:\/\/kommentatorenblog.de\/?p=6121"},"modified":"2021-01-27T14:53:38","modified_gmt":"2021-01-27T13:53:38","slug":"1141-pfundige-podcasts-und-englische-woche","status":"publish","type":"post","link":"http:\/\/kommentatorenblog.de\/?p=6121","title":{"rendered":"1141 \u2013 Pfundige Podcasts und englische Woche"},"content":{"rendered":"\n<p>N\u2019abend allerseits,<\/p>\n\n\n\n<p>weil die Lage es zul\u00e4sst, m\u00f6chte ich heute mal ein Thema anleiern, das ich schon sehr lange auf dem Zettel habe. Dabei dreht es sich auch um einige Charaktere der Sport-Medien-Welt, die hier regelm\u00e4\u00dfig im Blog Beachtung finden &#8211; allerdings in einer anderen Rolle. Denn die Moderatoren und Kommentatoren nehmen neben den Fu\u00dfball-Live-Spielen nat\u00fcrlich noch andere Aufgaben wahr. Im heutigen Eintrag soll es sich um Podcasts &#8211; im Speziellen um Sport-Podcasts &#8211; drehen. Denn wer sich das Angebot mal genauer zur Gem\u00fcte f\u00fchrt, wird von der Vielfalt der Sport-Podcasts wahrscheinlich so \u00fcberrascht sein wie Frank Buschmann von der Menge an Kommentatoren-Ansetzungen jede Woche.<\/p>\n\n\n\n<p>Ich muss gestehen, dass ich bis 2019 eigentlich kaum Podcasts regelm\u00e4\u00dfig verfolgt habe. Viele sind ja doch sehr lang und irgendwie war ich nicht immer bereit, daf\u00fcr Zeit aufzubringen. Vielleicht bin ich bis dahin aber auch einfach nicht auf die richtigen Angebote gesto\u00dfen. Seit ich jedoch berufsbedingt jeden Tag 90 Minuten im Auto sitze, hat sich meine Sicht gewandelt. Zugegeben: Es gibt auch nicht all zu viele andere M\u00f6glichkeiten, sich auf dem Weg zum B\u00fcro oder nach Hause auditiv berieseln zu lassen. Radio, Musik, H\u00f6rb\u00fccher &#8211; all das sind nat\u00fcrlich Alternativen, um die Fahrt unterhaltsamer oder interessanter zu machen. Ich bin letztlich bei den Podcasts h\u00e4ngengeblieben.<\/p>\n\n\n\n<p>Im Laufe der Zeit habe ich bereits in viele Sport-Podcasts vertiefend reingeh\u00f6rt und mir ein Urteil gebildet. Mittlerweile rotieren bei mir fast immer nur noch die gleichen f\u00fcnf Podcasts aus dem Sport-Bereich, gepaart mit Podcasts aus anderen Bereichen, die f\u00fcr diesen Blog allerdings eine untergeordnete Rolle spielen. In jedem Fall w\u00fcrde ich gerne meine f\u00fcnf Favoriten einmal kurz vorstellen und auch begr\u00fcnden, was mir daran so gut gef\u00e4llt. Ich m\u00f6chte dabei keine Sterne vergeben oder \u00e4hnliches Albernes, sondern die Podcasts einfach nach verschiedenen Gesichtspunkten bewerten. Wer \u00e4hnlich sportinteressiert ist &#8211; und das ist hier quasi vorauszusetzen &#8211; dem sind die Namen sicherlich nicht fremd.<\/p>\n\n\n\n<p><strong>Kicker meets Dazn<\/strong><\/p>\n\n\n\n<ul class=\"wp-block-list\"><li>Bereich: Fu\u00dfball<\/li><li>Erscheinungszyklus: w\u00f6chentlich, manchmal alle zwei Wochen<\/li><li>Besetzung: Benni Zander und Alex Schl\u00fcter<\/li><li>Dauer der Folgen: 1h &#8211; 1 1\/2 Stunden<\/li><\/ul>\n\n\n\n<p>Bei &#8222;Kicker meets Dazn&#8220; arbeiten DAZN-Moderator Alex Schl\u00fcter und Kommentator Benni Zander das aktuelle Fu\u00dfball-Geschehen auf. In den Folgen werden immer wieder Experten vom Fu\u00dfball-Magazin Kicker dazugeschaltet, die die Sachverhalte einordnen. Aber auch andere G\u00e4ste aus der Fu\u00dfball-Welt finden immer wieder den Weg in den Podcast. Als Beispiele nenne ich mal die aus meiner Sicht sehr sympathischen Thomas M\u00fcller und Christian Streich. Gerade Taktik-Fans kommen in dem Podcast auf ihre Kosten, weil immer wieder auch ganz verschiedene Trainer-Typen mit unterschiedlichen Ans\u00e4tzen zu Wort kommen. Mit Peter Hyballa war erst k\u00fcrzlich ein Trainer zu h\u00f6ren, f\u00fcr den der psychologische Aspekt gegen\u00fcber dem taktischen Teil klar \u00fcberwiegt. Ob Julian Nagelsmann das unterschreiben w\u00fcrde? Auch der war \u00fcbrigens schon im Podcast zu h\u00f6ren.&nbsp;<\/p>\n\n\n\n<p>Zudem lockern Zander und Schl\u00fcter den Podcast immer wieder mit Anekdoten zu Spielern oder Ereignissen auf. Was nat\u00fcrlich auch eine Rolle spielt, wenn Dazn auf Kicker trifft, ist der sogenannte Kicker-Manager. Was die beiden damit meinen, wenn sie dar\u00fcber schwadronieren, ist das Kicker-Managerspiel Interactive, das ich allen nur w\u00e4rmstens ans Herz legen kann. Es ist im Freunden- und Bekanntenkreis eine nette Erg\u00e4nzung zu den klassischen Tippspielen wie Kicktipp. Jeder Teilnehmer stellt vor einer Saison mit dem gleichen virtuellen Budget eine Bundesliga-Mannschaft zusammen. Im Laufe der Saison sammeln die Spieler dann Punkte, abh\u00e4ngig von ihren Leistungen. Ich h\u00f6re den beiden gerne zu, wenn sie sich etwa \u00e4rgern, bestimmte Spieler (nicht) aufgestellt zu haben &#8211; Identifikationspotential vorprogrammiert. <\/p>\n\n\n\n<p>Die Folgen dauern um die 90 Minuten. Allerdings ver\u00f6ffentlichen die Podcast-Macher zu jeder Folge einen guten Themen- bzw. Zeitplan, an dem man ablesen kann, was wann drankommt und ggf. ein bisschen f\u00fcr sich selektieren kann. Diesen \u201eGuide\u201c finde ich pers\u00f6nlich sehr praktisch, kenne ich aus anderen Podcasts so nicht. Als letztes noch ein kleiner Funfact zur Personalie Alex Schl\u00fcter: Am Anfang wirkte es auf mich so, als w\u00fcrde er mit dem Alias Fabian Raphael bei WDR2 am Morgen die Stau-Durchsagen machen. Inzwischen kenne ich beide Stimmen besser, erkenne einen feinen Unterschied und kaufe den Herren ab, dass es sich nicht um ein und dieselbe Person handelt \ud83d\ude00<\/p>\n\n\n\n<p><strong>Lauschangriff<\/strong><\/p>\n\n\n\n<ul class=\"wp-block-list\"><li>Bereich: Sport<\/li><li>Erscheinungszyklus: w\u00f6chentlich<\/li><li>Besetzung: Frank Buschmann und Florian Schmidt-Sommerfeld<\/li><li>Dauer der Folgen: 1 1\/2 Stunden &#8211; 2 Stunden<\/li><\/ul>\n\n\n\n<p>Etwas strikter w\u00f6chentlich kommt der &#8222;Lauschangriff&#8220; mit Frank Buschmann und Florian Schmidt-Sommerfeld. Abgesehen vom Erscheinungsrhythmus ist an dem Podcast aber auch nicht viel strikt. Schmiso versucht zwar manchmal, die angepeilten Themen noch irgendwie durchzubringen, nachdem Buschi wieder mal etwas abgeschweift ist, aber im Grunde \u00fcberzeugt mich der Podcast vor allem mit seiner lockeren, enthusiastischen Atmosph\u00e4re und unterhaltsamen Art. Hin und wieder sticheln die zwei gegenseitig, das finde ich eigentlich ganz charmant. Buschi selbst tut es ja zurecht auch als D\u00f6nekes ab, man muss es halt m\u00f6gen, ich mag\u2019s.&nbsp;<\/p>\n\n\n\n<p>Doch das Wichtigste ist, dass die Verpackung eben nicht \u00fcber den Inhalt hinwegt\u00e4uscht. Was den Podcast n\u00e4mlich auch ausmacht, sind interessante Themen und Ausf\u00fchrungen mit inhaltlicher Tiefe. Dabei dreht es sich, und das empfinde ich als sehr angenehm, nicht nur um Fu\u00dfball. Abh\u00e4ngig von den Sportereignissen stehen schwerpunktm\u00e4\u00dfig auch ganz andere Sportarten auf der Agenda. Zur Vierschanzentournee gab es etwa eine lange Folge mit Sven Hannawald als Gast. F\u00fcr die Leser unseres Blogs war diese Folge unter Umst\u00e4nden besonders interessant, es ging darin auch um TV-Sender und das Personal. Hannawald ist ja inzwischen bei der ARD gelandet. Was das bedeutet und was bei einer solchen Entscheidung des \u201eSenderwechsels\u201c mit reinspielt, gibt es alles im Podcast zu h\u00f6ren.<\/p>\n\n\n\n<p>Regelm\u00e4\u00dfiges Thema ist zudem die NFL &#8211; das \u00fcberrascht mit Blick auf die Protagonisten des Podcasts dann doch recht wenig. Tennis, Formel 1, Darts &#8211; die Bandbreite ist gr\u00f6\u00dfer als bei vielen anderen Sport-Podcasts, die ich kenne. Gerne lassen die beiden gro\u00dfe Momente eines vorangegangenen Ereignisses noch einmal aus ihrer Sicht Revue passieren &#8211; und zwar meistens sehr innbr\u00fcnstig. Auch, wenn die Information nicht mehr neu ist, kann man sich so noch einmal sch\u00f6n in die Stimmung hineinversetzen. Erst letztens habe ich durch Zufall die folgende Lauschangriff-Rezension gelesen: \u201eEs werden alle wichtigen Sportereignisse der vergangenen Woche mit einer guten Prise Humor und Sachverstand besprochen.\u201c Passt, w\u00fcrde ich so unterschreiben.<\/p>\n\n\n\n<p><strong>Hand aufs Harz&nbsp;<\/strong><\/p>\n\n\n\n<ul class=\"wp-block-list\"><li>Bereich: Handball<\/li><li>Erscheinungszyklus: alle zwei Wochen<\/li><li>Besetzung: Florian Schmidt-Sommerfeld<\/li><li>Dauer der Folgen: 1 1\/2 Stunden &#8211; 2 Stunden<\/li><\/ul>\n\n\n\n<p>Dass Schmiso es auch alleine kann, zeigt er in seinem Podcast \u201eHand aufs Harz\u201c, auf dessen Folgen ich mich insbesondere jetzt w\u00e4hrend der Handball-WM freue. Schwerpunktm\u00e4\u00dfig geht es in dem Podcast sonst aber um die Handball-Bundesliga. Das liegt auch nahe, es handelt sich schlie\u00dflich um den offiziellen Podcast der Liqui Moly HBL. Es geht immer wieder um die aktuelle Situation der Mannschaften in der HBL, die herausragenden Spieler der vergangenen Wochen, aber auch ganz pers\u00f6nliche Geschichten der HBL-Akteure.<\/p>\n\n\n\n<p>Denn Schmiso ist eben doch nicht ganz alleine, sondern hat immer wieder spannende G\u00e4ste mit an Bord. Ob Heiner Brand, Holger Glandorf, Robert Weber oder Alfred Gislason &#8211; mit den Gr\u00f6\u00dfen des Sports spricht der Sky-Kommentator \u00fcber aktuelle Handball-Ereignisse und gerne auch mal \u00fcber private Dinge, ohne dabei den Faden zu verlieren. Der Fragen-Katalog ist prall und wenn einer der G\u00e4ste mal keine lange Antwort parat hat, schie\u00dft Schmiso die n\u00e4chste Frage raus. Dadurch wirkt das Gespr\u00e4ch manchmal ein wenig konstruiert, aber das ist Kritik auf hohem Niveau. Zumal die Fragen gut und interessant sind und meistens bleibt das Gespr\u00e4ch ja auch authentisch.<\/p>\n\n\n\n<p>Immer wieder findet Schmiso auch spannende Geschichten, die als Ausgangslage f\u00fcr seine Interviews dienen. Zuletzt war im Podcast etwa der \u201eComebacker\u201c Simon Ernst zu h\u00f6ren, der dreimal erfolgreich von einem Kreuzbandriss zur\u00fcckgekommen ist. Zum Teil geraten die Folgen f\u00fcr meinen Geschmack etwas zu lang. Aber das ist erstens Ansichtssache und zweitens hat sich Schmiso vorgenommen, zumindest die Intros in diesem Jahr etwas zu straffen. Mal gucken, ob es klappt.&nbsp;<\/p>\n\n\n\n<p><strong>Und nun zum Sport<\/strong><\/p>\n\n\n\n<ul class=\"wp-block-list\"><li>Bereich: Sport<\/li><li>Erscheinungszyklus: w\u00f6chentlich<\/li><li>Besetzung: Martin Schneider, Christopher Gerards und andere SZ-Sportredakteure<\/li><li>Dauer der Folgen: 20 &#8211; 45 Minuten<\/li><\/ul>\n\n\n\n<p>Sehr gerne h\u00f6re ich au\u00dferdem den Sport-Podcast der S\u00fcddeutschen Zeitung \u201eUnd nun zum Sport\u201c. Irgendwie gef\u00e4llt mir pers\u00f6nlich bereits der Name des Podcasts sehr gut. Dieser lehnt sich an eine beliebte \u00dcberleitung aus den Fernsehnachrichten an, ordnet die Relevanz des Sports damit aber gleicherma\u00dfen ein. Ich bin ein gro\u00dfer Sport-Fan, finde es aber trotzdem notwendig, den Sport den wirklich wichtigen Dingen unterzuordnen und ihn als das darzustellen, was er ist &#8211; eine Nebensache. Wenn auch die sch\u00f6nste.<\/p>\n\n\n\n<p>Formal \u00fcberzeugt der Podcast au\u00dferdem durch eine sehr angenehme L\u00e4nge. Man braucht nicht selektieren oder gewisse Sequenzen \u00fcberspringen, weil die Redakteurinnen und Redakteure der SZ sehr schnell zur Sache kommen. Wie auch beim &#8222;Lauschangriff&#8220; stehen alle m\u00f6glichen Sport-Themen auf der Agenda. Sachverhalte aus der Sportpolitik, die in anderen Podcasts vielleicht etwas zu kurz kommen, sind hier zentral und werden eingeordnet. Der journalistische Mehrwert und die Expertise der Podcaster kommt insbesondere bei den vermeintlich heikleren bzw. problematischeren Themen zum Vorschein. Das Financial Fairplay oder auch die Folgen der Corona-Krise auf den Sport wurden im vergangenen Jahr zum Beispiel thematisiert.<\/p>\n\n\n\n<p>Grunds\u00e4tzlich \u00e4u\u00dfern die Redakteurinnen und Redakteure gerne mal gut durchdachte Gedanken, die nicht unbedingt auf der Hand liegen, und auf die man selbst noch gar nicht&nbsp;gekommen ist. Die Podcaster sehen sich dabei eher in der Rolle des Experten als in der Rolle des Sportfans. Dadurch geht der unterhaltende Effekt nat\u00fcrlich zugunsten von sachlichen Analysen etwas verloren, die Informationsdichte ist aber umso gr\u00f6\u00dfer. Was auch ganz reizvoll ist, sind die vielen verschiedenen Impulse durch das wechselnde Podcast-Personal. Rein nach Gef\u00fchl kommen Christopher Gerards und Martin Schneider am h\u00e4ufigsten dran. Letzterer hat \u00fcbrigens weder was mit dem ZDF-Interviewer noch mit dem Comedian aus Hessen zu tun &#8211; wo wir doch vorhin beim Thema Verwechslungen waren \ud83d\ude00<\/p>\n\n\n\n<p><strong>Fu\u00dfball Inside<\/strong><\/p>\n\n\n\n<ul class=\"wp-block-list\"><li>Bereich: Fu\u00dfball regional<\/li><li>Erscheinungszyklus: w\u00f6chentlich, hin und wieder Sonderfolgen<\/li><li>Besetzung: Andreas Ernst und andere Funke-Reporter sowie Moderatoren<\/li><li>Dauer der Folgen: 30 &#8211; 45 Minuten<\/li><\/ul>\n\n\n\n<p>Mit \u201eFu\u00dfball Inside\u201c darf in meiner Auflistung ein Podcast nicht fehlen, den ich aufgrund des regionalen Bezugs sehr gerne h\u00f6re. Deswegen habe ich ihn hier mal hintangestellt, es geht n\u00e4mlich lediglich um Fu\u00dfball aus dem Ruhrgebiet. Nat\u00fcrlich spielen Borussia Dortmund und Schalke die gr\u00f6\u00dfte Rolle, aber auch andere Vereine aus dem Pott finden Erw\u00e4hnung. Ich finde es zum Beispiel super, dass auch \u00fcber die Lage des MSV Duisburg, RW Oberhausen oder RW Essen detailliert berichtet wird. Etwas zu selten dreht sich eine Folge schwerpunktm\u00e4\u00dfig um die &#8222;kleineren&#8220; Klubs, aber immerhin: In sehr vielen Folgen wird den Teams ihr Pl\u00e4tzchen einger\u00e4umt.<\/p>\n\n\n\n<p>In diesem Jahr ist es irgendwie auch nochmal etwas Besonderes, habe ich den Eindruck. Das mag daran liegen, dass Schalke und Duisburg im tiefen Abstiegskampf stecken und Bochum pl\u00f6tzlich mal wieder die Chance hat, am Oberhaus zu schnuppern. In jedem Fall h\u00f6re ich die kurzweiligen Beitr\u00e4ge sehr gerne. In dieser Saison kam es schon mehrfach zu Sonderfolgen, es gab ja bei den beiden gro\u00dfen Klubs alleine drei Trainer-Entlassungen.<\/p>\n\n\n\n<p>Personell setzen die Podcast-Macher, die der Funke-Mediengruppe angeh\u00f6ren, auf wechselnde Reporter, \u00e4hnlich wie bei \u201eUnd nun zum Sport\u201c. Andreas Ernst oder Sebastian Wei\u00dfling sind beispielsweise oft im Einsatz und treffen dann auf verschiedene Moderatoren aus den Lokal-Radios aus der Umgebung. Bei Bochum und Duisburg ist h\u00e4ufig Timo D\u00fcngen von Radio Emscher Lippe zu h\u00f6ren. Wer von ganz woanders kommt, f\u00fcr den ist diese Empfehlung wahrscheinlich wenig erhellend. Wer aus dieser Ecke stammt, sollte aber unbedingt mal reinh\u00f6ren. Sind echt sympathische Jungs.<\/p>\n\n\n\n<p><strong>Podcast-Appell: Recherchiert einfach mal selbst<\/strong><\/p>\n\n\n\n<p>So viel zu meinen Top 5 Podcasts aus dem Bereich Sport. Es gibt nat\u00fcrlich noch viel mehr viele tolle Podcasts &#8211; gerade auch f\u00fcr Special Interest. Ein gutes Beispiel ist Eishockey. Als die DEL-Saison auf der Kippe stand, habe ich in verschiedene Eishockey-Podcasts mal reingeh\u00f6rt. Auch da sind Moderatoren und Kommentatoren vertreten, die Einige hier aus dem Blog kennen. Da gibt es etwa den Eishockey-Podcast von Magenta Sport mit Rick Goldmann, Basti Schwele und Sascha Bandermann. Aber auch Christoph Fetzer (Prime Video &amp; Magenta Sport) hat mit \u201ebissl Hockey\u201c einen Eishockey-Podcast, in den es sich lohnt reinzuh\u00f6ren.<\/p>\n\n\n\n<p>Abseits des Sports h\u00f6re ich vor allem Politik-Podcasts. Die \u201eLage der Nation\u201c kann ich allen wirklich nur w\u00e4rmstens empfehlen. Kommt jede Woche, ist immer aktuell, relevant, kritisch, analytisch und was mir pers\u00f6nlich sehr wichtig ist: transparent. Philip Banse und Ulf Buermeyer machen da echt schon \u00fcber Jahre einen tollen Job. Wenn es schneller gehen soll, empfiehlt sich \u201eAuf den Punkt\u201c von der SZ. Das ist bestens geeignet, wenn man etwa die Radio-Nachrichten verpasst hat. Ganz grunds\u00e4tzlich gilt bei Politik- und Sport-Podcasts, wie auch allen anderen Bereichen: Schaut euch einfach mal selbst um. Das Angebot ist vielf\u00e4ltiger, als man es f\u00fcr m\u00f6glich h\u00e4lt. Und wer auch schon begeisterter Podcast-H\u00f6rer ist: Schreibt gerne in die Kommentare, was euch am besten gef\u00e4llt.<\/p>\n\n\n\n<p>Nun aber zum Tagesgesch\u00e4ft.<\/p>\n\n\n\n<p><strong><em>Die Ansetzungen vom 19. Januar bis zum 21. Januar 202<\/em><\/strong>1<\/p>\n\n\n\n<p><strong>Bundesliga, 17. Spieltag (Sky)<\/strong><\/p>\n\n\n\n<p><span style=\"text-decoration: underline;\">Dienstag, 19. Januar 2021, ab 17.30 Uhr<\/span><\/p>\n\n\n\n<p><strong><em>Borussia M\u00f6nchengladbach \u2013 Werder Bremen (18.30 Uhr)<\/em><\/strong><\/p>\n\n\n\n<p class=\"has-normal-font-size\"><img loading=\"lazy\" decoding=\"async\" width=\"10\" height=\"21\" class=\"wp-image-3656\" style=\"width: 10px;\" src=\"http:\/\/kommentatorenblog.de\/wp-content\/uploads\/2020\/09\/shure-55sh-ii-e1601485394796.jpg\" alt=\"\" srcset=\"http:\/\/kommentatorenblog.de\/wp-content\/uploads\/2020\/09\/shure-55sh-ii-e1601485394796.jpg 415w, http:\/\/kommentatorenblog.de\/wp-content\/uploads\/2020\/09\/shure-55sh-ii-e1601485394796-142x300.jpg 142w\" sizes=\"auto, (max-width: 10px) 100vw, 10px\" \/> Martin Gro\u00df <\/p>\n\n\n\n<p>Field-Reporter: Marcus Lindemann<\/p>\n\n\n\n<p><span style=\"text-decoration: underline;\">ab 20.20 Uhr<\/span><\/p>\n\n\n\n<p><strong><em>Bayer 04 Leverkusen \u2013 Borussia Dortmund (20.30 Uhr)<\/em><\/strong><\/p>\n\n\n\n<p class=\"has-normal-font-size\"><img loading=\"lazy\" decoding=\"async\" width=\"10\" height=\"21\" class=\"wp-image-3656\" style=\"width: 10px;\" src=\"http:\/\/kommentatorenblog.de\/wp-content\/uploads\/2020\/09\/shure-55sh-ii-e1601485394796.jpg\" alt=\"\" srcset=\"http:\/\/kommentatorenblog.de\/wp-content\/uploads\/2020\/09\/shure-55sh-ii-e1601485394796.jpg 415w, http:\/\/kommentatorenblog.de\/wp-content\/uploads\/2020\/09\/shure-55sh-ii-e1601485394796-142x300.jpg 142w\" sizes=\"auto, (max-width: 10px) 100vw, 10px\" \/> Wolff Fuss (Einzelspiel), Jonas Friedrich (Konferenz)<\/p>\n\n\n\n<p>Field-Reporter: Patrick Wasserziehr <\/p>\n\n\n\n<p><strong><em>1.FSV Mainz 05 \u2013 VfL Wolfsburg (20.30 Uhr)<\/em><\/strong><\/p>\n\n\n\n<p class=\"has-normal-font-size\"><img loading=\"lazy\" decoding=\"async\" width=\"10\" height=\"21\" class=\"wp-image-3656\" style=\"width: 10px;\" src=\"http:\/\/kommentatorenblog.de\/wp-content\/uploads\/2020\/09\/shure-55sh-ii-e1601485394796.jpg\" alt=\"\" srcset=\"http:\/\/kommentatorenblog.de\/wp-content\/uploads\/2020\/09\/shure-55sh-ii-e1601485394796.jpg 415w, http:\/\/kommentatorenblog.de\/wp-content\/uploads\/2020\/09\/shure-55sh-ii-e1601485394796-142x300.jpg 142w\" sizes=\"auto, (max-width: 10px) 100vw, 10px\" \/> Klaus Veltman (Einzelspiel), J\u00f6rg Dahlmann (Konferenz)<\/p>\n\n\n\n<p>Field-Reporter: Ulli Potofski <\/p>\n\n\n\n<p><strong><em>Hertha BSC \u2013 TSG Hoffenheim (20.30 Uhr)<\/em><\/strong><\/p>\n\n\n\n<p class=\"has-normal-font-size\"><img loading=\"lazy\" decoding=\"async\" width=\"10\" height=\"21\" class=\"wp-image-3656\" style=\"width: 10px;\" src=\"http:\/\/kommentatorenblog.de\/wp-content\/uploads\/2020\/09\/shure-55sh-ii-e1601485394796.jpg\" alt=\"\" srcset=\"http:\/\/kommentatorenblog.de\/wp-content\/uploads\/2020\/09\/shure-55sh-ii-e1601485394796.jpg 415w, http:\/\/kommentatorenblog.de\/wp-content\/uploads\/2020\/09\/shure-55sh-ii-e1601485394796-142x300.jpg 142w\" sizes=\"auto, (max-width: 10px) 100vw, 10px\" \/> Michael Born (Einzelspiel), Hansi K\u00fcpper (Konferenz)<\/p>\n\n\n\n<p>Field-Reporter: Jens Westen<\/p>\n\n\n\n<p>Moderation: Esther Sedlaczek, Experte: Dietmar Hamann<\/p>\n\n\n\n<p><span style=\"text-decoration: underline;\">Mittwoch, 20. Januar 2021, ab 17.30 Uhr<\/span><\/p>\n\n\n\n<p><strong><em>FC Schalke 04 \u2013 1.FC K\u00f6ln (18.30 Uhr)<\/em><\/strong><\/p>\n\n\n\n<p class=\"has-normal-font-size\"><img loading=\"lazy\" decoding=\"async\" width=\"10\" height=\"21\" class=\"wp-image-3656\" style=\"width: 10px;\" src=\"http:\/\/kommentatorenblog.de\/wp-content\/uploads\/2020\/09\/shure-55sh-ii-e1601485394796.jpg\" alt=\"\" srcset=\"http:\/\/kommentatorenblog.de\/wp-content\/uploads\/2020\/09\/shure-55sh-ii-e1601485394796.jpg 415w, http:\/\/kommentatorenblog.de\/wp-content\/uploads\/2020\/09\/shure-55sh-ii-e1601485394796-142x300.jpg 142w\" sizes=\"auto, (max-width: 10px) 100vw, 10px\" \/> Marcus Lindemann <\/p>\n\n\n\n<p>Field-Reporter: Patrick Wasserziehr<\/p>\n\n\n\n<p><span style=\"text-decoration: underline;\">ab 20.20 Uhr<\/span><\/p>\n\n\n\n<p><strong><em>RB Leipzig \u2013 1.FC Union Berlin (20.30 Uhr)<\/em><\/strong><\/p>\n\n\n\n<p class=\"has-normal-font-size\"><img loading=\"lazy\" decoding=\"async\" width=\"10\" height=\"21\" class=\"wp-image-3656\" style=\"width: 10px;\" src=\"http:\/\/kommentatorenblog.de\/wp-content\/uploads\/2020\/09\/shure-55sh-ii-e1601485394796.jpg\" alt=\"\" srcset=\"http:\/\/kommentatorenblog.de\/wp-content\/uploads\/2020\/09\/shure-55sh-ii-e1601485394796.jpg 415w, http:\/\/kommentatorenblog.de\/wp-content\/uploads\/2020\/09\/shure-55sh-ii-e1601485394796-142x300.jpg 142w\" sizes=\"auto, (max-width: 10px) 100vw, 10px\" \/> Michael Born (Einzelspiel), Markus G\u00f6tz (Konferenz)<\/p>\n\n\n\n<p>Field-Reporter: Jens Westen<\/p>\n\n\n\n<p><strong><em>Arminia Bielefeld \u2013 VfB Stuttgart (20.30 Uhr)<\/em><\/strong><\/p>\n\n\n\n<p class=\"has-normal-font-size\"><img loading=\"lazy\" decoding=\"async\" width=\"10\" height=\"21\" class=\"wp-image-3656\" style=\"width: 10px;\" src=\"http:\/\/kommentatorenblog.de\/wp-content\/uploads\/2020\/09\/shure-55sh-ii-e1601485394796.jpg\" alt=\"\" srcset=\"http:\/\/kommentatorenblog.de\/wp-content\/uploads\/2020\/09\/shure-55sh-ii-e1601485394796.jpg 415w, http:\/\/kommentatorenblog.de\/wp-content\/uploads\/2020\/09\/shure-55sh-ii-e1601485394796-142x300.jpg 142w\" sizes=\"auto, (max-width: 10px) 100vw, 10px\" \/> Oliver Seidler (Einzelspiel), Klaus Veltman (Konferenz)<\/p>\n\n\n\n<p>Field-Reporter: Martin Gro\u00df<\/p>\n\n\n\n<p><strong><em>FC Augsburg \u2013 FC Bayern M\u00fcnchen (20.30 Uhr)<\/em><\/strong><\/p>\n\n\n\n<p class=\"has-normal-font-size\"><img loading=\"lazy\" decoding=\"async\" width=\"10\" height=\"21\" class=\"wp-image-3656\" style=\"width: 10px;\" src=\"http:\/\/kommentatorenblog.de\/wp-content\/uploads\/2020\/09\/shure-55sh-ii-e1601485394796.jpg\" alt=\"\" srcset=\"http:\/\/kommentatorenblog.de\/wp-content\/uploads\/2020\/09\/shure-55sh-ii-e1601485394796.jpg 415w, http:\/\/kommentatorenblog.de\/wp-content\/uploads\/2020\/09\/shure-55sh-ii-e1601485394796-142x300.jpg 142w\" sizes=\"auto, (max-width: 10px) 100vw, 10px\" \/> Kai Dittmann (Einzelspiel), Hansi K\u00fcpper (Konferenz)<\/p>\n\n\n\n<p>Field-Reporter: Yannick Erkenbrecher<\/p>\n\n\n\n<p><strong><em>SC Freiburg \u2013 Eintracht Frankfurt (20.30 Uhr)<\/em><\/strong><\/p>\n\n\n\n<p class=\"has-normal-font-size\"><img loading=\"lazy\" decoding=\"async\" width=\"10\" height=\"21\" class=\"wp-image-3656\" style=\"width: 10px;\" src=\"http:\/\/kommentatorenblog.de\/wp-content\/uploads\/2020\/09\/shure-55sh-ii-e1601485394796.jpg\" alt=\"\" srcset=\"http:\/\/kommentatorenblog.de\/wp-content\/uploads\/2020\/09\/shure-55sh-ii-e1601485394796.jpg 415w, http:\/\/kommentatorenblog.de\/wp-content\/uploads\/2020\/09\/shure-55sh-ii-e1601485394796-142x300.jpg 142w\" sizes=\"auto, (max-width: 10px) 100vw, 10px\" \/> Tom Bayer (Einzelspiel), J\u00f6rg Dahlmann (Konferenz)<\/p>\n\n\n\n<p>Field-Reporter: Ulli Potofski<\/p>\n\n\n\n<p>Moderation: Sebastian Hellmann, Experte: Lothar Matth\u00e4us<\/p>\n\n\n\n<hr class=\"wp-block-separator\"\/>\n\n\n\n<p><strong>3. Liga, Nachholspiele (Magenta Sport)<\/strong><\/p>\n\n\n\n<p><span style=\"text-decoration: underline;\">Dienstag, 19. Januar 2021, ab 18.45 Uhr<\/span><\/p>\n\n\n\n<p>08. Spieltag: <strong><em>SC Verl \u2013 FSV Zwickau (19.00 Uhr)<\/em><\/strong><\/p>\n\n\n\n<p class=\"has-normal-font-size\"><img loading=\"lazy\" decoding=\"async\" width=\"10\" height=\"21\" class=\"wp-image-3656\" style=\"width: 10px;\" src=\"http:\/\/kommentatorenblog.de\/wp-content\/uploads\/2020\/09\/shure-55sh-ii-e1601485394796.jpg\" alt=\"\" srcset=\"http:\/\/kommentatorenblog.de\/wp-content\/uploads\/2020\/09\/shure-55sh-ii-e1601485394796.jpg 415w, http:\/\/kommentatorenblog.de\/wp-content\/uploads\/2020\/09\/shure-55sh-ii-e1601485394796-142x300.jpg 142w\" sizes=\"auto, (max-width: 10px) 100vw, 10px\" \/> Edgar Mielke<\/p>\n\n\n\n<p>Moderation: Holger Speckhahn<\/p>\n\n\n\n<p>14. Spieltag: <strong><em>T\u00fcrkg\u00fcc\u00fc M\u00fcnchen \u2013 SpVgg Unterhaching (19.00 Uhr)<\/em><\/strong><\/p>\n\n\n\n<p class=\"has-normal-font-size\"><img loading=\"lazy\" decoding=\"async\" width=\"10\" height=\"21\" class=\"wp-image-3656\" style=\"width: 10px;\" src=\"http:\/\/kommentatorenblog.de\/wp-content\/uploads\/2020\/09\/shure-55sh-ii-e1601485394796.jpg\" alt=\"\" srcset=\"http:\/\/kommentatorenblog.de\/wp-content\/uploads\/2020\/09\/shure-55sh-ii-e1601485394796.jpg 415w, http:\/\/kommentatorenblog.de\/wp-content\/uploads\/2020\/09\/shure-55sh-ii-e1601485394796-142x300.jpg 142w\" sizes=\"auto, (max-width: 10px) 100vw, 10px\" \/> Alex Kunz<\/p>\n\n\n\n<p>Moderation: Alex Klich<\/p>\n\n\n\n<p><span style=\"text-decoration: underline;\">Mittwoch, 20. Januar 2021, ab 18.45 Uhr<\/span><\/p>\n\n\n\n<p>17. Spieltag: <strong><em>Hallescher FC \u2013 SV Waldhof Mannheim (19.00 Uhr)<\/em><\/strong><\/p>\n\n\n\n<p class=\"has-normal-font-size\"><img loading=\"lazy\" decoding=\"async\" width=\"10\" height=\"21\" class=\"wp-image-3656\" style=\"width: 10px;\" src=\"http:\/\/kommentatorenblog.de\/wp-content\/uploads\/2020\/09\/shure-55sh-ii-e1601485394796.jpg\" alt=\"\" srcset=\"http:\/\/kommentatorenblog.de\/wp-content\/uploads\/2020\/09\/shure-55sh-ii-e1601485394796.jpg 415w, http:\/\/kommentatorenblog.de\/wp-content\/uploads\/2020\/09\/shure-55sh-ii-e1601485394796-142x300.jpg 142w\" sizes=\"auto, (max-width: 10px) 100vw, 10px\" \/> Andreas Mann<\/p>\n\n\n\n<p>Moderation: Anett Sattler<\/p>\n\n\n\n<p>17. Spieltag: <strong><em>MSV Duisburg \u2013 1.FC Magdeburg (19.00 Uhr)<\/em><\/strong><\/p>\n\n\n\n<p class=\"has-normal-font-size\"><img loading=\"lazy\" decoding=\"async\" width=\"10\" height=\"21\" class=\"wp-image-3656\" style=\"width: 10px;\" src=\"http:\/\/kommentatorenblog.de\/wp-content\/uploads\/2020\/09\/shure-55sh-ii-e1601485394796.jpg\" alt=\"\" srcset=\"http:\/\/kommentatorenblog.de\/wp-content\/uploads\/2020\/09\/shure-55sh-ii-e1601485394796.jpg 415w, http:\/\/kommentatorenblog.de\/wp-content\/uploads\/2020\/09\/shure-55sh-ii-e1601485394796-142x300.jpg 142w\" sizes=\"auto, (max-width: 10px) 100vw, 10px\" \/> Christian Stra\u00dfburger<\/p>\n\n\n\n<p>Moderation: Cedric Pick<\/p>\n\n\n\n<hr class=\"wp-block-separator\"\/>\n\n\n\n<p><strong>Premier League, Nachholspiel, 1. Spieltag (Sky)<\/strong><\/p>\n\n\n\n<p><span style=\"text-decoration: underline;\">Mittwoch, 20. Januar 2021, ab 18.50 Uhr<\/span><\/p>\n\n\n\n<p><strong><em>Manchester City \u2013 Aston Villa (19.00 Uhr)<\/em><\/strong><\/p>\n\n\n\n<p class=\"has-normal-font-size\"><img loading=\"lazy\" decoding=\"async\" width=\"10\" height=\"21\" class=\"wp-image-3656\" style=\"width: 10px;\" src=\"http:\/\/kommentatorenblog.de\/wp-content\/uploads\/2020\/09\/shure-55sh-ii-e1601485394796.jpg\" alt=\"\" srcset=\"http:\/\/kommentatorenblog.de\/wp-content\/uploads\/2020\/09\/shure-55sh-ii-e1601485394796.jpg 415w, http:\/\/kommentatorenblog.de\/wp-content\/uploads\/2020\/09\/shure-55sh-ii-e1601485394796-142x300.jpg 142w\" sizes=\"auto, (max-width: 10px) 100vw, 10px\" \/> Marcel Meinert<\/p>\n\n\n\n<p><strong>Premier League, 18. Spieltag (Sky)<\/strong><\/p>\n\n\n\n<p><span style=\"text-decoration: underline;\">Dienstag, 19. Januar 2021, ab 18.50 Uhr<\/span><\/p>\n\n\n\n<p><strong><em>West Ham United \u2013 West Bromwich Albion (19.00 Uhr)<\/em><\/strong><\/p>\n\n\n\n<p class=\"has-normal-font-size\"><img loading=\"lazy\" decoding=\"async\" width=\"10\" height=\"21\" class=\"wp-image-3656\" style=\"width: 10px;\" src=\"http:\/\/kommentatorenblog.de\/wp-content\/uploads\/2020\/09\/shure-55sh-ii-e1601485394796.jpg\" alt=\"\" srcset=\"http:\/\/kommentatorenblog.de\/wp-content\/uploads\/2020\/09\/shure-55sh-ii-e1601485394796.jpg 415w, http:\/\/kommentatorenblog.de\/wp-content\/uploads\/2020\/09\/shure-55sh-ii-e1601485394796-142x300.jpg 142w\" sizes=\"auto, (max-width: 10px) 100vw, 10px\" \/> Markus G\u00f6tz<\/p>\n\n\n\n<p><span style=\"text-decoration: underline;\">ab 21.05 Uhr<\/span><\/p>\n\n\n\n<p><strong><em>Leicester City \u2013 FC Chelsea (21.15 Uhr)<\/em><\/strong><\/p>\n\n\n\n<p class=\"has-normal-font-size\"><img loading=\"lazy\" decoding=\"async\" width=\"10\" height=\"21\" class=\"wp-image-3656\" style=\"width: 10px;\" src=\"http:\/\/kommentatorenblog.de\/wp-content\/uploads\/2020\/09\/shure-55sh-ii-e1601485394796.jpg\" alt=\"\" srcset=\"http:\/\/kommentatorenblog.de\/wp-content\/uploads\/2020\/09\/shure-55sh-ii-e1601485394796.jpg 415w, http:\/\/kommentatorenblog.de\/wp-content\/uploads\/2020\/09\/shure-55sh-ii-e1601485394796-142x300.jpg 142w\" sizes=\"auto, (max-width: 10px) 100vw, 10px\" \/> Roland Evers<\/p>\n\n\n\n<p><span style=\"text-decoration: underline;\">Mittwoch, 20. Januar 2021, ab 21.05 Uhr<\/span><\/p>\n\n\n\n<p><strong><em>FC Fulham \u2013 Manchester United (21.15 Uhr)<\/em><\/strong><\/p>\n\n\n\n<p class=\"has-normal-font-size\"><img loading=\"lazy\" decoding=\"async\" width=\"10\" height=\"21\" class=\"wp-image-3656\" style=\"width: 10px;\" src=\"http:\/\/kommentatorenblog.de\/wp-content\/uploads\/2020\/09\/shure-55sh-ii-e1601485394796.jpg\" alt=\"\" srcset=\"http:\/\/kommentatorenblog.de\/wp-content\/uploads\/2020\/09\/shure-55sh-ii-e1601485394796.jpg 415w, http:\/\/kommentatorenblog.de\/wp-content\/uploads\/2020\/09\/shure-55sh-ii-e1601485394796-142x300.jpg 142w\" sizes=\"auto, (max-width: 10px) 100vw, 10px\" \/> Joachim Hebel<\/p>\n\n\n\n<p><span style=\"text-decoration: underline;\">Donnerstag, 21. Januar 2021, ab 21.00 Uhr<\/span><\/p>\n\n\n\n<p><strong><em>FC Liverpool \u2013 FC Burnley (21.00 Uhr)<\/em><\/strong><\/p>\n\n\n\n<p class=\"has-normal-font-size\"><img loading=\"lazy\" decoding=\"async\" width=\"10\" height=\"21\" class=\"wp-image-3656\" style=\"width: 10px;\" src=\"http:\/\/kommentatorenblog.de\/wp-content\/uploads\/2020\/09\/shure-55sh-ii-e1601485394796.jpg\" alt=\"\" srcset=\"http:\/\/kommentatorenblog.de\/wp-content\/uploads\/2020\/09\/shure-55sh-ii-e1601485394796.jpg 415w, http:\/\/kommentatorenblog.de\/wp-content\/uploads\/2020\/09\/shure-55sh-ii-e1601485394796-142x300.jpg 142w\" sizes=\"auto, (max-width: 10px) 100vw, 10px\" \/> Toni Tomic<\/p>\n\n\n\n<hr class=\"wp-block-separator\"\/>\n\n\n\n<p><strong>Copa del Rey, Runde der letzten 32 (DAZN)<\/strong><\/p>\n\n\n\n<p><span style=\"text-decoration: underline;\">Mittwoch, 20. Januar 2021<\/span><\/p>\n\n\n\n<p><strong><em>CD Alcoyano \u2013 Real Madrid (21.00 Uhr)<\/em><\/strong><\/p>\n\n\n\n<p class=\"has-normal-font-size\"><img loading=\"lazy\" decoding=\"async\" width=\"10\" height=\"21\" class=\"wp-image-3656\" style=\"width: 10px;\" src=\"http:\/\/kommentatorenblog.de\/wp-content\/uploads\/2020\/09\/shure-55sh-ii-e1601485394796.jpg\" alt=\"\" srcset=\"http:\/\/kommentatorenblog.de\/wp-content\/uploads\/2020\/09\/shure-55sh-ii-e1601485394796.jpg 415w, http:\/\/kommentatorenblog.de\/wp-content\/uploads\/2020\/09\/shure-55sh-ii-e1601485394796-142x300.jpg 142w\" sizes=\"auto, (max-width: 10px) 100vw, 10px\" \/> Lukas Sch\u00f6nm\u00fcller<\/p>\n\n\n\n<p><span style=\"text-decoration: underline;\">Donnerstag, 21. Januar 2021<\/span><\/p>\n\n\n\n<p><strong><em>UD Ibiza \u2013 Athletic Club Bilbao (19.00 Uhr)<\/em><\/strong><\/p>\n\n\n\n<p class=\"has-normal-font-size\"><img loading=\"lazy\" decoding=\"async\" width=\"10\" height=\"21\" class=\"wp-image-3656\" style=\"width: 10px;\" src=\"http:\/\/kommentatorenblog.de\/wp-content\/uploads\/2020\/09\/shure-55sh-ii-e1601485394796.jpg\" alt=\"\" srcset=\"http:\/\/kommentatorenblog.de\/wp-content\/uploads\/2020\/09\/shure-55sh-ii-e1601485394796.jpg 415w, http:\/\/kommentatorenblog.de\/wp-content\/uploads\/2020\/09\/shure-55sh-ii-e1601485394796-142x300.jpg 142w\" sizes=\"auto, (max-width: 10px) 100vw, 10px\" \/> Guido H\u00fcsgen<\/p>\n\n\n\n<p><strong><em>UE Cornella \u2013 FC Barcelona (21.00 Uhr)<\/em><\/strong><\/p>\n\n\n\n<p class=\"has-normal-font-size\"><img loading=\"lazy\" decoding=\"async\" width=\"10\" height=\"21\" class=\"wp-image-3656\" style=\"width: 10px;\" src=\"http:\/\/kommentatorenblog.de\/wp-content\/uploads\/2020\/09\/shure-55sh-ii-e1601485394796.jpg\" alt=\"\" srcset=\"http:\/\/kommentatorenblog.de\/wp-content\/uploads\/2020\/09\/shure-55sh-ii-e1601485394796.jpg 415w, http:\/\/kommentatorenblog.de\/wp-content\/uploads\/2020\/09\/shure-55sh-ii-e1601485394796-142x300.jpg 142w\" sizes=\"auto, (max-width: 10px) 100vw, 10px\" \/> Marcel Seufert <\/p>\n\n\n\n<hr class=\"wp-block-separator\"\/>\n\n\n\n<p><strong>LaLiga, 19. Spieltag (DAZN)<\/strong><\/p>\n\n\n\n<p><span style=\"text-decoration: underline;\">Mittwoch, 20. Januar 2021<\/span><\/p>\n\n\n\n<p><strong><em>FC Villarreal \u2013 FC Granada (21.30 Uhr)<\/em><\/strong><\/p>\n\n\n\n<p class=\"has-normal-font-size\"><img loading=\"lazy\" decoding=\"async\" width=\"10\" height=\"21\" class=\"wp-image-3656\" style=\"width: 10px;\" src=\"http:\/\/kommentatorenblog.de\/wp-content\/uploads\/2020\/09\/shure-55sh-ii-e1601485394796.jpg\" alt=\"\" srcset=\"http:\/\/kommentatorenblog.de\/wp-content\/uploads\/2020\/09\/shure-55sh-ii-e1601485394796.jpg 415w, http:\/\/kommentatorenblog.de\/wp-content\/uploads\/2020\/09\/shure-55sh-ii-e1601485394796-142x300.jpg 142w\" sizes=\"auto, (max-width: 10px) 100vw, 10px\" \/> Oliver Forster<\/p>\n\n\n\n<p><span style=\"text-decoration: underline;\">Donnerstag, 21. Januar 2021<\/span><\/p>\n\n\n\n<p><strong><em>SD Eibar \u2013 Atletico Madrid (21.30 Uhr)<\/em><\/strong><\/p>\n\n\n\n<p class=\"has-normal-font-size\"><img loading=\"lazy\" decoding=\"async\" width=\"10\" height=\"21\" class=\"wp-image-3656\" style=\"width: 10px;\" src=\"http:\/\/kommentatorenblog.de\/wp-content\/uploads\/2020\/09\/shure-55sh-ii-e1601485394796.jpg\" alt=\"\" srcset=\"http:\/\/kommentatorenblog.de\/wp-content\/uploads\/2020\/09\/shure-55sh-ii-e1601485394796.jpg 415w, http:\/\/kommentatorenblog.de\/wp-content\/uploads\/2020\/09\/shure-55sh-ii-e1601485394796-142x300.jpg 142w\" sizes=\"auto, (max-width: 10px) 100vw, 10px\" \/> Matthias Naebers<\/p>\n\n\n\n<hr class=\"wp-block-separator\"\/>\n\n\n\n<p><strong>Suppercoppa Italiana (DAZN)<\/strong><\/p>\n\n\n\n<p><span style=\"text-decoration: underline;\">Mittwoch, 20. Januar 2021<\/span><\/p>\n\n\n\n<p><strong><em>Juventus Turin \u2013 SSC Neapel (21.00 Uhr)<\/em><\/strong><\/p>\n\n\n\n<p class=\"has-normal-font-size\"><img loading=\"lazy\" decoding=\"async\" width=\"10\" height=\"21\" class=\"wp-image-3656\" style=\"width: 10px;\" src=\"http:\/\/kommentatorenblog.de\/wp-content\/uploads\/2020\/09\/shure-55sh-ii-e1601485394796.jpg\" alt=\"\" srcset=\"http:\/\/kommentatorenblog.de\/wp-content\/uploads\/2020\/09\/shure-55sh-ii-e1601485394796.jpg 415w, http:\/\/kommentatorenblog.de\/wp-content\/uploads\/2020\/09\/shure-55sh-ii-e1601485394796-142x300.jpg 142w\" sizes=\"auto, (max-width: 10px) 100vw, 10px\" \/> Carsten Fu\u00df, Experte: Christian Bernhard <\/p>\n\n\n\n<hr class=\"wp-block-separator\"\/>\n\n\n\n<p><strong>Serie A, Nachholspiel, 10. Spieltag (DAZN)<\/strong><\/p>\n\n\n\n<p><span style=\"text-decoration: underline;\">Mittwoch, 20. Januar 2021<\/span><\/p>\n\n\n\n<p><strong><em>Udinese Calcio \u2013 Atalanta Bergamo (15.00 Uhr)<\/em><\/strong><\/p>\n\n\n\n<p class=\"has-normal-font-size\"><img loading=\"lazy\" decoding=\"async\" width=\"10\" height=\"21\" class=\"wp-image-3656\" style=\"width: 10px;\" src=\"http:\/\/kommentatorenblog.de\/wp-content\/uploads\/2020\/09\/shure-55sh-ii-e1601485394796.jpg\" alt=\"\" srcset=\"http:\/\/kommentatorenblog.de\/wp-content\/uploads\/2020\/09\/shure-55sh-ii-e1601485394796.jpg 415w, http:\/\/kommentatorenblog.de\/wp-content\/uploads\/2020\/09\/shure-55sh-ii-e1601485394796-142x300.jpg 142w\" sizes=\"auto, (max-width: 10px) 100vw, 10px\" \/> Felix Keil <\/p>\n\n\n\n<hr class=\"wp-block-separator\"\/>\n\n\n\n<p><strong>Internationaler Fu\u00dfball (Sportdigital FUSSBALL)<\/strong><\/p>\n\n\n\n<p><span style=\"text-decoration: underline;\">Dienstag, 19. Januar 2021<\/span><\/p>\n\n\n\n<p>Taca da Liga, Halbfinale: <strong><em>Sporting Lissabon \u2013 FC Porto (20.45 Uhr)<\/em><\/strong><\/p>\n\n\n\n<p class=\"has-normal-font-size\"><img loading=\"lazy\" decoding=\"async\" width=\"10\" height=\"21\" class=\"wp-image-3656\" style=\"width: 10px;\" src=\"http:\/\/kommentatorenblog.de\/wp-content\/uploads\/2020\/09\/shure-55sh-ii-e1601485394796.jpg\" alt=\"\" srcset=\"http:\/\/kommentatorenblog.de\/wp-content\/uploads\/2020\/09\/shure-55sh-ii-e1601485394796.jpg 415w, http:\/\/kommentatorenblog.de\/wp-content\/uploads\/2020\/09\/shure-55sh-ii-e1601485394796-142x300.jpg 142w\" sizes=\"auto, (max-width: 10px) 100vw, 10px\" \/> Karsten Linke<\/p>\n\n\n\n<p><span style=\"text-decoration: underline;\">Mittwoch, 20. Januar 2021<\/span><\/p>\n\n\n\n<p>Hyundai A-League, 4. Woche: <strong><em>Perth Glory \u2013 Adelaide United (11.05 Uhr)<\/em><\/strong><\/p>\n\n\n\n<p class=\"has-normal-font-size\"><img loading=\"lazy\" decoding=\"async\" width=\"10\" height=\"21\" class=\"wp-image-3656\" style=\"width: 10px;\" src=\"http:\/\/kommentatorenblog.de\/wp-content\/uploads\/2020\/09\/shure-55sh-ii-e1601485394796.jpg\" alt=\"\" srcset=\"http:\/\/kommentatorenblog.de\/wp-content\/uploads\/2020\/09\/shure-55sh-ii-e1601485394796.jpg 415w, http:\/\/kommentatorenblog.de\/wp-content\/uploads\/2020\/09\/shure-55sh-ii-e1601485394796-142x300.jpg 142w\" sizes=\"auto, (max-width: 10px) 100vw, 10px\" \/> Christian Blunck <\/p>\n\n\n\n<p>Taca da Liga, Halbfinale: <strong><em>Sporting Braga \u2013 Benfica Lissabon (20.45 Uhr)<\/em><\/strong><\/p>\n\n\n\n<p class=\"has-normal-font-size\"><img loading=\"lazy\" decoding=\"async\" width=\"10\" height=\"21\" class=\"wp-image-3656\" style=\"width: 10px;\" src=\"http:\/\/kommentatorenblog.de\/wp-content\/uploads\/2020\/09\/shure-55sh-ii-e1601485394796.jpg\" alt=\"\" srcset=\"http:\/\/kommentatorenblog.de\/wp-content\/uploads\/2020\/09\/shure-55sh-ii-e1601485394796.jpg 415w, http:\/\/kommentatorenblog.de\/wp-content\/uploads\/2020\/09\/shure-55sh-ii-e1601485394796-142x300.jpg 142w\" sizes=\"auto, (max-width: 10px) 100vw, 10px\" \/> Arne Malsch <\/p>\n\n\n\n<hr class=\"wp-block-separator\"\/>\n\n\n\n<p><strong>Die Analyse<\/strong><\/p>\n\n\n\n<p><strong>Ein paar Seltenheiten zum Hinrunden-Ende<\/strong><\/p>\n\n\n\n<p>Ich kann mich nicht entsinnen, dass die Hinrunde der Fu\u00dfball-Bundesliga jemals mit einer englischen Woche aufgeh\u00f6rt hat. Nennen wir es also mal ganz vorsichtig eine Premiere. Denn in der Saison 2016\/17 &#8211; manche erinnern sich vielleicht &#8211; gab es zwar eine englische Woche unmittelbar vor der Winterpause. Allerdings startete damals die Pause ausnahmsweise nach dem 16. Spieltag. Tut nichts zur Sache, rein in die Ansetzungen; bei Sky gibt es einige kleinere \u00dcberraschungen bzw. Seltenheiten.<\/p>\n\n\n\n<p>In jedem Fall trifft Gladbach zum Auftakt des 17. Spieltags auf Werder Bremen. Aus dem Borussia-Park meldet sich Martin Gro\u00df. Sein Field-Reporter hei\u00dft Marcus Lindemann. Am vergangenen Wochenende war es beim Duell Frankfurt gegen Schalke ja noch genau umgekehrt. Am sp\u00e4teren Dienstagabend d\u00fcrfen wir uns auf den Kracher zwischen Bayer Leverkusen und Borussia Dortmund freuen. Wolff Fuss \u00fcbernimmt hier wenig \u00fcberraschend. Die beiden anderen Spiele machen es mir in dem Fall leicht, mich gegen die Konferenz zu entscheiden. Dort ist im \u00dcbrigen Jonas Friedrich zu h\u00f6ren. Seine Konferenz-Kollegen hei\u00dfen am Dienstagabend Hansi K\u00fcpper, der Hertha gegen Hoffenheim begleitet und den zuletzt ja hei\u00df diskutierten J\u00f6rg Dahlmann, welcher die Zuschauer \u00fcber die Geschehnisse in Mainz auf dem Laufenden h\u00e4lt. Das Einzelspiel der 05er gegen Wolfsburg kommentiert Klaus Veltmann, Field-Reporter ist Ulli Potofski nach zuletzt zwei Eins\u00e4tzen in K\u00f6ln. In der Hauptstadt bekommt Michael Born das Einzelspiel derer, die hinter den Erwartungen zur\u00fcckbleiben.&nbsp;<\/p>\n\n\n\n<p>Blicken wir auf den Mittwoch. Marcus Lindemann bekommt es erneut mit Schalke 04 zu tun, das K\u00f6ln zum Abstiegsgipfel empf\u00e4ngt. Field-Reporter ist Patrick Wasserziehr, der auch schon bei Dortmund gegen Leverkusen am Vortag die Interviews f\u00fchrt. Damit erwischt er aus meiner, vermutlich aber auch aus neutraler Sicht, die beiden interessantesten Duelle an diesem Spieltag. Allenfalls macht Leipzig gegen Union dem noch Konkurrenz. Dort ist Michael Born vor Ort &#8211; wie schon in Berlin hat er Jens Westen als Field-Reporter im Gep\u00e4ck. F\u00fcr Westen ist es ein eher seltener Doppeleinsatz an diesem Spieltag. Aus der Konferenz meldet sich \u00fcbrigens Markus G\u00f6tz. Bielefeld trifft auf Stuttgart &#8211; das ist eine Sache f\u00fcr Oliver Seidler, Klaus Veltman liefert hier die Konferenz-Zuschnitte. Field-Reporter in Ostwestfalen ist Martin Gro\u00df. Bayern-Fans d\u00fcrfen sich auf Kai Dittmann und Yannick Erkenbrecher freuen, der nach l\u00e4ngerer Zeit mal wieder als Field im Einsatz ist. Aus der Konferenz berichtet Hansi K\u00fcpper \u00fcber den Rekordmeister beim FCA. Auch das kommt nicht allzu h\u00e4ufig vor. Und apropos Seltenheit: Tom Bayer meldet sich mal aus Freiburg, das sich mit Frankfurt misst. Auch f\u00fcr Ulli Potofski geht es stetig weiter Richtung S\u00fcden, er geht im Breisgau auf Stimmenfang. Auch Dahlmann hat das Spiel im Blick &#8211; allerdings aus M\u00fcnchen.<\/p>\n\n\n\n<p><strong>In Liga drei wird wieder nachgeholt &#8211; Abstiegskracher in Duisburg<\/strong><\/p>\n\n\n\n<p>In der 3. Liga stehen wieder mal einige Nachholspiele auf dem Programm. Am Dienstag spielen die Aufsteiger. Verl empf\u00e4ngt Zwickau, Edgar Mielke kommentiert. Zeitgleich begegnen sich T\u00fcrkg\u00fcc\u00fc M\u00fcnchen und Unterhaching. Alex Kunz begleitet das Bayern-Duell. Am Mittwoch kommt es dann zu zwei aktuellen Nachholpartien &#8211; n\u00e4mlich vom 17. Spieltag. Halle gegen Mannheim ist eine Sache f\u00fcr Andreas Mann. Und dann w\u00e4re da noch das aus meiner Sicht brisanteste Aufeinandertreffen: MSV Duisburg gegen den 1.FC Magdeburg. K\u00f6nnen die Zebras den Schwung aus dem j\u00fcngsten Sieg mitnehmen und einen direkten Konkurrenten bezwingen? Christian Stra\u00dfburger wei\u00df mehr.<\/p>\n\n\n\n<p>Auch auf der Insel wird nachgeholt. Die Ansetzung Man City gegen Aston Villa sorgte bei mir zun\u00e4chst f\u00fcr Verwirrung. Sky hatte sie erst f\u00fcr 21.15 Uhr im Programm, das Spiel ist allerdings schon um 19 Uhr. Scheinbar hat Marcel Meinert aber auch schon fr\u00fcher Zeit. Zeitgleich bekommt es West Ham am Dienstag mit West Bromwich zu tun. Markus G\u00f6tz ist im Einsatz und wird wohl den Anfang von Deutschland gegen Ungarn bei der Handball-WM (ZDF, ab 20.15 Uhr) verpassen. Personal dazu findet ihr in unserem vorletzten Eintrag. Spannend d\u00fcrfte es bei Leicester gegen Chelsea werden, Roland Evers ist mit von der Partie. Und nat\u00fcrlich verzeichnen auch Jogi Hebel (Fulham gegen Manchester United) und Toni Tomic (Liverpool gegen Burnley) ihre obligatorischen PL-Eins\u00e4tze bei diesem \u201ezweiten Teil\u201c des 18. Spieltages.<\/p>\n\n\n\n<p><strong>Pokalspiele: Geballte Erfahrung in Italien<\/strong><\/p>\n\n\n\n<p>Wir gehen \u00fcber zu DAZN, das zwei spannende Pokalwettbewerbe auf dem Zettel hat. Real, Barcelona und Athletic Club Bilbao m\u00fcssen in der Copa del Rey ran. Weder bei den Madrilenen noch bei Barca wird ein Experte im Einsatz sein. Jan Platte, an dessen Seite ja sonst \u00f6fter schonmal jemand sitzt, fehlt aber auch in den Ansetzungen. Somit bekommt Lukas Sch\u00f6nm\u00fcller das Gastspiel der K\u00f6niglichen bei CD Alcoyano, Guido H\u00fcsgen k\u00fcmmert sich um Ibiza gegen Bilbao und Marcel Seufert betreut Barca bei Cornella. Au\u00dferdem steht die Supercoppa Italiana an. Der Name verr\u00e4t ja quasi schon, worum es sich handelt, wenn Juve auf Neapel trifft. Geballte Italien-Expertise und Kommentatoren-Erfahrung sind f\u00fcr DAZN mit an Bord: in Person von Carsten Fu\u00df und Christian Bernhard.<\/p>\n\n\n\n<p>Auch in LaLiga und der Serie A gibt es einige wenige Partien mit deutschen Kommentatoren-Ansetzungen. Oliver Forster meldet sich bei Villarreal gegen Granada zu Wort. Patzt Atletico Madrid im Baskenland bei SD Eibar? Matthias Naebers hat die Antwort. In der Serie A holen Udinese und Atalanta noch ihre Partie vom 10. Spieltag nach. Felix Keil ist f\u00fcr DAZN am Mikro. Beim \u00fcbrigen internationalen Fu\u00dfball hat Sportdigital FUSSBALL diesmal nur ein paar Angebote im Programm. Es sind drei Spiele &#8211; bis auf Ulf Kahmke darf jeder einmal ran. Im portugiesischen Ligapokal trifft am Dienstag Sporting Lissabon auf den FC Porto. Karsten Linke ist daf\u00fcr im Einsatz. Das zweite Halbfinale findet am Mittwoch statt und ist mit Braga gegen Benfica nicht minder prominent besetzt. Arne Malsch liefert den Kommentar. Und dann w\u00e4re da zu guter Letzt noch das Aufeinandertreffen von Perth Glory und Adelaide United in Australien. Christian Blunck nimmt sich dem an.<\/p>\n\n\n\n<p>Das war\u2019s von meiner Seite. Weniger Melancholie als sonst, so kurz vor dem Hinrundenabschluss. Denn am Freitag geht es ja schon wieder weiter in der Bundesliga &#8211; \u00fcbrigens auch im ZDF. Aber dazu Donnerstag mehr. Euch eine sch\u00f6ne (englische) Woche!<\/p>\n","protected":false},"excerpt":{"rendered":"<p>N\u2019abend allerseits, weil die Lage es zul\u00e4sst, m\u00f6chte ich heute mal ein Thema anleiern, das ich schon sehr lange auf dem Zettel habe. Dabei dreht es sich auch um einige Charaktere der Sport-Medien-Welt, die hier regelm\u00e4\u00dfig im Blog Beachtung finden &#8211; allerdings in einer anderen Rolle. Denn die Moderatoren und Kommentatoren nehmen neben den Fu\u00dfball-Live-Spielen [&hellip;]<\/p>\n","protected":false},"author":2,"featured_media":0,"comment_status":"open","ping_status":"open","sticky":false,"template":"","format":"standard","meta":{"footnotes":""},"categories":[424],"tags":[10,292,49,263,21,60,131,164,57,35,459,13,119,201,89,61,155,25,179,213,103,69,26,93,59,53,122,205,9,70,276,112,126,95,223,114,183,113,94,23,45,127,22,134,460,457,458,85,24,289,107,196],"class_list":["post-6121","post","type-post","status-publish","format-standard","hentry","category-bundesliga-und-co","tag-3-liga","tag-alex-kunz","tag-alex-schlueter","tag-arne-malsch","tag-benni-zander","tag-bundesliga","tag-carsten-fuss","tag-christian-bernhard","tag-christian-blunck","tag-christian-strassburger","tag-copa-del-rey","tag-dazn","tag-edgar-mielke","tag-felix-keil","tag-florian-schmidt-sommerfeld","tag-frank-buschmann","tag-guido-huesgen","tag-hansi-kuepper","tag-hyundai-a-league","tag-jens-westen","tag-jogi-hebel","tag-jonas-friedrich","tag-joerg-dahlmann","tag-kai-dittmann","tag-karsten-linke","tag-klaus-veltmann","tag-laliga","tag-lukas-schoenmueller","tag-magenta-sport","tag-marcel-meinert","tag-marcel-seufert","tag-marcus-lindemann","tag-markus-goetz","tag-martin-gross","tag-matthias-naebers","tag-michael-born","tag-oliver-forster","tag-oliver-seidler","tag-patrick-wasserziehr","tag-premier-league","tag-roland-evers","tag-serie-a","tag-sky","tag-sportdigital-fussball","tag-supercoppa-italiana","tag-sven-hannawald","tag-taca-da-liga","tag-tom-bayer","tag-toni-tomic","tag-ulli-potofski","tag-wolff-fuss","tag-yannick-erkenbrecher"],"_links":{"self":[{"href":"http:\/\/kommentatorenblog.de\/index.php?rest_route=\/wp\/v2\/posts\/6121","targetHints":{"allow":["GET"]}}],"collection":[{"href":"http:\/\/kommentatorenblog.de\/index.php?rest_route=\/wp\/v2\/posts"}],"about":[{"href":"http:\/\/kommentatorenblog.de\/index.php?rest_route=\/wp\/v2\/types\/post"}],"author":[{"embeddable":true,"href":"http:\/\/kommentatorenblog.de\/index.php?rest_route=\/wp\/v2\/users\/2"}],"replies":[{"embeddable":true,"href":"http:\/\/kommentatorenblog.de\/index.php?rest_route=%2Fwp%2Fv2%2Fcomments&post=6121"}],"version-history":[{"count":48,"href":"http:\/\/kommentatorenblog.de\/index.php?rest_route=\/wp\/v2\/posts\/6121\/revisions"}],"predecessor-version":[{"id":6211,"href":"http:\/\/kommentatorenblog.de\/index.php?rest_route=\/wp\/v2\/posts\/6121\/revisions\/6211"}],"wp:attachment":[{"href":"http:\/\/kommentatorenblog.de\/index.php?rest_route=%2Fwp%2Fv2%2Fmedia&parent=6121"}],"wp:term":[{"taxonomy":"category","embeddable":true,"href":"http:\/\/kommentatorenblog.de\/index.php?rest_route=%2Fwp%2Fv2%2Fcategories&post=6121"},{"taxonomy":"post_tag","embeddable":true,"href":"http:\/\/kommentatorenblog.de\/index.php?rest_route=%2Fwp%2Fv2%2Ftags&post=6121"}],"curies":[{"name":"wp","href":"https:\/\/api.w.org\/{rel}","templated":true}]}}