{"id":6127,"date":"2021-01-21T21:23:36","date_gmt":"2021-01-21T20:23:36","guid":{"rendered":"http:\/\/kommentatorenblog.de\/?p=6127"},"modified":"2021-01-28T14:42:14","modified_gmt":"2021-01-28T13:42:14","slug":"1142-xxl-eintrag-im-zeitstress","status":"publish","type":"post","link":"http:\/\/kommentatorenblog.de\/?p=6127","title":{"rendered":"1142 \u2013 XXL-Eintrag im Zeitstress"},"content":{"rendered":"\n<p>N\u2019Abend allerseits,<\/p>\n\n\n\n<p>heute bleibt leider nicht viel Zeit f\u00fcr ein Vorwort. Aufgrund mehrerer technischen Probleme meinerseits (Nico) fehlte daf\u00fcr leider die Zeit &#8211; Homeoffice wird dadurch \u00fcbrigens auch nicht erleichtert. Leon hat daher einiges \u00fcbernommen, Gro\u00dfes Dank an ihn. Die wichtigste Infos zu den Fu\u00dfball-Ansetzungen bis kommenden Donnerstag gibt es unten in der Analyse. NFL und Handball-Ansetzungen folgen jetzt!<\/p>\n\n\n\n<p><strong>Conference Championships<\/strong><\/p>\n\n\n\n<p><span style=\"text-decoration: underline;\">Sonntag, 24. Januar 2021<\/span><\/p>\n\n\n\n<p><strong><span style=\"text-decoration: underline;\">NFC Championship Game<\/span><\/strong><\/p>\n\n\n\n<p><strong><em>Green Bay Packers <strong><em>\u2013<\/em><\/strong> Tampa Bay Buccaneers (21.05 Uhr)<\/em><\/strong><\/p>\n\n\n\n<p class=\"has-normal-font-size\"><img loading=\"lazy\" decoding=\"async\" width=\"10\" height=\"21\" class=\"wp-image-3656\" style=\"width: 10px;\" src=\"http:\/\/kommentatorenblog.de\/wp-content\/uploads\/2020\/09\/shure-55sh-ii-e1601485394796.jpg\" alt=\"\" srcset=\"http:\/\/kommentatorenblog.de\/wp-content\/uploads\/2020\/09\/shure-55sh-ii-e1601485394796.jpg 415w, http:\/\/kommentatorenblog.de\/wp-content\/uploads\/2020\/09\/shure-55sh-ii-e1601485394796-142x300.jpg 142w\" sizes=\"auto, (max-width: 10px) 100vw, 10px\" \/> ProSieben: Jan Stecker, Experte: Patrick Esume <\/p>\n\n\n\n<p class=\"has-normal-font-size\"><img loading=\"lazy\" decoding=\"async\" width=\"10\" height=\"21\" class=\"wp-image-3656\" style=\"width: 10px;\" src=\"http:\/\/kommentatorenblog.de\/wp-content\/uploads\/2020\/09\/shure-55sh-ii-e1601485394796.jpg\" alt=\"\" srcset=\"http:\/\/kommentatorenblog.de\/wp-content\/uploads\/2020\/09\/shure-55sh-ii-e1601485394796.jpg 415w, http:\/\/kommentatorenblog.de\/wp-content\/uploads\/2020\/09\/shure-55sh-ii-e1601485394796-142x300.jpg 142w\" sizes=\"auto, (max-width: 10px) 100vw, 10px\" \/> DAZN: G\u00fcnther Zapf, Experte: Ingo Seibert<\/p>\n\n\n\n<p>Moderation: Flo Hauser <\/p>\n\n\n\n<p><span style=\"text-decoration: underline;\">Montag, 25. Januar 2021<\/span><\/p>\n\n\n\n<p><strong><span style=\"text-decoration: underline;\">AFC Championship Game<\/span><\/strong><\/p>\n\n\n\n<p><strong><em>Kansas City Chiefs <strong><em><strong><em>\u2013<\/em><\/strong><\/em><\/strong><\/em><\/strong> <strong><em>Buffalo Bills (00.40 Uhr)<\/em><\/strong><\/p>\n\n\n\n<p class=\"has-normal-font-size\"><img loading=\"lazy\" decoding=\"async\" width=\"10\" height=\"21\" class=\"wp-image-3656\" style=\"width: 10px;\" src=\"http:\/\/kommentatorenblog.de\/wp-content\/uploads\/2020\/09\/shure-55sh-ii-e1601485394796.jpg\" alt=\"\" srcset=\"http:\/\/kommentatorenblog.de\/wp-content\/uploads\/2020\/09\/shure-55sh-ii-e1601485394796.jpg 415w, http:\/\/kommentatorenblog.de\/wp-content\/uploads\/2020\/09\/shure-55sh-ii-e1601485394796-142x300.jpg 142w\" sizes=\"auto, (max-width: 10px) 100vw, 10px\" \/> ProSieben: Carsten Spengeman, Experte: Bj\u00f6rn Werner <\/p>\n\n\n\n<p class=\"has-normal-font-size\"><img loading=\"lazy\" decoding=\"async\" width=\"10\" height=\"21\" class=\"wp-image-3656\" style=\"width: 10px;\" src=\"http:\/\/kommentatorenblog.de\/wp-content\/uploads\/2020\/09\/shure-55sh-ii-e1601485394796.jpg\" alt=\"\" srcset=\"http:\/\/kommentatorenblog.de\/wp-content\/uploads\/2020\/09\/shure-55sh-ii-e1601485394796.jpg 415w, http:\/\/kommentatorenblog.de\/wp-content\/uploads\/2020\/09\/shure-55sh-ii-e1601485394796-142x300.jpg 142w\" sizes=\"auto, (max-width: 10px) 100vw, 10px\" \/> DAZN: Martin Pfanner, Experte: Adrian Franke, Moderation: Christoph Stadtler<\/p>\n\n\n\n<hr class=\"wp-block-separator\"\/>\n\n\n\n<p><strong>Handball-WM, Hauptrunde<\/strong><\/p>\n\n\n\n<p><span style=\"text-decoration: underline;\">Donnerstag, 21. Januar 2021, ab 20.15 Uhr (ZDF) <\/span><\/p>\n\n\n\n<p><em><strong>Deutschland \u2013 Spanien (20.30 Uhr)<\/strong> <\/em><\/p>\n\n\n\n<p class=\"has-normal-font-size\"><img loading=\"lazy\" decoding=\"async\" width=\"10\" height=\"21\" class=\"wp-image-3656\" style=\"width: 10px;\" src=\"http:\/\/kommentatorenblog.de\/wp-content\/uploads\/2020\/09\/shure-55sh-ii-e1601485394796.jpg\" alt=\"\" srcset=\"http:\/\/kommentatorenblog.de\/wp-content\/uploads\/2020\/09\/shure-55sh-ii-e1601485394796.jpg 415w, http:\/\/kommentatorenblog.de\/wp-content\/uploads\/2020\/09\/shure-55sh-ii-e1601485394796-142x300.jpg 142w\" sizes=\"auto, (max-width: 10px) 100vw, 10px\" \/> Christoph Hamm, Experte: Markus Baur, Interviews: Lars Ruthemann<\/p>\n\n\n\n<p>Moderation: Yorck Polus, Experte: Sven-S\u00f6ren Christophersen<\/p>\n\n\n\n<p><span style=\"text-decoration: underline;\">Samstag, 23. Januar 2021, ab 20.15 Uhr (ZDF)<\/span><\/p>\n\n\n\n<p>Info: Im offiziellen ZDF-Programm ist noch nichts vermerkt. Das ZDF wird die Partie aber zeigen.<\/p>\n\n\n\n<p><em><strong>Deutschland \u2013 Brasilien (20.30 Uhr)<\/strong> <\/em><\/p>\n\n\n\n<p class=\"has-normal-font-size\"><img loading=\"lazy\" decoding=\"async\" width=\"10\" height=\"21\" class=\"wp-image-3656\" style=\"width: 10px;\" src=\"http:\/\/kommentatorenblog.de\/wp-content\/uploads\/2020\/09\/shure-55sh-ii-e1601485394796.jpg\" alt=\"\" srcset=\"http:\/\/kommentatorenblog.de\/wp-content\/uploads\/2020\/09\/shure-55sh-ii-e1601485394796.jpg 415w, http:\/\/kommentatorenblog.de\/wp-content\/uploads\/2020\/09\/shure-55sh-ii-e1601485394796-142x300.jpg 142w\" sizes=\"auto, (max-width: 10px) 100vw, 10px\" \/> Christoph Hamm, Experte: Markus Baur, Interviews: Lars Ruthemann<\/p>\n\n\n\n<p>Moderation: Yorck Polus, Experte: Sven-S\u00f6ren Christophersen<\/p>\n\n\n\n<p><span style=\"text-decoration: underline;\">Montag, 25. Januar 2021, ab 20.15 Uhr (ARD) <\/span><\/p>\n\n\n\n<p><em><strong>Deutschland \u2013 Polen (20.30 Uhr)<\/strong> <\/em><\/p>\n\n\n\n<p class=\"has-normal-font-size\"><img loading=\"lazy\" decoding=\"async\" width=\"10\" height=\"21\" class=\"wp-image-3656\" style=\"width: 10px;\" src=\"http:\/\/kommentatorenblog.de\/wp-content\/uploads\/2020\/09\/shure-55sh-ii-e1601485394796.jpg\" alt=\"\" srcset=\"http:\/\/kommentatorenblog.de\/wp-content\/uploads\/2020\/09\/shure-55sh-ii-e1601485394796.jpg 415w, http:\/\/kommentatorenblog.de\/wp-content\/uploads\/2020\/09\/shure-55sh-ii-e1601485394796-142x300.jpg 142w\" sizes=\"auto, (max-width: 10px) 100vw, 10px\" \/> Florian Na\u00df<\/p>\n\n\n\n<p>Moderation: Alex Bommes, Experte: Dominik Klein<\/p>\n\n\n\n<p><strong>Und jetzt geht\u00b4s endlich um Fu\u00dfball \ud83d\ude00<\/strong><\/p>\n\n\n\n<hr class=\"wp-block-separator\"\/>\n\n\n\n<p><strong><em>Die Ansetzungen vom 22. Januar bis zum 29. Januar<\/em><\/strong><em><strong> 2021<\/strong><\/em><\/p>\n\n\n\n<p><strong>Bundesliga, 18. Spieltag<\/strong><\/p>\n\n\n\n<p><span style=\"text-decoration: underline;\">Freitag, 22. Januar 2021, ab 20.15 Uhr (DAZN) (ZDF) <\/span><\/p>\n\n\n\n<p><strong><em>Borussia M\u00b4gladbach \u2013 Borussia Dortmund (20.30 Uhr)<\/em><\/strong><\/p>\n\n\n\n<p class=\"has-normal-font-size\"><img loading=\"lazy\" decoding=\"async\" width=\"10\" height=\"21\" class=\"wp-image-3656\" style=\"width: 10px;\" src=\"http:\/\/kommentatorenblog.de\/wp-content\/uploads\/2020\/09\/shure-55sh-ii-e1601485394796.jpg\" alt=\"\" srcset=\"http:\/\/kommentatorenblog.de\/wp-content\/uploads\/2020\/09\/shure-55sh-ii-e1601485394796.jpg 415w, http:\/\/kommentatorenblog.de\/wp-content\/uploads\/2020\/09\/shure-55sh-ii-e1601485394796-142x300.jpg 142w\" sizes=\"auto, (max-width: 10px) 100vw, 10px\" \/> Marco Hagemann, Experte: Sebastian Knei\u00dfl, Field-Reporter: Sebastian Benesch<\/p>\n\n\n\n<p class=\"has-normal-font-size\">ZDF: <img loading=\"lazy\" decoding=\"async\" width=\"10\" height=\"21\" class=\"wp-image-3656\" style=\"width: 10px;\" src=\"http:\/\/kommentatorenblog.de\/wp-content\/uploads\/2020\/09\/shure-55sh-ii-e1601485394796.jpg\" alt=\"\" srcset=\"http:\/\/kommentatorenblog.de\/wp-content\/uploads\/2020\/09\/shure-55sh-ii-e1601485394796.jpg 415w, http:\/\/kommentatorenblog.de\/wp-content\/uploads\/2020\/09\/shure-55sh-ii-e1601485394796-142x300.jpg 142w\" sizes=\"auto, (max-width: 10px) 100vw, 10px\" \/> Oliver Schmidt, Field-Reporter: Thomas Skulski<\/p>\n\n\n\n<p>Moderation (DAZN): Daniel Herzog<\/p>\n\n\n\n<p>Moderation (ZDF): Katrin M\u00fcller-Hohenstein, Experte: Per Mertesacker <\/p>\n\n\n\n<p><span style=\"text-decoration: underline;\">Samstag, 09. Januar 2021, ab 14.00 Uhr (Sky)<\/span><\/p>\n\n\n\n<p><strong><em>Bayer Leverkusen <strong><em>\u2013<\/em><\/strong><\/em><\/strong> <strong><em>VfL Wolfsburg (15.30 Uhr)<\/em><\/strong><\/p>\n\n\n\n<p class=\"has-normal-font-size\"><img loading=\"lazy\" decoding=\"async\" width=\"10\" height=\"21\" class=\"wp-image-3656\" style=\"width: 10px;\" src=\"http:\/\/kommentatorenblog.de\/wp-content\/uploads\/2020\/09\/shure-55sh-ii-e1601485394796.jpg\" alt=\"\" srcset=\"http:\/\/kommentatorenblog.de\/wp-content\/uploads\/2020\/09\/shure-55sh-ii-e1601485394796.jpg 415w, http:\/\/kommentatorenblog.de\/wp-content\/uploads\/2020\/09\/shure-55sh-ii-e1601485394796-142x300.jpg 142w\" sizes=\"auto, (max-width: 10px) 100vw, 10px\" \/> Marcus Lindemann (Einzelspiel), Hansi K\u00fcpper (Konferenz)<\/p>\n\n\n\n<p>Field-Reporter: Martin Gro\u00df <\/p>\n\n\n\n<p><strong><em>1. FSV Mainz 05 <strong><em>\u2013<\/em><\/strong> RB Leipzig (15.30 Uhr)<\/em><\/strong><\/p>\n\n\n\n<p class=\"has-normal-font-size\"><img loading=\"lazy\" decoding=\"async\" width=\"10\" height=\"21\" class=\"wp-image-3656\" style=\"width: 10px;\" src=\"http:\/\/kommentatorenblog.de\/wp-content\/uploads\/2020\/09\/shure-55sh-ii-e1601485394796.jpg\" alt=\"\" srcset=\"http:\/\/kommentatorenblog.de\/wp-content\/uploads\/2020\/09\/shure-55sh-ii-e1601485394796.jpg 415w, http:\/\/kommentatorenblog.de\/wp-content\/uploads\/2020\/09\/shure-55sh-ii-e1601485394796-142x300.jpg 142w\" sizes=\"auto, (max-width: 10px) 100vw, 10px\" \/> Michael Born (Einzelspiel), Wolff Fuss (Konferenz)<\/p>\n\n\n\n<p>Field-Reporter: Ulli Potofski<\/p>\n\n\n\n<p><strong><em>SC Freiburg <strong><em>\u2013<\/em><\/strong><\/em><\/strong> <strong><em>VfB Stuttgart (15.30 Uhr)<\/em><\/strong><\/p>\n\n\n\n<p class=\"has-normal-font-size\"><img loading=\"lazy\" decoding=\"async\" width=\"10\" height=\"21\" class=\"wp-image-3656\" style=\"width: 10px;\" src=\"http:\/\/kommentatorenblog.de\/wp-content\/uploads\/2020\/09\/shure-55sh-ii-e1601485394796.jpg\" alt=\"\" srcset=\"http:\/\/kommentatorenblog.de\/wp-content\/uploads\/2020\/09\/shure-55sh-ii-e1601485394796.jpg 415w, http:\/\/kommentatorenblog.de\/wp-content\/uploads\/2020\/09\/shure-55sh-ii-e1601485394796-142x300.jpg 142w\" sizes=\"auto, (max-width: 10px) 100vw, 10px\" \/> Holger Pfandt (Einzelspiel), Florian Schmidt-Sommerfeld (Konferenz)<\/p>\n\n\n\n<p>Field-Reporter: Ecki Heuser<\/p>\n\n\n\n<p><strong><em>Arminia Bielefeld<strong><em> \u2013<\/em> <\/strong>Eintracht Frankfurt (15.30 Uhr)<\/em><\/strong><\/p>\n\n\n\n<p class=\"has-normal-font-size\"><img loading=\"lazy\" decoding=\"async\" width=\"10\" height=\"21\" class=\"wp-image-3656\" style=\"width: 10px;\" src=\"http:\/\/kommentatorenblog.de\/wp-content\/uploads\/2020\/09\/shure-55sh-ii-e1601485394796.jpg\" alt=\"\" srcset=\"http:\/\/kommentatorenblog.de\/wp-content\/uploads\/2020\/09\/shure-55sh-ii-e1601485394796.jpg 415w, http:\/\/kommentatorenblog.de\/wp-content\/uploads\/2020\/09\/shure-55sh-ii-e1601485394796-142x300.jpg 142w\" sizes=\"auto, (max-width: 10px) 100vw, 10px\" \/> Tom Bayer (Einzelspiel), Markus G\u00f6tz (Konferenz)<\/p>\n\n\n\n<p>Field-Reporter: Jens Westen <\/p>\n\n\n\n<p><strong><em>FC Augsburg<strong><em> \u2013 <\/em><\/strong>1. FC Union Berlin (15.30 Uhr)<\/em><\/strong><\/p>\n\n\n\n<p class=\"has-normal-font-size\"><img loading=\"lazy\" decoding=\"async\" width=\"10\" height=\"21\" class=\"wp-image-3656\" style=\"width: 10px;\" src=\"http:\/\/kommentatorenblog.de\/wp-content\/uploads\/2020\/09\/shure-55sh-ii-e1601485394796.jpg\" alt=\"\" srcset=\"http:\/\/kommentatorenblog.de\/wp-content\/uploads\/2020\/09\/shure-55sh-ii-e1601485394796.jpg 415w, http:\/\/kommentatorenblog.de\/wp-content\/uploads\/2020\/09\/shure-55sh-ii-e1601485394796-142x300.jpg 142w\" sizes=\"auto, (max-width: 10px) 100vw, 10px\" \/> Jonas Friedrich (Einzelspiel), Klaus Veltmann (Konferenz)<\/p>\n\n\n\n<p>Field-Reporterin: Esther Sedlaczek<\/p>\n\n\n\n<p>Moderation: Michael Leopold, Experte: Dietmar Hamann<\/p>\n\n\n\n<p><span style=\"text-decoration: underline;\">ab 17.30 Uhr (Sky)<\/span><\/p>\n\n\n\n<p><strong><em>Hertha BSC \u2013 SV Werder Bremen (18.30 Uhr)<\/em><\/strong><\/p>\n\n\n\n<p class=\"has-normal-font-size\"><img loading=\"lazy\" decoding=\"async\" width=\"10\" height=\"21\" class=\"wp-image-3656\" style=\"width: 10px;\" src=\"http:\/\/kommentatorenblog.de\/wp-content\/uploads\/2020\/09\/shure-55sh-ii-e1601485394796.jpg\" alt=\"\" srcset=\"http:\/\/kommentatorenblog.de\/wp-content\/uploads\/2020\/09\/shure-55sh-ii-e1601485394796.jpg 415w, http:\/\/kommentatorenblog.de\/wp-content\/uploads\/2020\/09\/shure-55sh-ii-e1601485394796-142x300.jpg 142w\" sizes=\"auto, (max-width: 10px) 100vw, 10px\" \/> Kai Dittmann<\/p>\n\n\n\n<p>Field-Reporter: Stefan Hempel <\/p>\n\n\n\n<p>Moderation: Sebastian Hellmann, Experte: Lothar Matth\u00e4us<\/p>\n\n\n\n<p><span style=\"text-decoration: underline;\">Sonntag, 10. Januar 2021, ab 14.30 Uhr (Sky)<\/span><\/p>\n\n\n\n<p><strong><em>FC Schalke 04 \u2013 FC Bayern M\u00fcnchen (15.30 Uhr)<\/em><\/strong><\/p>\n\n\n\n<p class=\"has-normal-font-size\"><img loading=\"lazy\" decoding=\"async\" width=\"10\" height=\"21\" class=\"wp-image-3656\" style=\"width: 10px;\" src=\"http:\/\/kommentatorenblog.de\/wp-content\/uploads\/2020\/09\/shure-55sh-ii-e1601485394796.jpg\" alt=\"\" srcset=\"http:\/\/kommentatorenblog.de\/wp-content\/uploads\/2020\/09\/shure-55sh-ii-e1601485394796.jpg 415w, http:\/\/kommentatorenblog.de\/wp-content\/uploads\/2020\/09\/shure-55sh-ii-e1601485394796-142x300.jpg 142w\" sizes=\"auto, (max-width: 10px) 100vw, 10px\" \/> Wolff Fuss<\/p>\n\n\n\n<p>Field-Reporter: Sebastian Hellmann <\/p>\n\n\n\n<p><span style=\"text-decoration: underline;\">ab 17.30 Uhr (Sky)<\/span><\/p>\n\n\n\n<p><strong><em>TSG Hoffenheim \u2013 1. FC K\u00f6ln (18.00 Uhr)<\/em><\/strong><\/p>\n\n\n\n<p class=\"has-normal-font-size\"><img loading=\"lazy\" decoding=\"async\" width=\"10\" height=\"21\" class=\"wp-image-3656\" style=\"width: 10px;\" src=\"http:\/\/kommentatorenblog.de\/wp-content\/uploads\/2020\/09\/shure-55sh-ii-e1601485394796.jpg\" alt=\"\" srcset=\"http:\/\/kommentatorenblog.de\/wp-content\/uploads\/2020\/09\/shure-55sh-ii-e1601485394796.jpg 415w, http:\/\/kommentatorenblog.de\/wp-content\/uploads\/2020\/09\/shure-55sh-ii-e1601485394796-142x300.jpg 142w\" sizes=\"auto, (max-width: 10px) 100vw, 10px\" \/> Martin Gro\u00df<\/p>\n\n\n\n<p>Field-Reporter: Marcus Lindemann <\/p>\n\n\n\n<p>Moderation: Jessica Libbertz, Experte: Mirko Slomka <\/p>\n\n\n\n<hr class=\"wp-block-separator\"\/>\n\n\n\n<p><strong>2<\/strong>. <strong>Bundesliga, 17. Spieltag<\/strong> <strong>(Sky)<\/strong><\/p>\n\n\n\n<p><span style=\"text-decoration: underline;\">Freitag, 22. Januar 2021, ab 18.00 Uhr<\/span><\/p>\n\n\n\n<p><strong><em>Fortuna D\u00fcsseldorf <strong><em>\u2013<\/em><\/strong><\/em><\/strong> <strong><em>SpVgg Greuther F\u00fcrth (18.30 Uhr)<\/em><\/strong><\/p>\n\n\n\n<p><img loading=\"lazy\" decoding=\"async\" width=\"10\" height=\"21\" class=\"wp-image-3656\" style=\"width: 10px;\" src=\"http:\/\/kommentatorenblog.de\/wp-content\/uploads\/2020\/09\/shure-55sh-ii-e1601485394796.jpg\" alt=\"\" srcset=\"http:\/\/kommentatorenblog.de\/wp-content\/uploads\/2020\/09\/shure-55sh-ii-e1601485394796.jpg 415w, http:\/\/kommentatorenblog.de\/wp-content\/uploads\/2020\/09\/shure-55sh-ii-e1601485394796-142x300.jpg 142w\" sizes=\"auto, (max-width: 10px) 100vw, 10px\" \/> Hansi K\u00fcpper, Field-Reporter: Marco Wiefel<\/p>\n\n\n\n<p><strong><em>VfL Osnabr\u00fcck<strong><em> \u2013<\/em><\/strong><\/em> <em>Erzgebirge Aue (18.30 Uhr)<\/em><\/strong><\/p>\n\n\n\n<p><img loading=\"lazy\" decoding=\"async\" width=\"10\" height=\"21\" class=\"wp-image-3656\" style=\"width: 10px;\" src=\"http:\/\/kommentatorenblog.de\/wp-content\/uploads\/2020\/09\/shure-55sh-ii-e1601485394796.jpg\" alt=\"\" srcset=\"http:\/\/kommentatorenblog.de\/wp-content\/uploads\/2020\/09\/shure-55sh-ii-e1601485394796.jpg 415w, http:\/\/kommentatorenblog.de\/wp-content\/uploads\/2020\/09\/shure-55sh-ii-e1601485394796-142x300.jpg 142w\" sizes=\"auto, (max-width: 10px) 100vw, 10px\" \/> Sven Haist, Interviews: Schalte <\/p>\n\n\n\n<p>Moderation: Hartmut von Kameke<\/p>\n\n\n\n<p><span style=\"text-decoration: underline;\">Samstag, 23. Januar 2021, ab 12.30 Uhr<\/span><\/p>\n\n\n\n<p><strong><em>Eintracht Braunschweig<strong><em> \u2013<\/em> <\/strong>Hamburger SV (13.00 Uhr)<\/em><\/strong><\/p>\n\n\n\n<p><img loading=\"lazy\" decoding=\"async\" width=\"10\" height=\"21\" class=\"wp-image-3656\" style=\"width: 10px;\" src=\"http:\/\/kommentatorenblog.de\/wp-content\/uploads\/2020\/09\/shure-55sh-ii-e1601485394796.jpg\" alt=\"\" srcset=\"http:\/\/kommentatorenblog.de\/wp-content\/uploads\/2020\/09\/shure-55sh-ii-e1601485394796.jpg 415w, http:\/\/kommentatorenblog.de\/wp-content\/uploads\/2020\/09\/shure-55sh-ii-e1601485394796-142x300.jpg 142w\" sizes=\"auto, (max-width: 10px) 100vw, 10px\" \/> Torsten Kunde, Field-Reporter: Sven T\u00f6llner <\/p>\n\n\n\n<p><strong><em>Karlsruher SC <strong><em>\u2013<\/em><\/strong> 1. FC Heidenheim<\/em><\/strong> <strong><em>(13.00 Uhr)<\/em><\/strong><\/p>\n\n\n\n<p><img loading=\"lazy\" decoding=\"async\" width=\"10\" height=\"21\" class=\"wp-image-3656\" style=\"width: 10px;\" src=\"http:\/\/kommentatorenblog.de\/wp-content\/uploads\/2020\/09\/shure-55sh-ii-e1601485394796.jpg\" alt=\"\" srcset=\"http:\/\/kommentatorenblog.de\/wp-content\/uploads\/2020\/09\/shure-55sh-ii-e1601485394796.jpg 415w, http:\/\/kommentatorenblog.de\/wp-content\/uploads\/2020\/09\/shure-55sh-ii-e1601485394796-142x300.jpg 142w\" sizes=\"auto, (max-width: 10px) 100vw, 10px\" \/> Karsten Petrzika<\/p>\n\n\n\n<p><strong><em>SC Paderborn 07 <strong><em>\u2013 <\/em><\/strong>W\u00fcrzburger Kickers (13.00 Uhr)<\/em><\/strong><\/p>\n\n\n\n<p><img loading=\"lazy\" decoding=\"async\" width=\"10\" height=\"21\" class=\"wp-image-3656\" style=\"width: 10px;\" src=\"http:\/\/kommentatorenblog.de\/wp-content\/uploads\/2020\/09\/shure-55sh-ii-e1601485394796.jpg\" alt=\"\" srcset=\"http:\/\/kommentatorenblog.de\/wp-content\/uploads\/2020\/09\/shure-55sh-ii-e1601485394796.jpg 415w, http:\/\/kommentatorenblog.de\/wp-content\/uploads\/2020\/09\/shure-55sh-ii-e1601485394796-142x300.jpg 142w\" sizes=\"auto, (max-width: 10px) 100vw, 10px\" \/> J\u00f6rg Dahlmann, Interviews: Schalte<\/p>\n\n\n\n<p>Moderation: Peter Hardenacke<\/p>\n\n\n\n<p><span style=\"text-decoration: underline;\">Sonntag, 24. Januar 2021, ab 13.00 Uhr<\/span><\/p>\n\n\n\n<p><strong><em>1. FC N\u00fcrnberg <strong><em>\u2013<\/em><\/strong><\/em><\/strong> <strong><em>Hannover 96 (13.30 Uhr)<\/em><\/strong><\/p>\n\n\n\n<p><img loading=\"lazy\" decoding=\"async\" width=\"10\" height=\"21\" class=\"wp-image-3656\" style=\"width: 10px;\" src=\"http:\/\/kommentatorenblog.de\/wp-content\/uploads\/2020\/09\/shure-55sh-ii-e1601485394796.jpg\" alt=\"\" srcset=\"http:\/\/kommentatorenblog.de\/wp-content\/uploads\/2020\/09\/shure-55sh-ii-e1601485394796.jpg 415w, http:\/\/kommentatorenblog.de\/wp-content\/uploads\/2020\/09\/shure-55sh-ii-e1601485394796-142x300.jpg 142w\" sizes=\"auto, (max-width: 10px) 100vw, 10px\" \/> J\u00fcrgen Schmitz, Field-Reporter: Florian Bauer<\/p>\n\n\n\n<p><strong><em>SV Darmstadt 98 <strong><em>\u2013<\/em><\/strong><\/em><\/strong> <strong><em>Holstein Kiel (13.30 Uhr)<\/em><\/strong><\/p>\n\n\n\n<p><img loading=\"lazy\" decoding=\"async\" width=\"10\" height=\"21\" class=\"wp-image-3656\" style=\"width: 10px;\" src=\"http:\/\/kommentatorenblog.de\/wp-content\/uploads\/2020\/09\/shure-55sh-ii-e1601485394796.jpg\" alt=\"\" srcset=\"http:\/\/kommentatorenblog.de\/wp-content\/uploads\/2020\/09\/shure-55sh-ii-e1601485394796.jpg 415w, http:\/\/kommentatorenblog.de\/wp-content\/uploads\/2020\/09\/shure-55sh-ii-e1601485394796-142x300.jpg 142w\" sizes=\"auto, (max-width: 10px) 100vw, 10px\" \/> Holger Pfandt, Interviews: Schalte <\/p>\n\n\n\n<p><strong><em>SV Sandhausen <strong><em>\u2013<\/em> <\/strong>VfL Bochum<\/em><\/strong> <strong><em>(13.30 Uhr)<\/em><\/strong><\/p>\n\n\n\n<p><img loading=\"lazy\" decoding=\"async\" width=\"10\" height=\"21\" class=\"wp-image-3656\" style=\"width: 10px;\" src=\"http:\/\/kommentatorenblog.de\/wp-content\/uploads\/2020\/09\/shure-55sh-ii-e1601485394796.jpg\" alt=\"\" srcset=\"http:\/\/kommentatorenblog.de\/wp-content\/uploads\/2020\/09\/shure-55sh-ii-e1601485394796.jpg 415w, http:\/\/kommentatorenblog.de\/wp-content\/uploads\/2020\/09\/shure-55sh-ii-e1601485394796-142x300.jpg 142w\" sizes=\"auto, (max-width: 10px) 100vw, 10px\" \/> J\u00f6rg Dahlmann<\/p>\n\n\n\n<p><strong><em>FC St. Pauli<strong><em> \u2013<\/em><\/strong><\/em><\/strong> <strong><em>Jahn Regensburg (13.30 Uhr)<\/em><\/strong><\/p>\n\n\n\n<p><img loading=\"lazy\" decoding=\"async\" width=\"10\" height=\"21\" class=\"wp-image-3656\" style=\"width: 10px;\" src=\"http:\/\/kommentatorenblog.de\/wp-content\/uploads\/2020\/09\/shure-55sh-ii-e1601485394796.jpg\" alt=\"\" srcset=\"http:\/\/kommentatorenblog.de\/wp-content\/uploads\/2020\/09\/shure-55sh-ii-e1601485394796.jpg 415w, http:\/\/kommentatorenblog.de\/wp-content\/uploads\/2020\/09\/shure-55sh-ii-e1601485394796-142x300.jpg 142w\" sizes=\"auto, (max-width: 10px) 100vw, 10px\" \/> Heiko Mallwitz, Interviews: Schalte <\/p>\n\n\n\n<p>Moderation: Yannick Erkenbrecher<\/p>\n\n\n\n<hr class=\"wp-block-separator\"\/>\n\n\n\n<p><strong>2<\/strong>. <strong>Bundesliga, 18. Spieltag<\/strong> <strong>(Sky)<\/strong><\/p>\n\n\n\n<p><span style=\"text-decoration: underline;\">Dienstag, 26. Januar 2021, ab 18.00 Uhr<\/span><\/p>\n\n\n\n<p><strong><em>Erzgebirge Aue <strong><em>\u2013<\/em><\/strong><\/em><\/strong> <strong><em>W\u00fcrzburger Kickers (18.30 Uhr)<\/em><\/strong><\/p>\n\n\n\n<p><img loading=\"lazy\" decoding=\"async\" width=\"10\" height=\"21\" class=\"wp-image-3656\" style=\"width: 10px;\" src=\"http:\/\/kommentatorenblog.de\/wp-content\/uploads\/2020\/09\/shure-55sh-ii-e1601485394796.jpg\" alt=\"\" srcset=\"http:\/\/kommentatorenblog.de\/wp-content\/uploads\/2020\/09\/shure-55sh-ii-e1601485394796.jpg 415w, http:\/\/kommentatorenblog.de\/wp-content\/uploads\/2020\/09\/shure-55sh-ii-e1601485394796-142x300.jpg 142w\" sizes=\"auto, (max-width: 10px) 100vw, 10px\" \/> Heiko Mallwitz, Interviews: Schalte<\/p>\n\n\n\n<p><span style=\"text-decoration: underline;\">ab 20.25 Uhr<\/span><\/p>\n\n\n\n<p><strong><em>Fortuna D\u00fcsseldorf<strong> <em>\u2013<\/em><\/strong><\/em> <em>Hamburger SV (20.30 Uhr)<\/em><\/strong><\/p>\n\n\n\n<p><img loading=\"lazy\" decoding=\"async\" width=\"10\" height=\"21\" class=\"wp-image-3656\" style=\"width: 10px;\" src=\"http:\/\/kommentatorenblog.de\/wp-content\/uploads\/2020\/09\/shure-55sh-ii-e1601485394796.jpg\" alt=\"\" srcset=\"http:\/\/kommentatorenblog.de\/wp-content\/uploads\/2020\/09\/shure-55sh-ii-e1601485394796.jpg 415w, http:\/\/kommentatorenblog.de\/wp-content\/uploads\/2020\/09\/shure-55sh-ii-e1601485394796-142x300.jpg 142w\" sizes=\"auto, (max-width: 10px) 100vw, 10px\" \/> Hansi K\u00fcpper, Field-Reporter: Dirk gro\u00dfe Schlarmann  <\/p>\n\n\n\n<p><strong><em>VfL Osnabr\u00fcck<strong><em> \u2013<\/em> <\/strong>Greuther F\u00fcrth (20.30 Uhr)<\/em><\/strong><\/p>\n\n\n\n<p><img loading=\"lazy\" decoding=\"async\" width=\"10\" height=\"21\" class=\"wp-image-3656\" style=\"width: 10px;\" src=\"http:\/\/kommentatorenblog.de\/wp-content\/uploads\/2020\/09\/shure-55sh-ii-e1601485394796.jpg\" alt=\"\" srcset=\"http:\/\/kommentatorenblog.de\/wp-content\/uploads\/2020\/09\/shure-55sh-ii-e1601485394796.jpg 415w, http:\/\/kommentatorenblog.de\/wp-content\/uploads\/2020\/09\/shure-55sh-ii-e1601485394796-142x300.jpg 142w\" sizes=\"auto, (max-width: 10px) 100vw, 10px\" \/> Holger Pfandt <\/p>\n\n\n\n<p><strong><em>Eintracht Braunschweig <strong><em>\u2013<\/em><\/strong> 1. FC Heidenheim<\/em><\/strong> <strong><em>(20.30 Uhr)<\/em><\/strong><\/p>\n\n\n\n<p><img loading=\"lazy\" decoding=\"async\" width=\"10\" height=\"21\" class=\"wp-image-3656\" style=\"width: 10px;\" src=\"http:\/\/kommentatorenblog.de\/wp-content\/uploads\/2020\/09\/shure-55sh-ii-e1601485394796.jpg\" alt=\"\" srcset=\"http:\/\/kommentatorenblog.de\/wp-content\/uploads\/2020\/09\/shure-55sh-ii-e1601485394796.jpg 415w, http:\/\/kommentatorenblog.de\/wp-content\/uploads\/2020\/09\/shure-55sh-ii-e1601485394796-142x300.jpg 142w\" sizes=\"auto, (max-width: 10px) 100vw, 10px\" \/> J\u00fcrgen Schmitz<\/p>\n\n\n\n<p>Moderation: Stefan Hempel <\/p>\n\n\n\n<p><span style=\"text-decoration: underline;\">Mittwoch, 27. Januar 2021, ab 18.00 Uhr<\/span><\/p>\n\n\n\n<p><strong><em>Darmstadt 98 <strong><em>\u2013 <\/em><\/strong>SV Sandhausen (18.30 Uhr)<\/em><\/strong><\/p>\n\n\n\n<p><img loading=\"lazy\" decoding=\"async\" width=\"10\" height=\"21\" class=\"wp-image-3656\" style=\"width: 10px;\" src=\"http:\/\/kommentatorenblog.de\/wp-content\/uploads\/2020\/09\/shure-55sh-ii-e1601485394796.jpg\" alt=\"\" srcset=\"http:\/\/kommentatorenblog.de\/wp-content\/uploads\/2020\/09\/shure-55sh-ii-e1601485394796.jpg 415w, http:\/\/kommentatorenblog.de\/wp-content\/uploads\/2020\/09\/shure-55sh-ii-e1601485394796-142x300.jpg 142w\" sizes=\"auto, (max-width: 10px) 100vw, 10px\" \/> J\u00f6rg Dahlmann, Field-Reporterin: Sylvia Walker <\/p>\n\n\n\n<p><span style=\"text-decoration: underline;\">ab 20.25 Uhr<\/span><\/p>\n\n\n\n<p><strong><em>SC Paderborn 07 <strong><em>\u2013<\/em><\/strong><\/em><\/strong> <strong><em>Holstein Kiel (20.30 Uhr)<\/em><\/strong><\/p>\n\n\n\n<p><img loading=\"lazy\" decoding=\"async\" width=\"10\" height=\"21\" class=\"wp-image-3656\" style=\"width: 10px;\" src=\"http:\/\/kommentatorenblog.de\/wp-content\/uploads\/2020\/09\/shure-55sh-ii-e1601485394796.jpg\" alt=\"\" srcset=\"http:\/\/kommentatorenblog.de\/wp-content\/uploads\/2020\/09\/shure-55sh-ii-e1601485394796.jpg 415w, http:\/\/kommentatorenblog.de\/wp-content\/uploads\/2020\/09\/shure-55sh-ii-e1601485394796-142x300.jpg 142w\" sizes=\"auto, (max-width: 10px) 100vw, 10px\" \/> Hansi K\u00fcpper<\/p>\n\n\n\n<p><strong><em>Karlsruher SC <strong><em>\u2013<\/em><\/strong><\/em><\/strong> <strong><em>Hannover 96 (20.30 Uhr)<\/em><\/strong><\/p>\n\n\n\n<p><img loading=\"lazy\" decoding=\"async\" width=\"10\" height=\"21\" class=\"wp-image-3656\" style=\"width: 10px;\" src=\"http:\/\/kommentatorenblog.de\/wp-content\/uploads\/2020\/09\/shure-55sh-ii-e1601485394796.jpg\" alt=\"\" srcset=\"http:\/\/kommentatorenblog.de\/wp-content\/uploads\/2020\/09\/shure-55sh-ii-e1601485394796.jpg 415w, http:\/\/kommentatorenblog.de\/wp-content\/uploads\/2020\/09\/shure-55sh-ii-e1601485394796-142x300.jpg 142w\" sizes=\"auto, (max-width: 10px) 100vw, 10px\" \/> Heiko Mallwitz, Interviews: Schalte<\/p>\n\n\n\n<p><strong><em>1.FC N\u00fcrnberg <strong><em>\u2013<\/em> <\/strong>Jahn Regensburg <\/em><\/strong><strong><em>(20.30 Uhr)<\/em><\/strong><\/p>\n\n\n\n<p><img loading=\"lazy\" decoding=\"async\" width=\"10\" height=\"21\" class=\"wp-image-3656\" style=\"width: 10px;\" src=\"http:\/\/kommentatorenblog.de\/wp-content\/uploads\/2020\/09\/shure-55sh-ii-e1601485394796.jpg\" alt=\"\" srcset=\"http:\/\/kommentatorenblog.de\/wp-content\/uploads\/2020\/09\/shure-55sh-ii-e1601485394796.jpg 415w, http:\/\/kommentatorenblog.de\/wp-content\/uploads\/2020\/09\/shure-55sh-ii-e1601485394796-142x300.jpg 142w\" sizes=\"auto, (max-width: 10px) 100vw, 10px\" \/> Sven Haist, Interviews: Schalte<\/p>\n\n\n\n<p>Moderation: Yannick Erkenbrecher, Experte: Torsten Mattuschka <\/p>\n\n\n\n<p><span style=\"text-decoration: underline;\">Donnerstag, 29. Januar 2021, ab 20.00 Uhr<\/span><\/p>\n\n\n\n<p><strong><em>FC St. Pauli<strong><em> \u2013<\/em><\/strong><\/em><\/strong> <strong><em>VfL Bochum (20.30 Uhr)<\/em><\/strong><\/p>\n\n\n\n<p><img loading=\"lazy\" decoding=\"async\" width=\"10\" height=\"21\" class=\"wp-image-3656\" style=\"width: 10px;\" src=\"http:\/\/kommentatorenblog.de\/wp-content\/uploads\/2020\/09\/shure-55sh-ii-e1601485394796.jpg\" alt=\"\" srcset=\"http:\/\/kommentatorenblog.de\/wp-content\/uploads\/2020\/09\/shure-55sh-ii-e1601485394796.jpg 415w, http:\/\/kommentatorenblog.de\/wp-content\/uploads\/2020\/09\/shure-55sh-ii-e1601485394796-142x300.jpg 142w\" sizes=\"auto, (max-width: 10px) 100vw, 10px\" \/> Stefan Hempel und Torsten Mattuschka <\/p>\n\n\n\n<p>Field-Reporter: Sven T\u00f6llner <\/p>\n\n\n\n<hr class=\"wp-block-separator\"\/>\n\n\n\n<p><strong>3. Liga, 20. Spieltag<\/strong><\/p>\n\n\n\n<p><span style=\"text-decoration: underline;\">Freitag, 22. Januar 2021, ab 18.30 Uhr (Magenta Sport)<\/span><\/p>\n\n\n\n<p><strong><em>T\u00fcrkg\u00fcc\u00fc M\u00fcnchen \u2013 FC Bayern M\u00fcnchen II (19.00 Uhr)<\/em><\/strong><\/p>\n\n\n\n<p><img loading=\"lazy\" decoding=\"async\" width=\"10\" height=\"21\" class=\"wp-image-3656\" style=\"width: 10px;\" src=\"http:\/\/kommentatorenblog.de\/wp-content\/uploads\/2020\/09\/shure-55sh-ii-e1601485394796.jpg\" alt=\"\" srcset=\"http:\/\/kommentatorenblog.de\/wp-content\/uploads\/2020\/09\/shure-55sh-ii-e1601485394796.jpg 415w, http:\/\/kommentatorenblog.de\/wp-content\/uploads\/2020\/09\/shure-55sh-ii-e1601485394796-142x300.jpg 142w\" sizes=\"auto, (max-width: 10px) 100vw, 10px\" \/> Martin Piller<\/p>\n\n\n\n<p>Moderation: Sascha Bandermann, Experte: Martin Lanig <\/p>\n\n\n\n<p><span style=\"text-decoration: underline;\">Samstag, 23. Januar 2021, ab 13.45 Uhr (Magenta Sport)<\/span><\/p>\n\n\n\n<p><strong><em>Konferenz (14.00 Uhr)<\/em><\/strong><\/p>\n\n\n\n<p><img loading=\"lazy\" decoding=\"async\" width=\"10\" height=\"21\" class=\"wp-image-3656\" style=\"width: 10px;\" src=\"http:\/\/kommentatorenblog.de\/wp-content\/uploads\/2020\/09\/shure-55sh-ii-e1601485394796.jpg\" alt=\"\" srcset=\"http:\/\/kommentatorenblog.de\/wp-content\/uploads\/2020\/09\/shure-55sh-ii-e1601485394796.jpg 415w, http:\/\/kommentatorenblog.de\/wp-content\/uploads\/2020\/09\/shure-55sh-ii-e1601485394796-142x300.jpg 142w\" sizes=\"auto, (max-width: 10px) 100vw, 10px\" \/> Martin Piller und Alex Kunz<\/p>\n\n\n\n<p><strong><em>FC Viktoria K\u00f6ln \u2013 SV Waldhof Mannheim (14.00 Uhr)<\/em><\/strong><\/p>\n\n\n\n<p><img loading=\"lazy\" decoding=\"async\" width=\"10\" height=\"21\" class=\"wp-image-3656\" style=\"width: 10px;\" src=\"http:\/\/kommentatorenblog.de\/wp-content\/uploads\/2020\/09\/shure-55sh-ii-e1601485394796.jpg\" alt=\"\" srcset=\"http:\/\/kommentatorenblog.de\/wp-content\/uploads\/2020\/09\/shure-55sh-ii-e1601485394796.jpg 415w, http:\/\/kommentatorenblog.de\/wp-content\/uploads\/2020\/09\/shure-55sh-ii-e1601485394796-142x300.jpg 142w\" sizes=\"auto, (max-width: 10px) 100vw, 10px\" \/> Christian Stra\u00dfburger <\/p>\n\n\n\n<p>Moderation: Tobi Sch\u00e4fer<\/p>\n\n\n\n<p><strong><em>MSV Duisburg \u2013 FC Hansa Rostock (14.00 Uhr)<\/em><\/strong><\/p>\n\n\n\n<p><img loading=\"lazy\" decoding=\"async\" width=\"10\" height=\"21\" class=\"wp-image-3656\" style=\"width: 10px;\" src=\"http:\/\/kommentatorenblog.de\/wp-content\/uploads\/2020\/09\/shure-55sh-ii-e1601485394796.jpg\" alt=\"\" srcset=\"http:\/\/kommentatorenblog.de\/wp-content\/uploads\/2020\/09\/shure-55sh-ii-e1601485394796.jpg 415w, http:\/\/kommentatorenblog.de\/wp-content\/uploads\/2020\/09\/shure-55sh-ii-e1601485394796-142x300.jpg 142w\" sizes=\"auto, (max-width: 10px) 100vw, 10px\" \/> Markus H\u00f6hner <\/p>\n\n\n\n<p>Moderation: Holger Speckhahn <\/p>\n\n\n\n<p><strong><em>SC Verl \u2013 SV Wehen Wiesbaden (14.00 Uhr)<\/em><\/strong><\/p>\n\n\n\n<p><img loading=\"lazy\" decoding=\"async\" width=\"10\" height=\"21\" class=\"wp-image-3656\" style=\"width: 10px;\" src=\"http:\/\/kommentatorenblog.de\/wp-content\/uploads\/2020\/09\/shure-55sh-ii-e1601485394796.jpg\" alt=\"\" srcset=\"http:\/\/kommentatorenblog.de\/wp-content\/uploads\/2020\/09\/shure-55sh-ii-e1601485394796.jpg 415w, http:\/\/kommentatorenblog.de\/wp-content\/uploads\/2020\/09\/shure-55sh-ii-e1601485394796-142x300.jpg 142w\" sizes=\"auto, (max-width: 10px) 100vw, 10px\" \/> Eddie Mielke <\/p>\n\n\n\n<p>Moderation: Kamilla Benschop <\/p>\n\n\n\n<p><strong><em>SpVgg Unterhaching \u2013 FSV Zwickau (14.00 Uhr)<\/em><\/strong><\/p>\n\n\n\n<p><img loading=\"lazy\" decoding=\"async\" width=\"10\" height=\"21\" class=\"wp-image-3656\" style=\"width: 10px;\" src=\"http:\/\/kommentatorenblog.de\/wp-content\/uploads\/2020\/09\/shure-55sh-ii-e1601485394796.jpg\" alt=\"\" srcset=\"http:\/\/kommentatorenblog.de\/wp-content\/uploads\/2020\/09\/shure-55sh-ii-e1601485394796.jpg 415w, http:\/\/kommentatorenblog.de\/wp-content\/uploads\/2020\/09\/shure-55sh-ii-e1601485394796-142x300.jpg 142w\" sizes=\"auto, (max-width: 10px) 100vw, 10px\" \/> Oskar Heirler <\/p>\n\n\n\n<p>Moderation: Sascha Bandermann <\/p>\n\n\n\n<p><span style=\"text-decoration: underline;\">ab 13.45 Uhr (Magenta Sport) \/ ab 14.00 Uhr (NDR, BR, SWR)<\/span><\/p>\n\n\n\n<p><strong><em>Hallescher FC \u2013 1.FC Magdeburg (14.00 Uhr)<\/em><\/strong><\/p>\n\n\n\n<p><img loading=\"lazy\" decoding=\"async\" width=\"10\" height=\"21\" class=\"wp-image-3656\" style=\"width: 10px;\" src=\"http:\/\/kommentatorenblog.de\/wp-content\/uploads\/2020\/09\/shure-55sh-ii-e1601485394796.jpg\" alt=\"\" srcset=\"http:\/\/kommentatorenblog.de\/wp-content\/uploads\/2020\/09\/shure-55sh-ii-e1601485394796.jpg 415w, http:\/\/kommentatorenblog.de\/wp-content\/uploads\/2020\/09\/shure-55sh-ii-e1601485394796-142x300.jpg 142w\" sizes=\"auto, (max-width: 10px) 100vw, 10px\" \/> Magenta Sport: Andreas Mann<\/p>\n\n\n\n<p><img loading=\"lazy\" decoding=\"async\" width=\"10\" height=\"21\" class=\"wp-image-3656\" style=\"width: 10px;\" src=\"http:\/\/kommentatorenblog.de\/wp-content\/uploads\/2020\/09\/shure-55sh-ii-e1601485394796.jpg\" alt=\"\" srcset=\"http:\/\/kommentatorenblog.de\/wp-content\/uploads\/2020\/09\/shure-55sh-ii-e1601485394796.jpg 415w, http:\/\/kommentatorenblog.de\/wp-content\/uploads\/2020\/09\/shure-55sh-ii-e1601485394796-142x300.jpg 142w\" sizes=\"auto, (max-width: 10px) 100vw, 10px\" \/> MDR: Eik Galley  <\/p>\n\n\n\n<p>Moderation (Magenta Sport): Stefanie Blochwitz<\/p>\n\n\n\n<p>Moderation (MDR): Stephanie M\u00fcller-Spirra <\/p>\n\n\n\n<p><strong><em>SG Dynamo Dresden \u2013 1.FC Kaiserslautern (14.00 Uhr)<\/em><\/strong><\/p>\n\n\n\n<p><img loading=\"lazy\" decoding=\"async\" width=\"10\" height=\"21\" class=\"wp-image-3656\" style=\"width: 10px;\" src=\"http:\/\/kommentatorenblog.de\/wp-content\/uploads\/2020\/09\/shure-55sh-ii-e1601485394796.jpg\" alt=\"\" srcset=\"http:\/\/kommentatorenblog.de\/wp-content\/uploads\/2020\/09\/shure-55sh-ii-e1601485394796.jpg 415w, http:\/\/kommentatorenblog.de\/wp-content\/uploads\/2020\/09\/shure-55sh-ii-e1601485394796-142x300.jpg 142w\" sizes=\"auto, (max-width: 10px) 100vw, 10px\" \/> Magenta Sport: Franz B\u00fcchner <\/p>\n\n\n\n<p><img loading=\"lazy\" decoding=\"async\" width=\"10\" height=\"21\" class=\"wp-image-3656\" style=\"width: 10px;\" src=\"http:\/\/kommentatorenblog.de\/wp-content\/uploads\/2020\/09\/shure-55sh-ii-e1601485394796.jpg\" alt=\"\" srcset=\"http:\/\/kommentatorenblog.de\/wp-content\/uploads\/2020\/09\/shure-55sh-ii-e1601485394796.jpg 415w, http:\/\/kommentatorenblog.de\/wp-content\/uploads\/2020\/09\/shure-55sh-ii-e1601485394796-142x300.jpg 142w\" sizes=\"auto, (max-width: 10px) 100vw, 10px\" \/> SWR: Martin Maib\u00fccher <\/p>\n\n\n\n<p>Moderation (Magenta Sport): Anett Sattler<\/p>\n\n\n\n<p>Moderation (SWR): Lea Wagner, Gast: Olaf Marschall<\/p>\n\n\n\n<p><span style=\"text-decoration: underline;\">Sonntag, 24. Januar, 12.45 Uhr (Magenta Sport)<\/span><\/p>\n\n\n\n<p><strong><em>TSV 1860 M\u00fcnchen \u2013 SV Meppen (13.00 Uhr)<\/em><\/strong><\/p>\n\n\n\n<p><img loading=\"lazy\" decoding=\"async\" width=\"10\" height=\"21\" class=\"wp-image-3656\" style=\"width: 10px;\" src=\"http:\/\/kommentatorenblog.de\/wp-content\/uploads\/2020\/09\/shure-55sh-ii-e1601485394796.jpg\" alt=\"\" srcset=\"http:\/\/kommentatorenblog.de\/wp-content\/uploads\/2020\/09\/shure-55sh-ii-e1601485394796.jpg 415w, http:\/\/kommentatorenblog.de\/wp-content\/uploads\/2020\/09\/shure-55sh-ii-e1601485394796-142x300.jpg 142w\" sizes=\"auto, (max-width: 10px) 100vw, 10px\" \/> Basti Schwele <\/p>\n\n\n\n<p>Moderation: Simon K\u00f6pfer<\/p>\n\n\n\n<p><span style=\"text-decoration: underline;\">ab 13.45 Uhr (Magenta Sport) <\/span><\/p>\n\n\n\n<p><strong><em>1.FC Saarbr\u00fccken \u2013 VfB L\u00fcbeck (14.00 Uhr)<\/em><\/strong><\/p>\n\n\n\n<p><img loading=\"lazy\" decoding=\"async\" width=\"10\" height=\"21\" class=\"wp-image-3656\" style=\"width: 10px;\" src=\"http:\/\/kommentatorenblog.de\/wp-content\/uploads\/2020\/09\/shure-55sh-ii-e1601485394796.jpg\" alt=\"\" srcset=\"http:\/\/kommentatorenblog.de\/wp-content\/uploads\/2020\/09\/shure-55sh-ii-e1601485394796.jpg 415w, http:\/\/kommentatorenblog.de\/wp-content\/uploads\/2020\/09\/shure-55sh-ii-e1601485394796-142x300.jpg 142w\" sizes=\"auto, (max-width: 10px) 100vw, 10px\" \/> Mario Bast <\/p>\n\n\n\n<p>Moderation: Cedric Pick <\/p>\n\n\n\n<p><span style=\"text-decoration: underline;\">ab 14.45 Uhr (Magenta Sport)<\/span><\/p>\n\n\n\n<p><strong><em>KFC Uerdingen \u2013 FC Ingolstadt (15.00 Uhr)<\/em><\/strong><\/p>\n\n\n\n<p><img loading=\"lazy\" decoding=\"async\" width=\"10\" height=\"21\" class=\"wp-image-3656\" style=\"width: 10px;\" src=\"http:\/\/kommentatorenblog.de\/wp-content\/uploads\/2020\/09\/shure-55sh-ii-e1601485394796.jpg\" alt=\"\" srcset=\"http:\/\/kommentatorenblog.de\/wp-content\/uploads\/2020\/09\/shure-55sh-ii-e1601485394796.jpg 415w, http:\/\/kommentatorenblog.de\/wp-content\/uploads\/2020\/09\/shure-55sh-ii-e1601485394796-142x300.jpg 142w\" sizes=\"auto, (max-width: 10px) 100vw, 10px\" \/> Eddie Mielke <\/p>\n\n\n\n<p>Moderation: Thomas Wagner <\/p>\n\n\n\n<hr class=\"wp-block-separator\"\/>\n\n\n\n<p><strong>3. Liga, 21. Spieltag<\/strong><\/p>\n\n\n\n<p><span style=\"text-decoration: underline;\">Dienstag, 26. Januar 2021, ab 18.30 Uhr (Magenta Sport)<\/span><\/p>\n\n\n\n<p><strong><em>SV Waldhof Mannheim \u2013 SG Dynamo Dresden (19.00 Uhr)<\/em><\/strong><\/p>\n\n\n\n<p><img loading=\"lazy\" decoding=\"async\" width=\"10\" height=\"21\" class=\"wp-image-3656\" style=\"width: 10px;\" src=\"http:\/\/kommentatorenblog.de\/wp-content\/uploads\/2020\/09\/shure-55sh-ii-e1601485394796.jpg\" alt=\"\" srcset=\"http:\/\/kommentatorenblog.de\/wp-content\/uploads\/2020\/09\/shure-55sh-ii-e1601485394796.jpg 415w, http:\/\/kommentatorenblog.de\/wp-content\/uploads\/2020\/09\/shure-55sh-ii-e1601485394796-142x300.jpg 142w\" sizes=\"auto, (max-width: 10px) 100vw, 10px\" \/> Christian Stra\u00dfburger<\/p>\n\n\n\n<p>Moderation: Thomas Wagner, Experte: Rudi Bommer <\/p>\n\n\n\n<p><span style=\"text-decoration: underline;\">Dienstag, 26. Januar 2021, ab 18.45 Uhr (Magenta Sport)<\/span><\/p>\n\n\n\n<p><strong><em>Konferenz (19.00 Uhr)<\/em><\/strong><\/p>\n\n\n\n<p><img loading=\"lazy\" decoding=\"async\" width=\"10\" height=\"21\" class=\"wp-image-3656\" style=\"width: 10px;\" src=\"http:\/\/kommentatorenblog.de\/wp-content\/uploads\/2020\/09\/shure-55sh-ii-e1601485394796.jpg\" alt=\"\" srcset=\"http:\/\/kommentatorenblog.de\/wp-content\/uploads\/2020\/09\/shure-55sh-ii-e1601485394796.jpg 415w, http:\/\/kommentatorenblog.de\/wp-content\/uploads\/2020\/09\/shure-55sh-ii-e1601485394796-142x300.jpg 142w\" sizes=\"auto, (max-width: 10px) 100vw, 10px\" \/> Martin Piller und Sascha Bandermann <\/p>\n\n\n\n<p><strong><em>1.FC Kaiserslautern \u2013 T\u00fcrkg\u00fcc\u00fc M\u00fcnchen (19.00 Uhr)<\/em><\/strong><\/p>\n\n\n\n<p><img loading=\"lazy\" decoding=\"async\" width=\"10\" height=\"21\" class=\"wp-image-3656\" style=\"width: 10px;\" src=\"http:\/\/kommentatorenblog.de\/wp-content\/uploads\/2020\/09\/shure-55sh-ii-e1601485394796.jpg\" alt=\"\" srcset=\"http:\/\/kommentatorenblog.de\/wp-content\/uploads\/2020\/09\/shure-55sh-ii-e1601485394796.jpg 415w, http:\/\/kommentatorenblog.de\/wp-content\/uploads\/2020\/09\/shure-55sh-ii-e1601485394796-142x300.jpg 142w\" sizes=\"auto, (max-width: 10px) 100vw, 10px\" \/> Markus H\u00f6hner<\/p>\n\n\n\n<p>Moderation: Konstantin Klostermann <\/p>\n\n\n\n<p><strong><em>FC Bayern M\u00fcnchen II \u2013 SC Verl (19.00 Uhr)<\/em><\/strong><\/p>\n\n\n\n<p><img loading=\"lazy\" decoding=\"async\" width=\"10\" height=\"21\" class=\"wp-image-3656\" style=\"width: 10px;\" src=\"http:\/\/kommentatorenblog.de\/wp-content\/uploads\/2020\/09\/shure-55sh-ii-e1601485394796.jpg\" alt=\"\" srcset=\"http:\/\/kommentatorenblog.de\/wp-content\/uploads\/2020\/09\/shure-55sh-ii-e1601485394796.jpg 415w, http:\/\/kommentatorenblog.de\/wp-content\/uploads\/2020\/09\/shure-55sh-ii-e1601485394796-142x300.jpg 142w\" sizes=\"auto, (max-width: 10px) 100vw, 10px\" \/> Oskar Heirler <\/p>\n\n\n\n<p>Moderation: Basti Schwele <\/p>\n\n\n\n<p><strong><em>FSV Zwickau \u2013 MSV Duisburg (19.00 Uhr)<\/em><\/strong><\/p>\n\n\n\n<p><img loading=\"lazy\" decoding=\"async\" width=\"10\" height=\"21\" class=\"wp-image-3656\" style=\"width: 10px;\" src=\"http:\/\/kommentatorenblog.de\/wp-content\/uploads\/2020\/09\/shure-55sh-ii-e1601485394796.jpg\" alt=\"\" srcset=\"http:\/\/kommentatorenblog.de\/wp-content\/uploads\/2020\/09\/shure-55sh-ii-e1601485394796.jpg 415w, http:\/\/kommentatorenblog.de\/wp-content\/uploads\/2020\/09\/shure-55sh-ii-e1601485394796-142x300.jpg 142w\" sizes=\"auto, (max-width: 10px) 100vw, 10px\" \/> Alex K\u00fcpper<\/p>\n\n\n\n<p>Moderation: Stephanie Blochwitz <\/p>\n\n\n\n<p><strong><em>SV Wehen Wiesbaden \u2013 FC Viktoria K\u00f6ln (19.00 Uhr)<\/em><\/strong><\/p>\n\n\n\n<p><img loading=\"lazy\" decoding=\"async\" width=\"10\" height=\"21\" class=\"wp-image-3656\" style=\"width: 10px;\" src=\"http:\/\/kommentatorenblog.de\/wp-content\/uploads\/2020\/09\/shure-55sh-ii-e1601485394796.jpg\" alt=\"\" srcset=\"http:\/\/kommentatorenblog.de\/wp-content\/uploads\/2020\/09\/shure-55sh-ii-e1601485394796.jpg 415w, http:\/\/kommentatorenblog.de\/wp-content\/uploads\/2020\/09\/shure-55sh-ii-e1601485394796-142x300.jpg 142w\" sizes=\"auto, (max-width: 10px) 100vw, 10px\" \/> Alex Kunz<\/p>\n\n\n\n<p>Moderation: Cedric Pick <\/p>\n\n\n\n<p><span style=\"text-decoration: underline;\">Mittwoch, 27. Januar 2021, ab 18.30 Uhr (Magenta Sport)<\/span><\/p>\n\n\n\n<p><strong><em>1.FC Magdeburg \u2013 TSV 1860 M\u00fcnchen (19.00 Uhr)<\/em><\/strong><\/p>\n\n\n\n<p><img loading=\"lazy\" decoding=\"async\" width=\"10\" height=\"21\" class=\"wp-image-3656\" style=\"width: 10px;\" src=\"http:\/\/kommentatorenblog.de\/wp-content\/uploads\/2020\/09\/shure-55sh-ii-e1601485394796.jpg\" alt=\"\" srcset=\"http:\/\/kommentatorenblog.de\/wp-content\/uploads\/2020\/09\/shure-55sh-ii-e1601485394796.jpg 415w, http:\/\/kommentatorenblog.de\/wp-content\/uploads\/2020\/09\/shure-55sh-ii-e1601485394796-142x300.jpg 142w\" sizes=\"auto, (max-width: 10px) 100vw, 10px\" \/> Markus Herwig<\/p>\n\n\n\n<p>Moderation: Anett Sattler, Experte: Martin Lanig <\/p>\n\n\n\n<p><span style=\"text-decoration: underline;\">Mittwoch, 27. Januar 2021, ab 18.45 Uhr (Magenta Sport)<\/span><\/p>\n\n\n\n<p><strong><em>Konferenz (19.00 Uhr)<\/em><\/strong><\/p>\n\n\n\n<p><img loading=\"lazy\" decoding=\"async\" width=\"10\" height=\"21\" class=\"wp-image-3656\" style=\"width: 10px;\" src=\"http:\/\/kommentatorenblog.de\/wp-content\/uploads\/2020\/09\/shure-55sh-ii-e1601485394796.jpg\" alt=\"\" srcset=\"http:\/\/kommentatorenblog.de\/wp-content\/uploads\/2020\/09\/shure-55sh-ii-e1601485394796.jpg 415w, http:\/\/kommentatorenblog.de\/wp-content\/uploads\/2020\/09\/shure-55sh-ii-e1601485394796-142x300.jpg 142w\" sizes=\"auto, (max-width: 10px) 100vw, 10px\" \/> Martin Piller und Sascha Bandermann <\/p>\n\n\n\n<p><strong><em>FC Hansa Rostock \u2013 1.FC Saarbr\u00fccken (19.00 Uhr)<\/em><\/strong><\/p>\n\n\n\n<p><img loading=\"lazy\" decoding=\"async\" width=\"10\" height=\"21\" class=\"wp-image-3656\" style=\"width: 10px;\" src=\"http:\/\/kommentatorenblog.de\/wp-content\/uploads\/2020\/09\/shure-55sh-ii-e1601485394796.jpg\" alt=\"\" srcset=\"http:\/\/kommentatorenblog.de\/wp-content\/uploads\/2020\/09\/shure-55sh-ii-e1601485394796.jpg 415w, http:\/\/kommentatorenblog.de\/wp-content\/uploads\/2020\/09\/shure-55sh-ii-e1601485394796-142x300.jpg 142w\" sizes=\"auto, (max-width: 10px) 100vw, 10px\" \/> Andeas Mann <\/p>\n\n\n\n<p>Moderation: Alex K\u00fcpper <\/p>\n\n\n\n<p><strong><em>SV Meppen \u2013 KFC Uerdingen (19.00 Uhr)<\/em><\/strong><\/p>\n\n\n\n<p><img loading=\"lazy\" decoding=\"async\" width=\"10\" height=\"21\" class=\"wp-image-3656\" style=\"width: 10px;\" src=\"http:\/\/kommentatorenblog.de\/wp-content\/uploads\/2020\/09\/shure-55sh-ii-e1601485394796.jpg\" alt=\"\" srcset=\"http:\/\/kommentatorenblog.de\/wp-content\/uploads\/2020\/09\/shure-55sh-ii-e1601485394796.jpg 415w, http:\/\/kommentatorenblog.de\/wp-content\/uploads\/2020\/09\/shure-55sh-ii-e1601485394796-142x300.jpg 142w\" sizes=\"auto, (max-width: 10px) 100vw, 10px\" \/> Jan Neumann <\/p>\n\n\n\n<p>Moderation: Kamilla Benschop <\/p>\n\n\n\n<p><strong><em>VfB L\u00fcbeck \u2013 SpVgg Unterhaching (19.00 Uhr)<\/em><\/strong><\/p>\n\n\n\n<p><img loading=\"lazy\" decoding=\"async\" width=\"10\" height=\"21\" class=\"wp-image-3656\" style=\"width: 10px;\" src=\"http:\/\/kommentatorenblog.de\/wp-content\/uploads\/2020\/09\/shure-55sh-ii-e1601485394796.jpg\" alt=\"\" srcset=\"http:\/\/kommentatorenblog.de\/wp-content\/uploads\/2020\/09\/shure-55sh-ii-e1601485394796.jpg 415w, http:\/\/kommentatorenblog.de\/wp-content\/uploads\/2020\/09\/shure-55sh-ii-e1601485394796-142x300.jpg 142w\" sizes=\"auto, (max-width: 10px) 100vw, 10px\" \/> Michael Augustin<\/p>\n\n\n\n<p>Moderation: Gari Paubandt <\/p>\n\n\n\n<hr class=\"wp-block-separator\"\/>\n\n\n\n<p><strong>FA Cup, 04. Runde (DAZN)<\/strong><\/p>\n\n\n\n<p><span style=\"text-decoration: underline;\">Freitag, 22. Januar 2021<\/span><\/p>\n\n\n\n<p><em style=\"\"><b>Chorley FC \u2013&nbsp;<\/b><\/em><strong><em>Wolverhampton Wanderers (20.45 Uhr)<\/em><\/strong><\/p>\n\n\n\n<p><img loading=\"lazy\" decoding=\"async\" width=\"10\" height=\"21\" class=\"wp-image-3656\" style=\"width: 10px;\" src=\"http:\/\/kommentatorenblog.de\/wp-content\/uploads\/2020\/09\/shure-55sh-ii-e1601485394796.jpg\" alt=\"\" srcset=\"http:\/\/kommentatorenblog.de\/wp-content\/uploads\/2020\/09\/shure-55sh-ii-e1601485394796.jpg 415w, http:\/\/kommentatorenblog.de\/wp-content\/uploads\/2020\/09\/shure-55sh-ii-e1601485394796-142x300.jpg 142w\" sizes=\"auto, (max-width: 10px) 100vw, 10px\" \/> Uli Hebel<\/p>\n\n\n\n<p><span style=\"text-decoration: underline;\">Samstag, 23. Januar 2021<\/span><\/p>\n\n\n\n<p><strong><em>FC Southampton \u2013 FC Arsenal (13.00 Uhr)<\/em><\/strong><\/p>\n\n\n\n<p><img loading=\"lazy\" decoding=\"async\" width=\"10\" height=\"21\" class=\"wp-image-3656\" style=\"width: 10px;\" src=\"http:\/\/kommentatorenblog.de\/wp-content\/uploads\/2020\/09\/shure-55sh-ii-e1601485394796.jpg\" alt=\"\" srcset=\"http:\/\/kommentatorenblog.de\/wp-content\/uploads\/2020\/09\/shure-55sh-ii-e1601485394796.jpg 415w, http:\/\/kommentatorenblog.de\/wp-content\/uploads\/2020\/09\/shure-55sh-ii-e1601485394796-142x300.jpg 142w\" sizes=\"auto, (max-width: 10px) 100vw, 10px\" \/> Marco Hagemann, Experte: Sebastian Knei\u00dfl <\/p>\n\n\n\n<p><strong><em>FC Barnsley \u2013 Norwich City (16.00 Uhr)<\/em><\/strong><\/p>\n\n\n\n<p><img loading=\"lazy\" decoding=\"async\" width=\"10\" height=\"21\" class=\"wp-image-3656\" style=\"width: 10px;\" src=\"http:\/\/kommentatorenblog.de\/wp-content\/uploads\/2020\/09\/shure-55sh-ii-e1601485394796.jpg\" alt=\"\" srcset=\"http:\/\/kommentatorenblog.de\/wp-content\/uploads\/2020\/09\/shure-55sh-ii-e1601485394796.jpg 415w, http:\/\/kommentatorenblog.de\/wp-content\/uploads\/2020\/09\/shure-55sh-ii-e1601485394796-142x300.jpg 142w\" sizes=\"auto, (max-width: 10px) 100vw, 10px\" \/> Claus M\u00fcller<\/p>\n\n\n\n<p><strong><em>Cheltenham \u2013 Manchester City (18.30 Uhr)<\/em><\/strong><\/p>\n\n\n\n<p><img loading=\"lazy\" decoding=\"async\" width=\"10\" height=\"21\" class=\"wp-image-3656\" style=\"width: 10px;\" src=\"http:\/\/kommentatorenblog.de\/wp-content\/uploads\/2020\/09\/shure-55sh-ii-e1601485394796.jpg\" alt=\"\" srcset=\"http:\/\/kommentatorenblog.de\/wp-content\/uploads\/2020\/09\/shure-55sh-ii-e1601485394796.jpg 415w, http:\/\/kommentatorenblog.de\/wp-content\/uploads\/2020\/09\/shure-55sh-ii-e1601485394796-142x300.jpg 142w\" sizes=\"auto, (max-width: 10px) 100vw, 10px\" \/> Uli Hebel<\/p>\n\n\n\n<p><span style=\"text-decoration: underline;\">Sonntag, 24. Januar 2021<\/span><\/p>\n\n\n\n<p><strong><em>FC Chelsea&nbsp;\u2013&nbsp;Luton Town (13.00 Uhr)<\/em><\/strong><\/p>\n\n\n\n<p><img loading=\"lazy\" decoding=\"async\" width=\"10\" height=\"21\" class=\"wp-image-3656\" style=\"width: 10px;\" src=\"http:\/\/kommentatorenblog.de\/wp-content\/uploads\/2020\/09\/shure-55sh-ii-e1601485394796.jpg\" alt=\"\" srcset=\"http:\/\/kommentatorenblog.de\/wp-content\/uploads\/2020\/09\/shure-55sh-ii-e1601485394796.jpg 415w, http:\/\/kommentatorenblog.de\/wp-content\/uploads\/2020\/09\/shure-55sh-ii-e1601485394796-142x300.jpg 142w\" sizes=\"auto, (max-width: 10px) 100vw, 10px\" \/> Max Siebald <\/p>\n\n\n\n<p><strong><em>FC Fulham&nbsp;\u2013&nbsp;FC Burnley (15.30 Uhr)<\/em><\/strong><\/p>\n\n\n\n<p><img loading=\"lazy\" decoding=\"async\" width=\"10\" height=\"21\" class=\"wp-image-3656\" style=\"width: 10px;\" src=\"http:\/\/kommentatorenblog.de\/wp-content\/uploads\/2020\/09\/shure-55sh-ii-e1601485394796.jpg\" alt=\"\" srcset=\"http:\/\/kommentatorenblog.de\/wp-content\/uploads\/2020\/09\/shure-55sh-ii-e1601485394796.jpg 415w, http:\/\/kommentatorenblog.de\/wp-content\/uploads\/2020\/09\/shure-55sh-ii-e1601485394796-142x300.jpg 142w\" sizes=\"auto, (max-width: 10px) 100vw, 10px\" \/> David Ploch <\/p>\n\n\n\n<p><strong><em>Brentford&nbsp;\u2013&nbsp;Leicester City (15.30 Uhr)<\/em><\/strong><\/p>\n\n\n\n<p><img loading=\"lazy\" decoding=\"async\" width=\"10\" height=\"21\" class=\"wp-image-3656\" style=\"width: 10px;\" src=\"http:\/\/kommentatorenblog.de\/wp-content\/uploads\/2020\/09\/shure-55sh-ii-e1601485394796.jpg\" alt=\"\" srcset=\"http:\/\/kommentatorenblog.de\/wp-content\/uploads\/2020\/09\/shure-55sh-ii-e1601485394796.jpg 415w, http:\/\/kommentatorenblog.de\/wp-content\/uploads\/2020\/09\/shure-55sh-ii-e1601485394796-142x300.jpg 142w\" sizes=\"auto, (max-width: 10px) 100vw, 10px\" \/> Uwe Morawe<\/p>\n\n\n\n<p><span style=\"text-decoration: underline;\">ab 17.45 Uhr<\/span><\/p>\n\n\n\n<p><strong><em>Manchester United&nbsp;\u2013&nbsp;FC Liverpool (18.00 Uhr)<\/em><\/strong><\/p>\n\n\n\n<p><img loading=\"lazy\" decoding=\"async\" width=\"10\" height=\"21\" class=\"wp-image-3656\" style=\"width: 10px;\" src=\"http:\/\/kommentatorenblog.de\/wp-content\/uploads\/2020\/09\/shure-55sh-ii-e1601485394796.jpg\" alt=\"\" srcset=\"http:\/\/kommentatorenblog.de\/wp-content\/uploads\/2020\/09\/shure-55sh-ii-e1601485394796.jpg 415w, http:\/\/kommentatorenblog.de\/wp-content\/uploads\/2020\/09\/shure-55sh-ii-e1601485394796-142x300.jpg 142w\" sizes=\"auto, (max-width: 10px) 100vw, 10px\" \/> Uli Hebel, Experte: Ralph Gunesch<\/p>\n\n\n\n<p>Moderation: Tobi Wahnschaffe<\/p>\n\n\n\n<p><strong><em>FC Everton&nbsp;\u2013&nbsp;Sheffield Wednesday (20.45 Uhr)<\/em><\/strong><\/p>\n\n\n\n<p><img loading=\"lazy\" decoding=\"async\" width=\"10\" height=\"21\" class=\"wp-image-3656\" style=\"width: 10px;\" src=\"http:\/\/kommentatorenblog.de\/wp-content\/uploads\/2020\/09\/shure-55sh-ii-e1601485394796.jpg\" alt=\"\" srcset=\"http:\/\/kommentatorenblog.de\/wp-content\/uploads\/2020\/09\/shure-55sh-ii-e1601485394796.jpg 415w, http:\/\/kommentatorenblog.de\/wp-content\/uploads\/2020\/09\/shure-55sh-ii-e1601485394796-142x300.jpg 142w\" sizes=\"auto, (max-width: 10px) 100vw, 10px\" \/> Tobi Fischbeck <\/p>\n\n\n\n<p><span style=\"text-decoration: underline;\">Montag, 25. Januar 2021<\/span><\/p>\n\n\n\n<p><strong><em>Wycombe Wanderers \u2013&nbsp;Tottenham Hotspur (21.00 Uhr)<\/em><\/strong><\/p>\n\n\n\n<p><img loading=\"lazy\" decoding=\"async\" width=\"10\" height=\"21\" class=\"wp-image-3656\" style=\"width: 10px;\" src=\"http:\/\/kommentatorenblog.de\/wp-content\/uploads\/2020\/09\/shure-55sh-ii-e1601485394796.jpg\" alt=\"\" srcset=\"http:\/\/kommentatorenblog.de\/wp-content\/uploads\/2020\/09\/shure-55sh-ii-e1601485394796.jpg 415w, http:\/\/kommentatorenblog.de\/wp-content\/uploads\/2020\/09\/shure-55sh-ii-e1601485394796-142x300.jpg 142w\" sizes=\"auto, (max-width: 10px) 100vw, 10px\" \/> Tom Kirsten <\/p>\n\n\n\n<hr class=\"wp-block-separator\"\/>\n\n\n\n<p><strong>Premier League, Nachholspiel 11. Spieltag (Sky)<\/strong> <\/p>\n\n\n\n<p><span style=\"text-decoration: underline;\">Samstag, 23. Januar 2021<\/span><\/p>\n\n\n\n<p><span style=\"text-decoration: underline;\">ab 20.50 Uhr<\/span><\/p>\n\n\n\n<p><strong><em>Aston Villa \u2013 Newcastle United (21.00 Uhr)<\/em><\/strong><\/p>\n\n\n\n<p><img loading=\"lazy\" decoding=\"async\" width=\"10\" height=\"21\" class=\"wp-image-3656\" style=\"width: 10px;\" src=\"http:\/\/kommentatorenblog.de\/wp-content\/uploads\/2020\/09\/shure-55sh-ii-e1601485394796.jpg\" alt=\"\" srcset=\"http:\/\/kommentatorenblog.de\/wp-content\/uploads\/2020\/09\/shure-55sh-ii-e1601485394796.jpg 415w, http:\/\/kommentatorenblog.de\/wp-content\/uploads\/2020\/09\/shure-55sh-ii-e1601485394796-142x300.jpg 142w\" sizes=\"auto, (max-width: 10px) 100vw, 10px\" \/> Hannes Herrmann <\/p>\n\n\n\n<p><strong>Premier League, 20. Spieltag (Sky)<\/strong> <\/p>\n\n\n\n<p><span style=\"text-decoration: underline;\">Dienstag, 26. Januar 2021<\/span><\/p>\n\n\n\n<p><span style=\"text-decoration: underline;\">ab 18.50 Uhr<\/span><\/p>\n\n\n\n<p><strong><em>Crystal Palace \u2013 West Ham United (19.00 Uhr)<\/em><\/strong><\/p>\n\n\n\n<p><img loading=\"lazy\" decoding=\"async\" width=\"10\" height=\"21\" class=\"wp-image-3656\" style=\"width: 10px;\" src=\"http:\/\/kommentatorenblog.de\/wp-content\/uploads\/2020\/09\/shure-55sh-ii-e1601485394796.jpg\" alt=\"\" srcset=\"http:\/\/kommentatorenblog.de\/wp-content\/uploads\/2020\/09\/shure-55sh-ii-e1601485394796.jpg 415w, http:\/\/kommentatorenblog.de\/wp-content\/uploads\/2020\/09\/shure-55sh-ii-e1601485394796-142x300.jpg 142w\" sizes=\"auto, (max-width: 10px) 100vw, 10px\" \/> Sven Schr\u00f6ter<\/p>\n\n\n\n<p><strong><em>Newcastle United \u2013 Leeds United (19.00 Uhr)<\/em><\/strong><\/p>\n\n\n\n<p><img loading=\"lazy\" decoding=\"async\" width=\"10\" height=\"21\" class=\"wp-image-3656\" style=\"width: 10px;\" src=\"http:\/\/kommentatorenblog.de\/wp-content\/uploads\/2020\/09\/shure-55sh-ii-e1601485394796.jpg\" alt=\"\" srcset=\"http:\/\/kommentatorenblog.de\/wp-content\/uploads\/2020\/09\/shure-55sh-ii-e1601485394796.jpg 415w, http:\/\/kommentatorenblog.de\/wp-content\/uploads\/2020\/09\/shure-55sh-ii-e1601485394796-142x300.jpg 142w\" sizes=\"auto, (max-width: 10px) 100vw, 10px\" \/> Joachim Hebel <\/p>\n\n\n\n<p><span style=\"text-decoration: underline;\">ab 21.05 Uhr<\/span><\/p>\n\n\n\n<p><strong><em>West Bromwich Albion \u2013 Manchester City (21.15 Uhr)<\/em><\/strong><\/p>\n\n\n\n<p><img loading=\"lazy\" decoding=\"async\" width=\"10\" height=\"21\" class=\"wp-image-3656\" style=\"width: 10px;\" src=\"http:\/\/kommentatorenblog.de\/wp-content\/uploads\/2020\/09\/shure-55sh-ii-e1601485394796.jpg\" alt=\"\" srcset=\"http:\/\/kommentatorenblog.de\/wp-content\/uploads\/2020\/09\/shure-55sh-ii-e1601485394796.jpg 415w, http:\/\/kommentatorenblog.de\/wp-content\/uploads\/2020\/09\/shure-55sh-ii-e1601485394796-142x300.jpg 142w\" sizes=\"auto, (max-width: 10px) 100vw, 10px\" \/> Jonas Friedrich<\/p>\n\n\n\n<p><em><strong>FC Southampton \u2013 FC Arsenal (21.15 Uhr)<\/strong><\/em><\/p>\n\n\n\n<p><img loading=\"lazy\" decoding=\"async\" width=\"10\" height=\"21\" class=\"wp-image-3656\" style=\"width: 10px;\" src=\"http:\/\/kommentatorenblog.de\/wp-content\/uploads\/2020\/09\/shure-55sh-ii-e1601485394796.jpg\" alt=\"\" srcset=\"http:\/\/kommentatorenblog.de\/wp-content\/uploads\/2020\/09\/shure-55sh-ii-e1601485394796.jpg 415w, http:\/\/kommentatorenblog.de\/wp-content\/uploads\/2020\/09\/shure-55sh-ii-e1601485394796-142x300.jpg 142w\" sizes=\"auto, (max-width: 10px) 100vw, 10px\" \/> Hannes Herrmann <\/p>\n\n\n\n<p><span style=\"text-decoration: underline;\">Mittwoch, 27. Januar 2021<\/span><\/p>\n\n\n\n<p><span style=\"text-decoration: underline;\">ab 18.50 Uhr<\/span><\/p>\n\n\n\n<p><strong><em>FC Burnley&nbsp;\u2013&nbsp;Aston Villa (19.00 Uhr)<\/em><\/strong><\/p>\n\n\n\n<p><img loading=\"lazy\" decoding=\"async\" width=\"10\" height=\"21\" class=\"wp-image-3656\" style=\"width: 10px;\" src=\"http:\/\/kommentatorenblog.de\/wp-content\/uploads\/2020\/09\/shure-55sh-ii-e1601485394796.jpg\" alt=\"\" srcset=\"http:\/\/kommentatorenblog.de\/wp-content\/uploads\/2020\/09\/shure-55sh-ii-e1601485394796.jpg 415w, http:\/\/kommentatorenblog.de\/wp-content\/uploads\/2020\/09\/shure-55sh-ii-e1601485394796-142x300.jpg 142w\" sizes=\"auto, (max-width: 10px) 100vw, 10px\" \/> Marcel Meinert <\/p>\n\n\n\n<p><strong><em>FC Chelsea&nbsp;\u2013&nbsp;Wolverhampton Wanderers (19.00 Uhr)<\/em><\/strong><\/p>\n\n\n\n<p><img loading=\"lazy\" decoding=\"async\" width=\"10\" height=\"21\" class=\"wp-image-3656\" style=\"width: 10px;\" src=\"http:\/\/kommentatorenblog.de\/wp-content\/uploads\/2020\/09\/shure-55sh-ii-e1601485394796.jpg\" alt=\"\" srcset=\"http:\/\/kommentatorenblog.de\/wp-content\/uploads\/2020\/09\/shure-55sh-ii-e1601485394796.jpg 415w, http:\/\/kommentatorenblog.de\/wp-content\/uploads\/2020\/09\/shure-55sh-ii-e1601485394796-142x300.jpg 142w\" sizes=\"auto, (max-width: 10px) 100vw, 10px\" \/> Joachim Hebel <\/p>\n\n\n\n<p><span style=\"text-decoration: underline;\">ab 20.20 Uhr<\/span><\/p>\n\n\n\n<p><strong><em>Brighton &amp; Hove Albion&nbsp;\u2013&nbsp;FC Fulham (20.30 Uhr)<\/em><\/strong><\/p>\n\n\n\n<p><img loading=\"lazy\" decoding=\"async\" width=\"10\" height=\"21\" class=\"wp-image-3656\" style=\"width: 10px;\" src=\"http:\/\/kommentatorenblog.de\/wp-content\/uploads\/2020\/09\/shure-55sh-ii-e1601485394796.jpg\" alt=\"\" srcset=\"http:\/\/kommentatorenblog.de\/wp-content\/uploads\/2020\/09\/shure-55sh-ii-e1601485394796.jpg 415w, http:\/\/kommentatorenblog.de\/wp-content\/uploads\/2020\/09\/shure-55sh-ii-e1601485394796-142x300.jpg 142w\" sizes=\"auto, (max-width: 10px) 100vw, 10px\" \/> Markus Gaupp <\/p>\n\n\n\n<p><span style=\"text-decoration: underline;\">ab 21.05 Uhr<\/span><\/p>\n\n\n\n<p><strong><em>FC Everton&nbsp;\u2013&nbsp;Leicester City (21.15 Uhr)<\/em><\/strong><\/p>\n\n\n\n<p><img loading=\"lazy\" decoding=\"async\" width=\"10\" height=\"21\" class=\"wp-image-3656\" style=\"width: 10px;\" src=\"http:\/\/kommentatorenblog.de\/wp-content\/uploads\/2020\/09\/shure-55sh-ii-e1601485394796.jpg\" alt=\"\" srcset=\"http:\/\/kommentatorenblog.de\/wp-content\/uploads\/2020\/09\/shure-55sh-ii-e1601485394796.jpg 415w, http:\/\/kommentatorenblog.de\/wp-content\/uploads\/2020\/09\/shure-55sh-ii-e1601485394796-142x300.jpg 142w\" sizes=\"auto, (max-width: 10px) 100vw, 10px\" \/> Sascha Roos<\/p>\n\n\n\n<p><strong><em>Manchester United&nbsp;\u2013&nbsp;Sheffield United (21.15 Uhr)<\/em><\/strong><\/p>\n\n\n\n<p><img loading=\"lazy\" decoding=\"async\" width=\"10\" height=\"21\" class=\"wp-image-3656\" style=\"width: 10px;\" src=\"http:\/\/kommentatorenblog.de\/wp-content\/uploads\/2020\/09\/shure-55sh-ii-e1601485394796.jpg\" alt=\"\" srcset=\"http:\/\/kommentatorenblog.de\/wp-content\/uploads\/2020\/09\/shure-55sh-ii-e1601485394796.jpg 415w, http:\/\/kommentatorenblog.de\/wp-content\/uploads\/2020\/09\/shure-55sh-ii-e1601485394796-142x300.jpg 142w\" sizes=\"auto, (max-width: 10px) 100vw, 10px\" \/> Toni Tomic<\/p>\n\n\n\n<p><span style=\"text-decoration: underline;\">Donnerstag, 28. Januar 2021<\/span><\/p>\n\n\n\n<p><span style=\"text-decoration: underline;\">ab 20.30 Uhr<\/span><\/p>\n\n\n\n<p><strong><em>Tottenham Hotspur \u2013&nbsp;FC Liverpool (21.00 Uhr)<\/em><\/strong><\/p>\n\n\n\n<p><img loading=\"lazy\" decoding=\"async\" width=\"10\" height=\"21\" class=\"wp-image-3656\" style=\"width: 10px;\" src=\"http:\/\/kommentatorenblog.de\/wp-content\/uploads\/2020\/09\/shure-55sh-ii-e1601485394796.jpg\" alt=\"\" srcset=\"http:\/\/kommentatorenblog.de\/wp-content\/uploads\/2020\/09\/shure-55sh-ii-e1601485394796.jpg 415w, http:\/\/kommentatorenblog.de\/wp-content\/uploads\/2020\/09\/shure-55sh-ii-e1601485394796-142x300.jpg 142w\" sizes=\"auto, (max-width: 10px) 100vw, 10px\" \/> Florian Schmidt-Sommerfeld, Experte: Ren\u00e9 Adler<\/p>\n\n\n\n<p>Field-Reporter: Raphael Honigstein <\/p>\n\n\n\n<hr class=\"wp-block-separator\"\/>\n\n\n\n<p><strong>La Liga, 20. Spieltag (DAZN)<\/strong><\/p>\n\n\n\n<p><span style=\"text-decoration: underline;\">Samstag, 23. Januar 2021<\/span><\/p>\n\n\n\n<p><strong><em>Real Sociedad \u2013<\/em><\/strong> <strong><em>Betis Sevilla (18.30 Uhr)<\/em><\/strong><\/p>\n\n\n\n<p><img loading=\"lazy\" decoding=\"async\" width=\"10\" height=\"21\" class=\"wp-image-3656\" style=\"width: 10px;\" src=\"http:\/\/kommentatorenblog.de\/wp-content\/uploads\/2020\/09\/shure-55sh-ii-e1601485394796.jpg\" alt=\"\" srcset=\"http:\/\/kommentatorenblog.de\/wp-content\/uploads\/2020\/09\/shure-55sh-ii-e1601485394796.jpg 415w, http:\/\/kommentatorenblog.de\/wp-content\/uploads\/2020\/09\/shure-55sh-ii-e1601485394796-142x300.jpg 142w\" sizes=\"auto, (max-width: 10px) 100vw, 10px\" \/> Julian Engelhard<\/p>\n\n\n\n<p><strong><em>Deportivo Alaves \u2013 Real Madrid (21.00 Uhr)<\/em><\/strong><\/p>\n\n\n\n<p><img loading=\"lazy\" decoding=\"async\" width=\"10\" height=\"21\" class=\"wp-image-3656\" style=\"width: 10px;\" src=\"http:\/\/kommentatorenblog.de\/wp-content\/uploads\/2020\/09\/shure-55sh-ii-e1601485394796.jpg\" alt=\"\" srcset=\"http:\/\/kommentatorenblog.de\/wp-content\/uploads\/2020\/09\/shure-55sh-ii-e1601485394796.jpg 415w, http:\/\/kommentatorenblog.de\/wp-content\/uploads\/2020\/09\/shure-55sh-ii-e1601485394796-142x300.jpg 142w\" sizes=\"auto, (max-width: 10px) 100vw, 10px\" \/> Jan Platte, Experte: Benny Lauth<\/p>\n\n\n\n<p><span style=\"text-decoration: underline;\">Sonntag, 24. Januar 2021<\/span><\/p>\n\n\n\n<p><strong><em>Elche \u2013 FC Barcelona (16.15 Uhr)<\/em><\/strong><\/p>\n\n\n\n<p><img loading=\"lazy\" decoding=\"async\" width=\"10\" height=\"21\" class=\"wp-image-3656\" style=\"width: 10px;\" src=\"http:\/\/kommentatorenblog.de\/wp-content\/uploads\/2020\/09\/shure-55sh-ii-e1601485394796.jpg\" alt=\"\" srcset=\"http:\/\/kommentatorenblog.de\/wp-content\/uploads\/2020\/09\/shure-55sh-ii-e1601485394796.jpg 415w, http:\/\/kommentatorenblog.de\/wp-content\/uploads\/2020\/09\/shure-55sh-ii-e1601485394796-142x300.jpg 142w\" sizes=\"auto, (max-width: 10px) 100vw, 10px\" \/> Jan Platte, Experte: Benny Lauth<\/p>\n\n\n\n<p><strong><em>Atletico Madrid \u2013 FC Valencia (21.00 Uhr)<\/em><\/strong><\/p>\n\n\n\n<p><img loading=\"lazy\" decoding=\"async\" width=\"10\" height=\"21\" class=\"wp-image-3656\" style=\"width: 10px;\" src=\"http:\/\/kommentatorenblog.de\/wp-content\/uploads\/2020\/09\/shure-55sh-ii-e1601485394796.jpg\" alt=\"\" srcset=\"http:\/\/kommentatorenblog.de\/wp-content\/uploads\/2020\/09\/shure-55sh-ii-e1601485394796.jpg 415w, http:\/\/kommentatorenblog.de\/wp-content\/uploads\/2020\/09\/shure-55sh-ii-e1601485394796-142x300.jpg 142w\" sizes=\"auto, (max-width: 10px) 100vw, 10px\" \/> Uwe Morawe<\/p>\n\n\n\n<hr class=\"wp-block-separator\"\/>\n\n\n\n<p><strong>Copa del Rey, Achtelfinale<\/strong><\/p>\n\n\n\n<p><span style=\"text-decoration: underline;\">Dienstag, 26. Januar 2021<\/span><\/p>\n\n\n\n<p><strong><em>Real Betis \u2013 Real Sociedad (21.00 Uhr)<\/em><\/strong><\/p>\n\n\n\n<p><img loading=\"lazy\" decoding=\"async\" width=\"10\" height=\"21\" class=\"wp-image-3656\" style=\"width: 10px;\" src=\"http:\/\/kommentatorenblog.de\/wp-content\/uploads\/2020\/09\/shure-55sh-ii-e1601485394796.jpg\" alt=\"\" srcset=\"http:\/\/kommentatorenblog.de\/wp-content\/uploads\/2020\/09\/shure-55sh-ii-e1601485394796.jpg 415w, http:\/\/kommentatorenblog.de\/wp-content\/uploads\/2020\/09\/shure-55sh-ii-e1601485394796-142x300.jpg 142w\" sizes=\"auto, (max-width: 10px) 100vw, 10px\" \/> Marcel Seufert<\/p>\n\n\n\n<p><span style=\"text-decoration: underline;\">Mittwoch, 27. Januar 2021<\/span><\/p>\n\n\n\n<p><strong><em>FC Sevilla \u2013 FC Valencia (19.00 Uhr)<\/em><\/strong><\/p>\n\n\n\n<p><img loading=\"lazy\" decoding=\"async\" width=\"10\" height=\"21\" class=\"wp-image-3656\" style=\"width: 10px;\" src=\"http:\/\/kommentatorenblog.de\/wp-content\/uploads\/2020\/09\/shure-55sh-ii-e1601485394796.jpg\" alt=\"\" srcset=\"http:\/\/kommentatorenblog.de\/wp-content\/uploads\/2020\/09\/shure-55sh-ii-e1601485394796.jpg 415w, http:\/\/kommentatorenblog.de\/wp-content\/uploads\/2020\/09\/shure-55sh-ii-e1601485394796-142x300.jpg 142w\" sizes=\"auto, (max-width: 10px) 100vw, 10px\" \/> Guido H\u00fcsgen <\/p>\n\n\n\n<p><strong><em>Rayo Vallecano \u2013 FC Barcelona (21.00 Uhr)<\/em><\/strong><\/p>\n\n\n\n<p><img loading=\"lazy\" decoding=\"async\" width=\"10\" height=\"21\" class=\"wp-image-3656\" style=\"width: 10px;\" src=\"http:\/\/kommentatorenblog.de\/wp-content\/uploads\/2020\/09\/shure-55sh-ii-e1601485394796.jpg\" alt=\"\" srcset=\"http:\/\/kommentatorenblog.de\/wp-content\/uploads\/2020\/09\/shure-55sh-ii-e1601485394796.jpg 415w, http:\/\/kommentatorenblog.de\/wp-content\/uploads\/2020\/09\/shure-55sh-ii-e1601485394796-142x300.jpg 142w\" sizes=\"auto, (max-width: 10px) 100vw, 10px\" \/> Marcel Seufert   <\/p>\n\n\n\n<hr class=\"wp-block-separator\"\/>\n\n\n\n<p><strong>Serie A, 19. Spieltag (DAZN)<\/strong><\/p>\n\n\n\n<p><span style=\"text-decoration: underline;\">Samstag, 23. Januar 2021<\/span><\/p>\n\n\n\n<p><strong><em>AC Mailand \u2013 Atalanta Bergamo (18.00 Uhr)<\/em><\/strong><\/p>\n\n\n\n<p><img loading=\"lazy\" decoding=\"async\" width=\"10\" height=\"21\" class=\"wp-image-3656\" style=\"width: 10px;\" src=\"http:\/\/kommentatorenblog.de\/wp-content\/uploads\/2020\/09\/shure-55sh-ii-e1601485394796.jpg\" alt=\"\" srcset=\"http:\/\/kommentatorenblog.de\/wp-content\/uploads\/2020\/09\/shure-55sh-ii-e1601485394796.jpg 415w, http:\/\/kommentatorenblog.de\/wp-content\/uploads\/2020\/09\/shure-55sh-ii-e1601485394796-142x300.jpg 142w\" sizes=\"auto, (max-width: 10px) 100vw, 10px\" \/> Flo Hauser, Experte: Christian Bernhard <\/p>\n\n\n\n<p><strong><em>Udinese Calcio \u2013 Inter Mailand (18.00 Uhr)<\/em><\/strong><\/p>\n\n\n\n<p><img loading=\"lazy\" decoding=\"async\" width=\"10\" height=\"21\" class=\"wp-image-3656\" style=\"width: 10px;\" src=\"http:\/\/kommentatorenblog.de\/wp-content\/uploads\/2020\/09\/shure-55sh-ii-e1601485394796.jpg\" alt=\"\" srcset=\"http:\/\/kommentatorenblog.de\/wp-content\/uploads\/2020\/09\/shure-55sh-ii-e1601485394796.jpg 415w, http:\/\/kommentatorenblog.de\/wp-content\/uploads\/2020\/09\/shure-55sh-ii-e1601485394796-142x300.jpg 142w\" sizes=\"auto, (max-width: 10px) 100vw, 10px\" \/> Matthias Naebers  <\/p>\n\n\n\n<p><span style=\"text-decoration: underline;\">Sonntag, 24. Januar 2021<\/span><\/p>\n\n\n\n<p><strong><em>Juventus Turin \u2013 FC Bologna (12.30 Uhr)<\/em><\/strong><\/p>\n\n\n\n<p><img loading=\"lazy\" decoding=\"async\" width=\"10\" height=\"21\" class=\"wp-image-3656\" style=\"width: 10px;\" src=\"http:\/\/kommentatorenblog.de\/wp-content\/uploads\/2020\/09\/shure-55sh-ii-e1601485394796.jpg\" alt=\"\" srcset=\"http:\/\/kommentatorenblog.de\/wp-content\/uploads\/2020\/09\/shure-55sh-ii-e1601485394796.jpg 415w, http:\/\/kommentatorenblog.de\/wp-content\/uploads\/2020\/09\/shure-55sh-ii-e1601485394796-142x300.jpg 142w\" sizes=\"auto, (max-width: 10px) 100vw, 10px\" \/> Carsten Fu\u00df, Experte: Sascha Bigalke<\/p>\n\n\n\n<p><strong><em>Hella Verona \u2013 SSC Neapel (15.00 Uhr)<\/em><\/strong><\/p>\n\n\n\n<p><img loading=\"lazy\" decoding=\"async\" width=\"10\" height=\"21\" class=\"wp-image-3656\" style=\"width: 10px;\" src=\"http:\/\/kommentatorenblog.de\/wp-content\/uploads\/2020\/09\/shure-55sh-ii-e1601485394796.jpg\" alt=\"\" srcset=\"http:\/\/kommentatorenblog.de\/wp-content\/uploads\/2020\/09\/shure-55sh-ii-e1601485394796.jpg 415w, http:\/\/kommentatorenblog.de\/wp-content\/uploads\/2020\/09\/shure-55sh-ii-e1601485394796-142x300.jpg 142w\" sizes=\"auto, (max-width: 10px) 100vw, 10px\" \/> Mario Rieker  <\/p>\n\n\n\n<hr class=\"wp-block-separator\"\/>\n\n\n\n<p><strong>Coppa Italia, Viertelfinale<\/strong><\/p>\n\n\n\n<p><span style=\"text-decoration: underline;\">Dienstag, 26. Januar 2021<\/span><\/p>\n\n\n\n<p><strong><em>Inter Mailand \u2013 AC Mailand (20.45 Uhr)<\/em><\/strong><\/p>\n\n\n\n<p><img loading=\"lazy\" decoding=\"async\" width=\"10\" height=\"21\" class=\"wp-image-3656\" style=\"width: 10px;\" src=\"http:\/\/kommentatorenblog.de\/wp-content\/uploads\/2020\/09\/shure-55sh-ii-e1601485394796.jpg\" alt=\"\" srcset=\"http:\/\/kommentatorenblog.de\/wp-content\/uploads\/2020\/09\/shure-55sh-ii-e1601485394796.jpg 415w, http:\/\/kommentatorenblog.de\/wp-content\/uploads\/2020\/09\/shure-55sh-ii-e1601485394796-142x300.jpg 142w\" sizes=\"auto, (max-width: 10px) 100vw, 10px\" \/> Carsten Fu\u00df, Experte: Benny Lauth<\/p>\n\n\n\n<p><span style=\"text-decoration: underline;\">Mittwoch, 27. Januar 2021<\/span><\/p>\n\n\n\n<p><strong><em>Juventus Turin \u2013 SPAL (20.45 Uhr)<\/em><\/strong><\/p>\n\n\n\n<p><img loading=\"lazy\" decoding=\"async\" width=\"10\" height=\"21\" class=\"wp-image-3656\" style=\"width: 10px;\" src=\"http:\/\/kommentatorenblog.de\/wp-content\/uploads\/2020\/09\/shure-55sh-ii-e1601485394796.jpg\" alt=\"\" srcset=\"http:\/\/kommentatorenblog.de\/wp-content\/uploads\/2020\/09\/shure-55sh-ii-e1601485394796.jpg 415w, http:\/\/kommentatorenblog.de\/wp-content\/uploads\/2020\/09\/shure-55sh-ii-e1601485394796-142x300.jpg 142w\" sizes=\"auto, (max-width: 10px) 100vw, 10px\" \/> Mario Rieker <\/p>\n\n\n\n<p><span style=\"text-decoration: underline;\">Donnerstag, 28. Januar 2021<\/span><\/p>\n\n\n\n<p><strong><em>SSC Neapel \u2013 Spezia Calcio (21.00 Uhr)<\/em><\/strong><\/p>\n\n\n\n<p><img loading=\"lazy\" decoding=\"async\" width=\"10\" height=\"21\" class=\"wp-image-3656\" style=\"width: 10px;\" src=\"http:\/\/kommentatorenblog.de\/wp-content\/uploads\/2020\/09\/shure-55sh-ii-e1601485394796.jpg\" alt=\"\" srcset=\"http:\/\/kommentatorenblog.de\/wp-content\/uploads\/2020\/09\/shure-55sh-ii-e1601485394796.jpg 415w, http:\/\/kommentatorenblog.de\/wp-content\/uploads\/2020\/09\/shure-55sh-ii-e1601485394796-142x300.jpg 142w\" sizes=\"auto, (max-width: 10px) 100vw, 10px\" \/> Tobi Fischbeck  <\/p>\n\n\n\n<hr class=\"wp-block-separator\"\/>\n\n\n\n<p><strong>Ligue 1, 21. Spieltag (DAZN)<\/strong><\/p>\n\n\n\n<p><span style=\"text-decoration: underline;\">Freitag, 22. Januar 2021<\/span><\/p>\n\n\n\n<p><strong><em>Paris Saint-Germain \u2013 HSC Montpellier (21.00 Uhr)<\/em><\/strong><\/p>\n\n\n\n<p><img loading=\"lazy\" decoding=\"async\" width=\"10\" height=\"21\" class=\"wp-image-3656\" style=\"width: 10px;\" src=\"http:\/\/kommentatorenblog.de\/wp-content\/uploads\/2020\/09\/shure-55sh-ii-e1601485394796.jpg\" alt=\"\" srcset=\"http:\/\/kommentatorenblog.de\/wp-content\/uploads\/2020\/09\/shure-55sh-ii-e1601485394796.jpg 415w, http:\/\/kommentatorenblog.de\/wp-content\/uploads\/2020\/09\/shure-55sh-ii-e1601485394796-142x300.jpg 142w\" sizes=\"auto, (max-width: 10px) 100vw, 10px\" \/> Stefan Galler, Experte: Alexis Menuge<\/p>\n\n\n\n<hr class=\"wp-block-separator\"\/>\n\n\n\n<p><strong>Internationaler Fussball<\/strong> <strong>(Sportdigital FUSSBALL)<\/strong><\/p>\n\n\n\n<p><span style=\"text-decoration: underline;\">Freitag, 22. Januar 2021<\/span><\/p>\n\n\n\n<p>Hyundai A-League, 05. Woche: <strong><em>Sydney FC \u2013 Central Coast Mariners (09.05 Uhr)<\/em><\/strong><\/p>\n\n\n\n<p><img loading=\"lazy\" decoding=\"async\" width=\"10\" height=\"21\" class=\"wp-image-3656\" style=\"width: 10px;\" src=\"http:\/\/kommentatorenblog.de\/wp-content\/uploads\/2020\/09\/shure-55sh-ii-e1601485394796.jpg\" alt=\"\" srcset=\"http:\/\/kommentatorenblog.de\/wp-content\/uploads\/2020\/09\/shure-55sh-ii-e1601485394796.jpg 415w, http:\/\/kommentatorenblog.de\/wp-content\/uploads\/2020\/09\/shure-55sh-ii-e1601485394796-142x300.jpg 142w\" sizes=\"auto, (max-width: 10px) 100vw, 10px\" \/> Jakob Vogel <\/p>\n\n\n\n<p>Sky Bet Championship, 26. Spieltag: <strong><em>Stoke City \u2013 FC Watford (20.45 Uhr)<\/em><\/strong><\/p>\n\n\n\n<p><img loading=\"lazy\" decoding=\"async\" width=\"10\" height=\"21\" class=\"wp-image-3656\" style=\"width: 10px;\" src=\"http:\/\/kommentatorenblog.de\/wp-content\/uploads\/2020\/09\/shure-55sh-ii-e1601485394796.jpg\" alt=\"\" srcset=\"http:\/\/kommentatorenblog.de\/wp-content\/uploads\/2020\/09\/shure-55sh-ii-e1601485394796.jpg 415w, http:\/\/kommentatorenblog.de\/wp-content\/uploads\/2020\/09\/shure-55sh-ii-e1601485394796-142x300.jpg 142w\" sizes=\"auto, (max-width: 10px) 100vw, 10px\" \/> Florian Obst <\/p>\n\n\n\n<p><span style=\"text-decoration: underline;\">Samstag, 23. Januar 2021<\/span><\/p>\n\n\n\n<p>Sky Bet Championship, 26. Spieltag: <strong><em>Queens Park Rangers \u2013 Derby County (16.00 Uhr)<\/em><\/strong><\/p>\n\n\n\n<p><img loading=\"lazy\" decoding=\"async\" width=\"10\" height=\"21\" class=\"wp-image-3656\" style=\"width: 10px;\" src=\"http:\/\/kommentatorenblog.de\/wp-content\/uploads\/2020\/09\/shure-55sh-ii-e1601485394796.jpg\" alt=\"\" srcset=\"http:\/\/kommentatorenblog.de\/wp-content\/uploads\/2020\/09\/shure-55sh-ii-e1601485394796.jpg 415w, http:\/\/kommentatorenblog.de\/wp-content\/uploads\/2020\/09\/shure-55sh-ii-e1601485394796-142x300.jpg 142w\" sizes=\"auto, (max-width: 10px) 100vw, 10px\" \/> Karsten Linke <\/p>\n\n\n\n<p>Fortuna Liga, 16. Spieltag: <strong><em>MFK Karvina \u2013 Slavia Prag (18.30 Uhr)<\/em><\/strong><\/p>\n\n\n\n<p><img loading=\"lazy\" decoding=\"async\" width=\"10\" height=\"21\" class=\"wp-image-3656\" style=\"width: 10px;\" src=\"http:\/\/kommentatorenblog.de\/wp-content\/uploads\/2020\/09\/shure-55sh-ii-e1601485394796.jpg\" alt=\"\" srcset=\"http:\/\/kommentatorenblog.de\/wp-content\/uploads\/2020\/09\/shure-55sh-ii-e1601485394796.jpg 415w, http:\/\/kommentatorenblog.de\/wp-content\/uploads\/2020\/09\/shure-55sh-ii-e1601485394796-142x300.jpg 142w\" sizes=\"auto, (max-width: 10px) 100vw, 10px\" \/> Ulf Kahmke <\/p>\n\n\n\n<p>Eredivisie, 18. Spieltag: <strong><em>PSV Eindhoven \u2013<\/em><\/strong> <strong><em>RKC Waalwijk (20.00 Uhr)<\/em><\/strong> <\/p>\n\n\n\n<p>&#8211; <strong>nur im  STREAM &#8211; <\/strong><\/p>\n\n\n\n<p><img loading=\"lazy\" decoding=\"async\" width=\"10\" height=\"21\" class=\"wp-image-3656\" style=\"width: 10px;\" src=\"http:\/\/kommentatorenblog.de\/wp-content\/uploads\/2020\/09\/shure-55sh-ii-e1601485394796.jpg\" alt=\"\" srcset=\"http:\/\/kommentatorenblog.de\/wp-content\/uploads\/2020\/09\/shure-55sh-ii-e1601485394796.jpg 415w, http:\/\/kommentatorenblog.de\/wp-content\/uploads\/2020\/09\/shure-55sh-ii-e1601485394796-142x300.jpg 142w\" sizes=\"auto, (max-width: 10px) 100vw, 10px\" \/> Marcus Radefeld<\/p>\n\n\n\n<p>Taca da Liga, Finale: <strong><em>Sporting Lissabon \u2013 Sporting Braga (16.00 Uhr)<\/em><\/strong><\/p>\n\n\n\n<p><img loading=\"lazy\" decoding=\"async\" width=\"10\" height=\"21\" class=\"wp-image-3656\" style=\"width: 10px;\" src=\"http:\/\/kommentatorenblog.de\/wp-content\/uploads\/2020\/09\/shure-55sh-ii-e1601485394796.jpg\" alt=\"\" srcset=\"http:\/\/kommentatorenblog.de\/wp-content\/uploads\/2020\/09\/shure-55sh-ii-e1601485394796.jpg 415w, http:\/\/kommentatorenblog.de\/wp-content\/uploads\/2020\/09\/shure-55sh-ii-e1601485394796-142x300.jpg 142w\" sizes=\"auto, (max-width: 10px) 100vw, 10px\" \/> Karsten Linke <\/p>\n\n\n\n<p><span style=\"text-decoration: underline;\">Sonntag, 24. Januar 2021<\/span><\/p>\n\n\n\n<p>Eredivisie, 18. Spieltag: <em><strong>Fortuna Sittard \u2013 Ajax Amsterdam (12.15 Uhr)<\/strong><\/em><\/p>\n\n\n\n<p><img loading=\"lazy\" decoding=\"async\" width=\"10\" height=\"21\" class=\"wp-image-3656\" style=\"width: 10px;\" src=\"http:\/\/kommentatorenblog.de\/wp-content\/uploads\/2020\/09\/shure-55sh-ii-e1601485394796.jpg\" alt=\"\" srcset=\"http:\/\/kommentatorenblog.de\/wp-content\/uploads\/2020\/09\/shure-55sh-ii-e1601485394796.jpg 415w, http:\/\/kommentatorenblog.de\/wp-content\/uploads\/2020\/09\/shure-55sh-ii-e1601485394796-142x300.jpg 142w\" sizes=\"auto, (max-width: 10px) 100vw, 10px\" \/> Ulf Kahmke <\/p>\n\n\n\n<p>Eredivisie, 18. Spieltag: <strong><em>Feyenoord Rotterdam \u2013<\/em><\/strong> <strong><em>AZ Alkmaar (16.45 Uhr)<\/em><\/strong><\/p>\n\n\n\n<p><img loading=\"lazy\" decoding=\"async\" width=\"10\" height=\"21\" class=\"wp-image-3656\" style=\"width: 10px;\" src=\"http:\/\/kommentatorenblog.de\/wp-content\/uploads\/2020\/09\/shure-55sh-ii-e1601485394796.jpg\" alt=\"\" srcset=\"http:\/\/kommentatorenblog.de\/wp-content\/uploads\/2020\/09\/shure-55sh-ii-e1601485394796.jpg 415w, http:\/\/kommentatorenblog.de\/wp-content\/uploads\/2020\/09\/shure-55sh-ii-e1601485394796-142x300.jpg 142w\" sizes=\"auto, (max-width: 10px) 100vw, 10px\" \/> Karsten Linke<\/p>\n\n\n\n<p><span style=\"text-decoration: underline;\">Montag, 25. Januar 2021<\/span><\/p>\n\n\n\n<p>Liga NOS, 15. Spieltag: <em><strong>Benfica Lissabon \u2013 CD Nacional Funchal (18.00 Uhr)<\/strong><\/em><\/p>\n\n\n\n<p><img loading=\"lazy\" decoding=\"async\" width=\"10\" height=\"21\" class=\"wp-image-3656\" style=\"width: 10px;\" src=\"http:\/\/kommentatorenblog.de\/wp-content\/uploads\/2020\/09\/shure-55sh-ii-e1601485394796.jpg\" alt=\"\" srcset=\"http:\/\/kommentatorenblog.de\/wp-content\/uploads\/2020\/09\/shure-55sh-ii-e1601485394796.jpg 415w, http:\/\/kommentatorenblog.de\/wp-content\/uploads\/2020\/09\/shure-55sh-ii-e1601485394796-142x300.jpg 142w\" sizes=\"auto, (max-width: 10px) 100vw, 10px\" \/> Christian Blunck  <\/p>\n\n\n\n<p>Liga NOS, 15. Spieltag: <strong><em>SC Farense \u2013<\/em><\/strong> <strong><em>FC Porto (21.15 Uhr)<\/em><\/strong><\/p>\n\n\n\n<p><img loading=\"lazy\" decoding=\"async\" width=\"10\" height=\"21\" class=\"wp-image-3656\" style=\"width: 10px;\" src=\"http:\/\/kommentatorenblog.de\/wp-content\/uploads\/2020\/09\/shure-55sh-ii-e1601485394796.jpg\" alt=\"\" srcset=\"http:\/\/kommentatorenblog.de\/wp-content\/uploads\/2020\/09\/shure-55sh-ii-e1601485394796.jpg 415w, http:\/\/kommentatorenblog.de\/wp-content\/uploads\/2020\/09\/shure-55sh-ii-e1601485394796-142x300.jpg 142w\" sizes=\"auto, (max-width: 10px) 100vw, 10px\" \/> Karsten Linke<\/p>\n\n\n\n<p><span style=\"text-decoration: underline;\">Dienstag, 26. Januar 2021<\/span><\/p>\n\n\n\n<p>Eredivisie, 19. Spieltag: <em><strong>FC Emmen \u2013 PSV Eindhoven (20.00 Uhr)<\/strong><\/em><\/p>\n\n\n\n<p><img loading=\"lazy\" decoding=\"async\" width=\"10\" height=\"21\" class=\"wp-image-3656\" style=\"width: 10px;\" src=\"http:\/\/kommentatorenblog.de\/wp-content\/uploads\/2020\/09\/shure-55sh-ii-e1601485394796.jpg\" alt=\"\" srcset=\"http:\/\/kommentatorenblog.de\/wp-content\/uploads\/2020\/09\/shure-55sh-ii-e1601485394796.jpg 415w, http:\/\/kommentatorenblog.de\/wp-content\/uploads\/2020\/09\/shure-55sh-ii-e1601485394796-142x300.jpg 142w\" sizes=\"auto, (max-width: 10px) 100vw, 10px\" \/> Christian Blunck  <\/p>\n\n\n\n<p>Liga NOS, 15. Spieltag: <strong><em>Boavista Porto FC \u2013<\/em><\/strong> <strong><em>Sporting Lissabon (22.15 Uhr)<\/em><\/strong><\/p>\n\n\n\n<p><img loading=\"lazy\" decoding=\"async\" width=\"10\" height=\"21\" class=\"wp-image-3656\" style=\"width: 10px;\" src=\"http:\/\/kommentatorenblog.de\/wp-content\/uploads\/2020\/09\/shure-55sh-ii-e1601485394796.jpg\" alt=\"\" srcset=\"http:\/\/kommentatorenblog.de\/wp-content\/uploads\/2020\/09\/shure-55sh-ii-e1601485394796.jpg 415w, http:\/\/kommentatorenblog.de\/wp-content\/uploads\/2020\/09\/shure-55sh-ii-e1601485394796-142x300.jpg 142w\" sizes=\"auto, (max-width: 10px) 100vw, 10px\" \/> Ulf Kahmke <\/p>\n\n\n\n<p><span style=\"text-decoration: underline;\">Mittwoch, 27. Januar 2021<\/span><\/p>\n\n\n\n<p>T\u00fcrkischer Supercup: <em><strong>Istanbul Basaksehir \u2013 Trabzonspor (18.45 Uhr)<\/strong><\/em><\/p>\n\n\n\n<p><img loading=\"lazy\" decoding=\"async\" width=\"10\" height=\"21\" class=\"wp-image-3656\" style=\"width: 10px;\" src=\"http:\/\/kommentatorenblog.de\/wp-content\/uploads\/2020\/09\/shure-55sh-ii-e1601485394796.jpg\" alt=\"\" srcset=\"http:\/\/kommentatorenblog.de\/wp-content\/uploads\/2020\/09\/shure-55sh-ii-e1601485394796.jpg 415w, http:\/\/kommentatorenblog.de\/wp-content\/uploads\/2020\/09\/shure-55sh-ii-e1601485394796-142x300.jpg 142w\" sizes=\"auto, (max-width: 10px) 100vw, 10px\" \/> Karsten Linke<\/p>\n\n\n\n<p>Eredivisie, 19. Spieltag: <em><strong>SC Heerenveen \u2013 Feyenoord Rotterdam (21.00 Uhr)<\/strong><\/em><\/p>\n\n\n\n<p><img loading=\"lazy\" decoding=\"async\" width=\"10\" height=\"21\" class=\"wp-image-3656\" style=\"width: 10px;\" src=\"http:\/\/kommentatorenblog.de\/wp-content\/uploads\/2020\/09\/shure-55sh-ii-e1601485394796.jpg\" alt=\"\" srcset=\"http:\/\/kommentatorenblog.de\/wp-content\/uploads\/2020\/09\/shure-55sh-ii-e1601485394796.jpg 415w, http:\/\/kommentatorenblog.de\/wp-content\/uploads\/2020\/09\/shure-55sh-ii-e1601485394796-142x300.jpg 142w\" sizes=\"auto, (max-width: 10px) 100vw, 10px\" \/> Christian Blunck  <\/p>\n\n\n\n<p><span style=\"text-decoration: underline;\">Donnerstag, 28. Januar 2021<\/span><\/p>\n\n\n\n<p>Eredivisie, 19. Spieltag: <em><strong>Ajax Amsterdam \u2013 Willem II Tillburg (21.00 Uhr)<\/strong><\/em><\/p>\n\n\n\n<p><img loading=\"lazy\" decoding=\"async\" width=\"10\" height=\"21\" class=\"wp-image-3656\" style=\"width: 10px;\" src=\"http:\/\/kommentatorenblog.de\/wp-content\/uploads\/2020\/09\/shure-55sh-ii-e1601485394796.jpg\" alt=\"\" srcset=\"http:\/\/kommentatorenblog.de\/wp-content\/uploads\/2020\/09\/shure-55sh-ii-e1601485394796.jpg 415w, http:\/\/kommentatorenblog.de\/wp-content\/uploads\/2020\/09\/shure-55sh-ii-e1601485394796-142x300.jpg 142w\" sizes=\"auto, (max-width: 10px) 100vw, 10px\" \/> Hannes Herrmann <\/p>\n\n\n\n<hr class=\"wp-block-separator\"\/>\n\n\n\n<p><strong>Die Analyse<\/strong> <\/p>\n\n\n\n<p id=\"block-bfe79bed-9e36-417d-a595-b3256a2e91ae\"><strong>Duell der Borussen zum R\u00fcckrundenauftakt<\/strong><\/p>\n\n\n\n<p id=\"block-9d3816ad-e63c-48e0-8460-6a59dae2b732\">Mittwoch wurde die Hinrunde beendet und heute beginnt bereits die R\u00fcckrunde. Ganz klassisch l\u00e4uft der Auftakt nat\u00fcrlich auch im ZDF. Somit gibt es beim Borussen-Duell die freie Auswahl. Kathrin M\u00fcller-Hohenstein und Per Mertesacker melden sich aus Mainz. Field-Reporter in M\u00f6nchenladbach ist Thomas Skulski. Beim Live-Kommentator wird rotiert.  Nach Neumann (SP 1in M\u00fcnchen) und R\u00e9thy (SP 13 in K\u00f6penick), darf jetzt  Oliver Schmidt ran. Er wird das Spiel live aus dem Borussia-Park kommentieren. Bei DAZN melden sich \u201eHerzi\u201c, Seb Knei\u00dfl und BVB-Sympathisant Hagemann leider aus der Box, Sebastian Benesch geht auf Stimmenfang.<\/p>\n\n\n\n<p id=\"block-19146e81-5d2f-4ca3-9d11-22dbfb1f0e17\"><strong>Konferenz-K\u00f6nig Veltman<\/strong><\/p>\n\n\n\n<p id=\"block-570164b6-abc4-4c3d-9102-b159d2bd9a06\">Am Samstagnachmittag warten wie gewohnt f\u00fcnf Spiele auf uns, in der Konferenz gibt\u2019s neben den \u00fcblichen Verd\u00e4chtigen Schmiso und G\u00f6tz die Routiniers K\u00fcpper und Fuss und Klaus Veltman. Letzterer kommt somit auf vier Konferenzen in acht Tagen. <\/p>\n\n\n\n<p id=\"block-38f91aa6-e0a6-4d96-b4a9-4d84869c308d\">Bei der Tour durch die Stadien f\u00e4llt eines besonders auf. Michael Born ist mal wieder in Mainz. Das Nordlicht war ja bereits kurz vor Weihnachten in der Opel-Arena. Mit ihm in der Hauptstadt von Rheinland-Pfalz ist zudem Ulli Potofski. Er k\u00f6nnte sich in Mainz gef\u00fchlt ein Apartment holen k\u00f6nnte, so oft wie er in Rhein-Hessen unterwegs ist. Holger Pfandt bekommt eines seiner wenigen Erstliga-Einzelspiele in dieser Spielzeit (w\u00fcrde ihn \u00fcbrigens gerne h\u00e4ufiger im Oberhaus h\u00f6ren). Nach Freiburg passt er aber sehr gut. Marcus Lindemann, Tom Bayer und Jonas Friedrich mit keinen weiten Reisen, die Kilometeranzahl bleibt also gering. Und ach ja &#8211; Mit Marcus Lindemann in Leverkusen ist \u00fcbrigens Martin Gro\u00df, das Duo Infernale bleibt vereint.<\/p>\n\n\n\n<p id=\"block-aa476a43-99e3-468d-ae4f-6aa51379bf8b\"><strong>Dittmann mit Topspiel-Abo im Olympia-Stadion<\/strong><\/p>\n\n\n\n<p id=\"block-3d34ec2b-ce66-450c-8263-544811bb6dbf\">Beim Topspiel der Woche gibt\u2019s Kai Dittmann beim Topspiel im Olympiastadion. Interessant, weil er ja bereits beim selbigen Anfang des Jahres auch schon dort war. Das Stadion kennt er ja von den Pokalendspielen &#8211; f\u00fcr die er ein Abo hat &#8211; allzu gut. Die Reise vom S\u00fcden in den Osten nimmt zudem auch Field-Reporter Stefan Hempel auf sich. <\/p>\n\n\n\n<p id=\"block-3d34ec2b-ce66-450c-8263-544811bb6dbf\"><strong>Duo Infernale mit klassischem Doppeleinsatz <\/strong><\/p>\n\n\n\n<p id=\"block-dc0d9c2d-68fe-403f-9597-8df9275234a3\">Der FC Bayern M\u00fcnchen spielt am Sonntag, sodass fast schon klar ist wer kommentiert (einzig am dritten Spieltag gabs da eine Ausnahme mit Jonas Friedrich beim 4:3 gegen Hertha). Wolff Fuss mit Doppeleinsatz, begleitet wird er nach Gelsenkirchen von Sebastian Hellmann, dessen Stadionbesuche &#8211; seit das Topspiel aus M\u00fcnchen moderiert wird &#8211; ja sehr selten geworden sind. Beim sp\u00e4ten Spiel in Sinsheim gibt\u2019s wieder Lindemann und Gro\u00df \u2013 Seite an Seite und so\u2026<\/p>\n\n\n\n<p><strong>Unterhaus kommt auf seine Kosten <\/strong><\/p>\n\n\n\n<p>Was meinen wir mit der \u00dcberschrift?! Nachdem letzte Woche in der h\u00f6chsten deutschen Spielklasse unter der Woche gespielt wurde, ist diese Woche die 2. Bundesliga dran. Das Konstrukt ergibt insofern Sinn, als das die Spiele im Unterhaus mehr in den Fokus geraten.<\/p>\n\n\n\n<p>Zun\u00e4chst werfen wir aber einen kurzen Blick auf den 17.Spieltag. Auf der Moderationsposition gibt\u00b4s wieder die &#8222;normale&#8220; Aufstellung. Schlie\u00dflich hat Peter Hardenacke ja auch Formel1-frei. J\u00f6rg Dahlmann bildet mit seinem Doppeleinsatz dieses Wochenende die Ausnahme. Bedingt durch die Handbal-WM und den fehlenden HBL-Alltag gibt\u00b4s wieder jeweils ein Spiel f\u00fcr Mallwitz und Petrzika. Insgesamt f\u00e4llt (subjektiv) auf, dass beide diese Saison mehr im Fu\u00dfball aktiv sind als in den letzten Jahren. Sonntag stehen \u00fcbrigens vier Partien auf dem Plan, weil das Topspiel am Montag wegen der englischen Woche entf\u00e4llt.  <\/p>\n\n\n\n<p><strong>K\u00fcpper rotiert rein <\/strong><\/p>\n\n\n\n<p id=\"block-c950c651-e58e-425f-834d-5e41e7070fa4\">Jenes gibt\u00b4s daf\u00fcr am kommenden Donnerstag &#8211; nat\u00fcrlich mit Stefan Hempel und Torsten Mattuschka. Dabei treffen mit St. Pauli und Bochum zwei tabellarische Gegens\u00e4tze aufeinander. Die Kommentatoren am Dienstag und Mittwoch sind fast alle auch am Wochenende in Liga zwei zum Einsatz kommen &#8211; au\u00dfer Reporterinstitution Hansi K\u00fcpper, der gleich doppelt ran darf. Und mit D\u00fcsseldorf gegen Hamburg erwischt er wohl das interessanteste Spiel des ersten Spieltags der R\u00fcckrunde. Schaltm\u00f6glichkeiten f\u00fcr Interviews werden am Montag noch erg\u00e4nzt. <\/p>\n\n\n\n<p><strong>Same procedure auch in der 3. Liga <\/strong><\/p>\n\n\n\n<p>In der 3. Liga findet ihr oben in den Ansetzungen ebenfalls zwei Spieltage. Der Grundliegt ja auf der Hand. In den n\u00e4chsten drei Tagen gibt\u00b4s zweimal Geld f\u00fcr Martin Piller, Sascha Bandermann und Motorsport-.Mann Eddie Mielke. Letzterer h\u00f6ren wir zu dieser Jahreszeit ja immer \u00f6fters bei Magenta Sport, weil auf den Rennstrecken ja eher weniger los ist. Ausgehend von den Namen der Vereine ist die Partie zwischen Dresden und Kaiserslautern wohl die brisanteste des 20. Spieltags. Der SWR zeigt diese. Der MDR weicht zum Ost-Duell nach Halle aus, wo Magdeburg zu Gast sein wird. Das Personal ist bekannt. Bei den Telekom-Ansetzungen f\u00e4llt mir aber auf, dass Franz B\u00fcchner zum wiederholten Male in dieser Saison auf Reisen geht. Das berufliche Ziel diese Woche ist Dresden. <\/p>\n\n\n\n<p><strong>Blick aufs &#8222;\u00d6R-Personal&#8220;?!<\/strong><\/p>\n\n\n\n<p>Unter der Woche d\u00fcrft ihr euch am Dienstag und Mittwoch jeweils auf zwei Topspielproduktionen freuen. In der Konferenz kommt zweimal das Duo Piller\/Bandermann zum Zug. Obwohl die \u00f6ffentlich-rechtlichen Sendeanstalten nicht \u00fcbertragen, erscheinen zwei Namen in der Auflistung, die ihr Brot, zumindest haupts\u00e4chlich, beim NDR\/MDR verdienen. Alex K\u00fcpper, seines Zeichens Sohn von Hansi K\u00fcpper, bekommt direkt zwei Eins\u00e4tze bei Magenta Sport &#8211; sonst ist er auch viel f\u00fcr den MDR t\u00e4tig. Viel \u00fcberraschender ist aber die Ansetzung von NDR-Reporter Jan Neumann. Er geh\u00f6rt zwar schon l\u00e4nger zum Personal-Stamm von Magenta Sport. Der letzte Einsatz m\u00fcsste aber schon ein paar Tage her sein. <\/p>\n\n\n\n<p><strong>Fu\u00dfball von der Insel wird aufgeteilt<\/strong><\/p>\n\n\n\n<p>Zun\u00e4chst gibt\u00b4s in den n\u00e4chsten Tagen die vierte Runde des FA Cups auf DAZN. Diese Ank\u00fcndigung ist gleichzusetzten mit Festtagen f\u00fcr England-Kenner Uli Hebel. Die DAZN-Verantwortlichen belohnen den j\u00fcngeren der Hebel-Br\u00fcder direkt mit drei Eins\u00e4tzen, unter anderem mit ManU-Liverpool. Dieses Spiel ist DAZN auch einen Moderator wert. Das Bundesliga-Duo vom Freitag, also Hagemann\/Knei\u00dfl macht Samstag \u00fcbrigens mit Southampton-Arsenal weiter. <\/p>\n\n\n\n<p><strong>Alles Live und wieder Adler <\/strong><\/p>\n\n\n\n<p>Ab n\u00e4chste Woche Dienstag folgt dann der 20.Spieltag der Premier League. Und Sky zeigt weiterhin (fast) alles live &#8211; auch, wenn es an diesem Spieltag wieder zeitgleich Spiele gibt. Nach dem Aufeinandertreffen im FA-Cup spielen Arsenal und Southampton am Dienstag in der Liga direkt wieder gegeneinander. Hannes Herrmann, der auch am Samstag das Nachholspiel zwischen Aston Villa und Newcastle United kommentiert, ist hier euer Mann. Beim attraktivsten Spiel am Mittwoch (Everton-Leicester) erh\u00e4lt Formel1-Kommentator Sascha Roos das Vertrauen. Passen zum Abschluss der Spieltags gibt\u00b4s Donnerstagabend das Match of the Week zwischen Tottenham und Liverpool. Experte an Schmisos Seite ist wieder einmal Ren\u00e9 Adler. Nachdem Erik Meijer seit dieser Saison in der Premier League nicht mehr zum Einsatz kommt, ist der ehemalige Nationaltorwart bei den Krachern immer der erste Ansprechpartner. Im Zweifel auch, weil eine Anreise Petrics aus der Schweiz auch nicht so wirklich viel Sinn macht?! Letzte Woche wurde Petric ja auch durch Mirko Slomka ersetzt. Neben Schmiso ist Raphael Honigstein weiter die Konstante. Er wird wieder aus England berichten.  <\/p>\n\n\n\n<p><strong>Platt\/Lauth im Doppelpack <\/strong><\/p>\n\n\n\n<p>In La Liga freuen sich Jan Platt und Benny Lauth auf jeweils zwei Eins\u00e4tze am Wochenende. Sie \u00fcbernehmen die Gastspiele von Real Madrid und dem FC Barcelona. Ob jemals das gleiche Duo sich an einem Spieltag um Barca und Real gek\u00fcmmert hat, w\u00fcrden wir bezweifeln. W\u00e4hrend es sich hier wohl um ein Novum handelt, gibt\u00b4s in der Serie A und der Ligue 1 keine absoluten Topspiele und nat\u00fcrlich auch keine unbekannten Reporter. <\/p>\n\n\n\n<p><strong>Dreifacher Linke und einfacher Stream<\/strong><\/p>\n\n\n\n<p>Bei Sportdigital bereitet sich Karsten Linke wohl schon jetzt auf seine drei Wochenende-Eins\u00e4tze vor. Das Highlight diese Woche bildet wohl das Taca da Liga-Finale in Portugal &#8211; nat\u00fcrlich macht\u00b4s Karsten Linke. Wegen dieser Partie gibt\u00b4s das Eindhoven-Spiel auch nur im Stream. Die Sportdigital-Ansetzungen f\u00fcr Montag bis Mittwoch folgen sp\u00e4testens n\u00e4chste Woche! Wir denken, dass Christina Blunck hier bestimmt auch wieder dabei ist. Dieses Wochenende hat er mal frei. <\/p>\n\n\n\n<p id=\"block-05194f9d-f2bf-4f32-89ce-88760864a975\">Macht das Beste draus!<\/p>\n","protected":false},"excerpt":{"rendered":"<p>N\u2019Abend allerseits, heute bleibt leider nicht viel Zeit f\u00fcr ein Vorwort. Aufgrund mehrerer technischen Probleme meinerseits (Nico) fehlte daf\u00fcr leider die Zeit &#8211; Homeoffice wird dadurch \u00fcbrigens auch nicht erleichtert. Leon hat daher einiges \u00fcbernommen, Gro\u00dfes Dank an ihn. Die wichtigste Infos zu den Fu\u00dfball-Ansetzungen bis kommenden Donnerstag gibt es unten in der Analyse. NFL [&hellip;]<\/p>\n","protected":false},"author":6,"featured_media":0,"comment_status":"open","ping_status":"open","sticky":false,"template":"","format":"standard","meta":{"footnotes":""},"categories":[424],"tags":[20,10,46,257,166,60,256,35,442,212,13,30,119,462,55,97,221,132,437,99,89,277,120,465,440,104,25,92,179,464,48,141,347,69,26,93,59,91,50,158,31,9,43,461,112,126,95,416,130,17,88,452,109,142,161,29,23,340,84,233,12,189,98,222,127,81,134,28,102,16,351,252,87,346,402,105,149,107],"class_list":["post-6127","post","type-post","status-publish","format-standard","hentry","category-bundesliga-und-co","tag-2-bundesliga","tag-3-liga","tag-anett-sattler","tag-basti-schwele","tag-benny-lauth","tag-bundesliga","tag-cedric-pick","tag-christian-strassburger","tag-christoph-hamm","tag-daniel-herzog","tag-dazn","tag-didi-hamann","tag-edgar-mielke","tag-eik-galley","tag-eredivisie","tag-esther-sedlaczek","tag-fa-cup","tag-flo-hauser","tag-florian-bauer","tag-florian-nass","tag-florian-schmidt-sommerfeld","tag-fortuna-liga","tag-franz-buechner","tag-gune","tag-handball-wm-2021","tag-hannes-herrmann","tag-hansi-kuepper","tag-heiko-mallwitz","tag-hyundai-a-league","tag-jan-neumann","tag-jan-platte","tag-jan-stecker","tag-joachim-hebel","tag-jonas-friedrich","tag-joerg-dahlmann","tag-kai-dittmann","tag-karsten-linke","tag-karsten-petrzika","tag-katrin-mueller-hohenstein","tag-ligue-1","tag-lothar-matthaeus","tag-magenta-sport","tag-marco-hagemann","tag-marco-wiefel","tag-marcus-lindemann","tag-markus-goetz","tag-martin-gross","tag-martin-lanig","tag-martin-piller","tag-mdr","tag-michael-leopold","tag-nfl","tag-oliver-schmidt","tag-patrick-esume","tag-per-mertesacker","tag-peter-hardenacke","tag-premier-league","tag-raphael-honigstein","tag-rene-adler","tag-rudi-bommer","tag-sascha-bandermann","tag-sebastian-benesch","tag-sebastian-hellmann","tag-sebastian-kneissl","tag-serie-a","tag-sky-bet-championship","tag-sportdigital-fussball","tag-stefan-hempel","tag-sven-toellner","tag-swr","tag-thomas-skulski","tag-tobi-wahnschaffe","tag-torsten-kunde","tag-torsten-mattuschka","tag-ulf-kahmke","tag-uli-hebel","tag-uwe-morawe","tag-wolff-fuss"],"_links":{"self":[{"href":"http:\/\/kommentatorenblog.de\/index.php?rest_route=\/wp\/v2\/posts\/6127","targetHints":{"allow":["GET"]}}],"collection":[{"href":"http:\/\/kommentatorenblog.de\/index.php?rest_route=\/wp\/v2\/posts"}],"about":[{"href":"http:\/\/kommentatorenblog.de\/index.php?rest_route=\/wp\/v2\/types\/post"}],"author":[{"embeddable":true,"href":"http:\/\/kommentatorenblog.de\/index.php?rest_route=\/wp\/v2\/users\/6"}],"replies":[{"embeddable":true,"href":"http:\/\/kommentatorenblog.de\/index.php?rest_route=%2Fwp%2Fv2%2Fcomments&post=6127"}],"version-history":[{"count":142,"href":"http:\/\/kommentatorenblog.de\/index.php?rest_route=\/wp\/v2\/posts\/6127\/revisions"}],"predecessor-version":[{"id":6562,"href":"http:\/\/kommentatorenblog.de\/index.php?rest_route=\/wp\/v2\/posts\/6127\/revisions\/6562"}],"wp:attachment":[{"href":"http:\/\/kommentatorenblog.de\/index.php?rest_route=%2Fwp%2Fv2%2Fmedia&parent=6127"}],"wp:term":[{"taxonomy":"category","embeddable":true,"href":"http:\/\/kommentatorenblog.de\/index.php?rest_route=%2Fwp%2Fv2%2Fcategories&post=6127"},{"taxonomy":"post_tag","embeddable":true,"href":"http:\/\/kommentatorenblog.de\/index.php?rest_route=%2Fwp%2Fv2%2Ftags&post=6127"}],"curies":[{"name":"wp","href":"https:\/\/api.w.org\/{rel}","templated":true}]}}