{"id":6841,"date":"2021-02-15T18:58:41","date_gmt":"2021-02-15T17:58:41","guid":{"rendered":"http:\/\/kommentatorenblog.de\/?p=6841"},"modified":"2021-02-21T14:46:19","modified_gmt":"2021-02-21T13:46:19","slug":"1148-german-rule-dazn-dominiert-hinspiele","status":"publish","type":"post","link":"http:\/\/kommentatorenblog.de\/?p=6841","title":{"rendered":"1148 \u2013 German Rule: DAZN dominiert Hinspiele"},"content":{"rendered":"\n<p>N\u00b4Abend allerseits,<\/p>\n\n\n\n<p>das Warten auf die K\u00f6nigsklasse hat ein Ende. Diese Woche stehen die ersten Achtelfinals an. Aus deutscher Sicht l\u00e4uft das Turnier bis dato nat\u00fcrlich sehr erfreulich. Alle vier Mannschaften sind noch im Wettbewerb, f\u00fcr die einen d\u00fcrfte es im Achtelfinale jetzt aber schon hart werden. Da denke ich insbesondere an Gladbach. Die Fohlen haben in der Gruppenphase Donezk und Inter Mailand hinter sich gelassen. Das Weiterkommen war zwar knapp, aber trotzdem ein Ausrufezeichen. Gegen Manchester City wird es in der kommenden Woche sicherlich nicht einfacher, zumal M\u00f6nchengladbach die j\u00fcngste Meldung, dass Trainer Marco Rose den Verein zum Saisonende in Richtung BVB verlassen wird, nicht gerade befl\u00fcgeln d\u00fcrfte.<\/p>\n\n\n\n<p>Die Gelegenheit beim Schopfe packen kann da vielleicht schon eher RB Leipzig. Das Team von Julian Nagelsmann trifft morgen auf den FC Liverpool und damit auf den Champions-League-Sieger von 2019. Die Chancen im Meisterschaftsrennen in der Premier League sind den Reds zuletzt aus den H\u00e4nden geglitten, die Elf von J\u00fcrgen Klopp hat die vergangenen drei PL-Partien allesamt verloren. Das muss nat\u00fcrlich nichts hei\u00dfen, aber ich glaube, wenn man Liverpool packen will, dann ist jetzt ein guter Zeitpunkt. Abgesehen davon wird das nat\u00fcrlich ein Aufeinandertreffen, das viel Offensiv-Feuer verspricht. Sowohl Leipzig als auch Gladbach weichen bekanntlich nach Budapest aus, weil englische Mannschaften nicht nach Deutschland einreisen d\u00fcrfen. <\/p>\n\n\n\n<p>Dortmund misst sich am Mittwoch mit Sevilla. Der BVB ist sicherlich Favorit auf dem Papier. Aber auch hier erwarte ich ein enges Duell, Sevilla hat ja nicht umsonst zuletzt Barca aus dem Copa del Rey gekegelt. Und dann w\u00e4ren da noch die Bayern, die es erst in der n\u00e4chsten Woche mit Lazio Rom zu tun bekommen. Wir erinnern uns: Dortmund hatte mit den Biancocelesti seine Probleme, in der Gruppenphase gab es ein Unentschieden (1:1) und eine Niederlage (1:3). F\u00fcr Bayern ist es meiner Meinung nach ein dankbares Los zu diesem Zeitpunkt.<\/p>\n\n\n\n<p><strong>German Rule auch im Viertelfinale noch wahrscheinlich<\/strong><\/p>\n\n\n\n<p>Blicken wir auf die Rechtevergabe f\u00fcr die K.o.-Phase. Die \u00dcbertragungen sind ja bekanntlich davon abh\u00e4ngig, wie viele deutsche Mannschaften sich noch im Turnier befinden. Sind generell noch deutsche Vertreter mit dabei, greift die \u201eGerman Rule\u201c &#8211; allerdings ist es auch relevant, wie viele Teams aus der Bundesliga noch im Wettbewerb sind. Ab zwei verbliebenen deutschen Teams in der K.o.-Phase hat Sky das Erstwahlrecht, wobei DAZN die Hinspiele aller anderen deutschen Vertreter exklusiv in voller L\u00e4nge zeigen kann. Genau dieses Szenario greift f\u00fcrs anstehende Achtelfinale: In diesem Fall ist ja noch keines der vier deutschen Teams ausgeschieden. Sky hat den ersten Pick und sich wenig \u00fcberraschend f\u00fcr Bayern entschieden. DAZN kann sich indes nat\u00fcrlich freuen, die \u00fcbrigen drei Hinspiele zu \u00fcbertragen. Im R\u00fcckspiel sieht das Ganze dann schon anders aus. Dann darf Sky alle Spiele mit deutscher Beteiligung ausstrahlen, DAZN zeigt die Parallelspiele.<\/p>\n\n\n\n<p>Sollte es dazu kommen, dass nur ein Bundesliga-Klub das CL-Viertelfinale erreicht, wirkt sich die German Rule anders aus. Dann wird das Hinspiel n\u00e4mlich sowohl bei DAZN als auch bei Sky \u00fcbertragen. Im R\u00fcckspiel beh\u00e4lt Sky dann wiederum die Exklusiv-Rechte, DAZN \u00fcbertr\u00e4gt die Parallelspiele. Und wenn keine deutsche Mannschaft mehr im Wettbewerb ist? Dann kann von einer German Rule nat\u00fcrlich keine Rede sein. Stattdessen hat Sky dann einfach im Hinspiel den ersten Pick und DAZN den zweiten. Beide \u00fcbertragen in diesem Szenario jeweils das Paralellspiel vom Pick des anderen Senders. Im R\u00fcckspiel hat Sky beide ersten Picks, DAZN \u00fcbernimmt die parallelen Partien. Doch gehen wir mal einfach davon aus, dass mindestens ein deutsches Team in die Runde der letzten Acht vordringt, die Vorzeichen daf\u00fcr sind ja denkbar gut.<\/p>\n\n\n\n<p>Was bleibt, ist dann noch die Frage nach der Rechtevergabe ab dem Halbfinale. Doch die k\u00f6nnte kaum einfacher sein. Sowohl die beiden Halbfinal-Spiele mit Hin- und R\u00fcckspiel als auch das Finale in Istanbul werden von Sky und DAZN \u00fcbertragen.<\/p>\n\n\n\n<p>Offen sind jetzt noch die Kommentatoren-Ansetzungen im Champions-League-Achtelfinale, in der Europa League und bei einigen anstehenden Nachholspielen. Damit nun zum Tagesgesch\u00e4ft.<\/p>\n\n\n\n<hr class=\"wp-block-separator\"\/>\n\n\n\n<p><strong><em>Die Ansetzungen vom 16. Februar bis zum 18. Februar 202<\/em><\/strong>1<\/p>\n\n\n\n<p><strong>Champions League Achtelfinale, Hinspiel<\/strong><\/p>\n\n\n\n<p><span style=\"text-decoration: underline;\">Dienstag, 16. Februar 2021, ab 20.30 Uhr (DAZN) \/ ab 19.30 Uhr (Sky)<\/span><\/p>\n\n\n\n<p><em><strong>RB Leipzig \u2013 FC Liverpool (21.00 Uhr)<\/strong><\/em><\/p>\n\n\n\n<p>DAZN: <img loading=\"lazy\" decoding=\"async\" width=\"10\" height=\"21\" class=\"wp-image-3656\" style=\"width: 10px;\" src=\"http:\/\/kommentatorenblog.de\/wp-content\/uploads\/2020\/09\/shure-55sh-ii-e1601485394796.jpg\" alt=\"\" srcset=\"http:\/\/kommentatorenblog.de\/wp-content\/uploads\/2020\/09\/shure-55sh-ii-e1601485394796.jpg 415w, http:\/\/kommentatorenblog.de\/wp-content\/uploads\/2020\/09\/shure-55sh-ii-e1601485394796-142x300.jpg 142w\" sizes=\"auto, (max-width: 10px) 100vw, 10px\" \/> Marco Hagemann, Experte: Sandro Wagner (Einzelspiel)<br>Sky: <img loading=\"lazy\" decoding=\"async\" width=\"10\" height=\"21\" class=\"wp-image-3656\" style=\"width: 10px;\" src=\"http:\/\/kommentatorenblog.de\/wp-content\/uploads\/2020\/09\/shure-55sh-ii-e1601485394796.jpg\" alt=\"\" srcset=\"http:\/\/kommentatorenblog.de\/wp-content\/uploads\/2020\/09\/shure-55sh-ii-e1601485394796.jpg 415w, http:\/\/kommentatorenblog.de\/wp-content\/uploads\/2020\/09\/shure-55sh-ii-e1601485394796-142x300.jpg 142w\" sizes=\"auto, (max-width: 10px) 100vw, 10px\" \/> Wolff Fuss (Konferenz), Field-Reporter: Patrick Wasserziehr<\/p>\n\n\n\n<p>Moderation (DAZN): Alex Schl\u00fcter, Field-Reporter: Sebastian Benesch<\/p>\n\n\n\n<p><em><strong>FC Barcelona \u2013 Paris Saint-Germain (21.00 Uhr)<\/strong><\/em><\/p>\n\n\n\n<p class=\"has-normal-font-size\">Sky: <img loading=\"lazy\" decoding=\"async\" width=\"10\" height=\"21\" class=\"wp-image-3656\" style=\"width: 10px;\" src=\"http:\/\/kommentatorenblog.de\/wp-content\/uploads\/2020\/09\/shure-55sh-ii-e1601485394796.jpg\" alt=\"\" srcset=\"http:\/\/kommentatorenblog.de\/wp-content\/uploads\/2020\/09\/shure-55sh-ii-e1601485394796.jpg 415w, http:\/\/kommentatorenblog.de\/wp-content\/uploads\/2020\/09\/shure-55sh-ii-e1601485394796-142x300.jpg 142w\" sizes=\"auto, (max-width: 10px) 100vw, 10px\" \/> Kai Dittmann (Einzelspiel), Martin Gro\u00df (Konferenz)<\/p>\n\n\n\n<p>Studio-Moderation (Sky): &nbsp;Sebastian Hellmann, Experten: Lothar Matth\u00e4us und Erik Meijer, Gast: Ralf Rangnick<\/p>\n\n\n\n<p><span style=\"text-decoration: underline;\">Mittwoch, 17. Februar 2021, ab 20.30 Uhr (DAZN) \/ ab 19.30 Uhr (Sky)<\/span><\/p>\n\n\n\n<p><em><strong>FC Sevilla \u2013 Borussia Dortmund (21.00 Uhr)<\/strong><\/em><\/p>\n\n\n\n<p>DAZN: <img loading=\"lazy\" decoding=\"async\" width=\"10\" height=\"21\" class=\"wp-image-3656\" style=\"width: 10px;\" src=\"http:\/\/kommentatorenblog.de\/wp-content\/uploads\/2020\/09\/shure-55sh-ii-e1601485394796.jpg\" alt=\"\" srcset=\"http:\/\/kommentatorenblog.de\/wp-content\/uploads\/2020\/09\/shure-55sh-ii-e1601485394796.jpg 415w, http:\/\/kommentatorenblog.de\/wp-content\/uploads\/2020\/09\/shure-55sh-ii-e1601485394796-142x300.jpg 142w\" sizes=\"auto, (max-width: 10px) 100vw, 10px\" \/> Uli Hebel, Experte: Sebastian Knei\u00dfl (Einzelspiel)<br>Sky: <img loading=\"lazy\" decoding=\"async\" width=\"10\" height=\"21\" class=\"wp-image-3656\" style=\"width: 10px;\" src=\"http:\/\/kommentatorenblog.de\/wp-content\/uploads\/2020\/09\/shure-55sh-ii-e1601485394796.jpg\" alt=\"\" srcset=\"http:\/\/kommentatorenblog.de\/wp-content\/uploads\/2020\/09\/shure-55sh-ii-e1601485394796.jpg 415w, http:\/\/kommentatorenblog.de\/wp-content\/uploads\/2020\/09\/shure-55sh-ii-e1601485394796-142x300.jpg 142w\" sizes=\"auto, (max-width: 10px) 100vw, 10px\" \/> Wolff Fuss (Konferenz)<\/p>\n\n\n\n<p>Moderation (DAZN): Tobi Wahnschaffe<\/p>\n\n\n\n<p><em><strong>FC Porto \u2013 Juventus Turin (21.00 Uhr)<\/strong><\/em><\/p>\n\n\n\n<p class=\"has-normal-font-size\">Sky: <img loading=\"lazy\" decoding=\"async\" width=\"10\" height=\"21\" class=\"wp-image-3656\" style=\"width: 10px;\" src=\"http:\/\/kommentatorenblog.de\/wp-content\/uploads\/2020\/09\/shure-55sh-ii-e1601485394796.jpg\" alt=\"\" srcset=\"http:\/\/kommentatorenblog.de\/wp-content\/uploads\/2020\/09\/shure-55sh-ii-e1601485394796.jpg 415w, http:\/\/kommentatorenblog.de\/wp-content\/uploads\/2020\/09\/shure-55sh-ii-e1601485394796-142x300.jpg 142w\" sizes=\"auto, (max-width: 10px) 100vw, 10px\" \/> Martin Gro\u00df (Einzelspiel), Tom Bayer (Konferenz)<\/p>\n\n\n\n<p>Studio-Moderation (Sky): Michael Leopold, Experten: Dietmar Hamann und Erik Meijer, Gast: Benedikt H\u00f6wedes<\/p>\n\n\n\n<hr class=\"wp-block-separator\"\/>\n\n\n\n<p><strong>Europa League Zwischenrunde, Hinspiel<\/strong><\/p>\n\n\n\n<p><span style=\"text-decoration: underline;\">Donnerstag, 18. Februar 2021, ab 18.40 Uhr (DAZN)<\/span><\/p>\n\n\n\n<p><em><strong>GoalZone<\/strong><\/em><\/p>\n\n\n\n<p class=\"has-normal-font-size\"><img loading=\"lazy\" decoding=\"async\" width=\"10\" height=\"21\" class=\"wp-image-3656\" style=\"width: 10px;\" src=\"http:\/\/kommentatorenblog.de\/wp-content\/uploads\/2020\/09\/shure-55sh-ii-e1601485394796.jpg\" alt=\"\" srcset=\"http:\/\/kommentatorenblog.de\/wp-content\/uploads\/2020\/09\/shure-55sh-ii-e1601485394796.jpg 415w, http:\/\/kommentatorenblog.de\/wp-content\/uploads\/2020\/09\/shure-55sh-ii-e1601485394796-142x300.jpg 142w\" sizes=\"auto, (max-width: 10px) 100vw, 10px\" \/> Jan L\u00fcdeke und Christoph Stadtler<\/p>\n\n\n\n<p><span style=\"text-decoration: underline;\">ab 18.50 Uhr (DAZN)<\/span><\/p>\n\n\n\n<p><em><strong>Young Boys Bern \u2013 Bayer 04 Leverkusen (18.55 Uhr)<\/strong><\/em><\/p>\n\n\n\n<p class=\"has-normal-font-size\"><img loading=\"lazy\" decoding=\"async\" width=\"10\" height=\"21\" class=\"wp-image-3656\" style=\"width: 10px;\" src=\"http:\/\/kommentatorenblog.de\/wp-content\/uploads\/2020\/09\/shure-55sh-ii-e1601485394796.jpg\" alt=\"\" srcset=\"http:\/\/kommentatorenblog.de\/wp-content\/uploads\/2020\/09\/shure-55sh-ii-e1601485394796.jpg 415w, http:\/\/kommentatorenblog.de\/wp-content\/uploads\/2020\/09\/shure-55sh-ii-e1601485394796-142x300.jpg 142w\" sizes=\"auto, (max-width: 10px) 100vw, 10px\" \/> Jan Platte, Experte: Ralph Gunesch<\/p>\n\n\n\n<p><em><strong>Real Sociedad \u2013 Manchester United (18.55 Uhr)<\/strong><\/em><\/p>\n\n\n\n<p class=\"has-normal-font-size\"><img loading=\"lazy\" decoding=\"async\" width=\"10\" height=\"21\" class=\"wp-image-3656\" style=\"width: 10px;\" src=\"http:\/\/kommentatorenblog.de\/wp-content\/uploads\/2020\/09\/shure-55sh-ii-e1601485394796.jpg\" alt=\"\" srcset=\"http:\/\/kommentatorenblog.de\/wp-content\/uploads\/2020\/09\/shure-55sh-ii-e1601485394796.jpg 415w, http:\/\/kommentatorenblog.de\/wp-content\/uploads\/2020\/09\/shure-55sh-ii-e1601485394796-142x300.jpg 142w\" sizes=\"auto, (max-width: 10px) 100vw, 10px\" \/> Uwe Morawe, Experte: Benny Lauth<\/p>\n\n\n\n<p><em><strong>Wolfsberger AC \u2013 Tottenham Hotspur (18.55 Uhr)<\/strong><\/em><\/p>\n\n\n\n<p class=\"has-normal-font-size\"><img loading=\"lazy\" decoding=\"async\" width=\"10\" height=\"21\" class=\"wp-image-3656\" style=\"width: 10px;\" src=\"http:\/\/kommentatorenblog.de\/wp-content\/uploads\/2020\/09\/shure-55sh-ii-e1601485394796.jpg\" alt=\"\" srcset=\"http:\/\/kommentatorenblog.de\/wp-content\/uploads\/2020\/09\/shure-55sh-ii-e1601485394796.jpg 415w, http:\/\/kommentatorenblog.de\/wp-content\/uploads\/2020\/09\/shure-55sh-ii-e1601485394796-142x300.jpg 142w\" sizes=\"auto, (max-width: 10px) 100vw, 10px\" \/> Flo Hauser, Experte: Max Nicu<\/p>\n\n\n\n<p><em><strong>Roter Stern Belgrad \u2013 AC Mailand (18.55 Uhr)<\/strong><\/em><\/p>\n\n\n\n<p class=\"has-normal-font-size\"><img loading=\"lazy\" decoding=\"async\" width=\"10\" height=\"21\" class=\"wp-image-3656\" style=\"width: 10px;\" src=\"http:\/\/kommentatorenblog.de\/wp-content\/uploads\/2020\/09\/shure-55sh-ii-e1601485394796.jpg\" alt=\"\" srcset=\"http:\/\/kommentatorenblog.de\/wp-content\/uploads\/2020\/09\/shure-55sh-ii-e1601485394796.jpg 415w, http:\/\/kommentatorenblog.de\/wp-content\/uploads\/2020\/09\/shure-55sh-ii-e1601485394796-142x300.jpg 142w\" sizes=\"auto, (max-width: 10px) 100vw, 10px\" \/> Carsten Fu\u00df<\/p>\n\n\n\n<p><em><strong>Sporting Braga \u2013 AS Rom (18.55 Uhr)<\/strong><\/em><\/p>\n\n\n\n<p class=\"has-normal-font-size\"><img loading=\"lazy\" decoding=\"async\" width=\"10\" height=\"21\" class=\"wp-image-3656\" style=\"width: 10px;\" src=\"http:\/\/kommentatorenblog.de\/wp-content\/uploads\/2020\/09\/shure-55sh-ii-e1601485394796.jpg\" alt=\"\" srcset=\"http:\/\/kommentatorenblog.de\/wp-content\/uploads\/2020\/09\/shure-55sh-ii-e1601485394796.jpg 415w, http:\/\/kommentatorenblog.de\/wp-content\/uploads\/2020\/09\/shure-55sh-ii-e1601485394796-142x300.jpg 142w\" sizes=\"auto, (max-width: 10px) 100vw, 10px\" \/> Marcel Seufert<\/p>\n\n\n\n<p><em><strong>Olympiakos Pir\u00e4us \u2013 PSV Eindhoven (18.55 Uhr)<\/strong><\/em><\/p>\n\n\n\n<p class=\"has-normal-font-size\"><img loading=\"lazy\" decoding=\"async\" width=\"10\" height=\"21\" class=\"wp-image-3656\" style=\"width: 10px;\" src=\"http:\/\/kommentatorenblog.de\/wp-content\/uploads\/2020\/09\/shure-55sh-ii-e1601485394796.jpg\" alt=\"\" srcset=\"http:\/\/kommentatorenblog.de\/wp-content\/uploads\/2020\/09\/shure-55sh-ii-e1601485394796.jpg 415w, http:\/\/kommentatorenblog.de\/wp-content\/uploads\/2020\/09\/shure-55sh-ii-e1601485394796-142x300.jpg 142w\" sizes=\"auto, (max-width: 10px) 100vw, 10px\" \/> Ruben Zimmermann <\/p>\n\n\n\n<p><span style=\"text-decoration: underline;\">ab 20.15 Uhr (RTL Nitro) \/ ab 20.55 Uhr (DAZN)<\/span><\/p>\n\n\n\n<p><em><strong>Molde FK \u2013 TSG Hoffenheim (21.00 Uhr)<\/strong><\/em><\/p>\n\n\n\n<p class=\"has-normal-font-size\">Nitro: <img loading=\"lazy\" decoding=\"async\" width=\"10\" height=\"21\" class=\"wp-image-3656\" style=\"width: 10px;\" src=\"http:\/\/kommentatorenblog.de\/wp-content\/uploads\/2020\/09\/shure-55sh-ii-e1601485394796.jpg\" alt=\"\" srcset=\"http:\/\/kommentatorenblog.de\/wp-content\/uploads\/2020\/09\/shure-55sh-ii-e1601485394796.jpg 415w, http:\/\/kommentatorenblog.de\/wp-content\/uploads\/2020\/09\/shure-55sh-ii-e1601485394796-142x300.jpg 142w\" sizes=\"auto, (max-width: 10px) 100vw, 10px\" \/> Marco Hagemann, Experte: Steffen Freund<br>DAZN: <img loading=\"lazy\" decoding=\"async\" width=\"10\" height=\"21\" class=\"wp-image-3656\" style=\"width: 10px;\" src=\"http:\/\/kommentatorenblog.de\/wp-content\/uploads\/2020\/09\/shure-55sh-ii-e1601485394796.jpg\" alt=\"\" srcset=\"http:\/\/kommentatorenblog.de\/wp-content\/uploads\/2020\/09\/shure-55sh-ii-e1601485394796.jpg 415w, http:\/\/kommentatorenblog.de\/wp-content\/uploads\/2020\/09\/shure-55sh-ii-e1601485394796-142x300.jpg 142w\" sizes=\"auto, (max-width: 10px) 100vw, 10px\" \/> Lukas Sch\u00f6nm\u00fcller, Experte: Sebastian Knei\u00dfl<\/p>\n\n\n\n<p>Moderation (Nitro): Laura Wontorra, Experte: Roman Weidenfeller<\/p>\n\n\n\n<p><span style=\"text-decoration: underline;\">ab 20.55 Uhr (DAZN)<\/span><\/p>\n\n\n\n<p><em><strong>Benfica Lissabon \u2013 FC Arsenal (21.00 Uhr)<\/strong><\/em><\/p>\n\n\n\n<p class=\"has-normal-font-size\"><img loading=\"lazy\" decoding=\"async\" width=\"10\" height=\"21\" class=\"wp-image-3656\" style=\"width: 10px;\" src=\"http:\/\/kommentatorenblog.de\/wp-content\/uploads\/2020\/09\/shure-55sh-ii-e1601485394796.jpg\" alt=\"\" srcset=\"http:\/\/kommentatorenblog.de\/wp-content\/uploads\/2020\/09\/shure-55sh-ii-e1601485394796.jpg 415w, http:\/\/kommentatorenblog.de\/wp-content\/uploads\/2020\/09\/shure-55sh-ii-e1601485394796-142x300.jpg 142w\" sizes=\"auto, (max-width: 10px) 100vw, 10px\" \/> Freddy Harder<\/p>\n\n\n\n<p><em><strong>RB Salzburg \u2013 FC Villarreal (21.00 Uhr)<\/strong><\/em><\/p>\n\n\n\n<p class=\"has-normal-font-size\"><img loading=\"lazy\" decoding=\"async\" width=\"10\" height=\"21\" class=\"wp-image-3656\" style=\"width: 10px;\" src=\"http:\/\/kommentatorenblog.de\/wp-content\/uploads\/2020\/09\/shure-55sh-ii-e1601485394796.jpg\" alt=\"\" srcset=\"http:\/\/kommentatorenblog.de\/wp-content\/uploads\/2020\/09\/shure-55sh-ii-e1601485394796.jpg 415w, http:\/\/kommentatorenblog.de\/wp-content\/uploads\/2020\/09\/shure-55sh-ii-e1601485394796-142x300.jpg 142w\" sizes=\"auto, (max-width: 10px) 100vw, 10px\" \/> Max Gross<\/p>\n\n\n\n<p><em><strong>FC Granada \u2013 SSC Neapel (21.00 Uhr)<\/strong><\/em><\/p>\n\n\n\n<p class=\"has-normal-font-size\"><img loading=\"lazy\" decoding=\"async\" width=\"10\" height=\"21\" class=\"wp-image-3656\" style=\"width: 10px;\" src=\"http:\/\/kommentatorenblog.de\/wp-content\/uploads\/2020\/09\/shure-55sh-ii-e1601485394796.jpg\" alt=\"\" srcset=\"http:\/\/kommentatorenblog.de\/wp-content\/uploads\/2020\/09\/shure-55sh-ii-e1601485394796.jpg 415w, http:\/\/kommentatorenblog.de\/wp-content\/uploads\/2020\/09\/shure-55sh-ii-e1601485394796-142x300.jpg 142w\" sizes=\"auto, (max-width: 10px) 100vw, 10px\" \/> Mario Rieker<\/p>\n\n\n\n<hr class=\"wp-block-separator\"\/>\n\n\n\n<p><strong>3. Liga, Nachholspiel 19. Spieltag (Magenta Sport)<\/strong><\/p>\n\n\n\n<p><span style=\"text-decoration: underline;\">Mittwoch, 17. Februar 2021, ab 18.45 Uhr<\/span><\/p>\n\n\n\n<p>19. Spieltag: <strong><em>1.FC Saarbr\u00fccken \u2013 FSV Zwickau (19.00 Uhr)<\/em><\/strong><\/p>\n\n\n\n<p class=\"has-normal-font-size\"><img loading=\"lazy\" decoding=\"async\" width=\"10\" height=\"21\" class=\"wp-image-3656\" style=\"width: 10px;\" src=\"http:\/\/kommentatorenblog.de\/wp-content\/uploads\/2020\/09\/shure-55sh-ii-e1601485394796.jpg\" alt=\"\" srcset=\"http:\/\/kommentatorenblog.de\/wp-content\/uploads\/2020\/09\/shure-55sh-ii-e1601485394796.jpg 415w, http:\/\/kommentatorenblog.de\/wp-content\/uploads\/2020\/09\/shure-55sh-ii-e1601485394796-142x300.jpg 142w\" sizes=\"auto, (max-width: 10px) 100vw, 10px\" \/> Christian Stra\u00dfburger<\/p>\n\n\n\n<p>Moderation: Stefan Fuckert<\/p>\n\n\n\n<hr class=\"wp-block-separator\"\/>\n\n\n\n<p><strong>Premier League, Nachholspiele (Sky)<\/strong><\/p>\n\n\n\n<p><span style=\"text-decoration: underline;\">Mittwoch, 17. Februar 2021, ab 18.50 Uhr<\/span><\/p>\n\n\n\n<p>17. Spieltag: <strong><em>FC Burnley \u2013 FC Fulham (19.00 Uhr)<\/em><\/strong><\/p>\n\n\n\n<p class=\"has-normal-font-size\"><img loading=\"lazy\" decoding=\"async\" width=\"10\" height=\"21\" class=\"wp-image-3656\" style=\"width: 10px;\" src=\"http:\/\/kommentatorenblog.de\/wp-content\/uploads\/2020\/09\/shure-55sh-ii-e1601485394796.jpg\" alt=\"\" srcset=\"http:\/\/kommentatorenblog.de\/wp-content\/uploads\/2020\/09\/shure-55sh-ii-e1601485394796.jpg 415w, http:\/\/kommentatorenblog.de\/wp-content\/uploads\/2020\/09\/shure-55sh-ii-e1601485394796-142x300.jpg 142w\" sizes=\"auto, (max-width: 10px) 100vw, 10px\" \/> Hannes Herrmann<\/p>\n\n\n\n<p><span style=\"text-decoration: underline;\">ab 21.05 Uhr<\/span><\/p>\n\n\n\n<p>16. Spieltag: <strong><em>FC Everton \u2013 Manchester City (21.15 Uhr)<\/em><\/strong><\/p>\n\n\n\n<p class=\"has-normal-font-size\"><img loading=\"lazy\" decoding=\"async\" width=\"10\" height=\"21\" class=\"wp-image-3656\" style=\"width: 10px;\" src=\"http:\/\/kommentatorenblog.de\/wp-content\/uploads\/2020\/09\/shure-55sh-ii-e1601485394796.jpg\" alt=\"\" srcset=\"http:\/\/kommentatorenblog.de\/wp-content\/uploads\/2020\/09\/shure-55sh-ii-e1601485394796.jpg 415w, http:\/\/kommentatorenblog.de\/wp-content\/uploads\/2020\/09\/shure-55sh-ii-e1601485394796-142x300.jpg 142w\" sizes=\"auto, (max-width: 10px) 100vw, 10px\" \/> Roland Evers<\/p>\n\n\n\n<hr class=\"wp-block-separator\"\/>\n\n\n\n<p><strong>LaLiga, Nachholspiel (DAZN)<\/strong><\/p>\n\n\n\n<p><span style=\"text-decoration: underline;\">Mittwoch, 17. Februar 2021<\/span><\/p>\n\n\n\n<p>2. Spieltag: <strong><em>UD Levante \u2013 Atletico Madrid (19.00 Uhr)<\/em><\/strong><\/p>\n\n\n\n<p class=\"has-normal-font-size\"><img loading=\"lazy\" decoding=\"async\" width=\"10\" height=\"21\" class=\"wp-image-3656\" style=\"width: 10px;\" src=\"http:\/\/kommentatorenblog.de\/wp-content\/uploads\/2020\/09\/shure-55sh-ii-e1601485394796.jpg\" alt=\"\" srcset=\"http:\/\/kommentatorenblog.de\/wp-content\/uploads\/2020\/09\/shure-55sh-ii-e1601485394796.jpg 415w, http:\/\/kommentatorenblog.de\/wp-content\/uploads\/2020\/09\/shure-55sh-ii-e1601485394796-142x300.jpg 142w\" sizes=\"auto, (max-width: 10px) 100vw, 10px\" \/> David Ploch<\/p>\n\n\n\n<hr class=\"wp-block-separator\"\/>\n\n\n\n<p><strong>Internationaler Fu\u00dfball (Sportdigital FUSSBALL)<\/strong><\/p>\n\n\n\n<p><span style=\"text-decoration: underline;\">Mittwoch, 17. Februar 2021<\/span><\/p>\n\n\n\n<p>Sky Bet Championship, 30. Spieltag: <strong><em>AFC Bournemouth \u2013 Rotherham United (21.15 Uhr)<\/em><\/strong><\/p>\n\n\n\n<p class=\"has-normal-font-size\"><img loading=\"lazy\" decoding=\"async\" width=\"10\" height=\"21\" class=\"wp-image-3656\" style=\"width: 10px;\" src=\"http:\/\/kommentatorenblog.de\/wp-content\/uploads\/2020\/09\/shure-55sh-ii-e1601485394796.jpg\" alt=\"\" srcset=\"http:\/\/kommentatorenblog.de\/wp-content\/uploads\/2020\/09\/shure-55sh-ii-e1601485394796.jpg 415w, http:\/\/kommentatorenblog.de\/wp-content\/uploads\/2020\/09\/shure-55sh-ii-e1601485394796-142x300.jpg 142w\" sizes=\"auto, (max-width: 10px) 100vw, 10px\" \/> Karsten Linke<\/p>\n\n\n\n<hr class=\"wp-block-separator\"\/>\n\n\n\n<p><strong>Die Analyse<\/strong><\/p>\n\n\n\n<p><strong>Tom Bayer in der K.o.-Runde mit dabei<\/strong><\/p>\n\n\n\n<p>Vorneweg: Der Kommentar kommt bei allen Spielen aus der Box &#8211; beide Sender &#8222;leisten&#8220; sich aber einen Field-Reporter in Budapest.<\/p>\n\n\n\n<p>\u00dcberraschungen beim Personal gibt es weder bei Sky noch bei DAZN. Zwar ist Tom Bayer im Sky-Aufgebot mit an Bord, obwohl er in der Champions-League-Gruppenphase nicht zu h\u00f6ren war. Allerdings war das in den vergangenen Jahren auch schon so. In dieser Rechteperiode wird er schlichtweg in geringerem Umfang eingebunden. Aber alles step by step. Zun\u00e4chst steht am Dienstag Leipzig gegen Liverpool an. F\u00fcr DAZN, das ab 20.30 Uhr \u00fcbertr\u00e4gt, \u00fcbernehmen Marco Hagemann und Sandro Wagner. Alex Schl\u00fcter gibt den Moderator. Sebastian Benesch ist als Field-Reporter vor Ort. Sky zeigt das Duell nur in der Konferenz &#8211; eine Sache f\u00fcr Wolff Fuss. Nach dem Spiel geht Patrick Wasserziehr auf Stimmenfang. Tom Bayer macht das Spiel im Re-Live. Parallel zur Partie der Leipziger messen sich Barca und PSG, hier hat Sky die Hoheit. Kai Dittmann kommentiert das Einzelspiel, Martin Gro\u00df meldet sich aus der Konferenz. Und die Franz\u00f6sin Margot Dumont  hier steht auch wieder via Skype f\u00fcr Einsch\u00e4tzungen zur Verf\u00fcgung. Flo Hauser kommentiert die Wiederholung f\u00fcr DAZN.<\/p>\n\n\n\n<p>Beim Aufeinandertreffen von Sevilla und Dortmund am Mittwoch haben Uli Hebel und Sebastian Knei\u00dfl f\u00fcr DAZN das Geschehen im Blick. Tobi Wahnschaffe wird moderieren &#8211; der Vorbericht beginnt, wie schon am Vortag, eine halbe Stunde vor dem Anpfiff. W\u00e4hrend der Internet-Streamingdienst in gewohnter Manier beim Personal rotiert, sind f\u00fcr Sky Martin Gro\u00df und Wolff Fuss zum zweiten Mal im Einsatz. Letzterer ist im Konferenz-Kanal zu h\u00f6ren und k\u00fcmmert sich um die BVB-Partie. Martin Gro\u00df wiederum berichtet parallel im Einzelspiel von Porto gegen Juve. Auch der oben bereits erw\u00e4hnte Tom Bayer schaut sich dieses Spiel an und sorgt dort f\u00fcr die Berichte zwischendurch. Im Re-Live \u00fcbernimmt Toni Tomic das Dortmund-Spiel. Im Sky-Studio in M\u00fcnchen ist neben den \u00fcblichen Verd\u00e4chtigen auch Benedikt H\u00f6wedes. Am Dienstag ist es, passend zum Duell von RB, Ralf Rangnick. Und der Vollst\u00e4ndigkeit halber: Nico Seep macht das Re-Live Porto-Juve ab 0.00 Uhr auf DAZN. <\/p>\n\n\n\n<p><strong>Hoffenheim-Hinspiel bei Nitro \/ Wie immer Nachholspiele<\/strong><\/p>\n\n\n\n<p>Werfen wir einen Blick auf die Europa League, bei der ja neben DAZN auch noch Nitro ein W\u00f6rtchen mitzureden hat. Im Hinspiel f\u00e4llt die Wahl des Privatsenders (mutma\u00dflich bedingt durch die Ansto\u00dfzeit) auf den Aufgalopp der Hoffenheimer bei Molde, der coronabedingt in Spanien ausgetragen wird. Das hei\u00dft auch: DAZN zeigt die Partie zwischen den Young Boys Bern und Bayer Leverkusen exklusiv. Am 25. Februar wird Nitro dann das R\u00fcckspiel der Leverkusener in der Bay-Arena zeigen. In der Gruppenphase verlief die Aufteilung ja auch gerecht, drei Mal Hoffenheim, drei Mal Leverkusen. Das Hinspiel der Werkself in Bern l\u00e4uft jedenfalls morgen um 18.55 Uhr. F\u00fcr DAZN kommentiert Jan Platte, sein Experte ist Ralph Gunesch. Zur sp\u00e4teren Ansto\u00dfzeit messen sich dann Molde und Hoffenheim. Nitro ist mit dem gewohnten Aufgebot im Einsatz, Marco Hagemann und Steffen Freund melden sich vom Mikrofon, Laura Wontorra leitet ab 20.15 Uhr mit Roman Weidenfeller als Experte durch die Sendung.<\/p>\n\n\n\n<p>Neben den deutschen Partien \u00fcbertr\u00e4gt DAZN immerhin noch acht der 14 weiteren Spiele in der Europa-League-Zwischenrunde. Bei zwei Begegnungen gibt es zudem Experten. Das ist unter anderem bei Real Sociedad gegen Manchester United der Fall. Uwe Morawe und Benny Lauth haben das Geschehen im Blick. Wenn der Wolfsberger AC die Spurs empf\u00e4ngt, bekommt Flo Hauser Unterst\u00fctzung von Max Nicu. Wenig \u00fcberraschend begleitet Carsten Fu\u00df den AC Mailand, der bei Roter Stern Belgrad ran muss. Sporting Braga gegen die AS Roma ist eine Sache f\u00fcr Marcel Seufert. Tino Polster kommentiert Pir\u00e4us gegen Eindhoven. Das wohl prominenteste Aufeinandertreffen zwischen Benfica und Arsenal bekommt Freddy Harder. Max Gross k\u00fcmmert sich wie so oft um RB Salzburg, das Villarreal empf\u00e4ngt. Mario Rieker hat Granada gegen Neapel auf dem Schirm. Lille gegen Ajax, das meiner Meinung nach auch einen Kommentar verdient h\u00e4tte, bleibt offenbar ohne deutsche Ansetzung. Die GoalZone \u00fcbernehmen wie immer Jan L\u00fcdeke und Christoph Stadtler.<\/p>\n\n\n\n<p><strong>Nachholspiele nicht vergessen<\/strong><\/p>\n\n\n\n<p>Wie eigentlich immer in Corona-Zeiten stehen auch in dieser Woche einige Nachholspiele an. Angefangen in Liga drei: Saarbr\u00fccken will in der Tabelle mit der Spitzengruppe Schritt halten und empf\u00e4ngt Zwickau. Christian Stra\u00dfburger verleiht dem Match f\u00fcr Magenta Sport seine Stimme. In der Premier League stehen am Mittwoch gleich zwei Spiele auf dem Programm. F\u00fcr Fulham ist es zun\u00e4chst eines von vielen Endspielen um den Klassenerhalt beim mehr oder weniger direkten Konkurrenten Burnley. Hannes Herrmann ist Kommentator. Parallel zum Champions-League-Spiel der Dortmunder hat Sky mit Everton gegen Man City eine Alternative zu bieten, Roland Evers darf ran. Auch in LaLiga wird gespielt. David Ploch freut sich auf Atl\u00e9tico bei Levante. Die Elf von Diego Simeone kann ihren Acht-Punkte-Vorsprung bei dann immer noch einem Spiel weniger wiederherstellen. Zu guter Letzt hat Sportdigital FUSSBALL das Kr\u00e4ftemessen von Bournemouth und Rotherham auf dem Zettel. Karsten Linke ist mit von der Partie.<\/p>\n\n\n\n<p>In diesem Sinne Euch eine sch\u00f6ne Woche!<\/p>\n","protected":false},"excerpt":{"rendered":"<p>N\u00b4Abend allerseits, das Warten auf die K\u00f6nigsklasse hat ein Ende. Diese Woche stehen die ersten Achtelfinals an. Aus deutscher Sicht l\u00e4uft das Turnier bis dato nat\u00fcrlich sehr erfreulich. Alle vier Mannschaften sind noch im Wettbewerb, f\u00fcr die einen d\u00fcrfte es im Achtelfinale jetzt aber schon hart werden. Da denke ich insbesondere an Gladbach. Die Fohlen [&hellip;]<\/p>\n","protected":false},"author":2,"featured_media":0,"comment_status":"open","ping_status":"open","sticky":false,"template":"","format":"standard","meta":{"footnotes":""},"categories":[425],"tags":[10,49,337,166,131,160,35,171,165,13,42,132,295,104,123,48,93,59,122,44,9,276,43,411,243,95,283,438,94,23,493,108,45,269,268,350,189,222,22,81,134,151,168,252,85,105,149,107],"class_list":["post-6841","post","type-post","status-publish","format-standard","hentry","category-champions-league-und-co","tag-3-liga","tag-alex-schlueter","tag-benedikt-hoewedes","tag-benny-lauth","tag-carsten-fuss","tag-champions-league","tag-christian-strassburger","tag-christoph-stadtler","tag-david-ploch","tag-dazn","tag-europa-league","tag-flo-hauser","tag-freddy-harder","tag-hannes-herrmann","tag-jan-luedeke","tag-jan-platte","tag-kai-dittmann","tag-karsten-linke","tag-laliga","tag-laura-wontorra","tag-magenta-sport","tag-marcel-seufert","tag-marco-hagemann","tag-margot-dumont","tag-mario-rieker","tag-martin-gross","tag-max-gross","tag-max-nicu","tag-patrick-wasserziehr","tag-premier-league","tag-ralf-rangnick","tag-ralph-gunesch","tag-roland-evers","tag-roman-weidenfeller","tag-rtl-nitro","tag-sandro-wagner","tag-sebastian-benesch","tag-sebastian-kneissl","tag-sky","tag-sky-bet-championship","tag-sportdigital-fussball","tag-steffen-freund","tag-tino-polster","tag-tobi-wahnschaffe","tag-tom-bayer","tag-uli-hebel","tag-uwe-morawe","tag-wolff-fuss"],"_links":{"self":[{"href":"http:\/\/kommentatorenblog.de\/index.php?rest_route=\/wp\/v2\/posts\/6841","targetHints":{"allow":["GET"]}}],"collection":[{"href":"http:\/\/kommentatorenblog.de\/index.php?rest_route=\/wp\/v2\/posts"}],"about":[{"href":"http:\/\/kommentatorenblog.de\/index.php?rest_route=\/wp\/v2\/types\/post"}],"author":[{"embeddable":true,"href":"http:\/\/kommentatorenblog.de\/index.php?rest_route=\/wp\/v2\/users\/2"}],"replies":[{"embeddable":true,"href":"http:\/\/kommentatorenblog.de\/index.php?rest_route=%2Fwp%2Fv2%2Fcomments&post=6841"}],"version-history":[{"count":38,"href":"http:\/\/kommentatorenblog.de\/index.php?rest_route=\/wp\/v2\/posts\/6841\/revisions"}],"predecessor-version":[{"id":6951,"href":"http:\/\/kommentatorenblog.de\/index.php?rest_route=\/wp\/v2\/posts\/6841\/revisions\/6951"}],"wp:attachment":[{"href":"http:\/\/kommentatorenblog.de\/index.php?rest_route=%2Fwp%2Fv2%2Fmedia&parent=6841"}],"wp:term":[{"taxonomy":"category","embeddable":true,"href":"http:\/\/kommentatorenblog.de\/index.php?rest_route=%2Fwp%2Fv2%2Fcategories&post=6841"},{"taxonomy":"post_tag","embeddable":true,"href":"http:\/\/kommentatorenblog.de\/index.php?rest_route=%2Fwp%2Fv2%2Ftags&post=6841"}],"curies":[{"name":"wp","href":"https:\/\/api.w.org\/{rel}","templated":true}]}}