{"id":70,"date":"2019-07-25T20:16:14","date_gmt":"2019-07-25T20:16:14","guid":{"rendered":"http:\/\/kommentatorenblog.de\/?p=70"},"modified":"2020-12-30T16:08:31","modified_gmt":"2020-12-30T16:08:31","slug":"1002-alles-der-reihe-nach","status":"publish","type":"post","link":"http:\/\/kommentatorenblog.de\/?p=70","title":{"rendered":"1002 \u2013 Alles der Reihe nach&#8230;"},"content":{"rendered":"\n<p>Morgen beginnt die Zweitligasaison und somit startet Sky wieder in die regelm\u00e4\u00dfige Fu\u00dfballberichterstattung ein, nachdem in den letzten Wochen bereits auf Sky Sport News HD und SkySport diverse Vorbereitungsturniere und Testpiele \u00fcbertragen wurden. Die Premier League &#8211; Asia Trophy begleiteten letzte Woche beispielsweise Marcel Meinert, Sven Schr\u00f6ter und Toni Tomic. Letzterer wird wohl auch&nbsp;in dieser Saison viele Premier League &#8211; Partien kommentieren. <\/p>\n\n\n\n<p>In der 2. Bundesliga setzt Sky erstmals auf eine Konferenz im \u201eredZone\u201c &#8211; Style. Mario Nauen, Fu\u00dfballchef bei Sky Deutschland, verweist auf die Erfahrungen, welche die hauseigene Handballredaktion und der Mitbewerber DAZN bereits mit diesem Format gemacht haben. Pauckenschlag f\u00fcr viele Zuschauer \u2013 absehbare Entwicklung aus meiner Sicht. Die Einf\u00fchrung der \u201eredZone\u201c &#8211; Konferenz in Liga2 spart alleine pro Wochenende neun \u201eKommentatorenschichten\u201c. Finanzielle Hochrechnungen auf die Saison darf jeder selbst anlegen. <\/p>\n\n\n\n<p>Im Zusammenhang mit diesem Format wird immer wieder von \u201emehr Dynamik\u201c gesprochen. Dies ist eher eine schleierhafte Begr\u00fcndung f\u00fcr die Kostenersparnis als ein \u00fcberzeugendes Argument.&nbsp;Wahrscheinlich muss jetzt f\u00fcr immer auf die sonnt\u00e4glichen Torschreie von Dahlmann, Pfandt &amp; Co verzichtet werden \u2013 zumindest in der 2. Bundesliga. Gleichzeitig erkl\u00e4rt diese \u00c4nderung, wieso Sky kein neues Personal f\u00fcr die \u00dcbertragungen der Premier League eingestellt hat. Einige Kommentatoren werden wohl auf den englischen Fu\u00dfball ausweichen. Viele werden fast keine Spiele mehr kommentieren. Wer in den n\u00e4chsten Wochen in seiner Rolle als Kommentator nicht mehr zum Zug kommt, werden wir hier genau herausarbeiten.  <\/p>\n\n\n\n<p>In der letzten Saison wurde bereits zunehmend auf die Unterst\u00fctzung von Experten im Zweitligastudio gebaut. Diese Idee wird in der kommenden Saison ausgeweitet. Zusammen mit dem jeweiligen Moderator werden sich die Experten auch in die Konferenz einbringen. Die beiden Ex-Spieler Torsten Mattuschka und Roberto Hilbert werden hier regelm\u00e4\u00dfig zur Verf\u00fcgung stehen. Kontinuit\u00e4t finden wir an der Stelle der Moderatoren. Stefan Hempel (Freitag), Peter Hardenacke (Samstag), Hartmut von Kameke (Sonntag) und Yannick Erkenbrecher (Montag) f\u00fchren wie bereits im Vorjahr durch die Sendungen. Weiterhin kommt die Zweitligaberichterstattung aus einem neuen, virtuellen Studio &#8211; Stichwort: Greenscreen.&nbsp;Moderator Peter Hardenacke hat via Instagram bereits gezeigt, wie das neue Studio aussieht. Mein erster Eindruck: Gew\u00f6hnungsbed\u00fcrftig!<\/p>\n\n\n\n<figure class=\"wp-block-image\"><img loading=\"lazy\" decoding=\"async\" width=\"576\" height=\"1024\" src=\"http:\/\/kommentatorenblog.de\/wp-content\/uploads\/2019\/07\/IMG_1076-576x1024.png\" alt=\"\" class=\"wp-image-72\" srcset=\"http:\/\/kommentatorenblog.de\/wp-content\/uploads\/2019\/07\/IMG_1076-576x1024.png 576w, http:\/\/kommentatorenblog.de\/wp-content\/uploads\/2019\/07\/IMG_1076-169x300.png 169w, http:\/\/kommentatorenblog.de\/wp-content\/uploads\/2019\/07\/IMG_1076.png 750w\" sizes=\"auto, (max-width: 576px) 100vw, 576px\" \/><figcaption>Peter Hardenacke im neuen Zweitligastudio bei Sky. Quelle: Instagram <\/figcaption><\/figure>\n\n\n\n<p>In Hinblick auf die Fu\u00dfballberichterstattung im deutschen Fernsehen kommt es mit der Einf\u00fchrung von sogenannten Remote-Interviews ebenfalls zu einer Neuerung in der 2.Bundesliga. Bei 3 Spielen pro Woche kann Sky Spieler, Trainer, Funktion\u00e4re etc. interviewen, indem den Personen im Stadion Kopfh\u00f6rer aufgesetzt werden. Diese Art von Interviews kennt der erfahrene Sky-Kunde bereits aus der Tennis-Berichterstattung, insbesondere bei den Masters1000 \u2013 Turnieren in Asien oder Amerika. Der&nbsp;Reporter des jeweiligen&nbsp;Spiels kann aus der Kommentatorenbox via Headset Kontakt mit dem Spieler vorort aufnehmen. Bei weiteren vier Spielen ist ein Interviewer live im Stadion. Ausschlie\u00dflich beim Topspiel am Montag wird ein Kommentator live im Stadion sein &#8211; ern\u00fcchternder Fakt f\u00fcr viele Leser dieses Blogs. Ausnahme dieses Wochenende: Toni Tomic er\u00f6ffnet den Spieltag morgen live aus Stuttgart. Letztes Jahr setze Sky noch bei 3 Partien pro Spieltag auf einen Kommentator aus dem Stadion. <\/p>\n\n\n\n<p>Weniger Ver\u00e4nderungen wird es bei den Sky-\u00dcbertragungen in der 1.Bundesliga geben. Konferenz und Live-Kommentar aus dem Stadion scheinen unantastbar. Einzig offen bleibt die Besetzung der Expertenstellen. Calmund ist wohl &#8222;gegangen worden&#8220; und Metzelder hat sich dem weniger arbeitsintensiven&nbsp;Programm der ARD angeschlossen.&nbsp;Lothar Matth\u00e4us ist weiterhin mit am Bord. Hamann hat nach&nbsp;bekannten Vorfall mit seiner Lebensgef\u00e4hrtin im Australien-Urlaub wohl seit einigen Tagen seinen Reisepass wieder zur\u00fcck und w\u00e4re zum Bundesligastart wieder verf\u00fcgbar. F\u00fcr Dezember ist allerdings der Prozess in Australien gegen den Sky-Experten angesetzt. Es stellt sich sowieso die Frage, ob so jemand generell noch tragbar ist. Eure Meinungen dazu gerne in die Kommentare. Kuntz, Scholl,&nbsp;Fj\u00f6rtoft sind nur einige Namen, die in den letzten Monaten hier genannt wurden. Au\u00dferdem zeichnet sich eine R\u00fcckkehr von Ex-HSV-Boss Heribert Bruchhagen an. Wann Sky seine Ideen f\u00fcr die Erstliga\u00fcbertragungen bekanntgibt, bleibt offen. Sp\u00e4testens in gut drei Wochen wissen wir mehr. <\/p>\n\n\n\n<p>DAZN ergattert die Bundesligarechte von Eurosport. Zus\u00e4tzlich werden die beiden Sender Eurosport1 und Eurosport2 zuk\u00fcnftig auch auf der Plattform angeboten. Diese Meldung l\u00e4sst mich auch Tage sp\u00e4ter noch nicht kalt. Das Eurosport sein Bundesligapaket inklusive Supercup und den Relegationsspielen an DAZN verkauft, weil es sich f\u00fcr die Discovery-Tochter schlichtweg nicht gelohnt hat, st\u00f6\u00dft bei mir auf Verst\u00e4ndnis. Die Frage, wieso man in St\u00fcck weit seine Eigenst\u00e4ndigkeit in Bezug auf sportliche Live\u00fcbertragungen aufgibt, erschlie\u00dft sich mir nicht wirklich. Eurosport \u00fcberl\u00e4sst Mitbewerber DAZN quasi unter anderem die Tour de France, die Vierschanzentournee und die Olympischen Sommerspiele in Tokio. Irgendwas werden sich die Verantwortlichen von Eurosport wohl dabei gedacht haben. Das Konzept &#8222;Eurosport Player&#8220; ist zum Scheitern verurteilt. Die Vertragsinhalte und die Kosten des Deals f\u00fcr DAZN w\u00fcrden wahrscheinlich jeden Leser hier interessieren. <\/p>\n\n\n\n<p><strong>Der Blog<\/strong><\/p>\n\n\n\n<p>In naher Zukunft wird der Blog weiter in bew\u00e4hrter Form existieren. Aufbau und Farbgestaltung der Website wird sich Schritt f\u00fcr Schritt noch ver\u00e4ndern. Wir versuchen auch mehr auf Social Media, insbesondere auf <a href=\"https:\/\/twitter.com\/komm_blog?lang=de\">Twitter<\/a>, aktiv zu sein. Dar\u00fcber hinaus hoffen wir zur abwechslungsreichen Gestaltung der Seite auf das ein oder andere Interview. Wer ihr Ideen, W\u00fcnsche, Anregungen hat, kann uns in den Kommentaren, per E-Mail oder via Twitter erreichen. Neben mir und Dennis, haben wir mit Erik einen neuen, dritten Mann f\u00fcr uns gewinnen k\u00f6nnen, der bald seinen ersten Eintrag verfassen wird. Symbolisch fangen wir auch wieder bei Eintrag 1000 an, weil wir die Marke ja schon \u00fcberschritten hatten. Aber: Alles der Reihe nach&#8230;<\/p>\n\n\n\n<p><strong><em>Hier die Ansetzungen des Wochenendes!<\/em><\/strong><\/p>\n\n\n\n<p><strong>2. Bundesliga<\/strong><\/p>\n\n\n\n<p><span style=\"text-decoration: underline;\">Freitag, 26.07, ab 20.00 Uhr <\/span><\/p>\n\n\n\n<p><strong><em>VfB Stuttgart &#8211; Hannover 96<\/em><\/strong> <strong><em>(20.30 Uhr)<\/em><\/strong><\/p>\n\n\n\n<p>Sky: Toni Tomic (Kommentar), Florian Bauer (Field-Reporter), Stefan Hempel (Moderation)<\/p>\n\n\n\n<p><span style=\"text-decoration: underline;\">Samstag, 27.07, ab 12.45 Uhr<\/span><\/p>\n\n\n\n<p><strong><em>Dynamo Dresden<\/em><\/strong> <strong><em>&#8211; 1.FC N\u00fcrnberg (13.00 Uhr)<\/em><\/strong><\/p>\n\n\n\n<p>Sky: Hansi K\u00fcpper (Kommentar), Marcus J\u00fcrgensen (Field-Reporter)<\/p>\n\n\n\n<p><span style=\"text-decoration: underline;\">ab 14.55 Uhr<\/span><\/p>\n\n\n\n<p><strong><em>Holstein Kiel &#8211; SV Sandhausen (15.30 Uhr)<\/em><\/strong><\/p>\n\n\n\n<p>Sky: J\u00f6rg Dahlmann (Kommentar)<\/p>\n\n\n\n<p><strong><em>VfL Osnabr\u00fcck &#8211; 1.FC Heidenheim (15.<font style=\"background-color: rgb(255, 255, 255);\">3<\/font>0 Uhr)<\/em><\/strong><\/p>\n\n\n\n<p>Sky: Klaus Veltmann (Kommentar)<\/p>\n\n\n\n<p>Moderation (Sky): Peter Hardenacke<\/p>\n\n\n\n<p><span style=\"text-decoration: underline;\">Sonntag, 28.07, ab 13.15 Uhr<\/span><\/p>\n\n\n\n<p><strong><em>Hamburger SV &#8211; Darmstadt 98 (13.30 Uhr)<\/em><\/strong><\/p>\n\n\n\n<p>Sky: Jonas Friedrich (Kommentar), Jurek Rohrberg (Field-Reporter)<\/p>\n\n\n\n<p><span style=\"text-decoration: underline;\">ab 15.25 Uhr<\/span><\/p>\n\n\n\n<p><strong><em>SSV Jahn Regensburg &#8211; VfL Bochum (15.30 Uhr)<\/em><\/strong><\/p>\n\n\n\n<p>Sky:&nbsp;Ulli Potofski&nbsp;(Kommentar)<\/p>\n\n\n\n<p><strong><em>SpVgg Greuther F\u00fcrth &#8211; FC Erzgebirge Aue (15.30 Uhr)<\/em><\/strong><\/p>\n\n\n\n<p>Sky: J\u00fcrgen Schmitz (Kommentar)<\/p>\n\n\n\n<p><strong><em>SV Wehen Wiesbaden &#8211; Karlsruher SC (15.30 Uhr)<\/em><\/strong><\/p>\n\n\n\n<p>Sky: J\u00f6rg Dahlmann (Kommentar)<\/p>\n\n\n\n<p>Moderation (Sky): Hartmut von Kameke <\/p>\n\n\n\n<p><span style=\"text-decoration: underline;\">Montag, 29.07, ab 20.00 Uhr <\/span><\/p>\n\n\n\n<p><strong><em>DSC Arminia Bielefeld &#8211; FC St. Pauli (20.30 Uhr)<\/em><\/strong><\/p>\n\n\n\n<p>Sky: Hansi K\u00fcpper (Kommentar), Christian Akber-Sade (Field-Reporter), Yannick Erkenbrecher (Moderation)<\/p>\n\n\n\n<p><strong>3. Liga<\/strong><\/p>\n\n\n\n<p><span style=\"text-decoration: underline;\">Freitag, 26.07, ab 18.30 Uhr <\/span><\/p>\n\n\n\n<p><strong><em>FC Bayern M\u00fcnchen II &#8211; KFC Uerdingen (19.00 Uhr)<\/em><\/strong><\/p>\n\n\n\n<p>Magenta Sport: Franz B\u00fcchner (Kommentar), Sascha Bandermann (Moderation), Experte: Martin Lanig<\/p>\n\n\n\n<p><span style=\"text-decoration: underline;\">Samstag, 27.06, ab 13.45 Uhr<\/span><\/p>\n\n\n\n<p><em><strong>Konferenz<\/strong><\/em><\/p>\n\n\n\n<p>Magenta Sport: Sascha Bandermann <\/p>\n\n\n\n<p><strong><em>FC Ingolstadt &#8211; MSV Duisburg (14.00 Uhr)<\/em><\/strong><\/p>\n\n\n\n<p>Magenta Sport: Franz B\u00fcchner (Kommentar), Benni Zander (Moderation)<\/p>\n\n\n\n<p><strong><em>Sonnenhof Gro\u00dfaspach &#8211; 1.FC Kaiserslautern (14.00 Uhr) <\/em><\/strong><\/p>\n\n\n\n<p>Magenta Sport: Martin Piller (Kommentar), Cedric Pick (Moderation) <\/p>\n\n\n\n<p><strong><em>SpVgg Unterhaching &#8211; W\u00fcrzburger Kickers (14.00 Uhr)<\/em><\/strong><\/p>\n\n\n\n<p>Magenta Sport: Oskar Heirler (Kommentar), Alexander Klich (Moderation) <\/p>\n\n\n\n<p><strong><em>Hallescher FC &#8211; Hansa Rostock (14.00 Uhr) <\/em><\/strong><\/p>\n\n\n\n<p>Magenta Sport: Lenny Leonhardt (Kommentar), Stefanie Blochwitz (Moderation) <\/p>\n\n\n\n<p><strong><em>Waldhof Mannheim &#8211; SV Meppen (14.00 Uhr)<\/em><\/strong><\/p>\n\n\n\n<p>Magenta Sport: Alex Kunz (Kommentar), Konstantin Klostermann (Moderation)<\/p>\n\n\n\n<p><strong><em>Eintracht Braunschweig &#8211; TSV 1860 M\u00fcnchen (14.00 Uhr) <\/em><\/strong><\/p>\n\n\n\n<p>Magenta Sport: Gari Pauband (Kommentar), Thomas Wagner (Moderation) <\/p>\n\n\n\n<p>NDR: ???<\/p>\n\n\n\n<p>BR: ???<\/p>\n\n\n\n<p><strong><em>SC Preu\u00dfen M\u00fcnster &#8211; Carl Zeiss Jena (14.00 Uhr) <\/em><\/strong><\/p>\n\n\n\n<p>Magenta Sport: Stefan Fuckert (Kommentar), Kamilla Benschop (Moderation) <\/p>\n\n\n\n<p>WDR: ???<\/p>\n\n\n\n<p>MDR: Bodo Boeck (Kommentar), Tom Scheunemann (Moderation)<\/p>\n\n\n\n<p><span style=\"text-decoration: underline;\">Sonntag, 28.07, ab 12.45 Uhr <\/span><\/p>\n\n\n\n<p><strong><em>Viktoria K\u00f6ln &#8211; Chemnitzer FC (13.00 Uhr) <\/em><\/strong><\/p>\n\n\n\n<p>Magenta Sport: Gari Paubandt (Kommentar), Thomas Wagner (Moderation)<\/p>\n\n\n\n<p><span style=\"text-decoration: underline;\">ab 13.45 Uhr <\/span><\/p>\n\n\n\n<p><strong><em>FSV Zwickau &#8211; 1.FC Magdeburg (14.00 Uhr)<\/em><\/strong><\/p>\n\n\n\n<p>Magenta Sport: Benni Zander (Kommentar), Annett Sattler (Moderation)<\/p>\n\n\n\n<p><\/p>\n\n\n\n<p><strong>Die Analyse <\/strong><\/p>\n\n\n\n<p>Toni Tomic er\u00f6ffnet also die Saison aus Stuttgart live aus dem Stadion. Interviews liefert SSN- Mann Florian Bauer. Das Montagsspiel, welches in Zukunft das einzige sein wird, wo der Kommentator live vorort ist, \u00fcbernimmt Hansi K\u00fcpper. Samstag und Sonntag finden sich die \u00fcblichen, erfahrenen Leute wieder: Veltmann, Potofski, Friedrich, Schmitz, zweimal Dahlmann und K\u00fcpper. Konferenzabonnenten wie beispielsweise Gaupp oder Schr\u00f6ter fehlen. Die Luft k\u00f6nnte f\u00fcr viele Kommentatoren bekanntlich eng werden. Die M\u00f6glichkeit von den neuen Remote-Interviews hat Sky dieses Wochenende &#8222;laut Plan&#8220; nur in Kiel.  <\/p>\n\n\n\n<p>In Liga 3 scheinen sich dich Arbeitszeiten von Bandermann zu manifestieren. Die Partie am Freitagabend und die Konferenz am Samstag. Thomas Wagner und Gari Paubandt gibts am Wochenende nur im Doppelpack. Zwei Schichten bekommen auch Zander und B\u00fcchner. Viele Fragezeichen daf\u00fcr beim Personal der \u00d6ffentlich-Rechtlichen.<\/p>\n\n\n\n<p>Spannendes Fu\u00dfballwochenende!<\/p>\n","protected":false},"excerpt":{"rendered":"<p>Morgen beginnt die Zweitligasaison und somit startet Sky wieder in die regelm\u00e4\u00dfige Fu\u00dfballberichterstattung ein, nachdem in den letzten Wochen bereits auf Sky Sport News HD und SkySport diverse Vorbereitungsturniere und Testpiele \u00fcbertragen wurden. Die Premier League &#8211; Asia Trophy begleiteten letzte Woche beispielsweise Marcel Meinert, Sven Schr\u00f6ter und Toni Tomic. Letzterer wird wohl auch&nbsp;in dieser [&hellip;]<\/p>\n","protected":false},"author":3,"featured_media":0,"comment_status":"open","ping_status":"open","sticky":false,"template":"","format":"standard","meta":{"footnotes":""},"categories":[429],"tags":[20,10,21,13,30,14,32,25,26,31,9,29,23,12,22,28,27,33,24],"class_list":["post-70","post","type-post","status-publish","format-standard","hentry","category-diverses","tag-2-bundesliga","tag-3-liga","tag-benni-zander","tag-dazn","tag-didi-hamann","tag-eurosport","tag-gari-paubandt","tag-hansi-kuepper","tag-joerg-dahlmann","tag-lothar-matthaeus","tag-magenta-sport","tag-peter-hardenacke","tag-premier-league","tag-sascha-bandermann","tag-sky","tag-stefan-hempel","tag-sven-schroeter","tag-thomas-wagner","tag-toni-tomic"],"_links":{"self":[{"href":"http:\/\/kommentatorenblog.de\/index.php?rest_route=\/wp\/v2\/posts\/70","targetHints":{"allow":["GET"]}}],"collection":[{"href":"http:\/\/kommentatorenblog.de\/index.php?rest_route=\/wp\/v2\/posts"}],"about":[{"href":"http:\/\/kommentatorenblog.de\/index.php?rest_route=\/wp\/v2\/types\/post"}],"author":[{"embeddable":true,"href":"http:\/\/kommentatorenblog.de\/index.php?rest_route=\/wp\/v2\/users\/3"}],"replies":[{"embeddable":true,"href":"http:\/\/kommentatorenblog.de\/index.php?rest_route=%2Fwp%2Fv2%2Fcomments&post=70"}],"version-history":[{"count":16,"href":"http:\/\/kommentatorenblog.de\/index.php?rest_route=\/wp\/v2\/posts\/70\/revisions"}],"predecessor-version":[{"id":88,"href":"http:\/\/kommentatorenblog.de\/index.php?rest_route=\/wp\/v2\/posts\/70\/revisions\/88"}],"wp:attachment":[{"href":"http:\/\/kommentatorenblog.de\/index.php?rest_route=%2Fwp%2Fv2%2Fmedia&parent=70"}],"wp:term":[{"taxonomy":"category","embeddable":true,"href":"http:\/\/kommentatorenblog.de\/index.php?rest_route=%2Fwp%2Fv2%2Fcategories&post=70"},{"taxonomy":"post_tag","embeddable":true,"href":"http:\/\/kommentatorenblog.de\/index.php?rest_route=%2Fwp%2Fv2%2Ftags&post=70"}],"curies":[{"name":"wp","href":"https:\/\/api.w.org\/{rel}","templated":true}]}}