{"id":7206,"date":"2016-08-25T18:40:00","date_gmt":"2016-08-25T17:40:00","guid":{"rendered":"http:\/\/kommentatorenblog.de\/?p=7206"},"modified":"2021-03-02T18:48:41","modified_gmt":"2021-03-02T17:48:41","slug":"784-willkommen-im-personalabteil","status":"publish","type":"post","link":"http:\/\/kommentatorenblog.de\/?p=7206","title":{"rendered":"784 &#8211; Willkommen im Personalabteil!"},"content":{"rendered":"\n<p>(Beitrag von Dennis &#8211; reposted von Nico)<\/p>\n\n\n\n<p>N\u2019Abend allerseits!<\/p>\n\n\n\n<p>Herzlich Willkommen im Personalabteil von Deutschlands Bundesliga Sender Nummer 1: Sky. Es sind in letzter Zeit doch einige Details \u00fcber die kommende Saison und sogar \u00fcber diese hinaus ans Licht gekommen. Diese fassen wir mit diesem Beitrag zusammen.<\/p>\n\n\n\n<p>In einem Exklusiv Interview von Quotenmeter.de best\u00e4tigte Live Sportchef von Sky so einiges. So zum Beispiel wurde bekannt, dass es in der kommenden Saison bei den Europa-League \u00dcbertragungen keine Doppelmoderation mehr geben wird. Sky hat sich von Patrick Owomoyela getrennt. Bedeutet: Britta Hofmann wird zuk\u00fcnftig alleine durch die Sendung f\u00fchren. Der Freitag hat ab der kommenden Saison im Oberhaus ein festes Team: So wird&nbsp;<strong>Michael Leopold&nbsp;<\/strong>zuk\u00fcnftig immer am Freitag zu sehen sein. Mit&nbsp;<strong>Diddi Hamann&nbsp;<\/strong>wird ihm auch sogleich ein f\u00fcr Freitag fest angesetzter Experte zur Seite gestellt. Au\u00dferdem wird Sky am Freitag bereits um 19.30 Uhr mit der \u00dcbertragung beginnen. So sollen sich Leopold und Hamann zum Sendestart erst aus dem Sky-Truck melden, ehe sie sich nach und nach dem Spielfeld n\u00e4hern. Klingt interessant. Weber hat auch noch verk\u00fcndet, dass es Drei Stammkommentatoren f\u00fcr den Freitag geben wird. Diese sind:&nbsp;<strong>Marcus Lindemann, Martin Gro\u00df und Jonas Friedrich.<\/strong>&nbsp;Was haltet ihr davon? Bei den Field-Reportern wird am Freitag munter zwischen&nbsp;<strong>Peter Hardenacke, Jan Henkel und Patrick Wasserziehr&nbsp;<\/strong>hin und her gewechselt.<\/p>\n\n\n\n<p>Beim Topspiel am Samstagabend gibt es indes keine \u00dcberraschungen. So erz\u00e4hlte Weber, dass sich&nbsp;<strong>Wolff Fuss und Kai Dittmann<\/strong>&nbsp;k\u00fcnftig die Partien unter sich&nbsp;aufteilen werden. Einen \u201eErsatz\u201c f\u00fcr Marcel Reif gibt es also nicht und es bleibt dieses Jahr ausnahmsweise bei Zwei Topspielkommentatoren. Laut Weber wird es jedoch die M\u00f6glichkeit geben, alle Drei Experten am Samstagabend neben den jeweiligen Kommentator zu h\u00f6ren. Bedeutet, wenn ein Wolff Fuss w\u00e4hrend des Spiels mit Christoph Metzelder, Heribert Bruchhagen und Lothar Matth\u00e4us diskutieren muss, wird man sich unter Umst\u00e4nden kaum noch auf das Spiel konzentrieren k\u00f6nnen. Dies waren die Sachen, die aus dem Interview bez\u00fcglich des Personals hervorgingen. Das ganze Interview mit einigen Infos lest ihr&nbsp;<a href=\"https:\/\/web.archive.org\/web\/20160901170921\/http:\/\/www.quotenmeter.de\/n\/87552\/burkhard-weber-haben-dinge-im-kopf-die-es-in-deutschland-noch-nicht-gegeben-hat\">Hier!<\/a><\/p>\n\n\n\n<p>Wir schleichen uns in den n\u00e4chsten Raum des Personalabteils: Kurz vor Auftakt der Bundesliga-Saison 2016\/17 verst\u00e4rkt Sky sein Expertenteam. Physiotherapeut&nbsp;<strong>Oliver Schmidtlein<\/strong>, der unter anderem f\u00fcr den FC Bayern M\u00fcnchen und die deutsche Fu\u00dfball-Nationalmannschaft t\u00e4tig war, wird die neu geschaffene Rolle als Sky Physio-Experte einnehmen. In dieser Funktion wird er sowohl im Rahmen der Bundesliga als auch der UEFA Champions League im Einsatz sein und seine Erfahrungen im Leistungssport mit den Zuschauern teilen. Seine ersten beiden Eins\u00e4tze absolviert der 51-J\u00e4hrige bereits am ersten Bundesliga-Spieltag: Am Freitagabend ist er bei Moderator Michael Leopold zu Gast in der Allianz Arena, am Samstagnachmittag tritt er im Signal-Iduna-Park an der Seite von Moderatorin Jessica Kastrop auf. Was meint ihr: Ist das von N\u00f6ten?<\/p>\n\n\n\n<p>N\u00e4chster Raum, n\u00e4chste Personalie:&nbsp;<strong>Rolf \u201eRollo\u201c Fuhrmann<\/strong>&nbsp;hat das Ende seiner Laufbahn erkl\u00e4rt. Nach der kommenden Saison h\u00e4ngt Rollo sein Mikro an den Nagel. Der 67 J\u00e4hrige sagt dem Abendblatt, dass er diesen Beruf bereits seit 25 Jahren mache. Irgendwann, so Fuhrmann, sei es auch mal gut. Und nicht nur er tritt ab: auch&nbsp;<strong>Fritz von Thurn und Taxis&nbsp;<\/strong>hat die kommende Saison als seine letzte Spielzeit angek\u00fcndigt! So erz\u00e4hlte er dem tz: \u201eEs war immer mein Ziel, den richtigen Moment zu erwischen. Den Punkt zu treffen, wo es noch ein bisserl wehtut, und an dem noch ein paar Leute sagen: Schade, dass er geht. Und ich glaube, diesen Punkt habe ich erwischt\u201c. Allerdings erleichtert er unserem Blog das Herausfinden des DFB-Pokal-Finalkommentators. Das wird n\u00e4mlich er sein! Wo er an diesem Wochenende mitsamt des 1. Spieltags der Bundesliga zu h\u00f6ren sein wird, erfahrt ihr jetzt.<\/p>\n\n\n\n<p><em><strong>Die Ansetzungen vom 26.08.2016 \u2013 29.08.2016<\/strong><\/em><\/p>\n\n\n\n<p><em><strong>Bundesliga, 1. Spieltag<\/strong><\/em><\/p>\n\n\n\n<p>Freitag, 26.08.2016 ab 19.30 Uhr (Sky) bzw. 20.15 Uhr (ARD)<\/p>\n\n\n\n<p><em><strong>FC Bayern M\u00fcnchen \u2013 SV Werder Bremen (20.30 Uhr)<\/strong><\/em><\/p>\n\n\n\n<ul class=\"wp-block-list\"><li>Sky: Marcus Lindemann<\/li><li>ARD: Steffen Simon<\/li><\/ul>\n\n\n\n<p>Moderation (Sky): Michael Leopold; Experte: Dietmar Hamann<\/p>\n\n\n\n<p>Moderation (ARD): Gerhard Delling; Experte: Mehmet Scholl<\/p>\n\n\n\n<p>Samstag, 27.08.2016 ab 14.00 Uhr (Sky)<\/p>\n\n\n\n<p><em><strong>Borussia Dortmund \u2013 1. FSV Mainz 05 (15.30 Uhr)<\/strong><\/em><\/p>\n\n\n\n<ul class=\"wp-block-list\"><li>Sky: Kai Dittmann (Einzelspiel), Oliver Seidler (Konferenz)<\/li><\/ul>\n\n\n\n<p><em><strong>Eintracht Frankfurt \u2013 FC Schalke 04 (15.30 Uhr)<\/strong><\/em><\/p>\n\n\n\n<ul class=\"wp-block-list\"><li>Sky: Klaus Veltman (Einzelspiel), Michael Born (Konferenz)<\/li><\/ul>\n\n\n\n<p><em><strong>Hamburger SV \u2013 FC Ingolstadt (15.30 Uhr)<\/strong><\/em><\/p>\n\n\n\n<ul class=\"wp-block-list\"><li>Sky: Torsten Kunde (Einzelspiel), Jonas Friedrich (Konferenz)<\/li><\/ul>\n\n\n\n<p><em><strong>1. FC K\u00f6ln \u2013 SV Darmstadt 98 (15.30 Uhr)<\/strong><\/em><\/p>\n\n\n\n<ul class=\"wp-block-list\"><li>Sky: Martin Gro\u00df (Einzelspiel), Roland Evers (Konferenz)<\/li><\/ul>\n\n\n\n<p><em><strong>FC Augsburg \u2013 VFL Wolfsburg (15.30 Uhr)<\/strong><\/em><\/p>\n\n\n\n<ul class=\"wp-block-list\"><li>Sky: Markus Gaupp (Einzelspiel), Marc Hindelang (Konferenz)<\/li><\/ul>\n\n\n\n<p>Moderation (Sky): Jessica Kastrop; Experte: ???<\/p>\n\n\n\n<p>Ab 17.30 Uhr (Sky)<\/p>\n\n\n\n<p><em><strong>Borussia M\u00f6nchengladbach \u2013 Bayer 04 Leverkusen (18.30 Uhr)<\/strong><\/em><\/p>\n\n\n\n<ul class=\"wp-block-list\"><li>Sky: Wolff Fuss; 3D: Marcel Meinert<\/li><\/ul>\n\n\n\n<p>Moderation (Sky): Sebastian Hellmann; Experten: Heribert Bruchhagen, Lothar Matth\u00e4us und Christoph Metzelder<\/p>\n\n\n\n<p>Sonntag, 28.08.2016 ab 15.00 Uhr (Sky)<\/p>\n\n\n\n<p><em><strong>Hertha BSC \u2013 SC Freiburg (15.30 Uhr)<\/strong><\/em><\/p>\n\n\n\n<ul class=\"wp-block-list\"><li>Sky: Oliver Seidler<\/li><\/ul>\n\n\n\n<p>Moderation (Sky): Thomas Wagner<\/p>\n\n\n\n<p>Ab 17.00 Uhr (Sky)<\/p>\n\n\n\n<p><em><strong>TSG 1899 Hoffenheim \u2013 RB Leipzig (17.30 Uhr)<\/strong><\/em><\/p>\n\n\n\n<ul class=\"wp-block-list\"><li>Sky: Fritz von Thurn und Taxis<\/li><\/ul>\n\n\n\n<p>Moderation (Sky): Jan Henkel<\/p>\n\n\n\n<hr class=\"wp-block-separator\"\/>\n\n\n\n<p><em><strong>2. Bundesliga, 3. Spieltag<\/strong><\/em><\/p>\n\n\n\n<p>Freitag, 26.08.2016 ab 18.00 Uhr (Sky)<\/p>\n\n\n\n<p><em><strong>VFL Bochum \u2013 Hannover 96 (18.30 Uhr)<\/strong><\/em><\/p>\n\n\n\n<ul class=\"wp-block-list\"><li>Sky: Thomas Wagner (Einzelspiel), Toni Tomic (Konferenz)<\/li><\/ul>\n\n\n\n<p><em><strong>SV Sandhausen \u2013 VFB Stuttgart (18.30 Uhr)<\/strong><\/em><\/p>\n\n\n\n<ul class=\"wp-block-list\"><li>Sky: Ulli Potofski (Einzelspiel), Michael Born (Konferenz)<\/li><\/ul>\n\n\n\n<p><em><strong>1. FC Heidenheim \u2013 W\u00fcrzburger Kickers (18.30 Uhr)<\/strong><\/em><\/p>\n\n\n\n<ul class=\"wp-block-list\"><li>Sky:&nbsp;Christina Graf (Einzelspiel), Andreas Renner (Konferenz)<\/li><\/ul>\n\n\n\n<p>Moderation (Sky): Jens Westen<\/p>\n\n\n\n<p>Samstag, 27.08.2016 ab 12.30 Uhr (Sky)<\/p>\n\n\n\n<p><em><strong>Karlsruher SC \u2013 TSV 1860 M\u00fcnchen (13.00 Uhr)<\/strong><\/em><\/p>\n\n\n\n<ul class=\"wp-block-list\"><li>Sky: Sven Haist (Einzelspiel), Holger Pfandt (Konferenz)<\/li><\/ul>\n\n\n\n<p><em><strong>SpVgg Greuther F\u00fcrth \u2013 Erzgebirge Aue (13.00 Uhr)<\/strong><\/em><\/p>\n\n\n\n<ul class=\"wp-block-list\"><li>Sky: J\u00fcrgen Schmitz (Einzelspiel), Andreas Renner (Konferenz)<\/li><\/ul>\n\n\n\n<p>Moderation (Sky): Peter Hardenacke<\/p>\n\n\n\n<p>Sonntag, 28.08.2016 ab 13.00 Uhr (Sky)<\/p>\n\n\n\n<p><em><strong>Dynamo Dresden \u2013 FC St. Pauli (13.30 Uhr)<\/strong><\/em><\/p>\n\n\n\n<ul class=\"wp-block-list\"><li>Sky: Jonas Friedrich (Einzelspiel), Holger Pfandt (Konferenz)<\/li><\/ul>\n\n\n\n<p><em><strong>Eintracht Braunschweig \u2013 1. FC N\u00fcrnberg (13.30 Uhr)<\/strong><\/em><\/p>\n\n\n\n<ul class=\"wp-block-list\"><li>Sky: Heiko Mallwitz (Einzelspiel), Marc Hindelang (Konferenz)<\/li><\/ul>\n\n\n\n<p><em><strong>Arminia Bielefeld \u2013 1. FC Union Berlin (13.30 Uhr)<\/strong><\/em><\/p>\n\n\n\n<ul class=\"wp-block-list\"><li>Sky: Marcus Lindemann (Einzelspiel), Sven Schr\u00f6ter (Konferenz)<\/li><\/ul>\n\n\n\n<p>Moderation (Sky): Yannick Erkenbrecher<\/p>\n\n\n\n<p>Montag, 29.08.2016 ab 20.00 Uhr (Sky) bzw. 19.45 Uhr (Sport1)<\/p>\n\n\n\n<p><em><strong>1. FC Kaiserslautern \u2013 Fortuna D\u00fcsseldorf (20.15 Uhr)<\/strong><\/em><\/p>\n\n\n\n<ul class=\"wp-block-list\"><li>Sky: Klaus Veltman<\/li><li>Sport1: ???<\/li><\/ul>\n\n\n\n<p>Moderation (Sky): Esther Sedlaczek<\/p>\n\n\n\n<p>Moderation (Sport1): Laura Wontorra<\/p>\n\n\n\n<hr class=\"wp-block-separator\"\/>\n\n\n\n<p><em><strong>Sonstiger Fu\u00dfball National<\/strong><\/em><\/p>\n\n\n\n<p>Samstag, 27.08.2016<\/p>\n\n\n\n<p>3. Liga, 5. Spieltag:&nbsp;<em><strong>Hansa Rostock \u2013 FSV Frankfurt (14.00 Uhr)<\/strong><\/em><\/p>\n\n\n\n<ul class=\"wp-block-list\"><li>NDR: Andreas K\u00e4ckell<\/li><\/ul>\n\n\n\n<p>3. Liga, 5. Spieltag:&nbsp;<em><strong>Chemnitzer FC \u2013 Sportfreunde Lotte (14.00 Uhr)<\/strong><\/em><\/p>\n\n\n\n<ul class=\"wp-block-list\"><li>MDR: Torsten P\u00fcschel (Konferenz mit Regionalliga)<\/li><\/ul>\n\n\n\n<p>Regionalliga Nordost, 5. Spieltag:&nbsp;<em><strong>SV Babelsberg \u2013 1. FC Lok Leipzig (14.00 Uhr)<\/strong><\/em><\/p>\n\n\n\n<ul class=\"wp-block-list\"><li>MDR: Markus Herwig (Konferenz mit 3. Liga)<\/li><li>rbb: Christian Dexne<\/li><\/ul>\n\n\n\n<p>Moderation (NDR): ???<\/p>\n\n\n\n<p>Moderation (MDR): Tom Scheunemann<\/p>\n\n\n\n<p>Moderation (rbb): Dietmar Teige<\/p>\n\n\n\n<p>Sonntag, 28.08.2016<\/p>\n\n\n\n<p>Regionalliga Bayern, 8. Spieltag:&nbsp;<em><strong>TSV 1860 M\u00fcnchen II \u2013 FC Bayern M\u00fcnchen II (15.00 Uhr)<\/strong><\/em><\/p>\n\n\n\n<ul class=\"wp-block-list\"><li>Sport1: ???<\/li><\/ul>\n\n\n\n<hr class=\"wp-block-separator\"\/>\n\n\n\n<p><em><strong>Fu\u00dfball International<\/strong><\/em><\/p>\n\n\n\n<p>Freitag, 26.08.2016<\/p>\n\n\n\n<p>Ligue 1, 3. Spieltag:&nbsp;<em><strong>Olympique Marseille \u2013 FC Lorient (20.45 Uhr)<\/strong><\/em><\/p>\n\n\n\n<ul class=\"wp-block-list\"><li>Sport1+: ???<\/li><\/ul>\n\n\n\n<p>Sky Bet Championship, 5. Spieltag:&nbsp;<em><strong>Burton Albion \u2013 Derby County (20.45 Uhr)<\/strong><\/em><\/p>\n\n\n\n<ul class=\"wp-block-list\"><li>sportdigital: J\u00f6rg Steiger<\/li><\/ul>\n\n\n\n<p>Samstag, 27.08.2016<\/p>\n\n\n\n<p>J. League, 27. Spieltag:&nbsp;<em><strong>Kawasaki Frontale \u2013 Kashiwa Reysol (12.00 Uhr)<\/strong><\/em><\/p>\n\n\n\n<ul class=\"wp-block-list\"><li>sportdigital: Karsten Linke<\/li><\/ul>\n\n\n\n<p>Premjer Liga, 5. Spieltag:&nbsp;<em><strong>Tom Tomsk \u2013 ZSKA Moskau (14.30 Uhr)<\/strong><\/em><\/p>\n\n\n\n<ul class=\"wp-block-list\"><li>sportdigital: J\u00f6rg Steiger<\/li><\/ul>\n\n\n\n<p>Ligue 1, 3. Spieltag:&nbsp;<em><strong>Dijon FCO \u2013 Olympique Lyon (17.00 Uhr)<\/strong><\/em><\/p>\n\n\n\n<ul class=\"wp-block-list\"><li>Sport1+: ???<\/li><\/ul>\n\n\n\n<p>Premjer Liga, 5. Spieltag:&nbsp;<em><strong>Zenit St. Petersburg \u2013 Amkar Perm (17.00 Uhr)<\/strong><\/em><\/p>\n\n\n\n<ul class=\"wp-block-list\"><li>sportdigital: Englischer Live-Kommentar<\/li><\/ul>\n\n\n\n<p>Sky Bet Championship, 5. Spieltag:&nbsp;<em><strong>Newcastle United \u2013 Brighton and Hove Albion (18.30 Uhr)<\/strong><\/em><\/p>\n\n\n\n<ul class=\"wp-block-list\"><li>sportdigital: Christian Blunck<\/li><\/ul>\n\n\n\n<p>Liga NOS, 3. Spieltag:&nbsp;<em><strong>GD Estoril \u2013 Sporting Braga (19.15 Uhr)<\/strong><\/em><\/p>\n\n\n\n<ul class=\"wp-block-list\"><li>sportdigital: Portugiesicher Live-Kommentar<\/li><\/ul>\n\n\n\n<p>Eredevisie, 4. Spieltag:&nbsp;<em><strong>Feyenoord Rotterdam \u2013 Excelsior Rotterdam (19.45 Uhr)<\/strong><\/em><\/p>\n\n\n\n<ul class=\"wp-block-list\"><li>sportdigital: Englischer Live-Kommentar<\/li><\/ul>\n\n\n\n<p>Liga NOS, 3. Spieltag:&nbsp;<em><strong>Nacional Funchal \u2013&nbsp;Benfica Lissabon (21.30 Uhr)<\/strong><\/em><\/p>\n\n\n\n<ul class=\"wp-block-list\"><li>sportdigital: Hannes Hermann<\/li><\/ul>\n\n\n\n<p>Sonntag, 28.08.2016<\/p>\n\n\n\n<p>Major League Soccer, 25. Spieltag:&nbsp;<em><strong>Philadelphia Union \u2013 Sporting Kansas City (01.00 Uhr)<\/strong><\/em><\/p>\n\n\n\n<ul class=\"wp-block-list\"><li>Eurosport2: ???<\/li><\/ul>\n\n\n\n<p>Eredevisie, 4. Spieltag:&nbsp;<em><strong>PSV Eindhoven \u2013 FC Groningen (12.30 Uhr)<\/strong><\/em><\/p>\n\n\n\n<ul class=\"wp-block-list\"><li>sportdigital: G\u00fcnter-Peter Ploog<\/li><\/ul>\n\n\n\n<p>Jupiler Pro League, 5. Spieltag:&nbsp;<em><strong>FC Br\u00fcgge \u2013 Standard L\u00fcttich (14.30 Uhr)<\/strong><\/em><\/p>\n\n\n\n<ul class=\"wp-block-list\"><li>Sport1+: ???<\/li><\/ul>\n\n\n\n<p>Eredivisie, 4. Spieltag:&nbsp;<em><strong>Go Ahead Eagles \u2013 Ajax Amsterdam (14.30 Uhr)<\/strong><\/em><\/p>\n\n\n\n<ul class=\"wp-block-list\"><li>sportdigital: ???<\/li><\/ul>\n\n\n\n<p>Ligue 1, 3. Spieltag:&nbsp;<em><strong>AS Saint-Etienne \u2013 FC Toulouse (17.00 Uhr)<\/strong><\/em><\/p>\n\n\n\n<ul class=\"wp-block-list\"><li>Sport1+: ???<\/li><\/ul>\n\n\n\n<p>Liga NOS, 3. Spieltag:&nbsp;<em><strong>Sporting Lissabon \u2013 FC Porto (19.15 Uhr)<\/strong><\/em><\/p>\n\n\n\n<ul class=\"wp-block-list\"><li>sportdigital: Karsten Linke<\/li><\/ul>\n\n\n\n<p>Serie A, 2. Spieltag:&nbsp;<em><strong>Cagliari Calcio \u2013 AS Rom (20.45 Uhr)<\/strong><\/em><\/p>\n\n\n\n<ul class=\"wp-block-list\"><li>Sport1+: ???<\/li><\/ul>\n\n\n\n<p>Major League Soccer, 25. Spieltag:&nbsp;<em><strong>New York Red Bulls \u2013 New England Revolution (20.45 Uhr)<\/strong><\/em><\/p>\n\n\n\n<ul class=\"wp-block-list\"><li>Eurosport1: ???<\/li><\/ul>\n\n\n\n<p>Major League Soccer, 25. Spieltag:&nbsp;<em><strong>Portland Timbers \u2013 Seattle Sounders (22.45 Uhr)<\/strong><\/em><\/p>\n\n\n\n<ul class=\"wp-block-list\"><li>Eurosport1: ???<\/li><\/ul>\n\n\n\n<p>Primera Division (Argentinien), 1. Spieltag:&nbsp;<em><strong>CA River Plate \u2013 CA Banfield (23.00 Uhr)<\/strong><\/em><\/p>\n\n\n\n<ul class=\"wp-block-list\"><li>sportdigital: Christian Blunck<\/li><\/ul>\n\n\n\n<hr class=\"wp-block-separator\"\/>\n\n\n\n<p><em>Die<\/em><em>&nbsp;aufgef\u00fchrten Ansetzungen gew\u00e4hren keine Vollst\u00e4ndigkeit. Die Autoren des Kommentatorenblogs behalten es sich vor, \u00dcbertragungen zu ignorieren. Grunds\u00e4tzlich nicht aufgef\u00fchrt werden Streams bzw. Ansetzungen ausl\u00e4ndischer Sender.<\/em><\/p>\n\n\n\n<hr class=\"wp-block-separator\"\/>\n\n\n\n<p><em><strong>Die Analyse<\/strong><\/em><\/p>\n\n\n\n<p>Da die&nbsp;Posten des Moderators und des Experten f\u00fcr den Freitagabend ja fest im Sattel sitzen, stellt sich nur noch die Frage, welcher der Drei Kommentatoren das Spiel kommentieren wird. Und beim Er\u00f6ffnungsspiel wird es in dem Fall Marcus Lindemann sein! Auch die ARD ist beim Saisonstart dabei. Gerhard Delling und Mehmett Scholl melden sich gemeinsam mit Steffen Simon aus der Allianz Arena.<\/p>\n\n\n\n<p>Am Samstag meldet sich Kai Dittmann aus Dortmund, was bedeutet, dass Wolff Fuss beim Topspiel zugegen ist. Veltmann passt nach Frankfurt, bekommt da sogar den \u201eneuen\u201c FC Schalke zu Gesicht. Die restlichen Einzelansetzungen lesen sich relativ unspektakul\u00e4r. Wobei: ich meine das dies der erste Einsatz von Markus Gaupp bei einem Einzelspiel am Samstag ist, wo nicht am Saisonende stattfindet. Nach dem Montagsspiel in der 2. Liga in der letzten Woche somit vielleicht sogar die n\u00e4chste Bef\u00f6rderung? Konferenz klingt meiner Meinung nach Stark. Die Nordlichter Seidler und Born, Jonas Friedrich, Workaholic Marc Hindelang und Roland Evers werden die Sache schon schaukeln. Kennt Evers eigentlich noch sowas wie einen Rasen? Es kommt mir so vor, als w\u00e4re er in letzter Zeit fast ausschlie\u00dflich aus der Box zu h\u00f6ren.<\/p>\n\n\n\n<p>Am Sonntag rei\u00dft Oliver Seidler aus M\u00fcnchen wieder gen Norden und macht in Berlin einen Zwischenhalt. Und das Deb\u00fctspiel von RB Leipzig kommentiert: Fritz von Thurn und Taxis! Das hat mich irgendwie leicht \u00fcberrascht. Denn, sind wir mal ehrlich, Hoffenheim gegen Leipzig klingt nicht nach einem Thurn und Taxis Spiel.<\/p>\n\n\n\n<p>Blick ins Unterhaus. Der unerm\u00fcdliche Thomas Wagner meldet sich an diesem Spieltag wieder doppelt. Als Kommentator am Freitag beim Spiel des VFL Bochum gegen Hannover 96 hat er sogar ein ziemlich hochklassiges Spiel zugeteilt bekommen. Und am Sonntag meldet er sich als Moderator aus Berlin. \u00dcber mangelnde Arbeit kann er sich im Moment wirklich nicht beschweren. Bei meinem VFB werde ich nach dem DFB Pokal schon wieder mit Ulli Potofski begl\u00fcckt. Am Samstag ist J\u00fcrgen Schmitz in F\u00fcrth zu h\u00f6ren. Auch das ist irgendwie ungew\u00f6hnlich. Am Sonntag meldet sich Workaholic Pfandt zusammen mit Workaholic Hindelang und Sven Schr\u00f6ter aus der Box. Was auff\u00e4llt: Kein Einzelspiel f\u00fcr Pfandt. Ob er sich das bei seinem Wechsel zur\u00fcck zu Sky vor gut einem Jahr so vorgestellt hat? Ich wage es zu bezweifeln. W\u00e4hrend Jonas Friedrich am Sonntag von M\u00fcnchen nach Dresden d\u00fcst, bequemt sich Heiko Mallwitz aus dem Osten nach Braunschweig. Dort war er ja auch in der letzen Saison das ein oder andere Mal. Trotzdem will ich diese Ansetzung nicht so ganz verstehen. Marcus Lindemann darf nach dem Saisoner\u00f6ffnungsspiel am Sonntag noch 2. Liga kommentieren. Auch Klaus Veltman bekommt am Montag seinen Zweiten Einzelspieleinsatz. Sport1 schweigt.<\/p>\n\n\n\n<p>Der MDR hat sich f\u00fcr dieses Wochenende etwas einfallen lassen. Eine Konferenz bestehend aus einem Spiel der 3. Liga und einem aus der Regionalliga Ost! Letzteres Spiel \u00fcbertr\u00e4gt rbb in voller L\u00e4nge. Beim NDR meldet sich aus Rostock Andreas K\u00e4ckell. Sonst ist er wohl eher f\u00fcr Interviews zust\u00e4ndig.<\/p>\n\n\n\n<p>Zum Internationalen Fu\u00dfball l\u00e4sst sich nicht viel sagen. Sport1 und Eurosport wieder mit Arbeitsverweigerung, was die Ansetzungen betrifft. Auff\u00e4llig ist: trotz DAZN gibt es am diesem Wochenende ziemlich viel Live-Fu\u00dfball bei sportdigital.<\/p>\n\n\n\n<p>Somit w\u00fcnsche ich euch ein sch\u00f6nes Wochenende und einen spannenden Ersten Spieltag!<\/p>\n","protected":false},"excerpt":{"rendered":"<p>(Beitrag von Dennis &#8211; reposted von Nico) N\u2019Abend allerseits! Herzlich Willkommen im Personalabteil von Deutschlands Bundesliga Sender Nummer 1: Sky. Es sind in letzter Zeit doch einige Details \u00fcber die kommende Saison und sogar \u00fcber diese hinaus ans Licht gekommen. Diese fassen wir mit diesem Beitrag zusammen. In einem Exklusiv Interview von Quotenmeter.de best\u00e4tigte Live [&hellip;]<\/p>\n","protected":false},"author":4,"featured_media":0,"comment_status":"open","ping_status":"open","sticky":false,"template":"","format":"standard","meta":{"footnotes":""},"categories":[424],"tags":[],"class_list":["post-7206","post","type-post","status-publish","format-standard","hentry","category-bundesliga-und-co"],"_links":{"self":[{"href":"http:\/\/kommentatorenblog.de\/index.php?rest_route=\/wp\/v2\/posts\/7206","targetHints":{"allow":["GET"]}}],"collection":[{"href":"http:\/\/kommentatorenblog.de\/index.php?rest_route=\/wp\/v2\/posts"}],"about":[{"href":"http:\/\/kommentatorenblog.de\/index.php?rest_route=\/wp\/v2\/types\/post"}],"author":[{"embeddable":true,"href":"http:\/\/kommentatorenblog.de\/index.php?rest_route=\/wp\/v2\/users\/4"}],"replies":[{"embeddable":true,"href":"http:\/\/kommentatorenblog.de\/index.php?rest_route=%2Fwp%2Fv2%2Fcomments&post=7206"}],"version-history":[{"count":2,"href":"http:\/\/kommentatorenblog.de\/index.php?rest_route=\/wp\/v2\/posts\/7206\/revisions"}],"predecessor-version":[{"id":7208,"href":"http:\/\/kommentatorenblog.de\/index.php?rest_route=\/wp\/v2\/posts\/7206\/revisions\/7208"}],"wp:attachment":[{"href":"http:\/\/kommentatorenblog.de\/index.php?rest_route=%2Fwp%2Fv2%2Fmedia&parent=7206"}],"wp:term":[{"taxonomy":"category","embeddable":true,"href":"http:\/\/kommentatorenblog.de\/index.php?rest_route=%2Fwp%2Fv2%2Fcategories&post=7206"},{"taxonomy":"post_tag","embeddable":true,"href":"http:\/\/kommentatorenblog.de\/index.php?rest_route=%2Fwp%2Fv2%2Ftags&post=7206"}],"curies":[{"name":"wp","href":"https:\/\/api.w.org\/{rel}","templated":true}]}}