{"id":7231,"date":"2008-09-29T19:22:00","date_gmt":"2008-09-29T18:22:00","guid":{"rendered":"http:\/\/kommentatorenblog.de\/?p=7231"},"modified":"2021-03-02T19:25:53","modified_gmt":"2021-03-02T18:25:53","slug":"kommentatoren-blog-19-europa-die-zweite","status":"publish","type":"post","link":"http:\/\/kommentatorenblog.de\/?p=7231","title":{"rendered":"[kommentatoren.blog #19] &#8211; Europa die Zweite"},"content":{"rendered":"\n<p>(Beitrag von Frederik Voss, reposted von Nico)<\/p>\n\n\n\n<p>Hallo!<\/p>\n\n\n\n<p>N\u00e4hhhh, wat wa&#8216; dat &#8217;n geiler Spieltag an letzten Wochenende, wach?! Ich darf noch mal kurz zusammenfassen:<\/p>\n\n\n\n<ol class=\"wp-block-list\"><li>Der Tabellenf\u00fchrer Schalke 04 wird von K\u00f6ln mit 1:0 gest\u00fcrzt.<\/li><li>Der Rekordmeister Bayern M\u00fcnchen verliert mit 1:0 in Hannover &#8211; Uli Hoene\u00df nimmt erneut die Farbe seiner Jacke an&nbsp; &#8211; gro\u00dfe Kritik an der klinsmannschen Rotation.<\/li><li>Werder Bremen gewinnt mit&nbsp;<strong>5:4<\/strong>&nbsp;gegen 1899 Hoffenheim &#8211; beide Teams zeigen unglaublichen Offenisvfu\u00dfball &#8211; das beste Spiel der Saison.<\/li><li>Cottbus gewinnt mal wieder das Derby gegen die momentan starken Herthaner.<\/li><li>Selbst der VfL Wolfsburg verliert mal wieder.<\/li><\/ol>\n\n\n\n<p>Ansonsten wurden dieses Wochenende mal wieder ordentlich Ger\u00fcchte gestreut. Das der Vertrag zwischen der DFL und Sirius platzen w\u00fcrde, war ja schon l\u00e4nger klar. Jetzt gab es auf ein mal den Vorschlag am Sonntag drei Partien hintereinander stattfinden zu lassen. Das ganze stie\u00df (wie so oft) auf geteilte Meinungen. Vor allen Dingen gab es gro\u00dfe Kritik daran, dass durch diese Umstrukturierung die 2. Liga am Sonntag (wohlgemerkt dessen Hauptspieltag) v\u00f6llig untergehen w\u00fcrde.<br>Heute wurde das Ganze dann angeblich schon wieder revidiert. Ich denke, dass wir auf noch mehr von diesen Ger\u00fcchten treffen werden. Endg\u00fcltige Klarheit gibt es dann aber wohl auch erst im Dezember, denn bis dahin soll die Rechtevergabe ja angeblich vollendet sein.<\/p>\n\n\n\n<p>Wie die \u00dcberschrift schon sagt, geht es diese Woche mit der Champions League und dem UEFA-Cup weiter. Sowohl in der CL, als auch im UEFA-Cup (oder sollen wir ihn schon Europaliga nennen?) gibt es schon die ersten richtungsweisenden Spiele.<br>Bayern und Werder treffen mit Lyon und Inter Mailand auf ihre wohl h\u00e4rtesten Gruppengegner.<br>F\u00fcr manche Cup-Teilnehmer k\u00f6nnte allerdings am Donnerstag schon Schluss mit Europa sein. Besonders sind da nat\u00fcrlich der BVB und der HSV zu nennen. Gerade der BVB hat mit einer 0:2 Hinspielniederlage die schlechteste Ausgangssituation aller deutschen Clubs.<br>Zu sehen gibt es im TV &#8222;nur&#8220; die Spiele des HSV und des VfB Stuttgarts&nbsp;nicht. Leider werden diese Spiele aber wohl spannender sein, als z.B. Schalkes Spiel gegen Nikosia, dass nach einem 1:4 auf Zypern f\u00fcr Schalke eigentlich schon klar ist.<\/p>\n\n\n\n<p>Nicht unterschlagen m\u00f6chte ich jedoch die Bekanntgabe der Spielorte der Frauen-Fu\u00dfball-WM 2011 in (na, wer wei\u00df es?) Deutschland! Morgen sind es nur noch 1000 Tage bis zum Ansto\u00df. Das Erste \u00fcbertr\u00e4gt am Dienstag ab 15.10 live aus dem Bundeskanzler(innen)amt in Berlin.<\/p>\n\n\n\n<p><em><u><strong>Die Ansetzungen<\/strong><\/u><\/em><\/p>\n\n\n\n<p><em><strong>Champions League, Gruppenphase, 2. Spieltag<\/strong><\/em><\/p>\n\n\n\n<p>Premiere<\/p>\n\n\n\n<p><strong>Dienstag, 30.9.2008<\/strong><br>ab 18:15 Uhr:<\/p>\n\n\n\n<ul class=\"wp-block-list\"><li><em>Zenit St. Petersburg &#8211; Real Madrid (18:30 Uhr):<\/em>&nbsp;Tom Bayer (Einzelspiel)<\/li><\/ul>\n\n\n\n<p>ab 20:15 Uhr:<\/p>\n\n\n\n<ul class=\"wp-block-list\"><li><em>Bayern M\u00fcnchen &#8211; Olympique Lyon (20:45 Uhr):<\/em>&nbsp;Fritz von Thurn und Taxis (Einzelspiel), Kai Dittman (Konferenz)<\/li><li><em>AC Florenz &#8211; Steaua Bukarest (20:45 Uhr):<\/em>&nbsp;Hansi K\u00fcpper (Konferenz)<\/li><li><em>Aalborg BK &#8211; Manchester United (20:45 Uhr):<\/em>&nbsp;Oliver Seidler (Konferenz)<\/li><li><em>FC Villarreal &#8211; Celtic Glasgow (20:45 Uhr):<\/em>&nbsp;Roland Evers (Konferenz)<\/li><li><em>FC Arsenal &#8211; FC Porto (20:45 Uhr):<\/em>&nbsp;Marco Hagemann (Konferenz)<\/li><li><em>Fenerbahce Istanbul &#8211; Dynamo Kiew (20:45 Uhr):<\/em>&nbsp;Micheal Leopold (Konferenz)<\/li><li><em>FC BATE Borisov &#8211; Juventus Turin (20:45 Uhr):<\/em>&nbsp;Martin Gro\u00df (Konferenz)<\/li><\/ul>\n\n\n\n<p>Moderation: Dieter Nickles, Experte: Franz Beckenbauer<\/p>\n\n\n\n<p><strong>Mittwoch, 1.10.2008<\/strong><br>ab 20:15 Uhr:<\/p>\n\n\n\n<ul class=\"wp-block-list\"><li><em>Inter Mailand &#8211; Werder Bremen (20:45 Uhr):<\/em>&nbsp;Wolff Fuss (Einzelspiel), Kai Dittmann (Konferenz)<\/li><li><em>Anorthosis Famagusta &#8211; Panathinaikos Athen (20:45 Uhr):<\/em>&nbsp;Tom Bayer (Konferenz)<\/li><li><em>CFR Cluj &#8211; FC Chelsea (20:45 Uhr):<\/em>&nbsp;Marco Hagemann (Einzelspiel), Hansi K\u00fcpper (Konferenz)<\/li><li><em>Girondins Bordeaux &#8211; AS Rom (20:45 Uhr):<\/em>&nbsp;Roland Evers (Konferenz)<\/li><li><em>Sporting Lissabon &#8211; FC Basel (20:45 Uhr):<\/em>&nbsp;Oliver Seidler (Konferenz)<\/li><li><em>Schachtjor Donezk &#8211; FC Barcelona (20:45 Uhr):<\/em>&nbsp;Torsten Kunde (Konferenz)<\/li><li><em>FC Liverpool &#8211; PSV Eindhoven (20:45 Uhr):<\/em>&nbsp;Micheal Leopold (Konferenz)<\/li><li><em>Atletico Madrid &#8211; Olympique Marseille (20:45 Uhr):<\/em>&nbsp;Martin Gro\u00df (Konferenz)<\/li><\/ul>\n\n\n\n<p>Moderation: Jan Henkel, Experte: Stefan Effenberg<\/p>\n\n\n\n<p><em>Champions TV (Sat.1)<\/em><\/p>\n\n\n\n<p><strong>Mittwoch, 1.9.2008<\/strong><br>ab 20:15 Uhr:<\/p>\n\n\n\n<ul class=\"wp-block-list\"><li><em>Inter Mailand &#8211; Werder Bremen (20:45 Uhr):<\/em>&nbsp;Marcel Reif (Einzelspiel)<\/li><\/ul>\n\n\n\n<p>Moderation: Sebastian Hellmann, Experte: Oliver Bierhoff<\/p>\n\n\n\n<p>&#8212;&#8212;&#8212;&#8212;&#8212;&#8212;&#8212;&#8212;&#8212;&#8212;&#8212;&#8212;&#8212;&#8212;&#8212;&#8212;&#8212;&#8212;&#8212;&#8212;&#8212;&#8212;&#8212;&#8212;&#8212;&#8212;&#8212;&#8212;&#8212;&#8212;&#8212;&#8212;&#8212;&#8212;&#8212;&#8212;&#8212;&#8212;&#8212;&#8212;&#8212;&#8211;<\/p>\n\n\n\n<p><em><strong>UEFA-Cup, 1. Hauptrunde, R\u00fcckspiele<\/strong><\/em><\/p>\n\n\n\n<p><em>DSF<\/em><\/p>\n\n\n\n<p><strong>Dienstag, 30.9.2008<br><\/strong>ab 17:30 Uhr:<\/p>\n\n\n\n<ul class=\"wp-block-list\"><li><em>St. Patrick&#8217;s Athletic &#8211; Hertha BSC Berlin (18:00 Uhr):<\/em>&nbsp;J\u00f6rg Dahlmann (Einzelspiel)<\/li><\/ul>\n\n\n\n<p>Moderation: Thomas Helmer<\/p>\n\n\n\n<p><strong>Donnerstag, 2.10.2008<\/strong><br>ab 15:45 Uhr:<\/p>\n\n\n\n<ul class=\"wp-block-list\"><li><em>Rapid Bukarest &#8211; VfL Wolfsburg (16:00 Uhr):<\/em>&nbsp;Uwe Morawe (Einzelspiel)<\/li><\/ul>\n\n\n\n<p>Moderation: Thomas Helmer<\/p>\n\n\n\n<p><em>ZDF<\/em><\/p>\n\n\n\n<p><strong>Donnerstag, 2.10.2008<\/strong><br>ab 18:00 Uhr:<\/p>\n\n\n\n<ul class=\"wp-block-list\"><li><em>FC Schalke 04 &#8211; APOEL Nikosia FC (18:15 Uhr):<\/em>&nbsp;Thomas Wark (Einzelspiel)<\/li><\/ul>\n\n\n\n<p>Moderation: Kathrin M\u00fcller-Hohenstein<\/p>\n\n\n\n<ul class=\"wp-block-list\"><li>Anschl.:&nbsp;<em>VfB Stuttgart &#8211;&nbsp;<\/em><em>Cherno More Varna (Zusammenfassung):<\/em>&nbsp;Rolf T\u00f6pperwien (Zusammenfassung)<\/li><li><em>Udinese Calcio &#8211; Borussia Dortmund (20:45 Uhr):<\/em>&nbsp;Bela Rethy (Einzelspiel)<\/li><\/ul>\n\n\n\n<p>Moderation: Michael Steinbrecher<br>&#8212;&#8212;&#8212;&#8212;&#8212;&#8212;&#8212;&#8212;&#8212;&#8212;&#8212;&#8212;&#8212;&#8212;&#8212;&#8212;&#8212;&#8212;&#8212;&#8212;&#8212;&#8212;&#8212;&#8212;&#8212;&#8212;&#8212;&#8212;&#8212;&#8212;&#8212;&#8212;&#8212;&#8212;&#8212;&#8212;&#8212;&#8212;&#8212;&#8212;&#8212;&#8211;<\/p>\n\n\n\n<p><em><strong>Frauen-Fu\u00dfball EM-Qualifikation<\/strong><\/em><\/p>\n\n\n\n<p><em>ZDF<\/em><\/p>\n\n\n\n<p><strong>Mittwoch, 1.10.2008<br><\/strong>ab 15:50 Uhr:<\/p>\n\n\n\n<ul class=\"wp-block-list\"><li><em>Schweiz &#8211; Deutschland (16:00 Uhr):<\/em>&nbsp;Norbert Galeske (Einzelspiel)<\/li><\/ul>\n\n\n\n<p>Moderation: Sven Voss<\/p>\n\n\n\n<p>&#8212;&#8212;&#8212;&#8212;&#8212;&#8212;&#8212;&#8212;&#8212;&#8212;&#8212;&#8212;&#8212;&#8212;&#8212;&#8212;&#8212;&#8212;&#8212;&#8212;&#8212;&#8212;&#8212;&#8212;&#8212;&#8212;&#8212;&#8212;&#8212;&#8212;&#8212;&#8212;&#8212;&#8212;&#8212;&#8212;&#8212;&#8212;&#8212;&#8212;&#8212;&#8211;<\/p>\n\n\n\n<p><em><strong>Frauen-Fu\u00dfball-WM 2011<\/strong><\/em><\/p>\n\n\n\n<p><em>Das Erste<\/em><\/p>\n\n\n\n<p><strong>Dienstag, 30.9.2008<\/strong><br>ab 15:10 Uhr:<\/p>\n\n\n\n<ul class=\"wp-block-list\"><li><em>Vergabe der WM-Spielorte aus Berlin<\/em><\/li><\/ul>\n\n\n\n<p>Moderation: Monica Lierhaus<\/p>\n\n\n\n<p><em><u><strong>Die Analyse:<\/strong><\/u><\/em><\/p>\n\n\n\n<p>So, nach dieser Masse an Ansetzungen jetzt mal zur Analyse. Vor zwei Wochen waren die Konferenzansetzungen komplett identisch. Dieses Mal \u00e4ndern sie sich auch nicht gro\u00dfartig.<br>Zun\u00e4chst mal eines vorweg: Matthias Stach fehlt diese Woche in der Konferenz. F\u00fcr ihn rutscht sozusagen an beiden Tagen Oliver Seidler in die Runde.<br>Wolff Fuss darf in dieser Woche &#8222;nur&#8220; beim Einzelspiel Inter vs. Werder ran. Das ist sicherlich ein weiterer Zuspruch an ihn.<br>Marco Hagemann kommentiert zwar an beiden Tagen, am Dienstag aber in der Konferenz und am Mittwoch das Chelsea-Einzelspiel. Daf\u00fcr wird er am Mittwoch in der Konferenz durch Torsten Kunde ersetzt, der am ersten Spieltag an beiden Tagen mit seinen Kollegen zusammen kommentiert hat.<br>Tom Bayer bekommt das hochkar\u00e4tige Einzelspiel zwischen Zenit St. Petersburg und Real Madrid, das aufgrund der Zeitverschiebung schon um 18:30 Uhr angepfiffen wird; am Mittwoch rutscht er dann wieder in die Konferenz.<br>Bei Champions TV in Sat.1 ist dieses Mal Marcel Reif zu h\u00f6ren. Da aber Inter vs. Werder aus deutscher Sicht ein absolutes Top-Spiel ist, ist das auch verst\u00e4ndlich. Genauso klar ist die Ansetzung von &#8222;von TuT&#8220; bei Lyon vs. Bayern.<\/p>\n\n\n\n<p>Beim UEFA-Cup schlampt diesmal das ZDF! Nirgends sind irgendwelche Ansetzungen zu finden. Sollten sie in den n\u00e4chsten Tagen noch auftauchen, werde ich sie editieren.<br>Thomas Helmer bleibt der UEFA-Cup-Moderator im DSF und mit Uwe Morawe am Donnerstag gibt es auch keine \u00dcberraschung. J\u00f6rg Dahlmann ist hingegen etwas seltener zu h\u00f6ren, am Dienstag ist er dann aber bei St. Patrick vs. Hertha an der Reihe.<\/p>\n\n\n\n<p>Dann muss ich mal noch ein paar Hinweise geben! Im Digitalfernsehen-Forum ist vor wenigen Tagen ein Link zu einer Premiere-Party aufgetaucht. Es war der Ausklang der ersten Saisonbesprechung 07\/08. Hier der Link:&nbsp;<a href=\"https:\/\/web.archive.org\/web\/20140409081118\/http:\/\/www.stadionanderschleissheimerstrasse.de\/index.php?id=77\">http:\/\/www.stadionanderschleissheimerstrasse.de\/index.php?id=77<\/a>&nbsp;Und hier noch mal der Link zur News auf der Seite des Lokals:&nbsp;<a href=\"https:\/\/web.archive.org\/web\/20140409081118\/http:\/\/www.stadionanderschleissheimerstrasse.de\/index.php?id=75\">http:\/\/www.stadionanderschleissheimerstrasse.de\/index.php?id=75<\/a><\/p>\n\n\n\n<p>Und dann darf ich noch auf die Kollegen von &#8222;Planet of Sports&#8220; verweisen. Dort gibt es ein gro\u00dfes Kommentatorenvoting und eine Mail-Antwort von Andreas Renner, der das normale Leben eines Kommentators unter Woche beschreibt (oder wie er sagt: &#8222;Was ein Kommentator unter der Woche alles schafft!&#8220;).<br>Den Link zu Planet of Sports findet ihr rechts im Blogroll!<\/p>\n\n\n\n<p>Und dann darf auch ich euch zu guter letzt schon mal auf das Special in Eintrag Nr. 25 verweisen und ich darf verraten, dass es bald (ein definitiv nicht definierter Zeitraum) etwas ganz Besonderes geben wird. Evtl. gibt es das dann auch mal regelm\u00e4\u00dfiger&#8230;<img decoding=\"async\" src=\"https:\/\/web.archive.org\/web\/20140409081118im_\/http:\/\/www.blog.de\/srv\/tinymce\/jss\/plugins\/blogdeemotions\/smilies\/smiley-surprised2.gif\" alt=\"\"><\/p>\n\n\n\n<p>In diesem Sinne<\/p>\n\n\n\n<p>Bums da ham&#8216;&nbsp; wa&#8217;s doch!<\/p>\n\n\n\n<p>Frederik<\/p>\n","protected":false},"excerpt":{"rendered":"<p>(Beitrag von Frederik Voss, reposted von Nico) Hallo! N\u00e4hhhh, wat wa&#8216; dat &#8217;n geiler Spieltag an letzten Wochenende, wach?! Ich darf noch mal kurz zusammenfassen: Der Tabellenf\u00fchrer Schalke 04 wird von K\u00f6ln mit 1:0 gest\u00fcrzt. Der Rekordmeister Bayern M\u00fcnchen verliert mit 1:0 in Hannover &#8211; Uli Hoene\u00df nimmt erneut die Farbe seiner Jacke an&nbsp; &#8211; [&hellip;]<\/p>\n","protected":false},"author":1,"featured_media":0,"comment_status":"open","ping_status":"open","sticky":false,"template":"","format":"standard","meta":{"footnotes":""},"categories":[1],"tags":[],"class_list":["post-7231","post","type-post","status-publish","format-standard","hentry","category-uncategorized"],"_links":{"self":[{"href":"http:\/\/kommentatorenblog.de\/index.php?rest_route=\/wp\/v2\/posts\/7231","targetHints":{"allow":["GET"]}}],"collection":[{"href":"http:\/\/kommentatorenblog.de\/index.php?rest_route=\/wp\/v2\/posts"}],"about":[{"href":"http:\/\/kommentatorenblog.de\/index.php?rest_route=\/wp\/v2\/types\/post"}],"author":[{"embeddable":true,"href":"http:\/\/kommentatorenblog.de\/index.php?rest_route=\/wp\/v2\/users\/1"}],"replies":[{"embeddable":true,"href":"http:\/\/kommentatorenblog.de\/index.php?rest_route=%2Fwp%2Fv2%2Fcomments&post=7231"}],"version-history":[{"count":1,"href":"http:\/\/kommentatorenblog.de\/index.php?rest_route=\/wp\/v2\/posts\/7231\/revisions"}],"predecessor-version":[{"id":7232,"href":"http:\/\/kommentatorenblog.de\/index.php?rest_route=\/wp\/v2\/posts\/7231\/revisions\/7232"}],"wp:attachment":[{"href":"http:\/\/kommentatorenblog.de\/index.php?rest_route=%2Fwp%2Fv2%2Fmedia&parent=7231"}],"wp:term":[{"taxonomy":"category","embeddable":true,"href":"http:\/\/kommentatorenblog.de\/index.php?rest_route=%2Fwp%2Fv2%2Fcategories&post=7231"},{"taxonomy":"post_tag","embeddable":true,"href":"http:\/\/kommentatorenblog.de\/index.php?rest_route=%2Fwp%2Fv2%2Ftags&post=7231"}],"curies":[{"name":"wp","href":"https:\/\/api.w.org\/{rel}","templated":true}]}}