{"id":7235,"date":"2008-10-08T19:30:00","date_gmt":"2008-10-08T18:30:00","guid":{"rendered":"http:\/\/kommentatorenblog.de\/?p=7235"},"modified":"2021-03-02T19:36:23","modified_gmt":"2021-03-02T18:36:23","slug":"kommentatoren-blog-22-satz-mit-2-x-anixe-das-war-wohl-nix-update-nochmal-update","status":"publish","type":"post","link":"http:\/\/kommentatorenblog.de\/?p=7235","title":{"rendered":"[kommentatoren.blog #22] &#8211; Satz mit 2 X: Anixe, das war wohl nix! *UPDATE* *nochmal UPDATE*"},"content":{"rendered":"\n<p>(Beitrag von Frederik Voss, reposted von Nico)<\/p>\n\n\n\n<p>Hallo!<\/p>\n\n\n\n<p><s>Tja, im letzten Eintrag hatte ich es noch vollmundig angek\u00fcndigt, doch jetzt muss ich es leider zur\u00fcckziehen: Alle die sich auf die Partie Rum\u00e4nien vs. Frankreich auf AnixeHD gefreut haben, m\u00fcssen sich wohl oder \u00fcbel doch dem Spiel der Deutschen gegen Russland begn\u00fcgen.<\/s><br>Denn wie ich heute im digitalfernsehen-Forum leider lesen musste (und wie ich sp\u00e4ter dann auch selber festgestellt habe), ist von den beiden Partien, die Anixe geplant hatte zu zeigen, im Programm-Guide nichts zu finden. Gr\u00fcnde gibt es bisher noch nicht, falls ich welche entdecken sollte, werde ich die nat\u00fcrlich posten.<br>Ja von wegen! Da liest man heute Morgen bei allesau\u00dfersport, dass Anixe am Wochenende Fu\u00dfball zeigt uns sagt sich: &#8222;Hah! Da waren wir wohl schneller!&#8220; Nein, waren wir nicht! Anixe zeigt morgen tats\u00e4chlich wie geplant das L\u00e4nderspiel. Das einzige Problem bei Anixe ist wohl der zu langsame TV-Guide auf deren Homepage, der das Match f\u00fcr Mittwoch allerdings immer noch nicht anzeigt. Darauf w\u00fcrde ich mich jetzt aber auch nicht verlassen. Ich trage jetzt einfach mal beide Matches mit bei den Ansetzungen ein&#8230;(bzw. das Mittwoch-Spiel in den n\u00e4chsten Eintrag)<\/p>\n\n\n\n<p>Also werden wir am Samstag alle das Deutschland-Spiel schauen. Ist ja auch nicht schlimm, denn mit Russland trifft man wohl auf den h\u00e4rtesten, aber zu gleich auch attraktivsten Gegner. \u00dcbertragen wird das Erste.<br>Eurosport wird mit Sicherheit wieder eine Masse an Spielen zusammenfassen oder in voller L\u00e4nge wiederholen<\/p>\n\n\n\n<p>Apropros Eurosport: Dort wird momentan exzessiv die Futsal WM gezeigt (f\u00fcr die, die es interessiert!).<\/p>\n\n\n\n<p>Neben dem A-L\u00e4nderspiel bl\u00e4st das DSF auch zur gro\u00dfen Jugendnationalmannschafts-Offensive. Einschlie\u00dflich heute und bis Sonntag gibt es insgesamt 4 Spiele von der U19, U20 und U21.<br>Die U19 startet am Donnerstag mit Coach Heiko Herrlich in die EM-Qualifikation gegen Luxemburg in Trier.<br>Die U20 bestreitet im Rahmen einer internationalen Spielrunde gleich zwei Spiele: Heute gegen die Schweiz und bereits am Sonntag gegen \u00d6sterreich.<br>Die wichtigsten Spiele bestreitet sicherlich die U21. Bei ihnen geht es n\u00e4mlich in der Relegation gegen Frankreich um die Teilnahme an der EM 2009 in Schweden. Das Hinspiel findet am Freitag in Magdeburg statt. Zum R\u00fcckspiel gibt es mehr im n\u00e4chsten Blogeintrag.<\/p>\n\n\n\n<p>Ganz ab von all den L\u00e4nderspielen langweilt man sich dieses Wochenende mal wieder bei Premiere. Anstatt attraktive L\u00e4nderspiele (wie eben z.B. Rum\u00e4nen vs. Frankreich) zu senden, zeigt man \u00fcberhaupt keinen Fu\u00dfball &#8211; na ja&#8230;<br>Die Ansetzungen f\u00fcr den 8. Spieltag gibt es wie gewohnt vor dem n\u00e4chsten Wochenende (dabei gibt es auch keine besonderen \u00dcberraschungen). Doch wie &#8222;didder&#8220; bereits in den Kommentaren angedeutet hat, hat Premiere als Moderator f\u00fcr die Samstagskonferenz einen gewissen Christian Schulten aufgef\u00fchrt.<br>Und nu&#8216;? Also glaubw\u00fcrdig erscheint das nun wirklich nicht! Ich denke, dass es sich dabei einfach nur um einen Fehler handelt und Christian Schulten vielleicht einfach nur ein Redakteur ist. Schon oft wurde auch ein Redakteur f\u00e4lschlicherweise als Kommentator angegeben.Und warum sollte auch ein komplett neuer Moderator direkt die Samstagskonferenz moderieren? \u00dcbrigens ist f\u00fcr die Freitagskonferenz der zweiten Liga auch noch kein Moderator angezeigt und auch bei Google findet man nichts von einem Moderator, der &#8222;Christian Schulten&#8220; hei\u00dft.<\/p>\n\n\n\n<p><em>*Update 2*: Wie das DSF heute bei der \u00dcbertragung des U21-Spiels bekanntgegeben hat, \u00fcbertr\u00e4gt man am Mittwoch um 17:00 Uhr bzw. 16:55 Uhr die Partie Russland &#8211; Frankreich. Es handelt sich dabei wohl gemerkt um ein A-L\u00e4nderspiel aus der deutschen Gruppe.<br>Wie auch &#8222;spoonman&#8220; bei &#8222;allesau\u00dfersport&#8220; schreibt, muss das sehr kurzfristig arrangiert worden sein. Denn weder im Text, noch im Internet ist beim DSF etwas zu finden (obwohl das ja nichts Neues beim DSF ist).<br>Mehr dazu sagen kann ich dann wohl in n\u00e4chsten Eintrag&#8230;<br><\/em><br><em><strong>Die Ansetzungen<\/strong><\/em><\/p>\n\n\n\n<p><em><strong>WM-Qualifikation, 3. Spieltag<\/strong><\/em><\/p>\n\n\n\n<p><em>Das Erste<\/em>&nbsp;<\/p>\n\n\n\n<p><strong>Samstag, 11.10.2008<\/strong><br>ab 20:15 Uhr<\/p>\n\n\n\n<ul class=\"wp-block-list\"><li><em>Deutschland &#8211; Russland (20:45 Uhr):<\/em>&nbsp;Gerd Gottlob<\/li><li>im Anschluss: Zusammenfassungen der Partien:&nbsp;<em>Finnland &#8211; Aserbaidschan, Wales &#8211; Liechtenstein, England &#8211; Kasachstan, Bulgarien &#8211; Italien, Niederlande &#8211; Island, Rum\u00e4nien &#8211; Frankreich<\/em><\/li><\/ul>\n\n\n\n<p>Moderation: Gerhard Delling, Experte: G\u00fcnter Netzer<\/p>\n\n\n\n<p><em>Anixe<\/em><\/p>\n\n\n\n<p><strong>Samstag, 11.10.2008<\/strong><br>ab 20:35 Uhr<\/p>\n\n\n\n<ul class=\"wp-block-list\"><li><em>Rum\u00e4nen &#8211; Frankreich (20:45 Uhr):<\/em>&nbsp;Carsten Fuss<\/li><\/ul>\n\n\n\n<p>&#8212;&#8212;&#8212;&#8212;&#8212;&#8212;&#8212;&#8212;&#8212;&#8212;&#8212;&#8212;&#8212;&#8212;&#8212;&#8212;&#8212;&#8212;&#8212;&#8212;&#8212;&#8212;&#8212;&#8212;&#8212;&#8212;&#8212;&#8212;&#8212;&#8212;&#8212;&#8212;&#8212;&#8212;&#8212;&#8212;&#8212;&#8212;&#8212;&#8212;&#8211;<\/p>\n\n\n\n<p><em><strong>U19 &#8211; EM-Qualifkation, 1. Quali-Runde<\/strong><\/em><\/p>\n\n\n\n<p>DSF<\/p>\n\n\n\n<p><em><\/em><strong>Donnerstag, 9.10.2008<br><\/strong>ab 19:45 Uhr<\/p>\n\n\n\n<ul class=\"wp-block-list\"><li><em>Deutschland &#8211; Luxemburg (20:15 Uhr):<\/em>&nbsp;Thomas Herrmann<\/li><\/ul>\n\n\n\n<p>Moderator: J\u00f6rg Dahlmann<\/p>\n\n\n\n<p><img decoding=\"async\" src=\"https:\/\/web.archive.org\/web\/20081024102915im_\/file:\/\/\/C:\/DOKUME~1\/Frederik\/LOKALE~1\/Temp\/moz-screenshot.jpg\" alt=\"\">&#8212;&#8212;&#8212;&#8212;&#8212;&#8212;&#8212;&#8212;&#8212;&#8212;&#8212;&#8212;&#8212;&#8212;&#8212;&#8212;&#8212;&#8212;&#8212;&#8212;&#8212;&#8212;&#8212;&#8212;&#8212;&#8212;&#8212;&#8212;&#8212;&#8212;&#8212;&#8212;&#8212;&#8212;&#8212;&#8212;&#8212;&#8212;&#8212;&#8212;&#8211;<\/p>\n\n\n\n<p><em><strong>U20 &#8211; Internationale Spielrunde<\/strong><\/em><\/p>\n\n\n\n<p><em>DSF<\/em><em><\/em><\/p>\n\n\n\n<p><em><\/em><strong><u>Mittwoch, 8.10.2008<br><\/u><\/strong>ab 19:45 Uhr<\/p>\n\n\n\n<ul class=\"wp-block-list\"><li><em>Deutschland &#8211; Schweiz (20:00 Uhr):<\/em>&nbsp;Jonas Friedrich<\/li><\/ul>\n\n\n\n<p>Moderation: Markus G\u00f6tz<\/p>\n\n\n\n<p><strong>Sonntag, 12.10.2008<\/strong><br>ab 15:45 Uhr<\/p>\n\n\n\n<ul class=\"wp-block-list\"><li><em>\u00d6sterreich &#8211; Deutschland (16:00 Uhr):<\/em>&nbsp;Uwe Morawe<\/li><\/ul>\n\n\n\n<p>&#8212;&#8212;&#8212;&#8212;&#8212;&#8212;&#8212;&#8212;&#8212;&#8212;&#8212;&#8212;&#8212;&#8212;&#8212;&#8212;&#8212;&#8212;&#8212;&#8212;&#8212;&#8212;&#8212;&#8212;&#8212;&#8212;&#8212;&#8212;&#8212;&#8212;&#8212;&#8212;&#8212;&#8212;&#8212;&#8212;&#8212;&#8212;&#8212;&#8212;&#8211;<\/p>\n\n\n\n<p><em><strong>U21 &#8211; EM-Qualifikation, Play-Offs<\/strong><\/em><\/p>\n\n\n\n<p><em>DSF<\/em><em><\/em><\/p>\n\n\n\n<p><em><\/em><strong>Freitag, 10.10.2008<\/strong><br>ab 18:30 Uhr<\/p>\n\n\n\n<ul class=\"wp-block-list\"><li><em>Deutschland &#8211; Frankreich (19:00 Uhr):<\/em>&nbsp;Markus H\u00f6hner<\/li><\/ul>\n\n\n\n<p>Moderation: Thomas Helmer<\/p>\n\n\n\n<p>&#8212;&#8212;&#8212;&#8212;&#8212;&#8212;&#8212;&#8212;&#8212;&#8212;&#8212;&#8212;&#8212;&#8212;&#8212;&#8212;&#8212;&#8212;&#8212;&#8212;&#8212;&#8212;&#8212;&#8212;&#8212;&#8212;&#8212;&#8212;&#8212;&#8212;&#8212;&#8212;&#8212;&#8212;&#8212;&#8212;&#8212;&#8212;&#8212;&#8212;&#8211;<\/p>\n\n\n\n<p><em><strong>Benefizspiel<\/strong><\/em><\/p>\n\n\n\n<p><em>DSF<\/em><em><\/em><\/p>\n\n\n\n<p><em><\/em><strong>Montag, 13.10.2008<\/strong><br>ab 20:00 Uhr<\/p>\n\n\n\n<ul class=\"wp-block-list\"><li><em>SpVgg Greuther F\u00fcrth &#8211; VfL Wolfburg (20:15 Uhr):<\/em>&nbsp;Thomas Herrmann<\/li><\/ul>\n\n\n\n<p>Moderation: Frank Buschmann<\/p>\n\n\n\n<p><em><strong>Die Analyse<\/strong><\/em><\/p>\n\n\n\n<p>Das wird es wohl sein am kommenden Wochenende.<\/p>\n\n\n\n<p>Zun\u00e4chst mal zum A-L\u00e4nderspiel. Die Ansetzung von Gerd Gottlob ist sicherlich immer noch leicht \u00fcberraschend, zu mal er erst vor kurzem im UEFA-Cup BVB vs. Udinese kommentiert hat. Vielleicht ist es immer noch die Entsch\u00e4digung daf\u00fcr, dass er bei der EM nicht dabei war. Bartels und\/oder Simon k\u00f6nnte man aber m\u00f6glicherweise in den Zusammenfassungen der anderen L\u00e4nderspiele h\u00f6ren.<\/p>\n\n\n\n<p>Eine positive \u00dcberrschung gibt es im DSF. Jonas Friedrich bekommt sein erstes Live-Spiel beim DeutschenSportFernsehen. Verdient hat er das absolut! Und seine Leistung war (das Spiel ist ja gerade mit 3:2 an die Deutschen gegangen) wirklich gut. Ein sch\u00f6n anzuh\u00f6render Kommentator.<\/p>\n\n\n\n<p>Leider verr\u00e4t der DSF-Programmguide mal wieder rein gar nichts. Aus dem EPG meines Recivers konnte ich die Ansetzungen f\u00fcr die n\u00e4chsten Tage bis enschlie\u00dflich Freitag ablesen. Gut m\u00f6glich also, dass ich in ein paar Tagen die fehlenden Kommentatoren erg\u00e4nzen kann.<br>Ansonsten gibt es beim DSF mit H\u00f6hner und Herrmann aber keine weiteren \u00dcberraschungen. Es k\u00f6nnte also sein, dass die restlichen Spiele bspw. von Frank Buschmann und Uwe Morawe kommentiert werden.<br><em>*Update 1*: Uwe Morawe kommentiert am Samstag.<\/em><\/p>\n\n\n\n<p>Den n\u00e4chsten Eintrag wird es dann wohl am Montag oder Dienstag geben. Darin gibt es es dann die n\u00e4chsten U-L\u00e4nderspiele und nat\u00fcrlich auch das A-L\u00e4nderspiel gegen Wales.<\/p>\n\n\n\n<p>In diesem Sinne<\/p>\n\n\n\n<p>Bums da ham&#8216;&nbsp; wa&#8217;s doch!<\/p>\n\n\n\n<p>Frederik<\/p>\n","protected":false},"excerpt":{"rendered":"<p>(Beitrag von Frederik Voss, reposted von Nico) Hallo! Tja, im letzten Eintrag hatte ich es noch vollmundig angek\u00fcndigt, doch jetzt muss ich es leider zur\u00fcckziehen: Alle die sich auf die Partie Rum\u00e4nien vs. Frankreich auf AnixeHD gefreut haben, m\u00fcssen sich wohl oder \u00fcbel doch dem Spiel der Deutschen gegen Russland begn\u00fcgen.Denn wie ich heute im [&hellip;]<\/p>\n","protected":false},"author":1,"featured_media":0,"comment_status":"open","ping_status":"open","sticky":false,"template":"","format":"standard","meta":{"footnotes":""},"categories":[1],"tags":[],"class_list":["post-7235","post","type-post","status-publish","format-standard","hentry","category-uncategorized"],"_links":{"self":[{"href":"http:\/\/kommentatorenblog.de\/index.php?rest_route=\/wp\/v2\/posts\/7235","targetHints":{"allow":["GET"]}}],"collection":[{"href":"http:\/\/kommentatorenblog.de\/index.php?rest_route=\/wp\/v2\/posts"}],"about":[{"href":"http:\/\/kommentatorenblog.de\/index.php?rest_route=\/wp\/v2\/types\/post"}],"author":[{"embeddable":true,"href":"http:\/\/kommentatorenblog.de\/index.php?rest_route=\/wp\/v2\/users\/1"}],"replies":[{"embeddable":true,"href":"http:\/\/kommentatorenblog.de\/index.php?rest_route=%2Fwp%2Fv2%2Fcomments&post=7235"}],"version-history":[{"count":1,"href":"http:\/\/kommentatorenblog.de\/index.php?rest_route=\/wp\/v2\/posts\/7235\/revisions"}],"predecessor-version":[{"id":7236,"href":"http:\/\/kommentatorenblog.de\/index.php?rest_route=\/wp\/v2\/posts\/7235\/revisions\/7236"}],"wp:attachment":[{"href":"http:\/\/kommentatorenblog.de\/index.php?rest_route=%2Fwp%2Fv2%2Fmedia&parent=7235"}],"wp:term":[{"taxonomy":"category","embeddable":true,"href":"http:\/\/kommentatorenblog.de\/index.php?rest_route=%2Fwp%2Fv2%2Fcategories&post=7235"},{"taxonomy":"post_tag","embeddable":true,"href":"http:\/\/kommentatorenblog.de\/index.php?rest_route=%2Fwp%2Fv2%2Ftags&post=7235"}],"curies":[{"name":"wp","href":"https:\/\/api.w.org\/{rel}","templated":true}]}}