{"id":7237,"date":"2008-10-13T19:33:00","date_gmt":"2008-10-13T18:33:00","guid":{"rendered":"http:\/\/kommentatorenblog.de\/?p=7237"},"modified":"2021-03-02T19:36:23","modified_gmt":"2021-03-02T18:36:23","slug":"kommentatoren-blog-23-und-es-geht-munter-weiter-update","status":"publish","type":"post","link":"http:\/\/kommentatorenblog.de\/?p=7237","title":{"rendered":"[kommentatoren.blog #23] &#8211; Und es geht munter weiter&#8230; *UPDATE*"},"content":{"rendered":"\n<p>(Beitrag von Frederik Voss, reposted von Nico)<\/p>\n\n\n\n<p>mit den L\u00e4nderspielen!<\/p>\n\n\n\n<p>Hallo!<\/p>\n\n\n\n<p>Ja, Deutschland hat am Samstag nach einer starken ersten Halbzeit gewonnen und wir durften alle dabei sein. Anders in \u00d6sterreich (die meisten werden es mitbekommen haben), denn dort reiste &#8222;Sportfive&#8220; zu sp\u00e4t auf die Far\u00f6er Inseln, sodass es im ORF 90 Minuten Radio gab.<\/p>\n\n\n\n<p>F\u00fcr die Junioren sieht es eigentlich auch ganz ordentlich aus. Leider kassierte die U21 nach einem Patzer von Manuel Neuer noch das 1:1 und hat somit eine nicht ganz so leichte Ausgangsposition f\u00fcr das R\u00fcckspiel.<br>Was woanders schon oft angeklungen ist: Blickt man auf die erste Elf der U21, dann ist das schon wirklich klasse, was f\u00fcr ein Potential in dieser Mannschaft steckt. Da kennt man praktisch jeden Namen.<\/p>\n\n\n\n<p>Den Auftakt mit den L\u00e4nderspielen macht wieder die U19 mit ihrer EM-Quali gegen die Niederlande in Trier. Das letzte Spiel gegen Litauen wurde vom Nachwuchs \u00fcbrigens mit 5:0 gewonnen.<\/p>\n\n\n\n<p>Bei den A-Nationalteams gibt es ebenfalls sehr erfreuliche Nachrichten. Neben dem Spiel Belgien vs. Spanien auf Anixe, gibt es auch (aus der deutschen Gruppe) die Partie Russland vs. Finnland im DSF. Aufgrund der Zeitverschiebung ist das ohne Probleme m\u00f6glich.<br>Es steht also f\u00fcr viele ein perfekter Fu\u00dfball-Mittwoch auf dem Programm: Zun\u00e4chst Russland vs. Finnland, dann das entscheidende Spiel der U21 und dann Deutschland vs. Wales.<\/p>\n\n\n\n<p><em><u><strong>Die Ansetzungen<\/strong><\/u><\/em><\/p>\n\n\n\n<p><em><strong>WM-Qualifikation, 4. Spieltag<\/strong><\/em><\/p>\n\n\n\n<p><em>DSF<\/em><\/p>\n\n\n\n<p><strong>Mittwoch, 15.10.2008<\/strong><br>ab 16:55 Uhr<\/p>\n\n\n\n<ul class=\"wp-block-list\"><li><em>Russland &#8211; Finnland (17:00 Uhr):<\/em>&nbsp;Frank Buschmann<\/li><\/ul>\n\n\n\n<p><em>ZDF<\/em><\/p>\n\n\n\n<p><strong>Mittwoch, 15.10.2008<\/strong><br>ab 20:15 Uhr<\/p>\n\n\n\n<ul class=\"wp-block-list\"><li><em>Deutschland &#8211; Wales (20:45 Uhr):<\/em>&nbsp;B\u00e9la R\u00e9thy (Einzelspiel)<\/li><\/ul>\n\n\n\n<p>ab 23:00 Uhr<\/p>\n\n\n\n<ul class=\"wp-block-list\"><li>Zusammenfassungen der Spiele:&nbsp;<em>Belgien &#8211; Spanien, Russland &#8211; Finnland, Griechenland &#8211; Schweiz und Italien &#8211; Montenegro<\/em><br>&nbsp;<\/li><\/ul>\n\n\n\n<p>Moderation: Johannes B. Kerner; Experte: Oliver Kahn<\/p>\n\n\n\n<p><em>Anixe<\/em><\/p>\n\n\n\n<p><strong>Mittwoch, 15.10.2008<\/strong><br>ab 20:40 Uhr<\/p>\n\n\n\n<ul class=\"wp-block-list\"><li><em>Belgien &#8211; Spanien (20:45 Uhr):<\/em>&nbsp;Jonas Friedrich (Einzelspiel)<\/li><\/ul>\n\n\n\n<p>&#8212;&#8212;&#8212;&#8212;&#8212;&#8212;&#8212;&#8212;&#8212;&#8212;&#8212;&#8212;&#8212;&#8212;&#8212;&#8212;&#8212;&#8212;&#8212;&#8212;&#8212;&#8212;&#8212;&#8212;&#8212;&#8212;&#8212;&#8212;&#8212;&#8212;&#8212;&#8212;&#8212;&#8212;&#8212;&#8212;&#8212;&#8212;&#8212;&#8212;&#8211;<\/p>\n\n\n\n<p><em><strong>U21 &#8211; EM-Qualifikation, Play-Offs<\/strong><\/em><\/p>\n\n\n\n<p><em>DSF<\/em><\/p>\n\n\n\n<p><strong>Mittwoch, 15.10.2008<\/strong><br>ab 18:55 Uhr<\/p>\n\n\n\n<ul class=\"wp-block-list\"><li><em>Frankreich &#8211; Deutschland (19:00 Uhr):<\/em>&nbsp;Markus H\u00f6hner (Einzelspiel)<\/li><\/ul>\n\n\n\n<p>Moderatin: Markus G\u00f6tz<\/p>\n\n\n\n<p>&#8212;&#8212;&#8212;&#8212;&#8212;&#8212;&#8212;&#8212;&#8212;&#8212;&#8212;&#8212;&#8212;&#8212;&#8212;&#8212;&#8212;&#8212;&#8212;&#8212;&#8212;&#8212;&#8212;&#8212;&#8212;&#8212;&#8212;&#8212;&#8212;&#8212;&#8212;&#8212;&#8212;&#8212;&#8212;&#8212;&#8212;&#8212;&#8212;&#8212;&#8211;<\/p>\n\n\n\n<p><em><strong>U19 &#8211; EM-Qualifkation, 1. Quali-Runde<\/strong><\/em><\/p>\n\n\n\n<p><em>DSF<\/em><\/p>\n\n\n\n<p><strong>Dienstag, 14.10.2008<\/strong><br>ab 17:30 Uhr<\/p>\n\n\n\n<ul class=\"wp-block-list\"><li><em>Niederlande &#8211; Deutschland (18:00 Uhr):<\/em>&nbsp;Thomas Herrmann (Einzelspiel)<\/li><\/ul>\n\n\n\n<p>Moderation: J\u00f6rg Dahlmann<\/p>\n\n\n\n<p><em><u><strong>Die Analyse<\/strong><\/u><\/em><\/p>\n\n\n\n<p>Gro\u00dfe \u00dcberraschungen gibt es auch diesmal nicht. Eigentlich gar keine. Die einzige \u00dcberraschung ist die \u00dcbertragung von Russland vs. Finnland im DSF und da fehlt nat\u00fcrlich noch der Kommentator. Das will ich dem DSF aber heuer nicht vorwerfen, sondern sie loben, dass sie solch ein Spiel \u00fcbertragen.&nbsp;Ich rechne aber mit Uwe Morawe als Kommentator.&nbsp;<em>Mittlerweile ist klar, dass Frank Buschmann das Spiel kommentieren wird.<\/em><br>Zum ZDF brauchen wir erst gar nichts zu sagen und bei Anixe gibt es mit Jonas Friedrich auch nichts Neues (macht aber auch nichts &#8211; danke Anixe!).<\/p>\n\n\n\n<p>Bei den U-Mannschaften h\u00e4lt sich ebenfalls alles im Rahmen. Bei der U21 ist mit Markus H\u00f6hner der Kommentator des Hin- auch der Kommentator des R\u00fcck-Spiels. Hinter Markus G\u00f6tz als Moderator habe ich mal ein Fragezeichen gesetzt, da ich nicht wei\u00df, ob man ihn nun auch trotz des Spiels RUS vs FIN noch nach Metz schickt.<\/p>\n\n\n\n<p>Das soll es dann f\u00fcr heute auch schon wieder sein. Wir freuen uns wieder \u00fcber zahlreiche Kommentare! Den n\u00e4chsten Eintrag zur gibt es wie gewohnt am Donnerstag. Bis dahin!<\/p>\n\n\n\n<p>In diesem Sinne<\/p>\n\n\n\n<p>Bums da ham&#8216; wa&#8217;s doch!<\/p>\n\n\n\n<p>Frederik<\/p>\n","protected":false},"excerpt":{"rendered":"<p>(Beitrag von Frederik Voss, reposted von Nico) mit den L\u00e4nderspielen! Hallo! Ja, Deutschland hat am Samstag nach einer starken ersten Halbzeit gewonnen und wir durften alle dabei sein. Anders in \u00d6sterreich (die meisten werden es mitbekommen haben), denn dort reiste &#8222;Sportfive&#8220; zu sp\u00e4t auf die Far\u00f6er Inseln, sodass es im ORF 90 Minuten Radio gab. [&hellip;]<\/p>\n","protected":false},"author":1,"featured_media":0,"comment_status":"open","ping_status":"open","sticky":false,"template":"","format":"standard","meta":{"footnotes":""},"categories":[1],"tags":[],"class_list":["post-7237","post","type-post","status-publish","format-standard","hentry","category-uncategorized"],"_links":{"self":[{"href":"http:\/\/kommentatorenblog.de\/index.php?rest_route=\/wp\/v2\/posts\/7237","targetHints":{"allow":["GET"]}}],"collection":[{"href":"http:\/\/kommentatorenblog.de\/index.php?rest_route=\/wp\/v2\/posts"}],"about":[{"href":"http:\/\/kommentatorenblog.de\/index.php?rest_route=\/wp\/v2\/types\/post"}],"author":[{"embeddable":true,"href":"http:\/\/kommentatorenblog.de\/index.php?rest_route=\/wp\/v2\/users\/1"}],"replies":[{"embeddable":true,"href":"http:\/\/kommentatorenblog.de\/index.php?rest_route=%2Fwp%2Fv2%2Fcomments&post=7237"}],"version-history":[{"count":1,"href":"http:\/\/kommentatorenblog.de\/index.php?rest_route=\/wp\/v2\/posts\/7237\/revisions"}],"predecessor-version":[{"id":7238,"href":"http:\/\/kommentatorenblog.de\/index.php?rest_route=\/wp\/v2\/posts\/7237\/revisions\/7238"}],"wp:attachment":[{"href":"http:\/\/kommentatorenblog.de\/index.php?rest_route=%2Fwp%2Fv2%2Fmedia&parent=7237"}],"wp:term":[{"taxonomy":"category","embeddable":true,"href":"http:\/\/kommentatorenblog.de\/index.php?rest_route=%2Fwp%2Fv2%2Fcategories&post=7237"},{"taxonomy":"post_tag","embeddable":true,"href":"http:\/\/kommentatorenblog.de\/index.php?rest_route=%2Fwp%2Fv2%2Ftags&post=7237"}],"curies":[{"name":"wp","href":"https:\/\/api.w.org\/{rel}","templated":true}]}}