{"id":7340,"date":"2018-10-04T11:57:00","date_gmt":"2018-10-04T10:57:00","guid":{"rendered":"http:\/\/kommentatorenblog.de\/?p=7340"},"modified":"2021-03-07T13:01:49","modified_gmt":"2021-03-07T12:01:49","slug":"kommentatorenblog-994-paukenschlag","status":"publish","type":"post","link":"http:\/\/kommentatorenblog.de\/?p=7340","title":{"rendered":"[Kommentatorenblog #994] \u2013 Paukenschlag!"},"content":{"rendered":"\n<p>(Beitrag von Dennis, reposted von Nico)<\/p>\n\n\n\n<p>N\u2019Abend allerseits!<\/p>\n\n\n\n<p>Eine Meldung, die so unerwartet kommt wie ein Sieg des VFB Stuttgart: Sky hat sich tats\u00e4chlich ab der kommenden Saison die Premier League gesichert. Somit kehrt die wohl st\u00e4rkste Fu\u00dfball-Liga der Welt wieder an den Platz zur\u00fcck, den sie 2016 verlassen hat \u2013 DAZN, seines Zeichens aktueller Rechteinhaber, ist vollkommen raus. Der Deal wird \u00fcber drei Jahre laufen, Sky hat die Exklusiv-Rechte. Hier mal so meine Gedanken dazu:<\/p>\n\n\n\n<ol class=\"wp-block-list\"><li>Ja, diese Meldung hat mich heute kalt erwischt, habe es w\u00e4hrend der Schule erst einmal nur via WhatsApp erfahren. Ich h\u00e4tte um ehrlich zu sein nicht damit gerechnet, dass die Rechte nach \u201enur\u201c 3 Jahren schon wieder zum vorherigen Besitzer zur\u00fcckkehren.<\/li><li>Erinnern wir uns mal zur\u00fcck an die Premier League bei Sky. Diese lief dort (zumindest seitdem ich Sky-Kunde bin) recht lieblos auf den Sky-Sport-Sendern und d\u00fcmpelte so vor sich hin. An einem Spieltag wurden immer blo\u00df 2-3 Spiele gezeigt. Nachdem J\u00fcrgen Klopp Coach von Liverpool wurde, wurde gef\u00fchlt jedes einzelne Liverpool-Spiel gezeigt \u2013 auch gegen nicht so namhafte Gegner wie Norwich City, Crystal Palace oder sonstige. Vermeintlich wichtigere Spiele blieben damals auf der Strecke. Ich bin mal gespannt, wie sich das ganze ab Sommer 2019 verh\u00e4lt. DAZN zeigt zu jeder Ansto\u00dfzeit ein Spiel, die restlichen Spiele stehen sp\u00e4ter ebenfalls on demand in voller L\u00e4nge zur Verf\u00fcgung. Bei Sky kann man die Spiele \u00fcber Sky Go nachschauen \u2013 pardon, k\u00f6nnte man, wenn es denn funktionieren w\u00fcrde. Oder wo genau kann ich mir nochmal das Spiel meines VFB gegen Bremen angucken? Ich war im Stadion vor Ort (und bin gef\u00fchlt 1000 Tode gestorben) und h\u00e4tte das Spiel eigentlich gerne nochmal angeschaut. Satz mit X, war wohl nix.<\/li><li>Gehen wir mal auf die Kommentatoren ein. Zuletzt wurden die Spiele, meiner Erinnerung nach, haupts\u00e4chlich von Kommentatoren kommentiert, die sonst nur die zweite Liga gemacht haben: Meinert, Schr\u00f6ter, Renner, Gaupp, Haist, Tomic. Ab und an gaben sich auch ein Michael Born oder ein Roland Evers mal die Ehre. Soll zeigen: Sportsfreunde, die sich jetzt etwa auf Wolff Fuss oder sonstige Kumpanen freuen, sollen sich erst einmal nicht zu fr\u00fch freuen. In den letzten Sky-Premier-League -Spielzeiten war Fuss schlie\u00dflich auch nicht mehr in England zu h\u00f6ren. Also, lassen wir uns einfach mal \u00fcberraschen, wie viele Spiele Sky pro Spieltag anbieten wird und wie das gesamte Konstrukt aufgebaut wird. Ich w\u00fcrde mich \u00fcber eine positive \u00dcberraschung freuen, allerdings tobt in mir immer noch der Hintergedanke, dass schon die letzte Sky-Saison mit englischem Fu\u00dfball eher so nebens\u00e4chlich im Sande verlief.<\/li><li>Reden wir doch mal \u00fcber den gro\u00dfen Verlierer des Deals, n\u00e4mlich&nbsp;<strong>DAZN.&nbsp;<\/strong>F\u00fcr den Streaming-Dienst ist es gef\u00fchlsm\u00e4\u00dfig die erste gro\u00dfe Schlappe in einem Rechteverfahren, nachdem man in letzter Zeit eigentlich immer wie der Sieger aussah. Mit der Premier League verliert DAZN auf jeden Fall eines seiner Steckenpferde und somit ist ein gro\u00dfer Verlust zu beklagen. Leute, die nur die Premier League sehen wollten, ziehen also mit Ablauf der laufenden Saison wieder von dannen. Ich f\u00fcr meinen Teil sehe nach wie vor keinen Grund, das Abo zu k\u00fcndigen. Ich sehe nach wie vor La Liga, Serie A, Champions- und Europa League, NFL, NBA, NHL, Darts, UFC und auch einige lustige Spiele der Championship in England. Also, kein Grund zur Sorge.<\/li><\/ol>\n\n\n\n<p>Was sagt ihr zu diesem Deal? Gewinn f\u00fcr Sky? Verlust f\u00fcr DAZN? Wie w\u00fcnscht ihr euch die Premier League bei Sky? Konferenz w\u00e4re lustig, wobei ich das f\u00fcr unwahrscheinlich halte. H\u00e4tte Sky \u00fcberhaupt noch soviel Personal? Mehr zu lesen gibt es \u00fcbrigens&nbsp;<a href=\"https:\/\/web.archive.org\/web\/20181018153510\/https:\/\/www.dwdl.de\/nachrichten\/69068\/rueckschlag_fuer_dazn_sky_zeigt_wieder_die_premier_league\/\">hier!<\/a><\/p>\n\n\n\n<p>Auf zum hier und jetzt!<\/p>\n\n\n\n<p><em><strong>Die Ansetzungen vom 05. Oktober 2018 bis zum 08. Oktober 2018&nbsp;<\/strong><\/em><\/p>\n\n\n\n<p><em><strong>Bundesliga, 7. Spieltag<\/strong><\/em><\/p>\n\n\n\n<p>Freitag, 05. Oktober 2018 ab 19.30 Uhr (Eurosport 2 Xtra)<\/p>\n\n\n\n<p><em><strong>Werder Bremen \u2013 VFL Wolfsburg (20.30 Uhr)<\/strong><\/em><\/p>\n\n\n\n<ul class=\"wp-block-list\"><li>Eurosport 2 Xtra: Matthias Stach<\/li><\/ul>\n\n\n\n<p>Moderation (Eurosport 2 Xtra): Jan Henkel, Experte: Matthias Sammer<\/p>\n\n\n\n<p>Samstag, 06. Oktober 2018 ab 14.00 Uhr (Sky)<\/p>\n\n\n\n<p><em><strong>Borussia Dortmund&nbsp;\u2013&nbsp;FC Augsburg&nbsp;&nbsp;(15.30 Uhr)<\/strong><\/em><\/p>\n\n\n\n<ul class=\"wp-block-list\"><li>Sky: Marcus Lindemann (Einzelspiel), Hansi K\u00fcpper (Konferenz)<\/li><\/ul>\n\n\n\n<p><em><strong>Fortuna D\u00fcsseldorf \u2013&nbsp;FC Schalke 04&nbsp;(15.30 Uhr)<\/strong><\/em><\/p>\n\n\n\n<ul class=\"wp-block-list\"><li>Sky: Kai Dittmann (Einzelspiel), Roland Evers (Konferenz)<\/li><\/ul>\n\n\n\n<p><em><strong>Hannover 96 \u2013&nbsp;VfB Stuttgart (15-30 Uhr)<\/strong><\/em><\/p>\n\n\n\n<ul class=\"wp-block-list\"><li>Sky: Florian Schmidt-Sommerfeld (Einzelspiel), Oliver Seidler (Konferenz)<\/li><\/ul>\n\n\n\n<p><em><strong>1. FSV Mainz 05 \u2013&nbsp;Hertha BSC&nbsp;&nbsp;(15.30 Uhr)<\/strong><\/em><\/p>\n\n\n\n<ul class=\"wp-block-list\"><li>Sky: Klaus Veltmann (Einzelspiel), Toni Tomic (Konferenz)<\/li><\/ul>\n\n\n\n<p>Moderation (Sky): Britta Hofmann; Experten: Reiner Callmund &amp; Christoph Metzelder<\/p>\n\n\n\n<p>Ab 17.30 Uhr (Sky)<\/p>\n\n\n\n<p><em><strong>FC Bayern M\u00fcnchen \u2013 Borussia M\u00f6nchengladbach (18.30 Uhr)<\/strong><\/em><\/p>\n\n\n\n<ul class=\"wp-block-list\"><li>Sky: Martin Gro\u00df<\/li><\/ul>\n\n\n\n<p>Moderation (Sky): Sebastian Hellmann, Experte: Lothar Matth\u00e4us<\/p>\n\n\n\n<p>Sonntag, 07. Oktober 2018 ab 12.30 Uhr (Eurosport 2 Xtra)<\/p>\n\n\n\n<p><em><strong>SC Freiburg \u2013 Bayer 04 Leverkusen (13.30 Uhr)<\/strong><\/em><\/p>\n\n\n\n<ul class=\"wp-block-list\"><li>Eurosport 2 Xtra: Philipp Eger<\/li><\/ul>\n\n\n\n<p>Moderation (Telekom Sport): Jan Henkel, Experte: Matthias Sammer<\/p>\n\n\n\n<p>Ab 14.30 Uhr (Sky)<\/p>\n\n\n\n<p><em><strong>1899 Hoffenheim \u2013&nbsp;Eintracht Frankfurt (15.30 Uhr)<\/strong><\/em><\/p>\n\n\n\n<ul class=\"wp-block-list\"><li>Sky: Tom Bayer<\/li><\/ul>\n\n\n\n<p>Moderation (Sky): Jessica Libbertz, Experte: Dietmar Hamann<\/p>\n\n\n\n<p>Ab 17.30 Uhr (Sky)<\/p>\n\n\n\n<p><em><strong>RB Leipzig&nbsp;\u2013&nbsp;1. FC N\u00fcrnberg (18.00 Uhr)<\/strong><\/em><\/p>\n\n\n\n<ul class=\"wp-block-list\"><li>Sky: Michael Born<\/li><\/ul>\n\n\n\n<p>Moderation (Sky): Jessica Libbertz, Experte: Dietmar Hamann<\/p>\n\n\n\n<hr class=\"wp-block-separator\"\/>\n\n\n\n<p><em><strong>2. Bundesliga, 9. Spieltag<\/strong><\/em><\/p>\n\n\n\n<p>Freitag, 05. Oktober 2018 ab 18.00 Uhr (Sky)<\/p>\n\n\n\n<p><em><strong>SV Darmstadt 98&nbsp;\u2013&nbsp;Hamburger SV&nbsp;(18.30 Uhr)<\/strong><\/em><\/p>\n\n\n\n<ul class=\"wp-block-list\"><li>Sky: Sven Schr\u00f6ter (Einzelspiel), J\u00f6rg Dahlmann (Konferenz)<\/li><\/ul>\n\n\n\n<p><em><strong>VfL Bochum \u2013&nbsp;Arminia Bielefeld&nbsp;(18.30 Uhr)<\/strong><\/em><\/p>\n\n\n\n<ul class=\"wp-block-list\"><li>Sky: J\u00fcrgen Schmitz (Einzelspiel), Holger Pfandt (Konferenz)<\/li><\/ul>\n\n\n\n<p>Moderation (Sky): Stefan Hempel<\/p>\n\n\n\n<p>Samstag, 06. Oktober 2018 ab 12.30 Uhr (Sky)<\/p>\n\n\n\n<p><em><strong>1. FC Magdeburg&nbsp;\u2013&nbsp;Dynamo Dresden&nbsp;(13.00 Uhr)<\/strong><\/em><\/p>\n\n\n\n<ul class=\"wp-block-list\"><li>Sky: Torsten Kunde (Einzelspiel), J\u00f6rg Dahlmann (Konferenz)<\/li><\/ul>\n\n\n\n<p><em><strong>Erzgebirge Aue \u2013&nbsp;Holstein Kiel&nbsp;(13.00 Uhr)<\/strong><\/em><\/p>\n\n\n\n<ul class=\"wp-block-list\"><li>Sky: J\u00fcrgen Schmitz (Einzelspiel), Markus Gaupp (Konferenz)<\/li><\/ul>\n\n\n\n<p><em><strong>SpVgg Greuther F\u00fcrth&nbsp;\u2013&nbsp;Jahn Regensburg&nbsp;(13.00 Uhr)<\/strong><\/em><\/p>\n\n\n\n<ul class=\"wp-block-list\"><li>Sky: Sven Haist (Einzelspiel), Holger Pfandt (Konferenz)<\/li><\/ul>\n\n\n\n<p>Moderation (Sky): Peter Hardenacke<\/p>\n\n\n\n<p>Sonntag, 07. Oktober 2018 ab 13.00 Uhr (Sky)<\/p>\n\n\n\n<p><em><strong>FC St. Pauli&nbsp;\u2013&nbsp;SV Sandhausen&nbsp;(13.30 Uhr)<\/strong><\/em><\/p>\n\n\n\n<ul class=\"wp-block-list\"><li>Sky: Hansi K\u00fcpper (Einzelspiel), Sven Schr\u00f6ter (Konferenz)<\/li><\/ul>\n\n\n\n<p><em><strong>1. FC Union Berlin&nbsp;\u2013&nbsp;1. FC Heidenheim&nbsp;(13.30 Uhr)<\/strong><\/em><\/p>\n\n\n\n<ul class=\"wp-block-list\"><li>Sky: Sven Haist (Einzelspiel), Oliver Seidler (Konferenz)<\/li><\/ul>\n\n\n\n<p><em><strong>FC Ingolstadt 04 \u2013&nbsp;SC&nbsp;Paderborn 07&nbsp;(13.30 Uhr)<\/strong><\/em><\/p>\n\n\n\n<ul class=\"wp-block-list\"><li>Sky: Ulli Potofski (Einzelspiel), Holger Pfandt (Konferenz)<\/li><\/ul>\n\n\n\n<p>Moderation (Sky): Hartmut von Kameke<\/p>\n\n\n\n<p>Montag, 08. Oktober 2018 ab 20.00 Uhr (Sky)<\/p>\n\n\n\n<p><em><strong>1. FC&nbsp;K\u00f6ln&nbsp;\u2013&nbsp;MSV Duisburg&nbsp;(20.30 Uhr)<\/strong><\/em><\/p>\n\n\n\n<ul class=\"wp-block-list\"><li>Sky: Klaus Veltmann<\/li><\/ul>\n\n\n\n<p>Moderation (Sky): Yannick Erkenbrecher<\/p>\n\n\n\n<hr class=\"wp-block-separator\"\/>\n\n\n\n<p><em><strong>3. Liga, 11. Spieltag<\/strong><\/em><\/p>\n\n\n\n<p>Freitag, 05. Oktober 2018 ab 18.30 Uhr (Telekom Sport)<\/p>\n\n\n\n<p><em><strong>Hansa Rostock \u2013 Karlsruher SC (19.00 Uhr)<\/strong><\/em><\/p>\n\n\n\n<ul class=\"wp-block-list\"><li>Telekom Sport: Alexander K\u00fcpper<\/li><\/ul>\n\n\n\n<p>Moderation (Telekom Sport): Anett Sattler<\/p>\n\n\n\n<p>Samstag, 06. Oktober 2018 ab 13.45 Uhr (Telekom Sport)<\/p>\n\n\n\n<p><em><strong>Eintracht Braunschweig \u2013 Sportfreunde Lotte (14.00 Uhr)<\/strong><\/em><\/p>\n\n\n\n<ul class=\"wp-block-list\"><li>Telekom Sport: Markus Herwig<\/li><\/ul>\n\n\n\n<p>Moderation (Telekom Sport): Cedric Pick<\/p>\n\n\n\n<p><em><strong>VFR Aalen \u2013 Fortuna K\u00f6ln (14.00 Uhr)<\/strong><\/em><\/p>\n\n\n\n<ul class=\"wp-block-list\"><li>Telekom Sport: Oskar Heirler<\/li><\/ul>\n\n\n\n<p>Moderation (Telekom Sport): Nele Schenker<\/p>\n\n\n\n<p><em><strong>KFC Uerdingen \u2013 Carl-Zeiss Jena (14.00 Uhr)<\/strong><\/em><\/p>\n\n\n\n<ul class=\"wp-block-list\"><li>Telekom Sport: Markus H\u00f6hner<\/li><\/ul>\n\n\n\n<p>Moderation (Telekom Sport): Thomas Wagner<\/p>\n\n\n\n<p><em><strong>VFL Osnabr\u00fcck \u2013 1. FC Kaiserslautern (14.00 Uhr)<\/strong><\/em><\/p>\n\n\n\n<ul class=\"wp-block-list\"><li>Telekom Sport: S\u00f6mke Sievers<\/li><li>NDR; Hendrik Deichmann<\/li><\/ul>\n\n\n\n<p>Moderation (Telekom Sport): Anett Sattler<br>Moderation (NDR): Andreas K\u00e4ckell<\/p>\n\n\n\n<p><em><strong>SpVgg Unterhaching \u2013 Preu\u00dfen M\u00fcnster (14.00 Uhr)<\/strong><\/em><\/p>\n\n\n\n<ul class=\"wp-block-list\"><li>Telekom Sport: Alexander Kunz<\/li><li>BR: Florian Eckl<\/li><\/ul>\n\n\n\n<p>Moderation (Telekom Sport): Sascha Bandermann<br>Moderation (BR): Dominik Vischer<\/p>\n\n\n\n<p><em><strong>Energie Cottbus \u2013 FSV Zwickau (14.00 Uhr)<\/strong><\/em><\/p>\n\n\n\n<ul class=\"wp-block-list\"><li>Telekom Sport: Andreas Mann<\/li><li>MDR: Torsten P\u00fcschel<\/li><\/ul>\n\n\n\n<p>Moderation (Telekom Sport): Stefanie Blochwitz<br>Moderation (MDR): ???<\/p>\n\n\n\n<p>Sonntag, 07. Oktober 2018 ab 12.45 Uhr (Telekom Sport)<\/p>\n\n\n\n<p><strong><em>SV Meppen \u2013 1860 M\u00fcnchen (13.00 Uhr)<\/em><\/strong><\/p>\n\n\n\n<ul class=\"wp-block-list\"><li>Telekom Sport: Stefan Fuckert<\/li><\/ul>\n\n\n\n<p>Moderation (Telekom Sport): Thomas Wagner<\/p>\n\n\n\n<p>Ab 13.45 Uhr (Telekom Sport)<\/p>\n\n\n\n<p><em><strong>SV Wehen Wiesbaden \u2013 Hallescher FC (14.00 Uhr)<\/strong><\/em><\/p>\n\n\n\n<ul class=\"wp-block-list\"><li>Telekom Sport: Mario Bast<\/li><\/ul>\n\n\n\n<p>Moderation (Telekom Sport): Nele Schenker<\/p>\n\n\n\n<p>Montag, 08. Oktober 2018 ab 18.45 Uhr (Telekom Sport)<\/p>\n\n\n\n<p><em><strong>W\u00fcrzburger Kickers \u2013 SG Sonnenhof Gro\u00dfaspach (19.00 Uhr)<\/strong><\/em><\/p>\n\n\n\n<ul class=\"wp-block-list\"><li>Telekom Sport: Martin Piller<\/li><\/ul>\n\n\n\n<p>Moderation (Telekom Sport): Sascha Bandermann<\/p>\n\n\n\n<hr class=\"wp-block-separator\"\/>\n\n\n\n<p><em><strong>Sonstiger Fu\u00dfball National<\/strong><\/em><\/p>\n\n\n\n<p>Montag, 08. Oktober 2018 ab 20.15 Uhr (Sport1)<\/p>\n\n\n\n<p>Regionalliga S\u00fcdwest, 12. Spieltag:&nbsp;<em><strong>1899 Hoffenheim II \u2013 VFB Stuttgart II (20.15 Uhr)<\/strong><\/em><\/p>\n\n\n\n<ul class=\"wp-block-list\"><li>Sport1: ???<\/li><\/ul>\n\n\n\n<hr class=\"wp-block-separator\"\/>\n\n\n\n<p><em><strong>Frauenfu\u00dfball-Testspiel<\/strong><\/em><\/p>\n\n\n\n<p>Samstag, 06. Oktober 2018 ab 13.45 Uhr (ZDF)<\/p>\n\n\n\n<p><em><strong>Deutschland \u2013 \u00d6sterreich (14.00 Uhr)<\/strong><\/em><\/p>\n\n\n\n<ul class=\"wp-block-list\"><li>ZDF: Claudia Neumann<\/li><\/ul>\n\n\n\n<p>Moderation (ZDF): Sven Voss<\/p>\n\n\n\n<hr class=\"wp-block-separator\"\/>\n\n\n\n<p><em><strong>Fu\u00dfball International&nbsp;<\/strong><\/em><\/p>\n\n\n\n<p>Freitag, 05. Oktober 2018<\/p>\n\n\n\n<p>Copa Libertadores, Viertelfinale, R\u00fcckspiel:&nbsp;<strong><em>Cruzeiro (BRA) \u2013 Boca Juniors (ARG) (02.45 Uhr)<\/em><\/strong><\/p>\n\n\n\n<ul class=\"wp-block-list\"><li>Sportdigital: Christian Blunck<\/li><\/ul>\n\n\n\n<p>Ligue 1, 9. Spieltag:&nbsp;<em><strong>FC Toulouse \u2013 OGC Nizza (20.45 Uhr)<\/strong><\/em><\/p>\n\n\n\n<ul class=\"wp-block-list\"><li>Sport1+: ???<\/li><\/ul>\n\n\n\n<p>Samstag, 06. Oktober 2018<\/p>\n\n\n\n<p>Chinese Super League, 25. Spieltag:&nbsp;<em><strong>Hebei China Fortune \u2013 Guangzhou Evergrande Taobao (13.30 Uhr)<\/strong><\/em><\/p>\n\n\n\n<ul class=\"wp-block-list\"><li>Sportdigital: Hannes Herrmann<\/li><\/ul>\n\n\n\n<p>Sky Bet Championship, 12. Spieltag:&nbsp;<em><strong>Preston North End \u2013 Wigan Athletic (16.00 Uhr)<\/strong><\/em><\/p>\n\n\n\n<ul class=\"wp-block-list\"><li>Sportdigital: Karsten Linke<\/li><\/ul>\n\n\n\n<p>Sky Bet Championship, 12. Spieltag:&nbsp;<em><strong>Bolton Wanderers \u2013 Blackburn Rovers (18.30 Uhr)<\/strong><\/em><\/p>\n\n\n\n<ul class=\"wp-block-list\"><li>Sport1+: ???<\/li><\/ul>\n\n\n\n<p>Eredivisie, 8. Spieltag:&nbsp;<em><strong>PSV Eindhoven \u2013 VVV-Venlo (19.45 Uhr)<\/strong><\/em><\/p>\n\n\n\n<ul class=\"wp-block-list\"><li>Sportdigital: J\u00f6rg Steiger<\/li><\/ul>\n\n\n\n<p>Major League Soccer, 32. Spieltag:&nbsp;<em><strong>Montreal Impact \u2013 Columbus Crew SC (21.00 Uhr)<\/strong><\/em><\/p>\n\n\n\n<ul class=\"wp-block-list\"><li>Eurosport 2: Tobi Fischbeck<\/li><\/ul>\n\n\n\n<p>Major League Soccer, 32. Spieltag:&nbsp;<em><strong>Toronto FC \u2013 Vancouver Whitecaps (23.00 Uhr)<\/strong><\/em><\/p>\n\n\n\n<ul class=\"wp-block-list\"><li>Eurosport 2: Frank Winkler<\/li><\/ul>\n\n\n\n<p>Campeonate Brasileiiro, 28. Spieltag:&nbsp;<em><strong>FC Sao Paulo \u2013 SE Palmeiras (23.00 Uhr)<\/strong><\/em><\/p>\n\n\n\n<ul class=\"wp-block-list\"><li>Sport1+: ???<\/li><\/ul>\n\n\n\n<p>Sonntag, 07. Oktober 2018<\/p>\n\n\n\n<p>Eredivisie, 8. Spieltag:&nbsp;<em><strong>Willem II Tilburg \u2013 Feyenoord Rotterdam (14.30 Uhr)<\/strong><\/em><\/p>\n\n\n\n<ul class=\"wp-block-list\"><li>Sportdigital: Hannes Herrmann<\/li><\/ul>\n\n\n\n<p>Serie A, 8. Spieltag:&nbsp;<em><strong>Lazio Rom \u2013 AC Florenz (15.00 Uhr)<\/strong><\/em><\/p>\n\n\n\n<ul class=\"wp-block-list\"><li>Sport1+: ???<\/li><\/ul>\n\n\n\n<p>Ligue 1, 9. Spieltag:&nbsp;<em><strong>Olympique Marseille \u2013 SM Caen (17.00 Uhr)<\/strong><\/em><\/p>\n\n\n\n<ul class=\"wp-block-list\"><li>Sport1+: ???<\/li><\/ul>\n\n\n\n<p>Liga NOS, 7. Spieltag:&nbsp;<em><strong>Benfica Lissabon \u2013 FC Porto (18.00 Uhr)<\/strong><\/em><\/p>\n\n\n\n<ul class=\"wp-block-list\"><li>Sportdigital: J\u00f6rg Steiger<\/li><\/ul>\n\n\n\n<p>Major League Soccer, 32. Spieltag:&nbsp;<em><strong>DC United \u2013 Chicago Fire (19.00 Uhr)<\/strong><\/em><\/p>\n\n\n\n<ul class=\"wp-block-list\"><li>Eurosport 2: Robby Hunke<\/li><\/ul>\n\n\n\n<p>Liga NOS, 7. Spieltag:&nbsp;<em><strong>Portimonense SC \u2013 Sporting Lissabon (21.00 Uhr)<\/strong><\/em><\/p>\n\n\n\n<ul class=\"wp-block-list\"><li>Sportdigital: Karsten Linke<\/li><\/ul>\n\n\n\n<p>Montag, 08. Oktober 2018<\/p>\n\n\n\n<p>Superliga Argentina, 8. Spieltag:&nbsp;<em><strong>Racing Club \u2013 Boca Juniors (01.00 Uhr)<\/strong><\/em><\/p>\n\n\n\n<ul class=\"wp-block-list\"><li>Sportdigital: Christian Blunck<\/li><\/ul>\n\n\n\n<hr class=\"wp-block-separator\"\/>\n\n\n\n<p><em>Die<\/em><em>&nbsp;aufgef\u00fchrten Ansetzungen gew\u00e4hren keine Vollst\u00e4ndigkeit. Die Autoren des Kommentatorenblogs behalten es sich vor, TV-\u00dcbertragungen und Livestreams zu ignorieren. Grunds\u00e4tzlich nicht aufgef\u00fchrt werden Ansetzungen ausl\u00e4ndischer Sender.<\/em><\/p>\n\n\n\n<hr class=\"wp-block-separator\"\/>\n\n\n\n<p><em><strong>Die Analyse<\/strong><\/em><\/p>\n\n\n\n<p>#stachinformiert er\u00f6ffnet den Spieltag im hohen Norden. Werfen wir doch mal einen Blick auf den Samstag: Marcus Lindemann im Pott beim BVB, Kai Dittmann dagegen k\u00fcmmert sich parallel um den Schlager D\u00fcsseldorf \u2013 Schalke. Schmiso kommt in Hannover mal wieder zu einem Einzelspiel, Klaus Veltmann hat einen \u201eWundersch\u00f6nen Fu\u00dfballtag\u201c in Mainz. Das Topspiel \u00fcbernimmt, aus meiner Sicht etwas \u00fcberraschend, Martin Gro\u00df. Wolff Fuss ist, \u00e4hnlich wie Jonas Friedrich, \u00fcberhaupt nicht im Bilde an diesem Wochenende. H\u00e4tten also schon genug Zeit f\u00fcr Premier League. Mal wieder so ein zerst\u00fcckelter Spieltag, weswegen im Breisgau bereits um 13.30 Uhr angepfiffen wird. Tom Bayer ist in Sinsheim, Michael Born schlie\u00dft den Spieltag in Leipzig ab.<\/p>\n\n\n\n<p>Spielen wir mal wieder ein munteres Spiel. Welcher Sky-Kommentator k\u00f6nnte denn vor Ort sein und welcher stellt sich bei der Schalte ins Stadion scheinheilig vor einen Bildschirm. Vermutung: Kunde k\u00f6nnte in Magdeburg sein, Haist k\u00f6nnte in F\u00fcrth sein, Potofski k\u00f6nnte Ingolstadt besuchen und Veltmann k\u00f6nnte theoretisch in K\u00f6ln sein. Bei den anderen Spielen tu ich mir schwer mit einer Prognose. K\u00fcpper ist am Samstag beispielsweise in M\u00fcnchen in der Konferenz und soll sich tags darauf in Hamburg aufhalten, Sven Haist soll am Samstag in F\u00fcrth und am Sonntag in Berlin sein? Auch das halte ich f\u00fcr unrealistisch. Auch das J\u00fcrgen Schmitz mal eben die Reise von Bochum nach Aue antritt, sehe ich nicht. Ob Sven Schr\u00f6ter in Darmstadt ist, vermag ich nicht einzusch\u00e4tzen.<\/p>\n\n\n\n<p>Kurzer Blick auf die dritte Liga: Viele bekannte Namen und tats\u00e4chlich eine fast l\u00fcckenlose Auflistung. Freut uns, weiter so!<\/p>\n\n\n\n<p>Bei Sportdigital ist Christian Blunck dieses Wochenende der Mann f\u00fcr die Nachtschicht, gleich zweimal muss er zur Geisterstunde ran. J\u00f6rg Steiger \u00fcbernimmt das Topspiel in Portugal. Sport1 hinkt hinterher, vielleicht wissen wir morgen mehr.<\/p>\n","protected":false},"excerpt":{"rendered":"<p>(Beitrag von Dennis, reposted von Nico) N\u2019Abend allerseits! Eine Meldung, die so unerwartet kommt wie ein Sieg des VFB Stuttgart: Sky hat sich tats\u00e4chlich ab der kommenden Saison die Premier League gesichert. Somit kehrt die wohl st\u00e4rkste Fu\u00dfball-Liga der Welt wieder an den Platz zur\u00fcck, den sie 2016 verlassen hat \u2013 DAZN, seines Zeichens aktueller [&hellip;]<\/p>\n","protected":false},"author":4,"featured_media":0,"comment_status":"open","ping_status":"open","sticky":false,"template":"","format":"standard","meta":{"footnotes":""},"categories":[424],"tags":[],"class_list":["post-7340","post","type-post","status-publish","format-standard","hentry","category-bundesliga-und-co"],"_links":{"self":[{"href":"http:\/\/kommentatorenblog.de\/index.php?rest_route=\/wp\/v2\/posts\/7340","targetHints":{"allow":["GET"]}}],"collection":[{"href":"http:\/\/kommentatorenblog.de\/index.php?rest_route=\/wp\/v2\/posts"}],"about":[{"href":"http:\/\/kommentatorenblog.de\/index.php?rest_route=\/wp\/v2\/types\/post"}],"author":[{"embeddable":true,"href":"http:\/\/kommentatorenblog.de\/index.php?rest_route=\/wp\/v2\/users\/4"}],"replies":[{"embeddable":true,"href":"http:\/\/kommentatorenblog.de\/index.php?rest_route=%2Fwp%2Fv2%2Fcomments&post=7340"}],"version-history":[{"count":1,"href":"http:\/\/kommentatorenblog.de\/index.php?rest_route=\/wp\/v2\/posts\/7340\/revisions"}],"predecessor-version":[{"id":7341,"href":"http:\/\/kommentatorenblog.de\/index.php?rest_route=\/wp\/v2\/posts\/7340\/revisions\/7341"}],"wp:attachment":[{"href":"http:\/\/kommentatorenblog.de\/index.php?rest_route=%2Fwp%2Fv2%2Fmedia&parent=7340"}],"wp:term":[{"taxonomy":"category","embeddable":true,"href":"http:\/\/kommentatorenblog.de\/index.php?rest_route=%2Fwp%2Fv2%2Fcategories&post=7340"},{"taxonomy":"post_tag","embeddable":true,"href":"http:\/\/kommentatorenblog.de\/index.php?rest_route=%2Fwp%2Fv2%2Ftags&post=7340"}],"curies":[{"name":"wp","href":"https:\/\/api.w.org\/{rel}","templated":true}]}}