{"id":7369,"date":"2018-01-11T12:44:00","date_gmt":"2018-01-11T11:44:00","guid":{"rendered":"http:\/\/kommentatorenblog.de\/?p=7369"},"modified":"2021-03-07T13:01:36","modified_gmt":"2021-03-07T12:01:36","slug":"kommentatorenblog-919-es-geht-wieder-los","status":"publish","type":"post","link":"http:\/\/kommentatorenblog.de\/?p=7369","title":{"rendered":"[Kommentatorenblog #919] \u2013 Es geht wieder los!"},"content":{"rendered":"\n<p>(Beitrag von Leon, reposted von Nico)<\/p>\n\n\n\n<p>N\u00b4Abend allerseits!<\/p>\n\n\n\n<p>Endlich geht es wieder los. Am Wochenende startet die&nbsp;<strong>R\u00fcckrunde<\/strong>&nbsp;der Bundesliga. Die erste Liga hat zun\u00e4chst zwei exklusive Spieltage f\u00fcr sich, bevor auch die 2. Bundesliga ab dem 23.01. wieder den Spielbetrieb aufnimmt.<\/p>\n\n\n\n<p>Von den&nbsp;Bundesligisten, die ihr Wintertrainingslager 2018 im Ausland abgehalten hatten, bevorzugte&nbsp;die Mehrzahl&nbsp;auch in diesem Jahr wieder Spanien als Reiseziel. Der FC Bayern war wie in den vergangenen Jahren wieder in Doha. Ein Trainingslager f\u00fcr das die M\u00fcnchener immer wieder Kritik einstecken m\u00fcssen \u2013 wohl auch zu Recht. Trips, wie zum Beispiel nach Florida in die Vereinigten Staaten, fallen dieses Jahr komplett weg. Fast die H\u00e4lfte der Vereine, darunter die Teams aus Leipzig, M\u00f6nchengladbach und Leverkusen, blieben dieses Jahr zuhause. Der Grund daf\u00fcr liegt klar auf der Hand \u2013 die verk\u00fcrzte Winterpause. Der Terminkalender ist dieses Jahr schlichtweg enger. Im Sommer steht ja bekanntlich eine&nbsp;<strong>Fu\u00dfball-Weltmeisterschaft<\/strong>&nbsp;vor der T\u00fcr.<\/p>\n\n\n\n<p><em><strong><u>Die Ansetzungen vom 12. Januar 2017 bis 14. Januar 2018<\/u><\/strong><\/em><\/p>\n\n\n\n<p><em><strong>Bundesliga, 18. Spieltag<\/strong><\/em><\/p>\n\n\n\n<p>Freitag, 12. Januar 2018, ab 19.30 Uhr (Eurosport 2 Xtra) bzw. 20.15 Uhr (ZDF)<\/p>\n\n\n\n<p><em><strong>Bayer Leverkusen \u2013 FC Bayern M\u00fcnchen (20.30 Uhr)<\/strong><\/em><\/p>\n\n\n\n<ul class=\"wp-block-list\"><li>Eurosport 2 Xtra:&nbsp;Marco Hagemann<\/li><li>ZDF: Oliver Schmidt<\/li><\/ul>\n\n\n\n<p>Moderation (Eurosport 2 Xtra): Jan Henkel; Experte: Matthias Sammer<br>Moderation (ZDF): Katrin M\u00fcller-Hohenstein; Experte: Sebastian Kehl<\/p>\n\n\n\n<p>Samstag, 13.&nbsp;Januar 2018, ab 13.00 Uhr (Sky)<\/p>\n\n\n\n<p><em><strong>SV Werder Bremen \u2013 TSG Hoffenheim (15.30 Uhr)<\/strong><\/em><\/p>\n\n\n\n<ul class=\"wp-block-list\"><li>Sky: Marcus Lindemann (Einzelspiel), Holger Pfandt (Konferenz)<\/li><\/ul>\n\n\n\n<p><em><strong>Hannover 96 \u2013 1. FSV Mainz 05 (15.30 Uhr)<\/strong><\/em><\/p>\n\n\n\n<ul class=\"wp-block-list\"><li>Sky: Michael Born (Einzelspiel), Markus G\u00f6tz (Konferenz)<\/li><\/ul>\n\n\n\n<p><em><strong>Eintracht Frankfurt \u2013 SC Freiburg (15.30 Uhr)<\/strong><\/em><\/p>\n\n\n\n<ul class=\"wp-block-list\"><li>Sky: J\u00f6rg Dahlmann (Einzelspiel), Hansi K\u00fcpper (Konferenz)<\/li><\/ul>\n\n\n\n<p><em><strong>FC Augsburg \u2013 Hamburger SV (15.30 Uhr)<\/strong><\/em><\/p>\n\n\n\n<ul class=\"wp-block-list\"><li>Sky: Roland Evers (Einzelspiel), Marc Hindelang (Konferenz)<\/li><\/ul>\n\n\n\n<p><em><strong>VfB Stuttgart \u2013 Hertha BSC (15.30 Uhr)<\/strong><\/em><\/p>\n\n\n\n<ul class=\"wp-block-list\"><li>Sky: Toni Tomic (Einzelspiel), Tom Bayer (Konferenz)<\/li><\/ul>\n\n\n\n<p>ab 17.30 Uhr (Sky)<\/p>\n\n\n\n<p><em><strong>RB Leipzig \u2013 Schalke 04 (18.30 Uhr)<\/strong><\/em><\/p>\n\n\n\n<ul class=\"wp-block-list\"><li>Sky: Wolff Fuss<\/li><\/ul>\n\n\n\n<p>Moderation (Sky): Britta Hofmann &amp; Sebastian Hellmann; Experten: Lothar Matth\u00e4us, Christoph Metzelder &amp; Reiner Calmund<\/p>\n\n\n\n<p>Sonntag, 14. Januar 2018, ab 14.30 Uhr (Sky)<\/p>\n\n\n\n<p><em><strong>1. FC K\u00f6ln \u2013&nbsp;<\/strong><strong>Borussia M\u2019gladbach<\/strong><strong>&nbsp;(15.30 Uhr)<\/strong><\/em><\/p>\n\n\n\n<ul class=\"wp-block-list\"><li>Sky: Martin Gro\u00df<\/li><\/ul>\n\n\n\n<p>ab 17.30 Uhr (Sky)<\/p>\n\n\n\n<p><em><strong>Borussia Dortmund \u2013 VfL Wolfsburg (18.00 Uhr)<\/strong><\/em><\/p>\n\n\n\n<ul class=\"wp-block-list\"><li>Sky: Kai Dittmann<\/li><\/ul>\n\n\n\n<p>Moderation (Sky): Michael Leopold; Experte: Dietmar Hamann<\/p>\n\n\n\n<hr class=\"wp-block-separator\"\/>\n\n\n\n<p><em><strong>Fu\u00dfball International<\/strong><\/em><\/p>\n\n\n\n<p>Freitag, 12. Januar 2018<\/p>\n\n\n\n<p>Sky Bet Championship, 27. Spieltag:&nbsp;<em><strong>Sheffield United<\/strong><\/em><strong>&nbsp;\u2013 Sheffield Wednesday&nbsp;<em>(20.45 Uhr)<\/em><\/strong><\/p>\n\n\n\n<ul class=\"wp-block-list\"><li>sportdigital: Karsten Linke<\/li><\/ul>\n\n\n\n<p>Ligue 1, 20. Spieltag:&nbsp;<em><strong>RC Stra\u00dfbourg&nbsp;<\/strong><strong>\u2013 EA Guingamp<\/strong><strong>&nbsp;(20.45 Uhr)<\/strong><\/em><\/p>\n\n\n\n<ul class=\"wp-block-list\"><li>Sport1+: Peter Kohl<\/li><\/ul>\n\n\n\n<p>Samstag, 13. Januar 2018<\/p>\n\n\n\n<p>Sky Bet Championship, 27. Spieltag:&nbsp;<em><strong>FC Middlesborough<\/strong><\/em><strong><em><strong>&nbsp;\u2013 FC Fulham<\/strong><\/em><\/strong><em><strong>&nbsp;(16.00 Uhr)<\/strong><\/em><\/p>\n\n\n\n<ul class=\"wp-block-list\"><li>sportdigital: J\u00f6rg Steiger<\/li><\/ul>\n\n\n\n<p>Ligue 1, 18. Spieltag:&nbsp;<strong>Stade Rennes \u2013<\/strong>&nbsp;<em><strong>Olympique Marseille<\/strong><strong>&nbsp;(17.00 Uhr)<\/strong><\/em><\/p>\n\n\n\n<ul class=\"wp-block-list\"><li>Sport1+: Peter Kohl<\/li><\/ul>\n\n\n\n<p>Sky Bet Championship, 22. Spieltag:&nbsp;<em><strong>Nottingham Forest \u2013 Aston Villa<\/strong><\/em><em><strong>&nbsp;(18.30 Uhr)<\/strong><\/em><\/p>\n\n\n\n<ul class=\"wp-block-list\"><li>sportdigital: Karsten Linke<\/li><li>Sport1+: Steffen Bohleber<\/li><\/ul>\n\n\n\n<p>Liga NOS, 18. Spieltag:&nbsp;<strong><em>Sporting Braga \u2013 Benfica Lissabon (19.00 Uhr)<\/em><\/strong><\/p>\n\n\n\n<ul class=\"wp-block-list\"><li>sportdigital: Hannes Herrmann<\/li><\/ul>\n\n\n\n<p>Sonntag, 14.&nbsp;<em><u>Januar 2018<\/u><\/em><\/p>\n\n\n\n<p>Hyundai A-League, 16. Spieltag:&nbsp;<em><strong>Adelaide United<\/strong><\/em><strong>&nbsp;\u2013 Sydney FC (09.00Uhr)<\/strong><\/p>\n\n\n\n<ul class=\"wp-block-list\"><li>sportdigital: Christian Blunck<\/li><\/ul>\n\n\n\n<p>Hero Indian Super League, 10. Spieltag:&nbsp;<em><strong>Mumbai City FC \u2013 Kerala Blasters FC<\/strong><\/em><strong><em><strong>&nbsp;(15.30Uhr)<\/strong><\/em><\/strong><\/p>\n\n\n\n<ul class=\"wp-block-list\"><li>sportdigital: ???<\/li><\/ul>\n\n\n\n<p>Ligue 1, 18. Spieltag:&nbsp;<em><strong>Olympique Lyon<\/strong><\/em><strong>&nbsp;\u2013 Angers SCO&nbsp;<em>(17.00 Uhr)<\/em><\/strong><\/p>\n\n\n\n<ul class=\"wp-block-list\"><li>Sport1+: Thomas Herrmann<\/li><\/ul>\n\n\n\n<p>Liga NOS, 15. Spieltag:&nbsp;<em><strong>Sporting Lissabon<\/strong><\/em><strong><em><strong>&nbsp;\u2013 CD Aves<\/strong><\/em><\/strong><em><strong>&nbsp;(21.15 Uhr)<\/strong><\/em><\/p>\n\n\n\n<ul class=\"wp-block-list\"><li>sportdigital: J\u00f6rg Steiger<\/li><\/ul>\n\n\n\n<p><strong>DAZN<\/strong><\/p>\n\n\n\n<ul class=\"wp-block-list\"><li><a href=\"https:\/\/web.archive.org\/web\/20180119225838\/http:\/\/www.spox.com\/de\/sport\/fussball\/international\/england\/livestream\/premier-league-programm-dazn.html\" target=\"_blank\" rel=\"noreferrer noopener\">Premier-League-Ansetzungen<\/a><\/li><li><a href=\"https:\/\/web.archive.org\/web\/20180119225838\/http:\/\/www.spox.com\/de\/sport\/fussball\/international\/spanien\/livestream\/primera-division-programm-la-liga-dazn.html\" target=\"_blank\" rel=\"noreferrer noopener\">Primera-Division-Ansetzungen<\/a><\/li><li><a href=\"https:\/\/web.archive.org\/web\/20180119225838\/http:\/\/www.spox.com\/de\/sport\/fussball\/international\/frankreich\/livestream\/ligue-1-programm-dazn.html\" target=\"_blank\" rel=\"noreferrer noopener\">Ligue-1-Ansetzungen<\/a><\/li><\/ul>\n\n\n\n<hr class=\"wp-block-separator\"\/>\n\n\n\n<p><em>Die<\/em><em>&nbsp;aufgef\u00fchrten Ansetzungen gew\u00e4hren keine Vollst\u00e4ndigkeit. Die Autoren des Kommentatorenblogs behalten es sich vor, TV-\u00dcbertragungen und Livestreams zu ignorieren. Grunds\u00e4tzlich nicht aufgef\u00fchrt werden Ansetzungen ausl\u00e4ndischer Sender.<\/em><\/p>\n\n\n\n<hr class=\"wp-block-separator\"\/>\n\n\n\n<p><em><strong>Die Analyse<\/strong><\/em><\/p>\n\n\n\n<p>Die R\u00fcckrunde beginnt wie die Hinrunde mit dem Spiel der Bayern gegen Bayer 04 Leverkusen. Bei Eurosport ist, wie bei den meisten Spielen in der Hinrunde,&nbsp;Allzweckwaffe Marco Hagemann am Start, Oliver Schmidt kommentiert f\u00fcrs ZDF. In der Samstagskonferenz finden sich die \u201e\u00fcblichen Verd\u00e4chtigen\u201c um Marc Hindelang, Tom Bayer oder Holger Pfandt wieder. Bei den Einzelspielen \u00fcberrascht die Reise von Marcus Lindemann in den Norden der Republik nach Bremen. Kai Dittmann k\u00fcmmert sich wieder um den BVB, Wolff Fuss \u00fcbernimmt daf\u00fcr das Topspiel am Samstag zwischen Leipzig und Schalke 04. Das rheinische Derby zwischen K\u00f6ln und M\u00f6nchengladbach darf Martin Gro\u00df begleiten.<\/p>\n\n\n\n<p>Beim internationalen Fu\u00dfball hei\u00dft es: Neues Jahr, Alte Namen. Sowohl J\u00f6rg Steiger und Karsten Linke f\u00fcr Sportdigital, als auch Peter Kohl f\u00fcr Sport1+, m\u00fcssen am Wochenende gleich doppelt ran. Das Premier-League Topspiel zwischen Liverpool und Manchester City \u00fcbernehmen Uli Hebel und Ralph Gunesch. Zusammen mit Ruben Zimmermann begleitet der Ex-Profi&nbsp;zuvor noch&nbsp;am Samstag das Spiel der Spurs gegen Everton.<\/p>\n\n\n\n<p>Euch ein sch\u00f6nes Fu\u00dfballwochenende!<\/p>\n","protected":false},"excerpt":{"rendered":"<p>(Beitrag von Leon, reposted von Nico) N\u00b4Abend allerseits! Endlich geht es wieder los. Am Wochenende startet die&nbsp;R\u00fcckrunde&nbsp;der Bundesliga. Die erste Liga hat zun\u00e4chst zwei exklusive Spieltage f\u00fcr sich, bevor auch die 2. Bundesliga ab dem 23.01. wieder den Spielbetrieb aufnimmt. Von den&nbsp;Bundesligisten, die ihr Wintertrainingslager 2018 im Ausland abgehalten hatten, bevorzugte&nbsp;die Mehrzahl&nbsp;auch in diesem Jahr [&hellip;]<\/p>\n","protected":false},"author":3,"featured_media":0,"comment_status":"open","ping_status":"open","sticky":false,"template":"","format":"standard","meta":{"footnotes":""},"categories":[424,1],"tags":[],"class_list":["post-7369","post","type-post","status-publish","format-standard","hentry","category-bundesliga-und-co","category-uncategorized"],"_links":{"self":[{"href":"http:\/\/kommentatorenblog.de\/index.php?rest_route=\/wp\/v2\/posts\/7369","targetHints":{"allow":["GET"]}}],"collection":[{"href":"http:\/\/kommentatorenblog.de\/index.php?rest_route=\/wp\/v2\/posts"}],"about":[{"href":"http:\/\/kommentatorenblog.de\/index.php?rest_route=\/wp\/v2\/types\/post"}],"author":[{"embeddable":true,"href":"http:\/\/kommentatorenblog.de\/index.php?rest_route=\/wp\/v2\/users\/3"}],"replies":[{"embeddable":true,"href":"http:\/\/kommentatorenblog.de\/index.php?rest_route=%2Fwp%2Fv2%2Fcomments&post=7369"}],"version-history":[{"count":1,"href":"http:\/\/kommentatorenblog.de\/index.php?rest_route=\/wp\/v2\/posts\/7369\/revisions"}],"predecessor-version":[{"id":7370,"href":"http:\/\/kommentatorenblog.de\/index.php?rest_route=\/wp\/v2\/posts\/7369\/revisions\/7370"}],"wp:attachment":[{"href":"http:\/\/kommentatorenblog.de\/index.php?rest_route=%2Fwp%2Fv2%2Fmedia&parent=7369"}],"wp:term":[{"taxonomy":"category","embeddable":true,"href":"http:\/\/kommentatorenblog.de\/index.php?rest_route=%2Fwp%2Fv2%2Fcategories&post=7369"},{"taxonomy":"post_tag","embeddable":true,"href":"http:\/\/kommentatorenblog.de\/index.php?rest_route=%2Fwp%2Fv2%2Ftags&post=7369"}],"curies":[{"name":"wp","href":"https:\/\/api.w.org\/{rel}","templated":true}]}}