{"id":7861,"date":"2021-03-29T19:30:46","date_gmt":"2021-03-29T18:30:46","guid":{"rendered":"http:\/\/kommentatorenblog.de\/?p=7861"},"modified":"2021-03-29T20:03:03","modified_gmt":"2021-03-29T19:03:03","slug":"1159-rueckblick-auf-hoeness-debuet-und-formel-1-start","status":"publish","type":"post","link":"http:\/\/kommentatorenblog.de\/?p=7861","title":{"rendered":"1159 \u2013 R\u00fcckblick auf Hoene\u00df-Deb\u00fct und Formel-1-Start"},"content":{"rendered":"\n<p>N\u2019Abend allerseits,<\/p>\n\n\n\n<p>die deutsche Nationalmannschaft ist durch mit ihren ersten beiden Auftaktspielen in der WM-Qualifikation. Damit hat auch Uli Hoene\u00df sein Deb\u00fct als TV-Experte bei RTL gegeben. Ich habe mich vorab wirklich gefragt, wie er seine Rolle dort selbst sieht. Schlie\u00dflich ist er f\u00fcr seine direkte Art und gerne f\u00fcr die ein oder andere Wutrede bekannt. Nach der Partie gegen Island ging es dann auch kurz dem DFB an den Kragen, was gestern in der Vorberichterstattung zum Rum\u00e4nien-Spiel noch einmal (f\u00fcr meinen Geschmack etwas zu lange) aufgerollt wurde. Summa summarum muss man sich aber wohl eingestehen, dass es eher zur\u00fcckhaltende Auftritte waren, was ja auch f\u00fcr seine Rolle als Experte v\u00f6llig okay ist. Warum sollte Hoene\u00df auch zu Unterhaltungszwecken die ganze Zeit moppern? Dennoch habe ich mir von seiner Expertise sowie vom Zusammenspiel mit Moderator K\u00f6nig ein bisschen mehr erhofft. Vielleicht liegt es an mir und ich muss mich einfach erstmal dran gew\u00f6hnen, den Uli in einer anderen Rolle zu sehen. Vielleicht muss er sich aber auch selbst erst dran gew\u00f6hnen.<\/p>\n\n\n\n<p>Uli Hoene\u00df ist eine von mehreren Personalien, deren kurzfristiger Gang in die Sport-Berichterstattung vielleicht nicht alle so haben kommen sehen. Zur kommenden Saison wird ja wohl auch Ex-Nationalspieler Mario Gomez TV-Experte in der Champions League bei Amazon, was ich pers\u00f6nlich sehr interessant finde. Und &#8211; es war bereits in den Kommentaren in diesem Blog zu lesen &#8211; Johannes B. Kerner wird EM-Moderator bei Magenta TV. Anders als Gomez ist Kerner in der Sportberichterstattung nat\u00fcrlich kein Unbekannter. Sein Gesicht pr\u00e4gte knapp ein Jahrzehnt das aktuelle Sportstudio im ZDF. Dementsprechend stark finde ich die Verpflichtung der Telekom-Tochter. Ganz \u00fcberraschend ist der \u201eWechsel\u201c aber nicht. Schlie\u00dflich hat Kerner dort schon vor zwei Jahren die Talk-Show \u201eBestbesetzung\u201c moderiert. Ich bin neugierig, wer in den kommenden Jahren noch so seinen Weg (zur\u00fcck) ins Sport-TV findet und explizit, welche prominenten Namen Magenta noch f\u00fcr die anstehenden Gro\u00dfturniere ins Boot holt.<\/p>\n\n\n\n<hr class=\"wp-block-separator\"\/>\n\n\n\n<p><strong>Formel 1 gestartet <strong><em>\u2013<\/em><\/strong><\/strong> <strong>Sky hat die Hosen an<\/strong><\/p>\n\n\n\n<p>Ein paar Worte m\u00f6chte ich noch zur Formel 1 verlieren, die gestern wieder gestartet ist. Bei Sky war der Saison-Auftakt zu sehen. In der Sky-Riege war neben Sascha Roos und Timo Glock auch wieder Ralf Schumacher als Experte mit dabei. Die Besonderheit in diesem Jahr: Sein Neffe und Sohn von Michael Schuhmacher Mick startet f\u00fcr Haas. Aus deutscher Sicht und f\u00fcr Nostalgiker eine spannende Geschichte, zumal der 22-J\u00e4hrige mit dem gleichen K\u00fcrzel wie einst sein Vater ins Rennen geht. Doch man hat gestern gesehen, dass es schwierig werden d\u00fcrfte. Das liegt nicht nur an ihm, sondern auch an seinem Team, das erst ab dem n\u00e4chsten Jahr so richtig angreifen will, wenn man Teamchef G\u00fcnther Steiner Glauben schenkt. Doch diese Saison schreibt noch weitere Geschichten. Fernando Alonso &#8211; dem gestern ein Sandwichpapier einen Strich durch die Rechnung machte &#8211; ist zu Renault (Alpine F1 Team<em>) <\/em>zur\u00fcckgekehrt. Sebastian Vettel versucht es nach seinem Ferrari-Aus im Aston Martin. Und Lewis Hamilton greift nach seinem achten Weltmeistertitel, der ihn zum alleinigen Rekordhalter machen k\u00f6nnte. Mit dem Grand-Prix in Bahrain hat er gestern in einem spannenden Schlussspurt daf\u00fcr schonmal eine erste Grundlage geschaffen.<\/p>\n\n\n\n<p>Wer in dieser Saison alle Formel-1-Rennen schauen m\u00f6chte, der braucht ein Sky-Abonnement. In den vergangenen Jahren war ja RTL noch das Ma\u00df aller Dinge, wenn es um Formel 1 ging. Der Sender kann auf 30 Jahre der Motorsport-K\u00f6nigsklasse zur\u00fcckblicken. Mit der Begr\u00fcndung, dass die Kosten wirtschaftlich nicht mehr vertretbar seien, hat sich das Medienunternehmen inzwischen schweren Herzens zur\u00fcckgezogen. Immerhin wurde ein kleiner Deal f\u00fcr diese Saison abgeschlossen, der es RTL erm\u00f6glicht, zumindest vier Rennen auszustrahlen. Der k\u00fcnftige Doppelpass-Moderator Florian K\u00f6nig wird sich diese vier Events sicherlich nicht nehmen lassen. Es handelt sich um die Grands-Prix in Imola (8. April), Barcelona (9. Mai), Monza (12. September) und Sao Paolo (7. November).<\/p>\n\n\n\n<p>Wer glaubt, dass RTL damit immerhin ein Viertel aller Rennen \u00fcbertr\u00e4gt, der t\u00e4uscht sich. Schlie\u00dflich hat die FIA stolze 23 Rennen angesetzt. Die \u00dcberlegung verl\u00e4uft dabei kontr\u00e4r zu den Konzepten anderer Sportarten, bei denen coronabedingt weniger Spiele geplant sind (siehe Eishockey). Stattdessen hofft der Verband offensichtlich, netto auf seine 16\/17 Grands-Prix zu kommen, wenn aufgrund der Pandemie Fahrten abgesagt werden. Zugegeben: Im Eishockey w\u00e4re ein solches Konzept, ob der traditionell engen Taktung nat\u00fcrlich gar nicht umsetzbar. Die FIA hat bei einem solchen Projekt dagegen wenig zu riskieren.&nbsp;<\/p>\n\n\n\n<p>Und damit kommen wir zu den Ansetzungen und zu Teil II der L\u00e4nderspielpause.<\/p>\n\n\n\n<hr class=\"wp-block-separator\"\/>\n\n\n\n<p><strong><em><strong><em>Die Ansetzungen vom 30. M\u00e4rz bis zum 1. April 2021<\/em><\/strong><\/em><\/strong><\/p>\n\n\n\n<p><strong>WM-Qualifikation, 03. Spieltag<\/strong><\/p>\n\n\n\n<p><span style=\"text-decoration: underline;\">Mittwoch 31. M\u00e4rz 2021, ab 20.15 Uhr (RTL)<\/span><\/p>\n\n\n\n<p><strong><em>Deutschland \u2013 Nordmazedonien (20.45 Uhr)<\/em><\/strong><\/p>\n\n\n\n<p><img loading=\"lazy\" decoding=\"async\" width=\"10\" height=\"21\" class=\"wp-image-3656\" style=\"width: 10px;\" src=\"http:\/\/kommentatorenblog.de\/wp-content\/uploads\/2020\/09\/shure-55sh-ii-e1601485394796.jpg\" alt=\"\" srcset=\"http:\/\/kommentatorenblog.de\/wp-content\/uploads\/2020\/09\/shure-55sh-ii-e1601485394796.jpg 415w, http:\/\/kommentatorenblog.de\/wp-content\/uploads\/2020\/09\/shure-55sh-ii-e1601485394796-142x300.jpg 142w\" sizes=\"auto, (max-width: 10px) 100vw, 10px\" \/> Marco Hagemann, Experte: Steffen Freund<\/p>\n\n\n\n<p>Moderation: Florian K\u00f6nig, Experte: Uli Hoene\u00df<\/p>\n\n\n\n<hr class=\"wp-block-separator\"\/>\n\n\n\n<p><strong>WM-Qualifikation, 03. Spieltag <strong>(DAZN &#8211; Spiele ohne deutsche Beteiligung)<\/strong><\/strong><\/p>\n\n\n\n<p><span style=\"text-decoration: underline;\">Dienstag, 30. M\u00e4rz 2021, ab 20.45 Uhr<\/span><\/p>\n\n\n\n<p><strong><em>Belgien \u2013 Belarus (20.45 Uhr)<\/em><\/strong><\/p>\n\n\n\n<p><img loading=\"lazy\" decoding=\"async\" width=\"10\" height=\"21\" class=\"wp-image-3656\" style=\"width: 10px;\" src=\"http:\/\/kommentatorenblog.de\/wp-content\/uploads\/2020\/09\/shure-55sh-ii-e1601485394796.jpg\" alt=\"\" srcset=\"http:\/\/kommentatorenblog.de\/wp-content\/uploads\/2020\/09\/shure-55sh-ii-e1601485394796.jpg 415w, http:\/\/kommentatorenblog.de\/wp-content\/uploads\/2020\/09\/shure-55sh-ii-e1601485394796-142x300.jpg 142w\" sizes=\"auto, (max-width: 10px) 100vw, 10px\" \/> Freddie Schulz<\/p>\n\n\n\n<p><strong><em>Gibraltar \u2013 Niederlande (20.45 Uhr)<\/em><\/strong><\/p>\n\n\n\n<p><img loading=\"lazy\" decoding=\"async\" width=\"10\" height=\"21\" class=\"wp-image-3656\" style=\"width: 10px;\" src=\"http:\/\/kommentatorenblog.de\/wp-content\/uploads\/2020\/09\/shure-55sh-ii-e1601485394796.jpg\" alt=\"\" srcset=\"http:\/\/kommentatorenblog.de\/wp-content\/uploads\/2020\/09\/shure-55sh-ii-e1601485394796.jpg 415w, http:\/\/kommentatorenblog.de\/wp-content\/uploads\/2020\/09\/shure-55sh-ii-e1601485394796-142x300.jpg 142w\" sizes=\"auto, (max-width: 10px) 100vw, 10px\" \/> Guido H\u00fcsgen<\/p>\n\n\n\n<p><strong><em>Luxemburg \u2013 Portugal (20.45 Uhr)<\/em><\/strong><\/p>\n\n\n\n<p><img loading=\"lazy\" decoding=\"async\" width=\"10\" height=\"21\" class=\"wp-image-3656\" style=\"width: 10px;\" src=\"http:\/\/kommentatorenblog.de\/wp-content\/uploads\/2020\/09\/shure-55sh-ii-e1601485394796.jpg\" alt=\"\" srcset=\"http:\/\/kommentatorenblog.de\/wp-content\/uploads\/2020\/09\/shure-55sh-ii-e1601485394796.jpg 415w, http:\/\/kommentatorenblog.de\/wp-content\/uploads\/2020\/09\/shure-55sh-ii-e1601485394796-142x300.jpg 142w\" sizes=\"auto, (max-width: 10px) 100vw, 10px\" \/> Matthias Naebers<\/p>\n\n\n\n<p><strong><em>T\u00fcrkei \u2013 Lettland (20.45 Uhr)<\/em><\/strong><\/p>\n\n\n\n<p><img loading=\"lazy\" decoding=\"async\" width=\"10\" height=\"21\" class=\"wp-image-3656\" style=\"width: 10px;\" src=\"http:\/\/kommentatorenblog.de\/wp-content\/uploads\/2020\/09\/shure-55sh-ii-e1601485394796.jpg\" alt=\"\" srcset=\"http:\/\/kommentatorenblog.de\/wp-content\/uploads\/2020\/09\/shure-55sh-ii-e1601485394796.jpg 415w, http:\/\/kommentatorenblog.de\/wp-content\/uploads\/2020\/09\/shure-55sh-ii-e1601485394796-142x300.jpg 142w\" sizes=\"auto, (max-width: 10px) 100vw, 10px\" \/> Fabian Pavlakovic<\/p>\n\n\n\n<p><span style=\"text-decoration: underline;\">Mittwoch, 31. M\u00e4rz 2021, ab 20.45 Uhr<\/span><\/p>\n\n\n\n<p><strong><em>Bosnien-Herzegowina \u2013 Frankreich (20.45 Uhr)<\/em><\/strong><\/p>\n\n\n\n<p><img loading=\"lazy\" decoding=\"async\" width=\"10\" height=\"21\" class=\"wp-image-3656\" style=\"width: 10px;\" src=\"http:\/\/kommentatorenblog.de\/wp-content\/uploads\/2020\/09\/shure-55sh-ii-e1601485394796.jpg\" alt=\"\" srcset=\"http:\/\/kommentatorenblog.de\/wp-content\/uploads\/2020\/09\/shure-55sh-ii-e1601485394796.jpg 415w, http:\/\/kommentatorenblog.de\/wp-content\/uploads\/2020\/09\/shure-55sh-ii-e1601485394796-142x300.jpg 142w\" sizes=\"auto, (max-width: 10px) 100vw, 10px\" \/> David Ploch, Experte: Alexis Menuge<\/p>\n\n\n\n<p><strong><em>England \u2013 Polen (20.45 Uhr)<\/em><\/strong><\/p>\n\n\n\n<p><img loading=\"lazy\" decoding=\"async\" width=\"10\" height=\"21\" class=\"wp-image-3656\" style=\"width: 10px;\" src=\"http:\/\/kommentatorenblog.de\/wp-content\/uploads\/2020\/09\/shure-55sh-ii-e1601485394796.jpg\" alt=\"\" srcset=\"http:\/\/kommentatorenblog.de\/wp-content\/uploads\/2020\/09\/shure-55sh-ii-e1601485394796.jpg 415w, http:\/\/kommentatorenblog.de\/wp-content\/uploads\/2020\/09\/shure-55sh-ii-e1601485394796-142x300.jpg 142w\" sizes=\"auto, (max-width: 10px) 100vw, 10px\" \/> Uli Hebel, Experte: Ralph Gunesch<\/p>\n\n\n\n<p><strong><em>\u00d6sterreich \u2013 D\u00e4nemark (20.45 Uhr)<\/em><\/strong><\/p>\n\n\n\n<p><img loading=\"lazy\" decoding=\"async\" width=\"10\" height=\"21\" class=\"wp-image-3656\" style=\"width: 10px;\" src=\"http:\/\/kommentatorenblog.de\/wp-content\/uploads\/2020\/09\/shure-55sh-ii-e1601485394796.jpg\" alt=\"\" srcset=\"http:\/\/kommentatorenblog.de\/wp-content\/uploads\/2020\/09\/shure-55sh-ii-e1601485394796.jpg 415w, http:\/\/kommentatorenblog.de\/wp-content\/uploads\/2020\/09\/shure-55sh-ii-e1601485394796-142x300.jpg 142w\" sizes=\"auto, (max-width: 10px) 100vw, 10px\" \/> Max Gross<\/p>\n\n\n\n<p><strong><em>Spanien \u2013 Kosovo (20.45 Uhr)<\/em><\/strong><\/p>\n\n\n\n<p><img loading=\"lazy\" decoding=\"async\" width=\"10\" height=\"21\" class=\"wp-image-3656\" style=\"width: 10px;\" src=\"http:\/\/kommentatorenblog.de\/wp-content\/uploads\/2020\/09\/shure-55sh-ii-e1601485394796.jpg\" alt=\"\" srcset=\"http:\/\/kommentatorenblog.de\/wp-content\/uploads\/2020\/09\/shure-55sh-ii-e1601485394796.jpg 415w, http:\/\/kommentatorenblog.de\/wp-content\/uploads\/2020\/09\/shure-55sh-ii-e1601485394796-142x300.jpg 142w\" sizes=\"auto, (max-width: 10px) 100vw, 10px\" \/> Marcel Seufert<\/p>\n\n\n\n<p><strong><em>Litauen \u2013 Italien (20.45 Uhr)<\/em><\/strong><\/p>\n\n\n\n<p><img loading=\"lazy\" decoding=\"async\" width=\"10\" height=\"21\" class=\"wp-image-3656\" style=\"width: 10px;\" src=\"http:\/\/kommentatorenblog.de\/wp-content\/uploads\/2020\/09\/shure-55sh-ii-e1601485394796.jpg\" alt=\"\" srcset=\"http:\/\/kommentatorenblog.de\/wp-content\/uploads\/2020\/09\/shure-55sh-ii-e1601485394796.jpg 415w, http:\/\/kommentatorenblog.de\/wp-content\/uploads\/2020\/09\/shure-55sh-ii-e1601485394796-142x300.jpg 142w\" sizes=\"auto, (max-width: 10px) 100vw, 10px\" \/> Hans von Brockhausen<\/p>\n\n\n\n<hr class=\"wp-block-separator\"\/>\n\n\n\n<p><strong>U-21-EM-Vorrunde, 03. Spieltag<\/strong><\/p>\n\n\n\n<p><span style=\"text-decoration: underline;\">Dienstag, 30. M\u00e4rz 2021, ab 17.30 Uhr (ProSieben)<\/span><\/p>\n\n\n\n<p><strong><em>Deutschland \u2013 Rum\u00e4nien (18.00 Uhr)<\/em><\/strong><\/p>\n\n\n\n<p><img loading=\"lazy\" decoding=\"async\" width=\"10\" height=\"21\" class=\"wp-image-3656\" style=\"width: 10px;\" src=\"http:\/\/kommentatorenblog.de\/wp-content\/uploads\/2020\/09\/shure-55sh-ii-e1601485394796.jpg\" alt=\"\" srcset=\"http:\/\/kommentatorenblog.de\/wp-content\/uploads\/2020\/09\/shure-55sh-ii-e1601485394796.jpg 415w, http:\/\/kommentatorenblog.de\/wp-content\/uploads\/2020\/09\/shure-55sh-ii-e1601485394796-142x300.jpg 142w\" sizes=\"auto, (max-width: 10px) 100vw, 10px\" \/> Matthias Stach, Field-Reporter: Max Zielke <\/p>\n\n\n\n<p>Moderation: Christian D\u00fcren, Experte: Ren\u00e9 Adler<\/p>\n\n\n\n<p><span style=\"text-decoration: underline;\">ab 20.15 Uhr (ProSieben Maxx)<\/span><\/p>\n\n\n\n<p><strong><em>Spanien \u2013 <strong><em>Tschechien<\/em><\/strong><\/em><\/strong> <strong><em>(21.00 Uhr)<\/em><\/strong><\/p>\n\n\n\n<p><img loading=\"lazy\" decoding=\"async\" width=\"10\" height=\"21\" class=\"wp-image-3656\" style=\"width: 10px;\" src=\"http:\/\/kommentatorenblog.de\/wp-content\/uploads\/2020\/09\/shure-55sh-ii-e1601485394796.jpg\" alt=\"\" srcset=\"http:\/\/kommentatorenblog.de\/wp-content\/uploads\/2020\/09\/shure-55sh-ii-e1601485394796.jpg 415w, http:\/\/kommentatorenblog.de\/wp-content\/uploads\/2020\/09\/shure-55sh-ii-e1601485394796-142x300.jpg 142w\" sizes=\"auto, (max-width: 10px) 100vw, 10px\" \/> Uwe Morawe<\/p>\n\n\n\n<p>Moderation: Anna Kraft, Experte: Markus Feulner<\/p>\n\n\n\n<p><span style=\"text-decoration: underline;\">Mittwoch, 31. M\u00e4rz 2021, ab 17.30 Uhr (ProSieben Maxx)<\/span><\/p>\n\n\n\n<p><strong><em>Kroatien \u2013 <strong><em>England<\/em><\/strong><\/em><\/strong> <strong><em>(18.00 Uhr)<\/em><\/strong><\/p>\n\n\n\n<p><img loading=\"lazy\" decoding=\"async\" width=\"10\" height=\"21\" class=\"wp-image-3656\" style=\"width: 10px;\" src=\"http:\/\/kommentatorenblog.de\/wp-content\/uploads\/2020\/09\/shure-55sh-ii-e1601485394796.jpg\" alt=\"\" srcset=\"http:\/\/kommentatorenblog.de\/wp-content\/uploads\/2020\/09\/shure-55sh-ii-e1601485394796.jpg 415w, http:\/\/kommentatorenblog.de\/wp-content\/uploads\/2020\/09\/shure-55sh-ii-e1601485394796-142x300.jpg 142w\" sizes=\"auto, (max-width: 10px) 100vw, 10px\" \/> Matthias Stach<\/p>\n\n\n\n<p>Moderation: Christian D\u00fcren, Experte: Ren\u00e9 Adler<\/p>\n\n\n\n<hr class=\"wp-block-separator\"\/>\n\n\n\n<p><strong>Champions League der Frauen, Viertelfinal-R\u00fcckspiele<\/strong>&nbsp;<strong>(SPORT1)<\/strong><\/p>\n\n\n\n<p><span style=\"text-decoration: underline;\">Mittwoch, 31. M\u00e4rz 2021, ab 13.55 Uhr<\/span><\/p>\n\n\n\n<p><strong><em>VfL Wolfsburg \u2013 FC Chelsea (14.00 Uhr)<\/em><\/strong><\/p>\n\n\n\n<p><img loading=\"lazy\" decoding=\"async\" width=\"10\" height=\"21\" class=\"wp-image-3656\" style=\"width: 10px;\" src=\"http:\/\/kommentatorenblog.de\/wp-content\/uploads\/2020\/09\/shure-55sh-ii-e1601485394796.jpg\" alt=\"\" srcset=\"http:\/\/kommentatorenblog.de\/wp-content\/uploads\/2020\/09\/shure-55sh-ii-e1601485394796.jpg 415w, http:\/\/kommentatorenblog.de\/wp-content\/uploads\/2020\/09\/shure-55sh-ii-e1601485394796-142x300.jpg 142w\" sizes=\"auto, (max-width: 10px) 100vw, 10px\" \/> Peter Kohl <\/p>\n\n\n\n<p><span style=\"text-decoration: underline;\">Donnerstag, 1. April 2021, ab 18.55 Uhr<\/span><\/p>\n\n\n\n<p><strong><em>FC Rosengrad \u2013 FC Bayern (19.00 Uhr)<\/em><\/strong><\/p>\n\n\n\n<p><img loading=\"lazy\" decoding=\"async\" width=\"10\" height=\"21\" class=\"wp-image-3656\" style=\"width: 10px;\" src=\"http:\/\/kommentatorenblog.de\/wp-content\/uploads\/2020\/09\/shure-55sh-ii-e1601485394796.jpg\" alt=\"\" srcset=\"http:\/\/kommentatorenblog.de\/wp-content\/uploads\/2020\/09\/shure-55sh-ii-e1601485394796.jpg 415w, http:\/\/kommentatorenblog.de\/wp-content\/uploads\/2020\/09\/shure-55sh-ii-e1601485394796-142x300.jpg 142w\" sizes=\"auto, (max-width: 10px) 100vw, 10px\" \/> Oliver Forster<\/p>\n\n\n\n<hr class=\"wp-block-separator\"\/>\n\n\n\n<p><strong>Toto-Pokal, Finale <\/strong><\/p>\n\n\n\n<p><span style=\"text-decoration: underline;\">Dienstag, 30. M\u00e4rz 2021, ab 20.15 Uhr (Sport1)<\/span><\/p>\n\n\n\n<p><strong><em>1860 M\u00fcnchen \u2013 T\u00fcrkg\u00fcc\u00fc M\u00fcnchen (20.30 Uhr)<\/em><\/strong><\/p>\n\n\n\n<p><img loading=\"lazy\" decoding=\"async\" width=\"10\" height=\"21\" class=\"wp-image-3656\" style=\"width: 10px;\" src=\"http:\/\/kommentatorenblog.de\/wp-content\/uploads\/2020\/09\/shure-55sh-ii-e1601485394796.jpg\" alt=\"\" srcset=\"http:\/\/kommentatorenblog.de\/wp-content\/uploads\/2020\/09\/shure-55sh-ii-e1601485394796.jpg 415w, http:\/\/kommentatorenblog.de\/wp-content\/uploads\/2020\/09\/shure-55sh-ii-e1601485394796-142x300.jpg 142w\" sizes=\"auto, (max-width: 10px) 100vw, 10px\" \/> Markus H\u00f6hner<\/p>\n\n\n\n<p>Moderation: Jochen Stutzky<\/p>\n\n\n\n<hr class=\"wp-block-separator\"\/>\n\n\n\n<p><strong>Die Analyse<\/strong><\/p>\n\n\n\n<p>Die Analyse bleibt heute \u00fcberschaubar. Allzu viele Partien stehen ja auch nicht auf dem Programm. Am Mittwoch wartet das dritte Spiel der deutschen Nationalmannschaft, die auf Nordmazedonien trifft. Das Quartett, das f\u00fcr RTL berichtet, ist bekannt. Marco Hagemann und Steffen Freund kommentieren wie schon zuletzt aus dem Studio. Au\u00dferdem versucht Moderator Florian K\u00f6nig wieder, etwas aus Uli Hoene\u00df herauszukitzeln. Das Re-Live bei DAZN \u00fcbernimmt Lukas Sch\u00f6nm\u00fcller. Gibt es erwartungsgem\u00e4\u00df den dritten Sieg im dritten Spiel, kann man reinen Gewissens von einem Auftakt nach Ma\u00df sprechen, wenngleich die L\u00f6w-Elf dann bis dato \u201enur\u201c ihre Pflichtaufgaben erf\u00fcllt hat. Den Auftritt gegen Island, das sich im vergangenen Jahrzehnt immer wieder als ernst zu nehmender Gegner entpuppt hat, fand ich jedenfalls schon sehr \u00fcberzeugend. Der Bayern-Block tut der Nationalmannschaft gut. Unter diesen Vorzeichen sehe ich f\u00fcr die EM nicht mehr so schwarz wie noch unmittelbar nach der Spanien-Klatsche.<\/p>\n\n\n\n<p>Um die \u00fcbrigen Spiele der WM-Qualifikation ohne deutsche Beteiligung k\u00fcmmert sich wieder DAZN. Am Dienstag sind die Favoritenrollen bei den Spielen mit deutscher Kommentar-Ansetzung sehr klar verteilt. Belgien bekommt es mit Belarus zu tun, Freddie Schulz meldet sich vom Mikro. Matthias Naebers bekommt den Aufgalopp der Portugiesen in Luxemburg. Guido H\u00fcsgen widmet sich Gibraltar gegen die Niederlande. Und Fabian Pavlakovic hat das Geschehen in Istanbul im Blick. Die T\u00fcrkei empf\u00e4ngt Lettland. Am Mittwoch gibt es dann auch zwei potenziell engere Spiele, was wir an den Experten-Ansetzungen von DAZN erkennen k\u00f6nnen. England hat Polen vor der Brust, Uli Hebel und Ralph Gunesch sind mit von der Partie. Bosnien-Herzegowina fordert zudem Frankreich heraus. Hier ist der amtierende Weltmeister nat\u00fcrlich der Favorit, ein Selbstl\u00e4ufer wird es aber nicht zwingend. Frankreich-Experte Alexis Menuge unterst\u00fctzt David Ploch. Spanien trifft zudem auf den Kosovo, Marcel Seufert kommentiert. Die Partie Litauen gegen Italien ist eine Sache f\u00fcr Hans von Brockhausen. Zu guter letzt schaut \u00d6sterreich-Fachmann Max Gross der \u00d6FB-Elf zu, die sich mit D\u00e4nemark misst. Auch das verspricht, eine spannende Begegnung zu werden.<\/p>\n\n\n\n<p><strong>U-21 und Toto-Pokal auf Sport1<\/strong><\/p>\n\n\n\n<p>In der U21 geht es f\u00fcr die Mannschaft von Stefan Kuntz am Dienstag gegen Rum\u00e4nien um den Gruppensieg bei der EM. Matthias Stach, der f\u00fcr ProSieben den Kommentar liefert, bekommt es unter Umst\u00e4nden wieder mit seinem Sohn zu tun, der ja im deutschen EM-Kader steht. Bei dessen Einwechslung gegen die Niederlande in der 82. Spielminute sagte Stach zuletzt trocken: &#8222;Sachen gibt&#8217;s, die gibt&#8217;s gar nicht&#8220;, w\u00e4hrend ihm das Herz vermutlich schneller zu schlagen begann. Eine sch\u00f6ne Geschichte! Die Studio-Moderation \u00fcbernehmen wieder in gewohnter Manier Christian D\u00fcren und Ren\u00e9 Adler. Das gleiche Trio ist dann auch Mittwoch im Einsatz, wenn Kroatien und England aufeinandertreffen. Dann allerdings nicht auf ProSieben, sondern auf ProSieben Maxx. Der Spartensender hat zudem am Dienstag die Partie zwischen Spanien und Tschechien im Programm. Uwe Morawe ist am Mikrofon. Anna Kraft moderiert an der Seite von Markus Feulner. Weitere ausgew\u00e4hlte Spiele der U21-EM gibt es nach wie vor im Internet auf ran.de.<\/p>\n\n\n\n<p>Wie schon in der vergangenen Woche lohnt wieder ein Blick ins Sport-1-Programm. Neben den R\u00fcckspielen im CL-Viertelfinale der Frauen spielen zwei Drittligisten den Sieger des Toto-Pokals in Bayern aus. Das Spiel ist nicht nur deshalb brisant, weil es sich um das Stadtderby zwischen 1860 M\u00fcnchen und T\u00fcrkg\u00fcc\u00fc M\u00fcnchen handelt. Stattdessen lockt ein Gewinn des Toto-Pokals die beiden Teams auch in finanzieller wie sportlicher Hinsicht. Denn der Pokalgewinner sichert sich einen der beiden Startpl\u00e4tze des Bayrischen Fu\u00dfball-Verbandes f\u00fcr den DFB-Pokal in der kommenden Saison.<\/p>\n\n\n\n<p>In diesem Sinne Euch eine sch\u00f6ne Woche!<\/p>\n","protected":false},"excerpt":{"rendered":"<p>N\u2019Abend allerseits, die deutsche Nationalmannschaft ist durch mit ihren ersten beiden Auftaktspielen in der WM-Qualifikation. Damit hat auch Uli Hoene\u00df sein Deb\u00fct als TV-Experte bei RTL gegeben. Ich habe mich vorab wirklich gefragt, wie er seine Rolle dort selbst sieht. Schlie\u00dflich ist er f\u00fcr seine direkte Art und gerne f\u00fcr die ein oder andere Wutrede [&hellip;]<\/p>\n","protected":false},"author":2,"featured_media":0,"comment_status":"open","ping_status":"open","sticky":false,"template":"","format":"standard","meta":{"footnotes":""},"categories":[426],"tags":[153,517,323,177,165,13,356,148,519,331,155,314,520,205,276,43,521,516,223,176,283,202,137,108,84,138,241,22,66,151,523,522,105,513,149,514],"class_list":["post-7861","post","type-post","status-publish","format-standard","hentry","category-laenderspiele","tag-alexis-menuge","tag-anna-kraft","tag-champions-league-frauen","tag-christian-dueren","tag-david-ploch","tag-dazn","tag-fabian-pavlakovic","tag-florian-koenig","tag-formel-1","tag-freddie-schulz","tag-guido-huesgen","tag-hans-von-brockhausen","tag-johannes-b-kerner","tag-lukas-schoenmueller","tag-marcel-seufert","tag-marco-hagemann","tag-mario-gomez","tag-markus-feulner","tag-matthias-naebers","tag-matthias-stach","tag-max-gross","tag-prosieben","tag-prosieben-maxx","tag-ralph-gunesch","tag-rene-adler","tag-rtl","tag-sascha-roos","tag-sky","tag-sport1","tag-steffen-freund","tag-toto-pokal","tag-u21-em","tag-uli-hebel","tag-uli-hoeness","tag-uwe-morawe","tag-wm-qualifikation"],"_links":{"self":[{"href":"http:\/\/kommentatorenblog.de\/index.php?rest_route=\/wp\/v2\/posts\/7861","targetHints":{"allow":["GET"]}}],"collection":[{"href":"http:\/\/kommentatorenblog.de\/index.php?rest_route=\/wp\/v2\/posts"}],"about":[{"href":"http:\/\/kommentatorenblog.de\/index.php?rest_route=\/wp\/v2\/types\/post"}],"author":[{"embeddable":true,"href":"http:\/\/kommentatorenblog.de\/index.php?rest_route=\/wp\/v2\/users\/2"}],"replies":[{"embeddable":true,"href":"http:\/\/kommentatorenblog.de\/index.php?rest_route=%2Fwp%2Fv2%2Fcomments&post=7861"}],"version-history":[{"count":19,"href":"http:\/\/kommentatorenblog.de\/index.php?rest_route=\/wp\/v2\/posts\/7861\/revisions"}],"predecessor-version":[{"id":7891,"href":"http:\/\/kommentatorenblog.de\/index.php?rest_route=\/wp\/v2\/posts\/7861\/revisions\/7891"}],"wp:attachment":[{"href":"http:\/\/kommentatorenblog.de\/index.php?rest_route=%2Fwp%2Fv2%2Fmedia&parent=7861"}],"wp:term":[{"taxonomy":"category","embeddable":true,"href":"http:\/\/kommentatorenblog.de\/index.php?rest_route=%2Fwp%2Fv2%2Fcategories&post=7861"},{"taxonomy":"post_tag","embeddable":true,"href":"http:\/\/kommentatorenblog.de\/index.php?rest_route=%2Fwp%2Fv2%2Ftags&post=7861"}],"curies":[{"name":"wp","href":"https:\/\/api.w.org\/{rel}","templated":true}]}}