{"id":7894,"date":"2021-04-01T20:46:18","date_gmt":"2021-04-01T18:46:18","guid":{"rendered":"http:\/\/kommentatorenblog.de\/?p=7894"},"modified":"2021-04-04T15:44:20","modified_gmt":"2021-04-04T13:44:20","slug":"1160-es-geht-in-den-endspurt","status":"publish","type":"post","link":"http:\/\/kommentatorenblog.de\/?p=7894","title":{"rendered":"1160 &#8211; Es geht in den Endspurt"},"content":{"rendered":"\n<p>N&#8217;Abend Allerseits,<\/p>\n\n\n\n<p>endlich wieder Ligafussball, L\u00e4nderspielpausen sind f\u00fcr mich ja sowieso schon anstrengend. Au\u00dferhalb vom Pandemie-Geschehen konnte man sich aber wenigstens in dieser mit Freunden treffen, dass f\u00e4llt aber ja momentan weitestgehend weg. Zu den L\u00e4nderspielen kann ich euch nichts sagen, habe keine Minute reingeschaut. Laut Twitter habe ich da aber wohl wenig verpasst. <\/p>\n\n\n\n<p><strong>Bundesliga Prognose<\/strong><\/p>\n\n\n\n<p>Dreiviertel der Bundesligasaison ist gespielt &#8211; f\u00fcr mich Anlass genug, um auf den Status quo zu blicken und auch ein paar Prognosen zu wagen.<\/p>\n\n\n\n<p><strong>Titelkampf<\/strong><\/p>\n\n\n\n<p>Um den Titel in der Bundesliga k\u00e4mpfen Bayern und Leipzig. Die Bayern liegen mit 61 Punkten vier Punkte vor RB Leipzig, bei noch 24 zu vergebenen Punkten ist das nat\u00fcrlich noch aufzuholen. Nichtsdestotrotz w\u00e4re f\u00fcr mich eine Niederlage beim direkten Duell f\u00fcr Leipzig der Knock-out im Titelkampf. <strong>Meine Prognose:<\/strong> Bayern gewinnt das Topspiel am Samstag und steht bereits vor dem letzten Spieltag im Mai als deutscher Meister fest.<\/p>\n\n\n\n<p><strong>Kampf um die europ\u00e4ischen Pl\u00e4tze<\/strong><\/p>\n\n\n\n<p>Beim Kampf um die Champions League Pl\u00e4tze l\u00e4uft es auf einen Dreierkampf zwischen Wolfsburg (51 Punkte), Frankfurt (47) und Dortmund (43) hinaus. Der Druck liegt hier nat\u00fcrlich beim BVB, f\u00fcr die alles andere als die Quali f\u00fcr die K\u00f6nigsklasse eine Entt\u00e4uschung w\u00e4re. Spannung ist auf jeden Fall garantiert, da alle drei in direkten Duellen noch aufeinander treffen. Bayer Leverkusen (40) wiederum muss nach einem bisher sehr schlechten Jahr 2020 auf einmal sogar um die Europa League zittern, hier l\u00e4uft es auf einen F\u00fcnfkampf mit Union (38), Freiburg (37), Stuttgart (36) und Gladbach (36) hinaus, der Tabellensechste kommt in die Europa League und der siebte hat das (Vergn\u00fcgen?) in den Playoffs um einen Platz in der Conference League anzutreten. <strong>Meine Prognose:<\/strong> Wolfsburg und Frankfurt ziehen in die Champions League ein. Mit Borussia Dortmund gehen die jungen Wilden aus Stuttgart in die Europa League, w\u00e4hrend Bayer Leverkusen trotz Trainerwechsel mit der Conference League leben muss.<\/p>\n\n\n\n<p><strong>Abstiegskampf<\/strong><\/p>\n\n\n\n<p>Im Abstiegskampf nehme ich mal nur die letzten f\u00fcnf rein, hier ist das komplette Feld auf den Pl\u00e4tzen 14-17 bestehend aus Hertha (24), Mainz (24), K\u00f6ln (23) und Bielefeld (22) sehr nah beieinander, Schalke (10) ist weit abgeschlagen. Fast alle Teams treffen hier noch aufeinander, es wird wohl spannend bis zum Schluss bleiben. <strong>Meine Prognose:<\/strong> Schalke steigt, sang und klanglos ab und geht gemeinsam mit dem 1. FC K\u00f6ln in die 2. Liga. In die Relegation muss die Arminia, w\u00e4hrend sich die Hertha und Mainz retten. <\/p>\n\n\n\n<p>Diese Tipps nat\u00fcrlich alle subjektiv und nat\u00fcrlich ohne Gew\u00e4hr \ud83d\ude09 . Jetzt aber erstmal die Ansetzungen, einige Topspiele an diesem Wochenende<\/p>\n\n\n\n<hr class=\"wp-block-separator\"\/>\n\n\n\n<p><strong><em>Die Ansetzungen vom 02. April bis zum 05. April 2021<\/em><\/strong><\/p>\n\n\n\n<p><strong>Bundesliga, 27. Spieltag<\/strong><\/p>\n\n\n\n<p><span style=\"text-decoration: underline;\">Samstag, 03. April 2021, ab 14.00 Uhr (Sky)<\/span><\/p>\n\n\n\n<p><strong><em>Borussia Dortmund <strong><em><strong><em>\u2013<\/em><\/strong><\/em><\/strong>&nbsp;Eintracht Frankfurt (15.30 Uhr)<\/em><\/strong><\/p>\n\n\n\n<p class=\"has-normal-font-size\"><img loading=\"lazy\" decoding=\"async\" width=\"10\" height=\"21\" class=\"wp-image-3656\" style=\"width: 10px;\" src=\"http:\/\/kommentatorenblog.de\/wp-content\/uploads\/2020\/09\/shure-55sh-ii-e1601485394796.jpg\" alt=\"\" srcset=\"http:\/\/kommentatorenblog.de\/wp-content\/uploads\/2020\/09\/shure-55sh-ii-e1601485394796.jpg 415w, http:\/\/kommentatorenblog.de\/wp-content\/uploads\/2020\/09\/shure-55sh-ii-e1601485394796-142x300.jpg 142w\" sizes=\"auto, (max-width: 10px) 100vw, 10px\" \/> Martin Gro\u00df (Einzelspiel), Kai Dittmann (Konferenz)<\/p>\n\n\n\n<p>Field-Reporter: Ecki Heuser<\/p>\n\n\n\n<p><strong><em>Bayer 04 Leverkusen <strong><em><strong><em>\u2013<\/em><\/strong><\/em><\/strong>&nbsp;FC Schalke 04 (15.30 Uhr)<\/em><\/strong><\/p>\n\n\n\n<p class=\"has-normal-font-size\"><img loading=\"lazy\" decoding=\"async\" width=\"10\" height=\"21\" class=\"wp-image-3656\" style=\"width: 10px;\" src=\"http:\/\/kommentatorenblog.de\/wp-content\/uploads\/2020\/09\/shure-55sh-ii-e1601485394796.jpg\" alt=\"\" srcset=\"http:\/\/kommentatorenblog.de\/wp-content\/uploads\/2020\/09\/shure-55sh-ii-e1601485394796.jpg 415w, http:\/\/kommentatorenblog.de\/wp-content\/uploads\/2020\/09\/shure-55sh-ii-e1601485394796-142x300.jpg 142w\" sizes=\"auto, (max-width: 10px) 100vw, 10px\" \/> Marcus Lindemann (Einzelspiel), Jonas Friedrich (Konferenz)<\/p>\n\n\n\n<p>Field-Reporter: Patrick Wasserziehr<\/p>\n\n\n\n<p><strong><em>VfL Wolfsburg <strong><em><strong><em>\u2013<\/em><\/strong><\/em><\/strong> 1. FC&nbsp;K\u00f6ln (15.30 Uhr)<\/em><\/strong><\/p>\n\n\n\n<p class=\"has-normal-font-size\"><img loading=\"lazy\" decoding=\"async\" width=\"10\" height=\"21\" class=\"wp-image-3656\" style=\"width: 10px;\" src=\"http:\/\/kommentatorenblog.de\/wp-content\/uploads\/2020\/09\/shure-55sh-ii-e1601485394796.jpg\" alt=\"\" srcset=\"http:\/\/kommentatorenblog.de\/wp-content\/uploads\/2020\/09\/shure-55sh-ii-e1601485394796.jpg 415w, http:\/\/kommentatorenblog.de\/wp-content\/uploads\/2020\/09\/shure-55sh-ii-e1601485394796-142x300.jpg 142w\" sizes=\"auto, (max-width: 10px) 100vw, 10px\" \/> Oliver Seidler (Einzelspiel), Marcel Meinert (Konferenz)<\/p>\n\n\n\n<p>Field-Reporter: Jens Westen<\/p>\n\n\n\n<p><strong><em>FC Augsburg <strong><em><strong><em>\u2013<\/em><\/strong><\/em><\/strong>&nbsp;TSG 1899&nbsp;Hoffenheim (15.30 Uhr)<\/em><\/strong><\/p>\n\n\n\n<p class=\"has-normal-font-size\"><img loading=\"lazy\" decoding=\"async\" width=\"10\" height=\"21\" class=\"wp-image-3656\" style=\"width: 10px;\" src=\"http:\/\/kommentatorenblog.de\/wp-content\/uploads\/2020\/09\/shure-55sh-ii-e1601485394796.jpg\" alt=\"\" srcset=\"http:\/\/kommentatorenblog.de\/wp-content\/uploads\/2020\/09\/shure-55sh-ii-e1601485394796.jpg 415w, http:\/\/kommentatorenblog.de\/wp-content\/uploads\/2020\/09\/shure-55sh-ii-e1601485394796-142x300.jpg 142w\" sizes=\"auto, (max-width: 10px) 100vw, 10px\" \/> Klaus Veltman (Einzelspiel), Holger Pfandt (Konferenz)<\/p>\n\n\n\n<p>Field-Reporter: Yannick Erkenbrecher<\/p>\n\n\n\n<p><strong><em>1. FSV Mainz 05 <strong><em><strong><em>\u2013<\/em><\/strong><\/em><\/strong>&nbsp;Arminia Bielefeld (15.30 Uhr)<\/em><\/strong><\/p>\n\n\n\n<p class=\"has-normal-font-size\"><img loading=\"lazy\" decoding=\"async\" width=\"10\" height=\"21\" class=\"wp-image-3656\" style=\"width: 10px;\" src=\"http:\/\/kommentatorenblog.de\/wp-content\/uploads\/2020\/09\/shure-55sh-ii-e1601485394796.jpg\" alt=\"\" srcset=\"http:\/\/kommentatorenblog.de\/wp-content\/uploads\/2020\/09\/shure-55sh-ii-e1601485394796.jpg 415w, http:\/\/kommentatorenblog.de\/wp-content\/uploads\/2020\/09\/shure-55sh-ii-e1601485394796-142x300.jpg 142w\" sizes=\"auto, (max-width: 10px) 100vw, 10px\" \/> Tom Bayer (Einzelspiel), Hansi K\u00fcpper (Konferenz)<\/p>\n\n\n\n<p>Field-Reporter: Ulli Potofski<\/p>\n\n\n\n<p>Moderation: Esther Sedlaczek , Experte: Dietmar Hamann<\/p>\n\n\n\n<p><span style=\"text-decoration: underline;\">ab 17.30 Uhr (Sky)<\/span><\/p>\n\n\n\n<p><strong><em>RB Leipzig <strong><em>\u2013<\/em><\/strong> FC Bayern M\u00fcnchen (18.30 Uhr)<\/em><\/strong><\/p>\n\n\n\n<p class=\"has-normal-font-size\">Sky: <img loading=\"lazy\" decoding=\"async\" width=\"10\" height=\"21\" class=\"wp-image-3656\" style=\"width: 10px;\" src=\"http:\/\/kommentatorenblog.de\/wp-content\/uploads\/2020\/09\/shure-55sh-ii-e1601485394796.jpg\" alt=\"\" srcset=\"http:\/\/kommentatorenblog.de\/wp-content\/uploads\/2020\/09\/shure-55sh-ii-e1601485394796.jpg 415w, http:\/\/kommentatorenblog.de\/wp-content\/uploads\/2020\/09\/shure-55sh-ii-e1601485394796-142x300.jpg 142w\" sizes=\"auto, (max-width: 10px) 100vw, 10px\" \/> Wolff Fuss<\/p>\n\n\n\n<p class=\"has-normal-font-size\">#CouchKurve: <img loading=\"lazy\" decoding=\"async\" width=\"10\" height=\"21\" class=\"wp-image-3656\" style=\"width: 10px;\" src=\"http:\/\/kommentatorenblog.de\/wp-content\/uploads\/2020\/09\/shure-55sh-ii-e1601485394796.jpg\" alt=\"\" srcset=\"http:\/\/kommentatorenblog.de\/wp-content\/uploads\/2020\/09\/shure-55sh-ii-e1601485394796.jpg 415w, http:\/\/kommentatorenblog.de\/wp-content\/uploads\/2020\/09\/shure-55sh-ii-e1601485394796-142x300.jpg 142w\" sizes=\"auto, (max-width: 10px) 100vw, 10px\" \/> Joachim Hebel, RB-Fan: Jan Wieland, Bayern Fan: Pascal Schneider<\/p>\n\n\n\n<p>Field-Reporter: Michael Leopold<\/p>\n\n\n\n<p>Moderation: Sebastian Hellmann, Experte: Lothar Matth\u00e4us<\/p>\n\n\n\n<p><span style=\"text-decoration: underline;\">ab 20.15 Uhr (DAZN)<\/span><\/p>\n\n\n\n<p><strong><em>Borussia M\u00f6nchengladbach \u2013 SC Freiburg (20.30 Uhr)<\/em><\/strong><\/p>\n\n\n\n<p class=\"has-normal-font-size\"><img loading=\"lazy\" decoding=\"async\" width=\"10\" height=\"21\" class=\"wp-image-3656\" style=\"width: 10px;\" src=\"http:\/\/kommentatorenblog.de\/wp-content\/uploads\/2020\/09\/shure-55sh-ii-e1601485394796.jpg\" alt=\"\" srcset=\"http:\/\/kommentatorenblog.de\/wp-content\/uploads\/2020\/09\/shure-55sh-ii-e1601485394796.jpg 415w, http:\/\/kommentatorenblog.de\/wp-content\/uploads\/2020\/09\/shure-55sh-ii-e1601485394796-142x300.jpg 142w\" sizes=\"auto, (max-width: 10px) 100vw, 10px\" \/> Freddy Harder, Experte: Ralph Gunesch, Field-Reporter: Daniel Herzog<\/p>\n\n\n\n<p>Moderation: Alex Schl\u00fcter<\/p>\n\n\n\n<p><span style=\"text-decoration: underline;\">Sonntag, 04. April 2021, ab 14.30 Uhr (Sky)<\/span><\/p>\n\n\n\n<p><strong><em>VfB Stuttgart&nbsp;\u2013&nbsp;Werder Bremen (15.30 Uhr)<\/em><\/strong><\/p>\n\n\n\n<p class=\"has-normal-font-size\"><img loading=\"lazy\" decoding=\"async\" width=\"10\" height=\"21\" class=\"wp-image-3656\" style=\"width: 10px;\" src=\"http:\/\/kommentatorenblog.de\/wp-content\/uploads\/2020\/09\/shure-55sh-ii-e1601485394796.jpg\" alt=\"\" srcset=\"http:\/\/kommentatorenblog.de\/wp-content\/uploads\/2020\/09\/shure-55sh-ii-e1601485394796.jpg 415w, http:\/\/kommentatorenblog.de\/wp-content\/uploads\/2020\/09\/shure-55sh-ii-e1601485394796-142x300.jpg 142w\" sizes=\"auto, (max-width: 10px) 100vw, 10px\" \/> Hansi K\u00fcpper<\/p>\n\n\n\n<p>Field-Reporter: Ulli Potofski<\/p>\n\n\n\n<p><span style=\"text-decoration: underline;\">ab 17.30 Uhr (Sky)<\/span><\/p>\n\n\n\n<p><strong><em>1. FC Union Berlin&nbsp;\u2013&nbsp;Hertha BSC (18.00 Uhr)<\/em><\/strong><\/p>\n\n\n\n<p class=\"has-normal-font-size\"><img loading=\"lazy\" decoding=\"async\" width=\"10\" height=\"21\" class=\"wp-image-3656\" style=\"width: 10px;\" src=\"http:\/\/kommentatorenblog.de\/wp-content\/uploads\/2020\/09\/shure-55sh-ii-e1601485394796.jpg\" alt=\"\" srcset=\"http:\/\/kommentatorenblog.de\/wp-content\/uploads\/2020\/09\/shure-55sh-ii-e1601485394796.jpg 415w, http:\/\/kommentatorenblog.de\/wp-content\/uploads\/2020\/09\/shure-55sh-ii-e1601485394796-142x300.jpg 142w\" sizes=\"auto, (max-width: 10px) 100vw, 10px\" \/> Michael Born<\/p>\n\n\n\n<p>Field-Reporter: Stefan Hempel<\/p>\n\n\n\n<p>Moderation: Britta Hofmann, Experte: Dennis Aogo<\/p>\n\n\n\n<hr class=\"wp-block-separator\"\/>\n\n\n\n<p><strong>2<\/strong>. <strong>Bundesliga, 27. Spieltag<\/strong> <strong>(Sky)<\/strong><\/p>\n\n\n\n<p><span style=\"text-decoration: underline;\">Samstag, 03. April 2021, ab 12.30 Uhr<\/span><\/p>\n\n\n\n<p><strong><em>VfL Bochum&nbsp;\u2013&nbsp;Holstein Kiel (13.00 Uhr)<\/em><\/strong><\/p>\n\n\n\n<p><img loading=\"lazy\" decoding=\"async\" width=\"10\" height=\"21\" class=\"wp-image-3656\" style=\"width: 10px;\" src=\"http:\/\/kommentatorenblog.de\/wp-content\/uploads\/2020\/09\/shure-55sh-ii-e1601485394796.jpg\" alt=\"\" srcset=\"http:\/\/kommentatorenblog.de\/wp-content\/uploads\/2020\/09\/shure-55sh-ii-e1601485394796.jpg 415w, http:\/\/kommentatorenblog.de\/wp-content\/uploads\/2020\/09\/shure-55sh-ii-e1601485394796-142x300.jpg 142w\" sizes=\"auto, (max-width: 10px) 100vw, 10px\" \/> J\u00fcrgen Schmitz, Field-Reporter: Dirk gro\u00dfe Schlarmann<\/p>\n\n\n\n<p><strong><em>1. FC Heidenheim \u2013&nbsp;SpVgg Greuther F\u00fcrth (13.00 Uhr)<\/em><\/strong><\/p>\n\n\n\n<p><img loading=\"lazy\" decoding=\"async\" width=\"10\" height=\"21\" class=\"wp-image-3656\" style=\"width: 10px;\" src=\"http:\/\/kommentatorenblog.de\/wp-content\/uploads\/2020\/09\/shure-55sh-ii-e1601485394796.jpg\" alt=\"\" srcset=\"http:\/\/kommentatorenblog.de\/wp-content\/uploads\/2020\/09\/shure-55sh-ii-e1601485394796.jpg 415w, http:\/\/kommentatorenblog.de\/wp-content\/uploads\/2020\/09\/shure-55sh-ii-e1601485394796-142x300.jpg 142w\" sizes=\"auto, (max-width: 10px) 100vw, 10px\" \/> Heiko Mallwitz, Interviews: Schalte<\/p>\n\n\n\n<p><strong><em>Karlsruher SC \u2013 VfL Osnabr\u00fcck (13.00 Uhr)<\/em><\/strong><\/p>\n\n\n\n<p><img loading=\"lazy\" decoding=\"async\" width=\"10\" height=\"21\" class=\"wp-image-3656\" style=\"width: 10px;\" src=\"http:\/\/kommentatorenblog.de\/wp-content\/uploads\/2020\/09\/shure-55sh-ii-e1601485394796.jpg\" alt=\"\" srcset=\"http:\/\/kommentatorenblog.de\/wp-content\/uploads\/2020\/09\/shure-55sh-ii-e1601485394796.jpg 415w, http:\/\/kommentatorenblog.de\/wp-content\/uploads\/2020\/09\/shure-55sh-ii-e1601485394796-142x300.jpg 142w\" sizes=\"auto, (max-width: 10px) 100vw, 10px\" \/> Sven Haist<\/p>\n\n\n\n<p>Moderation: Nele Schenker<\/p>\n\n\n\n<p><span style=\"text-decoration: underline;\">Sonntag, 04. April 2021, ab 13.00 Uhr<\/span><\/p>\n\n\n\n<p><strong><em>Hannover 96&nbsp;\u2013&nbsp;Hamburger SV (13.30 Uhr)<\/em><\/strong><\/p>\n\n\n\n<p><img loading=\"lazy\" decoding=\"async\" width=\"10\" height=\"21\" class=\"wp-image-3656\" style=\"width: 10px;\" src=\"http:\/\/kommentatorenblog.de\/wp-content\/uploads\/2020\/09\/shure-55sh-ii-e1601485394796.jpg\" alt=\"\" srcset=\"http:\/\/kommentatorenblog.de\/wp-content\/uploads\/2020\/09\/shure-55sh-ii-e1601485394796.jpg 415w, http:\/\/kommentatorenblog.de\/wp-content\/uploads\/2020\/09\/shure-55sh-ii-e1601485394796-142x300.jpg 142w\" sizes=\"auto, (max-width: 10px) 100vw, 10px\" \/> Torsten Kunde, Field-Reporter: Sven T\u00f6llner<\/p>\n\n\n\n<p><strong><em>SV Darmstadt 98 \u2013&nbsp;Fortuna D\u00fcsseldorf (13.30 Uhr)<\/em><\/strong><\/p>\n\n\n\n<p><img loading=\"lazy\" decoding=\"async\" width=\"10\" height=\"21\" class=\"wp-image-3656\" style=\"width: 10px;\" src=\"http:\/\/kommentatorenblog.de\/wp-content\/uploads\/2020\/09\/shure-55sh-ii-e1601485394796.jpg\" alt=\"\" srcset=\"http:\/\/kommentatorenblog.de\/wp-content\/uploads\/2020\/09\/shure-55sh-ii-e1601485394796.jpg 415w, http:\/\/kommentatorenblog.de\/wp-content\/uploads\/2020\/09\/shure-55sh-ii-e1601485394796-142x300.jpg 142w\" sizes=\"auto, (max-width: 10px) 100vw, 10px\" \/> Jaron Steiner<\/p>\n\n\n\n<p><strong><em>1. FC N\u00fcrnberg&nbsp;\u2013&nbsp;SC Paderborn 07 (13.30 Uhr)<\/em><\/strong><\/p>\n\n\n\n<p><img loading=\"lazy\" decoding=\"async\" width=\"10\" height=\"21\" class=\"wp-image-3656\" style=\"width: 10px;\" src=\"http:\/\/kommentatorenblog.de\/wp-content\/uploads\/2020\/09\/shure-55sh-ii-e1601485394796.jpg\" alt=\"\" srcset=\"http:\/\/kommentatorenblog.de\/wp-content\/uploads\/2020\/09\/shure-55sh-ii-e1601485394796.jpg 415w, http:\/\/kommentatorenblog.de\/wp-content\/uploads\/2020\/09\/shure-55sh-ii-e1601485394796-142x300.jpg 142w\" sizes=\"auto, (max-width: 10px) 100vw, 10px\" \/> J\u00fcrgen Schmitz, Interviews: Schalte<\/p>\n\n\n\n<p><strong><em>SSV Jahn Regensburg \u2013&nbsp;Erzgebirge Aue (13.30 Uhr)<\/em><\/strong><\/p>\n\n\n\n<p><img loading=\"lazy\" decoding=\"async\" width=\"10\" height=\"21\" class=\"wp-image-3656\" style=\"width: 10px;\" src=\"http:\/\/kommentatorenblog.de\/wp-content\/uploads\/2020\/09\/shure-55sh-ii-e1601485394796.jpg\" alt=\"\" srcset=\"http:\/\/kommentatorenblog.de\/wp-content\/uploads\/2020\/09\/shure-55sh-ii-e1601485394796.jpg 415w, http:\/\/kommentatorenblog.de\/wp-content\/uploads\/2020\/09\/shure-55sh-ii-e1601485394796-142x300.jpg 142w\" sizes=\"auto, (max-width: 10px) 100vw, 10px\" \/> Heiko Mallwitz<\/p>\n\n\n\n<p><strong><em>SV Sandhausen \u2013 W\u00fcrzburger Kickers (13.30 Uhr)<\/em><\/strong><\/p>\n\n\n\n<p><img loading=\"lazy\" decoding=\"async\" width=\"10\" height=\"21\" class=\"wp-image-3656\" style=\"width: 10px;\" src=\"http:\/\/kommentatorenblog.de\/wp-content\/uploads\/2020\/09\/shure-55sh-ii-e1601485394796.jpg\" alt=\"\" srcset=\"http:\/\/kommentatorenblog.de\/wp-content\/uploads\/2020\/09\/shure-55sh-ii-e1601485394796.jpg 415w, http:\/\/kommentatorenblog.de\/wp-content\/uploads\/2020\/09\/shure-55sh-ii-e1601485394796-142x300.jpg 142w\" sizes=\"auto, (max-width: 10px) 100vw, 10px\" \/> Klaus Veltman, Field-Reporter: Alexander Bonengel<\/p>\n\n\n\n<p>Moderation: Yannick Erkenbrecher<\/p>\n\n\n\n<p><span style=\"text-decoration: underline;\">Montag, 05. April 2021, ab 20.00 Uhr<\/span><\/p>\n\n\n\n<p><strong><em>FC St. Pauli&nbsp;\u2013&nbsp;Eintracht Braunschweig (20.30 Uhr)<\/em><\/strong><\/p>\n\n\n\n<p><img loading=\"lazy\" decoding=\"async\" width=\"10\" height=\"21\" class=\"wp-image-3656\" style=\"width: 10px;\" src=\"http:\/\/kommentatorenblog.de\/wp-content\/uploads\/2020\/09\/shure-55sh-ii-e1601485394796.jpg\" alt=\"\" srcset=\"http:\/\/kommentatorenblog.de\/wp-content\/uploads\/2020\/09\/shure-55sh-ii-e1601485394796.jpg 415w, http:\/\/kommentatorenblog.de\/wp-content\/uploads\/2020\/09\/shure-55sh-ii-e1601485394796-142x300.jpg 142w\" sizes=\"auto, (max-width: 10px) 100vw, 10px\" \/> Stefan Hempel, Experte: Torsten Mattuschka<\/p>\n\n\n\n<p>Field-Reporter: Jurek Rohrberg<\/p>\n\n\n\n<hr class=\"wp-block-separator\"\/>\n\n\n\n<p><strong>3. Liga, 25. Spieltag<\/strong><\/p>\n\n\n\n<p><span style=\"text-decoration: underline;\">Samstag, 03. April 2021, ab 13.45 Uhr (Magenta Sport)<\/span><\/p>\n\n\n\n<p><strong><em>Konferenz (14.00 Uhr)<\/em><\/strong><\/p>\n\n\n\n<p><img loading=\"lazy\" decoding=\"async\" width=\"10\" height=\"21\" class=\"wp-image-3656\" style=\"width: 10px;\" src=\"http:\/\/kommentatorenblog.de\/wp-content\/uploads\/2020\/09\/shure-55sh-ii-e1601485394796.jpg\" alt=\"\" srcset=\"http:\/\/kommentatorenblog.de\/wp-content\/uploads\/2020\/09\/shure-55sh-ii-e1601485394796.jpg 415w, http:\/\/kommentatorenblog.de\/wp-content\/uploads\/2020\/09\/shure-55sh-ii-e1601485394796-142x300.jpg 142w\" sizes=\"auto, (max-width: 10px) 100vw, 10px\" \/> Alex Klich &amp; Sascha Bandermann<\/p>\n\n\n\n<p><strong><em>1. FC Kaiserslautern \u2013 Hallescher FC (14.00 Uhr)<\/em><\/strong><\/p>\n\n\n\n<p><img loading=\"lazy\" decoding=\"async\" width=\"10\" height=\"21\" class=\"wp-image-3656\" style=\"width: 10px;\" src=\"http:\/\/kommentatorenblog.de\/wp-content\/uploads\/2020\/09\/shure-55sh-ii-e1601485394796.jpg\" alt=\"\" srcset=\"http:\/\/kommentatorenblog.de\/wp-content\/uploads\/2020\/09\/shure-55sh-ii-e1601485394796.jpg 415w, http:\/\/kommentatorenblog.de\/wp-content\/uploads\/2020\/09\/shure-55sh-ii-e1601485394796-142x300.jpg 142w\" sizes=\"auto, (max-width: 10px) 100vw, 10px\" \/> Markus H\u00f6hner <\/p>\n\n\n\n<p>Moderation: Kamilla Benschop<\/p>\n\n\n\n<p><strong><em>FC Bayern M\u00fcnchen II \u2013 VfB L\u00fcbeck (14.00 Uhr)<\/em><\/strong><\/p>\n\n\n\n<p><img loading=\"lazy\" decoding=\"async\" width=\"10\" height=\"21\" class=\"wp-image-3656\" style=\"width: 10px;\" src=\"http:\/\/kommentatorenblog.de\/wp-content\/uploads\/2020\/09\/shure-55sh-ii-e1601485394796.jpg\" alt=\"\" srcset=\"http:\/\/kommentatorenblog.de\/wp-content\/uploads\/2020\/09\/shure-55sh-ii-e1601485394796.jpg 415w, http:\/\/kommentatorenblog.de\/wp-content\/uploads\/2020\/09\/shure-55sh-ii-e1601485394796-142x300.jpg 142w\" sizes=\"auto, (max-width: 10px) 100vw, 10px\" \/> Alex Kunz<\/p>\n\n\n\n<p>Moderation: Simon K\u00f6pfer<\/p>\n\n\n\n<p><strong><em>KFC Uerdingen \u2013 TSV 1860 M\u00fcnchen (14.00 Uhr)<\/em><\/strong><\/p>\n\n\n\n<p><img loading=\"lazy\" decoding=\"async\" width=\"10\" height=\"21\" class=\"wp-image-3656\" style=\"width: 10px;\" src=\"http:\/\/kommentatorenblog.de\/wp-content\/uploads\/2020\/09\/shure-55sh-ii-e1601485394796.jpg\" alt=\"\" srcset=\"http:\/\/kommentatorenblog.de\/wp-content\/uploads\/2020\/09\/shure-55sh-ii-e1601485394796.jpg 415w, http:\/\/kommentatorenblog.de\/wp-content\/uploads\/2020\/09\/shure-55sh-ii-e1601485394796-142x300.jpg 142w\" sizes=\"auto, (max-width: 10px) 100vw, 10px\" \/> Edgar Mielke<\/p>\n\n\n\n<p>Moderation: Thomas Wagner<\/p>\n\n\n\n<p><strong><em>SV Waldhof Mannheim \u2013 FSV Zwickau (14.00 Uhr)<\/em><\/strong><\/p>\n\n\n\n<p><img loading=\"lazy\" decoding=\"async\" width=\"10\" height=\"21\" class=\"wp-image-3656\" style=\"width: 10px;\" src=\"http:\/\/kommentatorenblog.de\/wp-content\/uploads\/2020\/09\/shure-55sh-ii-e1601485394796.jpg\" alt=\"\" srcset=\"http:\/\/kommentatorenblog.de\/wp-content\/uploads\/2020\/09\/shure-55sh-ii-e1601485394796.jpg 415w, http:\/\/kommentatorenblog.de\/wp-content\/uploads\/2020\/09\/shure-55sh-ii-e1601485394796-142x300.jpg 142w\" sizes=\"auto, (max-width: 10px) 100vw, 10px\" \/> Martin Piller <\/p>\n\n\n\n<p>Moderation: Kevin Gerwin<\/p>\n\n\n\n<p><strong><em>SV Wehen Wiesbaden \u2013 1. FC Saarbr\u00fccken (14.00 Uhr)<\/em><\/strong><\/p>\n\n\n\n<p><img loading=\"lazy\" decoding=\"async\" width=\"10\" height=\"21\" class=\"wp-image-3656\" style=\"width: 10px;\" src=\"http:\/\/kommentatorenblog.de\/wp-content\/uploads\/2020\/09\/shure-55sh-ii-e1601485394796.jpg\" alt=\"\" srcset=\"http:\/\/kommentatorenblog.de\/wp-content\/uploads\/2020\/09\/shure-55sh-ii-e1601485394796.jpg 415w, http:\/\/kommentatorenblog.de\/wp-content\/uploads\/2020\/09\/shure-55sh-ii-e1601485394796-142x300.jpg 142w\" sizes=\"auto, (max-width: 10px) 100vw, 10px\" \/> Stefan Fuckert<\/p>\n\n\n\n<p>Moderation: Konstantin Klostermann<\/p>\n\n\n\n<p><span style=\"text-decoration: underline;\">ab 13.45 Uhr (Magenta Sport) \/ ab 14.00 Uhr (MDR, BR, WDR)<\/span><\/p>\n\n\n\n<p><strong><em><strong><em>1. FC Magdeburg \u2013 FC Ingolstadt 04 (14.00 Uhr)<\/em><\/strong><\/em><\/strong><\/p>\n\n\n\n<p><img loading=\"lazy\" decoding=\"async\" width=\"10\" height=\"21\" class=\"wp-image-3656\" style=\"width: 10px;\" src=\"http:\/\/kommentatorenblog.de\/wp-content\/uploads\/2020\/09\/shure-55sh-ii-e1601485394796.jpg\" alt=\"\" srcset=\"http:\/\/kommentatorenblog.de\/wp-content\/uploads\/2020\/09\/shure-55sh-ii-e1601485394796.jpg 415w, http:\/\/kommentatorenblog.de\/wp-content\/uploads\/2020\/09\/shure-55sh-ii-e1601485394796-142x300.jpg 142w\" sizes=\"auto, (max-width: 10px) 100vw, 10px\" \/> Magenta Sport: Alexander K\u00fcpper<\/p>\n\n\n\n<p><img loading=\"lazy\" decoding=\"async\" width=\"10\" height=\"21\" class=\"wp-image-3656\" style=\"width: 10px;\" src=\"http:\/\/kommentatorenblog.de\/wp-content\/uploads\/2020\/09\/shure-55sh-ii-e1601485394796.jpg\" alt=\"\" srcset=\"http:\/\/kommentatorenblog.de\/wp-content\/uploads\/2020\/09\/shure-55sh-ii-e1601485394796.jpg 415w, http:\/\/kommentatorenblog.de\/wp-content\/uploads\/2020\/09\/shure-55sh-ii-e1601485394796-142x300.jpg 142w\" sizes=\"auto, (max-width: 10px) 100vw, 10px\" \/> MDR: Stephan Weidling<\/p>\n\n\n\n<p><img loading=\"lazy\" decoding=\"async\" width=\"10\" height=\"21\" class=\"wp-image-3656\" style=\"width: 10px;\" src=\"http:\/\/kommentatorenblog.de\/wp-content\/uploads\/2020\/09\/shure-55sh-ii-e1601485394796.jpg\" alt=\"\" srcset=\"http:\/\/kommentatorenblog.de\/wp-content\/uploads\/2020\/09\/shure-55sh-ii-e1601485394796.jpg 415w, http:\/\/kommentatorenblog.de\/wp-content\/uploads\/2020\/09\/shure-55sh-ii-e1601485394796-142x300.jpg 142w\" sizes=\"auto, (max-width: 10px) 100vw, 10px\" \/> BR: Lukas Sch\u00f6nm\u00fcller<\/p>\n\n\n\n<p>Moderation (Magenta Sport): Stefanie Blochwitz<\/p>\n\n\n\n<p>Moderation (MDR): Ren\u00e9 Kindermann, Experte: Lutz Lindemann<\/p>\n\n\n\n<p>Moderation (BR): Flo Eckl<\/p>\n\n\n\n<p><strong><em>SC Verl <strong><em><strong><em>\u2013<\/em><\/strong><\/em><\/strong> MSV Duisburg (14.00 Uhr)<\/em><\/strong><\/p>\n\n\n\n<p><img loading=\"lazy\" decoding=\"async\" width=\"10\" height=\"21\" class=\"wp-image-3656\" style=\"width: 10px;\" src=\"http:\/\/kommentatorenblog.de\/wp-content\/uploads\/2020\/09\/shure-55sh-ii-e1601485394796.jpg\" alt=\"\" srcset=\"http:\/\/kommentatorenblog.de\/wp-content\/uploads\/2020\/09\/shure-55sh-ii-e1601485394796.jpg 415w, http:\/\/kommentatorenblog.de\/wp-content\/uploads\/2020\/09\/shure-55sh-ii-e1601485394796-142x300.jpg 142w\" sizes=\"auto, (max-width: 10px) 100vw, 10px\" \/> Magenta Sport: Mike M\u00fcnkel<\/p>\n\n\n\n<p><img loading=\"lazy\" decoding=\"async\" width=\"10\" height=\"21\" class=\"wp-image-3656\" style=\"width: 10px;\" src=\"http:\/\/kommentatorenblog.de\/wp-content\/uploads\/2020\/09\/shure-55sh-ii-e1601485394796.jpg\" alt=\"\" srcset=\"http:\/\/kommentatorenblog.de\/wp-content\/uploads\/2020\/09\/shure-55sh-ii-e1601485394796.jpg 415w, http:\/\/kommentatorenblog.de\/wp-content\/uploads\/2020\/09\/shure-55sh-ii-e1601485394796-142x300.jpg 142w\" sizes=\"auto, (max-width: 10px) 100vw, 10px\" \/> WDR: Benedikt Brinsa<\/p>\n\n\n\n<p>Moderation (Magenta Sport): Gari Paubandt<\/p>\n\n\n\n<p>Moderation (WDR): Tobi Sch\u00e4fer<\/p>\n\n\n\n<p><span style=\"text-decoration: underline;\">Sonntag, 04. April 2021, 12.45 Uhr (Magenta Sport)<\/span><\/p>\n\n\n\n<p><strong><em>T\u00fcrkg\u00fcc\u00fc M\u00fcnchen \u2013 SV Meppen (13.00 Uhr)<\/em><\/strong><\/p>\n\n\n\n<p><img loading=\"lazy\" decoding=\"async\" width=\"10\" height=\"21\" class=\"wp-image-3656\" style=\"width: 10px;\" src=\"http:\/\/kommentatorenblog.de\/wp-content\/uploads\/2020\/09\/shure-55sh-ii-e1601485394796.jpg\" alt=\"\" srcset=\"http:\/\/kommentatorenblog.de\/wp-content\/uploads\/2020\/09\/shure-55sh-ii-e1601485394796.jpg 415w, http:\/\/kommentatorenblog.de\/wp-content\/uploads\/2020\/09\/shure-55sh-ii-e1601485394796-142x300.jpg 142w\" sizes=\"auto, (max-width: 10px) 100vw, 10px\" \/> Franz B\u00fcchner<\/p>\n\n\n\n<p>Moderation: Sascha Bandermann<\/p>\n\n\n\n<p><span style=\"text-decoration: underline;\">ab 13.45 Uhr (Magenta Sport) <\/span><\/p>\n\n\n\n<p><strong><em>SG Dynamo Dresden \u2013 FC Hansa Rostock (14.00 Uhr)<\/em><\/strong><\/p>\n\n\n\n<p><img loading=\"lazy\" decoding=\"async\" width=\"10\" height=\"21\" class=\"wp-image-3656\" style=\"width: 10px;\" src=\"http:\/\/kommentatorenblog.de\/wp-content\/uploads\/2020\/09\/shure-55sh-ii-e1601485394796.jpg\" alt=\"\" srcset=\"http:\/\/kommentatorenblog.de\/wp-content\/uploads\/2020\/09\/shure-55sh-ii-e1601485394796.jpg 415w, http:\/\/kommentatorenblog.de\/wp-content\/uploads\/2020\/09\/shure-55sh-ii-e1601485394796-142x300.jpg 142w\" sizes=\"auto, (max-width: 10px) 100vw, 10px\" \/> Andreas Mann<\/p>\n\n\n\n<p>Moderation: Anett Sattler<\/p>\n\n\n\n<p><span style=\"text-decoration: underline;\">Montag, 05. April 2021, 18.45 Uhr (Magenta Sport)<\/span><\/p>\n\n\n\n<p><strong><em>FC Viktoria K\u00f6ln \u2013 SpVgg Unterhaching (19.00 Uhr)<\/em><\/strong><\/p>\n\n\n\n<p><img loading=\"lazy\" decoding=\"async\" width=\"10\" height=\"21\" class=\"wp-image-3656\" style=\"width: 10px;\" src=\"http:\/\/kommentatorenblog.de\/wp-content\/uploads\/2020\/09\/shure-55sh-ii-e1601485394796.jpg\" alt=\"\" srcset=\"http:\/\/kommentatorenblog.de\/wp-content\/uploads\/2020\/09\/shure-55sh-ii-e1601485394796.jpg 415w, http:\/\/kommentatorenblog.de\/wp-content\/uploads\/2020\/09\/shure-55sh-ii-e1601485394796-142x300.jpg 142w\" sizes=\"auto, (max-width: 10px) 100vw, 10px\" \/> Christian Stra\u00dfburger<\/p>\n\n\n\n<p>Moderation: Cedric Pick<\/p>\n\n\n\n<hr class=\"wp-block-separator\"\/>\n\n\n\n<p><strong>DFB-Pokal der Frauen, Halbfinale (ARD)<\/strong><\/p>\n\n\n\n<p><span style=\"text-decoration: underline;\">Sonntag, 04. April 2021, ab 13.55 Uhr<\/span><\/p>\n\n\n\n<p><strong><em>VfL Wolfsburg \u2013\u00a0FC Bayern M\u00fcnchen (14.00 Uhr)<\/em><\/strong><\/p>\n\n\n\n<p><img loading=\"lazy\" decoding=\"async\" width=\"10\" height=\"21\" class=\"wp-image-3656\" style=\"width: 10px;\" src=\"http:\/\/kommentatorenblog.de\/wp-content\/uploads\/2020\/09\/shure-55sh-ii-e1601485394796.jpg\" alt=\"\" srcset=\"http:\/\/kommentatorenblog.de\/wp-content\/uploads\/2020\/09\/shure-55sh-ii-e1601485394796.jpg 415w, http:\/\/kommentatorenblog.de\/wp-content\/uploads\/2020\/09\/shure-55sh-ii-e1601485394796-142x300.jpg 142w\" sizes=\"auto, (max-width: 10px) 100vw, 10px\" \/> Stephanie Baczyk<\/p>\n\n\n\n<p>Moderation: Claus Lufen, Experte: Nia K\u00fcnzer <\/p>\n\n\n\n<hr class=\"wp-block-separator\"\/>\n\n\n\n<p><strong>Premier League, 30. Spieltag (Sky)<\/strong><\/p>\n\n\n\n<p><span style=\"text-decoration: underline;\">Samstag, 03. April 2021, ab 13.20 Uhr<\/span><\/p>\n\n\n\n<p><strong><em>FC Chelsea \u2013&nbsp;West Bromwich Albion (13.30 Uhr)<\/em><\/strong><\/p>\n\n\n\n<p><img loading=\"lazy\" decoding=\"async\" width=\"10\" height=\"21\" class=\"wp-image-3656\" style=\"width: 10px;\" src=\"http:\/\/kommentatorenblog.de\/wp-content\/uploads\/2020\/09\/shure-55sh-ii-e1601485394796.jpg\" alt=\"\" srcset=\"http:\/\/kommentatorenblog.de\/wp-content\/uploads\/2020\/09\/shure-55sh-ii-e1601485394796.jpg 415w, http:\/\/kommentatorenblog.de\/wp-content\/uploads\/2020\/09\/shure-55sh-ii-e1601485394796-142x300.jpg 142w\" sizes=\"auto, (max-width: 10px) 100vw, 10px\" \/> Joachim Hebel<\/p>\n\n\n\n<p><span style=\"text-decoration: underline;\">ab 15.50 Uhr<\/span><\/p>\n\n\n\n<p><strong><em>Leeds United \u2013&nbsp;Sheffield United (16.00 Uhr)<\/em><\/strong><\/p>\n\n\n\n<p><img loading=\"lazy\" decoding=\"async\" width=\"10\" height=\"21\" class=\"wp-image-3656\" style=\"width: 10px;\" src=\"http:\/\/kommentatorenblog.de\/wp-content\/uploads\/2020\/09\/shure-55sh-ii-e1601485394796.jpg\" alt=\"\" srcset=\"http:\/\/kommentatorenblog.de\/wp-content\/uploads\/2020\/09\/shure-55sh-ii-e1601485394796.jpg 415w, http:\/\/kommentatorenblog.de\/wp-content\/uploads\/2020\/09\/shure-55sh-ii-e1601485394796-142x300.jpg 142w\" sizes=\"auto, (max-width: 10px) 100vw, 10px\" \/> Sven Schr\u00f6ter<\/p>\n\n\n\n<p><span style=\"text-decoration: underline;\">ab 18.20 Uhr<\/span> <\/p>\n\n\n\n<p><strong><em>Leicester City \u2013&nbsp;Manchester City (18.30 Uhr)<\/em><\/strong><\/p>\n\n\n\n<p><img loading=\"lazy\" decoding=\"async\" width=\"10\" height=\"21\" class=\"wp-image-3656\" style=\"width: 10px;\" src=\"http:\/\/kommentatorenblog.de\/wp-content\/uploads\/2020\/09\/shure-55sh-ii-e1601485394796.jpg\" alt=\"\" srcset=\"http:\/\/kommentatorenblog.de\/wp-content\/uploads\/2020\/09\/shure-55sh-ii-e1601485394796.jpg 415w, http:\/\/kommentatorenblog.de\/wp-content\/uploads\/2020\/09\/shure-55sh-ii-e1601485394796-142x300.jpg 142w\" sizes=\"auto, (max-width: 10px) 100vw, 10px\" \/> Hannes Herrmann<\/p>\n\n\n\n<p><span style=\"text-decoration: underline;\">ab 20.30 Uhr<\/span><\/p>\n\n\n\n<p><strong><em>FC Arsenal \u2013 FC&nbsp;Liverpool (21.00 Uhr)<\/em><\/strong><\/p>\n\n\n\n<p><img loading=\"lazy\" decoding=\"async\" width=\"10\" height=\"21\" class=\"wp-image-3656\" style=\"width: 10px;\" src=\"http:\/\/kommentatorenblog.de\/wp-content\/uploads\/2020\/09\/shure-55sh-ii-e1601485394796.jpg\" alt=\"\" srcset=\"http:\/\/kommentatorenblog.de\/wp-content\/uploads\/2020\/09\/shure-55sh-ii-e1601485394796.jpg 415w, http:\/\/kommentatorenblog.de\/wp-content\/uploads\/2020\/09\/shure-55sh-ii-e1601485394796-142x300.jpg 142w\" sizes=\"auto, (max-width: 10px) 100vw, 10px\" \/> Florian Schmidt-Sommerfeld, Experte: Mirko Slomka<\/p>\n\n\n\n<p>Field-Reporter: Raphael Honigstein<\/p>\n\n\n\n<p><span style=\"text-decoration: underline;\">Sonntag, 04. April 2021, ab 12.50 Uhr<\/span><\/p>\n\n\n\n<p><em style=\"\"><b>FC Southampton \u2013&nbsp;FC Burnley<\/b><\/em><strong><em> (13.00 Uhr)<\/em><\/strong><\/p>\n\n\n\n<p><img loading=\"lazy\" decoding=\"async\" width=\"10\" height=\"21\" class=\"wp-image-3656\" style=\"width: 10px;\" src=\"http:\/\/kommentatorenblog.de\/wp-content\/uploads\/2020\/09\/shure-55sh-ii-e1601485394796.jpg\" alt=\"\" srcset=\"http:\/\/kommentatorenblog.de\/wp-content\/uploads\/2020\/09\/shure-55sh-ii-e1601485394796.jpg 415w, http:\/\/kommentatorenblog.de\/wp-content\/uploads\/2020\/09\/shure-55sh-ii-e1601485394796-142x300.jpg 142w\" sizes=\"auto, (max-width: 10px) 100vw, 10px\" \/> Holger Pfandt <\/p>\n\n\n\n<p><span style=\"text-decoration: underline;\">ab 15.00 Uhr<\/span><\/p>\n\n\n\n<p><strong><em>Newcastle United \u2013&nbsp;Tottenham Hotspur (15.05 Uhr)<\/em><\/strong><\/p>\n\n\n\n<p><img loading=\"lazy\" decoding=\"async\" width=\"10\" height=\"21\" class=\"wp-image-3656\" style=\"width: 10px;\" src=\"http:\/\/kommentatorenblog.de\/wp-content\/uploads\/2020\/09\/shure-55sh-ii-e1601485394796.jpg\" alt=\"\" srcset=\"http:\/\/kommentatorenblog.de\/wp-content\/uploads\/2020\/09\/shure-55sh-ii-e1601485394796.jpg 415w, http:\/\/kommentatorenblog.de\/wp-content\/uploads\/2020\/09\/shure-55sh-ii-e1601485394796-142x300.jpg 142w\" sizes=\"auto, (max-width: 10px) 100vw, 10px\" \/> Joachim Hebel<\/p>\n\n\n\n<p><span style=\"text-decoration: underline;\">ab 17.20 Uhr<\/span><\/p>\n\n\n\n<p><strong><em>Aston Villa \u2013&nbsp;FC Fulham<\/em><\/strong> <strong><em>(17.30 Uhr)<\/em><\/strong><\/p>\n\n\n\n<p><img loading=\"lazy\" decoding=\"async\" width=\"10\" height=\"21\" class=\"wp-image-3656\" style=\"width: 10px;\" src=\"http:\/\/kommentatorenblog.de\/wp-content\/uploads\/2020\/09\/shure-55sh-ii-e1601485394796.jpg\" alt=\"\" srcset=\"http:\/\/kommentatorenblog.de\/wp-content\/uploads\/2020\/09\/shure-55sh-ii-e1601485394796.jpg 415w, http:\/\/kommentatorenblog.de\/wp-content\/uploads\/2020\/09\/shure-55sh-ii-e1601485394796-142x300.jpg 142w\" sizes=\"auto, (max-width: 10px) 100vw, 10px\" \/> Roland Evers<\/p>\n\n\n\n<p><span style=\"text-decoration: underline;\">ab 20.20 Uhr<\/span><\/p>\n\n\n\n<p><strong><em>Manchester United \u2013&nbsp;Brighton &amp; Hove Albion (20.30 Uhr)<\/em><\/strong><\/p>\n\n\n\n<p><img loading=\"lazy\" decoding=\"async\" width=\"10\" height=\"21\" class=\"wp-image-3656\" style=\"width: 10px;\" src=\"http:\/\/kommentatorenblog.de\/wp-content\/uploads\/2020\/09\/shure-55sh-ii-e1601485394796.jpg\" alt=\"\" srcset=\"http:\/\/kommentatorenblog.de\/wp-content\/uploads\/2020\/09\/shure-55sh-ii-e1601485394796.jpg 415w, http:\/\/kommentatorenblog.de\/wp-content\/uploads\/2020\/09\/shure-55sh-ii-e1601485394796-142x300.jpg 142w\" sizes=\"auto, (max-width: 10px) 100vw, 10px\" \/> Toni Tomic<\/p>\n\n\n\n<p><span style=\"text-decoration: underline;\">Montag, 05. April 2021, ab 18.50 Uhr<\/span><\/p>\n\n\n\n<p><em><strong>FC Everton <strong><em>\u2013<\/em><\/strong> Crystal Palace (19.00 Uhr)<\/strong><\/em><\/p>\n\n\n\n<p><img loading=\"lazy\" decoding=\"async\" width=\"10\" height=\"21\" class=\"wp-image-3656\" style=\"width: 10px;\" src=\"http:\/\/kommentatorenblog.de\/wp-content\/uploads\/2020\/09\/shure-55sh-ii-e1601485394796.jpg\" alt=\"\" srcset=\"http:\/\/kommentatorenblog.de\/wp-content\/uploads\/2020\/09\/shure-55sh-ii-e1601485394796.jpg 415w, http:\/\/kommentatorenblog.de\/wp-content\/uploads\/2020\/09\/shure-55sh-ii-e1601485394796-142x300.jpg 142w\" sizes=\"auto, (max-width: 10px) 100vw, 10px\" \/> Markus Gaupp<\/p>\n\n\n\n<p><span style=\"text-decoration: underline;\">ab 21.05 Uhr<\/span><\/p>\n\n\n\n<p><strong><em>Brighton &amp; Hove Albion \u2013&nbsp;Crystal Palace (21.15 Uhr)<\/em><\/strong><\/p>\n\n\n\n<p><img loading=\"lazy\" decoding=\"async\" width=\"10\" height=\"21\" class=\"wp-image-3656\" style=\"width: 10px;\" src=\"http:\/\/kommentatorenblog.de\/wp-content\/uploads\/2020\/09\/shure-55sh-ii-e1601485394796.jpg\" alt=\"\" srcset=\"http:\/\/kommentatorenblog.de\/wp-content\/uploads\/2020\/09\/shure-55sh-ii-e1601485394796.jpg 415w, http:\/\/kommentatorenblog.de\/wp-content\/uploads\/2020\/09\/shure-55sh-ii-e1601485394796-142x300.jpg 142w\" sizes=\"auto, (max-width: 10px) 100vw, 10px\" \/> Hannes Herrmann <\/p>\n\n\n\n<hr class=\"wp-block-separator\"\/>\n\n\n\n<p><strong>La Liga, 29. Spieltag (DAZN)<\/strong><\/p>\n\n\n\n<p><span style=\"text-decoration: underline;\">Samstag, 03. April 2021<\/span><\/p>\n\n\n\n<p><strong><em>Real Madrid \u2013 SD Eibar (16.15 Uhr)<\/em><\/strong><\/p>\n\n\n\n<p><img loading=\"lazy\" decoding=\"async\" width=\"10\" height=\"21\" class=\"wp-image-3656\" style=\"width: 10px;\" src=\"http:\/\/kommentatorenblog.de\/wp-content\/uploads\/2020\/09\/shure-55sh-ii-e1601485394796.jpg\" alt=\"\" srcset=\"http:\/\/kommentatorenblog.de\/wp-content\/uploads\/2020\/09\/shure-55sh-ii-e1601485394796.jpg 415w, http:\/\/kommentatorenblog.de\/wp-content\/uploads\/2020\/09\/shure-55sh-ii-e1601485394796-142x300.jpg 142w\" sizes=\"auto, (max-width: 10px) 100vw, 10px\" \/> Ruben Zimmermann<\/p>\n\n\n\n<p><span style=\"text-decoration: underline;\">Sonntag, 04. April 2021<\/span><\/p>\n\n\n\n<p><strong><em>FC Sevilla \u2013 Atletico Madrid (14.00 Uhr)<\/em><\/strong><\/p>\n\n\n\n<p><img loading=\"lazy\" decoding=\"async\" width=\"10\" height=\"21\" class=\"wp-image-3656\" style=\"width: 10px;\" src=\"http:\/\/kommentatorenblog.de\/wp-content\/uploads\/2020\/09\/shure-55sh-ii-e1601485394796.jpg\" alt=\"\" srcset=\"http:\/\/kommentatorenblog.de\/wp-content\/uploads\/2020\/09\/shure-55sh-ii-e1601485394796.jpg 415w, http:\/\/kommentatorenblog.de\/wp-content\/uploads\/2020\/09\/shure-55sh-ii-e1601485394796-142x300.jpg 142w\" sizes=\"auto, (max-width: 10px) 100vw, 10px\" \/> Jan Platte, Experte: Benny Lauth<\/p>\n\n\n\n<p><span style=\"text-decoration: underline;\">Montag, 05. April 2021<\/span><\/p>\n\n\n\n<p><strong><em>FC Barcelona \u2013 Real Valladolid (21.00 Uhr)<\/em><\/strong><\/p>\n\n\n\n<p><img loading=\"lazy\" decoding=\"async\" width=\"10\" height=\"21\" class=\"wp-image-3656\" style=\"width: 10px;\" src=\"http:\/\/kommentatorenblog.de\/wp-content\/uploads\/2020\/09\/shure-55sh-ii-e1601485394796.jpg\" alt=\"\" srcset=\"http:\/\/kommentatorenblog.de\/wp-content\/uploads\/2020\/09\/shure-55sh-ii-e1601485394796.jpg 415w, http:\/\/kommentatorenblog.de\/wp-content\/uploads\/2020\/09\/shure-55sh-ii-e1601485394796-142x300.jpg 142w\" sizes=\"auto, (max-width: 10px) 100vw, 10px\" \/> Uwe Morawe<\/p>\n\n\n\n<hr class=\"wp-block-separator\"\/>\n\n\n\n<p><strong>Serie A, 29. Spieltag (DAZN)<\/strong><\/p>\n\n\n\n<p><span style=\"text-decoration: underline;\">Samstag, 03. April 2021<\/span><\/p>\n\n\n\n<p><strong><em>AC Mailand \u2013 Sampdoria Genua (12.30 Uhr)<\/em><\/strong><\/p>\n\n\n\n<p><img loading=\"lazy\" decoding=\"async\" width=\"10\" height=\"21\" class=\"wp-image-3656\" style=\"width: 10px;\" src=\"http:\/\/kommentatorenblog.de\/wp-content\/uploads\/2020\/09\/shure-55sh-ii-e1601485394796.jpg\" alt=\"\" srcset=\"http:\/\/kommentatorenblog.de\/wp-content\/uploads\/2020\/09\/shure-55sh-ii-e1601485394796.jpg 415w, http:\/\/kommentatorenblog.de\/wp-content\/uploads\/2020\/09\/shure-55sh-ii-e1601485394796-142x300.jpg 142w\" sizes=\"auto, (max-width: 10px) 100vw, 10px\" \/> Ruben Zimmermann<\/p>\n\n\n\n<p><strong><em>US Sassuolo \u2013 AS Rom (15.00 Uhr)<\/em><\/strong><\/p>\n\n\n\n<p><img loading=\"lazy\" decoding=\"async\" width=\"10\" height=\"21\" class=\"wp-image-3656\" style=\"width: 10px;\" src=\"http:\/\/kommentatorenblog.de\/wp-content\/uploads\/2020\/09\/shure-55sh-ii-e1601485394796.jpg\" alt=\"\" srcset=\"http:\/\/kommentatorenblog.de\/wp-content\/uploads\/2020\/09\/shure-55sh-ii-e1601485394796.jpg 415w, http:\/\/kommentatorenblog.de\/wp-content\/uploads\/2020\/09\/shure-55sh-ii-e1601485394796-142x300.jpg 142w\" sizes=\"auto, (max-width: 10px) 100vw, 10px\" \/> Carsten Fu\u00df<\/p>\n\n\n\n<p><strong><em>FC Turin \u2013 Juventus Turin (18.00 Uhr)<\/em><\/strong><\/p>\n\n\n\n<p><img loading=\"lazy\" decoding=\"async\" width=\"10\" height=\"21\" class=\"wp-image-3656\" style=\"width: 10px;\" src=\"http:\/\/kommentatorenblog.de\/wp-content\/uploads\/2020\/09\/shure-55sh-ii-e1601485394796.jpg\" alt=\"\" srcset=\"http:\/\/kommentatorenblog.de\/wp-content\/uploads\/2020\/09\/shure-55sh-ii-e1601485394796.jpg 415w, http:\/\/kommentatorenblog.de\/wp-content\/uploads\/2020\/09\/shure-55sh-ii-e1601485394796-142x300.jpg 142w\" sizes=\"auto, (max-width: 10px) 100vw, 10px\" \/> Marco Hagemann, Experte: Christian Bernhard<\/p>\n\n\n\n<p><strong><em>Bologna \u2013 Inter Mailand (20.45 Uhr)<\/em><\/strong><\/p>\n\n\n\n<p><img loading=\"lazy\" decoding=\"async\" width=\"10\" height=\"21\" class=\"wp-image-3656\" style=\"width: 10px;\" src=\"http:\/\/kommentatorenblog.de\/wp-content\/uploads\/2020\/09\/shure-55sh-ii-e1601485394796.jpg\" alt=\"\" srcset=\"http:\/\/kommentatorenblog.de\/wp-content\/uploads\/2020\/09\/shure-55sh-ii-e1601485394796.jpg 415w, http:\/\/kommentatorenblog.de\/wp-content\/uploads\/2020\/09\/shure-55sh-ii-e1601485394796-142x300.jpg 142w\" sizes=\"auto, (max-width: 10px) 100vw, 10px\" \/> Flo Hauser<\/p>\n\n\n\n<hr class=\"wp-block-separator\"\/>\n\n\n\n<p><strong>Ligue 1, 31. Spieltag<\/strong><\/p>\n\n\n\n<p><span style=\"text-decoration: underline;\">Samstag, 03. April 2021<\/span><\/p>\n\n\n\n<p><strong><em>Paris Saint Germain \u2013 OSC Lille (17.00 Uhr)<\/em><\/strong><\/p>\n\n\n\n<p>DAZN: <img loading=\"lazy\" decoding=\"async\" width=\"10\" height=\"21\" class=\"wp-image-3656\" style=\"width: 10px;\" src=\"http:\/\/kommentatorenblog.de\/wp-content\/uploads\/2020\/09\/shure-55sh-ii-e1601485394796.jpg\" alt=\"\" srcset=\"http:\/\/kommentatorenblog.de\/wp-content\/uploads\/2020\/09\/shure-55sh-ii-e1601485394796.jpg 415w, http:\/\/kommentatorenblog.de\/wp-content\/uploads\/2020\/09\/shure-55sh-ii-e1601485394796-142x300.jpg 142w\" sizes=\"auto, (max-width: 10px) 100vw, 10px\" \/> David Ploch, Experte: Alexis Menuge<\/p>\n\n\n\n<p>SPORT1+: <img loading=\"lazy\" decoding=\"async\" width=\"10\" height=\"21\" class=\"wp-image-3656\" style=\"width: 10px;\" src=\"http:\/\/kommentatorenblog.de\/wp-content\/uploads\/2020\/09\/shure-55sh-ii-e1601485394796.jpg\" alt=\"\" srcset=\"http:\/\/kommentatorenblog.de\/wp-content\/uploads\/2020\/09\/shure-55sh-ii-e1601485394796.jpg 415w, http:\/\/kommentatorenblog.de\/wp-content\/uploads\/2020\/09\/shure-55sh-ii-e1601485394796-142x300.jpg 142w\" sizes=\"auto, (max-width: 10px) 100vw, 10px\" \/> Peter Kohl<\/p>\n\n\n\n<hr class=\"wp-block-separator\"\/>\n\n\n\n<p><strong>Internationaler Fussball<\/strong><\/p>\n\n\n\n<p><span style=\"text-decoration: underline;\">Freitag, 02. April 2021<\/span><\/p>\n\n\n\n<p>A-League, 15. Spieltag: <strong><em>Macarthur FC <strong><em>\u2013<\/em><\/strong> Perth Glory (09.05 Uhr)<\/em><\/strong><\/p>\n\n\n\n<p>Sportdigital FUSSBALL: <img loading=\"lazy\" decoding=\"async\" width=\"10\" height=\"21\" class=\"wp-image-3656\" style=\"width: 10px;\" src=\"http:\/\/kommentatorenblog.de\/wp-content\/uploads\/2020\/09\/shure-55sh-ii-e1601485394796.jpg\" alt=\"\" srcset=\"http:\/\/kommentatorenblog.de\/wp-content\/uploads\/2020\/09\/shure-55sh-ii-e1601485394796.jpg 415w, http:\/\/kommentatorenblog.de\/wp-content\/uploads\/2020\/09\/shure-55sh-ii-e1601485394796-142x300.jpg 142w\" sizes=\"auto, (max-width: 10px) 100vw, 10px\" \/> Hannes Herrmann<\/p>\n\n\n\n<p>J. League, 7. Spieltag: <strong><em>Cerezo Osaka \u2013 Sagan Tosu FC (12.03 Uhr)<\/em><\/strong><\/p>\n\n\n\n<p>Sportdigital FUSSBALL: <img loading=\"lazy\" decoding=\"async\" width=\"10\" height=\"21\" class=\"wp-image-3656\" style=\"width: 10px;\" src=\"http:\/\/kommentatorenblog.de\/wp-content\/uploads\/2020\/09\/shure-55sh-ii-e1601485394796.jpg\" alt=\"\" srcset=\"http:\/\/kommentatorenblog.de\/wp-content\/uploads\/2020\/09\/shure-55sh-ii-e1601485394796.jpg 415w, http:\/\/kommentatorenblog.de\/wp-content\/uploads\/2020\/09\/shure-55sh-ii-e1601485394796-142x300.jpg 142w\" sizes=\"auto, (max-width: 10px) 100vw, 10px\" \/> Marcus Radefeld<\/p>\n\n\n\n<p>Sky Bet Championship, 39. Spieltag: <strong><em>Cardiff City \u2013 Nottingham Forest (16.00 Uhr)<\/em><\/strong><\/p>\n\n\n\n<p>Sportdigital FUSSBALL: <img loading=\"lazy\" decoding=\"async\" width=\"10\" height=\"21\" class=\"wp-image-3656\" style=\"width: 10px;\" src=\"http:\/\/kommentatorenblog.de\/wp-content\/uploads\/2020\/09\/shure-55sh-ii-e1601485394796.jpg\" alt=\"\" srcset=\"http:\/\/kommentatorenblog.de\/wp-content\/uploads\/2020\/09\/shure-55sh-ii-e1601485394796.jpg 415w, http:\/\/kommentatorenblog.de\/wp-content\/uploads\/2020\/09\/shure-55sh-ii-e1601485394796-142x300.jpg 142w\" sizes=\"auto, (max-width: 10px) 100vw, 10px\" \/> Hannes Herrmann<\/p>\n\n\n\n<p>Sky Bet Championship, 39. Spieltag: <strong><em>FC Barnsley \u2013 FC Reading (18.30 Uhr)<\/em><\/strong><\/p>\n\n\n\n<p>Sportdigital FUSSBALL: <img loading=\"lazy\" decoding=\"async\" width=\"10\" height=\"21\" class=\"wp-image-3656\" style=\"width: 10px;\" src=\"http:\/\/kommentatorenblog.de\/wp-content\/uploads\/2020\/09\/shure-55sh-ii-e1601485394796.jpg\" alt=\"\" srcset=\"http:\/\/kommentatorenblog.de\/wp-content\/uploads\/2020\/09\/shure-55sh-ii-e1601485394796.jpg 415w, http:\/\/kommentatorenblog.de\/wp-content\/uploads\/2020\/09\/shure-55sh-ii-e1601485394796-142x300.jpg 142w\" sizes=\"auto, (max-width: 10px) 100vw, 10px\" \/> Karsten Linke<\/p>\n\n\n\n<p>SPORT1+: <img loading=\"lazy\" decoding=\"async\" width=\"10\" height=\"21\" class=\"wp-image-3656\" style=\"width: 10px;\" src=\"http:\/\/kommentatorenblog.de\/wp-content\/uploads\/2020\/09\/shure-55sh-ii-e1601485394796.jpg\" alt=\"\" srcset=\"http:\/\/kommentatorenblog.de\/wp-content\/uploads\/2020\/09\/shure-55sh-ii-e1601485394796.jpg 415w, http:\/\/kommentatorenblog.de\/wp-content\/uploads\/2020\/09\/shure-55sh-ii-e1601485394796-142x300.jpg 142w\" sizes=\"auto, (max-width: 10px) 100vw, 10px\" \/> Peter Kohl<\/p>\n\n\n\n<p>Sky Bet Championship, 39. Spieltag:<strong><em> Birmingham City \u2013 Swansea City (21.00 Uhr)<\/em><\/strong><\/p>\n\n\n\n<p>Sportdigital FUSSBALL: <img loading=\"lazy\" decoding=\"async\" width=\"10\" height=\"21\" class=\"wp-image-3656\" style=\"width: 10px;\" src=\"http:\/\/kommentatorenblog.de\/wp-content\/uploads\/2020\/09\/shure-55sh-ii-e1601485394796.jpg\" alt=\"\" srcset=\"http:\/\/kommentatorenblog.de\/wp-content\/uploads\/2020\/09\/shure-55sh-ii-e1601485394796.jpg 415w, http:\/\/kommentatorenblog.de\/wp-content\/uploads\/2020\/09\/shure-55sh-ii-e1601485394796-142x300.jpg 142w\" sizes=\"auto, (max-width: 10px) 100vw, 10px\" \/> Christian Blunck<\/p>\n\n\n\n<p><span style=\"text-decoration: underline;\">Samstag, 03. April 2021<\/span><\/p>\n\n\n\n<p>K League, 7. Spieltag: <strong><em>Suwon Bluewings \u2013 Jeonbuk Hyundai Motors (07.00 Uhr)<\/em><\/strong><\/p>\n\n\n\n<p>Sportdigital FUSSBALL: <img loading=\"lazy\" decoding=\"async\" width=\"10\" height=\"21\" class=\"wp-image-3656\" style=\"width: 10px;\" src=\"http:\/\/kommentatorenblog.de\/wp-content\/uploads\/2020\/09\/shure-55sh-ii-e1601485394796.jpg\" alt=\"\" srcset=\"http:\/\/kommentatorenblog.de\/wp-content\/uploads\/2020\/09\/shure-55sh-ii-e1601485394796.jpg 415w, http:\/\/kommentatorenblog.de\/wp-content\/uploads\/2020\/09\/shure-55sh-ii-e1601485394796-142x300.jpg 142w\" sizes=\"auto, (max-width: 10px) 100vw, 10px\" \/> Karsten Linke<\/p>\n\n\n\n<p>A-League, 15. Spieltag: <strong><em>Brisbane Roar \u2013 Western Sydney Wanderers (10.10 Uhr)<\/em><\/strong><\/p>\n\n\n\n<p>Sportdigital FUSSBALL: <img loading=\"lazy\" decoding=\"async\" width=\"10\" height=\"21\" class=\"wp-image-3656\" style=\"width: 10px;\" src=\"http:\/\/kommentatorenblog.de\/wp-content\/uploads\/2020\/09\/shure-55sh-ii-e1601485394796.jpg\" alt=\"\" srcset=\"http:\/\/kommentatorenblog.de\/wp-content\/uploads\/2020\/09\/shure-55sh-ii-e1601485394796.jpg 415w, http:\/\/kommentatorenblog.de\/wp-content\/uploads\/2020\/09\/shure-55sh-ii-e1601485394796-142x300.jpg 142w\" sizes=\"auto, (max-width: 10px) 100vw, 10px\" \/> Ulf Kahmke<\/p>\n\n\n\n<p>Sky Bet Championship, 39. Spieltag: <strong><em>Huddersfield Town \u2013 Brentford FC (13.30 Uhr)<\/em><\/strong><\/p>\n\n\n\n<p>Sportdigital FUSSBALL: <img loading=\"lazy\" decoding=\"async\" width=\"10\" height=\"21\" class=\"wp-image-3656\" style=\"width: 10px;\" src=\"http:\/\/kommentatorenblog.de\/wp-content\/uploads\/2020\/09\/shure-55sh-ii-e1601485394796.jpg\" alt=\"\" srcset=\"http:\/\/kommentatorenblog.de\/wp-content\/uploads\/2020\/09\/shure-55sh-ii-e1601485394796.jpg 415w, http:\/\/kommentatorenblog.de\/wp-content\/uploads\/2020\/09\/shure-55sh-ii-e1601485394796-142x300.jpg 142w\" sizes=\"auto, (max-width: 10px) 100vw, 10px\" \/> Arne Malsch<\/p>\n\n\n\n<p>Ekstraklasa, 23. Spieltag: <strong><em>Legia Warschau \u2013 Pogon Szczecin (17.30 Uhr)<\/em><\/strong><\/p>\n\n\n\n<p>Sportdigital FUSSBALL: <img loading=\"lazy\" decoding=\"async\" width=\"10\" height=\"21\" class=\"wp-image-3656\" style=\"width: 10px;\" src=\"http:\/\/kommentatorenblog.de\/wp-content\/uploads\/2020\/09\/shure-55sh-ii-e1601485394796.jpg\" alt=\"\" srcset=\"http:\/\/kommentatorenblog.de\/wp-content\/uploads\/2020\/09\/shure-55sh-ii-e1601485394796.jpg 415w, http:\/\/kommentatorenblog.de\/wp-content\/uploads\/2020\/09\/shure-55sh-ii-e1601485394796-142x300.jpg 142w\" sizes=\"auto, (max-width: 10px) 100vw, 10px\" \/> Collin Nagel<\/p>\n\n\n\n<p>Liga NOS, 25. Spieltag: <strong><em>FC Porto \u2013 CD Santa Clara (21.30 Uhr)<\/em><\/strong><\/p>\n\n\n\n<p>Sportdigital FUSSBALL: <img loading=\"lazy\" decoding=\"async\" width=\"10\" height=\"21\" class=\"wp-image-3656\" style=\"width: 10px;\" src=\"http:\/\/kommentatorenblog.de\/wp-content\/uploads\/2020\/09\/shure-55sh-ii-e1601485394796.jpg\" alt=\"\" srcset=\"http:\/\/kommentatorenblog.de\/wp-content\/uploads\/2020\/09\/shure-55sh-ii-e1601485394796.jpg 415w, http:\/\/kommentatorenblog.de\/wp-content\/uploads\/2020\/09\/shure-55sh-ii-e1601485394796-142x300.jpg 142w\" sizes=\"auto, (max-width: 10px) 100vw, 10px\" \/> Arne Malsch<\/p>\n\n\n\n<p>Copa de la Liga Profesional, 8. Spieltag: <strong><em>Boca Juniors \u2013 Defensa y Justicia (23.30 Uhr)<\/em><\/strong><\/p>\n\n\n\n<p>Sportdigital FUSSBALL: <img loading=\"lazy\" decoding=\"async\" width=\"10\" height=\"21\" class=\"wp-image-3656\" style=\"width: 10px;\" src=\"http:\/\/kommentatorenblog.de\/wp-content\/uploads\/2020\/09\/shure-55sh-ii-e1601485394796.jpg\" alt=\"\" srcset=\"http:\/\/kommentatorenblog.de\/wp-content\/uploads\/2020\/09\/shure-55sh-ii-e1601485394796.jpg 415w, http:\/\/kommentatorenblog.de\/wp-content\/uploads\/2020\/09\/shure-55sh-ii-e1601485394796-142x300.jpg 142w\" sizes=\"auto, (max-width: 10px) 100vw, 10px\" \/> Christian Blunck<\/p>\n\n\n\n<p><span style=\"text-decoration: underline;\">Sonntag, 04. April 2021<\/span><\/p>\n\n\n\n<p>Eredivisie, 28. Spieltag:<strong><em> Feyenoord Rotterdam \u2013 Fortuna Sittard (12.15 Uhr)<\/em><\/strong><\/p>\n\n\n\n<p>Sportdigital FUSSBALL: <img loading=\"lazy\" decoding=\"async\" width=\"10\" height=\"21\" class=\"wp-image-3656\" style=\"width: 10px;\" src=\"http:\/\/kommentatorenblog.de\/wp-content\/uploads\/2020\/09\/shure-55sh-ii-e1601485394796.jpg\" alt=\"\" srcset=\"http:\/\/kommentatorenblog.de\/wp-content\/uploads\/2020\/09\/shure-55sh-ii-e1601485394796.jpg 415w, http:\/\/kommentatorenblog.de\/wp-content\/uploads\/2020\/09\/shure-55sh-ii-e1601485394796-142x300.jpg 142w\" sizes=\"auto, (max-width: 10px) 100vw, 10px\" \/> Marcus Radefeld<\/p>\n\n\n\n<p>Eredivisie, 28. Spieltag: <strong><em>PSV Eindhoven \u2013 SC Heracles Almelo (14.30 Uhr)<\/em><\/strong><\/p>\n\n\n\n<p>Sportdigital FUSSBALL: <img loading=\"lazy\" decoding=\"async\" width=\"10\" height=\"21\" class=\"wp-image-3656\" style=\"width: 10px;\" src=\"http:\/\/kommentatorenblog.de\/wp-content\/uploads\/2020\/09\/shure-55sh-ii-e1601485394796.jpg\" alt=\"\" srcset=\"http:\/\/kommentatorenblog.de\/wp-content\/uploads\/2020\/09\/shure-55sh-ii-e1601485394796.jpg 415w, http:\/\/kommentatorenblog.de\/wp-content\/uploads\/2020\/09\/shure-55sh-ii-e1601485394796-142x300.jpg 142w\" sizes=\"auto, (max-width: 10px) 100vw, 10px\" \/> Karsten Linke<\/p>\n\n\n\n<p>Eredivisie, 28. Spieltag: <strong><em>SC Heerenveen \u2013 Ajax Amsterdam (16.45 Uhr)<\/em><\/strong><\/p>\n\n\n\n<p>Sportdigital FUSSBALL: <img loading=\"lazy\" decoding=\"async\" width=\"10\" height=\"21\" class=\"wp-image-3656\" style=\"width: 10px;\" src=\"http:\/\/kommentatorenblog.de\/wp-content\/uploads\/2020\/09\/shure-55sh-ii-e1601485394796.jpg\" alt=\"\" srcset=\"http:\/\/kommentatorenblog.de\/wp-content\/uploads\/2020\/09\/shure-55sh-ii-e1601485394796.jpg 415w, http:\/\/kommentatorenblog.de\/wp-content\/uploads\/2020\/09\/shure-55sh-ii-e1601485394796-142x300.jpg 142w\" sizes=\"auto, (max-width: 10px) 100vw, 10px\" \/> Ulf Kahmke<\/p>\n\n\n\n<p><span style=\"text-decoration: underline;\">Montag, 05. April 2021<\/span><\/p>\n\n\n\n<p>A-League, 15. Spieltag:<strong><em> Wellington Phoenix \u2013 Melbourne City (11.10 Uhr)<\/em><\/strong><\/p>\n\n\n\n<p>Sportdigital FUSSBALL: <img loading=\"lazy\" decoding=\"async\" width=\"10\" height=\"21\" class=\"wp-image-3656\" style=\"width: 10px;\" src=\"http:\/\/kommentatorenblog.de\/wp-content\/uploads\/2020\/09\/shure-55sh-ii-e1601485394796.jpg\" alt=\"\" srcset=\"http:\/\/kommentatorenblog.de\/wp-content\/uploads\/2020\/09\/shure-55sh-ii-e1601485394796.jpg 415w, http:\/\/kommentatorenblog.de\/wp-content\/uploads\/2020\/09\/shure-55sh-ii-e1601485394796-142x300.jpg 142w\" sizes=\"auto, (max-width: 10px) 100vw, 10px\" \/> Jakob Vogel<\/p>\n\n\n\n<p>Sky Bet Championship, 40. Spieltag: <strong><em>FC Middlesbrough \u2013 FC Watford (13.30 Uhr)<\/em><\/strong><\/p>\n\n\n\n<p>Sportdigital FUSSBALL: <img loading=\"lazy\" decoding=\"async\" width=\"10\" height=\"21\" class=\"wp-image-3656\" style=\"width: 10px;\" src=\"http:\/\/kommentatorenblog.de\/wp-content\/uploads\/2020\/09\/shure-55sh-ii-e1601485394796.jpg\" alt=\"\" srcset=\"http:\/\/kommentatorenblog.de\/wp-content\/uploads\/2020\/09\/shure-55sh-ii-e1601485394796.jpg 415w, http:\/\/kommentatorenblog.de\/wp-content\/uploads\/2020\/09\/shure-55sh-ii-e1601485394796-142x300.jpg 142w\" sizes=\"auto, (max-width: 10px) 100vw, 10px\" \/> Karsten Linke<\/p>\n\n\n\n<p>Sky Bet Championship, 40. Spieltag:<strong><em> Rotherham United \u2013 Wycombe Wanderers (16.00 Uhr)<\/em><\/strong><\/p>\n\n\n\n<p>Sportdigital FUSSBALL: <img loading=\"lazy\" decoding=\"async\" width=\"10\" height=\"21\" class=\"wp-image-3656\" style=\"width: 10px;\" src=\"http:\/\/kommentatorenblog.de\/wp-content\/uploads\/2020\/09\/shure-55sh-ii-e1601485394796.jpg\" alt=\"\" srcset=\"http:\/\/kommentatorenblog.de\/wp-content\/uploads\/2020\/09\/shure-55sh-ii-e1601485394796.jpg 415w, http:\/\/kommentatorenblog.de\/wp-content\/uploads\/2020\/09\/shure-55sh-ii-e1601485394796-142x300.jpg 142w\" sizes=\"auto, (max-width: 10px) 100vw, 10px\" \/> Christian Blunck<\/p>\n\n\n\n<p>Sky Bet Championship, 40. Spieltag: <strong><em>Sheffield Wednesday \u2013 Cardiff City (18.30 Uhr)<\/em><\/strong><\/p>\n\n\n\n<p>SPORT1+: <img loading=\"lazy\" decoding=\"async\" width=\"10\" height=\"21\" class=\"wp-image-3656\" style=\"width: 10px;\" src=\"http:\/\/kommentatorenblog.de\/wp-content\/uploads\/2020\/09\/shure-55sh-ii-e1601485394796.jpg\" alt=\"\" srcset=\"http:\/\/kommentatorenblog.de\/wp-content\/uploads\/2020\/09\/shure-55sh-ii-e1601485394796.jpg 415w, http:\/\/kommentatorenblog.de\/wp-content\/uploads\/2020\/09\/shure-55sh-ii-e1601485394796-142x300.jpg 142w\" sizes=\"auto, (max-width: 10px) 100vw, 10px\" \/> Steffen Bohleber<\/p>\n\n\n\n<p>Liga NOS, 25. Spieltag: <strong><em>Benfica Lissabon \u2013 Maritimo Funchal (20.00 Uhr)<\/em><\/strong><\/p>\n\n\n\n<p>Sportdigital FUSSBALL: <img loading=\"lazy\" decoding=\"async\" width=\"10\" height=\"21\" class=\"wp-image-3656\" style=\"width: 10px;\" src=\"http:\/\/kommentatorenblog.de\/wp-content\/uploads\/2020\/09\/shure-55sh-ii-e1601485394796.jpg\" alt=\"\" srcset=\"http:\/\/kommentatorenblog.de\/wp-content\/uploads\/2020\/09\/shure-55sh-ii-e1601485394796.jpg 415w, http:\/\/kommentatorenblog.de\/wp-content\/uploads\/2020\/09\/shure-55sh-ii-e1601485394796-142x300.jpg 142w\" sizes=\"auto, (max-width: 10px) 100vw, 10px\" \/> Karsten Linke<\/p>\n\n\n\n<p>Liga NOS, 25. Spieltag: <strong><em>Moreirense FC \u2013 Sporting Lissabon (22.00 Uhr)<\/em><\/strong><\/p>\n\n\n\n<p>Sportdigital FUSSBALL: <img loading=\"lazy\" decoding=\"async\" width=\"10\" height=\"21\" class=\"wp-image-3656\" style=\"width: 10px;\" src=\"http:\/\/kommentatorenblog.de\/wp-content\/uploads\/2020\/09\/shure-55sh-ii-e1601485394796.jpg\" alt=\"\" srcset=\"http:\/\/kommentatorenblog.de\/wp-content\/uploads\/2020\/09\/shure-55sh-ii-e1601485394796.jpg 415w, http:\/\/kommentatorenblog.de\/wp-content\/uploads\/2020\/09\/shure-55sh-ii-e1601485394796-142x300.jpg 142w\" sizes=\"auto, (max-width: 10px) 100vw, 10px\" \/> Christian Blunck<\/p>\n\n\n\n<hr class=\"wp-block-separator\"\/>\n\n\n\n<p><strong>Die Analyse<\/strong><\/p>\n\n\n\n<p>Den Auftakt in den 27. Spieltag der h\u00f6chsten deutschen Spielklasse gibt es  &#8211; das Prozedere kennen wir nach L\u00e4nderspielpausen &#8211; am Samstag. So oder so f\u00e4llt der Karfreitag aber ja als Spieltag weg. Somit gibt es Startschuss um 14.00 Uhr mit Esther Sedlaczek und Didi Hamann auf Sky. <\/p>\n\n\n\n<p><strong>Spitzenspiel in Dortmund<\/strong><\/p>\n\n\n\n<p>Das Spitzenspiel am Nachmittag ist hierbei sicherlich die Begegnung zwischen Borussia Dortmund und Eintracht Frankfurt, die tabellarische Situation habe ich ja im Vorwort erl\u00e4utert. Sky schickt wenig \u00fcberraschend Martin Gro\u00df in den Signal-Iduna Park, die Nummer drei des M\u00fcnchener Senders, ist ja gemeinsam mit Marcus Lindemann am h\u00e4ufigsten als Kommentator in Dortmund anzufinden (nach diesem Wochenende je vier Mal), Field-Reporter ist Ecki Heuser, der zum ersten Mal seit l\u00e4ngerer Zeit mal wieder mit dem BVB zu tun bekommt (Mentalit\u00e4tsfrage).<\/p>\n\n\n\n<p><strong>Kontinuit\u00e4t in Wolfsburg und Mainz<\/strong><\/p>\n\n\n\n<p>In Wolfsburg wird von Sky auf Kontinuit\u00e4t gesetzt, Oliver Seidler ist zum vierten Mal im bei den letzten f\u00fcnf Spielen in der Autostadt als Kommentator zu gegen und auch Jens Westen passt bei der Begegnung nat\u00fcrlich wie die Faust aufs Auge. Beim Blick auf die Begegnung von Bayer Leverkusen und Schalke 04 l\u00e4sst sich feststellen, dass Sky &#8211; nachdem zuletzt dreimal Tom Bayer in der Bay-Arena im Einsatz war &#8211; wieder einmal Marcus Lindemann nach Leverkusen schickt, der ja bereits das Hinspiel im vergangenen Dezember kommentierte. Da Tom Bayer also nicht in Leverkusen, geht es f\u00fcr ihn in das gewohnte Rhein-Main-Gefilde in die Opel-Arena. Nach bisher schon f\u00fcnf Spielen in Frankfurt und drei in Mainz sollte f\u00fcr Bayer beim neunten Spiel in der Gegend die Anreise eine Leichtigkeit sein, selbiges gilt f\u00fcr seinen kongenialen Partner Ulli Potofski. <s>Eine doppelte \u00dcberraschung gibt&#8217;s dann aber doch noch in Augsburg, Marcel Meinert kommentiert nach l\u00e4ngerer Zeit mal wieder ein Bundesligaspiel, er \u00fcbernimmt zum &#8211; straft mich L\u00fcgen &#8211; ersten Mal seit November 2019 (damals in D\u00fcsseldorf) ein Bundesliga Einzelspiel. Die G\u00e4ste aus Sinsheim kennt er aber ganz gut bei seinen letzten beiden Bundesligaeins\u00e4tzen (Oktober und Juni letzten Jahres) in der Konferenz begleitete er bereits die TSG.<\/s> Die zweite \u00dcberraschung ist der erste Einsatz von Yannick Erkenbrecher als Field-Reporter in der Bundesliga seit dem 20. Januar, damals wie heute in der WWK-Arena. <strong>Update:<\/strong> Es gab noch einen kurzfristigen Tausch, Klaus Veltman kommentiert in Augsburg.<\/p>\n\n\n\n<p><strong>\u00c4hnliches Konferenzpersonal wie vor der L\u00e4nderspielpause<\/strong><\/p>\n\n\n\n<p>In der Konferenz \u00fcbernimmt Kai Dittmann das Spitzenspiel in Dortmund, durchaus auff\u00e4llig, dass er seit Beginn der Pandemie deutlich h\u00e4ufiger in der Konferenz aufzufinden ist als vorher, als er eigentlich 2-3 pro Saison in dieser zu h\u00f6ren war. Hinzukommen kommen wie bereits in der sehr unterhaltsamen Konferenz vor der L\u00e4nderspielpause Jonas Friedrich, Hansi K\u00fcpper und Holger Pfandt. <s>Komplettiert wird das Quintett von Klaus Veltman, er k\u00fcmmerte sich ja bereits in der Hinrunde um die Begegnung zwischen den &#8222;W\u00f6lfen&#8220; und den &#8222;Gei\u00dfb\u00f6cken&#8220;.<\/s> <strong>Update:<\/strong> Es komplettiert dementsprechend Marcel Meinert die Konferenz<\/p>\n\n\n\n<p><strong>Deb\u00fct beim Spitzenspiel<\/strong><\/p>\n\n\n\n<p>Ein absolutes Topspiel und das Spiel der seit 2016 besten Teams Deutschlands gibt es nat\u00fcrlich um 18.30 Uhr. Der Tabellenzweite RB Leipzig empf\u00e4ngt den Tabellenf\u00fchrer FC Bayern M\u00fcnchen. Sky setzt nat\u00fcrlich auf ein absolutes Top Quartett, Sebastian Hellmann und Lothar Matth\u00e4us melden sich aus M\u00fcnchen, w\u00e4hrend sich Wolff Fuss und Michael Leopold aus Leipzig melden. Aber nat\u00fcrlich gibt\u2018s auch eine CouchKurve, dieses Mal allerdings nicht mit Schmiso sondern mit Jogi Hebel &#8211; l\u00e4ngst \u00fcberf\u00e4lliges Deb\u00fct f\u00fcr ihn im deutschen Oberhaus! Schmiso wird ja bei der Premier League gebraucht. <\/p>\n\n\n\n<p><strong>Tagesabschluss in M\u00f6nchengladbach<\/strong><\/p>\n\n\n\n<p>Den Deckel drauf auf den Super-Fussball Ostersamstag macht DAZN mit der Begegnung Borussia M\u00f6nchengladbach gegen den SC Freiburg. Vor Ort im Borussia-Park f\u00fcr den Streamingdienst ist einzig Daniel Herzog. In M\u00fcnchen melden sich um 20.15 Uhr Alex Schl\u00fcter und Ralph Gunesch, kurz vor dem Anpfiff \u00fcbernimmt dann Freddy Harder mit seinem dritten Bundesligaspiel in dieser Spielzeit.<\/p>\n\n\n\n<p><strong>Berliner Derby mit Michael Born<\/strong><\/p>\n\n\n\n<p>Am Ostersonntag melden sich ab 14.30 Uhr Britta Hofmann und Dennis Aogo aus Unterf\u00f6hring und begleiten die beiden interessant anmutenden Begegnungen. Beim fr\u00fchen Spiel in Stuttgart verzeichnen Hansi K\u00fcpper und Ulli Potofski Doppeleins\u00e4tze, sind die beiden aber ja in dieser Saison durchaus gewohnt. Zum Abschluss des 27. Spieltag gibt&#8217;s dann noch das Berliner Derby. Die Zuschauer fehlen hier nat\u00fcrlich doppelt, nichtsdestotrotz ist ein Derby ein Derby. F\u00fcr Sky ist zum 6. Mal in dieser Spielzeit Michael Born in der &#8222;Alten F\u00f6rsterei&#8220;, hinzu kommt Field-Reporter Stefan Hempel, er war in dieser Spielzeit ja auch schon h\u00e4ufiger in Berlin.<\/p>\n\n\n\n<p><strong>Spitzenspiel und Kellerduell<\/strong><\/p>\n\n\n\n<p>In Liga zwei steht am Samstag ein absolutes Spitzenspiel an, der Tabellenf\u00fchrer aus Bochum empf\u00e4ngt den tabellenvierten Holstein Kiel (zwei Spiele weniger), die aufgrund der Mannschaftsquarant\u00e4ne und der L\u00e4nderspielpause fast einen kompletten Monat &#8222;spielfrei&#8220; hatten. J\u00fcrgen Schmitz meldet sich aus Unterf\u00f6hring, w\u00e4hrend Dirk gro\u00dfe Schlarmann Interviews im Vonovia Ruhrstadion f\u00fchrt. Auch noch interessant sind das Duell zwischen dem Tabellenvorletzten aus Sandhausen und Tabellenletzten aus W\u00fcrzburg sowie das Duell zwischen den HSV&#8217;s. Torsten Kunde und Klaus Veltman sind die Kommentatoren und Sven T\u00f6llner und Alexander Bonengel die Herren in den Stadien. Au\u00dferdem ist Jaron Steiner nach l\u00e4ngerer Zeit mal wieder als Kommentator in der 2. Bundesliga eingesetzt. <\/p>\n\n\n\n<p><strong>WDR mit Saisondeb\u00fct<\/strong><\/p>\n\n\n\n<p>In Liga drei ist erstmals in dieser Spielzeit ein Spiel im WDR zu sehen, Benedikt Brinsa als Kommentator und Tobi Sch\u00e4fer als Moderator sind beim Saisondeb\u00fct in Verl dabei, Letzterer kennt Liga drei aber ja bestens von Magenta Sport. Das absolute Topspiel &#8211; gibt einige dieses Wochenende &#8211;  ist die Begegnung des Tabellenf\u00fchrers aus Dresden gegen den Tabellenzweiten aus Rostock. Magenta Sport setzt auf Andreas Mann und Anett Sattler, einen Experten gibt es nicht. <\/p>\n\n\n\n<p><strong>Zwei Topspiele in England<\/strong><\/p>\n\n\n\n<p>In der Premier League gibt es einen Topspielsamstag! Um 18.30 Uhr gibt es parallel zum Topspiel in Leipzig die Begegnung zwischen dem Tabellendritten Leicester und dem Tabellenf\u00fchrer Man City. Hannes Herrmann \u00fcbernimmt. Im Anschluss daran gibt es dann noch das Duell zweier englischer &#8222;Krisenclubs&#8220;. &#8222;Gunners&#8220; gegen &#8222;Reds&#8220; ist als Match of the Week eine Sache f\u00fcr Schmiso, dem Mirko Slomka zur Seite steht. Des Weiteren ist f\u00fcr Sky Raphael Honigstein vor Ort und spricht mit Klopp und Co. Ansonsten gibt&#8217;s die obligatorischen Doppeleins\u00e4tze f\u00fcr Hannes Herrmann und Jogi Hebel (Letzterer ist am Samstag mit Live-Spiel + Couchkurve gleich doppelt im Einsatz).<\/p>\n\n\n\n<p><strong>Expertenarmut in Spanien und Italien<\/strong><\/p>\n\n\n\n<p>Von La Liga gibt es an diesem Wochenende nur drei Spiele mit deutschem Kommentar, durchaus \u00fcberraschend wird zudem bei Bar\u00e7a und Real auf Experten verzichtet. Einzig bei der Begegnung in zwischen Sevilla und Atletico bekommt Chefkommentator Jan Platte mit Benny Lauth einen Experten zur Seite gestellt. \u00c4hnliches Bild in der Serie A, nur beim Turiner Stadtderby ist Christian Bernhard an der Seite von Marco Hagemann mit dabei. <\/p>\n\n\n\n<p>Ansonsten habt ihr beim PSG Spiel die freie Wahl zwischen DAZN und SPORT1+ und auch bei den Kollegen aus Hamburg von Sportdigital ist eine Menge los, Hannes Herrmann ist an diesem Wochenende summa summarum viermal im Einsatz.<\/p>\n\n\n\n<p>Bis dahin frohe Ostern euch allen, ob mit oder ohne Fussball!<\/p>\n","protected":false},"excerpt":{"rendered":"<p>N&#8217;Abend Allerseits, endlich wieder Ligafussball, L\u00e4nderspielpausen sind f\u00fcr mich ja sowieso schon anstrengend. Au\u00dferhalb vom Pandemie-Geschehen konnte man sich aber wenigstens in dieser mit Freunden treffen, dass f\u00e4llt aber ja momentan weitestgehend weg. Zu den L\u00e4nderspielen kann ich euch nichts sagen, habe keine Minute reingeschaut. Laut Twitter habe ich da aber wohl wenig verpasst. Bundesliga [&hellip;]<\/p>\n","protected":false},"author":5,"featured_media":0,"comment_status":"open","ping_status":"open","sticky":false,"template":"","format":"standard","meta":{"footnotes":""},"categories":[424],"tags":[34,292,49,414,163,153,216,46,263,527,178,73,131,256,164,57,35,421,212,165,13,338,30,392,287,119,97,318,132,89,120,295,32,104,25,92,90,405,48,72,213,347,69,244,86,93,489,59,491,53,378,31,205,526,9,70,43,112,503,121,67,95,130,17,114,88,409,369,113,94,506,108,340,525,45,301,12,98,415,22,434,134,394,28,135,528,524,96,27,102,33,395,85,24,87,346,402,289,149,18,107,196],"class_list":["post-7894","post","type-post","status-publish","format-standard","hentry","category-bundesliga-und-co","tag-alex-klich","tag-alex-kunz","tag-alex-schlueter","tag-alexander-bonengel","tag-alexander-kuepper","tag-alexis-menuge","tag-andreas-mann","tag-anett-sattler","tag-arne-malsch","tag-benedikt-brinsa","tag-br","tag-britta-hofmann","tag-carsten-fuss","tag-cedric-pick","tag-christian-bernhard","tag-christian-blunck","tag-christian-strassburger","tag-collin-nagel","tag-daniel-herzog","tag-david-ploch","tag-dazn","tag-dennis-aogo","tag-didi-hamann","tag-dirk-grosse-schlarmann","tag-ecki-heuser","tag-edgar-mielke","tag-esther-sedlaczek","tag-flo-eckl","tag-flo-hauser","tag-florian-schmidt-sommerfeld","tag-franz-buechner","tag-freddy-harder","tag-gari-paubandt","tag-hannes-herrmann","tag-hansi-kuepper","tag-heiko-mallwitz","tag-holger-pfandt","tag-jakob-vogel","tag-jan-platte","tag-jaron-steiner","tag-jens-westen","tag-joachim-hebel","tag-jonas-friedrich","tag-jurek-rohrberg","tag-juergen-schmitz","tag-kai-dittmann","tag-kamila-benschop","tag-karsten-linke","tag-kevin-gerwin","tag-klaus-veltmann","tag-konstantin-klostermann","tag-lothar-matthaeus","tag-lukas-schoenmueller","tag-lutz-lindemann","tag-magenta-sport","tag-marcel-meinert","tag-marco-hagemann","tag-marcus-lindemann","tag-marcus-radefeld","tag-markus-gaupp","tag-markus-hoehner","tag-martin-gross","tag-martin-piller","tag-mdr","tag-michael-born","tag-michael-leopold","tag-mike-muenkel","tag-nele-schenker","tag-oliver-seidler","tag-patrick-wasserziehr","tag-peter-kohl","tag-ralph-gunesch","tag-raphael-honigstein","tag-rene-kindermann","tag-roland-evers","tag-ruben-zimmermann","tag-sascha-bandermann","tag-sebastian-hellmann","tag-simon-koepfer","tag-sky","tag-sport1-2","tag-sportdigital-fussball","tag-stefan-fuckert","tag-stefan-hempel","tag-stefanie-blochwitz","tag-steffen-bohleber","tag-stephan-weidling","tag-sven-haist","tag-sven-schroeter","tag-sven-toellner","tag-thomas-wagner","tag-tobi-schaefer","tag-tom-bayer","tag-toni-tomic","tag-torsten-kunde","tag-torsten-mattuschka","tag-ulf-kahmke","tag-ulli-potofski","tag-uwe-morawe","tag-wdr","tag-wolff-fuss","tag-yannick-erkenbrecher"],"_links":{"self":[{"href":"http:\/\/kommentatorenblog.de\/index.php?rest_route=\/wp\/v2\/posts\/7894","targetHints":{"allow":["GET"]}}],"collection":[{"href":"http:\/\/kommentatorenblog.de\/index.php?rest_route=\/wp\/v2\/posts"}],"about":[{"href":"http:\/\/kommentatorenblog.de\/index.php?rest_route=\/wp\/v2\/types\/post"}],"author":[{"embeddable":true,"href":"http:\/\/kommentatorenblog.de\/index.php?rest_route=\/wp\/v2\/users\/5"}],"replies":[{"embeddable":true,"href":"http:\/\/kommentatorenblog.de\/index.php?rest_route=%2Fwp%2Fv2%2Fcomments&post=7894"}],"version-history":[{"count":28,"href":"http:\/\/kommentatorenblog.de\/index.php?rest_route=\/wp\/v2\/posts\/7894\/revisions"}],"predecessor-version":[{"id":7980,"href":"http:\/\/kommentatorenblog.de\/index.php?rest_route=\/wp\/v2\/posts\/7894\/revisions\/7980"}],"wp:attachment":[{"href":"http:\/\/kommentatorenblog.de\/index.php?rest_route=%2Fwp%2Fv2%2Fmedia&parent=7894"}],"wp:term":[{"taxonomy":"category","embeddable":true,"href":"http:\/\/kommentatorenblog.de\/index.php?rest_route=%2Fwp%2Fv2%2Fcategories&post=7894"},{"taxonomy":"post_tag","embeddable":true,"href":"http:\/\/kommentatorenblog.de\/index.php?rest_route=%2Fwp%2Fv2%2Ftags&post=7894"}],"curies":[{"name":"wp","href":"https:\/\/api.w.org\/{rel}","templated":true}]}}