{"id":8092,"date":"2021-04-09T13:36:22","date_gmt":"2021-04-09T11:36:22","guid":{"rendered":"http:\/\/kommentatorenblog.de\/?p=8092"},"modified":"2021-04-15T17:23:55","modified_gmt":"2021-04-15T15:23:55","slug":"1163-konferenzen-im-fokus","status":"publish","type":"post","link":"http:\/\/kommentatorenblog.de\/?p=8092","title":{"rendered":"1163 &#8211; Konferenz!"},"content":{"rendered":"\n<p>N &#8218;Abend allerseits, <\/p>\n\n\n\n<p>Dienstag und Mittwoch stehen die R\u00fcckspiele in der Champions League an &#8211; somit erleben wir die letzten beiden Champions League Konferenzen in dieser Spielzeit. Bekannterma\u00dfen hat Sky ab der kommenden Spielzeit keine Rechte mehr an der Champions League, weshalb es auch die letzten Sky-Konferenzen in der Champions League f\u00fcr die Minimum n\u00e4chsten drei Jahre sind. Ab der kommenden Saison wird dann DAZN fast alle Spiele zeigen (ein Dienstagsspiel immer live auf Amazon Prime). Zudem besitzt der Streamingdienst dann auch die M\u00f6glichkeit, eine Art Konferenz zu zeigen. Nun stellt sich nat\u00fcrlich die Frage, wie diese aussehen w\u00fcrde. Wird wie bisher in der Champions League mit eigenen Konferenz-Kommentatoren gearbeitet (teurere aber hochwertigere und bessere Variante) oder wird DAZN auf das Goalzone-Modell zur\u00fcckgreifen (billigere und f\u00fcr dem Zuschauer schlechtere Variante). Sicherlich ist dieses Modell bei DAZN deutlich ansehnlicher im Vergleich zur Konferenz der 2. Liga bei DAZN, nichtsdestotrotz verdient die Champions League nichts anderes als hochwertige Produktionen und nat\u00fcrlich auch eine &#8222;richtige&#8220; Konferenz. Was ich damit sagen will, ich w\u00fcnsche mir, dass wir in der kommenden Spielzeit weiterhin Konferenzen sehen k\u00f6nnen und auch bei Spielen mit Beteiligung von deutschen Mannschaften Kommentatoren in Stadien sehen (wenn es die Pandemie zul\u00e4sst).<\/p>\n\n\n\n<p><strong>Ein wenig Chaos in Liga zwei<\/strong><\/p>\n\n\n\n<p>In Liga zwei h\u00e4tte es in dieser Woche eine kleine \u00dcberraschung gegeben, bis vor gut zwei Stunden waren die Nachholspiele zwischen Kiel und Hannover und Osnabr\u00fcck und Regensburg auf Mittwoch 18.30 Uhr angesetzt. Bedeutet h\u00e4tte dies, dass es nach gut zwei Jahren (die Spieltage 33. und 34. der vergangenen Saison rausgenommen) mal wieder eine wie eben beschrieben &#8222;richtige&#8220; Konferenz gegeben h\u00e4tte. Falls es f\u00fcr die \u00fcbrig gebliebene Partie eine Studio-Sendung geben wird, weicht Sky auf jeden Fall vom Zweitliga-Studio, dass f\u00fcr Champions Corner gebraucht wird, in das Foyer-Set im Hauptgeb\u00e4ude. Ihr kennt es vielleicht schon vom Premier League &#8222;Match of the Week&#8220; oder von diversen SSN-Sendungen gesehen habt. Eine Konferenz im RedZone-Stil w\u00e4re aus technischen Gr\u00fcnden (wohl eine Ton-Problematik) nicht m\u00f6glich gewesen. Deshalb h\u00e4tten wir uns auf eine Original Sky Konferenz freuen k\u00f6nnen. Grund w\u00e4re aber definitiv die Technik und nicht die sportliche Brisanz gewesen.  <\/p>\n\n\n\n<p>Nun wurde die Partie von Holstein Kiel abgesetzt, sodass die Konferenz also wegf\u00e4llt. Nichtsdestotrotz findet ihr in den Ansetzungen dieser Woche unter anderem die Kommentatoren, die euch in dieser begr\u00fc\u00dft h\u00e4tten!<\/p>\n\n\n\n<hr class=\"wp-block-separator\"\/>\n\n\n\n<p><strong><em>Die Ansetzungen vom 13. April bis zum 15. April 2021<\/em><\/strong><\/p>\n\n\n\n<p><strong>Champions League Viertelfinale, R\u00fcckspiele<\/strong><\/p>\n\n\n\n<p><span style=\"text-decoration: underline;\">Dienstag, 13. April 2021,ab 19.30 Uhr (Sky)<\/span><\/p>\n\n\n\n<p><em><strong>Paris Saint-Germain \u2013 FC Bayern M\u00fcnchen <\/strong><\/em><em><strong>(21.00 Uhr)<\/strong><\/em><\/p>\n\n\n\n<p class=\"has-normal-font-size\">Sky: <img loading=\"lazy\" decoding=\"async\" width=\"10\" height=\"21\" class=\"wp-image-3656\" style=\"width: 10px;\" src=\"http:\/\/kommentatorenblog.de\/wp-content\/uploads\/2020\/09\/shure-55sh-ii-e1601485394796.jpg\" alt=\"\" srcset=\"http:\/\/kommentatorenblog.de\/wp-content\/uploads\/2020\/09\/shure-55sh-ii-e1601485394796.jpg 415w, http:\/\/kommentatorenblog.de\/wp-content\/uploads\/2020\/09\/shure-55sh-ii-e1601485394796-142x300.jpg 142w\" sizes=\"auto, (max-width: 10px) 100vw, 10px\" \/> Wolff Fuss (Einzelspiel), Martin Gro\u00df (Konferenz)<\/p>\n\n\n\n<p class=\"has-normal-font-size\">Field-Reporterin: Margot Dumont <\/p>\n\n\n\n<p><span style=\"text-decoration: underline;\">ab 19.30 Uhr (Sky) bzw. 20.45 Uhr (DAZN)<\/span><\/p>\n\n\n\n<p><em><strong>FC Chelsea \u2013 FC Porto (21.00 Uhr)<\/strong><\/em><\/p>\n\n\n\n<p>DAZN: <img loading=\"lazy\" decoding=\"async\" width=\"10\" height=\"21\" class=\"wp-image-3656\" style=\"width: 10px;\" src=\"http:\/\/kommentatorenblog.de\/wp-content\/uploads\/2020\/09\/shure-55sh-ii-e1601485394796.jpg\" alt=\"\" srcset=\"http:\/\/kommentatorenblog.de\/wp-content\/uploads\/2020\/09\/shure-55sh-ii-e1601485394796.jpg 415w, http:\/\/kommentatorenblog.de\/wp-content\/uploads\/2020\/09\/shure-55sh-ii-e1601485394796-142x300.jpg 142w\" sizes=\"auto, (max-width: 10px) 100vw, 10px\" \/> Marco Hagemann, Experte: Sebastian Knei\u00dfl  (Einzelspiel)<br>Sky: <img loading=\"lazy\" decoding=\"async\" width=\"10\" height=\"21\" class=\"wp-image-3656\" style=\"width: 10px;\" src=\"http:\/\/kommentatorenblog.de\/wp-content\/uploads\/2020\/09\/shure-55sh-ii-e1601485394796.jpg\" alt=\"\" srcset=\"http:\/\/kommentatorenblog.de\/wp-content\/uploads\/2020\/09\/shure-55sh-ii-e1601485394796.jpg 415w, http:\/\/kommentatorenblog.de\/wp-content\/uploads\/2020\/09\/shure-55sh-ii-e1601485394796-142x300.jpg 142w\" sizes=\"auto, (max-width: 10px) 100vw, 10px\" \/> Roland Evers (Konferenz)<\/p>\n\n\n\n<p>Moderation (DAZN): Tobi Wahnschaffe<\/p>\n\n\n\n<p>Studio-Moderation (Sky): Sebastian Hellmann, Experten: Lothar Matth\u00e4us und Erik Meijer, Gast: Michael Mittermaier <\/p>\n\n\n\n<p><span style=\"text-decoration: underline;\">Mittwoch, 14. April 2021, ab 19.30 Uhr (Sky)<\/span><\/p>\n\n\n\n<p><em><strong>Borussia Dortmund \u2013 Manchester City (21.00 Uhr)<\/strong><\/em><\/p>\n\n\n\n<p><img loading=\"lazy\" decoding=\"async\" width=\"10\" height=\"21\" class=\"wp-image-3656\" style=\"width: 10px;\" src=\"http:\/\/kommentatorenblog.de\/wp-content\/uploads\/2020\/09\/shure-55sh-ii-e1601485394796.jpg\" alt=\"\" srcset=\"http:\/\/kommentatorenblog.de\/wp-content\/uploads\/2020\/09\/shure-55sh-ii-e1601485394796.jpg 415w, http:\/\/kommentatorenblog.de\/wp-content\/uploads\/2020\/09\/shure-55sh-ii-e1601485394796-142x300.jpg 142w\" sizes=\"auto, (max-width: 10px) 100vw, 10px\" \/> Sky: Kai Dittmann (Einzelspiel), Frank Buschmann (Konferenz)<\/p>\n\n\n\n<p>Field-Reporterin: Esther Sedlaczek <\/p>\n\n\n\n<p><span style=\"text-decoration: underline;\">ab 19.30 Uhr (Sky)\/ab 20.30 Uhr (DAZN)<\/span><\/p>\n\n\n\n<p><em><strong>FC Liverpool \u2013 Real Madrid (21.00 Uhr)<\/strong><\/em><\/p>\n\n\n\n<p>DAZN: <img loading=\"lazy\" decoding=\"async\" width=\"10\" height=\"21\" class=\"wp-image-3656\" style=\"width: 10px;\" src=\"http:\/\/kommentatorenblog.de\/wp-content\/uploads\/2020\/09\/shure-55sh-ii-e1601485394796.jpg\" alt=\"\" srcset=\"http:\/\/kommentatorenblog.de\/wp-content\/uploads\/2020\/09\/shure-55sh-ii-e1601485394796.jpg 415w, http:\/\/kommentatorenblog.de\/wp-content\/uploads\/2020\/09\/shure-55sh-ii-e1601485394796-142x300.jpg 142w\" sizes=\"auto, (max-width: 10px) 100vw, 10px\" \/> Uli Hebel, Experte: Sandro Wagner (Einzelspiel)<br>Sky: <img loading=\"lazy\" decoding=\"async\" width=\"10\" height=\"21\" class=\"wp-image-3656\" style=\"width: 10px;\" src=\"http:\/\/kommentatorenblog.de\/wp-content\/uploads\/2020\/09\/shure-55sh-ii-e1601485394796.jpg\" alt=\"\" srcset=\"http:\/\/kommentatorenblog.de\/wp-content\/uploads\/2020\/09\/shure-55sh-ii-e1601485394796.jpg 415w, http:\/\/kommentatorenblog.de\/wp-content\/uploads\/2020\/09\/shure-55sh-ii-e1601485394796-142x300.jpg 142w\" sizes=\"auto, (max-width: 10px) 100vw, 10px\" \/> Martin Gro\u00df (Konferenz), Field-Reporter: Raphael Honigstein <\/p>\n\n\n\n<p>Moderation (DAZN): Alex Schl\u00fcter<\/p>\n\n\n\n<p>Studio-Moderation (Sky): Michael Leopold, Experten: Dietmar Hamann und Erik Meijer, Gast: Ewald Lienen <\/p>\n\n\n\n<hr class=\"wp-block-separator\"\/>\n\n\n\n<p><strong>Europa League Viertelfinale, R\u00fcckspiele<\/strong><\/p>\n\n\n\n<p><span style=\"text-decoration: underline;\">Donnerstag, 14. April 2021, ab 20.45 Uhr (DAZN)<\/span><\/p>\n\n\n\n<p><em><strong>GoalZone<\/strong><\/em><\/p>\n\n\n\n<p class=\"has-normal-font-size\"><img loading=\"lazy\" decoding=\"async\" width=\"10\" height=\"21\" class=\"wp-image-3656\" style=\"width: 10px;\" src=\"http:\/\/kommentatorenblog.de\/wp-content\/uploads\/2020\/09\/shure-55sh-ii-e1601485394796.jpg\" alt=\"\" srcset=\"http:\/\/kommentatorenblog.de\/wp-content\/uploads\/2020\/09\/shure-55sh-ii-e1601485394796.jpg 415w, http:\/\/kommentatorenblog.de\/wp-content\/uploads\/2020\/09\/shure-55sh-ii-e1601485394796-142x300.jpg 142w\" sizes=\"auto, (max-width: 10px) 100vw, 10px\" \/> Christoph Stadtler<\/p>\n\n\n\n<p><span style=\"text-decoration: underline;\">ab 20.15 Uhr (Nitro)\/ab 20.55 Uhr (DAZN)<\/span><\/p>\n\n\n\n<p><em><strong>AS Rom \u2013 Ajax Amsterdam (21.00 Uhr)<\/strong><\/em><\/p>\n\n\n\n<p class=\"has-normal-font-size\"><img loading=\"lazy\" decoding=\"async\" width=\"10\" height=\"21\" class=\"wp-image-3656\" style=\"width: 10px;\" src=\"http:\/\/kommentatorenblog.de\/wp-content\/uploads\/2020\/09\/shure-55sh-ii-e1601485394796.jpg\" alt=\"\" srcset=\"http:\/\/kommentatorenblog.de\/wp-content\/uploads\/2020\/09\/shure-55sh-ii-e1601485394796.jpg 415w, http:\/\/kommentatorenblog.de\/wp-content\/uploads\/2020\/09\/shure-55sh-ii-e1601485394796-142x300.jpg 142w\" sizes=\"auto, (max-width: 10px) 100vw, 10px\" \/> DAZN: Carsten Fu\u00df <\/p>\n\n\n\n<p class=\"has-normal-font-size\"><img loading=\"lazy\" decoding=\"async\" width=\"10\" height=\"21\" class=\"wp-image-3656\" style=\"width: 10px;\" src=\"http:\/\/kommentatorenblog.de\/wp-content\/uploads\/2020\/09\/shure-55sh-ii-e1601485394796.jpg\" alt=\"\" srcset=\"http:\/\/kommentatorenblog.de\/wp-content\/uploads\/2020\/09\/shure-55sh-ii-e1601485394796.jpg 415w, http:\/\/kommentatorenblog.de\/wp-content\/uploads\/2020\/09\/shure-55sh-ii-e1601485394796-142x300.jpg 142w\" sizes=\"auto, (max-width: 10px) 100vw, 10px\" \/> NITRO: Marco Hagemann, Experte: Steffen Freund<\/p>\n\n\n\n<p>Moderation (NITRO): Laura Wontorra, Experte: Roman Weidenfeller<\/p>\n\n\n\n<p><span style=\"text-decoration: underline;\">ab 20.55 Uhr (DAZN)<\/span><\/p>\n\n\n\n<p><em><strong>Manchester United <em><strong>\u2013 Granada CF <\/strong><\/em>(21.00 Uhr)<\/strong><\/em><\/p>\n\n\n\n<p class=\"has-normal-font-size\"><img loading=\"lazy\" decoding=\"async\" width=\"10\" height=\"21\" class=\"wp-image-3656\" style=\"width: 10px;\" src=\"http:\/\/kommentatorenblog.de\/wp-content\/uploads\/2020\/09\/shure-55sh-ii-e1601485394796.jpg\" alt=\"\" srcset=\"http:\/\/kommentatorenblog.de\/wp-content\/uploads\/2020\/09\/shure-55sh-ii-e1601485394796.jpg 415w, http:\/\/kommentatorenblog.de\/wp-content\/uploads\/2020\/09\/shure-55sh-ii-e1601485394796-142x300.jpg 142w\" sizes=\"auto, (max-width: 10px) 100vw, 10px\" \/> Max Siebald<\/p>\n\n\n\n<p><em><strong>Slavia Prag <em><strong>\u2013<\/strong><\/em> <em><strong>FC Arsenal <\/strong><\/em>(21.00 Uhr)<\/strong><\/em><\/p>\n\n\n\n<p class=\"has-normal-font-size\"><img loading=\"lazy\" decoding=\"async\" width=\"10\" height=\"21\" class=\"wp-image-3656\" style=\"width: 10px;\" src=\"http:\/\/kommentatorenblog.de\/wp-content\/uploads\/2020\/09\/shure-55sh-ii-e1601485394796.jpg\" alt=\"\" srcset=\"http:\/\/kommentatorenblog.de\/wp-content\/uploads\/2020\/09\/shure-55sh-ii-e1601485394796.jpg 415w, http:\/\/kommentatorenblog.de\/wp-content\/uploads\/2020\/09\/shure-55sh-ii-e1601485394796-142x300.jpg 142w\" sizes=\"auto, (max-width: 10px) 100vw, 10px\" \/> Freddy Harder <\/p>\n\n\n\n<p><em><strong>FC Villarreal \u2013 Dynamo Zagreb (21.00 Uhr)<\/strong><\/em><\/p>\n\n\n\n<p class=\"has-normal-font-size\"><img loading=\"lazy\" decoding=\"async\" width=\"10\" height=\"21\" class=\"wp-image-3656\" style=\"width: 10px;\" src=\"http:\/\/kommentatorenblog.de\/wp-content\/uploads\/2020\/09\/shure-55sh-ii-e1601485394796.jpg\" alt=\"\" srcset=\"http:\/\/kommentatorenblog.de\/wp-content\/uploads\/2020\/09\/shure-55sh-ii-e1601485394796.jpg 415w, http:\/\/kommentatorenblog.de\/wp-content\/uploads\/2020\/09\/shure-55sh-ii-e1601485394796-142x300.jpg 142w\" sizes=\"auto, (max-width: 10px) 100vw, 10px\" \/> Max Gross<\/p>\n\n\n\n<hr class=\"wp-block-separator\"\/>\n\n\n\n<p><strong>2. Bundesliga, Nachholspiele vom 24. und 26. Spieltag (Sky) <\/strong><\/p>\n\n\n\n<p><span style=\"text-decoration: underline;\">Mittwoch, 14. April 2021, ab 18.15 Uhr<\/span><\/p>\n\n\n\n<p><strong><em><s>Holstein Kiel \u2013 Hannover 96 (18.30 Uhr)<\/s><\/em> &#8211; abgesagt &#8211;<\/strong><\/p>\n\n\n\n<p class=\"has-normal-font-size\"><s><img loading=\"lazy\" decoding=\"async\" width=\"10\" height=\"21\" class=\"wp-image-3656\" style=\"width: 10px;\" src=\"http:\/\/kommentatorenblog.de\/wp-content\/uploads\/2020\/09\/shure-55sh-ii-e1601485394796.jpg\" alt=\"\" srcset=\"http:\/\/kommentatorenblog.de\/wp-content\/uploads\/2020\/09\/shure-55sh-ii-e1601485394796.jpg 415w, http:\/\/kommentatorenblog.de\/wp-content\/uploads\/2020\/09\/shure-55sh-ii-e1601485394796-142x300.jpg 142w\" sizes=\"auto, (max-width: 10px) 100vw, 10px\" \/> Sven Schr\u00f6ter (Einzelspiel), Marcel Meinert (Konferenz)<\/s><\/p>\n\n\n\n<p><strong><em>VfL Osnabr\u00fcck \u2013 SSV Jahn Regensburg (18.30 Uhr)<\/em><\/strong><\/p>\n\n\n\n<p class=\"has-normal-font-size\"><img loading=\"lazy\" decoding=\"async\" width=\"10\" height=\"21\" class=\"wp-image-3656\" style=\"width: 10px;\" src=\"http:\/\/kommentatorenblog.de\/wp-content\/uploads\/2020\/09\/shure-55sh-ii-e1601485394796.jpg\" alt=\"\" srcset=\"http:\/\/kommentatorenblog.de\/wp-content\/uploads\/2020\/09\/shure-55sh-ii-e1601485394796.jpg 415w, http:\/\/kommentatorenblog.de\/wp-content\/uploads\/2020\/09\/shure-55sh-ii-e1601485394796-142x300.jpg 142w\" sizes=\"auto, (max-width: 10px) 100vw, 10px\" \/>  Martin Weinberger (Einzelspiel), <s>Martin Weinberger (Konferenz)<\/s><\/p>\n\n\n\n<p>Field-Reporter: Jurek Rohrberg<\/p>\n\n\n\n<p><s>Moderation: Hartmut von Kameke<\/s><\/p>\n\n\n\n<hr class=\"wp-block-separator\"\/>\n\n\n\n<p><strong>L\u00e4nderspiel der DFB-Frauen (ZDF)<\/strong><\/p>\n\n\n\n<p><span style=\"text-decoration: underline;\">Dienstag, 13. April 2021, ab 15.45 Uhr<\/span><\/p>\n\n\n\n<p><strong><em>Deutschland <strong><em>\u2013<\/em><\/strong> Norwegen (16.00 Uhr)<\/em><\/strong><\/p>\n\n\n\n<p class=\"has-normal-font-size\"><img loading=\"lazy\" decoding=\"async\" width=\"10\" height=\"21\" class=\"wp-image-3656\" style=\"width: 10px;\" src=\"http:\/\/kommentatorenblog.de\/wp-content\/uploads\/2020\/09\/shure-55sh-ii-e1601485394796.jpg\" alt=\"\" srcset=\"http:\/\/kommentatorenblog.de\/wp-content\/uploads\/2020\/09\/shure-55sh-ii-e1601485394796.jpg 415w, http:\/\/kommentatorenblog.de\/wp-content\/uploads\/2020\/09\/shure-55sh-ii-e1601485394796-142x300.jpg 142w\" sizes=\"auto, (max-width: 10px) 100vw, 10px\" \/> Claudia Neumann<\/p>\n\n\n\n<p>Moderation: Katja Streso, Expertin: Ariane Hingst<\/p>\n\n\n\n<hr class=\"wp-block-separator\"\/>\n\n\n\n<p><strong>Die Analyse<\/strong><\/p>\n\n\n\n<p><strong>Doppelter Mittermeier<\/strong><\/p>\n\n\n\n<p>Den Start in die Champions League Woche gibt es am Dienstag um 19.30 Uhr mit dem Duo Sebastian Hellmann und Lothar Matth\u00e4us, Taktik-Experte Erik Meijer und Gast Michael Mittermeier. Das Team um Hellmann und Matth\u00e4us l\u00e4utet wie bereits in der vergangenen Woche die Partien zwischen PSG und den Bayern sowie zwischen Chelsea und Porto ein. <\/p>\n\n\n\n<p><strong>Fuss in M\u00fcnchen, Dumont in Paris<\/strong><\/p>\n\n\n\n<p>Das Einzelspiel, welches Sky zeigt, ist selbstverst\u00e4ndlich das der Bayern, die German Rule haben meine Kollegen und ich ja bereits h\u00e4ufiger erl\u00e4utert. In Paris ist f\u00fcr Sky Pandemie-Bedingt einzig Margot Dumont, diese Rolle \u00fcbernimmt sie aber ja nicht zum ersten Mal in dieser Spielzeit. Der Kommentar aus der ber\u00fchmt ber\u00fcchtigten Box in Unterf\u00f6hring kommt nat\u00fcrlich von Wolff Fuss. Das Re-Live auf DAZN begleitet Nico Seepe.<\/p>\n\n\n\n<p>Beim Parallelspiel rotiert DAZN komplett im Vergleich zur Vorwoche durch, statt Lukas Sch\u00f6nm\u00fcller, Ralle Gunesch und Daniel Herzog sind beim R\u00fcckspiel Margo Hagemann, Seb Knei\u00dfl und Tobi Wahnschaffe im Einsatz. Der Standort wiederum bleibt derselbe im Vergleich zur Vorwoche, das Estadio Ram\u00f3n S\u00e1nchez-Pizju\u00e1n in Sevilla bleibt Austragungsort. In der Konferenz rutscht Martin Gro\u00df vom Chelsea &#8211; Porto Spiel zu der Partie in Bayern und damit auch mehr Redeanteil als noch letzte Woche. F\u00fcr ihn \u00fcbernimmt nun Roland Evers das &#8222;Tor in Sevilla&#8220;, nach dem Topspiel am vergangenen Samstag gibt&#8217;s am Dienstag somit den zweiten Hochkar\u00e4ter f\u00fcr ihn. <\/p>\n\n\n\n<p><strong>Buschi und Gro\u00df in der letzten Konferenz<\/strong><\/p>\n\n\n\n<p>Am Mittwoch freuen wir uns auf  die Crew um Michael Leopold, Didi Hamann und Erik Meijer. Zu Gast ist der ehemalige Sky Experte Ewald Lienen. In den Signal-Iduna Park schickt Sky als Kommentator wenig \u00fcberraschend Kai Dittmann, w\u00e4hrend Esther Sedlaczek die Fragen am Spielfeldrand stellt. Bei DAZN k\u00fcmmert sich Flo Hauser um die Wiederholung und die Vertonung der Highlights. <\/p>\n\n\n\n<p>Beim Parallelspiel an der Anfield-Road setzt DAZN auf Alex Schl\u00fcter und Sandro Wagner &#8211; die beiden Eienzigen beim Streamingdienst, die sowohl bei den Hinspielen als auch bei den R\u00fcckspielen im Einsatz sind. Kommentator ist Uli Hebel, somit ist jeder der Top 4 von DAZN bei den Viertelfinalspielen im Einsatz. In der letzten Sky Champions League Konferenz \u00fcbernimmt statt Wolff Fuss Frank Buschmann den BVB. Mit ihm ist Martin Gro\u00df &#8211; der sich wie in der Vorwoche um Liverpool gegen Real k\u00fcmmert &#8211; auch in der vierten Viertelfinal-Konferenz dabei.<\/p>\n\n\n\n<p><strong>Keine \u00dcberraschungen in der Europa League <\/strong><\/p>\n\n\n\n<p>In der Europa League setzen sowohl DAZN als auch Nitro auf Kontinuit\u00e4t. Einzig auf Posten des Goalzone-Kommentators \u00fcbernimmt Christoph Stadtler f\u00fcr Jan L\u00fcdecke, der Rest ist deckungsgleich im Vergleich zur Vorwoche.<\/p>\n\n\n\n<p>In Liga zwei meldet sich um 18.00 Uhr wohl Hartmut von Kameke aus dem Studio im Foyer. In der Konferenz h\u00e4tten sich Marcel Meinert und Redakteur Martin Weinberger gemeldet, nun ist das aber ja hinf\u00e4llig. Das Einzelspiel der Kieler h\u00e4tte im \u00fcbrigen Sven Schr\u00f6ter aus M\u00fcnchen \u00fcbernommen. Nach Osnabr\u00fcck schickt Sky Jurek Rohrberg, Markus Gaupp kommentiert das Einzelspiel aus der Box. Au\u00dferdem gibt\u00b4s morgen noch das Frauen-L\u00e4nderspiel im ZDF. <\/p>\n\n\n\n<p>Bis dahin sch\u00f6ne Gr\u00fc\u00dfe aus der Modellregion Saarland und macht euch eine sch\u00f6ne Woche!<\/p>\n","protected":false},"excerpt":{"rendered":"<p>N &#8218;Abend allerseits, Dienstag und Mittwoch stehen die R\u00fcckspiele in der Champions League an &#8211; somit erleben wir die letzten beiden Champions League Konferenzen in dieser Spielzeit. Bekannterma\u00dfen hat Sky ab der kommenden Spielzeit keine Rechte mehr an der Champions League, weshalb es auch die letzten Sky-Konferenzen in der Champions League f\u00fcr die Minimum n\u00e4chsten [&hellip;]<\/p>\n","protected":false},"author":5,"featured_media":0,"comment_status":"open","ping_status":"open","sticky":false,"template":"","format":"standard","meta":{"footnotes":""},"categories":[425],"tags":[20,49,131,160,171,36,13,30,82,97,42,530,61,295,244,93,44,31,70,43,411,121,95,71,283,279,88,45,269,350,98,222,22,151,27,252,105,107,37],"class_list":["post-8092","post","type-post","status-publish","format-standard","hentry","category-champions-league-und-co","tag-2-bundesliga","tag-alex-schlueter","tag-carsten-fuss","tag-champions-league","tag-christoph-stadtler","tag-claudia-neumann","tag-dazn","tag-didi-hamann","tag-erik-meijer","tag-esther-sedlaczek","tag-europa-league","tag-ewald-lienen","tag-frank-buschmann","tag-freddy-harder","tag-jurek-rohrberg","tag-kai-dittmann","tag-laura-wontorra","tag-lothar-matthaeus","tag-marcel-meinert","tag-marco-hagemann","tag-margot-dumont","tag-markus-gaupp","tag-martin-gross","tag-martin-weinberger","tag-max-gross","tag-max-siebald","tag-michael-leopold","tag-roland-evers","tag-roman-weidenfeller","tag-sandro-wagner","tag-sebastian-hellmann","tag-sebastian-kneissl","tag-sky","tag-steffen-freund","tag-sven-schroeter","tag-tobi-wahnschaffe","tag-uli-hebel","tag-wolff-fuss","tag-zdf"],"_links":{"self":[{"href":"http:\/\/kommentatorenblog.de\/index.php?rest_route=\/wp\/v2\/posts\/8092","targetHints":{"allow":["GET"]}}],"collection":[{"href":"http:\/\/kommentatorenblog.de\/index.php?rest_route=\/wp\/v2\/posts"}],"about":[{"href":"http:\/\/kommentatorenblog.de\/index.php?rest_route=\/wp\/v2\/types\/post"}],"author":[{"embeddable":true,"href":"http:\/\/kommentatorenblog.de\/index.php?rest_route=\/wp\/v2\/users\/5"}],"replies":[{"embeddable":true,"href":"http:\/\/kommentatorenblog.de\/index.php?rest_route=%2Fwp%2Fv2%2Fcomments&post=8092"}],"version-history":[{"count":41,"href":"http:\/\/kommentatorenblog.de\/index.php?rest_route=\/wp\/v2\/posts\/8092\/revisions"}],"predecessor-version":[{"id":8257,"href":"http:\/\/kommentatorenblog.de\/index.php?rest_route=\/wp\/v2\/posts\/8092\/revisions\/8257"}],"wp:attachment":[{"href":"http:\/\/kommentatorenblog.de\/index.php?rest_route=%2Fwp%2Fv2%2Fmedia&parent=8092"}],"wp:term":[{"taxonomy":"category","embeddable":true,"href":"http:\/\/kommentatorenblog.de\/index.php?rest_route=%2Fwp%2Fv2%2Fcategories&post=8092"},{"taxonomy":"post_tag","embeddable":true,"href":"http:\/\/kommentatorenblog.de\/index.php?rest_route=%2Fwp%2Fv2%2Ftags&post=8092"}],"curies":[{"name":"wp","href":"https:\/\/api.w.org\/{rel}","templated":true}]}}