{"id":8289,"date":"2021-04-19T20:44:10","date_gmt":"2021-04-19T18:44:10","guid":{"rendered":"http:\/\/kommentatorenblog.de\/?p=8289"},"modified":"2021-04-21T22:25:20","modified_gmt":"2021-04-21T20:25:20","slug":"1165-super-league-haelt-fussball-den-spiegel-vor","status":"publish","type":"post","link":"http:\/\/kommentatorenblog.de\/?p=8289","title":{"rendered":"1165 \u2013 Super League h\u00e4lt Fu\u00dfball den Spiegel vor"},"content":{"rendered":"\n<p>N\u2019Abend allerseits,<\/p>\n\n\n\n<p>heute Morgen vor dem Fr\u00fchdienst musste ich mir die Augen reiben. Das war zwar mitunter der M\u00fcdigkeit geschuldet, aber eben auch der Nachricht, die auf meinem Handy aufploppte. Es geht um die Super League, die in einer Art Nacht-und-Nebel-Aktion verk\u00fcndet wurde. Was zun\u00e4chst sehr pl\u00f6tzlich wirkte, hat sich nat\u00fcrlich schon viel l\u00e4nger angebahnt. Denn immer wieder gab es Vorst\u00f6\u00dfe von Vertretern einzelner Vereine, die ihr Interesse an einer solchen Liga umsetzen wollten. Bis dato hat die UEFA die Forderungen aber immer wieder abgewiesen. Also wurde der Verband jetzt einfach mal komplett au\u00dfen vor gelassen.<\/p>\n\n\n\n<p><strong>Das Konzept der neuen Elite-Liga<\/strong><\/p>\n\n\n\n<p>Alle werden es mitbekommen haben, trotzdem in aller K\u00fcrze zum Hintergrund: Zw\u00f6lf Vereine haben kurz nach Mitternacht in einer offiziellen Pressemitteilung ihre konkreten Pl\u00e4ne zur sogenannten Super League ver\u00f6ffentlicht. Zu diesen zw\u00f6lf \u201eGr\u00fcndungsmitgliedern\u201c geh\u00f6ren die nominellen Top-Sechs-Klubs aus England, zudem Real, Barca und Atletico aus Spanien sowie Inter, AC Mailand und Juve aus Italien. Die Idee: Neben diesen zw\u00f6lf Vereinen, aus denen noch 15 werden sollen, d\u00fcrfen f\u00fcnf weitere Mannschaften teilnehmen, die sich auf noch unbekannte Weise f\u00fcr den Wettbewerb qualifizieren k\u00f6nnen. Die insgesamt 20 Teams sollen dann in je zwei Zehnergruppen \u201eJeder gegen Jeden\u201c spielen, wobei sich die acht Besten f\u00fcr eine K.o.-Runde mit Hin- und R\u00fcckspiel qualifizieren. Stattfinden sollen die Spiele unter der Woche, laut Medienberichten ab August. Viel mehr steht Stand jetzt aber auch noch nicht fest.<\/p>\n\n\n\n<p><strong>Nachricht l\u00f6st gro\u00dfes Echo aus<\/strong><\/p>\n\n\n\n<p>Die Ank\u00fcndigung hat in der Folge ein gewaltiges Echo in den sozialen Medien ausgel\u00f6st. Und auch ich sehe dieses Projekt mit sehr kritischen Augen. Aber die ablehnende Trotzhaltung von vielen kann ich zumindest nicht vollst\u00e4ndig teilen. Meine Prognose: Der anf\u00e4ngliche Aufschrei ist ein gro\u00dfes Feuer, das schnell wieder erlischt. Und das Lager der Bef\u00fcrworter wird zeitnah gr\u00f6\u00dfer werden. Zwar w\u00e4chst die Idee der Super League aus einer unverkennbaren Raffgier der jeweiligen Vereinsvertreter heran, deren haupts\u00e4chliches Interesse darin besteht, ihre Vormachtstellung auf der europ\u00e4ischen Fu\u00dfball-B\u00fchne aufrechtzuerhalten und noch mehr Geld zu kassieren. Und das ist der Grund, warum ich das Konzept in seiner Grundidee nicht bef\u00fcrworte. Aber &#8211; und das muss man an dieser Stelle so deutlich sagen &#8211; h\u00e4lt dieser Vorsto\u00df dem europ\u00e4ischen Profi-Fu\u00dfball schlichtweg den Spiegel vor.&nbsp;<\/p>\n\n\n\n<p><strong>Ein Dorn im Auge von UEFA und FIFA<\/strong><\/p>\n\n\n\n<p>Denn dass Fu\u00dfballvereine Wirtschaftsunternehmen sind, ist ein Fakt. Eine Super League ist also l\u00e4ngst nicht die Stunde Null f\u00fcr den Kapitalismus im Fu\u00dfball, sondern die logische Konsequenz der vergangenen Jahre. Der Identit\u00e4tsverlust, den viele Fu\u00dfball-Fans so anprangern, haben die gro\u00dfen Verb\u00e4nde doch h\u00f6chstselbst mit Korruption und Menschenrechtsverletzungen im Sinne der Gewinnmaximierung auf die Spitze getrieben. Deshalb sind UEFA und FIFA meiner Meinung nach die Letzten, die in dieser Situation mit dem Finger auf jemanden zeigen d\u00fcrfen. Um h\u00f6here Einnahmen zu generieren, hat die UEFA erst k\u00fcrzlich angek\u00fcndigt, dass es schon bald 225 Spiele statt 125 Spiele in der K\u00f6nigsklasse geben soll. Und genau an dieser Stelle begr\u00fc\u00dfe ich die Super League, da deren Organisatoren auf der europ\u00e4ischen Fu\u00dfball-B\u00fchne gewisserma\u00dfen als Gegenspieler der FIFA und UEFA fungieren. Der Machtapparat dieser Verb\u00e4nde ger\u00e4t ins Wanken, denn eine Super League bedeutet Konkurrenz f\u00fcr die derzeitigen Monopolisten.<\/p>\n\n\n\n<p><strong>Heuchlerisch und sportlich reizlos<\/strong><\/p>\n\n\n\n<p>Ein Problem habe ich jedoch mit der Art und Weise, wie die zw\u00f6lf Vereine, allen voran nat\u00fcrlich Real Madrid und Florentino P\u00e9rez dieses Projekt kommunizieren. Von Solidarit\u00e4t zu sprechen, empfinde ich als heuchlerisch. Denn es darf doch sehr stark bezweifelt werden, dass die Super-League-Macher f\u00fcr alle in der Corona-Krise strauchelnden Traditionsvereine des Profi-Fu\u00dfballs den Samariter spielen. Sollten \u00fcberhaupt Summen flie\u00dfen, sind das reine Alibima\u00dfnahmen zum \u00f6ffentlichen Schutz des eigenen Konzepts.&nbsp;<\/p>\n\n\n\n<p>Ein weiteres Fragezeichen m\u00f6chte ich hinter den sportlichen Rahmen setzen. Denn dort wird die kapitalistische Grundausrichtung nicht nur erkennbar, sondern hochgradig problematisch, gleicht das Teilnehmerfeld doch schon fast dem DAX an der B\u00f6rse. Aufgrund von Prestige sollen diese Klubs immer automatisch teilnahmeberechtigt sein, der Kreis der rotierenden Teams, die sich auf sportlichem Wege qualifizieren d\u00fcrfen, ist denkbar klein. Das l\u00e4sst die Schere zwischen armen und reichen Fu\u00dfballklubs immer gr\u00f6\u00dfer werden und beschleunigt &#8211; nochmal &#8211; einen Vorgang, den wir ohnehin schon seit geraumer Zeit beobachten k\u00f6nnen. Gespannt bin ich in diesem Zusammenhang auf eine neue Stellungnahme von J\u00fcrgen Klopp, der ja vor ein paar Jahren noch betont hatte, dass es langweilig w\u00e4re, wenn immer die gleichen Teams aufeinandertr\u00e4fen. Jetzt ist der FC Liverpool eben genau in dieses von ihm verp\u00f6nte Projekt involviert.<\/p>\n\n\n\n<p><strong>Die zentrale Frage der n\u00e4chsten Wochen<\/strong><\/p>\n\n\n\n<p>Eine Sache noch. Ich hatte es eingangs erw\u00e4hnt: Aus den zw\u00f6lf Gr\u00fcndungsteams sollen zeitnah noch 15 werden. Vielleicht kommt es ja nur mir so vor, aber wer eins und eins zusammenz\u00e4hlt, dem wird auffallen, dass diese Pl\u00e4tze f\u00fcr PSG, Bayern und Borussia Dortmund reserviert sein d\u00fcrften. Doch die deutschen Vertreter wollen nicht mitmachen. Und schon gar nicht, wenn eine Teilnahme bei der Super League gem\u00e4\u00df der UEFA einen Ausschluss bei den nationalen Ligen sowie Champions League, EM und WM bedeutet. Das hat BVB-Boss Hans-Joachim Watzke ja noch einmal deutlich gemacht. Und genau das wird die entscheidende Frage der kommenden Wochen und Monate sein. Bleibt die UEFA hart oder rudert sie zur\u00fcck? Eine Abspaltung der nationalen Ligen plus CL, EM und WM w\u00e4re nat\u00fcrlich eine heftige Nummer. Und selbst mit einem Ausschluss der jeweiligen Klubs aus der aktuellen CL-Saison hat Aleksander Ceferin bereits gedroht. Es k\u00f6nnte uns ein Machtkampf bevorstehen, wie ihn gerade die Vertreter der Union vormachen.<\/p>\n\n\n\n<p>Aber wie gesagt, ich habe das Bauchgef\u00fchl, dass sich die Lage beruhigen wird, nachdem wir noch ein paar Tage die Nachwehen der geplatzten Bombe sp\u00fcren werden. In jedem Fall bin ich gespannt auf Stellungnahmen von Spielern wie Ilkay G\u00fcndogan, f\u00fcr den seine Anstellung bei Manchester City ja gem\u00e4\u00df der UEFA-Drohungen ein Ausschluss bei der EM bedeuten w\u00fcrde. Dass es wirklich so weit kommt, kann ich mich nur schwer vorstellen.&nbsp;<\/p>\n\n\n\n<p>Die Frage nach der TV-Berichterstattung der Super League kommt nat\u00fcrlich noch viel zu fr\u00fch. Doch alle beteiligten Player d\u00fcrfen sich schonmal in Lauerstellung begeben.<\/p>\n\n\n\n<p>Und damit ab ins Tagesgesch\u00e4ft.<\/p>\n\n\n\n<hr class=\"wp-block-separator\"\/>\n\n\n\n<p><strong><em>Die Ansetzungen vom 20. April bis zum 22. April 2021<\/em><\/strong><\/p>\n\n\n\n<p><strong>Bundesliga, 30. Spieltag (Sky)<\/strong><\/p>\n\n\n\n<p><span style=\"text-decoration: underline;\">Dienstag, 20. April 2021, ab 17.30 Uhr<\/span><\/p>\n\n\n\n<p><strong><em>1.FC K\u00f6ln \u2013 RB Leipzig (18.30 Uhr)<\/em><\/strong><\/p>\n\n\n\n<p class=\"has-normal-font-size\"><img loading=\"lazy\" decoding=\"async\" width=\"10\" height=\"21\" class=\"wp-image-3656\" style=\"width: 10px;\" src=\"http:\/\/kommentatorenblog.de\/wp-content\/uploads\/2020\/09\/shure-55sh-ii-e1601485394796.jpg\" alt=\"\" srcset=\"http:\/\/kommentatorenblog.de\/wp-content\/uploads\/2020\/09\/shure-55sh-ii-e1601485394796.jpg 415w, http:\/\/kommentatorenblog.de\/wp-content\/uploads\/2020\/09\/shure-55sh-ii-e1601485394796-142x300.jpg 142w\" sizes=\"auto, (max-width: 10px) 100vw, 10px\" \/> Tom Bayer<\/p>\n\n\n\n<p>Field-Reporter: Marcus Lindemann<\/p>\n\n\n\n<p><span style=\"text-decoration: underline;\">ab 20.20 Uhr (bzw. FC Bayern M\u00fcnchen \u2013 Bayer 04 Leverkusen ab 20.00 Uhr) <\/span><\/p>\n\n\n\n<p><strong><em>FC Bayern M\u00fcnchen \u2013 Bayer 04 Leverkusen (20.30 Uhr)<\/em><\/strong><\/p>\n\n\n\n<p class=\"has-normal-font-size\"><img loading=\"lazy\" decoding=\"async\" width=\"10\" height=\"21\" class=\"wp-image-3656\" style=\"width: 10px;\" src=\"http:\/\/kommentatorenblog.de\/wp-content\/uploads\/2020\/09\/shure-55sh-ii-e1601485394796.jpg\" alt=\"\" srcset=\"http:\/\/kommentatorenblog.de\/wp-content\/uploads\/2020\/09\/shure-55sh-ii-e1601485394796.jpg 415w, http:\/\/kommentatorenblog.de\/wp-content\/uploads\/2020\/09\/shure-55sh-ii-e1601485394796-142x300.jpg 142w\" sizes=\"auto, (max-width: 10px) 100vw, 10px\" \/> Wolff Fuss (Einzelspiel), Hansi K\u00fcpper (Konferenz)<\/p>\n\n\n\n<p>Field-Reporter: Britta Hofmann  <\/p>\n\n\n\n<p><strong><em>Arminia Bielefeld \u2013 FC Schalke 04 (20.30 Uhr)<\/em><\/strong><\/p>\n\n\n\n<p class=\"has-normal-font-size\"><img loading=\"lazy\" decoding=\"async\" width=\"10\" height=\"21\" class=\"wp-image-3656\" style=\"width: 10px;\" src=\"http:\/\/kommentatorenblog.de\/wp-content\/uploads\/2020\/09\/shure-55sh-ii-e1601485394796.jpg\" alt=\"\" srcset=\"http:\/\/kommentatorenblog.de\/wp-content\/uploads\/2020\/09\/shure-55sh-ii-e1601485394796.jpg 415w, http:\/\/kommentatorenblog.de\/wp-content\/uploads\/2020\/09\/shure-55sh-ii-e1601485394796-142x300.jpg 142w\" sizes=\"auto, (max-width: 10px) 100vw, 10px\" \/> Kai Dittmann (Einzelspiel), Frank Buschmann (Konferenz)<\/p>\n\n\n\n<p>Field-Reporter: Ulli Potofski<\/p>\n\n\n\n<p><strong><em>Eintracht Frankfurt \u2013 FC Augsburg (20.30 Uhr)<\/em><\/strong><\/p>\n\n\n\n<p class=\"has-normal-font-size\"><img loading=\"lazy\" decoding=\"async\" width=\"10\" height=\"21\" class=\"wp-image-3656\" style=\"width: 10px;\" src=\"http:\/\/kommentatorenblog.de\/wp-content\/uploads\/2020\/09\/shure-55sh-ii-e1601485394796.jpg\" alt=\"\" srcset=\"http:\/\/kommentatorenblog.de\/wp-content\/uploads\/2020\/09\/shure-55sh-ii-e1601485394796.jpg 415w, http:\/\/kommentatorenblog.de\/wp-content\/uploads\/2020\/09\/shure-55sh-ii-e1601485394796-142x300.jpg 142w\" sizes=\"auto, (max-width: 10px) 100vw, 10px\" \/> J\u00fcrgen Schmitz (Einzelspiel), Jonas Friedrich (Konferenz)<\/p>\n\n\n\n<p>Field-Reporter: Ecki Heuser<\/p>\n\n\n\n<p>Moderation: Michael Leopold, Experte: Lothar Matth\u00e4us<\/p>\n\n\n\n<p><span style=\"text-decoration: underline;\">Mittwoch, 21. April 2021, ab 18.15 Uhr (DAZN)<\/span><\/p>\n\n\n\n<p><strong><em><strong><em><s>Hertha BSC <strong><em><strong><em><s>\u2013<\/s><\/em><\/strong><\/em><\/strong> SC Freiburg<\/s><\/em><\/strong><\/em><\/strong> <strong><em><strong><em><s>(18.30 Uhr)<\/s><\/em><\/strong> <strong><em>&#8211; abgesagt &#8211;<\/em><\/strong><\/em><\/strong><\/p>\n\n\n\n<p><span style=\"text-decoration: underline;\">ab 19.30 Uhr<\/span><\/p>\n\n\n\n<p><strong><em>Borussia Dortmund \u2013 1.FC Union Berlin (20.30 Uhr)<\/em><\/strong><\/p>\n\n\n\n<p class=\"has-normal-font-size\"><img loading=\"lazy\" decoding=\"async\" width=\"10\" height=\"21\" class=\"wp-image-3656\" style=\"width: 10px;\" src=\"http:\/\/kommentatorenblog.de\/wp-content\/uploads\/2020\/09\/shure-55sh-ii-e1601485394796.jpg\" alt=\"\" srcset=\"http:\/\/kommentatorenblog.de\/wp-content\/uploads\/2020\/09\/shure-55sh-ii-e1601485394796.jpg 415w, http:\/\/kommentatorenblog.de\/wp-content\/uploads\/2020\/09\/shure-55sh-ii-e1601485394796-142x300.jpg 142w\" sizes=\"auto, (max-width: 10px) 100vw, 10px\" \/>  Martin Gro\u00df (Einzelspiel), Klaus Veltman (Konferenz)<\/p>\n\n\n\n<p>Field-Reporter: Patrick Wasserziehr<\/p>\n\n\n\n<p><strong><em>VfB Stuttgart \u2013 VfL Wolfsburg (20.30 Uhr)<\/em><\/strong><\/p>\n\n\n\n<p class=\"has-normal-font-size\"><img loading=\"lazy\" decoding=\"async\" width=\"10\" height=\"21\" class=\"wp-image-3656\" style=\"width: 10px;\" src=\"http:\/\/kommentatorenblog.de\/wp-content\/uploads\/2020\/09\/shure-55sh-ii-e1601485394796.jpg\" alt=\"\" srcset=\"http:\/\/kommentatorenblog.de\/wp-content\/uploads\/2020\/09\/shure-55sh-ii-e1601485394796.jpg 415w, http:\/\/kommentatorenblog.de\/wp-content\/uploads\/2020\/09\/shure-55sh-ii-e1601485394796-142x300.jpg 142w\" sizes=\"auto, (max-width: 10px) 100vw, 10px\" \/> Roland Evers (Einzelspiel), Wolff Fuss (Konferenz)<\/p>\n\n\n\n<p>Field-Reporter: Stefan Hempel <\/p>\n\n\n\n<p><strong><em>TSG Hoffenheim \u2013 Borussia M\u00f6nchengladbach (20.30 Uhr)<\/em><\/strong><\/p>\n\n\n\n<p class=\"has-normal-font-size\"><img loading=\"lazy\" decoding=\"async\" width=\"10\" height=\"21\" class=\"wp-image-3656\" style=\"width: 10px;\" src=\"http:\/\/kommentatorenblog.de\/wp-content\/uploads\/2020\/09\/shure-55sh-ii-e1601485394796.jpg\" alt=\"\" srcset=\"http:\/\/kommentatorenblog.de\/wp-content\/uploads\/2020\/09\/shure-55sh-ii-e1601485394796.jpg 415w, http:\/\/kommentatorenblog.de\/wp-content\/uploads\/2020\/09\/shure-55sh-ii-e1601485394796-142x300.jpg 142w\" sizes=\"auto, (max-width: 10px) 100vw, 10px\" \/> Toni Tomic (Einzelspiel), Hansi K\u00fcpper (Konferenz)<\/p>\n\n\n\n<p>Field-Reporter: Ecki Heuser <\/p>\n\n\n\n<p><strong><em>Werder Bremen \u2013 1.FSV Mainz 05 (20.30 Uhr)<\/em><\/strong><\/p>\n\n\n\n<p class=\"has-normal-font-size\"><img loading=\"lazy\" decoding=\"async\" width=\"10\" height=\"21\" class=\"wp-image-3656\" style=\"width: 10px;\" src=\"http:\/\/kommentatorenblog.de\/wp-content\/uploads\/2020\/09\/shure-55sh-ii-e1601485394796.jpg\" alt=\"\" srcset=\"http:\/\/kommentatorenblog.de\/wp-content\/uploads\/2020\/09\/shure-55sh-ii-e1601485394796.jpg 415w, http:\/\/kommentatorenblog.de\/wp-content\/uploads\/2020\/09\/shure-55sh-ii-e1601485394796-142x300.jpg 142w\" sizes=\"auto, (max-width: 10px) 100vw, 10px\" \/> Michael Born (Einzelspiel), Jonas Friedrich (Konferenz)<\/p>\n\n\n\n<p>Field-Reporter: Jens Westen <\/p>\n\n\n\n<p>Moderation: Sebastian Hellmann, Experte: Didi Hamann<\/p>\n\n\n\n<hr class=\"wp-block-separator\"\/>\n\n\n\n<p><strong>2. Bundesliga, 30. Spieltag<\/strong> <strong>(Sky)<\/strong><\/p>\n\n\n\n<p><span style=\"text-decoration: underline;\">Dienstag, 20. April 2021, ab 18.00 Uhr<\/span><\/p>\n\n\n\n<p><strong><em>FC Erzgebirge Aue \u2013 1.FC N\u00fcrnberg (18.30 Uhr)<\/em><\/strong><\/p>\n\n\n\n<p class=\"has-normal-font-size\"><img loading=\"lazy\" decoding=\"async\" width=\"10\" height=\"21\" class=\"wp-image-3656\" style=\"width: 10px;\" src=\"http:\/\/kommentatorenblog.de\/wp-content\/uploads\/2020\/09\/shure-55sh-ii-e1601485394796.jpg\" alt=\"\" srcset=\"http:\/\/kommentatorenblog.de\/wp-content\/uploads\/2020\/09\/shure-55sh-ii-e1601485394796.jpg 415w, http:\/\/kommentatorenblog.de\/wp-content\/uploads\/2020\/09\/shure-55sh-ii-e1601485394796-142x300.jpg 142w\" sizes=\"auto, (max-width: 10px) 100vw, 10px\" \/> Holger Pfandt<\/p>\n\n\n\n<p><strong><em>FC W\u00fcrzburger Kickers \u2013 SV Darmstadt 98 (18.30 Uhr)<\/em><\/strong><\/p>\n\n\n\n<p class=\"has-normal-font-size\"><img loading=\"lazy\" decoding=\"async\" width=\"10\" height=\"21\" class=\"wp-image-3656\" style=\"width: 10px;\" src=\"http:\/\/kommentatorenblog.de\/wp-content\/uploads\/2020\/09\/shure-55sh-ii-e1601485394796.jpg\" alt=\"\" srcset=\"http:\/\/kommentatorenblog.de\/wp-content\/uploads\/2020\/09\/shure-55sh-ii-e1601485394796.jpg 415w, http:\/\/kommentatorenblog.de\/wp-content\/uploads\/2020\/09\/shure-55sh-ii-e1601485394796-142x300.jpg 142w\" sizes=\"auto, (max-width: 10px) 100vw, 10px\" \/> Sven Haist, Interviews: Schalte <\/p>\n\n\n\n<p><strong><em>SpVgg Greuther F\u00fcrth \u2013 Eintracht Braunschweig (18.30 Uhr)<\/em><\/strong><\/p>\n\n\n\n<p class=\"has-normal-font-size\"><img loading=\"lazy\" decoding=\"async\" width=\"10\" height=\"21\" class=\"wp-image-3656\" style=\"width: 10px;\" src=\"http:\/\/kommentatorenblog.de\/wp-content\/uploads\/2020\/09\/shure-55sh-ii-e1601485394796.jpg\" alt=\"\" srcset=\"http:\/\/kommentatorenblog.de\/wp-content\/uploads\/2020\/09\/shure-55sh-ii-e1601485394796.jpg 415w, http:\/\/kommentatorenblog.de\/wp-content\/uploads\/2020\/09\/shure-55sh-ii-e1601485394796-142x300.jpg 142w\" sizes=\"auto, (max-width: 10px) 100vw, 10px\" \/> Klaus Veltman, Field-Reporter; Florian Bauer <\/p>\n\n\n\n<p>Moderation: Stefan Hempel<\/p>\n\n\n\n<p><span style=\"text-decoration: underline;\">Mittwoch, 21. April 2021, ab 18.00 Uhr<\/span><\/p>\n\n\n\n<p><strong><em>1.FC Heidenheim \u2013 VfL Bochum (18.30 Uhr)<\/em><\/strong><\/p>\n\n\n\n<p class=\"has-normal-font-size\"><img loading=\"lazy\" decoding=\"async\" width=\"10\" height=\"21\" class=\"wp-image-3656\" style=\"width: 10px;\" src=\"http:\/\/kommentatorenblog.de\/wp-content\/uploads\/2020\/09\/shure-55sh-ii-e1601485394796.jpg\" alt=\"\" srcset=\"http:\/\/kommentatorenblog.de\/wp-content\/uploads\/2020\/09\/shure-55sh-ii-e1601485394796.jpg 415w, http:\/\/kommentatorenblog.de\/wp-content\/uploads\/2020\/09\/shure-55sh-ii-e1601485394796-142x300.jpg 142w\" sizes=\"auto, (max-width: 10px) 100vw, 10px\" \/> Sven Schr\u00f6ter, Field-Reporter: Hartmut von Kameke<\/p>\n\n\n\n<p><strong><em>Fortuna D\u00fcsseldorf \u2013 FC St. Pauli (18.30 Uhr)<\/em><\/strong><\/p>\n\n\n\n<p class=\"has-normal-font-size\"><img loading=\"lazy\" decoding=\"async\" width=\"10\" height=\"21\" class=\"wp-image-3656\" style=\"width: 10px;\" src=\"http:\/\/kommentatorenblog.de\/wp-content\/uploads\/2020\/09\/shure-55sh-ii-e1601485394796.jpg\" alt=\"\" srcset=\"http:\/\/kommentatorenblog.de\/wp-content\/uploads\/2020\/09\/shure-55sh-ii-e1601485394796.jpg 415w, http:\/\/kommentatorenblog.de\/wp-content\/uploads\/2020\/09\/shure-55sh-ii-e1601485394796-142x300.jpg 142w\" sizes=\"auto, (max-width: 10px) 100vw, 10px\" \/> Karsten Petrzika, Interviews: Schalte <\/p>\n\n\n\n<p><strong><em>Hannover 96 \u2013 Jahn Regensburg (18.30 Uhr)<\/em><\/strong><\/p>\n\n\n\n<p class=\"has-normal-font-size\"><img loading=\"lazy\" decoding=\"async\" width=\"10\" height=\"21\" class=\"wp-image-3656\" style=\"width: 10px;\" src=\"http:\/\/kommentatorenblog.de\/wp-content\/uploads\/2020\/09\/shure-55sh-ii-e1601485394796.jpg\" alt=\"\" srcset=\"http:\/\/kommentatorenblog.de\/wp-content\/uploads\/2020\/09\/shure-55sh-ii-e1601485394796.jpg 415w, http:\/\/kommentatorenblog.de\/wp-content\/uploads\/2020\/09\/shure-55sh-ii-e1601485394796-142x300.jpg 142w\" sizes=\"auto, (max-width: 10px) 100vw, 10px\" \/> Torsten Kunde<\/p>\n\n\n\n<p><strong><em>SC Paderborn \u2013 VfL Osnabr\u00fcck (18.30 Uhr)<\/em><\/strong><\/p>\n\n\n\n<p class=\"has-normal-font-size\"><img loading=\"lazy\" decoding=\"async\" width=\"10\" height=\"21\" class=\"wp-image-3656\" style=\"width: 10px;\" src=\"http:\/\/kommentatorenblog.de\/wp-content\/uploads\/2020\/09\/shure-55sh-ii-e1601485394796.jpg\" alt=\"\" srcset=\"http:\/\/kommentatorenblog.de\/wp-content\/uploads\/2020\/09\/shure-55sh-ii-e1601485394796.jpg 415w, http:\/\/kommentatorenblog.de\/wp-content\/uploads\/2020\/09\/shure-55sh-ii-e1601485394796-142x300.jpg 142w\" sizes=\"auto, (max-width: 10px) 100vw, 10px\" \/> Holger Pfandt<\/p>\n\n\n\n<p>Moderation: Yannick Erkenbrecher<\/p>\n\n\n\n<p><strong><em><strong><em><s>Hamburger SV <strong><em><strong><em><s>\u2013<\/s><\/em><\/strong><\/em><\/strong> Karlsruher SC<\/s><\/em><\/strong><\/em><\/strong> <strong><em><strong><em><s>(18.30 Uhr)<\/s><\/em><\/strong> <strong><em>&#8211; abgesagt &#8211;<\/em><\/strong><\/em><\/strong><\/p>\n\n\n\n<p><strong><em><strong><em><s>Holstein Kiel <strong><em><strong><em><s>\u2013<\/s><\/em><\/strong><\/em><\/strong> SV Sandhausen<\/s><\/em><\/strong><\/em><\/strong> <strong><em><strong><em><s>(18.30 Uhr)<\/s><\/em><\/strong> <strong><em>&#8211; abgesagt &#8211;<\/em><\/strong><\/em><\/strong><\/p>\n\n\n\n<hr class=\"wp-block-separator\"\/>\n\n\n\n<p><strong>2. Bundesliga, Nachholspiel 29. Spieltag (Sky)<\/strong><\/p>\n\n\n\n<p><span style=\"text-decoration: underline;\">Donnerstag, 22. April 2021, ab 20.00 Uhr<\/span><\/p>\n\n\n\n<p><strong><em>SV Sandhausen \u2013 Hamburger SV (20.30 Uhr)<\/em><\/strong><\/p>\n\n\n\n<p class=\"has-normal-font-size\"><img loading=\"lazy\" decoding=\"async\" width=\"10\" height=\"21\" class=\"wp-image-3656\" style=\"width: 10px;\" src=\"http:\/\/kommentatorenblog.de\/wp-content\/uploads\/2020\/09\/shure-55sh-ii-e1601485394796.jpg\" alt=\"\" srcset=\"http:\/\/kommentatorenblog.de\/wp-content\/uploads\/2020\/09\/shure-55sh-ii-e1601485394796.jpg 415w, http:\/\/kommentatorenblog.de\/wp-content\/uploads\/2020\/09\/shure-55sh-ii-e1601485394796-142x300.jpg 142w\" sizes=\"auto, (max-width: 10px) 100vw, 10px\" \/> Stefan Hempel und Torsten Mattuschka <\/p>\n\n\n\n<p>Field-Reporter: Alexander Bonengel <\/p>\n\n\n\n<hr class=\"wp-block-separator\"\/>\n\n\n\n<p><strong>3. Liga, 33. Spieltag<\/strong><\/p>\n\n\n\n<p><span style=\"text-decoration: underline;\">Dienstag, 20. April 2021, ab 18.30 Uhr<\/span><\/p>\n\n\n\n<p><strong><em>MSV Duisburg \u2013 1.FC Kaiserslautern (19.00 Uhr)<\/em><\/strong><\/p>\n\n\n\n<p class=\"has-normal-font-size\"><img loading=\"lazy\" decoding=\"async\" width=\"10\" height=\"21\" class=\"wp-image-3656\" style=\"width: 10px;\" src=\"http:\/\/kommentatorenblog.de\/wp-content\/uploads\/2020\/09\/shure-55sh-ii-e1601485394796.jpg\" alt=\"\" srcset=\"http:\/\/kommentatorenblog.de\/wp-content\/uploads\/2020\/09\/shure-55sh-ii-e1601485394796.jpg 415w, http:\/\/kommentatorenblog.de\/wp-content\/uploads\/2020\/09\/shure-55sh-ii-e1601485394796-142x300.jpg 142w\" sizes=\"auto, (max-width: 10px) 100vw, 10px\" \/> Christian Stra\u00dfburger<\/p>\n\n\n\n<p>Moderation: Tobi Sch\u00e4fer, Experte: Rudi Bommer<\/p>\n\n\n\n<p><span style=\"text-decoration: underline;\">ab 18.45 Uhr<\/span><\/p>\n\n\n\n<p><s><strong><em>KFC Uerdingen 05&nbsp;\u2013&nbsp;<strong><em>Dynamo Dresden<\/em><\/strong><\/em><\/strong> <strong><em>(19.00 Uhr)<\/em><\/strong><\/s> <strong><em>-abgesagt-<\/em><\/strong><\/p>\n\n\n\n<p><strong><em>FSV Zwickau \u2013 FC Bayern M\u00fcnchen II (19.00 Uhr)<\/em><\/strong><\/p>\n\n\n\n<p class=\"has-normal-font-size\"><img loading=\"lazy\" decoding=\"async\" width=\"10\" height=\"21\" class=\"wp-image-3656\" style=\"width: 10px;\" src=\"http:\/\/kommentatorenblog.de\/wp-content\/uploads\/2020\/09\/shure-55sh-ii-e1601485394796.jpg\" alt=\"\" srcset=\"http:\/\/kommentatorenblog.de\/wp-content\/uploads\/2020\/09\/shure-55sh-ii-e1601485394796.jpg 415w, http:\/\/kommentatorenblog.de\/wp-content\/uploads\/2020\/09\/shure-55sh-ii-e1601485394796-142x300.jpg 142w\" sizes=\"auto, (max-width: 10px) 100vw, 10px\" \/> Alex K\u00fcpper<\/p>\n\n\n\n<p>Moderation: Anett Sattler<\/p>\n\n\n\n<p><strong><em>Hallescher FC \u2013 SC Verl (19.00 Uhr)<\/em><\/strong><\/p>\n\n\n\n<p class=\"has-normal-font-size\"><img loading=\"lazy\" decoding=\"async\" width=\"10\" height=\"21\" class=\"wp-image-3656\" style=\"width: 10px;\" src=\"http:\/\/kommentatorenblog.de\/wp-content\/uploads\/2020\/09\/shure-55sh-ii-e1601485394796.jpg\" alt=\"\" srcset=\"http:\/\/kommentatorenblog.de\/wp-content\/uploads\/2020\/09\/shure-55sh-ii-e1601485394796.jpg 415w, http:\/\/kommentatorenblog.de\/wp-content\/uploads\/2020\/09\/shure-55sh-ii-e1601485394796-142x300.jpg 142w\" sizes=\"auto, (max-width: 10px) 100vw, 10px\" \/> Lenny Leonhardt<\/p>\n\n\n\n<p>Moderation: Stefanie Blochwitz<\/p>\n\n\n\n<p><strong><em>1860 M\u00fcnchen \u2013 FC Viktoria K\u00f6ln (19.00 Uhr)<\/em><\/strong><\/p>\n\n\n\n<p class=\"has-normal-font-size\"><img loading=\"lazy\" decoding=\"async\" width=\"10\" height=\"21\" class=\"wp-image-3656\" style=\"width: 10px;\" src=\"http:\/\/kommentatorenblog.de\/wp-content\/uploads\/2020\/09\/shure-55sh-ii-e1601485394796.jpg\" alt=\"\" srcset=\"http:\/\/kommentatorenblog.de\/wp-content\/uploads\/2020\/09\/shure-55sh-ii-e1601485394796.jpg 415w, http:\/\/kommentatorenblog.de\/wp-content\/uploads\/2020\/09\/shure-55sh-ii-e1601485394796-142x300.jpg 142w\" sizes=\"auto, (max-width: 10px) 100vw, 10px\" \/> Franz B\u00fcchner<\/p>\n\n\n\n<p>Moderation: Sascha Bandermann<\/p>\n\n\n\n<p><span style=\"text-decoration: underline;\">Mittwoch, 21. April 2021, ab 18.30 Uhr<\/span><\/p>\n\n\n\n<p><strong><em>SV Meppen \u2013 1.FC Magdeburg (19.00 Uhr)<\/em><\/strong><\/p>\n\n\n\n<p class=\"has-normal-font-size\"><img loading=\"lazy\" decoding=\"async\" width=\"10\" height=\"21\" class=\"wp-image-3656\" style=\"width: 10px;\" src=\"http:\/\/kommentatorenblog.de\/wp-content\/uploads\/2020\/09\/shure-55sh-ii-e1601485394796.jpg\" alt=\"\" srcset=\"http:\/\/kommentatorenblog.de\/wp-content\/uploads\/2020\/09\/shure-55sh-ii-e1601485394796.jpg 415w, http:\/\/kommentatorenblog.de\/wp-content\/uploads\/2020\/09\/shure-55sh-ii-e1601485394796-142x300.jpg 142w\" sizes=\"auto, (max-width: 10px) 100vw, 10px\" \/> Kevin Augustin<\/p>\n\n\n\n<p>Moderation: Cedric Pick, Experte: Rudi Bommer<\/p>\n\n\n\n<p><span style=\"text-decoration: underline;\">ab 18.45 Uhr<\/span><\/p>\n\n\n\n<p><strong><em>VfB L\u00fcbeck \u2013 FC Ingolstadt 04 (19.00 Uhr)<\/em><\/strong><\/p>\n\n\n\n<p class=\"has-normal-font-size\"><img loading=\"lazy\" decoding=\"async\" width=\"10\" height=\"21\" class=\"wp-image-3656\" style=\"width: 10px;\" src=\"http:\/\/kommentatorenblog.de\/wp-content\/uploads\/2020\/09\/shure-55sh-ii-e1601485394796.jpg\" alt=\"\" srcset=\"http:\/\/kommentatorenblog.de\/wp-content\/uploads\/2020\/09\/shure-55sh-ii-e1601485394796.jpg 415w, http:\/\/kommentatorenblog.de\/wp-content\/uploads\/2020\/09\/shure-55sh-ii-e1601485394796-142x300.jpg 142w\" sizes=\"auto, (max-width: 10px) 100vw, 10px\" \/> Edgar Mielke<\/p>\n\n\n\n<p>Moderation: Thomas Wagner<\/p>\n\n\n\n<p><strong><em>Hansa Rostock \u2013 SV Wehen Wiesbaden (19.00 Uhr)<\/em><\/strong><\/p>\n\n\n\n<p class=\"has-normal-font-size\"><img loading=\"lazy\" decoding=\"async\" width=\"10\" height=\"21\" class=\"wp-image-3656\" style=\"width: 10px;\" src=\"http:\/\/kommentatorenblog.de\/wp-content\/uploads\/2020\/09\/shure-55sh-ii-e1601485394796.jpg\" alt=\"\" srcset=\"http:\/\/kommentatorenblog.de\/wp-content\/uploads\/2020\/09\/shure-55sh-ii-e1601485394796.jpg 415w, http:\/\/kommentatorenblog.de\/wp-content\/uploads\/2020\/09\/shure-55sh-ii-e1601485394796-142x300.jpg 142w\" sizes=\"auto, (max-width: 10px) 100vw, 10px\" \/> Andreas Mann<\/p>\n\n\n\n<p>Moderation: Gari Paubandt<\/p>\n\n\n\n<p><strong><em>1.FC Saarbr\u00fccken \u2013 SV Waldhof Mannheim (19.00 Uhr)<\/em><\/strong><\/p>\n\n\n\n<p class=\"has-normal-font-size\"><img loading=\"lazy\" decoding=\"async\" width=\"10\" height=\"21\" class=\"wp-image-3656\" style=\"width: 10px;\" src=\"http:\/\/kommentatorenblog.de\/wp-content\/uploads\/2020\/09\/shure-55sh-ii-e1601485394796.jpg\" alt=\"\" srcset=\"http:\/\/kommentatorenblog.de\/wp-content\/uploads\/2020\/09\/shure-55sh-ii-e1601485394796.jpg 415w, http:\/\/kommentatorenblog.de\/wp-content\/uploads\/2020\/09\/shure-55sh-ii-e1601485394796-142x300.jpg 142w\" sizes=\"auto, (max-width: 10px) 100vw, 10px\" \/> Markus H\u00f6hner<\/p>\n\n\n\n<p>Moderation: Kamila Benschop<\/p>\n\n\n\n<p><strong><em>SpVgg Unterhaching \u2013 T\u00fcrkg\u00fcc\u00fc M\u00fcnchen (19.00 Uhr)<\/em><\/strong><\/p>\n\n\n\n<p class=\"has-normal-font-size\"><img loading=\"lazy\" decoding=\"async\" width=\"10\" height=\"21\" class=\"wp-image-3656\" style=\"width: 10px;\" src=\"http:\/\/kommentatorenblog.de\/wp-content\/uploads\/2020\/09\/shure-55sh-ii-e1601485394796.jpg\" alt=\"\" srcset=\"http:\/\/kommentatorenblog.de\/wp-content\/uploads\/2020\/09\/shure-55sh-ii-e1601485394796.jpg 415w, http:\/\/kommentatorenblog.de\/wp-content\/uploads\/2020\/09\/shure-55sh-ii-e1601485394796-142x300.jpg 142w\" sizes=\"auto, (max-width: 10px) 100vw, 10px\" \/> Oskar Heirler<\/p>\n\n\n\n<p>Moderation: Simon K\u00f6pfer<\/p>\n\n\n\n<hr class=\"wp-block-separator\"\/>\n\n\n\n<p><strong>Frauen-Bundesliga, 18. Spieltag (Magenta Sport)<\/strong><\/p>\n\n\n\n<p><span style=\"text-decoration: underline;\">Mittwoch, 21. April 2021, ab 15.45 Uhr<\/span><\/p>\n\n\n\n<p><strong><em>1.FFC Turbine Potsdam \u2013 FC Bayern M\u00fcnchen (16.00 Uhr)<\/em><\/strong><\/p>\n\n\n\n<p class=\"has-normal-font-size\"><img loading=\"lazy\" decoding=\"async\" width=\"10\" height=\"21\" class=\"wp-image-3656\" style=\"width: 10px;\" src=\"http:\/\/kommentatorenblog.de\/wp-content\/uploads\/2020\/09\/shure-55sh-ii-e1601485394796.jpg\" alt=\"\" srcset=\"http:\/\/kommentatorenblog.de\/wp-content\/uploads\/2020\/09\/shure-55sh-ii-e1601485394796.jpg 415w, http:\/\/kommentatorenblog.de\/wp-content\/uploads\/2020\/09\/shure-55sh-ii-e1601485394796-142x300.jpg 142w\" sizes=\"auto, (max-width: 10px) 100vw, 10px\" \/> Christoph Fetzer<\/p>\n\n\n\n<hr class=\"wp-block-separator\"\/>\n\n\n\n<p><strong>Premier League, Nachholspiele (Sky)<\/strong><\/p>\n\n\n\n<p><span style=\"text-decoration: underline;\">Dienstag, 20. April 2021, ab 20.50 Uhr<\/span><\/p>\n\n\n\n<p>32. Spieltag: <strong><em>FC Chelsea \u2013 Brighton &amp; Hove Albion (21.00 Uhr)<\/em><\/strong><\/p>\n\n\n\n<p class=\"has-normal-font-size\"><img loading=\"lazy\" decoding=\"async\" width=\"10\" height=\"21\" class=\"wp-image-3656\" style=\"width: 10px;\" src=\"http:\/\/kommentatorenblog.de\/wp-content\/uploads\/2020\/09\/shure-55sh-ii-e1601485394796.jpg\" alt=\"\" srcset=\"http:\/\/kommentatorenblog.de\/wp-content\/uploads\/2020\/09\/shure-55sh-ii-e1601485394796.jpg 415w, http:\/\/kommentatorenblog.de\/wp-content\/uploads\/2020\/09\/shure-55sh-ii-e1601485394796-142x300.jpg 142w\" sizes=\"auto, (max-width: 10px) 100vw, 10px\" \/> Hannes Herrmann<\/p>\n\n\n\n<p><span style=\"text-decoration: underline;\">Mittwoch, 21. April 2021, ab 18.50 Uhr<\/span><\/p>\n\n\n\n<p>29. Spieltag: <strong><em>Tottenham Hotspur \u2013 FC Southampton (19.00 Uhr)<\/em><\/strong><\/p>\n\n\n\n<p class=\"has-normal-font-size\"><img loading=\"lazy\" decoding=\"async\" width=\"10\" height=\"21\" class=\"wp-image-3656\" style=\"width: 10px;\" src=\"http:\/\/kommentatorenblog.de\/wp-content\/uploads\/2020\/09\/shure-55sh-ii-e1601485394796.jpg\" alt=\"\" srcset=\"http:\/\/kommentatorenblog.de\/wp-content\/uploads\/2020\/09\/shure-55sh-ii-e1601485394796.jpg 415w, http:\/\/kommentatorenblog.de\/wp-content\/uploads\/2020\/09\/shure-55sh-ii-e1601485394796-142x300.jpg 142w\" sizes=\"auto, (max-width: 10px) 100vw, 10px\" \/> Joachim Hebel<\/p>\n\n\n\n<p><span style=\"text-decoration: underline;\">ab 21.05 Uhr<\/span><\/p>\n\n\n\n<p>32. Spieltag: <strong><em>Aston Villa \u2013 Manchester City (21.15 Uhr)<\/em><\/strong><\/p>\n\n\n\n<p class=\"has-normal-font-size\"><img loading=\"lazy\" decoding=\"async\" width=\"10\" height=\"21\" class=\"wp-image-3656\" style=\"width: 10px;\" src=\"http:\/\/kommentatorenblog.de\/wp-content\/uploads\/2020\/09\/shure-55sh-ii-e1601485394796.jpg\" alt=\"\" srcset=\"http:\/\/kommentatorenblog.de\/wp-content\/uploads\/2020\/09\/shure-55sh-ii-e1601485394796.jpg 415w, http:\/\/kommentatorenblog.de\/wp-content\/uploads\/2020\/09\/shure-55sh-ii-e1601485394796-142x300.jpg 142w\" sizes=\"auto, (max-width: 10px) 100vw, 10px\" \/> Sascha Roos<\/p>\n\n\n\n<p><span style=\"text-decoration: underline;\">Donnerstag, 22. April 2021, ab 20.50 Uhr<\/span><\/p>\n\n\n\n<p>32. Spieltag: <strong><em>Leicester City \u2013 West Bromwich Albion (21.00 Uhr)<\/em><\/strong><\/p>\n\n\n\n<p class=\"has-normal-font-size\"><img loading=\"lazy\" decoding=\"async\" width=\"10\" height=\"21\" class=\"wp-image-3656\" style=\"width: 10px;\" src=\"http:\/\/kommentatorenblog.de\/wp-content\/uploads\/2020\/09\/shure-55sh-ii-e1601485394796.jpg\" alt=\"\" srcset=\"http:\/\/kommentatorenblog.de\/wp-content\/uploads\/2020\/09\/shure-55sh-ii-e1601485394796.jpg 415w, http:\/\/kommentatorenblog.de\/wp-content\/uploads\/2020\/09\/shure-55sh-ii-e1601485394796-142x300.jpg 142w\" sizes=\"auto, (max-width: 10px) 100vw, 10px\" \/> Sven Schr\u00f6ter<\/p>\n\n\n\n<hr class=\"wp-block-separator\"\/>\n\n\n\n<p><strong>LaLiga, 31. Spieltag (DAZN)<\/strong><\/p>\n\n\n\n<p><span style=\"text-decoration: underline;\">Mittwoch, 21. April 2021<\/span><\/p>\n\n\n\n<p><strong><em>Real Betis \u2013 Athletic Bilbao (20.00 Uhr)<\/em><\/strong><\/p>\n\n\n\n<p class=\"has-normal-font-size\"><img loading=\"lazy\" decoding=\"async\" width=\"10\" height=\"21\" class=\"wp-image-3656\" style=\"width: 10px;\" src=\"http:\/\/kommentatorenblog.de\/wp-content\/uploads\/2020\/09\/shure-55sh-ii-e1601485394796.jpg\" alt=\"\" srcset=\"http:\/\/kommentatorenblog.de\/wp-content\/uploads\/2020\/09\/shure-55sh-ii-e1601485394796.jpg 415w, http:\/\/kommentatorenblog.de\/wp-content\/uploads\/2020\/09\/shure-55sh-ii-e1601485394796-142x300.jpg 142w\" sizes=\"auto, (max-width: 10px) 100vw, 10px\" \/> Julian Engelhardt<\/p>\n\n\n\n<p><strong><em>Cadiz CF \u2013 Real Madrid (22.00 Uhr)<\/em><\/strong><\/p>\n\n\n\n<p class=\"has-normal-font-size\"><img loading=\"lazy\" decoding=\"async\" width=\"10\" height=\"21\" class=\"wp-image-3656\" style=\"width: 10px;\" src=\"http:\/\/kommentatorenblog.de\/wp-content\/uploads\/2020\/09\/shure-55sh-ii-e1601485394796.jpg\" alt=\"\" srcset=\"http:\/\/kommentatorenblog.de\/wp-content\/uploads\/2020\/09\/shure-55sh-ii-e1601485394796.jpg 415w, http:\/\/kommentatorenblog.de\/wp-content\/uploads\/2020\/09\/shure-55sh-ii-e1601485394796-142x300.jpg 142w\" sizes=\"auto, (max-width: 10px) 100vw, 10px\" \/> Tom Kirsten<\/p>\n\n\n\n<p><span style=\"text-decoration: underline;\">Donnerstag, 22. April 2021<\/span><\/p>\n\n\n\n<p><strong><em>Atl\u00e9tico Madrid \u2013 SD Huesca (19.00 Uhr)<\/em><\/strong><\/p>\n\n\n\n<p class=\"has-normal-font-size\"><img loading=\"lazy\" decoding=\"async\" width=\"10\" height=\"21\" class=\"wp-image-3656\" style=\"width: 10px;\" src=\"http:\/\/kommentatorenblog.de\/wp-content\/uploads\/2020\/09\/shure-55sh-ii-e1601485394796.jpg\" alt=\"\" srcset=\"http:\/\/kommentatorenblog.de\/wp-content\/uploads\/2020\/09\/shure-55sh-ii-e1601485394796.jpg 415w, http:\/\/kommentatorenblog.de\/wp-content\/uploads\/2020\/09\/shure-55sh-ii-e1601485394796-142x300.jpg 142w\" sizes=\"auto, (max-width: 10px) 100vw, 10px\" \/> Oliver Forster<\/p>\n\n\n\n<p><strong><em>FC Barcelona \u2013 FC Getafe (22.00 Uhr)<\/em><\/strong><\/p>\n\n\n\n<p class=\"has-normal-font-size\"><img loading=\"lazy\" decoding=\"async\" width=\"10\" height=\"21\" class=\"wp-image-3656\" style=\"width: 10px;\" src=\"http:\/\/kommentatorenblog.de\/wp-content\/uploads\/2020\/09\/shure-55sh-ii-e1601485394796.jpg\" alt=\"\" srcset=\"http:\/\/kommentatorenblog.de\/wp-content\/uploads\/2020\/09\/shure-55sh-ii-e1601485394796.jpg 415w, http:\/\/kommentatorenblog.de\/wp-content\/uploads\/2020\/09\/shure-55sh-ii-e1601485394796-142x300.jpg 142w\" sizes=\"auto, (max-width: 10px) 100vw, 10px\" \/> Lukas Sch\u00f6nm\u00fcller, Experte: Sascha Bigalke<\/p>\n\n\n\n<hr class=\"wp-block-separator\"\/>\n\n\n\n<p><strong>Serie A, 32. Spieltag (DAZN)<\/strong><\/p>\n\n\n\n<p><span style=\"text-decoration: underline;\">Mittwoch, 21. April 2021<\/span><\/p>\n\n\n\n<p><strong><em>AC Mailand \u2013 US Sassuolo (18.30 Uhr)<\/em><\/strong><\/p>\n\n\n\n<p class=\"has-normal-font-size\"><img loading=\"lazy\" decoding=\"async\" width=\"10\" height=\"21\" class=\"wp-image-3656\" style=\"width: 10px;\" src=\"http:\/\/kommentatorenblog.de\/wp-content\/uploads\/2020\/09\/shure-55sh-ii-e1601485394796.jpg\" alt=\"\" srcset=\"http:\/\/kommentatorenblog.de\/wp-content\/uploads\/2020\/09\/shure-55sh-ii-e1601485394796.jpg 415w, http:\/\/kommentatorenblog.de\/wp-content\/uploads\/2020\/09\/shure-55sh-ii-e1601485394796-142x300.jpg 142w\" sizes=\"auto, (max-width: 10px) 100vw, 10px\" \/> Flo Hauser<\/p>\n\n\n\n<p><strong><em>Juventus Turin \u2013 FC Parma (20.45 Uhr)<\/em><\/strong><\/p>\n\n\n\n<p class=\"has-normal-font-size\"><img loading=\"lazy\" decoding=\"async\" width=\"10\" height=\"21\" class=\"wp-image-3656\" style=\"width: 10px;\" src=\"http:\/\/kommentatorenblog.de\/wp-content\/uploads\/2020\/09\/shure-55sh-ii-e1601485394796.jpg\" alt=\"\" srcset=\"http:\/\/kommentatorenblog.de\/wp-content\/uploads\/2020\/09\/shure-55sh-ii-e1601485394796.jpg 415w, http:\/\/kommentatorenblog.de\/wp-content\/uploads\/2020\/09\/shure-55sh-ii-e1601485394796-142x300.jpg 142w\" sizes=\"auto, (max-width: 10px) 100vw, 10px\" \/> Nico Seepe, Experte: Christian Bernhard<\/p>\n\n\n\n<p><strong><em>Spezia Calcio \u2013 Inter Mailand (20.45 Uhr)<\/em><\/strong><\/p>\n\n\n\n<p class=\"has-normal-font-size\"><img loading=\"lazy\" decoding=\"async\" width=\"10\" height=\"21\" class=\"wp-image-3656\" style=\"width: 10px;\" src=\"http:\/\/kommentatorenblog.de\/wp-content\/uploads\/2020\/09\/shure-55sh-ii-e1601485394796.jpg\" alt=\"\" srcset=\"http:\/\/kommentatorenblog.de\/wp-content\/uploads\/2020\/09\/shure-55sh-ii-e1601485394796.jpg 415w, http:\/\/kommentatorenblog.de\/wp-content\/uploads\/2020\/09\/shure-55sh-ii-e1601485394796-142x300.jpg 142w\" sizes=\"auto, (max-width: 10px) 100vw, 10px\" \/> Martin Sedlacek<\/p>\n\n\n\n<p><span style=\"text-decoration: underline;\">Donnerstag, 22. April 2021<\/span><\/p>\n\n\n\n<p><strong><em>AS Rom \u2013 Atalanta Bergamo (18.30 Uhr)<\/em><\/strong><\/p>\n\n\n\n<p class=\"has-normal-font-size\"><img loading=\"lazy\" decoding=\"async\" width=\"10\" height=\"21\" class=\"wp-image-3656\" style=\"width: 10px;\" src=\"http:\/\/kommentatorenblog.de\/wp-content\/uploads\/2020\/09\/shure-55sh-ii-e1601485394796.jpg\" alt=\"\" srcset=\"http:\/\/kommentatorenblog.de\/wp-content\/uploads\/2020\/09\/shure-55sh-ii-e1601485394796.jpg 415w, http:\/\/kommentatorenblog.de\/wp-content\/uploads\/2020\/09\/shure-55sh-ii-e1601485394796-142x300.jpg 142w\" sizes=\"auto, (max-width: 10px) 100vw, 10px\" \/> Marcel Seufert<\/p>\n\n\n\n<p><strong><em>SSC Neapel \u2013 Lazio Rom (20.45 Uhr)<\/em><\/strong><\/p>\n\n\n\n<p class=\"has-normal-font-size\"><img loading=\"lazy\" decoding=\"async\" width=\"10\" height=\"21\" class=\"wp-image-3656\" style=\"width: 10px;\" src=\"http:\/\/kommentatorenblog.de\/wp-content\/uploads\/2020\/09\/shure-55sh-ii-e1601485394796.jpg\" alt=\"\" srcset=\"http:\/\/kommentatorenblog.de\/wp-content\/uploads\/2020\/09\/shure-55sh-ii-e1601485394796.jpg 415w, http:\/\/kommentatorenblog.de\/wp-content\/uploads\/2020\/09\/shure-55sh-ii-e1601485394796-142x300.jpg 142w\" sizes=\"auto, (max-width: 10px) 100vw, 10px\" \/> Mario Rieker<\/p>\n\n\n\n<hr class=\"wp-block-separator\"\/>\n\n\n\n<p><strong>Coupe de France, Viertelfinale<\/strong><\/p>\n\n\n\n<p><span style=\"text-decoration: underline;\">Dienstag, 20. April 2021, ab 18.40 Uhr (Sport1+)<\/span><\/p>\n\n\n\n<p><strong><em>Rumilly Vallieres \u2013 FC Toulouse (18.45 Uhr)<\/em><\/strong><\/p>\n\n\n\n<p class=\"has-normal-font-size\"><img loading=\"lazy\" decoding=\"async\" width=\"10\" height=\"21\" class=\"wp-image-3656\" style=\"width: 10px;\" src=\"http:\/\/kommentatorenblog.de\/wp-content\/uploads\/2020\/09\/shure-55sh-ii-e1601485394796.jpg\" alt=\"\" srcset=\"http:\/\/kommentatorenblog.de\/wp-content\/uploads\/2020\/09\/shure-55sh-ii-e1601485394796.jpg 415w, http:\/\/kommentatorenblog.de\/wp-content\/uploads\/2020\/09\/shure-55sh-ii-e1601485394796-142x300.jpg 142w\" sizes=\"auto, (max-width: 10px) 100vw, 10px\" \/> Marcel Seufert<\/p>\n\n\n\n<p><span style=\"text-decoration: underline;\">ab 20.55 Uhr (Sport1+)<\/span><\/p>\n\n\n\n<p><strong><em>Canet Rousillon FC \u2013 HSC Montpellier (21.00 Uhr)<\/em><\/strong><\/p>\n\n\n\n<p class=\"has-normal-font-size\"><img loading=\"lazy\" decoding=\"async\" width=\"10\" height=\"21\" class=\"wp-image-3656\" style=\"width: 10px;\" src=\"http:\/\/kommentatorenblog.de\/wp-content\/uploads\/2020\/09\/shure-55sh-ii-e1601485394796.jpg\" alt=\"\" srcset=\"http:\/\/kommentatorenblog.de\/wp-content\/uploads\/2020\/09\/shure-55sh-ii-e1601485394796.jpg 415w, http:\/\/kommentatorenblog.de\/wp-content\/uploads\/2020\/09\/shure-55sh-ii-e1601485394796-142x300.jpg 142w\" sizes=\"auto, (max-width: 10px) 100vw, 10px\" \/> Rudi Br\u00fcckner<\/p>\n\n\n\n<p><span style=\"text-decoration: underline;\">Mittwoch, 21. April 2021, ab 18.40 Uhr (DAZN \/ Sport1+)<\/span><\/p>\n\n\n\n<p><strong><em>Paris Saint-Germain \u2013 SCO Angers (18.45 Uhr)<\/em><\/strong><\/p>\n\n\n\n<p class=\"has-normal-font-size\"><img loading=\"lazy\" decoding=\"async\" width=\"10\" height=\"21\" class=\"wp-image-3656\" style=\"width: 10px;\" src=\"http:\/\/kommentatorenblog.de\/wp-content\/uploads\/2020\/09\/shure-55sh-ii-e1601485394796.jpg\" alt=\"\" srcset=\"http:\/\/kommentatorenblog.de\/wp-content\/uploads\/2020\/09\/shure-55sh-ii-e1601485394796.jpg 415w, http:\/\/kommentatorenblog.de\/wp-content\/uploads\/2020\/09\/shure-55sh-ii-e1601485394796-142x300.jpg 142w\" sizes=\"auto, (max-width: 10px) 100vw, 10px\" \/> DAZN: Stefan Galler<\/p>\n\n\n\n<p class=\"has-normal-font-size\"><img loading=\"lazy\" decoding=\"async\" width=\"10\" height=\"21\" class=\"wp-image-3656\" style=\"width: 10px;\" src=\"http:\/\/kommentatorenblog.de\/wp-content\/uploads\/2020\/09\/shure-55sh-ii-e1601485394796.jpg\" alt=\"\" srcset=\"http:\/\/kommentatorenblog.de\/wp-content\/uploads\/2020\/09\/shure-55sh-ii-e1601485394796.jpg 415w, http:\/\/kommentatorenblog.de\/wp-content\/uploads\/2020\/09\/shure-55sh-ii-e1601485394796-142x300.jpg 142w\" sizes=\"auto, (max-width: 10px) 100vw, 10px\" \/> Sport1+: Peter Kohl<\/p>\n\n\n\n<p><span style=\"text-decoration: underline;\">ab 21.05 Uhr (DAZN \/ Sport1+)<\/span><\/p>\n\n\n\n<p><strong><em>Olympique Lyon \u2013 AS Monaco (21.10 Uhr)<\/em><\/strong><\/p>\n\n\n\n<p class=\"has-normal-font-size\"><img loading=\"lazy\" decoding=\"async\" width=\"10\" height=\"21\" class=\"wp-image-3656\" style=\"width: 10px;\" src=\"http:\/\/kommentatorenblog.de\/wp-content\/uploads\/2020\/09\/shure-55sh-ii-e1601485394796.jpg\" alt=\"\" srcset=\"http:\/\/kommentatorenblog.de\/wp-content\/uploads\/2020\/09\/shure-55sh-ii-e1601485394796.jpg 415w, http:\/\/kommentatorenblog.de\/wp-content\/uploads\/2020\/09\/shure-55sh-ii-e1601485394796-142x300.jpg 142w\" sizes=\"auto, (max-width: 10px) 100vw, 10px\" \/> DAZN: David Ploch<\/p>\n\n\n\n<p class=\"has-normal-font-size\"><img loading=\"lazy\" decoding=\"async\" width=\"10\" height=\"21\" class=\"wp-image-3656\" style=\"width: 10px;\" src=\"http:\/\/kommentatorenblog.de\/wp-content\/uploads\/2020\/09\/shure-55sh-ii-e1601485394796.jpg\" alt=\"\" srcset=\"http:\/\/kommentatorenblog.de\/wp-content\/uploads\/2020\/09\/shure-55sh-ii-e1601485394796.jpg 415w, http:\/\/kommentatorenblog.de\/wp-content\/uploads\/2020\/09\/shure-55sh-ii-e1601485394796-142x300.jpg 142w\" sizes=\"auto, (max-width: 10px) 100vw, 10px\" \/> Sport1+: Oliver Forster<\/p>\n\n\n\n<hr class=\"wp-block-separator\"\/>\n\n\n\n<p><strong>Internationaler Fussball (Sportdigital FUSSBALL)<\/strong><\/p>\n\n\n\n<p><span style=\"text-decoration: underline;\">Dienstag, 20. April 2021<\/span><\/p>\n\n\n\n<p>Sky Bet Championship, 43. Spieltag: <strong><em>Norwich City \u2013 FC Watford (19.00 Uhr)<\/em><\/strong><\/p>\n\n\n\n<p class=\"has-normal-font-size\"><img loading=\"lazy\" decoding=\"async\" width=\"10\" height=\"21\" class=\"wp-image-3656\" style=\"width: 10px;\" src=\"http:\/\/kommentatorenblog.de\/wp-content\/uploads\/2020\/09\/shure-55sh-ii-e1601485394796.jpg\" alt=\"\" srcset=\"http:\/\/kommentatorenblog.de\/wp-content\/uploads\/2020\/09\/shure-55sh-ii-e1601485394796.jpg 415w, http:\/\/kommentatorenblog.de\/wp-content\/uploads\/2020\/09\/shure-55sh-ii-e1601485394796-142x300.jpg 142w\" sizes=\"auto, (max-width: 10px) 100vw, 10px\" \/> Karsten Linke<\/p>\n\n\n\n<p><span style=\"text-decoration: underline;\">Mittwoch, 21. April 2021<\/span><\/p>\n\n\n\n<p>K League, 11. Spieltag: <strong><em>Ulsan Hyundai FC \u2013 Jeonbuk Hyundai Motors (12.00 Uhr)<\/em><\/strong><\/p>\n\n\n\n<p class=\"has-normal-font-size\"><img loading=\"lazy\" decoding=\"async\" width=\"10\" height=\"21\" class=\"wp-image-3656\" style=\"width: 10px;\" src=\"http:\/\/kommentatorenblog.de\/wp-content\/uploads\/2020\/09\/shure-55sh-ii-e1601485394796.jpg\" alt=\"\" srcset=\"http:\/\/kommentatorenblog.de\/wp-content\/uploads\/2020\/09\/shure-55sh-ii-e1601485394796.jpg 415w, http:\/\/kommentatorenblog.de\/wp-content\/uploads\/2020\/09\/shure-55sh-ii-e1601485394796-142x300.jpg 142w\" sizes=\"auto, (max-width: 10px) 100vw, 10px\" \/> Christian Blunck<\/p>\n\n\n\n<p>Ekstraklasa, 26. Spieltag: <strong><em>Piast Gliwice \u2013 Legia Warschau (20.30 Uhr)<\/em><\/strong><\/p>\n\n\n\n<p class=\"has-normal-font-size\"><img loading=\"lazy\" decoding=\"async\" width=\"10\" height=\"21\" class=\"wp-image-3656\" style=\"width: 10px;\" src=\"http:\/\/kommentatorenblog.de\/wp-content\/uploads\/2020\/09\/shure-55sh-ii-e1601485394796.jpg\" alt=\"\" srcset=\"http:\/\/kommentatorenblog.de\/wp-content\/uploads\/2020\/09\/shure-55sh-ii-e1601485394796.jpg 415w, http:\/\/kommentatorenblog.de\/wp-content\/uploads\/2020\/09\/shure-55sh-ii-e1601485394796-142x300.jpg 142w\" sizes=\"auto, (max-width: 10px) 100vw, 10px\" \/> Hannes Herrmann<\/p>\n\n\n\n<p>Liga NOS, 28. Spieltag: <strong><em>Sporting Lissabon \u2013 Belenenses Lissabon (22.15 Uhr)<\/em><\/strong><\/p>\n\n\n\n<p class=\"has-normal-font-size\"><img loading=\"lazy\" decoding=\"async\" width=\"10\" height=\"21\" class=\"wp-image-3656\" style=\"width: 10px;\" src=\"http:\/\/kommentatorenblog.de\/wp-content\/uploads\/2020\/09\/shure-55sh-ii-e1601485394796.jpg\" alt=\"\" srcset=\"http:\/\/kommentatorenblog.de\/wp-content\/uploads\/2020\/09\/shure-55sh-ii-e1601485394796.jpg 415w, http:\/\/kommentatorenblog.de\/wp-content\/uploads\/2020\/09\/shure-55sh-ii-e1601485394796-142x300.jpg 142w\" sizes=\"auto, (max-width: 10px) 100vw, 10px\" \/> Arne Malsch<\/p>\n\n\n\n<p><span style=\"text-decoration: underline;\">Donnerstag, 22. April 2021<\/span><\/p>\n\n\n\n<p>Copa Libertadores, 1. Spieltag, Gruppenphase: <strong><em>The Strongest \u2013 Boca Juniors (00.00 Uhr)<\/em><\/strong><\/p>\n\n\n\n<p class=\"has-normal-font-size\"><img loading=\"lazy\" decoding=\"async\" width=\"10\" height=\"21\" class=\"wp-image-3656\" style=\"width: 10px;\" src=\"http:\/\/kommentatorenblog.de\/wp-content\/uploads\/2020\/09\/shure-55sh-ii-e1601485394796.jpg\" alt=\"\" srcset=\"http:\/\/kommentatorenblog.de\/wp-content\/uploads\/2020\/09\/shure-55sh-ii-e1601485394796.jpg 415w, http:\/\/kommentatorenblog.de\/wp-content\/uploads\/2020\/09\/shure-55sh-ii-e1601485394796-142x300.jpg 142w\" sizes=\"auto, (max-width: 10px) 100vw, 10px\" \/> Karsten Linke<\/p>\n\n\n\n<p>Eredivisie, 21. Spieltag: <strong><em>Ajax Amsterdam \u2013 FC Utrecht (18.45 Uhr)<\/em><\/strong><\/p>\n\n\n\n<p class=\"has-normal-font-size\"><img loading=\"lazy\" decoding=\"async\" width=\"10\" height=\"21\" class=\"wp-image-3656\" style=\"width: 10px;\" src=\"http:\/\/kommentatorenblog.de\/wp-content\/uploads\/2020\/09\/shure-55sh-ii-e1601485394796.jpg\" alt=\"\" srcset=\"http:\/\/kommentatorenblog.de\/wp-content\/uploads\/2020\/09\/shure-55sh-ii-e1601485394796.jpg 415w, http:\/\/kommentatorenblog.de\/wp-content\/uploads\/2020\/09\/shure-55sh-ii-e1601485394796-142x300.jpg 142w\" sizes=\"auto, (max-width: 10px) 100vw, 10px\" \/> Hannes Herrmann<\/p>\n\n\n\n<p>Liga NOS, 28. Spieltag: <strong><em>Portimonense SC \u2013 Benfica Lissabon (21.00 Uhr)<\/em><\/strong><\/p>\n\n\n\n<p class=\"has-normal-font-size\"><img loading=\"lazy\" decoding=\"async\" width=\"10\" height=\"21\" class=\"wp-image-3656\" style=\"width: 10px;\" src=\"http:\/\/kommentatorenblog.de\/wp-content\/uploads\/2020\/09\/shure-55sh-ii-e1601485394796.jpg\" alt=\"\" srcset=\"http:\/\/kommentatorenblog.de\/wp-content\/uploads\/2020\/09\/shure-55sh-ii-e1601485394796.jpg 415w, http:\/\/kommentatorenblog.de\/wp-content\/uploads\/2020\/09\/shure-55sh-ii-e1601485394796-142x300.jpg 142w\" sizes=\"auto, (max-width: 10px) 100vw, 10px\" \/> Karsten Linke<\/p>\n\n\n\n<p>Liga NOS, 28. Spieltag: <strong><em>FC Porto \u2013 Vitoria Guimaraes (22.00 Uhr)<\/em><\/strong><\/p>\n\n\n\n<p class=\"has-normal-font-size\"><img loading=\"lazy\" decoding=\"async\" width=\"10\" height=\"21\" class=\"wp-image-3656\" style=\"width: 10px;\" src=\"http:\/\/kommentatorenblog.de\/wp-content\/uploads\/2020\/09\/shure-55sh-ii-e1601485394796.jpg\" alt=\"\" srcset=\"http:\/\/kommentatorenblog.de\/wp-content\/uploads\/2020\/09\/shure-55sh-ii-e1601485394796.jpg 415w, http:\/\/kommentatorenblog.de\/wp-content\/uploads\/2020\/09\/shure-55sh-ii-e1601485394796-142x300.jpg 142w\" sizes=\"auto, (max-width: 10px) 100vw, 10px\" \/> Ulf Kahmke<\/p>\n\n\n\n<hr class=\"wp-block-separator\"\/>\n\n\n\n<p><strong>Die Analyse<\/strong><\/p>\n\n\n\n<p><strong>Kleinere \u00dcberraschungen in der Bundesliga<\/strong><\/p>\n\n\n\n<p>Die letzte englische Woche dieser Saison steht uns bevor. Ingesamt gibt es im deutschen Profi-Fu\u00dfball vier Spielabsagen. Das ist so kurz vor der Zielgraden nat\u00fcrlich extrem \u00e4rgerlich f\u00fcr die betroffenen Klubs &#8211; da denke ich insbesondere an Kiel &#8211; es zeigt dem Konzept des Corona-Fu\u00dfballs aber auch seine nat\u00fcrlichen Grenzen auf. In der Bundesliga treffen am fr\u00fchen Dienstagabend zun\u00e4chst K\u00f6ln und Leipzig aufeinander. Tom Bayer darf in die Rheinmetropole ran, Marcus Lindemann ist Field-Reporter. Am sp\u00e4teren Abend empf\u00e4ngt Bayern M\u00fcnchen das zuletzt wiedererstarkte Bayer Leverkusen. Das \u201eabsolute Topspiel aus der Hinrunde\u201c &#8211; wir erinnern uns &#8211; \u00fcbernimmt Wolff Fuss. Auch Hansi K\u00fcpper ist f\u00fcr diese Partie in M\u00fcnchen, allerdings im Studio. Bielefeld k\u00f6nnte Schalke den Gnadensto\u00df verpassen. Kai Dittmann darf die Schalker Tr\u00e4nen trocknen. All jene S04-Fans, die das Leid nur noch sporadisch und in der Konferenz ertragen, tr\u00f6stet Frank Buschmann. Beim letzten Spiel des Abends kommt es zu einer kleinen \u00dcberraschung. J\u00fcrgen Schmitz darf bei Frankfurt gegen Augsburg zum ersten Mal in diesem Jahr im Oberhaus ran. Wobei er zuletzt oft bei Bochum, Hamburg und F\u00fcrth am Start war, die ihr Erstliga-Format ja immer wieder unterstreichen. Jonas Friedrich meldet sich \u00fcbrigens aus der Konferenz.<\/p>\n\n\n\n<p>Auch am Mittwoch wird Friedrich im Konferenz-Kanal zu h\u00f6ren sein, n\u00e4mlich wenn das kriselnde Bremen auf das formstarke Mainz trifft. Es ist, wie Michael Born im Einzelspiel verraten d\u00fcrfte, sowas der Showdown derer mit der Pole-Position im Abstiegsrennen. Derweil will der BVB Druck auf die Champions-League-Pl\u00e4tze machen. Dortmund empf\u00e4ngt Union Berlin. Martin Gro\u00df wird berichten. Wer sich f\u00fcr die Konferenz entscheidet, h\u00f6rt etwas \u00fcberraschend Klaus Veltman. Wie schon zuletzt g\u00f6nnt Sky PL-Experte Toni Tomic ein Bundesliga-Einzelspiel. Zuletzt in Hoffenheim, zieht es Tomic diesmal nach Augsburg. Vom Spiel zwischen Hoffenheim und M\u00f6nchengladbach berichtet zwischendurch auch Hansi K\u00fcpper. Zu guter Letzt messen sich Stuttgart und Wolfsburg. Wolff Fuss gr\u00fc\u00dft aus der Konferenz, w\u00e4hrend sich Roland Evers aufs Einzelspiel freuen darf.<\/p>\n\n\n\n<p><strong>Moderatorentausch bei Sky<\/strong><\/p>\n\n\n\n<p>Einen spannenden Tausch gibt es an diesem Spieltag \u00fcbrigens bei den Moderatoren. Sind Sebastian Hellmann und Lothar Matth\u00e4us ja eigentlich das Duo Infernale, verz\u00fcckt \u201eLoddar\u201c am Dienstag Michael Leopold mit seiner Expertise. Am Mittwoch moderiert f\u00fcr Sky Sebastian Hellmann an der Seite von Didi Hamann. Hier wurde kurzfristig gewechselt.<\/p>\n\n\n\n<p>In der 2. Bundesliga setzt Sky auf das gewohnte Personal. Bei drei Ansetzungen gibt es Field-Reporter. Dabei handelt es sich um die Spiele mit den Top-Vertretern. Zum einen darf Florian Bauer am Dienstag in den Sportpark Ronhof. Das Spiel zwischen F\u00fcrth und Braunschweig kommentiert Klaus Veltman. Am Mittwoch gastiert Bochum zudem bei Heidenheim, wo Hartmut von Kameke zu einem seiner seltenen Field-Eins\u00e4tze kommt. Sven Schr\u00f6ter wird berichten. Und dann w\u00e4re da noch das Nachholspiel zwischen Sandhausen und dem HSV am Donnerstag, was Stefan Hempel und Torsten Mattuschka begleiten. Auf Stimmenfang geht Alexander Bonengel.<\/p>\n\n\n\n<p><strong>Magenta Sport ohne Konkurrenz<\/strong><\/p>\n\n\n\n<p>In der 3. Liga sticht mir das Duell zwischen Duisburg und Kaiserslautern auch deshalb ins Auge, weil ich das Ringen der Roten Teufel um den Verbleib im Profi-Fu\u00dfball ohnehin seit Wochen sehr gebannt beobachte. Es ist eines von vielen richtungweisenden Spielen, das Christian Stra\u00dfburger kommentieren wird. Rudi Bommer ist Experte &#8211; genau wie am Mittwoch bei der Partie Meppen gegen Magdeburg, der Kevin Augustin seine Stimme verleiht. Konkurrenz gibt es f\u00fcr Magenta Sport weder in Liga drei von den \u00d6ffentlichen Rechtlichen noch in der Bundesliga der Frauen von Eurosport. Stattdessen k\u00fcmmert sich ausschlie\u00dflich Christoph Fetzer am Mittwoch um das Duell zwischen Potsdam und den Bayern.<\/p>\n\n\n\n<p><strong>Drei Super-League-Gr\u00fcnder im Einsatz<\/strong><\/p>\n\n\n\n<p>Bei vier Nachholspielen der Premier League sind drei Super-League-Gr\u00fcndungsteams mit dabei. Zum einen empf\u00e4ngt Chelsea am Dienstag Brighton, Hannes Herrmann meldet sich vom Mikro. Tottenham l\u00e4dt am Mittwoch Southampton zu sich ein, Joachim Hebel ist mit von der Partie. Sp\u00e4ter am Abend gastiert Man City dann bei Aston Villa. Eine Sache f\u00fcr Formel-1-Experte Sascha Roos. Leicester City, das zwar spielt wie ein Super-League-Anw\u00e4rter, das den Organisatoren aber nicht genug Prestige besitzt, bekommt es am Donnerstag mit West Bromwich zu tun. Sven Schr\u00f6ter liefert den Kommentar.<\/p>\n\n\n\n<p><strong>Sch\u00f6nm\u00fcller bleibt Barca treu<\/strong><\/p>\n\n\n\n<p>Der Titelkampf in Spanien bleibt spannend. Das Top-Trio hat am 31. Spieltag machbare Lose. Barca trifft auf Getafe, Lukas Sch\u00f6nm\u00fcller kn\u00f6pft sich zum wiederholten Male die Katalanen vor. An seiner Seite: Sascha Bigalke. In der Serie A wollen sich sowohl Neapel als auch Lazio Rom ihr EL-Ticket sichern. Im direkten Duell geht es aber auch nach wie vor um eine m\u00f6gliche Teilnahme an der Champions League. Italien-Fachmann Mario Rieker hat das Geschehen im Blick. Einen Experten als Co-Kommentator setzt DAZN allerdings lieber bei Juventus Turin gegen den Vorletzten aus Parma ein, die Ansetzung von Nico Seepe und Christian Bernhard zeugt wohl vom \u201eAlte-Dame-Bonus\u201c.&nbsp;<\/p>\n\n\n\n<p><strong>Coupe de France und Championship<\/strong><\/p>\n\n\n\n<p>Ob ihres kleinen Vorsprungs pausiert die Ligue 1 in Frankreich und macht stattdessen Platz f\u00fcr die Viertelfinals im Coupe de France. Neben DAZN hat sich ja auch Sport1+ die Rechte f\u00fcr die Spiele gesichert. PSG ist gegen den SCO Angers&nbsp; klarer Favorit. Das wissen auch Stefan Galler und Peter Kohl. Das Mittwochabendspiel garantiert dagegen sicherlich Brisanz. Olympique Lyon bekommt es mit dem AS Monaco zu tun. Die Ligue 1 zeigt: Die beiden tun sich nicht viel. David Ploch und Oliver Forster teilen uns mit, wer den besseren Abend erwischt.<\/p>\n\n\n\n<p>Wie immer hat nat\u00fcrlich auch Sportdigital.FUSSBALL einige Partien im Programm. Allen voran steht morgen das Duell der Giganten in der Championship an. Kann Watford Norwich die Meisterschaft noch streitig machen? Karsten Linke widmet sich dem Spitzenspiel.<\/p>\n\n\n\n<p>Danke f\u00fcrs Mitlesen und habt eine sch\u00f6ne Woche!<\/p>\n","protected":false},"excerpt":{"rendered":"<p>N\u2019Abend allerseits, heute Morgen vor dem Fr\u00fchdienst musste ich mir die Augen reiben. Das war zwar mitunter der M\u00fcdigkeit geschuldet, aber eben auch der Nachricht, die auf meinem Handy aufploppte. Es geht um die Super League, die in einer Art Nacht-und-Nebel-Aktion verk\u00fcndet wurde. Was zun\u00e4chst sehr pl\u00f6tzlich wirkte, hat sich nat\u00fcrlich schon viel l\u00e4nger angebahnt. [&hellip;]<\/p>\n","protected":false},"author":2,"featured_media":0,"comment_status":"open","ping_status":"open","sticky":false,"template":"","format":"standard","meta":{"footnotes":""},"categories":[424],"tags":[20,10,414,60,54,164,259,165,13,30,437,61,182,104,25,211,103,69,86,93,59,53,122,31,205,9,112,243,95,114,88,191,183,506,23,45,361,241,98,127,22,434,134,154,28,531,27,85,24,346,107],"class_list":["post-8289","post","type-post","status-publish","format-standard","hentry","category-bundesliga-und-co","tag-2-bundesliga","tag-3-liga","tag-alexander-bonengel","tag-bundesliga","tag-championship","tag-christian-bernhard","tag-coupe-de-france","tag-david-ploch","tag-dazn","tag-didi-hamann","tag-florian-bauer","tag-frank-buschmann","tag-frauen-bundesliga","tag-hannes-herrmann","tag-hansi-kuepper","tag-hartmut-von-kameke","tag-jogi-hebel","tag-jonas-friedrich","tag-juergen-schmitz","tag-kai-dittmann","tag-karsten-linke","tag-klaus-veltmann","tag-laliga","tag-lothar-matthaeus","tag-lukas-schoenmueller","tag-magenta-sport","tag-marcus-lindemann","tag-mario-rieker","tag-martin-gross","tag-michael-born","tag-michael-leopold","tag-nico-seepe","tag-oliver-forster","tag-peter-kohl","tag-premier-league","tag-roland-evers","tag-sascha-bigalke","tag-sascha-roos","tag-sebastian-hellmann","tag-serie-a","tag-sky","tag-sport1-2","tag-sportdigital-fussball","tag-stefan-galler","tag-stefan-hempel","tag-super-league","tag-sven-schroeter","tag-tom-bayer","tag-toni-tomic","tag-torsten-mattuschka","tag-wolff-fuss"],"_links":{"self":[{"href":"http:\/\/kommentatorenblog.de\/index.php?rest_route=\/wp\/v2\/posts\/8289","targetHints":{"allow":["GET"]}}],"collection":[{"href":"http:\/\/kommentatorenblog.de\/index.php?rest_route=\/wp\/v2\/posts"}],"about":[{"href":"http:\/\/kommentatorenblog.de\/index.php?rest_route=\/wp\/v2\/types\/post"}],"author":[{"embeddable":true,"href":"http:\/\/kommentatorenblog.de\/index.php?rest_route=\/wp\/v2\/users\/2"}],"replies":[{"embeddable":true,"href":"http:\/\/kommentatorenblog.de\/index.php?rest_route=%2Fwp%2Fv2%2Fcomments&post=8289"}],"version-history":[{"count":56,"href":"http:\/\/kommentatorenblog.de\/index.php?rest_route=\/wp\/v2\/posts\/8289\/revisions"}],"predecessor-version":[{"id":8471,"href":"http:\/\/kommentatorenblog.de\/index.php?rest_route=\/wp\/v2\/posts\/8289\/revisions\/8471"}],"wp:attachment":[{"href":"http:\/\/kommentatorenblog.de\/index.php?rest_route=%2Fwp%2Fv2%2Fmedia&parent=8289"}],"wp:term":[{"taxonomy":"category","embeddable":true,"href":"http:\/\/kommentatorenblog.de\/index.php?rest_route=%2Fwp%2Fv2%2Fcategories&post=8289"},{"taxonomy":"post_tag","embeddable":true,"href":"http:\/\/kommentatorenblog.de\/index.php?rest_route=%2Fwp%2Fv2%2Ftags&post=8289"}],"curies":[{"name":"wp","href":"https:\/\/api.w.org\/{rel}","templated":true}]}}