{"id":8533,"date":"2021-04-26T18:20:27","date_gmt":"2021-04-26T16:20:27","guid":{"rendered":"http:\/\/kommentatorenblog.de\/?p=8533"},"modified":"2021-04-27T09:36:39","modified_gmt":"2021-04-27T07:36:39","slug":"1167-final-four-und-nachholspiele","status":"publish","type":"post","link":"http:\/\/kommentatorenblog.de\/?p=8533","title":{"rendered":"1167 \u2013 Final Four und Nachholspiele"},"content":{"rendered":"\n<p>N\u2019Abend allerseits,<\/p>\n\n\n\n<p>nun wird es also doch ein ganz normales Champions-League-Halbfinale geben, nachdem die UEFA ja in der vergangenen Woche bereits damit drohte, die Teilnehmer-Klubs der Super League aus dem laufenden Wettbewerb zu verbannen. Nicht nur deshalb war der \u00f6ffentliche Druck auf das \u201edreckige Dutzend\u201c einfach zu gro\u00df. Die Pl\u00e4ne liegen wieder auf Eis. Damit kehrt die von mir antizipierte Ruhe noch schneller ein als erwartet, allerdings auch ohne Umsetzung der Super League &#8211; vorerst. Ich denke, dass das Thema fr\u00fcher oder sp\u00e4ter wieder aufkommen wird. Dann vielleicht mit einem Konzept, das weniger Veto entfacht. Es wirkt auf mich aber nahezu unausweichlich, zumal auch die j\u00fcngsten Champions-League-Reformen der UEFA eine Umverteilung der Fernsehgelder im Sinne der Top-Klubs und regelm\u00e4\u00dfigen Vertreter in diesem Wettbewerb bedeutet haben. Die ungleichen Machtverh\u00e4ltnisse spiegeln sich somit eben subtiler wieder. Die positive Botschaft der vergangenen Woche: Die Fans haben den Resonanzraum der Sozialen Medien f\u00fcr ihre Zwecke genutzt, sich gemeinsam gegen das Projekt aufgelehnt und den rein sportlichen Qualifikationsweg f\u00fcr einen Wettbewerb proklamiert. Dass das gefruchtet hat, ist die zweite sch\u00f6ne Erkenntnis.<\/p>\n\n\n\n<p><strong>Prognose f\u00fcrs Final Four&nbsp;<\/strong><\/p>\n\n\n\n<p>Im Halbfinale sind die deutschen Teams somit endg\u00fcltig au\u00dfen vor, nachdem diverse Medien ja noch spekulierten, dass Bayern und Dortmund bei einem Ausscheiden der designierten Super-League-Teilnehmer einfach ins Final Four nachr\u00fccken k\u00f6nnten. Stattdessen messen sich Real Madrid und der FC Chelsea sowie PSG und Manchester City. Nico hat sich ja bereits zu einer Prognose im Bundesliga-Endspurt hinrei\u00dfen lassen. Und auch ich w\u00fcrde einen Versuch anstellen wollen, den Ausgang der CL-Saison zu prognostizieren. Zun\u00e4chst einmal glaube ich, dass der Sieger aus dem Duell Paris gegen Manchester City sich am Ende auch den Henkelpott sichert. Die Citizens sind ob ihrer Dominanz in der Premier League nat\u00fcrlich pr\u00e4destiniert daf\u00fcr, auch in der K\u00f6nigsklasse durchzumarschieren. Mein Bauchgef\u00fchl deutet aber auf PSG. Das h\u00e4tte schon was. Ausgerechnet im Jahr, wo Paris wom\u00f6glich die franz\u00f6sische Meisterschaft durch die Lappen geht, klappt es endlich mit dem lang ersehnten CL-Titel. Warten wir\u2019s ab.<\/p>\n\n\n\n<p><strong>Holstein Kiel vor Mammutaufgabe<\/strong><\/p>\n\n\n\n<p>Neben dem Showdown in der Champions League erwarten uns zudem drei Nachholspiele in der 2. Bundesliga. Es kommt unter anderem zum ersten Nachholspiel f\u00fcr Holstein Kiel, das ja zuletzt wegen mehrerer Corona-F\u00e4lle innerhalb der Mannschaft gleich zweimal binnen sechs Wochen in Quarant\u00e4ne musste. Der Fall Kiel zeigt dem Profi-Fu\u00dfball in der Corona-Krise schlicht die Grenzen auf. Im Endeffekt kann keiner etwas daf\u00fcr, der Verein tr\u00e4gt logischerweise Verantwortung und die Konsequenzen davon. Sogenannte Quarant\u00e4ne-Trainingslager f\u00fcr die letzten beiden Spieltage sollen dazu beitragen, die Beendigung der Saison nicht zu gef\u00e4hrden. F\u00fcr die KSV (und nat\u00fcrlich auch andere) kommt diese Ma\u00dfnahme etwas sp\u00e4t. In den vergangenen Wochen hatte&nbsp; Kiel seinen Trainingsbetrieb nicht wie gewohnt aufrechterhalten k\u00f6nnen. Sollten die St\u00f6rche den Aufstieg verpassen, wird vieles auf einen Zusammenhang mit der Corona-Quarant\u00e4ne hindeuten. Aber im hohen Norden arbeitet man flei\u00dfig daran, sportliche Antworten zu finden. Das Team von Ole Werner ist am Samstag gegen Osnabr\u00fcck in sein kn\u00fcppelhartes Restprogramm gestartet und hat beim Comeback gleich mal drei Punkten eingefahren. Ich bin echt extrem gespannt, ob die KSV es schafft, seinem Rivalen aus dem Norden die Suppe zu versalzen.<\/p>\n\n\n\n<p><strong>Einschalten bei DEL lohnt<\/strong><\/p>\n\n\n\n<p>Eine Kleinigkeit gibt es noch aus gegebenem Anlass. Denn nicht nur in der Fu\u00dfball-Bundesliga ist die Saison in ihren letzten Z\u00fcgen. Auch die DEL ist inzwischen schon im Halbfinale der Playoffs angekommen. Die gibt es nat\u00fcrlich in gewohnter Manier auf Magenta Sport zu sehen. Doch auch Sport1, das ausgew\u00e4hlte DEL-Spiele zeigt, ist bei den Playoffs logischerweise mit im Boot. Die vier Spiele finden Montag und Mittwoch (je 18.30 Uhr und 20.30 Uhr) statt, an den jeweils sp\u00e4teren Ansto\u00dfzeiten sendet auch Sport1. Sollte es bei einer der Paarungen ein drittes Duell brauchen, um den Sieger auszumachen, l\u00e4uft auch am Freitag (ab 18.25 Uhr) nochmal eine Partie im Free-TV. Mit Adler Mannheim und den Eisb\u00e4ren Berlin sind nach wie vor die beiden gr\u00f6\u00dften Favoriten im Turnier. Red Bull M\u00fcnchen hat sich etwas \u00fcberraschend verabschiedet. Auch wer wenig mit dem Sport zu tun hat, sollte dr\u00fcber nachdenken, den Fernseher einzuschalten. Denn schon die Viertelfinals haben m\u00e4chtig f\u00fcr den deutschen Eishockey geworben.&nbsp;<\/p>\n\n\n\n<p>Damit nun zum Tagesgesch\u00e4ft.<\/p>\n\n\n\n<hr class=\"wp-block-separator\"\/>\n\n\n\n<p><strong><em>Die Ansetzungen vom 27. April bis zum 29. April 2021<\/em><\/strong><\/p>\n\n\n\n<p><strong>Champions League Halbfinale, Hinspiele<\/strong><\/p>\n\n\n\n<p><span style=\"text-decoration: underline;\">Dienstag, 27. April 2021, ab 20.00 Uhr (Sky) \/ ab 20.30 Uhr (DAZN)<\/span><\/p>\n\n\n\n<p><em><strong>Real Madrid <em><strong>\u2013<\/strong><\/em><\/strong><\/em> <em><strong>FC Chelsea (21.00 Uhr)<\/strong><\/em><\/p>\n\n\n\n<p><img loading=\"lazy\" decoding=\"async\" width=\"10\" height=\"21\" class=\"wp-image-3656\" style=\"width: 10px;\" src=\"http:\/\/kommentatorenblog.de\/wp-content\/uploads\/2020\/09\/shure-55sh-ii-e1601485394796.jpg\" alt=\"\" srcset=\"http:\/\/kommentatorenblog.de\/wp-content\/uploads\/2020\/09\/shure-55sh-ii-e1601485394796.jpg 415w, http:\/\/kommentatorenblog.de\/wp-content\/uploads\/2020\/09\/shure-55sh-ii-e1601485394796-142x300.jpg 142w\" sizes=\"auto, (max-width: 10px) 100vw, 10px\" \/> Sky: Wolff Fuss, Field-Reporter: Miguel Gutierrez<\/p>\n\n\n\n<p><img loading=\"lazy\" decoding=\"async\" width=\"10\" height=\"21\" class=\"wp-image-3656\" style=\"width: 10px;\" src=\"http:\/\/kommentatorenblog.de\/wp-content\/uploads\/2020\/09\/shure-55sh-ii-e1601485394796.jpg\" alt=\"\" srcset=\"http:\/\/kommentatorenblog.de\/wp-content\/uploads\/2020\/09\/shure-55sh-ii-e1601485394796.jpg 415w, http:\/\/kommentatorenblog.de\/wp-content\/uploads\/2020\/09\/shure-55sh-ii-e1601485394796-142x300.jpg 142w\" sizes=\"auto, (max-width: 10px) 100vw, 10px\" \/> DAZN: Uli Hebel, Experte: Sebastian Knei\u00dfl<\/p>\n\n\n\n<p>Moderation (Sky): Sebastian Hellmann, Experten:&nbsp;Lothar Matth\u00e4us&nbsp;&amp; Erik Meijer, Gast: Andr\u00e9 Sch\u00fcrrle<\/p>\n\n\n\n<p>Moderation (DAZN): Tobi Wahnschaffe<\/p>\n\n\n\n<p><span style=\"text-decoration: underline;\">Mittwoch, 28. April 2021, ab 20.00 Uhr (Sky) \/ ab 20.30 Uhr (DAZN)<\/span><\/p>\n\n\n\n<p><em><strong>Paris Saint-Germain <em><strong>\u2013<\/strong><\/em><\/strong><\/em> <em><strong>Manchester City (21.00 Uhr)<\/strong><\/em><\/p>\n\n\n\n<p><img loading=\"lazy\" decoding=\"async\" width=\"10\" height=\"21\" class=\"wp-image-3656\" style=\"width: 10px;\" src=\"http:\/\/kommentatorenblog.de\/wp-content\/uploads\/2020\/09\/shure-55sh-ii-e1601485394796.jpg\" alt=\"\" srcset=\"http:\/\/kommentatorenblog.de\/wp-content\/uploads\/2020\/09\/shure-55sh-ii-e1601485394796.jpg 415w, http:\/\/kommentatorenblog.de\/wp-content\/uploads\/2020\/09\/shure-55sh-ii-e1601485394796-142x300.jpg 142w\" sizes=\"auto, (max-width: 10px) 100vw, 10px\" \/> Sky: Martin Gro\u00df, Field-Reporterin: Margot Dumont <\/p>\n\n\n\n<p><img loading=\"lazy\" decoding=\"async\" width=\"10\" height=\"21\" class=\"wp-image-3656\" style=\"width: 10px;\" src=\"http:\/\/kommentatorenblog.de\/wp-content\/uploads\/2020\/09\/shure-55sh-ii-e1601485394796.jpg\" alt=\"\" srcset=\"http:\/\/kommentatorenblog.de\/wp-content\/uploads\/2020\/09\/shure-55sh-ii-e1601485394796.jpg 415w, http:\/\/kommentatorenblog.de\/wp-content\/uploads\/2020\/09\/shure-55sh-ii-e1601485394796-142x300.jpg 142w\" sizes=\"auto, (max-width: 10px) 100vw, 10px\" \/> DAZN: Marco Hagemann, Experte: Sandro Wagner<\/p>\n\n\n\n<p>Moderation (Sky): Michael Leopold, Experten:&nbsp;Didi Hamann&nbsp;&amp; Erik Meijer, Gast: Benedikt H\u00f6wedes<\/p>\n\n\n\n<p>Moderation (DAZN): Alex Schl\u00fcter<\/p>\n\n\n\n<hr class=\"wp-block-separator\"\/>\n\n\n\n<p><strong>Europa League Halbfinale, Hinspiele<\/strong><\/p>\n\n\n\n<p><span style=\"text-decoration: underline;\">Donnerstag, 29. April 2021 ab 20.15 (NITRO) \/ ab 20.55 Uhr (DAZN)<\/span><\/p>\n\n\n\n<p><em><strong>Manchester United <em><strong>\u2013<\/strong><\/em><\/strong><\/em> <em><strong>AS Rom (21.00 Uhr)<\/strong><\/em><\/p>\n\n\n\n<p><img loading=\"lazy\" decoding=\"async\" width=\"10\" height=\"21\" class=\"wp-image-3656\" style=\"width: 10px;\" src=\"http:\/\/kommentatorenblog.de\/wp-content\/uploads\/2020\/09\/shure-55sh-ii-e1601485394796.jpg\" alt=\"\" srcset=\"http:\/\/kommentatorenblog.de\/wp-content\/uploads\/2020\/09\/shure-55sh-ii-e1601485394796.jpg 415w, http:\/\/kommentatorenblog.de\/wp-content\/uploads\/2020\/09\/shure-55sh-ii-e1601485394796-142x300.jpg 142w\" sizes=\"auto, (max-width: 10px) 100vw, 10px\" \/> NITRO: Marco Hagemann, Experte: Steffen Freund<\/p>\n\n\n\n<p><img loading=\"lazy\" decoding=\"async\" width=\"10\" height=\"21\" class=\"wp-image-3656\" style=\"width: 10px;\" src=\"http:\/\/kommentatorenblog.de\/wp-content\/uploads\/2020\/09\/shure-55sh-ii-e1601485394796.jpg\" alt=\"\" srcset=\"http:\/\/kommentatorenblog.de\/wp-content\/uploads\/2020\/09\/shure-55sh-ii-e1601485394796.jpg 415w, http:\/\/kommentatorenblog.de\/wp-content\/uploads\/2020\/09\/shure-55sh-ii-e1601485394796-142x300.jpg 142w\" sizes=\"auto, (max-width: 10px) 100vw, 10px\" \/> DAZN: Max Siebald, Experte: Benny Lauth<\/p>\n\n\n\n<p>Moderation (NITRO): Laura Wontorra, Experte: Roman Weidenfeller<\/p>\n\n\n\n<p><span style=\"text-decoration: underline;\">ab 20.55 Uhr (DAZN)<\/span><\/p>\n\n\n\n<p><em><strong>FC Villarreal <em><strong>\u2013<\/strong><\/em><\/strong><\/em> <em><strong>FC Arsenal (21.00 Uhr)<\/strong><\/em><\/p>\n\n\n\n<p><img loading=\"lazy\" decoding=\"async\" width=\"10\" height=\"21\" class=\"wp-image-3656\" style=\"width: 10px;\" src=\"http:\/\/kommentatorenblog.de\/wp-content\/uploads\/2020\/09\/shure-55sh-ii-e1601485394796.jpg\" alt=\"\" srcset=\"http:\/\/kommentatorenblog.de\/wp-content\/uploads\/2020\/09\/shure-55sh-ii-e1601485394796.jpg 415w, http:\/\/kommentatorenblog.de\/wp-content\/uploads\/2020\/09\/shure-55sh-ii-e1601485394796-142x300.jpg 142w\" sizes=\"auto, (max-width: 10px) 100vw, 10px\" \/> DAZN: Max Gross, Experte: Ralph Gunesch<\/p>\n\n\n\n<hr class=\"wp-block-separator\"\/>\n\n\n\n<p><strong>2. Bundesliga, Nachholspiele (Sky)<\/strong><\/p>\n\n\n\n<p><span style=\"text-decoration: underline;\">Dienstag, 27. April 2021, ab 18.15 Uhr (Sky)<\/span><\/p>\n\n\n\n<p>29. Spieltag: <strong><em>1.FC N\u00fcrnberg \u2013 Holstein Kiel (18.30 Uhr)<\/em><\/strong><\/p>\n\n\n\n<p><img loading=\"lazy\" decoding=\"async\" width=\"10\" height=\"21\" class=\"wp-image-3656\" style=\"width: 10px;\" src=\"http:\/\/kommentatorenblog.de\/wp-content\/uploads\/2020\/09\/shure-55sh-ii-e1601485394796.jpg\" alt=\"\" srcset=\"http:\/\/kommentatorenblog.de\/wp-content\/uploads\/2020\/09\/shure-55sh-ii-e1601485394796.jpg 415w, http:\/\/kommentatorenblog.de\/wp-content\/uploads\/2020\/09\/shure-55sh-ii-e1601485394796-142x300.jpg 142w\" sizes=\"auto, (max-width: 10px) 100vw, 10px\" \/> Markus Gaupp, Field-Reporter: Christian Akber-Sade<\/p>\n\n\n\n<p><span style=\"text-decoration: underline;\">Mittwoch, 28. April 2021, ab 18.15 Uhr (Sky)<\/span><\/p>\n\n\n\n<p>28. Spieltag: <strong><em>SpVgg Greuther F\u00fcrth \u2013 SV Sandhausen (18.30 Uhr)<\/em><\/strong><\/p>\n\n\n\n<p><img loading=\"lazy\" decoding=\"async\" width=\"10\" height=\"21\" class=\"wp-image-3656\" style=\"width: 10px;\" src=\"http:\/\/kommentatorenblog.de\/wp-content\/uploads\/2020\/09\/shure-55sh-ii-e1601485394796.jpg\" alt=\"\" srcset=\"http:\/\/kommentatorenblog.de\/wp-content\/uploads\/2020\/09\/shure-55sh-ii-e1601485394796.jpg 415w, http:\/\/kommentatorenblog.de\/wp-content\/uploads\/2020\/09\/shure-55sh-ii-e1601485394796-142x300.jpg 142w\" sizes=\"auto, (max-width: 10px) 100vw, 10px\" \/> Klaus Veltman, Field-Reporter: Hartmut von Kameke<\/p>\n\n\n\n<p><span style=\"text-decoration: underline;\">Donnerstag, 29. April 2021, ab 18.15 Uhr (Sky)<\/span><\/p>\n\n\n\n<p>30. Spieltag: <strong><em>Hamburger SV \u2013 Karlsruher SC (18.30 Uhr)<\/em><\/strong><\/p>\n\n\n\n<p><img loading=\"lazy\" decoding=\"async\" width=\"10\" height=\"21\" class=\"wp-image-3656\" style=\"width: 10px;\" src=\"http:\/\/kommentatorenblog.de\/wp-content\/uploads\/2020\/09\/shure-55sh-ii-e1601485394796.jpg\" alt=\"\" srcset=\"http:\/\/kommentatorenblog.de\/wp-content\/uploads\/2020\/09\/shure-55sh-ii-e1601485394796.jpg 415w, http:\/\/kommentatorenblog.de\/wp-content\/uploads\/2020\/09\/shure-55sh-ii-e1601485394796-142x300.jpg 142w\" sizes=\"auto, (max-width: 10px) 100vw, 10px\" \/> Toni Tomic, Field-Reporter: Jurek Rohrberg <\/p>\n\n\n\n<hr class=\"wp-block-separator\"\/>\n\n\n\n<p><strong>3. Liga, Nachholspiel (Magenta Sport)<\/strong><\/p>\n\n\n\n<p><span style=\"text-decoration: underline;\">Mittwoch, 28. April, ab 18.45 Uhr<\/span><\/p>\n\n\n\n<p>32. Spieltag: <strong><em>Dynamo Dresden \u2013 MSV Duisburg (19.00 Uhr)<\/em><\/strong><\/p>\n\n\n\n<p><img loading=\"lazy\" decoding=\"async\" width=\"10\" height=\"21\" class=\"wp-image-3656\" style=\"width: 10px;\" src=\"http:\/\/kommentatorenblog.de\/wp-content\/uploads\/2020\/09\/shure-55sh-ii-e1601485394796.jpg\" alt=\"\" srcset=\"http:\/\/kommentatorenblog.de\/wp-content\/uploads\/2020\/09\/shure-55sh-ii-e1601485394796.jpg 415w, http:\/\/kommentatorenblog.de\/wp-content\/uploads\/2020\/09\/shure-55sh-ii-e1601485394796-142x300.jpg 142w\" sizes=\"auto, (max-width: 10px) 100vw, 10px\" \/> Andreas Mann<\/p>\n\n\n\n<p>Moderation: Anett Sattler<\/p>\n\n\n\n<hr class=\"wp-block-separator\"\/>\n\n\n\n<p><strong>LaLiga, Nachholspiel (DAZN)<\/strong><\/p>\n\n\n\n<p><span style=\"text-decoration: underline;\">Donnerstag, 29. April 2021<\/span><\/p>\n\n\n\n<p><em><strong>FC Barcelona <em><strong>\u2013<\/strong><\/em><\/strong><\/em> <em><strong>FC Granada (19.00 Uhr)<\/strong><\/em><\/p>\n\n\n\n<p><img loading=\"lazy\" decoding=\"async\" width=\"10\" height=\"21\" class=\"wp-image-3656\" style=\"width: 10px;\" src=\"http:\/\/kommentatorenblog.de\/wp-content\/uploads\/2020\/09\/shure-55sh-ii-e1601485394796.jpg\" alt=\"\" srcset=\"http:\/\/kommentatorenblog.de\/wp-content\/uploads\/2020\/09\/shure-55sh-ii-e1601485394796.jpg 415w, http:\/\/kommentatorenblog.de\/wp-content\/uploads\/2020\/09\/shure-55sh-ii-e1601485394796-142x300.jpg 142w\" sizes=\"auto, (max-width: 10px) 100vw, 10px\" \/> Flo Hauser, Experte: Maximilian Nicu<\/p>\n\n\n\n<hr class=\"wp-block-separator\"\/>\n\n\n\n<p><strong>Internationaler Fussball (Sportdigital FUSSBALL)<\/strong><\/p>\n\n\n\n<p><span style=\"text-decoration: underline;\">Dienstag, 27. April 2021<\/span><\/p>\n\n\n\n<p>A-League, Woche 18: <strong><em>Sydney FC \u2013 Melbourne Victory (11.35 Uhr)<\/em><\/strong><\/p>\n\n\n\n<p><img loading=\"lazy\" decoding=\"async\" width=\"10\" height=\"21\" class=\"wp-image-3656\" style=\"width: 10px;\" src=\"http:\/\/kommentatorenblog.de\/wp-content\/uploads\/2020\/09\/shure-55sh-ii-e1601485394796.jpg\" alt=\"\" srcset=\"http:\/\/kommentatorenblog.de\/wp-content\/uploads\/2020\/09\/shure-55sh-ii-e1601485394796.jpg 415w, http:\/\/kommentatorenblog.de\/wp-content\/uploads\/2020\/09\/shure-55sh-ii-e1601485394796-142x300.jpg 142w\" sizes=\"auto, (max-width: 10px) 100vw, 10px\" \/> Christian Blunck<\/p>\n\n\n\n<p><span style=\"text-decoration: underline;\">Mittwoch, 28. April 2021<\/span><\/p>\n\n\n\n<p>Copa Libertadores, 02. Spieltag: <strong><em>Flamengo (BRA) \u2013 Union La Calera (CHI) (00.15 Uhr)<\/em><\/strong><\/p>\n\n\n\n<p><img loading=\"lazy\" decoding=\"async\" width=\"10\" height=\"21\" class=\"wp-image-3656\" style=\"width: 10px;\" src=\"http:\/\/kommentatorenblog.de\/wp-content\/uploads\/2020\/09\/shure-55sh-ii-e1601485394796.jpg\" alt=\"\" srcset=\"http:\/\/kommentatorenblog.de\/wp-content\/uploads\/2020\/09\/shure-55sh-ii-e1601485394796.jpg 415w, http:\/\/kommentatorenblog.de\/wp-content\/uploads\/2020\/09\/shure-55sh-ii-e1601485394796-142x300.jpg 142w\" sizes=\"auto, (max-width: 10px) 100vw, 10px\" \/> Christian Blunck<\/p>\n\n\n\n<p>Copa Libertadores, 02. Spieltag: <strong><em>Boca Juniors (ARG) \u2013 Santos (BRA) (02.30 Uhr)<\/em><\/strong><\/p>\n\n\n\n<p><img loading=\"lazy\" decoding=\"async\" width=\"10\" height=\"21\" class=\"wp-image-3656\" style=\"width: 10px;\" src=\"http:\/\/kommentatorenblog.de\/wp-content\/uploads\/2020\/09\/shure-55sh-ii-e1601485394796.jpg\" alt=\"\" srcset=\"http:\/\/kommentatorenblog.de\/wp-content\/uploads\/2020\/09\/shure-55sh-ii-e1601485394796.jpg 415w, http:\/\/kommentatorenblog.de\/wp-content\/uploads\/2020\/09\/shure-55sh-ii-e1601485394796-142x300.jpg 142w\" sizes=\"auto, (max-width: 10px) 100vw, 10px\" \/> Christian Blunck<\/p>\n\n\n\n<hr class=\"wp-block-separator\"\/>\n\n\n\n<p><strong>Die Analyse<\/strong><\/p>\n\n\n\n<p><strong>Co-Exklusivit\u00e4t in der K\u00f6nigsklasse<\/strong><\/p>\n\n\n\n<p>Die Verteilung der \u00dcbertragungsrechte in der Champions League haben wir ja schon ein ums andere Mal durchgekaut. Fakt ist: Die \u00fcbrigen f\u00fcnf Partien laufen sowohl bei Sky als auch bei DAZN. Bei den Halbfinals kommt bei beiden Sendern der Kommentar jeweils aus der Box in M\u00fcnchen, Stichwort: Corona. Da keine deutschen Teams mehr im Wettbewerb sind, dampft Sky die Dauer seiner Vorberichte im Vergleich zu den Viertelfinals mit deutscher Beteiligung leicht ein. DAZN begr\u00fc\u00dft ohnehin eine halbe Stunde sp\u00e4ter zum Sendestart als die Konkurrenz. Wolff Fuss widmet sich der Begegnung Real gegen Chelsea, gleicherma\u00dfen wie Uli Hebel und Seb Knei\u00dfl f\u00fcr DAZN. Die Moderation f\u00fcr den Streamingdienst \u00fcbernimmt Tobi Wahnschaffe. F\u00fcr Sky melden sich aus M\u00fcnchen Sebastian Hellmann und Lothar Matth\u00e4us, dessen k\u00fcnftige Besch\u00e4ftigung als RTL-Experte heute publik wurde. Gast ist am Dienstag Andr\u00e9 Sch\u00fcrrle. Aus Madrid berichtet f\u00fcr Sky die sportjournalistische Allzweckwaffe Miguel Gutierrez, den einige von euch am Sonntag vielleicht bei Sky90 geh\u00f6rt haben. <\/p>\n\n\n\n<p><strong>Verdiente Gro\u00df-Ansetzung<\/strong><\/p>\n\n\n\n<p>Am Mittwoch steht dann das Hinspiel zwischen Paris und Man City an. Das bedeutet bei Sky die verdiente Ansetzung von Martin Gro\u00df. Verdient deshalb, weil er im vergangenen Jahr ab dem Viertelfinale der CL schon nicht mehr ber\u00fccksichtigt wurde. Das hing damit zusammen, dass es corona-bedingt keine R\u00fcckspiele gab und Sky auch aus organisatorischen Gr\u00fcnden in Lissabon ausschlie\u00dflich auf Wolff Fuss und Kai Dittmann setzte. DAZN schickt Marco Hagemann und Sandro Wagner ins Rennen. Moderieren wird Alex Schl\u00fcter. Die Sky-Zuschauer werden vorab von Michael Leopold und Didi Hamann eingestimmt. Im Studio sitzt zudem Benedikt H\u00f6wedes und Erik Meijer, dessen Expertise an beiden CL-Abenden gefragt ist. Interviews f\u00fcr Sky f\u00fchrt wieder Deutsch-Franz\u00f6sin (oder eher umgekehrt :D) Margot Dumont. <\/p>\n\n\n\n<p><strong>Der doppelte Max in der Euro League<\/strong><\/p>\n\n\n\n<p>Den Schwester-Wettbewerb betreut nach wie vor NITRO, das ja schon in der vergangenen Runde keinen deutschen Vertreter mehr vor der Linse hatte. Trotzdem berichten Laura Wontorra und Roman Weidenfeller ab 20.15 Uhr aus dem Studio in K\u00f6ln. Kurz vor dem Anpfiff schalten sich dann Marco Hagemann und Steffen Freund ein, die das Hinspiel zwischen Manchester United und AS Rom kommentieren. F\u00fcr DAZN kommt in der Euro League der doppelte Max zum Einsatz. Als Konkurrenz f\u00fcr NITRO gibt es Max Siebald und Benny Lauth zu h\u00f6ren. Beim zeitgleichen Kr\u00e4ftemessen von Villarreal und Arsenal hat Max Gross das Geschehen im Blick, er wird von Ralph Gunesch unterst\u00fctzt. Diesmal gibt\u00b4s also wieder Experten-Power bei DAZN. <\/p>\n\n\n\n<p><strong>Nachholspiele im deutschen Profi-Fu\u00dfball<\/strong><\/p>\n\n\n\n<p>Das Programm von Kiel hatte ich angesprochen. Erster Nachholspiel-Gegner ist f\u00fcr die KSV ist am Dienstag der 1.FC N\u00fcrnberg. F\u00fcr Sky kommentiert Markus Gaupp. Christian Akber-Sade reist f\u00fcr die Interviews von M\u00fcnchen nach N\u00fcrnberg. Am Mittwoch d\u00fcrfen wir gespannt sein auf die Begegnung F\u00fcrth gegen Sandhausen. F\u00fcr die formstarken G\u00e4ste geht es darum, den Relegationsplatz (16) hinter sich zu lassen. F\u00fcrth will dagegen einen R\u00fcckfall auf den Relegationsrang (3) tunlichst vermeiden. Klaus Veltman ist mit von der Partie, &#8222;HvK&#8220; ist als Field-Reporter eingeteilt. Zur gleichen Ansto\u00dfzeit, aber einen Tag sp\u00e4ter, ist dann der Hamburger SV auf Wiedergutmachung aus. Die ebenfalls corona-gebeutelten Karlsruher reisen in die Hansestadt. Es gibt sicherlich einfachere Aufgaben f\u00fcr das Team von Daniel Thioune, um zur\u00fcck in die Spur zu finden. Toni Tomic verleiht dem Spiel seine Stimme.\u00a0 <\/p>\n\n\n\n<p>Auch in der 3. Liga wird unter der Woche gekickt. Am Mittwoch hat Magenta Sport das Heimspiel der Dresdner gegen den MSV Duisburg im Programm. Wir d\u00fcrfen gespannt sein auf die Partie, denn der einstige Spitzenreiter Dynamo Dresden ist kurzerhand auf Rang vier abgerutscht und hat sich von Trainer Markus Kauczinski getrennt. Die Frage, ob Dresden im Aufstiegsrennen wieder punkten kann, beantwortet Andreas Mann.&nbsp;<\/p>\n\n\n\n<p><strong>Barca kann sich Tabellenf\u00fchrung schnappen<\/strong><\/p>\n\n\n\n<p>Der spanischen Meisterschaft ein St\u00fcck n\u00e4her kommen kann der FC Barcelona am Donnerstag. Die Mannschaft von Ronald Koeman kann erstmals seit dem 4. Spieltag die Tabellenf\u00fchrung erklimmen. Seit dem 8. Spieltag ist Atl\u00e9tico bereits ununterbrochener Tabellenf\u00fchrer. Werden die Hauptst\u00e4dter nun abgel\u00f6st? F\u00fcr Barcelona geht es gegen den FC Granada. Das Hinspiel entschieden die Katalanen deutlich zu ihren Gunsten (4:0). F\u00fcr DAZN melden sich Flo Hauser und Maximilian Nicu vom Mikrofon. Wie immer gibt es auch bei Sportdigital.FUSSBALL einige Spiele mit deutschen Ansetzungen. Es werden Christian Blunck &#8211; Festspiele!<\/p>\n\n\n\n<p>Danke f\u00fcrs Mitlesen und euch eine sch\u00f6ne Woche!<\/p>\n","protected":false},"excerpt":{"rendered":"<p>N\u2019Abend allerseits, nun wird es also doch ein ganz normales Champions-League-Halbfinale geben, nachdem die UEFA ja in der vergangenen Woche bereits damit drohte, die Teilnehmer-Klubs der Super League aus dem laufenden Wettbewerb zu verbannen. Nicht nur deshalb war der \u00f6ffentliche Druck auf das \u201edreckige Dutzend\u201c einfach zu gro\u00df. Die Pl\u00e4ne liegen wieder auf Eis. Damit [&hellip;]<\/p>\n","protected":false},"author":2,"featured_media":0,"comment_status":"open","ping_status":"open","sticky":false,"template":"","format":"standard","meta":{"footnotes":""},"categories":[425],"tags":[20,10,49,216,166,160,13,418,30,42,132,53,122,44,31,9,43,121,95,283,279,332,88,41,108,269,350,98,222,22,151,252,24,105,107],"class_list":["post-8533","post","type-post","status-publish","format-standard","hentry","category-champions-league-und-co","tag-2-bundesliga","tag-3-liga","tag-alex-schlueter","tag-andreas-mann","tag-benny-lauth","tag-champions-league","tag-dazn","tag-del","tag-didi-hamann","tag-europa-league","tag-flo-hauser","tag-klaus-veltmann","tag-laliga","tag-laura-wontorra","tag-lothar-matthaeus","tag-magenta-sport","tag-marco-hagemann","tag-markus-gaupp","tag-martin-gross","tag-max-gross","tag-max-siebald","tag-maximilian-nicu","tag-michael-leopold","tag-nitro","tag-ralph-gunesch","tag-roman-weidenfeller","tag-sandro-wagner","tag-sebastian-hellmann","tag-sebastian-kneissl","tag-sky","tag-steffen-freund","tag-tobi-wahnschaffe","tag-toni-tomic","tag-uli-hebel","tag-wolff-fuss"],"_links":{"self":[{"href":"http:\/\/kommentatorenblog.de\/index.php?rest_route=\/wp\/v2\/posts\/8533","targetHints":{"allow":["GET"]}}],"collection":[{"href":"http:\/\/kommentatorenblog.de\/index.php?rest_route=\/wp\/v2\/posts"}],"about":[{"href":"http:\/\/kommentatorenblog.de\/index.php?rest_route=\/wp\/v2\/types\/post"}],"author":[{"embeddable":true,"href":"http:\/\/kommentatorenblog.de\/index.php?rest_route=\/wp\/v2\/users\/2"}],"replies":[{"embeddable":true,"href":"http:\/\/kommentatorenblog.de\/index.php?rest_route=%2Fwp%2Fv2%2Fcomments&post=8533"}],"version-history":[{"count":27,"href":"http:\/\/kommentatorenblog.de\/index.php?rest_route=\/wp\/v2\/posts\/8533\/revisions"}],"predecessor-version":[{"id":8571,"href":"http:\/\/kommentatorenblog.de\/index.php?rest_route=\/wp\/v2\/posts\/8533\/revisions\/8571"}],"wp:attachment":[{"href":"http:\/\/kommentatorenblog.de\/index.php?rest_route=%2Fwp%2Fv2%2Fmedia&parent=8533"}],"wp:term":[{"taxonomy":"category","embeddable":true,"href":"http:\/\/kommentatorenblog.de\/index.php?rest_route=%2Fwp%2Fv2%2Fcategories&post=8533"},{"taxonomy":"post_tag","embeddable":true,"href":"http:\/\/kommentatorenblog.de\/index.php?rest_route=%2Fwp%2Fv2%2Ftags&post=8533"}],"curies":[{"name":"wp","href":"https:\/\/api.w.org\/{rel}","templated":true}]}}