{"id":8660,"date":"2021-05-03T18:53:36","date_gmt":"2021-05-03T16:53:36","guid":{"rendered":"http:\/\/kommentatorenblog.de\/?p=8660"},"modified":"2021-05-04T15:02:51","modified_gmt":"2021-05-04T13:02:51","slug":"1169-blick-ueber-den-tellerrand","status":"publish","type":"post","link":"http:\/\/kommentatorenblog.de\/?p=8660","title":{"rendered":"1169 \u2013 Blick \u00fcber den Tellerrand!"},"content":{"rendered":"\n<p>N\u2019Abend allerseits,<\/p>\n\n\n\n<p>im Kommentatorenblog besch\u00e4ftigen wir uns ja seit \u00fcber einem Jahrzehnt haupts\u00e4chlich mit den Fu\u00dfball-Ansetzungen. Auflistungen aus anderen Sportarten kommen aus zeitlichen Gr\u00fcnden einfach zu kurz. Ab und an nutzen wir aber das Vorwort daf\u00fcr. <\/p>\n\n\n\n<p>Diese Woche bietet sich hierf\u00fcr mal wieder die M\u00f6glichkeit, weil die Basketballer des FC Bayern vor dem &#8222;Spiel der Spiele&#8220; stehen. In der EuroLeague findet am Dienstag das entscheidende f\u00fcnfte Spiel im Viertelfinale an. Magenta Sport wird nat\u00fcrlich nicht aus Mailand berichten. Allerdings wird die \u00dcbertragung des Ausw\u00e4rtsspiels der Bayern gegen Mailand nicht aus der Box, sondern aus dem Audi-Dome kommen. <\/p>\n\n\n\n<p>Dar\u00fcber hinaus steht am Mittwoch Spiel zwei der DEL-Finalserie zwischen Wolfsburg und Berlin an. Hier die Ansetzungen beider Spiele &#8211; die Fu\u00dfballfans d\u00fcrfen diese Passage einfach \u00fcberspringen \ud83d\ude00 <\/p>\n\n\n\n<hr class=\"wp-block-separator\"\/>\n\n\n\n<p><strong>EuroLeague Viertelfinale, Spiel f\u00fcnf<\/strong> <strong>(Magenta Sport)<\/strong><\/p>\n\n\n\n<p><span style=\"text-decoration: underline;\">Dienstag, 04. Mai 2021, ab 20.15 Uhr<\/span><\/p>\n\n\n\n<p><em><strong>Armani Mailand <em><strong>\u2013<\/strong><\/em><\/strong><\/em> <em><strong>FC Bayern M\u00fcnchen (20.45 Uhr)<\/strong><\/em><\/p>\n\n\n\n<p><img loading=\"lazy\" decoding=\"async\" width=\"10\" height=\"21\" class=\"wp-image-3656\" style=\"width: 10px;\" src=\"http:\/\/kommentatorenblog.de\/wp-content\/uploads\/2020\/09\/shure-55sh-ii-e1601485394796.jpg\" alt=\"\" srcset=\"http:\/\/kommentatorenblog.de\/wp-content\/uploads\/2020\/09\/shure-55sh-ii-e1601485394796.jpg 415w, http:\/\/kommentatorenblog.de\/wp-content\/uploads\/2020\/09\/shure-55sh-ii-e1601485394796-142x300.jpg 142w\" sizes=\"auto, (max-width: 10px) 100vw, 10px\" \/> Michael K\u00f6rner, Experte: Alex Vogel<\/p>\n\n\n\n<p>Moderation: Jan L\u00fcdeke <\/p>\n\n\n\n<hr class=\"wp-block-separator\"\/>\n\n\n\n<p><strong>DEL Finale, Spiel zwei<\/strong> <strong>(Magenta Sport)<\/strong><\/p>\n\n\n\n<p><span style=\"text-decoration: underline;\">Mittwoch, 05. Mai 2021, ab 19.15 Uhr<\/span><\/p>\n\n\n\n<p><em><strong>Grizzlys Wolfsburg <em><strong>\u2013<\/strong><\/em><\/strong><\/em> <em><strong>Eisb\u00e4ren Berlin (19.30 Uhr)<\/strong><\/em><\/p>\n\n\n\n<p><img loading=\"lazy\" decoding=\"async\" width=\"10\" height=\"21\" class=\"wp-image-3656\" style=\"width: 10px;\" src=\"http:\/\/kommentatorenblog.de\/wp-content\/uploads\/2020\/09\/shure-55sh-ii-e1601485394796.jpg\" alt=\"\" srcset=\"http:\/\/kommentatorenblog.de\/wp-content\/uploads\/2020\/09\/shure-55sh-ii-e1601485394796.jpg 415w, http:\/\/kommentatorenblog.de\/wp-content\/uploads\/2020\/09\/shure-55sh-ii-e1601485394796-142x300.jpg 142w\" sizes=\"auto, (max-width: 10px) 100vw, 10px\" \/> Patrick Bernecker, Experte: Christoph Schubert<\/p>\n\n\n\n<p>Moderation: Konstantin Klostermann, Experte: Sven Felski <\/p>\n\n\n\n<hr class=\"wp-block-separator\"\/>\n\n\n\n<p><strong><em>Die Ansetzungen vom 04. Mai bis zum 06. Mai 2021<\/em><\/strong><\/p>\n\n\n\n<p><strong>Champions League Halbfinale, R\u00fcckspiele<\/strong><\/p>\n\n\n\n<p><span style=\"text-decoration: underline;\">Dienstag, 04. Mai 2021, ab 20.00 Uhr (Sky) \/ ab 20.30 Uhr (DAZN)<\/span><\/p>\n\n\n\n<p><em><strong>Manchester City <em><strong>\u2013<\/strong><\/em><\/strong><\/em> <em><strong>Paris Saint-Germain (21.00 Uhr)<\/strong><\/em><\/p>\n\n\n\n<p><img loading=\"lazy\" decoding=\"async\" width=\"10\" height=\"21\" class=\"wp-image-3656\" style=\"width: 10px;\" src=\"http:\/\/kommentatorenblog.de\/wp-content\/uploads\/2020\/09\/shure-55sh-ii-e1601485394796.jpg\" alt=\"\" srcset=\"http:\/\/kommentatorenblog.de\/wp-content\/uploads\/2020\/09\/shure-55sh-ii-e1601485394796.jpg 415w, http:\/\/kommentatorenblog.de\/wp-content\/uploads\/2020\/09\/shure-55sh-ii-e1601485394796-142x300.jpg 142w\" sizes=\"auto, (max-width: 10px) 100vw, 10px\" \/> Sky: Kai Dittmann, Field-Reporter: Raphael Honigstein<\/p>\n\n\n\n<p><img loading=\"lazy\" decoding=\"async\" width=\"10\" height=\"21\" class=\"wp-image-3656\" style=\"width: 10px;\" src=\"http:\/\/kommentatorenblog.de\/wp-content\/uploads\/2020\/09\/shure-55sh-ii-e1601485394796.jpg\" alt=\"\" srcset=\"http:\/\/kommentatorenblog.de\/wp-content\/uploads\/2020\/09\/shure-55sh-ii-e1601485394796.jpg 415w, http:\/\/kommentatorenblog.de\/wp-content\/uploads\/2020\/09\/shure-55sh-ii-e1601485394796-142x300.jpg 142w\" sizes=\"auto, (max-width: 10px) 100vw, 10px\" \/> DAZN: Jan Platte, Experte: Sandro Wagner<\/p>\n\n\n\n<p>Moderation (Sky): Michael Leopold, Experten:&nbsp;Didi Hamann&nbsp;&amp; Erik Meijer, Gast: Dennis Aogo <\/p>\n\n\n\n<p>Moderation (DAZN): Alex Schl\u00fcter<\/p>\n\n\n\n<p><span style=\"text-decoration: underline;\">Mittwoch, 05. Mai 2021, ab 20.00 Uhr (Sky) \/ ab 20.30 Uhr (DAZN)<\/span><\/p>\n\n\n\n<p><em><strong>FC Chelsea <em><strong>\u2013<\/strong><\/em><\/strong><\/em> <em><strong>Real Madrid (21.00 Uhr)<\/strong><\/em><\/p>\n\n\n\n<p><img loading=\"lazy\" decoding=\"async\" width=\"10\" height=\"21\" class=\"wp-image-3656\" style=\"width: 10px;\" src=\"http:\/\/kommentatorenblog.de\/wp-content\/uploads\/2020\/09\/shure-55sh-ii-e1601485394796.jpg\" alt=\"\" srcset=\"http:\/\/kommentatorenblog.de\/wp-content\/uploads\/2020\/09\/shure-55sh-ii-e1601485394796.jpg 415w, http:\/\/kommentatorenblog.de\/wp-content\/uploads\/2020\/09\/shure-55sh-ii-e1601485394796-142x300.jpg 142w\" sizes=\"auto, (max-width: 10px) 100vw, 10px\" \/> Sky: Wolff Fuss, Field-Reporter: Raphael Honigstein<\/p>\n\n\n\n<p><img loading=\"lazy\" decoding=\"async\" width=\"10\" height=\"21\" class=\"wp-image-3656\" style=\"width: 10px;\" src=\"http:\/\/kommentatorenblog.de\/wp-content\/uploads\/2020\/09\/shure-55sh-ii-e1601485394796.jpg\" alt=\"\" srcset=\"http:\/\/kommentatorenblog.de\/wp-content\/uploads\/2020\/09\/shure-55sh-ii-e1601485394796.jpg 415w, http:\/\/kommentatorenblog.de\/wp-content\/uploads\/2020\/09\/shure-55sh-ii-e1601485394796-142x300.jpg 142w\" sizes=\"auto, (max-width: 10px) 100vw, 10px\" \/> DAZN: Lukas Sch\u00f6nm\u00fcller, Experte: Ralph Gunesch<\/p>\n\n\n\n<p>Moderation (Sky): Sebastian Hellmann, Experten:&nbsp;Lothar Matth\u00e4us&nbsp;&amp; Erik Meijer, Gast: Michael Ballack <\/p>\n\n\n\n<p>Moderation (DAZN): Daniel Herzog <\/p>\n\n\n\n<hr class=\"wp-block-separator\"\/>\n\n\n\n<p><strong>Europa League Halbfinale, R\u00fcckspiele<\/strong><\/p>\n\n\n\n<p><span style=\"text-decoration: underline;\">Donnerstag, 06. Mai 2021 ab 20.15 (NITRO) \/ ab 20.55 Uhr (DAZN)<\/span><\/p>\n\n\n\n<p><em><strong>FC Arsenal <em><strong>\u2013<\/strong><\/em><\/strong><\/em> <em><strong>FC Villarreal (21.00 Uhr)<\/strong><\/em><\/p>\n\n\n\n<p><img loading=\"lazy\" decoding=\"async\" width=\"10\" height=\"21\" class=\"wp-image-3656\" style=\"width: 10px;\" src=\"http:\/\/kommentatorenblog.de\/wp-content\/uploads\/2020\/09\/shure-55sh-ii-e1601485394796.jpg\" alt=\"\" srcset=\"http:\/\/kommentatorenblog.de\/wp-content\/uploads\/2020\/09\/shure-55sh-ii-e1601485394796.jpg 415w, http:\/\/kommentatorenblog.de\/wp-content\/uploads\/2020\/09\/shure-55sh-ii-e1601485394796-142x300.jpg 142w\" sizes=\"auto, (max-width: 10px) 100vw, 10px\" \/> NITRO: Marco Hagemann, Experte: Steffen Freund<\/p>\n\n\n\n<p><img loading=\"lazy\" decoding=\"async\" width=\"10\" height=\"21\" class=\"wp-image-3656\" style=\"width: 10px;\" src=\"http:\/\/kommentatorenblog.de\/wp-content\/uploads\/2020\/09\/shure-55sh-ii-e1601485394796.jpg\" alt=\"\" srcset=\"http:\/\/kommentatorenblog.de\/wp-content\/uploads\/2020\/09\/shure-55sh-ii-e1601485394796.jpg 415w, http:\/\/kommentatorenblog.de\/wp-content\/uploads\/2020\/09\/shure-55sh-ii-e1601485394796-142x300.jpg 142w\" sizes=\"auto, (max-width: 10px) 100vw, 10px\" \/> DAZN: Max Gross, Experte: Sebastian Knei\u00dfl<\/p>\n\n\n\n<p>Moderation (NITRO): Laura Wontorra, Experte: Roman Weidenfeller<\/p>\n\n\n\n<p><span style=\"text-decoration: underline;\">ab 20.55 Uhr (DAZN)<\/span><\/p>\n\n\n\n<p><em><strong>AS Rom <em><strong>\u2013<\/strong><\/em><\/strong><\/em> <em><strong>Manchester United (21.00 Uhr)<\/strong><\/em><\/p>\n\n\n\n<p><img loading=\"lazy\" decoding=\"async\" width=\"10\" height=\"21\" class=\"wp-image-3656\" style=\"width: 10px;\" src=\"http:\/\/kommentatorenblog.de\/wp-content\/uploads\/2020\/09\/shure-55sh-ii-e1601485394796.jpg\" alt=\"\" srcset=\"http:\/\/kommentatorenblog.de\/wp-content\/uploads\/2020\/09\/shure-55sh-ii-e1601485394796.jpg 415w, http:\/\/kommentatorenblog.de\/wp-content\/uploads\/2020\/09\/shure-55sh-ii-e1601485394796-142x300.jpg 142w\" sizes=\"auto, (max-width: 10px) 100vw, 10px\" \/> DAZN: Max Siebald, Experte: Benny Lauth <\/p>\n\n\n\n<hr class=\"wp-block-separator\"\/>\n\n\n\n<p><strong>Bundesliga, Nachholspiel, 30. Spieltag (DAZN)<\/strong><\/p>\n\n\n\n<p><span style=\"text-decoration: underline;\">Donnerstag, 06. Mai 2021, ab 18.15 Uhr<\/span><\/p>\n\n\n\n<p><strong><em>Hertha BSC \u2013 SC Freiburg (18.30 Uhr)<\/em><\/strong><\/p>\n\n\n\n<p><img loading=\"lazy\" decoding=\"async\" width=\"10\" height=\"21\" class=\"wp-image-3656\" style=\"width: 10px;\" src=\"http:\/\/kommentatorenblog.de\/wp-content\/uploads\/2020\/09\/shure-55sh-ii-e1601485394796.jpg\" alt=\"\" srcset=\"http:\/\/kommentatorenblog.de\/wp-content\/uploads\/2020\/09\/shure-55sh-ii-e1601485394796.jpg 415w, http:\/\/kommentatorenblog.de\/wp-content\/uploads\/2020\/09\/shure-55sh-ii-e1601485394796-142x300.jpg 142w\" sizes=\"auto, (max-width: 10px) 100vw, 10px\" \/> Uli Hebel, Experte: Sandro Wagner, Field-Reporter: Alex Schl\u00fcter <\/p>\n\n\n\n<p>Moderation: Tobi Wahnschaffe <\/p>\n\n\n\n<hr class=\"wp-block-separator\"\/>\n\n\n\n<p><strong>2. Bundesliga, Nachholspiel, 30.Spieltag (Sky)<\/strong><\/p>\n\n\n\n<p><span style=\"text-decoration: underline;\">Dienstag, 04. Mai 2021, ab 18.15 Uhr <\/span><\/p>\n\n\n\n<p><strong><em>Holstein Kiel \u2013 SV Sandhausen (18.30 Uhr)<\/em><\/strong><\/p>\n\n\n\n<p><img loading=\"lazy\" decoding=\"async\" width=\"10\" height=\"21\" class=\"wp-image-3656\" style=\"width: 10px;\" src=\"http:\/\/kommentatorenblog.de\/wp-content\/uploads\/2020\/09\/shure-55sh-ii-e1601485394796.jpg\" alt=\"\" srcset=\"http:\/\/kommentatorenblog.de\/wp-content\/uploads\/2020\/09\/shure-55sh-ii-e1601485394796.jpg 415w, http:\/\/kommentatorenblog.de\/wp-content\/uploads\/2020\/09\/shure-55sh-ii-e1601485394796-142x300.jpg 142w\" sizes=\"auto, (max-width: 10px) 100vw, 10px\" \/> Hansi K\u00fcpper, Field-Reporter: Sven T\u00f6llner <\/p>\n\n\n\n<hr class=\"wp-block-separator\"\/>\n\n\n\n<p><strong>3. Liga, 35. Spieltag (Magenta Sport)<\/strong><\/p>\n\n\n\n<p><span style=\"text-decoration: underline;\">Dienstag, 04. Mai, ab 18.30 Uhr<\/span><\/p>\n\n\n\n<p><strong><em>TSV 1860 M\u00fcnchen \u2013 1.FC Kaiserslautern (19.00 Uhr)<\/em><\/strong><\/p>\n\n\n\n<p><img loading=\"lazy\" decoding=\"async\" width=\"10\" height=\"21\" class=\"wp-image-3656\" style=\"width: 10px;\" src=\"http:\/\/kommentatorenblog.de\/wp-content\/uploads\/2020\/09\/shure-55sh-ii-e1601485394796.jpg\" alt=\"\" srcset=\"http:\/\/kommentatorenblog.de\/wp-content\/uploads\/2020\/09\/shure-55sh-ii-e1601485394796.jpg 415w, http:\/\/kommentatorenblog.de\/wp-content\/uploads\/2020\/09\/shure-55sh-ii-e1601485394796-142x300.jpg 142w\" sizes=\"auto, (max-width: 10px) 100vw, 10px\" \/> Alex Klich<\/p>\n\n\n\n<p>Moderation: Sascha Bandermann, Experte: Martin Lanig<\/p>\n\n\n\n<p><span style=\"text-decoration: underline;\">ab 18.45 Uhr<\/span><\/p>\n\n\n\n<p><strong><em>Konferenz (19.00 Uhr)<\/em><\/strong><\/p>\n\n\n\n<p><img loading=\"lazy\" decoding=\"async\" width=\"10\" height=\"21\" class=\"wp-image-3656\" style=\"width: 10px;\" src=\"http:\/\/kommentatorenblog.de\/wp-content\/uploads\/2020\/09\/shure-55sh-ii-e1601485394796.jpg\" alt=\"\" srcset=\"http:\/\/kommentatorenblog.de\/wp-content\/uploads\/2020\/09\/shure-55sh-ii-e1601485394796.jpg 415w, http:\/\/kommentatorenblog.de\/wp-content\/uploads\/2020\/09\/shure-55sh-ii-e1601485394796-142x300.jpg 142w\" sizes=\"auto, (max-width: 10px) 100vw, 10px\" \/> Martin Piller und Alex Kunz <\/p>\n\n\n\n<p><strong><em>FC Hansa Rostock \u2013 FC Ingolstadt 04 (19.00 Uhr)<\/em><\/strong><\/p>\n\n\n\n<p><img loading=\"lazy\" decoding=\"async\" width=\"10\" height=\"21\" class=\"wp-image-3656\" style=\"width: 10px;\" src=\"http:\/\/kommentatorenblog.de\/wp-content\/uploads\/2020\/09\/shure-55sh-ii-e1601485394796.jpg\" alt=\"\" srcset=\"http:\/\/kommentatorenblog.de\/wp-content\/uploads\/2020\/09\/shure-55sh-ii-e1601485394796.jpg 415w, http:\/\/kommentatorenblog.de\/wp-content\/uploads\/2020\/09\/shure-55sh-ii-e1601485394796-142x300.jpg 142w\" sizes=\"auto, (max-width: 10px) 100vw, 10px\" \/> Andreas Mann <\/p>\n\n\n\n<p>Moderation: Gari Paubandt <\/p>\n\n\n\n<p><strong><em>Hallescher FC \u2013 T\u00fcrkg\u00fcc\u00fc M\u00fcnchen (19.00 Uhr)<\/em><\/strong><\/p>\n\n\n\n<p><img loading=\"lazy\" decoding=\"async\" width=\"10\" height=\"21\" class=\"wp-image-3656\" style=\"width: 10px;\" src=\"http:\/\/kommentatorenblog.de\/wp-content\/uploads\/2020\/09\/shure-55sh-ii-e1601485394796.jpg\" alt=\"\" srcset=\"http:\/\/kommentatorenblog.de\/wp-content\/uploads\/2020\/09\/shure-55sh-ii-e1601485394796.jpg 415w, http:\/\/kommentatorenblog.de\/wp-content\/uploads\/2020\/09\/shure-55sh-ii-e1601485394796-142x300.jpg 142w\" sizes=\"auto, (max-width: 10px) 100vw, 10px\" \/> Lenny Leonhardt<\/p>\n\n\n\n<p>Moderation: Alexander K\u00fcpper <\/p>\n\n\n\n<p><strong><em>SC Verl \u2013 SG Dynamo Dresden (19.00 Uhr)<\/em><\/strong><\/p>\n\n\n\n<p><img loading=\"lazy\" decoding=\"async\" width=\"10\" height=\"21\" class=\"wp-image-3656\" style=\"width: 10px;\" src=\"http:\/\/kommentatorenblog.de\/wp-content\/uploads\/2020\/09\/shure-55sh-ii-e1601485394796.jpg\" alt=\"\" srcset=\"http:\/\/kommentatorenblog.de\/wp-content\/uploads\/2020\/09\/shure-55sh-ii-e1601485394796.jpg 415w, http:\/\/kommentatorenblog.de\/wp-content\/uploads\/2020\/09\/shure-55sh-ii-e1601485394796-142x300.jpg 142w\" sizes=\"auto, (max-width: 10px) 100vw, 10px\" \/> Christian Stra\u00dfburger<\/p>\n\n\n\n<p>Moderation: Stefanie Blochwitz <\/p>\n\n\n\n<p><strong><em>VfB L\u00fcbeck 07 \u2013 SV Wehen Wiesbaden (19.00 Uhr)<\/em><\/strong><\/p>\n\n\n\n<p><img loading=\"lazy\" decoding=\"async\" width=\"10\" height=\"21\" class=\"wp-image-3656\" style=\"width: 10px;\" src=\"http:\/\/kommentatorenblog.de\/wp-content\/uploads\/2020\/09\/shure-55sh-ii-e1601485394796.jpg\" alt=\"\" srcset=\"http:\/\/kommentatorenblog.de\/wp-content\/uploads\/2020\/09\/shure-55sh-ii-e1601485394796.jpg 415w, http:\/\/kommentatorenblog.de\/wp-content\/uploads\/2020\/09\/shure-55sh-ii-e1601485394796-142x300.jpg 142w\" sizes=\"auto, (max-width: 10px) 100vw, 10px\" \/> Michael Augustin<\/p>\n\n\n\n<p>Moderation: Tobi Sch\u00e4fer <\/p>\n\n\n\n<p><span style=\"text-decoration: underline;\">Mittwoch, 05. Mai, ab 18.30 Uhr<\/span><\/p>\n\n\n\n<p><strong><em>1.FC Saarbr\u00fccken \u2013 1.FC Magdeburg (19.00 Uhr)<\/em><\/strong><\/p>\n\n\n\n<p><img loading=\"lazy\" decoding=\"async\" width=\"10\" height=\"21\" class=\"wp-image-3656\" style=\"width: 10px;\" src=\"http:\/\/kommentatorenblog.de\/wp-content\/uploads\/2020\/09\/shure-55sh-ii-e1601485394796.jpg\" alt=\"\" srcset=\"http:\/\/kommentatorenblog.de\/wp-content\/uploads\/2020\/09\/shure-55sh-ii-e1601485394796.jpg 415w, http:\/\/kommentatorenblog.de\/wp-content\/uploads\/2020\/09\/shure-55sh-ii-e1601485394796-142x300.jpg 142w\" sizes=\"auto, (max-width: 10px) 100vw, 10px\" \/> Mario Bast<\/p>\n\n\n\n<p>Moderation: Kamilla Benschop <\/p>\n\n\n\n<p><span style=\"text-decoration: underline;\">ab 18.45 Uhr<\/span><\/p>\n\n\n\n<p><strong><em>Konferenz (19.00 Uhr)<\/em><\/strong><\/p>\n\n\n\n<p><img loading=\"lazy\" decoding=\"async\" width=\"10\" height=\"21\" class=\"wp-image-3656\" style=\"width: 10px;\" src=\"http:\/\/kommentatorenblog.de\/wp-content\/uploads\/2020\/09\/shure-55sh-ii-e1601485394796.jpg\" alt=\"\" srcset=\"http:\/\/kommentatorenblog.de\/wp-content\/uploads\/2020\/09\/shure-55sh-ii-e1601485394796.jpg 415w, http:\/\/kommentatorenblog.de\/wp-content\/uploads\/2020\/09\/shure-55sh-ii-e1601485394796-142x300.jpg 142w\" sizes=\"auto, (max-width: 10px) 100vw, 10px\" \/> Sascha Bandermann und Alex Kunz <\/p>\n\n\n\n<p><strong><em>FSV Zwickau \u2013 SV Meppen (19.00 Uhr)<\/em><\/strong><\/p>\n\n\n\n<p><img loading=\"lazy\" decoding=\"async\" width=\"10\" height=\"21\" class=\"wp-image-3656\" style=\"width: 10px;\" src=\"http:\/\/kommentatorenblog.de\/wp-content\/uploads\/2020\/09\/shure-55sh-ii-e1601485394796.jpg\" alt=\"\" srcset=\"http:\/\/kommentatorenblog.de\/wp-content\/uploads\/2020\/09\/shure-55sh-ii-e1601485394796.jpg 415w, http:\/\/kommentatorenblog.de\/wp-content\/uploads\/2020\/09\/shure-55sh-ii-e1601485394796-142x300.jpg 142w\" sizes=\"auto, (max-width: 10px) 100vw, 10px\" \/> Markus Herwig<\/p>\n\n\n\n<p>Moderation: Stefanie Blochwitz <\/p>\n\n\n\n<p><strong><em>KFC Uerdingen \u2013 FC Viktoria K\u00f6ln (19.00 Uhr)<\/em><\/strong><\/p>\n\n\n\n<p><img loading=\"lazy\" decoding=\"async\" width=\"10\" height=\"21\" class=\"wp-image-3656\" style=\"width: 10px;\" src=\"http:\/\/kommentatorenblog.de\/wp-content\/uploads\/2020\/09\/shure-55sh-ii-e1601485394796.jpg\" alt=\"\" srcset=\"http:\/\/kommentatorenblog.de\/wp-content\/uploads\/2020\/09\/shure-55sh-ii-e1601485394796.jpg 415w, http:\/\/kommentatorenblog.de\/wp-content\/uploads\/2020\/09\/shure-55sh-ii-e1601485394796-142x300.jpg 142w\" sizes=\"auto, (max-width: 10px) 100vw, 10px\" \/> Stefan Fuckert<\/p>\n\n\n\n<p>Moderation: Cedric Pick <\/p>\n\n\n\n<p><strong><em>MSV Duisburg \u2013 FC Bayern M\u00fcnchen II (19.00 Uhr)<\/em><\/strong><\/p>\n\n\n\n<p><img loading=\"lazy\" decoding=\"async\" width=\"10\" height=\"21\" class=\"wp-image-3656\" style=\"width: 10px;\" src=\"http:\/\/kommentatorenblog.de\/wp-content\/uploads\/2020\/09\/shure-55sh-ii-e1601485394796.jpg\" alt=\"\" srcset=\"http:\/\/kommentatorenblog.de\/wp-content\/uploads\/2020\/09\/shure-55sh-ii-e1601485394796.jpg 415w, http:\/\/kommentatorenblog.de\/wp-content\/uploads\/2020\/09\/shure-55sh-ii-e1601485394796-142x300.jpg 142w\" sizes=\"auto, (max-width: 10px) 100vw, 10px\" \/> Markus H\u00f6hner<\/p>\n\n\n\n<p>Moderation: Thomas Wagner <\/p>\n\n\n\n<p><strong><em>SpVgg Unterhaching \u2013 SV Waldhof Mannheim (19.00 Uhr)<\/em><\/strong><\/p>\n\n\n\n<p><img loading=\"lazy\" decoding=\"async\" width=\"10\" height=\"21\" class=\"wp-image-3656\" style=\"width: 10px;\" src=\"http:\/\/kommentatorenblog.de\/wp-content\/uploads\/2020\/09\/shure-55sh-ii-e1601485394796.jpg\" alt=\"\" srcset=\"http:\/\/kommentatorenblog.de\/wp-content\/uploads\/2020\/09\/shure-55sh-ii-e1601485394796.jpg 415w, http:\/\/kommentatorenblog.de\/wp-content\/uploads\/2020\/09\/shure-55sh-ii-e1601485394796-142x300.jpg 142w\" sizes=\"auto, (max-width: 10px) 100vw, 10px\" \/> Franz B\u00fcchner<\/p>\n\n\n\n<p>Moderation: Holger Speckhahn<\/p>\n\n\n\n<hr class=\"wp-block-separator\"\/>\n\n\n\n<p><strong>Frauen-Bundesliga, Nachholspiel, 13. Spieltag <\/strong><\/p>\n\n\n\n<p><span style=\"text-decoration: underline;\">Mittwoch, 05. Mai 2021<\/span><\/p>\n\n\n\n<p><strong><em>Eintracht Frankfurt \u2013 SGS Essen (19.15 Uhr)<\/em><\/strong><\/p>\n\n\n\n<p><img loading=\"lazy\" decoding=\"async\" width=\"10\" height=\"21\" class=\"wp-image-3656\" style=\"width: 10px;\" src=\"http:\/\/kommentatorenblog.de\/wp-content\/uploads\/2020\/09\/shure-55sh-ii-e1601485394796.jpg\" alt=\"\" srcset=\"http:\/\/kommentatorenblog.de\/wp-content\/uploads\/2020\/09\/shure-55sh-ii-e1601485394796.jpg 415w, http:\/\/kommentatorenblog.de\/wp-content\/uploads\/2020\/09\/shure-55sh-ii-e1601485394796-142x300.jpg 142w\" sizes=\"auto, (max-width: 10px) 100vw, 10px\" \/> Eurosport: Matthias Stach <\/p>\n\n\n\n<p><img loading=\"lazy\" decoding=\"async\" width=\"10\" height=\"21\" class=\"wp-image-3656\" style=\"width: 10px;\" src=\"http:\/\/kommentatorenblog.de\/wp-content\/uploads\/2020\/09\/shure-55sh-ii-e1601485394796.jpg\" alt=\"\" srcset=\"http:\/\/kommentatorenblog.de\/wp-content\/uploads\/2020\/09\/shure-55sh-ii-e1601485394796.jpg 415w, http:\/\/kommentatorenblog.de\/wp-content\/uploads\/2020\/09\/shure-55sh-ii-e1601485394796-142x300.jpg 142w\" sizes=\"auto, (max-width: 10px) 100vw, 10px\" \/> Magenta Sport: Oskar Heirler <\/p>\n\n\n\n<p>Moderation (Eurosport): Anna Kraft <\/p>\n\n\n\n<hr class=\"wp-block-separator\"\/>\n\n\n\n<p><strong>Internationaler Fussball (Sportdigital FUSSBALL)<\/strong><\/p>\n\n\n\n<p><span style=\"text-decoration: underline;\">Mittwoch, 05. Mai 2021<\/span><\/p>\n\n\n\n<p>Copa Libertadores, 03. Spieltag: <strong><em>Santos (BRA) \u2013 The Strongest (BOL) (00.15 Uhr)<\/em><\/strong><\/p>\n\n\n\n<p><img loading=\"lazy\" decoding=\"async\" width=\"10\" height=\"21\" class=\"wp-image-3656\" style=\"width: 10px;\" src=\"http:\/\/kommentatorenblog.de\/wp-content\/uploads\/2020\/09\/shure-55sh-ii-e1601485394796.jpg\" alt=\"\" srcset=\"http:\/\/kommentatorenblog.de\/wp-content\/uploads\/2020\/09\/shure-55sh-ii-e1601485394796.jpg 415w, http:\/\/kommentatorenblog.de\/wp-content\/uploads\/2020\/09\/shure-55sh-ii-e1601485394796-142x300.jpg 142w\" sizes=\"auto, (max-width: 10px) 100vw, 10px\" \/> J\u00f6rg Steiger <\/p>\n\n\n\n<p>Copa Libertadores, 03. Spieltag: <strong><em>Defensa y Justicia (ARG) \u2013 Palmeiras (BRA) (02.30 Uhr)<\/em><\/strong><\/p>\n\n\n\n<p><img loading=\"lazy\" decoding=\"async\" width=\"10\" height=\"21\" class=\"wp-image-3656\" style=\"width: 10px;\" src=\"http:\/\/kommentatorenblog.de\/wp-content\/uploads\/2020\/09\/shure-55sh-ii-e1601485394796.jpg\" alt=\"\" srcset=\"http:\/\/kommentatorenblog.de\/wp-content\/uploads\/2020\/09\/shure-55sh-ii-e1601485394796.jpg 415w, http:\/\/kommentatorenblog.de\/wp-content\/uploads\/2020\/09\/shure-55sh-ii-e1601485394796-142x300.jpg 142w\" sizes=\"auto, (max-width: 10px) 100vw, 10px\" \/> Ulf Kahmke  <\/p>\n\n\n\n<p>Liga NOS, 31. Spieltag: <strong><em>Sporting Braga \u2013 Pacos de Ferreira (20.00 Uhr)<\/em><\/strong><\/p>\n\n\n\n<p><img loading=\"lazy\" decoding=\"async\" width=\"10\" height=\"21\" class=\"wp-image-3656\" style=\"width: 10px;\" src=\"http:\/\/kommentatorenblog.de\/wp-content\/uploads\/2020\/09\/shure-55sh-ii-e1601485394796.jpg\" alt=\"\" srcset=\"http:\/\/kommentatorenblog.de\/wp-content\/uploads\/2020\/09\/shure-55sh-ii-e1601485394796.jpg 415w, http:\/\/kommentatorenblog.de\/wp-content\/uploads\/2020\/09\/shure-55sh-ii-e1601485394796-142x300.jpg 142w\" sizes=\"auto, (max-width: 10px) 100vw, 10px\" \/> Christian Blunck <\/p>\n\n\n\n<p>Liga NOS, 31. Spieltag: <strong><em>FC Rio Ave \u2013 Sporting Lissabon (22.15 Uhr)<\/em><\/strong><\/p>\n\n\n\n<p><img loading=\"lazy\" decoding=\"async\" width=\"10\" height=\"21\" class=\"wp-image-3656\" style=\"width: 10px;\" src=\"http:\/\/kommentatorenblog.de\/wp-content\/uploads\/2020\/09\/shure-55sh-ii-e1601485394796.jpg\" alt=\"\" srcset=\"http:\/\/kommentatorenblog.de\/wp-content\/uploads\/2020\/09\/shure-55sh-ii-e1601485394796.jpg 415w, http:\/\/kommentatorenblog.de\/wp-content\/uploads\/2020\/09\/shure-55sh-ii-e1601485394796-142x300.jpg 142w\" sizes=\"auto, (max-width: 10px) 100vw, 10px\" \/> Karsten Linke <\/p>\n\n\n\n<p><span style=\"text-decoration: underline;\">Donnerstag, 06. Mai 2021<\/span><\/p>\n\n\n\n<p>Liga NOS, 31. Spieltag: <strong><em>Benfica Lissabon \u2013 FC Porto (19.30 Uhr)<\/em><\/strong><\/p>\n\n\n\n<p><img loading=\"lazy\" decoding=\"async\" width=\"10\" height=\"21\" class=\"wp-image-3656\" style=\"width: 10px;\" src=\"http:\/\/kommentatorenblog.de\/wp-content\/uploads\/2020\/09\/shure-55sh-ii-e1601485394796.jpg\" alt=\"\" srcset=\"http:\/\/kommentatorenblog.de\/wp-content\/uploads\/2020\/09\/shure-55sh-ii-e1601485394796.jpg 415w, http:\/\/kommentatorenblog.de\/wp-content\/uploads\/2020\/09\/shure-55sh-ii-e1601485394796-142x300.jpg 142w\" sizes=\"auto, (max-width: 10px) 100vw, 10px\" \/> Arne Malsch<\/p>\n\n\n\n<hr class=\"wp-block-separator\"\/>\n\n\n\n<p><strong>Die Analyse<\/strong><\/p>\n\n\n\n<p><strong>Unterschiedliche Herangehensweisen in der K\u00f6nigsklasse?!<\/strong><\/p>\n\n\n\n<p>Diese Woche geht\u00b4s direkt weiter mit den R\u00fcckspielen im Halbfinale der Champions League, wieder hat der Zuschauer die Qual der Wahl zwischen Sky und DAZN. Bei DAZN r\u00fcckt am Dienstag bei City-PSG Jan Platte f\u00fcr Marco Hagemann rein. Somit \u00fcbernimmt die wahrscheinliche Final-Crew von DAZN. Bei Sky hingegen kommt wieder die &#8222;B-Elf&#8220; um Hamann und Leopold zum Zug, zus\u00e4tzlicher Gast ist diese Woche Sky-Experte Dennis Aogo. Sky\u00b4s Nummer zwei, Kai Dittmann, wird das wohl schon entschiedende Halbfinale?! kommentieren. <\/p>\n\n\n\n<p>Mittwoch gibt\u00b4s bei Sky mit Hellmann, Matth\u00e4us, Ballack und Fuss die noch gr\u00f6\u00dferen Namen. Die Jungs, Ballack ausgenommen, haben sich ja am vergangenen Dienstag schon um das Hinspiel gek\u00fcmmert. Hier schickt DAZN dann die &#8222;zweite Garde&#8220; mit Sch\u00f6nm\u00fcller, Gunesch und Herzog ins Rennen. Interviewer hat DAZN wegen Corona nicht vor Ort. F\u00fcr Sky wird an beiden Tagen England-Legion\u00e4r Raphael Honigstein Field-Reporter sein. Gro\u00dfes Lob f\u00fcr Sky, dass sie in diesen Zeiten mit Honigstein, Gutierrez und Dumont auf &#8222;externe&#8220; Kr\u00e4fte f\u00fcr die Interviews zur\u00fcckgegriffen haben. <\/p>\n\n\n\n<p><strong>Spiel- und Expertentausch<\/strong><\/p>\n\n\n\n<p>Weil das EL-Halbfinale zwischen Manchester United und AS Rom nach dem Hinspiel wohl schon entschieden ist, wechselt NITRO auf Villarreal gegen Arsenal. Das Personal bleibt unver\u00e4ndert. Bei DAZN gibt\u00b4s lediglich einen Expertentausch. Sebastian Knei\u00dfl, der letzte Woche noch bei Real-Chelsea in der K\u00f6nigsklasse ran durfte, muss sich am Donnerstag mit der Europa League begn\u00fcgen. Vorg\u00e4nger Gunesch, der beim Hinspiel Experte beim Arsenal-Spie war, rotiert daf\u00fcr ja in die Champions League. Den Kommentar liefern wieder Max und Max. <\/p>\n\n\n\n<p><strong>Nachholspiele und eine englische Woche in der 3. Liga<\/strong><\/p>\n\n\n\n<p>In der ersten und zweiten Bundesliga holen Hertha und Kiel weiter flei\u00dfig ihre Partien nach. Dienstag \u00fcbernehmen Hansi K\u00fcpper und Sven T\u00f6llner das Heimspiel von Kiel gegen Sandhausen f\u00fcr Sky. Donnerstag setzt DAZN etwas \u00fcberraschend auf die Karte Sandro Wagner, der bei Hertha gegen Freiburg Experte sein wird. Der Abstiegskampf ist einfach ein hei\u00dfes Thema. Und wenn die Partie am 30.Spieltag bei DAZN gelaufen w\u00e4re, w\u00e4re wohl auch Wagner nicht als Experte dabei. Wie auch immer: Der Zuschauer kann sich auf seine Expertise freuen. Alex Schl\u00fcter stellt die Fragen in der Hauptstadt. <\/p>\n\n\n\n<p>Zudem gibt\u00b4s auf Magenta Sport die englische Woche in der 3. Liga zu sehen, jeweils mit einem Topspiel am Dienstag und Mittwoch. Hier beginnt die Berichterstattung schon eine halbe Stunde vor Anpfiff. Alex Kunz, Sascha Bandermann und Stefanie Blochwitz d\u00fcrfen in dieser Woche doppelt ran! Tobi Sch\u00e4fer nimmt am Dienstag die Anreise nach L\u00fcbeck auf sich, Holger Speckhahn zieht\u00b4s am Mittwoch nach M\u00fcnchen. Sonst wird wie immer recht regional angesetzt. <\/p>\n\n\n\n<p><strong>Stach und Steiger<\/strong><\/p>\n\n\n\n<p>In der Frauen-Bundesliga ist diese Woche nicht Markus Theil, sondern nach l\u00e4ngerer Zeit mal wieder Matthias Stach als Kommentator im Einsatz. Bei sportdigital FUSSBALL gibt\u00b4s zudem die \u00fcbliche Dosis aus dem Rest der Welt. Dienstag ist nach mehreren Monaten Pause J\u00f6rg Steiger mal wieder dabei. Arne Malsch beobachtet am Donnerstag, ob der FC Porto im Duell gegen Benfica Lissabon seine Minimalchance auf die Meisterschaft wahren kann. <\/p>\n\n\n\n<p>Macht das Beste draus!<\/p>\n","protected":false},"excerpt":{"rendered":"<p>N\u2019Abend allerseits, im Kommentatorenblog besch\u00e4ftigen wir uns ja seit \u00fcber einem Jahrzehnt haupts\u00e4chlich mit den Fu\u00dfball-Ansetzungen. Auflistungen aus anderen Sportarten kommen aus zeitlichen Gr\u00fcnden einfach zu kurz. Ab und an nutzen wir aber das Vorwort daf\u00fcr. Diese Woche bietet sich hierf\u00fcr mal wieder die M\u00f6glichkeit, weil die Basketballer des FC Bayern vor dem &#8222;Spiel der [&hellip;]<\/p>\n","protected":false},"author":3,"featured_media":0,"comment_status":"open","ping_status":"open","sticky":false,"template":"","format":"standard","meta":{"footnotes":""},"categories":[425],"tags":[20,10,292,49,299,263,166,60,160,181,13,338,82,532,42,182,25,352,123,48,58,93,378,44,79,31,205,9,43,176,283,279,298,88,41,419,108,340,350,98,222,22,134,135,102,395,252,105,107],"class_list":["post-8660","post","type-post","status-publish","format-standard","hentry","category-champions-league-und-co","tag-2-bundesliga","tag-3-liga","tag-alex-kunz","tag-alex-schlueter","tag-alex-vogel","tag-arne-malsch","tag-benny-lauth","tag-bundesliga","tag-champions-league","tag-copa-libertadores","tag-dazn","tag-dennis-aogo","tag-erik-meijer","tag-euroleague","tag-europa-league","tag-frauen-bundesliga","tag-hansi-kuepper","tag-holger-speckhahn","tag-jan-luedeke","tag-jan-platte","tag-joerg-steiger","tag-kai-dittmann","tag-konstantin-klostermann","tag-laura-wontorra","tag-liga-nos","tag-lothar-matthaeus","tag-lukas-schoenmueller","tag-magenta-sport","tag-marco-hagemann","tag-matthias-stach","tag-max-gross","tag-max-siebald","tag-michael-koerner","tag-michael-leopold","tag-nitro","tag-patrick-bernecker","tag-ralph-gunesch","tag-raphael-honigstein","tag-sandro-wagner","tag-sebastian-hellmann","tag-sebastian-kneissl","tag-sky","tag-sportdigital-fussball","tag-stefanie-blochwitz","tag-sven-toellner","tag-tobi-schaefer","tag-tobi-wahnschaffe","tag-uli-hebel","tag-wolff-fuss"],"_links":{"self":[{"href":"http:\/\/kommentatorenblog.de\/index.php?rest_route=\/wp\/v2\/posts\/8660","targetHints":{"allow":["GET"]}}],"collection":[{"href":"http:\/\/kommentatorenblog.de\/index.php?rest_route=\/wp\/v2\/posts"}],"about":[{"href":"http:\/\/kommentatorenblog.de\/index.php?rest_route=\/wp\/v2\/types\/post"}],"author":[{"embeddable":true,"href":"http:\/\/kommentatorenblog.de\/index.php?rest_route=\/wp\/v2\/users\/3"}],"replies":[{"embeddable":true,"href":"http:\/\/kommentatorenblog.de\/index.php?rest_route=%2Fwp%2Fv2%2Fcomments&post=8660"}],"version-history":[{"count":45,"href":"http:\/\/kommentatorenblog.de\/index.php?rest_route=\/wp\/v2\/posts\/8660\/revisions"}],"predecessor-version":[{"id":8720,"href":"http:\/\/kommentatorenblog.de\/index.php?rest_route=\/wp\/v2\/posts\/8660\/revisions\/8720"}],"wp:attachment":[{"href":"http:\/\/kommentatorenblog.de\/index.php?rest_route=%2Fwp%2Fv2%2Fmedia&parent=8660"}],"wp:term":[{"taxonomy":"category","embeddable":true,"href":"http:\/\/kommentatorenblog.de\/index.php?rest_route=%2Fwp%2Fv2%2Fcategories&post=8660"},{"taxonomy":"post_tag","embeddable":true,"href":"http:\/\/kommentatorenblog.de\/index.php?rest_route=%2Fwp%2Fv2%2Ftags&post=8660"}],"curies":[{"name":"wp","href":"https:\/\/api.w.org\/{rel}","templated":true}]}}