{"id":8855,"date":"2021-05-10T20:08:01","date_gmt":"2021-05-10T18:08:01","guid":{"rendered":"http:\/\/kommentatorenblog.de\/?p=8855"},"modified":"2021-05-13T15:28:05","modified_gmt":"2021-05-13T13:28:05","slug":"1171-keine-zuschauer-in-berlin-aber-sky-und-ard","status":"publish","type":"post","link":"http:\/\/kommentatorenblog.de\/?p=8855","title":{"rendered":"1171 \u2013 Keine Zuschauer in Berlin, aber Sky und ARD"},"content":{"rendered":"\n<p>N\u2019Abend allerseits,<\/p>\n\n\n\n<p>wer glaubt, dass mit der entschiedenen Meisterschaft alle Fragen im nationalen Titelrennen gekl\u00e4rt sind, der t\u00e4uscht sich. Im Finale des seit 1935 ausgetragenen DFB-Pokals stehen sich RB Leipzig und Borussia Dortmund gegen\u00fcber. Den Vorgeschmack haben die beiden Teams ja am vergangenen Wochenende h\u00f6chstselbst gegeben. Doch es war letztlich nur die Generalprobe f\u00fcr eines der gr\u00f6\u00dften Highlights im deutschen Fu\u00dfball, den Pokalabend im Olympiastadion in Berlin. Leider muss das Duell wieder ohne Zuschauer auskommen &#8211; wie schon im vergangenen Jahr. Wer jedoch im Stadion sein wird, sind die Berichterstatter. Sowohl Sky als auch die ARD sind mit der ganzen Mannschaft vor Ort. Im vergangenen Jahr sendete ja nur die ARD komplett aus Berlin. Mehr Infos in der Analyse.<\/p>\n\n\n\n<p><strong>Zuschauer: Berlin nein, London ja<\/strong><\/p>\n\n\n\n<p>Doch noch kurz zur\u00fcck zur Zuschauer-Frage, die f\u00fcr das Pokalfinale eindeutig beantwortet wurde, uns in den kommenden Wochen und Monaten aber noch h\u00e4ufiger besch\u00e4ftigen wird. Denn so richtig die Ma\u00dfnahme ist, das DFB-Pokal-Endspiel vor leeren R\u00e4ngen auszutragen, so wichtig wird es sein, im Sommer Konzepte zu erproben, um zeitnah wieder Fans in die Stadien zu lassen. Die UEFA will aus dem Champions-League-Finale und der Europameisterschaft ja bereits im eigenen Interesse Versuchskaninchen machen. Das CL-Finale wird deshalb aller Voraussicht nach in London ausgetragen und nicht in Istanbul. Dass das Augenmerk der Verb\u00e4nde dabei nicht auf dem Fu\u00dfball-Fan liegt, sondern vielmehr auf Sponsoreneinnahmen, ist offensichtlich und auch nicht weiter neu. Die Frage ist jetzt nur: Handelt es sich wieder mal um eine verfr\u00fchte Debatte um Zuschauer in den Stadien oder ist der Zeitpunkt diesmal gerechtfertigt?<\/p>\n\n\n\n<p><strong>Testkonzepte in Stadien unabdingbar<\/strong><\/p>\n\n\n\n<p>Und an der Stelle muss ich eine zumindest bedingt eine Lanze brechen f\u00fcr die UEFA. Den Gedanken ausgeklammert, warum sie die Zuschauer wieder in die Stadien lassen will, ist es im Sommer schlichtweg an der Zeit, an angemessenen Orten (!) Konzepte zu erproben. Die UEFA hat zudem die finanziellen M\u00f6glichkeiten, Hygienekonzepte auf die Beine zu stellen und Zuschauer kontrolliert in die Stadien zu lassen. Zur Erinnerung: Wir haben diese Debatte schon vor knapp einem Jahr gef\u00fchrt. Damals gab es keine Impfungen, damals waren Corona-Tests l\u00e4ngst nicht so etabliert und zugleich bewegten sich die Forderungen der Vereine und Verb\u00e4nde zum Teil in \u00e4hnlichen Dimensionen. Inzwischen lie\u00dfen sich Impfungen und negative Tests sinnvoll als Eintrittskarte nutzen. Unter diesen Gesichtspunkten glaube ich, dass bei der anstehenden EM eine Beteiligung der Zuschauer ausprobiert werden sollte. Jedoch m\u00fcssen die Austragungsorte solche sein, in denen die Corona-Inzidenz vergleichsweise niedrig ist. Genau das ist ja jetzt auch die Idee. Dementsprechend wurden Dublin und Bilbao die Spiele wieder entzogen. St. Petersburg und London springen ein. Ohnehin bietet sich England als Austragungsort an. Doch den Status der EM als paneurop\u00e4isches Turnier zu ver\u00e4ndern, w\u00e4re von der UEFA wohl zu viel verlangt.<\/p>\n\n\n\n<p><strong>Vorher braucht es \u00d6ffnungen in anderen Bereichen<\/strong><\/p>\n\n\n\n<p>Die EM kann in der Zuschauer-Frage als internationales Vorbild funktionieren. Trotzdem st\u00f6\u00dft manchen in Deutschland die Debatte um Zuschauer in den Stadien sauer auf. Zurecht, denn sie ist genau dann problematisch, wenn man sie ins Verh\u00e4ltnis setzt zu anderen gesellschaftlichen Bereichen. Wir haben in Deutschland noch immer eine Notbremse mit Ausgangssperre, die Restaurants sind geschlossen, der Amateursport liegt brach. Auch hier wurde es verpasst, Testkonzepte auf die Beine zu stellen. Die Stadt T\u00fcbingen musste ihr Modellprojekt zum Beispiel wieder abbrechen, weil die daf\u00fcr ma\u00dfgebliche Inzidenz des Landkreises T\u00fcbingen zu hoch war. Die Inzidenz der Stadt (!) T\u00fcbingen war jedoch trotz der testweisen Lockerungen vergleichsweise niedrig. Meiner Meinung nach ist man an dieser Stelle grunds\u00e4tzlich zu vorsichtig, w\u00e4hrend Wissenschaftler und Aerosolforscher sich ja eigentlich einig sind, dass die meisten Ansteckungen aus dem privaten Raum stammen. Doch Fakt ist: Viele Branchen leiden noch immer sehr unter den Einschr\u00e4nkungen. Insofern ist die Debatte um Zuschauer &#8211; zumindest in Deutschland &#8211; wieder verfr\u00fcht, denn den Profi-Fu\u00dfball in der Priorisierung \u00fcber die oben genannten Bereiche zu stellen, empfinde ich als ungerecht.&nbsp;<\/p>\n\n\n\n<p><strong>Zuschauerfrage: Ein Blick auf M\u00fcnchen<\/strong><\/p>\n\n\n\n<p>Deshalb hat sich ja auch M\u00fcnchen bis heute noch nicht klar zur Zuschauerfrage positioniert. V\u00f6llig zurecht &#8211; das w\u00fcrde meiner Meinung nach jeder Glaubw\u00fcrdigkeit entbehren. Allerdings dringt die UEFA auf eine Entscheidung. 14.500 Zuschauer sollen ab dem 15. Juni in die Allianz-Arena. Das ist in gut einem Monat, was es zu einem Spiel auf Zeit macht. Die Inzidenz ist in M\u00fcnchen jetzt gerade unter 100 gerutscht. Ab Mittwoch d\u00fcrfen Bierg\u00e4rten, Theater und Kinos unter Auflagen \u00f6ffnen. Sofern die Inzidenz weiter nach unten geht und weitere \u00d6ffnungsschritte m\u00f6glich sind, sollten meiner Meinung nach auch Zuschauer in die Stadien d\u00fcrfen. Ob es direkt von Null auf 14.500 gehen muss, sei mal dahingestellt.<\/p>\n\n\n\n<p>Wie auch immer: Meine Hoffnung bleibt, dass der Impfeffekt immer st\u00e4rker durchdringt. In erster Linie im Sinne einer R\u00fcckkehr in die gesellschaftliche Normalit\u00e4t. Und nat\u00fcrlich auch, damit wir leere Stadien vor dem Fernsehbildschirm nicht mehr l\u00e4nger ertragen m\u00fcssen, anstatt selbst in der Arena mitzufiebern.<\/p>\n\n\n\n<p>Alles weitere in den Ansetzungen.<\/p>\n\n\n\n<hr class=\"wp-block-separator\"\/>\n\n\n\n<p><strong><em>Die Ansetzungen vom 11. Mai bis zum 13. Mai 2021<\/em><\/strong><\/p>\n\n\n\n<p><strong>DFB-Pokal, Finale<\/strong><\/p>\n\n\n\n<p><span style=\"text-decoration: underline;\">Donnerstag, 13. Mai 2021, ab 19.45 Uhr (Sky) \/ 20.15 Uhr (ARD)<\/span><\/p>\n\n\n\n<p><em><strong>RB Leipzig <em><strong>\u2013<\/strong><\/em><\/strong><\/em> <em><strong>Borussia Dortmund (20.45 Uhr)<\/strong><\/em><\/p>\n\n\n\n<p><img loading=\"lazy\" decoding=\"async\" width=\"10\" height=\"21\" class=\"wp-image-3656\" style=\"width: 10px;\" src=\"http:\/\/kommentatorenblog.de\/wp-content\/uploads\/2020\/09\/shure-55sh-ii-e1601485394796.jpg\" alt=\"\" srcset=\"http:\/\/kommentatorenblog.de\/wp-content\/uploads\/2020\/09\/shure-55sh-ii-e1601485394796.jpg 415w, http:\/\/kommentatorenblog.de\/wp-content\/uploads\/2020\/09\/shure-55sh-ii-e1601485394796-142x300.jpg 142w\" sizes=\"auto, (max-width: 10px) 100vw, 10px\" \/> Sky: Kai Dittmann, Field-Reporter: Martin Gro\u00df <\/p>\n\n\n\n<p><img loading=\"lazy\" decoding=\"async\" width=\"10\" height=\"21\" class=\"wp-image-3656\" style=\"width: 10px;\" src=\"http:\/\/kommentatorenblog.de\/wp-content\/uploads\/2020\/09\/shure-55sh-ii-e1601485394796.jpg\" alt=\"\" srcset=\"http:\/\/kommentatorenblog.de\/wp-content\/uploads\/2020\/09\/shure-55sh-ii-e1601485394796.jpg 415w, http:\/\/kommentatorenblog.de\/wp-content\/uploads\/2020\/09\/shure-55sh-ii-e1601485394796-142x300.jpg 142w\" sizes=\"auto, (max-width: 10px) 100vw, 10px\" \/> ARD: Florian Na\u00df, Field-Reporter: Christian Dexne<\/p>\n\n\n\n<p>Moderation (Sky): Jessica Libbertz, Experte: Lothar Matth\u00e4us<\/p>\n\n\n\n<p>Moderation (ARD): Matthias Opdenh\u00f6vel, Experte: Bastian Schweinsteiger<\/p>\n\n\n\n<hr class=\"wp-block-separator\"\/>\n\n\n\n<p><strong>Bundesliga, Nachholspiel 31. Spieltag (Sky)<\/strong><\/p>\n\n\n\n<p><span style=\"text-decoration: underline;\">Mittwoch, 12. Mai 2021, ab 17.30 Uhr<\/span><\/p>\n\n\n\n<p><em><strong>FC Schalke 04 <em><strong>\u2013<\/strong><\/em><\/strong><\/em> <em><strong>Hertha BSC (18.00 Uhr)<\/strong><\/em><\/p>\n\n\n\n<p><img loading=\"lazy\" decoding=\"async\" width=\"10\" height=\"21\" class=\"wp-image-3656\" style=\"width: 10px;\" src=\"http:\/\/kommentatorenblog.de\/wp-content\/uploads\/2020\/09\/shure-55sh-ii-e1601485394796.jpg\" alt=\"\" srcset=\"http:\/\/kommentatorenblog.de\/wp-content\/uploads\/2020\/09\/shure-55sh-ii-e1601485394796.jpg 415w, http:\/\/kommentatorenblog.de\/wp-content\/uploads\/2020\/09\/shure-55sh-ii-e1601485394796-142x300.jpg 142w\" sizes=\"auto, (max-width: 10px) 100vw, 10px\" \/> Tom Bayer, Field-Reporter: Marcus Lindemann<\/p>\n\n\n\n<hr class=\"wp-block-separator\"\/>\n\n\n\n<p><strong>2. Bundesliga, Nachholspiel 28. Spieltag (Sky)<\/strong><\/p>\n\n\n\n<p><span style=\"text-decoration: underline;\">Donnerstag, 13. Mai 2021, ab 15.15 Uhr<\/span><\/p>\n\n\n\n<p><em><strong>Holstein Kiel <em><strong>\u2013<\/strong><\/em><\/strong><\/em> <em><strong>SSV Jahn Regensburg (15.30 Uhr)<\/strong><\/em><\/p>\n\n\n\n<p><img loading=\"lazy\" decoding=\"async\" width=\"10\" height=\"21\" class=\"wp-image-3656\" style=\"width: 10px;\" src=\"http:\/\/kommentatorenblog.de\/wp-content\/uploads\/2020\/09\/shure-55sh-ii-e1601485394796.jpg\" alt=\"\" srcset=\"http:\/\/kommentatorenblog.de\/wp-content\/uploads\/2020\/09\/shure-55sh-ii-e1601485394796.jpg 415w, http:\/\/kommentatorenblog.de\/wp-content\/uploads\/2020\/09\/shure-55sh-ii-e1601485394796-142x300.jpg 142w\" sizes=\"auto, (max-width: 10px) 100vw, 10px\" \/> Markus Gaupp, Interviews: Schalte<\/p>\n\n\n\n<hr class=\"wp-block-separator\"\/>\n\n\n\n<p><strong>Premier League, 36. Spieltag (Sky)<\/strong><\/p>\n\n\n\n<p><span style=\"text-decoration: underline;\">Dienstag, 11. Mai 2021, ab 18.45 Uhr<\/span><\/p>\n\n\n\n<p><em><strong>Manchester United <em><strong>\u2013<\/strong><\/em><\/strong><\/em> <em><strong>Leicester City (19.00 Uhr)<\/strong><\/em><\/p>\n\n\n\n<p><img loading=\"lazy\" decoding=\"async\" width=\"10\" height=\"21\" class=\"wp-image-3656\" style=\"width: 10px;\" src=\"http:\/\/kommentatorenblog.de\/wp-content\/uploads\/2020\/09\/shure-55sh-ii-e1601485394796.jpg\" alt=\"\" srcset=\"http:\/\/kommentatorenblog.de\/wp-content\/uploads\/2020\/09\/shure-55sh-ii-e1601485394796.jpg 415w, http:\/\/kommentatorenblog.de\/wp-content\/uploads\/2020\/09\/shure-55sh-ii-e1601485394796-142x300.jpg 142w\" sizes=\"auto, (max-width: 10px) 100vw, 10px\" \/> Joachim Hebel<\/p>\n\n\n\n<p><span style=\"text-decoration: underline;\">Mittwoch, 12. Mai 2021, ab 20.30 Uhr<\/span><\/p>\n\n\n\n<p><em><strong>FC Chelsea <em><strong>\u2013<\/strong><\/em><\/strong><\/em> <em><strong>FC Arsenal (19.00 Uhr)<\/strong><\/em><\/p>\n\n\n\n<p><img loading=\"lazy\" decoding=\"async\" width=\"10\" height=\"21\" class=\"wp-image-3656\" style=\"width: 10px;\" src=\"http:\/\/kommentatorenblog.de\/wp-content\/uploads\/2020\/09\/shure-55sh-ii-e1601485394796.jpg\" alt=\"\" srcset=\"http:\/\/kommentatorenblog.de\/wp-content\/uploads\/2020\/09\/shure-55sh-ii-e1601485394796.jpg 415w, http:\/\/kommentatorenblog.de\/wp-content\/uploads\/2020\/09\/shure-55sh-ii-e1601485394796-142x300.jpg 142w\" sizes=\"auto, (max-width: 10px) 100vw, 10px\" \/> Florian Schmidt-Sommerfeld, Experte: Mladen Petric<\/p>\n\n\n\n<p>Field-Reporter: Raphael Honigstein<\/p>\n\n\n\n<hr class=\"wp-block-separator\"\/>\n\n\n\n<p><strong>Premier League, Nachholspiele (Sky)<\/strong><\/p>\n\n\n\n<p><span style=\"text-decoration: underline;\">Dienstag, 11. Mai 2021, ab 21.05 Uhr<\/span><\/p>\n\n\n\n<p>32. Spieltag: <em><strong>FC Southampton <em><strong>\u2013<\/strong><\/em><\/strong><\/em> <em><strong>Crystal Palace (21.15 Uhr)<\/strong><\/em><\/p>\n\n\n\n<p><img loading=\"lazy\" decoding=\"async\" width=\"10\" height=\"21\" class=\"wp-image-3656\" style=\"width: 10px;\" src=\"http:\/\/kommentatorenblog.de\/wp-content\/uploads\/2020\/09\/shure-55sh-ii-e1601485394796.jpg\" alt=\"\" srcset=\"http:\/\/kommentatorenblog.de\/wp-content\/uploads\/2020\/09\/shure-55sh-ii-e1601485394796.jpg 415w, http:\/\/kommentatorenblog.de\/wp-content\/uploads\/2020\/09\/shure-55sh-ii-e1601485394796-142x300.jpg 142w\" sizes=\"auto, (max-width: 10px) 100vw, 10px\" \/> Hannes Herrmann<\/p>\n\n\n\n<p><span style=\"text-decoration: underline;\">Donnerstag, 13. Mai 2021, ab 18.50 Uhr<\/span><\/p>\n\n\n\n<p>19. Spieltag: <em><strong>Aston Villa <em><strong>\u2013<\/strong><\/em><\/strong><\/em> <em><strong>FC Everton (19.00 Uhr)<\/strong><\/em><\/p>\n\n\n\n<p><img loading=\"lazy\" decoding=\"async\" width=\"10\" height=\"21\" class=\"wp-image-3656\" style=\"width: 10px;\" src=\"http:\/\/kommentatorenblog.de\/wp-content\/uploads\/2020\/09\/shure-55sh-ii-e1601485394796.jpg\" alt=\"\" srcset=\"http:\/\/kommentatorenblog.de\/wp-content\/uploads\/2020\/09\/shure-55sh-ii-e1601485394796.jpg 415w, http:\/\/kommentatorenblog.de\/wp-content\/uploads\/2020\/09\/shure-55sh-ii-e1601485394796-142x300.jpg 142w\" sizes=\"auto, (max-width: 10px) 100vw, 10px\" \/> Michael Born<\/p>\n\n\n\n<p><span style=\"text-decoration: underline;\">ab 21.00 Uhr<\/span><\/p>\n\n\n\n<p>34. Spieltag: <em><strong>Manchester United <em><strong>\u2013<\/strong><\/em><\/strong><\/em> <em><strong>FC Liverpool (21.15 Uhr)<\/strong><\/em><\/p>\n\n\n\n<p><img loading=\"lazy\" decoding=\"async\" width=\"10\" height=\"21\" class=\"wp-image-3656\" style=\"width: 10px;\" src=\"http:\/\/kommentatorenblog.de\/wp-content\/uploads\/2020\/09\/shure-55sh-ii-e1601485394796.jpg\" alt=\"\" srcset=\"http:\/\/kommentatorenblog.de\/wp-content\/uploads\/2020\/09\/shure-55sh-ii-e1601485394796.jpg 415w, http:\/\/kommentatorenblog.de\/wp-content\/uploads\/2020\/09\/shure-55sh-ii-e1601485394796-142x300.jpg 142w\" sizes=\"auto, (max-width: 10px) 100vw, 10px\" \/> Toni Tomic<\/p>\n\n\n\n<hr class=\"wp-block-separator\"\/>\n\n\n\n<p><strong>LaLiga, 36. Spieltag (DAZN)<\/strong><\/p>\n\n\n\n<p><span style=\"text-decoration: underline;\">Dienstag, 11. Mai 2021, ab 21.55 Uhr<\/span><\/p>\n\n\n\n<p><em><strong>UD Levante <em><strong>\u2013<\/strong><\/em><\/strong><\/em> <em><strong>FC Barcelona (22.00 Uhr)<\/strong><\/em><\/p>\n\n\n\n<p><img loading=\"lazy\" decoding=\"async\" width=\"10\" height=\"21\" class=\"wp-image-3656\" style=\"width: 10px;\" src=\"http:\/\/kommentatorenblog.de\/wp-content\/uploads\/2020\/09\/shure-55sh-ii-e1601485394796.jpg\" alt=\"\" srcset=\"http:\/\/kommentatorenblog.de\/wp-content\/uploads\/2020\/09\/shure-55sh-ii-e1601485394796.jpg 415w, http:\/\/kommentatorenblog.de\/wp-content\/uploads\/2020\/09\/shure-55sh-ii-e1601485394796-142x300.jpg 142w\" sizes=\"auto, (max-width: 10px) 100vw, 10px\" \/> Lukas Sch\u00f6nm\u00fcller, Experte: Sebastian Knei\u00dfl<\/p>\n\n\n\n<p><span style=\"text-decoration: underline;\">Mittwoch, 12. Mai 2021, ab 18.55 Uhr<\/span><\/p>\n\n\n\n<p><em><strong>FC Sevilla <em><strong>\u2013<\/strong><\/em><\/strong><\/em> <em><strong>FC Valencia (19.00 Uhr)<\/strong><\/em><\/p>\n\n\n\n<p><img loading=\"lazy\" decoding=\"async\" width=\"10\" height=\"21\" class=\"wp-image-3656\" style=\"width: 10px;\" src=\"http:\/\/kommentatorenblog.de\/wp-content\/uploads\/2020\/09\/shure-55sh-ii-e1601485394796.jpg\" alt=\"\" srcset=\"http:\/\/kommentatorenblog.de\/wp-content\/uploads\/2020\/09\/shure-55sh-ii-e1601485394796.jpg 415w, http:\/\/kommentatorenblog.de\/wp-content\/uploads\/2020\/09\/shure-55sh-ii-e1601485394796-142x300.jpg 142w\" sizes=\"auto, (max-width: 10px) 100vw, 10px\" \/> Guido H\u00fcsgen<\/p>\n\n\n\n<p><span style=\"text-decoration: underline;\">ab 21.55 Uhr<\/span><\/p>\n\n\n\n<p><em><strong>Atl\u00e9tico Madrid <em><strong>\u2013<\/strong><\/em><\/strong><\/em> <em><strong>Real Sociedad (22.00 Uhr)<\/strong><\/em><\/p>\n\n\n\n<p><img loading=\"lazy\" decoding=\"async\" width=\"10\" height=\"21\" class=\"wp-image-3656\" style=\"width: 10px;\" src=\"http:\/\/kommentatorenblog.de\/wp-content\/uploads\/2020\/09\/shure-55sh-ii-e1601485394796.jpg\" alt=\"\" srcset=\"http:\/\/kommentatorenblog.de\/wp-content\/uploads\/2020\/09\/shure-55sh-ii-e1601485394796.jpg 415w, http:\/\/kommentatorenblog.de\/wp-content\/uploads\/2020\/09\/shure-55sh-ii-e1601485394796-142x300.jpg 142w\" sizes=\"auto, (max-width: 10px) 100vw, 10px\" \/> Jan Platte, Experte: Benny Lauth<\/p>\n\n\n\n<p><span style=\"text-decoration: underline;\">Donnerstag, 13. Mai 2021, ab 21.55 Uhr<\/span><\/p>\n\n\n\n<p><em><strong>FC Granada <em><strong>\u2013<\/strong><\/em><\/strong><\/em> <em><strong>Real Madrid (22.00 Uhr)<\/strong><\/em><\/p>\n\n\n\n<p><img loading=\"lazy\" decoding=\"async\" width=\"10\" height=\"21\" class=\"wp-image-3656\" style=\"width: 10px;\" src=\"http:\/\/kommentatorenblog.de\/wp-content\/uploads\/2020\/09\/shure-55sh-ii-e1601485394796.jpg\" alt=\"\" srcset=\"http:\/\/kommentatorenblog.de\/wp-content\/uploads\/2020\/09\/shure-55sh-ii-e1601485394796.jpg 415w, http:\/\/kommentatorenblog.de\/wp-content\/uploads\/2020\/09\/shure-55sh-ii-e1601485394796-142x300.jpg 142w\" sizes=\"auto, (max-width: 10px) 100vw, 10px\" \/> Lukas Sch\u00f6nm\u00fcller<\/p>\n\n\n\n<hr class=\"wp-block-separator\"\/>\n\n\n\n<p><strong>Serie A, 36. Spieltag (DAZN)<\/strong><\/p>\n\n\n\n<p><span style=\"text-decoration: underline;\">Mittwoch, 12. Mai 2021, ab 20.40 Uhr<\/span><\/p>\n\n\n\n<p><em><strong>US Sassuolo <em><strong>\u2013<\/strong><\/em><\/strong><\/em> <em><strong>Juventus Turin (20.45 Uhr)<\/strong><\/em><\/p>\n\n\n\n<p><img loading=\"lazy\" decoding=\"async\" width=\"10\" height=\"21\" class=\"wp-image-3656\" style=\"width: 10px;\" src=\"http:\/\/kommentatorenblog.de\/wp-content\/uploads\/2020\/09\/shure-55sh-ii-e1601485394796.jpg\" alt=\"\" srcset=\"http:\/\/kommentatorenblog.de\/wp-content\/uploads\/2020\/09\/shure-55sh-ii-e1601485394796.jpg 415w, http:\/\/kommentatorenblog.de\/wp-content\/uploads\/2020\/09\/shure-55sh-ii-e1601485394796-142x300.jpg 142w\" sizes=\"auto, (max-width: 10px) 100vw, 10px\" \/> Carsten Fu\u00df<\/p>\n\n\n\n<p><em><strong>FC Turin <em><strong>\u2013<\/strong><\/em><\/strong><\/em> <em><strong>AC Mailand (20.45 Uhr)<\/strong><\/em><\/p>\n\n\n\n<p><img loading=\"lazy\" decoding=\"async\" width=\"10\" height=\"21\" class=\"wp-image-3656\" style=\"width: 10px;\" src=\"http:\/\/kommentatorenblog.de\/wp-content\/uploads\/2020\/09\/shure-55sh-ii-e1601485394796.jpg\" alt=\"\" srcset=\"http:\/\/kommentatorenblog.de\/wp-content\/uploads\/2020\/09\/shure-55sh-ii-e1601485394796.jpg 415w, http:\/\/kommentatorenblog.de\/wp-content\/uploads\/2020\/09\/shure-55sh-ii-e1601485394796-142x300.jpg 142w\" sizes=\"auto, (max-width: 10px) 100vw, 10px\" \/> Mario Rieker<\/p>\n\n\n\n<p><em><strong>Inter Mailand <em><strong>\u2013<\/strong><\/em><\/strong><\/em> <em><strong>AS Rom (20.45 Uhr)<\/strong><\/em><\/p>\n\n\n\n<p><img loading=\"lazy\" decoding=\"async\" width=\"10\" height=\"21\" class=\"wp-image-3656\" style=\"width: 10px;\" src=\"http:\/\/kommentatorenblog.de\/wp-content\/uploads\/2020\/09\/shure-55sh-ii-e1601485394796.jpg\" alt=\"\" srcset=\"http:\/\/kommentatorenblog.de\/wp-content\/uploads\/2020\/09\/shure-55sh-ii-e1601485394796.jpg 415w, http:\/\/kommentatorenblog.de\/wp-content\/uploads\/2020\/09\/shure-55sh-ii-e1601485394796-142x300.jpg 142w\" sizes=\"auto, (max-width: 10px) 100vw, 10px\" \/> Uli Hebel<\/p>\n\n\n\n<hr class=\"wp-block-separator\"\/>\n\n\n\n<p><strong>Coupe de France, Halbfinale<\/strong><\/p>\n\n\n\n<p><span style=\"text-decoration: underline;\">Mittwoch, 12. Mai 2021, ab 20.55 Uhr (DAZN) \/ ab 20.55 Uhr (Sport1+)<\/span><\/p>\n\n\n\n<p><em><strong>HSC Montpellier <em><strong>\u2013<\/strong><\/em><\/strong><\/em> <em><strong>Paris Saint-Germain (21.00 Uhr)<\/strong><\/em><\/p>\n\n\n\n<p><img loading=\"lazy\" decoding=\"async\" width=\"10\" height=\"21\" class=\"wp-image-3656\" style=\"width: 10px;\" src=\"http:\/\/kommentatorenblog.de\/wp-content\/uploads\/2020\/09\/shure-55sh-ii-e1601485394796.jpg\" alt=\"\" srcset=\"http:\/\/kommentatorenblog.de\/wp-content\/uploads\/2020\/09\/shure-55sh-ii-e1601485394796.jpg 415w, http:\/\/kommentatorenblog.de\/wp-content\/uploads\/2020\/09\/shure-55sh-ii-e1601485394796-142x300.jpg 142w\" sizes=\"auto, (max-width: 10px) 100vw, 10px\" \/> DAZN: Stefan Galler<\/p>\n\n\n\n<p><img loading=\"lazy\" decoding=\"async\" width=\"10\" height=\"21\" class=\"wp-image-3656\" style=\"width: 10px;\" src=\"http:\/\/kommentatorenblog.de\/wp-content\/uploads\/2020\/09\/shure-55sh-ii-e1601485394796.jpg\" alt=\"\" srcset=\"http:\/\/kommentatorenblog.de\/wp-content\/uploads\/2020\/09\/shure-55sh-ii-e1601485394796.jpg 415w, http:\/\/kommentatorenblog.de\/wp-content\/uploads\/2020\/09\/shure-55sh-ii-e1601485394796-142x300.jpg 142w\" sizes=\"auto, (max-width: 10px) 100vw, 10px\" \/> Sport1+: Oliver Forster<\/p>\n\n\n\n<p><span style=\"text-decoration: underline;\">Donnerstag, 13. Mai 2021, ab 21.10 Uhr (Sport1+)<\/span><\/p>\n\n\n\n<p><strong><em>GFA Rumilly Valli\u00e8res \u2013 AS Monaco (21.15 Uhr)<\/em><\/strong><\/p>\n\n\n\n<p><img loading=\"lazy\" decoding=\"async\" width=\"10\" height=\"21\" class=\"wp-image-3656\" style=\"width: 10px;\" src=\"http:\/\/kommentatorenblog.de\/wp-content\/uploads\/2020\/09\/shure-55sh-ii-e1601485394796.jpg\" alt=\"\" srcset=\"http:\/\/kommentatorenblog.de\/wp-content\/uploads\/2020\/09\/shure-55sh-ii-e1601485394796.jpg 415w, http:\/\/kommentatorenblog.de\/wp-content\/uploads\/2020\/09\/shure-55sh-ii-e1601485394796-142x300.jpg 142w\" sizes=\"auto, (max-width: 10px) 100vw, 10px\" \/> Sport1+: Peter Kohl<\/p>\n\n\n\n<hr class=\"wp-block-separator\"\/>\n\n\n\n<p><strong>Internationaler Fussball (Sportdigital FUSSBALL)<\/strong><\/p>\n\n\n\n<p><span style=\"text-decoration: underline;\">Dienstag, 11. Mai 2021<\/span><\/p>\n\n\n\n<p>Liga NOS, 32. Spieltag: <strong><em>CD Nacional Funchal \u2013 Benfica Lissabon (19.00 Uhr)<\/em><\/strong><\/p>\n\n\n\n<p><img loading=\"lazy\" decoding=\"async\" width=\"10\" height=\"21\" class=\"wp-image-3656\" style=\"width: 10px;\" src=\"http:\/\/kommentatorenblog.de\/wp-content\/uploads\/2020\/09\/shure-55sh-ii-e1601485394796.jpg\" alt=\"\" srcset=\"http:\/\/kommentatorenblog.de\/wp-content\/uploads\/2020\/09\/shure-55sh-ii-e1601485394796.jpg 415w, http:\/\/kommentatorenblog.de\/wp-content\/uploads\/2020\/09\/shure-55sh-ii-e1601485394796-142x300.jpg 142w\" sizes=\"auto, (max-width: 10px) 100vw, 10px\" \/> Karsten Linke<\/p>\n\n\n\n<p>Liga NOS, 32. Spieltag: <strong><em>Sporting Lissabon \u2013 Boavista Porto FC (21.30 Uhr)<\/em><\/strong><\/p>\n\n\n\n<p><img loading=\"lazy\" decoding=\"async\" width=\"10\" height=\"21\" class=\"wp-image-3656\" style=\"width: 10px;\" src=\"http:\/\/kommentatorenblog.de\/wp-content\/uploads\/2020\/09\/shure-55sh-ii-e1601485394796.jpg\" alt=\"\" srcset=\"http:\/\/kommentatorenblog.de\/wp-content\/uploads\/2020\/09\/shure-55sh-ii-e1601485394796.jpg 415w, http:\/\/kommentatorenblog.de\/wp-content\/uploads\/2020\/09\/shure-55sh-ii-e1601485394796-142x300.jpg 142w\" sizes=\"auto, (max-width: 10px) 100vw, 10px\" \/> Christian Blunck<\/p>\n\n\n\n<p><span style=\"text-decoration: underline;\">Mittwoch, 12. Mai 2021<\/span><\/p>\n\n\n\n<p>Copa Libertadores, 4. Spieltag, Gruppenphase: <strong><em>Santos \u2013 Boca Juniors (00.15 Uhr)<\/em><\/strong><\/p>\n\n\n\n<p><img loading=\"lazy\" decoding=\"async\" width=\"10\" height=\"21\" class=\"wp-image-3656\" style=\"width: 10px;\" src=\"http:\/\/kommentatorenblog.de\/wp-content\/uploads\/2020\/09\/shure-55sh-ii-e1601485394796.jpg\" alt=\"\" srcset=\"http:\/\/kommentatorenblog.de\/wp-content\/uploads\/2020\/09\/shure-55sh-ii-e1601485394796.jpg 415w, http:\/\/kommentatorenblog.de\/wp-content\/uploads\/2020\/09\/shure-55sh-ii-e1601485394796-142x300.jpg 142w\" sizes=\"auto, (max-width: 10px) 100vw, 10px\" \/> Christian Blunck<\/p>\n\n\n\n<p>Copa Libertadores,4. Spieltag, Gruppenphase: <strong><em>Independiente del Valle \u2013Palmeiras (02.30 Uhr)<\/em><\/strong><\/p>\n\n\n\n<p><img loading=\"lazy\" decoding=\"async\" width=\"10\" height=\"21\" class=\"wp-image-3656\" style=\"width: 10px;\" src=\"http:\/\/kommentatorenblog.de\/wp-content\/uploads\/2020\/09\/shure-55sh-ii-e1601485394796.jpg\" alt=\"\" srcset=\"http:\/\/kommentatorenblog.de\/wp-content\/uploads\/2020\/09\/shure-55sh-ii-e1601485394796.jpg 415w, http:\/\/kommentatorenblog.de\/wp-content\/uploads\/2020\/09\/shure-55sh-ii-e1601485394796-142x300.jpg 142w\" sizes=\"auto, (max-width: 10px) 100vw, 10px\" \/> Arne Malsch<\/p>\n\n\n\n<p><span style=\"text-decoration: underline;\">Donnerstag, 13. Mai 2021<\/span><\/p>\n\n\n\n<p>Eredivisie, 33. Spieltag: <strong><em>PSV Eindhoven \u2013 PEC Zwolle (14.30 Uhr)<\/em><\/strong><\/p>\n\n\n\n<p><img loading=\"lazy\" decoding=\"async\" width=\"10\" height=\"21\" class=\"wp-image-3656\" style=\"width: 10px;\" src=\"http:\/\/kommentatorenblog.de\/wp-content\/uploads\/2020\/09\/shure-55sh-ii-e1601485394796.jpg\" alt=\"\" srcset=\"http:\/\/kommentatorenblog.de\/wp-content\/uploads\/2020\/09\/shure-55sh-ii-e1601485394796.jpg 415w, http:\/\/kommentatorenblog.de\/wp-content\/uploads\/2020\/09\/shure-55sh-ii-e1601485394796-142x300.jpg 142w\" sizes=\"auto, (max-width: 10px) 100vw, 10px\" \/> Hannes Herrmann<\/p>\n\n\n\n<hr class=\"wp-block-separator\"\/>\n\n\n\n<p><strong>Die Analyse<\/strong><\/p>\n\n\n\n<p><strong>Geb\u00fchrender Abschied f\u00fcr Opdenh\u00f6vel<\/strong><\/p>\n\n\n\n<p>Wie bereits im Vorwort angerissen, \u00fcbertragen sowohl die ARD als auch Pay-TV-Sender Sky das DFB-Pokalfinale aus dem Olympiastadion in Berlin. Personell gibt es bei beiden Sendern sowohl \u00dcberschneidungen als auch Wechsel im Vergleich zum Vorjahr. Letzteres betrifft zum Beispiel den Kommentatoren-Posten der ARD. Was f\u00fcr manche \u00fcberraschend kommt, ist im Grunde die logische Folge der Halbfinal-Spiele: Florian Na\u00df bekommt das Finale, nachdem in den Halbfinals Gerd Gottlob und Tom Bartels zu h\u00f6ren waren. Der dritte im Bunde, auf den die ARD auch bei der EM setzen wird, fehlte bis dato und hat dann jetzt auch seine verdiente Ansetzung im DFB-Pokal. Matthias Opdenh\u00f6vel, der ja bei der Europameisterschaft nicht mehr mit an Bord sein wird, steht vor seinem letzten &#8222;gro\u00dfen Moderator-Auftritt\u201c im Dienste der ARD, ehe er zu ProSieben\/Sat.1 wechselt. An seiner Seite ist wie schon beim vergangenen Pokalfinale Bastian Schweinsteiger als Experte, dem ein neutraler Blick aufs Geschehen in diesem Jahr leichter fallen d\u00fcrfte. Biathlon-Fachmann Christian Dexne von rbb gibt den Field-Reporter.<\/p>\n\n\n\n<p><strong>Dittmann ist die logische Ansetzung<\/strong><\/p>\n\n\n\n<p>F\u00fcr Sky kommentiert wenig \u00fcberraschend Kai Dittmann, der \u00e4hnlich wie Na\u00df im Halbfinale nicht zum Zuge kam. Wie in den Kommentaren zu lesen war, h\u00e4tten sich viele &#8211; mich eingenommen &#8211; an dieser Stelle Tom Bayer als Reporter gew\u00fcnscht. Doch so viel Romantik gibt die Fu\u00dfball-Berichterstattung dann doch nicht her. Martin Gro\u00df, welcher der Dortmund-Gala gegen Kiel noch h\u00f6chstselbst seine Stimme verlieh, f\u00fchrt im Nachgang des Finals die Interviews f\u00fcr Sky. Gibt sicherlich schlechtere Tage f\u00fcr einen Einsatz als Field-Reporter. Etwas \u00fcberraschend kommt der Einsatz trotzdem. Im Moderationsteam ist nat\u00fcrlich Lothar Matth\u00e4us der Experte, jedoch nicht neben Michael Leopold, sondern an der Seite von Jessica Libbertz. Auch sie bekommt also einen geb\u00fchrenden Abschied. <\/p>\n\n\n\n<p><strong>Nachholspiele, was sonst?<\/strong><\/p>\n\n\n\n<p>Nach wie vor stehen einige Nachholspiele auf dem Programm. In der 1. und 2. Bundesliga d\u00fcrfen sich zwei Teams beweisen, die trotz Quarant\u00e4ne und fehlender Spielpraxis zuletzt zur H\u00f6chstform aufliefen. Am Mittwoch kann Hertha auf Schalke dem Klassenerhalt ein gro\u00dfes St\u00fcck n\u00e4her r\u00fccken. Die scheidende Kommentatoren-Legende <a href=\"http:\/\/kommentatorenblog.de\/?p=8707\">Tom Bayer, mit dem Leon hier im Blog ein Interview ver\u00f6ffentlicht hat<\/a>, gr\u00fc\u00dft aus der Veltins-Arena. Marcus Lindemann f\u00fchrt die Interviews. Donnerstag &#8211; zu ungewohnt fr\u00fcher Stund &#8211; kann Kiel auf den zweiten Tabellenplatz vorr\u00fccken. Roland Evers berichtet vom Heimspiel der St\u00f6rche gegen Jahn Regensburg.<\/p>\n\n\n\n<p><strong>Gleich drei Kracher in der Premier League<\/strong><\/p>\n\n\n\n<p>In der Premier League stehen gleich drei Kracher an. Dass liegt auch an Manchester United. Da die Red Devils ins Europa-League-Finale eingezogen sind, ist das Programm des Tabellenzweiten nun so eng, dass Hertha und Kiel nur ihren Hut ziehen k\u00f6nnen. Das Team von Ole Gunnar Solskj\u00e6r muss sowohl am Dienstag als auch am Donnerstag ran. Erst geht es gegen den Tabellennachbarn aus Leicester, Joachim Hebel ist mit von der Partie. Zwei Tage sp\u00e4ter folgt das n\u00e4chste Heimspiel gegen Liverpool, um das sich Toni Tomic k\u00fcmmert.&nbsp;Das Match of the week f\u00e4llt auf das London-Derby zwischen Chelsea und Arsenal. Neben Florian Schmidt-Sommerfeld meldet sich Mladen Petric und auch Raphael Honigstein wieder im Einsatz. Zudem messen sich am Dienstag Southampton und Crystal Palace vor den Augen von Hannes Herrmann sowie am Donnerstag Aston Villa und Everton, Michael Born kommentiert.<\/p>\n\n\n\n<p><strong>Nach wie vor Spannung in LaLiga<\/strong><\/p>\n\n\n\n<p>Zwei volle Spieltage lauern in Spanien und Italien. Zuletzt gab es in LaLiga ja schon den ganz hei\u00dfen Spieltag, wo die vier Bestplatzierten die Duelle unter sich f\u00fchrten. Doch zwei Unentschieden sp\u00e4ter sind wir so schlau wie zuvor. F\u00e4llt nun eine Vorentscheidung? Das Gastspiel von Barcelona bei Levante haben Lukas Sch\u00f6nm\u00fcller und Sebastian Knei\u00dfl im Blick. DAZNs Chefkommentator Jan Platte meldet sich zusammen mit Benny Lauth bei Atl\u00e9tico gegen Real Sociedad zu Wort. Am Donnerstag liefern Granada und Real Madrid den Spieltagsausklang, erneut ist Sch\u00f6nm\u00fcller im Dienst. Und der Vollst\u00e4ndigkeit halber: Das Duell zwischen Sevilla und Valencia am Mittwoch ist eine Sache f\u00fcr Guido H\u00fcsgen. In der Serie A kommt DAZN derweil ohne Experten aus. Zwar ist die Meisterschaftsfrage gekl\u00e4rt, doch hinter Inter geht es richtig eng zur Sache. Carsten Fu\u00df h\u00e4lt uns zur Alten Dame auf dem Laufenden, Mario Rieker \u00fcbernimmt das Gastspiel vom AC Mailand beim FC Turin. Und Uli Hebel verfolgt das Kr\u00e4ftemessen zwischen Inter und der Roma.&nbsp;<\/p>\n\n\n\n<p><strong>Viertligist mischt im Coupe de France mit<\/strong><\/p>\n\n\n\n<p>Die Ligue 1 ist nach wie vor eine Woche weiter und kommt ohne englische Woche aus. Stattdessen kommt es zum Halbfinale im Coupe de France. Das Spiel mit Paris-Beteiligung hat auch DAZN im Programm. PSGs Aufgalopp bei Montpellier kommentiert Stefan Galler. F\u00fcr Sport1+ ist Oliver Forster an Bord. Am Donnerstag steigt der Internet-Streamingdienst aus. Vom Viertligisten GFA Rumilly Valli\u00e8res verspricht man sich offenbar nicht die gr\u00f6\u00dften Einschaltquoten. Peter Kohl hingegen verleiht dem Spiel f\u00fcr Sport1+ seine Stimme. Funfact: In der Championnat National 2 &#8211; Gruppe C (Eine von Frankreichs 4. Ligen) liegt Valli\u00e9res zwei P\u00fcnktchen vor Monacos Zweitauswahl. Nun geht es also ausnahmsweise gegen die Profis. Wie immer hat auch Sportdigital.FUSSBALL ein breites Angebot.<\/p>\n\n\n\n<p>In diesem Sinne, euch eine sch\u00f6ne Woche!<\/p>\n","protected":false},"excerpt":{"rendered":"<p>N\u2019Abend allerseits, wer glaubt, dass mit der entschiedenen Meisterschaft alle Fragen im nationalen Titelrennen gekl\u00e4rt sind, der t\u00e4uscht sich. Im Finale des seit 1935 ausgetragenen DFB-Pokals stehen sich RB Leipzig und Borussia Dortmund gegen\u00fcber. Den Vorgeschmack haben die beiden Teams ja am vergangenen Wochenende h\u00f6chstselbst gegeben. Doch es war letztlich nur die Generalprobe f\u00fcr eines [&hellip;]<\/p>\n","protected":false},"author":2,"featured_media":0,"comment_status":"open","ping_status":"open","sticky":false,"template":"","format":"standard","meta":{"footnotes":""},"categories":[504],"tags":[20,19,355,166,60,131,535,259,13,65,99,89,155,104,48,188,347,93,122,31,205,243,95,101,114,183,506,23,340,45,222,127,22,434,134,154,85,24,105],"class_list":["post-8855","post","type-post","status-publish","format-standard","hentry","category-dfb-pokal-co","tag-2-bundesliga","tag-ard","tag-bastian-schweinsteiger","tag-benny-lauth","tag-bundesliga","tag-carsten-fuss","tag-christian-dexne","tag-coupe-de-france","tag-dazn","tag-dfb-pokal","tag-florian-nass","tag-florian-schmidt-sommerfeld","tag-guido-huesgen","tag-hannes-herrmann","tag-jan-platte","tag-jessica-libbertz","tag-joachim-hebel","tag-kai-dittmann","tag-laliga","tag-lothar-matthaeus","tag-lukas-schoenmueller","tag-mario-rieker","tag-martin-gross","tag-matthias-opdenhoevel","tag-michael-born","tag-oliver-forster","tag-peter-kohl","tag-premier-league","tag-raphael-honigstein","tag-roland-evers","tag-sebastian-kneissl","tag-serie-a","tag-sky","tag-sport1-2","tag-sportdigital-fussball","tag-stefan-galler","tag-tom-bayer","tag-toni-tomic","tag-uli-hebel"],"_links":{"self":[{"href":"http:\/\/kommentatorenblog.de\/index.php?rest_route=\/wp\/v2\/posts\/8855","targetHints":{"allow":["GET"]}}],"collection":[{"href":"http:\/\/kommentatorenblog.de\/index.php?rest_route=\/wp\/v2\/posts"}],"about":[{"href":"http:\/\/kommentatorenblog.de\/index.php?rest_route=\/wp\/v2\/types\/post"}],"author":[{"embeddable":true,"href":"http:\/\/kommentatorenblog.de\/index.php?rest_route=\/wp\/v2\/users\/2"}],"replies":[{"embeddable":true,"href":"http:\/\/kommentatorenblog.de\/index.php?rest_route=%2Fwp%2Fv2%2Fcomments&post=8855"}],"version-history":[{"count":30,"href":"http:\/\/kommentatorenblog.de\/index.php?rest_route=\/wp\/v2\/posts\/8855\/revisions"}],"predecessor-version":[{"id":9106,"href":"http:\/\/kommentatorenblog.de\/index.php?rest_route=\/wp\/v2\/posts\/8855\/revisions\/9106"}],"wp:attachment":[{"href":"http:\/\/kommentatorenblog.de\/index.php?rest_route=%2Fwp%2Fv2%2Fmedia&parent=8855"}],"wp:term":[{"taxonomy":"category","embeddable":true,"href":"http:\/\/kommentatorenblog.de\/index.php?rest_route=%2Fwp%2Fv2%2Fcategories&post=8855"},{"taxonomy":"post_tag","embeddable":true,"href":"http:\/\/kommentatorenblog.de\/index.php?rest_route=%2Fwp%2Fv2%2Ftags&post=8855"}],"curies":[{"name":"wp","href":"https:\/\/api.w.org\/{rel}","templated":true}]}}