{"id":9858,"date":"2021-07-22T19:17:39","date_gmt":"2021-07-22T17:17:39","guid":{"rendered":"http:\/\/kommentatorenblog.de\/?p=9858"},"modified":"2021-07-28T09:56:41","modified_gmt":"2021-07-28T07:56:41","slug":"1185-der-vereinsfussball-kehrt-zurueck","status":"publish","type":"post","link":"http:\/\/kommentatorenblog.de\/?p=9858","title":{"rendered":"1185 &#8211; Der Vereinsfussball kehrt zur\u00fcck"},"content":{"rendered":"\n<p class=\"has-text-align-center\"><strong>&#8212;Update&#8212;<\/strong><\/p>\n\n\n\n<p><strong>Olympische Spiele, Fu\u00dfball, M\u00e4nner, Vorrunde<\/strong><\/p>\n\n\n\n<p><span style=\"text-decoration: underline;\">Mittwoch, 28. Juli 2021, ab 9 Uhr (Eurosport)<\/span><\/p>\n\n\n\n<p><strong><em>Olympia-Konferenz &#8222;Medal Zone&#8220;<\/em><\/strong><\/p>\n\n\n\n<p><span style=\"text-decoration: underline;\">Mittwoch, 28. Juli 2021, ab 13.25 (ARD\/ZDF\/Eurosport)<\/span><\/p>\n\n\n\n<p><strong><em>Deutschland \u2013 Elfenbeink\u00fcste (10.00 Uhr)<\/em><\/strong><\/p>\n\n\n\n<p>ARD: <img loading=\"lazy\" decoding=\"async\" width=\"10\" height=\"21\" class=\"wp-image-3656\" style=\"width: 10px;\" src=\"http:\/\/kommentatorenblog.de\/wp-content\/uploads\/2020\/09\/shure-55sh-ii-e1601485394796.jpg\" alt=\"\" srcset=\"http:\/\/kommentatorenblog.de\/wp-content\/uploads\/2020\/09\/shure-55sh-ii-e1601485394796.jpg 415w, http:\/\/kommentatorenblog.de\/wp-content\/uploads\/2020\/09\/shure-55sh-ii-e1601485394796-142x300.jpg 142w\" sizes=\"auto, (max-width: 10px) 100vw, 10px\" \/> Bernd Schmelzer<\/p>\n\n\n\n<p>Eurosport: <img loading=\"lazy\" decoding=\"async\" width=\"10\" height=\"21\" class=\"wp-image-3656\" style=\"width: 10px;\" src=\"http:\/\/kommentatorenblog.de\/wp-content\/uploads\/2020\/09\/shure-55sh-ii-e1601485394796.jpg\" alt=\"\" srcset=\"http:\/\/kommentatorenblog.de\/wp-content\/uploads\/2020\/09\/shure-55sh-ii-e1601485394796.jpg 415w, http:\/\/kommentatorenblog.de\/wp-content\/uploads\/2020\/09\/shure-55sh-ii-e1601485394796-142x300.jpg 142w\" sizes=\"auto, (max-width: 10px) 100vw, 10px\" \/> Uwe Morawe, Experte: Mirko Slomka<\/p>\n\n\n\n<p><span style=\"text-decoration: underline;\">Mittwoch, 28. Juli 2021, ab 12.55 (ARD\/Eurosport)<\/span><\/p>\n\n\n\n<p><strong><em>Spanien <strong><em>\u2013<\/em><\/strong> Argentinien (13.00 Uhr)<\/em><\/strong><\/p>\n\n\n\n<p>ARD: <img loading=\"lazy\" decoding=\"async\" width=\"10\" height=\"21\" class=\"wp-image-3656\" style=\"width: 10px;\" src=\"http:\/\/kommentatorenblog.de\/wp-content\/uploads\/2020\/09\/shure-55sh-ii-e1601485394796.jpg\" alt=\"\" srcset=\"http:\/\/kommentatorenblog.de\/wp-content\/uploads\/2020\/09\/shure-55sh-ii-e1601485394796.jpg 415w, http:\/\/kommentatorenblog.de\/wp-content\/uploads\/2020\/09\/shure-55sh-ii-e1601485394796-142x300.jpg 142w\" sizes=\"auto, (max-width: 10px) 100vw, 10px\" \/> Bernd Schmelzer<\/p>\n\n\n\n<p>Eurosport: <img loading=\"lazy\" decoding=\"async\" width=\"10\" height=\"21\" class=\"wp-image-3656\" style=\"width: 10px;\" src=\"http:\/\/kommentatorenblog.de\/wp-content\/uploads\/2020\/09\/shure-55sh-ii-e1601485394796.jpg\" alt=\"\" srcset=\"http:\/\/kommentatorenblog.de\/wp-content\/uploads\/2020\/09\/shure-55sh-ii-e1601485394796.jpg 415w, http:\/\/kommentatorenblog.de\/wp-content\/uploads\/2020\/09\/shure-55sh-ii-e1601485394796-142x300.jpg 142w\" sizes=\"auto, (max-width: 10px) 100vw, 10px\" \/> Oliver Fassnacht<\/p>\n\n\n\n<p><span style=\"text-decoration: underline;\">Mittwoch, 28. Juli 2021 (Eurosport)<\/span><\/p>\n\n\n\n<p><strong><em>Saudi Arabia <strong><em>\u2013<\/em><\/strong> Brazil (10.00 Uhr)<\/em><\/strong><\/p>\n\n\n\n<p><img loading=\"lazy\" decoding=\"async\" width=\"10\" height=\"21\" class=\"wp-image-3656\" style=\"width: 10px;\" src=\"http:\/\/kommentatorenblog.de\/wp-content\/uploads\/2020\/09\/shure-55sh-ii-e1601485394796.jpg\" alt=\"\" srcset=\"http:\/\/kommentatorenblog.de\/wp-content\/uploads\/2020\/09\/shure-55sh-ii-e1601485394796.jpg 415w, http:\/\/kommentatorenblog.de\/wp-content\/uploads\/2020\/09\/shure-55sh-ii-e1601485394796-142x300.jpg 142w\" sizes=\"auto, (max-width: 10px) 100vw, 10px\" \/> Tobi Fischbeck<\/p>\n\n\n\n<p><strong><em>Korea <strong><em>\u2013<\/em><\/strong> Honduras (10.30 Uhr)<\/em><\/strong><\/p>\n\n\n\n<p><img loading=\"lazy\" decoding=\"async\" width=\"10\" height=\"21\" class=\"wp-image-3656\" style=\"width: 10px;\" src=\"http:\/\/kommentatorenblog.de\/wp-content\/uploads\/2020\/09\/shure-55sh-ii-e1601485394796.jpg\" alt=\"\" srcset=\"http:\/\/kommentatorenblog.de\/wp-content\/uploads\/2020\/09\/shure-55sh-ii-e1601485394796.jpg 415w, http:\/\/kommentatorenblog.de\/wp-content\/uploads\/2020\/09\/shure-55sh-ii-e1601485394796-142x300.jpg 142w\" sizes=\"auto, (max-width: 10px) 100vw, 10px\" \/> Lenny Leonhardt<\/p>\n\n\n\n<p><strong><em>Frankreich <strong><em>\u2013<\/em><\/strong> Japan (13.30 Uhr)<\/em><\/strong><\/p>\n\n\n\n<p><img loading=\"lazy\" decoding=\"async\" width=\"10\" height=\"21\" class=\"wp-image-3656\" style=\"width: 10px;\" src=\"http:\/\/kommentatorenblog.de\/wp-content\/uploads\/2020\/09\/shure-55sh-ii-e1601485394796.jpg\" alt=\"\" srcset=\"http:\/\/kommentatorenblog.de\/wp-content\/uploads\/2020\/09\/shure-55sh-ii-e1601485394796.jpg 415w, http:\/\/kommentatorenblog.de\/wp-content\/uploads\/2020\/09\/shure-55sh-ii-e1601485394796-142x300.jpg 142w\" sizes=\"auto, (max-width: 10px) 100vw, 10px\" \/> Christoph Fetzer<\/p>\n\n\n\n<hr class=\"wp-block-separator\"\/>\n\n\n\n<p>N\u2019Abend allerseits,<\/p>\n\n\n\n<p>Endlich ist es wieder so weit! Der Vereinsfussball kehrt an diesem Wochenende zumindest aus deutscher Sicht zur\u00fcck. Gemeint sind hiermit die 2.Bundesliga und die 3.Liga, die jeweils am Freitag starten. Somit startet auch die neue Rechteperiode der Bundesliga und 2.Bundesliga. Rufen wir uns also die zuk\u00fcnftigen Ansto\u00dfzeiten in Liga zwei in Erinnerung und werfen einen Blick darauf bei welchem Anbieter ihr was seht.<\/p>\n\n\n\n<p><strong>Ansto\u00dfzeiten (in der Regel):<\/strong><\/p>\n\n\n\n<ul class=\"wp-block-list\"><li>Freitag 18:30Uhr: 2 Spiele<\/li><li>Samstag 13:30Uhr: 3 Spiele<\/li><li>Samstag 20:30Uhr: 1 Spiel<\/li><li>Sonntag 13:30Uhr: 3 Spiele<\/li><\/ul>\n\n\n\n<p><strong>Wo sieht man die Livespiele<\/strong><\/p>\n\n\n\n<p>Alle 306 Spiele der Saison seht ihr weiterhin auf Sky, allerdings nicht mehr alles exklusiv. Das Topspiel am Samstagabend (Ersatz f\u00fcr den Montag) l\u00e4uft im Free-TV bei SPORT1. SPORT1 \u00fcbertr\u00e4gt somit 33 Spiele pro Saison (Am 34.Spieltag finden wie gewohnt alle Spiele parallel statt). Des Weiteren kehrt das Auftaktspiel der 2.Bundesliga auch zur\u00fcck ins FreeTV, SAT.1 &#8211; im Sportsegment besser als RAN bekannt &#8211; \u00fcbernimmt. <\/p>\n\n\n\n<p><strong>Highlights\/Zusammenfassungen der Spiele<\/strong><\/p>\n\n\n\n<p>Bereits kurz nach Abpfiff zeigt Axel Springer Highlight Clips aller 2.Liga Spiele &#8211; wohlgemerkt hinter der Bezahlschranke. Frei empfangbare Highlight-Clips wird es Montags ab 0Uhr von der ARD, dem ZDF und SPORT1 geben. Im TV wird es wenig \u00fcberraschend auch weiterhin samstags in der Sportschau (ARD) und dem Sportstudio (ZDF) Highlights der Spiele geben. Ebenso wird auch SPORT1 am Sonntag in der Sendung &#8222;Hattrick Pur&#8220; ab 7Uhr bzw. ab 9Uhr Highlights der Spiele vom Freitag und Samstag zeigen. Die Highlightsendungen am Freitag- und Sonntagabend wechseln von Sky Sport News zur ARD. Am Freitagabend werden die Highlights auf dem Spartensender One gezeigt. Ab 22.30Uhr melden sich Tobi Sch\u00e4fer oder Lea Wagner. Die Highlights der Sonntagsspiele werden im Rahmen der Sportschau gezeigt. F\u00fcr Sky Kunden gibt es die Highlights aber nat\u00fcrlich auch im Rahmen von Alle Spiele alle Tore oder auch auf Abruf.<\/p>\n\n\n\n<p><strong>Personal und Pl\u00e4ne der Sender<\/strong><\/p>\n\n\n\n<p><strong>Prominenz bei SAT.1<\/strong><\/p>\n\n\n\n<p>Werfen wir einen Blick auf das Personal der Sender, die Live-Spiele zeigen. Das Team von SAT.1 ist hochgradig besetzt. Die Aush\u00e4ngeschilder sind hierbei Matthias Opdenh\u00f6vel und Wolff Fuss, Ersterer ist nach seinem ARD-Abgang exklusiv f\u00fcr SAT.1 t\u00e4tig, w\u00e4hrend Wolff Fuss nat\u00fcrlich auch weiterhin bei Sky zu sehen sein wird. Nichtsdestotrotz wird es beispielsweise beim morgigen Zweitligaauftakt ungewohnt sein, dass Wolff Fuss &#8222;gegen seinen Stammsender&#8220; sendet. <\/p>\n\n\n\n<p><strong>Gewohntes Team bei SPORT1<\/strong><\/p>\n\n\n\n<p>SPORT1 wird bei seinen 33 Livespielen auf ein festes Duo setzen. Ruth Hofmann moderiert und meldet sich eine Stunde Anpfiff (also 19.30Uhr) mit der Vorberichterstattung. Kommentator wird das SPORT1 Urgestein Markus H\u00f6hner sein. Bei den Experten wird SPORT1 auf eine Zitat <a href=\"https:\/\/www.sport1.de\/news\/fussball\/2-bundesliga\/2021\/07\/2-bundesliga-ruth-hofmann-und-markus-hoehner-praesentieren-topspiel-im-free-tv-auf-sport1\">&#8222;Riege hochkar\u00e4tiger Experten zur\u00fcckgreifen, darunter sind unter anderem Peter Neururer und Olaf Thon.&#8220;<\/a> <\/p>\n\n\n\n<p><strong>Die R\u00fcckkehr ins Stadion<\/strong><\/p>\n\n\n\n<p>Bei Sky bleibt das bew\u00e4hrte Duo des Topspiels &#8211; trotz anderen Sendetages &#8211; mit Stefan Hempel und Torsten &#8222;Tusche&#8220; Mattuschka dasselbe wie in der Vorsaison, erfreulicherweise wird sich das Duo allerdings nicht mehr aus der Box, sondern aus dem Stadion melden. Vom Prinzip her l\u00e4uft es, wie wir es vom letzten 2.Liga Topspiel der abgelaufenen Saison (Hamburg &#8211; N\u00fcrnberg) kennen, also kein Field-Reporter, sondern Hempel und Tusche erst am Spielfeldrand und dann auf dem Kommentatorenplatz. <\/p>\n\n\n\n<p><strong>Die neue Sky Konferenz<\/strong><\/p>\n\n\n\n<p>Bei den drei Ansto\u00dfzeiten mit parallel laufenden Partien am Freitagabend, Samstagmittag und Sonntagmittag startet Sky jeweils eine halbe Stunde vor Anpfiff aus Unterf\u00f6hring. Freitags moderiert weiterhin Harmut von Kameke, samstags \u00fcbernehmen wechselnd Katharina Kleinfeldt und Peter Hardenacke und am Sonntag ebenfalls wechselnd Yannick Erkenbrecher und Nele Schenker. Nicht mehr zum Aufgabenfeld der Moderatoren geh\u00f6rt das Kommentieren der Konferenz, da sich das Konferenzmodell ver\u00e4ndert.<\/p>\n\n\n\n<p>Eine R\u00fcckkehr zur Original Konferenz &#8211; also mit extra Konferenz Kommentatoren &#8211; gibt es leider nicht. Stattdessen wird ein Extra Konferenzkommentator (in der Regel gemeinsam mit dem Studiogast) durch die Konferenz f\u00fchren. Hierbei gibt es ein Hauptspiel, das er als Konferenzkommentator kommentiert. Bei dem\/den weiteren Spiel\/en gibt er dann wohl an den Einzelspielkommentator ab. Nat\u00fcrlich kommt dieses System weiterhin nicht an eine richtige Konferenz heran, nichtsdestotrotz vermute ich eine Verbesserung im Vergleich zu den beiden letzten Saison. Die jeweiligen Einzelspiele werden leider auch weiterhin alle aus der Box \u00fcbertragen.<\/p>\n\n\n\n<p><strong>Gl\u00fcckwunsch<\/strong><\/p>\n\n\n\n<p>Nun denn, bevor wir nun zu den Ansetzungen des Wochenendes kommen, will ich an dieser Stelle nachtr\u00e4glich gratulieren. Ist zwar bereits \u00fcber zwei Wochen her, aber herzlichen Gl\u00fcckwunsch an Florian Schmidt-Sommerfeld zum Preis als bester Sportkommentator und auch an Katrin M\u00fcller-Hohenstein bzw. Jochen Breyer zum Preis als beste Sportmoderatorin bzw. als bester Sportmoderator. <\/p>\n\n\n\n<p>Jetzt aber wirklich die Ansetzungen des Wochenendes!<\/p>\n\n\n\n<hr class=\"wp-block-separator\"\/>\n\n\n\n<p><strong><em>Die Ansetzungen vom 23. Juli bis zum 26. Juli 2021<\/em><\/strong><\/p>\n\n\n\n<p><strong>2<\/strong>. <strong>Bundesliga, 01. Spieltag<\/strong><\/p>\n\n\n\n<p><span style=\"text-decoration: underline;\">Freitag, 23. Juli 2021, ab 19.00 Uhr (SAT.1) bzw. ab 20.00 Uhr (Sky)<\/span> <\/p>\n\n\n\n<p><strong><em>FC Schalke 04 \u2013 Hamburger SV (20.30 Uhr) <\/em><\/strong><\/p>\n\n\n\n<p>SAT.1: <img loading=\"lazy\" decoding=\"async\" width=\"10\" height=\"21\" class=\"wp-image-3656\" style=\"width: 10px;\" src=\"http:\/\/kommentatorenblog.de\/wp-content\/uploads\/2020\/09\/shure-55sh-ii-e1601485394796.jpg\" alt=\"\" srcset=\"http:\/\/kommentatorenblog.de\/wp-content\/uploads\/2020\/09\/shure-55sh-ii-e1601485394796.jpg 415w, http:\/\/kommentatorenblog.de\/wp-content\/uploads\/2020\/09\/shure-55sh-ii-e1601485394796-142x300.jpg 142w\" sizes=\"auto, (max-width: 10px) 100vw, 10px\" \/> Wolff Fuss, Field-Reporter: Matthias Killing<\/p>\n\n\n\n<p>Sky: <img loading=\"lazy\" decoding=\"async\" width=\"10\" height=\"21\" class=\"wp-image-3656\" style=\"width: 10px;\" src=\"http:\/\/kommentatorenblog.de\/wp-content\/uploads\/2020\/09\/shure-55sh-ii-e1601485394796.jpg\" alt=\"\" srcset=\"http:\/\/kommentatorenblog.de\/wp-content\/uploads\/2020\/09\/shure-55sh-ii-e1601485394796.jpg 415w, http:\/\/kommentatorenblog.de\/wp-content\/uploads\/2020\/09\/shure-55sh-ii-e1601485394796-142x300.jpg 142w\" sizes=\"auto, (max-width: 10px) 100vw, 10px\" \/> Hansi K\u00fcpper, Co-Kommentator: Heiko Westermann<\/p>\n\n\n\n<p>Moderation (SAT.1): Matthias Opdenh\u00f6vel, Experte: Hannes Wolf<\/p>\n\n\n\n<p>Moderation (Sky): Hartmut von Kameke, Experte: Torsten Mattuschka<\/p>\n\n\n\n<p><span style=\"text-decoration: underline;\">Samstag, 24. Juli 2021, ab 13.00 Uhr (Sky)<\/span><\/p>\n\n\n\n<p><strong><em>Konferenz (13.30Uhr)<\/em><\/strong><\/p>\n\n\n\n<p><img loading=\"lazy\" decoding=\"async\" width=\"10\" height=\"21\" class=\"wp-image-3656\" style=\"width: 10px;\" src=\"http:\/\/kommentatorenblog.de\/wp-content\/uploads\/2020\/09\/shure-55sh-ii-e1601485394796.jpg\" alt=\"\" srcset=\"http:\/\/kommentatorenblog.de\/wp-content\/uploads\/2020\/09\/shure-55sh-ii-e1601485394796.jpg 415w, http:\/\/kommentatorenblog.de\/wp-content\/uploads\/2020\/09\/shure-55sh-ii-e1601485394796-142x300.jpg 142w\" sizes=\"auto, (max-width: 10px) 100vw, 10px\" \/> Klaus Veltman<\/p>\n\n\n\n<p><strong><em>Hansa Rostock \u2013&nbsp;Karlsruher SC (13.30 Uhr)<\/em><\/strong><\/p>\n\n\n\n<p><img loading=\"lazy\" decoding=\"async\" width=\"10\" height=\"21\" class=\"wp-image-3656\" style=\"width: 10px;\" src=\"http:\/\/kommentatorenblog.de\/wp-content\/uploads\/2020\/09\/shure-55sh-ii-e1601485394796.jpg\" alt=\"\" srcset=\"http:\/\/kommentatorenblog.de\/wp-content\/uploads\/2020\/09\/shure-55sh-ii-e1601485394796.jpg 415w, http:\/\/kommentatorenblog.de\/wp-content\/uploads\/2020\/09\/shure-55sh-ii-e1601485394796-142x300.jpg 142w\" sizes=\"auto, (max-width: 10px) 100vw, 10px\" \/> J\u00fcrgen Schmitz, Field-Reporter: Ulli Potofski<\/p>\n\n\n\n<p><strong><em>Dynamo Dresden \u2013&nbsp;FC Ingolstadt 04<\/em><\/strong> <strong><em>(13.30 Uhr)<\/em><\/strong><\/p>\n\n\n\n<p><img loading=\"lazy\" decoding=\"async\" width=\"10\" height=\"21\" class=\"wp-image-3656\" style=\"width: 10px;\" src=\"http:\/\/kommentatorenblog.de\/wp-content\/uploads\/2020\/09\/shure-55sh-ii-e1601485394796.jpg\" alt=\"\" srcset=\"http:\/\/kommentatorenblog.de\/wp-content\/uploads\/2020\/09\/shure-55sh-ii-e1601485394796.jpg 415w, http:\/\/kommentatorenblog.de\/wp-content\/uploads\/2020\/09\/shure-55sh-ii-e1601485394796-142x300.jpg 142w\" sizes=\"auto, (max-width: 10px) 100vw, 10px\" \/> Torsten Kunde, Interviews: Schalte<\/p>\n\n\n\n<p><strong><em>1. FC Heidenheim \u2013&nbsp;SC Paderborn 07<\/em><\/strong> <strong><em>(13.30 Uhr)<\/em><\/strong><\/p>\n\n\n\n<p><img loading=\"lazy\" decoding=\"async\" width=\"10\" height=\"21\" class=\"wp-image-3656\" style=\"width: 10px;\" src=\"http:\/\/kommentatorenblog.de\/wp-content\/uploads\/2020\/09\/shure-55sh-ii-e1601485394796.jpg\" alt=\"\" srcset=\"http:\/\/kommentatorenblog.de\/wp-content\/uploads\/2020\/09\/shure-55sh-ii-e1601485394796.jpg 415w, http:\/\/kommentatorenblog.de\/wp-content\/uploads\/2020\/09\/shure-55sh-ii-e1601485394796-142x300.jpg 142w\" sizes=\"auto, (max-width: 10px) 100vw, 10px\" \/> Marcel Meinert<\/p>\n\n\n\n<p><strong><em>SV Darmstadt 98 \u2013 SSV Jahn Regensburg (13.30 Uhr)<\/em><\/strong><\/p>\n\n\n\n<p><img loading=\"lazy\" decoding=\"async\" width=\"10\" height=\"21\" class=\"wp-image-3656\" style=\"width: 10px;\" src=\"http:\/\/kommentatorenblog.de\/wp-content\/uploads\/2020\/09\/shure-55sh-ii-e1601485394796.jpg\" alt=\"\" srcset=\"http:\/\/kommentatorenblog.de\/wp-content\/uploads\/2020\/09\/shure-55sh-ii-e1601485394796.jpg 415w, http:\/\/kommentatorenblog.de\/wp-content\/uploads\/2020\/09\/shure-55sh-ii-e1601485394796-142x300.jpg 142w\" sizes=\"auto, (max-width: 10px) 100vw, 10px\" \/> Sven Schr\u00f6ter<\/p>\n\n\n\n<p>Moderation: Nele Schenker<\/p>\n\n\n\n<p><span style=\"text-decoration: underline;\">ab 19.30Uhr (SPORT1)\/ bzw. ab 20.00Uhr (Sky)<\/span><\/p>\n\n\n\n<p><strong><em>SV Werder Bremen \u2013&nbsp;Hannover 96<\/em><\/strong> <strong><em>(20.30 Uhr)<\/em><\/strong><\/p>\n\n\n\n<p>SPORT1: <img loading=\"lazy\" decoding=\"async\" width=\"10\" height=\"21\" class=\"wp-image-3656\" style=\"width: 10px;\" src=\"http:\/\/kommentatorenblog.de\/wp-content\/uploads\/2020\/09\/shure-55sh-ii-e1601485394796.jpg\" alt=\"\" srcset=\"http:\/\/kommentatorenblog.de\/wp-content\/uploads\/2020\/09\/shure-55sh-ii-e1601485394796.jpg 415w, http:\/\/kommentatorenblog.de\/wp-content\/uploads\/2020\/09\/shure-55sh-ii-e1601485394796-142x300.jpg 142w\" sizes=\"auto, (max-width: 10px) 100vw, 10px\" \/> Markus H\u00f6hner, Field-Reporter: Fabian Greve<\/p>\n\n\n\n<p>Sky: <img loading=\"lazy\" decoding=\"async\" width=\"10\" height=\"21\" class=\"wp-image-3656\" style=\"width: 10px;\" src=\"http:\/\/kommentatorenblog.de\/wp-content\/uploads\/2020\/09\/shure-55sh-ii-e1601485394796.jpg\" alt=\"\" srcset=\"http:\/\/kommentatorenblog.de\/wp-content\/uploads\/2020\/09\/shure-55sh-ii-e1601485394796.jpg 415w, http:\/\/kommentatorenblog.de\/wp-content\/uploads\/2020\/09\/shure-55sh-ii-e1601485394796-142x300.jpg 142w\" sizes=\"auto, (max-width: 10px) 100vw, 10px\" \/> Stefan Hempel, Experte: Torsten Mattuschka <\/p>\n\n\n\n<p>Moderation (SPORT1): Ruth Hofmann, Experte: Martin Harnik<\/p>\n\n\n\n<p><span style=\"text-decoration: underline;\">Sonntag, 25. Juli 2021, ab 13.00 Uhr (Sky)<\/span><\/p>\n\n\n\n<p><strong><em>Konferenz (13.30Uhr)<\/em><\/strong><\/p>\n\n\n\n<p><img loading=\"lazy\" decoding=\"async\" width=\"10\" height=\"21\" class=\"wp-image-3656\" style=\"width: 10px;\" src=\"http:\/\/kommentatorenblog.de\/wp-content\/uploads\/2020\/09\/shure-55sh-ii-e1601485394796.jpg\" alt=\"\" srcset=\"http:\/\/kommentatorenblog.de\/wp-content\/uploads\/2020\/09\/shure-55sh-ii-e1601485394796.jpg 415w, http:\/\/kommentatorenblog.de\/wp-content\/uploads\/2020\/09\/shure-55sh-ii-e1601485394796-142x300.jpg 142w\" sizes=\"auto, (max-width: 10px) 100vw, 10px\" \/> Klaus Veltman, Experte: Enis Alushi<\/p>\n\n\n\n<p><strong><em>FC St. Pauli \u2013&nbsp;Holstein Kiel (13.30 Uhr)<\/em><\/strong><\/p>\n\n\n\n<p><img loading=\"lazy\" decoding=\"async\" width=\"10\" height=\"21\" class=\"wp-image-3656\" style=\"width: 10px;\" src=\"http:\/\/kommentatorenblog.de\/wp-content\/uploads\/2020\/09\/shure-55sh-ii-e1601485394796.jpg\" alt=\"\" srcset=\"http:\/\/kommentatorenblog.de\/wp-content\/uploads\/2020\/09\/shure-55sh-ii-e1601485394796.jpg 415w, http:\/\/kommentatorenblog.de\/wp-content\/uploads\/2020\/09\/shure-55sh-ii-e1601485394796-142x300.jpg 142w\" sizes=\"auto, (max-width: 10px) 100vw, 10px\" \/> J\u00fcrgen Schmitz, Interviews: Schalte<\/p>\n\n\n\n<p><strong><em>1. FC&nbsp;N\u00fcrnberg \u2013&nbsp;Erzgebirge Aue<\/em><\/strong> <strong><em>(13.30 Uhr)<\/em><\/strong><\/p>\n\n\n\n<p><img loading=\"lazy\" decoding=\"async\" width=\"10\" height=\"21\" class=\"wp-image-3656\" style=\"width: 10px;\" src=\"http:\/\/kommentatorenblog.de\/wp-content\/uploads\/2020\/09\/shure-55sh-ii-e1601485394796.jpg\" alt=\"\" srcset=\"http:\/\/kommentatorenblog.de\/wp-content\/uploads\/2020\/09\/shure-55sh-ii-e1601485394796.jpg 415w, http:\/\/kommentatorenblog.de\/wp-content\/uploads\/2020\/09\/shure-55sh-ii-e1601485394796-142x300.jpg 142w\" sizes=\"auto, (max-width: 10px) 100vw, 10px\" \/> Torsten Kunde, Interviews: Schalte<\/p>\n\n\n\n<p><strong><em>SV Sandhausen \u2013&nbsp;Fortuna D\u00fcsseldorf (13.30 Uhr)<\/em><\/strong><\/p>\n\n\n\n<p><img loading=\"lazy\" decoding=\"async\" width=\"10\" height=\"21\" class=\"wp-image-3656\" style=\"width: 10px;\" src=\"http:\/\/kommentatorenblog.de\/wp-content\/uploads\/2020\/09\/shure-55sh-ii-e1601485394796.jpg\" alt=\"\" srcset=\"http:\/\/kommentatorenblog.de\/wp-content\/uploads\/2020\/09\/shure-55sh-ii-e1601485394796.jpg 415w, http:\/\/kommentatorenblog.de\/wp-content\/uploads\/2020\/09\/shure-55sh-ii-e1601485394796-142x300.jpg 142w\" sizes=\"auto, (max-width: 10px) 100vw, 10px\" \/> Markus Gaupp<\/p>\n\n\n\n<p>Moderation: Nele Schenker, Experte: Enis Alushi<\/p>\n\n\n\n<hr class=\"wp-block-separator\"\/>\n\n\n\n<p><strong>3. Liga, 1. Spieltag<\/strong><\/p>\n\n\n\n<p><span style=\"text-decoration: underline;\">Freitag, 23. Juli 2021, ab 18.30 Uhr (Magenta Sport)<\/span><\/p>\n\n\n\n<p><strong><em>VfL Osnabr\u00fcck \u2013 MSV Duisburg (19.00 Uhr)<\/em><\/strong><\/p>\n\n\n\n<p><img loading=\"lazy\" decoding=\"async\" width=\"10\" height=\"21\" class=\"wp-image-3656\" style=\"width: 10px;\" src=\"http:\/\/kommentatorenblog.de\/wp-content\/uploads\/2020\/09\/shure-55sh-ii-e1601485394796.jpg\" alt=\"\" srcset=\"http:\/\/kommentatorenblog.de\/wp-content\/uploads\/2020\/09\/shure-55sh-ii-e1601485394796.jpg 415w, http:\/\/kommentatorenblog.de\/wp-content\/uploads\/2020\/09\/shure-55sh-ii-e1601485394796-142x300.jpg 142w\" sizes=\"auto, (max-width: 10px) 100vw, 10px\" \/> Christian Stra\u00dfburger<\/p>\n\n\n\n<p>Moderation: Thomas Wagner, Experte: Rudi Bommer<\/p>\n\n\n\n<p><span style=\"text-decoration: underline;\">Samstag, 24. Juli 2021, ab 13.45 Uhr (Magenta Sport)<\/span><\/p>\n\n\n\n<p><strong><em>Konferenz (14.00 Uhr)<\/em><\/strong><\/p>\n\n\n\n<p><img loading=\"lazy\" decoding=\"async\" width=\"10\" height=\"21\" class=\"wp-image-3656\" style=\"width: 10px;\" src=\"http:\/\/kommentatorenblog.de\/wp-content\/uploads\/2020\/09\/shure-55sh-ii-e1601485394796.jpg\" alt=\"\" srcset=\"http:\/\/kommentatorenblog.de\/wp-content\/uploads\/2020\/09\/shure-55sh-ii-e1601485394796.jpg 415w, http:\/\/kommentatorenblog.de\/wp-content\/uploads\/2020\/09\/shure-55sh-ii-e1601485394796-142x300.jpg 142w\" sizes=\"auto, (max-width: 10px) 100vw, 10px\" \/> Alex Klich und Sascha Bandermann<\/p>\n\n\n\n<p><strong><em>SV Waldhof Mannheim \u2013 1.FC Magdeburg (14.00 Uhr)<\/em><\/strong><\/p>\n\n\n\n<p><img loading=\"lazy\" decoding=\"async\" width=\"10\" height=\"21\" class=\"wp-image-3656\" style=\"width: 10px;\" src=\"http:\/\/kommentatorenblog.de\/wp-content\/uploads\/2020\/09\/shure-55sh-ii-e1601485394796.jpg\" alt=\"\" srcset=\"http:\/\/kommentatorenblog.de\/wp-content\/uploads\/2020\/09\/shure-55sh-ii-e1601485394796.jpg 415w, http:\/\/kommentatorenblog.de\/wp-content\/uploads\/2020\/09\/shure-55sh-ii-e1601485394796-142x300.jpg 142w\" sizes=\"auto, (max-width: 10px) 100vw, 10px\" \/> Mario Bast<\/p>\n\n\n\n<p>Moderation: Tobi Sch\u00e4fer<\/p>\n\n\n\n<p><strong><em>TSV Havelse \u2013 1.FC Saarbr\u00fccken (14.00 Uhr)<\/em><\/strong><\/p>\n\n\n\n<p><img loading=\"lazy\" decoding=\"async\" width=\"10\" height=\"21\" class=\"wp-image-3656\" style=\"width: 10px;\" src=\"http:\/\/kommentatorenblog.de\/wp-content\/uploads\/2020\/09\/shure-55sh-ii-e1601485394796.jpg\" alt=\"\" srcset=\"http:\/\/kommentatorenblog.de\/wp-content\/uploads\/2020\/09\/shure-55sh-ii-e1601485394796.jpg 415w, http:\/\/kommentatorenblog.de\/wp-content\/uploads\/2020\/09\/shure-55sh-ii-e1601485394796-142x300.jpg 142w\" sizes=\"auto, (max-width: 10px) 100vw, 10px\" \/> Mike M\u00fcnkel<\/p>\n\n\n\n<p>Moderation: Kamila Benschop<\/p>\n\n\n\n<p><strong><em>FSV Zwickau \u2013 Borussia Dortmund II (14.00 Uhr)<\/em><\/strong><\/p>\n\n\n\n<p><img loading=\"lazy\" decoding=\"async\" width=\"10\" height=\"21\" class=\"wp-image-3656\" style=\"width: 10px;\" src=\"http:\/\/kommentatorenblog.de\/wp-content\/uploads\/2020\/09\/shure-55sh-ii-e1601485394796.jpg\" alt=\"\" srcset=\"http:\/\/kommentatorenblog.de\/wp-content\/uploads\/2020\/09\/shure-55sh-ii-e1601485394796.jpg 415w, http:\/\/kommentatorenblog.de\/wp-content\/uploads\/2020\/09\/shure-55sh-ii-e1601485394796-142x300.jpg 142w\" sizes=\"auto, (max-width: 10px) 100vw, 10px\" \/> Oskar Heirler<\/p>\n\n\n\n<p>Moderation: Martin Piller<\/p>\n\n\n\n<p><span style=\"text-decoration: underline;\">ab 13.45 Uhr (Magenta Sport) \/ ab 14 Uhr (SWR\/BR\/MDR)<\/span><\/p>\n\n\n\n<p><strong><em><strong><em>1.FC Kaiserslautern \u2013 Eintracht Braunschweig (14.00 Uhr)<\/em><\/strong><\/em><\/strong><\/p>\n\n\n\n<p><img loading=\"lazy\" decoding=\"async\" width=\"10\" height=\"21\" class=\"wp-image-3656\" style=\"width: 10px;\" src=\"http:\/\/kommentatorenblog.de\/wp-content\/uploads\/2020\/09\/shure-55sh-ii-e1601485394796.jpg\" alt=\"\" srcset=\"http:\/\/kommentatorenblog.de\/wp-content\/uploads\/2020\/09\/shure-55sh-ii-e1601485394796.jpg 415w, http:\/\/kommentatorenblog.de\/wp-content\/uploads\/2020\/09\/shure-55sh-ii-e1601485394796-142x300.jpg 142w\" sizes=\"auto, (max-width: 10px) 100vw, 10px\" \/> Magenta Sport: Stefan Fuckert<\/p>\n\n\n\n<p><img loading=\"lazy\" decoding=\"async\" width=\"10\" height=\"21\" class=\"wp-image-3656\" style=\"width: 10px;\" src=\"http:\/\/kommentatorenblog.de\/wp-content\/uploads\/2020\/09\/shure-55sh-ii-e1601485394796.jpg\" alt=\"\" srcset=\"http:\/\/kommentatorenblog.de\/wp-content\/uploads\/2020\/09\/shure-55sh-ii-e1601485394796.jpg 415w, http:\/\/kommentatorenblog.de\/wp-content\/uploads\/2020\/09\/shure-55sh-ii-e1601485394796-142x300.jpg 142w\" sizes=\"auto, (max-width: 10px) 100vw, 10px\" \/> SWR: Daniel G\u00fcnther<\/p>\n\n\n\n<p>Moderation (Magenta Sport): Cedric Pick <\/p>\n\n\n\n<p>Moderation (SWR): Marius Zimmermann<\/p>\n\n\n\n<p><strong><em>TSV 1860 M\u00fcnchen \u2013 FC W\u00fcrzburger Kickers (14.00 Uhr)<\/em><\/strong><\/p>\n\n\n\n<p><img loading=\"lazy\" decoding=\"async\" width=\"10\" height=\"21\" class=\"wp-image-3656\" style=\"width: 10px;\" src=\"http:\/\/kommentatorenblog.de\/wp-content\/uploads\/2020\/09\/shure-55sh-ii-e1601485394796.jpg\" alt=\"\" srcset=\"http:\/\/kommentatorenblog.de\/wp-content\/uploads\/2020\/09\/shure-55sh-ii-e1601485394796.jpg 415w, http:\/\/kommentatorenblog.de\/wp-content\/uploads\/2020\/09\/shure-55sh-ii-e1601485394796-142x300.jpg 142w\" sizes=\"auto, (max-width: 10px) 100vw, 10px\" \/> Magenta Sport: Franz B\u00fcchner<\/p>\n\n\n\n<p><img loading=\"lazy\" decoding=\"async\" width=\"10\" height=\"21\" class=\"wp-image-3656\" style=\"width: 10px;\" src=\"http:\/\/kommentatorenblog.de\/wp-content\/uploads\/2020\/09\/shure-55sh-ii-e1601485394796.jpg\" alt=\"\" srcset=\"http:\/\/kommentatorenblog.de\/wp-content\/uploads\/2020\/09\/shure-55sh-ii-e1601485394796.jpg 415w, http:\/\/kommentatorenblog.de\/wp-content\/uploads\/2020\/09\/shure-55sh-ii-e1601485394796-142x300.jpg 142w\" sizes=\"auto, (max-width: 10px) 100vw, 10px\" \/> BR: Florian&nbsp;Eckl<\/p>\n\n\n\n<p>Moderation (Magenta Sport): Kevin Gerwin<\/p>\n\n\n\n<p>Moderation (BR): Tom&nbsp;Meiler<\/p>\n\n\n\n<p><strong><em><strong><em>Hallescher FC<\/em><\/strong> \u2013 SV Meppen (14.00 Uhr)<\/em><\/strong><\/p>\n\n\n\n<p><img loading=\"lazy\" decoding=\"async\" width=\"10\" height=\"21\" class=\"wp-image-3656\" style=\"width: 10px;\" src=\"http:\/\/kommentatorenblog.de\/wp-content\/uploads\/2020\/09\/shure-55sh-ii-e1601485394796.jpg\" alt=\"\" srcset=\"http:\/\/kommentatorenblog.de\/wp-content\/uploads\/2020\/09\/shure-55sh-ii-e1601485394796.jpg 415w, http:\/\/kommentatorenblog.de\/wp-content\/uploads\/2020\/09\/shure-55sh-ii-e1601485394796-142x300.jpg 142w\" sizes=\"auto, (max-width: 10px) 100vw, 10px\" \/> Magenta Sport: Alex Kunz<\/p>\n\n\n\n<p><img loading=\"lazy\" decoding=\"async\" width=\"10\" height=\"21\" class=\"wp-image-3656\" style=\"width: 10px;\" src=\"http:\/\/kommentatorenblog.de\/wp-content\/uploads\/2020\/09\/shure-55sh-ii-e1601485394796.jpg\" alt=\"\" srcset=\"http:\/\/kommentatorenblog.de\/wp-content\/uploads\/2020\/09\/shure-55sh-ii-e1601485394796.jpg 415w, http:\/\/kommentatorenblog.de\/wp-content\/uploads\/2020\/09\/shure-55sh-ii-e1601485394796-142x300.jpg 142w\" sizes=\"auto, (max-width: 10px) 100vw, 10px\" \/> MDR: Stephan Weidling<\/p>\n\n\n\n<p>Moderation (Magenta Sport): Stefanie Blochwitz<\/p>\n\n\n\n<p>Moderation (MDR): Stephanie M\u00fcller-Spirra, Experte: Lutz Lindemann<\/p>\n\n\n\n<p><span style=\"text-decoration: underline;\">Sonntag, 25. Juli 2021, 12.45 Uhr (Magenta Sport)<\/span><\/p>\n\n\n\n<p><strong><em>FC Viktoria Berlin \u2013 FC Viktoria K\u00f6ln (13.00 Uhr)<\/em><\/strong><\/p>\n\n\n\n<p><img loading=\"lazy\" decoding=\"async\" width=\"10\" height=\"21\" class=\"wp-image-3656\" style=\"width: 10px;\" src=\"http:\/\/kommentatorenblog.de\/wp-content\/uploads\/2020\/09\/shure-55sh-ii-e1601485394796.jpg\" alt=\"\" srcset=\"http:\/\/kommentatorenblog.de\/wp-content\/uploads\/2020\/09\/shure-55sh-ii-e1601485394796.jpg 415w, http:\/\/kommentatorenblog.de\/wp-content\/uploads\/2020\/09\/shure-55sh-ii-e1601485394796-142x300.jpg 142w\" sizes=\"auto, (max-width: 10px) 100vw, 10px\" \/> Andreas Mann<\/p>\n\n\n\n<p>Moderation: Anett Sattler<\/p>\n\n\n\n<p><span style=\"text-decoration: underline;\">ab 13.45 Uhr (Magenta Sport)<\/span><\/p>\n\n\n\n<p><strong><em>SC Verl \u2013 T\u00fcrkg\u00fcc\u00fc M\u00fcnchen (14.00 Uhr)<\/em><\/strong><\/p>\n\n\n\n<p><img loading=\"lazy\" decoding=\"async\" width=\"10\" height=\"21\" class=\"wp-image-3656\" style=\"width: 10px;\" src=\"http:\/\/kommentatorenblog.de\/wp-content\/uploads\/2020\/09\/shure-55sh-ii-e1601485394796.jpg\" alt=\"\" srcset=\"http:\/\/kommentatorenblog.de\/wp-content\/uploads\/2020\/09\/shure-55sh-ii-e1601485394796.jpg 415w, http:\/\/kommentatorenblog.de\/wp-content\/uploads\/2020\/09\/shure-55sh-ii-e1601485394796-142x300.jpg 142w\" sizes=\"auto, (max-width: 10px) 100vw, 10px\" \/> Markus H\u00f6hner<\/p>\n\n\n\n<p>Moderation: Kamila Benschop<\/p>\n\n\n\n<p><span style=\"text-decoration: underline;\">Montag, 26. Juli 2021, 18.45 Uhr (Magenta Sport)<\/span><\/p>\n\n\n\n<p><strong><em><strong><em>SC Freiburg II<\/em><\/strong> \u2013 SV Wehen Wiesbaden (19.00 Uhr)<\/em><\/strong><\/p>\n\n\n\n<p><img loading=\"lazy\" decoding=\"async\" width=\"10\" height=\"21\" class=\"wp-image-3656\" style=\"width: 10px;\" src=\"http:\/\/kommentatorenblog.de\/wp-content\/uploads\/2020\/09\/shure-55sh-ii-e1601485394796.jpg\" alt=\"\" srcset=\"http:\/\/kommentatorenblog.de\/wp-content\/uploads\/2020\/09\/shure-55sh-ii-e1601485394796.jpg 415w, http:\/\/kommentatorenblog.de\/wp-content\/uploads\/2020\/09\/shure-55sh-ii-e1601485394796-142x300.jpg 142w\" sizes=\"auto, (max-width: 10px) 100vw, 10px\" \/> Alex Kunz<\/p>\n\n\n\n<p>Moderation: Sascha Bandermann, Gast: Matthias Morys<\/p>\n\n\n\n<hr class=\"wp-block-separator\"\/>\n\n\n\n<p><strong>Olympische Spiele, Fu\u00dfball, Frauen, Vorrunde<\/strong><\/p>\n\n\n\n<p><span style=\"text-decoration: underline;\">Samstag, 25. Juli 2021, ab 9 Uhr (Eurosport)<\/span><\/p>\n\n\n\n<p><strong><em>Olympia-Konferenz &#8222;Medal Zone&#8220;<\/em><\/strong><\/p>\n\n\n\n<p><span style=\"text-decoration: underline;\">Samstag, 25. Juli 2021 (Eurosport)<\/span><\/p>\n\n\n\n<p><strong><em>Schweden <strong><em>\u2013<\/em><\/strong><\/em><\/strong> <strong><em>Australien (10.30 Uhr)<\/em><\/strong><\/p>\n\n\n\n<p><img loading=\"lazy\" decoding=\"async\" width=\"10\" height=\"21\" class=\"wp-image-3656\" style=\"width: 10px;\" src=\"http:\/\/kommentatorenblog.de\/wp-content\/uploads\/2020\/09\/shure-55sh-ii-e1601485394796.jpg\" alt=\"\" srcset=\"http:\/\/kommentatorenblog.de\/wp-content\/uploads\/2020\/09\/shure-55sh-ii-e1601485394796.jpg 415w, http:\/\/kommentatorenblog.de\/wp-content\/uploads\/2020\/09\/shure-55sh-ii-e1601485394796-142x300.jpg 142w\" sizes=\"auto, (max-width: 10px) 100vw, 10px\" \/> Tobi Fischbeck<\/p>\n\n\n\n<p><strong><em>Niederlande <strong><em>\u2013<\/em><\/strong><\/em><\/strong> <strong><em>Brasilien&nbsp;(13.00 Uhr)<\/em><\/strong><\/p>\n\n\n\n<p><img loading=\"lazy\" decoding=\"async\" width=\"10\" height=\"21\" class=\"wp-image-3656\" style=\"width: 10px;\" src=\"http:\/\/kommentatorenblog.de\/wp-content\/uploads\/2020\/09\/shure-55sh-ii-e1601485394796.jpg\" alt=\"\" srcset=\"http:\/\/kommentatorenblog.de\/wp-content\/uploads\/2020\/09\/shure-55sh-ii-e1601485394796.jpg 415w, http:\/\/kommentatorenblog.de\/wp-content\/uploads\/2020\/09\/shure-55sh-ii-e1601485394796-142x300.jpg 142w\" sizes=\"auto, (max-width: 10px) 100vw, 10px\" \/> Lenny Leonhardt<\/p>\n\n\n\n<p><span style=\"text-decoration: underline;\">ab 12.20Uhr (ARD)<\/span><\/p>\n\n\n\n<p><strong><em>Japan \u2013 Gro\u00dfbritannien (12.30Uhr)<\/em><\/strong><\/p>\n\n\n\n<p><img loading=\"lazy\" decoding=\"async\" width=\"10\" height=\"21\" class=\"wp-image-3656\" style=\"width: 10px;\" src=\"http:\/\/kommentatorenblog.de\/wp-content\/uploads\/2020\/09\/shure-55sh-ii-e1601485394796.jpg\" alt=\"\" srcset=\"http:\/\/kommentatorenblog.de\/wp-content\/uploads\/2020\/09\/shure-55sh-ii-e1601485394796.jpg 415w, http:\/\/kommentatorenblog.de\/wp-content\/uploads\/2020\/09\/shure-55sh-ii-e1601485394796-142x300.jpg 142w\" sizes=\"auto, (max-width: 10px) 100vw, 10px\" \/> Stephanie Baczyk<\/p>\n\n\n\n<p><strong><em>Neuseeland \u2013 USA (13.30Uhr)<\/em><\/strong><\/p>\n\n\n\n<p><img loading=\"lazy\" decoding=\"async\" width=\"10\" height=\"21\" class=\"wp-image-3656\" style=\"width: 10px;\" src=\"http:\/\/kommentatorenblog.de\/wp-content\/uploads\/2020\/09\/shure-55sh-ii-e1601485394796.jpg\" alt=\"\" srcset=\"http:\/\/kommentatorenblog.de\/wp-content\/uploads\/2020\/09\/shure-55sh-ii-e1601485394796.jpg 415w, http:\/\/kommentatorenblog.de\/wp-content\/uploads\/2020\/09\/shure-55sh-ii-e1601485394796-142x300.jpg 142w\" sizes=\"auto, (max-width: 10px) 100vw, 10px\" \/> Bernd Schmelzer <\/p>\n\n\n\n<hr class=\"wp-block-separator\"\/>\n\n\n\n<p><strong>Olympische Spiele, Fu\u00dfball, M\u00e4nner, Vorrunde<\/strong><\/p>\n\n\n\n<p><span style=\"text-decoration: underline;\">Sonntag, 25. Juli 2021, ab 9 Uhr (Eurosport)<\/span><\/p>\n\n\n\n<p><strong><em>Olympia-Konferenz &#8222;Medal Zone&#8220;<\/em><\/strong><\/p>\n\n\n\n<p><span style=\"text-decoration: underline;\">Sonntag, 25. Juli 2021, ab 13.25 (ARD\/ZDF\/Eurosport)<\/span><\/p>\n\n\n\n<p><strong><em>Saudi Arabien \u2013 Deutschland (13.30 Uhr)<\/em><\/strong><\/p>\n\n\n\n<p>ARD: Stephanie Baczyk<\/p>\n\n\n\n<p>ZDF (Livestream): <img loading=\"lazy\" decoding=\"async\" width=\"10\" height=\"21\" class=\"wp-image-3656\" style=\"width: 10px;\" src=\"http:\/\/kommentatorenblog.de\/wp-content\/uploads\/2020\/09\/shure-55sh-ii-e1601485394796.jpg\" alt=\"\" srcset=\"http:\/\/kommentatorenblog.de\/wp-content\/uploads\/2020\/09\/shure-55sh-ii-e1601485394796.jpg 415w, http:\/\/kommentatorenblog.de\/wp-content\/uploads\/2020\/09\/shure-55sh-ii-e1601485394796-142x300.jpg 142w\" sizes=\"auto, (max-width: 10px) 100vw, 10px\" \/> Claudia Neumann<\/p>\n\n\n\n<p>Eurosport: <img loading=\"lazy\" decoding=\"async\" width=\"10\" height=\"21\" class=\"wp-image-3656\" style=\"width: 10px;\" src=\"http:\/\/kommentatorenblog.de\/wp-content\/uploads\/2020\/09\/shure-55sh-ii-e1601485394796.jpg\" alt=\"\" srcset=\"http:\/\/kommentatorenblog.de\/wp-content\/uploads\/2020\/09\/shure-55sh-ii-e1601485394796.jpg 415w, http:\/\/kommentatorenblog.de\/wp-content\/uploads\/2020\/09\/shure-55sh-ii-e1601485394796-142x300.jpg 142w\" sizes=\"auto, (max-width: 10px) 100vw, 10px\" \/> Uwe Morawe, Experte: Mirko Slomka<\/p>\n\n\n\n<p><span style=\"text-decoration: underline;\">Sonntag, 25. Juli 2021 (Eurosport)<\/span><\/p>\n\n\n\n<p><strong><em>\u00c4gypten \u2013 Argentinien (9.30 Uhr)<\/em><\/strong><\/p>\n\n\n\n<p><img loading=\"lazy\" decoding=\"async\" width=\"10\" height=\"21\" class=\"wp-image-3656\" style=\"width: 10px;\" src=\"http:\/\/kommentatorenblog.de\/wp-content\/uploads\/2020\/09\/shure-55sh-ii-e1601485394796.jpg\" alt=\"\" srcset=\"http:\/\/kommentatorenblog.de\/wp-content\/uploads\/2020\/09\/shure-55sh-ii-e1601485394796.jpg 415w, http:\/\/kommentatorenblog.de\/wp-content\/uploads\/2020\/09\/shure-55sh-ii-e1601485394796-142x300.jpg 142w\" sizes=\"auto, (max-width: 10px) 100vw, 10px\" \/> Lenny Leonhardt<\/p>\n\n\n\n<p><strong><em>Frankreich \u2013 S\u00fcdafrika (10.00 Uhr)<\/em><\/strong><\/p>\n\n\n\n<p><img loading=\"lazy\" decoding=\"async\" width=\"10\" height=\"21\" class=\"wp-image-3656\" style=\"width: 10px;\" src=\"http:\/\/kommentatorenblog.de\/wp-content\/uploads\/2020\/09\/shure-55sh-ii-e1601485394796.jpg\" alt=\"\" srcset=\"http:\/\/kommentatorenblog.de\/wp-content\/uploads\/2020\/09\/shure-55sh-ii-e1601485394796.jpg 415w, http:\/\/kommentatorenblog.de\/wp-content\/uploads\/2020\/09\/shure-55sh-ii-e1601485394796-142x300.jpg 142w\" sizes=\"auto, (max-width: 10px) 100vw, 10px\" \/> Christoph Fetzer<\/p>\n\n\n\n<p><strong><em>Brasilien \u2013 Elfenbeink\u00fcste (10.30 Uhr)<\/em><\/strong><\/p>\n\n\n\n<p><img loading=\"lazy\" decoding=\"async\" width=\"10\" height=\"21\" class=\"wp-image-3656\" style=\"width: 10px;\" src=\"http:\/\/kommentatorenblog.de\/wp-content\/uploads\/2020\/09\/shure-55sh-ii-e1601485394796.jpg\" alt=\"\" srcset=\"http:\/\/kommentatorenblog.de\/wp-content\/uploads\/2020\/09\/shure-55sh-ii-e1601485394796.jpg 415w, http:\/\/kommentatorenblog.de\/wp-content\/uploads\/2020\/09\/shure-55sh-ii-e1601485394796-142x300.jpg 142w\" sizes=\"auto, (max-width: 10px) 100vw, 10px\" \/> Robby Hunke<\/p>\n\n\n\n<p><strong><em>Australien \u2013 Spanien (12.30 Uhr)<\/em><\/strong><\/p>\n\n\n\n<p><img loading=\"lazy\" decoding=\"async\" width=\"10\" height=\"21\" class=\"wp-image-3656\" style=\"width: 10px;\" src=\"http:\/\/kommentatorenblog.de\/wp-content\/uploads\/2020\/09\/shure-55sh-ii-e1601485394796.jpg\" alt=\"\" srcset=\"http:\/\/kommentatorenblog.de\/wp-content\/uploads\/2020\/09\/shure-55sh-ii-e1601485394796.jpg 415w, http:\/\/kommentatorenblog.de\/wp-content\/uploads\/2020\/09\/shure-55sh-ii-e1601485394796-142x300.jpg 142w\" sizes=\"auto, (max-width: 10px) 100vw, 10px\" \/> Tobi Fischbeck<\/p>\n\n\n\n<p><strong><em>Japan \u2013 Mexiko (13.00 Uhr)<\/em><\/strong><\/p>\n\n\n\n<p><img loading=\"lazy\" decoding=\"async\" width=\"10\" height=\"21\" class=\"wp-image-3656\" style=\"width: 10px;\" src=\"http:\/\/kommentatorenblog.de\/wp-content\/uploads\/2020\/09\/shure-55sh-ii-e1601485394796.jpg\" alt=\"\" srcset=\"http:\/\/kommentatorenblog.de\/wp-content\/uploads\/2020\/09\/shure-55sh-ii-e1601485394796.jpg 415w, http:\/\/kommentatorenblog.de\/wp-content\/uploads\/2020\/09\/shure-55sh-ii-e1601485394796-142x300.jpg 142w\" sizes=\"auto, (max-width: 10px) 100vw, 10px\" \/> Oliver Fassnacht<\/p>\n\n\n\n<hr class=\"wp-block-separator\"\/>\n\n\n\n<p><strong>Internationaler Fussball (Sportdigital FUSSBALL)<\/strong><\/p>\n\n\n\n<p><span style=\"text-decoration: underline;\">Samstag, 24. Juli 2021<\/span><\/p>\n\n\n\n<p>Ekstraklasa, 1. Spieltag: <strong><em>Legia Warschau <strong><em><strong><em>\u2013<\/em><\/strong><\/em><\/strong> Wisla Plock (20.00Uhr)<\/em><\/strong><\/p>\n\n\n\n<p><img loading=\"lazy\" decoding=\"async\" width=\"10\" height=\"21\" class=\"wp-image-3656\" style=\"width: 10px;\" src=\"http:\/\/kommentatorenblog.de\/wp-content\/uploads\/2020\/09\/shure-55sh-ii-e1601485394796.jpg\" alt=\"\" srcset=\"http:\/\/kommentatorenblog.de\/wp-content\/uploads\/2020\/09\/shure-55sh-ii-e1601485394796.jpg 415w, http:\/\/kommentatorenblog.de\/wp-content\/uploads\/2020\/09\/shure-55sh-ii-e1601485394796-142x300.jpg 142w\" sizes=\"auto, (max-width: 10px) 100vw, 10px\" \/> Jakob Vogel<\/p>\n\n\n\n<p>Campeonato Brasileiro, 13. Spieltag: <strong><em>Gremio <strong><em><strong><em>\u2013<\/em><\/strong><\/em><\/strong> America Mineiro (22.00Uhr)<\/em><\/strong><\/p>\n\n\n\n<p><img loading=\"lazy\" decoding=\"async\" width=\"10\" height=\"21\" class=\"wp-image-3656\" style=\"width: 10px;\" src=\"http:\/\/kommentatorenblog.de\/wp-content\/uploads\/2020\/09\/shure-55sh-ii-e1601485394796.jpg\" alt=\"\" srcset=\"http:\/\/kommentatorenblog.de\/wp-content\/uploads\/2020\/09\/shure-55sh-ii-e1601485394796.jpg 415w, http:\/\/kommentatorenblog.de\/wp-content\/uploads\/2020\/09\/shure-55sh-ii-e1601485394796-142x300.jpg 142w\" sizes=\"auto, (max-width: 10px) 100vw, 10px\" \/> Ulf Kahmke<\/p>\n\n\n\n<p><span style=\"text-decoration: underline;\">Sonntag, 25. Juli 2021<\/span><\/p>\n\n\n\n<p>Gold Cup, Viertelfinale: <strong><em>Katar <strong><em><strong><em>\u2013<\/em><\/strong><\/em><\/strong> El Salvador (01.30Uhr)<\/em><\/strong><\/p>\n\n\n\n<p><img loading=\"lazy\" decoding=\"async\" width=\"10\" height=\"21\" class=\"wp-image-3656\" style=\"width: 10px;\" src=\"http:\/\/kommentatorenblog.de\/wp-content\/uploads\/2020\/09\/shure-55sh-ii-e1601485394796.jpg\" alt=\"\" srcset=\"http:\/\/kommentatorenblog.de\/wp-content\/uploads\/2020\/09\/shure-55sh-ii-e1601485394796.jpg 415w, http:\/\/kommentatorenblog.de\/wp-content\/uploads\/2020\/09\/shure-55sh-ii-e1601485394796-142x300.jpg 142w\" sizes=\"auto, (max-width: 10px) 100vw, 10px\" \/> J\u00f6rg Steiger<\/p>\n\n\n\n<p>Gold Cup, Viertelfinale: <strong><em>Mexiko <strong><em><strong><em>\u2013<\/em><\/strong><\/em><\/strong> Honduras (04.30Uhr)<\/em><\/strong><\/p>\n\n\n\n<p><img loading=\"lazy\" decoding=\"async\" width=\"10\" height=\"21\" class=\"wp-image-3656\" style=\"width: 10px;\" src=\"http:\/\/kommentatorenblog.de\/wp-content\/uploads\/2020\/09\/shure-55sh-ii-e1601485394796.jpg\" alt=\"\" srcset=\"http:\/\/kommentatorenblog.de\/wp-content\/uploads\/2020\/09\/shure-55sh-ii-e1601485394796.jpg 415w, http:\/\/kommentatorenblog.de\/wp-content\/uploads\/2020\/09\/shure-55sh-ii-e1601485394796-142x300.jpg 142w\" sizes=\"auto, (max-width: 10px) 100vw, 10px\" \/> Karsten Linke<\/p>\n\n\n\n<p>K League, 21. Spieltag: <strong><em>Ulsan Hyundai FC <strong><em><strong><em>\u2013<\/em><\/strong><\/em><\/strong> Suwon FC (12.00Uhr)<\/em><\/strong><\/p>\n\n\n\n<p><img loading=\"lazy\" decoding=\"async\" width=\"10\" height=\"21\" class=\"wp-image-3656\" style=\"width: 10px;\" src=\"http:\/\/kommentatorenblog.de\/wp-content\/uploads\/2020\/09\/shure-55sh-ii-e1601485394796.jpg\" alt=\"\" srcset=\"http:\/\/kommentatorenblog.de\/wp-content\/uploads\/2020\/09\/shure-55sh-ii-e1601485394796.jpg 415w, http:\/\/kommentatorenblog.de\/wp-content\/uploads\/2020\/09\/shure-55sh-ii-e1601485394796-142x300.jpg 142w\" sizes=\"auto, (max-width: 10px) 100vw, 10px\" \/> Ulf Kahmke<\/p>\n\n\n\n<p>Ekstraklasa, 1. Spieltag: <strong><em>Pogon Szczecin <strong><em><strong><em>\u2013<\/em><\/strong><\/em><\/strong> Gornik Zabrze (20.00Uhr)<\/em><\/strong><\/p>\n\n\n\n<p><img loading=\"lazy\" decoding=\"async\" width=\"10\" height=\"21\" class=\"wp-image-3656\" style=\"width: 10px;\" src=\"http:\/\/kommentatorenblog.de\/wp-content\/uploads\/2020\/09\/shure-55sh-ii-e1601485394796.jpg\" alt=\"\" srcset=\"http:\/\/kommentatorenblog.de\/wp-content\/uploads\/2020\/09\/shure-55sh-ii-e1601485394796.jpg 415w, http:\/\/kommentatorenblog.de\/wp-content\/uploads\/2020\/09\/shure-55sh-ii-e1601485394796-142x300.jpg 142w\" sizes=\"auto, (max-width: 10px) 100vw, 10px\" \/> Hannes Herrmann<\/p>\n\n\n\n<p>Liga Profesional, 2.Spieltag: <strong><em>CA River Plate <strong><em><strong><em>\u2013<\/em><\/strong><\/em><\/strong> CA Union Santa Fe (23.00 Uhr)<\/em><\/strong><\/p>\n\n\n\n<p><img loading=\"lazy\" decoding=\"async\" width=\"10\" height=\"21\" class=\"wp-image-3656\" style=\"width: 10px;\" src=\"http:\/\/kommentatorenblog.de\/wp-content\/uploads\/2020\/09\/shure-55sh-ii-e1601485394796.jpg\" alt=\"\" srcset=\"http:\/\/kommentatorenblog.de\/wp-content\/uploads\/2020\/09\/shure-55sh-ii-e1601485394796.jpg 415w, http:\/\/kommentatorenblog.de\/wp-content\/uploads\/2020\/09\/shure-55sh-ii-e1601485394796-142x300.jpg 142w\" sizes=\"auto, (max-width: 10px) 100vw, 10px\" \/> Hannes Herrmann<\/p>\n\n\n\n<p><span style=\"text-decoration: underline;\">Montag, 26. Juli 2021<\/span><\/p>\n\n\n\n<p>Gold Cup, Viertelfinale: <strong><em>Costa Rica <strong><em><strong><em>\u2013<\/em><\/strong><\/em><\/strong> Kanada (01.00Uhr)<\/em><\/strong><\/p>\n\n\n\n<p><img loading=\"lazy\" decoding=\"async\" width=\"10\" height=\"21\" class=\"wp-image-3656\" style=\"width: 10px;\" src=\"http:\/\/kommentatorenblog.de\/wp-content\/uploads\/2020\/09\/shure-55sh-ii-e1601485394796.jpg\" alt=\"\" srcset=\"http:\/\/kommentatorenblog.de\/wp-content\/uploads\/2020\/09\/shure-55sh-ii-e1601485394796.jpg 415w, http:\/\/kommentatorenblog.de\/wp-content\/uploads\/2020\/09\/shure-55sh-ii-e1601485394796-142x300.jpg 142w\" sizes=\"auto, (max-width: 10px) 100vw, 10px\" \/> Karsten Linke<\/p>\n\n\n\n<p>Gold Cup, Viertelfinale: <strong><em>USA <strong><em><strong><em>\u2013<\/em><\/strong><\/em><\/strong> Jamaika (04.00Uhr)<\/em><\/strong><\/p>\n\n\n\n<p><img loading=\"lazy\" decoding=\"async\" width=\"10\" height=\"21\" class=\"wp-image-3656\" style=\"width: 10px;\" src=\"http:\/\/kommentatorenblog.de\/wp-content\/uploads\/2020\/09\/shure-55sh-ii-e1601485394796.jpg\" alt=\"\" srcset=\"http:\/\/kommentatorenblog.de\/wp-content\/uploads\/2020\/09\/shure-55sh-ii-e1601485394796.jpg 415w, http:\/\/kommentatorenblog.de\/wp-content\/uploads\/2020\/09\/shure-55sh-ii-e1601485394796-142x300.jpg 142w\" sizes=\"auto, (max-width: 10px) 100vw, 10px\" \/> Jonathan Dreier<\/p>\n\n\n\n<hr class=\"wp-block-separator\"\/>\n\n\n\n<p><strong>Die Analyse<\/strong><\/p>\n\n\n\n<p><strong>Viel Personal beim Auftaktspiel<\/strong><\/p>\n\n\n\n<p>Zum Auftakt der Zweitligasaison gibt es einen absoluten Kracher. Schalke trifft auf den HSV. Bei SAT.1 meldet sich somit Matthias Opdenh\u00f6vel ab 19.00 Uhr aus der Veltins Arena, ihm zur Seite steht <s>der Ran Fussball-Experte und Ex-HSV Torwart Ren\u00e9 Adler<\/s> Hannes Wolf, der f\u00fcr den kurzfristig ausfallenden Ren\u00e9 Adler einspringt. Field-Reporter ist Matthias Killing, zudem wird auch Maximilian Zielke eine On-Air Rolle haben. Sowieso hat SAT.1 ein enorm gro\u00dfes Team auf Schalke. F\u00fcr Wolff Fuss als Kommentator ist es das erste Zweitligaspiel seit Langem, ich lehne mich aber wohl nicht zu weit aus dem Fenster, wenn ich davon ausgehe, dass es sein einziges Zweitligaspiel in dieser Saison sein wird. Auch Sky ist beim Auftaktspiel komplett im Stadion,  ab 20Uhr melden sich Harmut von Kameke und Torsten Mattuschka vom Spielfeldrand. Kommentiert wird das Spiel von Hansi K\u00fcpper, der mit Co-Kommentator Heiko Westermann prominente Unterst\u00fctzung bekommt.<\/p>\n\n\n\n<p><strong>Veltman bei neuer Konferenz<\/strong><\/p>\n\n\n\n<p>Sowohl am Samstag als auch am Sonntag meldet sich Nele Schenker ab 13Uhr aus dem Studio, Studiogast am Sonntag wird im \u00dcbrigen der ehemalige N\u00fcrnberger Enis Alushi sein. Ebenfalls doppelt im Einsatz ist Klaus Veltman als Konferenzkommentator, Fokusspiele f\u00fcr ihn sind Rostock gegen Karlsruhe am Samstag und St. Pauli gegen Kiel am Sonntag. Bei den Einzelspielen d\u00fcrfen nach Abg\u00e4ngen von Holger Pfandt und Sven Haist &#8211; die beide letztes Jahr Stammpersonal in Liga 2 waren &#8211; die Herren Schmitz und Kunde doppelt ran, zudem kommen auch die Herren Meinert, Gaupp und Schr\u00f6ter zum Einsatz. Als Field-Reporter Ulli Potofski in Rostock zum Einsatz, Schaltm\u00f6glichkeiten gibt es bei drei weiteren Spielen.<\/p>\n\n\n\n<p><strong>Topspielauftakt<\/strong><\/p>\n\n\n\n<p>Das erste Samstagabendspiel ist das Nordduell zwischen Werder Bremen und Hannover 96. Die Duos Hempel\/Tusche und Hofmann\/H\u00f6hner sind klar. F\u00fcr Tusche gibt es dementsprechend bereits am ersten Spieltag die Spielst\u00e4tten der beiden Absteiger zu sehen. Experte bei SPORT1 ist im Martin Harnik, der ja bei beiden Vereinen spielte. Als Field-Reporter ist im \u00fcbrigen Fabian Greve im Einsatz.<\/p>\n\n\n\n<p><strong>Auftakt in Liga 3<\/strong><\/p>\n\n\n\n<p>Liga drei w\u00e4re eigentlich mit dem Duell zwischen Absteiger Osnabr\u00fcck und dem MSV Duisburg vor 5000 Zuschauern zur\u00fcckgekehrt. Magenta Sport h\u00e4tte sich mit Thomas Wagner und Rudi Bommer eine halbe Stunde vor Anpfiff von der Bremer Br\u00fccke gemeldet, kommentiert h\u00e4tte die Partie von Christian Stra\u00dfburger. Und ich h\u00e4tte darauf hingewiesen, dass mit dem Duo <a href=\"https:\/\/www.instagram.com\/p\/Bp2EVkvhrcR\/\">Stra\u00dfburger und die Bremer Br\u00fccke doch irgendwas war..<\/a>\u2026 Nun allerdings ist die Partie abgesagt, da sich die Duisburger aufgrund von Coronaf\u00e4llen in Quarant\u00e4ne befinden\u2026 <\/p>\n\n\n\n<p>Der Drittligastart findet somit erst am Samstagnachmittag statt, drei Spiele laufen hier exklusiv bei MagentaTV und drei Spiele auch in den \u00f6ffentlich Rechtlichen. BR, MDR und SWR \u00fcbernehmen. Der SR hat mit Saarbr\u00fccken ja nur einen Club im Angebot (wird aber wie \u00fcblich am Samstag das Signal vom SWR \u00fcbernehmen), der NDR steigt erst am dritten Spieltag ein, da er federf\u00fchrend bei den Olympischen Spielen ist, weshalb er keine Kapazit\u00e4ten offen hat und der WDR war ja bereits letztes Jahr sehr zur\u00fcckhaltend <a href=\"https:\/\/www.liga3-online.de\/live-uebertragungen-ndr-und-wdr-steigen-mit-verzoegerung-ein\/\">(wird aber laut Steffen Simon mehr \u00fcbertragen als letztes Jahr)<\/a>. <\/p>\n\n\n\n<p>Vom Personal gibts am Samstag keine \u00dcberraschungen. Bandermann und Klich machen die Konferenz und das Personal in den Stadien wird &#8211; wenn nichts \u00fcbersehen habe &#8211; auch weiterhin regional eingesetzt. Am Sonntag steigen Andreas Mann und MagentaTV Herzogenaurach Korrespondentin Anett Sattler in die neue Saison ein. Markus H\u00f6hner &#8211; f\u00fcr den der Samstag in der 3. Liga ja komplett wegf\u00e4llt &#8211; macht auf der R\u00fcckreise aus Bremen in Lotte halt und auch Kamila Benschop ist mit Spielen in Hannover und Lotte an diesem Wochenende doppelt im Einsatz. Abgerundet wird der Spieltag bei der Reserve des SC Freiburgs, Sascha Bandermann begr\u00fc\u00dft Matthias Morys als Gast im altehrw\u00fcrdigen Dreisamstadion (hei\u00dft seit drei Wochen nicht mehr Schwarzwaldstadion). Kommentator der Partie ist Alex Kunz.<\/p>\n\n\n\n<p><strong>Breite Auswahl beim Spiel der deutschen Mannschaft<\/strong><\/p>\n\n\n\n<p>Da in diesem Beitrag der Fokus ja eher auf dem Vereinsfussball liegt, schreibe ich an dieser Stelle nicht allzu viel \u00fcber Olympia. Nur ein kleiner Blick auf das zweite Spiel der deutschen Auswahl gegen Saudi Arabien. Bei Eurosport \u00fcbernimmt Uwe Morawe f\u00fcr Matthias Stach, Co-Kommentator bleibt Mirko Slomka. Bei der ARD meldet sich mit Stephanie Baczyk, die aus meiner Sicht die beste Kommentatorin oder Kommentator der ARD ist. Au\u00dferdem gibt&#8217;s das Spiel wohl auch im ZDF Livestream, Claudia Neumann \u00fcbernimmt. <\/p>\n\n\n\n<p>Auch Sportdigital FUSSBALL \u00fcbertr\u00e4gt nat\u00fcrlich einige Spiele, u.a. gibt es am Sonntagabend eine Doppelschicht f\u00fcr Hannes Herrmann. Bis dahin, ein sch\u00f6nes sonniges Wochenende!<\/p>\n","protected":false},"excerpt":{"rendered":"<p>&#8212;Update&#8212; Olympische Spiele, Fu\u00dfball, M\u00e4nner, Vorrunde Mittwoch, 28. Juli 2021, ab 9 Uhr (Eurosport) Olympia-Konferenz &#8222;Medal Zone&#8220; Mittwoch, 28. Juli 2021, ab 13.25 (ARD\/ZDF\/Eurosport) Deutschland \u2013 Elfenbeink\u00fcste (10.00 Uhr) ARD: Bernd Schmelzer Eurosport: Uwe Morawe, Experte: Mirko Slomka Mittwoch, 28. Juli 2021, ab 12.55 (ARD\/Eurosport) Spanien \u2013 Argentinien (13.00 Uhr) ARD: Bernd Schmelzer Eurosport: Oliver [&hellip;]<\/p>\n","protected":false},"author":5,"featured_media":0,"comment_status":"open","ping_status":"open","sticky":false,"template":"","format":"standard","meta":{"footnotes":""},"categories":[424],"tags":[34,292,216,46,19,256,35,302,14,318,120,104,25,211,405,507,58,86,489,59,491,53,294,526,70,572,573,121,67,130,571,101,449,409,456,369,576,293,84,162,233,76,12,306,22,66,134,394,28,482,135,524,575,27,33,152,395,574,87,346,402,149,107,37],"class_list":["post-9858","post","type-post","status-publish","format-standard","hentry","category-bundesliga-und-co","tag-alex-klich","tag-alex-kunz","tag-andreas-mann","tag-anett-sattler","tag-ard","tag-cedric-pick","tag-christian-strassburger","tag-christoph-fetzer","tag-eurosport","tag-flo-eckl","tag-franz-buechner","tag-hannes-herrmann","tag-hansi-kuepper","tag-hartmut-von-kameke","tag-jakob-vogel","tag-jonathan-dreier","tag-joerg-steiger","tag-juergen-schmitz","tag-kamila-benschop","tag-karsten-linke","tag-kevin-gerwin","tag-klaus-veltmann","tag-lenny-leonhardt","tag-lutz-lindemann","tag-marcel-meinert","tag-mario-bast","tag-marius-zimmermann","tag-markus-gaupp","tag-markus-hoehner","tag-martin-piller","tag-matthias-killling","tag-matthias-opdenhoevel","tag-max-zielke","tag-mike-muenkel","tag-mirko-skomka","tag-nele-schenker","tag-oliver-fassnacht","tag-oskar-heirler","tag-rene-adler","tag-robby-hunke","tag-rudi-bommer","tag-ruth-hofmann","tag-sascha-bandermann","tag-sat-1","tag-sky","tag-sport1","tag-sportdigital-fussball","tag-stefan-fuckert","tag-stefan-hempel","tag-stefan-kiss","tag-stefanie-blochwitz","tag-stephan-weidling","tag-stephanie-mueller-spirra","tag-sven-schroeter","tag-thomas-wagner","tag-tobi-fischbeck","tag-tobi-schaefer","tag-tom-meiler","tag-torsten-kunde","tag-torsten-mattuschka","tag-ulf-kahmke","tag-uwe-morawe","tag-wolff-fuss","tag-zdf"],"_links":{"self":[{"href":"http:\/\/kommentatorenblog.de\/index.php?rest_route=\/wp\/v2\/posts\/9858","targetHints":{"allow":["GET"]}}],"collection":[{"href":"http:\/\/kommentatorenblog.de\/index.php?rest_route=\/wp\/v2\/posts"}],"about":[{"href":"http:\/\/kommentatorenblog.de\/index.php?rest_route=\/wp\/v2\/types\/post"}],"author":[{"embeddable":true,"href":"http:\/\/kommentatorenblog.de\/index.php?rest_route=\/wp\/v2\/users\/5"}],"replies":[{"embeddable":true,"href":"http:\/\/kommentatorenblog.de\/index.php?rest_route=%2Fwp%2Fv2%2Fcomments&post=9858"}],"version-history":[{"count":40,"href":"http:\/\/kommentatorenblog.de\/index.php?rest_route=\/wp\/v2\/posts\/9858\/revisions"}],"predecessor-version":[{"id":9958,"href":"http:\/\/kommentatorenblog.de\/index.php?rest_route=\/wp\/v2\/posts\/9858\/revisions\/9958"}],"wp:attachment":[{"href":"http:\/\/kommentatorenblog.de\/index.php?rest_route=%2Fwp%2Fv2%2Fmedia&parent=9858"}],"wp:term":[{"taxonomy":"category","embeddable":true,"href":"http:\/\/kommentatorenblog.de\/index.php?rest_route=%2Fwp%2Fv2%2Fcategories&post=9858"},{"taxonomy":"post_tag","embeddable":true,"href":"http:\/\/kommentatorenblog.de\/index.php?rest_route=%2Fwp%2Fv2%2Ftags&post=9858"}],"curies":[{"name":"wp","href":"https:\/\/api.w.org\/{rel}","templated":true}]}}