{"id":10027,"date":"2018-04-30T17:21:00","date_gmt":"2018-04-30T15:21:00","guid":{"rendered":"http:\/\/kommentatorenblog.de\/?p=10027"},"modified":"2021-08-01T17:22:41","modified_gmt":"2021-08-01T15:22:41","slug":"kommentatorenblog-951-nicht-mein-fall","status":"publish","type":"post","link":"https:\/\/kommentatorenblog.de\/?p=10027","title":{"rendered":"[Kommentatorenblog #951] \u2013 Nicht mein Fall"},"content":{"rendered":"\n<p>(Beitrag von Leon, reposted von Nico)<\/p>\n\n\n\n<p>N\u2019Abend allerseits!<\/p>\n\n\n\n<p>DAZN&nbsp; gibt es bald&nbsp;auch im Land von&nbsp;Pizza, Pasta und Ferrari. Zwischen Herbst 2018 und Anfang 2019&nbsp;will der Streamingdienst in Italien starten. Der genaue Zeitpunkt h\u00e4ngt laut Quotenmeter von der Verteilung der Rechte der Serie A ab. Dieser Prozess ist noch nicht abgeschlossen.<\/p>\n\n\n\n<p>Insgesamt&nbsp;eine interessante&nbsp;Entwicklung, die unseren TV-Markt jedoch&nbsp;nicht betrifft \u2013&nbsp;allerdings gegen Ende der Saison ein guter Anlass zur Diskussion. Wenn ich das Wort Streaming h\u00f6re, drehe ich meistens kopfsch\u00fcttelnd&nbsp;ab. Das Bild teils unscharf, der Kommentar ist dem Bild voraus oder umgekehrt&nbsp;und zeitversetzt ist das Ganze sowieso \u2013&nbsp;so zumindest meine Erfahrungen. Nat\u00fcrlich ist das nicht immer so und viele von euch werden zumeist&nbsp;positive Erfahrungen mit Streaming gemacht haben. Bis auf das Probeabo bei DAZN, ab und zu mal ein Stream bei Sport1 oder mal bei Freunden&nbsp;\u2013 mehr habe und hatte ich aber mit Streaming nicht zu tun. Einfach ein klassischer Fernsehgucker.&nbsp;So lange die wichtigsten Sachen auch&nbsp;im TV laufen, bin ich OK damit. Die Frage ist nur, wie lange noch?!<\/p>\n\n\n\n<p>Wenn&nbsp;ihr Lust habt, schreibt eure Meinung in die Kommentare\u2026<\/p>\n\n\n\n<p><em><strong>Die Ansetzungen vom 01.&nbsp;Mai 2018 bis 03. Mai 2018<\/strong><\/em><\/p>\n\n\n\n<p><em><strong>UEFA Champions League, Halbfinale, R\u00fcckspiele<\/strong><\/em><\/p>\n\n\n\n<p>Dienstag, 01.&nbsp;Mai 2018, ab 19.30 Uhr (Sky) bzw. 20.25 Uhr (ZDF)<\/p>\n\n\n\n<p><em><strong>Real Madrid \u2013 FC&nbsp;Bayern M\u00fcnchen&nbsp;(20.45 Uhr)<\/strong><\/em><\/p>\n\n\n\n<ul class=\"wp-block-list\"><li>Sky: Wolff Fuss<\/li><li>ZDF: Oliver Schmidt<\/li><\/ul>\n\n\n\n<p>Moderation (Sky): Sebastian Hellmann, Experten &amp; G\u00e4ste: Lothar Matth\u00e4us,&nbsp;Stefan Effenberg, Juan Moreno, Erik Meijer<\/p>\n\n\n\n<p>Moderation (ZDF): Jochen Breyer; Experte: Oliver Kahn<\/p>\n\n\n\n<p>Mittwoch, 02.&nbsp;Mai 2018, ab 19.30 Uhr (Sky)&nbsp;<\/p>\n\n\n\n<p><em><strong>AS Rom \u2013 FC Liverpool (20.45 Uhr)<\/strong><\/em><\/p>\n\n\n\n<ul class=\"wp-block-list\"><li>Sky: Martin Gro\u00df<\/li><\/ul>\n\n\n\n<p>Moderation (Sky): Michael Leopold, Experten &amp; G\u00e4ste: Ewald Lienen, Karl-Heinz Riedle, Michael Reis, Thomasz Kaczmarek, Erik Meijer<\/p>\n\n\n\n<hr class=\"wp-block-separator\"\/>\n\n\n\n<p><em><strong>UEFA Europa League, Halbfinale, R\u00fcckspiele<\/strong><\/em><\/p>\n\n\n\n<p>Donnerstag, 03.Mai 2018, ab 20.30 Uhr (Sky) bzw. 19.00 Uhr (Sport1)<\/p>\n\n\n\n<p><em><strong>Atl\u00e9tico Madrid \u2013 FC Arsenal (21.05 Uhr)<\/strong><\/em><\/p>\n\n\n\n<ul class=\"wp-block-list\"><li>Sky: Holger Pfandt (Einzelspiel), Wolff Fuss (Konferenz)<\/li><li>Sport1: Markus H\u00f6hner<\/li><\/ul>\n\n\n\n<p><em><strong>FC Salzburg \u2013 Olympique Marseille (21.05 Uhr)<\/strong><\/em><\/p>\n\n\n\n<ul class=\"wp-block-list\"><li>Sky: Sven Haist (Einzelspiel), Martin Konrad (AUT-Einzelspiel), Klaus Veltmann (Konferenz)<\/li><\/ul>\n\n\n\n<p>Moderation (Sky): Britta Hofmann<br>Moderation (Sport1): Oliver Schwesinger, Jochen Stutzky und Co.<\/p>\n\n\n\n<hr class=\"wp-block-separator\"\/>\n\n\n\n<p><em><strong>Fu\u00dfball International<\/strong><\/em><\/p>\n\n\n\n<p>in der Nacht zu Mittwoch, 02.&nbsp;Mai 2018<\/p>\n\n\n\n<p>Copa Libertadores, Gruppenphase:<em><strong>&nbsp;Nacional&nbsp;(URU) \u2013&nbsp;Santos (BRA)&nbsp;(02.30Uhr)<\/strong><\/em><\/p>\n\n\n\n<ul class=\"wp-block-list\"><li>sportdigital: Christian Blunck<\/li><\/ul>\n\n\n\n<p>in der Nacht&nbsp;zu Donnerstag,&nbsp;03. Mai 2018<\/p>\n\n\n\n<p>Copa Libertadores, Gruppenphase:&nbsp;<em><strong>SC Corinthians (BRA) \u2013 CA Independiente (ARG<\/strong><strong>)&nbsp;<\/strong><\/em><em><strong>(02.30Uhr)<\/strong><\/em><\/p>\n\n\n\n<ul class=\"wp-block-list\"><li>Sport1+: Christoph Fetzer<\/li><\/ul>\n\n\n\n<p>in der Nacht zu Freitag, 4. Mai 2018<\/p>\n\n\n\n<p>Copa Libertadores, Gruppenphase:<em><strong>&nbsp;Alianza Lima (PER) \u2013 SE Palmeiras (BRA)&nbsp;(02.30 Uhr)<\/strong><\/em><\/p>\n\n\n\n<ul class=\"wp-block-list\"><li>Sport1+: Marcel Seufert<\/li><\/ul>\n\n\n\n<hr class=\"wp-block-separator\"\/>\n\n\n\n<p><em><strong>Allianz Frauen-Bundesliga, 17. Spieltag<\/strong><\/em><\/p>\n\n\n\n<p>Mittwoch, 02.&nbsp;Mai 2018, ab 16.55 Uhr (Sport1\/Telekom Sport)<\/p>\n\n\n\n<p><em><strong>SV Werder Bremen \u2013 VfL Wolfsburg (17.00 Uhr)<\/strong><\/em><\/p>\n\n\n\n<ul class=\"wp-block-list\"><li>Sport1: Jan Platte<\/li><li>Telekom Sport: Martin Piller<\/li><\/ul>\n\n\n\n<hr class=\"wp-block-separator\"\/>\n\n\n\n<p><em>Die<\/em><em>&nbsp;aufgef\u00fchrten Ansetzungen gew\u00e4hren keine Vollst\u00e4ndigkeit. Die Autoren des Kommentatorenblogs behalten es sich vor, TV-\u00dcbertragungen und Livestreams zu ignorieren. Grunds\u00e4tzlich nicht aufgef\u00fchrt werden Ansetzungen ausl\u00e4ndischer Sender.<\/em><\/p>\n\n\n\n<hr class=\"wp-block-separator\"\/>\n\n\n\n<p><em><strong>Die Analyse<\/strong><\/em><\/p>\n\n\n\n<p>Gestern noch in Bremen, heute Morgen \u00fcber Hamburg nach Madrid-Wolff Fuss kommentiert f\u00fcr Sky aus Madrid. Oliver Schmidt darf anstelle von B\u00e9la R\u00e9thy ran, Jochen Breyer ersetzt Oliver Welke. Am Mittwoch&nbsp;begleitet Martin Gro\u00df das Spiel zwischen Rom und Liverpool. Kai Dittmann kommt diese Woche nicht zum Zug. Wie in der Vorwoche \u00fcbernehmen Holger Pfandt&nbsp;und Wolff Fuss&nbsp;wieder das Spiel zwischen Arsenal&nbsp;und Atl\u00e9tico. Sven Haist darf etwas \u00fcberraschend bei Salzburg gegen Marseille ran.<\/p>\n\n\n\n<p>Bei Sport1+ und sportdigital werden einige Nachtschichten geschoben. F\u00fcr Jan Platte und Martin Piller steht zudem noch Frauenfu\u00dfball auf dem Programm.<\/p>\n\n\n\n<p>Sch\u00f6ne Woche euch!<\/p>\n","protected":false},"excerpt":{"rendered":"<p>(Beitrag von Leon, reposted von Nico) N\u2019Abend allerseits! DAZN&nbsp; gibt es bald&nbsp;auch im Land von&nbsp;Pizza, Pasta und Ferrari. Zwischen Herbst 2018 und Anfang 2019&nbsp;will der Streamingdienst in Italien starten. Der genaue Zeitpunkt h\u00e4ngt laut Quotenmeter von der Verteilung der Rechte der Serie A ab. Dieser Prozess ist noch nicht abgeschlossen. Insgesamt&nbsp;eine interessante&nbsp;Entwicklung, die unseren TV-Markt [&hellip;]<\/p>\n","protected":false},"author":3,"featured_media":0,"comment_status":"open","ping_status":"open","sticky":false,"template":"","format":"standard","meta":{"footnotes":""},"categories":[1],"tags":[],"class_list":["post-10027","post","type-post","status-publish","format-standard","hentry","category-uncategorized"],"_links":{"self":[{"href":"https:\/\/kommentatorenblog.de\/index.php?rest_route=\/wp\/v2\/posts\/10027","targetHints":{"allow":["GET"]}}],"collection":[{"href":"https:\/\/kommentatorenblog.de\/index.php?rest_route=\/wp\/v2\/posts"}],"about":[{"href":"https:\/\/kommentatorenblog.de\/index.php?rest_route=\/wp\/v2\/types\/post"}],"author":[{"embeddable":true,"href":"https:\/\/kommentatorenblog.de\/index.php?rest_route=\/wp\/v2\/users\/3"}],"replies":[{"embeddable":true,"href":"https:\/\/kommentatorenblog.de\/index.php?rest_route=%2Fwp%2Fv2%2Fcomments&post=10027"}],"version-history":[{"count":1,"href":"https:\/\/kommentatorenblog.de\/index.php?rest_route=\/wp\/v2\/posts\/10027\/revisions"}],"predecessor-version":[{"id":10028,"href":"https:\/\/kommentatorenblog.de\/index.php?rest_route=\/wp\/v2\/posts\/10027\/revisions\/10028"}],"wp:attachment":[{"href":"https:\/\/kommentatorenblog.de\/index.php?rest_route=%2Fwp%2Fv2%2Fmedia&parent=10027"}],"wp:term":[{"taxonomy":"category","embeddable":true,"href":"https:\/\/kommentatorenblog.de\/index.php?rest_route=%2Fwp%2Fv2%2Fcategories&post=10027"},{"taxonomy":"post_tag","embeddable":true,"href":"https:\/\/kommentatorenblog.de\/index.php?rest_route=%2Fwp%2Fv2%2Ftags&post=10027"}],"curies":[{"name":"wp","href":"https:\/\/api.w.org\/{rel}","templated":true}]}}