{"id":10397,"date":"2021-08-26T20:54:52","date_gmt":"2021-08-26T18:54:52","guid":{"rendered":"http:\/\/kommentatorenblog.de\/?p=10397"},"modified":"2021-08-26T20:54:54","modified_gmt":"2021-08-26T18:54:54","slug":"1192-alles-neu-macht-der-august","status":"publish","type":"post","link":"https:\/\/kommentatorenblog.de\/?p=10397","title":{"rendered":"1192 &#8211; Alles neu macht der August"},"content":{"rendered":"\n<p>N\u2019Abend allerseits,<\/p>\n\n\n\n<p>Ihr werdet es wahrscheinlich sehen, wir haben ein wenig an unserem Design gearbeitet. Neue Rechteperiode, neue Saison und der Betreiberwechsel im Blog. F\u00fcruns ein Grund vom Design etwas zu ver\u00e4ndern, rein inhaltlich bleibt nat\u00fcrlich alles wie gewohnt. Feedback zum neuen Design gerne in die Kommentare.<\/p>\n\n\n\n<p>Prinzipiell h\u00e4tte ich auch sehr gerne in diesen Beitrag was dazu geschrieben, wie mir pers\u00f6nlich der Start in die neue Rechteperiode gefallen hat. Dies muss allerdings warten, da ich gestern bei virtuellen RTL Pr\u00e4sentation zu den \u00dcbertragungen der UEFA Europa League und der UEFA Europa Conference League war. <\/p>\n\n\n\n<p>Thomas Wagner f\u00fchrte durch die ca. einst\u00fcndige Sendung mit verschiedenen G\u00e4sten. Zuerst stellten die RTL-Verantwortlichen Stephan Schmitter und Frank Robens das prinzipielle Konzept vor. So gibt es jeden Europapokal-Donnerstag Live Sendungen und Fussball von 17.30Uhr bis Mitternacht. Gezeigt werden die acht attraktivsten Spiele (planweise je vier in der fr\u00fchen und sp\u00e4ten Ansto\u00df Zeit) mit dem Zusatz, dass Spiele mit deutscher Beteiligung garantiert gezeigt werden. <\/p>\n\n\n\n<p>Im Anschluss wurde die sogenannte &#8222;Viererkette&#8220; aus Anna Kraft, Robby Hunke, Arnd Zeigler und Lukas Podolski vorgestellt, die bis auf Lukas Podolski &#8211; der aufgrund einer Covid-Infektion zugeschaltet wurde &#8211; im Studio war. Diese Viererkette f\u00fchrt durch den kompletten Europapokal-Abend.<\/p>\n\n\n\n<p>Das Topspiel &#8211; welches immer entweder auf RTL oder Nitro l\u00e4uft &#8211; bekommt zur neuen Saison eine ver\u00e4nderte Crew, Laura Papendick und Karl-Heinz Riedle ersetzen Laura Wontorra und Roman Weidenfeller, Kommentatoren bleiben Marco Hagemann und Steffen Freund. Die weiteren sieben Kommentatoren sind im \u00dcbrigen Michael Born, Klaus Veltman, Christian Stra\u00dfburger, Christina Graf, Christoph Stadtler, Cornelius K\u00fcpper, Heiko Wa\u00dfer.<\/p>\n\n\n\n<p><strong>Neuzugang<\/strong><\/p>\n\n\n\n<p>Zu guter Letzt k\u00f6nnen wir Zuwachs vermelden! <strong>Jonas <\/strong>komplettiert unser Blogger-Team und hat bereits am heutigen Beitrag den Bereich dritte Liga und Frauenbundesliga \u00fcbernommen und euch die Rechtesituation in Letzterer ausf\u00fchrlich erkl\u00e4rt.<\/p>\n\n\n\n<p><strong>Alle Spiele, alle Tore nun auch in der Frauenbundesliga<\/strong><\/p>\n\n\n\n<p>\u201eMeilenstein im Frauenfu\u00dfball\u201c so titelt es die Sportschau vor gut drei Wochen, als bekannt wurde, dass ab sofort alle Spiele der Frauenbundesliga live \u00fcbertragen werden. Was bei den M\u00e4nnern von der ersten bis zur dritten Liga gang und g\u00e4be war, das galt lange nicht f\u00fcr die h\u00f6chste Spielklasse im Frauenfu\u00dfball. Zuletzt zeigten Eurosport und Magenta das Freitagabendspiel, dazu kamen dann ein, zwei weitere Spiele bei Magenta am Wochenende und dann zeigte die ARD gelegentlich in ihren dritten Programmen oder auf sportschau.de noch ein Spiel. Es waren also zwei bis drei Spiele, die \u00fcbertragen wurden. Dies f\u00fchrte dazu, dass letzte Saison DFB-TV sowie vereinzelte Vereine via Club- TV Spiele \u00fcbertrugen, da Corona Bedingt keine Zuschauer zugelassen waren und es anders keine M\u00f6glichkeit gab, das Spiel des Lieblings.<\/p>\n\n\n\n<p>Ab diesem Wochenende werden nun alle Spiele live bei Magenta Sport gezeigt. M\u00f6glich wird das durch eine Kooperation des DFB und der Telekom, welche sich dazu entschieden haben in die Liga zu investieren und sich die Produktionskosten f\u00fcr die Spiele teilen werden. Die Kosten daf\u00fcr belaufen sich laut Sportschau auf ca. zwei Millionen f\u00fcr die insgesamt 132 Live-Spiele. Durch die neuen \u00dcbertragungen kommt es auch zu einer Ver\u00e4nderung beim Spieltagsaufbau beziehungsweise den Ansto\u00dfzeiten.  So gibt es neben dem Freitagabendspiel (19:15 Uhr) mindestens eine Begegnung am Samstag. Am Sonntag wird es zudem nun zwei Ansto\u00dfzeiten geben, einmal um 13 Uhr und um 16 Uhr.<\/p>\n\n\n\n<p><strong>Ein kurzer \u00dcberblick \u00fcber die Rechte und \u00dcbertragungen<\/strong><\/p>\n\n\n\n<ul class=\"wp-block-list\"><li><strong>Magenta Sport:<\/strong><em> <\/em>Alle Spiele live sowie Zusammenfassungen<\/li><li><strong>Eurosport:<\/strong> Das Freitagabendspiel live<\/li><li><strong>ARD: <\/strong>Ausgew\u00e4hlte Spiele live in den 3. Programmen\/ im Stream sowie Zusammenfassungen in der Sportschau<\/li><\/ul>\n\n\n\n<p>In wieweit diese Entwicklungen einen \u201eMeilenstein\u201c im deutschen Frauenfu\u00dfball darstellen, muss sich im Laufe der Saison zeigen.<\/p>\n\n\n\n<p>An den TV- Vertr\u00e4gen und damit verbundenen Einnahmen hat sich nichts ge\u00e4ndert, diese bleiben weiterhin stark hinter englischen Verh\u00e4ltnissen zur\u00fcck. Immerhin werden die Rechte nun vollst\u00e4ndig ausgesch\u00f6pft und dies ist wahrlich ein gro\u00dfer Fortschritt f\u00fcr den Frauenfu\u00dfball. Die Kooperation von DFB und Telekom zeigt zudem, dass ein Interesse an der F\u00f6rderung des Frauenfu\u00dfballs besteht und der DFB sowie seine Partner auch bereits sind, Geld darin zu investieren.<\/p>\n\n\n\n<p>Dadurch, dass die TV- Bilder durch den DFB und die Telekom produziert werden, wird die Liga auch f\u00fcr andere TV- Sender (Thema Live- Spiele und Zusammenfassungen) interessanter, da sie die Bilder nicht selbst produzieren m\u00fcssen und dadurch weniger kosten anfallen d\u00fcrften. Besonders in Hinblick auf die Berichterstattung in den \u00d6ffentlich- Rechtlichen k\u00f6nnte dies zu mehr \u00dcbertragungen f\u00fchren. Die Sportschau hat schon regelm\u00e4\u00dfige Zusammenfassungen f\u00fcr den Samstagabend angek\u00fcndigt und laut Spieltags-Ansetzungen werden an den ersten drei Spieltagen auch drei Spiele in den 3.Programmen beziehungsweise im Stream \u00fcbertragen. Zum Vergleich: In der kompletten letzten Saison waren es insgesamt sechs Spiele.&nbsp;<\/p>\n\n\n\n<p><strong>DFB-Pokal, Champions- League und 2.Liga auch live<\/strong><\/p>\n\n\n\n<p>Doch nicht nur in der Liga gibt es positive Entwicklungen. Auch der DFB- Pokal erf\u00e4hrt bei den Frauen eine Aufwertung. Wie Justin hier bereits erw\u00e4hnt hatte, hat sich Sky die Rechte f\u00fcr ein Spiel pro Runde (insgesamt sechs) gesichert. Und \u00fcbertrug am Montag schon die Begegnung Borussia M\u00f6nchengladbach gegen Borussia Bocholt). Daneben hat weiterhin die ARD die Rechte f\u00fcr das Finale sowie weitere Spiele und Zusammenfassungen. Hier bleibt abzuwarten, wie viele Spiele \u00fcbertragen werden. Letztes Jahr waren es neben dem Finale die beiden Halbfinals sowie Zusammenfassungen der Viertelfinals.<\/p>\n\n\n\n<p>Die Champions League wird unterdessen ab dieser Saison bei DAZN laufen. Der Streamingdienst hat sich die globalen Rechte f\u00fcr die n\u00e4chsten vier Spielzeiten erworben und geht zudem eine Kooperation mit YouTube ein, wo in den n\u00e4chsten zwei Spielzeiten ebenfalls alle Spiele live zu sehen sein werden. Ab der Saison 2023\/24 werden dann nur noch 19 Spiele auf Youtube gezeigt, alle Spiele wird es dann nur noch bei DAZN geben.<\/p>\n\n\n\n<p>Neben der Bundesliga werden auch alle Spiele der zweiten Frauenbundesliga live gezeigt. Diese werden, wie letzte Saison, von Staige.tv (damals noch als soccerwatch.tv) \u00fcbertragen.<\/p>\n\n\n\n<p><strong>Fortschritt f\u00fcr Liga und Vereine<\/strong><\/p>\n\n\n\n<p>Abschlie\u00dfend l\u00e4sst sich sagen, dass sich eine positive Entwicklung im deutschen Frauenfu\u00dfball abzeichnet, mit einer deutlich erh\u00f6hten Medienpr\u00e4senz (hoffentlich!).<\/p>\n\n\n\n<p>Mit den \u00dcbertragungen kommen die Medienanstalten in gewisser Weise auch einer Forderung des DOSBs nach, welcher sich in einem offenen Brief an die Medien \u201e[f]\u00fcr Gleichstellung in der Sportberichterstattung\u201c ausgesprochen hatte und dabei kritisierte, dass die Sportberichterstattung von Frauen im Schnitt nur 10% der \u00dcbertragungen ausmache. Eine Gleichstellung erreicht man mit den neuen Kooperationen nat\u00fcrlich (noch) nicht. Jedoch erh\u00f6ht man die Reichweite und das Angebot nun deutlich. Die Entwicklung kann den Vereinen also durchaus helfen, weitere Sponsoren zu finden und professionelle Strukturen aufbauen. Um dann bei der n\u00e4chsten Rechteausschreibung gute TV- Vertr\u00e4ge herauszuholen<\/p>\n\n\n\n<p>Vielen Dank und an dieser Stelle nochmal ein herzliches Willkommen an Jonas, jetzt gibt&#8217;s wie gewohnt alle Ansetzungen vom Wochenende.<\/p>\n\n\n\n<hr class=\"wp-block-separator\"\/>\n\n\n\n<p><strong><em>Die Ansetzungen vom 27. August bis zum 30. August 2021<\/em><\/strong><\/p>\n\n\n\n<p><strong>Bundesliga, 03. Spieltag<\/strong><\/p>\n\n\n\n<p><span style=\"text-decoration: underline;\">Freitag, 27. August 2021, ab 19.30 Uhr (DAZN)<\/span><\/p>\n\n\n\n<p><strong><em>Borussia Dortmund \u2013 TSG 1899 Hoffenheim (20.30 Uhr)<\/em><\/strong><\/p>\n\n\n\n<p class=\"has-normal-font-size\"><img loading=\"lazy\" decoding=\"async\" width=\"10\" height=\"21\" class=\"wp-image-3656\" style=\"width: 10px;\" src=\"http:\/\/kommentatorenblog.de\/wp-content\/uploads\/2020\/09\/shure-55sh-ii-e1601485394796.jpg\" alt=\"\" srcset=\"https:\/\/kommentatorenblog.de\/wp-content\/uploads\/2020\/09\/shure-55sh-ii-e1601485394796.jpg 415w, https:\/\/kommentatorenblog.de\/wp-content\/uploads\/2020\/09\/shure-55sh-ii-e1601485394796-142x300.jpg 142w\" sizes=\"auto, (max-width: 10px) 100vw, 10px\" \/> Marco Hagemann, Experte: Ralph Gunesch <\/p>\n\n\n\n<p>Moderation: Alex Schl\u00fcter, Field-Reporter: Daniel Herzog<\/p>\n\n\n\n<p><span style=\"text-decoration: underline;\">Samstag, 28. August 2021, ab 14.00 Uhr (Sky)<\/span><\/p>\n\n\n\n<p><strong><em>1. FC K\u00f6ln \u2013 VfL Bochum (15.30 Uhr)<\/em><\/strong><\/p>\n\n\n\n<p class=\"has-normal-font-size\"><img loading=\"lazy\" decoding=\"async\" width=\"10\" height=\"21\" class=\"wp-image-3656\" style=\"width: 10px;\" src=\"http:\/\/kommentatorenblog.de\/wp-content\/uploads\/2020\/09\/shure-55sh-ii-e1601485394796.jpg\" alt=\"\" srcset=\"https:\/\/kommentatorenblog.de\/wp-content\/uploads\/2020\/09\/shure-55sh-ii-e1601485394796.jpg 415w, https:\/\/kommentatorenblog.de\/wp-content\/uploads\/2020\/09\/shure-55sh-ii-e1601485394796-142x300.jpg 142w\" sizes=\"auto, (max-width: 10px) 100vw, 10px\" \/> Marcus Lindemann (Einzelspiel), Toni Tomic (Konferenz)<\/p>\n\n\n\n<p>Field-Reporter: Ulli Potofski<\/p>\n\n\n\n<p><strong><em>VfB Stuttgart \u2013 SC Freiburg (15.30 Uhr)<\/em><\/strong><\/p>\n\n\n\n<p class=\"has-normal-font-size\"><img loading=\"lazy\" decoding=\"async\" width=\"10\" height=\"21\" class=\"wp-image-3656\" style=\"width: 10px;\" src=\"http:\/\/kommentatorenblog.de\/wp-content\/uploads\/2020\/09\/shure-55sh-ii-e1601485394796.jpg\" alt=\"\" srcset=\"https:\/\/kommentatorenblog.de\/wp-content\/uploads\/2020\/09\/shure-55sh-ii-e1601485394796.jpg 415w, https:\/\/kommentatorenblog.de\/wp-content\/uploads\/2020\/09\/shure-55sh-ii-e1601485394796-142x300.jpg 142w\" sizes=\"auto, (max-width: 10px) 100vw, 10px\" \/> Klaus Veltman (Einzelspiel), J\u00fcrgen Schmitz (Konferenz)<\/p>\n\n\n\n<p>Field-Reporter: Yannick Erkenbrecher<\/p>\n\n\n\n<p><strong><em>FC Augsburg \u2013 Bayer Leverkusen (15.30 Uhr)<\/em><\/strong><\/p>\n\n\n\n<p class=\"has-normal-font-size\"><img loading=\"lazy\" decoding=\"async\" width=\"10\" height=\"21\" class=\"wp-image-3656\" style=\"width: 10px;\" src=\"http:\/\/kommentatorenblog.de\/wp-content\/uploads\/2020\/09\/shure-55sh-ii-e1601485394796.jpg\" alt=\"\" srcset=\"https:\/\/kommentatorenblog.de\/wp-content\/uploads\/2020\/09\/shure-55sh-ii-e1601485394796.jpg 415w, https:\/\/kommentatorenblog.de\/wp-content\/uploads\/2020\/09\/shure-55sh-ii-e1601485394796-142x300.jpg 142w\" sizes=\"auto, (max-width: 10px) 100vw, 10px\" \/> Oliver Seidler (Einzelspiel), Markus G\u00f6tz (Konferenz)<\/p>\n\n\n\n<p>Field-Reporter: Riccardo Basile<\/p>\n\n\n\n<p><strong><em>Arminia Bielefeld \u2013 Eintracht Frankfurt (15.30 Uhr)<\/em><\/strong><\/p>\n\n\n\n<p class=\"has-normal-font-size\"><img loading=\"lazy\" decoding=\"async\" width=\"10\" height=\"21\" class=\"wp-image-3656\" style=\"width: 10px;\" src=\"http:\/\/kommentatorenblog.de\/wp-content\/uploads\/2020\/09\/shure-55sh-ii-e1601485394796.jpg\" alt=\"\" srcset=\"https:\/\/kommentatorenblog.de\/wp-content\/uploads\/2020\/09\/shure-55sh-ii-e1601485394796.jpg 415w, https:\/\/kommentatorenblog.de\/wp-content\/uploads\/2020\/09\/shure-55sh-ii-e1601485394796-142x300.jpg 142w\" sizes=\"auto, (max-width: 10px) 100vw, 10px\" \/> Hansi K\u00fcpper (Einzelspiel), Jonas Friedrich (Konferenz)<\/p>\n\n\n\n<p>Field-Reporter: Jens Westen <\/p>\n\n\n\n<p><strong><em>1. FSV Mainz 05 \u2013 SpVgg Greuther F\u00fcrth<\/em><\/strong> <strong><em>(15.30 Uhr)<\/em><\/strong><\/p>\n\n\n\n<p class=\"has-normal-font-size\"><img loading=\"lazy\" decoding=\"async\" width=\"10\" height=\"21\" class=\"wp-image-3656\" style=\"width: 10px;\" src=\"http:\/\/kommentatorenblog.de\/wp-content\/uploads\/2020\/09\/shure-55sh-ii-e1601485394796.jpg\" alt=\"\" srcset=\"https:\/\/kommentatorenblog.de\/wp-content\/uploads\/2020\/09\/shure-55sh-ii-e1601485394796.jpg 415w, https:\/\/kommentatorenblog.de\/wp-content\/uploads\/2020\/09\/shure-55sh-ii-e1601485394796-142x300.jpg 142w\" sizes=\"auto, (max-width: 10px) 100vw, 10px\" \/> Kai Dittmann (Einzelspiel), Roland Evers (Konferenz)<\/p>\n\n\n\n<p>Field-Reporter: Dirk gro\u00dfe Schlarmann<\/p>\n\n\n\n<p>Moderation: Michael Leopold, Experte: Didi Hamann<\/p>\n\n\n\n<p><span style=\"text-decoration: underline;\">ab 17.30 Uhr (Sky)<\/span><\/p>\n\n\n\n<p><strong><em>FC Bayern M\u00fcnchen <strong><em>\u2013<\/em><\/strong> Hertha BSC (18.30 Uhr)<\/em><\/strong><\/p>\n\n\n\n<p class=\"has-normal-font-size\"><img loading=\"lazy\" decoding=\"async\" width=\"10\" height=\"21\" class=\"wp-image-3656\" style=\"width: 10px;\" src=\"http:\/\/kommentatorenblog.de\/wp-content\/uploads\/2020\/09\/shure-55sh-ii-e1601485394796.jpg\" alt=\"\" srcset=\"https:\/\/kommentatorenblog.de\/wp-content\/uploads\/2020\/09\/shure-55sh-ii-e1601485394796.jpg 415w, https:\/\/kommentatorenblog.de\/wp-content\/uploads\/2020\/09\/shure-55sh-ii-e1601485394796-142x300.jpg 142w\" sizes=\"auto, (max-width: 10px) 100vw, 10px\" \/> Wolff Fuss<\/p>\n\n\n\n<p>Field-Reporter: Patrick Wasserziehr<\/p>\n\n\n\n<p>Moderation: Sebastian Hellmann, Experte: Lothar Matth\u00e4us<\/p>\n\n\n\n<p><span style=\"text-decoration: underline;\">Sonntag, 29. August 2021, ab 14.30 Uhr (DAZN)<\/span><\/p>\n\n\n\n<p><strong><em>1. FC Union Berlin \u2013 Borussia M\u00f6nchengladbach (15.30 Uhr)<\/em><\/strong><\/p>\n\n\n\n<p class=\"has-normal-font-size\"><img loading=\"lazy\" decoding=\"async\" width=\"10\" height=\"21\" class=\"wp-image-3656\" style=\"width: 10px;\" src=\"http:\/\/kommentatorenblog.de\/wp-content\/uploads\/2020\/09\/shure-55sh-ii-e1601485394796.jpg\" alt=\"\" srcset=\"https:\/\/kommentatorenblog.de\/wp-content\/uploads\/2020\/09\/shure-55sh-ii-e1601485394796.jpg 415w, https:\/\/kommentatorenblog.de\/wp-content\/uploads\/2020\/09\/shure-55sh-ii-e1601485394796-142x300.jpg 142w\" sizes=\"auto, (max-width: 10px) 100vw, 10px\" \/> Michael Born, Experte: Jonas Hummels<\/p>\n\n\n\n<p>Moderation: Alex Schl\u00fcter, Field-Reporter: Daniel Herzog<\/p>\n\n\n\n<p><span style=\"text-decoration: underline;\">ab 17.00 Uhr (DAZN)<\/span><\/p>\n\n\n\n<p><strong><em>VfL Wolfsburg \u2013 RB Leipzig (17.30 Uhr)<\/em><\/strong><\/p>\n\n\n\n<p class=\"has-normal-font-size\"><img loading=\"lazy\" decoding=\"async\" width=\"10\" height=\"21\" class=\"wp-image-3656\" style=\"width: 10px;\" src=\"http:\/\/kommentatorenblog.de\/wp-content\/uploads\/2020\/09\/shure-55sh-ii-e1601485394796.jpg\" alt=\"\" srcset=\"https:\/\/kommentatorenblog.de\/wp-content\/uploads\/2020\/09\/shure-55sh-ii-e1601485394796.jpg 415w, https:\/\/kommentatorenblog.de\/wp-content\/uploads\/2020\/09\/shure-55sh-ii-e1601485394796-142x300.jpg 142w\" sizes=\"auto, (max-width: 10px) 100vw, 10px\" \/> Jan Platte, Experte: Sebastian Knei\u00dfl<\/p>\n\n\n\n<p>Moderation: Tobi Wahnschaffe, Field-Reporter: Mario Rieker<\/p>\n\n\n\n<hr class=\"wp-block-separator\"\/>\n\n\n\n<p><strong>2<\/strong>. <strong>Bundesliga, 05. Spieltag<\/strong><\/p>\n\n\n\n<p><span style=\"text-decoration: underline;\">Freitag, 27. August 2021, ab 18.00 Uhr (Sky)<\/span> <\/p>\n\n\n\n<p><strong><em>Konferenz (18.30 Uhr) <\/em><\/strong><\/p>\n\n\n\n<p><img loading=\"lazy\" decoding=\"async\" width=\"10\" height=\"21\" class=\"wp-image-3656\" style=\"width: 10px;\" src=\"http:\/\/kommentatorenblog.de\/wp-content\/uploads\/2020\/09\/shure-55sh-ii-e1601485394796.jpg\" alt=\"\" srcset=\"https:\/\/kommentatorenblog.de\/wp-content\/uploads\/2020\/09\/shure-55sh-ii-e1601485394796.jpg 415w, https:\/\/kommentatorenblog.de\/wp-content\/uploads\/2020\/09\/shure-55sh-ii-e1601485394796-142x300.jpg 142w\" sizes=\"auto, (max-width: 10px) 100vw, 10px\" \/> Martin Gro\u00df (FCN-KSC im Fokus)<\/p>\n\n\n\n<p><strong><em>1. FC N\u00fcrnberg \u2013 Karlsruher SC<\/em><\/strong> <strong><em>(18.30 Uhr) <\/em><\/strong><\/p>\n\n\n\n<p><img loading=\"lazy\" decoding=\"async\" width=\"10\" height=\"21\" class=\"wp-image-3656\" style=\"width: 10px;\" src=\"http:\/\/kommentatorenblog.de\/wp-content\/uploads\/2020\/09\/shure-55sh-ii-e1601485394796.jpg\" alt=\"\" srcset=\"https:\/\/kommentatorenblog.de\/wp-content\/uploads\/2020\/09\/shure-55sh-ii-e1601485394796.jpg 415w, https:\/\/kommentatorenblog.de\/wp-content\/uploads\/2020\/09\/shure-55sh-ii-e1601485394796-142x300.jpg 142w\" sizes=\"auto, (max-width: 10px) 100vw, 10px\" \/> Roland Evers, Field-Reporter: Christian Akber-Sade<\/p>\n\n\n\n<p><strong><em>SV Sandhausen \u2013 FC Ingolstadt 04 (18.30 Uhr) <\/em><\/strong><\/p>\n\n\n\n<p><img loading=\"lazy\" decoding=\"async\" width=\"10\" height=\"21\" class=\"wp-image-3656\" style=\"width: 10px;\" src=\"http:\/\/kommentatorenblog.de\/wp-content\/uploads\/2020\/09\/shure-55sh-ii-e1601485394796.jpg\" alt=\"\" srcset=\"https:\/\/kommentatorenblog.de\/wp-content\/uploads\/2020\/09\/shure-55sh-ii-e1601485394796.jpg 415w, https:\/\/kommentatorenblog.de\/wp-content\/uploads\/2020\/09\/shure-55sh-ii-e1601485394796-142x300.jpg 142w\" sizes=\"auto, (max-width: 10px) 100vw, 10px\" \/> Hannes Herrmann, Interviews: Schalte<\/p>\n\n\n\n<p>Moderation: Hartmut von Kameke, Experte: Philipp Wollscheid<\/p>\n\n\n\n<p><span style=\"text-decoration: underline;\">Samstag, 28. August 2021, ab 13.00 Uhr (Sky)<\/span><\/p>\n\n\n\n<p><strong><em>Konferenz (13.30 Uhr)<\/em><\/strong><\/p>\n\n\n\n<p><img loading=\"lazy\" decoding=\"async\" width=\"10\" height=\"21\" class=\"wp-image-3656\" style=\"width: 10px;\" src=\"http:\/\/kommentatorenblog.de\/wp-content\/uploads\/2020\/09\/shure-55sh-ii-e1601485394796.jpg\" alt=\"\" srcset=\"https:\/\/kommentatorenblog.de\/wp-content\/uploads\/2020\/09\/shure-55sh-ii-e1601485394796.jpg 415w, https:\/\/kommentatorenblog.de\/wp-content\/uploads\/2020\/09\/shure-55sh-ii-e1601485394796-142x300.jpg 142w\" sizes=\"auto, (max-width: 10px) 100vw, 10px\" \/> Torsten Kunde (FCH-HSV im Fokus) <\/p>\n\n\n\n<p><strong><em>1. FC Heidenheim &#8211; Hamburger SV<\/em><\/strong> <strong><em>(13.30 Uhr)<\/em><\/strong><\/p>\n\n\n\n<p><img loading=\"lazy\" decoding=\"async\" width=\"10\" height=\"21\" class=\"wp-image-3656\" style=\"width: 10px;\" src=\"http:\/\/kommentatorenblog.de\/wp-content\/uploads\/2020\/09\/shure-55sh-ii-e1601485394796.jpg\" alt=\"\" srcset=\"https:\/\/kommentatorenblog.de\/wp-content\/uploads\/2020\/09\/shure-55sh-ii-e1601485394796.jpg 415w, https:\/\/kommentatorenblog.de\/wp-content\/uploads\/2020\/09\/shure-55sh-ii-e1601485394796-142x300.jpg 142w\" sizes=\"auto, (max-width: 10px) 100vw, 10px\" \/> Heiko Mallwitz, Field-Reporter: Alexander Bonengel<\/p>\n\n\n\n<p><strong><em>SV Darmstadt 98 &#8211; Hannover 96 (13.30 Uhr)<\/em><\/strong><\/p>\n\n\n\n<p><img loading=\"lazy\" decoding=\"async\" width=\"10\" height=\"21\" class=\"wp-image-3656\" style=\"width: 10px;\" src=\"http:\/\/kommentatorenblog.de\/wp-content\/uploads\/2020\/09\/shure-55sh-ii-e1601485394796.jpg\" alt=\"\" srcset=\"https:\/\/kommentatorenblog.de\/wp-content\/uploads\/2020\/09\/shure-55sh-ii-e1601485394796.jpg 415w, https:\/\/kommentatorenblog.de\/wp-content\/uploads\/2020\/09\/shure-55sh-ii-e1601485394796-142x300.jpg 142w\" sizes=\"auto, (max-width: 10px) 100vw, 10px\" \/> Dominik M\u00fcller, Interviews: Schalte<\/p>\n\n\n\n<p><strong><em>Holstein Kiel &#8211; Erzgebirge Aue (13.30 Uhr)<\/em><\/strong><\/p>\n\n\n\n<p><img loading=\"lazy\" decoding=\"async\" width=\"10\" height=\"21\" class=\"wp-image-3656\" style=\"width: 10px;\" src=\"http:\/\/kommentatorenblog.de\/wp-content\/uploads\/2020\/09\/shure-55sh-ii-e1601485394796.jpg\" alt=\"\" srcset=\"https:\/\/kommentatorenblog.de\/wp-content\/uploads\/2020\/09\/shure-55sh-ii-e1601485394796.jpg 415w, https:\/\/kommentatorenblog.de\/wp-content\/uploads\/2020\/09\/shure-55sh-ii-e1601485394796-142x300.jpg 142w\" sizes=\"auto, (max-width: 10px) 100vw, 10px\" \/> Joachim Hebel<\/p>\n\n\n\n<p>Moderation: Katharina Kleinfeldt<\/p>\n\n\n\n<p><span style=\"text-decoration: underline;\">ab 19.30 Uhr (SPORT1) \/ ab 20.00 Uhr (Sky)<\/span><\/p>\n\n\n\n<p><strong><em>FC Schalke 04 &#8211; Fortuna D\u00fcsseldorf (20.30 Uhr)<\/em><\/strong><\/p>\n\n\n\n<p>SPORT1: <img loading=\"lazy\" decoding=\"async\" width=\"10\" height=\"21\" class=\"wp-image-3656\" style=\"width: 10px;\" src=\"http:\/\/kommentatorenblog.de\/wp-content\/uploads\/2020\/09\/shure-55sh-ii-e1601485394796.jpg\" alt=\"\" srcset=\"https:\/\/kommentatorenblog.de\/wp-content\/uploads\/2020\/09\/shure-55sh-ii-e1601485394796.jpg 415w, https:\/\/kommentatorenblog.de\/wp-content\/uploads\/2020\/09\/shure-55sh-ii-e1601485394796-142x300.jpg 142w\" sizes=\"auto, (max-width: 10px) 100vw, 10px\" \/> Markus H\u00f6hner, Field-Reporter: Oliver M\u00fcller<\/p>\n\n\n\n<p>Sky: <img loading=\"lazy\" decoding=\"async\" width=\"10\" height=\"21\" class=\"wp-image-3656\" style=\"width: 10px;\" src=\"http:\/\/kommentatorenblog.de\/wp-content\/uploads\/2020\/09\/shure-55sh-ii-e1601485394796.jpg\" alt=\"\" srcset=\"https:\/\/kommentatorenblog.de\/wp-content\/uploads\/2020\/09\/shure-55sh-ii-e1601485394796.jpg 415w, https:\/\/kommentatorenblog.de\/wp-content\/uploads\/2020\/09\/shure-55sh-ii-e1601485394796-142x300.jpg 142w\" sizes=\"auto, (max-width: 10px) 100vw, 10px\" \/> Stefan Hempel, Co-Kommentator: Torsten Mattuschka<\/p>\n\n\n\n<p>Moderation (SPORT1): Ruth Hofmann, Experten: Olaf Thon, Peter Neururer<\/p>\n\n\n\n<p><span style=\"text-decoration: underline;\">Sonntag, 29. August 2021, ab 13.00 Uhr (Sky)<\/span><\/p>\n\n\n\n<p><strong><em>Konferenz (13.30 Uhr)<\/em><\/strong><\/p>\n\n\n\n<p><img loading=\"lazy\" decoding=\"async\" width=\"10\" height=\"21\" class=\"wp-image-3656\" style=\"width: 10px;\" src=\"http:\/\/kommentatorenblog.de\/wp-content\/uploads\/2020\/09\/shure-55sh-ii-e1601485394796.jpg\" alt=\"\" srcset=\"https:\/\/kommentatorenblog.de\/wp-content\/uploads\/2020\/09\/shure-55sh-ii-e1601485394796.jpg 415w, https:\/\/kommentatorenblog.de\/wp-content\/uploads\/2020\/09\/shure-55sh-ii-e1601485394796-142x300.jpg 142w\" sizes=\"auto, (max-width: 10px) 100vw, 10px\" \/> Torsten Kunde (SVW-HRO im Fokus)<\/p>\n\n\n\n<p><strong><em>SV Werder Bremen &#8211; Hansa Rostock (13.30 Uhr)<\/em><\/strong><\/p>\n\n\n\n<p><img loading=\"lazy\" decoding=\"async\" width=\"10\" height=\"21\" class=\"wp-image-3656\" style=\"width: 10px;\" src=\"http:\/\/kommentatorenblog.de\/wp-content\/uploads\/2020\/09\/shure-55sh-ii-e1601485394796.jpg\" alt=\"\" srcset=\"https:\/\/kommentatorenblog.de\/wp-content\/uploads\/2020\/09\/shure-55sh-ii-e1601485394796.jpg 415w, https:\/\/kommentatorenblog.de\/wp-content\/uploads\/2020\/09\/shure-55sh-ii-e1601485394796-142x300.jpg 142w\" sizes=\"auto, (max-width: 10px) 100vw, 10px\" \/> Florian Schmidt-Sommerfeld, Field-Reporter: Sven T\u00f6llner<\/p>\n\n\n\n<p><strong><em>FC St. Pauli \u2013 SSV Jahn Regensburg (13.30 Uhr)<\/em><\/strong><\/p>\n\n\n\n<p><img loading=\"lazy\" decoding=\"async\" width=\"10\" height=\"21\" class=\"wp-image-3656\" style=\"width: 10px;\" src=\"http:\/\/kommentatorenblog.de\/wp-content\/uploads\/2020\/09\/shure-55sh-ii-e1601485394796.jpg\" alt=\"\" srcset=\"https:\/\/kommentatorenblog.de\/wp-content\/uploads\/2020\/09\/shure-55sh-ii-e1601485394796.jpg 415w, https:\/\/kommentatorenblog.de\/wp-content\/uploads\/2020\/09\/shure-55sh-ii-e1601485394796-142x300.jpg 142w\" sizes=\"auto, (max-width: 10px) 100vw, 10px\" \/> Markus Gaupp<\/p>\n\n\n\n<p><strong><em>Dynamo Dresden \u2013 SC Paderborn 07 (13.30 Uhr)<\/em><\/strong><\/p>\n\n\n\n<p><img loading=\"lazy\" decoding=\"async\" width=\"10\" height=\"21\" class=\"wp-image-3656\" style=\"width: 10px;\" src=\"http:\/\/kommentatorenblog.de\/wp-content\/uploads\/2020\/09\/shure-55sh-ii-e1601485394796.jpg\" alt=\"\" srcset=\"https:\/\/kommentatorenblog.de\/wp-content\/uploads\/2020\/09\/shure-55sh-ii-e1601485394796.jpg 415w, https:\/\/kommentatorenblog.de\/wp-content\/uploads\/2020\/09\/shure-55sh-ii-e1601485394796-142x300.jpg 142w\" sizes=\"auto, (max-width: 10px) 100vw, 10px\" \/> Toni Tomic, Interviews: Schalte<\/p>\n\n\n\n<p>Moderation: Nele Schenker, Experte: Torsten Mattuschka<\/p>\n\n\n\n<hr class=\"wp-block-separator\"\/>\n\n\n\n<p><strong>3. Liga, 06. Spieltag<\/strong><\/p>\n\n\n\n<p><span style=\"text-decoration: underline;\">Freitag, 27. August 2021, ab 18.30 Uhr (Magenta Sport)<\/span><\/p>\n\n\n\n<p><strong><em>Hallescher FC <strong><em>\u2013<\/em><\/strong> SC Verl (19.00 Uhr)<\/em><\/strong><\/p>\n\n\n\n<p><img loading=\"lazy\" decoding=\"async\" width=\"10\" height=\"21\" class=\"wp-image-3656\" style=\"width: 10px;\" src=\"http:\/\/kommentatorenblog.de\/wp-content\/uploads\/2020\/09\/shure-55sh-ii-e1601485394796.jpg\" alt=\"\" srcset=\"https:\/\/kommentatorenblog.de\/wp-content\/uploads\/2020\/09\/shure-55sh-ii-e1601485394796.jpg 415w, https:\/\/kommentatorenblog.de\/wp-content\/uploads\/2020\/09\/shure-55sh-ii-e1601485394796-142x300.jpg 142w\" sizes=\"auto, (max-width: 10px) 100vw, 10px\" \/> Alexander K\u00fcpper<\/p>\n\n\n\n<p>Moderation: Gari Paubandt<\/p>\n\n\n\n<p><span style=\"text-decoration: underline;\">Samstag, 28. August 2021, ab 13.45 Uhr (Magenta Sport)<\/span><\/p>\n\n\n\n<p><strong><em>Konferenz (14.00 Uhr)<\/em><\/strong><\/p>\n\n\n\n<p><img loading=\"lazy\" decoding=\"async\" width=\"10\" height=\"21\" class=\"wp-image-3656\" style=\"width: 10px;\" src=\"http:\/\/kommentatorenblog.de\/wp-content\/uploads\/2020\/09\/shure-55sh-ii-e1601485394796.jpg\" alt=\"\" srcset=\"https:\/\/kommentatorenblog.de\/wp-content\/uploads\/2020\/09\/shure-55sh-ii-e1601485394796.jpg 415w, https:\/\/kommentatorenblog.de\/wp-content\/uploads\/2020\/09\/shure-55sh-ii-e1601485394796-142x300.jpg 142w\" sizes=\"auto, (max-width: 10px) 100vw, 10px\" \/> Alex Kunz und Sascha Bandermann<\/p>\n\n\n\n<p><strong><em>SV Wehen Wiesbaden \u2013 1. FC Magedeburg (14.00 Uhr)<\/em><\/strong><\/p>\n\n\n\n<p><img loading=\"lazy\" decoding=\"async\" width=\"10\" height=\"21\" class=\"wp-image-3656\" style=\"width: 10px;\" src=\"http:\/\/kommentatorenblog.de\/wp-content\/uploads\/2020\/09\/shure-55sh-ii-e1601485394796.jpg\" alt=\"\" srcset=\"https:\/\/kommentatorenblog.de\/wp-content\/uploads\/2020\/09\/shure-55sh-ii-e1601485394796.jpg 415w, https:\/\/kommentatorenblog.de\/wp-content\/uploads\/2020\/09\/shure-55sh-ii-e1601485394796-142x300.jpg 142w\" sizes=\"auto, (max-width: 10px) 100vw, 10px\" \/> Bastian Schwele<\/p>\n\n\n\n<p>Moderation: Stefan Fuckert<\/p>\n\n\n\n<p><strong><em>FC Viktoria Berlin <strong><em>\u2013<\/em><\/strong> Waldhof Mannheim (14.00 Uhr)<\/em><\/strong><\/p>\n\n\n\n<p><img loading=\"lazy\" decoding=\"async\" width=\"10\" height=\"21\" class=\"wp-image-3656\" style=\"width: 10px;\" src=\"http:\/\/kommentatorenblog.de\/wp-content\/uploads\/2020\/09\/shure-55sh-ii-e1601485394796.jpg\" alt=\"\" srcset=\"https:\/\/kommentatorenblog.de\/wp-content\/uploads\/2020\/09\/shure-55sh-ii-e1601485394796.jpg 415w, https:\/\/kommentatorenblog.de\/wp-content\/uploads\/2020\/09\/shure-55sh-ii-e1601485394796-142x300.jpg 142w\" sizes=\"auto, (max-width: 10px) 100vw, 10px\" \/> Markus Herwig<\/p>\n\n\n\n<p>Moderation: Michael Augustin<\/p>\n\n\n\n<p><strong><em><strong><em>T\u00fcrkg\u00fccu M\u00fcnchen <strong><em>\u2013<\/em><\/strong> VFL Osnabr\u00fcck (14.00 Uhr)<\/em><\/strong><\/em><\/strong><\/p>\n\n\n\n<p><img loading=\"lazy\" decoding=\"async\" width=\"10\" height=\"21\" class=\"wp-image-3656\" style=\"width: 10px;\" src=\"http:\/\/kommentatorenblog.de\/wp-content\/uploads\/2020\/09\/shure-55sh-ii-e1601485394796.jpg\" alt=\"\" srcset=\"https:\/\/kommentatorenblog.de\/wp-content\/uploads\/2020\/09\/shure-55sh-ii-e1601485394796.jpg 415w, https:\/\/kommentatorenblog.de\/wp-content\/uploads\/2020\/09\/shure-55sh-ii-e1601485394796-142x300.jpg 142w\" sizes=\"auto, (max-width: 10px) 100vw, 10px\" \/> Oskar Heirler<\/p>\n\n\n\n<p>Moderation:  Alexander Klich<\/p>\n\n\n\n<p><strong><em>FC Viktoria K\u00f6ln \u2013 SC Freiburg II(14.00 Uhr)<\/em><\/strong><\/p>\n\n\n\n<p><img loading=\"lazy\" decoding=\"async\" width=\"10\" height=\"21\" class=\"wp-image-3656\" style=\"width: 10px;\" src=\"http:\/\/kommentatorenblog.de\/wp-content\/uploads\/2020\/09\/shure-55sh-ii-e1601485394796.jpg\" alt=\"\" srcset=\"https:\/\/kommentatorenblog.de\/wp-content\/uploads\/2020\/09\/shure-55sh-ii-e1601485394796.jpg 415w, https:\/\/kommentatorenblog.de\/wp-content\/uploads\/2020\/09\/shure-55sh-ii-e1601485394796-142x300.jpg 142w\" sizes=\"auto, (max-width: 10px) 100vw, 10px\" \/> Mike M\u00fcnkel<\/p>\n\n\n\n<p>Moderation: Thomas Wagner<\/p>\n\n\n\n<p><span style=\"text-decoration: underline;\">ab 13.45 Uhr (Magenta Sport\/BR,NDR)<\/span> <\/p>\n\n\n\n<p><strong><em>Eintracht Braunschweig \u2013 TSV 1860 M\u00fcnchen (14.00 Uhr)<\/em><\/strong><\/p>\n\n\n\n<p><img loading=\"lazy\" decoding=\"async\" width=\"10\" height=\"21\" class=\"wp-image-3656\" style=\"width: 10px;\" src=\"http:\/\/kommentatorenblog.de\/wp-content\/uploads\/2020\/09\/shure-55sh-ii-e1601485394796.jpg\" alt=\"\" srcset=\"https:\/\/kommentatorenblog.de\/wp-content\/uploads\/2020\/09\/shure-55sh-ii-e1601485394796.jpg 415w, https:\/\/kommentatorenblog.de\/wp-content\/uploads\/2020\/09\/shure-55sh-ii-e1601485394796-142x300.jpg 142w\" sizes=\"auto, (max-width: 10px) 100vw, 10px\" \/> Magenta Sport: Andreas Mann<\/p>\n\n\n\n<p><img loading=\"lazy\" decoding=\"async\" width=\"10\" height=\"21\" class=\"wp-image-3656\" style=\"width: 10px;\" src=\"http:\/\/kommentatorenblog.de\/wp-content\/uploads\/2020\/09\/shure-55sh-ii-e1601485394796.jpg\" alt=\"\" srcset=\"https:\/\/kommentatorenblog.de\/wp-content\/uploads\/2020\/09\/shure-55sh-ii-e1601485394796.jpg 415w, https:\/\/kommentatorenblog.de\/wp-content\/uploads\/2020\/09\/shure-55sh-ii-e1601485394796-142x300.jpg 142w\" sizes=\"auto, (max-width: 10px) 100vw, 10px\" \/> NDR-Stream: Patrick Halatsch<\/p>\n\n\n\n<p><img loading=\"lazy\" decoding=\"async\" width=\"10\" height=\"21\" class=\"wp-image-3656\" style=\"width: 10px;\" src=\"http:\/\/kommentatorenblog.de\/wp-content\/uploads\/2020\/09\/shure-55sh-ii-e1601485394796.jpg\" alt=\"\" srcset=\"https:\/\/kommentatorenblog.de\/wp-content\/uploads\/2020\/09\/shure-55sh-ii-e1601485394796.jpg 415w, https:\/\/kommentatorenblog.de\/wp-content\/uploads\/2020\/09\/shure-55sh-ii-e1601485394796-142x300.jpg 142w\" sizes=\"auto, (max-width: 10px) 100vw, 10px\" \/> BR: Lukas Sch\u00f6nm\u00fcller<\/p>\n\n\n\n<p>Moderation (Magenta Sport): Annett Sattler<\/p>\n\n\n\n<p>Moderation (BR): Julia B\u00fcchler<\/p>\n\n\n\n<p><span style=\"text-decoration: underline;\">ab 13.45 Uhr (Magenta Sport\/SWR,MDR))<\/span>  <\/p>\n\n\n\n<p><strong><em>1. FC Kaiserslautern \u2013 FSV Zwickau (14.00 Uhr)<\/em><\/strong><\/p>\n\n\n\n<p><img loading=\"lazy\" decoding=\"async\" width=\"10\" height=\"21\" class=\"wp-image-3656\" style=\"width: 10px;\" src=\"http:\/\/kommentatorenblog.de\/wp-content\/uploads\/2020\/09\/shure-55sh-ii-e1601485394796.jpg\" alt=\"\" srcset=\"https:\/\/kommentatorenblog.de\/wp-content\/uploads\/2020\/09\/shure-55sh-ii-e1601485394796.jpg 415w, https:\/\/kommentatorenblog.de\/wp-content\/uploads\/2020\/09\/shure-55sh-ii-e1601485394796-142x300.jpg 142w\" sizes=\"auto, (max-width: 10px) 100vw, 10px\" \/> Magenta Sport: Christian Stra\u00dfburger<\/p>\n\n\n\n<p><img loading=\"lazy\" decoding=\"async\" width=\"10\" height=\"21\" class=\"wp-image-3656\" style=\"width: 10px;\" src=\"http:\/\/kommentatorenblog.de\/wp-content\/uploads\/2020\/09\/shure-55sh-ii-e1601485394796.jpg\" alt=\"\" srcset=\"https:\/\/kommentatorenblog.de\/wp-content\/uploads\/2020\/09\/shure-55sh-ii-e1601485394796.jpg 415w, https:\/\/kommentatorenblog.de\/wp-content\/uploads\/2020\/09\/shure-55sh-ii-e1601485394796-142x300.jpg 142w\" sizes=\"auto, (max-width: 10px) 100vw, 10px\" \/> SWR: Frank Grundhever<\/p>\n\n\n\n<p>Moderation (Magenta Sport): Tobi Sch\u00e4fer<\/p>\n\n\n\n<p>Moderation (SWR): Benjamin W\u00fcst <\/p>\n\n\n\n<p><span style=\"text-decoration: underline;\">Sonntag, 29. August 2021, 12.45 Uhr (Magenta Sport)<\/span><\/p>\n\n\n\n<p><strong><em>Borussia Dortmund II <strong><em>\u2013<\/em><\/strong> MSV Duisburg (13.00 Uhr)<\/em><\/strong><\/p>\n\n\n\n<p><img loading=\"lazy\" decoding=\"async\" width=\"10\" height=\"21\" class=\"wp-image-3656\" style=\"width: 10px;\" src=\"http:\/\/kommentatorenblog.de\/wp-content\/uploads\/2020\/09\/shure-55sh-ii-e1601485394796.jpg\" alt=\"\" srcset=\"https:\/\/kommentatorenblog.de\/wp-content\/uploads\/2020\/09\/shure-55sh-ii-e1601485394796.jpg 415w, https:\/\/kommentatorenblog.de\/wp-content\/uploads\/2020\/09\/shure-55sh-ii-e1601485394796-142x300.jpg 142w\" sizes=\"auto, (max-width: 10px) 100vw, 10px\" \/> Markus H\u00f6hner<\/p>\n\n\n\n<p>Moderation: Cedric Pick<\/p>\n\n\n\n<p><span style=\"text-decoration: underline;\">ab 13.45 Uhr (Magenta Sport)<\/span><\/p>\n\n\n\n<p><strong><em>W\u00fcrzburger Kickers <strong><em>\u2013<\/em><\/strong> 1. FC Saarbr\u00fccken (14.00 Uhr)<\/em><\/strong><\/p>\n\n\n\n<p><img loading=\"lazy\" decoding=\"async\" width=\"10\" height=\"21\" class=\"wp-image-3656\" style=\"width: 10px;\" src=\"http:\/\/kommentatorenblog.de\/wp-content\/uploads\/2020\/09\/shure-55sh-ii-e1601485394796.jpg\" alt=\"\" srcset=\"https:\/\/kommentatorenblog.de\/wp-content\/uploads\/2020\/09\/shure-55sh-ii-e1601485394796.jpg 415w, https:\/\/kommentatorenblog.de\/wp-content\/uploads\/2020\/09\/shure-55sh-ii-e1601485394796-142x300.jpg 142w\" sizes=\"auto, (max-width: 10px) 100vw, 10px\" \/> Mario Bast <\/p>\n\n\n\n<p>Moderation: Sascha Bandermann <\/p>\n\n\n\n<p><span style=\"text-decoration: underline;\">Montag, 30. August 2021, Uhr (Magenta Sport)<\/span><\/p>\n\n\n\n<p><strong><em><strong><em>SV Meppen <strong><em>\u2013<\/em><\/strong> TSV Havelse<\/em><\/strong> (19.00 Uhr)<\/em><\/strong><\/p>\n\n\n\n<p><img loading=\"lazy\" decoding=\"async\" width=\"10\" height=\"21\" class=\"wp-image-3656\" style=\"width: 10px;\" src=\"http:\/\/kommentatorenblog.de\/wp-content\/uploads\/2020\/09\/shure-55sh-ii-e1601485394796.jpg\" alt=\"\" srcset=\"https:\/\/kommentatorenblog.de\/wp-content\/uploads\/2020\/09\/shure-55sh-ii-e1601485394796.jpg 415w, https:\/\/kommentatorenblog.de\/wp-content\/uploads\/2020\/09\/shure-55sh-ii-e1601485394796-142x300.jpg 142w\" sizes=\"auto, (max-width: 10px) 100vw, 10px\" \/> Christian Stra\u00dfburger<\/p>\n\n\n\n<p>Moderation: Thomas Wagner<\/p>\n\n\n\n<hr class=\"wp-block-separator\"\/>\n\n\n\n<p><strong>Premier League, 03. Spieltag (Sky)<\/strong><\/p>\n\n\n\n<p><span style=\"text-decoration: underline;\">Samstag, 28. August 2021, ab 13.20 Uhr<\/span><\/p>\n\n\n\n<p><strong><em>Manchester City \u2013 FC Arsenal (13.30 Uhr) <\/em><\/strong><\/p>\n\n\n\n<p><img loading=\"lazy\" decoding=\"async\" width=\"10\" height=\"21\" class=\"wp-image-3656\" style=\"width: 10px;\" src=\"http:\/\/kommentatorenblog.de\/wp-content\/uploads\/2020\/09\/shure-55sh-ii-e1601485394796.jpg\" alt=\"\" srcset=\"https:\/\/kommentatorenblog.de\/wp-content\/uploads\/2020\/09\/shure-55sh-ii-e1601485394796.jpg 415w, https:\/\/kommentatorenblog.de\/wp-content\/uploads\/2020\/09\/shure-55sh-ii-e1601485394796-142x300.jpg 142w\" sizes=\"auto, (max-width: 10px) 100vw, 10px\" \/> Uli Hebel<\/p>\n\n\n\n<p> <span style=\"text-decoration: underline;\">ab 15.50 Uhr<\/span> <\/p>\n\n\n\n<p><strong><em>Newcastle United \u2013&nbsp;FC Southampton (16.00 Uhr)<\/em><\/strong><\/p>\n\n\n\n<p><img loading=\"lazy\" decoding=\"async\" width=\"10\" height=\"21\" class=\"wp-image-3656\" style=\"width: 10px;\" src=\"http:\/\/kommentatorenblog.de\/wp-content\/uploads\/2020\/09\/shure-55sh-ii-e1601485394796.jpg\" alt=\"\" srcset=\"https:\/\/kommentatorenblog.de\/wp-content\/uploads\/2020\/09\/shure-55sh-ii-e1601485394796.jpg 415w, https:\/\/kommentatorenblog.de\/wp-content\/uploads\/2020\/09\/shure-55sh-ii-e1601485394796-142x300.jpg 142w\" sizes=\"auto, (max-width: 10px) 100vw, 10px\" \/> Markus Gaupp<\/p>\n\n\n\n<p><strong><em>West Ham United \u2013&nbsp;Crystal Palace (16.00 Uhr)<\/em><\/strong><\/p>\n\n\n\n<p><img loading=\"lazy\" decoding=\"async\" width=\"10\" height=\"21\" class=\"wp-image-3656\" style=\"width: 10px;\" src=\"http:\/\/kommentatorenblog.de\/wp-content\/uploads\/2020\/09\/shure-55sh-ii-e1601485394796.jpg\" alt=\"\" srcset=\"https:\/\/kommentatorenblog.de\/wp-content\/uploads\/2020\/09\/shure-55sh-ii-e1601485394796.jpg 415w, https:\/\/kommentatorenblog.de\/wp-content\/uploads\/2020\/09\/shure-55sh-ii-e1601485394796-142x300.jpg 142w\" sizes=\"auto, (max-width: 10px) 100vw, 10px\" \/> Hannes Herrmann<\/p>\n\n\n\n<p> <span style=\"text-decoration: underline;\">ab 18.00 Uhr<\/span> <\/p>\n\n\n\n<p><strong><em>FC Liverpool \u2013 FC Chelsea (18.30 Uhr)<\/em><\/strong><\/p>\n\n\n\n<p><img loading=\"lazy\" decoding=\"async\" width=\"10\" height=\"21\" class=\"wp-image-3656\" style=\"width: 10px;\" src=\"http:\/\/kommentatorenblog.de\/wp-content\/uploads\/2020\/09\/shure-55sh-ii-e1601485394796.jpg\" alt=\"\" srcset=\"https:\/\/kommentatorenblog.de\/wp-content\/uploads\/2020\/09\/shure-55sh-ii-e1601485394796.jpg 415w, https:\/\/kommentatorenblog.de\/wp-content\/uploads\/2020\/09\/shure-55sh-ii-e1601485394796-142x300.jpg 142w\" sizes=\"auto, (max-width: 10px) 100vw, 10px\" \/> Florian Schmidt-Sommerfeld, Experte: Mladen Petric<\/p>\n\n\n\n<p>Field-Reporter: Raphael Honigstein <\/p>\n\n\n\n<p> <span style=\"text-decoration: underline;\">Sonntag, 29. August 2021, ab 14.50 Uhr<\/span> <\/p>\n\n\n\n<p><strong><em>Tottenham Hotspur \u2013 FC Watford (15.00 Uhr)<\/em><\/strong> <\/p>\n\n\n\n<p><img loading=\"lazy\" decoding=\"async\" width=\"10\" height=\"21\" class=\"wp-image-3656\" style=\"width: 10px;\" src=\"http:\/\/kommentatorenblog.de\/wp-content\/uploads\/2020\/09\/shure-55sh-ii-e1601485394796.jpg\" alt=\"\" srcset=\"https:\/\/kommentatorenblog.de\/wp-content\/uploads\/2020\/09\/shure-55sh-ii-e1601485394796.jpg 415w, https:\/\/kommentatorenblog.de\/wp-content\/uploads\/2020\/09\/shure-55sh-ii-e1601485394796-142x300.jpg 142w\" sizes=\"auto, (max-width: 10px) 100vw, 10px\" \/> Hannes Herrmann<\/p>\n\n\n\n<p><strong><em>FC Burnley \u2013 Leeds United (15.00 Uhr)<\/em><\/strong><\/p>\n\n\n\n<p><img loading=\"lazy\" decoding=\"async\" width=\"10\" height=\"21\" class=\"wp-image-3656\" style=\"width: 10px;\" src=\"http:\/\/kommentatorenblog.de\/wp-content\/uploads\/2020\/09\/shure-55sh-ii-e1601485394796.jpg\" alt=\"\" srcset=\"https:\/\/kommentatorenblog.de\/wp-content\/uploads\/2020\/09\/shure-55sh-ii-e1601485394796.jpg 415w, https:\/\/kommentatorenblog.de\/wp-content\/uploads\/2020\/09\/shure-55sh-ii-e1601485394796-142x300.jpg 142w\" sizes=\"auto, (max-width: 10px) 100vw, 10px\" \/> Sven Schr\u00f6ter<\/p>\n\n\n\n<p><span style=\"text-decoration: underline;\">ab 17.20 Uhr<\/span><\/p>\n\n\n\n<p><strong><em>Wolverhampton Wanderers \u2013 Manchester United (17.30 Uhr)<\/em><\/strong><\/p>\n\n\n\n<p><img loading=\"lazy\" decoding=\"async\" width=\"10\" height=\"21\" class=\"wp-image-3656\" style=\"width: 10px;\" src=\"http:\/\/kommentatorenblog.de\/wp-content\/uploads\/2020\/09\/shure-55sh-ii-e1601485394796.jpg\" alt=\"\" srcset=\"https:\/\/kommentatorenblog.de\/wp-content\/uploads\/2020\/09\/shure-55sh-ii-e1601485394796.jpg 415w, https:\/\/kommentatorenblog.de\/wp-content\/uploads\/2020\/09\/shure-55sh-ii-e1601485394796-142x300.jpg 142w\" sizes=\"auto, (max-width: 10px) 100vw, 10px\" \/> Joachim Hebel<\/p>\n\n\n\n<hr class=\"wp-block-separator\"\/>\n\n\n\n<p><strong>La Liga, 03. Spieltag (DAZN)<\/strong><\/p>\n\n\n\n<p><span style=\"text-decoration: underline;\">Freitag, 27. August 2021<\/span> <\/p>\n\n\n\n<p><strong><em>FC Valencia \u2013 Deportivo Alav\u00e9s (19.30 Uhr)<\/em><\/strong><\/p>\n\n\n\n<p><img loading=\"lazy\" decoding=\"async\" width=\"10\" height=\"21\" class=\"wp-image-3656\" style=\"width: 10px;\" src=\"http:\/\/kommentatorenblog.de\/wp-content\/uploads\/2020\/09\/shure-55sh-ii-e1601485394796.jpg\" alt=\"\" srcset=\"https:\/\/kommentatorenblog.de\/wp-content\/uploads\/2020\/09\/shure-55sh-ii-e1601485394796.jpg 415w, https:\/\/kommentatorenblog.de\/wp-content\/uploads\/2020\/09\/shure-55sh-ii-e1601485394796-142x300.jpg 142w\" sizes=\"auto, (max-width: 10px) 100vw, 10px\" \/> Tobi Fischbeck<\/p>\n\n\n\n<p><span style=\"text-decoration: underline;\">Samstag, 28. August 2021<\/span> <\/p>\n\n\n\n<p><strong><em>Elche \u2013 FC Sevilla (19.30 Uhr)<\/em><\/strong><\/p>\n\n\n\n<p><img loading=\"lazy\" decoding=\"async\" width=\"10\" height=\"21\" class=\"wp-image-3656\" style=\"width: 10px;\" src=\"http:\/\/kommentatorenblog.de\/wp-content\/uploads\/2020\/09\/shure-55sh-ii-e1601485394796.jpg\" alt=\"\" srcset=\"https:\/\/kommentatorenblog.de\/wp-content\/uploads\/2020\/09\/shure-55sh-ii-e1601485394796.jpg 415w, https:\/\/kommentatorenblog.de\/wp-content\/uploads\/2020\/09\/shure-55sh-ii-e1601485394796-142x300.jpg 142w\" sizes=\"auto, (max-width: 10px) 100vw, 10px\" \/> Adrian Geiler<\/p>\n\n\n\n<p><strong><em>Real Betis \u2013 Real Madrid (22.00 Uhr)<\/em><\/strong><\/p>\n\n\n\n<p><img loading=\"lazy\" decoding=\"async\" width=\"10\" height=\"21\" class=\"wp-image-3656\" style=\"width: 10px;\" src=\"http:\/\/kommentatorenblog.de\/wp-content\/uploads\/2020\/09\/shure-55sh-ii-e1601485394796.jpg\" alt=\"\" srcset=\"https:\/\/kommentatorenblog.de\/wp-content\/uploads\/2020\/09\/shure-55sh-ii-e1601485394796.jpg 415w, https:\/\/kommentatorenblog.de\/wp-content\/uploads\/2020\/09\/shure-55sh-ii-e1601485394796-142x300.jpg 142w\" sizes=\"auto, (max-width: 10px) 100vw, 10px\" \/> Lukas Sch\u00f6nm\u00fcller, Experte: Sascha Bigalke<\/p>\n\n\n\n<p><span style=\"text-decoration: underline;\">Sonntag, 29. August 2021<\/span> <\/p>\n\n\n\n<p><strong><em>FC Barcelona \u2013 FC Getafe (17.00 Uhr)<\/em><\/strong><\/p>\n\n\n\n<p><img loading=\"lazy\" decoding=\"async\" width=\"10\" height=\"21\" class=\"wp-image-3656\" style=\"width: 10px;\" src=\"http:\/\/kommentatorenblog.de\/wp-content\/uploads\/2020\/09\/shure-55sh-ii-e1601485394796.jpg\" alt=\"\" srcset=\"https:\/\/kommentatorenblog.de\/wp-content\/uploads\/2020\/09\/shure-55sh-ii-e1601485394796.jpg 415w, https:\/\/kommentatorenblog.de\/wp-content\/uploads\/2020\/09\/shure-55sh-ii-e1601485394796-142x300.jpg 142w\" sizes=\"auto, (max-width: 10px) 100vw, 10px\" \/> Uli Hebel, Experte: Max Nicu<\/p>\n\n\n\n<p><strong><em>Atletico Madrid \u2013 FC Villarreal (22.00 Uhr)<\/em><\/strong><\/p>\n\n\n\n<p><img loading=\"lazy\" decoding=\"async\" width=\"10\" height=\"21\" class=\"wp-image-3656\" style=\"width: 10px;\" src=\"http:\/\/kommentatorenblog.de\/wp-content\/uploads\/2020\/09\/shure-55sh-ii-e1601485394796.jpg\" alt=\"\" srcset=\"https:\/\/kommentatorenblog.de\/wp-content\/uploads\/2020\/09\/shure-55sh-ii-e1601485394796.jpg 415w, https:\/\/kommentatorenblog.de\/wp-content\/uploads\/2020\/09\/shure-55sh-ii-e1601485394796-142x300.jpg 142w\" sizes=\"auto, (max-width: 10px) 100vw, 10px\" \/> Oliver Forster<\/p>\n\n\n\n<hr class=\"wp-block-separator\"\/>\n\n\n\n<p><strong>Serie A, 02. Spieltag (DAZN) <\/strong><\/p>\n\n\n\n<p><span style=\"text-decoration: underline;\">Freitag, 27. August 2021<\/span><\/p>\n\n\n\n<p><strong><em>Hellas Verona \u2013 Inter Mailand (20.45 Uhr) <\/em><\/strong><\/p>\n\n\n\n<p><img loading=\"lazy\" decoding=\"async\" width=\"10\" height=\"21\" class=\"wp-image-3656\" style=\"width: 10px;\" src=\"http:\/\/kommentatorenblog.de\/wp-content\/uploads\/2020\/09\/shure-55sh-ii-e1601485394796.jpg\" alt=\"\" srcset=\"https:\/\/kommentatorenblog.de\/wp-content\/uploads\/2020\/09\/shure-55sh-ii-e1601485394796.jpg 415w, https:\/\/kommentatorenblog.de\/wp-content\/uploads\/2020\/09\/shure-55sh-ii-e1601485394796-142x300.jpg 142w\" sizes=\"auto, (max-width: 10px) 100vw, 10px\" \/> Uwe Morawe, Experte: Michael Hofmann<\/p>\n\n\n\n<p><span style=\"text-decoration: underline;\">Samstag, 28. August 2021<\/span><\/p>\n\n\n\n<p><strong><em>Atalanta Bergamo \u2013 FC Bologna (18.30 Uhr) <\/em><\/strong><\/p>\n\n\n\n<p><img loading=\"lazy\" decoding=\"async\" width=\"10\" height=\"21\" class=\"wp-image-3656\" style=\"width: 10px;\" src=\"http:\/\/kommentatorenblog.de\/wp-content\/uploads\/2020\/09\/shure-55sh-ii-e1601485394796.jpg\" alt=\"\" srcset=\"https:\/\/kommentatorenblog.de\/wp-content\/uploads\/2020\/09\/shure-55sh-ii-e1601485394796.jpg 415w, https:\/\/kommentatorenblog.de\/wp-content\/uploads\/2020\/09\/shure-55sh-ii-e1601485394796-142x300.jpg 142w\" sizes=\"auto, (max-width: 10px) 100vw, 10px\" \/> Christoph Stadtler, Experte: Christian Bernhard<\/p>\n\n\n\n<p><strong><em>Juventus Turin \u2013 FC Empoli (20.45 Uhr) <\/em><\/strong><\/p>\n\n\n\n<p><img loading=\"lazy\" decoding=\"async\" width=\"10\" height=\"21\" class=\"wp-image-3656\" style=\"width: 10px;\" src=\"http:\/\/kommentatorenblog.de\/wp-content\/uploads\/2020\/09\/shure-55sh-ii-e1601485394796.jpg\" alt=\"\" srcset=\"https:\/\/kommentatorenblog.de\/wp-content\/uploads\/2020\/09\/shure-55sh-ii-e1601485394796.jpg 415w, https:\/\/kommentatorenblog.de\/wp-content\/uploads\/2020\/09\/shure-55sh-ii-e1601485394796-142x300.jpg 142w\" sizes=\"auto, (max-width: 10px) 100vw, 10px\" \/> Matthias Naebers<\/p>\n\n\n\n<p><span style=\"text-decoration: underline;\">Sonntag, 29. August 2021<\/span><\/p>\n\n\n\n<p><strong><em>AC Mailand \u2013 Cagliari (20.45 Uhr) <\/em><\/strong><\/p>\n\n\n\n<p> <img loading=\"lazy\" decoding=\"async\" width=\"10\" height=\"21\" class=\"wp-image-3656\" style=\"width: 10px;\" src=\"http:\/\/kommentatorenblog.de\/wp-content\/uploads\/2020\/09\/shure-55sh-ii-e1601485394796.jpg\" alt=\"\" srcset=\"https:\/\/kommentatorenblog.de\/wp-content\/uploads\/2020\/09\/shure-55sh-ii-e1601485394796.jpg 415w, https:\/\/kommentatorenblog.de\/wp-content\/uploads\/2020\/09\/shure-55sh-ii-e1601485394796-142x300.jpg 142w\" sizes=\"auto, (max-width: 10px) 100vw, 10px\" \/> Carsten Fu\u00df<\/p>\n\n\n\n<hr class=\"wp-block-separator\"\/>\n\n\n\n<p><strong>Ligue 1, 04. Spieltag (DAZN)<\/strong><\/p>\n\n\n\n<p><span style=\"text-decoration: underline;\">Samstag, 28. August 2021<\/span>  <\/p>\n\n\n\n<p><strong><em>Olympique Marseille \u2013 Saint Etienne (21.00 Uhr)<\/em><\/strong><\/p>\n\n\n\n<p><img loading=\"lazy\" decoding=\"async\" width=\"10\" height=\"21\" class=\"wp-image-3656\" style=\"width: 10px;\" src=\"http:\/\/kommentatorenblog.de\/wp-content\/uploads\/2020\/09\/shure-55sh-ii-e1601485394796.jpg\" alt=\"\" srcset=\"https:\/\/kommentatorenblog.de\/wp-content\/uploads\/2020\/09\/shure-55sh-ii-e1601485394796.jpg 415w, https:\/\/kommentatorenblog.de\/wp-content\/uploads\/2020\/09\/shure-55sh-ii-e1601485394796-142x300.jpg 142w\" sizes=\"auto, (max-width: 10px) 100vw, 10px\" \/> Claus M\u00fcller <\/p>\n\n\n\n<p><span style=\"text-decoration: underline;\">Sonntag, 22. August 2021<\/span>  <\/p>\n\n\n\n<p><strong><em>Stade Reims \u2013 Paris Saint Germain (20.45 Uhr)<\/em><\/strong> <\/p>\n\n\n\n<p><img loading=\"lazy\" decoding=\"async\" width=\"10\" height=\"21\" class=\"wp-image-3656\" style=\"width: 10px;\" src=\"http:\/\/kommentatorenblog.de\/wp-content\/uploads\/2020\/09\/shure-55sh-ii-e1601485394796.jpg\" alt=\"\" srcset=\"https:\/\/kommentatorenblog.de\/wp-content\/uploads\/2020\/09\/shure-55sh-ii-e1601485394796.jpg 415w, https:\/\/kommentatorenblog.de\/wp-content\/uploads\/2020\/09\/shure-55sh-ii-e1601485394796-142x300.jpg 142w\" sizes=\"auto, (max-width: 10px) 100vw, 10px\" \/> Stefan Galler, Experte: Alexis Menuge <\/p>\n\n\n\n<hr class=\"wp-block-separator\"\/>\n\n\n\n<p><strong>Frauen- Bundesliga, 1. Spieltag  <\/strong><\/p>\n\n\n\n<p><span style=\"text-decoration: underline;\">Freitag, 27. August 2021, ab 19.00 Uhr (Magenta Sport\/ Eurosport) <\/span>    <\/p>\n\n\n\n<p><strong><em>TSG 1899 Hoffenheim <strong><em>\u2013<\/em><\/strong> SC Freiburg (19.15 Uhr) <\/em><\/strong><\/p>\n\n\n\n<p><img loading=\"lazy\" decoding=\"async\" width=\"10\" height=\"21\" class=\"wp-image-3656\" style=\"width: 10px;\" src=\"http:\/\/kommentatorenblog.de\/wp-content\/uploads\/2020\/09\/shure-55sh-ii-e1601485394796.jpg\" alt=\"\" srcset=\"https:\/\/kommentatorenblog.de\/wp-content\/uploads\/2020\/09\/shure-55sh-ii-e1601485394796.jpg 415w, https:\/\/kommentatorenblog.de\/wp-content\/uploads\/2020\/09\/shure-55sh-ii-e1601485394796-142x300.jpg 142w\" sizes=\"auto, (max-width: 10px) 100vw, 10px\" \/> Magenta Sport: Alexander Kunz<\/p>\n\n\n\n<p><img loading=\"lazy\" decoding=\"async\" width=\"10\" height=\"21\" class=\"wp-image-3656\" style=\"width: 10px;\" src=\"http:\/\/kommentatorenblog.de\/wp-content\/uploads\/2020\/09\/shure-55sh-ii-e1601485394796.jpg\" alt=\"\" srcset=\"https:\/\/kommentatorenblog.de\/wp-content\/uploads\/2020\/09\/shure-55sh-ii-e1601485394796.jpg 415w, https:\/\/kommentatorenblog.de\/wp-content\/uploads\/2020\/09\/shure-55sh-ii-e1601485394796-142x300.jpg 142w\" sizes=\"auto, (max-width: 10px) 100vw, 10px\" \/> Eurosport: Markus Theil<\/p>\n\n\n\n<p>Moderation Magenta Sport: Martin Piller<\/p>\n\n\n\n<p><span style=\"text-decoration: underline;\">Samstag, 28. August 2021, ab 12:55Uhr (Magenta Sport\/ rbb Brandenburg) <\/span>    <\/p>\n\n\n\n<p><strong><em>Vfl Wolfsburg <strong><em>\u2013<\/em><\/strong> 1.FFC Turbine Potsdam (13.00 Uhr) <\/em><\/strong> <\/p>\n\n\n\n<p><img loading=\"lazy\" decoding=\"async\" width=\"10\" height=\"21\" class=\"wp-image-3656\" style=\"width: 10px;\" src=\"http:\/\/kommentatorenblog.de\/wp-content\/uploads\/2020\/09\/shure-55sh-ii-e1601485394796.jpg\" alt=\"\" srcset=\"https:\/\/kommentatorenblog.de\/wp-content\/uploads\/2020\/09\/shure-55sh-ii-e1601485394796.jpg 415w, https:\/\/kommentatorenblog.de\/wp-content\/uploads\/2020\/09\/shure-55sh-ii-e1601485394796-142x300.jpg 142w\" sizes=\"auto, (max-width: 10px) 100vw, 10px\" \/> Magenta Sport: Michael Seyberth<\/p>\n\n\n\n<p><img loading=\"lazy\" decoding=\"async\" width=\"10\" height=\"21\" class=\"wp-image-3656\" style=\"width: 10px;\" src=\"http:\/\/kommentatorenblog.de\/wp-content\/uploads\/2020\/09\/shure-55sh-ii-e1601485394796.jpg\" alt=\"\" srcset=\"https:\/\/kommentatorenblog.de\/wp-content\/uploads\/2020\/09\/shure-55sh-ii-e1601485394796.jpg 415w, https:\/\/kommentatorenblog.de\/wp-content\/uploads\/2020\/09\/shure-55sh-ii-e1601485394796-142x300.jpg 142w\" sizes=\"auto, (max-width: 10px) 100vw, 10px\" \/> rbb: ???<\/p>\n\n\n\n<p><strong><em>SGS Essen <strong><em>\u2013<\/em><\/strong> 1.FC K\u00f6ln (16.00 Uhr) <\/em><\/strong>  <\/p>\n\n\n\n<p><img loading=\"lazy\" decoding=\"async\" width=\"10\" height=\"21\" class=\"wp-image-3656\" style=\"width: 10px;\" src=\"http:\/\/kommentatorenblog.de\/wp-content\/uploads\/2020\/09\/shure-55sh-ii-e1601485394796.jpg\" alt=\"\" srcset=\"https:\/\/kommentatorenblog.de\/wp-content\/uploads\/2020\/09\/shure-55sh-ii-e1601485394796.jpg 415w, https:\/\/kommentatorenblog.de\/wp-content\/uploads\/2020\/09\/shure-55sh-ii-e1601485394796-142x300.jpg 142w\" sizes=\"auto, (max-width: 10px) 100vw, 10px\" \/> Martin Piller<\/p>\n\n\n\n<p><span style=\"text-decoration: underline;\">Sonntag, 29. August 2021, ab 12.45 Uhr (Magenta Sport) <\/span>    <\/p>\n\n\n\n<p><strong><em>FC Carl Zeiss Jena <strong><em>\u2013<\/em><\/strong> Bayer 04 Leverkusen (13.00 Uhr)  <\/em><\/strong>  <\/p>\n\n\n\n<p><img loading=\"lazy\" decoding=\"async\" width=\"10\" height=\"21\" class=\"wp-image-3656\" style=\"width: 10px;\" src=\"http:\/\/kommentatorenblog.de\/wp-content\/uploads\/2020\/09\/shure-55sh-ii-e1601485394796.jpg\" alt=\"\" srcset=\"https:\/\/kommentatorenblog.de\/wp-content\/uploads\/2020\/09\/shure-55sh-ii-e1601485394796.jpg 415w, https:\/\/kommentatorenblog.de\/wp-content\/uploads\/2020\/09\/shure-55sh-ii-e1601485394796-142x300.jpg 142w\" sizes=\"auto, (max-width: 10px) 100vw, 10px\" \/> Martin Piller<\/p>\n\n\n\n<p><strong><em>Eintracht Frankfurt <strong><em>\u2013<\/em><\/strong> SC Sand (13.00 Uhr) <\/em><\/strong>   <\/p>\n\n\n\n<p><img loading=\"lazy\" decoding=\"async\" width=\"10\" height=\"21\" class=\"wp-image-3656\" style=\"width: 10px;\" src=\"http:\/\/kommentatorenblog.de\/wp-content\/uploads\/2020\/09\/shure-55sh-ii-e1601485394796.jpg\" alt=\"\" srcset=\"https:\/\/kommentatorenblog.de\/wp-content\/uploads\/2020\/09\/shure-55sh-ii-e1601485394796.jpg 415w, https:\/\/kommentatorenblog.de\/wp-content\/uploads\/2020\/09\/shure-55sh-ii-e1601485394796-142x300.jpg 142w\" sizes=\"auto, (max-width: 10px) 100vw, 10px\" \/> Michael Seyberth<\/p>\n\n\n\n<p><strong><em>FC Bayern M\u00fcnchen <strong><em>\u2013<\/em><\/strong> SV Werder Bremen (16.00 Uhr)<\/em><\/strong><\/p>\n\n\n\n<p><img loading=\"lazy\" decoding=\"async\" width=\"10\" height=\"21\" class=\"wp-image-3656\" style=\"width: 10px;\" src=\"http:\/\/kommentatorenblog.de\/wp-content\/uploads\/2020\/09\/shure-55sh-ii-e1601485394796.jpg\" alt=\"\" srcset=\"https:\/\/kommentatorenblog.de\/wp-content\/uploads\/2020\/09\/shure-55sh-ii-e1601485394796.jpg 415w, https:\/\/kommentatorenblog.de\/wp-content\/uploads\/2020\/09\/shure-55sh-ii-e1601485394796-142x300.jpg 142w\" sizes=\"auto, (max-width: 10px) 100vw, 10px\" \/> Oskar Heirler<\/p>\n\n\n\n<hr class=\"wp-block-separator\"\/>\n\n\n\n<p><strong>Internationaler Fu\u00dfball<\/strong><\/p>\n\n\n\n<p><span style=\"text-decoration: underline;\">Samstag, 28. August 2021<\/span><\/p>\n\n\n\n<p>J. League, 27. Spieltag: <strong><em>Vissel Kobe <strong><em>\u2013<\/em><\/strong> FC Tokyo (11.00Uhr)<\/em><\/strong><\/p>\n\n\n\n<p><img loading=\"lazy\" decoding=\"async\" width=\"10\" height=\"21\" class=\"wp-image-3656\" style=\"width: 10px;\" src=\"http:\/\/kommentatorenblog.de\/wp-content\/uploads\/2020\/09\/shure-55sh-ii-e1601485394796.jpg\" alt=\"\" srcset=\"https:\/\/kommentatorenblog.de\/wp-content\/uploads\/2020\/09\/shure-55sh-ii-e1601485394796.jpg 415w, https:\/\/kommentatorenblog.de\/wp-content\/uploads\/2020\/09\/shure-55sh-ii-e1601485394796-142x300.jpg 142w\" sizes=\"auto, (max-width: 10px) 100vw, 10px\" \/> Christian Blunck<\/p>\n\n\n\n<p>Sky Bet Championship, 5. Spieltag: <strong><em>Derby County <strong><em>\u2013<\/em><\/strong> Nottingham Forest (13.30Uhr)<\/em><\/strong><\/p>\n\n\n\n<p><img loading=\"lazy\" decoding=\"async\" width=\"10\" height=\"21\" class=\"wp-image-3656\" style=\"width: 10px;\" src=\"http:\/\/kommentatorenblog.de\/wp-content\/uploads\/2020\/09\/shure-55sh-ii-e1601485394796.jpg\" alt=\"\" srcset=\"https:\/\/kommentatorenblog.de\/wp-content\/uploads\/2020\/09\/shure-55sh-ii-e1601485394796.jpg 415w, https:\/\/kommentatorenblog.de\/wp-content\/uploads\/2020\/09\/shure-55sh-ii-e1601485394796-142x300.jpg 142w\" sizes=\"auto, (max-width: 10px) 100vw, 10px\" \/> Jakob Vogel<\/p>\n\n\n\n<p>Sky Bet Championship, 5. Spieltag:<strong><em> FC Barnsley <strong><em>\u2013<\/em><\/strong> Birmingham City (16.00Uhr)<\/em><\/strong><\/p>\n\n\n\n<p><img loading=\"lazy\" decoding=\"async\" width=\"10\" height=\"21\" class=\"wp-image-3656\" style=\"width: 10px;\" src=\"http:\/\/kommentatorenblog.de\/wp-content\/uploads\/2020\/09\/shure-55sh-ii-e1601485394796.jpg\" alt=\"\" srcset=\"https:\/\/kommentatorenblog.de\/wp-content\/uploads\/2020\/09\/shure-55sh-ii-e1601485394796.jpg 415w, https:\/\/kommentatorenblog.de\/wp-content\/uploads\/2020\/09\/shure-55sh-ii-e1601485394796-142x300.jpg 142w\" sizes=\"auto, (max-width: 10px) 100vw, 10px\" \/> Marcus Radefeld<\/p>\n\n\n\n<p>Primeira Liga, 4. Spieltag: <strong><em>FC Porto <strong><em>\u2013<\/em><\/strong> FC Arouca (19.00Uhr)<\/em><\/strong><\/p>\n\n\n\n<p><img loading=\"lazy\" decoding=\"async\" width=\"10\" height=\"21\" class=\"wp-image-3656\" style=\"width: 10px;\" src=\"http:\/\/kommentatorenblog.de\/wp-content\/uploads\/2020\/09\/shure-55sh-ii-e1601485394796.jpg\" alt=\"\" srcset=\"https:\/\/kommentatorenblog.de\/wp-content\/uploads\/2020\/09\/shure-55sh-ii-e1601485394796.jpg 415w, https:\/\/kommentatorenblog.de\/wp-content\/uploads\/2020\/09\/shure-55sh-ii-e1601485394796-142x300.jpg 142w\" sizes=\"auto, (max-width: 10px) 100vw, 10px\" \/> J\u00f6rg Steiger<\/p>\n\n\n\n<p>Eredivisie, 3. Spieltag: <strong><em>PSV Eindhoven <strong><em>\u2013<\/em><\/strong> FC Groningen (21.00Uhr)<\/em><\/strong><\/p>\n\n\n\n<p><img loading=\"lazy\" decoding=\"async\" width=\"10\" height=\"21\" class=\"wp-image-3656\" style=\"width: 10px;\" src=\"http:\/\/kommentatorenblog.de\/wp-content\/uploads\/2020\/09\/shure-55sh-ii-e1601485394796.jpg\" alt=\"\" srcset=\"https:\/\/kommentatorenblog.de\/wp-content\/uploads\/2020\/09\/shure-55sh-ii-e1601485394796.jpg 415w, https:\/\/kommentatorenblog.de\/wp-content\/uploads\/2020\/09\/shure-55sh-ii-e1601485394796-142x300.jpg 142w\" sizes=\"auto, (max-width: 10px) 100vw, 10px\" \/> Ulf Kahmke<\/p>\n\n\n\n<p>Primeira Liga, 4. Spieltag: <strong><em>FC Famalicao <strong><em>\u2013<\/em><\/strong> Sporting Lissabon (22.00Uhr)<\/em><\/strong><\/p>\n\n\n\n<p><img loading=\"lazy\" decoding=\"async\" width=\"10\" height=\"21\" class=\"wp-image-3656\" style=\"width: 10px;\" src=\"http:\/\/kommentatorenblog.de\/wp-content\/uploads\/2020\/09\/shure-55sh-ii-e1601485394796.jpg\" alt=\"\" srcset=\"https:\/\/kommentatorenblog.de\/wp-content\/uploads\/2020\/09\/shure-55sh-ii-e1601485394796.jpg 415w, https:\/\/kommentatorenblog.de\/wp-content\/uploads\/2020\/09\/shure-55sh-ii-e1601485394796-142x300.jpg 142w\" sizes=\"auto, (max-width: 10px) 100vw, 10px\" \/> Karsten Linke<\/p>\n\n\n\n<p><span style=\"text-decoration: underline;\">Sonntag, 29. August 2021<\/span><\/p>\n\n\n\n<p>Campeonato Brasileiro, 18. Spieltag:<strong><em> Santos FC <strong><em>\u2013<\/em><\/strong> Flamengo (00.00Uhr)<\/em><\/strong><\/p>\n\n\n\n<p><img loading=\"lazy\" decoding=\"async\" width=\"10\" height=\"21\" class=\"wp-image-3656\" style=\"width: 10px;\" src=\"http:\/\/kommentatorenblog.de\/wp-content\/uploads\/2020\/09\/shure-55sh-ii-e1601485394796.jpg\" alt=\"\" srcset=\"https:\/\/kommentatorenblog.de\/wp-content\/uploads\/2020\/09\/shure-55sh-ii-e1601485394796.jpg 415w, https:\/\/kommentatorenblog.de\/wp-content\/uploads\/2020\/09\/shure-55sh-ii-e1601485394796-142x300.jpg 142w\" sizes=\"auto, (max-width: 10px) 100vw, 10px\" \/> Arne Malsch<\/p>\n\n\n\n<p>Eredivisie, 3. Spieltag: <strong><em>FC Utrecht <strong><em>\u2013<\/em><\/strong> Feyenoord Rotterdam (12.15Uhr)<\/em><\/strong><\/p>\n\n\n\n<p><img loading=\"lazy\" decoding=\"async\" width=\"10\" height=\"21\" class=\"wp-image-3656\" style=\"width: 10px;\" src=\"http:\/\/kommentatorenblog.de\/wp-content\/uploads\/2020\/09\/shure-55sh-ii-e1601485394796.jpg\" alt=\"\" srcset=\"https:\/\/kommentatorenblog.de\/wp-content\/uploads\/2020\/09\/shure-55sh-ii-e1601485394796.jpg 415w, https:\/\/kommentatorenblog.de\/wp-content\/uploads\/2020\/09\/shure-55sh-ii-e1601485394796-142x300.jpg 142w\" sizes=\"auto, (max-width: 10px) 100vw, 10px\" \/> Ulf Kahmke<\/p>\n\n\n\n<p>Eredivisie, 3. Spieltag:<strong><em> Ajax Amsterdam <strong><em>\u2013<\/em><\/strong> Vitesse Arnheim (14.30Uhr)<\/em><\/strong><\/p>\n\n\n\n<p><img loading=\"lazy\" decoding=\"async\" width=\"10\" height=\"21\" class=\"wp-image-3656\" style=\"width: 10px;\" src=\"http:\/\/kommentatorenblog.de\/wp-content\/uploads\/2020\/09\/shure-55sh-ii-e1601485394796.jpg\" alt=\"\" srcset=\"https:\/\/kommentatorenblog.de\/wp-content\/uploads\/2020\/09\/shure-55sh-ii-e1601485394796.jpg 415w, https:\/\/kommentatorenblog.de\/wp-content\/uploads\/2020\/09\/shure-55sh-ii-e1601485394796-142x300.jpg 142w\" sizes=\"auto, (max-width: 10px) 100vw, 10px\" \/> Karsten Linke<\/p>\n\n\n\n<p>Ekstraklasa, 6. Spieltag: <strong><em>Wisla Krakau <strong><em>\u2013<\/em><\/strong> Legia Warschau (17.30Uhr)<\/em><\/strong><\/p>\n\n\n\n<p><img loading=\"lazy\" decoding=\"async\" width=\"10\" height=\"21\" class=\"wp-image-3656\" style=\"width: 10px;\" src=\"http:\/\/kommentatorenblog.de\/wp-content\/uploads\/2020\/09\/shure-55sh-ii-e1601485394796.jpg\" alt=\"\" srcset=\"https:\/\/kommentatorenblog.de\/wp-content\/uploads\/2020\/09\/shure-55sh-ii-e1601485394796.jpg 415w, https:\/\/kommentatorenblog.de\/wp-content\/uploads\/2020\/09\/shure-55sh-ii-e1601485394796-142x300.jpg 142w\" sizes=\"auto, (max-width: 10px) 100vw, 10px\" \/> Christian Blunck<\/p>\n\n\n\n<p>Primeira Liga, 4. Spieltag: <strong><em>Benfica Lissabon <strong><em>\u2013<\/em><\/strong> CD Tondela (19.00Uhr)<\/em><\/strong><\/p>\n\n\n\n<p><img loading=\"lazy\" decoding=\"async\" width=\"10\" height=\"21\" class=\"wp-image-3656\" style=\"width: 10px;\" src=\"http:\/\/kommentatorenblog.de\/wp-content\/uploads\/2020\/09\/shure-55sh-ii-e1601485394796.jpg\" alt=\"\" srcset=\"https:\/\/kommentatorenblog.de\/wp-content\/uploads\/2020\/09\/shure-55sh-ii-e1601485394796.jpg 415w, https:\/\/kommentatorenblog.de\/wp-content\/uploads\/2020\/09\/shure-55sh-ii-e1601485394796-142x300.jpg 142w\" sizes=\"auto, (max-width: 10px) 100vw, 10px\" \/> Karsten Linke<\/p>\n\n\n\n<p>Campeonato Brasileiro, 18. Spieltag: <strong><em>Atletico Goianiense <strong><em>\u2013<\/em><\/strong> Internacional (23.15Uhr)<\/em><\/strong><\/p>\n\n\n\n<p><img loading=\"lazy\" decoding=\"async\" width=\"10\" height=\"21\" class=\"wp-image-3656\" style=\"width: 10px;\" src=\"http:\/\/kommentatorenblog.de\/wp-content\/uploads\/2020\/09\/shure-55sh-ii-e1601485394796.jpg\" alt=\"\" srcset=\"https:\/\/kommentatorenblog.de\/wp-content\/uploads\/2020\/09\/shure-55sh-ii-e1601485394796.jpg 415w, https:\/\/kommentatorenblog.de\/wp-content\/uploads\/2020\/09\/shure-55sh-ii-e1601485394796-142x300.jpg 142w\" sizes=\"auto, (max-width: 10px) 100vw, 10px\" \/> Marcus Radefeld<\/p>\n\n\n\n<hr class=\"wp-block-separator\"\/>\n\n\n\n<p><strong>Die Analyse<\/strong> <\/p>\n\n\n\n<p><strong>DAZN zum Auftakt im Stadion<\/strong><\/p>\n\n\n\n<p>Der Start in den dritten Spieltag macht die Partie zwischen Borussia Dortmund und der TSG Hoffenheim. DAZN meldet sich mit dem Countdown eine Stunde vor Anpfiff mit Alex Schl\u00fcter und Ralph Gunesch. Als Field-Reporter ist Daniel Herzog im &#8211; Sponsorenbefreit &#8211; Westfalenstadion. Kommentator ist BVB-Sympathisant Marco Hagemann, womit nach Uli Hebel, Michael Born und Jan Platte nun alle der bisherigen vier DAZN-Bundesliga-Kommentatoren einen Stadioneinsatz auf dem Konto haben. Ganz subjektiv gesehen finde ich, dass die verbesserte Berichterstattung (mehr Stadionpr\u00e4senz, l\u00e4ngere Vorl\u00e4ufe, mehr Shows wie z.B. TGIF am Freitag und Sonntag) bisher absolut auszahlt, von daher freue ich mich auf morgen!<\/p>\n\n\n\n<p><strong>Jonas Friedrich und die Arminia<\/strong><\/p>\n\n\n\n<p>Am Samstag startet wie gewohnt Sky um 14Uhr mit dem Vorlauf, Michael Leopold und Didi Hamann melden sich aus dem Studio. Bei den Einzelspielen bleibt Marcus Lindemann dem VfL Bochum treu, er kommentiert das Gastspiel des Aufsteigers in K\u00f6ln. Oliver Seidler ist wie schon in der Vorwoche weit entfernt von der Heimat. Nach F\u00fcrth am letzten Samstag geht es f\u00fcr Seidler gemeinsam mit Riccardo Bassile nun nach Augsburg. Hansi K\u00fcpper bleibt weiterhin (sowohl Pokal als auch Liga) ohne Konferenz-Einsatz, er meldet sich &#8211; wie auch Jens Westen &#8211; von der Bielefelder Alm. Bei den weiteren beiden Spielen gibt es keine \u00dcberraschungen. Klaus Veltman \u00fcbernimmt das Baden-W\u00fcrttemberg-Duell, w\u00e4hrend Kai Dittmann auch das zweite Ausw\u00e4rtsspiel der F\u00fcrther in dieser Saison begleitet, es geht nach Mainz.<\/p>\n\n\n\n<p>In der Konferenz bleibt Jonas Friedrich Stammgast, er k\u00fcmmert sich ein drittes Mal um die Bielefelder Arminia. Eine gro\u00dfe \u00dcberraschung ist aus meiner Sicht der Einsatz von J\u00fcrgen Schmitz bei dem Baden-W\u00fcrttemberg-Duell. An einen Einsatz von Schmitz in der Samstagskonferenz in der j\u00fcngeren Vergangenheit kann ich mich tats\u00e4chlich nicht erinnern. Markus G\u00f6tz feiert knapp zwei Wochen vor HBL-Start sein Saisondeb\u00fct. Es komplettieren Toni Tomic und Roland Evers mit den Spielen der beiden Aufsteiger.<\/p>\n\n\n\n<p>Die Topspiel-Crew aus Sebastian Hellmann, Lothar Matth\u00e4us und Wolff Fuss hat keine weite Reise vor sich, es geht in die Allianz-Arena zum Duell des Rekordmeisters gegen die noch punktlose Hertha. Field-Reporter ist auch beim dritten Topspiel Patrick Wasserziehr.<\/p>\n\n\n\n<p><strong>Doppeleinsatz f\u00fcr Schl\u00fcter<\/strong><\/p>\n\n\n\n<p>Am Sonntag startet DAZN bereits um 14.30Uhr mit der Vorberichterstattung auf das fr\u00fche Spiel. Die \u00dcbertragung beim Spiel zwischen Union Berlin und Borussia M\u00f6nchengladbach kommt komplett aus dem Stadion. Moderator ist wie am Freitag Alex Schl\u00fcter, beim Experten wird von Ralph Gunesch zu Jonas Hummels rotiert. F\u00fcr Hummels ist es &#8211; wenn die Recherche richtig war &#8211; der erste Bundesligaeinsatz seit Juni 2020. Kommentator in der alten F\u00f6rsterei ist Michael Born, w\u00e4hrend Daniel Herzog die Interviews f\u00fchrt. Auff\u00e4llig bisher: Bei allen f\u00fcnf Spielen in dieser Saison, bei denen DAZN komplett aus dem Stadion berichtet hat, war &#8222;Herzi&#8220; als Field-Reporter im Einsatz war.<\/p>\n\n\n\n<p><strong>Champions League Duell leider nur aus der Box<\/strong><\/p>\n\n\n\n<p>Beim sp\u00e4ten Spiel zwischen Wolfsburg und Leipzig wiederum sendet DAZN leider aus M\u00fcnchen. Bei einem Spiel zweier Champions League Teilnehmer kann ich das nur bedingt nachvollziehen. Tobi Wahnschaffe meldet sich gemeinsam mit Sebastian Knei\u00dfl eine halbe Stunde vor Anpfiff aus dem Studio, durch die neunzig Minuten f\u00fchrt Jan Platte. Interviews in der Volkswagen Arena f\u00fchrt Mario Rieker.<\/p>\n\n\n\n<p><strong>Ein paar \u00dcberraschungen in Liga zwei<\/strong><\/p>\n\n\n\n<p>In Liga zwei gibt&#8217;s die ein oder andere \u00dcberraschung. So kommt am Freitag Martin Gro\u00df, der in der Bundesliga ohne &#8222;Live-Einsatz&#8220; bleibt, in der 2.Liga-Konferenz zum Einsatz, am Samstag und Sonntag \u00fcbernimmt diese Rolle Torsten Kunde. Um die kriselnden Bremer k\u00fcmmert sich Schmiso im Einzelspiel und auch Dominik M\u00fcller kommt zu seinem Einsatz. Inzwischen gewohntes Bild im &#8222;Unterhaus&#8220; sind die Premier League Experten Jogi Hebel und Hannes Herrmann. Beim Topspiel kehrt Tusche nach Hexenschuss zur\u00fcck, bei SPORT1 sind mit Olaf Thon und Peter Neururer gleich zwei Experten im Einsatz. <\/p>\n\n\n\n<p><strong>Mehr Spiele, mehr Eins\u00e4tze bei der Telekom<\/strong><\/p>\n\n\n\n<p>In der 3. Liga sind wieder ein paar \u00d6R- Gesichter bei Magenta zu sehen. Bei eben jenen \u00d6R kann man dieses Wochenende vergleichsweise eher wenig 3.Liga im TV sehen, n\u00e4mlich im SWR und br. Dazu kommt noch der NDR-Livestream mit Patrick Halatsch. Die Gr\u00fcnde daf\u00fcr sind relativ einfach: Es gibt einigen anderen Sport, der stattdessen gezeigt wird, wie die Paralympics, die Deutschland- Tour und Reiten (weshalb der NDR sein Spiel nur im Livestream zeigen kann). Das erkl\u00e4rt auch, warum Frank Grundhever im SWR zum Einsatz kommt. Zudem gibt es, wie bereits im Vorwort erw\u00e4hnt noch die Frauenbundesliga, die der rbb in seinem Brandenburg- Kanal zeigt. Die Telekom zeigt ja alle Spiele, was dazu f\u00fchrt, dass der ein oder andere Kommentator einen Doppeleinsatz hat. Dabei feiert d\u00fcrfte Michael Seyberth sein Deb\u00fct bei Magenta feiern.<\/p>\n\n\n\n<p>Ein flei\u00dfiger Uli Hebel und alles zu den internationalen Topligen<\/p>\n\n\n\n<p>In der Premier League gibt es am Samstag gleich zwei tolle Spiele. Zum Auftakt um 13.30Uhr meldet sich Uli Hebel mit dem Duell von Manchester City und dem FC Arsenal, am Abend gibt es dann sogar noch Liverpool gegen Chelsea, das Match of the Week ist nat\u00fcrlich eine Sache f\u00fcr Schmiso, im Einsatz sind zudem Mladen Petric als Experte und Raphael Honigstein als Field-Reporter. Ansonsten gibt&#8217;s nat\u00fcrlich den doppelten Hannes Herrmann und auch Jogi Hebel kommt auf sein Spiel.<\/p>\n\n\n\n<p>In den weiteren drei Topligen k\u00fcmmern sich nat\u00fcrlich Stefan Galler und Alexis Menuge um das Parise Star-Ensemble; Uli Hebel und Lukas Sch\u00f6nm\u00fcller um Barcelona und Real und in Italien gibt es nat\u00fcrlich unter anderem Carsten Fu\u00df.<\/p>\n\n\n\n<p>Bei sportdigital sind wie immer alle flei\u00dfig am Akcern, ganz besonders Karsten Linke holt sich ein Flei\u00dfk\u00e4rtchen ab. Bis dahin habt ein sch\u00f6nes letztes Wochenende vor der L\u00e4nderspielpause!<\/p>\n","protected":false},"excerpt":{"rendered":"<p>N\u2019Abend allerseits, Ihr werdet es wahrscheinlich sehen, wir haben ein wenig an unserem Design gearbeitet. Neue Rechteperiode, neue Saison und der Betreiberwechsel im Blog. F\u00fcruns ein Grund vom Design etwas zu ver\u00e4ndern, rein inhaltlich bleibt nat\u00fcrlich alles wie gewohnt. Feedback zum neuen Design gerne in die Kommentare. Prinzipiell h\u00e4tte ich auch sehr gerne in diesen [&hellip;]<\/p>\n","protected":false},"author":5,"featured_media":0,"comment_status":"open","ping_status":"open","sticky":false,"template":"","format":"standard","meta":{"footnotes":""},"categories":[424],"tags":[598,49,153,131,164,171,234,212,13,30,580,89,104,25,211,92,48,347,69,169,86,93,585,53,31,205,9,43,112,243,121,126,223,438,114,88,83,183,113,108,340,45,361,98,222,22,66,134,154,28,152,252,24,346,105,149,107],"class_list":["post-10397","post","type-post","status-publish","format-standard","hentry","category-bundesliga-und-co","tag-adrian-geiler","tag-alex-schlueter","tag-alexis-menuge","tag-carsten-fuss","tag-christian-bernhard","tag-christoph-stadtler","tag-claus-mueller","tag-daniel-herzog","tag-dazn","tag-didi-hamann","tag-dominik-mueller","tag-florian-schmidt-sommerfeld","tag-hannes-herrmann","tag-hansi-kuepper","tag-hartmut-von-kameke","tag-heiko-mallwitz","tag-jan-platte","tag-joachim-hebel","tag-jonas-friedrich","tag-jonas-hummels","tag-juergen-schmitz","tag-kai-dittmann","tag-katharina-kleinfeldt","tag-klaus-veltmann","tag-lothar-matthaeus","tag-lukas-schoenmueller","tag-magenta-sport","tag-marco-hagemann","tag-marcus-lindemann","tag-mario-rieker","tag-markus-gaupp","tag-markus-goetz","tag-matthias-naebers","tag-max-nicu","tag-michael-born","tag-michael-leopold","tag-mladen-petric","tag-oliver-forster","tag-oliver-seidler","tag-ralph-gunesch","tag-raphael-honigstein","tag-roland-evers","tag-sascha-bigalke","tag-sebastian-hellmann","tag-sebastian-kneissl","tag-sky","tag-sport1","tag-sportdigital-fussball","tag-stefan-galler","tag-stefan-hempel","tag-tobi-fischbeck","tag-tobi-wahnschaffe","tag-toni-tomic","tag-torsten-mattuschka","tag-uli-hebel","tag-uwe-morawe","tag-wolff-fuss"],"_links":{"self":[{"href":"https:\/\/kommentatorenblog.de\/index.php?rest_route=\/wp\/v2\/posts\/10397","targetHints":{"allow":["GET"]}}],"collection":[{"href":"https:\/\/kommentatorenblog.de\/index.php?rest_route=\/wp\/v2\/posts"}],"about":[{"href":"https:\/\/kommentatorenblog.de\/index.php?rest_route=\/wp\/v2\/types\/post"}],"author":[{"embeddable":true,"href":"https:\/\/kommentatorenblog.de\/index.php?rest_route=\/wp\/v2\/users\/5"}],"replies":[{"embeddable":true,"href":"https:\/\/kommentatorenblog.de\/index.php?rest_route=%2Fwp%2Fv2%2Fcomments&post=10397"}],"version-history":[{"count":27,"href":"https:\/\/kommentatorenblog.de\/index.php?rest_route=\/wp\/v2\/posts\/10397\/revisions"}],"predecessor-version":[{"id":10451,"href":"https:\/\/kommentatorenblog.de\/index.php?rest_route=\/wp\/v2\/posts\/10397\/revisions\/10451"}],"wp:attachment":[{"href":"https:\/\/kommentatorenblog.de\/index.php?rest_route=%2Fwp%2Fv2%2Fmedia&parent=10397"}],"wp:term":[{"taxonomy":"category","embeddable":true,"href":"https:\/\/kommentatorenblog.de\/index.php?rest_route=%2Fwp%2Fv2%2Fcategories&post=10397"},{"taxonomy":"post_tag","embeddable":true,"href":"https:\/\/kommentatorenblog.de\/index.php?rest_route=%2Fwp%2Fv2%2Ftags&post=10397"}],"curies":[{"name":"wp","href":"https:\/\/api.w.org\/{rel}","templated":true}]}}