{"id":10464,"date":"2021-08-30T18:30:59","date_gmt":"2021-08-30T16:30:59","guid":{"rendered":"http:\/\/kommentatorenblog.de\/?p=10464"},"modified":"2022-01-06T20:07:21","modified_gmt":"2022-01-06T18:07:21","slug":"1193-rtl-hat-flick-debuet-auf-dem-zettel","status":"publish","type":"post","link":"https:\/\/kommentatorenblog.de\/?p=10464","title":{"rendered":"1193 \u2013 RTL hat Flick-Deb\u00fct auf dem Zettel"},"content":{"rendered":"\n<p>Die erste L\u00e4nderspielpause seit Beginn der Bundesliga-Saison steht uns bevor. Deutschland trifft auf Liechtenstein und Armenien &#8211; zwei dankbare Gegner, wenn Hansi Flick seinen Einstand als Bundestrainer gibt. Die beiden Partien werden nicht der ganz gro\u00dfe Ma\u00dfstab f\u00fcr den Triple-Trainer sein. Und doch gilt es, die Nationalmannschaft bei diesen Pflichtaufgaben wieder souver\u00e4n auf Kurs zu bringen. Denn zuletzt hat auch Nordmazedonien dem DFB-Team in der WM-Quali bekanntlich ein Bein gestellt.&nbsp;<\/p>\n\n\n\n<p><strong>Drei Neulinge nominiert<\/strong><\/p>\n\n\n\n<p>Ein paar kleinere \u00dcberraschungen hat es schon bei Flicks ersten Nominierungen gegeben. Nico Schlotterbeck, der zu einem richtig guten Start des SC Freiburg in der Bundesliga beigetragen hat, wurde zurecht nominiert. Auch Flanken-Ass David Raum von der TSG Hoffenheim darf sich \u00fcber seine Nominierung freuen. Der dritte Neuling ist Karim Adeyemi von RB Salzburg, zu dem ich wenig sagen kann, weil ich die \u00f6sterreichische Bundesliga nicht regelm\u00e4\u00dfig verfolge. Doch seine Scorer dort &#8211; sieben in sechs Spielen &#8211; sprechen f\u00fcr sich. Vielleicht gibt es f\u00fcr das Trio ja gleich mal ein paar Einsatzminuten.<\/p>\n\n\n\n<p><strong>Neuer, alter Experte bei RTL<\/strong><\/p>\n\n\n\n<p>Weniger \u00fcberraschend als bei den Neu-Nominierungen sieht die Lage in der TV-Berichterstattung aus. W\u00e4hrend sich in vielen Bereichen (Bundesliga, Champions League und Co.) in dieser Saison Einiges gewandelt hat, gibt es bei den klassischen L\u00e4nderspielen keine Ver\u00e4nderungen. Noch immer \u00fcbertr\u00e4gt DAZN quasi alle Partien der WM-Quali, RTL zeigt die Spiele mit deutscher Beteiligung exklusiv. Uli Hoene\u00df hat sich als TV-Experte nicht unbedingt mit Ruhm bekleckert und weicht f\u00fcr Lothar Matth\u00e4us. Der f\u00fchlt sich in dieser Rolle nat\u00fcrlich sehr wohl. Ihn h\u00f6ren wir gleich am Donnerstag an der Seite von Florian K\u00f6nig. Alles Weitere erfahrt ihr in den Ansetzungen.<meta charset=\"utf-8\"><\/p>\n\n\n\n<hr class=\"wp-block-separator\"\/>\n\n\n\n<p><strong><em>Die Ansetzungen vom 31. August bis zum 2. September 2021<\/em><\/strong><\/p>\n\n\n\n<p><strong>WM-Qualifikation, 4. Spieltag <meta charset=\"utf-8\">(RTL)<\/strong><\/p>\n\n\n\n<p><span style=\"text-decoration: underline;\">Donnerstag, 2. September 2021, ab 20.15 Uhr<\/span><\/p>\n\n\n\n<p><strong><em>Liechtenstein <meta charset=\"utf-8\">\u2013 Deutschland (20.45 Uhr)<\/em><\/strong><\/p>\n\n\n\n<p><img loading=\"lazy\" decoding=\"async\" width=\"10\" height=\"21\" class=\"wp-image-3656\" style=\"width: 10px;\" src=\"http:\/\/kommentatorenblog.de\/wp-content\/uploads\/2020\/09\/shure-55sh-ii-e1601485394796.jpg\" alt=\"\" srcset=\"https:\/\/kommentatorenblog.de\/wp-content\/uploads\/2020\/09\/shure-55sh-ii-e1601485394796.jpg 415w, https:\/\/kommentatorenblog.de\/wp-content\/uploads\/2020\/09\/shure-55sh-ii-e1601485394796-142x300.jpg 142w\" sizes=\"auto, (max-width: 10px) 100vw, 10px\" \/> Marco Hagemann, Experte: Steffen Freund, Field-Reporterin: Laura Papendick<\/p>\n\n\n\n<p>Moderation: Florian K\u00f6nig, Experte: Lothar Matth\u00e4us<\/p>\n\n\n\n<hr class=\"wp-block-separator\"\/>\n\n\n\n<p><meta charset=\"utf-8\"><strong>WM-Qualifikation (DAZN)<\/strong><\/p>\n\n\n\n<p><span style=\"text-decoration: underline;\">Mittwoch, 1. September 2021<\/span><\/p>\n\n\n\n<p><strong><em>Moldawien <meta charset=\"utf-8\">\u2013 \u00d6sterreich (20.45 Uhr)<\/em><\/strong><\/p>\n\n\n\n<p><meta charset=\"utf-8\"><img loading=\"lazy\" decoding=\"async\" width=\"10\" height=\"21\" class=\"wp-image-3656\" style=\"width: 10px;\" src=\"http:\/\/kommentatorenblog.de\/wp-content\/uploads\/2020\/09\/shure-55sh-ii-e1601485394796.jpg\" alt=\"\" srcset=\"https:\/\/kommentatorenblog.de\/wp-content\/uploads\/2020\/09\/shure-55sh-ii-e1601485394796.jpg 415w, https:\/\/kommentatorenblog.de\/wp-content\/uploads\/2020\/09\/shure-55sh-ii-e1601485394796-142x300.jpg 142w\" sizes=\"auto, (max-width: 10px) 100vw, 10px\" \/> Max Gross<\/p>\n\n\n\n<p><strong><em>Frankreich \u2013 Bosnien-Herzegowina (20.45 Uhr)<\/em><\/strong><\/p>\n\n\n\n<p><img loading=\"lazy\" decoding=\"async\" width=\"10\" height=\"21\" class=\"wp-image-3656\" style=\"width: 10px;\" src=\"http:\/\/kommentatorenblog.de\/wp-content\/uploads\/2020\/09\/shure-55sh-ii-e1601485394796.jpg\" alt=\"\" srcset=\"https:\/\/kommentatorenblog.de\/wp-content\/uploads\/2020\/09\/shure-55sh-ii-e1601485394796.jpg 415w, https:\/\/kommentatorenblog.de\/wp-content\/uploads\/2020\/09\/shure-55sh-ii-e1601485394796-142x300.jpg 142w\" sizes=\"auto, (max-width: 10px) 100vw, 10px\" \/> Ruben Zimmermann<\/p>\n\n\n\n<p><strong><em>Norwegen \u2013 Niederlande (20.45 Uhr)<\/em><\/strong><\/p>\n\n\n\n<p><img loading=\"lazy\" decoding=\"async\" width=\"10\" height=\"21\" class=\"wp-image-3656\" style=\"width: 10px;\" src=\"http:\/\/kommentatorenblog.de\/wp-content\/uploads\/2020\/09\/shure-55sh-ii-e1601485394796.jpg\" alt=\"\" srcset=\"https:\/\/kommentatorenblog.de\/wp-content\/uploads\/2020\/09\/shure-55sh-ii-e1601485394796.jpg 415w, https:\/\/kommentatorenblog.de\/wp-content\/uploads\/2020\/09\/shure-55sh-ii-e1601485394796-142x300.jpg 142w\" sizes=\"auto, (max-width: 10px) 100vw, 10px\" \/> Matthias Naebers<\/p>\n\n\n\n<p><strong><em>T\u00fcrkei \u2013 Montenegro (20.45 Uhr)<\/em><\/strong><\/p>\n\n\n\n<p><img loading=\"lazy\" decoding=\"async\" width=\"10\" height=\"21\" class=\"wp-image-3656\" style=\"width: 10px;\" src=\"http:\/\/kommentatorenblog.de\/wp-content\/uploads\/2020\/09\/shure-55sh-ii-e1601485394796.jpg\" alt=\"\" srcset=\"https:\/\/kommentatorenblog.de\/wp-content\/uploads\/2020\/09\/shure-55sh-ii-e1601485394796.jpg 415w, https:\/\/kommentatorenblog.de\/wp-content\/uploads\/2020\/09\/shure-55sh-ii-e1601485394796-142x300.jpg 142w\" sizes=\"auto, (max-width: 10px) 100vw, 10px\" \/> Flo Hauser<\/p>\n\n\n\n<p><strong><em>D\u00e4nemark \u2013 Schottland (20.45 Uhr)<\/em><\/strong><\/p>\n\n\n\n<p><img loading=\"lazy\" decoding=\"async\" width=\"10\" height=\"21\" class=\"wp-image-3656\" style=\"width: 10px;\" src=\"http:\/\/kommentatorenblog.de\/wp-content\/uploads\/2020\/09\/shure-55sh-ii-e1601485394796.jpg\" alt=\"\" srcset=\"https:\/\/kommentatorenblog.de\/wp-content\/uploads\/2020\/09\/shure-55sh-ii-e1601485394796.jpg 415w, https:\/\/kommentatorenblog.de\/wp-content\/uploads\/2020\/09\/shure-55sh-ii-e1601485394796-142x300.jpg 142w\" sizes=\"auto, (max-width: 10px) 100vw, 10px\" \/> Tobi Fischbeck<\/p>\n\n\n\n<p><span style=\"text-decoration: underline;\">Donnerstag, 2. September 2021<\/span><\/p>\n\n\n\n<p><strong><em>Ungarn \u2013 England (20.45 Uhr)<\/em><\/strong><\/p>\n\n\n\n<p><img loading=\"lazy\" decoding=\"async\" width=\"10\" height=\"21\" class=\"wp-image-3656\" style=\"width: 10px;\" src=\"http:\/\/kommentatorenblog.de\/wp-content\/uploads\/2020\/09\/shure-55sh-ii-e1601485394796.jpg\" alt=\"\" srcset=\"https:\/\/kommentatorenblog.de\/wp-content\/uploads\/2020\/09\/shure-55sh-ii-e1601485394796.jpg 415w, https:\/\/kommentatorenblog.de\/wp-content\/uploads\/2020\/09\/shure-55sh-ii-e1601485394796-142x300.jpg 142w\" sizes=\"auto, (max-width: 10px) 100vw, 10px\" \/> Uli Hebel<\/p>\n\n\n\n<p><strong><em>Estland \u2013 Belgien (20.45 Uhr)<\/em><\/strong><\/p>\n\n\n\n<p><img loading=\"lazy\" decoding=\"async\" width=\"10\" height=\"21\" class=\"wp-image-3656\" style=\"width: 10px;\" src=\"http:\/\/kommentatorenblog.de\/wp-content\/uploads\/2020\/09\/shure-55sh-ii-e1601485394796.jpg\" alt=\"\" srcset=\"https:\/\/kommentatorenblog.de\/wp-content\/uploads\/2020\/09\/shure-55sh-ii-e1601485394796.jpg 415w, https:\/\/kommentatorenblog.de\/wp-content\/uploads\/2020\/09\/shure-55sh-ii-e1601485394796-142x300.jpg 142w\" sizes=\"auto, (max-width: 10px) 100vw, 10px\" \/> Nico Seepe<\/p>\n\n\n\n<p><strong><em>Italien \u2013 Bulgarien (20.45 Uhr)<\/em><\/strong><\/p>\n\n\n\n<p><img loading=\"lazy\" decoding=\"async\" width=\"10\" height=\"21\" class=\"wp-image-3656\" style=\"width: 10px;\" src=\"http:\/\/kommentatorenblog.de\/wp-content\/uploads\/2020\/09\/shure-55sh-ii-e1601485394796.jpg\" alt=\"\" srcset=\"https:\/\/kommentatorenblog.de\/wp-content\/uploads\/2020\/09\/shure-55sh-ii-e1601485394796.jpg 415w, https:\/\/kommentatorenblog.de\/wp-content\/uploads\/2020\/09\/shure-55sh-ii-e1601485394796-142x300.jpg 142w\" sizes=\"auto, (max-width: 10px) 100vw, 10px\" \/> Christoph Stadtler<\/p>\n\n\n\n<p><strong><em>Schweden \u2013 Spanien (20.45 Uhr)<\/em><\/strong><\/p>\n\n\n\n<p><img loading=\"lazy\" decoding=\"async\" width=\"10\" height=\"21\" class=\"wp-image-3656\" style=\"width: 10px;\" src=\"http:\/\/kommentatorenblog.de\/wp-content\/uploads\/2020\/09\/shure-55sh-ii-e1601485394796.jpg\" alt=\"\" srcset=\"https:\/\/kommentatorenblog.de\/wp-content\/uploads\/2020\/09\/shure-55sh-ii-e1601485394796.jpg 415w, https:\/\/kommentatorenblog.de\/wp-content\/uploads\/2020\/09\/shure-55sh-ii-e1601485394796-142x300.jpg 142w\" sizes=\"auto, (max-width: 10px) 100vw, 10px\" \/> David Ploch<\/p>\n\n\n\n<hr class=\"wp-block-separator\"\/>\n\n\n\n<p><strong>Die Analyse<\/strong><\/p>\n\n\n\n<p>Die Analyse gibt es heute in aller K\u00fcrze. Denn es fehlt der Anlass, in diesem Bereich ausufernd zu werden. Zu eingespielt ist etwa das Team um Marco Hagemann und Steffen Freund an den RTL-Mikrofonen. Field-Reporterin f\u00fcr das Spiel zwischen Liechtenstein und Deutschland ist Laura Papendick. Das gesamte Personal befindet sich \u00fcbrigens im Stadion im Kybunpark in St. Gallen.<\/p>\n\n\n\n<p><strong>Kleine<\/strong> <strong>\u00dcberraschung aus der Box<\/strong><\/p>\n\n\n\n<p>Bei DAZN kommen die Kommentatoren-Stimmen wie erwartet g\u00e4nzlich aus der Box. \u00dcberraschend finde ich, dass laut Vorschau beim Duell zwischen Russland und Kroatien kein deutscher Kommentar angesetzt wird. Auch Polen, die Schweiz und Portugal bestreiten ihre Spiele jeweils ohne deutsche Stimmuntermalung. Etwas \u00fcberraschend wird daf\u00fcr D\u00e4nemark gegen Schottland mit Kommentar gezeigt, eine Sache f\u00fcr Tobi Fischbeck.<\/p>\n\n\n\n<p><strong>Stadtler hat den Europameister im Blick<\/strong><\/p>\n\n\n\n<p>Max Gross widmet sich wie so oft den \u00d6sterreichern, die auf Moldawien treffen. Ruben Zimmermann bekommt Frankreich gegen Bosnien-Herzegowina. Matthias Naebers schaut sich Norwegen gegen die Niederlande an. Den Aufgalopp von Montenegro in der T\u00fcrkei begleitet Flo Hauser. Am Donnerstag freut sich Uli Hebel auf Ungarn gegen England. Nico Seepe verleiht Estland gegen Belgien seine Stimme. Europameister Italien muss gegen Bulgarien ran, Magenta-Freelancer Christoph Stadtler \u00fcbernimmt. Das interessante Duell zwischen Schweden und Spanien hat David Ploch im Blick.<\/p>\n\n\n\n<p>Viel Spa\u00df beim Flick-Deb\u00fct und eine angenehme Woche euch allen!<\/p>\n","protected":false},"excerpt":{"rendered":"<p>Die erste L\u00e4nderspielpause seit Beginn der Bundesliga-Saison steht uns bevor. Deutschland trifft auf Liechtenstein und Armenien &#8211; zwei dankbare Gegner, wenn Hansi Flick seinen Einstand als Bundestrainer gibt. Die beiden Partien werden nicht der ganz gro\u00dfe Ma\u00dfstab f\u00fcr den Triple-Trainer sein. Und doch gilt es, die Nationalmannschaft bei diesen Pflichtaufgaben wieder souver\u00e4n auf Kurs zu [&hellip;]<\/p>\n","protected":false},"author":2,"featured_media":0,"comment_status":"open","ping_status":"open","sticky":false,"template":"","format":"standard","meta":{"footnotes":""},"categories":[426],"tags":[171,165,13,132,148,75,31,43,223,283,191,138,301,151,152,105,514],"class_list":["post-10464","post","type-post","status-publish","format-standard","hentry","category-laenderspiele","tag-christoph-stadtler","tag-david-ploch","tag-dazn","tag-flo-hauser","tag-florian-koenig","tag-laura-papendick","tag-lothar-matthaeus","tag-marco-hagemann","tag-matthias-naebers","tag-max-gross","tag-nico-seepe","tag-rtl","tag-ruben-zimmermann","tag-steffen-freund","tag-tobi-fischbeck","tag-uli-hebel","tag-wm-qualifikation"],"_links":{"self":[{"href":"https:\/\/kommentatorenblog.de\/index.php?rest_route=\/wp\/v2\/posts\/10464","targetHints":{"allow":["GET"]}}],"collection":[{"href":"https:\/\/kommentatorenblog.de\/index.php?rest_route=\/wp\/v2\/posts"}],"about":[{"href":"https:\/\/kommentatorenblog.de\/index.php?rest_route=\/wp\/v2\/types\/post"}],"author":[{"embeddable":true,"href":"https:\/\/kommentatorenblog.de\/index.php?rest_route=\/wp\/v2\/users\/2"}],"replies":[{"embeddable":true,"href":"https:\/\/kommentatorenblog.de\/index.php?rest_route=%2Fwp%2Fv2%2Fcomments&post=10464"}],"version-history":[{"count":3,"href":"https:\/\/kommentatorenblog.de\/index.php?rest_route=\/wp\/v2\/posts\/10464\/revisions"}],"predecessor-version":[{"id":10481,"href":"https:\/\/kommentatorenblog.de\/index.php?rest_route=\/wp\/v2\/posts\/10464\/revisions\/10481"}],"wp:attachment":[{"href":"https:\/\/kommentatorenblog.de\/index.php?rest_route=%2Fwp%2Fv2%2Fmedia&parent=10464"}],"wp:term":[{"taxonomy":"category","embeddable":true,"href":"https:\/\/kommentatorenblog.de\/index.php?rest_route=%2Fwp%2Fv2%2Fcategories&post=10464"},{"taxonomy":"post_tag","embeddable":true,"href":"https:\/\/kommentatorenblog.de\/index.php?rest_route=%2Fwp%2Fv2%2Ftags&post=10464"}],"curies":[{"name":"wp","href":"https:\/\/api.w.org\/{rel}","templated":true}]}}