{"id":10498,"date":"2021-09-13T21:26:01","date_gmt":"2021-09-13T19:26:01","guid":{"rendered":"http:\/\/kommentatorenblog.de\/?p=10498"},"modified":"2021-09-13T21:26:03","modified_gmt":"2021-09-13T19:26:03","slug":"1196-alles-neu-im-europapokal","status":"publish","type":"post","link":"https:\/\/kommentatorenblog.de\/?p=10498","title":{"rendered":"1196 &#8211; Alles neu im Europapokal"},"content":{"rendered":"\n<p>N&#8217;Abend allerseits,<\/p>\n\n\n\n<p>Endlich ist es so weit, der Europokal ist zur\u00fcck und damit auch wieder hochklassiger Fussball unter der Woche! Bekannterma\u00dfen startet mit dieser Saison auch eine neue Rechteperiode. Die Champions League l\u00e4uft ab dieser Saison in Deutschland fast komplett auf DAZN, einzig das Topspiel am Dienstag \u00fcbernimmt PrimeVideo. Die Europa League und neu-geschaffene Conference League \u00fcbernimmt die RTL-Mediengruppe, wie genau die \u00dcbertragungen hier aussehen, hatte ich ja <a href=\"http:\/\/kommentatorenblog.de\/?p=10397\">Ende August erl\u00e4utert<\/a>. In diesem Vorwort allerdings will ich den Fokus auf die Sender legen, die in dieser Saison die Champions League in Deutschland pr\u00e4sentieren.<\/p>\n\n\n\n<p><strong>PrimeVideo<\/strong><\/p>\n\n\n\n<p>Prime setzt auf einen riesen Personalaufwand, rein finanziell kann sich ein gro\u00dfer Konzern wie Amazon dies aber nat\u00fcrlich leisten. Moderator ist Sebastian Hellmann, als Experten stehen Matthias Sammer, Mario Gomez, Patrick Owomoyela und Kim Kulig zur Verf\u00fcgung. Kommentator ist Jonas Friedrich mit Co-Kommentator Benedikt H\u00f6wedes. Als Field-Reporter stehen Shary Reeves, Annika Zimmermann und Sebastian Benesch zur Verf\u00fcgung. F\u00fcr eine Highlight Show am Dienstag im Anschluss an die Analyse des Livespiels in einem Studio in K\u00f6ln wird zudem der Cheftrainer von K\u00f6ln, Steffen Baumgart zur Verf\u00fcgung stehen.<\/p>\n\n\n\n<p><strong>DAZN<\/strong><\/p>\n\n\n\n<p>Der Streamingdienst zeigt &#8211; wie angesprochen &#8211; einen Gro\u00dfteil der Champions League, in Zahlen 121 von 137 Spielen (88,32%). Wie bereits in den Kommentaren besprochen wird es auch eine Konferenz mit eigenen Konferenzkommentatoren geben, eine sehr gute Nachricht f\u00fcr den Zuschauer. Mit Blick auf die Partien mit deutscher Beteiligung l\u00e4sst sich sagen, dass sie zumindest teilweise aus dem Stadion und teilweise aus dem neuen DAZN Head-Space \u00fcbertragen werden. Die Vorberichterstattung wird hierbei &#8211; wie bereits an den ersten Spieltagen der Bundesliga &#8211; auf bis zu 60 Minuten erweitert. Planweise wird in dieser in der ersten halben Stunde \u00fcber den Spieltag selbst berichtet w\u00e4hrend die tats\u00e4chliche Vorberichterstattung auf die Partie in der zweiten halben Stunde erfolgt. Rein personell hat DAZN bekannterma\u00dfen mit Michael Born nachgelegt, in der Champions League werden zudem Jogi Hebel und Holger Pfandt zum Einsatz kommen. Im Bereich der Experte wird das Team um Ralph Gunesch, Sebastian Knei\u00dfl, Jonas Hummels, Sandro Wagner und Benny Lauth um Ralf Rangnick erweitert, dieser wird sein Deb\u00fct an Spieltag 2 geben. Ich pers\u00f6nlich bin sehr gespannt auf die \u00dcbertragungen, bin aber mit Blick auf die bisher \u00e4u\u00dferst gut gelungenen Bundesliga\u00fcbertragungen positiv gestimmt. <\/p>\n\n\n\n<p>Bevor wir zu den Ansetzungen kommen, noch ein Hinweis f\u00fcr unsere \u00f6sterreichischen Leser. Eine feste Integration der Ansetzungen von Sky Austria k\u00f6nnen wir nicht versprochen, heute sind aber auf jeden Fall mit dabei. Jetzt aber wirklich die Ansetzungen.<\/p>\n\n\n\n<hr class=\"wp-block-separator\"\/>\n\n\n\n<p class=\"has-normal-font-size\"><strong><em>Die Ansetzungen vom 14. September bis zum 16. September 2021<\/em><\/strong><\/p>\n\n\n\n<p class=\"has-normal-font-size\"><strong>Champions League Gruppenphase, 01. Spieltag<\/strong><\/p>\n\n\n\n<p><span style=\"text-decoration: underline;\">Dienstag, 14. September 2021, ab 18.30 Uhr (DAZN)<\/span><\/p>\n\n\n\n<p><em><strong>FC Sevilla \u2013 FC Salzburg (18.45 Uhr)<\/strong><\/em><\/p>\n\n\n\n<p class=\"has-normal-font-size\"><img loading=\"lazy\" decoding=\"async\" width=\"10\" height=\"21\" class=\"wp-image-3656\" style=\"width: 10px;\" src=\"http:\/\/kommentatorenblog.de\/wp-content\/uploads\/2020\/09\/shure-55sh-ii-e1601485394796.jpg\" alt=\"\" srcset=\"https:\/\/kommentatorenblog.de\/wp-content\/uploads\/2020\/09\/shure-55sh-ii-e1601485394796.jpg 415w, https:\/\/kommentatorenblog.de\/wp-content\/uploads\/2020\/09\/shure-55sh-ii-e1601485394796-142x300.jpg 142w\" sizes=\"auto, (max-width: 10px) 100vw, 10px\" \/> Max Gross, Experte: Sebastian Knei\u00dfl (Einzelspiel), Holger Pfandt (Konferenz)<\/p>\n\n\n\n<p><strong><em>Young Boys Bern \u2013 Manchester United (18.45 Uhr)<\/em><\/strong><\/p>\n\n\n\n<p class=\"has-normal-font-size\"><img loading=\"lazy\" decoding=\"async\" width=\"10\" height=\"21\" class=\"wp-image-3656\" style=\"width: 10px;\" src=\"http:\/\/kommentatorenblog.de\/wp-content\/uploads\/2020\/09\/shure-55sh-ii-e1601485394796.jpg\" alt=\"\" srcset=\"https:\/\/kommentatorenblog.de\/wp-content\/uploads\/2020\/09\/shure-55sh-ii-e1601485394796.jpg 415w, https:\/\/kommentatorenblog.de\/wp-content\/uploads\/2020\/09\/shure-55sh-ii-e1601485394796-142x300.jpg 142w\" sizes=\"auto, (max-width: 10px) 100vw, 10px\" \/> Uwe Morawe (Einzelspiel), Uli Hebel (Konferenz)<\/p>\n\n\n\n<p class=\"has-normal-font-size\"><span style=\"text-decoration: underline;\">ab 19.30 Uhr <strong>(PrimeVideo &#8211; exklusives Einzelspiel)<\/strong><\/span><\/p>\n\n\n\n<p><strong><em>FC Barcelona \u2013 FC Bayern M\u00fcnchen (21.00 Uhr)<\/em><\/strong><\/p>\n\n\n\n<p class=\"has-normal-font-size\"><img loading=\"lazy\" decoding=\"async\" width=\"10\" height=\"21\" class=\"wp-image-3656\" style=\"width: 10px;\" src=\"http:\/\/kommentatorenblog.de\/wp-content\/uploads\/2020\/09\/shure-55sh-ii-e1601485394796.jpg\" alt=\"\" srcset=\"https:\/\/kommentatorenblog.de\/wp-content\/uploads\/2020\/09\/shure-55sh-ii-e1601485394796.jpg 415w, https:\/\/kommentatorenblog.de\/wp-content\/uploads\/2020\/09\/shure-55sh-ii-e1601485394796-142x300.jpg 142w\" sizes=\"auto, (max-width: 10px) 100vw, 10px\" \/> Jonas Friedrich, Experte: Benedikt H\u00f6wedes<\/p>\n\n\n\n<p>Field-Reporter: Shary Reeves, Sebastian Benesch<\/p>\n\n\n\n<p>Moderation: Sebastian Hellmann, Experten: Matthias Sammer, Mario Gomez, Kim Kulig, Schiedsrichter-Experte: Wolfgang Stark<\/p>\n\n\n\n<p><span style=\"text-decoration: underline;\">ab 20.00Uhr (DAZN)<\/span> <\/p>\n\n\n\n<p><strong><em>OSC Lille \u2013 VfL Wolfsburg (21.00 Uhr)<\/em><\/strong><\/p>\n\n\n\n<p class=\"has-normal-font-size\"><img loading=\"lazy\" decoding=\"async\" width=\"10\" height=\"21\" class=\"wp-image-3656\" style=\"width: 10px;\" src=\"http:\/\/kommentatorenblog.de\/wp-content\/uploads\/2020\/09\/shure-55sh-ii-e1601485394796.jpg\" alt=\"\" srcset=\"https:\/\/kommentatorenblog.de\/wp-content\/uploads\/2020\/09\/shure-55sh-ii-e1601485394796.jpg 415w, https:\/\/kommentatorenblog.de\/wp-content\/uploads\/2020\/09\/shure-55sh-ii-e1601485394796-142x300.jpg 142w\" sizes=\"auto, (max-width: 10px) 100vw, 10px\" \/> Jan Platte, Experte: Ralph Gunesch (Einzelspiel), Marco Hagemann (Konferenz)<\/p>\n\n\n\n<p>Moderation: Alex Schl\u00fcter, Field-Reporter: Andres Veredas<\/p>\n\n\n\n<p><strong><em>FC Chelsea \u2013 Zenit St. Petersburg (21.00 Uhr)<\/em><\/strong><\/p>\n\n\n\n<p class=\"has-normal-font-size\"><img loading=\"lazy\" decoding=\"async\" width=\"10\" height=\"21\" class=\"wp-image-3656\" style=\"width: 10px;\" src=\"http:\/\/kommentatorenblog.de\/wp-content\/uploads\/2020\/09\/shure-55sh-ii-e1601485394796.jpg\" alt=\"\" srcset=\"https:\/\/kommentatorenblog.de\/wp-content\/uploads\/2020\/09\/shure-55sh-ii-e1601485394796.jpg 415w, https:\/\/kommentatorenblog.de\/wp-content\/uploads\/2020\/09\/shure-55sh-ii-e1601485394796-142x300.jpg 142w\" sizes=\"auto, (max-width: 10px) 100vw, 10px\" \/> Christoph Stadtler, Experte: Benny Lauth (Einzelspiel), Lukas Sch\u00f6nm\u00fcller (Konferenz)<\/p>\n\n\n\n<p><strong><em>Malm\u00f6 FF \u2013 Juventus Turin (21.00 Uhr)<\/em><\/strong><\/p>\n\n\n\n<p class=\"has-normal-font-size\"><img loading=\"lazy\" decoding=\"async\" width=\"10\" height=\"21\" class=\"wp-image-3656\" style=\"width: 10px;\" src=\"http:\/\/kommentatorenblog.de\/wp-content\/uploads\/2020\/09\/shure-55sh-ii-e1601485394796.jpg\" alt=\"\" srcset=\"https:\/\/kommentatorenblog.de\/wp-content\/uploads\/2020\/09\/shure-55sh-ii-e1601485394796.jpg 415w, https:\/\/kommentatorenblog.de\/wp-content\/uploads\/2020\/09\/shure-55sh-ii-e1601485394796-142x300.jpg 142w\" sizes=\"auto, (max-width: 10px) 100vw, 10px\" \/> Carsten Fu\u00df (Einzelspiel), Michael Born (Konferenz)<\/p>\n\n\n\n<p><strong><em>FC Villarreal \u2013 Atalanta Bergamo (21.00 Uhr)<\/em><\/strong><\/p>\n\n\n\n<p class=\"has-normal-font-size\"><img loading=\"lazy\" decoding=\"async\" width=\"10\" height=\"21\" class=\"wp-image-3656\" style=\"width: 10px;\" src=\"http:\/\/kommentatorenblog.de\/wp-content\/uploads\/2020\/09\/shure-55sh-ii-e1601485394796.jpg\" alt=\"\" srcset=\"https:\/\/kommentatorenblog.de\/wp-content\/uploads\/2020\/09\/shure-55sh-ii-e1601485394796.jpg 415w, https:\/\/kommentatorenblog.de\/wp-content\/uploads\/2020\/09\/shure-55sh-ii-e1601485394796-142x300.jpg 142w\" sizes=\"auto, (max-width: 10px) 100vw, 10px\" \/> Ruben Zimmermann (Einzelspiel), Freddy Harder (Konferenz)<\/p>\n\n\n\n<p><strong><em>Dynamo Kiew \u2013 Benfica Lissabon (21.00 Uhr)<\/em><\/strong><\/p>\n\n\n\n<p class=\"has-normal-font-size\"><img loading=\"lazy\" decoding=\"async\" width=\"10\" height=\"21\" class=\"wp-image-3656\" style=\"width: 10px;\" src=\"http:\/\/kommentatorenblog.de\/wp-content\/uploads\/2020\/09\/shure-55sh-ii-e1601485394796.jpg\" alt=\"\" srcset=\"https:\/\/kommentatorenblog.de\/wp-content\/uploads\/2020\/09\/shure-55sh-ii-e1601485394796.jpg 415w, https:\/\/kommentatorenblog.de\/wp-content\/uploads\/2020\/09\/shure-55sh-ii-e1601485394796-142x300.jpg 142w\" sizes=\"auto, (max-width: 10px) 100vw, 10px\" \/> Guido H\u00fcsgen (Einzelspiel), Nico Seepe (Konferenz)<\/p>\n\n\n\n<p>Moderation (DAZN): Tobi Wahnschaffe <\/p>\n\n\n\n<p><span style=\"text-decoration: underline;\">Mittwoch, 15. September 2021, ab 17.45 Uhr (DAZN)<\/span><\/p>\n\n\n\n<p><em><strong>Besiktas Istanbul \u2013 Borussia Dortmund (18.45 Uhr)<\/strong><\/em><\/p>\n\n\n\n<p class=\"has-normal-font-size\"><img loading=\"lazy\" decoding=\"async\" width=\"10\" height=\"21\" class=\"wp-image-3656\" style=\"width: 10px;\" src=\"http:\/\/kommentatorenblog.de\/wp-content\/uploads\/2020\/09\/shure-55sh-ii-e1601485394796.jpg\" alt=\"\" srcset=\"https:\/\/kommentatorenblog.de\/wp-content\/uploads\/2020\/09\/shure-55sh-ii-e1601485394796.jpg 415w, https:\/\/kommentatorenblog.de\/wp-content\/uploads\/2020\/09\/shure-55sh-ii-e1601485394796-142x300.jpg 142w\" sizes=\"auto, (max-width: 10px) 100vw, 10px\" \/> Uli Hebel, Experte: Ralph Gunesch (Einzelspiel), Lukas Sch\u00f6nm\u00fcller (Konferenz)<\/p>\n\n\n\n<p>Moderation: Tobi Wahnschaffe, Field-Reporter: Max Siebald<\/p>\n\n\n\n<p><strong><em>FC Sheriff Tiraspol \u2013 FC Shakhtar Donetsk (18.45 Uhr)<\/em><\/strong><\/p>\n\n\n\n<p class=\"has-normal-font-size\"><img loading=\"lazy\" decoding=\"async\" width=\"10\" height=\"21\" class=\"wp-image-3656\" style=\"width: 10px;\" src=\"http:\/\/kommentatorenblog.de\/wp-content\/uploads\/2020\/09\/shure-55sh-ii-e1601485394796.jpg\" alt=\"\" srcset=\"https:\/\/kommentatorenblog.de\/wp-content\/uploads\/2020\/09\/shure-55sh-ii-e1601485394796.jpg 415w, https:\/\/kommentatorenblog.de\/wp-content\/uploads\/2020\/09\/shure-55sh-ii-e1601485394796-142x300.jpg 142w\" sizes=\"auto, (max-width: 10px) 100vw, 10px\" \/> Adrian Geiler (Einzelspiel), Tom Kirsten (Konferenz)<\/p>\n\n\n\n<p><span style=\"text-decoration: underline;\">ab 20.00Uhr (DAZN)<\/span> <\/p>\n\n\n\n<p><strong><em><em><strong>Manchester City \u2013 RB Leipzig<\/strong><\/em> (21.00 Uhr)<\/em><\/strong><\/p>\n\n\n\n<p class=\"has-normal-font-size\"><img loading=\"lazy\" decoding=\"async\" width=\"10\" height=\"21\" class=\"wp-image-3656\" style=\"width: 10px;\" src=\"http:\/\/kommentatorenblog.de\/wp-content\/uploads\/2020\/09\/shure-55sh-ii-e1601485394796.jpg\" alt=\"\" srcset=\"https:\/\/kommentatorenblog.de\/wp-content\/uploads\/2020\/09\/shure-55sh-ii-e1601485394796.jpg 415w, https:\/\/kommentatorenblog.de\/wp-content\/uploads\/2020\/09\/shure-55sh-ii-e1601485394796-142x300.jpg 142w\" sizes=\"auto, (max-width: 10px) 100vw, 10px\" \/> Jan Platte, Experte: Sebastian Knei\u00dfl (Einzelspiel), Michael Born (Konferenz)<\/p>\n\n\n\n<p>Moderation: Alex Schl\u00fcter, Field-Reporter: Daniel Herzog<\/p>\n\n\n\n<p><strong><em>FC Liverpool \u2013 AC Mailand (21.00 Uhr)<\/em><\/strong><\/p>\n\n\n\n<p class=\"has-normal-font-size\"><img loading=\"lazy\" decoding=\"async\" width=\"10\" height=\"21\" class=\"wp-image-3656\" style=\"width: 10px;\" src=\"http:\/\/kommentatorenblog.de\/wp-content\/uploads\/2020\/09\/shure-55sh-ii-e1601485394796.jpg\" alt=\"\" srcset=\"https:\/\/kommentatorenblog.de\/wp-content\/uploads\/2020\/09\/shure-55sh-ii-e1601485394796.jpg 415w, https:\/\/kommentatorenblog.de\/wp-content\/uploads\/2020\/09\/shure-55sh-ii-e1601485394796-142x300.jpg 142w\" sizes=\"auto, (max-width: 10px) 100vw, 10px\" \/> Franz B\u00fcchner, Experte: Benny Lauth (Einzelspiel), Holger Pfandt (Konferenz)<\/p>\n\n\n\n<p><strong><em>Inter Mailand \u2013 Real Madrid (21.00 Uhr)<\/em><\/strong><\/p>\n\n\n\n<p class=\"has-normal-font-size\"><img loading=\"lazy\" decoding=\"async\" width=\"10\" height=\"21\" class=\"wp-image-3656\" style=\"width: 10px;\" src=\"http:\/\/kommentatorenblog.de\/wp-content\/uploads\/2020\/09\/shure-55sh-ii-e1601485394796.jpg\" alt=\"\" srcset=\"https:\/\/kommentatorenblog.de\/wp-content\/uploads\/2020\/09\/shure-55sh-ii-e1601485394796.jpg 415w, https:\/\/kommentatorenblog.de\/wp-content\/uploads\/2020\/09\/shure-55sh-ii-e1601485394796-142x300.jpg 142w\" sizes=\"auto, (max-width: 10px) 100vw, 10px\" \/> Carsten Fu\u00df, Experte: Christian Bernhard (Einzelspiel), Flo Hauser (Konferenz)<\/p>\n\n\n\n<p><strong><em>Atl\u00e9tico Madrid \u2013 FC Porto (21.00 Uhr)<\/em><\/strong><\/p>\n\n\n\n<p class=\"has-normal-font-size\"><img loading=\"lazy\" decoding=\"async\" width=\"10\" height=\"21\" class=\"wp-image-3656\" style=\"width: 10px;\" src=\"http:\/\/kommentatorenblog.de\/wp-content\/uploads\/2020\/09\/shure-55sh-ii-e1601485394796.jpg\" alt=\"\" srcset=\"https:\/\/kommentatorenblog.de\/wp-content\/uploads\/2020\/09\/shure-55sh-ii-e1601485394796.jpg 415w, https:\/\/kommentatorenblog.de\/wp-content\/uploads\/2020\/09\/shure-55sh-ii-e1601485394796-142x300.jpg 142w\" sizes=\"auto, (max-width: 10px) 100vw, 10px\" \/> Benni Zander (Einzelspiel), Uwe Morawe (Konferenz)<\/p>\n\n\n\n<p><strong><em><strong><em>FC Br\u00fcgge \u2013 Paris Saint-Germain <\/em><\/strong>(21.00 Uhr)<\/em><\/strong><\/p>\n\n\n\n<p class=\"has-normal-font-size\"><img loading=\"lazy\" decoding=\"async\" width=\"10\" height=\"21\" class=\"wp-image-3656\" style=\"width: 10px;\" src=\"http:\/\/kommentatorenblog.de\/wp-content\/uploads\/2020\/09\/shure-55sh-ii-e1601485394796.jpg\" alt=\"\" srcset=\"https:\/\/kommentatorenblog.de\/wp-content\/uploads\/2020\/09\/shure-55sh-ii-e1601485394796.jpg 415w, https:\/\/kommentatorenblog.de\/wp-content\/uploads\/2020\/09\/shure-55sh-ii-e1601485394796-142x300.jpg 142w\" sizes=\"auto, (max-width: 10px) 100vw, 10px\" \/> Oliver Forster (Einzelspiel), Jogi Hebel (Konferenz)<\/p>\n\n\n\n<p><strong><em>Sporting Lissabon \u2013 Ajax Amsterdam (21.00 Uhr)<\/em><\/strong><\/p>\n\n\n\n<p class=\"has-normal-font-size\"><img loading=\"lazy\" decoding=\"async\" width=\"10\" height=\"21\" class=\"wp-image-3656\" style=\"width: 10px;\" src=\"http:\/\/kommentatorenblog.de\/wp-content\/uploads\/2020\/09\/shure-55sh-ii-e1601485394796.jpg\" alt=\"\" srcset=\"https:\/\/kommentatorenblog.de\/wp-content\/uploads\/2020\/09\/shure-55sh-ii-e1601485394796.jpg 415w, https:\/\/kommentatorenblog.de\/wp-content\/uploads\/2020\/09\/shure-55sh-ii-e1601485394796-142x300.jpg 142w\" sizes=\"auto, (max-width: 10px) 100vw, 10px\" \/> Stefan Galler (Einzelspiel), Mario Rieker (Konferenz)<\/p>\n\n\n\n<p>Moderation (DAZN): Christoph Stadtler<\/p>\n\n\n\n<hr class=\"wp-block-separator\"\/>\n\n\n\n<p><strong>Europa League\/Europa Conference League Gruppenphase, 01. Spieltag (RTL)<\/strong><\/p>\n\n\n\n<p><span style=\"text-decoration: underline;\">Donnerstag, 16. September 2021, ab 18.40 Uhr (RTL)<\/span><\/p>\n\n\n\n<p><strong><em>Die Konferenz <\/em><\/strong><img loading=\"lazy\" decoding=\"async\" width=\"10\" height=\"21\" class=\"wp-image-3656\" style=\"width: 10px;\" src=\"http:\/\/kommentatorenblog.de\/wp-content\/uploads\/2020\/09\/shure-55sh-ii-e1601485394796.jpg\" alt=\"\" srcset=\"https:\/\/kommentatorenblog.de\/wp-content\/uploads\/2020\/09\/shure-55sh-ii-e1601485394796.jpg 415w, https:\/\/kommentatorenblog.de\/wp-content\/uploads\/2020\/09\/shure-55sh-ii-e1601485394796-142x300.jpg 142w\" sizes=\"auto, (max-width: 10px) 100vw, 10px\" \/> Stefan Fuckert<\/p>\n\n\n\n<p><span style=\"text-decoration: underline;\">ab 18.15 Uhr (Nitro)<\/span><\/p>\n\n\n\n<p><strong><em>Slavia Prag<\/em><\/strong>&nbsp;<strong><em>\u2013<\/em><\/strong>&nbsp;<strong><em>1. FC Union Berlin (18.45 Uhr)<\/em><\/strong><\/p>\n\n\n\n<p class=\"has-normal-font-size\"><img loading=\"lazy\" decoding=\"async\" width=\"10\" height=\"21\" class=\"wp-image-3656\" style=\"width: 10px;\" src=\"http:\/\/kommentatorenblog.de\/wp-content\/uploads\/2020\/09\/shure-55sh-ii-e1601485394796.jpg\" alt=\"\" srcset=\"https:\/\/kommentatorenblog.de\/wp-content\/uploads\/2020\/09\/shure-55sh-ii-e1601485394796.jpg 415w, https:\/\/kommentatorenblog.de\/wp-content\/uploads\/2020\/09\/shure-55sh-ii-e1601485394796-142x300.jpg 142w\" sizes=\"auto, (max-width: 10px) 100vw, 10px\" \/> Marco Hagemann, Experte: Steffen Freund, Field-Reporter: Felix G\u00f6rner<\/p>\n\n\n\n<p>Moderation: Laura Papendick, Experte: Karl-Heinz Riedle<\/p>\n\n\n\n<p><span style=\"text-decoration: underline;\">ab 17.30 Uhr (TVNOW)<\/span><\/p>\n\n\n\n<p><strong><em>Bayer 04 Leverkusen<\/em><\/strong>&nbsp;<strong><em>\u2013<\/em><\/strong>&nbsp;<strong><em>Ferencvaros Budapest (18.45 Uhr)<\/em><\/strong><\/p>\n\n\n\n<p class=\"has-normal-font-size\"><img loading=\"lazy\" decoding=\"async\" width=\"10\" height=\"21\" class=\"wp-image-3656\" style=\"width: 10px;\" src=\"http:\/\/kommentatorenblog.de\/wp-content\/uploads\/2020\/09\/shure-55sh-ii-e1601485394796.jpg\" alt=\"\" srcset=\"https:\/\/kommentatorenblog.de\/wp-content\/uploads\/2020\/09\/shure-55sh-ii-e1601485394796.jpg 415w, https:\/\/kommentatorenblog.de\/wp-content\/uploads\/2020\/09\/shure-55sh-ii-e1601485394796-142x300.jpg 142w\" sizes=\"auto, (max-width: 10px) 100vw, 10px\" \/> Christoph Stadtler, Field-Reporter: Jan Krebs<\/p>\n\n\n\n<p><strong><em>Galatasaray Istanbul &#8211; Lazio Rom (18.45 Uhr)<\/em><\/strong><\/p>\n\n\n\n<p class=\"has-normal-font-size\"><img loading=\"lazy\" decoding=\"async\" width=\"10\" height=\"21\" class=\"wp-image-3656\" style=\"width: 10px;\" src=\"http:\/\/kommentatorenblog.de\/wp-content\/uploads\/2020\/09\/shure-55sh-ii-e1601485394796.jpg\" alt=\"\" srcset=\"https:\/\/kommentatorenblog.de\/wp-content\/uploads\/2020\/09\/shure-55sh-ii-e1601485394796.jpg 415w, https:\/\/kommentatorenblog.de\/wp-content\/uploads\/2020\/09\/shure-55sh-ii-e1601485394796-142x300.jpg 142w\" sizes=\"auto, (max-width: 10px) 100vw, 10px\" \/> Christian Stra\u00dfburger<\/p>\n\n\n\n<p><span style=\"text-decoration: underline;\">ab 20.40 Uhr (TVNOW)<\/span><\/p>\n\n\n\n<p><strong><em>Eintracht Frankfurt <strong><em>\u2013<\/em><\/strong> Fenerbahce Istanbul (21.00 Uhr)<\/em><\/strong><\/p>\n\n\n\n<p class=\"has-normal-font-size\"><img loading=\"lazy\" decoding=\"async\" width=\"10\" height=\"21\" class=\"wp-image-3656\" style=\"width: 10px;\" src=\"http:\/\/kommentatorenblog.de\/wp-content\/uploads\/2020\/09\/shure-55sh-ii-e1601485394796.jpg\" alt=\"\" srcset=\"https:\/\/kommentatorenblog.de\/wp-content\/uploads\/2020\/09\/shure-55sh-ii-e1601485394796.jpg 415w, https:\/\/kommentatorenblog.de\/wp-content\/uploads\/2020\/09\/shure-55sh-ii-e1601485394796-142x300.jpg 142w\" sizes=\"auto, (max-width: 10px) 100vw, 10px\" \/> Cornelius K\u00fcpper, Field-Reporter: Thomas Wagner<\/p>\n\n\n\n<p><strong><em>Leicester City <strong><em>\u2013<\/em><\/strong> SSC Neapel<\/em><\/strong> <strong><em>(21.00 Uhr)<\/em><\/strong><\/p>\n\n\n\n<p class=\"has-normal-font-size\"><img loading=\"lazy\" decoding=\"async\" width=\"10\" height=\"21\" class=\"wp-image-3656\" style=\"width: 10px;\" src=\"http:\/\/kommentatorenblog.de\/wp-content\/uploads\/2020\/09\/shure-55sh-ii-e1601485394796.jpg\" alt=\"\" srcset=\"https:\/\/kommentatorenblog.de\/wp-content\/uploads\/2020\/09\/shure-55sh-ii-e1601485394796.jpg 415w, https:\/\/kommentatorenblog.de\/wp-content\/uploads\/2020\/09\/shure-55sh-ii-e1601485394796-142x300.jpg 142w\" sizes=\"auto, (max-width: 10px) 100vw, 10px\" \/> Michael Born<\/p>\n\n\n\n<p><strong><em>PSV Eindhoven <strong><em>\u2013<\/em><\/strong> Real Sociedad (21.00 Uhr)<\/em><\/strong><\/p>\n\n\n\n<p class=\"has-normal-font-size\"><img loading=\"lazy\" decoding=\"async\" width=\"10\" height=\"21\" class=\"wp-image-3656\" style=\"width: 10px;\" src=\"http:\/\/kommentatorenblog.de\/wp-content\/uploads\/2020\/09\/shure-55sh-ii-e1601485394796.jpg\" alt=\"\" srcset=\"https:\/\/kommentatorenblog.de\/wp-content\/uploads\/2020\/09\/shure-55sh-ii-e1601485394796.jpg 415w, https:\/\/kommentatorenblog.de\/wp-content\/uploads\/2020\/09\/shure-55sh-ii-e1601485394796-142x300.jpg 142w\" sizes=\"auto, (max-width: 10px) 100vw, 10px\" \/> Christina Graf<\/p>\n\n\n\n<p><strong><em>Glasgow Rangers <strong><em>\u2013<\/em><\/strong> Olympique Lyon (21.00 Uhr)<\/em><\/strong><\/p>\n\n\n\n<p class=\"has-normal-font-size\"><img loading=\"lazy\" decoding=\"async\" width=\"10\" height=\"21\" class=\"wp-image-3656\" style=\"width: 10px;\" src=\"http:\/\/kommentatorenblog.de\/wp-content\/uploads\/2020\/09\/shure-55sh-ii-e1601485394796.jpg\" alt=\"\" srcset=\"https:\/\/kommentatorenblog.de\/wp-content\/uploads\/2020\/09\/shure-55sh-ii-e1601485394796.jpg 415w, https:\/\/kommentatorenblog.de\/wp-content\/uploads\/2020\/09\/shure-55sh-ii-e1601485394796-142x300.jpg 142w\" sizes=\"auto, (max-width: 10px) 100vw, 10px\" \/> Klaus Veltman<\/p>\n\n\n\n<p><strong><em>AS Monaco <strong><em>\u2013<\/em><\/strong> Sturm Graz\u00a0(21.00 Uhr)<\/em><\/strong><\/p>\n\n\n\n<p class=\"has-normal-font-size\"><img loading=\"lazy\" decoding=\"async\" width=\"10\" height=\"21\" class=\"wp-image-3656\" style=\"width: 10px;\" src=\"http:\/\/kommentatorenblog.de\/wp-content\/uploads\/2020\/09\/shure-55sh-ii-e1601485394796.jpg\" alt=\"\" srcset=\"https:\/\/kommentatorenblog.de\/wp-content\/uploads\/2020\/09\/shure-55sh-ii-e1601485394796.jpg 415w, https:\/\/kommentatorenblog.de\/wp-content\/uploads\/2020\/09\/shure-55sh-ii-e1601485394796-142x300.jpg 142w\" sizes=\"auto, (max-width: 10px) 100vw, 10px\" \/> Heiko Wa\u00dfer<\/p>\n\n\n\n<p>Moderation: Anna Kraft, Arnd Zeigler, Robby Hunke und Lukas Podolski, Gast: Frederick Lau<\/p>\n\n\n\n<hr class=\"wp-block-separator\"\/>\n\n\n\n<p><strong>3.Liga, Nachholspiel<\/strong><\/p>\n\n\n\n<p><span style=\"text-decoration: underline;\">Mittwoch, 15. September 2021, ab 18.45Uhr (Magenta Sport)<\/span><\/p>\n\n\n\n<p><strong><em>FSV Zwickau <strong><em>\u2013<\/em><\/strong> Hallescher FC (19.00Uhr)<\/em><\/strong><\/p>\n\n\n\n<p class=\"has-normal-font-size\"><img loading=\"lazy\" decoding=\"async\" width=\"10\" height=\"21\" class=\"wp-image-3656\" style=\"width: 10px;\" src=\"http:\/\/kommentatorenblog.de\/wp-content\/uploads\/2020\/09\/shure-55sh-ii-e1601485394796.jpg\" alt=\"\" srcset=\"https:\/\/kommentatorenblog.de\/wp-content\/uploads\/2020\/09\/shure-55sh-ii-e1601485394796.jpg 415w, https:\/\/kommentatorenblog.de\/wp-content\/uploads\/2020\/09\/shure-55sh-ii-e1601485394796-142x300.jpg 142w\" sizes=\"auto, (max-width: 10px) 100vw, 10px\" \/> Markus Herwig<\/p>\n\n\n\n<p>Moderation: Anett Sattler<\/p>\n\n\n\n<hr class=\"wp-block-separator\"\/>\n\n\n\n<p class=\"has-normal-font-size\"><strong>Champions League Gruppenphase, 01. Spieltag (\u00d6sterreich)<\/strong><\/p>\n\n\n\n<p><span style=\"text-decoration: underline;\">Dienstag, 14. September 2021, ab 18.00 Uhr (Sky)<\/span><\/p>\n\n\n\n<p><em><strong>FC Sevilla \u2013 FC Salzburg (18.45 Uhr)<\/strong><\/em><\/p>\n\n\n\n<p class=\"has-normal-font-size\"><img loading=\"lazy\" decoding=\"async\" width=\"10\" height=\"21\" class=\"wp-image-3656\" style=\"width: 10px;\" src=\"http:\/\/kommentatorenblog.de\/wp-content\/uploads\/2020\/09\/shure-55sh-ii-e1601485394796.jpg\" alt=\"\" srcset=\"https:\/\/kommentatorenblog.de\/wp-content\/uploads\/2020\/09\/shure-55sh-ii-e1601485394796.jpg 415w, https:\/\/kommentatorenblog.de\/wp-content\/uploads\/2020\/09\/shure-55sh-ii-e1601485394796-142x300.jpg 142w\" sizes=\"auto, (max-width: 10px) 100vw, 10px\" \/> Philipp Paternina (Einzelspiel), Otto Rosenauer (Konferenz)<\/p>\n\n\n\n<p><strong><em>Young Boys Bern \u2013 Manchester United (18.45 Uhr)<\/em><\/strong><\/p>\n\n\n\n<p class=\"has-normal-font-size\"><img loading=\"lazy\" decoding=\"async\" width=\"10\" height=\"21\" class=\"wp-image-3656\" style=\"width: 10px;\" src=\"http:\/\/kommentatorenblog.de\/wp-content\/uploads\/2020\/09\/shure-55sh-ii-e1601485394796.jpg\" alt=\"\" srcset=\"https:\/\/kommentatorenblog.de\/wp-content\/uploads\/2020\/09\/shure-55sh-ii-e1601485394796.jpg 415w, https:\/\/kommentatorenblog.de\/wp-content\/uploads\/2020\/09\/shure-55sh-ii-e1601485394796-142x300.jpg 142w\" sizes=\"auto, (max-width: 10px) 100vw, 10px\" \/> Roland Evers (Konferenz)<\/p>\n\n\n\n<p><span style=\"text-decoration: underline;\">ab 20.50Uhr (Sky)<\/span> <\/p>\n\n\n\n<p><strong><em>FC Barcelona \u2013 FC Bayern M\u00fcnchen (21.00 Uhr)<\/em><\/strong><\/p>\n\n\n\n<p class=\"has-normal-font-size\"><img loading=\"lazy\" decoding=\"async\" width=\"10\" height=\"21\" class=\"wp-image-3656\" style=\"width: 10px;\" src=\"http:\/\/kommentatorenblog.de\/wp-content\/uploads\/2020\/09\/shure-55sh-ii-e1601485394796.jpg\" alt=\"\" srcset=\"https:\/\/kommentatorenblog.de\/wp-content\/uploads\/2020\/09\/shure-55sh-ii-e1601485394796.jpg 415w, https:\/\/kommentatorenblog.de\/wp-content\/uploads\/2020\/09\/shure-55sh-ii-e1601485394796-142x300.jpg 142w\" sizes=\"auto, (max-width: 10px) 100vw, 10px\" \/> David Eder (Einzelspiel), Gerfried Pr\u00f6ll (Konferenz)<\/p>\n\n\n\n<p><strong><em>OSC Lille \u2013 VfL Wolfsburg (21.00 Uhr)<\/em><\/strong><\/p>\n\n\n\n<p class=\"has-normal-font-size\"><img loading=\"lazy\" decoding=\"async\" width=\"10\" height=\"21\" class=\"wp-image-3656\" style=\"width: 10px;\" src=\"http:\/\/kommentatorenblog.de\/wp-content\/uploads\/2020\/09\/shure-55sh-ii-e1601485394796.jpg\" alt=\"\" srcset=\"https:\/\/kommentatorenblog.de\/wp-content\/uploads\/2020\/09\/shure-55sh-ii-e1601485394796.jpg 415w, https:\/\/kommentatorenblog.de\/wp-content\/uploads\/2020\/09\/shure-55sh-ii-e1601485394796-142x300.jpg 142w\" sizes=\"auto, (max-width: 10px) 100vw, 10px\" \/> Kai Dittmann (Einzelspiel), Marcel Meinert (Konferenz)<\/p>\n\n\n\n<p><strong><em>FC Chelsea \u2013 Zenit St. Petersburg (21.00 Uhr)<\/em><\/strong><\/p>\n\n\n\n<p class=\"has-normal-font-size\"><img loading=\"lazy\" decoding=\"async\" width=\"10\" height=\"21\" class=\"wp-image-3656\" style=\"width: 10px;\" src=\"http:\/\/kommentatorenblog.de\/wp-content\/uploads\/2020\/09\/shure-55sh-ii-e1601485394796.jpg\" alt=\"\" srcset=\"https:\/\/kommentatorenblog.de\/wp-content\/uploads\/2020\/09\/shure-55sh-ii-e1601485394796.jpg 415w, https:\/\/kommentatorenblog.de\/wp-content\/uploads\/2020\/09\/shure-55sh-ii-e1601485394796-142x300.jpg 142w\" sizes=\"auto, (max-width: 10px) 100vw, 10px\" \/> Sven Schr\u00f6ter (Einzelspiel), Charly Leitner (Konferenz)<\/p>\n\n\n\n<p><strong><em>Malm\u00f6 FF \u2013 Juventus Turin (21.00 Uhr)<\/em><\/strong><\/p>\n\n\n\n<p class=\"has-normal-font-size\"><img loading=\"lazy\" decoding=\"async\" width=\"10\" height=\"21\" class=\"wp-image-3656\" style=\"width: 10px;\" src=\"http:\/\/kommentatorenblog.de\/wp-content\/uploads\/2020\/09\/shure-55sh-ii-e1601485394796.jpg\" alt=\"\" srcset=\"https:\/\/kommentatorenblog.de\/wp-content\/uploads\/2020\/09\/shure-55sh-ii-e1601485394796.jpg 415w, https:\/\/kommentatorenblog.de\/wp-content\/uploads\/2020\/09\/shure-55sh-ii-e1601485394796-142x300.jpg 142w\" sizes=\"auto, (max-width: 10px) 100vw, 10px\" \/> Stefan Hempel (Konferenz)<\/p>\n\n\n\n<p><strong><em>FC Villarreal \u2013 Atalanta Bergamo (21.00 Uhr)<\/em><\/strong><\/p>\n\n\n\n<p class=\"has-normal-font-size\"><img loading=\"lazy\" decoding=\"async\" width=\"10\" height=\"21\" class=\"wp-image-3656\" style=\"width: 10px;\" src=\"http:\/\/kommentatorenblog.de\/wp-content\/uploads\/2020\/09\/shure-55sh-ii-e1601485394796.jpg\" alt=\"\" srcset=\"https:\/\/kommentatorenblog.de\/wp-content\/uploads\/2020\/09\/shure-55sh-ii-e1601485394796.jpg 415w, https:\/\/kommentatorenblog.de\/wp-content\/uploads\/2020\/09\/shure-55sh-ii-e1601485394796-142x300.jpg 142w\" sizes=\"auto, (max-width: 10px) 100vw, 10px\" \/> Hansi K\u00fcpper (Konferenz)<\/p>\n\n\n\n<p><strong><em>Dynamo Kiew \u2013 Benfica Lissabon (21.00 Uhr)<\/em><\/strong><\/p>\n\n\n\n<p class=\"has-normal-font-size\"><img loading=\"lazy\" decoding=\"async\" width=\"10\" height=\"21\" class=\"wp-image-3656\" style=\"width: 10px;\" src=\"http:\/\/kommentatorenblog.de\/wp-content\/uploads\/2020\/09\/shure-55sh-ii-e1601485394796.jpg\" alt=\"\" srcset=\"https:\/\/kommentatorenblog.de\/wp-content\/uploads\/2020\/09\/shure-55sh-ii-e1601485394796.jpg 415w, https:\/\/kommentatorenblog.de\/wp-content\/uploads\/2020\/09\/shure-55sh-ii-e1601485394796-142x300.jpg 142w\" sizes=\"auto, (max-width: 10px) 100vw, 10px\" \/> Toni Tomic (Konferenz)<\/p>\n\n\n\n<p>Moderation: Constanze Weiss, Experten: Marc Janko und Klaus Schmidt<\/p>\n\n\n\n<p><span style=\"text-decoration: underline;\">Mittwoch, 15. September 2021, ab 18Uhr (Sky)<\/span><\/p>\n\n\n\n<p><em><strong>Besiktas Istanbul \u2013 Borussia Dortmund (18.45 Uhr)<\/strong><\/em><\/p>\n\n\n\n<p class=\"has-normal-font-size\"><img loading=\"lazy\" decoding=\"async\" width=\"10\" height=\"21\" class=\"wp-image-3656\" style=\"width: 10px;\" src=\"http:\/\/kommentatorenblog.de\/wp-content\/uploads\/2020\/09\/shure-55sh-ii-e1601485394796.jpg\" alt=\"\" srcset=\"https:\/\/kommentatorenblog.de\/wp-content\/uploads\/2020\/09\/shure-55sh-ii-e1601485394796.jpg 415w, https:\/\/kommentatorenblog.de\/wp-content\/uploads\/2020\/09\/shure-55sh-ii-e1601485394796-142x300.jpg 142w\" sizes=\"auto, (max-width: 10px) 100vw, 10px\" \/> Markus Gaupp (Einzelspiel), Hansi K\u00fcpper (Konferenz)<\/p>\n\n\n\n<p><strong><em>FC Sheriff Tiraspol \u2013 FC Shakhtar Donetsk (18.45 Uhr)<\/em><\/strong><\/p>\n\n\n\n<p class=\"has-normal-font-size\"><img loading=\"lazy\" decoding=\"async\" width=\"10\" height=\"21\" class=\"wp-image-3656\" style=\"width: 10px;\" src=\"http:\/\/kommentatorenblog.de\/wp-content\/uploads\/2020\/09\/shure-55sh-ii-e1601485394796.jpg\" alt=\"\" srcset=\"https:\/\/kommentatorenblog.de\/wp-content\/uploads\/2020\/09\/shure-55sh-ii-e1601485394796.jpg 415w, https:\/\/kommentatorenblog.de\/wp-content\/uploads\/2020\/09\/shure-55sh-ii-e1601485394796-142x300.jpg 142w\" sizes=\"auto, (max-width: 10px) 100vw, 10px\" \/> Charly Leitner (Konferenz)<\/p>\n\n\n\n<p><span style=\"text-decoration: underline;\">ab 20.00Uhr (Sky)<\/span> <\/p>\n\n\n\n<p><strong><em><em><strong>Manchester City \u2013 RB Leipzig<\/strong><\/em> (21.00 Uhr)<\/em><\/strong><\/p>\n\n\n\n<p class=\"has-normal-font-size\"><img loading=\"lazy\" decoding=\"async\" width=\"10\" height=\"21\" class=\"wp-image-3656\" style=\"width: 10px;\" src=\"http:\/\/kommentatorenblog.de\/wp-content\/uploads\/2020\/09\/shure-55sh-ii-e1601485394796.jpg\" alt=\"\" srcset=\"https:\/\/kommentatorenblog.de\/wp-content\/uploads\/2020\/09\/shure-55sh-ii-e1601485394796.jpg 415w, https:\/\/kommentatorenblog.de\/wp-content\/uploads\/2020\/09\/shure-55sh-ii-e1601485394796-142x300.jpg 142w\" sizes=\"auto, (max-width: 10px) 100vw, 10px\" \/> Kai Dittmann (Einzelspiel), Otto Rosenauer (Konferenz)<\/p>\n\n\n\n<p><strong><em>FC Liverpool \u2013 AC Mailand (21.00 Uhr)<\/em><\/strong><\/p>\n\n\n\n<p class=\"has-normal-font-size\"><img loading=\"lazy\" decoding=\"async\" width=\"10\" height=\"21\" class=\"wp-image-3656\" style=\"width: 10px;\" src=\"http:\/\/kommentatorenblog.de\/wp-content\/uploads\/2020\/09\/shure-55sh-ii-e1601485394796.jpg\" alt=\"\" srcset=\"https:\/\/kommentatorenblog.de\/wp-content\/uploads\/2020\/09\/shure-55sh-ii-e1601485394796.jpg 415w, https:\/\/kommentatorenblog.de\/wp-content\/uploads\/2020\/09\/shure-55sh-ii-e1601485394796-142x300.jpg 142w\" sizes=\"auto, (max-width: 10px) 100vw, 10px\" \/> Guido Friedrich (Einzelspiel), Gerfried Pr\u00f6ll (Konferenz)<\/p>\n\n\n\n<p><strong><em>Inter Mailand \u2013 Real Madrid (21.00 Uhr)<\/em><\/strong><\/p>\n\n\n\n<p class=\"has-normal-font-size\"><img loading=\"lazy\" decoding=\"async\" width=\"10\" height=\"21\" class=\"wp-image-3656\" style=\"width: 10px;\" src=\"http:\/\/kommentatorenblog.de\/wp-content\/uploads\/2020\/09\/shure-55sh-ii-e1601485394796.jpg\" alt=\"\" srcset=\"https:\/\/kommentatorenblog.de\/wp-content\/uploads\/2020\/09\/shure-55sh-ii-e1601485394796.jpg 415w, https:\/\/kommentatorenblog.de\/wp-content\/uploads\/2020\/09\/shure-55sh-ii-e1601485394796-142x300.jpg 142w\" sizes=\"auto, (max-width: 10px) 100vw, 10px\" \/> Martin Konrad (Einzelspiel), David Eder (Konferenz)<\/p>\n\n\n\n<p><strong><em>Atl\u00e9tico Madrid \u2013 FC Porto (21.00 Uhr)<\/em><\/strong><\/p>\n\n\n\n<p class=\"has-normal-font-size\"><img loading=\"lazy\" decoding=\"async\" width=\"10\" height=\"21\" class=\"wp-image-3656\" style=\"width: 10px;\" src=\"http:\/\/kommentatorenblog.de\/wp-content\/uploads\/2020\/09\/shure-55sh-ii-e1601485394796.jpg\" alt=\"\" srcset=\"https:\/\/kommentatorenblog.de\/wp-content\/uploads\/2020\/09\/shure-55sh-ii-e1601485394796.jpg 415w, https:\/\/kommentatorenblog.de\/wp-content\/uploads\/2020\/09\/shure-55sh-ii-e1601485394796-142x300.jpg 142w\" sizes=\"auto, (max-width: 10px) 100vw, 10px\" \/> Marcel Meinert (Konferenz)<\/p>\n\n\n\n<p><strong><em><strong><em>FC Br\u00fcgge \u2013 Paris Saint-Germain <\/em><\/strong>(21.00 Uhr)<\/em><\/strong><\/p>\n\n\n\n<p class=\"has-normal-font-size\"><img loading=\"lazy\" decoding=\"async\" width=\"10\" height=\"21\" class=\"wp-image-3656\" style=\"width: 10px;\" src=\"http:\/\/kommentatorenblog.de\/wp-content\/uploads\/2020\/09\/shure-55sh-ii-e1601485394796.jpg\" alt=\"\" srcset=\"https:\/\/kommentatorenblog.de\/wp-content\/uploads\/2020\/09\/shure-55sh-ii-e1601485394796.jpg 415w, https:\/\/kommentatorenblog.de\/wp-content\/uploads\/2020\/09\/shure-55sh-ii-e1601485394796-142x300.jpg 142w\" sizes=\"auto, (max-width: 10px) 100vw, 10px\" \/> Johannes Hofer (Konferenz)<\/p>\n\n\n\n<p><strong><em>Sporting Lissabon \u2013 Ajax Amsterdam (21.00 Uhr)<\/em><\/strong><\/p>\n\n\n\n<p class=\"has-normal-font-size\"><img loading=\"lazy\" decoding=\"async\" width=\"10\" height=\"21\" class=\"wp-image-3656\" style=\"width: 10px;\" src=\"http:\/\/kommentatorenblog.de\/wp-content\/uploads\/2020\/09\/shure-55sh-ii-e1601485394796.jpg\" alt=\"\" srcset=\"https:\/\/kommentatorenblog.de\/wp-content\/uploads\/2020\/09\/shure-55sh-ii-e1601485394796.jpg 415w, https:\/\/kommentatorenblog.de\/wp-content\/uploads\/2020\/09\/shure-55sh-ii-e1601485394796-142x300.jpg 142w\" sizes=\"auto, (max-width: 10px) 100vw, 10px\" \/> Phillip Lautischer (Konferenz)<\/p>\n\n\n\n<p>Moderation: Kimberly Budinsky, Experten: Lothar Matth\u00e4us, Klaus Schmidt und Alex Manninger<\/p>\n\n\n\n<hr class=\"wp-block-separator\"\/>\n\n\n\n<p><strong>Europa League\/Europa Conference League Gruppenphase, 01. Spieltag (Sky)<\/strong><\/p>\n\n\n\n<p><span style=\"text-decoration: underline;\">Donnerstag, 16. September 2021, ab 18.00 Uhr<\/span><\/p>\n\n\n\n<p><strong><em>SK Rapid Wien &#8211; KRC Genk (18.45 Uhr)<\/em><\/strong><\/p>\n\n\n\n<p class=\"has-normal-font-size\"><img loading=\"lazy\" decoding=\"async\" width=\"10\" height=\"21\" class=\"wp-image-3656\" style=\"width: 10px;\" src=\"http:\/\/kommentatorenblog.de\/wp-content\/uploads\/2020\/09\/shure-55sh-ii-e1601485394796.jpg\" alt=\"\" srcset=\"https:\/\/kommentatorenblog.de\/wp-content\/uploads\/2020\/09\/shure-55sh-ii-e1601485394796.jpg 415w, https:\/\/kommentatorenblog.de\/wp-content\/uploads\/2020\/09\/shure-55sh-ii-e1601485394796-142x300.jpg 142w\" sizes=\"auto, (max-width: 10px) 100vw, 10px\" \/> Erich Auer (Einzelspiel), Philipp Paternina (Konferenz)<\/p>\n\n\n\n<p><strong><em>HJK Helsinki &#8211; LASK (18.45 Uhr)<\/em><\/strong><\/p>\n\n\n\n<p class=\"has-normal-font-size\"><img loading=\"lazy\" decoding=\"async\" width=\"10\" height=\"21\" class=\"wp-image-3656\" style=\"width: 10px;\" src=\"http:\/\/kommentatorenblog.de\/wp-content\/uploads\/2020\/09\/shure-55sh-ii-e1601485394796.jpg\" alt=\"\" srcset=\"https:\/\/kommentatorenblog.de\/wp-content\/uploads\/2020\/09\/shure-55sh-ii-e1601485394796.jpg 415w, https:\/\/kommentatorenblog.de\/wp-content\/uploads\/2020\/09\/shure-55sh-ii-e1601485394796-142x300.jpg 142w\" sizes=\"auto, (max-width: 10px) 100vw, 10px\" \/> Gerfried Pr\u00f6ll (Einzelspiel), Otto Rosenauer (Konferenz)<\/p>\n\n\n\n<p><strong><em>HJK Galatasaray Istanbul &#8211; Lazio Rom<\/em><\/strong> <strong><em>(18.45 Uhr)<\/em><\/strong><\/p>\n\n\n\n<p class=\"has-normal-font-size\"><img loading=\"lazy\" decoding=\"async\" width=\"10\" height=\"21\" class=\"wp-image-3656\" style=\"width: 10px;\" src=\"http:\/\/kommentatorenblog.de\/wp-content\/uploads\/2020\/09\/shure-55sh-ii-e1601485394796.jpg\" alt=\"\" srcset=\"https:\/\/kommentatorenblog.de\/wp-content\/uploads\/2020\/09\/shure-55sh-ii-e1601485394796.jpg 415w, https:\/\/kommentatorenblog.de\/wp-content\/uploads\/2020\/09\/shure-55sh-ii-e1601485394796-142x300.jpg 142w\" sizes=\"auto, (max-width: 10px) 100vw, 10px\" \/> Guido Friedrich (Einzelspiel)<\/p>\n\n\n\n<p><strong><em>Dinamo Zagreb &#8211; West Ham United\u00a0(18.45 Uhr)<\/em><\/strong><\/p>\n\n\n\n<p class=\"has-normal-font-size\"><img loading=\"lazy\" decoding=\"async\" width=\"10\" height=\"21\" class=\"wp-image-3656\" style=\"width: 10px;\" src=\"http:\/\/kommentatorenblog.de\/wp-content\/uploads\/2020\/09\/shure-55sh-ii-e1601485394796.jpg\" alt=\"\" srcset=\"https:\/\/kommentatorenblog.de\/wp-content\/uploads\/2020\/09\/shure-55sh-ii-e1601485394796.jpg 415w, https:\/\/kommentatorenblog.de\/wp-content\/uploads\/2020\/09\/shure-55sh-ii-e1601485394796-142x300.jpg 142w\" sizes=\"auto, (max-width: 10px) 100vw, 10px\" \/> Charly Leitner (Konferenz)<\/p>\n\n\n\n<p><strong><em>Bayer 04 Leverkusen<\/em><\/strong>&nbsp;<strong><em>\u2013<\/em><\/strong>&nbsp;<strong><em>Ferencvaros Budapest (18.45 Uhr)<\/em><\/strong><\/p>\n\n\n\n<p class=\"has-normal-font-size\"><img loading=\"lazy\" decoding=\"async\" width=\"10\" height=\"21\" class=\"wp-image-3656\" style=\"width: 10px;\" src=\"http:\/\/kommentatorenblog.de\/wp-content\/uploads\/2020\/09\/shure-55sh-ii-e1601485394796.jpg\" alt=\"\" srcset=\"https:\/\/kommentatorenblog.de\/wp-content\/uploads\/2020\/09\/shure-55sh-ii-e1601485394796.jpg 415w, https:\/\/kommentatorenblog.de\/wp-content\/uploads\/2020\/09\/shure-55sh-ii-e1601485394796-142x300.jpg 142w\" sizes=\"auto, (max-width: 10px) 100vw, 10px\" \/> Hansi K\u00fcpper (Konferenz)<\/p>\n\n\n\n<p><strong><em>Betis Sevilla &#8211; Celtic Glasgow (18.45 Uhr)<\/em><\/strong><\/p>\n\n\n\n<p class=\"has-normal-font-size\"><img loading=\"lazy\" decoding=\"async\" width=\"10\" height=\"21\" class=\"wp-image-3656\" style=\"width: 10px;\" src=\"http:\/\/kommentatorenblog.de\/wp-content\/uploads\/2020\/09\/shure-55sh-ii-e1601485394796.jpg\" alt=\"\" srcset=\"https:\/\/kommentatorenblog.de\/wp-content\/uploads\/2020\/09\/shure-55sh-ii-e1601485394796.jpg 415w, https:\/\/kommentatorenblog.de\/wp-content\/uploads\/2020\/09\/shure-55sh-ii-e1601485394796-142x300.jpg 142w\" sizes=\"auto, (max-width: 10px) 100vw, 10px\" \/> Toni Tomic (Konferenz)<\/p>\n\n\n\n<p><span style=\"text-decoration: underline;\">ab 20.50 Uhr<\/span><\/p>\n\n\n\n<p><strong><em>AS Monaco &#8211; Sturm Graz&nbsp;(21.00 Uhr)<\/em><\/strong><\/p>\n\n\n\n<p class=\"has-normal-font-size\"><img loading=\"lazy\" decoding=\"async\" width=\"10\" height=\"21\" class=\"wp-image-3656\" style=\"width: 10px;\" src=\"http:\/\/kommentatorenblog.de\/wp-content\/uploads\/2020\/09\/shure-55sh-ii-e1601485394796.jpg\" alt=\"\" srcset=\"https:\/\/kommentatorenblog.de\/wp-content\/uploads\/2020\/09\/shure-55sh-ii-e1601485394796.jpg 415w, https:\/\/kommentatorenblog.de\/wp-content\/uploads\/2020\/09\/shure-55sh-ii-e1601485394796-142x300.jpg 142w\" sizes=\"auto, (max-width: 10px) 100vw, 10px\" \/> Martin Konrad (Einzelspiel), David Eder (Konferenz)<\/p>\n\n\n\n<p><strong><em>Eintracht Frankfurt &#8211; Fenerbahce Istanbul (21.00 Uhr)<\/em><\/strong><\/p>\n\n\n\n<p class=\"has-normal-font-size\"><img loading=\"lazy\" decoding=\"async\" width=\"10\" height=\"21\" class=\"wp-image-3656\" style=\"width: 10px;\" src=\"http:\/\/kommentatorenblog.de\/wp-content\/uploads\/2020\/09\/shure-55sh-ii-e1601485394796.jpg\" alt=\"\" srcset=\"https:\/\/kommentatorenblog.de\/wp-content\/uploads\/2020\/09\/shure-55sh-ii-e1601485394796.jpg 415w, https:\/\/kommentatorenblog.de\/wp-content\/uploads\/2020\/09\/shure-55sh-ii-e1601485394796-142x300.jpg 142w\" sizes=\"auto, (max-width: 10px) 100vw, 10px\" \/> Marcel Meinert (Einzelspiel), Stefan Hempel (Konferenz)<\/p>\n\n\n\n<p><strong><em>PSV Eindhoven &#8211; Real Sociedad (21.00 Uhr)<\/em><\/strong><\/p>\n\n\n\n<p class=\"has-normal-font-size\"><img loading=\"lazy\" decoding=\"async\" width=\"10\" height=\"21\" class=\"wp-image-3656\" style=\"width: 10px;\" src=\"http:\/\/kommentatorenblog.de\/wp-content\/uploads\/2020\/09\/shure-55sh-ii-e1601485394796.jpg\" alt=\"\" srcset=\"https:\/\/kommentatorenblog.de\/wp-content\/uploads\/2020\/09\/shure-55sh-ii-e1601485394796.jpg 415w, https:\/\/kommentatorenblog.de\/wp-content\/uploads\/2020\/09\/shure-55sh-ii-e1601485394796-142x300.jpg 142w\" sizes=\"auto, (max-width: 10px) 100vw, 10px\" \/> Roland Evers (Konfernez)<\/p>\n\n\n\n<p>Moderation: Johannes Brandl, Experte: Alfred Tatar<\/p>\n\n\n\n<hr class=\"wp-block-separator\"\/>\n\n\n\n<p><strong>Die Analyse<\/strong><\/p>\n\n\n\n<p><strong>Konferenzdeb\u00fct mit Hebel und Pfandt<\/strong><\/p>\n\n\n\n<p>DAZN startet am Dienstag mit der Vorberichterstattung auf die beiden fr\u00fchen Spiele ab 18.30Uhr in die Champions League Gruppenphase. Tobi Wahnschaffe \u00fcbernimmt die Moderation. In der Konferenz feiert Holger Pfandt sein DAZN-Deb\u00fct mit der Partie zwischen Salzburg und Sevilla. Er spielt sich die B\u00e4lle mit Uli Hebel hin und her, der somit auch beim zweiten CR7-Spiel nach seiner Man United-R\u00fcckkehr am Mikro sitzt. Bei den Einzelspielen k\u00fcmmern sich Max Gross und Sebastian Knei\u00dfl mit dem Spiel des \u00f6sterreichischen Vertreters, w\u00e4hrend Uwe Morawe auf Bern gegen United blickt. <\/p>\n\n\n\n<p><strong>Riesenteam bei PrimeVideo<\/strong><\/p>\n\n\n\n<p>Prime meldet sich am 19.30Uhr mit dem Vorbericht des Krachers zwischen Barcelona und den Bayern aus dem Camp Nou. Sebastian Hellmann meldet sich mit den Experten Matthias Sammer, Mario Gomez und Kim Kulig vom Spielfeldrand. Field-Reporter sind mit Shary Reeves und Sebastian Benesch gleich zwei im Einsatz. Kommentiert wird die Partie nat\u00fcrlich von Jonas Friedrich und Benedikt H\u00f6wedes, ein On-Air Team, dass der Champions sowohl qualitativ als auch quantitativ gerecht wird. Ab 23.15Uhr meldet sich Annika Zimmermann im \u00dcbrigen mit der Highlight Show aus K\u00f6ln. Als Experten sind Steffen Baumgart und Patrick Owomoyela im Einsatz.<\/p>\n\n\n\n<p><strong>Wolfsburg Spiel nur aus dem Studio<\/strong><\/p>\n\n\n\n<p>DAZN meldet sich um 20Uhr mit der Vorberichterstattung der Partie vom VfL Wolfsburg in Lille. Moderator Alex Schl\u00fcter und Experte Ralph Gunesch melden sich aus dem DAZN Space und werden -wie bereits im Vorwort angesprochen &#8211; neben der Partie der W\u00f6lfe auch auf die weiteren vier Spiele blicken. Vor Ort in Lille ist f\u00fcr den Streamingdienst einzig Redakteur Andres Veredas. Kommentiert wird die Partie von Jan Platte. Bei den weiteren Einzelspielen \u00fcbernehmen Christoph Stadtler und Benny Lauth das Spiel des Titelverteidigers Chelsea gegen Zenit, Carsten Fu\u00df schaut die &#8222;alte Dame&#8220;. Es komplettieren Ruben Zimmermann und Guido H\u00fcsgen. In der 5er Konferenz am Abend k\u00fcmmert sich Marco Hagemann um die W\u00f6lfe, Lukas Sch\u00f6nm\u00fcller um Chelsea und Michael Born um Juve. Komplettiert wird das Quintett von Freddy Harder und Nico Seepe. <\/p>\n\n\n\n<p><strong>Doppeleins\u00e4tze f\u00fcr Hebel, Gunesch und Wahnschaffe<\/strong><\/p>\n\n\n\n<p class=\"has-black-color has-text-color\">Am Mittwoch startet DAZN bereits ab 17.45Uhr in den Abend, Grund hierf\u00fcr ist das Borussia Dortmund bereits zur fr\u00fchen Ansto\u00dfzeit bei Besiktas Istanbul spielt. Die \u00dcbertragung kommt hierbei leider nicht aus dem Stadion, wie bereits am Vortag meldet sich das On-Air Team aus dem DAZN Space. Tobi Wahnschaffe meldet sich gemeinsam mit Ralph Gunesch, der somit bei gleich zwei deutschen Einzelspielen seine Expertise gibt und f\u00fchrt durch die \u00dcbertragung. F\u00fcr die Interviews ist Max Siebald im Vodafone Park. Kommentator der Partie ist Uli Hebel, in der Konferenz \u00fcbernimmt Lukas Sch\u00f6nm\u00fcller. Beim Parallelspiel zwischen Champions League Deb\u00fctant Sheriff Tiraspol und Shakhtar Donetsk \u00fcbernimmt Adrian Geiler einzeln und Tom Kirsten in der Konferenz. Sollte jeweils das Champions League-Deb\u00fct sein.<\/p>\n\n\n\n<p><strong>DAZN meldet sich von der Insel<\/strong><\/p>\n\n\n\n<p>Die sp\u00e4ten Spiele bringen gleich drei Kracher mit sich, DAZN legt aber nat\u00fcrlich den Fokus auf die Partie von Leipzig bei Manchester City. Alex Schl\u00fcter und Sebastian Knei\u00dfl melden sich eine halbe Stunde vor Spielbeginn live aus dem Etihad. Kommentiert wird die Partie von Jan Platte, w\u00e4hrend Daniel Herzog auf Stimmenfang geht. Beim Spiel zwischen Inter Mailand und Real Madrid meldet sich Carsten Fu\u00df mit seinem zweiten Einsatz, im Unterschied zum Vortag bekommt er mit Christian Bernhard einen Experten an seine Seite. Beim Spiel zwischen Liverpool und Milan werden Erinnerungen an 2005 und 2007 wach, Franz B\u00fcchner und Benny Lauth kommentieren. Beim Spiel von PSG gibt es durchaus \u00fcberraschend nicht Stefan Galler und Alexis Menuge zu h\u00f6ren, Oliver Forster \u00fcbernimmt. In der Konferenz bekommt Michael Born das Spiel mit deutscher Beteiligung zu sehen. Holger Pfandt und Flo Hauser schauen sich die Mail\u00e4nder Clubs an. Es komplettieren Mario Rieker, Uwe Morawe und Jogi Hebel, der sein DAZN-Comeback feiert.<\/p>\n\n\n\n<p>Am Donnerstag meldet sich Nitro bzw. TVNOW ab 17.30Uhr mit der Viererkette (Anna Kraft, Arnd Zeigler, Robby Hunke und Lukas Podolski) aus K\u00f6ln. Als Gast ist zudem Frederick Lau mit dabei. Im FreeTV zeigt Nitro die Partie zwischen Slavia Prag und Union Berlin. Laura Papendick und Kalle Riedle melden sich ab 18.15 Uhr aus Tschechien, auf Stimmenfang geht Felix G\u00f6rner. Kommentiert wird die Partie von Marco Hagemann und Steffen Freund. Diese Partie wird dann auch Teil der fr\u00fchen Konferenz sein, durch die Moderator Stefan Fuckert f\u00fchrt. Bei der Partie zwischen Leverkusen und Ferencvaros meldet sich Christoph Stadtler wohl aus dem Stadion, auf Stimmenfang geht Jan Krebs. Zur fr\u00fchen Anstosszeit kommt dann auch &#8222;Strassi&#8220; zu seinem Europapokal-Deb\u00fct (Fohlenradio ausgenommen), wohlverdient wie ich finde. Zur sp\u00e4ten Anto\u00dfzeit melden sich dann noch Thomas Wagner und Corni K\u00fcpper aus dem &#8211; sponsorenbefreit- Frankfurter Waldstadion. Au\u00dferdem kommentiert Michael Born sein f\u00fcnftes Spiel in sechs Tagen &#8211; Hammer Programm!<\/p>\n\n\n\n<p>Bis dahin, habt viel Spa\u00df mit dem ersten Europapokalspieltag und schmetter eure Meinung zu den Ansetzungen gerne in die Kommentare!<\/p>\n\n\n\n<p><\/p>\n\n\n\n<p><\/p>\n\n\n\n<p><\/p>\n\n\n\n<p><\/p>\n","protected":false},"excerpt":{"rendered":"<p>N&#8217;Abend allerseits, Endlich ist es so weit, der Europokal ist zur\u00fcck und damit auch wieder hochklassiger Fussball unter der Woche! Bekannterma\u00dfen startet mit dieser Saison auch eine neue Rechteperiode. Die Champions League l\u00e4uft ab dieser Saison in Deutschland fast komplett auf DAZN, einzig das Topspiel am Dienstag \u00fcbernimmt PrimeVideo. Die Europa League und neu-geschaffene Conference [&hellip;]<\/p>\n","protected":false},"author":5,"featured_media":0,"comment_status":"open","ping_status":"open","sticky":false,"template":"","format":"standard","meta":{"footnotes":""},"categories":[425],"tags":[598,49,610,46,517,617,337,21,166,131,164,35,615,171,614,212,13,611,132,120,295,155,616,90,613,48,347,69,612,609,53,75,357,205,9,43,521,243,118,608,283,279,114,191,183,290,108,162,301,189,98,222,607,154,33,252,200,105,149],"class_list":["post-10498","post","type-post","status-publish","format-standard","hentry","category-champions-league-und-co","tag-adrian-geiler","tag-alex-schlueter","tag-andres-veredas","tag-anett-sattler","tag-anna-kraft","tag-arnd-zeigler","tag-benedikt-hoewedes","tag-benni-zander","tag-benny-lauth","tag-carsten-fuss","tag-christian-bernhard","tag-christian-strassburger","tag-christina-graf","tag-christoph-stadtler","tag-cornelius-kuepper","tag-daniel-herzog","tag-dazn","tag-felix-goerner","tag-flo-hauser","tag-franz-buechner","tag-freddy-harder","tag-guido-huesgen","tag-heiko-wasser","tag-holger-pfandt","tag-jan-krebs","tag-jan-platte","tag-joachim-hebel","tag-jonas-friedrich","tag-karl-heinz-riedle","tag-kim-kulig","tag-klaus-veltmann","tag-laura-papendick","tag-lukas-podolski","tag-lukas-schoenmueller","tag-magenta-sport","tag-marco-hagemann","tag-mario-gomez","tag-mario-rieker","tag-markus-herwig","tag-matthias-sammer","tag-max-gross","tag-max-siebald","tag-michael-born","tag-nico-seepe","tag-oliver-forster","tag-primevideo","tag-ralph-gunesch","tag-robby-hunke","tag-ruben-zimmermann","tag-sebastian-benesch","tag-sebastian-hellmann","tag-sebastian-kneissl","tag-shary-reeves","tag-stefan-galler","tag-thomas-wagner","tag-tobi-wahnschaffe","tag-tom-kirsten","tag-uli-hebel","tag-uwe-morawe"],"_links":{"self":[{"href":"https:\/\/kommentatorenblog.de\/index.php?rest_route=\/wp\/v2\/posts\/10498","targetHints":{"allow":["GET"]}}],"collection":[{"href":"https:\/\/kommentatorenblog.de\/index.php?rest_route=\/wp\/v2\/posts"}],"about":[{"href":"https:\/\/kommentatorenblog.de\/index.php?rest_route=\/wp\/v2\/types\/post"}],"author":[{"embeddable":true,"href":"https:\/\/kommentatorenblog.de\/index.php?rest_route=\/wp\/v2\/users\/5"}],"replies":[{"embeddable":true,"href":"https:\/\/kommentatorenblog.de\/index.php?rest_route=%2Fwp%2Fv2%2Fcomments&post=10498"}],"version-history":[{"count":18,"href":"https:\/\/kommentatorenblog.de\/index.php?rest_route=\/wp\/v2\/posts\/10498\/revisions"}],"predecessor-version":[{"id":10655,"href":"https:\/\/kommentatorenblog.de\/index.php?rest_route=\/wp\/v2\/posts\/10498\/revisions\/10655"}],"wp:attachment":[{"href":"https:\/\/kommentatorenblog.de\/index.php?rest_route=%2Fwp%2Fv2%2Fmedia&parent=10498"}],"wp:term":[{"taxonomy":"category","embeddable":true,"href":"https:\/\/kommentatorenblog.de\/index.php?rest_route=%2Fwp%2Fv2%2Fcategories&post=10498"},{"taxonomy":"post_tag","embeddable":true,"href":"https:\/\/kommentatorenblog.de\/index.php?rest_route=%2Fwp%2Fv2%2Ftags&post=10498"}],"curies":[{"name":"wp","href":"https:\/\/api.w.org\/{rel}","templated":true}]}}