{"id":10817,"date":"2021-10-07T21:13:38","date_gmt":"2021-10-07T19:13:38","guid":{"rendered":"http:\/\/kommentatorenblog.de\/?p=10817"},"modified":"2021-10-12T09:55:38","modified_gmt":"2021-10-12T07:55:38","slug":"1202-dfb-herren-und-buli-der-frauen","status":"publish","type":"post","link":"https:\/\/kommentatorenblog.de\/?p=10817","title":{"rendered":"1202 \u2013 DFB- Herren und Buli der Frauen"},"content":{"rendered":"\n<p>N\u2019Abend allerseits,<\/p>\n\n\n\n<p class=\"has-medium-font-size\"><strong>Update<\/strong><\/p>\n\n\n\n<p>Im Folgenden die Partien der WM- Quali, Champions- League der Frauen sowie die Junioren- L\u00e4nderspiele von Montag bis einschlie\u00dflich Donnerstag. Die fehlenden Ansetzungen werden, sofern vorhanden, nachgereicht.<\/p>\n\n\n\n<p><span style=\"text-decoration: underline;\">Montag, ab 20.15 Uhr (RTL)<\/span><\/p>\n\n\n\n<p><strong><em>Nordmazedonien <strong><em>\u2013&nbsp;<\/em><\/strong>Deutschland (20.45 Uhr)<\/em><\/strong><\/p>\n\n\n\n<p class=\"has-normal-font-size\"><img loading=\"lazy\" decoding=\"async\" width=\"10\" height=\"21\" class=\"wp-image-3656\" style=\"width: 10px;\" src=\"http:\/\/kommentatorenblog.de\/wp-content\/uploads\/2020\/09\/shure-55sh-ii-e1601485394796.jpg\" alt=\"\" srcset=\"https:\/\/kommentatorenblog.de\/wp-content\/uploads\/2020\/09\/shure-55sh-ii-e1601485394796.jpg 415w, https:\/\/kommentatorenblog.de\/wp-content\/uploads\/2020\/09\/shure-55sh-ii-e1601485394796-142x300.jpg 142w\" sizes=\"auto, (max-width: 10px) 100vw, 10px\" \/> Marco Hagemann, Experte: Steffen Freund<\/p>\n\n\n\n<p>Moderation: Laura Papendick, Experte: Lothar Matth\u00e4us, Field-Reporter: Thomas Wagner, Felix G\u00f6rner<\/p>\n\n\n\n<p><strong>DFB- Junioren- L\u00e4nderspiele<\/strong><\/p>\n\n\n\n<p><span style=\"text-decoration: underline;\">Montag, ab 15.00 Uhr (ProSiebenMaxx)<\/span><\/p>\n\n\n\n<p><strong><em>Deutschland U20 <strong><em>\u2013&nbsp;<\/em><\/strong>Rum\u00e4nien U20 (20.45 Uhr)<\/em><\/strong><\/p>\n\n\n\n<p class=\"has-normal-font-size\"><img loading=\"lazy\" decoding=\"async\" width=\"10\" height=\"21\" class=\"wp-image-3656\" style=\"width: 10px;\" src=\"http:\/\/kommentatorenblog.de\/wp-content\/uploads\/2020\/09\/shure-55sh-ii-e1601485394796.jpg\" alt=\"\" srcset=\"https:\/\/kommentatorenblog.de\/wp-content\/uploads\/2020\/09\/shure-55sh-ii-e1601485394796.jpg 415w, https:\/\/kommentatorenblog.de\/wp-content\/uploads\/2020\/09\/shure-55sh-ii-e1601485394796-142x300.jpg 142w\" sizes=\"auto, (max-width: 10px) 100vw, 10px\" \/> Uwe Morawe<\/p>\n\n\n\n<p>Moderation: Lisa Hofmann<\/p>\n\n\n\n<p><span style=\"text-decoration: underline;\">Dienstag, ab 17.00 Uhr ( <span style=\"text-decoration: underline;\">ProSiebenMaxx<\/span>)<\/span><\/p>\n\n\n\n<p><strong><em>Ungarn U21 <strong><em>\u2013&nbsp;<\/em><\/strong>Deutschland U21 (20.45 Uhr)<\/em><\/strong><\/p>\n\n\n\n<p class=\"has-normal-font-size\"><img loading=\"lazy\" decoding=\"async\" width=\"10\" height=\"21\" class=\"wp-image-3656\" style=\"width: 10px;\" src=\"http:\/\/kommentatorenblog.de\/wp-content\/uploads\/2020\/09\/shure-55sh-ii-e1601485394796.jpg\" alt=\"\" srcset=\"https:\/\/kommentatorenblog.de\/wp-content\/uploads\/2020\/09\/shure-55sh-ii-e1601485394796.jpg 415w, https:\/\/kommentatorenblog.de\/wp-content\/uploads\/2020\/09\/shure-55sh-ii-e1601485394796-142x300.jpg 142w\" sizes=\"auto, (max-width: 10px) 100vw, 10px\" \/> ???<\/p>\n\n\n\n<p>Moderation: ???<\/p>\n\n\n\n<p>W<strong>M- Qualifikation (DAZN)<\/strong><\/p>\n\n\n\n<p><span style=\"text-decoration: underline;\">Montag, 11.Oktober 2021<\/span><\/p>\n\n\n\n<p><strong><em>Lettland <strong><em>\u2013&nbsp;<\/em><\/strong>T\u00fcrkei (20.45 Uhr)<\/em><\/strong><\/p>\n\n\n\n<p class=\"has-normal-font-size\"><img loading=\"lazy\" decoding=\"async\" width=\"10\" height=\"21\" class=\"wp-image-3656\" style=\"width: 10px;\" src=\"http:\/\/kommentatorenblog.de\/wp-content\/uploads\/2020\/09\/shure-55sh-ii-e1601485394796.jpg\" alt=\"\" srcset=\"https:\/\/kommentatorenblog.de\/wp-content\/uploads\/2020\/09\/shure-55sh-ii-e1601485394796.jpg 415w, https:\/\/kommentatorenblog.de\/wp-content\/uploads\/2020\/09\/shure-55sh-ii-e1601485394796-142x300.jpg 142w\" sizes=\"auto, (max-width: 10px) 100vw, 10px\" \/> Oliver Forster<\/p>\n\n\n\n<p><strong><em>Niederlande <strong><em>\u2013 Gibraltar<\/em><\/strong> (20.45 Uhr)<\/em><\/strong><\/p>\n\n\n\n<p class=\"has-normal-font-size\"><img loading=\"lazy\" decoding=\"async\" width=\"10\" height=\"21\" class=\"wp-image-3656\" style=\"width: 10px;\" src=\"http:\/\/kommentatorenblog.de\/wp-content\/uploads\/2020\/09\/shure-55sh-ii-e1601485394796.jpg\" alt=\"\" srcset=\"https:\/\/kommentatorenblog.de\/wp-content\/uploads\/2020\/09\/shure-55sh-ii-e1601485394796.jpg 415w, https:\/\/kommentatorenblog.de\/wp-content\/uploads\/2020\/09\/shure-55sh-ii-e1601485394796-142x300.jpg 142w\" sizes=\"auto, (max-width: 10px) 100vw, 10px\" \/> Adrian Geiler<\/p>\n\n\n\n<p><span style=\"text-decoration: underline;\">Dienstag, 12. Oktober 2021<\/span><\/p>\n\n\n\n<p><strong><em>Portugal <strong><em>\u2013&nbsp;<\/em><\/strong>Luxemburg (20.45 Uhr)<\/em><\/strong><\/p>\n\n\n\n<p class=\"has-normal-font-size\"><img loading=\"lazy\" decoding=\"async\" width=\"10\" height=\"21\" class=\"wp-image-3656\" style=\"width: 10px;\" src=\"http:\/\/kommentatorenblog.de\/wp-content\/uploads\/2020\/09\/shure-55sh-ii-e1601485394796.jpg\" alt=\"\" srcset=\"https:\/\/kommentatorenblog.de\/wp-content\/uploads\/2020\/09\/shure-55sh-ii-e1601485394796.jpg 415w, https:\/\/kommentatorenblog.de\/wp-content\/uploads\/2020\/09\/shure-55sh-ii-e1601485394796-142x300.jpg 142w\" sizes=\"auto, (max-width: 10px) 100vw, 10px\" \/> Uwe Morawe<\/p>\n\n\n\n<p><strong><em>D\u00e4nemark <strong><em>\u2013&nbsp;<\/em><\/strong>\u00d6sterreich (20.45 Uhr)<\/em><\/strong><\/p>\n\n\n\n<p class=\"has-normal-font-size\"><img loading=\"lazy\" decoding=\"async\" width=\"10\" height=\"21\" class=\"wp-image-3656\" style=\"width: 10px;\" src=\"http:\/\/kommentatorenblog.de\/wp-content\/uploads\/2020\/09\/shure-55sh-ii-e1601485394796.jpg\" alt=\"\" srcset=\"https:\/\/kommentatorenblog.de\/wp-content\/uploads\/2020\/09\/shure-55sh-ii-e1601485394796.jpg 415w, https:\/\/kommentatorenblog.de\/wp-content\/uploads\/2020\/09\/shure-55sh-ii-e1601485394796-142x300.jpg 142w\" sizes=\"auto, (max-width: 10px) 100vw, 10px\" \/> Max Gross<\/p>\n\n\n\n<p><strong><em>England <strong><em>\u2013&nbsp;<\/em><\/strong>Ungarn (20.45 Uhr)<\/em><\/strong><\/p>\n\n\n\n<p class=\"has-normal-font-size\"><img loading=\"lazy\" decoding=\"async\" width=\"10\" height=\"21\" class=\"wp-image-3656\" style=\"width: 10px;\" src=\"http:\/\/kommentatorenblog.de\/wp-content\/uploads\/2020\/09\/shure-55sh-ii-e1601485394796.jpg\" alt=\"\" srcset=\"https:\/\/kommentatorenblog.de\/wp-content\/uploads\/2020\/09\/shure-55sh-ii-e1601485394796.jpg 415w, https:\/\/kommentatorenblog.de\/wp-content\/uploads\/2020\/09\/shure-55sh-ii-e1601485394796-142x300.jpg 142w\" sizes=\"auto, (max-width: 10px) 100vw, 10px\" \/> Uli Hebel<\/p>\n\n\n\n<p><strong>UEFA Women\u00b4s Champions- League (DAZN)<\/strong><\/p>\n\n\n\n<p><span style=\"text-decoration: underline;\">Mittwoch, 13. Oktober 2021<\/span><\/p>\n\n\n\n<p><strong><em>VfL Wolfsburg <strong><em>\u2013&nbsp;<\/em><\/strong>Servette Genf (18.45 Uhr)<\/em><\/strong><\/p>\n\n\n\n<p class=\"has-normal-font-size\"><img loading=\"lazy\" decoding=\"async\" width=\"10\" height=\"21\" class=\"wp-image-3656\" style=\"width: 10px;\" src=\"http:\/\/kommentatorenblog.de\/wp-content\/uploads\/2020\/09\/shure-55sh-ii-e1601485394796.jpg\" alt=\"\" srcset=\"https:\/\/kommentatorenblog.de\/wp-content\/uploads\/2020\/09\/shure-55sh-ii-e1601485394796.jpg 415w, https:\/\/kommentatorenblog.de\/wp-content\/uploads\/2020\/09\/shure-55sh-ii-e1601485394796-142x300.jpg 142w\" sizes=\"auto, (max-width: 10px) 100vw, 10px\" \/> Nico Seepe, Expertin: Julia Simic<\/p>\n\n\n\n<p><span style=\"text-decoration: underline;\">Donnerstag, 14. Oktober 2021<\/span><\/p>\n\n\n\n<p><strong><em>FC Bayern M\u00fcnchen <strong><em>\u2013&nbsp;<\/em><\/strong>H\u00e4cken (18.45 Uhr)<\/em><\/strong><\/p>\n\n\n\n<p class=\"has-normal-font-size\"><img loading=\"lazy\" decoding=\"async\" width=\"10\" height=\"21\" class=\"wp-image-3656\" style=\"width: 10px;\" src=\"http:\/\/kommentatorenblog.de\/wp-content\/uploads\/2020\/09\/shure-55sh-ii-e1601485394796.jpg\" alt=\"\" srcset=\"https:\/\/kommentatorenblog.de\/wp-content\/uploads\/2020\/09\/shure-55sh-ii-e1601485394796.jpg 415w, https:\/\/kommentatorenblog.de\/wp-content\/uploads\/2020\/09\/shure-55sh-ii-e1601485394796-142x300.jpg 142w\" sizes=\"auto, (max-width: 10px) 100vw, 10px\" \/> Lukas Sch\u00f6nm\u00fcller, Expertin: Verena Schweers<\/p>\n\n\n\n<p><strong><em>Arsenal London <strong><em>\u2013&nbsp;<\/em><\/strong>TSG 1899 Hoffenheim (21.00 Uhr)<\/em><\/strong><\/p>\n\n\n\n<p class=\"has-normal-font-size\"><img loading=\"lazy\" decoding=\"async\" width=\"10\" height=\"21\" class=\"wp-image-3656\" style=\"width: 10px;\" src=\"http:\/\/kommentatorenblog.de\/wp-content\/uploads\/2020\/09\/shure-55sh-ii-e1601485394796.jpg\" alt=\"\" srcset=\"https:\/\/kommentatorenblog.de\/wp-content\/uploads\/2020\/09\/shure-55sh-ii-e1601485394796.jpg 415w, https:\/\/kommentatorenblog.de\/wp-content\/uploads\/2020\/09\/shure-55sh-ii-e1601485394796-142x300.jpg 142w\" sizes=\"auto, (max-width: 10px) 100vw, 10px\" \/> Marcel Seufert, Expertin: Josephine Henning<\/p>\n\n\n\n<p>die n\u00e4chsten Spiele der DFB- Elf von Bundestrainer Flick stehen an, Freitag geht\u00b4s gegen Rum\u00e4nien, Montag wartet Nordmazedonien.<\/p>\n\n\n\n<p>Die WM- Qualispiele gibt es seit geraumer Zeit bei RTL, wo auch dieses Wochenende die Mannschaft von Hansi Flick zu sehen sein wird. Aber Achtung, auch die ARD hat ein L\u00e4nderspiel im Angebot. Zwar keins der deutschen Nationalmannschaft, daf\u00fcr das Finale der Nations League. Denn hier haben wiederum ARD und ZDF die TV- Rechte.<\/p>\n\n\n\n<p>W\u00e4hrend die M\u00e4nner also ihre L\u00e4nderspiele spielen, sind die Frauen in der Bundesliga aktiv und bestreiten ihren 5. Spieltag. Dabei kommt es zu einem besonderen Ereignis: Denn die ARD wird nicht nur am Sonntag Fu\u00dfball live zeigen, sondern bereits am Samstag. Zur &#8222;Sportschau- Sendezeit&#8220;, wird ab 17:50 die Begegnung des deutschen Meisters, FC Bayern M\u00fcnchen, gegen die TSG 1899 Hoffenheim \u00fcbertragen.<\/p>\n\n\n\n<p><strong>Bundesliga der Frauen im TV<\/strong><\/p>\n\n\n\n<p>Die \u00dcbertragung der Bundesliga der Frauen in der ARD nehme ich als Anlass ein kurzen Blick auf die neuen \u00dcbertragungen dieser Liga zu richten. Zur Erinnerung: Ab dieser Saison werden erstmal alle Spiele live bei Magenta gezeigt, dazu kommt eine regelm\u00e4\u00dfige Berichterstattung in der Sportschau am Samstag.<\/p>\n\n\n\n<p>Zuerst einmal sei gesagt, dass dabei nicht auf die Qualit\u00e4t der \u00dcbertragung eingegangen wird, sondern, ob es diese \u00fcberhaupt gezeigt wurden.<\/p>\n\n\n\n<p><strong>Die Bilanz nach vier Spieltagen<\/strong><\/p>\n\n\n\n<p>Magenta hat wie angek\u00fcndigt alle Spiele live \u00fcbertragen, dazu kommen noch Highlights zu den Spielen. Auch Eurosport \u00fcbertrug sein Spiel pro Spieltag bisher. Zwar zeigte man nicht immer das Freitagsspiel, sondern wich beispielsweise w\u00e4hrend der US Open auf den Sonntag aus, doch ist dies weitaus besser f\u00fcr die Zuschauerinnen und Zuschauer ohne Abo, als wenn die \u00dcbertragung wegen einem Grand Slam auf Eurosport 2 l\u00e4uft, oder nur eine Halbzeit im TV zu sehen ist.<\/p>\n\n\n\n<p>Auch die Sportschau zeigte Samstags vier Zusammenfassungen, dazu noch eine am Sonntag. Mit einer Ausnahme bewegten sich die Samstagszusammenfassungen immer um die angek\u00fcndigte drei Minuten- Marke. Die Ausnahme betraf jedoch eine Zusammenfassung w\u00e4hrend des 3.Liga-Livespiels, wo man nicht viel Zeit hatte, also lieber kurz als gar nicht. Zudem machte man bisher Gebrauch von seinem Recht auf ein Livespiel pro Spieltag. Diese wurden einmal im rbb und ansonsten im Stream gezeigt. Hier w\u00e4re w\u00fcnschenswert, wenn die regelm\u00e4\u00dfigen \u00dcbertragungen beibehalten und noch mehr Spiele im linearen TV angeboten werden. <\/p>\n\n\n\n<p><strong>Live in der ARD<\/strong><\/p>\n\n\n\n<p>Dieses Wochenende ist das der Fall. Wie bereits erw\u00e4hnt, wird die Begegnung der M\u00fcnchnerinnen gegen Hoffenheim live im Ersten \u00fcbertragen. Man nutzt also die L\u00e4nderspiel- und damit auch Sportschau- Pause und sendet ab 17.50 Uhr Bundesliga der Frauen live. Ob das eine einmalige Aktion sein wird, bleibt abzuwarten, d\u00fcrfte aber auch davon abh\u00e4ngen, wie viele Menschen zuschauen werden.<\/p>\n\n\n\n<p><strong>Pokal und Champions League<\/strong><\/p>\n\n\n\n<p>Mit Blick auf den DFB- Pokal l\u00e4sst sich erfreulich feststellen, dass Sky bisher seine beiden Spiele \u00fcbertragen hatte und dabei neben einem Kommentator auch eine Moderatorin im Einsatz war. Hier muss sich zeigen, ob die ARD in den n\u00e4chsten Runden auch noch Livespiele zeigen wird, interessante Spiele g\u00e4be es im Achtelfinale&#8230; <\/p>\n\n\n\n<p>In der Champions League l\u00e4sst sich positiv feststellen, dass bei DAZN alle drei deutschen Spiele mit deutschem Kommentar samt Expertinnen begleitet werden. Die  Spiele sind zudem auch bei YouTube (auf deutsch) abrufbar, und somit auch einem breiteren (Nicht- Abonnenten-) Publikum zug\u00e4nglich. Selbiges gilt f\u00fcr die restlichen Spiele, diese gibt es mit englischem Kommentar. Ebenso positiv aufgefallen war, dass Sport1 beziehungsweise der SWR im Stream die Qualifikationsspiele der W\u00f6lfinnen respektive der TSG \u00fcbertragen haben.<\/p>\n\n\n\n<p>Es l\u00e4sst sich also nach vier bestritten Spieltagen vorerst feststellen, dass die Versprechen soweit eingehalten wurden. Klar ist aber auch, dass es noch einiges an Entwicklungspotential gibt, seien es mehr Livespiele im TV oder auch mehr Zeit f\u00fcr Vor-  und Nachberichte bei dem ein oder anderen Spiel, damit die Interviews auch noch in die Sendung passen (auch bei der Nationalmannschaft).<\/p>\n\n\n\n<p>Es sei aber auch gesagt, dass nicht nur die TV- Sender Aufgaben haben, sondern auch der Verband, die Vereine und Fans. An dieser Stelle sei an Bundesliga- Spiele des deutschen Meisters erinnert, gespickt mit unz\u00e4hligen (deutschen) Nationalspielerinnen, vor ein paar hundert Zuschauern. Oder an die letzten Spiele der DFB- Frauen vor gut eintausend Zuschauern. Zum Vergleich, die BVB Frauen (Gr\u00fcndung 2021, Kreisliga A) schaffte es bei einem Freundschaftsspiel gegen die Frauen von 1860 M\u00fcnchen auf ca. 1300 Zuschauerinnen und Zuschauer, im ersten Kreisliga- Spiel sollen es gar 1625 gewesen sein.<\/p>\n\n\n\n<p>Beim Verband beziehungsweise der Zugeh\u00f6rigkeit der Liga k\u00f6nnte es (wahrscheinlich eher mittelfristig) zu \u00c4nderungen kommen. So hat der Fu\u00dfballverband Rheinland f\u00fcr den kommenden DFB- Bundestag die Ausgliederung der Bundesliga aus dem DFB beantragt. Das Ziel: Raus aus dem DFB (rein in die DFL?) f\u00fcr bessere Vermarktungsm\u00f6glichkeiten. Ob das alle Probleme einfach so l\u00f6sen wird, ist aber fraglich.<\/p>\n\n\n\n<p>Jetzt gibt\u00b4s wie gewohnt die Ansetzungen<\/p>\n\n\n\n<hr class=\"wp-block-separator\"\/>\n\n\n\n<p><strong><em>Die Ansetzungen vom 08. Oktober bis 11. Oktober 2021<\/em><\/strong><\/p>\n\n\n\n<p><strong>WM Qualifikation, 7. und 8. Spieltag (RTL)<\/strong><\/p>\n\n\n\n<p><span style=\"text-decoration: underline;\">Freitag, ab 20.15 Uhr (RTL)<\/span><\/p>\n\n\n\n<p><strong><em>Deutschland <strong><em>\u2013&nbsp;<\/em><\/strong>Rum\u00e4nien (20.45 Uhr)<\/em><\/strong><\/p>\n\n\n\n<p class=\"has-normal-font-size\"><img loading=\"lazy\" decoding=\"async\" width=\"10\" height=\"21\" class=\"wp-image-3656\" style=\"width: 10px;\" src=\"http:\/\/kommentatorenblog.de\/wp-content\/uploads\/2020\/09\/shure-55sh-ii-e1601485394796.jpg\" alt=\"\" srcset=\"https:\/\/kommentatorenblog.de\/wp-content\/uploads\/2020\/09\/shure-55sh-ii-e1601485394796.jpg 415w, https:\/\/kommentatorenblog.de\/wp-content\/uploads\/2020\/09\/shure-55sh-ii-e1601485394796-142x300.jpg 142w\" sizes=\"auto, (max-width: 10px) 100vw, 10px\" \/> Marco Hagemann, Experte: Steffen Freund<\/p>\n\n\n\n<p>Moderation: Laura Papendick, Experte: Lothar Matth\u00e4us, Field-Reporter: Thomas Wagner, Felix G\u00f6rner <\/p>\n\n\n\n<p><span style=\"text-decoration: underline;\">Montag, ab 20.15 Uhr (RTL)<\/span><\/p>\n\n\n\n<p><strong><em>Nordmazedonien <strong><em>\u2013&nbsp;<\/em><\/strong>Deutschland (20.45 Uhr)<\/em><\/strong><\/p>\n\n\n\n<p class=\"has-normal-font-size\"><img loading=\"lazy\" decoding=\"async\" width=\"10\" height=\"21\" class=\"wp-image-3656\" style=\"width: 10px;\" src=\"http:\/\/kommentatorenblog.de\/wp-content\/uploads\/2020\/09\/shure-55sh-ii-e1601485394796.jpg\" alt=\"\" srcset=\"https:\/\/kommentatorenblog.de\/wp-content\/uploads\/2020\/09\/shure-55sh-ii-e1601485394796.jpg 415w, https:\/\/kommentatorenblog.de\/wp-content\/uploads\/2020\/09\/shure-55sh-ii-e1601485394796-142x300.jpg 142w\" sizes=\"auto, (max-width: 10px) 100vw, 10px\" \/> Marco Hagemann, Experte: Steffen Freund<\/p>\n\n\n\n<p>Moderation: Laura Papendick, Experte: Lothar Matth\u00e4us, Field-Reporter: Thomas Wagner, Felix G\u00f6rner <\/p>\n\n\n\n<p><strong>WM Qualifikation (DAZN)<\/strong><\/p>\n\n\n\n<p><span style=\"text-decoration: underline;\">Freitag, 08. Oktober 2021<\/span> <\/p>\n\n\n\n<p><strong><em>Lettland <strong><em><strong><em>\u2013<\/em><\/strong><\/em><\/strong> Niederlande (20.45 Uhr)<\/em><\/strong><\/p>\n\n\n\n<p class=\"has-normal-font-size\"><img loading=\"lazy\" decoding=\"async\" width=\"10\" height=\"21\" class=\"wp-image-3656\" style=\"width: 10px;\" src=\"http:\/\/kommentatorenblog.de\/wp-content\/uploads\/2020\/09\/shure-55sh-ii-e1601485394796.jpg\" alt=\"\" srcset=\"https:\/\/kommentatorenblog.de\/wp-content\/uploads\/2020\/09\/shure-55sh-ii-e1601485394796.jpg 415w, https:\/\/kommentatorenblog.de\/wp-content\/uploads\/2020\/09\/shure-55sh-ii-e1601485394796-142x300.jpg 142w\" sizes=\"auto, (max-width: 10px) 100vw, 10px\" \/> Guido H\u00fcsgen<\/p>\n\n\n\n<p><strong><em><strong><em>T\u00fcrkei <strong><em><strong><em>\u2013<\/em><\/strong><\/em><\/strong> Norwegen (20.45Uhr)<\/em><\/strong> <\/em><\/strong><\/p>\n\n\n\n<p class=\"has-normal-font-size\"><img loading=\"lazy\" decoding=\"async\" width=\"10\" height=\"21\" class=\"wp-image-3656\" style=\"width: 10px;\" src=\"http:\/\/kommentatorenblog.de\/wp-content\/uploads\/2020\/09\/shure-55sh-ii-e1601485394796.jpg\" alt=\"\" srcset=\"https:\/\/kommentatorenblog.de\/wp-content\/uploads\/2020\/09\/shure-55sh-ii-e1601485394796.jpg 415w, https:\/\/kommentatorenblog.de\/wp-content\/uploads\/2020\/09\/shure-55sh-ii-e1601485394796-142x300.jpg 142w\" sizes=\"auto, (max-width: 10px) 100vw, 10px\" \/> Matthias Naebers<\/p>\n\n\n\n<p><span style=\"text-decoration: underline;\">Samstag, 09. Oktober 2021<\/span> <\/p>\n\n\n\n<p><strong><em><strong><em>F\u00e4r\u00f6rer <strong><em><strong><em>\u2013<\/em><\/strong><\/em><\/strong> \u00d6sterreich<\/em><\/strong> <strong><em>(20.45 Uhr)<\/em><\/strong> <\/em><\/strong><\/p>\n\n\n\n<p class=\"has-normal-font-size\"><img loading=\"lazy\" decoding=\"async\" width=\"10\" height=\"21\" class=\"wp-image-3656\" style=\"width: 10px;\" src=\"http:\/\/kommentatorenblog.de\/wp-content\/uploads\/2020\/09\/shure-55sh-ii-e1601485394796.jpg\" alt=\"\" srcset=\"https:\/\/kommentatorenblog.de\/wp-content\/uploads\/2020\/09\/shure-55sh-ii-e1601485394796.jpg 415w, https:\/\/kommentatorenblog.de\/wp-content\/uploads\/2020\/09\/shure-55sh-ii-e1601485394796-142x300.jpg 142w\" sizes=\"auto, (max-width: 10px) 100vw, 10px\" \/> Guido H\u00fcsgen<\/p>\n\n\n\n<p><strong><em><strong><em>Andorra <strong><em><strong><em>\u2013<\/em><\/strong><\/em><\/strong> England (20.45 Uhr)<\/em><\/strong> <\/em><\/strong><\/p>\n\n\n\n<p class=\"has-normal-font-size\"><img loading=\"lazy\" decoding=\"async\" width=\"10\" height=\"21\" class=\"wp-image-3656\" style=\"width: 10px;\" src=\"http:\/\/kommentatorenblog.de\/wp-content\/uploads\/2020\/09\/shure-55sh-ii-e1601485394796.jpg\" alt=\"\" srcset=\"https:\/\/kommentatorenblog.de\/wp-content\/uploads\/2020\/09\/shure-55sh-ii-e1601485394796.jpg 415w, https:\/\/kommentatorenblog.de\/wp-content\/uploads\/2020\/09\/shure-55sh-ii-e1601485394796-142x300.jpg 142w\" sizes=\"auto, (max-width: 10px) 100vw, 10px\" \/> Uli Hebel<\/p>\n\n\n\n<p><strong>Nations League Finalspiele<\/strong> (DAZN)<\/p>\n\n\n\n<p><span style=\"text-decoration: underline;\">Sonntag, 10. Oktober 2021<\/span><\/p>\n\n\n\n<p><strong><em>Platz 3 Italien <strong><em><strong><em>\u2013<\/em><\/strong><\/em><\/strong> Verlierer aus Frankreich <strong><em><strong><em><strong><em>\u2013<\/em><\/strong><\/em><\/strong><\/em><\/strong> Belgien <\/em><\/strong> <strong><em>(15.00 Uhr) <\/em><\/strong> <\/p>\n\n\n\n<p><img loading=\"lazy\" decoding=\"async\" width=\"10\" height=\"21\" class=\"wp-image-3656\" style=\"width: 10px;\" src=\"http:\/\/kommentatorenblog.de\/wp-content\/uploads\/2020\/09\/shure-55sh-ii-e1601485394796.jpg\" alt=\"\" srcset=\"https:\/\/kommentatorenblog.de\/wp-content\/uploads\/2020\/09\/shure-55sh-ii-e1601485394796.jpg 415w, https:\/\/kommentatorenblog.de\/wp-content\/uploads\/2020\/09\/shure-55sh-ii-e1601485394796-142x300.jpg 142w\" sizes=\"auto, (max-width: 10px) 100vw, 10px\" \/> Uwe Morawe Experte: Alexis Menuge<\/p>\n\n\n\n<p><strong><em>Finale Spanien <strong><em><strong><em>\u2013<\/em><\/strong><\/em><\/strong> Gewinner aus Frankreich <strong><em><strong><em><strong><em>\u2013<\/em><\/strong><\/em><\/strong><\/em><\/strong> Belgien <\/em><\/strong> <strong><em>(20.45 Uhr DAZN\/ 20.15 Uhr ARD) <\/em><\/strong> <\/p>\n\n\n\n<p><img loading=\"lazy\" decoding=\"async\" width=\"10\" height=\"21\" class=\"wp-image-3656\" style=\"width: 10px;\" src=\"http:\/\/kommentatorenblog.de\/wp-content\/uploads\/2020\/09\/shure-55sh-ii-e1601485394796.jpg\" alt=\"\" srcset=\"https:\/\/kommentatorenblog.de\/wp-content\/uploads\/2020\/09\/shure-55sh-ii-e1601485394796.jpg 415w, https:\/\/kommentatorenblog.de\/wp-content\/uploads\/2020\/09\/shure-55sh-ii-e1601485394796-142x300.jpg 142w\" sizes=\"auto, (max-width: 10px) 100vw, 10px\" \/> DAZN: Jan Platte, Experte: Christian Bernhard<\/p>\n\n\n\n<p><img loading=\"lazy\" decoding=\"async\" width=\"10\" height=\"21\" class=\"wp-image-3656\" style=\"width: 10px;\" src=\"http:\/\/kommentatorenblog.de\/wp-content\/uploads\/2020\/09\/shure-55sh-ii-e1601485394796.jpg\" alt=\"\" srcset=\"https:\/\/kommentatorenblog.de\/wp-content\/uploads\/2020\/09\/shure-55sh-ii-e1601485394796.jpg 415w, https:\/\/kommentatorenblog.de\/wp-content\/uploads\/2020\/09\/shure-55sh-ii-e1601485394796-142x300.jpg 142w\" sizes=\"auto, (max-width: 10px) 100vw, 10px\" \/> ARD: Gerd Gottlob, Field- Reporter: Dominik Vischer<\/p>\n\n\n\n<p>Moderation (ARD): Esther Sedlaczek, Experte: Bastian Schweinsteiger<\/p>\n\n\n\n<hr class=\"wp-block-separator\"\/>\n\n\n\n<hr class=\"wp-block-separator\"\/>\n\n\n\n<p><strong>Frauen-Bundesliga, 5. Spieltag  <\/strong><\/p>\n\n\n\n<p><span style=\"text-decoration: underline;\">Freitag, 08. Oktober 2021, ab 19.00 Uhr (Magenta Sport\/ Eurosport) <\/span>    <\/p>\n\n\n\n<p><strong><em>Bayer 04 Leverkusen<strong><em><strong><em> <strong><em><strong><em>\u2013<\/em><\/strong><\/em><\/strong> SC Sand<\/em><\/strong><\/em><\/strong> (19.15 Uhr) <\/em><\/strong><\/p>\n\n\n\n<p><img loading=\"lazy\" decoding=\"async\" width=\"10\" height=\"21\" class=\"wp-image-3656\" style=\"width: 10px;\" src=\"http:\/\/kommentatorenblog.de\/wp-content\/uploads\/2020\/09\/shure-55sh-ii-e1601485394796.jpg\" alt=\"\" srcset=\"https:\/\/kommentatorenblog.de\/wp-content\/uploads\/2020\/09\/shure-55sh-ii-e1601485394796.jpg 415w, https:\/\/kommentatorenblog.de\/wp-content\/uploads\/2020\/09\/shure-55sh-ii-e1601485394796-142x300.jpg 142w\" sizes=\"auto, (max-width: 10px) 100vw, 10px\" \/> Magenta Sport: Christoph Fetzer<\/p>\n\n\n\n<p><img loading=\"lazy\" decoding=\"async\" width=\"10\" height=\"21\" class=\"wp-image-3656\" style=\"width: 10px;\" src=\"http:\/\/kommentatorenblog.de\/wp-content\/uploads\/2020\/09\/shure-55sh-ii-e1601485394796.jpg\" alt=\"\" srcset=\"https:\/\/kommentatorenblog.de\/wp-content\/uploads\/2020\/09\/shure-55sh-ii-e1601485394796.jpg 415w, https:\/\/kommentatorenblog.de\/wp-content\/uploads\/2020\/09\/shure-55sh-ii-e1601485394796-142x300.jpg 142w\" sizes=\"auto, (max-width: 10px) 100vw, 10px\" \/> Eurosport: ???<\/p>\n\n\n\n<p><span style=\"text-decoration: underline;\">Samstag, 09. Oktober 2021, ab 17.40 Uhr (Magenta Sport), ab 17.50 Uhr (ARD) <\/span>    <\/p>\n\n\n\n<p><strong><em> <strong><em><strong><em>FC Bayern M\u00fcnchen <strong><em><strong><em>\u2013<\/em><\/strong><\/em><\/strong> TSG 1899 Hoffenheim<\/em><\/strong><\/em><\/strong>  (17:55 Uhr) <\/em><\/strong> <\/p>\n\n\n\n<p><img loading=\"lazy\" decoding=\"async\" width=\"10\" height=\"21\" class=\"wp-image-3656\" style=\"width: 10px;\" src=\"http:\/\/kommentatorenblog.de\/wp-content\/uploads\/2020\/09\/shure-55sh-ii-e1601485394796.jpg\" alt=\"\" srcset=\"https:\/\/kommentatorenblog.de\/wp-content\/uploads\/2020\/09\/shure-55sh-ii-e1601485394796.jpg 415w, https:\/\/kommentatorenblog.de\/wp-content\/uploads\/2020\/09\/shure-55sh-ii-e1601485394796-142x300.jpg 142w\" sizes=\"auto, (max-width: 10px) 100vw, 10px\" \/> Magenta Sport: Alex Kunz<\/p>\n\n\n\n<p><img loading=\"lazy\" decoding=\"async\" width=\"10\" height=\"21\" class=\"wp-image-3656\" style=\"width: 10px;\" src=\"http:\/\/kommentatorenblog.de\/wp-content\/uploads\/2020\/09\/shure-55sh-ii-e1601485394796.jpg\" alt=\"\" srcset=\"https:\/\/kommentatorenblog.de\/wp-content\/uploads\/2020\/09\/shure-55sh-ii-e1601485394796.jpg 415w, https:\/\/kommentatorenblog.de\/wp-content\/uploads\/2020\/09\/shure-55sh-ii-e1601485394796-142x300.jpg 142w\" sizes=\"auto, (max-width: 10px) 100vw, 10px\" \/> ARD: Bernd Schmelzer<\/p>\n\n\n\n<p>Moderation ARD: Claus Lufen; Expertin: Nia K\u00fcnzer<\/p>\n\n\n\n<p><span style=\"text-decoration: underline;\">Sonntag, 10. Oktober 2021, ab 12.45 Uhr (Magenta Sport) <\/span>    <\/p>\n\n\n\n<p> <strong><em>FC Carl Zeiss Jena<strong><em><strong><em> <strong><em><strong><em>\u2013<\/em><\/strong><\/em><\/strong><\/em><\/strong><\/em><\/strong><\/em><\/strong> <strong><em>SC Freiburg &#8211; Eintracht Frankfurt (13.00 Uhr)  <\/em><\/strong>  <\/p>\n\n\n\n<p><img loading=\"lazy\" decoding=\"async\" width=\"10\" height=\"21\" class=\"wp-image-3656\" style=\"width: 10px;\" src=\"http:\/\/kommentatorenblog.de\/wp-content\/uploads\/2020\/09\/shure-55sh-ii-e1601485394796.jpg\" alt=\"\" srcset=\"https:\/\/kommentatorenblog.de\/wp-content\/uploads\/2020\/09\/shure-55sh-ii-e1601485394796.jpg 415w, https:\/\/kommentatorenblog.de\/wp-content\/uploads\/2020\/09\/shure-55sh-ii-e1601485394796-142x300.jpg 142w\" sizes=\"auto, (max-width: 10px) 100vw, 10px\" \/> Michael Seyberth<\/p>\n\n\n\n<p><strong><em> <strong><em>1.FFC Turbine Potsdam<strong><em><strong><em> <strong><em><strong><em>\u2013<\/em><\/strong><\/em><\/strong> SV Werder Bremen<\/em><\/strong><\/em><\/strong> <\/em><\/strong>  (13.00 Uhr)    <\/em><\/strong><\/p>\n\n\n\n<p><img loading=\"lazy\" decoding=\"async\" width=\"10\" height=\"21\" class=\"wp-image-3656\" style=\"width: 10px;\" src=\"http:\/\/kommentatorenblog.de\/wp-content\/uploads\/2020\/09\/shure-55sh-ii-e1601485394796.jpg\" alt=\"\" srcset=\"https:\/\/kommentatorenblog.de\/wp-content\/uploads\/2020\/09\/shure-55sh-ii-e1601485394796.jpg 415w, https:\/\/kommentatorenblog.de\/wp-content\/uploads\/2020\/09\/shure-55sh-ii-e1601485394796-142x300.jpg 142w\" sizes=\"auto, (max-width: 10px) 100vw, 10px\" \/>  Simon K\u00f6pfer <\/p>\n\n\n\n<p><strong><em> <strong><em><strong><em>SGS Essen<strong><em><strong><em> <strong><em><strong><em>\u2013<\/em><\/strong><\/em><\/strong> Eintracht Frankfurt<\/em><\/strong><\/em><\/strong><\/em><\/strong><\/em><\/strong>  (16.00 Uhr)<\/em><\/strong><\/p>\n\n\n\n<p><img loading=\"lazy\" decoding=\"async\" width=\"10\" height=\"21\" class=\"wp-image-3656\" style=\"width: 10px;\" src=\"http:\/\/kommentatorenblog.de\/wp-content\/uploads\/2020\/09\/shure-55sh-ii-e1601485394796.jpg\" alt=\"\" srcset=\"https:\/\/kommentatorenblog.de\/wp-content\/uploads\/2020\/09\/shure-55sh-ii-e1601485394796.jpg 415w, https:\/\/kommentatorenblog.de\/wp-content\/uploads\/2020\/09\/shure-55sh-ii-e1601485394796-142x300.jpg 142w\" sizes=\"auto, (max-width: 10px) 100vw, 10px\" \/> Martin Piller<\/p>\n\n\n\n<p>Moderation: Kamila Benschop<\/p>\n\n\n\n<p><strong><em>VfL Wolfsburg<strong><em><strong><em><strong><em><strong><em> <strong><em><strong><em>\u2013<\/em><\/strong><\/em><\/strong> 1.FC K\u00f6ln<\/em><\/strong><\/em><\/strong><\/em><\/strong><\/em><\/strong>  (16.00 Uhr)<\/em><\/strong><\/p>\n\n\n\n<p><img loading=\"lazy\" decoding=\"async\" width=\"10\" height=\"21\" class=\"wp-image-3656\" style=\"width: 10px;\" src=\"http:\/\/kommentatorenblog.de\/wp-content\/uploads\/2020\/09\/shure-55sh-ii-e1601485394796.jpg\" alt=\"\" srcset=\"https:\/\/kommentatorenblog.de\/wp-content\/uploads\/2020\/09\/shure-55sh-ii-e1601485394796.jpg 415w, https:\/\/kommentatorenblog.de\/wp-content\/uploads\/2020\/09\/shure-55sh-ii-e1601485394796-142x300.jpg 142w\" sizes=\"auto, (max-width: 10px) 100vw, 10px\" \/> Oskar Heirler<\/p>\n\n\n\n<hr class=\"wp-block-separator\"\/>\n\n\n\n<p><strong>Die Analyse<\/strong> <\/p>\n\n\n\n<p><strong>WM- Quali bei RTL <\/strong><\/p>\n\n\n\n<p>Die DFB- Herren spielen diesmal am Freitag- und Montagabend. Bei RTL wird erstmals Laura Papendick als Moderatorin bei der Nationalmannschaft zu sehen sein, da Florian K\u00f6nig laut RTL weiterhin aus gesundheitlichen Gr\u00fcnden ausf\u00e4llt, an dieser Stelle gute Besserung! Experte wird erneut Lothar Matth\u00e4us sein. Sobald wir Informationen zu den Field- Reportern haben, liefern wir diese nach. Als Kommentatoren sind wie gewohnt Marco Hagemann und Steffen Freund im Einsatz.<\/p>\n\n\n\n<p><strong>Nations League im Ersten <\/strong><\/p>\n\n\n\n<p>Am Sonntag ist Nations League- Zeit. In der ARD melden sich Esther Sedlaczek und Bastian Schweinsteiger zum Finale. F\u00fcr Sedlaczek ist es bereits der dritte Livespiel- Einsatz in der ARD. Als Kommentator ist Gerd Gottlob im Einsatz, somit waren nun alle drei ARD- Kommentatoren diese Saison im Einsatz.<\/p>\n\n\n\n<p><strong>Beides bei DAZN<\/strong><\/p>\n\n\n\n<p>DAZN ist bei der WM- Quali sowie der Nations League am Start. Am Freitag zeigt man unter anderem die t\u00fcrkische Nationalmannschaft mit Stefan Kuntz, es kommentiert Matthias Naebers. Am Samstag kommt Guido H\u00fcsgen zu seinem zweiten Einsatz und Premier League- Experte Uli Hebel darf die Partie der Engl\u00e4nder gegen Andorra kommentieren. Am Sonntag stehen dann noch die Finalspiele der Nations League an, das Finale darf Jan Platte zusammen mit Christian Bernhard kommentieren.<\/p>\n\n\n\n<p>Weitere Spiele der n\u00e4chsten Woche liefern wir nach.<\/p>\n\n\n\n<p><strong>Frauenbundesliga<\/strong><\/p>\n\n\n\n<p>Wie bereits im Vorwort erw\u00e4hnt, zeigt die ARD die Begegnung Bayern gegen Hoffenheim. Kommentator ist wenig \u00fcberraschend BR- Mann und Frauenfu\u00dfball- Experte Bernd Schmelzer. Expertin wird Nia K\u00fcnzer sein. Wer moderiert ist nicht ganz klar, in den Programm\u00fcbersichten wurden Julia Scharf und Claus Lufen genannt, letzterer d\u00fcrfte es wohl sein. F\u00fcr die Telekom ist ebenfalls bekanntes Personal im Einsatz, darunter Michael Seyberth, der bisher an jedem Spieltag im Einsatz gewesen sein d\u00fcrfte.<\/p>\n\n\n\n<p>Ein sch\u00f6nes Wochenende und viel Spa\u00df mit dem Sport-Angebot!<\/p>\n\n\n\n<p><\/p>\n","protected":false},"excerpt":{"rendered":"<p>N\u2019Abend allerseits, Update Im Folgenden die Partien der WM- Quali, Champions- League der Frauen sowie die Junioren- L\u00e4nderspiele von Montag bis einschlie\u00dflich Donnerstag. Die fehlenden Ansetzungen werden, sofern vorhanden, nachgereicht. Montag, ab 20.15 Uhr (RTL) Nordmazedonien \u2013&nbsp;Deutschland (20.45 Uhr) Marco Hagemann, Experte: Steffen Freund Moderation: Laura Papendick, Experte: Lothar Matth\u00e4us, Field-Reporter: Thomas Wagner, Felix G\u00f6rner [&hellip;]<\/p>\n","protected":false},"author":10,"featured_media":0,"comment_status":"open","ping_status":"open","sticky":false,"template":"","format":"standard","meta":{"footnotes":""},"categories":[426],"tags":[292,153,355,582,302,636,97,272,155,48,75,31,43,130,223,634,637,293,415,151,105,149],"class_list":["post-10817","post","type-post","status-publish","format-standard","hentry","category-laenderspiele","tag-alex-kunz","tag-alexis-menuge","tag-bastian-schweinsteiger","tag-bernd-schmelzer","tag-christoph-fetzer","tag-claus-lufen","tag-esther-sedlaczek","tag-gerd-gottlob","tag-guido-huesgen","tag-jan-platte","tag-laura-papendick","tag-lothar-matthaeus","tag-marco-hagemann","tag-martin-piller","tag-matthias-naebers","tag-michael-seyberth","tag-nia-kuenzer","tag-oskar-heirler","tag-simon-koepfer","tag-steffen-freund","tag-uli-hebel","tag-uwe-morawe"],"_links":{"self":[{"href":"https:\/\/kommentatorenblog.de\/index.php?rest_route=\/wp\/v2\/posts\/10817","targetHints":{"allow":["GET"]}}],"collection":[{"href":"https:\/\/kommentatorenblog.de\/index.php?rest_route=\/wp\/v2\/posts"}],"about":[{"href":"https:\/\/kommentatorenblog.de\/index.php?rest_route=\/wp\/v2\/types\/post"}],"author":[{"embeddable":true,"href":"https:\/\/kommentatorenblog.de\/index.php?rest_route=\/wp\/v2\/users\/10"}],"replies":[{"embeddable":true,"href":"https:\/\/kommentatorenblog.de\/index.php?rest_route=%2Fwp%2Fv2%2Fcomments&post=10817"}],"version-history":[{"count":11,"href":"https:\/\/kommentatorenblog.de\/index.php?rest_route=\/wp\/v2\/posts\/10817\/revisions"}],"predecessor-version":[{"id":10845,"href":"https:\/\/kommentatorenblog.de\/index.php?rest_route=\/wp\/v2\/posts\/10817\/revisions\/10845"}],"wp:attachment":[{"href":"https:\/\/kommentatorenblog.de\/index.php?rest_route=%2Fwp%2Fv2%2Fmedia&parent=10817"}],"wp:term":[{"taxonomy":"category","embeddable":true,"href":"https:\/\/kommentatorenblog.de\/index.php?rest_route=%2Fwp%2Fv2%2Fcategories&post=10817"},{"taxonomy":"post_tag","embeddable":true,"href":"https:\/\/kommentatorenblog.de\/index.php?rest_route=%2Fwp%2Fv2%2Ftags&post=10817"}],"curies":[{"name":"wp","href":"https:\/\/api.w.org\/{rel}","templated":true}]}}