{"id":10933,"date":"2021-10-25T20:23:06","date_gmt":"2021-10-25T18:23:06","guid":{"rendered":"http:\/\/kommentatorenblog.de\/?p=10933"},"modified":"2021-10-26T19:44:08","modified_gmt":"2021-10-26T17:44:08","slug":"1206-ski-weltcup-und-pokal-aus-der-box","status":"publish","type":"post","link":"https:\/\/kommentatorenblog.de\/?p=10933","title":{"rendered":"1206 \u2013 Ski-Weltcup und Pokal aus der Box"},"content":{"rendered":"\n<p>N\u2019Abend allerseits,<\/p>\n\n\n\n<p>der kalendarische Winterbeginn steht noch bevor. Doch der Ski-Weltcup ist am vergangenen Samstag mit dem Riesenslalom der Frauen bereits gestartet. Kurz zuvor haben Eurosport und ARD mitgeteilt, in den n\u00e4chsten Jahren weiterhin das Ma\u00df aller Dinge in Sachen Wintersport zu sein. Allen voran nat\u00fcrlich die Discovery-Tochter, die bis einschlie\u00dflich 2025\/26 unter anderem alle Weltcup-Rennen im Ski Alpin, Langlauf und in der Nordischen Kombination \u00fcbertragen wird. Die ARD freut sich derweil auf die \u00dcbertragung des alpinen Ski-Weltcup-Finals 2021\/2022 im franz\u00f6sischen Courchevel im kommenden M\u00e4rz. Aber nat\u00fcrlich kommt auch Skispringen im Ersten k\u00fcnftig nicht zu kurz. \u00dcberraschend ist die Rechtevergabe nicht, dennoch ist sie eine Erw\u00e4hnung wert.<\/p>\n\n\n\n<p><strong>Skisport am Zahn der Zeit?<\/strong><\/p>\n\n\n\n<p>Ich freue mich auf die anstehenden Wettk\u00e4mpfe und bin damit nicht allein. Auch Felix Neureuther, Ex-Skirennl\u00e4ufer, fiebert dem Ski-Weltcup entgegen. Doch der 13-malige Weltcupsieger \u00fcbt durchaus auch Kritik an der Terminierung des Wettbewerbs. Da immer mehr Athleten schon im Sommer auf bedrohten Gletschern trainieren m\u00fcssen, sei der Start des Weltcups Ende Oktober schlicht aus der Zeit gefallen. An dieser Stelle klaffen \u00f6kologische Ideale und \u00f6konomische Richtlinien auseinander. Ob man Neureuther Recht geben mag oder nicht &#8211; ab einem gewissen Punkt muss sich der Skisport, der wegen technischer Beschneiung ohnehin nicht den besten Fu\u00dfabdruck besitzt, wohl neu aufstellen. Kurzfristig wird sich da aber wohl wenig tun.<\/p>\n\n\n\n<p>Damit zur\u00fcck zum Fu\u00dfball. In Deutschland steht die 2. Runde des DFB-Pokals an. Der Wettbewerb der \u00dcberraschungen h\u00e4lt schon in der Runde der letzten 32 einen absoluten Kracher bereit. Au\u00dferdem m\u00fcssen die Deutschen Frauen in der WM-Quali ran. In Spanien und Italien wartet eine englische Woche. Alles Weitere erfahrt ihr in den Ansetzungen.<\/p>\n\n\n\n<p><strong><em>Die Ansetzungen vom 26. Oktober bis zum 28. Oktober 2021<\/em><\/strong><\/p>\n\n\n\n<p><strong>DFB-Pokal, 2. Runde<\/strong> <\/p>\n\n\n\n<p><span style=\"text-decoration: underline;\">Dienstag, 26. Oktober 2021, ab 18.00 Uhr (Sky)<\/span><\/p>\n\n\n\n<p><meta charset=\"utf-8\"><strong><em>1860 M\u00fcnchen <strong><em><strong><em>\u2013<\/em><\/strong><\/em><\/strong> FC Schalke 04 (18.30 Uhr)<\/em><\/strong><\/p>\n\n\n\n<p><img loading=\"lazy\" decoding=\"async\" width=\"10\" height=\"21\" class=\"wp-image-3656\" style=\"width: 10px;\" src=\"http:\/\/kommentatorenblog.de\/wp-content\/uploads\/2020\/09\/shure-55sh-ii-e1601485394796.jpg\" alt=\"\" srcset=\"https:\/\/kommentatorenblog.de\/wp-content\/uploads\/2020\/09\/shure-55sh-ii-e1601485394796.jpg 415w, https:\/\/kommentatorenblog.de\/wp-content\/uploads\/2020\/09\/shure-55sh-ii-e1601485394796-142x300.jpg 142w\" sizes=\"auto, (max-width: 10px) 100vw, 10px\" \/> Toni Tomic (Einzelspiel), Frank Buschmann (Konferenz), Field-Reporter: Yannick Erkenbrecher<\/p>\n\n\n\n<p><strong><em>SV Babelsberg 03 <strong><em><strong><em>\u2013<\/em><\/strong><\/em><\/strong> RB Leipzig (18.30 Uhr)<\/em><\/strong><\/p>\n\n\n\n<p><img loading=\"lazy\" decoding=\"async\" width=\"10\" height=\"21\" class=\"wp-image-3656\" style=\"width: 10px;\" src=\"http:\/\/kommentatorenblog.de\/wp-content\/uploads\/2020\/09\/shure-55sh-ii-e1601485394796.jpg\" alt=\"\" srcset=\"https:\/\/kommentatorenblog.de\/wp-content\/uploads\/2020\/09\/shure-55sh-ii-e1601485394796.jpg 415w, https:\/\/kommentatorenblog.de\/wp-content\/uploads\/2020\/09\/shure-55sh-ii-e1601485394796-142x300.jpg 142w\" sizes=\"auto, (max-width: 10px) 100vw, 10px\" \/> Oliver Seidler (Einzelspiel), Wolff Fuss (Konferenz), Field-Reporter: Jens Westen<\/p>\n\n\n\n<p><strong><em>Preu\u00dfen M\u00fcnster <strong><em><strong><em>\u2013<\/em><\/strong><\/em><\/strong> Hertha BSC (18.30 Uhr)<\/em><\/strong><\/p>\n\n\n\n<p><img loading=\"lazy\" decoding=\"async\" width=\"10\" height=\"21\" class=\"wp-image-3656\" style=\"width: 10px;\" src=\"http:\/\/kommentatorenblog.de\/wp-content\/uploads\/2020\/09\/shure-55sh-ii-e1601485394796.jpg\" alt=\"\" srcset=\"https:\/\/kommentatorenblog.de\/wp-content\/uploads\/2020\/09\/shure-55sh-ii-e1601485394796.jpg 415w, https:\/\/kommentatorenblog.de\/wp-content\/uploads\/2020\/09\/shure-55sh-ii-e1601485394796-142x300.jpg 142w\" sizes=\"auto, (max-width: 10px) 100vw, 10px\" \/> Hansi K\u00fcpper (Einzelspiel), Markus Gaupp (Konferenz), Interviews: Schalte<\/p>\n\n\n\n<p><strong><em>TSG Hoffenheim <strong><em><strong><em>\u2013<\/em><\/strong><\/em><\/strong> Holstein Kiel (18.30 Uhr)<\/em><\/strong><\/p>\n\n\n\n<p><img loading=\"lazy\" decoding=\"async\" width=\"10\" height=\"21\" class=\"wp-image-3656\" style=\"width: 10px;\" src=\"http:\/\/kommentatorenblog.de\/wp-content\/uploads\/2020\/09\/shure-55sh-ii-e1601485394796.jpg\" alt=\"\" srcset=\"https:\/\/kommentatorenblog.de\/wp-content\/uploads\/2020\/09\/shure-55sh-ii-e1601485394796.jpg 415w, https:\/\/kommentatorenblog.de\/wp-content\/uploads\/2020\/09\/shure-55sh-ii-e1601485394796-142x300.jpg 142w\" sizes=\"auto, (max-width: 10px) 100vw, 10px\" \/> Joachim Hebel (Einzelspiel), Klaus Veltman (Konferenz), Interviews: Schalte<\/p>\n\n\n\n<p><span style=\"text-decoration: underline;\">ab 18.00 Uhr (Sport1) \/ ab 19.45 Uhr (Sky)<\/span><\/p>\n\n\n\n<p><strong><em>Borussia Dortmund <strong><em><strong><em>\u2013<\/em><\/strong><\/em><\/strong> FC Ingolstadt (20.00 Uhr)<\/em><\/strong><\/p>\n\n\n\n<p>Sport1: <img loading=\"lazy\" decoding=\"async\" width=\"10\" height=\"21\" class=\"wp-image-3656\" style=\"width: 10px;\" src=\"http:\/\/kommentatorenblog.de\/wp-content\/uploads\/2020\/09\/shure-55sh-ii-e1601485394796.jpg\" alt=\"\" srcset=\"https:\/\/kommentatorenblog.de\/wp-content\/uploads\/2020\/09\/shure-55sh-ii-e1601485394796.jpg 415w, https:\/\/kommentatorenblog.de\/wp-content\/uploads\/2020\/09\/shure-55sh-ii-e1601485394796-142x300.jpg 142w\" sizes=\"auto, (max-width: 10px) 100vw, 10px\" \/> Markus H\u00f6hner, Field-Reporter: Jochen Stutzky<\/p>\n\n\n\n<p><meta charset=\"utf-8\">Sky: <img loading=\"lazy\" decoding=\"async\" width=\"10\" height=\"21\" class=\"wp-image-3656\" style=\"width: 10px;\" src=\"http:\/\/kommentatorenblog.de\/wp-content\/uploads\/2020\/09\/shure-55sh-ii-e1601485394796.jpg\" alt=\"\" srcset=\"https:\/\/kommentatorenblog.de\/wp-content\/uploads\/2020\/09\/shure-55sh-ii-e1601485394796.jpg 415w, https:\/\/kommentatorenblog.de\/wp-content\/uploads\/2020\/09\/shure-55sh-ii-e1601485394796-142x300.jpg 142w\" sizes=\"auto, (max-width: 10px) 100vw, 10px\" \/> Kai Dittmann (Einzelspiel), Florian Schmidt-Sommerfeld (Konferenz), Field-Reporter: Patrick Wasserziehr<\/p>\n\n\n\n<p>Moderation (Sport1): Thomas Helmer, Experte: Stefan Effenberg<\/p>\n\n\n\n<p><span style=\"text-decoration: underline;\">ab 20.35 Uhr (Sport1)<\/span><\/p>\n\n\n\n<p><strong><em>1.FC N\u00fcrnberg <strong><em><strong><em>\u2013<\/em><\/strong><\/em><\/strong> Hamburger SV (20.45 Uhr)<\/em><\/strong><\/p>\n\n\n\n<p><img loading=\"lazy\" decoding=\"async\" width=\"10\" height=\"21\" class=\"wp-image-3656\" style=\"width: 10px;\" src=\"http:\/\/kommentatorenblog.de\/wp-content\/uploads\/2020\/09\/shure-55sh-ii-e1601485394796.jpg\" alt=\"\" srcset=\"https:\/\/kommentatorenblog.de\/wp-content\/uploads\/2020\/09\/shure-55sh-ii-e1601485394796.jpg 415w, https:\/\/kommentatorenblog.de\/wp-content\/uploads\/2020\/09\/shure-55sh-ii-e1601485394796-142x300.jpg 142w\" sizes=\"auto, (max-width: 10px) 100vw, 10px\" \/> Stefan Hempel (Einzelspiel), Roland Evers (Konferenz), Field-Reporterin: Nele Schenker<\/p>\n\n\n\n<p><strong><em>1.FSV Mainz 05 <strong><em><strong><em>\u2013<\/em><\/strong><\/em><\/strong> Arminia Bielefeld (20.45 Uhr)<\/em><\/strong><\/p>\n\n\n\n<p><img loading=\"lazy\" decoding=\"async\" width=\"10\" height=\"21\" class=\"wp-image-3656\" style=\"width: 10px;\" src=\"http:\/\/kommentatorenblog.de\/wp-content\/uploads\/2020\/09\/shure-55sh-ii-e1601485394796.jpg\" alt=\"\" srcset=\"https:\/\/kommentatorenblog.de\/wp-content\/uploads\/2020\/09\/shure-55sh-ii-e1601485394796.jpg 415w, https:\/\/kommentatorenblog.de\/wp-content\/uploads\/2020\/09\/shure-55sh-ii-e1601485394796-142x300.jpg 142w\" sizes=\"auto, (max-width: 10px) 100vw, 10px\" \/> Markus G\u00f6tz (Einzelspiel), Jonas Friedrich (Konferenz), Interviews: Schalte<\/p>\n\n\n\n<p><strong><em>VfL Osnabr\u00fcck <strong><em><strong><em>\u2013<\/em><\/strong><\/em><\/strong> SC Freiburg (20.45 Uhr)<\/em><\/strong><\/p>\n\n\n\n<p><img loading=\"lazy\" decoding=\"async\" width=\"10\" height=\"21\" class=\"wp-image-3656\" style=\"width: 10px;\" src=\"http:\/\/kommentatorenblog.de\/wp-content\/uploads\/2020\/09\/shure-55sh-ii-e1601485394796.jpg\" alt=\"\" srcset=\"https:\/\/kommentatorenblog.de\/wp-content\/uploads\/2020\/09\/shure-55sh-ii-e1601485394796.jpg 415w, https:\/\/kommentatorenblog.de\/wp-content\/uploads\/2020\/09\/shure-55sh-ii-e1601485394796-142x300.jpg 142w\" sizes=\"auto, (max-width: 10px) 100vw, 10px\" \/> Hannes Herrmann (Einzelspiel), Marcel Meinert (Konferenz), Interviews: Schalte<\/p>\n\n\n\n<p>Moderation: Britta Hofmann<\/p>\n\n\n\n<p><meta charset=\"utf-8\"><span style=\"text-decoration: underline;\">Mittwoch, 27. Oktober 2021, ab 18.00 Uhr (Sky)<\/span><\/p>\n\n\n\n<p><strong><em>Bayer 04 Leverkusen <strong><em><strong><em>\u2013<\/em><\/strong><\/em><\/strong> Karlsruher SC (18.30 Uhr)<\/em><\/strong><\/p>\n\n\n\n<p><img loading=\"lazy\" decoding=\"async\" width=\"10\" height=\"21\" class=\"wp-image-3656\" style=\"width: 10px;\" src=\"http:\/\/kommentatorenblog.de\/wp-content\/uploads\/2020\/09\/shure-55sh-ii-e1601485394796.jpg\" alt=\"\" srcset=\"https:\/\/kommentatorenblog.de\/wp-content\/uploads\/2020\/09\/shure-55sh-ii-e1601485394796.jpg 415w, https:\/\/kommentatorenblog.de\/wp-content\/uploads\/2020\/09\/shure-55sh-ii-e1601485394796-142x300.jpg 142w\" sizes=\"auto, (max-width: 10px) 100vw, 10px\" \/> J\u00fcrgen Schmitz (Einzelspiel), Klaus Veltman (Konferenz) Field-Reporter: Ulli Potofski<\/p>\n\n\n\n<p><strong><em>Dynamo Dresden <strong><em><strong><em>\u2013<\/em><\/strong><\/em><\/strong> FC St. Pauli (18.30 Uhr)<\/em><\/strong><\/p>\n\n\n\n<p><img loading=\"lazy\" decoding=\"async\" width=\"10\" height=\"21\" class=\"wp-image-3656\" style=\"width: 10px;\" src=\"http:\/\/kommentatorenblog.de\/wp-content\/uploads\/2020\/09\/shure-55sh-ii-e1601485394796.jpg\" alt=\"\" srcset=\"https:\/\/kommentatorenblog.de\/wp-content\/uploads\/2020\/09\/shure-55sh-ii-e1601485394796.jpg 415w, https:\/\/kommentatorenblog.de\/wp-content\/uploads\/2020\/09\/shure-55sh-ii-e1601485394796-142x300.jpg 142w\" sizes=\"auto, (max-width: 10px) 100vw, 10px\" \/> Hannes Herrmann (Einzelspiel), Hansi K\u00fcpper (Konferenz), Interviews: Schalte<\/p>\n\n\n\n<p><strong><em>VfL Bochum <strong><em><strong><em>\u2013<\/em><\/strong><\/em><\/strong> FC Augsburg (18.30 Uhr)<\/em><\/strong><\/p>\n\n\n\n<p><img loading=\"lazy\" decoding=\"async\" width=\"10\" height=\"21\" class=\"wp-image-3656\" style=\"width: 10px;\" src=\"http:\/\/kommentatorenblog.de\/wp-content\/uploads\/2020\/09\/shure-55sh-ii-e1601485394796.jpg\" alt=\"\" srcset=\"https:\/\/kommentatorenblog.de\/wp-content\/uploads\/2020\/09\/shure-55sh-ii-e1601485394796.jpg 415w, https:\/\/kommentatorenblog.de\/wp-content\/uploads\/2020\/09\/shure-55sh-ii-e1601485394796-142x300.jpg 142w\" sizes=\"auto, (max-width: 10px) 100vw, 10px\" \/> Joachim Hebel (Einzelspiel), Frank Buschmann (Konferenz), Interviews: Schalte<\/p>\n\n\n\n<p><strong><em>SV Waldhof Mannheim <strong><em><strong><em>\u2013<\/em><\/strong><\/em><\/strong> FC Union Berlin (18.30 Uhr)<\/em><\/strong><\/p>\n\n\n\n<p><img loading=\"lazy\" decoding=\"async\" width=\"10\" height=\"21\" class=\"wp-image-3656\" style=\"width: 10px;\" src=\"http:\/\/kommentatorenblog.de\/wp-content\/uploads\/2020\/09\/shure-55sh-ii-e1601485394796.jpg\" alt=\"\" srcset=\"https:\/\/kommentatorenblog.de\/wp-content\/uploads\/2020\/09\/shure-55sh-ii-e1601485394796.jpg 415w, https:\/\/kommentatorenblog.de\/wp-content\/uploads\/2020\/09\/shure-55sh-ii-e1601485394796-142x300.jpg 142w\" sizes=\"auto, (max-width: 10px) 100vw, 10px\" \/> Martin Gro\u00df (Einzelspiel), Florian Schmidt-Sommerfeld (Konferenz) Field-Reporter: Alexander Bonengel<\/p>\n\n\n\n<p><span style=\"text-decoration: underline;\">ab 20.15 Uhr (ARD) \/ ab 20.30 Uhr (Sky)<\/span><\/p>\n\n\n\n<p><strong><em>Borussia M\u00f6nchengladbach <strong><em><strong><em>\u2013<\/em><\/strong><\/em><\/strong> FC Bayern M\u00fcnchen (20.45 Uhr)<\/em><\/strong><\/p>\n\n\n\n<p>ARD: <img loading=\"lazy\" decoding=\"async\" width=\"10\" height=\"21\" class=\"wp-image-3656\" style=\"width: 10px;\" src=\"http:\/\/kommentatorenblog.de\/wp-content\/uploads\/2020\/09\/shure-55sh-ii-e1601485394796.jpg\" alt=\"\" srcset=\"https:\/\/kommentatorenblog.de\/wp-content\/uploads\/2020\/09\/shure-55sh-ii-e1601485394796.jpg 415w, https:\/\/kommentatorenblog.de\/wp-content\/uploads\/2020\/09\/shure-55sh-ii-e1601485394796-142x300.jpg 142w\" sizes=\"auto, (max-width: 10px) 100vw, 10px\" \/> Tom Bartels (Einzelspiel), Field-Reporter: J\u00fcrgen Bergener<\/p>\n\n\n\n<p>Sky: <img loading=\"lazy\" decoding=\"async\" width=\"10\" height=\"21\" class=\"wp-image-3656\" style=\"width: 10px;\" src=\"http:\/\/kommentatorenblog.de\/wp-content\/uploads\/2020\/09\/shure-55sh-ii-e1601485394796.jpg\" alt=\"\" srcset=\"https:\/\/kommentatorenblog.de\/wp-content\/uploads\/2020\/09\/shure-55sh-ii-e1601485394796.jpg 415w, https:\/\/kommentatorenblog.de\/wp-content\/uploads\/2020\/09\/shure-55sh-ii-e1601485394796-142x300.jpg 142w\" sizes=\"auto, (max-width: 10px) 100vw, 10px\" \/> Wolff Fuss (Einzelspiel), Roland Evers (Konferenz), Field-Reporter: Patrick Wasserziehr<\/p>\n\n\n\n<p>Moderation (ARD): Alexander Bommes, Experte: Bastian Schweinsteiger<\/p>\n\n\n\n<p><span style=\"text-decoration: underline;\">ab 20.30 Uhr (Sky)<\/span><\/p>\n\n\n\n<p><strong><em>Hannover 96 <strong><em><strong><em>\u2013<\/em><\/strong><\/em><\/strong> Fortuna D\u00fcsseldorf (20.45 Uhr)<\/em><\/strong><\/p>\n\n\n\n<p><img loading=\"lazy\" decoding=\"async\" width=\"10\" height=\"21\" class=\"wp-image-3656\" style=\"width: 10px;\" src=\"http:\/\/kommentatorenblog.de\/wp-content\/uploads\/2020\/09\/shure-55sh-ii-e1601485394796.jpg\" alt=\"\" srcset=\"https:\/\/kommentatorenblog.de\/wp-content\/uploads\/2020\/09\/shure-55sh-ii-e1601485394796.jpg 415w, https:\/\/kommentatorenblog.de\/wp-content\/uploads\/2020\/09\/shure-55sh-ii-e1601485394796-142x300.jpg 142w\" sizes=\"auto, (max-width: 10px) 100vw, 10px\" \/> Markus Gaupp (Einzelspiel), Marcel Meinert (Konferenz), Interviews: Schalte<\/p>\n\n\n\n<p><strong><em>SSV Jahn Regensburg <strong><em><strong><em>\u2013<\/em><\/strong><\/em><\/strong> FC Hansa Rostock (20.45 Uhr)<\/em><\/strong><\/p>\n\n\n\n<p><img loading=\"lazy\" decoding=\"async\" width=\"10\" height=\"21\" class=\"wp-image-3656\" style=\"width: 10px;\" src=\"http:\/\/kommentatorenblog.de\/wp-content\/uploads\/2020\/09\/shure-55sh-ii-e1601485394796.jpg\" alt=\"\" srcset=\"https:\/\/kommentatorenblog.de\/wp-content\/uploads\/2020\/09\/shure-55sh-ii-e1601485394796.jpg 415w, https:\/\/kommentatorenblog.de\/wp-content\/uploads\/2020\/09\/shure-55sh-ii-e1601485394796-142x300.jpg 142w\" sizes=\"auto, (max-width: 10px) 100vw, 10px\" \/> Sven Schr\u00f6ter (Einzelspiel), Toni Tomic (Konferenz), Interviews: Schalte<\/p>\n\n\n\n<p><strong><em>VfB Stuttgart <strong><em><strong><em>\u2013<\/em><\/strong><\/em><\/strong> 1.FC K\u00f6ln (20.45 Uhr)<\/em><\/strong><\/p>\n\n\n\n<p><img loading=\"lazy\" decoding=\"async\" width=\"10\" height=\"21\" class=\"wp-image-3656\" style=\"width: 10px;\" src=\"http:\/\/kommentatorenblog.de\/wp-content\/uploads\/2020\/09\/shure-55sh-ii-e1601485394796.jpg\" alt=\"\" srcset=\"https:\/\/kommentatorenblog.de\/wp-content\/uploads\/2020\/09\/shure-55sh-ii-e1601485394796.jpg 415w, https:\/\/kommentatorenblog.de\/wp-content\/uploads\/2020\/09\/shure-55sh-ii-e1601485394796-142x300.jpg 142w\" sizes=\"auto, (max-width: 10px) 100vw, 10px\" \/> Kai Dittmann (Einzelspiel), Markus G\u00f6tz (Konferenz), Field-Reporter: Marc Behrenbeck<\/p>\n\n\n\n<p>Moderation (Sky): Michael Leopold<\/p>\n\n\n\n<hr class=\"wp-block-separator\"\/>\n\n\n\n<p><strong>WM-Qualifikation Frauen, Gruppenphase (ARD)<\/strong><\/p>\n\n\n\n<p><span style=\"text-decoration: underline;\">Dienstag, 26. Oktober, ab 16.00 Uhr<\/span><\/p>\n\n\n\n<p><strong><em>Deutschland <meta charset=\"utf-8\">\u2013 Israel (16.05 Uhr)<\/em><\/strong><\/p>\n\n\n\n<p><meta charset=\"utf-8\"><img loading=\"lazy\" decoding=\"async\" width=\"10\" height=\"21\" class=\"wp-image-3656\" style=\"width: 10px;\" src=\"http:\/\/kommentatorenblog.de\/wp-content\/uploads\/2020\/09\/shure-55sh-ii-e1601485394796.jpg\" alt=\"\" srcset=\"https:\/\/kommentatorenblog.de\/wp-content\/uploads\/2020\/09\/shure-55sh-ii-e1601485394796.jpg 415w, https:\/\/kommentatorenblog.de\/wp-content\/uploads\/2020\/09\/shure-55sh-ii-e1601485394796-142x300.jpg 142w\" sizes=\"auto, (max-width: 10px) 100vw, 10px\" \/> Bernd Schmelzer, Expertin: Nia K\u00fcnzer<\/p>\n\n\n\n<p>Moderation: Claus Lufen<\/p>\n\n\n\n<hr class=\"wp-block-separator\"\/>\n\n\n\n<p><strong>Carabao-Cup, Achtelfinale<\/strong><\/p>\n\n\n\n<p><meta charset=\"utf-8\"><span style=\"text-decoration: underline;\">Dienstag, 26. Oktober<\/span><\/p>\n\n\n\n<p><strong><em>FC Chelsea \u2013 FC Southampton (20.45 Uhr)<\/em><\/strong><\/p>\n\n\n\n<p><img loading=\"lazy\" decoding=\"async\" width=\"10\" height=\"21\" class=\"wp-image-3656\" style=\"width: 10px;\" src=\"http:\/\/kommentatorenblog.de\/wp-content\/uploads\/2020\/09\/shure-55sh-ii-e1601485394796.jpg\" alt=\"\" srcset=\"https:\/\/kommentatorenblog.de\/wp-content\/uploads\/2020\/09\/shure-55sh-ii-e1601485394796.jpg 415w, https:\/\/kommentatorenblog.de\/wp-content\/uploads\/2020\/09\/shure-55sh-ii-e1601485394796-142x300.jpg 142w\" sizes=\"auto, (max-width: 10px) 100vw, 10px\" \/> Uli Hebel, Experte: Sebastian Knei\u00dfl<\/p>\n\n\n\n<p><strong><em>FC Arsenal \u2013 Leeds United (20.45 Uhr)<\/em><\/strong><\/p>\n\n\n\n<p><img loading=\"lazy\" decoding=\"async\" width=\"10\" height=\"21\" class=\"wp-image-3656\" style=\"width: 10px;\" src=\"http:\/\/kommentatorenblog.de\/wp-content\/uploads\/2020\/09\/shure-55sh-ii-e1601485394796.jpg\" alt=\"\" srcset=\"https:\/\/kommentatorenblog.de\/wp-content\/uploads\/2020\/09\/shure-55sh-ii-e1601485394796.jpg 415w, https:\/\/kommentatorenblog.de\/wp-content\/uploads\/2020\/09\/shure-55sh-ii-e1601485394796-142x300.jpg 142w\" sizes=\"auto, (max-width: 10px) 100vw, 10px\" \/> Tom Kirsten<\/p>\n\n\n\n<p><strong><em>Queens Park Rangers \u2013 AFC Sunderland (20.45 Uhr)<\/em><\/strong><\/p>\n\n\n\n<p><img loading=\"lazy\" decoding=\"async\" width=\"10\" height=\"21\" class=\"wp-image-3656\" style=\"width: 10px;\" src=\"http:\/\/kommentatorenblog.de\/wp-content\/uploads\/2020\/09\/shure-55sh-ii-e1601485394796.jpg\" alt=\"\" srcset=\"https:\/\/kommentatorenblog.de\/wp-content\/uploads\/2020\/09\/shure-55sh-ii-e1601485394796.jpg 415w, https:\/\/kommentatorenblog.de\/wp-content\/uploads\/2020\/09\/shure-55sh-ii-e1601485394796-142x300.jpg 142w\" sizes=\"auto, (max-width: 10px) 100vw, 10px\" \/> Adrian Geiler<\/p>\n\n\n\n<p><meta charset=\"utf-8\"><span style=\"text-decoration: underline;\">Mittwoch, 27. Oktober 2021<\/span><\/p>\n\n\n\n<p><strong><em>FC Burnley \u2013 Tottenham Hotspur (20.45 Uhr)<\/em><\/strong><\/p>\n\n\n\n<p><img loading=\"lazy\" decoding=\"async\" width=\"10\" height=\"21\" class=\"wp-image-3656\" style=\"width: 10px;\" src=\"http:\/\/kommentatorenblog.de\/wp-content\/uploads\/2020\/09\/shure-55sh-ii-e1601485394796.jpg\" alt=\"\" srcset=\"https:\/\/kommentatorenblog.de\/wp-content\/uploads\/2020\/09\/shure-55sh-ii-e1601485394796.jpg 415w, https:\/\/kommentatorenblog.de\/wp-content\/uploads\/2020\/09\/shure-55sh-ii-e1601485394796-142x300.jpg 142w\" sizes=\"auto, (max-width: 10px) 100vw, 10px\" \/> Max Gross<\/p>\n\n\n\n<p><strong><em>Leicester City \u2013 Brighton &amp; Hove Albion (20.45 Uhr)<\/em><\/strong><\/p>\n\n\n\n<p><img loading=\"lazy\" decoding=\"async\" width=\"10\" height=\"21\" class=\"wp-image-3656\" style=\"width: 10px;\" src=\"http:\/\/kommentatorenblog.de\/wp-content\/uploads\/2020\/09\/shure-55sh-ii-e1601485394796.jpg\" alt=\"\" srcset=\"https:\/\/kommentatorenblog.de\/wp-content\/uploads\/2020\/09\/shure-55sh-ii-e1601485394796.jpg 415w, https:\/\/kommentatorenblog.de\/wp-content\/uploads\/2020\/09\/shure-55sh-ii-e1601485394796-142x300.jpg 142w\" sizes=\"auto, (max-width: 10px) 100vw, 10px\" \/> Uwe Morawe<\/p>\n\n\n\n<p><strong><em>Preston North End \u2013 FC Liverpool (20.45 Uhr)<\/em><\/strong><\/p>\n\n\n\n<p><img loading=\"lazy\" decoding=\"async\" width=\"10\" height=\"21\" class=\"wp-image-3656\" style=\"width: 10px;\" src=\"http:\/\/kommentatorenblog.de\/wp-content\/uploads\/2020\/09\/shure-55sh-ii-e1601485394796.jpg\" alt=\"\" srcset=\"https:\/\/kommentatorenblog.de\/wp-content\/uploads\/2020\/09\/shure-55sh-ii-e1601485394796.jpg 415w, https:\/\/kommentatorenblog.de\/wp-content\/uploads\/2020\/09\/shure-55sh-ii-e1601485394796-142x300.jpg 142w\" sizes=\"auto, (max-width: 10px) 100vw, 10px\" \/> Flo Hauser<\/p>\n\n\n\n<p><strong><em>Stoke City \u2013 FC Brentford (20.45 Uhr)<\/em><\/strong><\/p>\n\n\n\n<p><img loading=\"lazy\" decoding=\"async\" width=\"10\" height=\"21\" class=\"wp-image-3656\" style=\"width: 10px;\" src=\"http:\/\/kommentatorenblog.de\/wp-content\/uploads\/2020\/09\/shure-55sh-ii-e1601485394796.jpg\" alt=\"\" srcset=\"https:\/\/kommentatorenblog.de\/wp-content\/uploads\/2020\/09\/shure-55sh-ii-e1601485394796.jpg 415w, https:\/\/kommentatorenblog.de\/wp-content\/uploads\/2020\/09\/shure-55sh-ii-e1601485394796-142x300.jpg 142w\" sizes=\"auto, (max-width: 10px) 100vw, 10px\" \/> Guido H\u00fcsgen<\/p>\n\n\n\n<p><strong><em>West Ham United \u2013 Manchester City (20.45 Uhr)<\/em><\/strong><\/p>\n\n\n\n<p><img loading=\"lazy\" decoding=\"async\" width=\"10\" height=\"21\" class=\"wp-image-3656\" style=\"width: 10px;\" src=\"http:\/\/kommentatorenblog.de\/wp-content\/uploads\/2020\/09\/shure-55sh-ii-e1601485394796.jpg\" alt=\"\" srcset=\"https:\/\/kommentatorenblog.de\/wp-content\/uploads\/2020\/09\/shure-55sh-ii-e1601485394796.jpg 415w, https:\/\/kommentatorenblog.de\/wp-content\/uploads\/2020\/09\/shure-55sh-ii-e1601485394796-142x300.jpg 142w\" sizes=\"auto, (max-width: 10px) 100vw, 10px\" \/> Uli Hebel, Experte: Benny Lauth<\/p>\n\n\n\n<hr class=\"wp-block-separator\"\/>\n\n\n\n<p><strong>LaLiga, 11. Spieltag (DAZN)<\/strong><\/p>\n\n\n\n<p><span style=\"text-decoration: underline;\">Mittwoch, 27. Oktober 2021<\/span><\/p>\n\n\n\n<p><strong><em>Rayo Vallecano <meta charset=\"utf-8\">\u2013 FC Barcelona (19.00 Uhr)<\/em><\/strong><\/p>\n\n\n\n<p><meta charset=\"utf-8\"><img loading=\"lazy\" decoding=\"async\" width=\"10\" height=\"21\" class=\"wp-image-3656\" style=\"width: 10px;\" src=\"http:\/\/kommentatorenblog.de\/wp-content\/uploads\/2020\/09\/shure-55sh-ii-e1601485394796.jpg\" alt=\"\" srcset=\"https:\/\/kommentatorenblog.de\/wp-content\/uploads\/2020\/09\/shure-55sh-ii-e1601485394796.jpg 415w, https:\/\/kommentatorenblog.de\/wp-content\/uploads\/2020\/09\/shure-55sh-ii-e1601485394796-142x300.jpg 142w\" sizes=\"auto, (max-width: 10px) 100vw, 10px\" \/> Lukas Sch\u00f6nm\u00fcller, Experte: Michi Hofmann<\/p>\n\n\n\n<p><strong><em>RCD Mallorca \u2013 FC Sevilla (19.00 Uhr)<\/em><\/strong><\/p>\n\n\n\n<p><img loading=\"lazy\" decoding=\"async\" width=\"10\" height=\"21\" class=\"wp-image-3656\" style=\"width: 10px;\" src=\"http:\/\/kommentatorenblog.de\/wp-content\/uploads\/2020\/09\/shure-55sh-ii-e1601485394796.jpg\" alt=\"\" srcset=\"https:\/\/kommentatorenblog.de\/wp-content\/uploads\/2020\/09\/shure-55sh-ii-e1601485394796.jpg 415w, https:\/\/kommentatorenblog.de\/wp-content\/uploads\/2020\/09\/shure-55sh-ii-e1601485394796-142x300.jpg 142w\" sizes=\"auto, (max-width: 10px) 100vw, 10px\" \/> Tobi Fischbeck<\/p>\n\n\n\n<p><strong><em>Real Betis \u2013 FC Valencia (20.00 Uhr)<\/em><\/strong><\/p>\n\n\n\n<p><img loading=\"lazy\" decoding=\"async\" width=\"10\" height=\"21\" class=\"wp-image-3656\" style=\"width: 10px;\" src=\"http:\/\/kommentatorenblog.de\/wp-content\/uploads\/2020\/09\/shure-55sh-ii-e1601485394796.jpg\" alt=\"\" srcset=\"https:\/\/kommentatorenblog.de\/wp-content\/uploads\/2020\/09\/shure-55sh-ii-e1601485394796.jpg 415w, https:\/\/kommentatorenblog.de\/wp-content\/uploads\/2020\/09\/shure-55sh-ii-e1601485394796-142x300.jpg 142w\" sizes=\"auto, (max-width: 10px) 100vw, 10px\" \/> Ruben Zimmermann<\/p>\n\n\n\n<p><strong><em>Real Madrid \u2013 CA Osasuna (21.30 Uhr)<\/em><\/strong><\/p>\n\n\n\n<p><img loading=\"lazy\" decoding=\"async\" width=\"10\" height=\"21\" class=\"wp-image-3656\" style=\"width: 10px;\" src=\"http:\/\/kommentatorenblog.de\/wp-content\/uploads\/2020\/09\/shure-55sh-ii-e1601485394796.jpg\" alt=\"\" srcset=\"https:\/\/kommentatorenblog.de\/wp-content\/uploads\/2020\/09\/shure-55sh-ii-e1601485394796.jpg 415w, https:\/\/kommentatorenblog.de\/wp-content\/uploads\/2020\/09\/shure-55sh-ii-e1601485394796-142x300.jpg 142w\" sizes=\"auto, (max-width: 10px) 100vw, 10px\" \/> Marco Hagemann, Experte: Sebastian Knei\u00dfl<\/p>\n\n\n\n<p><span style=\"text-decoration: underline;\">Donnerstag, 28. Oktober 2021<\/span><\/p>\n\n\n\n<p><strong><em>UD Levante \u2013 Atl\u00e9tico Madrid (21.30 Uhr)<\/em><\/strong><\/p>\n\n\n\n<p><img loading=\"lazy\" decoding=\"async\" width=\"10\" height=\"21\" class=\"wp-image-3656\" style=\"width: 10px;\" src=\"http:\/\/kommentatorenblog.de\/wp-content\/uploads\/2020\/09\/shure-55sh-ii-e1601485394796.jpg\" alt=\"\" srcset=\"https:\/\/kommentatorenblog.de\/wp-content\/uploads\/2020\/09\/shure-55sh-ii-e1601485394796.jpg 415w, https:\/\/kommentatorenblog.de\/wp-content\/uploads\/2020\/09\/shure-55sh-ii-e1601485394796-142x300.jpg 142w\" sizes=\"auto, (max-width: 10px) 100vw, 10px\" \/> Julian Engelhard<\/p>\n\n\n\n<hr class=\"wp-block-separator\"\/>\n\n\n\n<p><strong>Serie A, 10. Spieltag<\/strong><\/p>\n\n\n\n<p><span style=\"text-decoration: underline;\">Dienstag, 26. Oktober 2021<\/span><\/p>\n\n\n\n<p><strong><em>AC Mailand <meta charset=\"utf-8\">\u2013 FC Turin (20.45 Uhr)<\/em><\/strong><\/p>\n\n\n\n<p><meta charset=\"utf-8\"><img loading=\"lazy\" decoding=\"async\" width=\"10\" height=\"21\" class=\"wp-image-3656\" style=\"width: 10px;\" src=\"http:\/\/kommentatorenblog.de\/wp-content\/uploads\/2020\/09\/shure-55sh-ii-e1601485394796.jpg\" alt=\"\" srcset=\"https:\/\/kommentatorenblog.de\/wp-content\/uploads\/2020\/09\/shure-55sh-ii-e1601485394796.jpg 415w, https:\/\/kommentatorenblog.de\/wp-content\/uploads\/2020\/09\/shure-55sh-ii-e1601485394796-142x300.jpg 142w\" sizes=\"auto, (max-width: 10px) 100vw, 10px\" \/> Mario Rieker<\/p>\n\n\n\n<p><span style=\"text-decoration: underline;\">Mittwoch, 27. Oktober 2021<\/span><\/p>\n\n\n\n<p><strong><em>Juventus Turin \u2013 US Sassuolo (18.30 Uhr)<\/em><\/strong><\/p>\n\n\n\n<p><img loading=\"lazy\" decoding=\"async\" width=\"10\" height=\"21\" class=\"wp-image-3656\" style=\"width: 10px;\" src=\"http:\/\/kommentatorenblog.de\/wp-content\/uploads\/2020\/09\/shure-55sh-ii-e1601485394796.jpg\" alt=\"\" srcset=\"https:\/\/kommentatorenblog.de\/wp-content\/uploads\/2020\/09\/shure-55sh-ii-e1601485394796.jpg 415w, https:\/\/kommentatorenblog.de\/wp-content\/uploads\/2020\/09\/shure-55sh-ii-e1601485394796-142x300.jpg 142w\" sizes=\"auto, (max-width: 10px) 100vw, 10px\" \/> Carsten Fu\u00df, Experte: Christian Bernhard<\/p>\n\n\n\n<p><strong><em>FC Empoli \u2013 Inter Mailand (20.45 Uhr)<\/em><\/strong><\/p>\n\n\n\n<p><img loading=\"lazy\" decoding=\"async\" width=\"10\" height=\"21\" class=\"wp-image-3656\" style=\"width: 10px;\" src=\"http:\/\/kommentatorenblog.de\/wp-content\/uploads\/2020\/09\/shure-55sh-ii-e1601485394796.jpg\" alt=\"\" srcset=\"https:\/\/kommentatorenblog.de\/wp-content\/uploads\/2020\/09\/shure-55sh-ii-e1601485394796.jpg 415w, https:\/\/kommentatorenblog.de\/wp-content\/uploads\/2020\/09\/shure-55sh-ii-e1601485394796-142x300.jpg 142w\" sizes=\"auto, (max-width: 10px) 100vw, 10px\" \/> Claus M\u00fcller<\/p>\n\n\n\n<hr class=\"wp-block-separator\"\/>\n\n\n\n<p><strong>Ligue 1, Nachholspiel<\/strong><\/p>\n\n\n\n<p>3. Spieltag: <strong><em>OGC Nizza <meta charset=\"utf-8\">\u2013 Olympique Marseille (21.00 Uhr)<\/em><\/strong><\/p>\n\n\n\n<p><meta charset=\"utf-8\"><img loading=\"lazy\" decoding=\"async\" width=\"10\" height=\"21\" class=\"wp-image-3656\" style=\"width: 10px;\" src=\"http:\/\/kommentatorenblog.de\/wp-content\/uploads\/2020\/09\/shure-55sh-ii-e1601485394796.jpg\" alt=\"\" srcset=\"https:\/\/kommentatorenblog.de\/wp-content\/uploads\/2020\/09\/shure-55sh-ii-e1601485394796.jpg 415w, https:\/\/kommentatorenblog.de\/wp-content\/uploads\/2020\/09\/shure-55sh-ii-e1601485394796-142x300.jpg 142w\" sizes=\"auto, (max-width: 10px) 100vw, 10px\" \/> Chris Putz, Experte: Alexis Menuge<\/p>\n\n\n\n<hr class=\"wp-block-separator\"\/>\n\n\n\n<p><strong>Die Analyse<\/strong><\/p>\n\n\n\n<p><strong>Viele Kommentatoren melden sich aus M\u00fcnchen<\/strong><\/p>\n\n\n\n<p>Wie schon in der 1. Runde des DFB-Pokals sitzen einige Sky-Kommentatoren in M\u00fcnchen und werden die Spiele aus der Box kommentieren. Insbesondere beim Duell der Erstligisten Mainz und Bielefeld sowie Bochum und Augsburg ist das nat\u00fcrlich sehr bedauerlich. Doch alles peu \u00e0 peu. F\u00fcrs Aufeinandertreffen der Traditionsklubs 1860 M\u00fcnchen und Schalke 04 reist Toni Tomic an die Gr\u00fcnwalder Stra\u00dfe. Frank Buschmann kommentiert die Partie in der Konferenz.<\/p>\n\n\n\n<p><strong>Wolff Fuss bekommt Babelsberg in der Konferenz<\/strong><\/p>\n\n\n\n<p>Zur selben Zeit versucht der SV Babelsberg sein Gl\u00fcck gegen RB Leipzig. Eine Sache f\u00fcr Oliver Seidler. Aber auch Wolff Fuss darf etwas \u00fcberraschend in der Konferenz ran. Hertha gastiert zudem bei Preu\u00dfen M\u00fcnster, Hansi K\u00fcpper (Einzelspiel) und Markus Gaupp (Konferenz) beobachten den Kick aus M\u00fcnchen. Gleiches gilt f\u00fcr Jogi Hebel, der sich Hoffenheim gegen Kiel anschauen darf. Konferenz-Kommentator ist Klaus Veltman.<\/p>\n\n\n\n<p><strong>Kai Dittmann in Dortmund<\/strong><\/p>\n\n\n\n<p>Das Spiel von Borussia Dortmund gegen Ingolstadt stellt insofern eine Ausnahme dar, als dass es seine ganz eigene Ansto\u00dfzeit besitzt. Trotzdem taucht es in der Konferenz auf, Schmiso k\u00fcmmert sich. Kai Dittmann wird zum Einzelspiel gebeten, den Besuch im Signal-Iduna-Park l\u00e4sst er sich nat\u00fcrlich nicht nehmen. Parallel l\u00e4uft das Spiel aber auch im Free-TV auf Sport1. Markus H\u00f6hner ist mit von der Partie.<\/p>\n\n\n\n<p><strong>Stefan Hempel reist nach N\u00fcrnberg<\/strong><\/p>\n\n\n\n<p>Am sp\u00e4ten Dienstagabend warten zwei Partien, die aufgrund ihrer nat\u00fcrlichen Bedingungen schon Spannung versprechen, da es sich jeweils um Teams mit der selben Ligazugeh\u00f6rigkeit handelt. Mainz trifft auf Bielefeld. Ich hatte es angesprochen, der Kommentar von Markus G\u00f6tz kommt leider nur aus der Box. Auf einen Live-Kommentator aus dem Stadion d\u00fcrfen sich dagegen die Clubberer und HSV-Fans freuen. Stefan Hempel reist, genau wie Field-Reporterin Nele Schenker,&nbsp; ins Max-Morlock-Stadion. Dem Aufgalopp des SC Freiburg beim VfL Osnabr\u00fcck widmet sich Hannes Herrmann aus M\u00fcnchen. Die \u00fcbrigen Konferenz-Kommentatoren sind am&nbsp;Dienstag Roland Evers, Jonas Friedrich und Marcel Meinert.<\/p>\n\n\n\n<p><strong>Zweites Bundesliga-Duell am Mittwoch<\/strong><\/p>\n\n\n\n<p>Mittwoch l\u00e4utet dann J\u00fcrgen Schmitz im Rheinland in den Fu\u00dfball-Abend ein. In der Bay-Arena trifft Leverkusen auf den KSC. Zeitgleich versucht Dynamo Dresden sich gegen St. Pauli f\u00fcr das 0:3 in der Liga zu revanchieren. Ob das gelingt, sagt uns Hannes Herrmann, ohne jedoch vor Ort zu sein. Jogi Hebel verarztet die beiden Bundesliga-Kellerkinder VfL Bochum und FC Augsburg. Martin Gro\u00df darf nach Mannheim reisen, wo der SV Waldhof auf Union Berlin trifft.<\/p>\n\n\n\n<p><strong>Auswahl bei nominellem Topspiel<\/strong><\/p>\n\n\n\n<p>Der Kracher dieser 2. Runde ist zugleich gemeinsam mit drei weiteren Begegnungen der Abschluss der DFB-Pokal-Woche. Borussia M\u00f6nchengladbach empf\u00e4ngt den FC Bayern M\u00fcnchen. In der Liga schafften die Fohlen ja sogar ein Remis gegen die aktuell \u00fcberstarken Bayern, wobei sogar durchaus mehr drin war f\u00fcr das Team von Adi H\u00fctter. \u00dcbertragen wird den Klassiker neben Sky auch die ARD. Die Zuschauer k\u00f6nnen also entweder Wolff Fuss oder Tom Bartels lauschen. Oder aber Roland Evers, der die Partie in der Konferenz begleitet.<\/p>\n\n\n\n<p><strong>Lauschangriff-Duo in der fr\u00fchen Konferenz<\/strong><\/p>\n\n\n\n<p>Daneben treffen Hannover und D\u00fcsseldorf aufeinander. Markus Gaupp beobachtet das Spiel aus der Ferne. Auch Jahn Regensburg und Hansa Rostock verabreden sich zum \u201eZweitliga-Duell\u201c. Sven Schr\u00f6ter verzeichnet dabei seinen einzigen Einsatz unter der Woche. Was auf Kai Dittmann wiederum nicht zutrifft. Nach der Dortmund-Partie zieht es den Sky-Routinier nach Stuttgart, wo der VfB den 1.FC K\u00f6ln empf\u00e4ngt. In der fr\u00fchen Konferenz freuen wir uns auf die prominenten Stimmen von Klaus Veltman, Hansi K\u00fcpper, Frank Buschmann und Florian Schmidt-Sommerfeld. Die \u00fcbrigen Konferenz-Kommentatoren am Mittwoch hei\u00dfen Marcel Meinert, Toni Tomic und Markus G\u00f6tz.<\/p>\n\n\n\n<p><strong>DFB-Frauen erneut gegen Israel<\/strong><\/p>\n\n\n\n<p>\u00dcbrigens steht im deutschen Fu\u00dfball nicht nur der DFB-Pokal an. Die deutschen Frauen treffen in der WM-Qualifikation auf Israel. Das Hinspiel entschied das Team von Bundestrainerin Martina Voss-Tecklenburg vor wenigen Tagen mit 1:0 f\u00fcr sich. Wer fr\u00fch einschaltet, darf sich am Dienstag also auf eine Menge Fu\u00dfball freuen. Die Partie beginnt um 16.05 Uhr. F\u00fcr die ARD berichtet Bernd Schmelzer gemeinsam mit Expertin Nia K\u00fcnzer.<\/p>\n\n\n\n<p><strong>Pokal-Woche auch auf der Insel<\/strong><\/p>\n\n\n\n<p>W\u00e4hrend es im DFB-Pokal darum geht, die Achtelfinal-Teilnehmer zu ermitteln, haben die Vertreter im englischen League Cup diese Runde bereits erklommen. DAZN hat den sogenannten Carabao-Cup wie immer im Programm. Uli Hebel k\u00fcmmert sich gleich um zwei Partien, n\u00e4mlich Chelsea gegen Southampton und West Ham gegen Man City.<\/p>\n\n\n\n<p>In Italien und Spanien wird in dieser Woche sogar regul\u00e4r gespielt. Die Ligue 1 hat zudem ein Nachholspiel im Angebot.<\/p>\n\n\n\n<p>In diesem Sinne, euch eine sch\u00f6ne Pokal-Woche. Macht das Beste draus!<\/p>\n","protected":false},"excerpt":{"rendered":"<p>N\u2019Abend allerseits, der kalendarische Winterbeginn steht noch bevor. Doch der Ski-Weltcup ist am vergangenen Samstag mit dem Riesenslalom der Frauen bereits gestartet. Kurz zuvor haben Eurosport und ARD mitgeteilt, in den n\u00e4chsten Jahren weiterhin das Ma\u00df aller Dinge in Sachen Wintersport zu sein. Allen voran nat\u00fcrlich die Discovery-Tochter, die bis einschlie\u00dflich 2025\/26 unter anderem alle [&hellip;]<\/p>\n","protected":false},"author":2,"featured_media":0,"comment_status":"open","ping_status":"open","sticky":false,"template":"","format":"standard","meta":{"footnotes":""},"categories":[504],"tags":[19,582,62,13,65,89,61,104,25,103,69,86,93,53,122,158,70,121,126,67,95,369,637,113,45,127,22,66,28,273,24,105,638,107],"class_list":["post-10933","post","type-post","status-publish","format-standard","hentry","category-dfb-pokal-co","tag-ard","tag-bernd-schmelzer","tag-carabao-cup","tag-dazn","tag-dfb-pokal","tag-florian-schmidt-sommerfeld","tag-frank-buschmann","tag-hannes-herrmann","tag-hansi-kuepper","tag-jogi-hebel","tag-jonas-friedrich","tag-juergen-schmitz","tag-kai-dittmann","tag-klaus-veltmann","tag-laliga","tag-ligue-1","tag-marcel-meinert","tag-markus-gaupp","tag-markus-goetz","tag-markus-hoehner","tag-martin-gross","tag-nele-schenker","tag-nia-kuenzer","tag-oliver-seidler","tag-roland-evers","tag-serie-a","tag-sky","tag-sport1","tag-stefan-hempel","tag-tom-bartels","tag-toni-tomic","tag-uli-hebel","tag-wm-qualifikation-frauen","tag-wolff-fuss"],"_links":{"self":[{"href":"https:\/\/kommentatorenblog.de\/index.php?rest_route=\/wp\/v2\/posts\/10933","targetHints":{"allow":["GET"]}}],"collection":[{"href":"https:\/\/kommentatorenblog.de\/index.php?rest_route=\/wp\/v2\/posts"}],"about":[{"href":"https:\/\/kommentatorenblog.de\/index.php?rest_route=\/wp\/v2\/types\/post"}],"author":[{"embeddable":true,"href":"https:\/\/kommentatorenblog.de\/index.php?rest_route=\/wp\/v2\/users\/2"}],"replies":[{"embeddable":true,"href":"https:\/\/kommentatorenblog.de\/index.php?rest_route=%2Fwp%2Fv2%2Fcomments&post=10933"}],"version-history":[{"count":16,"href":"https:\/\/kommentatorenblog.de\/index.php?rest_route=\/wp\/v2\/posts\/10933\/revisions"}],"predecessor-version":[{"id":10974,"href":"https:\/\/kommentatorenblog.de\/index.php?rest_route=\/wp\/v2\/posts\/10933\/revisions\/10974"}],"wp:attachment":[{"href":"https:\/\/kommentatorenblog.de\/index.php?rest_route=%2Fwp%2Fv2%2Fmedia&parent=10933"}],"wp:term":[{"taxonomy":"category","embeddable":true,"href":"https:\/\/kommentatorenblog.de\/index.php?rest_route=%2Fwp%2Fv2%2Fcategories&post=10933"},{"taxonomy":"post_tag","embeddable":true,"href":"https:\/\/kommentatorenblog.de\/index.php?rest_route=%2Fwp%2Fv2%2Ftags&post=10933"}],"curies":[{"name":"wp","href":"https:\/\/api.w.org\/{rel}","templated":true}]}}