{"id":10978,"date":"2021-11-01T23:04:58","date_gmt":"2021-11-01T21:04:58","guid":{"rendered":"http:\/\/kommentatorenblog.de\/?p=10978"},"modified":"2021-11-03T22:46:10","modified_gmt":"2021-11-03T20:46:10","slug":"1108","status":"publish","type":"post","link":"https:\/\/kommentatorenblog.de\/?p=10978","title":{"rendered":"1208 &#8211; Feiertag"},"content":{"rendered":"\n<p>N&#8217;Abend allerseits,<\/p>\n\n\n\n<p>Feiertag in f\u00fcnf von 16 Bundesl\u00e4ndern, ich habe das Gl\u00fcck, in einem dieser Bundesl\u00e4nder zu leben. &#8222;Leider&#8220; ist allerdings auch in NRW Feiertag, was bedeutet, dass uns noch sehr viele Infos zur Europa League und Conference League fehlen. Nichtsdestotrotz will ich euch heute Abend noch die Ansetzungen zur Champions League liefern (und die dazugeh\u00f6rige Analyse). <\/p>\n\n\n\n<p>Update: Nun (Dienstag 12Uhr) sind dann die Europa League, die Conference League, die \u00f6sterreichischen Ansetzungen auch da. <\/p>\n\n\n\n<hr class=\"wp-block-separator\"\/>\n\n\n\n<p class=\"has-normal-font-size\"><strong><em>Die Ansetzungen vom 02. November bis zum 05. November 2021<\/em><\/strong><\/p>\n\n\n\n<p class=\"has-normal-font-size\"><strong>Champions League Gruppenphase, 04. Spieltag<\/strong><\/p>\n\n\n\n<p><span style=\"text-decoration: underline;\">Dienstag, 02. November 2021, ab 18.15 Uhr (DAZN)<\/span><\/p>\n\n\n\n<p><em><strong>VfL Wolfsburg \u2013 FC Salzburg (18.45 Uhr)<\/strong><\/em><\/p>\n\n\n\n<p class=\"has-normal-font-size\"><img loading=\"lazy\" decoding=\"async\" width=\"10\" height=\"21\" class=\"wp-image-3656\" style=\"width: 10px;\" src=\"http:\/\/kommentatorenblog.de\/wp-content\/uploads\/2020\/09\/shure-55sh-ii-e1601485394796.jpg\" alt=\"\" srcset=\"https:\/\/kommentatorenblog.de\/wp-content\/uploads\/2020\/09\/shure-55sh-ii-e1601485394796.jpg 415w, https:\/\/kommentatorenblog.de\/wp-content\/uploads\/2020\/09\/shure-55sh-ii-e1601485394796-142x300.jpg 142w\" sizes=\"auto, (max-width: 10px) 100vw, 10px\" \/> Lukas Sch\u00f6nm\u00fcller, Experte: Benny Lauth (Einzelspiel), Max Gross (Konferenz)<\/p>\n\n\n\n<p>Moderation: Tobi Wahnschaffe, Field-Reporterin: Ann-Sophie Kimmel<\/p>\n\n\n\n<p>Field-Reporter (PrimeVideo): Jan Krebs<\/p>\n\n\n\n<p><span style=\"text-decoration: underline;\">ab 18.30 Uhr (DAZN)<\/span><\/p>\n\n\n\n<p><strong><em>Malm\u00f6 FF \u2013 FC Chelsea (18.45 Uhr)<\/em><\/strong><\/p>\n\n\n\n<p class=\"has-normal-font-size\"><img loading=\"lazy\" decoding=\"async\" width=\"10\" height=\"21\" class=\"wp-image-3656\" style=\"width: 10px;\" src=\"http:\/\/kommentatorenblog.de\/wp-content\/uploads\/2020\/09\/shure-55sh-ii-e1601485394796.jpg\" alt=\"\" srcset=\"https:\/\/kommentatorenblog.de\/wp-content\/uploads\/2020\/09\/shure-55sh-ii-e1601485394796.jpg 415w, https:\/\/kommentatorenblog.de\/wp-content\/uploads\/2020\/09\/shure-55sh-ii-e1601485394796-142x300.jpg 142w\" sizes=\"auto, (max-width: 10px) 100vw, 10px\" \/> Benni Zander (Einzelspiel), Nico Seepe (Konferenz)<\/p>\n\n\n\n<p class=\"has-normal-font-size\"><span style=\"text-decoration: underline;\">ab 19.30 Uhr <strong>(PrimeVideo &#8211; exklusives Einzelspiel)<\/strong><\/span><\/p>\n\n\n\n<p><strong><em>FC Bayern M\u00fcnchen \u2013 Benfica Lissabon (21.00 Uhr)<\/em><\/strong><\/p>\n\n\n\n<p class=\"has-normal-font-size\"><img loading=\"lazy\" decoding=\"async\" width=\"10\" height=\"21\" class=\"wp-image-3656\" style=\"width: 10px;\" src=\"http:\/\/kommentatorenblog.de\/wp-content\/uploads\/2020\/09\/shure-55sh-ii-e1601485394796.jpg\" alt=\"\" srcset=\"https:\/\/kommentatorenblog.de\/wp-content\/uploads\/2020\/09\/shure-55sh-ii-e1601485394796.jpg 415w, https:\/\/kommentatorenblog.de\/wp-content\/uploads\/2020\/09\/shure-55sh-ii-e1601485394796-142x300.jpg 142w\" sizes=\"auto, (max-width: 10px) 100vw, 10px\" \/> Jonas Friedrich, Experte: Benedikt H\u00f6wedes<\/p>\n\n\n\n<p>Field-Reporter: Annika Zimmermann und Sebastian Benesch<\/p>\n\n\n\n<p>Moderation (Stadion): Sebastian Hellmann, Experten: Matthias Sammer, Mario Gomez und Tabea Kemme, Schiedsrichter-Experte: Wolfgang Stark<\/p>\n\n\n\n<p>Moderation (Studio): Shary Reeves, Experte: Bruno Labbadia und Patrick Owomoyela<\/p>\n\n\n\n<p><span style=\"text-decoration: underline;\">ab 20.45Uhr (DAZN)<\/span> <\/p>\n\n\n\n<p><strong><em>Atalanta Bergamo \u2013 Manchester United (21.00 Uhr)<\/em><\/strong><\/p>\n\n\n\n<p class=\"has-normal-font-size\"><img loading=\"lazy\" decoding=\"async\" width=\"10\" height=\"21\" class=\"wp-image-3656\" style=\"width: 10px;\" src=\"http:\/\/kommentatorenblog.de\/wp-content\/uploads\/2020\/09\/shure-55sh-ii-e1601485394796.jpg\" alt=\"\" srcset=\"https:\/\/kommentatorenblog.de\/wp-content\/uploads\/2020\/09\/shure-55sh-ii-e1601485394796.jpg 415w, https:\/\/kommentatorenblog.de\/wp-content\/uploads\/2020\/09\/shure-55sh-ii-e1601485394796-142x300.jpg 142w\" sizes=\"auto, (max-width: 10px) 100vw, 10px\" \/> Carsten Fu\u00df, Experte: Sebastian Knei\u00dfl (Einzelspiel), Marco Hagemann (Konferenz)<\/p>\n\n\n\n<p><strong><em>Dynamo Kiew \u2013 FC Barcelona (21.00 Uhr)<\/em><\/strong><\/p>\n\n\n\n<p class=\"has-normal-font-size\"><img loading=\"lazy\" decoding=\"async\" width=\"10\" height=\"21\" class=\"wp-image-3656\" style=\"width: 10px;\" src=\"http:\/\/kommentatorenblog.de\/wp-content\/uploads\/2020\/09\/shure-55sh-ii-e1601485394796.jpg\" alt=\"\" srcset=\"https:\/\/kommentatorenblog.de\/wp-content\/uploads\/2020\/09\/shure-55sh-ii-e1601485394796.jpg 415w, https:\/\/kommentatorenblog.de\/wp-content\/uploads\/2020\/09\/shure-55sh-ii-e1601485394796-142x300.jpg 142w\" sizes=\"auto, (max-width: 10px) 100vw, 10px\" \/> Daniel G\u00fcnther (Einzelspiel), Holger Pfandt (Konferenz)<\/p>\n\n\n\n<p><strong><em>FC Villarreal \u2013 Young Boys Bern (21.00 Uhr)<\/em><\/strong><\/p>\n\n\n\n<p class=\"has-normal-font-size\"><img loading=\"lazy\" decoding=\"async\" width=\"10\" height=\"21\" class=\"wp-image-3656\" style=\"width: 10px;\" src=\"http:\/\/kommentatorenblog.de\/wp-content\/uploads\/2020\/09\/shure-55sh-ii-e1601485394796.jpg\" alt=\"\" srcset=\"https:\/\/kommentatorenblog.de\/wp-content\/uploads\/2020\/09\/shure-55sh-ii-e1601485394796.jpg 415w, https:\/\/kommentatorenblog.de\/wp-content\/uploads\/2020\/09\/shure-55sh-ii-e1601485394796-142x300.jpg 142w\" sizes=\"auto, (max-width: 10px) 100vw, 10px\" \/> Matthias Naebers (Einzelspiel), Tom Kirsten (Konferenz)<\/p>\n\n\n\n<p><strong><em>FC Sevilla \u2013 OSC Lille (21.00 Uhr)<\/em><\/strong><\/p>\n\n\n\n<p class=\"has-normal-font-size\"><img loading=\"lazy\" decoding=\"async\" width=\"10\" height=\"21\" class=\"wp-image-3656\" style=\"width: 10px;\" src=\"http:\/\/kommentatorenblog.de\/wp-content\/uploads\/2020\/09\/shure-55sh-ii-e1601485394796.jpg\" alt=\"\" srcset=\"https:\/\/kommentatorenblog.de\/wp-content\/uploads\/2020\/09\/shure-55sh-ii-e1601485394796.jpg 415w, https:\/\/kommentatorenblog.de\/wp-content\/uploads\/2020\/09\/shure-55sh-ii-e1601485394796-142x300.jpg 142w\" sizes=\"auto, (max-width: 10px) 100vw, 10px\" \/> Stefan Galler (Einzelspiel), Oliver Forster (Konferenz)<\/p>\n\n\n\n<p><strong><em>Juventus Turin \u2013 Zenit St.Petersburg (21.00 Uhr)<\/em><\/strong><\/p>\n\n\n\n<p class=\"has-normal-font-size\"><img loading=\"lazy\" decoding=\"async\" width=\"10\" height=\"21\" class=\"wp-image-3656\" style=\"width: 10px;\" src=\"http:\/\/kommentatorenblog.de\/wp-content\/uploads\/2020\/09\/shure-55sh-ii-e1601485394796.jpg\" alt=\"\" srcset=\"https:\/\/kommentatorenblog.de\/wp-content\/uploads\/2020\/09\/shure-55sh-ii-e1601485394796.jpg 415w, https:\/\/kommentatorenblog.de\/wp-content\/uploads\/2020\/09\/shure-55sh-ii-e1601485394796-142x300.jpg 142w\" sizes=\"auto, (max-width: 10px) 100vw, 10px\" \/> Marcel Seufert (Einzelspiel), Michael Born (Konferenz)<\/p>\n\n\n\n<p>Moderation (DAZN): Jan L\u00fcdecke <\/p>\n\n\n\n<p><span style=\"text-decoration: underline;\">Mittwoch, 03. November 2021, ab 18.30 Uhr (DAZN)<\/span><\/p>\n\n\n\n<p><em><strong>Real Madrid \u2013 Schakhtar Donetsk (18.45 Uhr)<\/strong><\/em><\/p>\n\n\n\n<p class=\"has-normal-font-size\"><img loading=\"lazy\" decoding=\"async\" width=\"10\" height=\"21\" class=\"wp-image-3656\" style=\"width: 10px;\" src=\"http:\/\/kommentatorenblog.de\/wp-content\/uploads\/2020\/09\/shure-55sh-ii-e1601485394796.jpg\" alt=\"\" srcset=\"https:\/\/kommentatorenblog.de\/wp-content\/uploads\/2020\/09\/shure-55sh-ii-e1601485394796.jpg 415w, https:\/\/kommentatorenblog.de\/wp-content\/uploads\/2020\/09\/shure-55sh-ii-e1601485394796-142x300.jpg 142w\" sizes=\"auto, (max-width: 10px) 100vw, 10px\" \/> Daniel G\u00fcnther (Einzelspiel), Uwe Morawe (Konferenz)<\/p>\n\n\n\n<p><strong><em>AC Mailand \u2013 FC Porto (18.45 Uhr)<\/em><\/strong><\/p>\n\n\n\n<p class=\"has-normal-font-size\"><img loading=\"lazy\" decoding=\"async\" width=\"10\" height=\"21\" class=\"wp-image-3656\" style=\"width: 10px;\" src=\"http:\/\/kommentatorenblog.de\/wp-content\/uploads\/2020\/09\/shure-55sh-ii-e1601485394796.jpg\" alt=\"\" srcset=\"https:\/\/kommentatorenblog.de\/wp-content\/uploads\/2020\/09\/shure-55sh-ii-e1601485394796.jpg 415w, https:\/\/kommentatorenblog.de\/wp-content\/uploads\/2020\/09\/shure-55sh-ii-e1601485394796-142x300.jpg 142w\" sizes=\"auto, (max-width: 10px) 100vw, 10px\" \/> Flo Hauser (Einzelspiel), Mario Rieker (Konferenz)<\/p>\n\n\n\n<p><span style=\"text-decoration: underline;\">ab 20.30Uhr (DAZN)<\/span> <\/p>\n\n\n\n<p><strong><em><em><strong>RB Leipzig \u2013 Paris Saint-Germain<\/strong><\/em> (21.00 Uhr)<\/em><\/strong><\/p>\n\n\n\n<p class=\"has-normal-font-size\"><img loading=\"lazy\" decoding=\"async\" width=\"10\" height=\"21\" class=\"wp-image-3656\" style=\"width: 10px;\" src=\"http:\/\/kommentatorenblog.de\/wp-content\/uploads\/2020\/09\/shure-55sh-ii-e1601485394796.jpg\" alt=\"\" srcset=\"https:\/\/kommentatorenblog.de\/wp-content\/uploads\/2020\/09\/shure-55sh-ii-e1601485394796.jpg 415w, https:\/\/kommentatorenblog.de\/wp-content\/uploads\/2020\/09\/shure-55sh-ii-e1601485394796-142x300.jpg 142w\" sizes=\"auto, (max-width: 10px) 100vw, 10px\" \/> Uli Hebel, Experte: Ralf Rangnick (Einzelspiel aus dem Stadion), Michael Born (Konferenz)<\/p>\n\n\n\n<p>Moderation: Alex Schl\u00fcter, Field-Reporter: Daniel Herzog<\/p>\n\n\n\n<p><strong><em><em><strong>Borussia Dortmund \u2013 Ajax Amsterdam<\/strong><\/em> (21.00 Uhr)<\/em><\/strong><\/p>\n\n\n\n<p class=\"has-normal-font-size\"><img loading=\"lazy\" decoding=\"async\" width=\"10\" height=\"21\" class=\"wp-image-3656\" style=\"width: 10px;\" src=\"http:\/\/kommentatorenblog.de\/wp-content\/uploads\/2020\/09\/shure-55sh-ii-e1601485394796.jpg\" alt=\"\" srcset=\"https:\/\/kommentatorenblog.de\/wp-content\/uploads\/2020\/09\/shure-55sh-ii-e1601485394796.jpg 415w, https:\/\/kommentatorenblog.de\/wp-content\/uploads\/2020\/09\/shure-55sh-ii-e1601485394796-142x300.jpg 142w\" sizes=\"auto, (max-width: 10px) 100vw, 10px\" \/> Marco Hagemann, Experte: Sandro Wagner (Einzelspiel aus dem Stadion), Lukas Sch\u00f6nm\u00fcller (Konferenz)<\/p>\n\n\n\n<p>Moderation: Laura Wontorra, Field-Reporter: Max Siebald<\/p>\n\n\n\n<p><span style=\"text-decoration: underline;\">ab 20.45 Uhr (DAZN)<\/span><\/p>\n\n\n\n<p><strong><em>FC Liverpool \u2013 Atletico Madrid (21.00 Uhr)<\/em><\/strong><\/p>\n\n\n\n<p class=\"has-normal-font-size\"><img loading=\"lazy\" decoding=\"async\" width=\"10\" height=\"21\" class=\"wp-image-3656\" style=\"width: 10px;\" src=\"http:\/\/kommentatorenblog.de\/wp-content\/uploads\/2020\/09\/shure-55sh-ii-e1601485394796.jpg\" alt=\"\" srcset=\"https:\/\/kommentatorenblog.de\/wp-content\/uploads\/2020\/09\/shure-55sh-ii-e1601485394796.jpg 415w, https:\/\/kommentatorenblog.de\/wp-content\/uploads\/2020\/09\/shure-55sh-ii-e1601485394796-142x300.jpg 142w\" sizes=\"auto, (max-width: 10px) 100vw, 10px\" \/> Joachim Hebel, Experte: Ralph Gunesch (Einzelspiel), Freddy Harder (Konferenz)<\/p>\n\n\n\n<p><strong>Manchester City<em> \u2013 Club Br\u00fcgge (21.00 Uhr)<\/em><\/strong><\/p>\n\n\n\n<p class=\"has-normal-font-size\"><img loading=\"lazy\" decoding=\"async\" width=\"10\" height=\"21\" class=\"wp-image-3656\" style=\"width: 10px;\" src=\"http:\/\/kommentatorenblog.de\/wp-content\/uploads\/2020\/09\/shure-55sh-ii-e1601485394796.jpg\" alt=\"\" srcset=\"https:\/\/kommentatorenblog.de\/wp-content\/uploads\/2020\/09\/shure-55sh-ii-e1601485394796.jpg 415w, https:\/\/kommentatorenblog.de\/wp-content\/uploads\/2020\/09\/shure-55sh-ii-e1601485394796-142x300.jpg 142w\" sizes=\"auto, (max-width: 10px) 100vw, 10px\" \/> Benni Zander (Einzelspiel), Holger Pfandt (Konferenz)<\/p>\n\n\n\n<p><strong><em>Sheriff Tiraspol \u2013 Inter Mailand (21.00 Uhr)<\/em><\/strong><\/p>\n\n\n\n<p class=\"has-normal-font-size\"><img loading=\"lazy\" decoding=\"async\" width=\"10\" height=\"21\" class=\"wp-image-3656\" style=\"width: 10px;\" src=\"http:\/\/kommentatorenblog.de\/wp-content\/uploads\/2020\/09\/shure-55sh-ii-e1601485394796.jpg\" alt=\"\" srcset=\"https:\/\/kommentatorenblog.de\/wp-content\/uploads\/2020\/09\/shure-55sh-ii-e1601485394796.jpg 415w, https:\/\/kommentatorenblog.de\/wp-content\/uploads\/2020\/09\/shure-55sh-ii-e1601485394796-142x300.jpg 142w\" sizes=\"auto, (max-width: 10px) 100vw, 10px\" \/> Ruben Zimmermann (Einzelspiel), Carsten Fu\u00df (Konferenz)<\/p>\n\n\n\n<p><strong><em>Sporting Lissabon \u2013 Besiktas Istanbul (21.00 Uhr)<\/em><\/strong><\/p>\n\n\n\n<p class=\"has-normal-font-size\"><img loading=\"lazy\" decoding=\"async\" width=\"10\" height=\"21\" class=\"wp-image-3656\" style=\"width: 10px;\" src=\"http:\/\/kommentatorenblog.de\/wp-content\/uploads\/2020\/09\/shure-55sh-ii-e1601485394796.jpg\" alt=\"\" srcset=\"https:\/\/kommentatorenblog.de\/wp-content\/uploads\/2020\/09\/shure-55sh-ii-e1601485394796.jpg 415w, https:\/\/kommentatorenblog.de\/wp-content\/uploads\/2020\/09\/shure-55sh-ii-e1601485394796-142x300.jpg 142w\" sizes=\"auto, (max-width: 10px) 100vw, 10px\" \/> Christoph Stadtler (Einzelspiel), Guido H\u00fcsgen (Konferenz)<\/p>\n\n\n\n<p>Moderation: Tobi Wahnschaffe<\/p>\n\n\n\n<hr class=\"wp-block-separator\"\/>\n\n\n\n<p><strong>Europa League\/Europa Conference League Gruppenphase, 04. Spieltag (RTL)<\/strong><\/p>\n\n\n\n<p><span style=\"text-decoration: underline;\">Donnerstag, 04. November 2021, ab 17.30 Uhr (RTL+)<\/span><\/p>\n\n\n\n<p><strong><em>Die Konferenz <\/em><\/strong><img loading=\"lazy\" decoding=\"async\" width=\"10\" height=\"21\" class=\"wp-image-3656\" style=\"width: 10px;\" src=\"http:\/\/kommentatorenblog.de\/wp-content\/uploads\/2020\/09\/shure-55sh-ii-e1601485394796.jpg\" alt=\"\" srcset=\"https:\/\/kommentatorenblog.de\/wp-content\/uploads\/2020\/09\/shure-55sh-ii-e1601485394796.jpg 415w, https:\/\/kommentatorenblog.de\/wp-content\/uploads\/2020\/09\/shure-55sh-ii-e1601485394796-142x300.jpg 142w\" sizes=\"auto, (max-width: 10px) 100vw, 10px\" \/> Stefan Fuckert<\/p>\n\n\n\n<p>Moderation (aus der alten F\u00f6rsterei): Anna Kraft, Arnd Zeigler, Robby Hunke und Lukas Podolski<\/p>\n\n\n\n<p><span style=\"text-decoration: underline;\">ab 20.15 Uhr (RTL\/RTL+)<\/span><\/p>\n\n\n\n<p><strong><em><strong><em>Bayer 04 Leverkusen<\/em><\/strong> \u2013  <strong><em>Real Betis Sevilla<\/em><\/strong> (21.00 Uhr)<\/em><\/strong><\/p>\n\n\n\n<p class=\"has-normal-font-size\">RTL: <img loading=\"lazy\" decoding=\"async\" width=\"10\" height=\"21\" class=\"wp-image-3656\" style=\"width: 10px;\" src=\"http:\/\/kommentatorenblog.de\/wp-content\/uploads\/2020\/09\/shure-55sh-ii-e1601485394796.jpg\" alt=\"\" srcset=\"https:\/\/kommentatorenblog.de\/wp-content\/uploads\/2020\/09\/shure-55sh-ii-e1601485394796.jpg 415w, https:\/\/kommentatorenblog.de\/wp-content\/uploads\/2020\/09\/shure-55sh-ii-e1601485394796-142x300.jpg 142w\" sizes=\"auto, (max-width: 10px) 100vw, 10px\" \/> Marco Hagemann, Experte: Steffen Freund, Field-Reporter: Felix G\u00f6rner<\/p>\n\n\n\n<p class=\"has-normal-font-size\">RTL+: <img loading=\"lazy\" decoding=\"async\" width=\"10\" height=\"21\" class=\"wp-image-3656\" style=\"width: 10px;\" src=\"http:\/\/kommentatorenblog.de\/wp-content\/uploads\/2020\/09\/shure-55sh-ii-e1601485394796.jpg\" alt=\"\" srcset=\"https:\/\/kommentatorenblog.de\/wp-content\/uploads\/2020\/09\/shure-55sh-ii-e1601485394796.jpg 415w, https:\/\/kommentatorenblog.de\/wp-content\/uploads\/2020\/09\/shure-55sh-ii-e1601485394796-142x300.jpg 142w\" sizes=\"auto, (max-width: 10px) 100vw, 10px\" \/> Christoph Stadtler<\/p>\n\n\n\n<p>Moderation (RTL): Laura Papendick, Experte: Karl-Heinz Riedle<\/p>\n\n\n\n<p><span style=\"text-decoration: underline;\">ab 18.30 Uhr (RTL+)<\/span><\/p>\n\n\n\n<p><strong><em>Olympiakos Pir\u00e4us \u2013 Eintracht Frankfurt (18.45 Uhr)<\/em><\/strong><\/p>\n\n\n\n<p class=\"has-normal-font-size\"><img loading=\"lazy\" decoding=\"async\" width=\"10\" height=\"21\" class=\"wp-image-3656\" style=\"width: 10px;\" src=\"http:\/\/kommentatorenblog.de\/wp-content\/uploads\/2020\/09\/shure-55sh-ii-e1601485394796.jpg\" alt=\"\" srcset=\"https:\/\/kommentatorenblog.de\/wp-content\/uploads\/2020\/09\/shure-55sh-ii-e1601485394796.jpg 415w, https:\/\/kommentatorenblog.de\/wp-content\/uploads\/2020\/09\/shure-55sh-ii-e1601485394796-142x300.jpg 142w\" sizes=\"auto, (max-width: 10px) 100vw, 10px\" \/> Cornelius K\u00fcpper, Field-Reporter: Thomas Wagner<\/p>\n\n\n\n<p><strong><em>AS Monaco \u2013 PSV Eindhoven (18.45 Uhr)<\/em><\/strong><\/p>\n\n\n\n<p class=\"has-normal-font-size\"><img loading=\"lazy\" decoding=\"async\" width=\"10\" height=\"21\" class=\"wp-image-3656\" style=\"width: 10px;\" src=\"http:\/\/kommentatorenblog.de\/wp-content\/uploads\/2020\/09\/shure-55sh-ii-e1601485394796.jpg\" alt=\"\" srcset=\"https:\/\/kommentatorenblog.de\/wp-content\/uploads\/2020\/09\/shure-55sh-ii-e1601485394796.jpg 415w, https:\/\/kommentatorenblog.de\/wp-content\/uploads\/2020\/09\/shure-55sh-ii-e1601485394796-142x300.jpg 142w\" sizes=\"auto, (max-width: 10px) 100vw, 10px\" \/> Julian Engelhard, Interviews (Remote): Nikolai Liermann<\/p>\n\n\n\n<p><strong><em>Galatasaray Istanbul \u2013 Lokomotive Moskau (18.45 Uhr)<\/em><\/strong><\/p>\n\n\n\n<p class=\"has-normal-font-size\"><img loading=\"lazy\" decoding=\"async\" width=\"10\" height=\"21\" class=\"wp-image-3656\" style=\"width: 10px;\" src=\"http:\/\/kommentatorenblog.de\/wp-content\/uploads\/2020\/09\/shure-55sh-ii-e1601485394796.jpg\" alt=\"\" srcset=\"https:\/\/kommentatorenblog.de\/wp-content\/uploads\/2020\/09\/shure-55sh-ii-e1601485394796.jpg 415w, https:\/\/kommentatorenblog.de\/wp-content\/uploads\/2020\/09\/shure-55sh-ii-e1601485394796-142x300.jpg 142w\" sizes=\"auto, (max-width: 10px) 100vw, 10px\" \/> Christian Stra\u00dfburger<\/p>\n\n\n\n<p> <span style=\"text-decoration: underline;\">ab 20.40 Uhr (RTL+)<\/span> <\/p>\n\n\n\n<p><strong><em>1. FC Union Berlin \u2013 Feyenoord Rotterdam (21.00 Uhr)<\/em><\/strong><\/p>\n\n\n\n<p class=\"has-normal-font-size\"><img loading=\"lazy\" decoding=\"async\" width=\"10\" height=\"21\" class=\"wp-image-3656\" style=\"width: 10px;\" src=\"http:\/\/kommentatorenblog.de\/wp-content\/uploads\/2020\/09\/shure-55sh-ii-e1601485394796.jpg\" alt=\"\" srcset=\"https:\/\/kommentatorenblog.de\/wp-content\/uploads\/2020\/09\/shure-55sh-ii-e1601485394796.jpg 415w, https:\/\/kommentatorenblog.de\/wp-content\/uploads\/2020\/09\/shure-55sh-ii-e1601485394796-142x300.jpg 142w\" sizes=\"auto, (max-width: 10px) 100vw, 10px\" \/> Michael Born, Field-Reporter: Christoph K\u00fcppers<\/p>\n\n\n\n<p><strong><em>Royal Antwerpen \u2013 Fenerbahce Istanbul (21.00 Uhr)<\/em><\/strong><\/p>\n\n\n\n<p class=\"has-normal-font-size\"><img loading=\"lazy\" decoding=\"async\" width=\"10\" height=\"21\" class=\"wp-image-3656\" style=\"width: 10px;\" src=\"http:\/\/kommentatorenblog.de\/wp-content\/uploads\/2020\/09\/shure-55sh-ii-e1601485394796.jpg\" alt=\"\" srcset=\"https:\/\/kommentatorenblog.de\/wp-content\/uploads\/2020\/09\/shure-55sh-ii-e1601485394796.jpg 415w, https:\/\/kommentatorenblog.de\/wp-content\/uploads\/2020\/09\/shure-55sh-ii-e1601485394796-142x300.jpg 142w\" sizes=\"auto, (max-width: 10px) 100vw, 10px\" \/> Klaus Veltman<\/p>\n\n\n\n<p><strong><em>Olympique Marseille \u2013 Lazio Rom (21.00 Uhr)<\/em><\/strong><\/p>\n\n\n\n<p class=\"has-normal-font-size\"><img loading=\"lazy\" decoding=\"async\" width=\"10\" height=\"21\" class=\"wp-image-3656\" style=\"width: 10px;\" src=\"http:\/\/kommentatorenblog.de\/wp-content\/uploads\/2020\/09\/shure-55sh-ii-e1601485394796.jpg\" alt=\"\" srcset=\"https:\/\/kommentatorenblog.de\/wp-content\/uploads\/2020\/09\/shure-55sh-ii-e1601485394796.jpg 415w, https:\/\/kommentatorenblog.de\/wp-content\/uploads\/2020\/09\/shure-55sh-ii-e1601485394796-142x300.jpg 142w\" sizes=\"auto, (max-width: 10px) 100vw, 10px\" \/> Christina Graf<\/p>\n\n\n\n<p><strong><em>Tottenham Hotspur \u2013 Vitesse Arnheim (21.00 Uhr)<\/em><\/strong><\/p>\n\n\n\n<p class=\"has-normal-font-size\"><img loading=\"lazy\" decoding=\"async\" width=\"10\" height=\"21\" class=\"wp-image-3656\" style=\"width: 10px;\" src=\"http:\/\/kommentatorenblog.de\/wp-content\/uploads\/2020\/09\/shure-55sh-ii-e1601485394796.jpg\" alt=\"\" srcset=\"https:\/\/kommentatorenblog.de\/wp-content\/uploads\/2020\/09\/shure-55sh-ii-e1601485394796.jpg 415w, https:\/\/kommentatorenblog.de\/wp-content\/uploads\/2020\/09\/shure-55sh-ii-e1601485394796-142x300.jpg 142w\" sizes=\"auto, (max-width: 10px) 100vw, 10px\" \/> Philip Konrad<\/p>\n\n\n\n<hr class=\"wp-block-separator\"\/>\n\n\n\n<p class=\"has-normal-font-size\"><strong>Champions League Gruppenphase, 04. Spieltag (\u00d6sterreich)<\/strong><\/p>\n\n\n\n<p><span style=\"text-decoration: underline;\">Dienstag, 02. November 2021, ab 18.00 Uhr (Sky)<\/span><\/p>\n\n\n\n<p><em><strong>VfL Wolfsburg \u2013 FC Salzburg (18.45 Uhr)<\/strong><\/em><\/p>\n\n\n\n<p class=\"has-normal-font-size\"><img loading=\"lazy\" decoding=\"async\" width=\"10\" height=\"21\" class=\"wp-image-3656\" style=\"width: 10px;\" src=\"http:\/\/kommentatorenblog.de\/wp-content\/uploads\/2020\/09\/shure-55sh-ii-e1601485394796.jpg\" alt=\"\" srcset=\"https:\/\/kommentatorenblog.de\/wp-content\/uploads\/2020\/09\/shure-55sh-ii-e1601485394796.jpg 415w, https:\/\/kommentatorenblog.de\/wp-content\/uploads\/2020\/09\/shure-55sh-ii-e1601485394796-142x300.jpg 142w\" sizes=\"auto, (max-width: 10px) 100vw, 10px\" \/> Otto Rosenauer (Einzelspiel), David Eder (Konferenz)<\/p>\n\n\n\n<p>Field-Reporter: Michael Ganh\u00f6r<\/p>\n\n\n\n<p><strong><em>Malm\u00f6 FF \u2013 FC Chelsea (18.45 Uhr<\/em>)<\/strong><\/p>\n\n\n\n<p class=\"has-normal-font-size\"><img loading=\"lazy\" decoding=\"async\" width=\"10\" height=\"21\" class=\"wp-image-3656\" style=\"width: 10px;\" src=\"http:\/\/kommentatorenblog.de\/wp-content\/uploads\/2020\/09\/shure-55sh-ii-e1601485394796.jpg\" alt=\"\" srcset=\"https:\/\/kommentatorenblog.de\/wp-content\/uploads\/2020\/09\/shure-55sh-ii-e1601485394796.jpg 415w, https:\/\/kommentatorenblog.de\/wp-content\/uploads\/2020\/09\/shure-55sh-ii-e1601485394796-142x300.jpg 142w\" sizes=\"auto, (max-width: 10px) 100vw, 10px\" \/> Gerfried Pr\u00f6ll (Konferenz)<\/p>\n\n\n\n<p><span style=\"text-decoration: underline;\">ab 20.50 Uhr (Sky)<\/span> <\/p>\n\n\n\n<p><strong><em>FC Bayern M\u00fcnchen \u2013 Benfica Lissabon (21.00 Uhr)<\/em><\/strong><\/p>\n\n\n\n<p class=\"has-normal-font-size\"><img loading=\"lazy\" decoding=\"async\" width=\"10\" height=\"21\" class=\"wp-image-3656\" style=\"width: 10px;\" src=\"http:\/\/kommentatorenblog.de\/wp-content\/uploads\/2020\/09\/shure-55sh-ii-e1601485394796.jpg\" alt=\"\" srcset=\"https:\/\/kommentatorenblog.de\/wp-content\/uploads\/2020\/09\/shure-55sh-ii-e1601485394796.jpg 415w, https:\/\/kommentatorenblog.de\/wp-content\/uploads\/2020\/09\/shure-55sh-ii-e1601485394796-142x300.jpg 142w\" sizes=\"auto, (max-width: 10px) 100vw, 10px\" \/> Philipp Paternina (Konferenz)<\/p>\n\n\n\n<p><strong><em>Atalanta Bergamo \u2013 Manchester United (21.00 Uhr)<\/em><\/strong><\/p>\n\n\n\n<p class=\"has-normal-font-size\"><img loading=\"lazy\" decoding=\"async\" width=\"10\" height=\"21\" class=\"wp-image-3656\" style=\"width: 10px;\" src=\"http:\/\/kommentatorenblog.de\/wp-content\/uploads\/2020\/09\/shure-55sh-ii-e1601485394796.jpg\" alt=\"\" srcset=\"https:\/\/kommentatorenblog.de\/wp-content\/uploads\/2020\/09\/shure-55sh-ii-e1601485394796.jpg 415w, https:\/\/kommentatorenblog.de\/wp-content\/uploads\/2020\/09\/shure-55sh-ii-e1601485394796-142x300.jpg 142w\" sizes=\"auto, (max-width: 10px) 100vw, 10px\" \/> Kai Dittmann (Konferenz)<\/p>\n\n\n\n<p><strong><em>Dynamo Kiew \u2013 FC Barcelona (21.00 Uhr)<\/em><\/strong><\/p>\n\n\n\n<p class=\"has-normal-font-size\"><img loading=\"lazy\" decoding=\"async\" width=\"10\" height=\"21\" class=\"wp-image-3656\" style=\"width: 10px;\" src=\"http:\/\/kommentatorenblog.de\/wp-content\/uploads\/2020\/09\/shure-55sh-ii-e1601485394796.jpg\" alt=\"\" srcset=\"https:\/\/kommentatorenblog.de\/wp-content\/uploads\/2020\/09\/shure-55sh-ii-e1601485394796.jpg 415w, https:\/\/kommentatorenblog.de\/wp-content\/uploads\/2020\/09\/shure-55sh-ii-e1601485394796-142x300.jpg 142w\" sizes=\"auto, (max-width: 10px) 100vw, 10px\" \/> Charly Leitner (Konferenz)<\/p>\n\n\n\n<p><strong><em>FC Villarreal \u2013 Young Boys Bern (21.00 Uhr)<\/em><\/strong><\/p>\n\n\n\n<p class=\"has-normal-font-size\"><img loading=\"lazy\" decoding=\"async\" width=\"10\" height=\"21\" class=\"wp-image-3656\" style=\"width: 10px;\" src=\"http:\/\/kommentatorenblog.de\/wp-content\/uploads\/2020\/09\/shure-55sh-ii-e1601485394796.jpg\" alt=\"\" srcset=\"https:\/\/kommentatorenblog.de\/wp-content\/uploads\/2020\/09\/shure-55sh-ii-e1601485394796.jpg 415w, https:\/\/kommentatorenblog.de\/wp-content\/uploads\/2020\/09\/shure-55sh-ii-e1601485394796-142x300.jpg 142w\" sizes=\"auto, (max-width: 10px) 100vw, 10px\" \/> Hansi K\u00fcpper (Konferenz)<\/p>\n\n\n\n<p><strong><em>FC Sevilla \u2013 OSC Lille (21.00 Uhr)<\/em><\/strong><\/p>\n\n\n\n<p class=\"has-normal-font-size\"><img loading=\"lazy\" decoding=\"async\" width=\"10\" height=\"21\" class=\"wp-image-3656\" style=\"width: 10px;\" src=\"http:\/\/kommentatorenblog.de\/wp-content\/uploads\/2020\/09\/shure-55sh-ii-e1601485394796.jpg\" alt=\"\" srcset=\"https:\/\/kommentatorenblog.de\/wp-content\/uploads\/2020\/09\/shure-55sh-ii-e1601485394796.jpg 415w, https:\/\/kommentatorenblog.de\/wp-content\/uploads\/2020\/09\/shure-55sh-ii-e1601485394796-142x300.jpg 142w\" sizes=\"auto, (max-width: 10px) 100vw, 10px\" \/> Philipp Lautischer (Konferenz)<\/p>\n\n\n\n<p><strong><em>Juventus Turin \u2013 Zenit St.Petersburg (21.00 Uhr)<\/em><\/strong><\/p>\n\n\n\n<p class=\"has-normal-font-size\"><img loading=\"lazy\" decoding=\"async\" width=\"10\" height=\"21\" class=\"wp-image-3656\" style=\"width: 10px;\" src=\"http:\/\/kommentatorenblog.de\/wp-content\/uploads\/2020\/09\/shure-55sh-ii-e1601485394796.jpg\" alt=\"\" srcset=\"https:\/\/kommentatorenblog.de\/wp-content\/uploads\/2020\/09\/shure-55sh-ii-e1601485394796.jpg 415w, https:\/\/kommentatorenblog.de\/wp-content\/uploads\/2020\/09\/shure-55sh-ii-e1601485394796-142x300.jpg 142w\" sizes=\"auto, (max-width: 10px) 100vw, 10px\" \/> Roland Evers (Konferenz)<\/p>\n\n\n\n<p>Moderation: Constanze Weiss, Experten: Marc Janko &amp; Klaus Schmidt<\/p>\n\n\n\n<p><span style=\"text-decoration: underline;\">Mittwoch, 03. November 2021, ab 18.00 Uhr (Sky)<\/span><\/p>\n\n\n\n<p><em><strong>Real Madrid \u2013 Schakhtar Donetsk (18.45 Uhr)<\/strong><\/em><\/p>\n\n\n\n<p class=\"has-normal-font-size\"><img loading=\"lazy\" decoding=\"async\" width=\"10\" height=\"21\" class=\"wp-image-3656\" style=\"width: 10px;\" src=\"http:\/\/kommentatorenblog.de\/wp-content\/uploads\/2020\/09\/shure-55sh-ii-e1601485394796.jpg\" alt=\"\" srcset=\"https:\/\/kommentatorenblog.de\/wp-content\/uploads\/2020\/09\/shure-55sh-ii-e1601485394796.jpg 415w, https:\/\/kommentatorenblog.de\/wp-content\/uploads\/2020\/09\/shure-55sh-ii-e1601485394796-142x300.jpg 142w\" sizes=\"auto, (max-width: 10px) 100vw, 10px\" \/> David Eder (Konferenz)<\/p>\n\n\n\n<p><strong><em>AC Mailand \u2013 FC Porto (18.45 Uhr)<\/em><\/strong><\/p>\n\n\n\n<p class=\"has-normal-font-size\"><img loading=\"lazy\" decoding=\"async\" width=\"10\" height=\"21\" class=\"wp-image-3656\" style=\"width: 10px;\" src=\"http:\/\/kommentatorenblog.de\/wp-content\/uploads\/2020\/09\/shure-55sh-ii-e1601485394796.jpg\" alt=\"\" srcset=\"https:\/\/kommentatorenblog.de\/wp-content\/uploads\/2020\/09\/shure-55sh-ii-e1601485394796.jpg 415w, https:\/\/kommentatorenblog.de\/wp-content\/uploads\/2020\/09\/shure-55sh-ii-e1601485394796-142x300.jpg 142w\" sizes=\"auto, (max-width: 10px) 100vw, 10px\" \/> Hansi K\u00fcpper (Konferenz)<\/p>\n\n\n\n<p><span style=\"text-decoration: underline;\">ab 20.00 Uhr (Sky)<\/span> <\/p>\n\n\n\n<p><strong><em><em><strong>RB Leipzig \u2013 Paris Saint-Germain<\/strong><\/em> (21.00 Uhr)<\/em><\/strong><\/p>\n\n\n\n<p class=\"has-normal-font-size\"><img loading=\"lazy\" decoding=\"async\" width=\"10\" height=\"21\" class=\"wp-image-3656\" style=\"width: 10px;\" src=\"http:\/\/kommentatorenblog.de\/wp-content\/uploads\/2020\/09\/shure-55sh-ii-e1601485394796.jpg\" alt=\"\" srcset=\"https:\/\/kommentatorenblog.de\/wp-content\/uploads\/2020\/09\/shure-55sh-ii-e1601485394796.jpg 415w, https:\/\/kommentatorenblog.de\/wp-content\/uploads\/2020\/09\/shure-55sh-ii-e1601485394796-142x300.jpg 142w\" sizes=\"auto, (max-width: 10px) 100vw, 10px\" \/> Otto Rosenauer (Einzelspiel), Philipp Paternina (Konferenz)<\/p>\n\n\n\n<p>Field-Reporter: Michael Ganh\u00f6r<\/p>\n\n\n\n<p><strong><em><em><strong>Borussia Dortmund \u2013 Ajax Amsterdam<\/strong><\/em> (21.00 Uhr)<\/em><\/strong><\/p>\n\n\n\n<p class=\"has-normal-font-size\"><img loading=\"lazy\" decoding=\"async\" width=\"10\" height=\"21\" class=\"wp-image-3656\" style=\"width: 10px;\" src=\"http:\/\/kommentatorenblog.de\/wp-content\/uploads\/2020\/09\/shure-55sh-ii-e1601485394796.jpg\" alt=\"\" srcset=\"https:\/\/kommentatorenblog.de\/wp-content\/uploads\/2020\/09\/shure-55sh-ii-e1601485394796.jpg 415w, https:\/\/kommentatorenblog.de\/wp-content\/uploads\/2020\/09\/shure-55sh-ii-e1601485394796-142x300.jpg 142w\" sizes=\"auto, (max-width: 10px) 100vw, 10px\" \/> Charly Leitner (Konferenz)<\/p>\n\n\n\n<p><strong><em>FC Liverpool \u2013 Atletico Madrid (21.00 Uhr)<\/em><\/strong><\/p>\n\n\n\n<p class=\"has-normal-font-size\"><img loading=\"lazy\" decoding=\"async\" width=\"10\" height=\"21\" class=\"wp-image-3656\" style=\"width: 10px;\" src=\"http:\/\/kommentatorenblog.de\/wp-content\/uploads\/2020\/09\/shure-55sh-ii-e1601485394796.jpg\" alt=\"\" srcset=\"https:\/\/kommentatorenblog.de\/wp-content\/uploads\/2020\/09\/shure-55sh-ii-e1601485394796.jpg 415w, https:\/\/kommentatorenblog.de\/wp-content\/uploads\/2020\/09\/shure-55sh-ii-e1601485394796-142x300.jpg 142w\" sizes=\"auto, (max-width: 10px) 100vw, 10px\" \/> Gerfried Pr\u00f6ll (Konferenz)<\/p>\n\n\n\n<p><strong>Manchester City<em> \u2013 Club Br\u00fcgge (21.00 Uhr)<\/em><\/strong><\/p>\n\n\n\n<p class=\"has-normal-font-size\"><img loading=\"lazy\" decoding=\"async\" width=\"10\" height=\"21\" class=\"wp-image-3656\" style=\"width: 10px;\" src=\"http:\/\/kommentatorenblog.de\/wp-content\/uploads\/2020\/09\/shure-55sh-ii-e1601485394796.jpg\" alt=\"\" srcset=\"https:\/\/kommentatorenblog.de\/wp-content\/uploads\/2020\/09\/shure-55sh-ii-e1601485394796.jpg 415w, https:\/\/kommentatorenblog.de\/wp-content\/uploads\/2020\/09\/shure-55sh-ii-e1601485394796-142x300.jpg 142w\" sizes=\"auto, (max-width: 10px) 100vw, 10px\" \/> Johannes Hofer (Konferenz)<\/p>\n\n\n\n<p><strong><em>Sheriff Tiraspol \u2013 Inter Mailand (21.00 Uhr)<\/em><\/strong><\/p>\n\n\n\n<p class=\"has-normal-font-size\"><img loading=\"lazy\" decoding=\"async\" width=\"10\" height=\"21\" class=\"wp-image-3656\" style=\"width: 10px;\" src=\"http:\/\/kommentatorenblog.de\/wp-content\/uploads\/2020\/09\/shure-55sh-ii-e1601485394796.jpg\" alt=\"\" srcset=\"https:\/\/kommentatorenblog.de\/wp-content\/uploads\/2020\/09\/shure-55sh-ii-e1601485394796.jpg 415w, https:\/\/kommentatorenblog.de\/wp-content\/uploads\/2020\/09\/shure-55sh-ii-e1601485394796-142x300.jpg 142w\" sizes=\"auto, (max-width: 10px) 100vw, 10px\" \/> Marcel Meinert (Konferenz)<\/p>\n\n\n\n<p><strong><em>Sporting Lissabon \u2013 Besiktas Istanbul (21.00 Uhr)<\/em><\/strong><\/p>\n\n\n\n<p class=\"has-normal-font-size\"><img loading=\"lazy\" decoding=\"async\" width=\"10\" height=\"21\" class=\"wp-image-3656\" style=\"width: 10px;\" src=\"http:\/\/kommentatorenblog.de\/wp-content\/uploads\/2020\/09\/shure-55sh-ii-e1601485394796.jpg\" alt=\"\" srcset=\"https:\/\/kommentatorenblog.de\/wp-content\/uploads\/2020\/09\/shure-55sh-ii-e1601485394796.jpg 415w, https:\/\/kommentatorenblog.de\/wp-content\/uploads\/2020\/09\/shure-55sh-ii-e1601485394796-142x300.jpg 142w\" sizes=\"auto, (max-width: 10px) 100vw, 10px\" \/> Guido Friedrich (Konferenz)<\/p>\n\n\n\n<p>Moderation: Martin Konrad, Experten: Martin Stranzl, Andreas Herzog &amp; Klaus Schmidt<\/p>\n\n\n\n<hr class=\"wp-block-separator\"\/>\n\n\n\n<p><strong>Europa League\/Europa Conference League Gruppenphase, 04. Spieltag (\u00d6sterreich)<\/strong><\/p>\n\n\n\n<p><span style=\"text-decoration: underline;\">Donnerstag, 04. November 2021, ab 18.00 Uhr (Sky)<\/span><\/p>\n\n\n\n<p><strong><em><span>Real Sociedad<\/span> \u2013 Sturm Graz (21.00 Uhr)<\/em><\/strong><\/p>\n\n\n\n<p class=\"has-normal-font-size\"><img loading=\"lazy\" decoding=\"async\" width=\"10\" height=\"21\" class=\"wp-image-3656\" style=\"width: 10px;\" src=\"http:\/\/kommentatorenblog.de\/wp-content\/uploads\/2020\/09\/shure-55sh-ii-e1601485394796.jpg\" alt=\"\" srcset=\"https:\/\/kommentatorenblog.de\/wp-content\/uploads\/2020\/09\/shure-55sh-ii-e1601485394796.jpg 415w, https:\/\/kommentatorenblog.de\/wp-content\/uploads\/2020\/09\/shure-55sh-ii-e1601485394796-142x300.jpg 142w\" sizes=\"auto, (max-width: 10px) 100vw, 10px\" \/> Gerfried Pr\u00f6ll (Einzelspiel), Philipp Paternina (Konferenz)<\/p>\n\n\n\n<p><strong><em>AS Monaco \u2013 PSV Eindhoven (18.45 Uhr)<\/em><\/strong><\/p>\n\n\n\n<p class=\"has-normal-font-size\"><img loading=\"lazy\" decoding=\"async\" width=\"10\" height=\"21\" class=\"wp-image-3656\" style=\"width: 10px;\" src=\"http:\/\/kommentatorenblog.de\/wp-content\/uploads\/2020\/09\/shure-55sh-ii-e1601485394796.jpg\" alt=\"\" srcset=\"https:\/\/kommentatorenblog.de\/wp-content\/uploads\/2020\/09\/shure-55sh-ii-e1601485394796.jpg 415w, https:\/\/kommentatorenblog.de\/wp-content\/uploads\/2020\/09\/shure-55sh-ii-e1601485394796-142x300.jpg 142w\" sizes=\"auto, (max-width: 10px) 100vw, 10px\" \/> Philpp Lautischer (Konferenz)<\/p>\n\n\n\n<p><strong><em>LASK \u2013 FC Alashkert (18.45 Uhr)<\/em><\/strong><\/p>\n\n\n\n<p class=\"has-normal-font-size\"><img loading=\"lazy\" decoding=\"async\" width=\"10\" height=\"21\" class=\"wp-image-3656\" style=\"width: 10px;\" src=\"http:\/\/kommentatorenblog.de\/wp-content\/uploads\/2020\/09\/shure-55sh-ii-e1601485394796.jpg\" alt=\"\" srcset=\"https:\/\/kommentatorenblog.de\/wp-content\/uploads\/2020\/09\/shure-55sh-ii-e1601485394796.jpg 415w, https:\/\/kommentatorenblog.de\/wp-content\/uploads\/2020\/09\/shure-55sh-ii-e1601485394796-142x300.jpg 142w\" sizes=\"auto, (max-width: 10px) 100vw, 10px\" \/> Erich Auer (Einzelspiel), Charly Leitner (Konferenz)<\/p>\n\n\n\n<p><strong><em>Maccabi Tel Aviv \u2013 HJK Helsinki (18.45 Uhr)<\/em><\/strong><\/p>\n\n\n\n<p class=\"has-normal-font-size\"><img loading=\"lazy\" decoding=\"async\" width=\"10\" height=\"21\" class=\"wp-image-3656\" style=\"width: 10px;\" src=\"http:\/\/kommentatorenblog.de\/wp-content\/uploads\/2020\/09\/shure-55sh-ii-e1601485394796.jpg\" alt=\"\" srcset=\"https:\/\/kommentatorenblog.de\/wp-content\/uploads\/2020\/09\/shure-55sh-ii-e1601485394796.jpg 415w, https:\/\/kommentatorenblog.de\/wp-content\/uploads\/2020\/09\/shure-55sh-ii-e1601485394796-142x300.jpg 142w\" sizes=\"auto, (max-width: 10px) 100vw, 10px\" \/> Marcel Meinert (Konferenz)<\/p>\n\n\n\n<p> <span style=\"text-decoration: underline;\">ab 20.40 Uhr (RTL+)<\/span> <\/p>\n\n\n\n<p><strong><em>Dinamo Zagreb \u2013 SK Rapid Wien (21.00 Uhr)<\/em><\/strong><\/p>\n\n\n\n<p class=\"has-normal-font-size\"><img loading=\"lazy\" decoding=\"async\" width=\"10\" height=\"21\" class=\"wp-image-3656\" style=\"width: 10px;\" src=\"http:\/\/kommentatorenblog.de\/wp-content\/uploads\/2020\/09\/shure-55sh-ii-e1601485394796.jpg\" alt=\"\" srcset=\"https:\/\/kommentatorenblog.de\/wp-content\/uploads\/2020\/09\/shure-55sh-ii-e1601485394796.jpg 415w, https:\/\/kommentatorenblog.de\/wp-content\/uploads\/2020\/09\/shure-55sh-ii-e1601485394796-142x300.jpg 142w\" sizes=\"auto, (max-width: 10px) 100vw, 10px\" \/> David Eder (Einzelspiel), Guido Friedrich (Konferenz)<\/p>\n\n\n\n<p><strong><em>Bayer 04 Leverkusen \u2013 Betis Sevilla (21.00 Uhr)<\/em><\/strong><\/p>\n\n\n\n<p class=\"has-normal-font-size\"><img loading=\"lazy\" decoding=\"async\" width=\"10\" height=\"21\" class=\"wp-image-3656\" style=\"width: 10px;\" src=\"http:\/\/kommentatorenblog.de\/wp-content\/uploads\/2020\/09\/shure-55sh-ii-e1601485394796.jpg\" alt=\"\" srcset=\"https:\/\/kommentatorenblog.de\/wp-content\/uploads\/2020\/09\/shure-55sh-ii-e1601485394796.jpg 415w, https:\/\/kommentatorenblog.de\/wp-content\/uploads\/2020\/09\/shure-55sh-ii-e1601485394796-142x300.jpg 142w\" sizes=\"auto, (max-width: 10px) 100vw, 10px\" \/> Stefan Hempel (Konferenz)<\/p>\n\n\n\n<p><strong><em>1. FC Union Berlin \u2013 Feyenoord Rotterdam (21.00 Uhr)<\/em><\/strong><\/p>\n\n\n\n<p class=\"has-normal-font-size\"><img loading=\"lazy\" decoding=\"async\" width=\"10\" height=\"21\" class=\"wp-image-3656\" style=\"width: 10px;\" src=\"http:\/\/kommentatorenblog.de\/wp-content\/uploads\/2020\/09\/shure-55sh-ii-e1601485394796.jpg\" alt=\"\" srcset=\"https:\/\/kommentatorenblog.de\/wp-content\/uploads\/2020\/09\/shure-55sh-ii-e1601485394796.jpg 415w, https:\/\/kommentatorenblog.de\/wp-content\/uploads\/2020\/09\/shure-55sh-ii-e1601485394796-142x300.jpg 142w\" sizes=\"auto, (max-width: 10px) 100vw, 10px\" \/> Johannes Hofer (Konferenz)<\/p>\n\n\n\n<p><strong><em>Ferencvaros \u2013 Celtic Glasgow (21.00 Uhr)<\/em><\/strong><\/p>\n\n\n\n<p class=\"has-normal-font-size\"><img loading=\"lazy\" decoding=\"async\" width=\"10\" height=\"21\" class=\"wp-image-3656\" style=\"width: 10px;\" src=\"http:\/\/kommentatorenblog.de\/wp-content\/uploads\/2020\/09\/shure-55sh-ii-e1601485394796.jpg\" alt=\"\" srcset=\"https:\/\/kommentatorenblog.de\/wp-content\/uploads\/2020\/09\/shure-55sh-ii-e1601485394796.jpg 415w, https:\/\/kommentatorenblog.de\/wp-content\/uploads\/2020\/09\/shure-55sh-ii-e1601485394796-142x300.jpg 142w\" sizes=\"auto, (max-width: 10px) 100vw, 10px\" \/> Hansi K\u00fcpper (Konferenz)<\/p>\n\n\n\n<hr class=\"wp-block-separator\"\/>\n\n\n\n<p><strong>Die Analyse<\/strong><\/p>\n\n\n\n<p><strong>Start mit den W\u00f6lfen<\/strong><\/p>\n\n\n\n<p>Der dritte Spieltag der Champions League startet direkt mit deutscher Beteiligung, wie vor zwei Wochen trifft der VfL Wolfsburg zur fr\u00fchen Anstosszeit auf den FC Salzburg. Anders als vor zwei Wochen gibt es allerdings eine halbe Stunde Vorberichterstattung, leider allerdings weiterhin aus der Box. Vom Personal her bleibt alles gleich, dementsprechend melden sich Tobi Wahnschaffe, Benny Lauth und Lukas Sch\u00f6nm\u00fcller aus dem DAZN-Space. Ann-Sophie Kimmel wird sicherlich auch ein Interview mit Florian Kohfeldt bei seinem CL-Deb\u00fct f\u00fchren, vor zwei Wochen noch als Prime Experte im Studio und jetzt als Trainer an der Seitenlinie. Geschichten, die nur der Fussball schreibt. Beim anderen Einzelspiel zwischen Malm\u00f6 und Chelsea meldet sich wie bereits beim Hinspiel Benni Zander, allerdings diesmal ohne Lutz Pfannenstiel. In der Konferenz darf bei den W\u00f6lfen wieder Max Gross ran, der sich die B\u00e4lle mit Nico Seepe hin und her spielt. <\/p>\n\n\n\n<p><strong>Labbadia statt Kohfeldt bei Prime<\/strong><\/p>\n\n\n\n<p>PrimeVideo zeigt nat\u00fcrlich die Bayern, die Benfica Lissabon empfangen. Ab 19.30Uhr meldet sich Sebastian Hellmann aus der Allianz-Arena. Dauerg\u00e4ste in der Expertenrunde bleiben Matthias Sammer und Mario Gomez, neu dabei ist Tabea Kemme. Field-Reporter in der Allianz-Arena sind Annika Zimmermann und Sebastian Benesch. Im Studio in K\u00f6ln ist Shary Reeves zugegen, sie empf\u00e4ngt Patrick Owomoyela und Bruno Labbadia, der f\u00fcr Florian Kohfeldt reinrotiert. <\/p>\n\n\n\n<p><strong>DAZN muss ohne deutsche Beteiligung auskommen<\/strong><\/p>\n\n\n\n<p>Dementsprechend muss DAZN in der sp\u00e4ten Anstosszeit mit einer 5er Konferenz ohne deutsche Beteiligung leben. Bei den Einzelspielen bleiben Carsten Fu\u00df, Stefan Galler und Marcel Seufert ihren Spielen im Vergleich zu den Hinspielen von vor zwei Wochen. Fu\u00df ist hierbei der Einzige in der Sp\u00e4tschicht, der mit Co-Kommentator ran darf, Seb Kneissl \u00fcbernimmt diesen Part. Bei den beiden weiteren Einzelspielen d\u00fcrfen Daniel G\u00fcnther bzw. Matthias Naebers ran. In der Konferenz sind mit Michael Born und Holger Pfandt die \u00fcblichen Ex-Sky Kommentatoren mit dabei. Au\u00dferdem startet Marco Hagemann eine volle Arbeitswoche, es komplettieren Oliver Forster und Tom Kirsten<\/p>\n\n\n\n<p>Am Mittwoch muss die Fr\u00fchschicht ohne Spiele aus Gruppen mit deutscher Beteiligung klarkommen. DAZN verzichtet auch komplett auf Experten. Daniel G\u00fcnther und Flo Hauser bzw. Uwe Morawe und Mario Rieker k\u00fcmmern sich um die Einzelspiele bzw. um die Konferenz.<\/p>\n\n\n\n<p><strong>Fussballherz was willst du mehr?<\/strong><\/p>\n\n\n\n<p>Die sp\u00e4te Anstosszeit verspricht dann einen magischen Abend. DAZN ist sowohl bei der Partie von Leipzig gegen PSG als auch beim Spiel zwischen Dortmund und Ajax mit den kompletten Crews vor Ort. Nachdem ich am Donnerstag noch gemeckert hatte, kann ich heute also ein gro\u00dfes Lob aussprechen. In Leipzig meldet sich Alex Schl\u00fcter gemeinsam mit Ralf Rangnick. Rangnick zu Leipzig passt ja aufgrund seiner Vergangenheit beim Club sowieso, aber auch PSG hat er gemeinsam mit Alex Schl\u00fcter f\u00fcr das (absolut tolle) Format Decoded durchanalysiert. Kommentator in der RedBull-Arena wird Uli Hebel sein, w\u00e4hrend Daniel Herzog die Stimmen einf\u00e4ngt. In Dortmund meldet sich das Duo um Laura Wontorra und Experte Sandro Wagner zu Wort w\u00e4hrend sich BVB-Sympathisant Marco Hagemann vom Kommentatorenplatz meldet. Max Siebald f\u00e4ngt die Stimmen ein. Das absolute Top-Personal &#8211; au\u00dfer Jan Platte, der in dieser Woche nicht im Einsatz ist &#8211; meldet sich also aus den Stadien.<\/p>\n\n\n\n<p>Bei der Partie zwischen Liverpool und Atletico meldet sich wie beim Hinspiel das Duo Jogi Hebel und Ralph Gunesch. In der Konferenz k\u00fcmmern sich Michael Born (Leipzig) und Lukas Sch\u00f6nm\u00fcller (Dortmund) um die deutschen Teams. Freddy Harder begleitet das Topspiel zwischen Liverpool und Atletico. Es komplettieren Holger Pfandt, Carsten Fu\u00df und Guido H\u00fcsgen.<\/p>\n\n\n\n<p><strong>Der Europapokal Donnerstag<\/strong><\/p>\n\n\n\n<p>Am Europapokal Donnerstag meldet sich die Viererkette ab 17.30 Uhr aus dem Stadion an der Alten F\u00f6rsterei. In der fr\u00fchen Anstosszeit l\u00e4uft mit der Partie zwischen Pir\u00e4us und Frankfurt eine mit deutscher Beteiligung. \u00dcbertragen wird diese ausschlie\u00dflich auf RTL+, von daher kommt der Kommentar von Corni K\u00fcpper auch nicht aus dem Stadion. Interviews in Griechenland f\u00fchrt Thomas Wagner. Ansonsten steht auch noch das Deb\u00fct f\u00fcr Julian Engelhard an, er \u00fcbernimmt das Spiel zwischen Monaco und Eindhoven. Zudem gibt es auch \u00fcber Remote die M\u00f6glichkeit Interviews zu f\u00fchren, dies \u00fcbernimmt &#8211; der mir bisher nicht bekannte &#8211; Nikolai Liermann. <\/p>\n\n\n\n<p>Ab 20.15 Uhr l\u00e4uft dann im FreeTV die Begegnung zwischen Leverkusen und Betis. Die \u00fcbliche Crew meldet sich also aus der BayArena, f\u00fcr Marco Hagemann ist die Anreise aus Dortmund ja auch nicht allzuweit. Union Berlin empf\u00e4ngt im Berliner Olympiastadion Rotterdam, Michael Born meldet sich wie bereits beim Hinspiel aus der Box. Interviews gibt&#8217;s im Gegensatz zum Hinspiel allerdings, Christoph K\u00fcppers \u00fcbernimmt. Wie auch Julian Engelhard ist Philip Konrad neu mit dabei, er \u00fcbernimmt die Spurs im ersten Spiel nach Nuno Esp\u00edrito Santo. <\/p>\n\n\n\n<p>Alles zum Rest folgt wie gesagt noch, bis dahin w\u00fcnsche ich euch ein sch\u00f6ne Woche!<\/p>\n","protected":false},"excerpt":{"rendered":"<p>N&#8217;Abend allerseits, Feiertag in f\u00fcnf von 16 Bundesl\u00e4ndern, ich habe das Gl\u00fcck, in einem dieser Bundesl\u00e4nder zu leben. &#8222;Leider&#8220; ist allerdings auch in NRW Feiertag, was bedeutet, dass uns noch sehr viele Infos zur Europa League und Conference League fehlen. Nichtsdestotrotz will ich euch heute Abend noch die Ansetzungen zur Champions League liefern (und die [&hellip;]<\/p>\n","protected":false},"author":5,"featured_media":0,"comment_status":"open","ping_status":"open","sticky":false,"template":"","format":"standard","meta":{"footnotes":""},"categories":[425],"tags":[49,404,596,337,21,166,641,131,171,262,212,13,132,295,155,90,613,123,347,69,44,205,276,43,521,243,223,608,283,279,114,191,183,588,290,493,108,301,350,189,98,222,607,154,639,252,200,105,149,640],"class_list":["post-10978","post","type-post","status-publish","format-standard","hentry","category-champions-league-und-co","tag-alex-schlueter","tag-ann-sophie-kimmel","tag-annika-zimmermann","tag-benedikt-hoewedes","tag-benni-zander","tag-benny-lauth","tag-bruno-labbadia","tag-carsten-fuss","tag-christoph-stadtler","tag-daniel-guenther","tag-daniel-herzog","tag-dazn","tag-flo-hauser","tag-freddy-harder","tag-guido-huesgen","tag-holger-pfandt","tag-jan-krebs","tag-jan-luedeke","tag-joachim-hebel","tag-jonas-friedrich","tag-laura-wontorra","tag-lukas-schoenmueller","tag-marcel-seufert","tag-marco-hagemann","tag-mario-gomez","tag-mario-rieker","tag-matthias-naebers","tag-matthias-sammer","tag-max-gross","tag-max-siebald","tag-michael-born","tag-nico-seepe","tag-oliver-forster","tag-patrick-owomoyela","tag-primevideo","tag-ralf-rangnick","tag-ralph-gunesch","tag-ruben-zimmermann","tag-sandro-wagner","tag-sebastian-benesch","tag-sebastian-hellmann","tag-sebastian-kneissl","tag-shary-reeves","tag-stefan-galler","tag-tabea-kemme","tag-tobi-wahnschaffe","tag-tom-kirsten","tag-uli-hebel","tag-uwe-morawe","tag-wolfgang-stark"],"_links":{"self":[{"href":"https:\/\/kommentatorenblog.de\/index.php?rest_route=\/wp\/v2\/posts\/10978","targetHints":{"allow":["GET"]}}],"collection":[{"href":"https:\/\/kommentatorenblog.de\/index.php?rest_route=\/wp\/v2\/posts"}],"about":[{"href":"https:\/\/kommentatorenblog.de\/index.php?rest_route=\/wp\/v2\/types\/post"}],"author":[{"embeddable":true,"href":"https:\/\/kommentatorenblog.de\/index.php?rest_route=\/wp\/v2\/users\/5"}],"replies":[{"embeddable":true,"href":"https:\/\/kommentatorenblog.de\/index.php?rest_route=%2Fwp%2Fv2%2Fcomments&post=10978"}],"version-history":[{"count":17,"href":"https:\/\/kommentatorenblog.de\/index.php?rest_route=\/wp\/v2\/posts\/10978\/revisions"}],"predecessor-version":[{"id":11036,"href":"https:\/\/kommentatorenblog.de\/index.php?rest_route=\/wp\/v2\/posts\/10978\/revisions\/11036"}],"wp:attachment":[{"href":"https:\/\/kommentatorenblog.de\/index.php?rest_route=%2Fwp%2Fv2%2Fmedia&parent=10978"}],"wp:term":[{"taxonomy":"category","embeddable":true,"href":"https:\/\/kommentatorenblog.de\/index.php?rest_route=%2Fwp%2Fv2%2Fcategories&post=10978"},{"taxonomy":"post_tag","embeddable":true,"href":"https:\/\/kommentatorenblog.de\/index.php?rest_route=%2Fwp%2Fv2%2Ftags&post=10978"}],"curies":[{"name":"wp","href":"https:\/\/api.w.org\/{rel}","templated":true}]}}