{"id":11048,"date":"2021-11-08T19:44:32","date_gmt":"2021-11-08T17:44:32","guid":{"rendered":"http:\/\/kommentatorenblog.de\/?p=11048"},"modified":"2021-11-08T19:44:33","modified_gmt":"2021-11-08T17:44:33","slug":"1210-trainingseinheit-fuer-die-dfb-elf","status":"publish","type":"post","link":"https:\/\/kommentatorenblog.de\/?p=11048","title":{"rendered":"1210 \u2013 Trainingseinheit f\u00fcr die DFB-Elf"},"content":{"rendered":"\n<p>N\u2019Abend allerseits,<\/p>\n\n\n\n<p>die letzten L\u00e4nderspiele vor der Winterpause stehen an. Deutschland hat sich bereits f\u00fcr die WM in Katar qualifiziert. Hansi Flick probiert nun aber trotzdem nicht wild herum, sondern gibt seinen Spielern die Gelegenheit, sich richtig einzuspielen. VfL-St\u00fcrmer Lukas Nmecha ist der einzige Neuling in der Liste der Nominierten. Zudem kehren Julian Draxler und Namensvetter Brandt in das Aufgebot zur\u00fcck, nachdem sie f\u00fcr ihre Vereine zuletzt wieder mehr Spielpraxis verzeichneten. Au\u00dferdem freut sich Freiburgs Kapit\u00e4n Christian G\u00fcnter \u00fcber seine Einladung.<\/p>\n\n\n\n<p>Deutschland steht nicht als einziges nominelles Top-Team ganz oben in seiner Gruppe. Generell gibt es in der UEFA WM-Quali wenig \u00dcberraschungen. Einzig Spanien und Portugal bleiben jeweils genau einen Platz hinter den Erwartungen zur\u00fcck &#8211; auf Rang zwei in ihrer Gruppe. Spanien steht derzeit Schweden f\u00fcr eine direkte Qualifikation im Wege. Serbien macht Portugal Konkurrenz. Etwas \u00fcberraschend ist auch Norwegen mit 17 Punkten in Gruppe G richtig gut dabei und liegt noch vor der T\u00fcrkei auf Platz zwei. Gegen Lettland muss es nun ohne Erling Haaland klappen. \u00dcbertragen wird die Partie jedoch nicht. Zudem sind die Fu\u00dfballspiele mit deutschem Kommentar bis Donnerstag zun\u00e4chst rar ges\u00e4t.\u00a0<\/p>\n\n\n\n<p>DAZN hat die Champions League der Frauen im Programm. Bayern M\u00fcnchen gastiert bei Olympique Lyon. Es ist das Duell der Gruppenersten, beide Teams haben bisher eine un\u00fcberwindbare Defensive und schielen schon jetzt in Richtung Gruppensieg.&nbsp;<\/p>\n\n\n\n<hr class=\"wp-block-separator\"\/>\n\n\n\n<p><strong>WM-Qualifikation<\/strong><\/p>\n\n\n\n<p><span style=\"text-decoration: underline;\">Donnerstag, 11. November 2021, ab 20.15 Uhr (RTL)<\/span><\/p>\n\n\n\n<p><strong><em>Deutschland <meta charset=\"utf-8\">\u2013 Liechtenstein (20.45 Uhr)<\/em><\/strong><\/p>\n\n\n\n<p class=\"has-normal-font-size\"><img loading=\"lazy\" decoding=\"async\" width=\"10\" height=\"21\" class=\"wp-image-3656\" style=\"width: 10px;\" src=\"http:\/\/kommentatorenblog.de\/wp-content\/uploads\/2020\/09\/shure-55sh-ii-e1601485394796.jpg\" alt=\"\" srcset=\"https:\/\/kommentatorenblog.de\/wp-content\/uploads\/2020\/09\/shure-55sh-ii-e1601485394796.jpg 415w, https:\/\/kommentatorenblog.de\/wp-content\/uploads\/2020\/09\/shure-55sh-ii-e1601485394796-142x300.jpg 142w\" sizes=\"auto, (max-width: 10px) 100vw, 10px\" \/> Marco Hagemann, Experte: Steffen Freund<\/p>\n\n\n\n<p>Moderation: Laura Papendick, Experte: Lothar Matth\u00e4us, Field-Reporter: Thomas Wagner &amp; Jonas Gerdes<\/p>\n\n\n\n<p><meta charset=\"utf-8\"><span style=\"text-decoration: underline;\">Donnerstag, 11. November 2021 (DAZN)<\/span><\/p>\n\n\n\n<p><meta charset=\"utf-8\"><strong><em>Irland <meta charset=\"utf-8\">\u2013 Portugal (20.45 Uhr)<\/em><\/strong><\/p>\n\n\n\n<p><meta charset=\"utf-8\"><img loading=\"lazy\" decoding=\"async\" width=\"10\" height=\"21\" class=\"wp-image-3656\" style=\"width: 10px;\" src=\"http:\/\/kommentatorenblog.de\/wp-content\/uploads\/2020\/09\/shure-55sh-ii-e1601485394796.jpg\" alt=\"\" srcset=\"https:\/\/kommentatorenblog.de\/wp-content\/uploads\/2020\/09\/shure-55sh-ii-e1601485394796.jpg 415w, https:\/\/kommentatorenblog.de\/wp-content\/uploads\/2020\/09\/shure-55sh-ii-e1601485394796-142x300.jpg 142w\" sizes=\"auto, (max-width: 10px) 100vw, 10px\" \/> Matthias Naebers<\/p>\n\n\n\n<p><strong><em>Griechenland <meta charset=\"utf-8\">\u2013 Spanien (20.45 Uhr)<\/em><\/strong><\/p>\n\n\n\n<p><meta charset=\"utf-8\"><img loading=\"lazy\" decoding=\"async\" width=\"10\" height=\"21\" class=\"wp-image-3656\" style=\"width: 10px;\" src=\"http:\/\/kommentatorenblog.de\/wp-content\/uploads\/2020\/09\/shure-55sh-ii-e1601485394796.jpg\" alt=\"\" srcset=\"https:\/\/kommentatorenblog.de\/wp-content\/uploads\/2020\/09\/shure-55sh-ii-e1601485394796.jpg 415w, https:\/\/kommentatorenblog.de\/wp-content\/uploads\/2020\/09\/shure-55sh-ii-e1601485394796-142x300.jpg 142w\" sizes=\"auto, (max-width: 10px) 100vw, 10px\" \/> David Ploch<\/p>\n\n\n\n<hr class=\"wp-block-separator\"\/>\n\n\n\n<p><strong>UEFA Women\u00b4s Champions- League (DAZN)<\/strong><\/p>\n\n\n\n<p><span style=\"text-decoration: underline;\">Mittwoch, 10. November 2021<\/span><\/p>\n\n\n\n<p><strong><em>Olympique Lyon <strong><em>\u2013&nbsp;<\/em><\/strong>FC Bayern M\u00fcnchen (21.00 Uhr)<\/em><\/strong><\/p>\n\n\n\n<p class=\"has-normal-font-size\"><img loading=\"lazy\" decoding=\"async\" width=\"10\" height=\"21\" class=\"wp-image-3656\" style=\"width: 10px;\" src=\"http:\/\/kommentatorenblog.de\/wp-content\/uploads\/2020\/09\/shure-55sh-ii-e1601485394796.jpg\" alt=\"\" srcset=\"https:\/\/kommentatorenblog.de\/wp-content\/uploads\/2020\/09\/shure-55sh-ii-e1601485394796.jpg 415w, https:\/\/kommentatorenblog.de\/wp-content\/uploads\/2020\/09\/shure-55sh-ii-e1601485394796-142x300.jpg 142w\" sizes=\"auto, (max-width: 10px) 100vw, 10px\" \/> Jan Platte, Expertin: Verena Schweer<\/p>\n\n\n\n<hr class=\"wp-block-separator\"\/>\n\n\n\n<p><strong>Die Analyse<\/strong><\/p>\n\n\n\n<p><strong>Keine \u00dcberraschungen bei RTL&nbsp;<\/strong><\/p>\n\n\n\n<p>Die Analyse kann heute entsprechend kurz ausfallen. Dass RTL bei der \u00dcbertragung der WM-Quali nicht gro\u00dfartig rotiert, ist ja hinl\u00e4nglich bekannt. Einzig Laura Papendick kam bislang sowohl als Moderatorin als auch als Field-Reporterin zum Einsatz und wurde in letzterem Szenario von Florian K\u00f6nig als Moderator ersetzt. Am Donnerstag \u00fcbernimmt sie diesen Posten aber wieder. Thomas Wagner und Jonas Gerdes gehen in Wolfsburg auf Stimmenfang. Kommentieren werden wie immer Marco Hagemann und Steffen Freund.<\/p>\n\n\n\n<p><strong>Portugal und Spanien gefordert<\/strong><\/p>\n\n\n\n<p>DAZN hat zwei Spiele im Programm mit deutschen Kommentatoren-Ansetzungen. In beiden Partien sind tats\u00e4chlich jene beiden Favoriten beteiligt, die ich oben angesprochen hatte, da sie bis dato keinen Durchmarsch in ihrer Gruppe vollzogen haben. Portugal muss bei Irland ran &#8211; Matthias Naebers verleiht dem Spiel seine Stimme. Spanien gastiert in Griechenland, eine Sache f\u00fcr David Ploch.<\/p>\n\n\n\n<p><strong>Kein Kommentar bei der TSG<\/strong><\/p>\n\n\n\n<p>In der Champions League der Frauen vermissen wir einen DAZN-Kommentator f\u00fcr den Aufgalopp der TSG Hoffenheim beim FC Barcelona. Daf\u00fcr k\u00fcmmert sich Jan Platte mit freundlicher Unterst\u00fctzung von Expertin Verena Schweer um das Aufeinandertreffen von Olympique Lyon und Bayern M\u00fcnchen.<\/p>\n\n\n\n<p>In diesem Sinne, habt eine sch\u00f6ne Woche!<\/p>\n","protected":false},"excerpt":{"rendered":"<p>N\u2019Abend allerseits, die letzten L\u00e4nderspiele vor der Winterpause stehen an. Deutschland hat sich bereits f\u00fcr die WM in Katar qualifiziert. Hansi Flick probiert nun aber trotzdem nicht wild herum, sondern gibt seinen Spielern die Gelegenheit, sich richtig einzuspielen. VfL-St\u00fcrmer Lukas Nmecha ist der einzige Neuling in der Liste der Nominierten. Zudem kehren Julian Draxler und [&hellip;]<\/p>\n","protected":false},"author":2,"featured_media":0,"comment_status":"open","ping_status":"open","sticky":false,"template":"","format":"standard","meta":{"footnotes":""},"categories":[426],"tags":[323,165,13,48,647,75,43,223,138,151,33,648,514],"class_list":["post-11048","post","type-post","status-publish","format-standard","hentry","category-laenderspiele","tag-champions-league-frauen","tag-david-ploch","tag-dazn","tag-jan-platte","tag-jonas-gerdes","tag-laura-papendick","tag-marco-hagemann","tag-matthias-naebers","tag-rtl","tag-steffen-freund","tag-thomas-wagner","tag-verena-schweer","tag-wm-qualifikation"],"_links":{"self":[{"href":"https:\/\/kommentatorenblog.de\/index.php?rest_route=\/wp\/v2\/posts\/11048","targetHints":{"allow":["GET"]}}],"collection":[{"href":"https:\/\/kommentatorenblog.de\/index.php?rest_route=\/wp\/v2\/posts"}],"about":[{"href":"https:\/\/kommentatorenblog.de\/index.php?rest_route=\/wp\/v2\/types\/post"}],"author":[{"embeddable":true,"href":"https:\/\/kommentatorenblog.de\/index.php?rest_route=\/wp\/v2\/users\/2"}],"replies":[{"embeddable":true,"href":"https:\/\/kommentatorenblog.de\/index.php?rest_route=%2Fwp%2Fv2%2Fcomments&post=11048"}],"version-history":[{"count":6,"href":"https:\/\/kommentatorenblog.de\/index.php?rest_route=\/wp\/v2\/posts\/11048\/revisions"}],"predecessor-version":[{"id":11062,"href":"https:\/\/kommentatorenblog.de\/index.php?rest_route=\/wp\/v2\/posts\/11048\/revisions\/11062"}],"wp:attachment":[{"href":"https:\/\/kommentatorenblog.de\/index.php?rest_route=%2Fwp%2Fv2%2Fmedia&parent=11048"}],"wp:term":[{"taxonomy":"category","embeddable":true,"href":"https:\/\/kommentatorenblog.de\/index.php?rest_route=%2Fwp%2Fv2%2Fcategories&post=11048"},{"taxonomy":"post_tag","embeddable":true,"href":"https:\/\/kommentatorenblog.de\/index.php?rest_route=%2Fwp%2Fv2%2Ftags&post=11048"}],"curies":[{"name":"wp","href":"https:\/\/api.w.org\/{rel}","templated":true}]}}