{"id":1105,"date":"2020-01-06T16:50:46","date_gmt":"2020-01-06T16:50:46","guid":{"rendered":"http:\/\/kommentatorenblog.de\/?p=1105"},"modified":"2020-12-30T16:06:31","modified_gmt":"2020-12-30T16:06:31","slug":"1045-vorbereitung-und-die-fliegenden-filzbaelle","status":"publish","type":"post","link":"https:\/\/kommentatorenblog.de\/?p=1105","title":{"rendered":"1045 \u2013 Vorbereitung und die fliegenden Filzb\u00e4lle"},"content":{"rendered":"\n<p>N\u2019Abend allerseits und ein frohes neues Jahr\/ eine frohe neue Dekade,<\/p>\n\n\n\n<p><strong>Die Bundesligisten legen los!<\/strong><\/p>\n\n\n\n<p>W\u00e4hrend man in Spanien und Italien den Ligabetrieb seit dem vergangenen Wochenende wieder aufgenommen hat, legen die deutschen Teams erst mit der Vorbereitung und den Testspielen los. DAZN ist hier, wie gewohnt in dieser Phase, &#8222;Der Boss im Ring&#8220;! <\/p>\n\n\n\n<p><strong>ATP Cup<\/strong><\/p>\n\n\n\n<p>Nachdem sich meine Mit-Blogger bereits in der Vergangenheit mit anderen Sportarten besch\u00e4ftigt haben, probiere ich mich mal mit Tennis. Am Freitag startete die ATP Tour mit einem neuen Turnier ins Jahr, dem Mannschaftswettbewerb ATP Cup. Es konkurrieren 24 Nationen um den Titel. Deutschland tritt unter F\u00fchrung von Boris Becker mit den Einzelspielern Zverev und Struff und dem Doppel Krawietz\/Mies an. Die Mannschaft steht in einer Gruppe mit dem Gastgeber Australien, Griechenland und Kanada. Der Start gegen Australien am Freitag lief aus deutscher katastrophal. Drei Niederlagen standen zu Buche und ganz besonders Top-10 Spieler Alexander Zverev entt\u00e4uschte, nachdem er den Sieg, der zum greifen nahe war, mit einer besorgniserregenden K\u00f6rpersprache herschenkte. Der zweite Spieltag gegen Griechenland lief mit zwei Siegen, darunter ein absoluter Krimi im Doppel, deutlich besser. Zverev hingegen verlor erneut und haderte nicht nur mit sich selbst, sondern ging seinen Vater (gleichzeitig sein Trainer) verbal an! Am Dienstag kommt es zum Showdown, der wie das ganze Turnier, von Sky \u00fcbertragen wird. Die Kommentatoren sind Stefan Hempel, Markus G\u00f6tz und Sascha Roos. Als Experte steht Patrik K\u00fchnen zur Verf\u00fcgung<\/p>\n\n\n\n<p>Jetzt aber zur\u00fcck zu den Ansetzungen bis Donnerstag!<\/p>\n\n\n\n<p><strong><em>Die Ansetzungen vom 07. Januar 2020 bis zum 09. Januar 2020<\/em><\/strong><\/p>\n\n\n\n<p><strong>Testspiele<\/strong><\/p>\n\n\n\n<p><span style=\"text-decoration: underline;\">Dienstag, 07. Januar 2020<\/span><\/p>\n\n\n\n<p><em><strong>Borussia M\u2019 Gladbach \u2013 Almelo (15<b><i>.00 Uhr)<\/i><\/b><\/strong><\/em><\/p>\n\n\n\n<p>DAZN: Oliver Forster<\/p>\n\n\n\n<p><strong><em>Standard L<\/em><\/strong><em><strong>\u00fcttich \u2013 Borussia Dortmund (16.00 Uhr)<\/strong><\/em><\/p>\n\n\n\n<p>DAZN: Tobi Fischbeck<\/p>\n\n\n<p><!--StartFragment--><\/p>\n\n\n<p><em><strong>FC Schalke 04 <\/strong><\/em><em><strong>\u2013 St. Truiden (17.00 Uhr)<\/strong><\/em><\/p>\n\n\n\n<p>DAZN: Nico Seepe<\/p>\n\n\n<p><!--EndFragment--><\/p>\n\n\n<p><strong>Internationaler Fu\u00dfball<\/strong><\/p>\n\n\n\n<p><span style=\"text-decoration: underline;\">Dienstag, 07. Januar 2020<\/span><\/p>\n\n\n\n<p>Carabao Cup, Halbfinale: <strong><em>Manchester United \u2013 Manchester City (21.00 Uhr)<\/em><\/strong><\/p>\n\n\n\n<p>DAZN: Uli Hebel, Experte: Helge Payer<\/p>\n\n\n\n<p><span style=\"text-decoration: underline;\">Mittwoch, 08. Januar 2020<\/span><\/p>\n\n\n<p><!--StartFragment--><\/p>\n\n\n<p>Carabao Cup, Halbfinale: <strong><em>Leicester City \u2013 Aston Villa (21.00 Uhr)<\/em><\/strong><\/p>\n\n\n\n<p>DAZN: Marco Hagemann, Experte: Helge Payer<\/p>\n\n\n\n<p>Coupe de la Ligue, Viertelfinale: <strong><em>PSG \u2013 St. Etienne (21.05 Uhr)<\/em><\/strong><\/p>\n\n\n\n<p>DAZN: Matthias Naebers<\/p>\n\n\n\n<p><strong>Die Analyse<\/strong><\/p>\n\n\n\n<p>In England h\u00e4lt der Wahnsinns Rythmus an, in der dritten englischen Woche in Folge finden die beiden Halbfinals des Carabao Cups statt. F\u00fcr DAZN kommentieren die England Spezis Uli Hebel und Marco Hagemann, die Expertenrolle \u00fcbernimmt Helge Payer bei beiden \u00dcbertragungen &#8211; macht drei Eins\u00e4tze f\u00fcr den Ex-Torh\u00fcter am St\u00fcck! Die drei Testspiele am Dienstag auf DAZN \u00fcbernehmen Oli Forster, Tobi Fischbeck und Nico Seepe! <\/p>\n\n\n\n<p>Na dann eine sch\u00f6ne Woche euch allen!<\/p>\n","protected":false},"excerpt":{"rendered":"<p>N\u2019Abend allerseits und ein frohes neues Jahr\/ eine frohe neue Dekade, Die Bundesligisten legen los! W\u00e4hrend man in Spanien und Italien den Ligabetrieb seit dem vergangenen Wochenende wieder aufgenommen hat, legen die deutschen Teams erst mit der Vorbereitung und den Testspielen los. DAZN ist hier, wie gewohnt in dieser Phase, &#8222;Der Boss im Ring&#8220;! ATP [&hellip;]<\/p>\n","protected":false},"author":5,"featured_media":0,"comment_status":"open","ping_status":"open","sticky":false,"template":"","format":"standard","meta":{"footnotes":""},"categories":[429],"tags":[226,62,229,13,228,159,43,183,127,227,105],"class_list":["post-1105","post","type-post","status-publish","format-standard","hentry","category-diverses","tag-atp","tag-carabao-cup","tag-coupe-de-la-ligue","tag-dazn","tag-helge-payer","tag-la-liga","tag-marco-hagemann","tag-oliver-forster","tag-serie-a","tag-testspiele","tag-uli-hebel"],"_links":{"self":[{"href":"https:\/\/kommentatorenblog.de\/index.php?rest_route=\/wp\/v2\/posts\/1105","targetHints":{"allow":["GET"]}}],"collection":[{"href":"https:\/\/kommentatorenblog.de\/index.php?rest_route=\/wp\/v2\/posts"}],"about":[{"href":"https:\/\/kommentatorenblog.de\/index.php?rest_route=\/wp\/v2\/types\/post"}],"author":[{"embeddable":true,"href":"https:\/\/kommentatorenblog.de\/index.php?rest_route=\/wp\/v2\/users\/5"}],"replies":[{"embeddable":true,"href":"https:\/\/kommentatorenblog.de\/index.php?rest_route=%2Fwp%2Fv2%2Fcomments&post=1105"}],"version-history":[{"count":9,"href":"https:\/\/kommentatorenblog.de\/index.php?rest_route=\/wp\/v2\/posts\/1105\/revisions"}],"predecessor-version":[{"id":1118,"href":"https:\/\/kommentatorenblog.de\/index.php?rest_route=\/wp\/v2\/posts\/1105\/revisions\/1118"}],"wp:attachment":[{"href":"https:\/\/kommentatorenblog.de\/index.php?rest_route=%2Fwp%2Fv2%2Fmedia&parent=1105"}],"wp:term":[{"taxonomy":"category","embeddable":true,"href":"https:\/\/kommentatorenblog.de\/index.php?rest_route=%2Fwp%2Fv2%2Fcategories&post=1105"},{"taxonomy":"post_tag","embeddable":true,"href":"https:\/\/kommentatorenblog.de\/index.php?rest_route=%2Fwp%2Fv2%2Ftags&post=1105"}],"curies":[{"name":"wp","href":"https:\/\/api.w.org\/{rel}","templated":true}]}}