{"id":11164,"date":"2021-11-22T19:02:13","date_gmt":"2021-11-22T17:02:13","guid":{"rendered":"http:\/\/kommentatorenblog.de\/?p=11164"},"modified":"2021-11-22T19:02:15","modified_gmt":"2021-11-22T17:02:15","slug":"1213-quarantaene-kimmich-und-koenigsklasse","status":"publish","type":"post","link":"https:\/\/kommentatorenblog.de\/?p=11164","title":{"rendered":"1213 \u2013 Quarant\u00e4ne-Kimmich und K\u00f6nigsklasse"},"content":{"rendered":"\n<p>N\u2019Abend allerseits,<\/p>\n\n\n\n<p>eigentlich hatte ich nicht mehr vor, den Fall Kimmich noch in einem Beitrag zu behandeln. Allerdings ist die Geschichte rund um seine Entscheidung, sich vorerst nicht impfen zu lassen, noch l\u00e4ngst nicht auserz\u00e4hlt. Am Freitagnachmittag wurde bekannt, dass Joshua Kimmich erneut in Quarant\u00e4ne muss, da er als Ungeimpfter Kontakt zu einer positiv auf Corona getesteten Person hatte. Er fehlte damit nicht nur bei der \u00fcberraschenden Pleite seiner Mannschaft gegen Augsburg, sondern wird auch beim Aufgalopp in Kiew in der Champions League (Dienstag, 18.45 Uhr, DAZN) nicht dabei sein.<\/p>\n\n\n\n<p>Zweifelsohne ist das f\u00fcr ihn selbst am \u00e4rgerlichsten. Denn Joshua Kimmich ist ein Spieler, der in einer vollen Saison ein unglaubliches Pensum abrufen kann und das auch will. Sein Status k\u00f6nnte ihn jedoch in naher Zukunft noch ein paar mal ausbremsen. Denn anders als geimpfte Mannschaftskollegen muss sich Kimmich in F\u00e4llen wie diesen in Quarant\u00e4ne begeben und darf sich erst fr\u00fchestens nach sieben Tagen aus der Isolation freitesten. Und wenn er nicht spielen kann, schadet das nat\u00fcrlich auch seinem Verein. Offensichtlich selbst dann, wenn es nur gegen den FC Augsburg geht. Deshalb will der Rekordmeister bei derartigen Ausf\u00e4llen nun kein Gehalt mehr an ungeimpfte Spieler zahlen. Es handelt sich um durchaus betr\u00e4chtliche Summen, die Kimmich und Konsorten dann durch die Lappen gehen.&nbsp;<\/p>\n\n\n\n<p><strong>Das Dilemma eines Superstars<\/strong><\/p>\n\n\n\n<p>Den wohl heftigsten Schaden tr\u00e4gt aber immer noch die Impfkampagne davon, da Kimmich &#8211; wenn auch unfreiwillig &#8211; Impfgegner und Schwurbler hinter sich vereint, die das Mittelfeld-Ass sogar als Helden feiern. Das ist gerade deshalb so gef\u00e4hrlich, weil er eine \u00f6ffentliche Person mit nationaler Bekanntheit ist. \u00dcber Instagram spricht er alleine 4,8 Millionen Nutzer an. Es handelt sich dort haupts\u00e4chlich um eine j\u00fcngere Nutzerschaft, die wom\u00f6glich genau jetzt die M\u00f6glichkeit h\u00e4tte, sich gegen Corona zu impfen, doch nat\u00fcrlich auch den Worten von Idolen enormes Gewicht beimisst. An dieser Stelle wird Kimmichs Dilemma als \u00f6ffentliche Person und Vorbild deutlich, in dem sich \u201eherk\u00f6mmliche\u201c Ungeimpfte nicht befinden. Das Spannungsfeld des Eingriffs in die pers\u00f6nliche Freiheit im Zuge einer Impfung und dem solidarischen Beitrag an die Allgemeinheit durch eine Impfung bekommt in seinem Fall eine ganz neue Dimension.<\/p>\n\n\n\n<p><strong>Druck wird wohl steigen<\/strong><\/p>\n\n\n\n<p>Ich glaube nicht, dass die Debatte um Kimmich sich bald beruhigen wird, sondern sch\u00e4tze, dass das Thema immer wieder aufflackert. Denn erstens steigen die Corona-Zahlen aktuell enorm. Wenn Kimmich also nicht seine Kontakte ma\u00dfgeblich zur\u00fcckf\u00e4hrt, kann es immer h\u00e4ufiger passieren, dass er sich als Corona-Kontaktperson entpuppt &#8211; und in Quarant\u00e4ne muss. Sollte Kimmich dann weitere Bayern-Spiele verpassen, wom\u00f6glich gegen Gegner wie Leipzig, Dortmund oder Manchester City, w\u00fcrde das nur noch mehr \u00d6l ins Feuer vereinsinterner Auseinandersetzungen gie\u00dfen. Rummenigge geht die Diskussion ja jetzt schon auf den Geist. Und Kimmich sieht sich Gehaltsk\u00fcrzungen ausgesetzt. Der zweite Grund, weshalb die Debatte nicht verflachen wird, ist die Forderung nach 2G bei Fu\u00dfballspielern, die in der geimpften Bev\u00f6lkerung immer lauter wird. Das kann ich dahingehend sehr gut nachvollziehen, als dass die Stadionbesucher sich ja zum Teil auch schon dieser Ma\u00dfnahme beugen m\u00fcssen.<\/p>\n\n\n\n<p><strong>Kimmich k\u00f6nnte Exempel statuieren<\/strong><\/p>\n\n\n\n<p>Zugute halten muss man Kimmich, aus seiner grundlegenden Skepsis heraus bislang keine endg\u00fcltige Entscheidung getroffen zu haben. Letztlich hoffe ich, dass er seine vorl\u00e4ufige Entscheidung zu einem sp\u00e4teren Zeitpunkt revidieren wird &#8211; insbesondere als St\u00fctze f\u00fcr die vielen Unentschlossenen da drau\u00dfen, f\u00fcr die er ein Exempel statuieren k\u00f6nnte. Anstatt Impfgegner hinter sich zu speisen und ihnen vermeintliche Legitimation zu verschaffen, k\u00f6nnte er diese zu einer Impfung motivieren. Aufgrund seiner anf\u00e4nglichen Skepsis k\u00f6nnte er das sogar deutlich besser als all jene, die schon von Beginn an keine Bedenken an dem Piks hatten. Es w\u00e4re also zwangsl\u00e4ufig eine Impfung mit Symbolkraft.<\/p>\n\n\n\n<p>Und damit nun zum Tagesgesch\u00e4ft. Ohne Kimmich, aber mit dem FC Bayern. Und mit Marco Hagemann\u2026<\/p>\n\n\n\n<hr class=\"wp-block-separator\"\/>\n\n\n\n<p class=\"has-normal-font-size\"><strong><em>Die Ansetzungen vom 23 . November bis zum 25. November 2021<\/em><\/strong><\/p>\n\n\n\n<p class=\"has-normal-font-size\"><strong>Champions League Gruppenphase, 05. Spieltag<\/strong><\/p>\n\n\n\n<p><span style=\"text-decoration: underline;\">Dienstag, 23. November 2021, ab 18.15 Uhr (DAZN)<\/span><\/p>\n\n\n\n<p><em><strong>Dynamo Kiew \u2013 FC Bayern M\u00fcnchen (18.45 Uhr)<\/strong><\/em><\/p>\n\n\n\n<p class=\"has-normal-font-size\"><img loading=\"lazy\" decoding=\"async\" width=\"10\" height=\"21\" class=\"wp-image-3656\" style=\"width: 10px;\" src=\"http:\/\/kommentatorenblog.de\/wp-content\/uploads\/2020\/09\/shure-55sh-ii-e1601485394796.jpg\" alt=\"\" srcset=\"https:\/\/kommentatorenblog.de\/wp-content\/uploads\/2020\/09\/shure-55sh-ii-e1601485394796.jpg 415w, https:\/\/kommentatorenblog.de\/wp-content\/uploads\/2020\/09\/shure-55sh-ii-e1601485394796-142x300.jpg 142w\" sizes=\"auto, (max-width: 10px) 100vw, 10px\" \/> Marco Hagemann, Experte: Sebastian Knei\u00dfl (Einzelspiel), Michael Born (Konferenz)<\/p>\n\n\n\n<p>Moderation: Tobi Wahnschaffe, Field-Reporter: Max Siebald<\/p>\n\n\n\n<p><span style=\"text-decoration: underline;\">ab 18.30 Uhr (DAZN)<\/span><\/p>\n\n\n\n<p><strong><em>FC Villarreal \u2013 Manchester United (18.45 Uhr)<\/em><\/strong><\/p>\n\n\n\n<p class=\"has-normal-font-size\"><img loading=\"lazy\" decoding=\"async\" width=\"10\" height=\"21\" class=\"wp-image-3656\" style=\"width: 10px;\" src=\"http:\/\/kommentatorenblog.de\/wp-content\/uploads\/2020\/09\/shure-55sh-ii-e1601485394796.jpg\" alt=\"\" srcset=\"https:\/\/kommentatorenblog.de\/wp-content\/uploads\/2020\/09\/shure-55sh-ii-e1601485394796.jpg 415w, https:\/\/kommentatorenblog.de\/wp-content\/uploads\/2020\/09\/shure-55sh-ii-e1601485394796-142x300.jpg 142w\" sizes=\"auto, (max-width: 10px) 100vw, 10px\" \/> Oliver Forster (Einzelspiel), Holger Pfandt (Konferenz)<\/p>\n\n\n\n<p class=\"has-normal-font-size\"><span style=\"text-decoration: underline;\">ab 19.30 Uhr <strong>(PrimeVideo &#8211; exklusives Einzelspiel)<\/strong><\/span><\/p>\n\n\n\n<p><strong><em>FC Sevilla \u2013 VfL Wolfsburg (21.00 Uhr)<\/em><\/strong><\/p>\n\n\n\n<p class=\"has-normal-font-size\"><img loading=\"lazy\" decoding=\"async\" width=\"10\" height=\"21\" class=\"wp-image-3656\" style=\"width: 10px;\" src=\"http:\/\/kommentatorenblog.de\/wp-content\/uploads\/2020\/09\/shure-55sh-ii-e1601485394796.jpg\" alt=\"\" srcset=\"https:\/\/kommentatorenblog.de\/wp-content\/uploads\/2020\/09\/shure-55sh-ii-e1601485394796.jpg 415w, https:\/\/kommentatorenblog.de\/wp-content\/uploads\/2020\/09\/shure-55sh-ii-e1601485394796-142x300.jpg 142w\" sizes=\"auto, (max-width: 10px) 100vw, 10px\" \/> Jonas Friedrich, Experte: Benedikt H\u00f6wedes<\/p>\n\n\n\n<p>Field-Reporter: Shary Reeves und Sebastian Benesch<\/p>\n\n\n\n<p>Moderation (Stadion): Sebastian Hellmann, Experten: Matthias Sammer, Mario Gomez und Tabea Kemme, Schiedsrichter-Experte: Wolfgang Stark<\/p>\n\n\n\n<p>Moderation (Studio): Annika Zimmermann, Experte: Steffen Baumgart und Patrick Owomoyela<\/p>\n\n\n\n<p><span style=\"text-decoration: underline;\">ab 20.45 Uhr (DAZN)<\/span> <\/p>\n\n\n\n<p><strong><em>FC Barcelona \u2013 Benfica Lissabon (21.00 Uhr)<\/em><\/strong><\/p>\n\n\n\n<p class=\"has-normal-font-size\"><img loading=\"lazy\" decoding=\"async\" width=\"10\" height=\"21\" class=\"wp-image-3656\" style=\"width: 10px;\" src=\"http:\/\/kommentatorenblog.de\/wp-content\/uploads\/2020\/09\/shure-55sh-ii-e1601485394796.jpg\" alt=\"\" srcset=\"https:\/\/kommentatorenblog.de\/wp-content\/uploads\/2020\/09\/shure-55sh-ii-e1601485394796.jpg 415w, https:\/\/kommentatorenblog.de\/wp-content\/uploads\/2020\/09\/shure-55sh-ii-e1601485394796-142x300.jpg 142w\" sizes=\"auto, (max-width: 10px) 100vw, 10px\" \/> Flo Hauser, Experte: Benny Lauth (Einzelspiel), Nico Seepe (Konferenz)<\/p>\n\n\n\n<p><strong><em>FC Chelsea \u2013 Juventus Turin (21.00 Uhr)<\/em><\/strong><\/p>\n\n\n\n<p class=\"has-normal-font-size\"><img loading=\"lazy\" decoding=\"async\" width=\"10\" height=\"21\" class=\"wp-image-3656\" style=\"width: 10px;\" src=\"http:\/\/kommentatorenblog.de\/wp-content\/uploads\/2020\/09\/shure-55sh-ii-e1601485394796.jpg\" alt=\"\" srcset=\"https:\/\/kommentatorenblog.de\/wp-content\/uploads\/2020\/09\/shure-55sh-ii-e1601485394796.jpg 415w, https:\/\/kommentatorenblog.de\/wp-content\/uploads\/2020\/09\/shure-55sh-ii-e1601485394796-142x300.jpg 142w\" sizes=\"auto, (max-width: 10px) 100vw, 10px\" \/> Uli Hebel (Einzelspiel), Experte: Ralph Gunesch, Lukas Sch\u00f6nm\u00fcller (Konferenz)<\/p>\n\n\n\n<p><strong><em>OSC Lille \u2013 FC Salzburg (21.00 Uhr)<\/em><\/strong><\/p>\n\n\n\n<p class=\"has-normal-font-size\"><img loading=\"lazy\" decoding=\"async\" width=\"10\" height=\"21\" class=\"wp-image-3656\" style=\"width: 10px;\" src=\"http:\/\/kommentatorenblog.de\/wp-content\/uploads\/2020\/09\/shure-55sh-ii-e1601485394796.jpg\" alt=\"\" srcset=\"https:\/\/kommentatorenblog.de\/wp-content\/uploads\/2020\/09\/shure-55sh-ii-e1601485394796.jpg 415w, https:\/\/kommentatorenblog.de\/wp-content\/uploads\/2020\/09\/shure-55sh-ii-e1601485394796-142x300.jpg 142w\" sizes=\"auto, (max-width: 10px) 100vw, 10px\" \/> Stefan Galler (Einzelspiel), Experte: Alexis Menuge, Max Gross (Konferenz)<\/p>\n\n\n\n<p><strong><em>Young Boys Bern \u2013 Atalanta Bergamo (21.00 Uhr)<\/em><\/strong><\/p>\n\n\n\n<p class=\"has-normal-font-size\"><img loading=\"lazy\" decoding=\"async\" width=\"10\" height=\"21\" class=\"wp-image-3656\" style=\"width: 10px;\" src=\"http:\/\/kommentatorenblog.de\/wp-content\/uploads\/2020\/09\/shure-55sh-ii-e1601485394796.jpg\" alt=\"\" srcset=\"https:\/\/kommentatorenblog.de\/wp-content\/uploads\/2020\/09\/shure-55sh-ii-e1601485394796.jpg 415w, https:\/\/kommentatorenblog.de\/wp-content\/uploads\/2020\/09\/shure-55sh-ii-e1601485394796-142x300.jpg 142w\" sizes=\"auto, (max-width: 10px) 100vw, 10px\" \/> Mario Rieker (Einzelspiel), Carsten Fu\u00df (Konferenz)<\/p>\n\n\n\n<p><strong><em>Malm\u00f6 FF \u2013 Zenit St. Petersburg (21.00 Uhr)<\/em><\/strong><\/p>\n\n\n\n<p class=\"has-normal-font-size\"><img loading=\"lazy\" decoding=\"async\" width=\"10\" height=\"21\" class=\"wp-image-3656\" style=\"width: 10px;\" src=\"http:\/\/kommentatorenblog.de\/wp-content\/uploads\/2020\/09\/shure-55sh-ii-e1601485394796.jpg\" alt=\"\" srcset=\"https:\/\/kommentatorenblog.de\/wp-content\/uploads\/2020\/09\/shure-55sh-ii-e1601485394796.jpg 415w, https:\/\/kommentatorenblog.de\/wp-content\/uploads\/2020\/09\/shure-55sh-ii-e1601485394796-142x300.jpg 142w\" sizes=\"auto, (max-width: 10px) 100vw, 10px\" \/> Benni Zander (Einzelspiel), Tom Kirsten (Konferenz)<\/p>\n\n\n\n<p>Moderation (DAZN): Jan L\u00fcdecke <\/p>\n\n\n\n<p><span style=\"text-decoration: underline;\">Mittwoch, 24. November 2021, ab 18.30 Uhr (DAZN)<\/span><\/p>\n\n\n\n<p><em><strong>Inter Mailand \u2013 Schakhtar Donetsk (18.45 Uhr)<\/strong><\/em><\/p>\n\n\n\n<p class=\"has-normal-font-size\"><img loading=\"lazy\" decoding=\"async\" width=\"10\" height=\"21\" class=\"wp-image-3656\" style=\"width: 10px;\" src=\"http:\/\/kommentatorenblog.de\/wp-content\/uploads\/2020\/09\/shure-55sh-ii-e1601485394796.jpg\" alt=\"\" srcset=\"https:\/\/kommentatorenblog.de\/wp-content\/uploads\/2020\/09\/shure-55sh-ii-e1601485394796.jpg 415w, https:\/\/kommentatorenblog.de\/wp-content\/uploads\/2020\/09\/shure-55sh-ii-e1601485394796-142x300.jpg 142w\" sizes=\"auto, (max-width: 10px) 100vw, 10px\" \/> Christoph Stadtler (Einzelspiel), Marcel Seufert (Konferenz)<\/p>\n\n\n\n<p><strong><em>Besiktas Istanbul \u2013 Ajax Amsterdam (18.45 Uhr)<\/em><\/strong><\/p>\n\n\n\n<p class=\"has-normal-font-size\"><img loading=\"lazy\" decoding=\"async\" width=\"10\" height=\"21\" class=\"wp-image-3656\" style=\"width: 10px;\" src=\"http:\/\/kommentatorenblog.de\/wp-content\/uploads\/2020\/09\/shure-55sh-ii-e1601485394796.jpg\" alt=\"\" srcset=\"https:\/\/kommentatorenblog.de\/wp-content\/uploads\/2020\/09\/shure-55sh-ii-e1601485394796.jpg 415w, https:\/\/kommentatorenblog.de\/wp-content\/uploads\/2020\/09\/shure-55sh-ii-e1601485394796-142x300.jpg 142w\" sizes=\"auto, (max-width: 10px) 100vw, 10px\" \/> Franz B\u00fcchner (Einzelspiel), Guido H\u00fcsgen (Konferenz)<\/p>\n\n\n\n<p><span style=\"text-decoration: underline;\">ab 20.30 Uhr (DAZN)<\/span> <\/p>\n\n\n\n<p><strong><em><em><strong>Sporting Lissabon \u2013 Borussia Dortmund<\/strong><\/em> (21.00 Uhr)<\/em><\/strong><\/p>\n\n\n\n<p class=\"has-normal-font-size\"><img loading=\"lazy\" decoding=\"async\" width=\"10\" height=\"21\" class=\"wp-image-3656\" style=\"width: 10px;\" src=\"http:\/\/kommentatorenblog.de\/wp-content\/uploads\/2020\/09\/shure-55sh-ii-e1601485394796.jpg\" alt=\"\" srcset=\"https:\/\/kommentatorenblog.de\/wp-content\/uploads\/2020\/09\/shure-55sh-ii-e1601485394796.jpg 415w, https:\/\/kommentatorenblog.de\/wp-content\/uploads\/2020\/09\/shure-55sh-ii-e1601485394796-142x300.jpg 142w\" sizes=\"auto, (max-width: 10px) 100vw, 10px\" \/> Jan Platte, Experte: Sandro Wagner (Einzelspiel aus dem Stadion), Michael Born (Konferenz)<\/p>\n\n\n\n<p>Moderation: Alex Schl\u00fcter, Field-Reporter: Daniel Herzog<\/p>\n\n\n\n<p><span style=\"text-decoration: underline;\">ab 20.45 Uhr (DAZN)<\/span><\/p>\n\n\n\n<p><strong><em><em><strong>FC Br\u00fcgge \u2013 RB Leipzig<\/strong><\/em> (21.00 Uhr)<\/em><\/strong><\/p>\n\n\n\n<p class=\"has-normal-font-size\"><img loading=\"lazy\" decoding=\"async\" width=\"10\" height=\"21\" class=\"wp-image-3656\" style=\"width: 10px;\" src=\"http:\/\/kommentatorenblog.de\/wp-content\/uploads\/2020\/09\/shure-55sh-ii-e1601485394796.jpg\" alt=\"\" srcset=\"https:\/\/kommentatorenblog.de\/wp-content\/uploads\/2020\/09\/shure-55sh-ii-e1601485394796.jpg 415w, https:\/\/kommentatorenblog.de\/wp-content\/uploads\/2020\/09\/shure-55sh-ii-e1601485394796-142x300.jpg 142w\" sizes=\"auto, (max-width: 10px) 100vw, 10px\" \/> Lukas Sch\u00f6nm\u00fcller, Experte: Jonas Hummels, Holger Pfandt (Konferenz), Field-Reporter: Andres Veredas Salazar<\/p>\n\n\n\n<p><strong><em><meta charset=\"utf-8\"><strong>Manchester City<\/strong> \u2013 Paris Saint-Germain (21.00 Uhr)<\/em><\/strong><\/p>\n\n\n\n<p class=\"has-normal-font-size\"><img loading=\"lazy\" decoding=\"async\" width=\"10\" height=\"21\" class=\"wp-image-3656\" style=\"width: 10px;\" src=\"http:\/\/kommentatorenblog.de\/wp-content\/uploads\/2020\/09\/shure-55sh-ii-e1601485394796.jpg\" alt=\"\" srcset=\"https:\/\/kommentatorenblog.de\/wp-content\/uploads\/2020\/09\/shure-55sh-ii-e1601485394796.jpg 415w, https:\/\/kommentatorenblog.de\/wp-content\/uploads\/2020\/09\/shure-55sh-ii-e1601485394796-142x300.jpg 142w\" sizes=\"auto, (max-width: 10px) 100vw, 10px\" \/> Uli Hebel, Experte: Sebastian Knei\u00dfl (Einzelspiel), Freddy Harder (Konferenz)<\/p>\n\n\n\n<p><strong>Atl\u00e9tico Madrid<em> \u2013 AC Mailand (21.00 Uhr)<\/em><\/strong><\/p>\n\n\n\n<p class=\"has-normal-font-size\"><img loading=\"lazy\" decoding=\"async\" width=\"10\" height=\"21\" class=\"wp-image-3656\" style=\"width: 10px;\" src=\"http:\/\/kommentatorenblog.de\/wp-content\/uploads\/2020\/09\/shure-55sh-ii-e1601485394796.jpg\" alt=\"\" srcset=\"https:\/\/kommentatorenblog.de\/wp-content\/uploads\/2020\/09\/shure-55sh-ii-e1601485394796.jpg 415w, https:\/\/kommentatorenblog.de\/wp-content\/uploads\/2020\/09\/shure-55sh-ii-e1601485394796-142x300.jpg 142w\" sizes=\"auto, (max-width: 10px) 100vw, 10px\" \/> Carsten Fu\u00df (Einzelspiel), Flo Hauser (Konferenz)<\/p>\n\n\n\n<p><strong><em>FC Liverpool \u2013 FC Porto (21.00 Uhr)<\/em><\/strong><\/p>\n\n\n\n<p class=\"has-normal-font-size\"><img loading=\"lazy\" decoding=\"async\" width=\"10\" height=\"21\" class=\"wp-image-3656\" style=\"width: 10px;\" src=\"http:\/\/kommentatorenblog.de\/wp-content\/uploads\/2020\/09\/shure-55sh-ii-e1601485394796.jpg\" alt=\"\" srcset=\"https:\/\/kommentatorenblog.de\/wp-content\/uploads\/2020\/09\/shure-55sh-ii-e1601485394796.jpg 415w, https:\/\/kommentatorenblog.de\/wp-content\/uploads\/2020\/09\/shure-55sh-ii-e1601485394796-142x300.jpg 142w\" sizes=\"auto, (max-width: 10px) 100vw, 10px\" \/> Benni Zander (Einzelspiel), Jogi Hebel (Konferenz)<\/p>\n\n\n\n<p><strong><em>Sheriff Tiraspol \u2013 Real Madrid (21.00 Uhr)<\/em><\/strong><\/p>\n\n\n\n<p class=\"has-normal-font-size\"><img loading=\"lazy\" decoding=\"async\" width=\"10\" height=\"21\" class=\"wp-image-3656\" style=\"width: 10px;\" src=\"http:\/\/kommentatorenblog.de\/wp-content\/uploads\/2020\/09\/shure-55sh-ii-e1601485394796.jpg\" alt=\"\" srcset=\"https:\/\/kommentatorenblog.de\/wp-content\/uploads\/2020\/09\/shure-55sh-ii-e1601485394796.jpg 415w, https:\/\/kommentatorenblog.de\/wp-content\/uploads\/2020\/09\/shure-55sh-ii-e1601485394796-142x300.jpg 142w\" sizes=\"auto, (max-width: 10px) 100vw, 10px\" \/> Matthias Naebers (Einzelspiel), Uwe Morawe (Konferenz)<\/p>\n\n\n\n<p>Moderation: Tobi Wahnschaffe<\/p>\n\n\n\n<hr class=\"wp-block-separator\"\/>\n\n\n\n<p><strong>Europa League\/Europa Conference League Gruppenphase, 05. Spieltag (RTL)<\/strong><\/p>\n\n\n\n<p><span style=\"text-decoration: underline;\">Donnerstag, 25. November 2021, ab 17.30 Uhr (RTL+)<\/span><\/p>\n\n\n\n<p><strong><em>Die Konferenz <\/em><\/strong><img loading=\"lazy\" decoding=\"async\" width=\"10\" height=\"21\" class=\"wp-image-3656\" style=\"width: 10px;\" src=\"http:\/\/kommentatorenblog.de\/wp-content\/uploads\/2020\/09\/shure-55sh-ii-e1601485394796.jpg\" alt=\"\" srcset=\"https:\/\/kommentatorenblog.de\/wp-content\/uploads\/2020\/09\/shure-55sh-ii-e1601485394796.jpg 415w, https:\/\/kommentatorenblog.de\/wp-content\/uploads\/2020\/09\/shure-55sh-ii-e1601485394796-142x300.jpg 142w\" sizes=\"auto, (max-width: 10px) 100vw, 10px\" \/> Stefan Fuckert<\/p>\n\n\n\n<p>Moderation (aus der alten F\u00f6rsterei): Anna Kraft, Arnd Zeigler, Robby Hunke und Lukas Podolski<\/p>\n\n\n\n<p><span style=\"text-decoration: underline;\">ab 20.15 Uhr (RTL)<\/span><\/p>\n\n\n\n<p><strong><em><strong><em>Eintracht Frankfurt<\/em><\/strong> \u2013  <strong><em>FC Royal Antwerpen<\/em><\/strong> (21.00 Uhr)<\/em><\/strong><\/p>\n\n\n\n<p class=\"has-normal-font-size\">RTL: <img loading=\"lazy\" decoding=\"async\" width=\"10\" height=\"21\" class=\"wp-image-3656\" style=\"width: 10px;\" src=\"http:\/\/kommentatorenblog.de\/wp-content\/uploads\/2020\/09\/shure-55sh-ii-e1601485394796.jpg\" alt=\"\" srcset=\"https:\/\/kommentatorenblog.de\/wp-content\/uploads\/2020\/09\/shure-55sh-ii-e1601485394796.jpg 415w, https:\/\/kommentatorenblog.de\/wp-content\/uploads\/2020\/09\/shure-55sh-ii-e1601485394796-142x300.jpg 142w\" sizes=\"auto, (max-width: 10px) 100vw, 10px\" \/> Marco Hagemann, Experte: Steffen Freund, Field-Reporter: Felix G\u00f6rner<\/p>\n\n\n\n<p><meta charset=\"utf-8\">RTL+: <img loading=\"lazy\" decoding=\"async\" width=\"10\" height=\"21\" class=\"wp-image-3656\" style=\"width: 10px;\" src=\"http:\/\/kommentatorenblog.de\/wp-content\/uploads\/2020\/09\/shure-55sh-ii-e1601485394796.jpg\" alt=\"\" srcset=\"https:\/\/kommentatorenblog.de\/wp-content\/uploads\/2020\/09\/shure-55sh-ii-e1601485394796.jpg 415w, https:\/\/kommentatorenblog.de\/wp-content\/uploads\/2020\/09\/shure-55sh-ii-e1601485394796-142x300.jpg 142w\" sizes=\"auto, (max-width: 10px) 100vw, 10px\" \/> Christoph Stadtler<\/p>\n\n\n\n<p>Moderation (RTL): Laura Papendick, Experte: Karl-Heinz Riedle<\/p>\n\n\n\n<p><span style=\"text-decoration: underline;\">ab 18.30 Uhr (RTL+)<\/span><\/p>\n\n\n\n<p><strong><em>Bayer Leverkusen \u2013 Celtic Glasgow (18.45 Uhr)<\/em><\/strong><\/p>\n\n\n\n<p class=\"has-normal-font-size\"><img loading=\"lazy\" decoding=\"async\" width=\"10\" height=\"21\" class=\"wp-image-3656\" style=\"width: 10px;\" src=\"http:\/\/kommentatorenblog.de\/wp-content\/uploads\/2020\/09\/shure-55sh-ii-e1601485394796.jpg\" alt=\"\" srcset=\"https:\/\/kommentatorenblog.de\/wp-content\/uploads\/2020\/09\/shure-55sh-ii-e1601485394796.jpg 415w, https:\/\/kommentatorenblog.de\/wp-content\/uploads\/2020\/09\/shure-55sh-ii-e1601485394796-142x300.jpg 142w\" sizes=\"auto, (max-width: 10px) 100vw, 10px\" \/> Klaus Veltman, Field-Reporter: Thomas Wagner<\/p>\n\n\n\n<p><strong><em>Maccabi Haifa FC \u2013 1. FC Union Berlin (18.45 Uhr)<\/em><\/strong><\/p>\n\n\n\n<p class=\"has-normal-font-size\"><img loading=\"lazy\" decoding=\"async\" width=\"10\" height=\"21\" class=\"wp-image-3656\" style=\"width: 10px;\" src=\"http:\/\/kommentatorenblog.de\/wp-content\/uploads\/2020\/09\/shure-55sh-ii-e1601485394796.jpg\" alt=\"\" srcset=\"https:\/\/kommentatorenblog.de\/wp-content\/uploads\/2020\/09\/shure-55sh-ii-e1601485394796.jpg 415w, https:\/\/kommentatorenblog.de\/wp-content\/uploads\/2020\/09\/shure-55sh-ii-e1601485394796-142x300.jpg 142w\" sizes=\"auto, (max-width: 10px) 100vw, 10px\" \/> Cornelius K\u00fcpper, Field-Reporter: Jonas Gerdes<\/p>\n\n\n\n<p><strong><em>Galatasaray Istanbul <meta charset=\"utf-8\">\u2013 Olympique Marseille&nbsp;(18.45 Uhr)<\/em><\/strong><\/p>\n\n\n\n<p><meta charset=\"utf-8\"><img loading=\"lazy\" decoding=\"async\" width=\"10\" height=\"21\" class=\"wp-image-3656\" style=\"width: 10px;\" src=\"http:\/\/kommentatorenblog.de\/wp-content\/uploads\/2020\/09\/shure-55sh-ii-e1601485394796.jpg\" alt=\"\" srcset=\"https:\/\/kommentatorenblog.de\/wp-content\/uploads\/2020\/09\/shure-55sh-ii-e1601485394796.jpg 415w, https:\/\/kommentatorenblog.de\/wp-content\/uploads\/2020\/09\/shure-55sh-ii-e1601485394796-142x300.jpg 142w\" sizes=\"auto, (max-width: 10px) 100vw, 10px\" \/> Christian Strassburger<\/p>\n\n\n\n<p><strong><em>Rapid Wien \u2013 West Ham United (18.45 Uhr)<\/em><\/strong><\/p>\n\n\n\n<p><meta charset=\"utf-8\"><img loading=\"lazy\" decoding=\"async\" width=\"10\" height=\"21\" class=\"wp-image-3656\" style=\"width: 10px;\" src=\"http:\/\/kommentatorenblog.de\/wp-content\/uploads\/2020\/09\/shure-55sh-ii-e1601485394796.jpg\" alt=\"\" srcset=\"https:\/\/kommentatorenblog.de\/wp-content\/uploads\/2020\/09\/shure-55sh-ii-e1601485394796.jpg 415w, https:\/\/kommentatorenblog.de\/wp-content\/uploads\/2020\/09\/shure-55sh-ii-e1601485394796-142x300.jpg 142w\" sizes=\"auto, (max-width: 10px) 100vw, 10px\" \/> <meta charset=\"utf-8\">Julian Engelhard<\/p>\n\n\n\n<p> <span style=\"text-decoration: underline;\">ab 20.40 Uhr (RTL+<\/span>)<\/p>\n\n\n\n<p><strong><em>Olympiakos Pir\u00e4us \u2013 Fenerbah\u00e7e Istanbul (21.00 Uhr)<\/em><\/strong><\/p>\n\n\n\n<p><meta charset=\"utf-8\"><img loading=\"lazy\" decoding=\"async\" width=\"10\" height=\"21\" class=\"wp-image-3656\" style=\"width: 10px;\" src=\"http:\/\/kommentatorenblog.de\/wp-content\/uploads\/2020\/09\/shure-55sh-ii-e1601485394796.jpg\" alt=\"\" srcset=\"https:\/\/kommentatorenblog.de\/wp-content\/uploads\/2020\/09\/shure-55sh-ii-e1601485394796.jpg 415w, https:\/\/kommentatorenblog.de\/wp-content\/uploads\/2020\/09\/shure-55sh-ii-e1601485394796-142x300.jpg 142w\" sizes=\"auto, (max-width: 10px) 100vw, 10px\" \/> <meta charset=\"utf-8\">Michael Born<\/p>\n\n\n\n<p><strong><em>Glasgow Rangers \u2013 Sparta Prag (21.00 Uhr)<\/em><\/strong><\/p>\n\n\n\n<p><meta charset=\"utf-8\"><meta charset=\"utf-8\"><img loading=\"lazy\" decoding=\"async\" width=\"10\" height=\"21\" class=\"wp-image-3656\" style=\"width: 10px;\" src=\"http:\/\/kommentatorenblog.de\/wp-content\/uploads\/2020\/09\/shure-55sh-ii-e1601485394796.jpg\" alt=\"\" srcset=\"https:\/\/kommentatorenblog.de\/wp-content\/uploads\/2020\/09\/shure-55sh-ii-e1601485394796.jpg 415w, https:\/\/kommentatorenblog.de\/wp-content\/uploads\/2020\/09\/shure-55sh-ii-e1601485394796-142x300.jpg 142w\" sizes=\"auto, (max-width: 10px) 100vw, 10px\" \/> Christina Graf<\/p>\n\n\n\n<p><strong><em>Leicester<\/em><\/strong> <strong><em>City \u2013 Legia Warschau (21.00 Uhr)<\/em><\/strong><\/p>\n\n\n\n<p><meta charset=\"utf-8\"><meta charset=\"utf-8\"><img loading=\"lazy\" decoding=\"async\" width=\"10\" height=\"21\" class=\"wp-image-3656\" style=\"width: 10px;\" src=\"http:\/\/kommentatorenblog.de\/wp-content\/uploads\/2020\/09\/shure-55sh-ii-e1601485394796.jpg\" alt=\"\" srcset=\"https:\/\/kommentatorenblog.de\/wp-content\/uploads\/2020\/09\/shure-55sh-ii-e1601485394796.jpg 415w, https:\/\/kommentatorenblog.de\/wp-content\/uploads\/2020\/09\/shure-55sh-ii-e1601485394796-142x300.jpg 142w\" sizes=\"auto, (max-width: 10px) 100vw, 10px\" \/> Heiko Wasser<\/p>\n\n\n\n<hr class=\"wp-block-separator\"\/>\n\n\n\n<p><strong>Internationaler Fu\u00dfball (Sportdigital.FUSSBALL)<\/strong><\/p>\n\n\n\n<p><span style=\"text-decoration: underline;\">Mittwoch, 24. November 2021<\/span><\/p>\n\n\n\n<p><meta charset=\"utf-8\">Campeonato Brasileiro, 35. Spieltag: <strong><em>Palmeiras <meta charset=\"utf-8\">\u2013 Atletico Mineiro (01.30 Uhr)<\/em><\/strong><\/p>\n\n\n\n<p><meta charset=\"utf-8\"><img loading=\"lazy\" decoding=\"async\" width=\"10\" height=\"21\" class=\"wp-image-3656\" style=\"width: 10px;\" src=\"http:\/\/kommentatorenblog.de\/wp-content\/uploads\/2020\/09\/shure-55sh-ii-e1601485394796.jpg\" alt=\"\" srcset=\"https:\/\/kommentatorenblog.de\/wp-content\/uploads\/2020\/09\/shure-55sh-ii-e1601485394796.jpg 415w, https:\/\/kommentatorenblog.de\/wp-content\/uploads\/2020\/09\/shure-55sh-ii-e1601485394796-142x300.jpg 142w\" sizes=\"auto, (max-width: 10px) 100vw, 10px\" \/> Christian Blunck<\/p>\n\n\n\n<p><span style=\"text-decoration: underline;\">Donnerstag, 25. November 2021<\/span><\/p>\n\n\n\n<p><meta charset=\"utf-8\">MLS, Playoffs, Viertelfinale: <strong><em>Colorado Rapids <meta charset=\"utf-8\">\u2013 Portland Timbers (<meta charset=\"utf-8\">22.40 Uhr)<\/em><\/strong><\/p>\n\n\n\n<p><meta charset=\"utf-8\"><img loading=\"lazy\" decoding=\"async\" width=\"10\" height=\"21\" class=\"wp-image-3656\" style=\"width: 10px;\" src=\"http:\/\/kommentatorenblog.de\/wp-content\/uploads\/2020\/09\/shure-55sh-ii-e1601485394796.jpg\" alt=\"\" srcset=\"https:\/\/kommentatorenblog.de\/wp-content\/uploads\/2020\/09\/shure-55sh-ii-e1601485394796.jpg 415w, https:\/\/kommentatorenblog.de\/wp-content\/uploads\/2020\/09\/shure-55sh-ii-e1601485394796-142x300.jpg 142w\" sizes=\"auto, (max-width: 10px) 100vw, 10px\" \/> Karsten Linke<\/p>\n\n\n\n<hr class=\"wp-block-separator\"\/>\n\n\n\n<p><strong>Die Analyse<\/strong><\/p>\n\n\n\n<p>Der vorletzte Spieltag der CL-Gruppenphase steht vor der T\u00fcr. Manche Entscheidungen sind bereits gefallen. Zum Beispiel hat der FC Bayern M\u00fcnchen das Ticket f\u00fcr die n\u00e4chste Runde schon sicher. Die erste Zugabe gibt es nun in Kiew. Ich hatte es angesprochen, Marco Hagemann darf kommentieren. Damit hat er nun alle deutschen Teams in der K\u00f6nigsklasse abgefr\u00fchst\u00fcckt, nachdem er beim VfL Wolfsburg ja am 1. Spieltag schon in der Konferenz ran durfte. Apropos Konferenz. Dort h\u00f6ren wir am fr\u00fchen Dienstagabend Michael Born. Parallel l\u00e4uft lediglich Villarreal gegen Man United. Eine Sache f\u00fcr die Herren Forster (Einzelspiel) und Pfandt (Konferenz).<\/p>\n\n\n\n<p><strong>VfL erstmals bei Prime Video<\/strong><\/p>\n\n\n\n<p>Die Ehre des exklusiven Einzelspiels wird erstmals den W\u00f6lfen zu Teil, f\u00fcr die die Partie gegen Sevilla immens wichtig sein wird. Prime Video ist wie gewohnt mit der ganzen Mannschaft im Stadion. Aus dem Estadio Ram\u00f3 S\u00e1nchez Pizju\u00e1n melden sich unter anderem Jonas Friedrich und Benni H\u00f6wedes sowie das Stamm-Quartett um Sebastian Hellmann, Matthias Sammer, Mario Gomez und Tabea Kemme. Auf Stimmenfang geht Shary Reeves. Studiogast ist neben Patrick Owomoyela Effzeh-Coach Steffen Baumgart.<\/p>\n\n\n\n<p><strong>Spitzenfu\u00dfball garantiert<\/strong><\/p>\n\n\n\n<p>F\u00fcnf weitere Partien ohne deutsche Beteiligung schm\u00fccken den Dienstagabend. Barca gegen Benfica verspricht Spannung auf hohem Niveau, wie Flo Hauser und Benny Lauth wissen. Chelsea gegen Juve garantiert Spitzenfu\u00dfball, wovon Uli Hebel und Ralph Gunesch ein Lied singen k\u00f6nnen. Interessant d\u00fcrfte aus deutscher Sicht vor allem das Duell zwischen Lille und Salzburg werden, da es sich in der engen Wolfsburg-Gruppe abspielt. Die Frankreich-Experten Stefan Galler und Alexis Menuge analysieren das Geschehen. \u00d6sterreich-Fachmann Max Gross hat das Spiel auch auf dem Schirm und berichtet aus der Konferenz.<\/p>\n\n\n\n<p><strong>Jan Platte zur\u00fcck im DAZN-Aufgebot<\/strong><\/p>\n\n\n\n<p>Am Mittwoch meldet sich DAZN dann live aus dem Stadion. Borussia Dortmund gastiert bei Sporting Lissabon. Jan Platte kommentiert den hei\u00dfen Tanz um Platz zwei in der Gruppe. Am letzten Spieltag hatte er noch gefehlt. Und \u00fcberhaupt \u00fcbernimmt er den BVB zum ersten Mal in dieser CL-Saison. Anders sieht es bei Sandro Wagner aus, der sich schon die Heimpleite gegen Amsterdam vor Ort angeschaut hatte. Michael Born h\u00f6ren wir beim BVB-Duell \u00fcbrigens im Konferenz-Kanal.<\/p>\n\n\n\n<p><strong>Sch\u00f6nm\u00fcller verarztet Leipzig<\/strong><\/p>\n\n\n\n<p>Zeitgleich spielt auch RB Leipzig, das sich trotz zwei Toren pro Spiel abgeschlagen auf dem letzten Platz der Gruppe A befindet. Es ist aber auch zugegebenerma\u00dfen die Hammer-Gruppe. Mit Br\u00fcgge haben die Roten Bullen in jedem Fall noch eine Rechnung offen, nachdem das Hinspiel \u00e4rgerlich mit 1:2 zuende ging. Lukas Sch\u00f6nm\u00fcller hat das Geschehen aus der Box im Blick, er wird von Jonas Hummels unterst\u00fctzt. Wer die Konferenz w\u00e4hlt, entscheidet sich f\u00fcr die Stimme von Holger Pfandt.<\/p>\n\n\n\n<p><strong>Vorfreude auf Topspiel und den Underdog<\/strong><\/p>\n\n\n\n<p>Parallel kommt es zum Aufeinandertreffen von Manchester City und Paris Saint-Germain, das ganz problemlos auch als CL-Finale durchgehen k\u00f6nnte. Uli Hebel freut sich auf den Kracher, Sebastian Knei\u00dfl tut das mit ihm. Und auch Freddy Harder bekommt als Konferenz-Kommentator etwas vom Kuchen ab. Gespannt bin ich auch, ob Sheriff Tiraspol gegen Real Madrid &#8211; diesmal im eigenen Stadion &#8211; noch einmal einen Punktgewinn schafft. Da ich die Konferenz bem\u00fchen werde, lausche ich bei Torschreien Uwe Morawe. Eingefleischte Fans von den K\u00f6niglichen oder den Wespen (Sheriff Tiraspol) h\u00f6ren Matthias Naebers.<\/p>\n\n\n\n<p><strong>Eintracht Frankfurt im Free TV<\/strong><\/p>\n\n\n\n<p>In der Europa League bleiben gr\u00f6\u00dfere \u00dcberraschungen aus. Eintracht Frankfurt wird zum zweiten Mal im Free TV bei RTL \u00fcbertragen. Marco Hagemann und Steffen Freund kommentieren erwartungsgem\u00e4\u00df aus dem Deutsche Bank Park. Das Heimspiel der Eintracht ist zugleich die einzige Partie, die RTL von vor Ort sendet.&nbsp;Christoph Stadtler ist wie schon zuletzt mit an Bord und kommentiert f\u00fcr RTL+ (ehemals TVNOW).<\/p>\n\n\n\n<p><strong>Deutsche Spiele aus dem Space<\/strong><\/p>\n\n\n\n<p>Bayer Leverkusen gegen Celtic, begleitet von Klaus Veltman, kommt aus dem RTL-Space. Gleiches gilt f\u00fcr den Aufgalopp der Eisernen bei Maccabi Haifa. Darum k\u00fcmmert sich Cornelius K\u00fcpper. Zuletzt hatte dieser gleich dreimal in der Folge Frankfurt an der Backe. Stefan Fuckert leitet in gewohnter Manier durch die Konferenz.<\/p>\n\n\n\n<p>Wie gewohnt l\u00e4uft die Kugel auch bei Sportdigital.FUSSBALL.<\/p>\n\n\n\n<p>Das war\u2019s von meiner Seite. Habt eine sch\u00f6ne Woche und genie\u00dft den erwartungsgem\u00e4\u00df guten Fu\u00dfball!<\/p>\n","protected":false},"excerpt":{"rendered":"<p>N\u2019Abend allerseits, eigentlich hatte ich nicht mehr vor, den Fall Kimmich noch in einem Beitrag zu behandeln. Allerdings ist die Geschichte rund um seine Entscheidung, sich vorerst nicht impfen zu lassen, noch l\u00e4ngst nicht auserz\u00e4hlt. Am Freitagnachmittag wurde bekannt, dass Joshua Kimmich erneut in Quarant\u00e4ne muss, da er als Ungeimpfter Kontakt zu einer positiv auf [&hellip;]<\/p>\n","protected":false},"author":2,"featured_media":0,"comment_status":"open","ping_status":"open","sticky":false,"template":"","format":"standard","meta":{"footnotes":""},"categories":[425],"tags":[153,337,166,160,171,529,614,13,42,132,295,90,48,69,169,53,205,43,521,223,608,283,114,183,588,290,108,138,656,350,98,222,607,134,394,154,624,151,639,105,149],"class_list":["post-11164","post","type-post","status-publish","format-standard","hentry","category-champions-league-und-co","tag-alexis-menuge","tag-benedikt-hoewedes","tag-benny-lauth","tag-champions-league","tag-christoph-stadtler","tag-conference-league","tag-cornelius-kuepper","tag-dazn","tag-europa-league","tag-flo-hauser","tag-freddy-harder","tag-holger-pfandt","tag-jan-platte","tag-jonas-friedrich","tag-jonas-hummels","tag-klaus-veltmann","tag-lukas-schoenmueller","tag-marco-hagemann","tag-mario-gomez","tag-matthias-naebers","tag-matthias-sammer","tag-max-gross","tag-michael-born","tag-oliver-forster","tag-patrick-owomoyela","tag-primevideo","tag-ralph-gunesch","tag-rtl","tag-rtl-2","tag-sandro-wagner","tag-sebastian-hellmann","tag-sebastian-kneissl","tag-shary-reeves","tag-sportdigital-fussball","tag-stefan-fuckert","tag-stefan-galler","tag-steffen-baumgart","tag-steffen-freund","tag-tabea-kemme","tag-uli-hebel","tag-uwe-morawe"],"_links":{"self":[{"href":"https:\/\/kommentatorenblog.de\/index.php?rest_route=\/wp\/v2\/posts\/11164","targetHints":{"allow":["GET"]}}],"collection":[{"href":"https:\/\/kommentatorenblog.de\/index.php?rest_route=\/wp\/v2\/posts"}],"about":[{"href":"https:\/\/kommentatorenblog.de\/index.php?rest_route=\/wp\/v2\/types\/post"}],"author":[{"embeddable":true,"href":"https:\/\/kommentatorenblog.de\/index.php?rest_route=\/wp\/v2\/users\/2"}],"replies":[{"embeddable":true,"href":"https:\/\/kommentatorenblog.de\/index.php?rest_route=%2Fwp%2Fv2%2Fcomments&post=11164"}],"version-history":[{"count":11,"href":"https:\/\/kommentatorenblog.de\/index.php?rest_route=\/wp\/v2\/posts\/11164\/revisions"}],"predecessor-version":[{"id":11221,"href":"https:\/\/kommentatorenblog.de\/index.php?rest_route=\/wp\/v2\/posts\/11164\/revisions\/11221"}],"wp:attachment":[{"href":"https:\/\/kommentatorenblog.de\/index.php?rest_route=%2Fwp%2Fv2%2Fmedia&parent=11164"}],"wp:term":[{"taxonomy":"category","embeddable":true,"href":"https:\/\/kommentatorenblog.de\/index.php?rest_route=%2Fwp%2Fv2%2Fcategories&post=11164"},{"taxonomy":"post_tag","embeddable":true,"href":"https:\/\/kommentatorenblog.de\/index.php?rest_route=%2Fwp%2Fv2%2Ftags&post=11164"}],"curies":[{"name":"wp","href":"https:\/\/api.w.org\/{rel}","templated":true}]}}